{"id":82110,"date":"2020-09-02T16:05:55","date_gmt":"2020-09-02T19:05:55","guid":{"rendered":"https:\/\/www.suno.com.br\/noticias\/?p=82110"},"modified":"2021-02-17T22:18:03","modified_gmt":"2021-02-18T01:18:03","slug":"cambio-banco-central-intervir-pesadamente-campos-neto","status":"publish","type":"post","link":"https:\/\/www.suno.com.br\/noticias\/cambio-banco-central-intervir-pesadamente-campos-neto\/","title":{"rendered":"C\u00e2mbio: Banco Central poder\u00e1 intervir pesadamente, afirma Campos Neto"},"content":{"rendered":"<p>O presidente do <a href=\"https:\/\/www.suno.com.br\/artigos\/bacen\/\">Banco Central (BC)<\/a>, <a href=\"https:\/\/www.suno.com.br\/noticias\/roberto-campos-neto-presidente-bc\/\">Roberto Campos Neto<\/a>, afirmou que a autoridade monet\u00e1ria poder\u00e1 intervir \u201cpesadamente\u201d no <strong>c\u00e2mbio<\/strong>, caso julgue necess\u00e1rio. Por outro lado, segundo o executivo, o BC n\u00e3o trabalha com n\u00edvel de pre\u00e7o para o c\u00e2mbio. A fala foi dita nesta quarta-feira (2) em um evento online realizado pela &#8220;Bloomberg&#8221;.<\/p>\t<div class=\"wrapper-featured-image\">\n\t\t<figure class=\"spotlightImg\">\n\n\t\t\t<picture>\n\t\t\t\t<source media=\"(max-width: 768px)\" srcset=\"https:\/\/files.sunoresearch.com.br\/n\/uploads\/2020\/08\/b3fe2447-roberto-campos-neto-400x400-1-400x200.webp\">\n\t\t\t\t<img loading=\"lazy\" decoding=\"async\" class=\"newsContent__article__imgCapa lazyloadDisabled \" src=\"https:\/\/files.sunoresearch.com.br\/n\/uploads\/2020\/08\/b3fe2447-roberto-campos-neto-400x400-1-jpg.webp\" width=\"800\" height=\"450\" alt=\"C\u00e2mbio: Banco Central poder\u00e1 intervir pesadamente, afirma Campos Neto\" fetchpriority=high \/>\n\t\t\t<\/picture>\n\n\t\t\t<figcaption class=\"wp-caption-text wp-caption-text--show\">Presidente do BC estima queda de 4,5% no PIB em 2020<\/figcaption>\n\t\t<\/figure>\n\t<\/div>\n\n\n<div class=\"hubspot-form-wrapper\">\n\t<div id=\"single-form-target\"><\/div>\n<\/div>\n\n<p>Campos Neto destacou que, em um certo momento, quando a moeda norte-americana estava chegando no patamar de R$ 6, o BC avaliou que o c\u00e2mbio estava descolado. A autoridade monet\u00e1ria estava pronta para realizar uma interven\u00e7\u00e3o mais acentuada e chegou a se preparar para isso, por\u00e9m o d\u00f3lar come\u00e7ou a se estabilizar novamente e voltou para um patamar pr\u00f3ximo aos R$ 5. O presidente do BC reiterou que, caso estes problemas de &#8220;disfuncionalidade&#8221;, identificados no passado, aconte\u00e7am novamente, a autoridade monet\u00e1ria poder\u00e1 agir \u201cpesadamente\u201d.<\/p>\n<p>Em rela\u00e7\u00e3o a volatilidade cambial, Campos Neto repetiu uma fala que j\u00e1 foi dita outras vezes de que o BC n\u00e3o possui instrumento v\u00e1lido para lutar contra isto. Al\u00e9m disso, o presidente do BC afirmou que a autarquia continua estudando os fatores que est\u00e3o provocando a volatilidade do c\u00e2mbio, falando sobre a realiza\u00e7\u00e3o de mais contratos pequenos e o uso do real como hedge.<\/p>\n<p><a href=\"https:\/\/lp.suno.com.br\/suno-one\/\">Suno One: acesse gratuitamente eBooks, Minicursos, Artigos e Video Aulas sobre investimentos com um \u00fanico cadastro. Clique para saber mais!<\/a><\/p>\n<p>Campos Neto disse que o c\u00e2mbio \u00e9 flutuante, e mesmo que o BC atue para diminuir a alta de uma moeda, ele n\u00e3o far\u00e1 nada para manter a moeda em um determinado patamar. O presidente do BC disse que a volatilidade do c\u00e2mbio \u201cest\u00e1 um pouco mais alta do que deveria estar\u201d.<\/p>\n\t<div data-element=\"shortcode-read-more\" class=\"knowMore\">\n\t\t\t\t<span class=\"knowMore__title\">Veja tamb\u00e9m<\/span>\n\t\t\t\t<a class=\"knowMore__link\" href=\"https:\/\/www.suno.com.br\/noticias\/campos-neto-desequilibrio-fiscal-situacao-antiga-volta\/\">\n\t\t\tCampos Neto: desequil\u00edbrio fiscal pode trazer &quot;situa\u00e7\u00e3o antiga&quot; de volta\t\t<\/a>\n\t<\/div>\n\n\n<p>Por fim, Campos Neto afirmou que a volatilidade do <strong>c\u00e2mbio<\/strong> tamb\u00e9m deve diminuir com a aprova\u00e7\u00e3o das reformas que est\u00e3o em tramita\u00e7\u00e3o no governo.<\/p>\n\t<p>\n\t\t<a href=\"https:\/\/lp.suno.com.br\/planilha-de-controle-de-investimentos\/\" target=\"_blank\" data-element=\"shortcode-suno-banner\" title=\"Banner SUNO, clique e saiba mais\">\n\t\t\t<picture>\n\t\t\t\t<source media=\"(max-width: 500px)\" srcset=\"https:\/\/files.sunoresearch.com.br\/n\/uploads\/2023\/03\/400x300-Controle-de-Investimentos.png\">\n\t\t\t\t<img class=\"newsContent__article__imgCapa newsContent__article__imgCapa--banner\"\n\t\t\t\t\tsrc=\"https:\/\/files.sunoresearch.com.br\/n\/uploads\/2023\/03\/1420x240-Controle-de-Investimentos.png\"\n\t\t\t\t\tdata-promo-id=\"75934\"\t\t\t\t\t\t\t\t\t\twidth='1420' height='240'\t\t\t\t\talt=\"https:\/\/files.sunoresearch.com.br\/n\/uploads\/2023\/03\/1420x240-Controle-de-Investimentos.png\"\n\t\t\t\t>\n\t\t\t<\/picture>\n\t\t<\/a>\n\t<\/p>\n\n\n","protected":false},"excerpt":{"rendered":"<p>O presidente do Banco Central (BC), Roberto Campos Neto, afirmou que a autoridade monet\u00e1ria poder\u00e1 intervir \u201cpesadamente\u201d no c\u00e2mbio, caso julgue necess\u00e1rio. Por outro lado, segundo o executivo, o BC n\u00e3o trabalha com n\u00edvel de pre\u00e7o para o c\u00e2mbio. A fala foi dita nesta quarta-feira (2) em um evento online realizado pela &#8220;Bloomberg&#8221;. Presidente do [&hellip;]<\/p>\n","protected":false},"author":19,"featured_media":78922,"comment_status":"closed","ping_status":"closed","sticky":false,"template":"","format":"standard","meta":[],"categories":[62],"tags":[1842,1113],"suno_strategy":[],"class_list":["post-82110","post","type-post","status-publish","format-standard","has-post-thumbnail","hentry","category-economia","tag-banco-central-bc","tag-roberto-campos-neto"],"yoast_head":"<!-- This site is optimized with the Yoast SEO plugin v24.4 - https:\/\/yoast.com\/wordpress\/plugins\/seo\/ -->\n<title>C\u00e2mbio: Banco Central poder\u00e1 intervir pesadamente, afirma Campos Neto<\/title>\n<meta name=\"description\" content=\"O presidente do Banco Central, Roberto Campos Neto, afirmou que a autoridade monet\u00e1ria poder\u00e1 intervir \u201cpesadamente\u201d no c\u00e2mbio. Saiba mais.\" \/>\n<meta name=\"robots\" content=\"index, follow, max-snippet:-1, max-image-preview:large, max-video-preview:-1\" \/>\n<link rel=\"canonical\" href=\"https:\/\/www.suno.com.br\/noticias\/cambio-banco-central-intervir-pesadamente-campos-neto\/\" \/>\n<meta property=\"og:locale\" content=\"pt_BR\" \/>\n<meta property=\"og:type\" content=\"article\" \/>\n<meta property=\"og:title\" content=\"C\u00e2mbio: Banco Central poder\u00e1 intervir pesadamente, afirma Campos Neto\" \/>\n<meta property=\"og:description\" content=\"O presidente do Banco Central, Roberto Campos Neto, afirmou que a autoridade monet\u00e1ria poder\u00e1 intervir \u201cpesadamente\u201d no c\u00e2mbio. Saiba mais.\" \/>\n<meta property=\"og:url\" content=\"https:\/\/www.suno.com.br\/noticias\/cambio-banco-central-intervir-pesadamente-campos-neto\/\" \/>\n<meta property=\"og:site_name\" content=\"Suno Not\u00edcias\" \/>\n<meta property=\"article:publisher\" content=\"https:\/\/facebook.com\/sunoresearch\" \/>\n<meta property=\"og:image\" content=\"https:\/\/files.sunoresearch.com.br\/n\/uploads\/2020\/08\/b3fe2447-roberto-campos-neto-400x400-1.jpg\" \/>\n\t<meta property=\"og:image:width\" content=\"400\" \/>\n\t<meta property=\"og:image:height\" content=\"400\" \/>\n\t<meta property=\"og:image:type\" content=\"image\/jpeg\" \/>\n<meta name=\"author\" content=\"Juliano Passaro\" \/>\n<meta name=\"twitter:card\" content=\"summary_large_image\" \/>\n<meta name=\"twitter:creator\" content=\"@sunoresearch\" \/>\n<meta name=\"twitter:site\" content=\"@sunoresearch\" \/>\n<meta name=\"twitter:label1\" content=\"Escrito por\" \/>\n\t<meta name=\"twitter:data1\" content=\"Juliano Passaro\" \/>\n\t<meta name=\"twitter:label2\" content=\"Est. tempo de leitura\" \/>\n\t<meta name=\"twitter:data2\" content=\"2 minutos\" \/>\n<script type=\"application\/ld+json\" class=\"yoast-schema-graph\">{\"@context\":\"https:\/\/schema.org\",\"@graph\":[{\"@type\":\"NewsArticle\",\"@id\":\"https:\/\/www.suno.com.br\/noticias\/cambio-banco-central-intervir-pesadamente-campos-neto\/#article\",\"isPartOf\":{\"@id\":\"https:\/\/www.suno.com.br\/noticias\/cambio-banco-central-intervir-pesadamente-campos-neto\/\"},\"author\":{\"name\":\"Juliano Passaro\",\"@id\":\"https:\/\/www.suno.com.br\/noticias\/#\/schema\/person\/1db762f78ffd8919a648a63e425953e3\"},\"headline\":\"C\u00e2mbio: Banco Central poder\u00e1 intervir pesadamente, afirma Campos Neto\",\"datePublished\":\"2020-09-02T19:05:55+00:00\",\"dateModified\":\"2021-02-18T01:18:03+00:00\",\"mainEntityOfPage\":{\"@id\":\"https:\/\/www.suno.com.br\/noticias\/cambio-banco-central-intervir-pesadamente-campos-neto\/\"},\"wordCount\":358,\"publisher\":{\"@id\":\"https:\/\/www.suno.com.br\/noticias\/#organization\"},\"image\":{\"@id\":\"https:\/\/www.suno.com.br\/noticias\/cambio-banco-central-intervir-pesadamente-campos-neto\/#primaryimage\"},\"thumbnailUrl\":\"https:\/\/files.sunoresearch.com.br\/n\/uploads\/2020\/08\/b3fe2447-roberto-campos-neto-400x400-1-jpg.webp\",\"keywords\":[\"Banco Central (BC)\",\"Roberto Campos Neto\"],\"articleSection\":[\"Economia\"],\"inLanguage\":\"pt-BR\"},{\"@type\":\"WebPage\",\"@id\":\"https:\/\/www.suno.com.br\/noticias\/cambio-banco-central-intervir-pesadamente-campos-neto\/\",\"url\":\"https:\/\/www.suno.com.br\/noticias\/cambio-banco-central-intervir-pesadamente-campos-neto\/\",\"name\":\"C\u00e2mbio: Banco Central poder\u00e1 intervir pesadamente, afirma Campos Neto\",\"isPartOf\":{\"@id\":\"https:\/\/www.suno.com.br\/noticias\/#website\"},\"primaryImageOfPage\":{\"@id\":\"https:\/\/www.suno.com.br\/noticias\/cambio-banco-central-intervir-pesadamente-campos-neto\/#primaryimage\"},\"image\":{\"@id\":\"https:\/\/www.suno.com.br\/noticias\/cambio-banco-central-intervir-pesadamente-campos-neto\/#primaryimage\"},\"thumbnailUrl\":\"https:\/\/files.sunoresearch.com.br\/n\/uploads\/2020\/08\/b3fe2447-roberto-campos-neto-400x400-1-jpg.webp\",\"datePublished\":\"2020-09-02T19:05:55+00:00\",\"dateModified\":\"2021-02-18T01:18:03+00:00\",\"description\":\"O presidente do Banco Central, Roberto Campos Neto, afirmou que a autoridade monet\u00e1ria poder\u00e1 intervir \u201cpesadamente\u201d no c\u00e2mbio. Saiba mais.\",\"breadcrumb\":{\"@id\":\"https:\/\/www.suno.com.br\/noticias\/cambio-banco-central-intervir-pesadamente-campos-neto\/#breadcrumb\"},\"inLanguage\":\"pt-BR\",\"potentialAction\":[{\"@type\":\"ReadAction\",\"target\":[\"https:\/\/www.suno.com.br\/noticias\/cambio-banco-central-intervir-pesadamente-campos-neto\/\"]}]},{\"@type\":\"ImageObject\",\"inLanguage\":\"pt-BR\",\"@id\":\"https:\/\/www.suno.com.br\/noticias\/cambio-banco-central-intervir-pesadamente-campos-neto\/#primaryimage\",\"url\":\"https:\/\/files.sunoresearch.com.br\/n\/uploads\/2020\/08\/b3fe2447-roberto-campos-neto-400x400-1-jpg.webp\",\"contentUrl\":\"https:\/\/files.sunoresearch.com.br\/n\/uploads\/2020\/08\/b3fe2447-roberto-campos-neto-400x400-1-jpg.webp\",\"width\":400,\"height\":400,\"caption\":\"Presidente do BC estima queda de 4,5% no PIB em 2020\"},{\"@type\":\"BreadcrumbList\",\"@id\":\"https:\/\/www.suno.com.br\/noticias\/cambio-banco-central-intervir-pesadamente-campos-neto\/#breadcrumb\",\"itemListElement\":[{\"@type\":\"ListItem\",\"position\":1,\"name\":\"Not\u00edcias\",\"item\":\"https:\/\/www.suno.com.br\/noticias\/\"},{\"@type\":\"ListItem\",\"position\":2,\"name\":\"Economia\",\"item\":\"https:\/\/www.suno.com.br\/noticias\/economia\/\"},{\"@type\":\"ListItem\",\"position\":3,\"name\":\"C\u00e2mbio: Banco Central poder\u00e1 intervir pesadamente, afirma Campos Neto\"}]},{\"@type\":\"WebSite\",\"@id\":\"https:\/\/www.suno.com.br\/noticias\/#website\",\"url\":\"https:\/\/www.suno.com.br\/noticias\/\",\"name\":\"Suno Not\u00edcias\",\"description\":\"Seu portal de informa\u00e7\u00e3o sobre o mundo dos investimentos\",\"publisher\":{\"@id\":\"https:\/\/www.suno.com.br\/noticias\/#organization\"},\"potentialAction\":[{\"@type\":\"SearchAction\",\"target\":{\"@type\":\"EntryPoint\",\"urlTemplate\":\"https:\/\/www.suno.com.br\/noticias\/?s={search_term_string}\"},\"query-input\":{\"@type\":\"PropertyValueSpecification\",\"valueRequired\":true,\"valueName\":\"search_term_string\"}}],\"inLanguage\":\"pt-BR\"},{\"@type\":\"Organization\",\"@id\":\"https:\/\/www.suno.com.br\/noticias\/#organization\",\"name\":\"Suno Not\u00edcias\",\"url\":\"https:\/\/www.suno.com.br\/noticias\/\",\"logo\":{\"@type\":\"ImageObject\",\"inLanguage\":\"pt-BR\",\"@id\":\"https:\/\/www.suno.com.br\/noticias\/#\/schema\/logo\/image\/\",\"url\":\"https:\/\/files.sunoresearch.com.br\/n\/uploads\/2021\/09\/suno-logo.png\",\"contentUrl\":\"https:\/\/files.sunoresearch.com.br\/n\/uploads\/2021\/09\/suno-logo.png\",\"width\":180,\"height\":180,\"caption\":\"Suno Not\u00edcias\"},\"image\":{\"@id\":\"https:\/\/www.suno.com.br\/noticias\/#\/schema\/logo\/image\/\"},\"sameAs\":[\"https:\/\/facebook.com\/sunoresearch\",\"https:\/\/x.com\/sunoresearch\",\"https:\/\/www.instagram.com\/suno\",\"https:\/\/www.linkedin.com\/company\/suno-research\/\",\"https:\/\/www.youtube.com\/c\/sunoresearch\"]},{\"@type\":\"Person\",\"@id\":\"https:\/\/www.suno.com.br\/noticias\/#\/schema\/person\/1db762f78ffd8919a648a63e425953e3\",\"name\":\"Juliano Passaro\",\"image\":{\"@type\":\"ImageObject\",\"inLanguage\":\"pt-BR\",\"@id\":\"https:\/\/www.suno.com.br\/noticias\/#\/schema\/person\/image\/\",\"url\":\"https:\/\/secure.gravatar.com\/avatar\/743d4df28eebf6dcc46b4ad03c319e92?s=96&r=g\",\"contentUrl\":\"https:\/\/secure.gravatar.com\/avatar\/743d4df28eebf6dcc46b4ad03c319e92?s=96&r=g\",\"caption\":\"Juliano Passaro\"},\"description\":\"Juliano Passaro escreve sobre pol\u00edtica, economia e neg\u00f3cios para o portal da Suno Research. Antes da Suno, trabalhou no Portal da Band. \u00c9 formado em jornalismo pela Universidade Presbiteriana Mackenzie.\",\"url\":\"https:\/\/www.suno.com.br\/noticias\/author\/juliano\/\"}]}<\/script>\n<!-- \/ Yoast SEO plugin. -->","yoast_head_json":{"title":"C\u00e2mbio: Banco Central poder\u00e1 intervir pesadamente, afirma Campos Neto","description":"O presidente do Banco Central, Roberto Campos Neto, afirmou que a autoridade monet\u00e1ria poder\u00e1 intervir \u201cpesadamente\u201d no c\u00e2mbio. Saiba mais.","robots":{"index":"index","follow":"follow","max-snippet":"max-snippet:-1","max-image-preview":"max-image-preview:large","max-video-preview":"max-video-preview:-1"},"canonical":"https:\/\/www.suno.com.br\/noticias\/cambio-banco-central-intervir-pesadamente-campos-neto\/","og_locale":"pt_BR","og_type":"article","og_title":"C\u00e2mbio: Banco Central poder\u00e1 intervir pesadamente, afirma Campos Neto","og_description":"O presidente do Banco Central, Roberto Campos Neto, afirmou que a autoridade monet\u00e1ria poder\u00e1 intervir \u201cpesadamente\u201d no c\u00e2mbio. Saiba mais.","og_url":"https:\/\/www.suno.com.br\/noticias\/cambio-banco-central-intervir-pesadamente-campos-neto\/","og_site_name":"Suno Not\u00edcias","article_publisher":"https:\/\/facebook.com\/sunoresearch","og_image":[{"width":400,"height":400,"url":"https:\/\/files.sunoresearch.com.br\/n\/uploads\/2020\/08\/b3fe2447-roberto-campos-neto-400x400-1.jpg","type":"image\/jpeg"}],"author":"Juliano Passaro","twitter_card":"summary_large_image","twitter_creator":"@sunoresearch","twitter_site":"@sunoresearch","twitter_misc":{"Escrito por":"Juliano Passaro","Est. tempo de leitura":"2 minutos"},"schema":{"@context":"https:\/\/schema.org","@graph":[{"@type":"NewsArticle","@id":"https:\/\/www.suno.com.br\/noticias\/cambio-banco-central-intervir-pesadamente-campos-neto\/#article","isPartOf":{"@id":"https:\/\/www.suno.com.br\/noticias\/cambio-banco-central-intervir-pesadamente-campos-neto\/"},"author":{"name":"Juliano Passaro","@id":"https:\/\/www.suno.com.br\/noticias\/#\/schema\/person\/1db762f78ffd8919a648a63e425953e3"},"headline":"C\u00e2mbio: Banco Central poder\u00e1 intervir pesadamente, afirma Campos Neto","datePublished":"2020-09-02T19:05:55+00:00","dateModified":"2021-02-18T01:18:03+00:00","mainEntityOfPage":{"@id":"https:\/\/www.suno.com.br\/noticias\/cambio-banco-central-intervir-pesadamente-campos-neto\/"},"wordCount":358,"publisher":{"@id":"https:\/\/www.suno.com.br\/noticias\/#organization"},"image":{"@id":"https:\/\/www.suno.com.br\/noticias\/cambio-banco-central-intervir-pesadamente-campos-neto\/#primaryimage"},"thumbnailUrl":"https:\/\/files.sunoresearch.com.br\/n\/uploads\/2020\/08\/b3fe2447-roberto-campos-neto-400x400-1-jpg.webp","keywords":["Banco Central (BC)","Roberto Campos Neto"],"articleSection":["Economia"],"inLanguage":"pt-BR"},{"@type":"WebPage","@id":"https:\/\/www.suno.com.br\/noticias\/cambio-banco-central-intervir-pesadamente-campos-neto\/","url":"https:\/\/www.suno.com.br\/noticias\/cambio-banco-central-intervir-pesadamente-campos-neto\/","name":"C\u00e2mbio: Banco Central poder\u00e1 intervir pesadamente, afirma Campos Neto","isPartOf":{"@id":"https:\/\/www.suno.com.br\/noticias\/#website"},"primaryImageOfPage":{"@id":"https:\/\/www.suno.com.br\/noticias\/cambio-banco-central-intervir-pesadamente-campos-neto\/#primaryimage"},"image":{"@id":"https:\/\/www.suno.com.br\/noticias\/cambio-banco-central-intervir-pesadamente-campos-neto\/#primaryimage"},"thumbnailUrl":"https:\/\/files.sunoresearch.com.br\/n\/uploads\/2020\/08\/b3fe2447-roberto-campos-neto-400x400-1-jpg.webp","datePublished":"2020-09-02T19:05:55+00:00","dateModified":"2021-02-18T01:18:03+00:00","description":"O presidente do Banco Central, Roberto Campos Neto, afirmou que a autoridade monet\u00e1ria poder\u00e1 intervir \u201cpesadamente\u201d no c\u00e2mbio. Saiba mais.","breadcrumb":{"@id":"https:\/\/www.suno.com.br\/noticias\/cambio-banco-central-intervir-pesadamente-campos-neto\/#breadcrumb"},"inLanguage":"pt-BR","potentialAction":[{"@type":"ReadAction","target":["https:\/\/www.suno.com.br\/noticias\/cambio-banco-central-intervir-pesadamente-campos-neto\/"]}]},{"@type":"ImageObject","inLanguage":"pt-BR","@id":"https:\/\/www.suno.com.br\/noticias\/cambio-banco-central-intervir-pesadamente-campos-neto\/#primaryimage","url":"https:\/\/files.sunoresearch.com.br\/n\/uploads\/2020\/08\/b3fe2447-roberto-campos-neto-400x400-1-jpg.webp","contentUrl":"https:\/\/files.sunoresearch.com.br\/n\/uploads\/2020\/08\/b3fe2447-roberto-campos-neto-400x400-1-jpg.webp","width":400,"height":400,"caption":"Presidente do BC estima queda de 4,5% no PIB em 2020"},{"@type":"BreadcrumbList","@id":"https:\/\/www.suno.com.br\/noticias\/cambio-banco-central-intervir-pesadamente-campos-neto\/#breadcrumb","itemListElement":[{"@type":"ListItem","position":1,"name":"Not\u00edcias","item":"https:\/\/www.suno.com.br\/noticias\/"},{"@type":"ListItem","position":2,"name":"Economia","item":"https:\/\/www.suno.com.br\/noticias\/economia\/"},{"@type":"ListItem","position":3,"name":"C\u00e2mbio: Banco Central poder\u00e1 intervir pesadamente, afirma Campos Neto"}]},{"@type":"WebSite","@id":"https:\/\/www.suno.com.br\/noticias\/#website","url":"https:\/\/www.suno.com.br\/noticias\/","name":"Suno Not\u00edcias","description":"Seu portal de informa\u00e7\u00e3o sobre o mundo dos investimentos","publisher":{"@id":"https:\/\/www.suno.com.br\/noticias\/#organization"},"potentialAction":[{"@type":"SearchAction","target":{"@type":"EntryPoint","urlTemplate":"https:\/\/www.suno.com.br\/noticias\/?s={search_term_string}"},"query-input":{"@type":"PropertyValueSpecification","valueRequired":true,"valueName":"search_term_string"}}],"inLanguage":"pt-BR"},{"@type":"Organization","@id":"https:\/\/www.suno.com.br\/noticias\/#organization","name":"Suno Not\u00edcias","url":"https:\/\/www.suno.com.br\/noticias\/","logo":{"@type":"ImageObject","inLanguage":"pt-BR","@id":"https:\/\/www.suno.com.br\/noticias\/#\/schema\/logo\/image\/","url":"https:\/\/files.sunoresearch.com.br\/n\/uploads\/2021\/09\/suno-logo.png","contentUrl":"https:\/\/files.sunoresearch.com.br\/n\/uploads\/2021\/09\/suno-logo.png","width":180,"height":180,"caption":"Suno Not\u00edcias"},"image":{"@id":"https:\/\/www.suno.com.br\/noticias\/#\/schema\/logo\/image\/"},"sameAs":["https:\/\/facebook.com\/sunoresearch","https:\/\/x.com\/sunoresearch","https:\/\/www.instagram.com\/suno","https:\/\/www.linkedin.com\/company\/suno-research\/","https:\/\/www.youtube.com\/c\/sunoresearch"]},{"@type":"Person","@id":"https:\/\/www.suno.com.br\/noticias\/#\/schema\/person\/1db762f78ffd8919a648a63e425953e3","name":"Juliano Passaro","image":{"@type":"ImageObject","inLanguage":"pt-BR","@id":"https:\/\/www.suno.com.br\/noticias\/#\/schema\/person\/image\/","url":"https:\/\/secure.gravatar.com\/avatar\/743d4df28eebf6dcc46b4ad03c319e92?s=96&r=g","contentUrl":"https:\/\/secure.gravatar.com\/avatar\/743d4df28eebf6dcc46b4ad03c319e92?s=96&r=g","caption":"Juliano Passaro"},"description":"Juliano Passaro escreve sobre pol\u00edtica, economia e neg\u00f3cios para o portal da Suno Research. Antes da Suno, trabalhou no Portal da Band. \u00c9 formado em jornalismo pela Universidade Presbiteriana Mackenzie.","url":"https:\/\/www.suno.com.br\/noticias\/author\/juliano\/"}]}},"default_loop_html":"<div class=\"cardsPage__listCard__boxs\"><div class=\"cardsPage__listCard__boxs__img\"><a href=\"https:\/\/www.suno.com.br\/noticias\/cambio-banco-central-intervir-pesadamente-campos-neto\/\"><img class=\"mask\" src=\"https:\/\/www.suno.com.br\/noticias\/wp-content\/themes\/suno\/resources\/images\/spotlight\/spotlight1img\/bg-mask.png\" alt=\"Image Mask\"\/><img src=\"https:\/\/files.sunoresearch.com.br\/n\/uploads\/2020\/08\/b3fe2447-roberto-campos-neto-400x400-1-400x200.webp\" alt=\"C\u00e2mbio: Banco Central poder\u00e1 intervir pesadamente, afirma Campos Neto\"\/><\/a><span class=\"spotlightCategory\"><a href=\"https:\/\/www.suno.com.br\/noticias\/economia\/\">Economia<\/a><\/span><\/div><div class=\"cardsPage__listCard__boxs__content\"><a href=\"https:\/\/www.suno.com.br\/noticias\/cambio-banco-central-intervir-pesadamente-campos-neto\/\"><h2 class=\"content__title\">C\u00e2mbio: Banco Central poder\u00e1 intervir pesadamente, afirma Campos Neto<\/h2><\/a><div class=\"newsContent__article__meta\"><div class=\"newsContent__article__meta__authorBox\"><a href=\"https:\/\/www.suno.com.br\/noticias\/author\/juliano\/\" class=\"authorBox__avatar noMobi\"><img src=\"https:\/\/files.sunoresearch.com.br\/n\/uploads\/2019\/06\/7cc3efea-whatsapp-image-2019-07-18-at-21.59.33-e1563499821209-150x150.webp\" alt=\"Juliano Passaro\"><\/a><div class=\"authorBox__name\"><span>por\n\t\t\t<a href=\"https:\/\/www.suno.com.br\/noticias\/author\/juliano\/\"><span itemprop=\"author\">Juliano Passaro<\/span><\/a><\/span><time datetime=\"2020-09-02T16:05:55-03:00\" itemprop=\"datePublished\">02\/09\/2020 16:05<\/time><\/div><\/div><\/div><\/div><\/div>","single_layout":"posts","amp_enabled":true,"_links":{"self":[{"href":"https:\/\/www.suno.com.br\/noticias\/wp-json\/wp\/v2\/posts\/82110"}],"collection":[{"href":"https:\/\/www.suno.com.br\/noticias\/wp-json\/wp\/v2\/posts"}],"about":[{"href":"https:\/\/www.suno.com.br\/noticias\/wp-json\/wp\/v2\/types\/post"}],"author":[{"embeddable":true,"href":"https:\/\/www.suno.com.br\/noticias\/wp-json\/wp\/v2\/users\/19"}],"replies":[{"embeddable":true,"href":"https:\/\/www.suno.com.br\/noticias\/wp-json\/wp\/v2\/comments?post=82110"}],"version-history":[{"count":0,"href":"https:\/\/www.suno.com.br\/noticias\/wp-json\/wp\/v2\/posts\/82110\/revisions"}],"wp:featuredmedia":[{"embeddable":true,"href":"https:\/\/www.suno.com.br\/noticias\/wp-json\/wp\/v2\/media\/78922"}],"wp:attachment":[{"href":"https:\/\/www.suno.com.br\/noticias\/wp-json\/wp\/v2\/media?parent=82110"}],"wp:term":[{"taxonomy":"category","embeddable":true,"href":"https:\/\/www.suno.com.br\/noticias\/wp-json\/wp\/v2\/categories?post=82110"},{"taxonomy":"post_tag","embeddable":true,"href":"https:\/\/www.suno.com.br\/noticias\/wp-json\/wp\/v2\/tags?post=82110"},{"taxonomy":"suno_strategy","embeddable":true,"href":"https:\/\/www.suno.com.br\/noticias\/wp-json\/wp\/v2\/suno_strategy?post=82110"}],"curies":[{"name":"wp","href":"https:\/\/api.w.org\/{rel}","templated":true}]}}