{"id":8205,"date":"2018-12-09T14:42:57","date_gmt":"2018-12-09T16:42:57","guid":{"rendered":"https:\/\/www.suno.com.br\/noticias\/?p=8205"},"modified":"2021-02-18T17:56:00","modified_gmt":"2021-02-18T20:56:00","slug":"a-seguir-polemicas-envolvendo-a-familia-bolsonaro-e-tensao-nos-eua-e-europa","status":"publish","type":"post","link":"https:\/\/www.suno.com.br\/noticias\/a-seguir-polemicas-envolvendo-a-familia-bolsonaro-e-tensao-nos-eua-e-europa\/","title":{"rendered":"A Seguir: Pol\u00eamicas envolvendo a Fam\u00edlia Bolsonaro e Tens\u00e3o nos EUA e Europa"},"content":{"rendered":"<h2>O que deve movimentar a semana no Brasil<\/h2>\n<p><strong>Pol\u00eamicas na fam\u00edlia Bolsonaro<\/strong><\/p>\t<div class=\"wrapper-featured-image\">\n\t\t<figure class=\"spotlightImg\">\n\n\t\t\t<picture>\n\t\t\t\t<source media=\"(max-width: 768px)\" srcset=\"https:\/\/files.sunoresearch.com.br\/n\/uploads\/2018\/12\/e8876cc1-captura-de-tela-2018-12-09-14.41.19-400x200.webp\">\n\t\t\t\t<img loading=\"lazy\" decoding=\"async\" class=\"newsContent__article__imgCapa lazyloadDisabled newsContent__article__imgCapa--noCaption\" src=\"https:\/\/files.sunoresearch.com.br\/n\/uploads\/2018\/12\/e8876cc1-captura-de-tela-2018-12-09-14.41.19-800x450.webp\" width=\"800\" height=\"450\" alt=\"A Seguir: Pol\u00eamicas envolvendo a Fam\u00edlia Bolsonaro e Tens\u00e3o nos EUA e Europa\" fetchpriority=high \/>\n\t\t\t<\/picture>\n\n\t\t\t<figcaption class=\"wp-caption-text wp-caption-text--hide\"><\/figcaption>\n\t\t<\/figure>\n\t<\/div>\n\n<h2>O que deve movimentar a semana no Brasil<\/h2>\n\n<p>Em meio as pol\u00eamicas envolvendo a fam\u00edlia Bolsonaro na \u00faltima semana, o cen\u00e1rio pol\u00edtico volta \u00e0 tona no Brasil.<\/p>\n<p>A investiga\u00e7\u00e3o iniciada pelo COAF apura dep\u00f3sitos feitos por Fabr\u00edcio Queiroz, ex-funcion\u00e1rio de Flavio Bolsonaro (Filho de Jair) na conta de Michele Bolsonaro (Esposa).<\/p>\n<p>Segundo Bolsonaro os dep\u00f3sitos fazem parte do pagamento de um empr\u00e9stimo no valor de 40 mil feitos \u00e0 Fabr\u00edcio.<\/p>\n<hr \/>\n<p><strong>Boletim Focus liberado amanh\u00e3<\/strong><\/p>\n<p>J\u00e1 no lado econ\u00f4mico alguns dados relevantes ser\u00e3o liberados nessa semana.<\/p>\n<p>O primeiro deles na segunda-feira (amanh\u00e3) \u00e9 o Boletim Focus, que compila as expectativas de mais de 500 fontes sobre importantes indicadores econ\u00f4micos do pa\u00eds para os pr\u00f3ximos meses e anos.<\/p>\n<hr \/>\n<p><strong>Posi\u00e7\u00e3o em futuros do BRL<\/strong><\/p>\n<p>Dados sobre a posi\u00e7\u00e3o em futuros do Real devem ser liberados tamb\u00e9m na segunda.<\/p>\n<p>Uma posi\u00e7\u00e3o vendida ou redu\u00e7\u00e3o significativa na posi\u00e7\u00e3o comprada, indica que o mercado est\u00e1 com perspectiva negativa para o real (e por consequ\u00eancia para a economia Brasileira).<\/p>\n<p>Enquanto que uma posi\u00e7\u00e3o comprada elevada ou amplia\u00e7\u00e3o significativa da mesma indica perspectivas positivas.<\/p>\n<hr \/>\n<p><strong>Taxa de juros tamb\u00e9m ser\u00e1 anunciada\u00a0<\/strong><\/p>\n<p>Por fim, no dia 12 teremos an\u00fancio da taxa de juros b\u00e1sica.<\/p>\n<p>A expectativa \u00e9 de que ela seja mantida no atual patamar de 6,5%.<\/p>\n<p>Um aumento das taxas \u00e9 negativo para o mercado de renda vari\u00e1vel, enquanto que uma redu\u00e7\u00e3o \u00e9 potencialmente positiva, por impactar diretamente a taxa de desconto usada nos ativos e por consequ\u00eancia aumentar o <em>valuation<\/em> de pre\u00e7o justo.<\/p>\n<hr \/>\n<h2>O que deve movimentar o mundo essa semana<\/h2>\n<p><strong>Guerra comercial segue relevante<\/strong><\/p>\n<p>No cen\u00e1rio global as rela\u00e7\u00f5es entre EUA e China em meio a guerra comercial entre as duas pot\u00eancias continua sendo destaque.<\/p>\n<p>Apesar do \u201cacordo de cessar fogo\u201d firmado entre os pa\u00edses na \u00faltima semana durante o G-20, as incertezas sobre a capacidade de um acordo definitivo ser firmado dentro do per\u00edodo de 90 dias estabelecido durante as negocia\u00e7\u00f5es geram preocupa\u00e7\u00e3o.<\/p>\n<p>A recente pris\u00e3o de um executivo da Huawey no Canad\u00e1 tamb\u00e9m contribui para aumentar as tens\u00f5es na negocia\u00e7\u00e3o.<\/p>\n<hr \/>\n<p><strong>Economia dos EUA \u00e9 destaque<\/strong><\/p>\n<p>Ainda sobre os EUA, dados sobre infla\u00e7\u00e3o e varejo devem ser liberados nos pr\u00f3ximos dias indicando o atual cen\u00e1rio do desenvolvimento econ\u00f4mico dos EUA.<\/p>\n<p>Esses dados s\u00e3o importantes pois impactam diretamente a pol\u00edtica monet\u00e1ria do pa\u00eds, podendo for\u00e7ar o FED a reduzir ou acelerar o ritmo de alta dos juros, al\u00e9m de indicar se a economia continua ou n\u00e3o em ritmo de crescimento.<\/p>\n<hr \/>\n<p><strong>Situa\u00e7\u00e3o pol\u00edtica delicada na Fran\u00e7a<\/strong><\/p>\n<p>O cen\u00e1rio tamb\u00e9m segue incerto na Europa, com o avan\u00e7o dos protestos dos chamados \u201cColetes Amarelos\u201d na Fran\u00e7a.<\/p>\n<p>A policia francesa informou que a partir de agora adotar\u00e1 medidas mais duras e uso da for\u00e7a contra os protestos que est\u00e3o sofrendo uma escalada no n\u00edvel de viol\u00eancia e depreda\u00e7\u00e3o.<\/p>\n<p>Tal posicionamento pode ter um impacto negativo forte para o governo de Macron que j\u00e1 vem sofrendo com queda em popularidade e suporte da popula\u00e7\u00e3o.<\/p>\n<hr \/>\n<p><strong>Perspectivas negativas para o Brexit\u00a0<\/strong><\/p>\n<p>Outro assunto relevante no velho continente \u00e9 o Brexit.<\/p>\n<p>Apesar de forte resist\u00eancia no parlamento contra o atual acordo proposto, May insiste que a vota\u00e7\u00e3o ser\u00e1 realizada com o acordo atualmente proposto.<\/p>\n<p>A expectativa \u00e9 de que a vota\u00e7\u00e3o acabe por decidir que o acordo n\u00e3o ser\u00e1 aceito, culminando numa poss\u00edvel perda do posto de 1\u00aa Ministra.<\/p>\n","protected":false},"excerpt":{"rendered":"<p>O que deve movimentar a semana no Brasil Pol\u00eamicas na fam\u00edlia Bolsonaro O que deve movimentar a semana no Brasil Em meio as pol\u00eamicas envolvendo a fam\u00edlia Bolsonaro na \u00faltima semana, o cen\u00e1rio pol\u00edtico volta \u00e0 tona no Brasil. A investiga\u00e7\u00e3o iniciada pelo COAF apura dep\u00f3sitos feitos por Fabr\u00edcio Queiroz, ex-funcion\u00e1rio de Flavio Bolsonaro (Filho [&hellip;]<\/p>\n","protected":false},"author":2,"featured_media":8206,"comment_status":"closed","ping_status":"closed","sticky":false,"template":"","format":"standard","meta":[],"categories":[60],"tags":[309,711,740,793,719],"suno_strategy":[],"class_list":["post-8205","post","type-post","status-publish","format-standard","has-post-thumbnail","hentry","category-mercado","tag-bolsa-de-valores","tag-china","tag-economia","tag-estados-unidos-eua","tag-jair-bolsonaro"],"yoast_head":"<!-- This site is optimized with the Yoast SEO plugin v24.4 - https:\/\/yoast.com\/wordpress\/plugins\/seo\/ -->\n<title>A Seguir: Pol\u00eamicas envolvendo a Fam\u00edlia Bolsonaro e Tens\u00e3o nos EUA e Europa<\/title>\n<meta name=\"robots\" content=\"index, follow, max-snippet:-1, max-image-preview:large, max-video-preview:-1\" \/>\n<link rel=\"canonical\" href=\"https:\/\/www.suno.com.br\/noticias\/a-seguir-polemicas-envolvendo-a-familia-bolsonaro-e-tensao-nos-eua-e-europa\/\" \/>\n<meta property=\"og:locale\" content=\"pt_BR\" \/>\n<meta property=\"og:type\" content=\"article\" \/>\n<meta property=\"og:title\" content=\"A Seguir: Pol\u00eamicas envolvendo a Fam\u00edlia Bolsonaro e Tens\u00e3o nos EUA e Europa\" \/>\n<meta property=\"og:description\" content=\"O que deve movimentar a semana no Brasil Pol\u00eamicas na fam\u00edlia Bolsonaro O que deve movimentar a semana no Brasil Em meio as pol\u00eamicas envolvendo a fam\u00edlia Bolsonaro na \u00faltima semana, o cen\u00e1rio pol\u00edtico volta \u00e0 tona no Brasil. A investiga\u00e7\u00e3o iniciada pelo COAF apura dep\u00f3sitos feitos por Fabr\u00edcio Queiroz, ex-funcion\u00e1rio de Flavio Bolsonaro (Filho [&hellip;]\" \/>\n<meta property=\"og:url\" content=\"https:\/\/www.suno.com.br\/noticias\/a-seguir-polemicas-envolvendo-a-familia-bolsonaro-e-tensao-nos-eua-e-europa\/\" \/>\n<meta property=\"og:site_name\" content=\"Suno Not\u00edcias\" \/>\n<meta property=\"article:publisher\" content=\"https:\/\/facebook.com\/sunoresearch\" \/>\n<meta property=\"article:author\" content=\"https:\/\/www.facebook.com\/joaovitor2763\" \/>\n<meta property=\"og:image\" content=\"https:\/\/files.sunoresearch.com.br\/n\/uploads\/2018\/12\/e8876cc1-captura-de-tela-2018-12-09-14.41.19-1024x512.png\" \/>\n\t<meta property=\"og:image:width\" content=\"1024\" \/>\n\t<meta property=\"og:image:height\" content=\"512\" \/>\n\t<meta property=\"og:image:type\" content=\"image\/png\" \/>\n<meta name=\"author\" content=\"Jo\u00e3o Vitor Chaves Silva\" \/>\n<meta name=\"twitter:card\" content=\"summary_large_image\" \/>\n<meta name=\"twitter:creator\" content=\"@https:\/\/twitter.com\/joaovitor2763\" \/>\n<meta name=\"twitter:site\" content=\"@sunoresearch\" \/>\n<meta name=\"twitter:label1\" content=\"Escrito por\" \/>\n\t<meta name=\"twitter:data1\" content=\"Jo\u00e3o Vitor Chaves Silva\" \/>\n\t<meta name=\"twitter:label2\" content=\"Est. tempo de leitura\" \/>\n\t<meta name=\"twitter:data2\" content=\"3 minutos\" \/>\n<script type=\"application\/ld+json\" class=\"yoast-schema-graph\">{\"@context\":\"https:\/\/schema.org\",\"@graph\":[{\"@type\":\"NewsArticle\",\"@id\":\"https:\/\/www.suno.com.br\/noticias\/a-seguir-polemicas-envolvendo-a-familia-bolsonaro-e-tensao-nos-eua-e-europa\/#article\",\"isPartOf\":{\"@id\":\"https:\/\/www.suno.com.br\/noticias\/a-seguir-polemicas-envolvendo-a-familia-bolsonaro-e-tensao-nos-eua-e-europa\/\"},\"author\":{\"name\":\"Jo\u00e3o Vitor Chaves Silva\",\"@id\":\"https:\/\/www.suno.com.br\/noticias\/#\/schema\/person\/962c5e214a16b408badbd2e3e889decc\"},\"headline\":\"A Seguir: Pol\u00eamicas envolvendo a Fam\u00edlia Bolsonaro e Tens\u00e3o nos EUA e Europa\",\"datePublished\":\"2018-12-09T16:42:57+00:00\",\"dateModified\":\"2021-02-18T20:56:00+00:00\",\"mainEntityOfPage\":{\"@id\":\"https:\/\/www.suno.com.br\/noticias\/a-seguir-polemicas-envolvendo-a-familia-bolsonaro-e-tensao-nos-eua-e-europa\/\"},\"wordCount\":623,\"publisher\":{\"@id\":\"https:\/\/www.suno.com.br\/noticias\/#organization\"},\"image\":{\"@id\":\"https:\/\/www.suno.com.br\/noticias\/a-seguir-polemicas-envolvendo-a-familia-bolsonaro-e-tensao-nos-eua-e-europa\/#primaryimage\"},\"thumbnailUrl\":\"https:\/\/files.sunoresearch.com.br\/n\/uploads\/2018\/12\/e8876cc1-captura-de-tela-2018-12-09-14.41.19-png.webp\",\"keywords\":[\"Bolsa de Valores\",\"China\",\"Economia\",\"Estados Unidos (EUA)\",\"Jair Bolsonaro\"],\"articleSection\":[\"Mercado\"],\"inLanguage\":\"pt-BR\"},{\"@type\":\"WebPage\",\"@id\":\"https:\/\/www.suno.com.br\/noticias\/a-seguir-polemicas-envolvendo-a-familia-bolsonaro-e-tensao-nos-eua-e-europa\/\",\"url\":\"https:\/\/www.suno.com.br\/noticias\/a-seguir-polemicas-envolvendo-a-familia-bolsonaro-e-tensao-nos-eua-e-europa\/\",\"name\":\"A Seguir: Pol\u00eamicas envolvendo a Fam\u00edlia Bolsonaro e Tens\u00e3o nos EUA e Europa\",\"isPartOf\":{\"@id\":\"https:\/\/www.suno.com.br\/noticias\/#website\"},\"primaryImageOfPage\":{\"@id\":\"https:\/\/www.suno.com.br\/noticias\/a-seguir-polemicas-envolvendo-a-familia-bolsonaro-e-tensao-nos-eua-e-europa\/#primaryimage\"},\"image\":{\"@id\":\"https:\/\/www.suno.com.br\/noticias\/a-seguir-polemicas-envolvendo-a-familia-bolsonaro-e-tensao-nos-eua-e-europa\/#primaryimage\"},\"thumbnailUrl\":\"https:\/\/files.sunoresearch.com.br\/n\/uploads\/2018\/12\/e8876cc1-captura-de-tela-2018-12-09-14.41.19-png.webp\",\"datePublished\":\"2018-12-09T16:42:57+00:00\",\"dateModified\":\"2021-02-18T20:56:00+00:00\",\"breadcrumb\":{\"@id\":\"https:\/\/www.suno.com.br\/noticias\/a-seguir-polemicas-envolvendo-a-familia-bolsonaro-e-tensao-nos-eua-e-europa\/#breadcrumb\"},\"inLanguage\":\"pt-BR\",\"potentialAction\":[{\"@type\":\"ReadAction\",\"target\":[\"https:\/\/www.suno.com.br\/noticias\/a-seguir-polemicas-envolvendo-a-familia-bolsonaro-e-tensao-nos-eua-e-europa\/\"]}]},{\"@type\":\"ImageObject\",\"inLanguage\":\"pt-BR\",\"@id\":\"https:\/\/www.suno.com.br\/noticias\/a-seguir-polemicas-envolvendo-a-familia-bolsonaro-e-tensao-nos-eua-e-europa\/#primaryimage\",\"url\":\"https:\/\/files.sunoresearch.com.br\/n\/uploads\/2018\/12\/e8876cc1-captura-de-tela-2018-12-09-14.41.19-png.webp\",\"contentUrl\":\"https:\/\/files.sunoresearch.com.br\/n\/uploads\/2018\/12\/e8876cc1-captura-de-tela-2018-12-09-14.41.19-png.webp\",\"width\":1636,\"height\":818},{\"@type\":\"BreadcrumbList\",\"@id\":\"https:\/\/www.suno.com.br\/noticias\/a-seguir-polemicas-envolvendo-a-familia-bolsonaro-e-tensao-nos-eua-e-europa\/#breadcrumb\",\"itemListElement\":[{\"@type\":\"ListItem\",\"position\":1,\"name\":\"Not\u00edcias\",\"item\":\"https:\/\/www.suno.com.br\/noticias\/\"},{\"@type\":\"ListItem\",\"position\":2,\"name\":\"Mercado\",\"item\":\"https:\/\/www.suno.com.br\/noticias\/mercado\/\"},{\"@type\":\"ListItem\",\"position\":3,\"name\":\"A Seguir: Pol\u00eamicas envolvendo a Fam\u00edlia Bolsonaro e Tens\u00e3o nos EUA e Europa\"}]},{\"@type\":\"WebSite\",\"@id\":\"https:\/\/www.suno.com.br\/noticias\/#website\",\"url\":\"https:\/\/www.suno.com.br\/noticias\/\",\"name\":\"Suno Not\u00edcias\",\"description\":\"Seu portal de informa\u00e7\u00e3o sobre o mundo dos investimentos\",\"publisher\":{\"@id\":\"https:\/\/www.suno.com.br\/noticias\/#organization\"},\"potentialAction\":[{\"@type\":\"SearchAction\",\"target\":{\"@type\":\"EntryPoint\",\"urlTemplate\":\"https:\/\/www.suno.com.br\/noticias\/?s={search_term_string}\"},\"query-input\":{\"@type\":\"PropertyValueSpecification\",\"valueRequired\":true,\"valueName\":\"search_term_string\"}}],\"inLanguage\":\"pt-BR\"},{\"@type\":\"Organization\",\"@id\":\"https:\/\/www.suno.com.br\/noticias\/#organization\",\"name\":\"Suno Not\u00edcias\",\"url\":\"https:\/\/www.suno.com.br\/noticias\/\",\"logo\":{\"@type\":\"ImageObject\",\"inLanguage\":\"pt-BR\",\"@id\":\"https:\/\/www.suno.com.br\/noticias\/#\/schema\/logo\/image\/\",\"url\":\"https:\/\/files.sunoresearch.com.br\/n\/uploads\/2021\/09\/suno-logo.png\",\"contentUrl\":\"https:\/\/files.sunoresearch.com.br\/n\/uploads\/2021\/09\/suno-logo.png\",\"width\":180,\"height\":180,\"caption\":\"Suno Not\u00edcias\"},\"image\":{\"@id\":\"https:\/\/www.suno.com.br\/noticias\/#\/schema\/logo\/image\/\"},\"sameAs\":[\"https:\/\/facebook.com\/sunoresearch\",\"https:\/\/x.com\/sunoresearch\",\"https:\/\/www.instagram.com\/suno\",\"https:\/\/www.linkedin.com\/company\/suno-research\/\",\"https:\/\/www.youtube.com\/c\/sunoresearch\"]},{\"@type\":\"Person\",\"@id\":\"https:\/\/www.suno.com.br\/noticias\/#\/schema\/person\/962c5e214a16b408badbd2e3e889decc\",\"name\":\"Jo\u00e3o Vitor Chaves Silva\",\"image\":{\"@type\":\"ImageObject\",\"inLanguage\":\"pt-BR\",\"@id\":\"https:\/\/www.suno.com.br\/noticias\/#\/schema\/person\/image\/\",\"url\":\"https:\/\/secure.gravatar.com\/avatar\/e2e62d3d83007a9c98150149e35d1c78?s=96&r=g\",\"contentUrl\":\"https:\/\/secure.gravatar.com\/avatar\/e2e62d3d83007a9c98150149e35d1c78?s=96&r=g\",\"caption\":\"Jo\u00e3o Vitor Chaves Silva\"},\"description\":\"Fundador do Empreenda Junto, 2\u00ba\u00a0Maior comunidade online de empreendedores do Brasil, 1\u00ba\u00a0Brasileiro e Pessoa mais jovem a receber o t\u00edtulo de Teacher Of New Ventures And Leadership pelo MIT GEB, COO da Suno Research.\",\"sameAs\":[\"https:\/\/www.suno.com.br\",\"https:\/\/www.facebook.com\/joaovitor2763\",\"https:\/\/x.com\/https:\/\/twitter.com\/joaovitor2763\"],\"url\":\"https:\/\/www.suno.com.br\/noticias\/author\/joao-vitor\/\"}]}<\/script>\n<!-- \/ Yoast SEO plugin. -->","yoast_head_json":{"title":"A Seguir: Pol\u00eamicas envolvendo a Fam\u00edlia Bolsonaro e Tens\u00e3o nos EUA e Europa","robots":{"index":"index","follow":"follow","max-snippet":"max-snippet:-1","max-image-preview":"max-image-preview:large","max-video-preview":"max-video-preview:-1"},"canonical":"https:\/\/www.suno.com.br\/noticias\/a-seguir-polemicas-envolvendo-a-familia-bolsonaro-e-tensao-nos-eua-e-europa\/","og_locale":"pt_BR","og_type":"article","og_title":"A Seguir: Pol\u00eamicas envolvendo a Fam\u00edlia Bolsonaro e Tens\u00e3o nos EUA e Europa","og_description":"O que deve movimentar a semana no Brasil Pol\u00eamicas na fam\u00edlia Bolsonaro O que deve movimentar a semana no Brasil Em meio as pol\u00eamicas envolvendo a fam\u00edlia Bolsonaro na \u00faltima semana, o cen\u00e1rio pol\u00edtico volta \u00e0 tona no Brasil. A investiga\u00e7\u00e3o iniciada pelo COAF apura dep\u00f3sitos feitos por Fabr\u00edcio Queiroz, ex-funcion\u00e1rio de Flavio Bolsonaro (Filho [&hellip;]","og_url":"https:\/\/www.suno.com.br\/noticias\/a-seguir-polemicas-envolvendo-a-familia-bolsonaro-e-tensao-nos-eua-e-europa\/","og_site_name":"Suno Not\u00edcias","article_publisher":"https:\/\/facebook.com\/sunoresearch","article_author":"https:\/\/www.facebook.com\/joaovitor2763","og_image":[{"width":1024,"height":512,"url":"https:\/\/files.sunoresearch.com.br\/n\/uploads\/2018\/12\/e8876cc1-captura-de-tela-2018-12-09-14.41.19-1024x512.png","type":"image\/png"}],"author":"Jo\u00e3o Vitor Chaves Silva","twitter_card":"summary_large_image","twitter_creator":"@https:\/\/twitter.com\/joaovitor2763","twitter_site":"@sunoresearch","twitter_misc":{"Escrito por":"Jo\u00e3o Vitor Chaves Silva","Est. tempo de leitura":"3 minutos"},"schema":{"@context":"https:\/\/schema.org","@graph":[{"@type":"NewsArticle","@id":"https:\/\/www.suno.com.br\/noticias\/a-seguir-polemicas-envolvendo-a-familia-bolsonaro-e-tensao-nos-eua-e-europa\/#article","isPartOf":{"@id":"https:\/\/www.suno.com.br\/noticias\/a-seguir-polemicas-envolvendo-a-familia-bolsonaro-e-tensao-nos-eua-e-europa\/"},"author":{"name":"Jo\u00e3o Vitor Chaves Silva","@id":"https:\/\/www.suno.com.br\/noticias\/#\/schema\/person\/962c5e214a16b408badbd2e3e889decc"},"headline":"A Seguir: Pol\u00eamicas envolvendo a Fam\u00edlia Bolsonaro e Tens\u00e3o nos EUA e Europa","datePublished":"2018-12-09T16:42:57+00:00","dateModified":"2021-02-18T20:56:00+00:00","mainEntityOfPage":{"@id":"https:\/\/www.suno.com.br\/noticias\/a-seguir-polemicas-envolvendo-a-familia-bolsonaro-e-tensao-nos-eua-e-europa\/"},"wordCount":623,"publisher":{"@id":"https:\/\/www.suno.com.br\/noticias\/#organization"},"image":{"@id":"https:\/\/www.suno.com.br\/noticias\/a-seguir-polemicas-envolvendo-a-familia-bolsonaro-e-tensao-nos-eua-e-europa\/#primaryimage"},"thumbnailUrl":"https:\/\/files.sunoresearch.com.br\/n\/uploads\/2018\/12\/e8876cc1-captura-de-tela-2018-12-09-14.41.19-png.webp","keywords":["Bolsa de Valores","China","Economia","Estados Unidos (EUA)","Jair Bolsonaro"],"articleSection":["Mercado"],"inLanguage":"pt-BR"},{"@type":"WebPage","@id":"https:\/\/www.suno.com.br\/noticias\/a-seguir-polemicas-envolvendo-a-familia-bolsonaro-e-tensao-nos-eua-e-europa\/","url":"https:\/\/www.suno.com.br\/noticias\/a-seguir-polemicas-envolvendo-a-familia-bolsonaro-e-tensao-nos-eua-e-europa\/","name":"A Seguir: Pol\u00eamicas envolvendo a Fam\u00edlia Bolsonaro e Tens\u00e3o nos EUA e Europa","isPartOf":{"@id":"https:\/\/www.suno.com.br\/noticias\/#website"},"primaryImageOfPage":{"@id":"https:\/\/www.suno.com.br\/noticias\/a-seguir-polemicas-envolvendo-a-familia-bolsonaro-e-tensao-nos-eua-e-europa\/#primaryimage"},"image":{"@id":"https:\/\/www.suno.com.br\/noticias\/a-seguir-polemicas-envolvendo-a-familia-bolsonaro-e-tensao-nos-eua-e-europa\/#primaryimage"},"thumbnailUrl":"https:\/\/files.sunoresearch.com.br\/n\/uploads\/2018\/12\/e8876cc1-captura-de-tela-2018-12-09-14.41.19-png.webp","datePublished":"2018-12-09T16:42:57+00:00","dateModified":"2021-02-18T20:56:00+00:00","breadcrumb":{"@id":"https:\/\/www.suno.com.br\/noticias\/a-seguir-polemicas-envolvendo-a-familia-bolsonaro-e-tensao-nos-eua-e-europa\/#breadcrumb"},"inLanguage":"pt-BR","potentialAction":[{"@type":"ReadAction","target":["https:\/\/www.suno.com.br\/noticias\/a-seguir-polemicas-envolvendo-a-familia-bolsonaro-e-tensao-nos-eua-e-europa\/"]}]},{"@type":"ImageObject","inLanguage":"pt-BR","@id":"https:\/\/www.suno.com.br\/noticias\/a-seguir-polemicas-envolvendo-a-familia-bolsonaro-e-tensao-nos-eua-e-europa\/#primaryimage","url":"https:\/\/files.sunoresearch.com.br\/n\/uploads\/2018\/12\/e8876cc1-captura-de-tela-2018-12-09-14.41.19-png.webp","contentUrl":"https:\/\/files.sunoresearch.com.br\/n\/uploads\/2018\/12\/e8876cc1-captura-de-tela-2018-12-09-14.41.19-png.webp","width":1636,"height":818},{"@type":"BreadcrumbList","@id":"https:\/\/www.suno.com.br\/noticias\/a-seguir-polemicas-envolvendo-a-familia-bolsonaro-e-tensao-nos-eua-e-europa\/#breadcrumb","itemListElement":[{"@type":"ListItem","position":1,"name":"Not\u00edcias","item":"https:\/\/www.suno.com.br\/noticias\/"},{"@type":"ListItem","position":2,"name":"Mercado","item":"https:\/\/www.suno.com.br\/noticias\/mercado\/"},{"@type":"ListItem","position":3,"name":"A Seguir: Pol\u00eamicas envolvendo a Fam\u00edlia Bolsonaro e Tens\u00e3o nos EUA e Europa"}]},{"@type":"WebSite","@id":"https:\/\/www.suno.com.br\/noticias\/#website","url":"https:\/\/www.suno.com.br\/noticias\/","name":"Suno Not\u00edcias","description":"Seu portal de informa\u00e7\u00e3o sobre o mundo dos investimentos","publisher":{"@id":"https:\/\/www.suno.com.br\/noticias\/#organization"},"potentialAction":[{"@type":"SearchAction","target":{"@type":"EntryPoint","urlTemplate":"https:\/\/www.suno.com.br\/noticias\/?s={search_term_string}"},"query-input":{"@type":"PropertyValueSpecification","valueRequired":true,"valueName":"search_term_string"}}],"inLanguage":"pt-BR"},{"@type":"Organization","@id":"https:\/\/www.suno.com.br\/noticias\/#organization","name":"Suno Not\u00edcias","url":"https:\/\/www.suno.com.br\/noticias\/","logo":{"@type":"ImageObject","inLanguage":"pt-BR","@id":"https:\/\/www.suno.com.br\/noticias\/#\/schema\/logo\/image\/","url":"https:\/\/files.sunoresearch.com.br\/n\/uploads\/2021\/09\/suno-logo.png","contentUrl":"https:\/\/files.sunoresearch.com.br\/n\/uploads\/2021\/09\/suno-logo.png","width":180,"height":180,"caption":"Suno Not\u00edcias"},"image":{"@id":"https:\/\/www.suno.com.br\/noticias\/#\/schema\/logo\/image\/"},"sameAs":["https:\/\/facebook.com\/sunoresearch","https:\/\/x.com\/sunoresearch","https:\/\/www.instagram.com\/suno","https:\/\/www.linkedin.com\/company\/suno-research\/","https:\/\/www.youtube.com\/c\/sunoresearch"]},{"@type":"Person","@id":"https:\/\/www.suno.com.br\/noticias\/#\/schema\/person\/962c5e214a16b408badbd2e3e889decc","name":"Jo\u00e3o Vitor Chaves Silva","image":{"@type":"ImageObject","inLanguage":"pt-BR","@id":"https:\/\/www.suno.com.br\/noticias\/#\/schema\/person\/image\/","url":"https:\/\/secure.gravatar.com\/avatar\/e2e62d3d83007a9c98150149e35d1c78?s=96&r=g","contentUrl":"https:\/\/secure.gravatar.com\/avatar\/e2e62d3d83007a9c98150149e35d1c78?s=96&r=g","caption":"Jo\u00e3o Vitor Chaves Silva"},"description":"Fundador do Empreenda Junto, 2\u00ba\u00a0Maior comunidade online de empreendedores do Brasil, 1\u00ba\u00a0Brasileiro e Pessoa mais jovem a receber o t\u00edtulo de Teacher Of New Ventures And Leadership pelo MIT GEB, COO da Suno Research.","sameAs":["https:\/\/www.suno.com.br","https:\/\/www.facebook.com\/joaovitor2763","https:\/\/x.com\/https:\/\/twitter.com\/joaovitor2763"],"url":"https:\/\/www.suno.com.br\/noticias\/author\/joao-vitor\/"}]}},"default_loop_html":"<div class=\"cardsPage__listCard__boxs\"><div class=\"cardsPage__listCard__boxs__img\"><a href=\"https:\/\/www.suno.com.br\/noticias\/a-seguir-polemicas-envolvendo-a-familia-bolsonaro-e-tensao-nos-eua-e-europa\/\"><img class=\"mask\" src=\"https:\/\/www.suno.com.br\/noticias\/wp-content\/themes\/suno\/resources\/images\/spotlight\/spotlight1img\/bg-mask.png\" alt=\"Image Mask\"\/><img src=\"https:\/\/files.sunoresearch.com.br\/n\/uploads\/2018\/12\/e8876cc1-captura-de-tela-2018-12-09-14.41.19-400x200.webp\" alt=\"A Seguir: Pol\u00eamicas envolvendo a Fam\u00edlia Bolsonaro e Tens\u00e3o nos EUA e Europa\"\/><\/a><span class=\"spotlightCategory\"><a href=\"https:\/\/www.suno.com.br\/noticias\/mercado\/\">Mercado<\/a><\/span><\/div><div class=\"cardsPage__listCard__boxs__content\"><a href=\"https:\/\/www.suno.com.br\/noticias\/a-seguir-polemicas-envolvendo-a-familia-bolsonaro-e-tensao-nos-eua-e-europa\/\"><h2 class=\"content__title\">A Seguir: Pol\u00eamicas envolvendo a Fam\u00edlia Bolsonaro e Tens\u00e3o nos EUA e Europa<\/h2><\/a><div class=\"newsContent__article__meta\"><div class=\"newsContent__article__meta__authorBox\"><a href=\"https:\/\/www.suno.com.br\/noticias\/author\/joao-vitor\/\" class=\"authorBox__avatar noMobi\"><img src=\"https:\/\/secure.gravatar.com\/avatar\/e2e62d3d83007a9c98150149e35d1c78?s=96&#038;r=g\" alt=\"Jo\u00e3o Vitor Chaves Silva\"><\/a><div class=\"authorBox__name\"><span>por\n\t\t\t<a href=\"https:\/\/www.suno.com.br\/noticias\/author\/joao-vitor\/\"><span itemprop=\"author\">Jo\u00e3o Vitor Chaves Silva<\/span><\/a><\/span><time datetime=\"2018-12-09T14:42:57-02:00\" itemprop=\"datePublished\">09\/12\/2018 14:42<\/time><\/div><\/div><\/div><\/div><\/div>","single_layout":"posts","amp_enabled":true,"_links":{"self":[{"href":"https:\/\/www.suno.com.br\/noticias\/wp-json\/wp\/v2\/posts\/8205"}],"collection":[{"href":"https:\/\/www.suno.com.br\/noticias\/wp-json\/wp\/v2\/posts"}],"about":[{"href":"https:\/\/www.suno.com.br\/noticias\/wp-json\/wp\/v2\/types\/post"}],"author":[{"embeddable":true,"href":"https:\/\/www.suno.com.br\/noticias\/wp-json\/wp\/v2\/users\/2"}],"replies":[{"embeddable":true,"href":"https:\/\/www.suno.com.br\/noticias\/wp-json\/wp\/v2\/comments?post=8205"}],"version-history":[{"count":0,"href":"https:\/\/www.suno.com.br\/noticias\/wp-json\/wp\/v2\/posts\/8205\/revisions"}],"wp:featuredmedia":[{"embeddable":true,"href":"https:\/\/www.suno.com.br\/noticias\/wp-json\/wp\/v2\/media\/8206"}],"wp:attachment":[{"href":"https:\/\/www.suno.com.br\/noticias\/wp-json\/wp\/v2\/media?parent=8205"}],"wp:term":[{"taxonomy":"category","embeddable":true,"href":"https:\/\/www.suno.com.br\/noticias\/wp-json\/wp\/v2\/categories?post=8205"},{"taxonomy":"post_tag","embeddable":true,"href":"https:\/\/www.suno.com.br\/noticias\/wp-json\/wp\/v2\/tags?post=8205"},{"taxonomy":"suno_strategy","embeddable":true,"href":"https:\/\/www.suno.com.br\/noticias\/wp-json\/wp\/v2\/suno_strategy?post=8205"}],"curies":[{"name":"wp","href":"https:\/\/api.w.org\/{rel}","templated":true}]}}