{"id":81925,"date":"2020-09-01T18:17:54","date_gmt":"2020-09-01T21:17:54","guid":{"rendered":"https:\/\/www.suno.com.br\/noticias\/?p=81925"},"modified":"2021-05-29T20:41:08","modified_gmt":"2021-05-29T23:41:08","slug":"dolar-encerra-primeiro-dia-mes-queda-175","status":"publish","type":"post","link":"https:\/\/www.suno.com.br\/noticias\/dolar-encerra-primeiro-dia-mes-queda-175\/","title":{"rendered":"D\u00f3lar encerra o primeiro dia do m\u00eas com queda de 1,75%, a R$ 5,3845"},"content":{"rendered":"<p>O <strong>d\u00f3lar<\/strong> encerrou a sess\u00e3o desta ter\u00e7a-feira, no primeiro dia do m\u00eas de setembro, em R$ 5,3845 representando uma queda de 1,75%.<\/p>\t<div class=\"wrapper-featured-image\">\n\t\t<figure class=\"spotlightImg\">\n\n\t\t\t<picture>\n\t\t\t\t<source media=\"(max-width: 768px)\" srcset=\"https:\/\/files.sunoresearch.com.br\/n\/uploads\/2020\/09\/8f8f20cb-d\u00f3lar-300x200-1-jpg.webp\">\n\t\t\t\t<img loading=\"lazy\" decoding=\"async\" class=\"newsContent__article__imgCapa lazyloadDisabled \" src=\"https:\/\/files.sunoresearch.com.br\/n\/uploads\/2020\/09\/8f8f20cb-d\u00f3lar-300x200-1-jpg.webp\" width=\"800\" height=\"450\" alt=\"D\u00f3lar encerra o primeiro dia do m\u00eas com queda de 1,75%, a R$ 5,3845\" fetchpriority=high \/>\n\t\t\t<\/picture>\n\n\t\t\t<figcaption class=\"wp-caption-text wp-caption-text--show\">O d\u00f3lar fechou hoje em seu menor patamar desde o dia 13 de agosto, quando a moeda americana encerrou em R$ 5,3666.<\/figcaption>\n\t\t<\/figure>\n\t<\/div>\n\n\n<div class=\"hubspot-form-wrapper\">\n\t<div id=\"single-form-target\"><\/div>\n<\/div>\n\n<p>O encerramento do d\u00f3lar hoje est\u00e1 em seu menor patamar desde o dia 13 de agosto, quando a moeda americana encerrou negociada a R$ 5,3666.<\/p>\n<p>Dentre as principais not\u00edcias que afetaram a cota\u00e7\u00e3o do d\u00f3lar, est\u00e3o a queda do <a href=\"https:\/\/www.suno.com.br\/artigos\/pib-produto-interno-bruto\/\">Produto Interno Bruto (<strong>PIB<\/strong>)<\/a> brasileiro no segundo trimestre, o an\u00fancio da diretora do Fed sobre a necessidade de est\u00edmulos na economia norte-americana e tamb\u00e9m a declara\u00e7\u00e3o de <a href=\"https:\/\/www.suno.com.br\/tudo-sobre\/paulo-guedes\/\">Paulo Guedes<\/a> sobre a proposta do programa Renda Brasil.<\/p>\n<p><a href=\"https:\/\/lp.suno.com.br\/suno-one\/\">Suno One: acesse gratuitamente eBooks, Minicursos, Artigos e Video Aulas sobre investimentos com um \u00fanico cadastro. Clique para saber mais!<\/a><\/p>\n<h2>PIB do segundo trimestre cai 9,7%, aponta IBGE<\/h2>\n<p>O PIB\u00a0do Brasil caiu 9,7% no segundo trimestre de 2020 em rela\u00e7\u00e3o ao trimestre anterior, na s\u00e9rie com ajuste sazonal. Em rela\u00e7\u00e3o ao mesmo per\u00edodo de 2019, a soma de todos os bens e servi\u00e7os produzidos no Pa\u00eds entre abril e junho caiu 11,4%. Ambas as taxas foram as quedas mais intensas da s\u00e9rie, iniciada em 1996. No acumulado dos quatro trimestres terminados em junho, houve queda de 2,2% em rela\u00e7\u00e3o aos quatro trimestres imediatamente anteriores. As informa\u00e7\u00f5es foram divulgadas pelo Instituto Brasileiro de Geografia e Estat\u00edstica (IBGE) na manh\u00e3 desta ter\u00e7a-feira (1).<\/p>\n<h2>Economia dos EUA precisa de est\u00edmulos, afirma a diretora do Fed<\/h2>\n<p>A diretora do<a href=\"https:\/\/www.suno.com.br\/artigos\/fed\/\"><strong> Federal Reserve (Fed)<\/strong><\/a>, Lael Brainard, afirmou nessa ter\u00e7a-feira (1) que o banco central norte-americano deve gerar mais est\u00edmulos para ajudar na recupera\u00e7\u00e3o da economia e do crescimento dos n\u00edveis de emprego que foi recentemente impactada pela pandemia do coronav\u00edrus (Covid-19).<\/p>\n<p>Brainard falou sobre a nova estrat\u00e9gia do Fed que imp\u00f5e uma meta de <a href=\"https:\/\/www.suno.com.br\/noticias\/inflacao-ipca-sobe-025-em-fevereiro-diz-ibge\/#:~:text=A%20infla%C3%A7%C3%A3o%20medida%20pelo%20IPCA,0%2C46%25%20no%20ano.\"><strong>infla\u00e7\u00e3o<\/strong><\/a> m\u00e9dia de 2%, divulgada na \u00faltima semana, no dia 27 de agosto, vinculando o tema com a necessidade da exist\u00eancia de um <a href=\"https:\/\/www.suno.com.br\/artigos\/politica-monetaria-expansionista\/\"><strong>est\u00edmulo monet\u00e1rio adicional<\/strong><\/a> nos Estados Unidos.<\/p>\n<p><a href=\"https:\/\/www.suno.com.br\/noticias\/economia-eua-precisa-estimulos-afirma-diretora-fed\/\">Saiba Mais: Economia dos EUA precisa de est\u00edmulos, afirma a diretora do Fed<\/a><\/p>\n<p>\u201cSer\u00e1 importante fornecer o est\u00edmulo necess\u00e1rio para atingir o <a href=\"https:\/\/www.suno.com.br\/artigos\/indice-de-desemprego\/\"><strong>emprego<\/strong> <strong>m\u00e1ximo<\/strong><\/a> e infla\u00e7\u00e3o m\u00e9dia de 2% ao longo do tempo\u201d, afirmou a diretora do Fed, \u201cComo a recupera\u00e7\u00e3o provavelmente enfrentar\u00e1 obst\u00e1culos relacionados \u00e0 Covid-19 por algum tempo nos pr\u00f3ximos meses, ser\u00e1 importante que a pol\u00edtica monet\u00e1ria passe da estabiliza\u00e7\u00e3o a estimulativa\u201d.<\/p>\n<p>Apesar da declara\u00e7\u00e3o feita sobre a necessidade dos est\u00edmulos econ\u00f4micos, Brainard afirma que as elei\u00e7\u00f5es presidenciais dos EUA, que ocorrer\u00e3o no dia 3 de novembro desse ano, ir\u00e3o definir as pr\u00f3ximas decis\u00f5es feitas pelo Fed sobre qualquer poss\u00edvel aux\u00edlio.<\/p>\n<h2>Renda Brasil pode tirar dinheiro do &#8220;andar de cima&#8221;, segundo Guedes<\/h2>\n<p>O ministro da Economia, afirmou, nesta ter\u00e7a-feira (1), que o governo ir\u00e1 &#8220;tirar dinheiro dos mais ricos&#8221; para realizar o novo programa nacional de renda m\u00ednima, <strong>Renda Brasil<\/strong>. A pedido do presidente Jair Bolsonaro, o Renda Brasil est\u00e1 passando por uma s\u00e9rie de estudos adicionais, de acordo com o ministro.<\/p>\n<p>A proposta do Renda Brasil era unificar entre 26 e 27 programas sociais. \u201cO presidente entendeu que est\u00e1vamos tirando dinheiro do abono salarial, mas n\u00f3s est\u00e1vamos unificando tudo isso\u201d, disse Guedes se referindo a unifica\u00e7\u00e3o dos programas sociais. \u201cN\u00f3s tamb\u00e9m vamos tirar dinheiro do andar de cima [mais ricos]\u201d, acrescentou o ministro.<\/p>\n<p><a href=\"https:\/\/www.suno.com.br\/noticias\/renda-brasil-tirar-dinheiro-andar-cima-diz-guedes\/\">Saiba Mais: Renda Brasil pode tirar dinheiro do &#8220;andar de cima&#8221;, segundo Guedes<\/a><\/p>\n<p>Guedes falou que o governo pretende acabar com a desigualdade social. \u201cVamos combater a desigualdade&#8221;, disse o ministro. \u201cVamos pegar dinheiro que est\u00e1 sobrando no andar de cima e canalizar no andar de baixo\u201d, acrescentou.<\/p>\n<h2>\u00daltima cota\u00e7\u00e3o do d\u00f3lar<\/h2>\n<p>Na \u00faltima sess\u00e3o do m\u00eas de agosto, na segunda-feira (31), o <strong>d\u00f3lar<\/strong> encerrou em alta de 1,202%, negociado a R$ 5,48.<\/p>\n","protected":false},"excerpt":{"rendered":"<p>O d\u00f3lar encerrou a sess\u00e3o desta ter\u00e7a-feira, no primeiro dia do m\u00eas de setembro, em R$ 5,3845 representando uma queda de 1,75%. O d\u00f3lar fechou hoje em seu menor patamar desde o dia 13 de agosto, quando a moeda americana encerrou em R$ 5,3666. O encerramento do d\u00f3lar hoje est\u00e1 em seu menor patamar desde [&hellip;]<\/p>\n","protected":false},"author":56,"featured_media":81946,"comment_status":"closed","ping_status":"closed","sticky":false,"template":"","format":"standard","meta":[],"categories":[60],"tags":[326,776,91142,807,94616],"suno_strategy":[],"class_list":["post-81925","post","type-post","status-publish","format-standard","has-post-thumbnail","hentry","category-mercado","tag-dolar","tag-federal-reseve-fed","tag-lael-brainard","tag-produto-interno-bruto-pib","tag-renda-brasil"],"yoast_head":"<!-- This site is optimized with the Yoast SEO plugin v24.4 - https:\/\/yoast.com\/wordpress\/plugins\/seo\/ -->\n<title>D\u00f3lar encerra o primeiro dia do m\u00eas com queda de 1,75%, a R$ 5,3845<\/title>\n<meta name=\"description\" content=\"O d\u00f3lar fechou hoje em seu menor patamar desde o dia 13 de agosto, quando a moeda americana encerrou em R$ 5,3666. Clique aqui para saber mais\" \/>\n<meta name=\"robots\" content=\"index, follow, max-snippet:-1, max-image-preview:large, max-video-preview:-1\" \/>\n<link rel=\"canonical\" href=\"https:\/\/www.suno.com.br\/noticias\/dolar-encerra-primeiro-dia-mes-queda-175\/\" \/>\n<meta property=\"og:locale\" content=\"pt_BR\" \/>\n<meta property=\"og:type\" content=\"article\" \/>\n<meta property=\"og:title\" content=\"D\u00f3lar encerra o primeiro dia do m\u00eas com queda de 1,75%, a R$ 5,3845\" \/>\n<meta property=\"og:description\" content=\"O d\u00f3lar fechou hoje em seu menor patamar desde o dia 13 de agosto, quando a moeda americana encerrou em R$ 5,3666. Clique aqui para saber mais\" \/>\n<meta property=\"og:url\" content=\"https:\/\/www.suno.com.br\/noticias\/dolar-encerra-primeiro-dia-mes-queda-175\/\" \/>\n<meta property=\"og:site_name\" content=\"Suno Not\u00edcias\" \/>\n<meta property=\"article:publisher\" content=\"https:\/\/facebook.com\/sunoresearch\" \/>\n<meta property=\"og:image\" content=\"https:\/\/files.sunoresearch.com.br\/n\/uploads\/2020\/09\/8f8f20cb-d\u00f3lar-300x200-1.jpg\" \/>\n\t<meta property=\"og:image:width\" content=\"300\" \/>\n\t<meta property=\"og:image:height\" content=\"200\" \/>\n\t<meta property=\"og:image:type\" content=\"image\/jpeg\" \/>\n<meta name=\"author\" content=\"Rafaela La Regina\" \/>\n<meta name=\"twitter:card\" content=\"summary_large_image\" \/>\n<meta name=\"twitter:creator\" content=\"@sunoresearch\" \/>\n<meta name=\"twitter:site\" content=\"@sunoresearch\" \/>\n<meta name=\"twitter:label1\" content=\"Escrito por\" \/>\n\t<meta name=\"twitter:data1\" content=\"Rafaela La Regina\" \/>\n\t<meta name=\"twitter:label2\" content=\"Est. tempo de leitura\" \/>\n\t<meta name=\"twitter:data2\" content=\"3 minutos\" \/>\n<script type=\"application\/ld+json\" class=\"yoast-schema-graph\">{\"@context\":\"https:\/\/schema.org\",\"@graph\":[{\"@type\":\"NewsArticle\",\"@id\":\"https:\/\/www.suno.com.br\/noticias\/dolar-encerra-primeiro-dia-mes-queda-175\/#article\",\"isPartOf\":{\"@id\":\"https:\/\/www.suno.com.br\/noticias\/dolar-encerra-primeiro-dia-mes-queda-175\/\"},\"author\":{\"name\":\"Rafaela La Regina\",\"@id\":\"https:\/\/www.suno.com.br\/noticias\/#\/schema\/person\/e672ca8cea627fe715fa29bca7da95e0\"},\"headline\":\"D\u00f3lar encerra o primeiro dia do m\u00eas com queda de 1,75%, a R$ 5,3845\",\"datePublished\":\"2020-09-01T21:17:54+00:00\",\"dateModified\":\"2021-05-29T23:41:08+00:00\",\"mainEntityOfPage\":{\"@id\":\"https:\/\/www.suno.com.br\/noticias\/dolar-encerra-primeiro-dia-mes-queda-175\/\"},\"wordCount\":680,\"publisher\":{\"@id\":\"https:\/\/www.suno.com.br\/noticias\/#organization\"},\"image\":{\"@id\":\"https:\/\/www.suno.com.br\/noticias\/dolar-encerra-primeiro-dia-mes-queda-175\/#primaryimage\"},\"thumbnailUrl\":\"https:\/\/files.sunoresearch.com.br\/n\/uploads\/2020\/09\/8f8f20cb-d\u00f3lar-300x200-1-jpg.webp\",\"keywords\":[\"d\u00f3lar\",\"Federal Reserve (FED)\",\"Lael Brainard\",\"Produto Interno Bruto (PIB)\",\"Renda Brasil\"],\"articleSection\":[\"Mercado\"],\"inLanguage\":\"pt-BR\"},{\"@type\":\"WebPage\",\"@id\":\"https:\/\/www.suno.com.br\/noticias\/dolar-encerra-primeiro-dia-mes-queda-175\/\",\"url\":\"https:\/\/www.suno.com.br\/noticias\/dolar-encerra-primeiro-dia-mes-queda-175\/\",\"name\":\"D\u00f3lar encerra o primeiro dia do m\u00eas com queda de 1,75%, a R$ 5,3845\",\"isPartOf\":{\"@id\":\"https:\/\/www.suno.com.br\/noticias\/#website\"},\"primaryImageOfPage\":{\"@id\":\"https:\/\/www.suno.com.br\/noticias\/dolar-encerra-primeiro-dia-mes-queda-175\/#primaryimage\"},\"image\":{\"@id\":\"https:\/\/www.suno.com.br\/noticias\/dolar-encerra-primeiro-dia-mes-queda-175\/#primaryimage\"},\"thumbnailUrl\":\"https:\/\/files.sunoresearch.com.br\/n\/uploads\/2020\/09\/8f8f20cb-d\u00f3lar-300x200-1-jpg.webp\",\"datePublished\":\"2020-09-01T21:17:54+00:00\",\"dateModified\":\"2021-05-29T23:41:08+00:00\",\"description\":\"O d\u00f3lar fechou hoje em seu menor patamar desde o dia 13 de agosto, quando a moeda americana encerrou em R$ 5,3666. Clique aqui para saber mais\",\"breadcrumb\":{\"@id\":\"https:\/\/www.suno.com.br\/noticias\/dolar-encerra-primeiro-dia-mes-queda-175\/#breadcrumb\"},\"inLanguage\":\"pt-BR\",\"potentialAction\":[{\"@type\":\"ReadAction\",\"target\":[\"https:\/\/www.suno.com.br\/noticias\/dolar-encerra-primeiro-dia-mes-queda-175\/\"]}]},{\"@type\":\"ImageObject\",\"inLanguage\":\"pt-BR\",\"@id\":\"https:\/\/www.suno.com.br\/noticias\/dolar-encerra-primeiro-dia-mes-queda-175\/#primaryimage\",\"url\":\"https:\/\/files.sunoresearch.com.br\/n\/uploads\/2020\/09\/8f8f20cb-d\u00f3lar-300x200-1-jpg.webp\",\"contentUrl\":\"https:\/\/files.sunoresearch.com.br\/n\/uploads\/2020\/09\/8f8f20cb-d\u00f3lar-300x200-1-jpg.webp\",\"width\":300,\"height\":200,\"caption\":\"O d\u00f3lar fechou hoje em seu menor patamar desde o dia 13 de agosto, quando a moeda americana encerrou em R$ 5,3666.\"},{\"@type\":\"BreadcrumbList\",\"@id\":\"https:\/\/www.suno.com.br\/noticias\/dolar-encerra-primeiro-dia-mes-queda-175\/#breadcrumb\",\"itemListElement\":[{\"@type\":\"ListItem\",\"position\":1,\"name\":\"Not\u00edcias\",\"item\":\"https:\/\/www.suno.com.br\/noticias\/\"},{\"@type\":\"ListItem\",\"position\":2,\"name\":\"Mercado\",\"item\":\"https:\/\/www.suno.com.br\/noticias\/mercado\/\"},{\"@type\":\"ListItem\",\"position\":3,\"name\":\"D\u00f3lar encerra o primeiro dia do m\u00eas com queda de 1,75%, a R$ 5,3845\"}]},{\"@type\":\"WebSite\",\"@id\":\"https:\/\/www.suno.com.br\/noticias\/#website\",\"url\":\"https:\/\/www.suno.com.br\/noticias\/\",\"name\":\"Suno Not\u00edcias\",\"description\":\"Seu portal de informa\u00e7\u00e3o sobre o mundo dos investimentos\",\"publisher\":{\"@id\":\"https:\/\/www.suno.com.br\/noticias\/#organization\"},\"potentialAction\":[{\"@type\":\"SearchAction\",\"target\":{\"@type\":\"EntryPoint\",\"urlTemplate\":\"https:\/\/www.suno.com.br\/noticias\/?s={search_term_string}\"},\"query-input\":{\"@type\":\"PropertyValueSpecification\",\"valueRequired\":true,\"valueName\":\"search_term_string\"}}],\"inLanguage\":\"pt-BR\"},{\"@type\":\"Organization\",\"@id\":\"https:\/\/www.suno.com.br\/noticias\/#organization\",\"name\":\"Suno Not\u00edcias\",\"url\":\"https:\/\/www.suno.com.br\/noticias\/\",\"logo\":{\"@type\":\"ImageObject\",\"inLanguage\":\"pt-BR\",\"@id\":\"https:\/\/www.suno.com.br\/noticias\/#\/schema\/logo\/image\/\",\"url\":\"https:\/\/files.sunoresearch.com.br\/n\/uploads\/2021\/09\/suno-logo.png\",\"contentUrl\":\"https:\/\/files.sunoresearch.com.br\/n\/uploads\/2021\/09\/suno-logo.png\",\"width\":180,\"height\":180,\"caption\":\"Suno Not\u00edcias\"},\"image\":{\"@id\":\"https:\/\/www.suno.com.br\/noticias\/#\/schema\/logo\/image\/\"},\"sameAs\":[\"https:\/\/facebook.com\/sunoresearch\",\"https:\/\/x.com\/sunoresearch\",\"https:\/\/www.instagram.com\/suno\",\"https:\/\/www.linkedin.com\/company\/suno-research\/\",\"https:\/\/www.youtube.com\/c\/sunoresearch\"]},{\"@type\":\"Person\",\"@id\":\"https:\/\/www.suno.com.br\/noticias\/#\/schema\/person\/e672ca8cea627fe715fa29bca7da95e0\",\"name\":\"Rafaela La Regina\",\"image\":{\"@type\":\"ImageObject\",\"inLanguage\":\"pt-BR\",\"@id\":\"https:\/\/www.suno.com.br\/noticias\/#\/schema\/person\/image\/\",\"url\":\"https:\/\/secure.gravatar.com\/avatar\/d2c75a52d243deb93d0465fdcb21bd37?s=96&r=g\",\"contentUrl\":\"https:\/\/secure.gravatar.com\/avatar\/d2c75a52d243deb93d0465fdcb21bd37?s=96&r=g\",\"caption\":\"Rafaela La Regina\"},\"description\":\"Estagi\u00e1ria no Suno Not\u00edcias. Escreve sobre economia, pol\u00edtica e neg\u00f3cios. Estuda Rela\u00e7\u00f5es Internacionais no IBMEC-SP.\",\"url\":\"https:\/\/www.suno.com.br\/noticias\/author\/rafaela-la-regina\/\"}]}<\/script>\n<!-- \/ Yoast SEO plugin. -->","yoast_head_json":{"title":"D\u00f3lar encerra o primeiro dia do m\u00eas com queda de 1,75%, a R$ 5,3845","description":"O d\u00f3lar fechou hoje em seu menor patamar desde o dia 13 de agosto, quando a moeda americana encerrou em R$ 5,3666. Clique aqui para saber mais","robots":{"index":"index","follow":"follow","max-snippet":"max-snippet:-1","max-image-preview":"max-image-preview:large","max-video-preview":"max-video-preview:-1"},"canonical":"https:\/\/www.suno.com.br\/noticias\/dolar-encerra-primeiro-dia-mes-queda-175\/","og_locale":"pt_BR","og_type":"article","og_title":"D\u00f3lar encerra o primeiro dia do m\u00eas com queda de 1,75%, a R$ 5,3845","og_description":"O d\u00f3lar fechou hoje em seu menor patamar desde o dia 13 de agosto, quando a moeda americana encerrou em R$ 5,3666. Clique aqui para saber mais","og_url":"https:\/\/www.suno.com.br\/noticias\/dolar-encerra-primeiro-dia-mes-queda-175\/","og_site_name":"Suno Not\u00edcias","article_publisher":"https:\/\/facebook.com\/sunoresearch","og_image":[{"width":300,"height":200,"url":"https:\/\/files.sunoresearch.com.br\/n\/uploads\/2020\/09\/8f8f20cb-d\u00f3lar-300x200-1.jpg","type":"image\/jpeg"}],"author":"Rafaela La Regina","twitter_card":"summary_large_image","twitter_creator":"@sunoresearch","twitter_site":"@sunoresearch","twitter_misc":{"Escrito por":"Rafaela La Regina","Est. tempo de leitura":"3 minutos"},"schema":{"@context":"https:\/\/schema.org","@graph":[{"@type":"NewsArticle","@id":"https:\/\/www.suno.com.br\/noticias\/dolar-encerra-primeiro-dia-mes-queda-175\/#article","isPartOf":{"@id":"https:\/\/www.suno.com.br\/noticias\/dolar-encerra-primeiro-dia-mes-queda-175\/"},"author":{"name":"Rafaela La Regina","@id":"https:\/\/www.suno.com.br\/noticias\/#\/schema\/person\/e672ca8cea627fe715fa29bca7da95e0"},"headline":"D\u00f3lar encerra o primeiro dia do m\u00eas com queda de 1,75%, a R$ 5,3845","datePublished":"2020-09-01T21:17:54+00:00","dateModified":"2021-05-29T23:41:08+00:00","mainEntityOfPage":{"@id":"https:\/\/www.suno.com.br\/noticias\/dolar-encerra-primeiro-dia-mes-queda-175\/"},"wordCount":680,"publisher":{"@id":"https:\/\/www.suno.com.br\/noticias\/#organization"},"image":{"@id":"https:\/\/www.suno.com.br\/noticias\/dolar-encerra-primeiro-dia-mes-queda-175\/#primaryimage"},"thumbnailUrl":"https:\/\/files.sunoresearch.com.br\/n\/uploads\/2020\/09\/8f8f20cb-d\u00f3lar-300x200-1-jpg.webp","keywords":["d\u00f3lar","Federal Reserve (FED)","Lael Brainard","Produto Interno Bruto (PIB)","Renda Brasil"],"articleSection":["Mercado"],"inLanguage":"pt-BR"},{"@type":"WebPage","@id":"https:\/\/www.suno.com.br\/noticias\/dolar-encerra-primeiro-dia-mes-queda-175\/","url":"https:\/\/www.suno.com.br\/noticias\/dolar-encerra-primeiro-dia-mes-queda-175\/","name":"D\u00f3lar encerra o primeiro dia do m\u00eas com queda de 1,75%, a R$ 5,3845","isPartOf":{"@id":"https:\/\/www.suno.com.br\/noticias\/#website"},"primaryImageOfPage":{"@id":"https:\/\/www.suno.com.br\/noticias\/dolar-encerra-primeiro-dia-mes-queda-175\/#primaryimage"},"image":{"@id":"https:\/\/www.suno.com.br\/noticias\/dolar-encerra-primeiro-dia-mes-queda-175\/#primaryimage"},"thumbnailUrl":"https:\/\/files.sunoresearch.com.br\/n\/uploads\/2020\/09\/8f8f20cb-d\u00f3lar-300x200-1-jpg.webp","datePublished":"2020-09-01T21:17:54+00:00","dateModified":"2021-05-29T23:41:08+00:00","description":"O d\u00f3lar fechou hoje em seu menor patamar desde o dia 13 de agosto, quando a moeda americana encerrou em R$ 5,3666. Clique aqui para saber mais","breadcrumb":{"@id":"https:\/\/www.suno.com.br\/noticias\/dolar-encerra-primeiro-dia-mes-queda-175\/#breadcrumb"},"inLanguage":"pt-BR","potentialAction":[{"@type":"ReadAction","target":["https:\/\/www.suno.com.br\/noticias\/dolar-encerra-primeiro-dia-mes-queda-175\/"]}]},{"@type":"ImageObject","inLanguage":"pt-BR","@id":"https:\/\/www.suno.com.br\/noticias\/dolar-encerra-primeiro-dia-mes-queda-175\/#primaryimage","url":"https:\/\/files.sunoresearch.com.br\/n\/uploads\/2020\/09\/8f8f20cb-d\u00f3lar-300x200-1-jpg.webp","contentUrl":"https:\/\/files.sunoresearch.com.br\/n\/uploads\/2020\/09\/8f8f20cb-d\u00f3lar-300x200-1-jpg.webp","width":300,"height":200,"caption":"O d\u00f3lar fechou hoje em seu menor patamar desde o dia 13 de agosto, quando a moeda americana encerrou em R$ 5,3666."},{"@type":"BreadcrumbList","@id":"https:\/\/www.suno.com.br\/noticias\/dolar-encerra-primeiro-dia-mes-queda-175\/#breadcrumb","itemListElement":[{"@type":"ListItem","position":1,"name":"Not\u00edcias","item":"https:\/\/www.suno.com.br\/noticias\/"},{"@type":"ListItem","position":2,"name":"Mercado","item":"https:\/\/www.suno.com.br\/noticias\/mercado\/"},{"@type":"ListItem","position":3,"name":"D\u00f3lar encerra o primeiro dia do m\u00eas com queda de 1,75%, a R$ 5,3845"}]},{"@type":"WebSite","@id":"https:\/\/www.suno.com.br\/noticias\/#website","url":"https:\/\/www.suno.com.br\/noticias\/","name":"Suno Not\u00edcias","description":"Seu portal de informa\u00e7\u00e3o sobre o mundo dos investimentos","publisher":{"@id":"https:\/\/www.suno.com.br\/noticias\/#organization"},"potentialAction":[{"@type":"SearchAction","target":{"@type":"EntryPoint","urlTemplate":"https:\/\/www.suno.com.br\/noticias\/?s={search_term_string}"},"query-input":{"@type":"PropertyValueSpecification","valueRequired":true,"valueName":"search_term_string"}}],"inLanguage":"pt-BR"},{"@type":"Organization","@id":"https:\/\/www.suno.com.br\/noticias\/#organization","name":"Suno Not\u00edcias","url":"https:\/\/www.suno.com.br\/noticias\/","logo":{"@type":"ImageObject","inLanguage":"pt-BR","@id":"https:\/\/www.suno.com.br\/noticias\/#\/schema\/logo\/image\/","url":"https:\/\/files.sunoresearch.com.br\/n\/uploads\/2021\/09\/suno-logo.png","contentUrl":"https:\/\/files.sunoresearch.com.br\/n\/uploads\/2021\/09\/suno-logo.png","width":180,"height":180,"caption":"Suno Not\u00edcias"},"image":{"@id":"https:\/\/www.suno.com.br\/noticias\/#\/schema\/logo\/image\/"},"sameAs":["https:\/\/facebook.com\/sunoresearch","https:\/\/x.com\/sunoresearch","https:\/\/www.instagram.com\/suno","https:\/\/www.linkedin.com\/company\/suno-research\/","https:\/\/www.youtube.com\/c\/sunoresearch"]},{"@type":"Person","@id":"https:\/\/www.suno.com.br\/noticias\/#\/schema\/person\/e672ca8cea627fe715fa29bca7da95e0","name":"Rafaela La Regina","image":{"@type":"ImageObject","inLanguage":"pt-BR","@id":"https:\/\/www.suno.com.br\/noticias\/#\/schema\/person\/image\/","url":"https:\/\/secure.gravatar.com\/avatar\/d2c75a52d243deb93d0465fdcb21bd37?s=96&r=g","contentUrl":"https:\/\/secure.gravatar.com\/avatar\/d2c75a52d243deb93d0465fdcb21bd37?s=96&r=g","caption":"Rafaela La Regina"},"description":"Estagi\u00e1ria no Suno Not\u00edcias. Escreve sobre economia, pol\u00edtica e neg\u00f3cios. Estuda Rela\u00e7\u00f5es Internacionais no IBMEC-SP.","url":"https:\/\/www.suno.com.br\/noticias\/author\/rafaela-la-regina\/"}]}},"default_loop_html":"<div class=\"cardsPage__listCard__boxs\"><div class=\"cardsPage__listCard__boxs__img\"><a href=\"https:\/\/www.suno.com.br\/noticias\/dolar-encerra-primeiro-dia-mes-queda-175\/\"><img class=\"mask\" src=\"https:\/\/www.suno.com.br\/noticias\/wp-content\/themes\/suno\/resources\/images\/spotlight\/spotlight1img\/bg-mask.png\" alt=\"Image Mask\"\/><img src=\"https:\/\/files.sunoresearch.com.br\/n\/uploads\/2020\/09\/8f8f20cb-d\u00f3lar-300x200-1-jpg.webp\" alt=\"D\u00f3lar encerra o primeiro dia do m\u00eas com queda de 1,75%, a R$ 5,3845\"\/><\/a><span class=\"spotlightCategory\"><a href=\"https:\/\/www.suno.com.br\/noticias\/mercado\/\">Mercado<\/a><\/span><\/div><div class=\"cardsPage__listCard__boxs__content\"><a href=\"https:\/\/www.suno.com.br\/noticias\/dolar-encerra-primeiro-dia-mes-queda-175\/\"><h2 class=\"content__title\">D\u00f3lar encerra o primeiro dia do m\u00eas com queda de 1,75%, a R$ 5,3845<\/h2><\/a><div class=\"newsContent__article__meta\"><div class=\"newsContent__article__meta__authorBox\"><a href=\"https:\/\/www.suno.com.br\/noticias\/author\/rafaela-la-regina\/\" class=\"authorBox__avatar noMobi\"><img src=\"https:\/\/secure.gravatar.com\/avatar\/d2c75a52d243deb93d0465fdcb21bd37?s=96&#038;r=g\" alt=\"Rafaela La Regina\"><\/a><div class=\"authorBox__name\"><span>por\n\t\t\t<a href=\"https:\/\/www.suno.com.br\/noticias\/author\/rafaela-la-regina\/\"><span itemprop=\"author\">Rafaela La Regina<\/span><\/a><\/span><time datetime=\"2020-09-01T18:17:54-03:00\" itemprop=\"datePublished\">01\/09\/2020 18:17<\/time><\/div><\/div><\/div><\/div><\/div>","single_layout":"posts","amp_enabled":true,"_links":{"self":[{"href":"https:\/\/www.suno.com.br\/noticias\/wp-json\/wp\/v2\/posts\/81925"}],"collection":[{"href":"https:\/\/www.suno.com.br\/noticias\/wp-json\/wp\/v2\/posts"}],"about":[{"href":"https:\/\/www.suno.com.br\/noticias\/wp-json\/wp\/v2\/types\/post"}],"author":[{"embeddable":true,"href":"https:\/\/www.suno.com.br\/noticias\/wp-json\/wp\/v2\/users\/56"}],"replies":[{"embeddable":true,"href":"https:\/\/www.suno.com.br\/noticias\/wp-json\/wp\/v2\/comments?post=81925"}],"version-history":[{"count":1,"href":"https:\/\/www.suno.com.br\/noticias\/wp-json\/wp\/v2\/posts\/81925\/revisions"}],"predecessor-version":[{"id":152241,"href":"https:\/\/www.suno.com.br\/noticias\/wp-json\/wp\/v2\/posts\/81925\/revisions\/152241"}],"wp:featuredmedia":[{"embeddable":true,"href":"https:\/\/www.suno.com.br\/noticias\/wp-json\/wp\/v2\/media\/81946"}],"wp:attachment":[{"href":"https:\/\/www.suno.com.br\/noticias\/wp-json\/wp\/v2\/media?parent=81925"}],"wp:term":[{"taxonomy":"category","embeddable":true,"href":"https:\/\/www.suno.com.br\/noticias\/wp-json\/wp\/v2\/categories?post=81925"},{"taxonomy":"post_tag","embeddable":true,"href":"https:\/\/www.suno.com.br\/noticias\/wp-json\/wp\/v2\/tags?post=81925"},{"taxonomy":"suno_strategy","embeddable":true,"href":"https:\/\/www.suno.com.br\/noticias\/wp-json\/wp\/v2\/suno_strategy?post=81925"}],"curies":[{"name":"wp","href":"https:\/\/api.w.org\/{rel}","templated":true}]}}