{"id":81888,"date":"2020-09-01T17:32:02","date_gmt":"2020-09-01T20:32:02","guid":{"rendered":"https:\/\/www.suno.com.br\/noticias\/?p=81888"},"modified":"2020-09-01T17:32:02","modified_gmt":"2020-09-01T20:32:02","slug":"aumento-real-salario-minimo-onda-demissoes-preve-guedes","status":"publish","type":"post","link":"https:\/\/www.suno.com.br\/noticias\/aumento-real-salario-minimo-onda-demissoes-preve-guedes\/","title":{"rendered":"Aumento real do sal\u00e1rio m\u00ednimo pode causar onda de demiss\u00f5es, diz Guedes"},"content":{"rendered":"<p>O ministro da Economia, <a href=\"https:\/\/www.suno.com.br\/tudo-sobre\/paulo-guedes\/\">Paulo Guedes<\/a>, afirmou que o reajuste do <a href=\"https:\/\/www.suno.com.br\/artigos\/salario-minimo\/\">sal\u00e1rio m\u00ednimo<\/a> n\u00e3o deve ultrapassar o valor da <a href=\"https:\/\/www.suno.com.br\/artigos\/inflacao\/\">infla\u00e7\u00e3o<\/a> em fun\u00e7\u00e3o das preocupa\u00e7\u00f5es com os <a href=\"https:\/\/www.suno.com.br\/artigos\/indice-de-desemprego\/\">n\u00edveis de desemprego<\/a> que podem ser aumentados. A informa\u00e7\u00e3o foi divulgada nessa ter\u00e7a-feira (1).<\/p>\t<div class=\"wrapper-featured-image\">\n\t\t<figure class=\"spotlightImg\">\n\n\t\t\t<picture>\n\t\t\t\t<source media=\"(max-width: 768px)\" srcset=\"https:\/\/files.sunoresearch.com.br\/n\/uploads\/2020\/09\/93aead6d-paulo-guedes-300x200-1-jpg.webp\">\n\t\t\t\t<img loading=\"lazy\" decoding=\"async\" class=\"newsContent__article__imgCapa lazyloadDisabled \" src=\"https:\/\/files.sunoresearch.com.br\/n\/uploads\/2020\/09\/93aead6d-paulo-guedes-300x200-1-jpg.webp\" width=\"800\" height=\"450\" alt=\"Aumento real do sal\u00e1rio m\u00ednimo pode causar onda de demiss\u00f5es, diz Guedes\" fetchpriority=high \/>\n\t\t\t<\/picture>\n\n\t\t\t<figcaption class=\"wp-caption-text wp-caption-text--show\">Ministro da Economia, Paulo Guedes (foto: divulga\u00e7\u00e3o)<\/figcaption>\n\t\t<\/figure>\n\t<\/div>\n\n\n<div class=\"hubspot-form-wrapper\">\n\t<div id=\"single-form-target\"><\/div>\n<\/div>\n\n<p>Na \u00faltima segunda-feira (31), o <a href=\"https:\/\/www.suno.com.br\/noticias\/tags\/ministerio-da-economia\/\">Minist\u00e9rio da Economia<\/a> enviou ao Congresso Nacional uma proposta que prev\u00ea um piso de R$ 1.067 para o pr\u00f3ximo ano, com pagamento a partir de fevereiro do ano que vem. Nesse sentido, o m\u00ednimo n\u00e3o tem aumento real pelo segundo ano consecutivo.<\/p>\n<p>O montante proposto pelo governo equivale a um aumento de R$ 22 em compara\u00e7\u00e3o ao sal\u00e1rio m\u00ednimo atual, que \u00e9 de R$ 1.045. Entretanto, vale destacar que a proposta ainda precisa ser aprovada pelo Congresso.<\/p>\n<p><a href=\"https:\/\/lp.suno.com.br\/suno-one\/\">Suno One: acesse gratuitamente eBooks, Minicursos, Artigos e Video Aulas sobre investimentos com um \u00fanico cadastro. Clique para saber mais!<\/a><\/p>\n<p>Por outro lado, o montante representa uma queda de R$ 12 quando comparado com o valor de R$ 1079,00, que foi proposto em 15 de abril, para o ano que vem, quando era esperado que o <a href=\"https:\/\/www.suno.com.br\/artigos\/indices-de-inflacao\/#:~:text=%C3%8Dndice%20Nacional%20de%20Pre%C3%A7os%20ao,consumo%20e%20servi%C3%A7os%20no%20pa%C3%ADs%3B&amp;text=%C3%8Dndice%20Geral%20de%20Pre%C3%A7os%20do,p%C3%BAblicos%20e%20contratos%20de%20aluguel.\">\u00cdndice Nacional de Pre\u00e7os ao Consumidor (INPC)<\/a> tivesse uma alta de 3,27% em 2020.<\/p>\n<p>Ap\u00f3s declarar que a proposta feita ir\u00e1 apenas reajustar a infla\u00e7\u00e3o, o ministro da economia completou que caso isso n\u00e3o ocorra, o Brasil pode sofrer uma onda de demiss\u00f5es.<\/p>\n<p>\u201cHoje, se voc\u00ea der um aumento de sal\u00e1rio m\u00ednimo, v\u00e3o ter no m\u00ednimo milhares e talvez milh\u00f5es de pessoas que v\u00e3o ser demitidas. Voc\u00ea est\u00e1 no meio de uma crise de emprego terr\u00edvel, todo mundo desempregado, voc\u00ea dar um aumento de sal\u00e1rio, vai condenar as pessoas ao desemprego. N\u00f3s estamos atentos a isso, mas n\u00f3s temos que ter cuidado para a hora que voc\u00ea tem que fazer esse tipo de ajuste\u201d. afirmou Guedes.<\/p>\n<h2>Sal\u00e1rio m\u00ednimo atual<\/h2>\n<p>O Senado Federal aprovou em meados de maio a Medida Provis\u00f3ria (MP) 919\/2020 que estabelece o <strong><a href=\"https:\/\/www.suno.com.br\/artigos\/salario-minimo\/\">sal\u00e1rio m\u00ednimo<\/a><\/strong> na casa dos R$ 1.045.<\/p>\n<p><a href=\"https:\/\/www.suno.com.br\/noticias\/governo-proposta-salario-minimo-2021\/\">Saiba Mais: Governo prop\u00f5e sal\u00e1rio m\u00ednimo de R$ 1.067 para 2021<\/a><\/p>\n<p>A medida foi editada no m\u00eas de fevereiro e foi votada em maio pela C\u00e2mara dos Deputados. O valor definido para o <strong>sal\u00e1rio m\u00ednimo<\/strong> pela medida foi um reajuste dos R$ 1.039 fixados no final do ano anterior. A mudan\u00e7a seguiu a varia\u00e7\u00e3o do INPC.<\/p>\n\t<p>\n\t\t<a href=\"https:\/\/lp.suno.com.br\/planilha-de-controle-de-investimentos\/\" target=\"_blank\" data-element=\"shortcode-suno-banner\" title=\"Banner SUNO, clique e saiba mais\">\n\t\t\t<picture>\n\t\t\t\t<source media=\"(max-width: 500px)\" srcset=\"https:\/\/files.sunoresearch.com.br\/n\/uploads\/2023\/03\/400x300-Controle-de-Investimentos.png\">\n\t\t\t\t<img class=\"newsContent__article__imgCapa newsContent__article__imgCapa--banner\"\n\t\t\t\t\tsrc=\"https:\/\/files.sunoresearch.com.br\/n\/uploads\/2023\/03\/1420x240-Controle-de-Investimentos.png\"\n\t\t\t\t\tdata-promo-id=\"75934\"\t\t\t\t\t\t\t\t\t\twidth='1420' height='240'\t\t\t\t\talt=\"https:\/\/files.sunoresearch.com.br\/n\/uploads\/2023\/03\/1420x240-Controle-de-Investimentos.png\"\n\t\t\t\t>\n\t\t\t<\/picture>\n\t\t<\/a>\n\t<\/p>\n\n\n","protected":false},"excerpt":{"rendered":"<p>O ministro da Economia, Paulo Guedes, afirmou que o reajuste do sal\u00e1rio m\u00ednimo n\u00e3o deve ultrapassar o valor da infla\u00e7\u00e3o em fun\u00e7\u00e3o das preocupa\u00e7\u00f5es com os n\u00edveis de desemprego que podem ser aumentados. A informa\u00e7\u00e3o foi divulgada nessa ter\u00e7a-feira (1). Ministro da Economia, Paulo Guedes (foto: divulga\u00e7\u00e3o) Na \u00faltima segunda-feira (31), o Minist\u00e9rio da Economia [&hellip;]<\/p>\n","protected":false},"author":56,"featured_media":81898,"comment_status":"closed","ping_status":"closed","sticky":false,"template":"","format":"standard","meta":[],"categories":[62],"tags":[909,796,1824],"suno_strategy":[],"class_list":["post-81888","post","type-post","status-publish","format-standard","has-post-thumbnail","hentry","category-economia","tag-ministerio-da-economia","tag-paulo-guedes","tag-salario-minimo"],"yoast_head":"<!-- This site is optimized with the Yoast SEO plugin v24.4 - https:\/\/yoast.com\/wordpress\/plugins\/seo\/ -->\n<title>Aumento real do sal\u00e1rio m\u00ednimo pode onda de demiss\u00f5es, diz Guedes<\/title>\n<meta name=\"description\" content=\"O sal\u00e1rio m\u00ednimo de 2021 n\u00e3o deve ultrapassar o valor da infla\u00e7\u00e3o devido as preocupa\u00e7\u00f5es com os n\u00edveis de desemprego. Clique para saber mais\" \/>\n<meta name=\"robots\" content=\"index, follow, max-snippet:-1, max-image-preview:large, max-video-preview:-1\" \/>\n<link rel=\"canonical\" href=\"https:\/\/www.suno.com.br\/noticias\/aumento-real-salario-minimo-onda-demissoes-preve-guedes\/\" \/>\n<meta property=\"og:locale\" content=\"pt_BR\" \/>\n<meta property=\"og:type\" content=\"article\" \/>\n<meta property=\"og:title\" content=\"Aumento real do sal\u00e1rio m\u00ednimo pode onda de demiss\u00f5es, diz Guedes\" \/>\n<meta property=\"og:description\" content=\"O sal\u00e1rio m\u00ednimo de 2021 n\u00e3o deve ultrapassar o valor da infla\u00e7\u00e3o devido as preocupa\u00e7\u00f5es com os n\u00edveis de desemprego. Clique para saber mais\" \/>\n<meta property=\"og:url\" content=\"https:\/\/www.suno.com.br\/noticias\/aumento-real-salario-minimo-onda-demissoes-preve-guedes\/\" \/>\n<meta property=\"og:site_name\" content=\"Suno Not\u00edcias\" \/>\n<meta property=\"article:publisher\" content=\"https:\/\/facebook.com\/sunoresearch\" \/>\n<meta property=\"og:image\" content=\"https:\/\/files.sunoresearch.com.br\/n\/uploads\/2020\/09\/93aead6d-paulo-guedes-300x200-1.jpg\" \/>\n\t<meta property=\"og:image:width\" content=\"300\" \/>\n\t<meta property=\"og:image:height\" content=\"200\" \/>\n\t<meta property=\"og:image:type\" content=\"image\/jpeg\" \/>\n<meta name=\"author\" content=\"Rafaela La Regina\" \/>\n<meta name=\"twitter:card\" content=\"summary_large_image\" \/>\n<meta name=\"twitter:creator\" content=\"@sunoresearch\" \/>\n<meta name=\"twitter:site\" content=\"@sunoresearch\" \/>\n<meta name=\"twitter:label1\" content=\"Escrito por\" \/>\n\t<meta name=\"twitter:data1\" content=\"Rafaela La Regina\" \/>\n\t<meta name=\"twitter:label2\" content=\"Est. tempo de leitura\" \/>\n\t<meta name=\"twitter:data2\" content=\"2 minutos\" \/>\n<script type=\"application\/ld+json\" class=\"yoast-schema-graph\">{\"@context\":\"https:\/\/schema.org\",\"@graph\":[{\"@type\":\"NewsArticle\",\"@id\":\"https:\/\/www.suno.com.br\/noticias\/aumento-real-salario-minimo-onda-demissoes-preve-guedes\/#article\",\"isPartOf\":{\"@id\":\"https:\/\/www.suno.com.br\/noticias\/aumento-real-salario-minimo-onda-demissoes-preve-guedes\/\"},\"author\":{\"name\":\"Rafaela La Regina\",\"@id\":\"https:\/\/www.suno.com.br\/noticias\/#\/schema\/person\/e672ca8cea627fe715fa29bca7da95e0\"},\"headline\":\"Aumento real do sal\u00e1rio m\u00ednimo pode causar onda de demiss\u00f5es, diz Guedes\",\"datePublished\":\"2020-09-01T20:32:02+00:00\",\"mainEntityOfPage\":{\"@id\":\"https:\/\/www.suno.com.br\/noticias\/aumento-real-salario-minimo-onda-demissoes-preve-guedes\/\"},\"wordCount\":436,\"publisher\":{\"@id\":\"https:\/\/www.suno.com.br\/noticias\/#organization\"},\"image\":{\"@id\":\"https:\/\/www.suno.com.br\/noticias\/aumento-real-salario-minimo-onda-demissoes-preve-guedes\/#primaryimage\"},\"thumbnailUrl\":\"https:\/\/files.sunoresearch.com.br\/n\/uploads\/2020\/09\/93aead6d-paulo-guedes-300x200-1-jpg.webp\",\"keywords\":[\"Minist\u00e9rio da Economia\",\"Paulo Guedes\",\"sal\u00e1rio m\u00ednimo\"],\"articleSection\":[\"Economia\"],\"inLanguage\":\"pt-BR\"},{\"@type\":\"WebPage\",\"@id\":\"https:\/\/www.suno.com.br\/noticias\/aumento-real-salario-minimo-onda-demissoes-preve-guedes\/\",\"url\":\"https:\/\/www.suno.com.br\/noticias\/aumento-real-salario-minimo-onda-demissoes-preve-guedes\/\",\"name\":\"Aumento real do sal\u00e1rio m\u00ednimo pode onda de demiss\u00f5es, diz Guedes\",\"isPartOf\":{\"@id\":\"https:\/\/www.suno.com.br\/noticias\/#website\"},\"primaryImageOfPage\":{\"@id\":\"https:\/\/www.suno.com.br\/noticias\/aumento-real-salario-minimo-onda-demissoes-preve-guedes\/#primaryimage\"},\"image\":{\"@id\":\"https:\/\/www.suno.com.br\/noticias\/aumento-real-salario-minimo-onda-demissoes-preve-guedes\/#primaryimage\"},\"thumbnailUrl\":\"https:\/\/files.sunoresearch.com.br\/n\/uploads\/2020\/09\/93aead6d-paulo-guedes-300x200-1-jpg.webp\",\"datePublished\":\"2020-09-01T20:32:02+00:00\",\"description\":\"O sal\u00e1rio m\u00ednimo de 2021 n\u00e3o deve ultrapassar o valor da infla\u00e7\u00e3o devido as preocupa\u00e7\u00f5es com os n\u00edveis de desemprego. Clique para saber mais\",\"breadcrumb\":{\"@id\":\"https:\/\/www.suno.com.br\/noticias\/aumento-real-salario-minimo-onda-demissoes-preve-guedes\/#breadcrumb\"},\"inLanguage\":\"pt-BR\",\"potentialAction\":[{\"@type\":\"ReadAction\",\"target\":[\"https:\/\/www.suno.com.br\/noticias\/aumento-real-salario-minimo-onda-demissoes-preve-guedes\/\"]}]},{\"@type\":\"ImageObject\",\"inLanguage\":\"pt-BR\",\"@id\":\"https:\/\/www.suno.com.br\/noticias\/aumento-real-salario-minimo-onda-demissoes-preve-guedes\/#primaryimage\",\"url\":\"https:\/\/files.sunoresearch.com.br\/n\/uploads\/2020\/09\/93aead6d-paulo-guedes-300x200-1-jpg.webp\",\"contentUrl\":\"https:\/\/files.sunoresearch.com.br\/n\/uploads\/2020\/09\/93aead6d-paulo-guedes-300x200-1-jpg.webp\",\"width\":300,\"height\":200,\"caption\":\"Ministro da Economia, Paulo Guedes (foto: divulga\u00e7\u00e3o)\"},{\"@type\":\"BreadcrumbList\",\"@id\":\"https:\/\/www.suno.com.br\/noticias\/aumento-real-salario-minimo-onda-demissoes-preve-guedes\/#breadcrumb\",\"itemListElement\":[{\"@type\":\"ListItem\",\"position\":1,\"name\":\"Not\u00edcias\",\"item\":\"https:\/\/www.suno.com.br\/noticias\/\"},{\"@type\":\"ListItem\",\"position\":2,\"name\":\"Economia\",\"item\":\"https:\/\/www.suno.com.br\/noticias\/economia\/\"},{\"@type\":\"ListItem\",\"position\":3,\"name\":\"Aumento real do sal\u00e1rio m\u00ednimo pode causar onda de demiss\u00f5es, diz Guedes\"}]},{\"@type\":\"WebSite\",\"@id\":\"https:\/\/www.suno.com.br\/noticias\/#website\",\"url\":\"https:\/\/www.suno.com.br\/noticias\/\",\"name\":\"Suno Not\u00edcias\",\"description\":\"Seu portal de informa\u00e7\u00e3o sobre o mundo dos investimentos\",\"publisher\":{\"@id\":\"https:\/\/www.suno.com.br\/noticias\/#organization\"},\"potentialAction\":[{\"@type\":\"SearchAction\",\"target\":{\"@type\":\"EntryPoint\",\"urlTemplate\":\"https:\/\/www.suno.com.br\/noticias\/?s={search_term_string}\"},\"query-input\":{\"@type\":\"PropertyValueSpecification\",\"valueRequired\":true,\"valueName\":\"search_term_string\"}}],\"inLanguage\":\"pt-BR\"},{\"@type\":\"Organization\",\"@id\":\"https:\/\/www.suno.com.br\/noticias\/#organization\",\"name\":\"Suno Not\u00edcias\",\"url\":\"https:\/\/www.suno.com.br\/noticias\/\",\"logo\":{\"@type\":\"ImageObject\",\"inLanguage\":\"pt-BR\",\"@id\":\"https:\/\/www.suno.com.br\/noticias\/#\/schema\/logo\/image\/\",\"url\":\"https:\/\/files.sunoresearch.com.br\/n\/uploads\/2021\/09\/suno-logo.png\",\"contentUrl\":\"https:\/\/files.sunoresearch.com.br\/n\/uploads\/2021\/09\/suno-logo.png\",\"width\":180,\"height\":180,\"caption\":\"Suno Not\u00edcias\"},\"image\":{\"@id\":\"https:\/\/www.suno.com.br\/noticias\/#\/schema\/logo\/image\/\"},\"sameAs\":[\"https:\/\/facebook.com\/sunoresearch\",\"https:\/\/x.com\/sunoresearch\",\"https:\/\/www.instagram.com\/suno\",\"https:\/\/www.linkedin.com\/company\/suno-research\/\",\"https:\/\/www.youtube.com\/c\/sunoresearch\"]},{\"@type\":\"Person\",\"@id\":\"https:\/\/www.suno.com.br\/noticias\/#\/schema\/person\/e672ca8cea627fe715fa29bca7da95e0\",\"name\":\"Rafaela La Regina\",\"image\":{\"@type\":\"ImageObject\",\"inLanguage\":\"pt-BR\",\"@id\":\"https:\/\/www.suno.com.br\/noticias\/#\/schema\/person\/image\/\",\"url\":\"https:\/\/secure.gravatar.com\/avatar\/d2c75a52d243deb93d0465fdcb21bd37?s=96&r=g\",\"contentUrl\":\"https:\/\/secure.gravatar.com\/avatar\/d2c75a52d243deb93d0465fdcb21bd37?s=96&r=g\",\"caption\":\"Rafaela La Regina\"},\"description\":\"Estagi\u00e1ria no Suno Not\u00edcias. Escreve sobre economia, pol\u00edtica e neg\u00f3cios. Estuda Rela\u00e7\u00f5es Internacionais no IBMEC-SP.\",\"url\":\"https:\/\/www.suno.com.br\/noticias\/author\/rafaela-la-regina\/\"}]}<\/script>\n<!-- \/ Yoast SEO plugin. -->","yoast_head_json":{"title":"Aumento real do sal\u00e1rio m\u00ednimo pode onda de demiss\u00f5es, diz Guedes","description":"O sal\u00e1rio m\u00ednimo de 2021 n\u00e3o deve ultrapassar o valor da infla\u00e7\u00e3o devido as preocupa\u00e7\u00f5es com os n\u00edveis de desemprego. Clique para saber mais","robots":{"index":"index","follow":"follow","max-snippet":"max-snippet:-1","max-image-preview":"max-image-preview:large","max-video-preview":"max-video-preview:-1"},"canonical":"https:\/\/www.suno.com.br\/noticias\/aumento-real-salario-minimo-onda-demissoes-preve-guedes\/","og_locale":"pt_BR","og_type":"article","og_title":"Aumento real do sal\u00e1rio m\u00ednimo pode onda de demiss\u00f5es, diz Guedes","og_description":"O sal\u00e1rio m\u00ednimo de 2021 n\u00e3o deve ultrapassar o valor da infla\u00e7\u00e3o devido as preocupa\u00e7\u00f5es com os n\u00edveis de desemprego. Clique para saber mais","og_url":"https:\/\/www.suno.com.br\/noticias\/aumento-real-salario-minimo-onda-demissoes-preve-guedes\/","og_site_name":"Suno Not\u00edcias","article_publisher":"https:\/\/facebook.com\/sunoresearch","og_image":[{"width":300,"height":200,"url":"https:\/\/files.sunoresearch.com.br\/n\/uploads\/2020\/09\/93aead6d-paulo-guedes-300x200-1.jpg","type":"image\/jpeg"}],"author":"Rafaela La Regina","twitter_card":"summary_large_image","twitter_creator":"@sunoresearch","twitter_site":"@sunoresearch","twitter_misc":{"Escrito por":"Rafaela La Regina","Est. tempo de leitura":"2 minutos"},"schema":{"@context":"https:\/\/schema.org","@graph":[{"@type":"NewsArticle","@id":"https:\/\/www.suno.com.br\/noticias\/aumento-real-salario-minimo-onda-demissoes-preve-guedes\/#article","isPartOf":{"@id":"https:\/\/www.suno.com.br\/noticias\/aumento-real-salario-minimo-onda-demissoes-preve-guedes\/"},"author":{"name":"Rafaela La Regina","@id":"https:\/\/www.suno.com.br\/noticias\/#\/schema\/person\/e672ca8cea627fe715fa29bca7da95e0"},"headline":"Aumento real do sal\u00e1rio m\u00ednimo pode causar onda de demiss\u00f5es, diz Guedes","datePublished":"2020-09-01T20:32:02+00:00","mainEntityOfPage":{"@id":"https:\/\/www.suno.com.br\/noticias\/aumento-real-salario-minimo-onda-demissoes-preve-guedes\/"},"wordCount":436,"publisher":{"@id":"https:\/\/www.suno.com.br\/noticias\/#organization"},"image":{"@id":"https:\/\/www.suno.com.br\/noticias\/aumento-real-salario-minimo-onda-demissoes-preve-guedes\/#primaryimage"},"thumbnailUrl":"https:\/\/files.sunoresearch.com.br\/n\/uploads\/2020\/09\/93aead6d-paulo-guedes-300x200-1-jpg.webp","keywords":["Minist\u00e9rio da Economia","Paulo Guedes","sal\u00e1rio m\u00ednimo"],"articleSection":["Economia"],"inLanguage":"pt-BR"},{"@type":"WebPage","@id":"https:\/\/www.suno.com.br\/noticias\/aumento-real-salario-minimo-onda-demissoes-preve-guedes\/","url":"https:\/\/www.suno.com.br\/noticias\/aumento-real-salario-minimo-onda-demissoes-preve-guedes\/","name":"Aumento real do sal\u00e1rio m\u00ednimo pode onda de demiss\u00f5es, diz Guedes","isPartOf":{"@id":"https:\/\/www.suno.com.br\/noticias\/#website"},"primaryImageOfPage":{"@id":"https:\/\/www.suno.com.br\/noticias\/aumento-real-salario-minimo-onda-demissoes-preve-guedes\/#primaryimage"},"image":{"@id":"https:\/\/www.suno.com.br\/noticias\/aumento-real-salario-minimo-onda-demissoes-preve-guedes\/#primaryimage"},"thumbnailUrl":"https:\/\/files.sunoresearch.com.br\/n\/uploads\/2020\/09\/93aead6d-paulo-guedes-300x200-1-jpg.webp","datePublished":"2020-09-01T20:32:02+00:00","description":"O sal\u00e1rio m\u00ednimo de 2021 n\u00e3o deve ultrapassar o valor da infla\u00e7\u00e3o devido as preocupa\u00e7\u00f5es com os n\u00edveis de desemprego. Clique para saber mais","breadcrumb":{"@id":"https:\/\/www.suno.com.br\/noticias\/aumento-real-salario-minimo-onda-demissoes-preve-guedes\/#breadcrumb"},"inLanguage":"pt-BR","potentialAction":[{"@type":"ReadAction","target":["https:\/\/www.suno.com.br\/noticias\/aumento-real-salario-minimo-onda-demissoes-preve-guedes\/"]}]},{"@type":"ImageObject","inLanguage":"pt-BR","@id":"https:\/\/www.suno.com.br\/noticias\/aumento-real-salario-minimo-onda-demissoes-preve-guedes\/#primaryimage","url":"https:\/\/files.sunoresearch.com.br\/n\/uploads\/2020\/09\/93aead6d-paulo-guedes-300x200-1-jpg.webp","contentUrl":"https:\/\/files.sunoresearch.com.br\/n\/uploads\/2020\/09\/93aead6d-paulo-guedes-300x200-1-jpg.webp","width":300,"height":200,"caption":"Ministro da Economia, Paulo Guedes (foto: divulga\u00e7\u00e3o)"},{"@type":"BreadcrumbList","@id":"https:\/\/www.suno.com.br\/noticias\/aumento-real-salario-minimo-onda-demissoes-preve-guedes\/#breadcrumb","itemListElement":[{"@type":"ListItem","position":1,"name":"Not\u00edcias","item":"https:\/\/www.suno.com.br\/noticias\/"},{"@type":"ListItem","position":2,"name":"Economia","item":"https:\/\/www.suno.com.br\/noticias\/economia\/"},{"@type":"ListItem","position":3,"name":"Aumento real do sal\u00e1rio m\u00ednimo pode causar onda de demiss\u00f5es, diz Guedes"}]},{"@type":"WebSite","@id":"https:\/\/www.suno.com.br\/noticias\/#website","url":"https:\/\/www.suno.com.br\/noticias\/","name":"Suno Not\u00edcias","description":"Seu portal de informa\u00e7\u00e3o sobre o mundo dos investimentos","publisher":{"@id":"https:\/\/www.suno.com.br\/noticias\/#organization"},"potentialAction":[{"@type":"SearchAction","target":{"@type":"EntryPoint","urlTemplate":"https:\/\/www.suno.com.br\/noticias\/?s={search_term_string}"},"query-input":{"@type":"PropertyValueSpecification","valueRequired":true,"valueName":"search_term_string"}}],"inLanguage":"pt-BR"},{"@type":"Organization","@id":"https:\/\/www.suno.com.br\/noticias\/#organization","name":"Suno Not\u00edcias","url":"https:\/\/www.suno.com.br\/noticias\/","logo":{"@type":"ImageObject","inLanguage":"pt-BR","@id":"https:\/\/www.suno.com.br\/noticias\/#\/schema\/logo\/image\/","url":"https:\/\/files.sunoresearch.com.br\/n\/uploads\/2021\/09\/suno-logo.png","contentUrl":"https:\/\/files.sunoresearch.com.br\/n\/uploads\/2021\/09\/suno-logo.png","width":180,"height":180,"caption":"Suno Not\u00edcias"},"image":{"@id":"https:\/\/www.suno.com.br\/noticias\/#\/schema\/logo\/image\/"},"sameAs":["https:\/\/facebook.com\/sunoresearch","https:\/\/x.com\/sunoresearch","https:\/\/www.instagram.com\/suno","https:\/\/www.linkedin.com\/company\/suno-research\/","https:\/\/www.youtube.com\/c\/sunoresearch"]},{"@type":"Person","@id":"https:\/\/www.suno.com.br\/noticias\/#\/schema\/person\/e672ca8cea627fe715fa29bca7da95e0","name":"Rafaela La Regina","image":{"@type":"ImageObject","inLanguage":"pt-BR","@id":"https:\/\/www.suno.com.br\/noticias\/#\/schema\/person\/image\/","url":"https:\/\/secure.gravatar.com\/avatar\/d2c75a52d243deb93d0465fdcb21bd37?s=96&r=g","contentUrl":"https:\/\/secure.gravatar.com\/avatar\/d2c75a52d243deb93d0465fdcb21bd37?s=96&r=g","caption":"Rafaela La Regina"},"description":"Estagi\u00e1ria no Suno Not\u00edcias. Escreve sobre economia, pol\u00edtica e neg\u00f3cios. Estuda Rela\u00e7\u00f5es Internacionais no IBMEC-SP.","url":"https:\/\/www.suno.com.br\/noticias\/author\/rafaela-la-regina\/"}]}},"default_loop_html":"<div class=\"cardsPage__listCard__boxs\"><div class=\"cardsPage__listCard__boxs__img\"><a href=\"https:\/\/www.suno.com.br\/noticias\/aumento-real-salario-minimo-onda-demissoes-preve-guedes\/\"><img class=\"mask\" src=\"https:\/\/www.suno.com.br\/noticias\/wp-content\/themes\/suno\/resources\/images\/spotlight\/spotlight1img\/bg-mask.png\" alt=\"Image Mask\"\/><img src=\"https:\/\/files.sunoresearch.com.br\/n\/uploads\/2020\/09\/93aead6d-paulo-guedes-300x200-1-jpg.webp\" alt=\"Aumento real do sal\u00e1rio m\u00ednimo pode causar onda de demiss\u00f5es, diz Guedes\"\/><\/a><span class=\"spotlightCategory\"><a href=\"https:\/\/www.suno.com.br\/noticias\/economia\/\">Economia<\/a><\/span><\/div><div class=\"cardsPage__listCard__boxs__content\"><a href=\"https:\/\/www.suno.com.br\/noticias\/aumento-real-salario-minimo-onda-demissoes-preve-guedes\/\"><h2 class=\"content__title\">Aumento real do sal\u00e1rio m\u00ednimo pode causar onda de demiss\u00f5es, diz Guedes<\/h2><\/a><div class=\"newsContent__article__meta\"><div class=\"newsContent__article__meta__authorBox\"><a href=\"https:\/\/www.suno.com.br\/noticias\/author\/rafaela-la-regina\/\" class=\"authorBox__avatar noMobi\"><img src=\"https:\/\/secure.gravatar.com\/avatar\/d2c75a52d243deb93d0465fdcb21bd37?s=96&#038;r=g\" alt=\"Rafaela La Regina\"><\/a><div class=\"authorBox__name\"><span>por\n\t\t\t<a href=\"https:\/\/www.suno.com.br\/noticias\/author\/rafaela-la-regina\/\"><span itemprop=\"author\">Rafaela La Regina<\/span><\/a><\/span><time datetime=\"2020-09-01T17:32:02-03:00\" itemprop=\"datePublished\">01\/09\/2020 17:32<\/time><\/div><\/div><\/div><\/div><\/div>","single_layout":"posts","amp_enabled":true,"_links":{"self":[{"href":"https:\/\/www.suno.com.br\/noticias\/wp-json\/wp\/v2\/posts\/81888"}],"collection":[{"href":"https:\/\/www.suno.com.br\/noticias\/wp-json\/wp\/v2\/posts"}],"about":[{"href":"https:\/\/www.suno.com.br\/noticias\/wp-json\/wp\/v2\/types\/post"}],"author":[{"embeddable":true,"href":"https:\/\/www.suno.com.br\/noticias\/wp-json\/wp\/v2\/users\/56"}],"replies":[{"embeddable":true,"href":"https:\/\/www.suno.com.br\/noticias\/wp-json\/wp\/v2\/comments?post=81888"}],"version-history":[{"count":0,"href":"https:\/\/www.suno.com.br\/noticias\/wp-json\/wp\/v2\/posts\/81888\/revisions"}],"wp:featuredmedia":[{"embeddable":true,"href":"https:\/\/www.suno.com.br\/noticias\/wp-json\/wp\/v2\/media\/81898"}],"wp:attachment":[{"href":"https:\/\/www.suno.com.br\/noticias\/wp-json\/wp\/v2\/media?parent=81888"}],"wp:term":[{"taxonomy":"category","embeddable":true,"href":"https:\/\/www.suno.com.br\/noticias\/wp-json\/wp\/v2\/categories?post=81888"},{"taxonomy":"post_tag","embeddable":true,"href":"https:\/\/www.suno.com.br\/noticias\/wp-json\/wp\/v2\/tags?post=81888"},{"taxonomy":"suno_strategy","embeddable":true,"href":"https:\/\/www.suno.com.br\/noticias\/wp-json\/wp\/v2\/suno_strategy?post=81888"}],"curies":[{"name":"wp","href":"https:\/\/api.w.org\/{rel}","templated":true}]}}