{"id":81848,"date":"2020-09-01T14:21:51","date_gmt":"2020-09-01T17:21:51","guid":{"rendered":"https:\/\/www.suno.com.br\/noticias\/?p=81848"},"modified":"2020-09-01T14:21:51","modified_gmt":"2020-09-01T17:21:51","slug":"renda-brasil-tirar-dinheiro-andar-cima-diz-guedes","status":"publish","type":"post","link":"https:\/\/www.suno.com.br\/noticias\/renda-brasil-tirar-dinheiro-andar-cima-diz-guedes\/","title":{"rendered":"Renda Brasil pode tirar dinheiro do &#8220;andar de cima&#8221;, segundo Guedes"},"content":{"rendered":"<p>O ministro da Economia, <a href=\"https:\/\/www.suno.com.br\/tudo-sobre\/paulo-guedes\/\">Paulo Guedes<\/a>, afirmou, nesta ter\u00e7a-feira (1), que o governo ir\u00e1 &#8220;tirar dinheiro dos mais ricos&#8221; para realizar o novo programa nacional de renda m\u00ednima, <strong>Renda Brasil<\/strong>. A pedido do presidente Jair Bolsonaro, o Renda Brasil est\u00e1 passando por uma s\u00e9rie de estudos adicionais, de acordo com o ministro.<\/p>\t<div class=\"wrapper-featured-image\">\n\t\t<figure class=\"spotlightImg\">\n\n\t\t\t<picture>\n\t\t\t\t<source media=\"(max-width: 768px)\" srcset=\"https:\/\/files.sunoresearch.com.br\/n\/uploads\/2019\/08\/6d4ea4fe-guedes_paulo-400x200.webp\">\n\t\t\t\t<img loading=\"lazy\" decoding=\"async\" class=\"newsContent__article__imgCapa lazyloadDisabled \" src=\"https:\/\/files.sunoresearch.com.br\/n\/uploads\/2019\/08\/6d4ea4fe-guedes_paulo-800x450.webp\" width=\"800\" height=\"450\" alt=\"Renda Brasil pode tirar dinheiro do &#8220;andar de cima&#8221;, segundo Guedes\" fetchpriority=high \/>\n\t\t\t<\/picture>\n\n\t\t\t<figcaption class=\"wp-caption-text wp-caption-text--show\">O ministro da Economia, Paulo Guedes. <\/figcaption>\n\t\t<\/figure>\n\t<\/div>\n\n\n<div class=\"hubspot-form-wrapper\">\n\t<div id=\"single-form-target\"><\/div>\n<\/div>\n\n<p>A proposta do Renda Brasil era unificar entre 26 e 27 programas sociais. \u201cO presidente entendeu que est\u00e1vamos tirando dinheiro do abono salarial, mas n\u00f3s est\u00e1vamos unificando tudo isso\u201d, disse Guedes se referindo a unifica\u00e7\u00e3o dos programas sociais. \u201cN\u00f3s tamb\u00e9m vamos tirar dinheiro do andar de cima [mais ricos]\u201d, acrescentou o ministro.<\/p>\n<p>Guedes falou que o governo pretende acabar com a desigualdade social. \u201cVamos combater a desigualdade&#8221;, disse o ministro. \u201cVamos pegar dinheiro que est\u00e1 sobrando no andar de cima e canalizar no andar de baixo\u201d, acrescentou.<\/p>\n<p><a href=\"https:\/\/lp.suno.com.br\/suno-one\/\">Suno One: acesse gratuitamente eBooks, Minicursos, Artigos e Video Aulas sobre investimentos com um \u00fanico cadastro. Clique para saber mais!<\/a><\/p>\n<p>Al\u00e9m de citar o Renda Brasil como uma poss\u00edvel salva\u00e7\u00e3o para a desigualdade, Guedes afirmou que o governo est\u00e1 trabalhando com algumas medidas para facilitar o funcionamento das empresas. \u201cTemos que ter ousadia de reduzir impostos para as empresas e aumentar sobre lucros e dividendos&#8221;, disse o ministro da Economia.<\/p>\n<p>Para o l\u00edder da pasta econ\u00f4mica, o benef\u00edcio ser\u00e1 &#8220;mais robusto&#8221; caso o Congresso aprove a reforma tribut\u00e1ria. &#8220;Como vamos alimentar isso?&#8221;, indagou o ministro se referindo aos recursos do Renda Brasil. &#8220;\u00c9 um processo evolutivo, assim como aconteceu com Bolsa Escola, Bolsa Fam\u00edlia. Se quiser fazer o Renda Brasil hoje, com o teto de gastos e sem reforma tribut\u00e1ria, vai ser um programa menos robusto. Agora, se fizer a reforma tribut\u00e1ria, por exemplo, [o programa] vai ser mais robusto&#8221;, afirmou Guedes.<\/p>\n\t<div data-element=\"shortcode-read-more\" class=\"knowMore\">\n\t\t\t\t<span class=\"knowMore__title\">Veja tamb\u00e9m<\/span>\n\t\t\t\t<a class=\"knowMore__link\" href=\"https:\/\/www.suno.com.br\/noticias\/paulo-guedes-recebeu-fala-bolsonaro-como-carrinho\/\">\n\t\t\tPaulo Guedes viu fala de Bolsonaro sobre Renda Brasil como &#039;um carrinho&#039;\t\t<\/a>\n\t<\/div>\n\n\n<p>O ministro da Economia tamb\u00e9m aproveitou para falar sobre o Bolsa Fam\u00edlia, programa criado em 2004, pelo governo da \u00e9poca, com o intuito de ajudar fam\u00edlias em situa\u00e7\u00e3o de pobreza e extrema pobreza no Brasil. Segundo Guedes, o programa teve um padr\u00e3o interessante, j\u00e1 que unificou v\u00e1rios programas e focalizou nos mais pobres. \u201cN\u00f3s estamos conversando h\u00e1 mais de um ano com os maiores especialistas\u201d, disse Guedes, sobre a cria\u00e7\u00e3o do <strong>Renda<\/strong> <strong>Brasil<\/strong>. \u201cPegar o dinheiro do andar de cima \u00e9 o princ\u00edpio b\u00e1sico, tributar o andar de cima \u00e9 o que tem de ser feito\u201d, reiterou o ministro.<\/p>\n\t<p>\n\t\t<a href=\"https:\/\/lp.suno.com.br\/planilha-de-controle-de-investimentos\/\" target=\"_blank\" data-element=\"shortcode-suno-banner\" title=\"Banner SUNO, clique e saiba mais\">\n\t\t\t<picture>\n\t\t\t\t<source media=\"(max-width: 500px)\" srcset=\"https:\/\/files.sunoresearch.com.br\/n\/uploads\/2023\/03\/400x300-Controle-de-Investimentos.png\">\n\t\t\t\t<img class=\"newsContent__article__imgCapa newsContent__article__imgCapa--banner\"\n\t\t\t\t\tsrc=\"https:\/\/files.sunoresearch.com.br\/n\/uploads\/2023\/03\/1420x240-Controle-de-Investimentos.png\"\n\t\t\t\t\tdata-promo-id=\"75934\"\t\t\t\t\t\t\t\t\t\twidth='1420' height='240'\t\t\t\t\talt=\"https:\/\/files.sunoresearch.com.br\/n\/uploads\/2023\/03\/1420x240-Controle-de-Investimentos.png\"\n\t\t\t\t>\n\t\t\t<\/picture>\n\t\t<\/a>\n\t<\/p>\n\n\n","protected":false},"excerpt":{"rendered":"<p>O ministro da Economia, Paulo Guedes, afirmou, nesta ter\u00e7a-feira (1), que o governo ir\u00e1 &#8220;tirar dinheiro dos mais ricos&#8221; para realizar o novo programa nacional de renda m\u00ednima, Renda Brasil. A pedido do presidente Jair Bolsonaro, o Renda Brasil est\u00e1 passando por uma s\u00e9rie de estudos adicionais, de acordo com o ministro. O ministro da [&hellip;]<\/p>\n","protected":false},"author":19,"featured_media":34080,"comment_status":"closed","ping_status":"closed","sticky":false,"template":"","format":"standard","meta":[],"categories":[62],"tags":[796,94616],"suno_strategy":[],"class_list":["post-81848","post","type-post","status-publish","format-standard","has-post-thumbnail","hentry","category-economia","tag-paulo-guedes","tag-renda-brasil"],"yoast_head":"<!-- This site is optimized with the Yoast SEO plugin v24.4 - https:\/\/yoast.com\/wordpress\/plugins\/seo\/ -->\n<title>Renda Brasil pode tirar dinheiro do &quot;andar de cima&quot;, segundo Guedes<\/title>\n<meta name=\"description\" content=\"O ministro Paulo Guedes afirmou que o governo ir\u00e1 &quot;tirar dinheiro dos mais ricos&quot; para realizar o novo programa renda m\u00ednima, Renda Brasil.\" \/>\n<meta name=\"robots\" content=\"index, follow, max-snippet:-1, max-image-preview:large, max-video-preview:-1\" \/>\n<link rel=\"canonical\" href=\"https:\/\/www.suno.com.br\/noticias\/renda-brasil-tirar-dinheiro-andar-cima-diz-guedes\/\" \/>\n<meta property=\"og:locale\" content=\"pt_BR\" \/>\n<meta property=\"og:type\" content=\"article\" \/>\n<meta property=\"og:title\" content=\"Renda Brasil pode tirar dinheiro do &quot;andar de cima&quot;, segundo Guedes\" \/>\n<meta property=\"og:description\" content=\"O ministro Paulo Guedes afirmou que o governo ir\u00e1 &quot;tirar dinheiro dos mais ricos&quot; para realizar o novo programa renda m\u00ednima, Renda Brasil.\" \/>\n<meta property=\"og:url\" content=\"https:\/\/www.suno.com.br\/noticias\/renda-brasil-tirar-dinheiro-andar-cima-diz-guedes\/\" \/>\n<meta property=\"og:site_name\" content=\"Suno Not\u00edcias\" \/>\n<meta property=\"article:publisher\" content=\"https:\/\/facebook.com\/sunoresearch\" \/>\n<meta property=\"og:image\" content=\"https:\/\/files.sunoresearch.com.br\/n\/uploads\/2019\/08\/6d4ea4fe-guedes_paulo.jpg\" \/>\n\t<meta property=\"og:image:width\" content=\"800\" \/>\n\t<meta property=\"og:image:height\" content=\"500\" \/>\n\t<meta property=\"og:image:type\" content=\"image\/jpeg\" \/>\n<meta name=\"author\" content=\"Juliano Passaro\" \/>\n<meta name=\"twitter:card\" content=\"summary_large_image\" \/>\n<meta name=\"twitter:creator\" content=\"@sunoresearch\" \/>\n<meta name=\"twitter:site\" content=\"@sunoresearch\" \/>\n<meta name=\"twitter:label1\" content=\"Escrito por\" \/>\n\t<meta name=\"twitter:data1\" content=\"Juliano Passaro\" \/>\n\t<meta name=\"twitter:label2\" content=\"Est. tempo de leitura\" \/>\n\t<meta name=\"twitter:data2\" content=\"2 minutos\" \/>\n<script type=\"application\/ld+json\" class=\"yoast-schema-graph\">{\"@context\":\"https:\/\/schema.org\",\"@graph\":[{\"@type\":\"NewsArticle\",\"@id\":\"https:\/\/www.suno.com.br\/noticias\/renda-brasil-tirar-dinheiro-andar-cima-diz-guedes\/#article\",\"isPartOf\":{\"@id\":\"https:\/\/www.suno.com.br\/noticias\/renda-brasil-tirar-dinheiro-andar-cima-diz-guedes\/\"},\"author\":{\"name\":\"Juliano Passaro\",\"@id\":\"https:\/\/www.suno.com.br\/noticias\/#\/schema\/person\/1db762f78ffd8919a648a63e425953e3\"},\"headline\":\"Renda Brasil pode tirar dinheiro do &#8220;andar de cima&#8221;, segundo Guedes\",\"datePublished\":\"2020-09-01T17:21:51+00:00\",\"mainEntityOfPage\":{\"@id\":\"https:\/\/www.suno.com.br\/noticias\/renda-brasil-tirar-dinheiro-andar-cima-diz-guedes\/\"},\"wordCount\":447,\"publisher\":{\"@id\":\"https:\/\/www.suno.com.br\/noticias\/#organization\"},\"image\":{\"@id\":\"https:\/\/www.suno.com.br\/noticias\/renda-brasil-tirar-dinheiro-andar-cima-diz-guedes\/#primaryimage\"},\"thumbnailUrl\":\"https:\/\/files.sunoresearch.com.br\/n\/uploads\/2019\/08\/6d4ea4fe-guedes_paulo-jpg.webp\",\"keywords\":[\"Paulo Guedes\",\"Renda Brasil\"],\"articleSection\":[\"Economia\"],\"inLanguage\":\"pt-BR\"},{\"@type\":\"WebPage\",\"@id\":\"https:\/\/www.suno.com.br\/noticias\/renda-brasil-tirar-dinheiro-andar-cima-diz-guedes\/\",\"url\":\"https:\/\/www.suno.com.br\/noticias\/renda-brasil-tirar-dinheiro-andar-cima-diz-guedes\/\",\"name\":\"Renda Brasil pode tirar dinheiro do \\\"andar de cima\\\", segundo Guedes\",\"isPartOf\":{\"@id\":\"https:\/\/www.suno.com.br\/noticias\/#website\"},\"primaryImageOfPage\":{\"@id\":\"https:\/\/www.suno.com.br\/noticias\/renda-brasil-tirar-dinheiro-andar-cima-diz-guedes\/#primaryimage\"},\"image\":{\"@id\":\"https:\/\/www.suno.com.br\/noticias\/renda-brasil-tirar-dinheiro-andar-cima-diz-guedes\/#primaryimage\"},\"thumbnailUrl\":\"https:\/\/files.sunoresearch.com.br\/n\/uploads\/2019\/08\/6d4ea4fe-guedes_paulo-jpg.webp\",\"datePublished\":\"2020-09-01T17:21:51+00:00\",\"description\":\"O ministro Paulo Guedes afirmou que o governo ir\u00e1 \\\"tirar dinheiro dos mais ricos\\\" para realizar o novo programa renda m\u00ednima, Renda Brasil.\",\"breadcrumb\":{\"@id\":\"https:\/\/www.suno.com.br\/noticias\/renda-brasil-tirar-dinheiro-andar-cima-diz-guedes\/#breadcrumb\"},\"inLanguage\":\"pt-BR\",\"potentialAction\":[{\"@type\":\"ReadAction\",\"target\":[\"https:\/\/www.suno.com.br\/noticias\/renda-brasil-tirar-dinheiro-andar-cima-diz-guedes\/\"]}]},{\"@type\":\"ImageObject\",\"inLanguage\":\"pt-BR\",\"@id\":\"https:\/\/www.suno.com.br\/noticias\/renda-brasil-tirar-dinheiro-andar-cima-diz-guedes\/#primaryimage\",\"url\":\"https:\/\/files.sunoresearch.com.br\/n\/uploads\/2019\/08\/6d4ea4fe-guedes_paulo-jpg.webp\",\"contentUrl\":\"https:\/\/files.sunoresearch.com.br\/n\/uploads\/2019\/08\/6d4ea4fe-guedes_paulo-jpg.webp\",\"width\":800,\"height\":500,\"caption\":\"O ministro da Economia, Paulo Guedes.\"},{\"@type\":\"BreadcrumbList\",\"@id\":\"https:\/\/www.suno.com.br\/noticias\/renda-brasil-tirar-dinheiro-andar-cima-diz-guedes\/#breadcrumb\",\"itemListElement\":[{\"@type\":\"ListItem\",\"position\":1,\"name\":\"Not\u00edcias\",\"item\":\"https:\/\/www.suno.com.br\/noticias\/\"},{\"@type\":\"ListItem\",\"position\":2,\"name\":\"Economia\",\"item\":\"https:\/\/www.suno.com.br\/noticias\/economia\/\"},{\"@type\":\"ListItem\",\"position\":3,\"name\":\"Renda Brasil pode tirar dinheiro do &#8220;andar de cima&#8221;, segundo Guedes\"}]},{\"@type\":\"WebSite\",\"@id\":\"https:\/\/www.suno.com.br\/noticias\/#website\",\"url\":\"https:\/\/www.suno.com.br\/noticias\/\",\"name\":\"Suno Not\u00edcias\",\"description\":\"Seu portal de informa\u00e7\u00e3o sobre o mundo dos investimentos\",\"publisher\":{\"@id\":\"https:\/\/www.suno.com.br\/noticias\/#organization\"},\"potentialAction\":[{\"@type\":\"SearchAction\",\"target\":{\"@type\":\"EntryPoint\",\"urlTemplate\":\"https:\/\/www.suno.com.br\/noticias\/?s={search_term_string}\"},\"query-input\":{\"@type\":\"PropertyValueSpecification\",\"valueRequired\":true,\"valueName\":\"search_term_string\"}}],\"inLanguage\":\"pt-BR\"},{\"@type\":\"Organization\",\"@id\":\"https:\/\/www.suno.com.br\/noticias\/#organization\",\"name\":\"Suno Not\u00edcias\",\"url\":\"https:\/\/www.suno.com.br\/noticias\/\",\"logo\":{\"@type\":\"ImageObject\",\"inLanguage\":\"pt-BR\",\"@id\":\"https:\/\/www.suno.com.br\/noticias\/#\/schema\/logo\/image\/\",\"url\":\"https:\/\/files.sunoresearch.com.br\/n\/uploads\/2021\/09\/suno-logo.png\",\"contentUrl\":\"https:\/\/files.sunoresearch.com.br\/n\/uploads\/2021\/09\/suno-logo.png\",\"width\":180,\"height\":180,\"caption\":\"Suno Not\u00edcias\"},\"image\":{\"@id\":\"https:\/\/www.suno.com.br\/noticias\/#\/schema\/logo\/image\/\"},\"sameAs\":[\"https:\/\/facebook.com\/sunoresearch\",\"https:\/\/x.com\/sunoresearch\",\"https:\/\/www.instagram.com\/suno\",\"https:\/\/www.linkedin.com\/company\/suno-research\/\",\"https:\/\/www.youtube.com\/c\/sunoresearch\"]},{\"@type\":\"Person\",\"@id\":\"https:\/\/www.suno.com.br\/noticias\/#\/schema\/person\/1db762f78ffd8919a648a63e425953e3\",\"name\":\"Juliano Passaro\",\"image\":{\"@type\":\"ImageObject\",\"inLanguage\":\"pt-BR\",\"@id\":\"https:\/\/www.suno.com.br\/noticias\/#\/schema\/person\/image\/\",\"url\":\"https:\/\/secure.gravatar.com\/avatar\/743d4df28eebf6dcc46b4ad03c319e92?s=96&r=g\",\"contentUrl\":\"https:\/\/secure.gravatar.com\/avatar\/743d4df28eebf6dcc46b4ad03c319e92?s=96&r=g\",\"caption\":\"Juliano Passaro\"},\"description\":\"Juliano Passaro escreve sobre pol\u00edtica, economia e neg\u00f3cios para o portal da Suno Research. Antes da Suno, trabalhou no Portal da Band. \u00c9 formado em jornalismo pela Universidade Presbiteriana Mackenzie.\",\"url\":\"https:\/\/www.suno.com.br\/noticias\/author\/juliano\/\"}]}<\/script>\n<!-- \/ Yoast SEO plugin. -->","yoast_head_json":{"title":"Renda Brasil pode tirar dinheiro do \"andar de cima\", segundo Guedes","description":"O ministro Paulo Guedes afirmou que o governo ir\u00e1 \"tirar dinheiro dos mais ricos\" para realizar o novo programa renda m\u00ednima, Renda Brasil.","robots":{"index":"index","follow":"follow","max-snippet":"max-snippet:-1","max-image-preview":"max-image-preview:large","max-video-preview":"max-video-preview:-1"},"canonical":"https:\/\/www.suno.com.br\/noticias\/renda-brasil-tirar-dinheiro-andar-cima-diz-guedes\/","og_locale":"pt_BR","og_type":"article","og_title":"Renda Brasil pode tirar dinheiro do \"andar de cima\", segundo Guedes","og_description":"O ministro Paulo Guedes afirmou que o governo ir\u00e1 \"tirar dinheiro dos mais ricos\" para realizar o novo programa renda m\u00ednima, Renda Brasil.","og_url":"https:\/\/www.suno.com.br\/noticias\/renda-brasil-tirar-dinheiro-andar-cima-diz-guedes\/","og_site_name":"Suno Not\u00edcias","article_publisher":"https:\/\/facebook.com\/sunoresearch","og_image":[{"width":800,"height":500,"url":"https:\/\/files.sunoresearch.com.br\/n\/uploads\/2019\/08\/6d4ea4fe-guedes_paulo.jpg","type":"image\/jpeg"}],"author":"Juliano Passaro","twitter_card":"summary_large_image","twitter_creator":"@sunoresearch","twitter_site":"@sunoresearch","twitter_misc":{"Escrito por":"Juliano Passaro","Est. tempo de leitura":"2 minutos"},"schema":{"@context":"https:\/\/schema.org","@graph":[{"@type":"NewsArticle","@id":"https:\/\/www.suno.com.br\/noticias\/renda-brasil-tirar-dinheiro-andar-cima-diz-guedes\/#article","isPartOf":{"@id":"https:\/\/www.suno.com.br\/noticias\/renda-brasil-tirar-dinheiro-andar-cima-diz-guedes\/"},"author":{"name":"Juliano Passaro","@id":"https:\/\/www.suno.com.br\/noticias\/#\/schema\/person\/1db762f78ffd8919a648a63e425953e3"},"headline":"Renda Brasil pode tirar dinheiro do &#8220;andar de cima&#8221;, segundo Guedes","datePublished":"2020-09-01T17:21:51+00:00","mainEntityOfPage":{"@id":"https:\/\/www.suno.com.br\/noticias\/renda-brasil-tirar-dinheiro-andar-cima-diz-guedes\/"},"wordCount":447,"publisher":{"@id":"https:\/\/www.suno.com.br\/noticias\/#organization"},"image":{"@id":"https:\/\/www.suno.com.br\/noticias\/renda-brasil-tirar-dinheiro-andar-cima-diz-guedes\/#primaryimage"},"thumbnailUrl":"https:\/\/files.sunoresearch.com.br\/n\/uploads\/2019\/08\/6d4ea4fe-guedes_paulo-jpg.webp","keywords":["Paulo Guedes","Renda Brasil"],"articleSection":["Economia"],"inLanguage":"pt-BR"},{"@type":"WebPage","@id":"https:\/\/www.suno.com.br\/noticias\/renda-brasil-tirar-dinheiro-andar-cima-diz-guedes\/","url":"https:\/\/www.suno.com.br\/noticias\/renda-brasil-tirar-dinheiro-andar-cima-diz-guedes\/","name":"Renda Brasil pode tirar dinheiro do \"andar de cima\", segundo Guedes","isPartOf":{"@id":"https:\/\/www.suno.com.br\/noticias\/#website"},"primaryImageOfPage":{"@id":"https:\/\/www.suno.com.br\/noticias\/renda-brasil-tirar-dinheiro-andar-cima-diz-guedes\/#primaryimage"},"image":{"@id":"https:\/\/www.suno.com.br\/noticias\/renda-brasil-tirar-dinheiro-andar-cima-diz-guedes\/#primaryimage"},"thumbnailUrl":"https:\/\/files.sunoresearch.com.br\/n\/uploads\/2019\/08\/6d4ea4fe-guedes_paulo-jpg.webp","datePublished":"2020-09-01T17:21:51+00:00","description":"O ministro Paulo Guedes afirmou que o governo ir\u00e1 \"tirar dinheiro dos mais ricos\" para realizar o novo programa renda m\u00ednima, Renda Brasil.","breadcrumb":{"@id":"https:\/\/www.suno.com.br\/noticias\/renda-brasil-tirar-dinheiro-andar-cima-diz-guedes\/#breadcrumb"},"inLanguage":"pt-BR","potentialAction":[{"@type":"ReadAction","target":["https:\/\/www.suno.com.br\/noticias\/renda-brasil-tirar-dinheiro-andar-cima-diz-guedes\/"]}]},{"@type":"ImageObject","inLanguage":"pt-BR","@id":"https:\/\/www.suno.com.br\/noticias\/renda-brasil-tirar-dinheiro-andar-cima-diz-guedes\/#primaryimage","url":"https:\/\/files.sunoresearch.com.br\/n\/uploads\/2019\/08\/6d4ea4fe-guedes_paulo-jpg.webp","contentUrl":"https:\/\/files.sunoresearch.com.br\/n\/uploads\/2019\/08\/6d4ea4fe-guedes_paulo-jpg.webp","width":800,"height":500,"caption":"O ministro da Economia, Paulo Guedes."},{"@type":"BreadcrumbList","@id":"https:\/\/www.suno.com.br\/noticias\/renda-brasil-tirar-dinheiro-andar-cima-diz-guedes\/#breadcrumb","itemListElement":[{"@type":"ListItem","position":1,"name":"Not\u00edcias","item":"https:\/\/www.suno.com.br\/noticias\/"},{"@type":"ListItem","position":2,"name":"Economia","item":"https:\/\/www.suno.com.br\/noticias\/economia\/"},{"@type":"ListItem","position":3,"name":"Renda Brasil pode tirar dinheiro do &#8220;andar de cima&#8221;, segundo Guedes"}]},{"@type":"WebSite","@id":"https:\/\/www.suno.com.br\/noticias\/#website","url":"https:\/\/www.suno.com.br\/noticias\/","name":"Suno Not\u00edcias","description":"Seu portal de informa\u00e7\u00e3o sobre o mundo dos investimentos","publisher":{"@id":"https:\/\/www.suno.com.br\/noticias\/#organization"},"potentialAction":[{"@type":"SearchAction","target":{"@type":"EntryPoint","urlTemplate":"https:\/\/www.suno.com.br\/noticias\/?s={search_term_string}"},"query-input":{"@type":"PropertyValueSpecification","valueRequired":true,"valueName":"search_term_string"}}],"inLanguage":"pt-BR"},{"@type":"Organization","@id":"https:\/\/www.suno.com.br\/noticias\/#organization","name":"Suno Not\u00edcias","url":"https:\/\/www.suno.com.br\/noticias\/","logo":{"@type":"ImageObject","inLanguage":"pt-BR","@id":"https:\/\/www.suno.com.br\/noticias\/#\/schema\/logo\/image\/","url":"https:\/\/files.sunoresearch.com.br\/n\/uploads\/2021\/09\/suno-logo.png","contentUrl":"https:\/\/files.sunoresearch.com.br\/n\/uploads\/2021\/09\/suno-logo.png","width":180,"height":180,"caption":"Suno Not\u00edcias"},"image":{"@id":"https:\/\/www.suno.com.br\/noticias\/#\/schema\/logo\/image\/"},"sameAs":["https:\/\/facebook.com\/sunoresearch","https:\/\/x.com\/sunoresearch","https:\/\/www.instagram.com\/suno","https:\/\/www.linkedin.com\/company\/suno-research\/","https:\/\/www.youtube.com\/c\/sunoresearch"]},{"@type":"Person","@id":"https:\/\/www.suno.com.br\/noticias\/#\/schema\/person\/1db762f78ffd8919a648a63e425953e3","name":"Juliano Passaro","image":{"@type":"ImageObject","inLanguage":"pt-BR","@id":"https:\/\/www.suno.com.br\/noticias\/#\/schema\/person\/image\/","url":"https:\/\/secure.gravatar.com\/avatar\/743d4df28eebf6dcc46b4ad03c319e92?s=96&r=g","contentUrl":"https:\/\/secure.gravatar.com\/avatar\/743d4df28eebf6dcc46b4ad03c319e92?s=96&r=g","caption":"Juliano Passaro"},"description":"Juliano Passaro escreve sobre pol\u00edtica, economia e neg\u00f3cios para o portal da Suno Research. Antes da Suno, trabalhou no Portal da Band. \u00c9 formado em jornalismo pela Universidade Presbiteriana Mackenzie.","url":"https:\/\/www.suno.com.br\/noticias\/author\/juliano\/"}]}},"default_loop_html":"<div class=\"cardsPage__listCard__boxs\"><div class=\"cardsPage__listCard__boxs__img\"><a href=\"https:\/\/www.suno.com.br\/noticias\/renda-brasil-tirar-dinheiro-andar-cima-diz-guedes\/\"><img class=\"mask\" src=\"https:\/\/www.suno.com.br\/noticias\/wp-content\/themes\/suno\/resources\/images\/spotlight\/spotlight1img\/bg-mask.png\" alt=\"Image Mask\"\/><img src=\"https:\/\/files.sunoresearch.com.br\/n\/uploads\/2019\/08\/6d4ea4fe-guedes_paulo-400x200.webp\" alt=\"Renda Brasil pode tirar dinheiro do &#8220;andar de cima&#8221;, segundo Guedes\"\/><\/a><span class=\"spotlightCategory\"><a href=\"https:\/\/www.suno.com.br\/noticias\/economia\/\">Economia<\/a><\/span><\/div><div class=\"cardsPage__listCard__boxs__content\"><a href=\"https:\/\/www.suno.com.br\/noticias\/renda-brasil-tirar-dinheiro-andar-cima-diz-guedes\/\"><h2 class=\"content__title\">Renda Brasil pode tirar dinheiro do &#8220;andar de cima&#8221;, segundo Guedes<\/h2><\/a><div class=\"newsContent__article__meta\"><div class=\"newsContent__article__meta__authorBox\"><a href=\"https:\/\/www.suno.com.br\/noticias\/author\/juliano\/\" class=\"authorBox__avatar noMobi\"><img src=\"https:\/\/files.sunoresearch.com.br\/n\/uploads\/2019\/06\/7cc3efea-whatsapp-image-2019-07-18-at-21.59.33-e1563499821209-150x150.webp\" alt=\"Juliano Passaro\"><\/a><div class=\"authorBox__name\"><span>por\n\t\t\t<a href=\"https:\/\/www.suno.com.br\/noticias\/author\/juliano\/\"><span itemprop=\"author\">Juliano Passaro<\/span><\/a><\/span><time datetime=\"2020-09-01T14:21:51-03:00\" itemprop=\"datePublished\">01\/09\/2020 14:21<\/time><\/div><\/div><\/div><\/div><\/div>","single_layout":"posts","amp_enabled":true,"_links":{"self":[{"href":"https:\/\/www.suno.com.br\/noticias\/wp-json\/wp\/v2\/posts\/81848"}],"collection":[{"href":"https:\/\/www.suno.com.br\/noticias\/wp-json\/wp\/v2\/posts"}],"about":[{"href":"https:\/\/www.suno.com.br\/noticias\/wp-json\/wp\/v2\/types\/post"}],"author":[{"embeddable":true,"href":"https:\/\/www.suno.com.br\/noticias\/wp-json\/wp\/v2\/users\/19"}],"replies":[{"embeddable":true,"href":"https:\/\/www.suno.com.br\/noticias\/wp-json\/wp\/v2\/comments?post=81848"}],"version-history":[{"count":0,"href":"https:\/\/www.suno.com.br\/noticias\/wp-json\/wp\/v2\/posts\/81848\/revisions"}],"wp:featuredmedia":[{"embeddable":true,"href":"https:\/\/www.suno.com.br\/noticias\/wp-json\/wp\/v2\/media\/34080"}],"wp:attachment":[{"href":"https:\/\/www.suno.com.br\/noticias\/wp-json\/wp\/v2\/media?parent=81848"}],"wp:term":[{"taxonomy":"category","embeddable":true,"href":"https:\/\/www.suno.com.br\/noticias\/wp-json\/wp\/v2\/categories?post=81848"},{"taxonomy":"post_tag","embeddable":true,"href":"https:\/\/www.suno.com.br\/noticias\/wp-json\/wp\/v2\/tags?post=81848"},{"taxonomy":"suno_strategy","embeddable":true,"href":"https:\/\/www.suno.com.br\/noticias\/wp-json\/wp\/v2\/suno_strategy?post=81848"}],"curies":[{"name":"wp","href":"https:\/\/api.w.org\/{rel}","templated":true}]}}