{"id":81669,"date":"2020-09-07T19:01:14","date_gmt":"2020-09-07T22:01:14","guid":{"rendered":"https:\/\/www.suno.com.br\/noticias\/?p=81669"},"modified":"2020-09-06T10:04:14","modified_gmt":"2020-09-06T13:04:14","slug":"nasdaq-100-confira-as-5-acoes-que-mais-valorizaram-em-agosto","status":"publish","type":"post","link":"https:\/\/www.suno.com.br\/noticias\/nasdaq-100-confira-as-5-acoes-que-mais-valorizaram-em-agosto\/","title":{"rendered":"NASDAQ 100: Confira as 5 a\u00e7\u00f5es que mais valorizaram em agosto"},"content":{"rendered":"<p class=\"p1\">O <a href=\"https:\/\/www.suno.com.br\/artigos\/nasdaq-100\/\"><span class=\"s1\"><b>Nasdaq 100<\/b><\/span><\/a> fechou as negocia\u00e7\u00f5es da \u00faltima segunda-feira (31) em alta de 0,68% em compara\u00e7\u00e3o ao preg\u00e3o anterior, sendo cotado a 11.775,46 pontos. O \u00edndice da bolsa norte-americana re\u00fane as 100 maiores empresas n\u00e3o financeiras da <a href=\"https:\/\/www.suno.com.br\/artigos\/nasdaq\/\"><span class=\"s1\">NASDAQ<\/span><\/a><span class=\"s2\">.<\/span><\/p>\t<div class=\"wrapper-featured-image\">\n\t\t<figure class=\"spotlightImg\">\n\n\t\t\t<picture>\n\t\t\t\t<source media=\"(max-width: 768px)\" srcset=\"https:\/\/files.sunoresearch.com.br\/n\/uploads\/2020\/09\/8f6f051c-nasdaq-100-confira-as-5-ac\u0327o\u0303es-que-mais-desvalorizaram-em-junho-800x450-1-400x200.webp\">\n\t\t\t\t<img loading=\"lazy\" decoding=\"async\" class=\"newsContent__article__imgCapa lazyloadDisabled \" src=\"https:\/\/files.sunoresearch.com.br\/n\/uploads\/2020\/09\/8f6f051c-nasdaq-100-confira-as-5-ac\u0327o\u0303es-que-mais-desvalorizaram-em-junho-800x450-1-jpg.webp\" width=\"800\" height=\"450\" alt=\"NASDAQ 100: Confira as 5 a\u00e7\u00f5es que mais valorizaram em agosto\" fetchpriority=high \/>\n\t\t\t<\/picture>\n\n\t\t\t<figcaption class=\"wp-caption-text wp-caption-text--show\">O NASDAQ 100 registrou em agosto desse ano seu quinto m\u00eas consecutivo em alta.<\/figcaption>\n\t\t<\/figure>\n\t<\/div>\n\n<p class=\"p1\">O <a href=\"https:\/\/www.suno.com.br\/artigos\/nasdaq-100\/\"><span class=\"s1\"><b>Nasdaq 100<\/b><\/span><\/a> fechou as negocia\u00e7\u00f5es da \u00faltima segunda-feira (31) em alta de 0,68% em compara\u00e7\u00e3o ao preg\u00e3o anterior, sendo cotado a 11.775,46 pontos. O \u00edndice da bolsa norte-americana re\u00fane as 100 maiores empresas n\u00e3o financeiras da <a href=\"https:\/\/www.suno.com.br\/artigos\/nasdaq\/\"><span class=\"s1\">NASDAQ<\/span><\/a><span class=\"s2\">.<\/span><\/p>\n<div class=\"hubspot-form-wrapper\">\n\t<div id=\"single-form-target\"><\/div>\n<\/div>\n\n\n<p>Na \u00faltima segunda-feira, algumas empresas como Tesla e Apple encerraram em altas de 74,1% e 21,7%, tendo seus ativos negociados a R$ 407 e US$ 120,9 , respectivamente, o que consequentemente sustentou o Nasdaq 100 no fechamento do m\u00eas de agosto.<\/p>\n<p class=\"p2\"><span class=\"s2\"><a href=\"https:\/\/lp.suno.com.br\/suno-one\/\">No Suno One voc\u00ea aprende a fazer seu dinheiro trabalhar para voc\u00ea. Cadastre-se gratuitamente agora!<\/a><\/span><\/p>\n<p class=\"p1\">A <strong>Apple<\/strong> (NASDAQ: AAPL), <strong>Microsoft<\/strong> (NASDAQ: MSFT), <strong>Amazon<\/strong> (NASDAQ: AMZN), <strong>Alphabet<\/strong> (NASDAQ: GOOGL), <strong>Facebook<\/strong> (NASDAQ: FB) e <strong>Tesla<\/strong> (NASDAQ: TSL) agora representam quase metade do valor do \u00edndice, que consiste nas cem maiores institui\u00e7\u00f5es n\u00e3o financeiras de capital aberto. Deixando o Nasdaq 100 suscet\u00edvel \u00e0 divulga\u00e7\u00e3o dos resultados dessas empresas, que nesse caso, foram positivos.<\/p>\n<p class=\"p1\">Refor\u00e7ando que esta mat\u00e9ria <b>n\u00e3o \u00e9 uma recomenda\u00e7\u00e3o de investimento<\/b>, confira as cinco a\u00e7\u00f5es da NASDAQ 100 que mais se valorizaram em agosto.<\/p>\n<ol>\n<li style=\"list-style-type: none;\">\n<ul>\n<li><strong>Tesla (NASDAQ: TSLA)<\/strong><\/li>\n<li><strong>Workday (NASDAQ: WDAY)<\/strong><\/li>\n<li><strong>Zoom Video Communications (NASDAQ: ZM)<\/strong><\/li>\n<li><strong>Marriott International (NASDAQ:MAR)<\/strong><\/li>\n<li><strong>NVIDIA Corporation (NASDAQ: NVDA)<\/strong><\/li>\n<\/ul>\n<\/li>\n<\/ol>\n<h2><strong>Tesla (NASDAQ: TSLA)<\/strong><\/h2>\n<p>A\u00e7\u00f5es da produtora de carros, Tesla, fecharam em alta de 74,1% , cotado a\u00a0 U$ 407 nessa segunda-feira.<\/p>\n<p>A empresa anunciou o desdobramento de a\u00e7\u00f5es no in\u00edcio deste m\u00eas, tornando as a\u00e7\u00f5es mais acess\u00edveis para o investidor m\u00e9dio. Vale ressaltar que a divis\u00e3o n\u00e3o mudar\u00e1 o valor das participa\u00e7\u00f5es totais dos investidores na empresa, apenas aumentar\u00e1 o n\u00famero de a\u00e7\u00f5es que comp\u00f5em suas carteiras.<\/p>\n<p><a href=\"https:\/\/www.suno.com.br\/noticias\/tesla-levantar-5-bilhoes-nova-oferta-acoes\/\">Saiba Mais: Tesla pode levantar at\u00e9 US$ 5 bilh\u00f5es com nova oferta de a\u00e7\u00f5es<\/a><\/p>\n<p>A fabricante de ve\u00edculos el\u00e9tricos tamb\u00e9m encerrou o m\u00eas de agosto com uma <a href=\"https:\/\/www.suno.com.br\/artigos\/capitalizacao-de-mercado\/\">capitaliza\u00e7\u00e3o de mercado<\/a> de $ 464,3 bilh\u00f5es, tornando-se a s\u00e9tima empresa mais valiosa dos EUA, o que ajudou a impulsionar o <a href=\"https:\/\/www.suno.com.br\/artigos\/ceo\/#:~:text=Essa%20sigla%20vem%20o%20termo,vis%C3%A3o%20futura%20de%20uma%20empresa.\">CEO<\/a> da Tesla, Elon Musk, a ser a terceira pessoa mais rica do mundo, de acordo com o \u00edndice Bloomberg Billionaires. As a\u00e7\u00f5es da Tesla avan\u00e7aram 1.004,4% nos \u00faltimos 12 meses at\u00e9 seu encerramento em agosto.<\/p>\n<h2><strong>Workday (NASDAQ: WDAY)<\/strong><\/h2>\n<p>As a\u00e7\u00f5es da Workday tiveram alta de 32,5% em agosto, a U$ 223, segundo dados da S&amp;P Global Market Intelligence. As a\u00e7\u00f5es da empresa de software ganharam visibilidade devido a divulga\u00e7\u00e3o dos relat\u00f3rios do segundo trimestre, que foram lan\u00e7ados no dia 27 de agosto e apresentaram resultados promissores, declarando um lucro maior do que o esperado pelo mercado.<\/p>\n<p>A empresa registrou<a href=\"https:\/\/www.suno.com.br\/artigos\/lucro-por-acao\/\"> lucro<\/a> ajustado de US $ 0,84 por a\u00e7\u00e3o sobre vendas de US $ 1,06 bilh\u00e3o, enquanto a meta m\u00e9dia dos analistas, segundo uma pesquisa da Refinitiv, previa um lucro ajustado de US $ 0,66 por a\u00e7\u00e3o sobre receita de US $ 1,04 bilh\u00e3o.<\/p>\n<p>A receita da Workday subiu para 19,6% no segundo trimestre em compara\u00e7\u00e3o com o ano anterior, a empresa registrou uma <a href=\"https:\/\/www.suno.com.br\/artigos\/margem-operacional\/\">margem operacional<\/a> ajustada de 24,3% e o lucro ajustado por a\u00e7\u00e3o aumentou cerca de 91% em rela\u00e7\u00e3o ao lucro por a\u00e7\u00e3o de $ 0,44 registrado no segundo trimestre de 2019.<\/p>\n<p>Al\u00e9m dos relat\u00f3rios divulgados em agosto, a Workday tamb\u00e9m anunciou no m\u00eas de agosto que a empresa havia promovido Chano Fernandez de co-presidente para o cargo de co-CEO junto de Aneel Bhusri, que cofundou a empresa e era anteriormente seu \u00fanico CEO.<\/p>\n<h2>Zoom (NASDAQ: ZM)<\/h2>\n<p>As a\u00e7\u00f5es da Zoom Video Communications subiram 28% em agosto, a U$ 381, 3 a a\u00e7\u00e3o, de acordo com dados fornecidos pela S&amp;P Global Market Intelligence. As maiores altas nas a\u00e7\u00f5es ocorreram no final do m\u00eas, principalmente na \u00faltima semana.<\/p>\n<p>A Zoom lan\u00e7ou um relat\u00f3rio reportando os lucros da empresa no dia 31 de agosto, anunciando que a receita total para o segundo trimestre foi de $ 663,5 milh\u00f5es, representando um aumento de 355% ano a ano. Enquanto o caixa l\u00edquido de opera\u00e7\u00f5es foi de US $ 401 milh\u00f5es, tendo um aumento de quase 13 vezes em rela\u00e7\u00e3o ao segundo trimestre do ano passado. Ap\u00f3s a divulga\u00e7\u00e3o, as a\u00e7\u00f5es da empresa dispararam cerca de 40%.<\/p>\n<p><a href=\"https:\/\/www.suno.com.br\/noticias\/zoom-dispara-resultados-supera-ibm-valor-mercado\/\">Saiba Mais: Zoom dispara ap\u00f3s resultados do 2T20 e supera IBM em valor de mercado<\/a><\/p>\n<p>Embora muitos analistas j\u00e1 tivessem declarado expectativas otimistas para a empresa, os resultados foram melhores do que o esperado. Por exemplo, o RBC aumentou sua meta de pre\u00e7o do Zoom em 20%, para US $ 300 por a\u00e7\u00e3o. E a Rosenblatt Securities aumentou seu <a href=\"https:\/\/www.suno.com.br\/artigos\/preco-alvo\/\">pre\u00e7o-alvo<\/a> em 24%, para US $ 260 por a\u00e7\u00e3o.<\/p>\n<h2><strong>Marriott International (NASDAQ:MAR)<\/strong><\/h2>\n<p>As a\u00e7\u00f5es da empresa de hotelaria, Marriott International, encerraram o m\u00eas de agosto em alta de 22,8 % ap\u00f3s a divulga\u00e7\u00e3o de Trump sobre um &#8220;avan\u00e7o terap\u00eautico&#8221; sobre o Covid-19.<\/p>\n<p>Apesar do an\u00fancio feito na \u00faltima segunda-feira (31) pela Marriott International, que informou a previs\u00e3o de retirada da listagem da empresa de a\u00e7\u00f5es na NYSE Chicago a partir do dia 20 de setembro desse ano com o intuito de reduzir custos e requisitos administrativos, as a\u00e7\u00f5es da rede de hotelaria fecharam em alta ap\u00f3s a rea\u00e7\u00e3o do mercado em rela\u00e7\u00e3o ao uso de tratamento com plasma sangu\u00edneo anunciado por Trump no dia 23 de agosto desse ano.<\/p>\n<p>A rea\u00e7\u00e3o nos setores de viagens e lazer \u00e0s not\u00edcias sobre a terapia contra o coronav\u00edrus foi positiva, levando \u00e0 atualiza\u00e7\u00e3o das expectativas de crescimento dos setores.<\/p>\n<p>As a\u00e7\u00f5es ordin\u00e1rias da Marriott continuar\u00e3o a ser listadas no Nasdaq Global Select Market.<\/p>\n<h2><strong>NVIDIA Corporation (NASDAQ: NVDA)<\/strong><\/h2>\n<p>A NVIDIA tamb\u00e9m teve alta em suas a\u00e7\u00f5es, representando 26 % no m\u00eas de agosto ap\u00f3s a divulga\u00e7\u00e3o, feita no dia 19 de agosto, dos relat\u00f3rios de seus lucros fiscais do segundo trimestre.<\/p>\n<p>A receita da empresa teve um aumento 50% ano a ano no segundo trimestre, atingindo o valor de US $ 3,86 bilh\u00f5es, principalmente em fun\u00e7\u00e3o da inclus\u00e3o da Mellanox, fornecedora de produtos e solu\u00e7\u00f5es de rede para data centers, que a NVIDIA adquiriu recentemente por $ 7 bilh\u00f5es.<\/p>\n<p>A empresa registrou uma grande demanda por laptops para jogos, gerando um aumento de 26% nas vendas do segmento. A NVIDIA tamb\u00e9m deu cr\u00e9dito aos produtos Tegra system-on-a-chip, que produziu para o Nintendo Switch.<\/p>\n<p>O segmento de data center teve crescimento de 167% na receita em rela\u00e7\u00e3o ao ano anterior, representando a quantia de\u00a0 US $ 1,7 bilh\u00e3o, tornando-se o maior segmento da NVIDIA.<\/p>\n<p>A NVIDIA tamb\u00e9m anunciou suas expectativas de um terceiro trimestre fiscal forte com um aumento de 25% na venda dos jogos.<\/p>\n<p><a href=\"https:\/\/www.suno.com.br\/noticias\/mercedes-benz-nvidia-carros-autonomos\/\">Saiba Mais: Mercedes e Nvidia fecham acordo para desenvolver carros aut\u00f4nomos<\/a><\/p>\n<p>Apesar da alta registrada pelo <strong>Nasdaq 100<\/strong> no m\u00eas de agosto, o encerramento do mercado acion\u00e1rio dos EUA na primeira semana de setembro teve recuo de 1,27%, para 11.313,13 pontos.<\/p>\n<p class=\"p1\"><\/p>\n","protected":false},"excerpt":{"rendered":"<p>O Nasdaq 100 fechou as negocia\u00e7\u00f5es da \u00faltima segunda-feira (31) em alta de 0,68% em compara\u00e7\u00e3o ao preg\u00e3o anterior, sendo cotado a 11.775,46 pontos. O \u00edndice da bolsa norte-americana re\u00fane as 100 maiores empresas n\u00e3o financeiras da NASDAQ. O NASDAQ 100 registrou em agosto desse ano seu quinto m\u00eas consecutivo em alta. O Nasdaq 100 [&hellip;]<\/p>\n","protected":false},"author":56,"featured_media":82867,"comment_status":"closed","ping_status":"closed","sticky":false,"template":"","format":"standard","meta":[],"categories":[60],"tags":[964,88234,58203,727,38049],"suno_strategy":[],"class_list":["post-81669","post","type-post","status-publish","format-standard","has-post-thumbnail","hentry","category-mercado","tag-nasdaq","tag-nasdaq-100","tag-nvidia-nvdc34","tag-tesla-tsla34","tag-zoom"],"yoast_head":"<!-- This site is optimized with the Yoast SEO plugin v24.4 - https:\/\/yoast.com\/wordpress\/plugins\/seo\/ -->\n<title>NASDAQ 100: Confira as 5 a\u00e7\u00f5es que mais valorizaram em agosto<\/title>\n<meta name=\"description\" content=\"O Nasdaq 100 fechou as negocia\u00e7\u00f5es da \u00faltima segunda-feira (31) em alta de 0,68%, cotado a 11.775,46 pontos. Clique aqui para saber mais.\" \/>\n<meta name=\"robots\" content=\"index, follow, max-snippet:-1, max-image-preview:large, max-video-preview:-1\" \/>\n<link rel=\"canonical\" href=\"https:\/\/www.suno.com.br\/noticias\/nasdaq-100-confira-as-5-acoes-que-mais-valorizaram-em-agosto\/\" \/>\n<meta property=\"og:locale\" content=\"pt_BR\" \/>\n<meta property=\"og:type\" content=\"article\" \/>\n<meta property=\"og:title\" content=\"NASDAQ 100: Confira as 5 a\u00e7\u00f5es que mais valorizaram em agosto\" \/>\n<meta property=\"og:description\" content=\"O Nasdaq 100 fechou as negocia\u00e7\u00f5es da \u00faltima segunda-feira (31) em alta de 0,68%, cotado a 11.775,46 pontos. Clique aqui para saber mais.\" \/>\n<meta property=\"og:url\" content=\"https:\/\/www.suno.com.br\/noticias\/nasdaq-100-confira-as-5-acoes-que-mais-valorizaram-em-agosto\/\" \/>\n<meta property=\"og:site_name\" content=\"Suno Not\u00edcias\" \/>\n<meta property=\"article:publisher\" content=\"https:\/\/facebook.com\/sunoresearch\" \/>\n<meta property=\"og:image\" content=\"https:\/\/files.sunoresearch.com.br\/n\/uploads\/2020\/09\/8f6f051c-nasdaq-100-confira-as-5-ac\u0327o\u0303es-que-mais-desvalorizaram-em-junho-800x450-1.jpg\" \/>\n\t<meta property=\"og:image:width\" content=\"800\" \/>\n\t<meta property=\"og:image:height\" content=\"450\" \/>\n\t<meta property=\"og:image:type\" content=\"image\/jpeg\" \/>\n<meta name=\"author\" content=\"Rafaela La Regina\" \/>\n<meta name=\"twitter:card\" content=\"summary_large_image\" \/>\n<meta name=\"twitter:creator\" content=\"@sunoresearch\" \/>\n<meta name=\"twitter:site\" content=\"@sunoresearch\" \/>\n<meta name=\"twitter:label1\" content=\"Escrito por\" \/>\n\t<meta name=\"twitter:data1\" content=\"Rafaela La Regina\" \/>\n\t<meta name=\"twitter:label2\" content=\"Est. tempo de leitura\" \/>\n\t<meta name=\"twitter:data2\" content=\"6 minutos\" \/>\n<script type=\"application\/ld+json\" class=\"yoast-schema-graph\">{\"@context\":\"https:\/\/schema.org\",\"@graph\":[{\"@type\":\"NewsArticle\",\"@id\":\"https:\/\/www.suno.com.br\/noticias\/nasdaq-100-confira-as-5-acoes-que-mais-valorizaram-em-agosto\/#article\",\"isPartOf\":{\"@id\":\"https:\/\/www.suno.com.br\/noticias\/nasdaq-100-confira-as-5-acoes-que-mais-valorizaram-em-agosto\/\"},\"author\":{\"name\":\"Rafaela La Regina\",\"@id\":\"https:\/\/www.suno.com.br\/noticias\/#\/schema\/person\/e672ca8cea627fe715fa29bca7da95e0\"},\"headline\":\"NASDAQ 100: Confira as 5 a\u00e7\u00f5es que mais valorizaram em agosto\",\"datePublished\":\"2020-09-07T22:01:14+00:00\",\"mainEntityOfPage\":{\"@id\":\"https:\/\/www.suno.com.br\/noticias\/nasdaq-100-confira-as-5-acoes-que-mais-valorizaram-em-agosto\/\"},\"wordCount\":1200,\"publisher\":{\"@id\":\"https:\/\/www.suno.com.br\/noticias\/#organization\"},\"image\":{\"@id\":\"https:\/\/www.suno.com.br\/noticias\/nasdaq-100-confira-as-5-acoes-que-mais-valorizaram-em-agosto\/#primaryimage\"},\"thumbnailUrl\":\"https:\/\/files.sunoresearch.com.br\/n\/uploads\/2020\/09\/8f6f051c-nasdaq-100-confira-as-5-ac\u0327o\u0303es-que-mais-desvalorizaram-em-junho-800x450-1-jpg.webp\",\"keywords\":[\"Nasdaq\",\"Nasdaq 100\",\"Nvidia (NVDC34)\",\"Tesla (TSLA34)\",\"zoom\"],\"articleSection\":[\"Mercado\"],\"inLanguage\":\"pt-BR\"},{\"@type\":\"WebPage\",\"@id\":\"https:\/\/www.suno.com.br\/noticias\/nasdaq-100-confira-as-5-acoes-que-mais-valorizaram-em-agosto\/\",\"url\":\"https:\/\/www.suno.com.br\/noticias\/nasdaq-100-confira-as-5-acoes-que-mais-valorizaram-em-agosto\/\",\"name\":\"NASDAQ 100: Confira as 5 a\u00e7\u00f5es que mais valorizaram em agosto\",\"isPartOf\":{\"@id\":\"https:\/\/www.suno.com.br\/noticias\/#website\"},\"primaryImageOfPage\":{\"@id\":\"https:\/\/www.suno.com.br\/noticias\/nasdaq-100-confira-as-5-acoes-que-mais-valorizaram-em-agosto\/#primaryimage\"},\"image\":{\"@id\":\"https:\/\/www.suno.com.br\/noticias\/nasdaq-100-confira-as-5-acoes-que-mais-valorizaram-em-agosto\/#primaryimage\"},\"thumbnailUrl\":\"https:\/\/files.sunoresearch.com.br\/n\/uploads\/2020\/09\/8f6f051c-nasdaq-100-confira-as-5-ac\u0327o\u0303es-que-mais-desvalorizaram-em-junho-800x450-1-jpg.webp\",\"datePublished\":\"2020-09-07T22:01:14+00:00\",\"description\":\"O Nasdaq 100 fechou as negocia\u00e7\u00f5es da \u00faltima segunda-feira (31) em alta de 0,68%, cotado a 11.775,46 pontos. Clique aqui para saber mais.\",\"breadcrumb\":{\"@id\":\"https:\/\/www.suno.com.br\/noticias\/nasdaq-100-confira-as-5-acoes-que-mais-valorizaram-em-agosto\/#breadcrumb\"},\"inLanguage\":\"pt-BR\",\"potentialAction\":[{\"@type\":\"ReadAction\",\"target\":[\"https:\/\/www.suno.com.br\/noticias\/nasdaq-100-confira-as-5-acoes-que-mais-valorizaram-em-agosto\/\"]}]},{\"@type\":\"ImageObject\",\"inLanguage\":\"pt-BR\",\"@id\":\"https:\/\/www.suno.com.br\/noticias\/nasdaq-100-confira-as-5-acoes-que-mais-valorizaram-em-agosto\/#primaryimage\",\"url\":\"https:\/\/files.sunoresearch.com.br\/n\/uploads\/2020\/09\/8f6f051c-nasdaq-100-confira-as-5-ac\u0327o\u0303es-que-mais-desvalorizaram-em-junho-800x450-1-jpg.webp\",\"contentUrl\":\"https:\/\/files.sunoresearch.com.br\/n\/uploads\/2020\/09\/8f6f051c-nasdaq-100-confira-as-5-ac\u0327o\u0303es-que-mais-desvalorizaram-em-junho-800x450-1-jpg.webp\",\"width\":800,\"height\":450,\"caption\":\"O NASDAQ 100 registrou em agosto desse ano seu quinto m\u00eas consecutivo em alta.\"},{\"@type\":\"BreadcrumbList\",\"@id\":\"https:\/\/www.suno.com.br\/noticias\/nasdaq-100-confira-as-5-acoes-que-mais-valorizaram-em-agosto\/#breadcrumb\",\"itemListElement\":[{\"@type\":\"ListItem\",\"position\":1,\"name\":\"Not\u00edcias\",\"item\":\"https:\/\/www.suno.com.br\/noticias\/\"},{\"@type\":\"ListItem\",\"position\":2,\"name\":\"Mercado\",\"item\":\"https:\/\/www.suno.com.br\/noticias\/mercado\/\"},{\"@type\":\"ListItem\",\"position\":3,\"name\":\"NASDAQ 100: Confira as 5 a\u00e7\u00f5es que mais valorizaram em agosto\"}]},{\"@type\":\"WebSite\",\"@id\":\"https:\/\/www.suno.com.br\/noticias\/#website\",\"url\":\"https:\/\/www.suno.com.br\/noticias\/\",\"name\":\"Suno Not\u00edcias\",\"description\":\"Seu portal de informa\u00e7\u00e3o sobre o mundo dos investimentos\",\"publisher\":{\"@id\":\"https:\/\/www.suno.com.br\/noticias\/#organization\"},\"potentialAction\":[{\"@type\":\"SearchAction\",\"target\":{\"@type\":\"EntryPoint\",\"urlTemplate\":\"https:\/\/www.suno.com.br\/noticias\/?s={search_term_string}\"},\"query-input\":{\"@type\":\"PropertyValueSpecification\",\"valueRequired\":true,\"valueName\":\"search_term_string\"}}],\"inLanguage\":\"pt-BR\"},{\"@type\":\"Organization\",\"@id\":\"https:\/\/www.suno.com.br\/noticias\/#organization\",\"name\":\"Suno Not\u00edcias\",\"url\":\"https:\/\/www.suno.com.br\/noticias\/\",\"logo\":{\"@type\":\"ImageObject\",\"inLanguage\":\"pt-BR\",\"@id\":\"https:\/\/www.suno.com.br\/noticias\/#\/schema\/logo\/image\/\",\"url\":\"https:\/\/files.sunoresearch.com.br\/n\/uploads\/2021\/09\/suno-logo.png\",\"contentUrl\":\"https:\/\/files.sunoresearch.com.br\/n\/uploads\/2021\/09\/suno-logo.png\",\"width\":180,\"height\":180,\"caption\":\"Suno Not\u00edcias\"},\"image\":{\"@id\":\"https:\/\/www.suno.com.br\/noticias\/#\/schema\/logo\/image\/\"},\"sameAs\":[\"https:\/\/facebook.com\/sunoresearch\",\"https:\/\/x.com\/sunoresearch\",\"https:\/\/www.instagram.com\/suno\",\"https:\/\/www.linkedin.com\/company\/suno-research\/\",\"https:\/\/www.youtube.com\/c\/sunoresearch\"]},{\"@type\":\"Person\",\"@id\":\"https:\/\/www.suno.com.br\/noticias\/#\/schema\/person\/e672ca8cea627fe715fa29bca7da95e0\",\"name\":\"Rafaela La Regina\",\"image\":{\"@type\":\"ImageObject\",\"inLanguage\":\"pt-BR\",\"@id\":\"https:\/\/www.suno.com.br\/noticias\/#\/schema\/person\/image\/\",\"url\":\"https:\/\/secure.gravatar.com\/avatar\/d2c75a52d243deb93d0465fdcb21bd37?s=96&r=g\",\"contentUrl\":\"https:\/\/secure.gravatar.com\/avatar\/d2c75a52d243deb93d0465fdcb21bd37?s=96&r=g\",\"caption\":\"Rafaela La Regina\"},\"description\":\"Estagi\u00e1ria no Suno Not\u00edcias. Escreve sobre economia, pol\u00edtica e neg\u00f3cios. Estuda Rela\u00e7\u00f5es Internacionais no IBMEC-SP.\",\"url\":\"https:\/\/www.suno.com.br\/noticias\/author\/rafaela-la-regina\/\"}]}<\/script>\n<!-- \/ Yoast SEO plugin. -->","yoast_head_json":{"title":"NASDAQ 100: Confira as 5 a\u00e7\u00f5es que mais valorizaram em agosto","description":"O Nasdaq 100 fechou as negocia\u00e7\u00f5es da \u00faltima segunda-feira (31) em alta de 0,68%, cotado a 11.775,46 pontos. Clique aqui para saber mais.","robots":{"index":"index","follow":"follow","max-snippet":"max-snippet:-1","max-image-preview":"max-image-preview:large","max-video-preview":"max-video-preview:-1"},"canonical":"https:\/\/www.suno.com.br\/noticias\/nasdaq-100-confira-as-5-acoes-que-mais-valorizaram-em-agosto\/","og_locale":"pt_BR","og_type":"article","og_title":"NASDAQ 100: Confira as 5 a\u00e7\u00f5es que mais valorizaram em agosto","og_description":"O Nasdaq 100 fechou as negocia\u00e7\u00f5es da \u00faltima segunda-feira (31) em alta de 0,68%, cotado a 11.775,46 pontos. Clique aqui para saber mais.","og_url":"https:\/\/www.suno.com.br\/noticias\/nasdaq-100-confira-as-5-acoes-que-mais-valorizaram-em-agosto\/","og_site_name":"Suno Not\u00edcias","article_publisher":"https:\/\/facebook.com\/sunoresearch","og_image":[{"width":800,"height":450,"url":"https:\/\/files.sunoresearch.com.br\/n\/uploads\/2020\/09\/8f6f051c-nasdaq-100-confira-as-5-ac\u0327o\u0303es-que-mais-desvalorizaram-em-junho-800x450-1.jpg","type":"image\/jpeg"}],"author":"Rafaela La Regina","twitter_card":"summary_large_image","twitter_creator":"@sunoresearch","twitter_site":"@sunoresearch","twitter_misc":{"Escrito por":"Rafaela La Regina","Est. tempo de leitura":"6 minutos"},"schema":{"@context":"https:\/\/schema.org","@graph":[{"@type":"NewsArticle","@id":"https:\/\/www.suno.com.br\/noticias\/nasdaq-100-confira-as-5-acoes-que-mais-valorizaram-em-agosto\/#article","isPartOf":{"@id":"https:\/\/www.suno.com.br\/noticias\/nasdaq-100-confira-as-5-acoes-que-mais-valorizaram-em-agosto\/"},"author":{"name":"Rafaela La Regina","@id":"https:\/\/www.suno.com.br\/noticias\/#\/schema\/person\/e672ca8cea627fe715fa29bca7da95e0"},"headline":"NASDAQ 100: Confira as 5 a\u00e7\u00f5es que mais valorizaram em agosto","datePublished":"2020-09-07T22:01:14+00:00","mainEntityOfPage":{"@id":"https:\/\/www.suno.com.br\/noticias\/nasdaq-100-confira-as-5-acoes-que-mais-valorizaram-em-agosto\/"},"wordCount":1200,"publisher":{"@id":"https:\/\/www.suno.com.br\/noticias\/#organization"},"image":{"@id":"https:\/\/www.suno.com.br\/noticias\/nasdaq-100-confira-as-5-acoes-que-mais-valorizaram-em-agosto\/#primaryimage"},"thumbnailUrl":"https:\/\/files.sunoresearch.com.br\/n\/uploads\/2020\/09\/8f6f051c-nasdaq-100-confira-as-5-ac\u0327o\u0303es-que-mais-desvalorizaram-em-junho-800x450-1-jpg.webp","keywords":["Nasdaq","Nasdaq 100","Nvidia (NVDC34)","Tesla (TSLA34)","zoom"],"articleSection":["Mercado"],"inLanguage":"pt-BR"},{"@type":"WebPage","@id":"https:\/\/www.suno.com.br\/noticias\/nasdaq-100-confira-as-5-acoes-que-mais-valorizaram-em-agosto\/","url":"https:\/\/www.suno.com.br\/noticias\/nasdaq-100-confira-as-5-acoes-que-mais-valorizaram-em-agosto\/","name":"NASDAQ 100: Confira as 5 a\u00e7\u00f5es que mais valorizaram em agosto","isPartOf":{"@id":"https:\/\/www.suno.com.br\/noticias\/#website"},"primaryImageOfPage":{"@id":"https:\/\/www.suno.com.br\/noticias\/nasdaq-100-confira-as-5-acoes-que-mais-valorizaram-em-agosto\/#primaryimage"},"image":{"@id":"https:\/\/www.suno.com.br\/noticias\/nasdaq-100-confira-as-5-acoes-que-mais-valorizaram-em-agosto\/#primaryimage"},"thumbnailUrl":"https:\/\/files.sunoresearch.com.br\/n\/uploads\/2020\/09\/8f6f051c-nasdaq-100-confira-as-5-ac\u0327o\u0303es-que-mais-desvalorizaram-em-junho-800x450-1-jpg.webp","datePublished":"2020-09-07T22:01:14+00:00","description":"O Nasdaq 100 fechou as negocia\u00e7\u00f5es da \u00faltima segunda-feira (31) em alta de 0,68%, cotado a 11.775,46 pontos. Clique aqui para saber mais.","breadcrumb":{"@id":"https:\/\/www.suno.com.br\/noticias\/nasdaq-100-confira-as-5-acoes-que-mais-valorizaram-em-agosto\/#breadcrumb"},"inLanguage":"pt-BR","potentialAction":[{"@type":"ReadAction","target":["https:\/\/www.suno.com.br\/noticias\/nasdaq-100-confira-as-5-acoes-que-mais-valorizaram-em-agosto\/"]}]},{"@type":"ImageObject","inLanguage":"pt-BR","@id":"https:\/\/www.suno.com.br\/noticias\/nasdaq-100-confira-as-5-acoes-que-mais-valorizaram-em-agosto\/#primaryimage","url":"https:\/\/files.sunoresearch.com.br\/n\/uploads\/2020\/09\/8f6f051c-nasdaq-100-confira-as-5-ac\u0327o\u0303es-que-mais-desvalorizaram-em-junho-800x450-1-jpg.webp","contentUrl":"https:\/\/files.sunoresearch.com.br\/n\/uploads\/2020\/09\/8f6f051c-nasdaq-100-confira-as-5-ac\u0327o\u0303es-que-mais-desvalorizaram-em-junho-800x450-1-jpg.webp","width":800,"height":450,"caption":"O NASDAQ 100 registrou em agosto desse ano seu quinto m\u00eas consecutivo em alta."},{"@type":"BreadcrumbList","@id":"https:\/\/www.suno.com.br\/noticias\/nasdaq-100-confira-as-5-acoes-que-mais-valorizaram-em-agosto\/#breadcrumb","itemListElement":[{"@type":"ListItem","position":1,"name":"Not\u00edcias","item":"https:\/\/www.suno.com.br\/noticias\/"},{"@type":"ListItem","position":2,"name":"Mercado","item":"https:\/\/www.suno.com.br\/noticias\/mercado\/"},{"@type":"ListItem","position":3,"name":"NASDAQ 100: Confira as 5 a\u00e7\u00f5es que mais valorizaram em agosto"}]},{"@type":"WebSite","@id":"https:\/\/www.suno.com.br\/noticias\/#website","url":"https:\/\/www.suno.com.br\/noticias\/","name":"Suno Not\u00edcias","description":"Seu portal de informa\u00e7\u00e3o sobre o mundo dos investimentos","publisher":{"@id":"https:\/\/www.suno.com.br\/noticias\/#organization"},"potentialAction":[{"@type":"SearchAction","target":{"@type":"EntryPoint","urlTemplate":"https:\/\/www.suno.com.br\/noticias\/?s={search_term_string}"},"query-input":{"@type":"PropertyValueSpecification","valueRequired":true,"valueName":"search_term_string"}}],"inLanguage":"pt-BR"},{"@type":"Organization","@id":"https:\/\/www.suno.com.br\/noticias\/#organization","name":"Suno Not\u00edcias","url":"https:\/\/www.suno.com.br\/noticias\/","logo":{"@type":"ImageObject","inLanguage":"pt-BR","@id":"https:\/\/www.suno.com.br\/noticias\/#\/schema\/logo\/image\/","url":"https:\/\/files.sunoresearch.com.br\/n\/uploads\/2021\/09\/suno-logo.png","contentUrl":"https:\/\/files.sunoresearch.com.br\/n\/uploads\/2021\/09\/suno-logo.png","width":180,"height":180,"caption":"Suno Not\u00edcias"},"image":{"@id":"https:\/\/www.suno.com.br\/noticias\/#\/schema\/logo\/image\/"},"sameAs":["https:\/\/facebook.com\/sunoresearch","https:\/\/x.com\/sunoresearch","https:\/\/www.instagram.com\/suno","https:\/\/www.linkedin.com\/company\/suno-research\/","https:\/\/www.youtube.com\/c\/sunoresearch"]},{"@type":"Person","@id":"https:\/\/www.suno.com.br\/noticias\/#\/schema\/person\/e672ca8cea627fe715fa29bca7da95e0","name":"Rafaela La Regina","image":{"@type":"ImageObject","inLanguage":"pt-BR","@id":"https:\/\/www.suno.com.br\/noticias\/#\/schema\/person\/image\/","url":"https:\/\/secure.gravatar.com\/avatar\/d2c75a52d243deb93d0465fdcb21bd37?s=96&r=g","contentUrl":"https:\/\/secure.gravatar.com\/avatar\/d2c75a52d243deb93d0465fdcb21bd37?s=96&r=g","caption":"Rafaela La Regina"},"description":"Estagi\u00e1ria no Suno Not\u00edcias. Escreve sobre economia, pol\u00edtica e neg\u00f3cios. Estuda Rela\u00e7\u00f5es Internacionais no IBMEC-SP.","url":"https:\/\/www.suno.com.br\/noticias\/author\/rafaela-la-regina\/"}]}},"default_loop_html":"<div class=\"cardsPage__listCard__boxs\"><div class=\"cardsPage__listCard__boxs__img\"><a href=\"https:\/\/www.suno.com.br\/noticias\/nasdaq-100-confira-as-5-acoes-que-mais-valorizaram-em-agosto\/\"><img class=\"mask\" src=\"https:\/\/www.suno.com.br\/noticias\/wp-content\/themes\/suno\/resources\/images\/spotlight\/spotlight1img\/bg-mask.png\" alt=\"Image Mask\"\/><img src=\"https:\/\/files.sunoresearch.com.br\/n\/uploads\/2020\/09\/8f6f051c-nasdaq-100-confira-as-5-ac\u0327o\u0303es-que-mais-desvalorizaram-em-junho-800x450-1-400x200.webp\" alt=\"NASDAQ 100: Confira as 5 a\u00e7\u00f5es que mais valorizaram em agosto\"\/><\/a><span class=\"spotlightCategory\"><a href=\"https:\/\/www.suno.com.br\/noticias\/mercado\/\">Mercado<\/a><\/span><\/div><div class=\"cardsPage__listCard__boxs__content\"><a href=\"https:\/\/www.suno.com.br\/noticias\/nasdaq-100-confira-as-5-acoes-que-mais-valorizaram-em-agosto\/\"><h2 class=\"content__title\">NASDAQ 100: Confira as 5 a\u00e7\u00f5es que mais valorizaram em agosto<\/h2><\/a><div class=\"newsContent__article__meta\"><div class=\"newsContent__article__meta__authorBox\"><a href=\"https:\/\/www.suno.com.br\/noticias\/author\/rafaela-la-regina\/\" class=\"authorBox__avatar noMobi\"><img src=\"https:\/\/secure.gravatar.com\/avatar\/d2c75a52d243deb93d0465fdcb21bd37?s=96&#038;r=g\" alt=\"Rafaela La Regina\"><\/a><div class=\"authorBox__name\"><span>por\n\t\t\t<a href=\"https:\/\/www.suno.com.br\/noticias\/author\/rafaela-la-regina\/\"><span itemprop=\"author\">Rafaela La Regina<\/span><\/a><\/span><time datetime=\"2020-09-07T19:01:14-03:00\" itemprop=\"datePublished\">07\/09\/2020 19:01<\/time><\/div><\/div><\/div><\/div><\/div>","single_layout":"posts","amp_enabled":true,"_links":{"self":[{"href":"https:\/\/www.suno.com.br\/noticias\/wp-json\/wp\/v2\/posts\/81669"}],"collection":[{"href":"https:\/\/www.suno.com.br\/noticias\/wp-json\/wp\/v2\/posts"}],"about":[{"href":"https:\/\/www.suno.com.br\/noticias\/wp-json\/wp\/v2\/types\/post"}],"author":[{"embeddable":true,"href":"https:\/\/www.suno.com.br\/noticias\/wp-json\/wp\/v2\/users\/56"}],"replies":[{"embeddable":true,"href":"https:\/\/www.suno.com.br\/noticias\/wp-json\/wp\/v2\/comments?post=81669"}],"version-history":[{"count":0,"href":"https:\/\/www.suno.com.br\/noticias\/wp-json\/wp\/v2\/posts\/81669\/revisions"}],"wp:featuredmedia":[{"embeddable":true,"href":"https:\/\/www.suno.com.br\/noticias\/wp-json\/wp\/v2\/media\/82867"}],"wp:attachment":[{"href":"https:\/\/www.suno.com.br\/noticias\/wp-json\/wp\/v2\/media?parent=81669"}],"wp:term":[{"taxonomy":"category","embeddable":true,"href":"https:\/\/www.suno.com.br\/noticias\/wp-json\/wp\/v2\/categories?post=81669"},{"taxonomy":"post_tag","embeddable":true,"href":"https:\/\/www.suno.com.br\/noticias\/wp-json\/wp\/v2\/tags?post=81669"},{"taxonomy":"suno_strategy","embeddable":true,"href":"https:\/\/www.suno.com.br\/noticias\/wp-json\/wp\/v2\/suno_strategy?post=81669"}],"curies":[{"name":"wp","href":"https:\/\/api.w.org\/{rel}","templated":true}]}}