{"id":81425,"date":"2020-08-29T14:33:37","date_gmt":"2020-08-29T17:33:37","guid":{"rendered":"https:\/\/www.suno.com.br\/noticias\/?p=81425"},"modified":"2020-08-29T14:33:37","modified_gmt":"2020-08-29T17:33:37","slug":"argentina-autoriza-reabertura-restaurantes","status":"publish","type":"post","link":"https:\/\/www.suno.com.br\/noticias\/argentina-autoriza-reabertura-restaurantes\/","title":{"rendered":"Argentina autoriza reabertura de bares e restaurantes a partir de segunda"},"content":{"rendered":"<p>O governo da <strong>Argentina<\/strong> autorizou que restaurantes e bares em todo o territ\u00f3rio nacional voltem a abrir para o p\u00fablico a partir da pr\u00f3xima segunda-feira (31). Entretanto, os estabelecimentos dever\u00e3o garantir que mesas e cadeiras estejam nas cal\u00e7adas e o respeito de protocolos de higiene. Foram tamb\u00e9m liberadas de forma gradual as atividades de constru\u00e7\u00e3o, mas dever\u00e3o ser estabelecidas regras por regi\u00e3o, para definir protocolos.<\/p>\t<div class=\"wrapper-featured-image\">\n\t\t<figure class=\"spotlightImg\">\n\n\t\t\t<picture>\n\t\t\t\t<source media=\"(max-width: 768px)\" srcset=\"https:\/\/files.sunoresearch.com.br\/n\/uploads\/2019\/08\/7b1f5034-argentina-400x200.webp\">\n\t\t\t\t<img loading=\"lazy\" decoding=\"async\" class=\"newsContent__article__imgCapa lazyloadDisabled \" src=\"https:\/\/files.sunoresearch.com.br\/n\/uploads\/2019\/08\/7b1f5034-argentina-800x450.webp\" width=\"800\" height=\"450\" alt=\"Argentina autoriza reabertura de bares e restaurantes a partir de segunda\" fetchpriority=high \/>\n\t\t\t<\/picture>\n\n\t\t\t<figcaption class=\"wp-caption-text wp-caption-text--show\">A Argentina informou que reestruturou mais de US$ 40 bilh\u00f5es em d\u00edvida emitida sob a legisla\u00e7\u00e3o local<\/figcaption>\n\t\t<\/figure>\n\t<\/div>\n\n\n<div class=\"hubspot-form-wrapper\">\n\t<div id=\"single-form-target\"><\/div>\n<\/div>\n\n<p>Al\u00e9m disso, o governo da Argentina permitiu\u00a0 reuni\u00f5es de at\u00e9 dez pessoas, sempre ao ar livre. Uma decis\u00e3o que chega ap\u00f3s aglomera\u00e7\u00f5es de pessoas tenham ocorrido em parques e pra\u00e7as de <strong>Buenos Aires<\/strong> e de outras grandes cidades do pa\u00eds vizinho.<\/p>\n<p>A decis\u00e3o n\u00e3o foi tomada de forma tranquila pelo Executivo de Buenos Aires. O chefe de governo da capital, que \u00e9 da oposi\u00e7\u00e3o ao atual presidente Alberto Fern\u00e1ndez, defendia uma maior abertura. Ao contr\u00e1rio, os\u00a0 governadores da prov\u00edncia de Buenos Aires, de Jujuy e Chaco, que resultaram as regi\u00f5es mais afetadas pela pandemia de coronav\u00edrus (covid-19), pediam para manter a quarentena dura.<\/p>\n<p><a href=\"https:\/\/lp.suno.com.br\/suno-one\/\">Suno One: acesse gratuitamente eBooks, Minicursos, Artigos e Video Aulas sobre investimentos com um \u00fanico cadastro. Clique para saber mais!<\/a><\/p>\n<p>A decis\u00e3o tamb\u00e9m chegou no mesmo dia em que a Argentina registrou um n\u00famero recorde de contaminados: 11.717. Essa alta elevou o n\u00famero de casos acumulados em 392.009. Al\u00e9m disso, foram registrados 222 mortos, alcan\u00e7ando um total de 8.271 v\u00edtimas.<\/p>\n<h2>Restaurantes reabrem na Argentina<\/h2>\n<p>O governo da Argentina ainda n\u00e3o comunicou todas as regras para os propriet\u00e1rios de restaurantes e locais p\u00fablicos sobre como se poder\u00e1 avan\u00e7ar sobre a cal\u00e7ada. O Executivo alertou que no momento apenas os locais que j\u00e1 tinham essa permiss\u00e3o poder\u00e3o atuar imediatamente. Todos os outros ter\u00e3o de pedir permiss\u00e3o \u00e0 suas prefeituras.<\/p>\n<p>Todavia, muitas pessoas est\u00e3o pedindo comidas &#8220;take away&#8221;, dizendo que a levariam para casa, mas mesmo sem a autoriza\u00e7\u00e3o sentam-se nas cal\u00e7adas.<\/p>\n\t<div data-element=\"shortcode-read-more\" class=\"knowMore\">\n\t\t\t\t<span class=\"knowMore__title\">Veja tamb\u00e9m<\/span>\n\t\t\t\t<a class=\"knowMore__link\" href=\"https:\/\/www.suno.com.br\/noticias\/argentina-espera-alta-adesao-credores-proposta-reestruturacao\/\">\n\t\t\tArgentina espera alta ades\u00e3o de credores a proposta de reestrutura\u00e7\u00e3o\t\t<\/a>\n\t<\/div>\n\n\n<p>A press\u00e3o do setor gastron\u00f4mico sobre o governo da <strong>Argentina<\/strong> continua muito forte nas \u00faltimas semanas, j\u00e1 que o setor \u00e9 uma das principais atra\u00e7\u00f5es da capital e de v\u00e1rias cidades do interior. Desde o come\u00e7o da pandemia, apenas em Buenos Aires, 30% dos locais j\u00e1 faliram, n\u00e3o conseguindo fechar as contas apenas com os servi\u00e7os de delivery.<\/p>\n\t<p>\n\t\t<a href=\"https:\/\/lp.suno.com.br\/planilha-de-controle-de-investimentos\/\" target=\"_blank\" data-element=\"shortcode-suno-banner\" title=\"Banner SUNO, clique e saiba mais\">\n\t\t\t<picture>\n\t\t\t\t<source media=\"(max-width: 500px)\" srcset=\"https:\/\/files.sunoresearch.com.br\/n\/uploads\/2023\/03\/400x300-Controle-de-Investimentos.png\">\n\t\t\t\t<img class=\"newsContent__article__imgCapa newsContent__article__imgCapa--banner\"\n\t\t\t\t\tsrc=\"https:\/\/files.sunoresearch.com.br\/n\/uploads\/2023\/03\/1420x240-Controle-de-Investimentos.png\"\n\t\t\t\t\tdata-promo-id=\"75934\"\t\t\t\t\t\t\t\t\t\twidth='1420' height='240'\t\t\t\t\talt=\"https:\/\/files.sunoresearch.com.br\/n\/uploads\/2023\/03\/1420x240-Controle-de-Investimentos.png\"\n\t\t\t\t>\n\t\t\t<\/picture>\n\t\t<\/a>\n\t<\/p>\n\n\n","protected":false},"excerpt":{"rendered":"<p>O governo da Argentina autorizou que restaurantes e bares em todo o territ\u00f3rio nacional voltem a abrir para o p\u00fablico a partir da pr\u00f3xima segunda-feira (31). Entretanto, os estabelecimentos dever\u00e3o garantir que mesas e cadeiras estejam nas cal\u00e7adas e o respeito de protocolos de higiene. Foram tamb\u00e9m liberadas de forma gradual as atividades de constru\u00e7\u00e3o, [&hellip;]<\/p>\n","protected":false},"author":9,"featured_media":33758,"comment_status":"closed","ping_status":"closed","sticky":false,"template":"","format":"standard","meta":[],"categories":[63],"tags":[699,2487],"suno_strategy":[],"class_list":["post-81425","post","type-post","status-publish","format-standard","has-post-thumbnail","hentry","category-internacional","tag-argentina","tag-coronavirus"],"yoast_head":"<!-- This site is optimized with the Yoast SEO plugin v24.4 - https:\/\/yoast.com\/wordpress\/plugins\/seo\/ -->\n<title>Argentina autoriza reabertura de bares e restaurantes a partir de segunda<\/title>\n<meta name=\"description\" content=\"O governo da Argentina autorizou que restaurantes e bares em todo o territ\u00f3rio nacional voltem a abrir. Clique aqui e saiba mais.\" \/>\n<meta name=\"robots\" content=\"index, follow, max-snippet:-1, max-image-preview:large, max-video-preview:-1\" \/>\n<link rel=\"canonical\" href=\"https:\/\/www.suno.com.br\/noticias\/argentina-autoriza-reabertura-restaurantes\/\" \/>\n<meta property=\"og:locale\" content=\"pt_BR\" \/>\n<meta property=\"og:type\" content=\"article\" \/>\n<meta property=\"og:title\" content=\"Argentina autoriza reabertura de bares e restaurantes a partir de segunda\" \/>\n<meta property=\"og:description\" content=\"O governo da Argentina autorizou que restaurantes e bares em todo o territ\u00f3rio nacional voltem a abrir. Clique aqui e saiba mais.\" \/>\n<meta property=\"og:url\" content=\"https:\/\/www.suno.com.br\/noticias\/argentina-autoriza-reabertura-restaurantes\/\" \/>\n<meta property=\"og:site_name\" content=\"Suno Not\u00edcias\" \/>\n<meta property=\"article:publisher\" content=\"https:\/\/facebook.com\/sunoresearch\" \/>\n<meta property=\"og:image\" content=\"https:\/\/files.sunoresearch.com.br\/n\/uploads\/2019\/08\/7b1f5034-argentina.jpg\" \/>\n\t<meta property=\"og:image:width\" content=\"1000\" \/>\n\t<meta property=\"og:image:height\" content=\"541\" \/>\n\t<meta property=\"og:image:type\" content=\"image\/jpeg\" \/>\n<meta name=\"author\" content=\"Carlo Cauti\" \/>\n<meta name=\"twitter:card\" content=\"summary_large_image\" \/>\n<meta name=\"twitter:creator\" content=\"@sunoresearch\" \/>\n<meta name=\"twitter:site\" content=\"@sunoresearch\" \/>\n<meta name=\"twitter:label1\" content=\"Escrito por\" \/>\n\t<meta name=\"twitter:data1\" content=\"Carlo Cauti\" \/>\n\t<meta name=\"twitter:label2\" content=\"Est. tempo de leitura\" \/>\n\t<meta name=\"twitter:data2\" content=\"2 minutos\" \/>\n<script type=\"application\/ld+json\" class=\"yoast-schema-graph\">{\"@context\":\"https:\/\/schema.org\",\"@graph\":[{\"@type\":\"NewsArticle\",\"@id\":\"https:\/\/www.suno.com.br\/noticias\/argentina-autoriza-reabertura-restaurantes\/#article\",\"isPartOf\":{\"@id\":\"https:\/\/www.suno.com.br\/noticias\/argentina-autoriza-reabertura-restaurantes\/\"},\"author\":{\"name\":\"Carlo Cauti\",\"@id\":\"https:\/\/www.suno.com.br\/noticias\/#\/schema\/person\/e6e0f723cc177805027f4566c1d5e0c8\"},\"headline\":\"Argentina autoriza reabertura de bares e restaurantes a partir de segunda\",\"datePublished\":\"2020-08-29T17:33:37+00:00\",\"mainEntityOfPage\":{\"@id\":\"https:\/\/www.suno.com.br\/noticias\/argentina-autoriza-reabertura-restaurantes\/\"},\"wordCount\":441,\"publisher\":{\"@id\":\"https:\/\/www.suno.com.br\/noticias\/#organization\"},\"image\":{\"@id\":\"https:\/\/www.suno.com.br\/noticias\/argentina-autoriza-reabertura-restaurantes\/#primaryimage\"},\"thumbnailUrl\":\"https:\/\/files.sunoresearch.com.br\/n\/uploads\/2019\/08\/7b1f5034-argentina-jpg.webp\",\"keywords\":[\"Argentina\",\"coronav\u00edrus\"],\"articleSection\":[\"Internacional\"],\"inLanguage\":\"pt-BR\"},{\"@type\":\"WebPage\",\"@id\":\"https:\/\/www.suno.com.br\/noticias\/argentina-autoriza-reabertura-restaurantes\/\",\"url\":\"https:\/\/www.suno.com.br\/noticias\/argentina-autoriza-reabertura-restaurantes\/\",\"name\":\"Argentina autoriza reabertura de bares e restaurantes a partir de segunda\",\"isPartOf\":{\"@id\":\"https:\/\/www.suno.com.br\/noticias\/#website\"},\"primaryImageOfPage\":{\"@id\":\"https:\/\/www.suno.com.br\/noticias\/argentina-autoriza-reabertura-restaurantes\/#primaryimage\"},\"image\":{\"@id\":\"https:\/\/www.suno.com.br\/noticias\/argentina-autoriza-reabertura-restaurantes\/#primaryimage\"},\"thumbnailUrl\":\"https:\/\/files.sunoresearch.com.br\/n\/uploads\/2019\/08\/7b1f5034-argentina-jpg.webp\",\"datePublished\":\"2020-08-29T17:33:37+00:00\",\"description\":\"O governo da Argentina autorizou que restaurantes e bares em todo o territ\u00f3rio nacional voltem a abrir. Clique aqui e saiba mais.\",\"breadcrumb\":{\"@id\":\"https:\/\/www.suno.com.br\/noticias\/argentina-autoriza-reabertura-restaurantes\/#breadcrumb\"},\"inLanguage\":\"pt-BR\",\"potentialAction\":[{\"@type\":\"ReadAction\",\"target\":[\"https:\/\/www.suno.com.br\/noticias\/argentina-autoriza-reabertura-restaurantes\/\"]}]},{\"@type\":\"ImageObject\",\"inLanguage\":\"pt-BR\",\"@id\":\"https:\/\/www.suno.com.br\/noticias\/argentina-autoriza-reabertura-restaurantes\/#primaryimage\",\"url\":\"https:\/\/files.sunoresearch.com.br\/n\/uploads\/2019\/08\/7b1f5034-argentina-jpg.webp\",\"contentUrl\":\"https:\/\/files.sunoresearch.com.br\/n\/uploads\/2019\/08\/7b1f5034-argentina-jpg.webp\",\"width\":1000,\"height\":541,\"caption\":\"A Argentina informou que reestruturou mais de US$ 40 bilh\u00f5es em d\u00edvida emitida sob a legisla\u00e7\u00e3o local\"},{\"@type\":\"BreadcrumbList\",\"@id\":\"https:\/\/www.suno.com.br\/noticias\/argentina-autoriza-reabertura-restaurantes\/#breadcrumb\",\"itemListElement\":[{\"@type\":\"ListItem\",\"position\":1,\"name\":\"Not\u00edcias\",\"item\":\"https:\/\/www.suno.com.br\/noticias\/\"},{\"@type\":\"ListItem\",\"position\":2,\"name\":\"Internacional\",\"item\":\"https:\/\/www.suno.com.br\/noticias\/internacional\/\"},{\"@type\":\"ListItem\",\"position\":3,\"name\":\"Argentina autoriza reabertura de bares e restaurantes a partir de segunda\"}]},{\"@type\":\"WebSite\",\"@id\":\"https:\/\/www.suno.com.br\/noticias\/#website\",\"url\":\"https:\/\/www.suno.com.br\/noticias\/\",\"name\":\"Suno Not\u00edcias\",\"description\":\"Seu portal de informa\u00e7\u00e3o sobre o mundo dos investimentos\",\"publisher\":{\"@id\":\"https:\/\/www.suno.com.br\/noticias\/#organization\"},\"potentialAction\":[{\"@type\":\"SearchAction\",\"target\":{\"@type\":\"EntryPoint\",\"urlTemplate\":\"https:\/\/www.suno.com.br\/noticias\/?s={search_term_string}\"},\"query-input\":{\"@type\":\"PropertyValueSpecification\",\"valueRequired\":true,\"valueName\":\"search_term_string\"}}],\"inLanguage\":\"pt-BR\"},{\"@type\":\"Organization\",\"@id\":\"https:\/\/www.suno.com.br\/noticias\/#organization\",\"name\":\"Suno Not\u00edcias\",\"url\":\"https:\/\/www.suno.com.br\/noticias\/\",\"logo\":{\"@type\":\"ImageObject\",\"inLanguage\":\"pt-BR\",\"@id\":\"https:\/\/www.suno.com.br\/noticias\/#\/schema\/logo\/image\/\",\"url\":\"https:\/\/files.sunoresearch.com.br\/n\/uploads\/2021\/09\/suno-logo.png\",\"contentUrl\":\"https:\/\/files.sunoresearch.com.br\/n\/uploads\/2021\/09\/suno-logo.png\",\"width\":180,\"height\":180,\"caption\":\"Suno Not\u00edcias\"},\"image\":{\"@id\":\"https:\/\/www.suno.com.br\/noticias\/#\/schema\/logo\/image\/\"},\"sameAs\":[\"https:\/\/facebook.com\/sunoresearch\",\"https:\/\/x.com\/sunoresearch\",\"https:\/\/www.instagram.com\/suno\",\"https:\/\/www.linkedin.com\/company\/suno-research\/\",\"https:\/\/www.youtube.com\/c\/sunoresearch\"]},{\"@type\":\"Person\",\"@id\":\"https:\/\/www.suno.com.br\/noticias\/#\/schema\/person\/e6e0f723cc177805027f4566c1d5e0c8\",\"name\":\"Carlo Cauti\",\"image\":{\"@type\":\"ImageObject\",\"inLanguage\":\"pt-BR\",\"@id\":\"https:\/\/www.suno.com.br\/noticias\/#\/schema\/person\/image\/\",\"url\":\"https:\/\/secure.gravatar.com\/avatar\/3ada9e0bd164c23abd4792a9606d583c?s=96&r=g\",\"contentUrl\":\"https:\/\/secure.gravatar.com\/avatar\/3ada9e0bd164c23abd4792a9606d583c?s=96&r=g\",\"caption\":\"Carlo Cauti\"},\"description\":\"Editor multim\u00eddia do SUNO Not\u00edcias. Italiano, formado em Ci\u00eancias Pol\u00edticas pela universidade LUISS G. Carli de Roma e mestre cum laude em Rela\u00e7\u00f5es Internacionais, Jornalismo Internacional e de Guerra e em Economia Internacional. Concluiu tamb\u00e9m um MBA em Finan\u00e7as na B3. No Brasil, teve passagem por ve\u00edculos como Estad\u00e3o, Globo, Veja e EXAME. e nas ag\u00eancias de not\u00edcias italianas ANSA e NOVA.\",\"url\":\"https:\/\/www.suno.com.br\/noticias\/author\/carlo-cauti\/\"}]}<\/script>\n<!-- \/ Yoast SEO plugin. -->","yoast_head_json":{"title":"Argentina autoriza reabertura de bares e restaurantes a partir de segunda","description":"O governo da Argentina autorizou que restaurantes e bares em todo o territ\u00f3rio nacional voltem a abrir. Clique aqui e saiba mais.","robots":{"index":"index","follow":"follow","max-snippet":"max-snippet:-1","max-image-preview":"max-image-preview:large","max-video-preview":"max-video-preview:-1"},"canonical":"https:\/\/www.suno.com.br\/noticias\/argentina-autoriza-reabertura-restaurantes\/","og_locale":"pt_BR","og_type":"article","og_title":"Argentina autoriza reabertura de bares e restaurantes a partir de segunda","og_description":"O governo da Argentina autorizou que restaurantes e bares em todo o territ\u00f3rio nacional voltem a abrir. Clique aqui e saiba mais.","og_url":"https:\/\/www.suno.com.br\/noticias\/argentina-autoriza-reabertura-restaurantes\/","og_site_name":"Suno Not\u00edcias","article_publisher":"https:\/\/facebook.com\/sunoresearch","og_image":[{"width":1000,"height":541,"url":"https:\/\/files.sunoresearch.com.br\/n\/uploads\/2019\/08\/7b1f5034-argentina.jpg","type":"image\/jpeg"}],"author":"Carlo Cauti","twitter_card":"summary_large_image","twitter_creator":"@sunoresearch","twitter_site":"@sunoresearch","twitter_misc":{"Escrito por":"Carlo Cauti","Est. tempo de leitura":"2 minutos"},"schema":{"@context":"https:\/\/schema.org","@graph":[{"@type":"NewsArticle","@id":"https:\/\/www.suno.com.br\/noticias\/argentina-autoriza-reabertura-restaurantes\/#article","isPartOf":{"@id":"https:\/\/www.suno.com.br\/noticias\/argentina-autoriza-reabertura-restaurantes\/"},"author":{"name":"Carlo Cauti","@id":"https:\/\/www.suno.com.br\/noticias\/#\/schema\/person\/e6e0f723cc177805027f4566c1d5e0c8"},"headline":"Argentina autoriza reabertura de bares e restaurantes a partir de segunda","datePublished":"2020-08-29T17:33:37+00:00","mainEntityOfPage":{"@id":"https:\/\/www.suno.com.br\/noticias\/argentina-autoriza-reabertura-restaurantes\/"},"wordCount":441,"publisher":{"@id":"https:\/\/www.suno.com.br\/noticias\/#organization"},"image":{"@id":"https:\/\/www.suno.com.br\/noticias\/argentina-autoriza-reabertura-restaurantes\/#primaryimage"},"thumbnailUrl":"https:\/\/files.sunoresearch.com.br\/n\/uploads\/2019\/08\/7b1f5034-argentina-jpg.webp","keywords":["Argentina","coronav\u00edrus"],"articleSection":["Internacional"],"inLanguage":"pt-BR"},{"@type":"WebPage","@id":"https:\/\/www.suno.com.br\/noticias\/argentina-autoriza-reabertura-restaurantes\/","url":"https:\/\/www.suno.com.br\/noticias\/argentina-autoriza-reabertura-restaurantes\/","name":"Argentina autoriza reabertura de bares e restaurantes a partir de segunda","isPartOf":{"@id":"https:\/\/www.suno.com.br\/noticias\/#website"},"primaryImageOfPage":{"@id":"https:\/\/www.suno.com.br\/noticias\/argentina-autoriza-reabertura-restaurantes\/#primaryimage"},"image":{"@id":"https:\/\/www.suno.com.br\/noticias\/argentina-autoriza-reabertura-restaurantes\/#primaryimage"},"thumbnailUrl":"https:\/\/files.sunoresearch.com.br\/n\/uploads\/2019\/08\/7b1f5034-argentina-jpg.webp","datePublished":"2020-08-29T17:33:37+00:00","description":"O governo da Argentina autorizou que restaurantes e bares em todo o territ\u00f3rio nacional voltem a abrir. Clique aqui e saiba mais.","breadcrumb":{"@id":"https:\/\/www.suno.com.br\/noticias\/argentina-autoriza-reabertura-restaurantes\/#breadcrumb"},"inLanguage":"pt-BR","potentialAction":[{"@type":"ReadAction","target":["https:\/\/www.suno.com.br\/noticias\/argentina-autoriza-reabertura-restaurantes\/"]}]},{"@type":"ImageObject","inLanguage":"pt-BR","@id":"https:\/\/www.suno.com.br\/noticias\/argentina-autoriza-reabertura-restaurantes\/#primaryimage","url":"https:\/\/files.sunoresearch.com.br\/n\/uploads\/2019\/08\/7b1f5034-argentina-jpg.webp","contentUrl":"https:\/\/files.sunoresearch.com.br\/n\/uploads\/2019\/08\/7b1f5034-argentina-jpg.webp","width":1000,"height":541,"caption":"A Argentina informou que reestruturou mais de US$ 40 bilh\u00f5es em d\u00edvida emitida sob a legisla\u00e7\u00e3o local"},{"@type":"BreadcrumbList","@id":"https:\/\/www.suno.com.br\/noticias\/argentina-autoriza-reabertura-restaurantes\/#breadcrumb","itemListElement":[{"@type":"ListItem","position":1,"name":"Not\u00edcias","item":"https:\/\/www.suno.com.br\/noticias\/"},{"@type":"ListItem","position":2,"name":"Internacional","item":"https:\/\/www.suno.com.br\/noticias\/internacional\/"},{"@type":"ListItem","position":3,"name":"Argentina autoriza reabertura de bares e restaurantes a partir de segunda"}]},{"@type":"WebSite","@id":"https:\/\/www.suno.com.br\/noticias\/#website","url":"https:\/\/www.suno.com.br\/noticias\/","name":"Suno Not\u00edcias","description":"Seu portal de informa\u00e7\u00e3o sobre o mundo dos investimentos","publisher":{"@id":"https:\/\/www.suno.com.br\/noticias\/#organization"},"potentialAction":[{"@type":"SearchAction","target":{"@type":"EntryPoint","urlTemplate":"https:\/\/www.suno.com.br\/noticias\/?s={search_term_string}"},"query-input":{"@type":"PropertyValueSpecification","valueRequired":true,"valueName":"search_term_string"}}],"inLanguage":"pt-BR"},{"@type":"Organization","@id":"https:\/\/www.suno.com.br\/noticias\/#organization","name":"Suno Not\u00edcias","url":"https:\/\/www.suno.com.br\/noticias\/","logo":{"@type":"ImageObject","inLanguage":"pt-BR","@id":"https:\/\/www.suno.com.br\/noticias\/#\/schema\/logo\/image\/","url":"https:\/\/files.sunoresearch.com.br\/n\/uploads\/2021\/09\/suno-logo.png","contentUrl":"https:\/\/files.sunoresearch.com.br\/n\/uploads\/2021\/09\/suno-logo.png","width":180,"height":180,"caption":"Suno Not\u00edcias"},"image":{"@id":"https:\/\/www.suno.com.br\/noticias\/#\/schema\/logo\/image\/"},"sameAs":["https:\/\/facebook.com\/sunoresearch","https:\/\/x.com\/sunoresearch","https:\/\/www.instagram.com\/suno","https:\/\/www.linkedin.com\/company\/suno-research\/","https:\/\/www.youtube.com\/c\/sunoresearch"]},{"@type":"Person","@id":"https:\/\/www.suno.com.br\/noticias\/#\/schema\/person\/e6e0f723cc177805027f4566c1d5e0c8","name":"Carlo Cauti","image":{"@type":"ImageObject","inLanguage":"pt-BR","@id":"https:\/\/www.suno.com.br\/noticias\/#\/schema\/person\/image\/","url":"https:\/\/secure.gravatar.com\/avatar\/3ada9e0bd164c23abd4792a9606d583c?s=96&r=g","contentUrl":"https:\/\/secure.gravatar.com\/avatar\/3ada9e0bd164c23abd4792a9606d583c?s=96&r=g","caption":"Carlo Cauti"},"description":"Editor multim\u00eddia do SUNO Not\u00edcias. Italiano, formado em Ci\u00eancias Pol\u00edticas pela universidade LUISS G. Carli de Roma e mestre cum laude em Rela\u00e7\u00f5es Internacionais, Jornalismo Internacional e de Guerra e em Economia Internacional. Concluiu tamb\u00e9m um MBA em Finan\u00e7as na B3. No Brasil, teve passagem por ve\u00edculos como Estad\u00e3o, Globo, Veja e EXAME. e nas ag\u00eancias de not\u00edcias italianas ANSA e NOVA.","url":"https:\/\/www.suno.com.br\/noticias\/author\/carlo-cauti\/"}]}},"default_loop_html":"<div class=\"cardsPage__listCard__boxs\"><div class=\"cardsPage__listCard__boxs__img\"><a href=\"https:\/\/www.suno.com.br\/noticias\/argentina-autoriza-reabertura-restaurantes\/\"><img class=\"mask\" src=\"https:\/\/www.suno.com.br\/noticias\/wp-content\/themes\/suno\/resources\/images\/spotlight\/spotlight1img\/bg-mask.png\" alt=\"Image Mask\"\/><img src=\"https:\/\/files.sunoresearch.com.br\/n\/uploads\/2019\/08\/7b1f5034-argentina-400x200.webp\" alt=\"Argentina autoriza reabertura de bares e restaurantes a partir de segunda\"\/><\/a><span class=\"spotlightCategory\"><a href=\"https:\/\/www.suno.com.br\/noticias\/internacional\/\">Internacional<\/a><\/span><\/div><div class=\"cardsPage__listCard__boxs__content\"><a href=\"https:\/\/www.suno.com.br\/noticias\/argentina-autoriza-reabertura-restaurantes\/\"><h2 class=\"content__title\">Argentina autoriza reabertura de bares e restaurantes a partir de segunda<\/h2><\/a><div class=\"newsContent__article__meta\"><div class=\"newsContent__article__meta__authorBox\"><a href=\"https:\/\/www.suno.com.br\/noticias\/author\/carlo-cauti\/\" class=\"authorBox__avatar noMobi\"><img src=\"https:\/\/files.sunoresearch.com.br\/n\/uploads\/2020\/08\/e3745f9a-perfil-carlo-cauti-150x150.webp\" alt=\"Carlo Cauti\"><\/a><div class=\"authorBox__name\"><span>por\n\t\t\t<a href=\"https:\/\/www.suno.com.br\/noticias\/author\/carlo-cauti\/\"><span itemprop=\"author\">Carlo Cauti<\/span><\/a><\/span><time datetime=\"2020-08-29T14:33:37-03:00\" itemprop=\"datePublished\">29\/08\/2020 14:33<\/time><\/div><\/div><\/div><\/div><\/div>","single_layout":"posts","amp_enabled":true,"_links":{"self":[{"href":"https:\/\/www.suno.com.br\/noticias\/wp-json\/wp\/v2\/posts\/81425"}],"collection":[{"href":"https:\/\/www.suno.com.br\/noticias\/wp-json\/wp\/v2\/posts"}],"about":[{"href":"https:\/\/www.suno.com.br\/noticias\/wp-json\/wp\/v2\/types\/post"}],"author":[{"embeddable":true,"href":"https:\/\/www.suno.com.br\/noticias\/wp-json\/wp\/v2\/users\/9"}],"replies":[{"embeddable":true,"href":"https:\/\/www.suno.com.br\/noticias\/wp-json\/wp\/v2\/comments?post=81425"}],"version-history":[{"count":0,"href":"https:\/\/www.suno.com.br\/noticias\/wp-json\/wp\/v2\/posts\/81425\/revisions"}],"wp:featuredmedia":[{"embeddable":true,"href":"https:\/\/www.suno.com.br\/noticias\/wp-json\/wp\/v2\/media\/33758"}],"wp:attachment":[{"href":"https:\/\/www.suno.com.br\/noticias\/wp-json\/wp\/v2\/media?parent=81425"}],"wp:term":[{"taxonomy":"category","embeddable":true,"href":"https:\/\/www.suno.com.br\/noticias\/wp-json\/wp\/v2\/categories?post=81425"},{"taxonomy":"post_tag","embeddable":true,"href":"https:\/\/www.suno.com.br\/noticias\/wp-json\/wp\/v2\/tags?post=81425"},{"taxonomy":"suno_strategy","embeddable":true,"href":"https:\/\/www.suno.com.br\/noticias\/wp-json\/wp\/v2\/suno_strategy?post=81425"}],"curies":[{"name":"wp","href":"https:\/\/api.w.org\/{rel}","templated":true}]}}