{"id":81404,"date":"2020-08-28T21:02:31","date_gmt":"2020-08-29T00:02:31","guid":{"rendered":"https:\/\/www.suno.com.br\/noticias\/?p=81404"},"modified":"2021-06-21T05:49:24","modified_gmt":"2021-06-21T08:49:24","slug":"argentina-espera-alta-adesao-credores-proposta-reestruturacao","status":"publish","type":"post","link":"https:\/\/www.suno.com.br\/noticias\/argentina-espera-alta-adesao-credores-proposta-reestruturacao\/","title":{"rendered":"Argentina espera alta ades\u00e3o de credores a proposta de reestrutura\u00e7\u00e3o"},"content":{"rendered":"<p>O governo da Argentina est\u00e1 confiante que ir\u00e1 angariar alta ades\u00e3o de credores internacionais em sua proposta de <a href=\"https:\/\/www.suno.com.br\/artigos\/reestruturacao-de-divida\/\">reestrutura\u00e7\u00e3o da d\u00edvida<\/a> de US$ 65 bilh\u00f5es (cerca de R$ 350,35 bilh\u00f5es), afirmou uma fonte \u00e0 ag\u00eancia &#8220;Reuters&#8221; nesta sexta-feira (28).<\/p>\n<div class=\"hubspot-form-wrapper\">\n\t<div id=\"single-form-target\"><\/div>\n<\/div>\n\n<p>\u201cTemos alt\u00edssimas expectativas em rela\u00e7\u00e3o ao n\u00famero de credores que v\u00e3o entrar no <a href=\"https:\/\/www.suno.com.br\/artigos\/swap\/\">swap<\/a>\u201d, afirmou o representante da Argentina no <a href=\"https:\/\/www.suno.com.br\/artigos\/fmi\/\">Fundo Monet\u00e1rio Internacional (FMI)<\/a>, Sergio Chodos.<\/p>\n<p>No in\u00edcio deste m\u00eas, os tr\u00eas principais credores apoiaram um acordo e refor\u00e7ar a confian\u00e7a de que o governo da Argentina conseguir\u00e1 obter o n\u00edvel de suporte necess\u00e1rio para permitir que um acordo completo seja executado sem pend\u00eancias.<\/p>\n<p><a href=\"https:\/\/lp.suno.com.br\/suno-one\/\">Suno One: acesse gratuitamente eBooks, Minicursos, Artigos e Video Aulas sobre investimentos com um \u00fanico cadastro. Clique para saber mais!<\/a><\/p>\n<h2>Argentina chega ao fim do processo de reestrutura\u00e7\u00e3o<\/h2>\n<p>Com o vencimento do prazo para ades\u00e3o \u00e0 oferta de troca, a Argentina chega \u00e0 reta final de seu processo de negocia\u00e7\u00e3o para reestruturar a d\u00edvida. Em primeira oferta apresenta em meados de abril e rejeitada pela maioria dos credores, o pa\u00eds vizinho realizou duas altera\u00e7\u00f5es.<\/p>\n<p>Com a mudan\u00e7a mais recente, a Argentina obteve a aprova\u00e7\u00e3o dos principais <a href=\"https:\/\/www.suno.com.br\/artigos\/fundos-de-investimento-exterior\/\">fundos de investimentos<\/a>, que det\u00e9m cerca de metade dos <a href=\"https:\/\/www.suno.com.br\/artigos\/titulos-de-credito\/\">t\u00edtulos em sua carteira<\/a>. A proposta fecha nesta sexta-feira, no entanto os resultados somente ser\u00e3o conhecidos nesta segunda-feira (31).<\/p>\n\t<div data-element=\"shortcode-read-more\" class=\"knowMore\">\n\t\t\t\t<span class=\"knowMore__title\">Saiba mais<\/span>\n\t\t\t\t<a class=\"knowMore__link\" href=\"https:\/\/www.suno.com.br\/noticias\/argentina-negocia-fmi-quitar-divida\/\">\n\t\t\tArgentina negocia com FMI para quitar d\u00edvida de US$ 44 bi\t\t<\/a>\n\t<\/div>\n\n\n<p>O swap envolve t\u00edtulos emitidos em reestrutura\u00e7\u00f5es anterior, nos anos de 2005 e 2010, e outros t\u00edtulos colocados a partir de 2016. A oferta do pa\u00eds passou de pagar uma m\u00e9dia de US$ 39 por cada 100 para US$ 54,8 por 100.<\/p>\n<p>Na hip\u00f3tese da oferta oferta se sair bem-sucedida, a <strong>Argentina<\/strong> sair\u00e1 da <a href=\"https:\/\/www.suno.com.br\/artigos\/inadimplencia\/\">inadimpl\u00eancia<\/a> em que entrou em maio, quando deixou de pagar US$ 500 milh\u00f5es em juros sobre tr\u00eas dos t\u00edtulos sujeitos \u00e0 troca e mais US$ 600 milh\u00f5es de outros dois b\u00f4nus. Esta foi a nona vez que a terceira maior economia da Am\u00e9rica Latina e pa\u00eds <a href=\"https:\/\/www.suno.com.br\/artigos\/g20\/\">membro do G20<\/a> teve <a href=\"https:\/\/www.suno.com.br\/artigos\/default\/\">default<\/a>.<\/p>\n\t<p>\n\t\t<a href=\"https:\/\/lp.suno.com.br\/planilha-de-controle-de-investimentos\/\" target=\"_blank\" data-element=\"shortcode-suno-banner\" title=\"Banner SUNO, clique e saiba mais\">\n\t\t\t<picture>\n\t\t\t\t<source media=\"(max-width: 500px)\" srcset=\"https:\/\/files.sunoresearch.com.br\/n\/uploads\/2023\/03\/400x300-Controle-de-Investimentos.png\">\n\t\t\t\t<img class=\"newsContent__article__imgCapa newsContent__article__imgCapa--banner\"\n\t\t\t\t\tsrc=\"https:\/\/files.sunoresearch.com.br\/n\/uploads\/2023\/03\/1420x240-Controle-de-Investimentos.png\"\n\t\t\t\t\tdata-promo-id=\"75934\"\t\t\t\t\t\t\t\t\t\twidth='1420' height='240'\t\t\t\t\talt=\"https:\/\/files.sunoresearch.com.br\/n\/uploads\/2023\/03\/1420x240-Controle-de-Investimentos.png\"\n\t\t\t\t>\n\t\t\t<\/picture>\n\t\t<\/a>\n\t<\/p>\n\n\n","protected":false},"excerpt":{"rendered":"<p>O governo da Argentina est\u00e1 confiante que ir\u00e1 angariar alta ades\u00e3o de credores internacionais em sua proposta de reestrutura\u00e7\u00e3o da d\u00edvida de US$ 65 bilh\u00f5es (cerca de R$ 350,35 bilh\u00f5es), afirmou uma fonte \u00e0 ag\u00eancia &#8220;Reuters&#8221; nesta sexta-feira (28). \u201cTemos alt\u00edssimas expectativas em rela\u00e7\u00e3o ao n\u00famero de credores que v\u00e3o entrar no swap\u201d, afirmou o [&hellip;]<\/p>\n","protected":false},"author":35,"featured_media":0,"comment_status":"closed","ping_status":"closed","sticky":false,"template":"","format":"standard","meta":[],"categories":[63],"tags":[699,1265],"suno_strategy":[],"class_list":["post-81404","post","type-post","status-publish","format-standard","hentry","category-internacional","tag-argentina","tag-divida-publica-federal"],"yoast_head":"<!-- This site is optimized with the Yoast SEO plugin v24.4 - https:\/\/yoast.com\/wordpress\/plugins\/seo\/ -->\n<title>Argentina espera alta ades\u00e3o de credores a proposta de reestrutura\u00e7\u00e3o<\/title>\n<meta name=\"description\" content=\"O governo da Argentina est\u00e1 confiante em angariar alta ades\u00e3o de credores em sua proposta de reestrutura\u00e7\u00e3o. Clique para saber mais\" \/>\n<meta name=\"robots\" content=\"index, follow, max-snippet:-1, max-image-preview:large, max-video-preview:-1\" \/>\n<link rel=\"canonical\" href=\"https:\/\/www.suno.com.br\/noticias\/argentina-espera-alta-adesao-credores-proposta-reestruturacao\/\" \/>\n<meta property=\"og:locale\" content=\"pt_BR\" \/>\n<meta property=\"og:type\" content=\"article\" \/>\n<meta property=\"og:title\" content=\"Argentina espera alta ades\u00e3o de credores a proposta de reestrutura\u00e7\u00e3o\" \/>\n<meta property=\"og:description\" content=\"O governo da Argentina est\u00e1 confiante em angariar alta ades\u00e3o de credores em sua proposta de reestrutura\u00e7\u00e3o. Clique para saber mais\" \/>\n<meta property=\"og:url\" content=\"https:\/\/www.suno.com.br\/noticias\/argentina-espera-alta-adesao-credores-proposta-reestruturacao\/\" \/>\n<meta property=\"og:site_name\" content=\"Suno Not\u00edcias\" \/>\n<meta property=\"article:publisher\" content=\"https:\/\/facebook.com\/sunoresearch\" \/>\n<meta property=\"og:image\" content=\"https:\/\/files.sunoresearch.com.br\/n\/uploads\/2022\/06\/Modelo2.jpg\" \/>\n\t<meta property=\"og:image:width\" content=\"1200\" \/>\n\t<meta property=\"og:image:height\" content=\"627\" \/>\n\t<meta property=\"og:image:type\" content=\"image\/jpeg\" \/>\n<meta name=\"author\" content=\"Arthur Guimar\u00e3es\" \/>\n<meta name=\"twitter:card\" content=\"summary_large_image\" \/>\n<meta name=\"twitter:creator\" content=\"@sunoresearch\" \/>\n<meta name=\"twitter:site\" content=\"@sunoresearch\" \/>\n<meta name=\"twitter:label1\" content=\"Escrito por\" \/>\n\t<meta name=\"twitter:data1\" content=\"Arthur Guimar\u00e3es\" \/>\n\t<meta name=\"twitter:label2\" content=\"Est. tempo de leitura\" \/>\n\t<meta name=\"twitter:data2\" content=\"2 minutos\" \/>\n<script type=\"application\/ld+json\" class=\"yoast-schema-graph\">{\"@context\":\"https:\/\/schema.org\",\"@graph\":[{\"@type\":\"NewsArticle\",\"@id\":\"https:\/\/www.suno.com.br\/noticias\/argentina-espera-alta-adesao-credores-proposta-reestruturacao\/#article\",\"isPartOf\":{\"@id\":\"https:\/\/www.suno.com.br\/noticias\/argentina-espera-alta-adesao-credores-proposta-reestruturacao\/\"},\"author\":{\"name\":\"Arthur Guimar\u00e3es\",\"@id\":\"https:\/\/www.suno.com.br\/noticias\/#\/schema\/person\/053a750a709a263919a20f976caae91c\"},\"headline\":\"Argentina espera alta ades\u00e3o de credores a proposta de reestrutura\u00e7\u00e3o\",\"datePublished\":\"2020-08-29T00:02:31+00:00\",\"dateModified\":\"2021-06-21T08:49:24+00:00\",\"mainEntityOfPage\":{\"@id\":\"https:\/\/www.suno.com.br\/noticias\/argentina-espera-alta-adesao-credores-proposta-reestruturacao\/\"},\"wordCount\":384,\"publisher\":{\"@id\":\"https:\/\/www.suno.com.br\/noticias\/#organization\"},\"keywords\":[\"Argentina\",\"D\u00edvida P\u00fablica Federal\"],\"articleSection\":[\"Internacional\"],\"inLanguage\":\"pt-BR\"},{\"@type\":\"WebPage\",\"@id\":\"https:\/\/www.suno.com.br\/noticias\/argentina-espera-alta-adesao-credores-proposta-reestruturacao\/\",\"url\":\"https:\/\/www.suno.com.br\/noticias\/argentina-espera-alta-adesao-credores-proposta-reestruturacao\/\",\"name\":\"Argentina espera alta ades\u00e3o de credores a proposta de reestrutura\u00e7\u00e3o\",\"isPartOf\":{\"@id\":\"https:\/\/www.suno.com.br\/noticias\/#website\"},\"datePublished\":\"2020-08-29T00:02:31+00:00\",\"dateModified\":\"2021-06-21T08:49:24+00:00\",\"description\":\"O governo da Argentina est\u00e1 confiante em angariar alta ades\u00e3o de credores em sua proposta de reestrutura\u00e7\u00e3o. Clique para saber mais\",\"breadcrumb\":{\"@id\":\"https:\/\/www.suno.com.br\/noticias\/argentina-espera-alta-adesao-credores-proposta-reestruturacao\/#breadcrumb\"},\"inLanguage\":\"pt-BR\",\"potentialAction\":[{\"@type\":\"ReadAction\",\"target\":[\"https:\/\/www.suno.com.br\/noticias\/argentina-espera-alta-adesao-credores-proposta-reestruturacao\/\"]}]},{\"@type\":\"BreadcrumbList\",\"@id\":\"https:\/\/www.suno.com.br\/noticias\/argentina-espera-alta-adesao-credores-proposta-reestruturacao\/#breadcrumb\",\"itemListElement\":[{\"@type\":\"ListItem\",\"position\":1,\"name\":\"Not\u00edcias\",\"item\":\"https:\/\/www.suno.com.br\/noticias\/\"},{\"@type\":\"ListItem\",\"position\":2,\"name\":\"Internacional\",\"item\":\"https:\/\/www.suno.com.br\/noticias\/internacional\/\"},{\"@type\":\"ListItem\",\"position\":3,\"name\":\"Argentina espera alta ades\u00e3o de credores a proposta de reestrutura\u00e7\u00e3o\"}]},{\"@type\":\"WebSite\",\"@id\":\"https:\/\/www.suno.com.br\/noticias\/#website\",\"url\":\"https:\/\/www.suno.com.br\/noticias\/\",\"name\":\"Suno Not\u00edcias\",\"description\":\"Seu portal de informa\u00e7\u00e3o sobre o mundo dos investimentos\",\"publisher\":{\"@id\":\"https:\/\/www.suno.com.br\/noticias\/#organization\"},\"potentialAction\":[{\"@type\":\"SearchAction\",\"target\":{\"@type\":\"EntryPoint\",\"urlTemplate\":\"https:\/\/www.suno.com.br\/noticias\/?s={search_term_string}\"},\"query-input\":{\"@type\":\"PropertyValueSpecification\",\"valueRequired\":true,\"valueName\":\"search_term_string\"}}],\"inLanguage\":\"pt-BR\"},{\"@type\":\"Organization\",\"@id\":\"https:\/\/www.suno.com.br\/noticias\/#organization\",\"name\":\"Suno Not\u00edcias\",\"url\":\"https:\/\/www.suno.com.br\/noticias\/\",\"logo\":{\"@type\":\"ImageObject\",\"inLanguage\":\"pt-BR\",\"@id\":\"https:\/\/www.suno.com.br\/noticias\/#\/schema\/logo\/image\/\",\"url\":\"https:\/\/files.sunoresearch.com.br\/n\/uploads\/2021\/09\/suno-logo.png\",\"contentUrl\":\"https:\/\/files.sunoresearch.com.br\/n\/uploads\/2021\/09\/suno-logo.png\",\"width\":180,\"height\":180,\"caption\":\"Suno Not\u00edcias\"},\"image\":{\"@id\":\"https:\/\/www.suno.com.br\/noticias\/#\/schema\/logo\/image\/\"},\"sameAs\":[\"https:\/\/facebook.com\/sunoresearch\",\"https:\/\/x.com\/sunoresearch\",\"https:\/\/www.instagram.com\/suno\",\"https:\/\/www.linkedin.com\/company\/suno-research\/\",\"https:\/\/www.youtube.com\/c\/sunoresearch\"]},{\"@type\":\"Person\",\"@id\":\"https:\/\/www.suno.com.br\/noticias\/#\/schema\/person\/053a750a709a263919a20f976caae91c\",\"name\":\"Arthur Guimar\u00e3es\",\"image\":{\"@type\":\"ImageObject\",\"inLanguage\":\"pt-BR\",\"@id\":\"https:\/\/www.suno.com.br\/noticias\/#\/schema\/person\/image\/\",\"url\":\"https:\/\/secure.gravatar.com\/avatar\/1affd86a11209ae09eb6dd3bcad3e96c?s=96&r=g\",\"contentUrl\":\"https:\/\/secure.gravatar.com\/avatar\/1affd86a11209ae09eb6dd3bcad3e96c?s=96&r=g\",\"caption\":\"Arthur Guimar\u00e3es\"},\"description\":\"Arthur Guimar\u00e3es escreve sobre pol\u00edtica, economia e neg\u00f3cios para o portal de not\u00edcias da Suno Research. Atualmente, \u00e9 estudante de jornalismo pela Faculdade C\u00e1sper L\u00edbero.\",\"url\":\"https:\/\/www.suno.com.br\/noticias\/author\/arthur-guimaraes\/\"}]}<\/script>\n<!-- \/ Yoast SEO plugin. -->","yoast_head_json":{"title":"Argentina espera alta ades\u00e3o de credores a proposta de reestrutura\u00e7\u00e3o","description":"O governo da Argentina est\u00e1 confiante em angariar alta ades\u00e3o de credores em sua proposta de reestrutura\u00e7\u00e3o. Clique para saber mais","robots":{"index":"index","follow":"follow","max-snippet":"max-snippet:-1","max-image-preview":"max-image-preview:large","max-video-preview":"max-video-preview:-1"},"canonical":"https:\/\/www.suno.com.br\/noticias\/argentina-espera-alta-adesao-credores-proposta-reestruturacao\/","og_locale":"pt_BR","og_type":"article","og_title":"Argentina espera alta ades\u00e3o de credores a proposta de reestrutura\u00e7\u00e3o","og_description":"O governo da Argentina est\u00e1 confiante em angariar alta ades\u00e3o de credores em sua proposta de reestrutura\u00e7\u00e3o. Clique para saber mais","og_url":"https:\/\/www.suno.com.br\/noticias\/argentina-espera-alta-adesao-credores-proposta-reestruturacao\/","og_site_name":"Suno Not\u00edcias","article_publisher":"https:\/\/facebook.com\/sunoresearch","og_image":[{"width":1200,"height":627,"url":"https:\/\/files.sunoresearch.com.br\/n\/uploads\/2022\/06\/Modelo2.jpg","type":"image\/jpeg"}],"author":"Arthur Guimar\u00e3es","twitter_card":"summary_large_image","twitter_creator":"@sunoresearch","twitter_site":"@sunoresearch","twitter_misc":{"Escrito por":"Arthur Guimar\u00e3es","Est. tempo de leitura":"2 minutos"},"schema":{"@context":"https:\/\/schema.org","@graph":[{"@type":"NewsArticle","@id":"https:\/\/www.suno.com.br\/noticias\/argentina-espera-alta-adesao-credores-proposta-reestruturacao\/#article","isPartOf":{"@id":"https:\/\/www.suno.com.br\/noticias\/argentina-espera-alta-adesao-credores-proposta-reestruturacao\/"},"author":{"name":"Arthur Guimar\u00e3es","@id":"https:\/\/www.suno.com.br\/noticias\/#\/schema\/person\/053a750a709a263919a20f976caae91c"},"headline":"Argentina espera alta ades\u00e3o de credores a proposta de reestrutura\u00e7\u00e3o","datePublished":"2020-08-29T00:02:31+00:00","dateModified":"2021-06-21T08:49:24+00:00","mainEntityOfPage":{"@id":"https:\/\/www.suno.com.br\/noticias\/argentina-espera-alta-adesao-credores-proposta-reestruturacao\/"},"wordCount":384,"publisher":{"@id":"https:\/\/www.suno.com.br\/noticias\/#organization"},"keywords":["Argentina","D\u00edvida P\u00fablica Federal"],"articleSection":["Internacional"],"inLanguage":"pt-BR"},{"@type":"WebPage","@id":"https:\/\/www.suno.com.br\/noticias\/argentina-espera-alta-adesao-credores-proposta-reestruturacao\/","url":"https:\/\/www.suno.com.br\/noticias\/argentina-espera-alta-adesao-credores-proposta-reestruturacao\/","name":"Argentina espera alta ades\u00e3o de credores a proposta de reestrutura\u00e7\u00e3o","isPartOf":{"@id":"https:\/\/www.suno.com.br\/noticias\/#website"},"datePublished":"2020-08-29T00:02:31+00:00","dateModified":"2021-06-21T08:49:24+00:00","description":"O governo da Argentina est\u00e1 confiante em angariar alta ades\u00e3o de credores em sua proposta de reestrutura\u00e7\u00e3o. Clique para saber mais","breadcrumb":{"@id":"https:\/\/www.suno.com.br\/noticias\/argentina-espera-alta-adesao-credores-proposta-reestruturacao\/#breadcrumb"},"inLanguage":"pt-BR","potentialAction":[{"@type":"ReadAction","target":["https:\/\/www.suno.com.br\/noticias\/argentina-espera-alta-adesao-credores-proposta-reestruturacao\/"]}]},{"@type":"BreadcrumbList","@id":"https:\/\/www.suno.com.br\/noticias\/argentina-espera-alta-adesao-credores-proposta-reestruturacao\/#breadcrumb","itemListElement":[{"@type":"ListItem","position":1,"name":"Not\u00edcias","item":"https:\/\/www.suno.com.br\/noticias\/"},{"@type":"ListItem","position":2,"name":"Internacional","item":"https:\/\/www.suno.com.br\/noticias\/internacional\/"},{"@type":"ListItem","position":3,"name":"Argentina espera alta ades\u00e3o de credores a proposta de reestrutura\u00e7\u00e3o"}]},{"@type":"WebSite","@id":"https:\/\/www.suno.com.br\/noticias\/#website","url":"https:\/\/www.suno.com.br\/noticias\/","name":"Suno Not\u00edcias","description":"Seu portal de informa\u00e7\u00e3o sobre o mundo dos investimentos","publisher":{"@id":"https:\/\/www.suno.com.br\/noticias\/#organization"},"potentialAction":[{"@type":"SearchAction","target":{"@type":"EntryPoint","urlTemplate":"https:\/\/www.suno.com.br\/noticias\/?s={search_term_string}"},"query-input":{"@type":"PropertyValueSpecification","valueRequired":true,"valueName":"search_term_string"}}],"inLanguage":"pt-BR"},{"@type":"Organization","@id":"https:\/\/www.suno.com.br\/noticias\/#organization","name":"Suno Not\u00edcias","url":"https:\/\/www.suno.com.br\/noticias\/","logo":{"@type":"ImageObject","inLanguage":"pt-BR","@id":"https:\/\/www.suno.com.br\/noticias\/#\/schema\/logo\/image\/","url":"https:\/\/files.sunoresearch.com.br\/n\/uploads\/2021\/09\/suno-logo.png","contentUrl":"https:\/\/files.sunoresearch.com.br\/n\/uploads\/2021\/09\/suno-logo.png","width":180,"height":180,"caption":"Suno Not\u00edcias"},"image":{"@id":"https:\/\/www.suno.com.br\/noticias\/#\/schema\/logo\/image\/"},"sameAs":["https:\/\/facebook.com\/sunoresearch","https:\/\/x.com\/sunoresearch","https:\/\/www.instagram.com\/suno","https:\/\/www.linkedin.com\/company\/suno-research\/","https:\/\/www.youtube.com\/c\/sunoresearch"]},{"@type":"Person","@id":"https:\/\/www.suno.com.br\/noticias\/#\/schema\/person\/053a750a709a263919a20f976caae91c","name":"Arthur Guimar\u00e3es","image":{"@type":"ImageObject","inLanguage":"pt-BR","@id":"https:\/\/www.suno.com.br\/noticias\/#\/schema\/person\/image\/","url":"https:\/\/secure.gravatar.com\/avatar\/1affd86a11209ae09eb6dd3bcad3e96c?s=96&r=g","contentUrl":"https:\/\/secure.gravatar.com\/avatar\/1affd86a11209ae09eb6dd3bcad3e96c?s=96&r=g","caption":"Arthur Guimar\u00e3es"},"description":"Arthur Guimar\u00e3es escreve sobre pol\u00edtica, economia e neg\u00f3cios para o portal de not\u00edcias da Suno Research. Atualmente, \u00e9 estudante de jornalismo pela Faculdade C\u00e1sper L\u00edbero.","url":"https:\/\/www.suno.com.br\/noticias\/author\/arthur-guimaraes\/"}]}},"default_loop_html":"<div class=\"cardsPage__listCard__boxs\"><div class=\"cardsPage__listCard__boxs__img\"><a href=\"https:\/\/www.suno.com.br\/noticias\/argentina-espera-alta-adesao-credores-proposta-reestruturacao\/\"><img class=\"mask\" src=\"https:\/\/www.suno.com.br\/noticias\/wp-content\/themes\/suno\/resources\/images\/spotlight\/spotlight1img\/bg-mask.png\" alt=\"Image Mask\"\/><img src=\"\" alt=\"Argentina espera alta ades\u00e3o de credores a proposta de reestrutura\u00e7\u00e3o\"\/><\/a><span class=\"spotlightCategory\"><a href=\"https:\/\/www.suno.com.br\/noticias\/internacional\/\">Internacional<\/a><\/span><\/div><div class=\"cardsPage__listCard__boxs__content\"><a href=\"https:\/\/www.suno.com.br\/noticias\/argentina-espera-alta-adesao-credores-proposta-reestruturacao\/\"><h2 class=\"content__title\">Argentina espera alta ades\u00e3o de credores a proposta de reestrutura\u00e7\u00e3o<\/h2><\/a><div class=\"newsContent__article__meta\"><div class=\"newsContent__article__meta__authorBox\"><a href=\"https:\/\/www.suno.com.br\/noticias\/author\/arthur-guimaraes\/\" class=\"authorBox__avatar noMobi\"><img src=\"https:\/\/files.sunoresearch.com.br\/n\/uploads\/2020\/02\/dfb40897-eu-150x150.webp\" alt=\"Arthur Guimar\u00e3es\"><\/a><div class=\"authorBox__name\"><span>por\n\t\t\t<a href=\"https:\/\/www.suno.com.br\/noticias\/author\/arthur-guimaraes\/\"><span itemprop=\"author\">Arthur Guimar\u00e3es<\/span><\/a><\/span><time datetime=\"2020-08-28T21:02:31-03:00\" itemprop=\"datePublished\">28\/08\/2020 21:02<\/time><\/div><\/div><\/div><\/div><\/div>","single_layout":"posts","amp_enabled":true,"_links":{"self":[{"href":"https:\/\/www.suno.com.br\/noticias\/wp-json\/wp\/v2\/posts\/81404"}],"collection":[{"href":"https:\/\/www.suno.com.br\/noticias\/wp-json\/wp\/v2\/posts"}],"about":[{"href":"https:\/\/www.suno.com.br\/noticias\/wp-json\/wp\/v2\/types\/post"}],"author":[{"embeddable":true,"href":"https:\/\/www.suno.com.br\/noticias\/wp-json\/wp\/v2\/users\/35"}],"replies":[{"embeddable":true,"href":"https:\/\/www.suno.com.br\/noticias\/wp-json\/wp\/v2\/comments?post=81404"}],"version-history":[{"count":1,"href":"https:\/\/www.suno.com.br\/noticias\/wp-json\/wp\/v2\/posts\/81404\/revisions"}],"predecessor-version":[{"id":159631,"href":"https:\/\/www.suno.com.br\/noticias\/wp-json\/wp\/v2\/posts\/81404\/revisions\/159631"}],"wp:attachment":[{"href":"https:\/\/www.suno.com.br\/noticias\/wp-json\/wp\/v2\/media?parent=81404"}],"wp:term":[{"taxonomy":"category","embeddable":true,"href":"https:\/\/www.suno.com.br\/noticias\/wp-json\/wp\/v2\/categories?post=81404"},{"taxonomy":"post_tag","embeddable":true,"href":"https:\/\/www.suno.com.br\/noticias\/wp-json\/wp\/v2\/tags?post=81404"},{"taxonomy":"suno_strategy","embeddable":true,"href":"https:\/\/www.suno.com.br\/noticias\/wp-json\/wp\/v2\/suno_strategy?post=81404"}],"curies":[{"name":"wp","href":"https:\/\/api.w.org\/{rel}","templated":true}]}}