{"id":81351,"date":"2020-08-28T17:27:44","date_gmt":"2020-08-28T20:27:44","guid":{"rendered":"https:\/\/www.suno.com.br\/noticias\/?p=81351"},"modified":"2021-05-29T20:41:12","modified_gmt":"2021-05-29T23:41:12","slug":"dolar-encerra-em-queda-de-2927-cotado-em-r-54156-28082020","status":"publish","type":"post","link":"https:\/\/www.suno.com.br\/noticias\/dolar-encerra-em-queda-de-2927-cotado-em-r-54156-28082020\/","title":{"rendered":"D\u00f3lar encerra em queda de 2,927%, cotado em R$ 5,4156"},"content":{"rendered":"<p>O <a href=\"https:\/\/www.suno.com.br\/artigos\/dolar\/\"><strong>d\u00f3lar<\/strong> <\/a>encerrou nessa sexta-feira (28) em queda de 2,927%, negociado a R$ 5,4156 na venda. No acumulado da semana, a moeda norte-americana registrou uma queda de 3,64%<\/p>\t<div class=\"wrapper-featured-image\">\n\t\t<figure class=\"spotlightImg\">\n\n\t\t\t<picture>\n\t\t\t\t<source media=\"(max-width: 768px)\" srcset=\"https:\/\/files.sunoresearch.com.br\/n\/uploads\/2020\/06\/d5f913c2-d\u00f3lar-400x200.webp\">\n\t\t\t\t<img loading=\"lazy\" decoding=\"async\" class=\"newsContent__article__imgCapa lazyloadDisabled \" src=\"https:\/\/files.sunoresearch.com.br\/n\/uploads\/2020\/06\/d5f913c2-d\u00f3lar-800x450.webp\" width=\"800\" height=\"450\" alt=\"D\u00f3lar encerra em queda de 2,927%, cotado em R$ 5,4156\" fetchpriority=high \/>\n\t\t\t<\/picture>\n\n\t\t\t<figcaption class=\"wp-caption-text wp-caption-text--show\">Por volta das\u00a0 9h20, o d\u00f3lar operava em queda de 0,46%, sendo negociado a R$ 5,627.<\/figcaption>\n\t\t<\/figure>\n\t<\/div>\n\n\n<div class=\"hubspot-form-wrapper\">\n\t<div id=\"single-form-target\"><\/div>\n<\/div>\n\n<p>O <strong>d\u00f3lar hoje\u00a0<\/strong>tamb\u00e9m abriu em queda, enquanto o mercado seguia atento \u00e0 nova estrat\u00e9gia de recupera\u00e7\u00e3o da economia dos EUA.<\/p>\n<p>Al\u00e9m disso, seguiu no radar dos investidores durante o dia a D\u00edvida P\u00fablica Federal Brasileira, que ficou em R$ 4,344 trilh\u00f5es em julho desse ano, uma queda de 1,03% em termos nominais ante junho.<\/p>\n<p><a href=\"https:\/\/lp.suno.com.br\/suno-one\/\">Suno One: acesse gratuitamente eBooks, Minicursos, Artigos e Video Aulas sobre investimentos com um \u00fanico cadastro. Clique para saber mais!<\/a><\/p>\n<p>Confira as principais not\u00edcias que movimentaram o mercado nessa sexta-feira:<\/p>\n<ul>\n<li><strong>Fed<\/strong> n\u00e3o deve elevar juros mesmo com infla\u00e7\u00e3o acima da meta, diz Powell<\/li>\n<li><strong>D\u00edvida<\/strong> <strong>P\u00fablica Federal<\/strong> cai 1,03% em julho, somando R$ 4,344 trilh\u00f5es<\/li>\n<li><strong>PIB do Canad\u00e1<\/strong> cai 38,7% no segundo trimestre, pior resultado na hist\u00f3ria<\/li>\n<li>\u00daltima <strong>cota\u00e7\u00e3o do d\u00f3lar<\/strong><\/li>\n<\/ul>\n<h2>Fed n\u00e3o deve elevar juros<\/h2>\n<p>O <a href=\"https:\/\/www.suno.com.br\/artigos\/fed\/\">Federal Reserve (<strong>Fed<\/strong>)<\/a>, Banco Central dos Estados Unidos, definiu uma meta de infla\u00e7\u00e3o m\u00e9dia de 2% ao longo do tempo, e, ao contr\u00e1rio do que fez nas \u00faltimas d\u00e9cadas, n\u00e3o deve elevar as taxas de juros para conter o aumento dos pre\u00e7os.<\/p>\n<p>De acordo com <a href=\"https:\/\/www.suno.com.br\/tudo-sobre\/jerome-powell\/\">Jerome Powell<\/a>, presidente do Fed, em seu discurso no simp\u00f3sio econ\u00f4mico de Jackson Hole desta semana, a autoridade monet\u00e1ria deve permitir que a infla\u00e7\u00e3o suba &#8220;moderadamente&#8221; acima da meta por algum tempo, ap\u00f3s ter ficado abaixo da meta por anos a fio.<\/p>\n\t<div data-element=\"shortcode-read-more\" class=\"knowMore\">\n\t\t\t\t<span class=\"knowMore__title\">Saiba Mais<\/span>\n\t\t\t\t<a class=\"knowMore__link\" href=\"https:\/\/www.suno.com.br\/noticias\/fed-meta-de-inflacao-juros-baixos\/\">\n\t\t\tFed n\u00e3o deve elevar juros mesmo com infla\u00e7\u00e3o acima da meta, diz Powell\t\t<\/a>\n\t<\/div>\n\n\n<p>As mudan\u00e7as anunciadas por Powell foram levantadas \u00e0 medidas que o Fed observou que a <a href=\"https:\/\/www.suno.com.br\/artigos\/inflacao\/\"><strong>infla\u00e7\u00e3o<\/strong> <\/a>n\u00e3o subiu como o desejado nos \u00faltimos anos, ao passo que o pa\u00eds apresentava um pleno emprego antes da pandemia do <a href=\"https:\/\/www.suno.com.br\/noticias\/?s=coronav%C3%ADrus\">novo coronav\u00edrus (Covid-19)<\/a>. &#8220;Isso reflete nossa vis\u00e3o de que um mercado de trabalho robusto pode ser sustentado sem causar um surto de infla\u00e7\u00e3o&#8221;, afirmou Powell.<\/p>\n<h2>D\u00edvida P\u00fablica Federal<\/h2>\n<p>O<a href=\"https:\/\/www.suno.com.br\/artigos\/tesouro-nacional\/\"> Tesouro Nacional<\/a> informou nessa sexta-feira, que a<a href=\"https:\/\/www.suno.com.br\/artigos\/divida-publica\/\"><strong> D\u00edvida P\u00fablica Federal<\/strong> (DPF)<\/a> brasileira ficou em R$ 4,344 trilh\u00f5es em julho desse ano, o que representa uma queda de 1,03% em termos nominais ante junho.<\/p>\n<p>A oscila\u00e7\u00e3o ficou dentro da meta do <strong>Plano Anual de Financiamento<\/strong> (PAF), que prev\u00ea uma varia\u00e7\u00e3o entre R$ 4,5 trilh\u00f5es e R$ 4,75 trilh\u00f5es para o fim do ano. No m\u00eas passado as emiss\u00f5es da D\u00edvida P\u00fablica Federal foram de R$ 156,36 bilh\u00f5es e os resgates de R$ 214,83 bilh\u00f5es.<\/p>\n\t<div data-element=\"shortcode-read-more\" class=\"knowMore\">\n\t\t\t\t<span class=\"knowMore__title\">Saiba Mais<\/span>\n\t\t\t\t<a class=\"knowMore__link\" href=\"https:\/\/www.suno.com.br\/noticias\/divida-publica-federal-julho-tesouro\/\">\n\t\t\tD\u00edvida P\u00fablica Federal cai 1,03% em julho, somando R$ 4,344 trilh\u00f5es\t\t<\/a>\n\t<\/div>\n\n\n<p>Al\u00e9m disso a <strong>D\u00edvida P\u00fablica Mobili\u00e1ria Federal Interna<\/strong> (DPMFi) teve um recuo de 0,78%, fechando o m\u00eas passado em R$ 4,118 trilh\u00f5es. A <a href=\"https:\/\/www.suno.com.br\/artigos\/divida-externa-do-brasil\/\"><strong>D\u00edvida Federal Externa<\/strong> <\/a>caiu 5,40% na passagem de junho para julho, ficando em R$ 226,13 bilh\u00f5es (cerca de US$ 43,46 bilh\u00f5es).<\/p>\n<p>A participa\u00e7\u00e3o de <a href=\"https:\/\/www.suno.com.br\/artigos\/investidor-estrangeiro\/\">investidores estrangeiros<\/a> na DPMFi tamb\u00e9m teve um resumo e fechou julho em 9,04% ante 9,09% em junho.<\/p>\n<h2>PIB do Canad\u00e1<\/h2>\n<p>O <a href=\"https:\/\/www.suno.com.br\/artigos\/pib-produto-interno-bruto\/\">Produto Interno Bruto (<strong>PIB<\/strong>)<\/a> do Canad\u00e1 caiu 38,7% no segundo trimestre deste ano em compara\u00e7\u00e3o com o mesmo per\u00edodo do ano passado. A ag\u00eancia de estat\u00edsticas do pa\u00eds pontuou que esse \u00e9 o pior resultado da economia na hist\u00f3ria.<\/p>\n<p>O resultado, entretanto, ficou abaixo do consenso entre os analistas ouvidos pelo jornal estadunidense &#8220;The Wall Street Journal&#8221;, que era de uma baixa no PIB de 39,6%. O resultado da economia canadense expressa os efeitos da pandemia do <a href=\"https:\/\/www.suno.com.br\/noticias\/?s=coronav%C3%ADrus\">novo coronav\u00edrus (Covid-19)<\/a> no pa\u00eds.<\/p>\n\t<div data-element=\"shortcode-read-more\" class=\"knowMore\">\n\t\t\t\t<span class=\"knowMore__title\">Veja tamb\u00e9m<\/span>\n\t\t\t\t<a class=\"knowMore__link\" href=\"https:\/\/www.suno.com.br\/noticias\/pib-do-canada-pior-resultado-na-historia\/\">\n\t\t\tPIB do Canad\u00e1 cai 38,7% no segundo trimestre, pior resultado na hist\u00f3ria\t\t<\/a>\n\t<\/div>\n\n\n<p>A atividade econ\u00f4mica, entretanto, j\u00e1 demonstra certo al\u00edvio. Em junho, ao passo que o governo flexibilizou as medidas de isolamento social em fun\u00e7\u00e3o da pandemia, a economia do <strong>Canad\u00e1<\/strong> cresceu 6,5%, contra uma proje\u00e7\u00e3o de avan\u00e7o de 5,6%. A estimativa para julho \u00e9 de um crescimento de 3%.<\/p>\n<h2>\u00daltima cota\u00e7\u00e3o do d\u00f3lar<\/h2>\n<p>Na \u00faltima sess\u00e3o, quinta-feira (27), o <strong>d\u00f3lar<\/strong> encerrou o preg\u00e3o em queda de 0,59%, negociado a R$ 5,57.<\/p>\n\t<p>\n\t\t<a href=\"https:\/\/lp.suno.com.br\/planilha-de-controle-de-investimentos\/\" target=\"_blank\" data-element=\"shortcode-suno-banner\" title=\"Banner SUNO, clique e saiba mais\">\n\t\t\t<picture>\n\t\t\t\t<source media=\"(max-width: 500px)\" srcset=\"https:\/\/files.sunoresearch.com.br\/n\/uploads\/2023\/03\/400x300-Controle-de-Investimentos.png\">\n\t\t\t\t<img class=\"newsContent__article__imgCapa newsContent__article__imgCapa--banner\"\n\t\t\t\t\tsrc=\"https:\/\/files.sunoresearch.com.br\/n\/uploads\/2023\/03\/1420x240-Controle-de-Investimentos.png\"\n\t\t\t\t\tdata-promo-id=\"75934\"\t\t\t\t\t\t\t\t\t\twidth='1420' height='240'\t\t\t\t\talt=\"https:\/\/files.sunoresearch.com.br\/n\/uploads\/2023\/03\/1420x240-Controle-de-Investimentos.png\"\n\t\t\t\t>\n\t\t\t<\/picture>\n\t\t<\/a>\n\t<\/p>\n\n\n","protected":false},"excerpt":{"rendered":"<p>O d\u00f3lar encerrou nessa sexta-feira (28) em queda de 2,927%, negociado a R$ 5,4156 na venda. No acumulado da semana, a moeda norte-americana registrou uma queda de 3,64% Por volta das\u00a0 9h20, o d\u00f3lar operava em queda de 0,46%, sendo negociado a R$ 5,627. O d\u00f3lar hoje\u00a0tamb\u00e9m abriu em queda, enquanto o mercado seguia atento [&hellip;]<\/p>\n","protected":false},"author":39,"featured_media":67319,"comment_status":"closed","ping_status":"closed","sticky":false,"template":"","format":"standard","meta":[],"categories":[60],"tags":[728,1265,326,776,1899,807],"suno_strategy":[],"class_list":["post-81351","post","type-post","status-publish","format-standard","has-post-thumbnail","hentry","category-mercado","tag-canada","tag-divida-publica-federal","tag-dolar","tag-federal-reseve-fed","tag-jerome-powell","tag-produto-interno-bruto-pib"],"yoast_head":"<!-- This site is optimized with the Yoast SEO plugin v24.4 - https:\/\/yoast.com\/wordpress\/plugins\/seo\/ -->\n<title>D\u00f3lar encerra em queda de 2,927%, cotado em R$ 5,4156<\/title>\n<meta name=\"description\" content=\"O d\u00f3lar encerrou nessa sexta-feira (28) em queda de 2,927%, negociado a R$ 5,4156 na venda. Clique aqui para saber mais.\" \/>\n<meta name=\"robots\" content=\"index, follow, max-snippet:-1, max-image-preview:large, max-video-preview:-1\" \/>\n<link rel=\"canonical\" href=\"https:\/\/www.suno.com.br\/noticias\/dolar-encerra-em-queda-de-2927-cotado-em-r-54156-28082020\/\" \/>\n<meta property=\"og:locale\" content=\"pt_BR\" \/>\n<meta property=\"og:type\" content=\"article\" \/>\n<meta property=\"og:title\" content=\"D\u00f3lar encerra em queda de 2,927%, cotado em R$ 5,4156\" \/>\n<meta property=\"og:description\" content=\"O d\u00f3lar encerrou nessa sexta-feira (28) em queda de 2,927%, negociado a R$ 5,4156 na venda. Clique aqui para saber mais.\" \/>\n<meta property=\"og:url\" content=\"https:\/\/www.suno.com.br\/noticias\/dolar-encerra-em-queda-de-2927-cotado-em-r-54156-28082020\/\" \/>\n<meta property=\"og:site_name\" content=\"Suno Not\u00edcias\" \/>\n<meta property=\"article:publisher\" content=\"https:\/\/facebook.com\/sunoresearch\" \/>\n<meta property=\"og:image\" content=\"https:\/\/files.sunoresearch.com.br\/n\/uploads\/2020\/06\/d5f913c2-d\u00f3lar.jpg\" \/>\n\t<meta property=\"og:image:width\" content=\"1500\" \/>\n\t<meta property=\"og:image:height\" content=\"1000\" \/>\n\t<meta property=\"og:image:type\" content=\"image\/jpeg\" \/>\n<meta name=\"author\" content=\"Laura Moutinho\" \/>\n<meta name=\"twitter:card\" content=\"summary_large_image\" \/>\n<meta name=\"twitter:creator\" content=\"@sunoresearch\" \/>\n<meta name=\"twitter:site\" content=\"@sunoresearch\" \/>\n<meta name=\"twitter:label1\" content=\"Escrito por\" \/>\n\t<meta name=\"twitter:data1\" content=\"Laura Moutinho\" \/>\n\t<meta name=\"twitter:label2\" content=\"Est. tempo de leitura\" \/>\n\t<meta name=\"twitter:data2\" content=\"3 minutos\" \/>\n<script type=\"application\/ld+json\" class=\"yoast-schema-graph\">{\"@context\":\"https:\/\/schema.org\",\"@graph\":[{\"@type\":\"NewsArticle\",\"@id\":\"https:\/\/www.suno.com.br\/noticias\/dolar-encerra-em-queda-de-2927-cotado-em-r-54156-28082020\/#article\",\"isPartOf\":{\"@id\":\"https:\/\/www.suno.com.br\/noticias\/dolar-encerra-em-queda-de-2927-cotado-em-r-54156-28082020\/\"},\"author\":{\"name\":\"Laura Moutinho\",\"@id\":\"https:\/\/www.suno.com.br\/noticias\/#\/schema\/person\/3df0d2808748b74496efe5dbeaef2c72\"},\"headline\":\"D\u00f3lar encerra em queda de 2,927%, cotado em R$ 5,4156\",\"datePublished\":\"2020-08-28T20:27:44+00:00\",\"dateModified\":\"2021-05-29T23:41:12+00:00\",\"mainEntityOfPage\":{\"@id\":\"https:\/\/www.suno.com.br\/noticias\/dolar-encerra-em-queda-de-2927-cotado-em-r-54156-28082020\/\"},\"wordCount\":708,\"publisher\":{\"@id\":\"https:\/\/www.suno.com.br\/noticias\/#organization\"},\"image\":{\"@id\":\"https:\/\/www.suno.com.br\/noticias\/dolar-encerra-em-queda-de-2927-cotado-em-r-54156-28082020\/#primaryimage\"},\"thumbnailUrl\":\"https:\/\/files.sunoresearch.com.br\/n\/uploads\/2020\/06\/d5f913c2-d\u00f3lar-jpg.webp\",\"keywords\":[\"Canad\u00e1\",\"D\u00edvida P\u00fablica Federal\",\"d\u00f3lar\",\"Federal Reserve (FED)\",\"Jerome Powell\",\"Produto Interno Bruto (PIB)\"],\"articleSection\":[\"Mercado\"],\"inLanguage\":\"pt-BR\"},{\"@type\":\"WebPage\",\"@id\":\"https:\/\/www.suno.com.br\/noticias\/dolar-encerra-em-queda-de-2927-cotado-em-r-54156-28082020\/\",\"url\":\"https:\/\/www.suno.com.br\/noticias\/dolar-encerra-em-queda-de-2927-cotado-em-r-54156-28082020\/\",\"name\":\"D\u00f3lar encerra em queda de 2,927%, cotado em R$ 5,4156\",\"isPartOf\":{\"@id\":\"https:\/\/www.suno.com.br\/noticias\/#website\"},\"primaryImageOfPage\":{\"@id\":\"https:\/\/www.suno.com.br\/noticias\/dolar-encerra-em-queda-de-2927-cotado-em-r-54156-28082020\/#primaryimage\"},\"image\":{\"@id\":\"https:\/\/www.suno.com.br\/noticias\/dolar-encerra-em-queda-de-2927-cotado-em-r-54156-28082020\/#primaryimage\"},\"thumbnailUrl\":\"https:\/\/files.sunoresearch.com.br\/n\/uploads\/2020\/06\/d5f913c2-d\u00f3lar-jpg.webp\",\"datePublished\":\"2020-08-28T20:27:44+00:00\",\"dateModified\":\"2021-05-29T23:41:12+00:00\",\"description\":\"O d\u00f3lar encerrou nessa sexta-feira (28) em queda de 2,927%, negociado a R$ 5,4156 na venda. Clique aqui para saber mais.\",\"breadcrumb\":{\"@id\":\"https:\/\/www.suno.com.br\/noticias\/dolar-encerra-em-queda-de-2927-cotado-em-r-54156-28082020\/#breadcrumb\"},\"inLanguage\":\"pt-BR\",\"potentialAction\":[{\"@type\":\"ReadAction\",\"target\":[\"https:\/\/www.suno.com.br\/noticias\/dolar-encerra-em-queda-de-2927-cotado-em-r-54156-28082020\/\"]}]},{\"@type\":\"ImageObject\",\"inLanguage\":\"pt-BR\",\"@id\":\"https:\/\/www.suno.com.br\/noticias\/dolar-encerra-em-queda-de-2927-cotado-em-r-54156-28082020\/#primaryimage\",\"url\":\"https:\/\/files.sunoresearch.com.br\/n\/uploads\/2020\/06\/d5f913c2-d\u00f3lar-jpg.webp\",\"contentUrl\":\"https:\/\/files.sunoresearch.com.br\/n\/uploads\/2020\/06\/d5f913c2-d\u00f3lar-jpg.webp\",\"width\":1500,\"height\":1000,\"caption\":\"Por volta das\u00a0 9h20, o d\u00f3lar operava em queda de 0,46%, sendo negociado a R$ 5,627.\"},{\"@type\":\"BreadcrumbList\",\"@id\":\"https:\/\/www.suno.com.br\/noticias\/dolar-encerra-em-queda-de-2927-cotado-em-r-54156-28082020\/#breadcrumb\",\"itemListElement\":[{\"@type\":\"ListItem\",\"position\":1,\"name\":\"Not\u00edcias\",\"item\":\"https:\/\/www.suno.com.br\/noticias\/\"},{\"@type\":\"ListItem\",\"position\":2,\"name\":\"Mercado\",\"item\":\"https:\/\/www.suno.com.br\/noticias\/mercado\/\"},{\"@type\":\"ListItem\",\"position\":3,\"name\":\"D\u00f3lar encerra em queda de 2,927%, cotado em R$ 5,4156\"}]},{\"@type\":\"WebSite\",\"@id\":\"https:\/\/www.suno.com.br\/noticias\/#website\",\"url\":\"https:\/\/www.suno.com.br\/noticias\/\",\"name\":\"Suno Not\u00edcias\",\"description\":\"Seu portal de informa\u00e7\u00e3o sobre o mundo dos investimentos\",\"publisher\":{\"@id\":\"https:\/\/www.suno.com.br\/noticias\/#organization\"},\"potentialAction\":[{\"@type\":\"SearchAction\",\"target\":{\"@type\":\"EntryPoint\",\"urlTemplate\":\"https:\/\/www.suno.com.br\/noticias\/?s={search_term_string}\"},\"query-input\":{\"@type\":\"PropertyValueSpecification\",\"valueRequired\":true,\"valueName\":\"search_term_string\"}}],\"inLanguage\":\"pt-BR\"},{\"@type\":\"Organization\",\"@id\":\"https:\/\/www.suno.com.br\/noticias\/#organization\",\"name\":\"Suno Not\u00edcias\",\"url\":\"https:\/\/www.suno.com.br\/noticias\/\",\"logo\":{\"@type\":\"ImageObject\",\"inLanguage\":\"pt-BR\",\"@id\":\"https:\/\/www.suno.com.br\/noticias\/#\/schema\/logo\/image\/\",\"url\":\"https:\/\/files.sunoresearch.com.br\/n\/uploads\/2021\/09\/suno-logo.png\",\"contentUrl\":\"https:\/\/files.sunoresearch.com.br\/n\/uploads\/2021\/09\/suno-logo.png\",\"width\":180,\"height\":180,\"caption\":\"Suno Not\u00edcias\"},\"image\":{\"@id\":\"https:\/\/www.suno.com.br\/noticias\/#\/schema\/logo\/image\/\"},\"sameAs\":[\"https:\/\/facebook.com\/sunoresearch\",\"https:\/\/x.com\/sunoresearch\",\"https:\/\/www.instagram.com\/suno\",\"https:\/\/www.linkedin.com\/company\/suno-research\/\",\"https:\/\/www.youtube.com\/c\/sunoresearch\"]},{\"@type\":\"Person\",\"@id\":\"https:\/\/www.suno.com.br\/noticias\/#\/schema\/person\/3df0d2808748b74496efe5dbeaef2c72\",\"name\":\"Laura Moutinho\",\"image\":{\"@type\":\"ImageObject\",\"inLanguage\":\"pt-BR\",\"@id\":\"https:\/\/www.suno.com.br\/noticias\/#\/schema\/person\/image\/\",\"url\":\"https:\/\/secure.gravatar.com\/avatar\/7571c7c8ca3a6fca5e41384ece5557ff?s=96&r=g\",\"contentUrl\":\"https:\/\/secure.gravatar.com\/avatar\/7571c7c8ca3a6fca5e41384ece5557ff?s=96&r=g\",\"caption\":\"Laura Moutinho\"},\"description\":\"Estagi\u00e1ria na Suno Not\u00edcias, escreve not\u00edcias que afetam o mercado financeiro. Estuda administra\u00e7\u00e3o na Universidade Presbiteriana Mackenzie.\",\"url\":\"https:\/\/www.suno.com.br\/noticias\/author\/laura-moutinho\/\"}]}<\/script>\n<!-- \/ Yoast SEO plugin. -->","yoast_head_json":{"title":"D\u00f3lar encerra em queda de 2,927%, cotado em R$ 5,4156","description":"O d\u00f3lar encerrou nessa sexta-feira (28) em queda de 2,927%, negociado a R$ 5,4156 na venda. Clique aqui para saber mais.","robots":{"index":"index","follow":"follow","max-snippet":"max-snippet:-1","max-image-preview":"max-image-preview:large","max-video-preview":"max-video-preview:-1"},"canonical":"https:\/\/www.suno.com.br\/noticias\/dolar-encerra-em-queda-de-2927-cotado-em-r-54156-28082020\/","og_locale":"pt_BR","og_type":"article","og_title":"D\u00f3lar encerra em queda de 2,927%, cotado em R$ 5,4156","og_description":"O d\u00f3lar encerrou nessa sexta-feira (28) em queda de 2,927%, negociado a R$ 5,4156 na venda. Clique aqui para saber mais.","og_url":"https:\/\/www.suno.com.br\/noticias\/dolar-encerra-em-queda-de-2927-cotado-em-r-54156-28082020\/","og_site_name":"Suno Not\u00edcias","article_publisher":"https:\/\/facebook.com\/sunoresearch","og_image":[{"width":1500,"height":1000,"url":"https:\/\/files.sunoresearch.com.br\/n\/uploads\/2020\/06\/d5f913c2-d\u00f3lar.jpg","type":"image\/jpeg"}],"author":"Laura Moutinho","twitter_card":"summary_large_image","twitter_creator":"@sunoresearch","twitter_site":"@sunoresearch","twitter_misc":{"Escrito por":"Laura Moutinho","Est. tempo de leitura":"3 minutos"},"schema":{"@context":"https:\/\/schema.org","@graph":[{"@type":"NewsArticle","@id":"https:\/\/www.suno.com.br\/noticias\/dolar-encerra-em-queda-de-2927-cotado-em-r-54156-28082020\/#article","isPartOf":{"@id":"https:\/\/www.suno.com.br\/noticias\/dolar-encerra-em-queda-de-2927-cotado-em-r-54156-28082020\/"},"author":{"name":"Laura Moutinho","@id":"https:\/\/www.suno.com.br\/noticias\/#\/schema\/person\/3df0d2808748b74496efe5dbeaef2c72"},"headline":"D\u00f3lar encerra em queda de 2,927%, cotado em R$ 5,4156","datePublished":"2020-08-28T20:27:44+00:00","dateModified":"2021-05-29T23:41:12+00:00","mainEntityOfPage":{"@id":"https:\/\/www.suno.com.br\/noticias\/dolar-encerra-em-queda-de-2927-cotado-em-r-54156-28082020\/"},"wordCount":708,"publisher":{"@id":"https:\/\/www.suno.com.br\/noticias\/#organization"},"image":{"@id":"https:\/\/www.suno.com.br\/noticias\/dolar-encerra-em-queda-de-2927-cotado-em-r-54156-28082020\/#primaryimage"},"thumbnailUrl":"https:\/\/files.sunoresearch.com.br\/n\/uploads\/2020\/06\/d5f913c2-d\u00f3lar-jpg.webp","keywords":["Canad\u00e1","D\u00edvida P\u00fablica Federal","d\u00f3lar","Federal Reserve (FED)","Jerome Powell","Produto Interno Bruto (PIB)"],"articleSection":["Mercado"],"inLanguage":"pt-BR"},{"@type":"WebPage","@id":"https:\/\/www.suno.com.br\/noticias\/dolar-encerra-em-queda-de-2927-cotado-em-r-54156-28082020\/","url":"https:\/\/www.suno.com.br\/noticias\/dolar-encerra-em-queda-de-2927-cotado-em-r-54156-28082020\/","name":"D\u00f3lar encerra em queda de 2,927%, cotado em R$ 5,4156","isPartOf":{"@id":"https:\/\/www.suno.com.br\/noticias\/#website"},"primaryImageOfPage":{"@id":"https:\/\/www.suno.com.br\/noticias\/dolar-encerra-em-queda-de-2927-cotado-em-r-54156-28082020\/#primaryimage"},"image":{"@id":"https:\/\/www.suno.com.br\/noticias\/dolar-encerra-em-queda-de-2927-cotado-em-r-54156-28082020\/#primaryimage"},"thumbnailUrl":"https:\/\/files.sunoresearch.com.br\/n\/uploads\/2020\/06\/d5f913c2-d\u00f3lar-jpg.webp","datePublished":"2020-08-28T20:27:44+00:00","dateModified":"2021-05-29T23:41:12+00:00","description":"O d\u00f3lar encerrou nessa sexta-feira (28) em queda de 2,927%, negociado a R$ 5,4156 na venda. Clique aqui para saber mais.","breadcrumb":{"@id":"https:\/\/www.suno.com.br\/noticias\/dolar-encerra-em-queda-de-2927-cotado-em-r-54156-28082020\/#breadcrumb"},"inLanguage":"pt-BR","potentialAction":[{"@type":"ReadAction","target":["https:\/\/www.suno.com.br\/noticias\/dolar-encerra-em-queda-de-2927-cotado-em-r-54156-28082020\/"]}]},{"@type":"ImageObject","inLanguage":"pt-BR","@id":"https:\/\/www.suno.com.br\/noticias\/dolar-encerra-em-queda-de-2927-cotado-em-r-54156-28082020\/#primaryimage","url":"https:\/\/files.sunoresearch.com.br\/n\/uploads\/2020\/06\/d5f913c2-d\u00f3lar-jpg.webp","contentUrl":"https:\/\/files.sunoresearch.com.br\/n\/uploads\/2020\/06\/d5f913c2-d\u00f3lar-jpg.webp","width":1500,"height":1000,"caption":"Por volta das\u00a0 9h20, o d\u00f3lar operava em queda de 0,46%, sendo negociado a R$ 5,627."},{"@type":"BreadcrumbList","@id":"https:\/\/www.suno.com.br\/noticias\/dolar-encerra-em-queda-de-2927-cotado-em-r-54156-28082020\/#breadcrumb","itemListElement":[{"@type":"ListItem","position":1,"name":"Not\u00edcias","item":"https:\/\/www.suno.com.br\/noticias\/"},{"@type":"ListItem","position":2,"name":"Mercado","item":"https:\/\/www.suno.com.br\/noticias\/mercado\/"},{"@type":"ListItem","position":3,"name":"D\u00f3lar encerra em queda de 2,927%, cotado em R$ 5,4156"}]},{"@type":"WebSite","@id":"https:\/\/www.suno.com.br\/noticias\/#website","url":"https:\/\/www.suno.com.br\/noticias\/","name":"Suno Not\u00edcias","description":"Seu portal de informa\u00e7\u00e3o sobre o mundo dos investimentos","publisher":{"@id":"https:\/\/www.suno.com.br\/noticias\/#organization"},"potentialAction":[{"@type":"SearchAction","target":{"@type":"EntryPoint","urlTemplate":"https:\/\/www.suno.com.br\/noticias\/?s={search_term_string}"},"query-input":{"@type":"PropertyValueSpecification","valueRequired":true,"valueName":"search_term_string"}}],"inLanguage":"pt-BR"},{"@type":"Organization","@id":"https:\/\/www.suno.com.br\/noticias\/#organization","name":"Suno Not\u00edcias","url":"https:\/\/www.suno.com.br\/noticias\/","logo":{"@type":"ImageObject","inLanguage":"pt-BR","@id":"https:\/\/www.suno.com.br\/noticias\/#\/schema\/logo\/image\/","url":"https:\/\/files.sunoresearch.com.br\/n\/uploads\/2021\/09\/suno-logo.png","contentUrl":"https:\/\/files.sunoresearch.com.br\/n\/uploads\/2021\/09\/suno-logo.png","width":180,"height":180,"caption":"Suno Not\u00edcias"},"image":{"@id":"https:\/\/www.suno.com.br\/noticias\/#\/schema\/logo\/image\/"},"sameAs":["https:\/\/facebook.com\/sunoresearch","https:\/\/x.com\/sunoresearch","https:\/\/www.instagram.com\/suno","https:\/\/www.linkedin.com\/company\/suno-research\/","https:\/\/www.youtube.com\/c\/sunoresearch"]},{"@type":"Person","@id":"https:\/\/www.suno.com.br\/noticias\/#\/schema\/person\/3df0d2808748b74496efe5dbeaef2c72","name":"Laura Moutinho","image":{"@type":"ImageObject","inLanguage":"pt-BR","@id":"https:\/\/www.suno.com.br\/noticias\/#\/schema\/person\/image\/","url":"https:\/\/secure.gravatar.com\/avatar\/7571c7c8ca3a6fca5e41384ece5557ff?s=96&r=g","contentUrl":"https:\/\/secure.gravatar.com\/avatar\/7571c7c8ca3a6fca5e41384ece5557ff?s=96&r=g","caption":"Laura Moutinho"},"description":"Estagi\u00e1ria na Suno Not\u00edcias, escreve not\u00edcias que afetam o mercado financeiro. Estuda administra\u00e7\u00e3o na Universidade Presbiteriana Mackenzie.","url":"https:\/\/www.suno.com.br\/noticias\/author\/laura-moutinho\/"}]}},"default_loop_html":"<div class=\"cardsPage__listCard__boxs\"><div class=\"cardsPage__listCard__boxs__img\"><a href=\"https:\/\/www.suno.com.br\/noticias\/dolar-encerra-em-queda-de-2927-cotado-em-r-54156-28082020\/\"><img class=\"mask\" src=\"https:\/\/www.suno.com.br\/noticias\/wp-content\/themes\/suno\/resources\/images\/spotlight\/spotlight1img\/bg-mask.png\" alt=\"Image Mask\"\/><img src=\"https:\/\/files.sunoresearch.com.br\/n\/uploads\/2020\/06\/d5f913c2-d\u00f3lar-400x200.webp\" alt=\"D\u00f3lar encerra em queda de 2,927%, cotado em R$ 5,4156\"\/><\/a><span class=\"spotlightCategory\"><a href=\"https:\/\/www.suno.com.br\/noticias\/mercado\/\">Mercado<\/a><\/span><\/div><div class=\"cardsPage__listCard__boxs__content\"><a href=\"https:\/\/www.suno.com.br\/noticias\/dolar-encerra-em-queda-de-2927-cotado-em-r-54156-28082020\/\"><h2 class=\"content__title\">D\u00f3lar encerra em queda de 2,927%, cotado em R$ 5,4156<\/h2><\/a><div class=\"newsContent__article__meta\"><div class=\"newsContent__article__meta__authorBox\"><a href=\"https:\/\/www.suno.com.br\/noticias\/author\/laura-moutinho\/\" class=\"authorBox__avatar noMobi\"><img src=\"https:\/\/files.sunoresearch.com.br\/n\/uploads\/2020\/08\/531ff69d-whatsapp-image-2020-08-03-at-14.54.38-150x150.webp\" alt=\"Laura Moutinho\"><\/a><div class=\"authorBox__name\"><span>por\n\t\t\t<a href=\"https:\/\/www.suno.com.br\/noticias\/author\/laura-moutinho\/\"><span itemprop=\"author\">Laura Moutinho<\/span><\/a><\/span><time datetime=\"2020-08-28T17:27:44-03:00\" itemprop=\"datePublished\">28\/08\/2020 17:27<\/time><\/div><\/div><\/div><\/div><\/div>","single_layout":"posts","amp_enabled":true,"_links":{"self":[{"href":"https:\/\/www.suno.com.br\/noticias\/wp-json\/wp\/v2\/posts\/81351"}],"collection":[{"href":"https:\/\/www.suno.com.br\/noticias\/wp-json\/wp\/v2\/posts"}],"about":[{"href":"https:\/\/www.suno.com.br\/noticias\/wp-json\/wp\/v2\/types\/post"}],"author":[{"embeddable":true,"href":"https:\/\/www.suno.com.br\/noticias\/wp-json\/wp\/v2\/users\/39"}],"replies":[{"embeddable":true,"href":"https:\/\/www.suno.com.br\/noticias\/wp-json\/wp\/v2\/comments?post=81351"}],"version-history":[{"count":1,"href":"https:\/\/www.suno.com.br\/noticias\/wp-json\/wp\/v2\/posts\/81351\/revisions"}],"predecessor-version":[{"id":152169,"href":"https:\/\/www.suno.com.br\/noticias\/wp-json\/wp\/v2\/posts\/81351\/revisions\/152169"}],"wp:featuredmedia":[{"embeddable":true,"href":"https:\/\/www.suno.com.br\/noticias\/wp-json\/wp\/v2\/media\/67319"}],"wp:attachment":[{"href":"https:\/\/www.suno.com.br\/noticias\/wp-json\/wp\/v2\/media?parent=81351"}],"wp:term":[{"taxonomy":"category","embeddable":true,"href":"https:\/\/www.suno.com.br\/noticias\/wp-json\/wp\/v2\/categories?post=81351"},{"taxonomy":"post_tag","embeddable":true,"href":"https:\/\/www.suno.com.br\/noticias\/wp-json\/wp\/v2\/tags?post=81351"},{"taxonomy":"suno_strategy","embeddable":true,"href":"https:\/\/www.suno.com.br\/noticias\/wp-json\/wp\/v2\/suno_strategy?post=81351"}],"curies":[{"name":"wp","href":"https:\/\/api.w.org\/{rel}","templated":true}]}}