{"id":81255,"date":"2020-08-28T12:33:07","date_gmt":"2020-08-28T15:33:07","guid":{"rendered":"https:\/\/www.suno.com.br\/noticias\/?p=81255"},"modified":"2021-02-17T22:32:08","modified_gmt":"2021-02-18T01:32:08","slug":"caixa-economica-levanta-r-7437-mi-apos-desfazer-acoes-pn-do-banco-pan","status":"publish","type":"post","link":"https:\/\/www.suno.com.br\/noticias\/caixa-economica-levanta-r-7437-mi-apos-desfazer-acoes-pn-do-banco-pan\/","title":{"rendered":"Caixa Econ\u00f4mica levanta R$ 743,7 mi ap\u00f3s se desfazer de a\u00e7\u00f5es PN do Banco Pan"},"content":{"rendered":"<p>O <a href=\"https:\/\/www.suno.com.br\/acoes\/bpan4\/\">Banco Pan (BPAN4)<\/a> informou aos seus acionistas e ao mercado em geral, na \u00faltima quinta-feira (27), que a Caixa Participa\u00e7\u00f5es \u2013 CAIXAPAR, levantou R$ 743.677.219,50 ap\u00f3s se desfazer das a\u00e7\u00f5es preferenciais que detinha do banco, no \u00e2mbito da oferta p\u00fablica de distribui\u00e7\u00e3o secund\u00e1ria &#8220;com esfor\u00e7os restritos de coloca\u00e7\u00e3o de a\u00e7\u00f5es preferenciais nominativas, escriturais, sem valor nominal, livres desembara\u00e7adas de quaisquer \u00f4nus ou gravames&#8221;, de emiss\u00e3o do Banco e de titularidade exclusiva da <strong>Caixa Econ\u00f4mica<\/strong>.<\/p>\t<div class=\"wrapper-featured-image\">\n\t\t<figure class=\"spotlightImg\">\n\n\t\t\t<picture>\n\t\t\t\t<source media=\"(max-width: 768px)\" srcset=\"https:\/\/files.sunoresearch.com.br\/n\/uploads\/2020\/05\/cc94c2eb-caixa-400x200.webp\">\n\t\t\t\t<img loading=\"lazy\" decoding=\"async\" class=\"newsContent__article__imgCapa lazyloadDisabled \" src=\"https:\/\/files.sunoresearch.com.br\/n\/uploads\/2020\/05\/cc94c2eb-caixa-800x450.webp\" width=\"800\" height=\"450\" alt=\"Caixa Econ\u00f4mica levanta R$ 743,7 mi ap\u00f3s se desfazer de a\u00e7\u00f5es PN do Banco Pan\" fetchpriority=high \/>\n\t\t\t<\/picture>\n\n\t\t\t<figcaption class=\"wp-caption-text wp-caption-text--show\">Informa\u00e7\u00f5es divulgadas ainda nesta semana j\u00e1 adiantavam que o Bolsa Fam\u00edlia poderia chegar aos R$ 400 - Foto: Divulga\u00e7\u00e3o<\/figcaption>\n\t\t<\/figure>\n\t<\/div>\n\n\n<div class=\"hubspot-form-wrapper\">\n\t<div id=\"single-form-target\"><\/div>\n<\/div>\n\n<p>O pre\u00e7o por a\u00e7\u00e3o foi definido em R$ 8,30. A oferta consistiu na distribui\u00e7\u00e3o p\u00fablica secund\u00e1ria de 89.599.665 a\u00e7\u00f5es preferenciais de emiss\u00e3o do Banco Pan e de titularidade exclusiva da <strong>CAIXAPAR<\/strong>, que pertence a Caixa Econ\u00f4mica. O Banco Pan informou que n\u00e3o receber\u00e1 qualquer recurso decorrente da oferta por se tratar de oferta integralmente secund\u00e1ria de a\u00e7\u00f5es de emiss\u00e3o do Banco e de titularidade do &#8220;Acionista Vendedor&#8221; (Caixa).<\/p>\n<p>A opera\u00e7\u00e3o foi coordenada pelo <strong>Banco BTG Pactual<\/strong> (l\u00edder), Caixa Econ\u00f4mica Federal, Banco de Investimentos Credit Suisse (Brasil) S.A. e Banco Ita\u00fa BBA. A Caixa Econ\u00f4mica ainda possui<a href=\"https:\/\/www.suno.com.br\/artigos\/o-que-sao-acoes-ordinarias-preferenciais-e-units\/\"> a\u00e7\u00f5es ordin\u00e1rias (ON)<\/a> do Banco Pan. A ideia da institui\u00e7\u00e3o financeira em vender as preferenciais foi reduzir a participa\u00e7\u00e3o em ativos que n\u00e3o est\u00e3o relacionados ao seu principal neg\u00f3cio.<\/p>\n<p><a href=\"https:\/\/lp.suno.com.br\/suno-one\/\">No Suno One voc\u00ea aprende a fazer seu dinheiro trabalhar para voc\u00ea. Cadastre-se gratuitamente agora!<\/a><\/p>\n<h2>Caixa Econ\u00f4mica e o aux\u00edlio emergencial<\/h2>\n<p>O presidente da Caixa Econ\u00f4mica Federal, <a href=\"https:\/\/www.suno.com.br\/tudo-sobre\/pedro-guimaraes\/\">Pedro Guimar\u00e3es<\/a>, disse, na \u00faltima quinta-feira (27), em uma coletiva de imprensa online, que o banco <a href=\"https:\/\/www.suno.com.br\/artigos\/estatal-so-se-for-de-graca\/\">estatal<\/a> j\u00e1 pagou cerca de R$ 179 bilh\u00f5es em <a href=\"https:\/\/www.suno.com.br\/noticias\/tags\/coronavoucher\/\">aux\u00edlio emergencial, tamb\u00e9m chamado de coronavoucher<\/a>. Neste sentido, a institui\u00e7\u00e3o financeira pagou o benef\u00edcio para 66,9 milh\u00f5es de pessoas.<\/p>\n<p>Ao todo, 109 milh\u00f5es de brasileiros se cadastraram para receber o coronavoucher, por\u00e9m apenas 67,2 milh\u00f5es tiveram o cadastro aprovado. Guimar\u00e3es salientou que h\u00e1 ainda &#8220;pouco mais de 120 mil pessoas entre primeira e rean\u00e1lise. J\u00e1 temos mais de 99,9% das pessoas analisadas&#8221;. Guimar\u00e3es tamb\u00e9m destacou que a <strong>Caixa Econ\u00f4mica<\/strong> \u00e9 apenas o agente pagador do benef\u00edcio e n\u00e3o participa das discuss\u00f5es sobre a continua\u00e7\u00e3o do aux\u00edlio.<\/p>\n\t<p>\n\t\t<a href=\"https:\/\/lp.suno.com.br\/planilha-de-controle-de-investimentos\/\" target=\"_blank\" data-element=\"shortcode-suno-banner\" title=\"Banner SUNO, clique e saiba mais\">\n\t\t\t<picture>\n\t\t\t\t<source media=\"(max-width: 500px)\" srcset=\"https:\/\/files.sunoresearch.com.br\/n\/uploads\/2023\/03\/400x300-Controle-de-Investimentos.png\">\n\t\t\t\t<img class=\"newsContent__article__imgCapa newsContent__article__imgCapa--banner\"\n\t\t\t\t\tsrc=\"https:\/\/files.sunoresearch.com.br\/n\/uploads\/2023\/03\/1420x240-Controle-de-Investimentos.png\"\n\t\t\t\t\tdata-promo-id=\"75934\"\t\t\t\t\t\t\t\t\t\twidth='1420' height='240'\t\t\t\t\talt=\"https:\/\/files.sunoresearch.com.br\/n\/uploads\/2023\/03\/1420x240-Controle-de-Investimentos.png\"\n\t\t\t\t>\n\t\t\t<\/picture>\n\t\t<\/a>\n\t<\/p>\n\n\n","protected":false},"excerpt":{"rendered":"<p>O Banco Pan (BPAN4) informou aos seus acionistas e ao mercado em geral, na \u00faltima quinta-feira (27), que a Caixa Participa\u00e7\u00f5es \u2013 CAIXAPAR, levantou R$ 743.677.219,50 ap\u00f3s se desfazer das a\u00e7\u00f5es preferenciais que detinha do banco, no \u00e2mbito da oferta p\u00fablica de distribui\u00e7\u00e3o secund\u00e1ria &#8220;com esfor\u00e7os restritos de coloca\u00e7\u00e3o de a\u00e7\u00f5es preferenciais nominativas, escriturais, sem [&hellip;]<\/p>\n","protected":false},"author":19,"featured_media":64790,"comment_status":"closed","ping_status":"closed","sticky":false,"template":"","format":"standard","meta":[],"categories":[64],"tags":[370,1199],"suno_strategy":[],"class_list":["post-81255","post","type-post","status-publish","format-standard","has-post-thumbnail","hentry","category-negocios","tag-banco-pan-bpan4","tag-caixa-economica-federal-cef"],"yoast_head":"<!-- This site is optimized with the Yoast SEO plugin v24.4 - https:\/\/yoast.com\/wordpress\/plugins\/seo\/ -->\n<title>Caixa Econ\u00f4mica levanta R$ 743,7 mi ap\u00f3s vender a\u00e7\u00f5es do Banco Pan<\/title>\n<meta name=\"description\" content=\"O Banco Pan informou aos seus acionistas que a Caixa Econ\u00f4mica levantou\u00a0R$ 743 mi ap\u00f3s se desfazer das a\u00e7\u00f5es PN que detinha do banco.\" \/>\n<meta name=\"robots\" content=\"index, follow, max-snippet:-1, max-image-preview:large, max-video-preview:-1\" \/>\n<link rel=\"canonical\" href=\"https:\/\/www.suno.com.br\/noticias\/caixa-economica-levanta-r-7437-mi-apos-desfazer-acoes-pn-do-banco-pan\/\" \/>\n<meta property=\"og:locale\" content=\"pt_BR\" \/>\n<meta property=\"og:type\" content=\"article\" \/>\n<meta property=\"og:title\" content=\"Caixa Econ\u00f4mica levanta R$ 743,7 mi ap\u00f3s vender a\u00e7\u00f5es do Banco Pan\" \/>\n<meta property=\"og:description\" content=\"O Banco Pan informou aos seus acionistas que a Caixa Econ\u00f4mica levantou\u00a0R$ 743 mi ap\u00f3s se desfazer das a\u00e7\u00f5es PN que detinha do banco.\" \/>\n<meta property=\"og:url\" content=\"https:\/\/www.suno.com.br\/noticias\/caixa-economica-levanta-r-7437-mi-apos-desfazer-acoes-pn-do-banco-pan\/\" \/>\n<meta property=\"og:site_name\" content=\"Suno Not\u00edcias\" \/>\n<meta property=\"article:publisher\" content=\"https:\/\/facebook.com\/sunoresearch\" \/>\n<meta property=\"og:image\" content=\"https:\/\/files.sunoresearch.com.br\/n\/uploads\/2020\/05\/cc94c2eb-caixa.jpg\" \/>\n\t<meta property=\"og:image:width\" content=\"1500\" \/>\n\t<meta property=\"og:image:height\" content=\"1000\" \/>\n\t<meta property=\"og:image:type\" content=\"image\/jpeg\" \/>\n<meta name=\"author\" content=\"Juliano Passaro\" \/>\n<meta name=\"twitter:card\" content=\"summary_large_image\" \/>\n<meta name=\"twitter:creator\" content=\"@sunoresearch\" \/>\n<meta name=\"twitter:site\" content=\"@sunoresearch\" \/>\n<meta name=\"twitter:label1\" content=\"Escrito por\" \/>\n\t<meta name=\"twitter:data1\" content=\"Juliano Passaro\" \/>\n\t<meta name=\"twitter:label2\" content=\"Est. tempo de leitura\" \/>\n\t<meta name=\"twitter:data2\" content=\"2 minutos\" \/>\n<script type=\"application\/ld+json\" class=\"yoast-schema-graph\">{\"@context\":\"https:\/\/schema.org\",\"@graph\":[{\"@type\":\"NewsArticle\",\"@id\":\"https:\/\/www.suno.com.br\/noticias\/caixa-economica-levanta-r-7437-mi-apos-desfazer-acoes-pn-do-banco-pan\/#article\",\"isPartOf\":{\"@id\":\"https:\/\/www.suno.com.br\/noticias\/caixa-economica-levanta-r-7437-mi-apos-desfazer-acoes-pn-do-banco-pan\/\"},\"author\":{\"name\":\"Juliano Passaro\",\"@id\":\"https:\/\/www.suno.com.br\/noticias\/#\/schema\/person\/1db762f78ffd8919a648a63e425953e3\"},\"headline\":\"Caixa Econ\u00f4mica levanta R$ 743,7 mi ap\u00f3s se desfazer de a\u00e7\u00f5es PN do Banco Pan\",\"datePublished\":\"2020-08-28T15:33:07+00:00\",\"dateModified\":\"2021-02-18T01:32:08+00:00\",\"mainEntityOfPage\":{\"@id\":\"https:\/\/www.suno.com.br\/noticias\/caixa-economica-levanta-r-7437-mi-apos-desfazer-acoes-pn-do-banco-pan\/\"},\"wordCount\":417,\"publisher\":{\"@id\":\"https:\/\/www.suno.com.br\/noticias\/#organization\"},\"image\":{\"@id\":\"https:\/\/www.suno.com.br\/noticias\/caixa-economica-levanta-r-7437-mi-apos-desfazer-acoes-pn-do-banco-pan\/#primaryimage\"},\"thumbnailUrl\":\"https:\/\/files.sunoresearch.com.br\/n\/uploads\/2020\/05\/cc94c2eb-caixa-jpg.webp\",\"keywords\":[\"Banco Pan (BPAN4)\",\"Caixa Econ\u00f4mica Federal (CEF)\"],\"articleSection\":[\"Neg\u00f3cios\"],\"inLanguage\":\"pt-BR\"},{\"@type\":\"WebPage\",\"@id\":\"https:\/\/www.suno.com.br\/noticias\/caixa-economica-levanta-r-7437-mi-apos-desfazer-acoes-pn-do-banco-pan\/\",\"url\":\"https:\/\/www.suno.com.br\/noticias\/caixa-economica-levanta-r-7437-mi-apos-desfazer-acoes-pn-do-banco-pan\/\",\"name\":\"Caixa Econ\u00f4mica levanta R$ 743,7 mi ap\u00f3s vender a\u00e7\u00f5es do Banco Pan\",\"isPartOf\":{\"@id\":\"https:\/\/www.suno.com.br\/noticias\/#website\"},\"primaryImageOfPage\":{\"@id\":\"https:\/\/www.suno.com.br\/noticias\/caixa-economica-levanta-r-7437-mi-apos-desfazer-acoes-pn-do-banco-pan\/#primaryimage\"},\"image\":{\"@id\":\"https:\/\/www.suno.com.br\/noticias\/caixa-economica-levanta-r-7437-mi-apos-desfazer-acoes-pn-do-banco-pan\/#primaryimage\"},\"thumbnailUrl\":\"https:\/\/files.sunoresearch.com.br\/n\/uploads\/2020\/05\/cc94c2eb-caixa-jpg.webp\",\"datePublished\":\"2020-08-28T15:33:07+00:00\",\"dateModified\":\"2021-02-18T01:32:08+00:00\",\"description\":\"O Banco Pan informou aos seus acionistas que a Caixa Econ\u00f4mica levantou\u00a0R$ 743 mi ap\u00f3s se desfazer das a\u00e7\u00f5es PN que detinha do banco.\",\"breadcrumb\":{\"@id\":\"https:\/\/www.suno.com.br\/noticias\/caixa-economica-levanta-r-7437-mi-apos-desfazer-acoes-pn-do-banco-pan\/#breadcrumb\"},\"inLanguage\":\"pt-BR\",\"potentialAction\":[{\"@type\":\"ReadAction\",\"target\":[\"https:\/\/www.suno.com.br\/noticias\/caixa-economica-levanta-r-7437-mi-apos-desfazer-acoes-pn-do-banco-pan\/\"]}]},{\"@type\":\"ImageObject\",\"inLanguage\":\"pt-BR\",\"@id\":\"https:\/\/www.suno.com.br\/noticias\/caixa-economica-levanta-r-7437-mi-apos-desfazer-acoes-pn-do-banco-pan\/#primaryimage\",\"url\":\"https:\/\/files.sunoresearch.com.br\/n\/uploads\/2020\/05\/cc94c2eb-caixa-jpg.webp\",\"contentUrl\":\"https:\/\/files.sunoresearch.com.br\/n\/uploads\/2020\/05\/cc94c2eb-caixa-jpg.webp\",\"width\":1500,\"height\":1000,\"caption\":\"Informa\u00e7\u00f5es divulgadas ainda nesta semana j\u00e1 adiantavam que o Bolsa Fam\u00edlia poderia chegar aos R$ 400 - Foto: Divulga\u00e7\u00e3o\"},{\"@type\":\"BreadcrumbList\",\"@id\":\"https:\/\/www.suno.com.br\/noticias\/caixa-economica-levanta-r-7437-mi-apos-desfazer-acoes-pn-do-banco-pan\/#breadcrumb\",\"itemListElement\":[{\"@type\":\"ListItem\",\"position\":1,\"name\":\"Not\u00edcias\",\"item\":\"https:\/\/www.suno.com.br\/noticias\/\"},{\"@type\":\"ListItem\",\"position\":2,\"name\":\"Neg\u00f3cios\",\"item\":\"https:\/\/www.suno.com.br\/noticias\/negocios\/\"},{\"@type\":\"ListItem\",\"position\":3,\"name\":\"Caixa Econ\u00f4mica levanta R$ 743,7 mi ap\u00f3s se desfazer de a\u00e7\u00f5es PN do Banco Pan\"}]},{\"@type\":\"WebSite\",\"@id\":\"https:\/\/www.suno.com.br\/noticias\/#website\",\"url\":\"https:\/\/www.suno.com.br\/noticias\/\",\"name\":\"Suno Not\u00edcias\",\"description\":\"Seu portal de informa\u00e7\u00e3o sobre o mundo dos investimentos\",\"publisher\":{\"@id\":\"https:\/\/www.suno.com.br\/noticias\/#organization\"},\"potentialAction\":[{\"@type\":\"SearchAction\",\"target\":{\"@type\":\"EntryPoint\",\"urlTemplate\":\"https:\/\/www.suno.com.br\/noticias\/?s={search_term_string}\"},\"query-input\":{\"@type\":\"PropertyValueSpecification\",\"valueRequired\":true,\"valueName\":\"search_term_string\"}}],\"inLanguage\":\"pt-BR\"},{\"@type\":\"Organization\",\"@id\":\"https:\/\/www.suno.com.br\/noticias\/#organization\",\"name\":\"Suno Not\u00edcias\",\"url\":\"https:\/\/www.suno.com.br\/noticias\/\",\"logo\":{\"@type\":\"ImageObject\",\"inLanguage\":\"pt-BR\",\"@id\":\"https:\/\/www.suno.com.br\/noticias\/#\/schema\/logo\/image\/\",\"url\":\"https:\/\/files.sunoresearch.com.br\/n\/uploads\/2021\/09\/suno-logo.png\",\"contentUrl\":\"https:\/\/files.sunoresearch.com.br\/n\/uploads\/2021\/09\/suno-logo.png\",\"width\":180,\"height\":180,\"caption\":\"Suno Not\u00edcias\"},\"image\":{\"@id\":\"https:\/\/www.suno.com.br\/noticias\/#\/schema\/logo\/image\/\"},\"sameAs\":[\"https:\/\/facebook.com\/sunoresearch\",\"https:\/\/x.com\/sunoresearch\",\"https:\/\/www.instagram.com\/suno\",\"https:\/\/www.linkedin.com\/company\/suno-research\/\",\"https:\/\/www.youtube.com\/c\/sunoresearch\"]},{\"@type\":\"Person\",\"@id\":\"https:\/\/www.suno.com.br\/noticias\/#\/schema\/person\/1db762f78ffd8919a648a63e425953e3\",\"name\":\"Juliano Passaro\",\"image\":{\"@type\":\"ImageObject\",\"inLanguage\":\"pt-BR\",\"@id\":\"https:\/\/www.suno.com.br\/noticias\/#\/schema\/person\/image\/\",\"url\":\"https:\/\/secure.gravatar.com\/avatar\/743d4df28eebf6dcc46b4ad03c319e92?s=96&r=g\",\"contentUrl\":\"https:\/\/secure.gravatar.com\/avatar\/743d4df28eebf6dcc46b4ad03c319e92?s=96&r=g\",\"caption\":\"Juliano Passaro\"},\"description\":\"Juliano Passaro escreve sobre pol\u00edtica, economia e neg\u00f3cios para o portal da Suno Research. Antes da Suno, trabalhou no Portal da Band. \u00c9 formado em jornalismo pela Universidade Presbiteriana Mackenzie.\",\"url\":\"https:\/\/www.suno.com.br\/noticias\/author\/juliano\/\"}]}<\/script>\n<!-- \/ Yoast SEO plugin. -->","yoast_head_json":{"title":"Caixa Econ\u00f4mica levanta R$ 743,7 mi ap\u00f3s vender a\u00e7\u00f5es do Banco Pan","description":"O Banco Pan informou aos seus acionistas que a Caixa Econ\u00f4mica levantou\u00a0R$ 743 mi ap\u00f3s se desfazer das a\u00e7\u00f5es PN que detinha do banco.","robots":{"index":"index","follow":"follow","max-snippet":"max-snippet:-1","max-image-preview":"max-image-preview:large","max-video-preview":"max-video-preview:-1"},"canonical":"https:\/\/www.suno.com.br\/noticias\/caixa-economica-levanta-r-7437-mi-apos-desfazer-acoes-pn-do-banco-pan\/","og_locale":"pt_BR","og_type":"article","og_title":"Caixa Econ\u00f4mica levanta R$ 743,7 mi ap\u00f3s vender a\u00e7\u00f5es do Banco Pan","og_description":"O Banco Pan informou aos seus acionistas que a Caixa Econ\u00f4mica levantou\u00a0R$ 743 mi ap\u00f3s se desfazer das a\u00e7\u00f5es PN que detinha do banco.","og_url":"https:\/\/www.suno.com.br\/noticias\/caixa-economica-levanta-r-7437-mi-apos-desfazer-acoes-pn-do-banco-pan\/","og_site_name":"Suno Not\u00edcias","article_publisher":"https:\/\/facebook.com\/sunoresearch","og_image":[{"width":1500,"height":1000,"url":"https:\/\/files.sunoresearch.com.br\/n\/uploads\/2020\/05\/cc94c2eb-caixa.jpg","type":"image\/jpeg"}],"author":"Juliano Passaro","twitter_card":"summary_large_image","twitter_creator":"@sunoresearch","twitter_site":"@sunoresearch","twitter_misc":{"Escrito por":"Juliano Passaro","Est. tempo de leitura":"2 minutos"},"schema":{"@context":"https:\/\/schema.org","@graph":[{"@type":"NewsArticle","@id":"https:\/\/www.suno.com.br\/noticias\/caixa-economica-levanta-r-7437-mi-apos-desfazer-acoes-pn-do-banco-pan\/#article","isPartOf":{"@id":"https:\/\/www.suno.com.br\/noticias\/caixa-economica-levanta-r-7437-mi-apos-desfazer-acoes-pn-do-banco-pan\/"},"author":{"name":"Juliano Passaro","@id":"https:\/\/www.suno.com.br\/noticias\/#\/schema\/person\/1db762f78ffd8919a648a63e425953e3"},"headline":"Caixa Econ\u00f4mica levanta R$ 743,7 mi ap\u00f3s se desfazer de a\u00e7\u00f5es PN do Banco Pan","datePublished":"2020-08-28T15:33:07+00:00","dateModified":"2021-02-18T01:32:08+00:00","mainEntityOfPage":{"@id":"https:\/\/www.suno.com.br\/noticias\/caixa-economica-levanta-r-7437-mi-apos-desfazer-acoes-pn-do-banco-pan\/"},"wordCount":417,"publisher":{"@id":"https:\/\/www.suno.com.br\/noticias\/#organization"},"image":{"@id":"https:\/\/www.suno.com.br\/noticias\/caixa-economica-levanta-r-7437-mi-apos-desfazer-acoes-pn-do-banco-pan\/#primaryimage"},"thumbnailUrl":"https:\/\/files.sunoresearch.com.br\/n\/uploads\/2020\/05\/cc94c2eb-caixa-jpg.webp","keywords":["Banco Pan (BPAN4)","Caixa Econ\u00f4mica Federal (CEF)"],"articleSection":["Neg\u00f3cios"],"inLanguage":"pt-BR"},{"@type":"WebPage","@id":"https:\/\/www.suno.com.br\/noticias\/caixa-economica-levanta-r-7437-mi-apos-desfazer-acoes-pn-do-banco-pan\/","url":"https:\/\/www.suno.com.br\/noticias\/caixa-economica-levanta-r-7437-mi-apos-desfazer-acoes-pn-do-banco-pan\/","name":"Caixa Econ\u00f4mica levanta R$ 743,7 mi ap\u00f3s vender a\u00e7\u00f5es do Banco Pan","isPartOf":{"@id":"https:\/\/www.suno.com.br\/noticias\/#website"},"primaryImageOfPage":{"@id":"https:\/\/www.suno.com.br\/noticias\/caixa-economica-levanta-r-7437-mi-apos-desfazer-acoes-pn-do-banco-pan\/#primaryimage"},"image":{"@id":"https:\/\/www.suno.com.br\/noticias\/caixa-economica-levanta-r-7437-mi-apos-desfazer-acoes-pn-do-banco-pan\/#primaryimage"},"thumbnailUrl":"https:\/\/files.sunoresearch.com.br\/n\/uploads\/2020\/05\/cc94c2eb-caixa-jpg.webp","datePublished":"2020-08-28T15:33:07+00:00","dateModified":"2021-02-18T01:32:08+00:00","description":"O Banco Pan informou aos seus acionistas que a Caixa Econ\u00f4mica levantou\u00a0R$ 743 mi ap\u00f3s se desfazer das a\u00e7\u00f5es PN que detinha do banco.","breadcrumb":{"@id":"https:\/\/www.suno.com.br\/noticias\/caixa-economica-levanta-r-7437-mi-apos-desfazer-acoes-pn-do-banco-pan\/#breadcrumb"},"inLanguage":"pt-BR","potentialAction":[{"@type":"ReadAction","target":["https:\/\/www.suno.com.br\/noticias\/caixa-economica-levanta-r-7437-mi-apos-desfazer-acoes-pn-do-banco-pan\/"]}]},{"@type":"ImageObject","inLanguage":"pt-BR","@id":"https:\/\/www.suno.com.br\/noticias\/caixa-economica-levanta-r-7437-mi-apos-desfazer-acoes-pn-do-banco-pan\/#primaryimage","url":"https:\/\/files.sunoresearch.com.br\/n\/uploads\/2020\/05\/cc94c2eb-caixa-jpg.webp","contentUrl":"https:\/\/files.sunoresearch.com.br\/n\/uploads\/2020\/05\/cc94c2eb-caixa-jpg.webp","width":1500,"height":1000,"caption":"Informa\u00e7\u00f5es divulgadas ainda nesta semana j\u00e1 adiantavam que o Bolsa Fam\u00edlia poderia chegar aos R$ 400 - Foto: Divulga\u00e7\u00e3o"},{"@type":"BreadcrumbList","@id":"https:\/\/www.suno.com.br\/noticias\/caixa-economica-levanta-r-7437-mi-apos-desfazer-acoes-pn-do-banco-pan\/#breadcrumb","itemListElement":[{"@type":"ListItem","position":1,"name":"Not\u00edcias","item":"https:\/\/www.suno.com.br\/noticias\/"},{"@type":"ListItem","position":2,"name":"Neg\u00f3cios","item":"https:\/\/www.suno.com.br\/noticias\/negocios\/"},{"@type":"ListItem","position":3,"name":"Caixa Econ\u00f4mica levanta R$ 743,7 mi ap\u00f3s se desfazer de a\u00e7\u00f5es PN do Banco Pan"}]},{"@type":"WebSite","@id":"https:\/\/www.suno.com.br\/noticias\/#website","url":"https:\/\/www.suno.com.br\/noticias\/","name":"Suno Not\u00edcias","description":"Seu portal de informa\u00e7\u00e3o sobre o mundo dos investimentos","publisher":{"@id":"https:\/\/www.suno.com.br\/noticias\/#organization"},"potentialAction":[{"@type":"SearchAction","target":{"@type":"EntryPoint","urlTemplate":"https:\/\/www.suno.com.br\/noticias\/?s={search_term_string}"},"query-input":{"@type":"PropertyValueSpecification","valueRequired":true,"valueName":"search_term_string"}}],"inLanguage":"pt-BR"},{"@type":"Organization","@id":"https:\/\/www.suno.com.br\/noticias\/#organization","name":"Suno Not\u00edcias","url":"https:\/\/www.suno.com.br\/noticias\/","logo":{"@type":"ImageObject","inLanguage":"pt-BR","@id":"https:\/\/www.suno.com.br\/noticias\/#\/schema\/logo\/image\/","url":"https:\/\/files.sunoresearch.com.br\/n\/uploads\/2021\/09\/suno-logo.png","contentUrl":"https:\/\/files.sunoresearch.com.br\/n\/uploads\/2021\/09\/suno-logo.png","width":180,"height":180,"caption":"Suno Not\u00edcias"},"image":{"@id":"https:\/\/www.suno.com.br\/noticias\/#\/schema\/logo\/image\/"},"sameAs":["https:\/\/facebook.com\/sunoresearch","https:\/\/x.com\/sunoresearch","https:\/\/www.instagram.com\/suno","https:\/\/www.linkedin.com\/company\/suno-research\/","https:\/\/www.youtube.com\/c\/sunoresearch"]},{"@type":"Person","@id":"https:\/\/www.suno.com.br\/noticias\/#\/schema\/person\/1db762f78ffd8919a648a63e425953e3","name":"Juliano Passaro","image":{"@type":"ImageObject","inLanguage":"pt-BR","@id":"https:\/\/www.suno.com.br\/noticias\/#\/schema\/person\/image\/","url":"https:\/\/secure.gravatar.com\/avatar\/743d4df28eebf6dcc46b4ad03c319e92?s=96&r=g","contentUrl":"https:\/\/secure.gravatar.com\/avatar\/743d4df28eebf6dcc46b4ad03c319e92?s=96&r=g","caption":"Juliano Passaro"},"description":"Juliano Passaro escreve sobre pol\u00edtica, economia e neg\u00f3cios para o portal da Suno Research. Antes da Suno, trabalhou no Portal da Band. \u00c9 formado em jornalismo pela Universidade Presbiteriana Mackenzie.","url":"https:\/\/www.suno.com.br\/noticias\/author\/juliano\/"}]}},"default_loop_html":"<div class=\"cardsPage__listCard__boxs\"><div class=\"cardsPage__listCard__boxs__img\"><a href=\"https:\/\/www.suno.com.br\/noticias\/caixa-economica-levanta-r-7437-mi-apos-desfazer-acoes-pn-do-banco-pan\/\"><img class=\"mask\" src=\"https:\/\/www.suno.com.br\/noticias\/wp-content\/themes\/suno\/resources\/images\/spotlight\/spotlight1img\/bg-mask.png\" alt=\"Image Mask\"\/><img src=\"https:\/\/files.sunoresearch.com.br\/n\/uploads\/2020\/05\/cc94c2eb-caixa-400x200.webp\" alt=\"Caixa Econ\u00f4mica levanta R$ 743,7 mi ap\u00f3s se desfazer de a\u00e7\u00f5es PN do Banco Pan\"\/><\/a><span class=\"spotlightCategory\"><a href=\"https:\/\/www.suno.com.br\/noticias\/negocios\/\">Neg\u00f3cios<\/a><\/span><\/div><div class=\"cardsPage__listCard__boxs__content\"><a href=\"https:\/\/www.suno.com.br\/noticias\/caixa-economica-levanta-r-7437-mi-apos-desfazer-acoes-pn-do-banco-pan\/\"><h2 class=\"content__title\">Caixa Econ\u00f4mica levanta R$ 743,7 mi ap\u00f3s se desfazer de a\u00e7\u00f5es PN do Banco Pan<\/h2><\/a><div class=\"newsContent__article__meta\"><div class=\"newsContent__article__meta__authorBox\"><a href=\"https:\/\/www.suno.com.br\/noticias\/author\/juliano\/\" class=\"authorBox__avatar noMobi\"><img src=\"https:\/\/files.sunoresearch.com.br\/n\/uploads\/2019\/06\/7cc3efea-whatsapp-image-2019-07-18-at-21.59.33-e1563499821209-150x150.webp\" alt=\"Juliano Passaro\"><\/a><div class=\"authorBox__name\"><span>por\n\t\t\t<a href=\"https:\/\/www.suno.com.br\/noticias\/author\/juliano\/\"><span itemprop=\"author\">Juliano Passaro<\/span><\/a><\/span><time datetime=\"2020-08-28T12:33:07-03:00\" itemprop=\"datePublished\">28\/08\/2020 12:33<\/time><\/div><\/div><\/div><\/div><\/div>","single_layout":"posts","amp_enabled":true,"_links":{"self":[{"href":"https:\/\/www.suno.com.br\/noticias\/wp-json\/wp\/v2\/posts\/81255"}],"collection":[{"href":"https:\/\/www.suno.com.br\/noticias\/wp-json\/wp\/v2\/posts"}],"about":[{"href":"https:\/\/www.suno.com.br\/noticias\/wp-json\/wp\/v2\/types\/post"}],"author":[{"embeddable":true,"href":"https:\/\/www.suno.com.br\/noticias\/wp-json\/wp\/v2\/users\/19"}],"replies":[{"embeddable":true,"href":"https:\/\/www.suno.com.br\/noticias\/wp-json\/wp\/v2\/comments?post=81255"}],"version-history":[{"count":0,"href":"https:\/\/www.suno.com.br\/noticias\/wp-json\/wp\/v2\/posts\/81255\/revisions"}],"wp:featuredmedia":[{"embeddable":true,"href":"https:\/\/www.suno.com.br\/noticias\/wp-json\/wp\/v2\/media\/64790"}],"wp:attachment":[{"href":"https:\/\/www.suno.com.br\/noticias\/wp-json\/wp\/v2\/media?parent=81255"}],"wp:term":[{"taxonomy":"category","embeddable":true,"href":"https:\/\/www.suno.com.br\/noticias\/wp-json\/wp\/v2\/categories?post=81255"},{"taxonomy":"post_tag","embeddable":true,"href":"https:\/\/www.suno.com.br\/noticias\/wp-json\/wp\/v2\/tags?post=81255"},{"taxonomy":"suno_strategy","embeddable":true,"href":"https:\/\/www.suno.com.br\/noticias\/wp-json\/wp\/v2\/suno_strategy?post=81255"}],"curies":[{"name":"wp","href":"https:\/\/api.w.org\/{rel}","templated":true}]}}