{"id":81195,"date":"2020-08-28T09:05:20","date_gmt":"2020-08-28T12:05:20","guid":{"rendered":"https:\/\/www.suno.com.br\/noticias\/?p=81195"},"modified":"2021-06-14T00:27:35","modified_gmt":"2021-06-14T03:27:35","slug":"agenda-do-dia-petrobras-camil-vivara-dimed-banco-bv-pagseguro","status":"publish","type":"post","link":"https:\/\/www.suno.com.br\/noticias\/agenda-do-dia-petrobras-camil-vivara-dimed-banco-bv-pagseguro\/","title":{"rendered":"Agenda do Dia: Petrobras; Camil; Vivara; Banco BV; PagSeguro; Dimed"},"content":{"rendered":"<p>Os assuntos da <strong>Agenda<\/strong> <strong>do<\/strong> <strong>Dia<\/strong> desta sexta-feira (28) prometem agitar o mercado.<\/p>\t<div class=\"wrapper-featured-image\">\n\t\t<figure class=\"spotlightImg\">\n\n\t\t\t<picture>\n\t\t\t\t<source media=\"(max-width: 768px)\" srcset=\"https:\/\/files.sunoresearch.com.br\/n\/uploads\/2020\/03\/3ec98940-763e4ad5-petrobras-400x200.webp\">\n\t\t\t\t<img loading=\"lazy\" decoding=\"async\" class=\"newsContent__article__imgCapa lazyloadDisabled \" src=\"https:\/\/files.sunoresearch.com.br\/n\/uploads\/2020\/03\/3ec98940-763e4ad5-petrobras-800x450.webp\" width=\"800\" height=\"450\" alt=\"Agenda do Dia: Petrobras; Camil; Vivara; Banco BV; PagSeguro; Dimed\" fetchpriority=high \/>\n\t\t\t<\/picture>\n\n\t\t\t<figcaption class=\"wp-caption-text wp-caption-text--show\">A Petrobras (PETR4) divulgou seu plano estrat\u00e9gico para o per\u00edodo entre 2021 e 2025, priorizando o corte do endividamento. <\/figcaption>\n\t\t<\/figure>\n\t<\/div>\n\n\n<div class=\"hubspot-form-wrapper\">\n\t<div id=\"single-form-target\"><\/div>\n<\/div>\n\n<p>A Agenda do Dia come\u00e7a com a not\u00edcia sobre a <strong>Petrobras,<\/strong> que anunciou a venda de campos terrestres no ES por US$ 155 milh\u00f5es. Al\u00e9m disso, h\u00e1 tamb\u00e9m novas informa\u00e7\u00f5es sobre a <b>Camil, <\/b>que comunicou que far\u00e1 um novo programa de recompra de a\u00e7\u00f5es.<\/p>\n<p>Ademais, a Agenda do Dia tamb\u00e9m conta com informa\u00e7\u00f5es sobre a <strong>Dimed, <\/strong>que registrou queda no lucro do segundo trimestre.<\/p>\n<p><a href=\"https:\/\/lp.suno.com.br\/suno-one\/\">Suno One: acesse gratuitamente eBooks, Minicursos, Artigos e Video Aulas sobre investimentos com um \u00fanico cadastro. Clique para saber mais!<\/a><\/p>\n<h2>Petrobras<\/h2>\n<p>A <strong>Petrobras<\/strong> (<a href=\"https:\/\/www.suno.com.br\/acoes\/petr3\/\">PETR3<\/a>;<a href=\"https:\/\/www.suno.com.br\/acoes\/petr4\/\">PETR4<\/a>) informou ao mercado que assinou na \u00faltima quinta-feira (27) com a Karavan SPE Cricar\u00e9 S.A. um contrato de venda de 100% de sua participa\u00e7\u00e3o em 27 unidades de explora\u00e7\u00e3o onshore e<br \/>\nconcess\u00f5es de produ\u00e7\u00e3o, localizadas no Esp\u00edrito Santo. A Karavan O&amp;G Participa\u00e7\u00f5es e Consultoria Ltda. ficar\u00e1 com 51% dos campos, enquanto a Seacrest Capital Group Limited ir\u00e1 deter os outros 49%.<\/p>\n<p>O neg\u00f3cio ficou em US$ 155 milh\u00f5es (R$ 863 milh\u00f5es). Do total, US$ 11 milh\u00f5es ser\u00e3o pagos \u00e0 vista e US$ 26 milh\u00f5es no fechamento da opera\u00e7\u00e3o. Os outros US$ 118 milh\u00f5es ser\u00e3o em pagamentos contingentes previstos em contrato.<\/p>\n<p>A estatal petroleira informou que esta opera\u00e7\u00e3o est\u00e1 em linha com a estrat\u00e9gia de otimiza\u00e7\u00e3o do portf\u00f3lio e melhoria da aloca\u00e7\u00e3o de capital da empresa, &#8220;concentrando seus recursos cada vez mais em \u00e1guas profundas e ultraprofundas,<br \/>\nonde a Petrobras tem demonstrado grande diferencial competitivo ao longo dos anos&#8221;.<\/p>\n<h2>Recompra de a\u00e7\u00f5es da Camil<\/h2>\n<p>A <a href=\"https:\/\/www.suno.com.br\/acoes\/caml3\/\"><strong>Camil<\/strong> <strong>Alimentos<\/strong> S.A. (CAML3)<\/a> informou aos seus acionistas e ao mercado em geral que, em reuni\u00e3o do Conselho de Administra\u00e7\u00e3o realizada em 27 de agosto de 2020, foi aprovado o novo programa de recompra de a\u00e7\u00f5es de emiss\u00e3o da companhia.<\/p>\n<p>A companhia informou que poder\u00e1 adquirir at\u00e9 4.000.000 de a\u00e7\u00f5es ordin\u00e1rias, observando os limites da Instru\u00e7\u00e3o CVM n\u00ba 567\/2015. Atualmente, a empresa possui, em circula\u00e7\u00e3o, 120.754.497 a\u00e7\u00f5es ordin\u00e1rias em circula\u00e7\u00e3o sob o ticker CAML3 e n\u00e3o possui a\u00e7\u00f5es em tesouraria.<\/p>\n<p>O programa de recompra de a\u00e7\u00f5es tem prazo de 12 meses, contabilizados a partir da presente data e tendo como termo final o dia 27 de agosto do ano que vem. A institui\u00e7\u00e3o financeira que ir\u00e1 coordenar o programa de recompra \u00e9 a \u00c1gora Investimentos.<\/p>\n<h2>Lucro da Dimed<\/h2>\n<p>A <a href=\"https:\/\/www.suno.com.br\/acoes\/pnvl4\/\"><strong>Dimed<\/strong> (PNVL4)<\/a>, dona das farm\u00e1cias Panvel, teve uma queda de 63,5 % no lucro l\u00edquido do segundo trimestre, passando de R$ 19,5 milh\u00f5es no mesmo per\u00edodo do ano passado para R$ 7,1 milh\u00f5es nesta ano. No acumulado de janeiro a junho, a companhia teve lucro de R$ 23,5 milh\u00f5es.<\/p>\n<h2>Vivara (VIVA3) tem retomada na demanda ap\u00f3s reabertura de lojas<\/h2>\n<p>O diretor financeiro da <a href=\"https:\/\/www.suno.com.br\/artigos\/tag\/vvar3\/\"><strong>Vivara<\/strong> (VIVA3)<\/a>, Otavio Lyra, afirmou na \u00faltima quinta-feira (27), em uma teleconfer\u00eancia sobre os resultados da companhia no segundo trimestre, que as vendas ca\u00edram 10,3% em julho na compara\u00e7\u00e3o anual, ao passo que no m\u00eas de agosto, at\u00e9 o dia 24, a queda registrada foi de apenas 0,6%, na mesma compara\u00e7\u00e3o.<\/p>\n<p>Os executivos da Vivara observaram uma retomada na demanda com a reabertura das lojas, que haviam sido fechadas devido a<a href=\"https:\/\/www.suno.com.br\/noticias\/tags\/coronavirus\/#:~:text=Coronav%C3%ADrus%20provoca%20redu%C3%A7%C3%A3o%20de%2022%25%20dos%20dividendos%20globais&amp;text=Receba%20as%20not%C3%ADcias%20do%20mercado,A%C3%A7%C3%B5es%2C%20Economia%20e%20muito%20mais!\"> pandemia do novo <strong>coronav\u00edrus <\/strong>(Covid-19)<\/a>. Vale destacar que ao final de julho, a rede de joalherias contava com 214 lojas reabertas, de 259.<\/p>\n<h2>IPO do Banco BV<\/h2>\n<p>O <strong>Banco BV<\/strong>, ex-Votorantim, voltou a focar em sua abertura de capital (IPO). Segundo informa\u00e7\u00f5es do jornal &#8220;O Estado de S. Paulo&#8221;, a opera\u00e7\u00e3o pode girar em torno de R$ 5 bilh\u00f5es. As institui\u00e7\u00f5es coordenadoras da oferta s\u00e3o: o Banco do Brasil, JPMorgan, Goldman Sachs, Morgan Stanley, Ita\u00fa BBA, UBS e Bank of America.<\/p>\n\t<div data-element=\"shortcode-read-more\" class=\"knowMore\">\n\t\t\t\t<span class=\"knowMore__title\">Saiba mais<\/span>\n\t\t\t\t<a class=\"knowMore__link\" href=\"https:\/\/www.suno.com.br\/noticias\/bv-votorantim-processo-abertura-capital\/\">\n\t\t\tBV, ex-Banco Votorantim, retoma processo de abertura de capital\t\t<\/a>\n\t<\/div>\n\n\n<h2>PagSeguro<\/h2>\n<p>A <strong>PagSeguro<\/strong>, do grupo Uol, divulgou, na \u00faltima quinta-feira (27), seus resultados do segundo trimestre deste ano. A credenciadora de cart\u00f5es registrou uma queda de 8,2% no <a href=\"https:\/\/www.suno.com.br\/artigos\/lucro-liquido\/\">lucro l\u00edquido<\/a>, na compara\u00e7\u00e3o ano a ano, somando R$ 296,3 milh\u00f5es.<\/p>\n<p>As <a href=\"https:\/\/www.suno.com.br\/artigos\/receita-total\/\">receitas totais<\/a> da PagSeguro fecharam junho em R$ 1,3 bilh\u00e3o, com uma queda de 2,3% na compara\u00e7\u00e3o anual. O montante tamb\u00e9m representa um resumo de 14,5% na compara\u00e7\u00e3o trimestral.<\/p>\n<p>A <strong>Agenda<\/strong> <strong style=\"font-size: 1.21429rem;\">do<\/strong> <strong style=\"font-size: 1.21429rem;\">Dia<\/strong> do <a href=\"https:\/\/www.youtube.com\/channel\/UCWDeEIDAIi_oYKDiqwfGyRg\">Suno Not\u00edcias<\/a> mostra os principais acontecimentos que prometem movimentar o mercado durante o dia.<\/p>\n\t<p>\n\t\t<a href=\"https:\/\/lp.suno.com.br\/planilha-de-controle-de-investimentos\/\" target=\"_blank\" data-element=\"shortcode-suno-banner\" title=\"Banner SUNO, clique e saiba mais\">\n\t\t\t<picture>\n\t\t\t\t<source media=\"(max-width: 500px)\" srcset=\"https:\/\/files.sunoresearch.com.br\/n\/uploads\/2023\/03\/400x300-Controle-de-Investimentos.png\">\n\t\t\t\t<img class=\"newsContent__article__imgCapa newsContent__article__imgCapa--banner\"\n\t\t\t\t\tsrc=\"https:\/\/files.sunoresearch.com.br\/n\/uploads\/2023\/03\/1420x240-Controle-de-Investimentos.png\"\n\t\t\t\t\tdata-promo-id=\"75934\"\t\t\t\t\t\t\t\t\t\twidth='1420' height='240'\t\t\t\t\talt=\"https:\/\/files.sunoresearch.com.br\/n\/uploads\/2023\/03\/1420x240-Controle-de-Investimentos.png\"\n\t\t\t\t>\n\t\t\t<\/picture>\n\t\t<\/a>\n\t<\/p>\n\n\n","protected":false},"excerpt":{"rendered":"<p>Os assuntos da Agenda do Dia desta sexta-feira (28) prometem agitar o mercado. A Petrobras (PETR4) divulgou seu plano estrat\u00e9gico para o per\u00edodo entre 2021 e 2025, priorizando o corte do endividamento. A Agenda do Dia come\u00e7a com a not\u00edcia sobre a Petrobras, que anunciou a venda de campos terrestres no ES por US$ 155 [&hellip;]<\/p>\n","protected":false},"author":19,"featured_media":57627,"comment_status":"closed","ping_status":"closed","sticky":false,"template":"","format":"standard","meta":[],"categories":[64],"tags":[1980,403,445,1008,595,1431],"suno_strategy":[],"class_list":["post-81195","post","type-post","status-publish","format-standard","has-post-thumbnail","hentry","category-negocios","tag-agenda-do-dia","tag-camil-caml3","tag-dimed-pnvl3-pnvl4","tag-pagseguro","tag-petrobras-petr4","tag-vivara-viva3"],"yoast_head":"<!-- This site is optimized with the Yoast SEO plugin v24.4 - https:\/\/yoast.com\/wordpress\/plugins\/seo\/ -->\n<title>Agenda do Dia: Petrobras; Camil; Vivara; Banco BV; PagSeguro<\/title>\n<meta name=\"description\" content=\"Agenda do Dia: desinvestimentos da Petrobras; Camil; Vivara; Banco BV; PagSeguro; lucro da Dimed. Clique aqui e saiba mais.\" \/>\n<meta name=\"robots\" content=\"index, follow, max-snippet:-1, max-image-preview:large, max-video-preview:-1\" \/>\n<link rel=\"canonical\" href=\"https:\/\/www.suno.com.br\/noticias\/agenda-do-dia-petrobras-camil-vivara-dimed-banco-bv-pagseguro\/\" \/>\n<meta property=\"og:locale\" content=\"pt_BR\" \/>\n<meta property=\"og:type\" content=\"article\" \/>\n<meta property=\"og:title\" content=\"Agenda do Dia: Petrobras; Camil; Vivara; Banco BV; PagSeguro\" \/>\n<meta property=\"og:description\" content=\"Agenda do Dia: desinvestimentos da Petrobras; Camil; Vivara; Banco BV; PagSeguro; lucro da Dimed. Clique aqui e saiba mais.\" \/>\n<meta property=\"og:url\" content=\"https:\/\/www.suno.com.br\/noticias\/agenda-do-dia-petrobras-camil-vivara-dimed-banco-bv-pagseguro\/\" \/>\n<meta property=\"og:site_name\" content=\"Suno Not\u00edcias\" \/>\n<meta property=\"article:publisher\" content=\"https:\/\/facebook.com\/sunoresearch\" \/>\n<meta property=\"og:image\" content=\"https:\/\/files.sunoresearch.com.br\/n\/uploads\/2020\/03\/3ec98940-763e4ad5-petrobras.jpg\" \/>\n\t<meta property=\"og:image:width\" content=\"1424\" \/>\n\t<meta property=\"og:image:height\" content=\"920\" \/>\n\t<meta property=\"og:image:type\" content=\"image\/jpeg\" \/>\n<meta name=\"author\" content=\"Juliano Passaro\" \/>\n<meta name=\"twitter:card\" content=\"summary_large_image\" \/>\n<meta name=\"twitter:creator\" content=\"@sunoresearch\" \/>\n<meta name=\"twitter:site\" content=\"@sunoresearch\" \/>\n<meta name=\"twitter:label1\" content=\"Escrito por\" \/>\n\t<meta name=\"twitter:data1\" content=\"Juliano Passaro\" \/>\n\t<meta name=\"twitter:label2\" content=\"Est. tempo de leitura\" \/>\n\t<meta name=\"twitter:data2\" content=\"4 minutos\" \/>\n<script type=\"application\/ld+json\" class=\"yoast-schema-graph\">{\"@context\":\"https:\/\/schema.org\",\"@graph\":[{\"@type\":\"NewsArticle\",\"@id\":\"https:\/\/www.suno.com.br\/noticias\/agenda-do-dia-petrobras-camil-vivara-dimed-banco-bv-pagseguro\/#article\",\"isPartOf\":{\"@id\":\"https:\/\/www.suno.com.br\/noticias\/agenda-do-dia-petrobras-camil-vivara-dimed-banco-bv-pagseguro\/\"},\"author\":{\"name\":\"Juliano Passaro\",\"@id\":\"https:\/\/www.suno.com.br\/noticias\/#\/schema\/person\/1db762f78ffd8919a648a63e425953e3\"},\"headline\":\"Agenda do Dia: Petrobras; Camil; Vivara; Banco BV; PagSeguro; Dimed\",\"datePublished\":\"2020-08-28T12:05:20+00:00\",\"dateModified\":\"2021-06-14T03:27:35+00:00\",\"mainEntityOfPage\":{\"@id\":\"https:\/\/www.suno.com.br\/noticias\/agenda-do-dia-petrobras-camil-vivara-dimed-banco-bv-pagseguro\/\"},\"wordCount\":758,\"publisher\":{\"@id\":\"https:\/\/www.suno.com.br\/noticias\/#organization\"},\"image\":{\"@id\":\"https:\/\/www.suno.com.br\/noticias\/agenda-do-dia-petrobras-camil-vivara-dimed-banco-bv-pagseguro\/#primaryimage\"},\"thumbnailUrl\":\"https:\/\/files.sunoresearch.com.br\/n\/uploads\/2020\/03\/3ec98940-763e4ad5-petrobras-jpg.webp\",\"keywords\":[\"agenda do dia\",\"Camil (CAML3)\",\"DIMED (PNVL3\/PNVL4)\",\"PagSeguro\",\"Petrobras (PETR4)\",\"Vivara (VIVA3)\"],\"articleSection\":[\"Neg\u00f3cios\"],\"inLanguage\":\"pt-BR\"},{\"@type\":\"WebPage\",\"@id\":\"https:\/\/www.suno.com.br\/noticias\/agenda-do-dia-petrobras-camil-vivara-dimed-banco-bv-pagseguro\/\",\"url\":\"https:\/\/www.suno.com.br\/noticias\/agenda-do-dia-petrobras-camil-vivara-dimed-banco-bv-pagseguro\/\",\"name\":\"Agenda do Dia: Petrobras; Camil; Vivara; Banco BV; PagSeguro\",\"isPartOf\":{\"@id\":\"https:\/\/www.suno.com.br\/noticias\/#website\"},\"primaryImageOfPage\":{\"@id\":\"https:\/\/www.suno.com.br\/noticias\/agenda-do-dia-petrobras-camil-vivara-dimed-banco-bv-pagseguro\/#primaryimage\"},\"image\":{\"@id\":\"https:\/\/www.suno.com.br\/noticias\/agenda-do-dia-petrobras-camil-vivara-dimed-banco-bv-pagseguro\/#primaryimage\"},\"thumbnailUrl\":\"https:\/\/files.sunoresearch.com.br\/n\/uploads\/2020\/03\/3ec98940-763e4ad5-petrobras-jpg.webp\",\"datePublished\":\"2020-08-28T12:05:20+00:00\",\"dateModified\":\"2021-06-14T03:27:35+00:00\",\"description\":\"Agenda do Dia: desinvestimentos da Petrobras; Camil; Vivara; Banco BV; PagSeguro; lucro da Dimed. Clique aqui e saiba mais.\",\"breadcrumb\":{\"@id\":\"https:\/\/www.suno.com.br\/noticias\/agenda-do-dia-petrobras-camil-vivara-dimed-banco-bv-pagseguro\/#breadcrumb\"},\"inLanguage\":\"pt-BR\",\"potentialAction\":[{\"@type\":\"ReadAction\",\"target\":[\"https:\/\/www.suno.com.br\/noticias\/agenda-do-dia-petrobras-camil-vivara-dimed-banco-bv-pagseguro\/\"]}]},{\"@type\":\"ImageObject\",\"inLanguage\":\"pt-BR\",\"@id\":\"https:\/\/www.suno.com.br\/noticias\/agenda-do-dia-petrobras-camil-vivara-dimed-banco-bv-pagseguro\/#primaryimage\",\"url\":\"https:\/\/files.sunoresearch.com.br\/n\/uploads\/2020\/03\/3ec98940-763e4ad5-petrobras-jpg.webp\",\"contentUrl\":\"https:\/\/files.sunoresearch.com.br\/n\/uploads\/2020\/03\/3ec98940-763e4ad5-petrobras-jpg.webp\",\"width\":1424,\"height\":920,\"caption\":\"A Petrobras (PETR4) divulgou seu plano estrat\u00e9gico para o per\u00edodo entre 2021 e 2025, priorizando o corte do endividamento.\"},{\"@type\":\"BreadcrumbList\",\"@id\":\"https:\/\/www.suno.com.br\/noticias\/agenda-do-dia-petrobras-camil-vivara-dimed-banco-bv-pagseguro\/#breadcrumb\",\"itemListElement\":[{\"@type\":\"ListItem\",\"position\":1,\"name\":\"Not\u00edcias\",\"item\":\"https:\/\/www.suno.com.br\/noticias\/\"},{\"@type\":\"ListItem\",\"position\":2,\"name\":\"Neg\u00f3cios\",\"item\":\"https:\/\/www.suno.com.br\/noticias\/negocios\/\"},{\"@type\":\"ListItem\",\"position\":3,\"name\":\"Agenda do Dia: Petrobras; Camil; Vivara; Banco BV; PagSeguro; Dimed\"}]},{\"@type\":\"WebSite\",\"@id\":\"https:\/\/www.suno.com.br\/noticias\/#website\",\"url\":\"https:\/\/www.suno.com.br\/noticias\/\",\"name\":\"Suno Not\u00edcias\",\"description\":\"Seu portal de informa\u00e7\u00e3o sobre o mundo dos investimentos\",\"publisher\":{\"@id\":\"https:\/\/www.suno.com.br\/noticias\/#organization\"},\"potentialAction\":[{\"@type\":\"SearchAction\",\"target\":{\"@type\":\"EntryPoint\",\"urlTemplate\":\"https:\/\/www.suno.com.br\/noticias\/?s={search_term_string}\"},\"query-input\":{\"@type\":\"PropertyValueSpecification\",\"valueRequired\":true,\"valueName\":\"search_term_string\"}}],\"inLanguage\":\"pt-BR\"},{\"@type\":\"Organization\",\"@id\":\"https:\/\/www.suno.com.br\/noticias\/#organization\",\"name\":\"Suno Not\u00edcias\",\"url\":\"https:\/\/www.suno.com.br\/noticias\/\",\"logo\":{\"@type\":\"ImageObject\",\"inLanguage\":\"pt-BR\",\"@id\":\"https:\/\/www.suno.com.br\/noticias\/#\/schema\/logo\/image\/\",\"url\":\"https:\/\/files.sunoresearch.com.br\/n\/uploads\/2021\/09\/suno-logo.png\",\"contentUrl\":\"https:\/\/files.sunoresearch.com.br\/n\/uploads\/2021\/09\/suno-logo.png\",\"width\":180,\"height\":180,\"caption\":\"Suno Not\u00edcias\"},\"image\":{\"@id\":\"https:\/\/www.suno.com.br\/noticias\/#\/schema\/logo\/image\/\"},\"sameAs\":[\"https:\/\/facebook.com\/sunoresearch\",\"https:\/\/x.com\/sunoresearch\",\"https:\/\/www.instagram.com\/suno\",\"https:\/\/www.linkedin.com\/company\/suno-research\/\",\"https:\/\/www.youtube.com\/c\/sunoresearch\"]},{\"@type\":\"Person\",\"@id\":\"https:\/\/www.suno.com.br\/noticias\/#\/schema\/person\/1db762f78ffd8919a648a63e425953e3\",\"name\":\"Juliano Passaro\",\"image\":{\"@type\":\"ImageObject\",\"inLanguage\":\"pt-BR\",\"@id\":\"https:\/\/www.suno.com.br\/noticias\/#\/schema\/person\/image\/\",\"url\":\"https:\/\/secure.gravatar.com\/avatar\/743d4df28eebf6dcc46b4ad03c319e92?s=96&r=g\",\"contentUrl\":\"https:\/\/secure.gravatar.com\/avatar\/743d4df28eebf6dcc46b4ad03c319e92?s=96&r=g\",\"caption\":\"Juliano Passaro\"},\"description\":\"Juliano Passaro escreve sobre pol\u00edtica, economia e neg\u00f3cios para o portal da Suno Research. Antes da Suno, trabalhou no Portal da Band. \u00c9 formado em jornalismo pela Universidade Presbiteriana Mackenzie.\",\"url\":\"https:\/\/www.suno.com.br\/noticias\/author\/juliano\/\"}]}<\/script>\n<!-- \/ Yoast SEO plugin. -->","yoast_head_json":{"title":"Agenda do Dia: Petrobras; Camil; Vivara; Banco BV; PagSeguro","description":"Agenda do Dia: desinvestimentos da Petrobras; Camil; Vivara; Banco BV; PagSeguro; lucro da Dimed. Clique aqui e saiba mais.","robots":{"index":"index","follow":"follow","max-snippet":"max-snippet:-1","max-image-preview":"max-image-preview:large","max-video-preview":"max-video-preview:-1"},"canonical":"https:\/\/www.suno.com.br\/noticias\/agenda-do-dia-petrobras-camil-vivara-dimed-banco-bv-pagseguro\/","og_locale":"pt_BR","og_type":"article","og_title":"Agenda do Dia: Petrobras; Camil; Vivara; Banco BV; PagSeguro","og_description":"Agenda do Dia: desinvestimentos da Petrobras; Camil; Vivara; Banco BV; PagSeguro; lucro da Dimed. Clique aqui e saiba mais.","og_url":"https:\/\/www.suno.com.br\/noticias\/agenda-do-dia-petrobras-camil-vivara-dimed-banco-bv-pagseguro\/","og_site_name":"Suno Not\u00edcias","article_publisher":"https:\/\/facebook.com\/sunoresearch","og_image":[{"width":1424,"height":920,"url":"https:\/\/files.sunoresearch.com.br\/n\/uploads\/2020\/03\/3ec98940-763e4ad5-petrobras.jpg","type":"image\/jpeg"}],"author":"Juliano Passaro","twitter_card":"summary_large_image","twitter_creator":"@sunoresearch","twitter_site":"@sunoresearch","twitter_misc":{"Escrito por":"Juliano Passaro","Est. tempo de leitura":"4 minutos"},"schema":{"@context":"https:\/\/schema.org","@graph":[{"@type":"NewsArticle","@id":"https:\/\/www.suno.com.br\/noticias\/agenda-do-dia-petrobras-camil-vivara-dimed-banco-bv-pagseguro\/#article","isPartOf":{"@id":"https:\/\/www.suno.com.br\/noticias\/agenda-do-dia-petrobras-camil-vivara-dimed-banco-bv-pagseguro\/"},"author":{"name":"Juliano Passaro","@id":"https:\/\/www.suno.com.br\/noticias\/#\/schema\/person\/1db762f78ffd8919a648a63e425953e3"},"headline":"Agenda do Dia: Petrobras; Camil; Vivara; Banco BV; PagSeguro; Dimed","datePublished":"2020-08-28T12:05:20+00:00","dateModified":"2021-06-14T03:27:35+00:00","mainEntityOfPage":{"@id":"https:\/\/www.suno.com.br\/noticias\/agenda-do-dia-petrobras-camil-vivara-dimed-banco-bv-pagseguro\/"},"wordCount":758,"publisher":{"@id":"https:\/\/www.suno.com.br\/noticias\/#organization"},"image":{"@id":"https:\/\/www.suno.com.br\/noticias\/agenda-do-dia-petrobras-camil-vivara-dimed-banco-bv-pagseguro\/#primaryimage"},"thumbnailUrl":"https:\/\/files.sunoresearch.com.br\/n\/uploads\/2020\/03\/3ec98940-763e4ad5-petrobras-jpg.webp","keywords":["agenda do dia","Camil (CAML3)","DIMED (PNVL3\/PNVL4)","PagSeguro","Petrobras (PETR4)","Vivara (VIVA3)"],"articleSection":["Neg\u00f3cios"],"inLanguage":"pt-BR"},{"@type":"WebPage","@id":"https:\/\/www.suno.com.br\/noticias\/agenda-do-dia-petrobras-camil-vivara-dimed-banco-bv-pagseguro\/","url":"https:\/\/www.suno.com.br\/noticias\/agenda-do-dia-petrobras-camil-vivara-dimed-banco-bv-pagseguro\/","name":"Agenda do Dia: Petrobras; Camil; Vivara; Banco BV; PagSeguro","isPartOf":{"@id":"https:\/\/www.suno.com.br\/noticias\/#website"},"primaryImageOfPage":{"@id":"https:\/\/www.suno.com.br\/noticias\/agenda-do-dia-petrobras-camil-vivara-dimed-banco-bv-pagseguro\/#primaryimage"},"image":{"@id":"https:\/\/www.suno.com.br\/noticias\/agenda-do-dia-petrobras-camil-vivara-dimed-banco-bv-pagseguro\/#primaryimage"},"thumbnailUrl":"https:\/\/files.sunoresearch.com.br\/n\/uploads\/2020\/03\/3ec98940-763e4ad5-petrobras-jpg.webp","datePublished":"2020-08-28T12:05:20+00:00","dateModified":"2021-06-14T03:27:35+00:00","description":"Agenda do Dia: desinvestimentos da Petrobras; Camil; Vivara; Banco BV; PagSeguro; lucro da Dimed. Clique aqui e saiba mais.","breadcrumb":{"@id":"https:\/\/www.suno.com.br\/noticias\/agenda-do-dia-petrobras-camil-vivara-dimed-banco-bv-pagseguro\/#breadcrumb"},"inLanguage":"pt-BR","potentialAction":[{"@type":"ReadAction","target":["https:\/\/www.suno.com.br\/noticias\/agenda-do-dia-petrobras-camil-vivara-dimed-banco-bv-pagseguro\/"]}]},{"@type":"ImageObject","inLanguage":"pt-BR","@id":"https:\/\/www.suno.com.br\/noticias\/agenda-do-dia-petrobras-camil-vivara-dimed-banco-bv-pagseguro\/#primaryimage","url":"https:\/\/files.sunoresearch.com.br\/n\/uploads\/2020\/03\/3ec98940-763e4ad5-petrobras-jpg.webp","contentUrl":"https:\/\/files.sunoresearch.com.br\/n\/uploads\/2020\/03\/3ec98940-763e4ad5-petrobras-jpg.webp","width":1424,"height":920,"caption":"A Petrobras (PETR4) divulgou seu plano estrat\u00e9gico para o per\u00edodo entre 2021 e 2025, priorizando o corte do endividamento."},{"@type":"BreadcrumbList","@id":"https:\/\/www.suno.com.br\/noticias\/agenda-do-dia-petrobras-camil-vivara-dimed-banco-bv-pagseguro\/#breadcrumb","itemListElement":[{"@type":"ListItem","position":1,"name":"Not\u00edcias","item":"https:\/\/www.suno.com.br\/noticias\/"},{"@type":"ListItem","position":2,"name":"Neg\u00f3cios","item":"https:\/\/www.suno.com.br\/noticias\/negocios\/"},{"@type":"ListItem","position":3,"name":"Agenda do Dia: Petrobras; Camil; Vivara; Banco BV; PagSeguro; Dimed"}]},{"@type":"WebSite","@id":"https:\/\/www.suno.com.br\/noticias\/#website","url":"https:\/\/www.suno.com.br\/noticias\/","name":"Suno Not\u00edcias","description":"Seu portal de informa\u00e7\u00e3o sobre o mundo dos investimentos","publisher":{"@id":"https:\/\/www.suno.com.br\/noticias\/#organization"},"potentialAction":[{"@type":"SearchAction","target":{"@type":"EntryPoint","urlTemplate":"https:\/\/www.suno.com.br\/noticias\/?s={search_term_string}"},"query-input":{"@type":"PropertyValueSpecification","valueRequired":true,"valueName":"search_term_string"}}],"inLanguage":"pt-BR"},{"@type":"Organization","@id":"https:\/\/www.suno.com.br\/noticias\/#organization","name":"Suno Not\u00edcias","url":"https:\/\/www.suno.com.br\/noticias\/","logo":{"@type":"ImageObject","inLanguage":"pt-BR","@id":"https:\/\/www.suno.com.br\/noticias\/#\/schema\/logo\/image\/","url":"https:\/\/files.sunoresearch.com.br\/n\/uploads\/2021\/09\/suno-logo.png","contentUrl":"https:\/\/files.sunoresearch.com.br\/n\/uploads\/2021\/09\/suno-logo.png","width":180,"height":180,"caption":"Suno Not\u00edcias"},"image":{"@id":"https:\/\/www.suno.com.br\/noticias\/#\/schema\/logo\/image\/"},"sameAs":["https:\/\/facebook.com\/sunoresearch","https:\/\/x.com\/sunoresearch","https:\/\/www.instagram.com\/suno","https:\/\/www.linkedin.com\/company\/suno-research\/","https:\/\/www.youtube.com\/c\/sunoresearch"]},{"@type":"Person","@id":"https:\/\/www.suno.com.br\/noticias\/#\/schema\/person\/1db762f78ffd8919a648a63e425953e3","name":"Juliano Passaro","image":{"@type":"ImageObject","inLanguage":"pt-BR","@id":"https:\/\/www.suno.com.br\/noticias\/#\/schema\/person\/image\/","url":"https:\/\/secure.gravatar.com\/avatar\/743d4df28eebf6dcc46b4ad03c319e92?s=96&r=g","contentUrl":"https:\/\/secure.gravatar.com\/avatar\/743d4df28eebf6dcc46b4ad03c319e92?s=96&r=g","caption":"Juliano Passaro"},"description":"Juliano Passaro escreve sobre pol\u00edtica, economia e neg\u00f3cios para o portal da Suno Research. Antes da Suno, trabalhou no Portal da Band. \u00c9 formado em jornalismo pela Universidade Presbiteriana Mackenzie.","url":"https:\/\/www.suno.com.br\/noticias\/author\/juliano\/"}]}},"default_loop_html":"<div class=\"cardsPage__listCard__boxs\"><div class=\"cardsPage__listCard__boxs__img\"><a href=\"https:\/\/www.suno.com.br\/noticias\/agenda-do-dia-petrobras-camil-vivara-dimed-banco-bv-pagseguro\/\"><img class=\"mask\" src=\"https:\/\/www.suno.com.br\/noticias\/wp-content\/themes\/suno\/resources\/images\/spotlight\/spotlight1img\/bg-mask.png\" alt=\"Image Mask\"\/><img src=\"https:\/\/files.sunoresearch.com.br\/n\/uploads\/2020\/03\/3ec98940-763e4ad5-petrobras-400x200.webp\" alt=\"Agenda do Dia: Petrobras; Camil; Vivara; Banco BV; PagSeguro; Dimed\"\/><\/a><span class=\"spotlightCategory\"><a href=\"https:\/\/www.suno.com.br\/noticias\/negocios\/\">Neg\u00f3cios<\/a><\/span><\/div><div class=\"cardsPage__listCard__boxs__content\"><a href=\"https:\/\/www.suno.com.br\/noticias\/agenda-do-dia-petrobras-camil-vivara-dimed-banco-bv-pagseguro\/\"><h2 class=\"content__title\">Agenda do Dia: Petrobras; Camil; Vivara; Banco BV; PagSeguro; Dimed<\/h2><\/a><div class=\"newsContent__article__meta\"><div class=\"newsContent__article__meta__authorBox\"><a href=\"https:\/\/www.suno.com.br\/noticias\/author\/juliano\/\" class=\"authorBox__avatar noMobi\"><img src=\"https:\/\/files.sunoresearch.com.br\/n\/uploads\/2019\/06\/7cc3efea-whatsapp-image-2019-07-18-at-21.59.33-e1563499821209-150x150.webp\" alt=\"Juliano Passaro\"><\/a><div class=\"authorBox__name\"><span>por\n\t\t\t<a href=\"https:\/\/www.suno.com.br\/noticias\/author\/juliano\/\"><span itemprop=\"author\">Juliano Passaro<\/span><\/a><\/span><time datetime=\"2020-08-28T09:05:20-03:00\" itemprop=\"datePublished\">28\/08\/2020 09:05<\/time><\/div><\/div><\/div><\/div><\/div>","single_layout":"posts","amp_enabled":true,"_links":{"self":[{"href":"https:\/\/www.suno.com.br\/noticias\/wp-json\/wp\/v2\/posts\/81195"}],"collection":[{"href":"https:\/\/www.suno.com.br\/noticias\/wp-json\/wp\/v2\/posts"}],"about":[{"href":"https:\/\/www.suno.com.br\/noticias\/wp-json\/wp\/v2\/types\/post"}],"author":[{"embeddable":true,"href":"https:\/\/www.suno.com.br\/noticias\/wp-json\/wp\/v2\/users\/19"}],"replies":[{"embeddable":true,"href":"https:\/\/www.suno.com.br\/noticias\/wp-json\/wp\/v2\/comments?post=81195"}],"version-history":[{"count":1,"href":"https:\/\/www.suno.com.br\/noticias\/wp-json\/wp\/v2\/posts\/81195\/revisions"}],"predecessor-version":[{"id":157530,"href":"https:\/\/www.suno.com.br\/noticias\/wp-json\/wp\/v2\/posts\/81195\/revisions\/157530"}],"wp:featuredmedia":[{"embeddable":true,"href":"https:\/\/www.suno.com.br\/noticias\/wp-json\/wp\/v2\/media\/57627"}],"wp:attachment":[{"href":"https:\/\/www.suno.com.br\/noticias\/wp-json\/wp\/v2\/media?parent=81195"}],"wp:term":[{"taxonomy":"category","embeddable":true,"href":"https:\/\/www.suno.com.br\/noticias\/wp-json\/wp\/v2\/categories?post=81195"},{"taxonomy":"post_tag","embeddable":true,"href":"https:\/\/www.suno.com.br\/noticias\/wp-json\/wp\/v2\/tags?post=81195"},{"taxonomy":"suno_strategy","embeddable":true,"href":"https:\/\/www.suno.com.br\/noticias\/wp-json\/wp\/v2\/suno_strategy?post=81195"}],"curies":[{"name":"wp","href":"https:\/\/api.w.org\/{rel}","templated":true}]}}