{"id":81189,"date":"2020-08-28T08:19:25","date_gmt":"2020-08-28T11:19:25","guid":{"rendered":"https:\/\/www.suno.com.br\/noticias\/?p=81189"},"modified":"2020-08-28T08:19:25","modified_gmt":"2020-08-28T11:19:25","slug":"fed-meta-de-inflacao-juros-baixos","status":"publish","type":"post","link":"https:\/\/www.suno.com.br\/noticias\/fed-meta-de-inflacao-juros-baixos\/","title":{"rendered":"Fed n\u00e3o deve elevar juros mesmo com infla\u00e7\u00e3o acima da meta, diz Powell"},"content":{"rendered":"<p>O <a href=\"https:\/\/www.suno.com.br\/artigos\/fed\/\">Federal Reserve (<strong>Fed<\/strong>)<\/a>, Banco Central dos Estados Unidos, definiu uma meta de infla\u00e7\u00e3o m\u00e9dia de 2% ao longo do tempo, e, ao contr\u00e1rio do que fez nas \u00faltimas d\u00e9cadas, n\u00e3o deve elevar as taxas de juros para conter o aumento dos pre\u00e7os. De acordo com <a href=\"https:\/\/www.suno.com.br\/tudo-sobre\/jerome-powell\/\">Jerome Powell<\/a>, presidente do Fed, em seu discurso no simp\u00f3sio econ\u00f4mico de Jackson Hole desta semana, a autoridade monet\u00e1ria deve permitir que a infla\u00e7\u00e3o suba &#8220;moderadamente&#8221; acima da meta por algum tempo, ap\u00f3s ter ficado abaixo da meta por anos a fio.<\/p>\t<div class=\"wrapper-featured-image\">\n\t\t<figure class=\"spotlightImg\">\n\n\t\t\t<picture>\n\t\t\t\t<source media=\"(max-width: 768px)\" srcset=\"https:\/\/files.sunoresearch.com.br\/n\/uploads\/2020\/08\/9fe07fd4-jerome-powell-fed-400x200.webp\">\n\t\t\t\t<img loading=\"lazy\" decoding=\"async\" class=\"newsContent__article__imgCapa lazyloadDisabled \" src=\"https:\/\/files.sunoresearch.com.br\/n\/uploads\/2020\/08\/9fe07fd4-jerome-powell-fed-800x450.webp\" width=\"800\" height=\"450\" alt=\"Fed n\u00e3o deve elevar juros mesmo com infla\u00e7\u00e3o acima da meta, diz Powell\" fetchpriority=high \/>\n\t\t\t<\/picture>\n\n\t\t\t<figcaption class=\"wp-caption-text wp-caption-text--show\">Jerome Powell, presidente do FED.<\/figcaption>\n\t\t<\/figure>\n\t<\/div>\n\n\n<div class=\"hubspot-form-wrapper\">\n\t<div id=\"single-form-target\"><\/div>\n<\/div>\n\n<p>As mudan\u00e7as anunciadas por Powell foram levantadas \u00e0 medidas que o Fed observou que a <a href=\"https:\/\/www.suno.com.br\/artigos\/inflacao\/\"><strong>infla\u00e7\u00e3o<\/strong> <\/a>n\u00e3o subiu como o desejado nos \u00faltimos anos, ao passo que o pa\u00eds apresentava um pleno emprego antes da pandemia do <a href=\"https:\/\/www.suno.com.br\/noticias\/?s=coronav%C3%ADrus\">novo coronav\u00edrus (Covid-19)<\/a>. &#8220;\u201cIsso reflete nossa vis\u00e3o de que um mercado de trabalho robusto pode ser sustentado sem causar um surto de infla\u00e7\u00e3o\u201d, afirmou Powell.<\/p>\n<p>O movimento de paralisa\u00e7\u00e3o da tend\u00eancia da eleva\u00e7\u00e3o dos juros em momentos de alta de infla\u00e7\u00e3o mostra-se ser uma das medidas mais ambiciosas das defini\u00e7\u00f5es de <strong>pol\u00edtica monet\u00e1ria<\/strong>, implementadas pela primeira vez pelo BC estadunidense em 2012. Desde o in\u00edcio de 2019, o Fed abandonou o planejamento de continuar subindo os juros &#8212; estimulado pela constante preocupa\u00e7\u00e3o dos BCs mundiais pela dificuldade em gerar <strong>crescimento econ\u00f4mico<\/strong> com as taxas de juros j\u00e1 muito baixas, e por vezes negativas.<\/p>\n<p><a href=\"https:\/\/lp.suno.com.br\/suno-one\/\">No Suno One voc\u00ea aprende a fazer seu dinheiro trabalhar para voc\u00ea. Cadastre-se gratuitamente agora!<\/a><\/p>\n<p>\u00c0 vista dos efeitos da pandemia na economia dos Estados Unidos, o Fed cortou sua<a href=\"https:\/\/www.suno.com.br\/artigos\/taxa-de-juros\/\"> taxa de juros<\/a> de refer\u00eancia por duas vezes em mar\u00e7o deste ano, trazendo-a, por fim, at\u00e9 a banda de 0% e 0,25%. Al\u00e9m disso, o BC norte-americano intensificou suas compras de ativos governamentais para estabilizar os mercados.<\/p>\n<h2>Fed decide por n\u00e3o elevar taxas de juros, mesmo com infla\u00e7\u00e3o acima da meta<\/h2>\n<p>Durante d\u00e9cadas, a autoridade monet\u00e1ria central dos Estados Unidos justificou o aumento dos <strong>juros<\/strong> com o alerta de que esperar muito para tomar essa decis\u00e3o pode provocar uma forte alta nos pre\u00e7os, sobretudo em per\u00edodos em que a taxa de desemprego mostrava-se mais baixa dos que n\u00edveis considerados neutros.<\/p>\n<p>Em novo comunicado, no entanto, o Fed sinalizou que n\u00e3o deve elevar as taxas de juros somente pela expectativa de que a infla\u00e7\u00e3o suba, mas tender\u00e1 a aguardar para constatar as evid\u00eancias que de a infla\u00e7\u00e3o fique por volta da meta de 2%.<\/p>\n\t<div data-element=\"shortcode-read-more\" class=\"knowMore\">\n\t\t\t\t<span class=\"knowMore__title\">Veja tamb\u00e9m<\/span>\n\t\t\t\t<a class=\"knowMore__link\" href=\"https:\/\/www.suno.com.br\/noticias\/fed-recuperacao-emprego-eua-levara-alguns-anos-diz-powell\/\">\n\t\t\tFed: Recupera\u00e7\u00e3o do emprego nos EUA levar\u00e1 alguns anos, diz Powell\t\t<\/a>\n\t<\/div>\n\n\n<p>Por mais que, em termos nominais, o Fed n\u00e3o tenha alterado sua meta de infla\u00e7\u00e3o, pontuou que caso a infla\u00e7\u00e3o fique abaixo dos 2% ap\u00f3s per\u00edodos de crise econ\u00f4mica, ir\u00e1 procurar manter as expectativas de infla\u00e7\u00e3o de longo prazo est\u00e1veis, com uma infla\u00e7\u00e3o acima de 2% em momentos de economia mais forte.<\/p>\n<p>\u201cO Comit\u00ea busca atingir uma infla\u00e7\u00e3o m\u00e9dia de 2% ao longo do tempo e, portanto, julga que, ap\u00f3s per\u00edodos em que a infla\u00e7\u00e3o tenha persistido abaixo de 2%, a pol\u00edtica monet\u00e1ria adequada provavelmente ter\u00e1 como objetivo atingir uma infla\u00e7\u00e3o imediatamente acima de 2% por algum tempo\u201d, segundo a o Fed.<\/p>\n<p>Powell, entrentanto, deixa a &#8220;porta aberta&#8221; diz que o <strong>Fed<\/strong> &#8220;n\u00e3o estava se amarrando a uma f\u00f3rmula matem\u00e1tica espec\u00edfica que define a m\u00e9dia&#8221; da infla\u00e7\u00e3o, chamando a nova mudan\u00e7a como uma &#8220;forma flex\u00edvel de metas de infla\u00e7\u00e3o m\u00e9dia&#8221;.<\/p>\n\t<p>\n\t\t<a href=\"https:\/\/lp.suno.com.br\/planilha-de-controle-de-investimentos\/\" target=\"_blank\" data-element=\"shortcode-suno-banner\" title=\"Banner SUNO, clique e saiba mais\">\n\t\t\t<picture>\n\t\t\t\t<source media=\"(max-width: 500px)\" srcset=\"https:\/\/files.sunoresearch.com.br\/n\/uploads\/2023\/03\/400x300-Controle-de-Investimentos.png\">\n\t\t\t\t<img class=\"newsContent__article__imgCapa newsContent__article__imgCapa--banner\"\n\t\t\t\t\tsrc=\"https:\/\/files.sunoresearch.com.br\/n\/uploads\/2023\/03\/1420x240-Controle-de-Investimentos.png\"\n\t\t\t\t\tdata-promo-id=\"75934\"\t\t\t\t\t\t\t\t\t\twidth='1420' height='240'\t\t\t\t\talt=\"https:\/\/files.sunoresearch.com.br\/n\/uploads\/2023\/03\/1420x240-Controle-de-Investimentos.png\"\n\t\t\t\t>\n\t\t\t<\/picture>\n\t\t<\/a>\n\t<\/p>\n\n\n","protected":false},"excerpt":{"rendered":"<p>O Federal Reserve (Fed), Banco Central dos Estados Unidos, definiu uma meta de infla\u00e7\u00e3o m\u00e9dia de 2% ao longo do tempo, e, ao contr\u00e1rio do que fez nas \u00faltimas d\u00e9cadas, n\u00e3o deve elevar as taxas de juros para conter o aumento dos pre\u00e7os. De acordo com Jerome Powell, presidente do Fed, em seu discurso no [&hellip;]<\/p>\n","protected":false},"author":24,"featured_media":81197,"comment_status":"closed","ping_status":"closed","sticky":false,"template":"","format":"standard","meta":[],"categories":[63],"tags":[776,850,1752],"suno_strategy":[],"class_list":["post-81189","post","type-post","status-publish","format-standard","has-post-thumbnail","hentry","category-internacional","tag-federal-reseve-fed","tag-inflacao","tag-taxa-de-juros"],"yoast_head":"<!-- This site is optimized with the Yoast SEO plugin v24.4 - https:\/\/yoast.com\/wordpress\/plugins\/seo\/ -->\n<title>Fed n\u00e3o deve elevar juros mesmo com infla\u00e7\u00e3o acima da meta, diz Powell<\/title>\n<meta name=\"description\" content=\"O Fed definiu uma meta de infla\u00e7\u00e3o de 2% ao longo do tempo, e n\u00e3o deve elevar as taxas de juros para conter o aumento dos pre\u00e7os. Saiba mais.\" \/>\n<meta name=\"robots\" content=\"index, follow, max-snippet:-1, max-image-preview:large, max-video-preview:-1\" \/>\n<link rel=\"canonical\" href=\"https:\/\/www.suno.com.br\/noticias\/fed-meta-de-inflacao-juros-baixos\/\" \/>\n<meta property=\"og:locale\" content=\"pt_BR\" \/>\n<meta property=\"og:type\" content=\"article\" \/>\n<meta property=\"og:title\" content=\"Fed n\u00e3o deve elevar juros mesmo com infla\u00e7\u00e3o acima da meta, diz Powell\" \/>\n<meta property=\"og:description\" content=\"O Fed definiu uma meta de infla\u00e7\u00e3o de 2% ao longo do tempo, e n\u00e3o deve elevar as taxas de juros para conter o aumento dos pre\u00e7os. Saiba mais.\" \/>\n<meta property=\"og:url\" content=\"https:\/\/www.suno.com.br\/noticias\/fed-meta-de-inflacao-juros-baixos\/\" \/>\n<meta property=\"og:site_name\" content=\"Suno Not\u00edcias\" \/>\n<meta property=\"article:publisher\" content=\"https:\/\/facebook.com\/sunoresearch\" \/>\n<meta property=\"og:image\" content=\"https:\/\/files.sunoresearch.com.br\/n\/uploads\/2020\/08\/9fe07fd4-jerome-powell-fed.jpg\" \/>\n\t<meta property=\"og:image:width\" content=\"1200\" \/>\n\t<meta property=\"og:image:height\" content=\"800\" \/>\n\t<meta property=\"og:image:type\" content=\"image\/jpeg\" \/>\n<meta name=\"author\" content=\"Jader Lazarini\" \/>\n<meta name=\"twitter:card\" content=\"summary_large_image\" \/>\n<meta name=\"twitter:creator\" content=\"@sunoresearch\" \/>\n<meta name=\"twitter:site\" content=\"@sunoresearch\" \/>\n<meta name=\"twitter:label1\" content=\"Escrito por\" \/>\n\t<meta name=\"twitter:data1\" content=\"Jader Lazarini\" \/>\n\t<meta name=\"twitter:label2\" content=\"Est. tempo de leitura\" \/>\n\t<meta name=\"twitter:data2\" content=\"3 minutos\" \/>\n<script type=\"application\/ld+json\" class=\"yoast-schema-graph\">{\"@context\":\"https:\/\/schema.org\",\"@graph\":[{\"@type\":\"NewsArticle\",\"@id\":\"https:\/\/www.suno.com.br\/noticias\/fed-meta-de-inflacao-juros-baixos\/#article\",\"isPartOf\":{\"@id\":\"https:\/\/www.suno.com.br\/noticias\/fed-meta-de-inflacao-juros-baixos\/\"},\"author\":{\"name\":\"Jader Lazarini\",\"@id\":\"https:\/\/www.suno.com.br\/noticias\/#\/schema\/person\/918d79de1f0281f01599b93f9ea6e23f\"},\"headline\":\"Fed n\u00e3o deve elevar juros mesmo com infla\u00e7\u00e3o acima da meta, diz Powell\",\"datePublished\":\"2020-08-28T11:19:25+00:00\",\"mainEntityOfPage\":{\"@id\":\"https:\/\/www.suno.com.br\/noticias\/fed-meta-de-inflacao-juros-baixos\/\"},\"wordCount\":637,\"publisher\":{\"@id\":\"https:\/\/www.suno.com.br\/noticias\/#organization\"},\"image\":{\"@id\":\"https:\/\/www.suno.com.br\/noticias\/fed-meta-de-inflacao-juros-baixos\/#primaryimage\"},\"thumbnailUrl\":\"https:\/\/files.sunoresearch.com.br\/n\/uploads\/2020\/08\/9fe07fd4-jerome-powell-fed-jpg.webp\",\"keywords\":[\"Federal Reserve (FED)\",\"infla\u00e7\u00e3o\",\"taxa de juros\"],\"articleSection\":[\"Internacional\"],\"inLanguage\":\"pt-BR\"},{\"@type\":\"WebPage\",\"@id\":\"https:\/\/www.suno.com.br\/noticias\/fed-meta-de-inflacao-juros-baixos\/\",\"url\":\"https:\/\/www.suno.com.br\/noticias\/fed-meta-de-inflacao-juros-baixos\/\",\"name\":\"Fed n\u00e3o deve elevar juros mesmo com infla\u00e7\u00e3o acima da meta, diz Powell\",\"isPartOf\":{\"@id\":\"https:\/\/www.suno.com.br\/noticias\/#website\"},\"primaryImageOfPage\":{\"@id\":\"https:\/\/www.suno.com.br\/noticias\/fed-meta-de-inflacao-juros-baixos\/#primaryimage\"},\"image\":{\"@id\":\"https:\/\/www.suno.com.br\/noticias\/fed-meta-de-inflacao-juros-baixos\/#primaryimage\"},\"thumbnailUrl\":\"https:\/\/files.sunoresearch.com.br\/n\/uploads\/2020\/08\/9fe07fd4-jerome-powell-fed-jpg.webp\",\"datePublished\":\"2020-08-28T11:19:25+00:00\",\"description\":\"O Fed definiu uma meta de infla\u00e7\u00e3o de 2% ao longo do tempo, e n\u00e3o deve elevar as taxas de juros para conter o aumento dos pre\u00e7os. Saiba mais.\",\"breadcrumb\":{\"@id\":\"https:\/\/www.suno.com.br\/noticias\/fed-meta-de-inflacao-juros-baixos\/#breadcrumb\"},\"inLanguage\":\"pt-BR\",\"potentialAction\":[{\"@type\":\"ReadAction\",\"target\":[\"https:\/\/www.suno.com.br\/noticias\/fed-meta-de-inflacao-juros-baixos\/\"]}]},{\"@type\":\"ImageObject\",\"inLanguage\":\"pt-BR\",\"@id\":\"https:\/\/www.suno.com.br\/noticias\/fed-meta-de-inflacao-juros-baixos\/#primaryimage\",\"url\":\"https:\/\/files.sunoresearch.com.br\/n\/uploads\/2020\/08\/9fe07fd4-jerome-powell-fed-jpg.webp\",\"contentUrl\":\"https:\/\/files.sunoresearch.com.br\/n\/uploads\/2020\/08\/9fe07fd4-jerome-powell-fed-jpg.webp\",\"width\":1200,\"height\":800,\"caption\":\"Jerome Powell, presidente do FED.\"},{\"@type\":\"BreadcrumbList\",\"@id\":\"https:\/\/www.suno.com.br\/noticias\/fed-meta-de-inflacao-juros-baixos\/#breadcrumb\",\"itemListElement\":[{\"@type\":\"ListItem\",\"position\":1,\"name\":\"Not\u00edcias\",\"item\":\"https:\/\/www.suno.com.br\/noticias\/\"},{\"@type\":\"ListItem\",\"position\":2,\"name\":\"Internacional\",\"item\":\"https:\/\/www.suno.com.br\/noticias\/internacional\/\"},{\"@type\":\"ListItem\",\"position\":3,\"name\":\"Fed n\u00e3o deve elevar juros mesmo com infla\u00e7\u00e3o acima da meta, diz Powell\"}]},{\"@type\":\"WebSite\",\"@id\":\"https:\/\/www.suno.com.br\/noticias\/#website\",\"url\":\"https:\/\/www.suno.com.br\/noticias\/\",\"name\":\"Suno Not\u00edcias\",\"description\":\"Seu portal de informa\u00e7\u00e3o sobre o mundo dos investimentos\",\"publisher\":{\"@id\":\"https:\/\/www.suno.com.br\/noticias\/#organization\"},\"potentialAction\":[{\"@type\":\"SearchAction\",\"target\":{\"@type\":\"EntryPoint\",\"urlTemplate\":\"https:\/\/www.suno.com.br\/noticias\/?s={search_term_string}\"},\"query-input\":{\"@type\":\"PropertyValueSpecification\",\"valueRequired\":true,\"valueName\":\"search_term_string\"}}],\"inLanguage\":\"pt-BR\"},{\"@type\":\"Organization\",\"@id\":\"https:\/\/www.suno.com.br\/noticias\/#organization\",\"name\":\"Suno Not\u00edcias\",\"url\":\"https:\/\/www.suno.com.br\/noticias\/\",\"logo\":{\"@type\":\"ImageObject\",\"inLanguage\":\"pt-BR\",\"@id\":\"https:\/\/www.suno.com.br\/noticias\/#\/schema\/logo\/image\/\",\"url\":\"https:\/\/files.sunoresearch.com.br\/n\/uploads\/2021\/09\/suno-logo.png\",\"contentUrl\":\"https:\/\/files.sunoresearch.com.br\/n\/uploads\/2021\/09\/suno-logo.png\",\"width\":180,\"height\":180,\"caption\":\"Suno Not\u00edcias\"},\"image\":{\"@id\":\"https:\/\/www.suno.com.br\/noticias\/#\/schema\/logo\/image\/\"},\"sameAs\":[\"https:\/\/facebook.com\/sunoresearch\",\"https:\/\/x.com\/sunoresearch\",\"https:\/\/www.instagram.com\/suno\",\"https:\/\/www.linkedin.com\/company\/suno-research\/\",\"https:\/\/www.youtube.com\/c\/sunoresearch\"]},{\"@type\":\"Person\",\"@id\":\"https:\/\/www.suno.com.br\/noticias\/#\/schema\/person\/918d79de1f0281f01599b93f9ea6e23f\",\"name\":\"Jader Lazarini\",\"image\":{\"@type\":\"ImageObject\",\"inLanguage\":\"pt-BR\",\"@id\":\"https:\/\/www.suno.com.br\/noticias\/#\/schema\/person\/image\/\",\"url\":\"https:\/\/secure.gravatar.com\/avatar\/3c1ad8caa51589841baeb923fcddea97?s=96&r=g\",\"contentUrl\":\"https:\/\/secure.gravatar.com\/avatar\/3c1ad8caa51589841baeb923fcddea97?s=96&r=g\",\"caption\":\"Jader Lazarini\"},\"description\":\"Jader Lazarini escreve sobre investimentos, finan\u00e7as, economia e neg\u00f3cios. \u00c9 bacharel em Rela\u00e7\u00f5es Internacionais e analista CNPI (2619).\",\"url\":\"https:\/\/www.suno.com.br\/noticias\/author\/jader-lazarini\/\"}]}<\/script>\n<!-- \/ Yoast SEO plugin. -->","yoast_head_json":{"title":"Fed n\u00e3o deve elevar juros mesmo com infla\u00e7\u00e3o acima da meta, diz Powell","description":"O Fed definiu uma meta de infla\u00e7\u00e3o de 2% ao longo do tempo, e n\u00e3o deve elevar as taxas de juros para conter o aumento dos pre\u00e7os. Saiba mais.","robots":{"index":"index","follow":"follow","max-snippet":"max-snippet:-1","max-image-preview":"max-image-preview:large","max-video-preview":"max-video-preview:-1"},"canonical":"https:\/\/www.suno.com.br\/noticias\/fed-meta-de-inflacao-juros-baixos\/","og_locale":"pt_BR","og_type":"article","og_title":"Fed n\u00e3o deve elevar juros mesmo com infla\u00e7\u00e3o acima da meta, diz Powell","og_description":"O Fed definiu uma meta de infla\u00e7\u00e3o de 2% ao longo do tempo, e n\u00e3o deve elevar as taxas de juros para conter o aumento dos pre\u00e7os. Saiba mais.","og_url":"https:\/\/www.suno.com.br\/noticias\/fed-meta-de-inflacao-juros-baixos\/","og_site_name":"Suno Not\u00edcias","article_publisher":"https:\/\/facebook.com\/sunoresearch","og_image":[{"width":1200,"height":800,"url":"https:\/\/files.sunoresearch.com.br\/n\/uploads\/2020\/08\/9fe07fd4-jerome-powell-fed.jpg","type":"image\/jpeg"}],"author":"Jader Lazarini","twitter_card":"summary_large_image","twitter_creator":"@sunoresearch","twitter_site":"@sunoresearch","twitter_misc":{"Escrito por":"Jader Lazarini","Est. tempo de leitura":"3 minutos"},"schema":{"@context":"https:\/\/schema.org","@graph":[{"@type":"NewsArticle","@id":"https:\/\/www.suno.com.br\/noticias\/fed-meta-de-inflacao-juros-baixos\/#article","isPartOf":{"@id":"https:\/\/www.suno.com.br\/noticias\/fed-meta-de-inflacao-juros-baixos\/"},"author":{"name":"Jader Lazarini","@id":"https:\/\/www.suno.com.br\/noticias\/#\/schema\/person\/918d79de1f0281f01599b93f9ea6e23f"},"headline":"Fed n\u00e3o deve elevar juros mesmo com infla\u00e7\u00e3o acima da meta, diz Powell","datePublished":"2020-08-28T11:19:25+00:00","mainEntityOfPage":{"@id":"https:\/\/www.suno.com.br\/noticias\/fed-meta-de-inflacao-juros-baixos\/"},"wordCount":637,"publisher":{"@id":"https:\/\/www.suno.com.br\/noticias\/#organization"},"image":{"@id":"https:\/\/www.suno.com.br\/noticias\/fed-meta-de-inflacao-juros-baixos\/#primaryimage"},"thumbnailUrl":"https:\/\/files.sunoresearch.com.br\/n\/uploads\/2020\/08\/9fe07fd4-jerome-powell-fed-jpg.webp","keywords":["Federal Reserve (FED)","infla\u00e7\u00e3o","taxa de juros"],"articleSection":["Internacional"],"inLanguage":"pt-BR"},{"@type":"WebPage","@id":"https:\/\/www.suno.com.br\/noticias\/fed-meta-de-inflacao-juros-baixos\/","url":"https:\/\/www.suno.com.br\/noticias\/fed-meta-de-inflacao-juros-baixos\/","name":"Fed n\u00e3o deve elevar juros mesmo com infla\u00e7\u00e3o acima da meta, diz Powell","isPartOf":{"@id":"https:\/\/www.suno.com.br\/noticias\/#website"},"primaryImageOfPage":{"@id":"https:\/\/www.suno.com.br\/noticias\/fed-meta-de-inflacao-juros-baixos\/#primaryimage"},"image":{"@id":"https:\/\/www.suno.com.br\/noticias\/fed-meta-de-inflacao-juros-baixos\/#primaryimage"},"thumbnailUrl":"https:\/\/files.sunoresearch.com.br\/n\/uploads\/2020\/08\/9fe07fd4-jerome-powell-fed-jpg.webp","datePublished":"2020-08-28T11:19:25+00:00","description":"O Fed definiu uma meta de infla\u00e7\u00e3o de 2% ao longo do tempo, e n\u00e3o deve elevar as taxas de juros para conter o aumento dos pre\u00e7os. Saiba mais.","breadcrumb":{"@id":"https:\/\/www.suno.com.br\/noticias\/fed-meta-de-inflacao-juros-baixos\/#breadcrumb"},"inLanguage":"pt-BR","potentialAction":[{"@type":"ReadAction","target":["https:\/\/www.suno.com.br\/noticias\/fed-meta-de-inflacao-juros-baixos\/"]}]},{"@type":"ImageObject","inLanguage":"pt-BR","@id":"https:\/\/www.suno.com.br\/noticias\/fed-meta-de-inflacao-juros-baixos\/#primaryimage","url":"https:\/\/files.sunoresearch.com.br\/n\/uploads\/2020\/08\/9fe07fd4-jerome-powell-fed-jpg.webp","contentUrl":"https:\/\/files.sunoresearch.com.br\/n\/uploads\/2020\/08\/9fe07fd4-jerome-powell-fed-jpg.webp","width":1200,"height":800,"caption":"Jerome Powell, presidente do FED."},{"@type":"BreadcrumbList","@id":"https:\/\/www.suno.com.br\/noticias\/fed-meta-de-inflacao-juros-baixos\/#breadcrumb","itemListElement":[{"@type":"ListItem","position":1,"name":"Not\u00edcias","item":"https:\/\/www.suno.com.br\/noticias\/"},{"@type":"ListItem","position":2,"name":"Internacional","item":"https:\/\/www.suno.com.br\/noticias\/internacional\/"},{"@type":"ListItem","position":3,"name":"Fed n\u00e3o deve elevar juros mesmo com infla\u00e7\u00e3o acima da meta, diz Powell"}]},{"@type":"WebSite","@id":"https:\/\/www.suno.com.br\/noticias\/#website","url":"https:\/\/www.suno.com.br\/noticias\/","name":"Suno Not\u00edcias","description":"Seu portal de informa\u00e7\u00e3o sobre o mundo dos investimentos","publisher":{"@id":"https:\/\/www.suno.com.br\/noticias\/#organization"},"potentialAction":[{"@type":"SearchAction","target":{"@type":"EntryPoint","urlTemplate":"https:\/\/www.suno.com.br\/noticias\/?s={search_term_string}"},"query-input":{"@type":"PropertyValueSpecification","valueRequired":true,"valueName":"search_term_string"}}],"inLanguage":"pt-BR"},{"@type":"Organization","@id":"https:\/\/www.suno.com.br\/noticias\/#organization","name":"Suno Not\u00edcias","url":"https:\/\/www.suno.com.br\/noticias\/","logo":{"@type":"ImageObject","inLanguage":"pt-BR","@id":"https:\/\/www.suno.com.br\/noticias\/#\/schema\/logo\/image\/","url":"https:\/\/files.sunoresearch.com.br\/n\/uploads\/2021\/09\/suno-logo.png","contentUrl":"https:\/\/files.sunoresearch.com.br\/n\/uploads\/2021\/09\/suno-logo.png","width":180,"height":180,"caption":"Suno Not\u00edcias"},"image":{"@id":"https:\/\/www.suno.com.br\/noticias\/#\/schema\/logo\/image\/"},"sameAs":["https:\/\/facebook.com\/sunoresearch","https:\/\/x.com\/sunoresearch","https:\/\/www.instagram.com\/suno","https:\/\/www.linkedin.com\/company\/suno-research\/","https:\/\/www.youtube.com\/c\/sunoresearch"]},{"@type":"Person","@id":"https:\/\/www.suno.com.br\/noticias\/#\/schema\/person\/918d79de1f0281f01599b93f9ea6e23f","name":"Jader Lazarini","image":{"@type":"ImageObject","inLanguage":"pt-BR","@id":"https:\/\/www.suno.com.br\/noticias\/#\/schema\/person\/image\/","url":"https:\/\/secure.gravatar.com\/avatar\/3c1ad8caa51589841baeb923fcddea97?s=96&r=g","contentUrl":"https:\/\/secure.gravatar.com\/avatar\/3c1ad8caa51589841baeb923fcddea97?s=96&r=g","caption":"Jader Lazarini"},"description":"Jader Lazarini escreve sobre investimentos, finan\u00e7as, economia e neg\u00f3cios. \u00c9 bacharel em Rela\u00e7\u00f5es Internacionais e analista CNPI (2619).","url":"https:\/\/www.suno.com.br\/noticias\/author\/jader-lazarini\/"}]}},"default_loop_html":"<div class=\"cardsPage__listCard__boxs\"><div class=\"cardsPage__listCard__boxs__img\"><a href=\"https:\/\/www.suno.com.br\/noticias\/fed-meta-de-inflacao-juros-baixos\/\"><img class=\"mask\" src=\"https:\/\/www.suno.com.br\/noticias\/wp-content\/themes\/suno\/resources\/images\/spotlight\/spotlight1img\/bg-mask.png\" alt=\"Image Mask\"\/><img src=\"https:\/\/files.sunoresearch.com.br\/n\/uploads\/2020\/08\/9fe07fd4-jerome-powell-fed-400x200.webp\" alt=\"Fed n\u00e3o deve elevar juros mesmo com infla\u00e7\u00e3o acima da meta, diz Powell\"\/><\/a><span class=\"spotlightCategory\"><a href=\"https:\/\/www.suno.com.br\/noticias\/internacional\/\">Internacional<\/a><\/span><\/div><div class=\"cardsPage__listCard__boxs__content\"><a href=\"https:\/\/www.suno.com.br\/noticias\/fed-meta-de-inflacao-juros-baixos\/\"><h2 class=\"content__title\">Fed n\u00e3o deve elevar juros mesmo com infla\u00e7\u00e3o acima da meta, diz Powell<\/h2><\/a><div class=\"newsContent__article__meta\"><div class=\"newsContent__article__meta__authorBox\"><a href=\"https:\/\/www.suno.com.br\/noticias\/author\/jader-lazarini\/\" class=\"authorBox__avatar noMobi\"><img src=\"https:\/\/files.sunoresearch.com.br\/n\/uploads\/2021\/01\/178e6598-foto-perfil-2-150x150.jpg\" alt=\"Jader Lazarini\"><\/a><div class=\"authorBox__name\"><span>por\n\t\t\t<a href=\"https:\/\/www.suno.com.br\/noticias\/author\/jader-lazarini\/\"><span itemprop=\"author\">Jader Lazarini<\/span><\/a><\/span><time datetime=\"2020-08-28T08:19:25-03:00\" itemprop=\"datePublished\">28\/08\/2020 08:19<\/time><\/div><\/div><\/div><\/div><\/div>","single_layout":"posts","amp_enabled":true,"_links":{"self":[{"href":"https:\/\/www.suno.com.br\/noticias\/wp-json\/wp\/v2\/posts\/81189"}],"collection":[{"href":"https:\/\/www.suno.com.br\/noticias\/wp-json\/wp\/v2\/posts"}],"about":[{"href":"https:\/\/www.suno.com.br\/noticias\/wp-json\/wp\/v2\/types\/post"}],"author":[{"embeddable":true,"href":"https:\/\/www.suno.com.br\/noticias\/wp-json\/wp\/v2\/users\/24"}],"replies":[{"embeddable":true,"href":"https:\/\/www.suno.com.br\/noticias\/wp-json\/wp\/v2\/comments?post=81189"}],"version-history":[{"count":0,"href":"https:\/\/www.suno.com.br\/noticias\/wp-json\/wp\/v2\/posts\/81189\/revisions"}],"wp:featuredmedia":[{"embeddable":true,"href":"https:\/\/www.suno.com.br\/noticias\/wp-json\/wp\/v2\/media\/81197"}],"wp:attachment":[{"href":"https:\/\/www.suno.com.br\/noticias\/wp-json\/wp\/v2\/media?parent=81189"}],"wp:term":[{"taxonomy":"category","embeddable":true,"href":"https:\/\/www.suno.com.br\/noticias\/wp-json\/wp\/v2\/categories?post=81189"},{"taxonomy":"post_tag","embeddable":true,"href":"https:\/\/www.suno.com.br\/noticias\/wp-json\/wp\/v2\/tags?post=81189"},{"taxonomy":"suno_strategy","embeddable":true,"href":"https:\/\/www.suno.com.br\/noticias\/wp-json\/wp\/v2\/suno_strategy?post=81189"}],"curies":[{"name":"wp","href":"https:\/\/api.w.org\/{rel}","templated":true}]}}