{"id":8115,"date":"2018-12-07T19:06:44","date_gmt":"2018-12-07T21:06:44","guid":{"rendered":"https:\/\/www.suno.com.br\/noticias\/?p=8115"},"modified":"2018-12-07T19:14:14","modified_gmt":"2018-12-07T21:14:14","slug":"fechamento-dolar-07122018","status":"publish","type":"post","link":"https:\/\/www.suno.com.br\/noticias\/fechamento-dolar-07122018\/","title":{"rendered":"D\u00f3lar sobe pela quarta vez seguida e \u00e9 cotado a R$ 3,8902"},"content":{"rendered":"<p>O d\u00f3lar comercial teve alta de 0,38% nesta sexta-feira (7). Desta forma, a moeda norte-americana ficou cotada a R$ 3,8902.<\/p>\t<div class=\"wrapper-featured-image\">\n\t\t<figure class=\"spotlightImg\">\n\n\t\t\t<picture>\n\t\t\t\t<source media=\"(max-width: 768px)\" srcset=\"https:\/\/files.sunoresearch.com.br\/n\/uploads\/2018\/12\/1ac81764-d\u00f3lar-1-400x200.webp\">\n\t\t\t\t<img loading=\"lazy\" decoding=\"async\" class=\"newsContent__article__imgCapa lazyloadDisabled newsContent__article__imgCapa--noCaption\" src=\"https:\/\/files.sunoresearch.com.br\/n\/uploads\/2018\/12\/1ac81764-d\u00f3lar-1-800x450.webp\" width=\"800\" height=\"450\" alt=\"D\u00f3lar sobe pela quarta vez seguida e \u00e9 cotado a R$ 3,8902\" fetchpriority=high \/>\n\t\t\t<\/picture>\n\n\t\t\t<figcaption class=\"wp-caption-text wp-caption-text--hide\">Na \u00faltima sess\u00e3o, quinta-feira(20), o d\u00f3lar encerrou em alta de 0,429%, negociado a R$ 5,554.<\/figcaption>\n\t\t<\/figure>\n\t<\/div>\n\n\n<p>\u00c9 o quarto avan\u00e7o seguido da moeda e o maior valor de fechamento desde 26 de novembro (R$ 3,918). Com isso, o d\u00f3lar termina a semana com valoriza\u00e7\u00e3o acumulada de 0,89%, a sexta alta semanal consecutiva.<\/p>\n<p>J\u00e1 o Ibovespa, principal \u00edndice do mercado de a\u00e7\u00f5es brasileiro, encerrou a sess\u00e3o com desvaloriza\u00e7\u00e3o de 0,82% aos 88.115,07 pontos, acompanhando o desempenho negativo das bolsas americanas.<\/p>\n<p><a href=\"https:\/\/www.suno.com.br\/noticias\/fechamento-ibovespa-07122018\/\">Saiba mais: Ibovespa recua -0,82% e chega a 88.115,07 pontos\u00a0<\/a><\/p>\n<p>Durante o dia, o d\u00f3lar atingiu a m\u00e1xima de R$ 3,9208 e a m\u00ednima de R$ 3,8594.<\/p>\n<p>A Bolsa chegou a ganhar f\u00f4lego, pela manh\u00e3, depois que foi divulgado o n\u00famero de novas vagas de trabalho criadas nos EUA em novembro.<\/p>\n<p>O mercado esperava a cria\u00e7\u00e3o de 198 mil postos, mas foram abertos 155 mil, abaixo da expectativa. Segundo os analistas, por causa desse ritmo mais brando, o Federal Reserve (FED), o banco central dos EUA tamb\u00e9m dever\u00e3o elevar os juros de forma mais suave.<\/p>\n<h2>Cen\u00e1rio interno<\/h2>\n<p><strong>Defla\u00e7\u00e3o:<\/strong> O\u00a0Instituto Brasileiro de Geografia e Estat\u00edstica (IBGE) informou que o \u00cdndice Nacional de Pre\u00e7os ao Consumidor Amplo (IPCA) teve varia\u00e7\u00e3o negativa de 0,21% em novembro. A defla\u00e7\u00e3o foi provocada principalmente pela queda nos pre\u00e7os de combust\u00edveis e energia el\u00e9trica.<\/p>\n<p><strong>BRF-Marfrig:<\/strong> A BRF anunciou a venda do controle da argentina QuickFood para a Marfrig por US$ 60 milh\u00f5es. As duas empresas tamb\u00e9m celebraram uma parceria de 5 anos para a produ\u00e7\u00e3o e distribui\u00e7\u00e3o de alimentos produzidos na f\u00e1brica de V\u00e1rzea Grande (MT).<\/p>\n<p><strong>Embraer:<\/strong> A Embraer anunciou que &#8220;tomar\u00e1 todas as medidas judiciais cab\u00edveis para reverter&#8221;a decis\u00e3o da Justi\u00e7a Federal que suspendeu o acordo de fus\u00e3o da companhia com a Boeing. A Justi\u00e7a Federal bloqueou a fus\u00e3o mas n\u00e3o vetou a continua\u00e7\u00e3o das negocia\u00e7\u00f5es.<\/p>\n<h2>Cen\u00e1rio externo<\/h2>\n<p><strong>OPEP:<\/strong> A Organiza\u00e7\u00e3o dos Pa\u00edses Exportadores de Petr\u00f3leo (Opep) e os pa\u00edses aliados, liderados pela R\u00fassia, decidiram reduzir a produ\u00e7\u00e3o de petr\u00f3leo em 1,2 milh\u00e3o de barris di\u00e1rios (mbd) por um per\u00edodo de seis meses a partir de 1\u00ba de janeiro 2019.<\/p>\n<p><strong>EUA:<\/strong> O relat\u00f3rio sobre o mercado de trabalho dos Estados Unidos em novembro mostrou a cria\u00e7\u00e3o de 155 mil vagas de trabalho, abaixo das expectativas do mercado, de 198 mil postos. Os n\u00fameros d\u00e3o for\u00e7a \u00e0 percep\u00e7\u00e3o de que a economia americana come\u00e7a a perder for\u00e7a aumenta as apostas de que o processo de alta de juros do FED ser\u00e1 menos intenso do que o previsto pelo mercado .<\/p>\n<p><strong>Alemanha:<\/strong> A Uni\u00e3o Democrata-Crist\u00e3 (CDU), o partido da chanceler Angela Merkel, elegeu sua nova l\u00edder. Ser\u00e3 Annegret Kramp-Karrenbauer, conhecida como AKK, muito pr\u00f3xima de Merkel. A chanceler deixou a lideran\u00e7a do partido depois de 18 anos ap\u00f3s os resultados negativos do partido nas elei\u00e7\u00f5es regionais nos estados da Baviera e em Hesse.<\/p>\n<p>Na \u00faltima quinta-feira (5), o <strong>d\u00f3lar<\/strong> subiu 0,18%. Desta forma, a moeda norte-americana ficou cotada a R$ 3,875.<\/p>\n<p>&nbsp;<\/p>\n","protected":false},"excerpt":{"rendered":"<p>O d\u00f3lar comercial teve alta de 0,38% nesta sexta-feira (7). Desta forma, a moeda norte-americana ficou cotada a R$ 3,8902. Na \u00faltima sess\u00e3o, quinta-feira(20), o d\u00f3lar encerrou em alta de 0,429%, negociado a R$ 5,554. \u00c9 o quarto avan\u00e7o seguido da moeda e o maior valor de fechamento desde 26 de novembro (R$ 3,918). Com [&hellip;]<\/p>\n","protected":false},"author":9,"featured_media":8142,"comment_status":"closed","ping_status":"closed","sticky":false,"template":"","format":"standard","meta":[],"categories":[60],"tags":[309,326],"suno_strategy":[],"class_list":["post-8115","post","type-post","status-publish","format-standard","has-post-thumbnail","hentry","category-mercado","tag-bolsa-de-valores","tag-dolar"],"yoast_head":"<!-- This site is optimized with the Yoast SEO plugin v24.4 - https:\/\/yoast.com\/wordpress\/plugins\/seo\/ -->\n<title>D\u00f3lar sobe pela quarta vez seguida e \u00e9 cotado a R$ 3,8902<\/title>\n<meta name=\"robots\" content=\"index, follow, max-snippet:-1, max-image-preview:large, max-video-preview:-1\" \/>\n<link rel=\"canonical\" href=\"https:\/\/www.suno.com.br\/noticias\/fechamento-dolar-07122018\/\" \/>\n<meta property=\"og:locale\" content=\"pt_BR\" \/>\n<meta property=\"og:type\" content=\"article\" \/>\n<meta property=\"og:title\" content=\"D\u00f3lar sobe pela quarta vez seguida e \u00e9 cotado a R$ 3,8902\" \/>\n<meta property=\"og:description\" content=\"O d\u00f3lar comercial teve alta de 0,38% nesta sexta-feira (7). Desta forma, a moeda norte-americana ficou cotada a R$ 3,8902. Na \u00faltima sess\u00e3o, quinta-feira(20), o d\u00f3lar encerrou em alta de 0,429%, negociado a R$ 5,554. \u00c9 o quarto avan\u00e7o seguido da moeda e o maior valor de fechamento desde 26 de novembro (R$ 3,918). Com [&hellip;]\" \/>\n<meta property=\"og:url\" content=\"https:\/\/www.suno.com.br\/noticias\/fechamento-dolar-07122018\/\" \/>\n<meta property=\"og:site_name\" content=\"Suno Not\u00edcias\" \/>\n<meta property=\"article:publisher\" content=\"https:\/\/facebook.com\/sunoresearch\" \/>\n<meta property=\"og:image\" content=\"https:\/\/files.sunoresearch.com.br\/n\/uploads\/2018\/12\/1ac81764-d\u00f3lar-1.jpg\" \/>\n\t<meta property=\"og:image:width\" content=\"960\" \/>\n\t<meta property=\"og:image:height\" content=\"540\" \/>\n\t<meta property=\"og:image:type\" content=\"image\/jpeg\" \/>\n<meta name=\"author\" content=\"Carlo Cauti\" \/>\n<meta name=\"twitter:card\" content=\"summary_large_image\" \/>\n<meta name=\"twitter:creator\" content=\"@sunoresearch\" \/>\n<meta name=\"twitter:site\" content=\"@sunoresearch\" \/>\n<meta name=\"twitter:label1\" content=\"Escrito por\" \/>\n\t<meta name=\"twitter:data1\" content=\"Carlo Cauti\" \/>\n\t<meta name=\"twitter:label2\" content=\"Est. tempo de leitura\" \/>\n\t<meta name=\"twitter:data2\" content=\"3 minutos\" \/>\n<script type=\"application\/ld+json\" class=\"yoast-schema-graph\">{\"@context\":\"https:\/\/schema.org\",\"@graph\":[{\"@type\":\"NewsArticle\",\"@id\":\"https:\/\/www.suno.com.br\/noticias\/fechamento-dolar-07122018\/#article\",\"isPartOf\":{\"@id\":\"https:\/\/www.suno.com.br\/noticias\/fechamento-dolar-07122018\/\"},\"author\":{\"name\":\"Carlo Cauti\",\"@id\":\"https:\/\/www.suno.com.br\/noticias\/#\/schema\/person\/e6e0f723cc177805027f4566c1d5e0c8\"},\"headline\":\"D\u00f3lar sobe pela quarta vez seguida e \u00e9 cotado a R$ 3,8902\",\"datePublished\":\"2018-12-07T21:06:44+00:00\",\"dateModified\":\"2018-12-07T21:14:14+00:00\",\"mainEntityOfPage\":{\"@id\":\"https:\/\/www.suno.com.br\/noticias\/fechamento-dolar-07122018\/\"},\"wordCount\":537,\"publisher\":{\"@id\":\"https:\/\/www.suno.com.br\/noticias\/#organization\"},\"image\":{\"@id\":\"https:\/\/www.suno.com.br\/noticias\/fechamento-dolar-07122018\/#primaryimage\"},\"thumbnailUrl\":\"https:\/\/files.sunoresearch.com.br\/n\/uploads\/2018\/12\/1ac81764-d\u00f3lar-1-jpg.webp\",\"keywords\":[\"Bolsa de Valores\",\"d\u00f3lar\"],\"articleSection\":[\"Mercado\"],\"inLanguage\":\"pt-BR\"},{\"@type\":\"WebPage\",\"@id\":\"https:\/\/www.suno.com.br\/noticias\/fechamento-dolar-07122018\/\",\"url\":\"https:\/\/www.suno.com.br\/noticias\/fechamento-dolar-07122018\/\",\"name\":\"D\u00f3lar sobe pela quarta vez seguida e \u00e9 cotado a R$ 3,8902\",\"isPartOf\":{\"@id\":\"https:\/\/www.suno.com.br\/noticias\/#website\"},\"primaryImageOfPage\":{\"@id\":\"https:\/\/www.suno.com.br\/noticias\/fechamento-dolar-07122018\/#primaryimage\"},\"image\":{\"@id\":\"https:\/\/www.suno.com.br\/noticias\/fechamento-dolar-07122018\/#primaryimage\"},\"thumbnailUrl\":\"https:\/\/files.sunoresearch.com.br\/n\/uploads\/2018\/12\/1ac81764-d\u00f3lar-1-jpg.webp\",\"datePublished\":\"2018-12-07T21:06:44+00:00\",\"dateModified\":\"2018-12-07T21:14:14+00:00\",\"breadcrumb\":{\"@id\":\"https:\/\/www.suno.com.br\/noticias\/fechamento-dolar-07122018\/#breadcrumb\"},\"inLanguage\":\"pt-BR\",\"potentialAction\":[{\"@type\":\"ReadAction\",\"target\":[\"https:\/\/www.suno.com.br\/noticias\/fechamento-dolar-07122018\/\"]}]},{\"@type\":\"ImageObject\",\"inLanguage\":\"pt-BR\",\"@id\":\"https:\/\/www.suno.com.br\/noticias\/fechamento-dolar-07122018\/#primaryimage\",\"url\":\"https:\/\/files.sunoresearch.com.br\/n\/uploads\/2018\/12\/1ac81764-d\u00f3lar-1-jpg.webp\",\"contentUrl\":\"https:\/\/files.sunoresearch.com.br\/n\/uploads\/2018\/12\/1ac81764-d\u00f3lar-1-jpg.webp\",\"width\":960,\"height\":540,\"caption\":\"Na \u00faltima sess\u00e3o, quinta-feira(20), o d\u00f3lar encerrou em alta de 0,429%, negociado a R$ 5,554.\"},{\"@type\":\"BreadcrumbList\",\"@id\":\"https:\/\/www.suno.com.br\/noticias\/fechamento-dolar-07122018\/#breadcrumb\",\"itemListElement\":[{\"@type\":\"ListItem\",\"position\":1,\"name\":\"Not\u00edcias\",\"item\":\"https:\/\/www.suno.com.br\/noticias\/\"},{\"@type\":\"ListItem\",\"position\":2,\"name\":\"Mercado\",\"item\":\"https:\/\/www.suno.com.br\/noticias\/mercado\/\"},{\"@type\":\"ListItem\",\"position\":3,\"name\":\"D\u00f3lar sobe pela quarta vez seguida e \u00e9 cotado a R$ 3,8902\"}]},{\"@type\":\"WebSite\",\"@id\":\"https:\/\/www.suno.com.br\/noticias\/#website\",\"url\":\"https:\/\/www.suno.com.br\/noticias\/\",\"name\":\"Suno Not\u00edcias\",\"description\":\"Seu portal de informa\u00e7\u00e3o sobre o mundo dos investimentos\",\"publisher\":{\"@id\":\"https:\/\/www.suno.com.br\/noticias\/#organization\"},\"potentialAction\":[{\"@type\":\"SearchAction\",\"target\":{\"@type\":\"EntryPoint\",\"urlTemplate\":\"https:\/\/www.suno.com.br\/noticias\/?s={search_term_string}\"},\"query-input\":{\"@type\":\"PropertyValueSpecification\",\"valueRequired\":true,\"valueName\":\"search_term_string\"}}],\"inLanguage\":\"pt-BR\"},{\"@type\":\"Organization\",\"@id\":\"https:\/\/www.suno.com.br\/noticias\/#organization\",\"name\":\"Suno Not\u00edcias\",\"url\":\"https:\/\/www.suno.com.br\/noticias\/\",\"logo\":{\"@type\":\"ImageObject\",\"inLanguage\":\"pt-BR\",\"@id\":\"https:\/\/www.suno.com.br\/noticias\/#\/schema\/logo\/image\/\",\"url\":\"https:\/\/files.sunoresearch.com.br\/n\/uploads\/2021\/09\/suno-logo.png\",\"contentUrl\":\"https:\/\/files.sunoresearch.com.br\/n\/uploads\/2021\/09\/suno-logo.png\",\"width\":180,\"height\":180,\"caption\":\"Suno Not\u00edcias\"},\"image\":{\"@id\":\"https:\/\/www.suno.com.br\/noticias\/#\/schema\/logo\/image\/\"},\"sameAs\":[\"https:\/\/facebook.com\/sunoresearch\",\"https:\/\/x.com\/sunoresearch\",\"https:\/\/www.instagram.com\/suno\",\"https:\/\/www.linkedin.com\/company\/suno-research\/\",\"https:\/\/www.youtube.com\/c\/sunoresearch\"]},{\"@type\":\"Person\",\"@id\":\"https:\/\/www.suno.com.br\/noticias\/#\/schema\/person\/e6e0f723cc177805027f4566c1d5e0c8\",\"name\":\"Carlo Cauti\",\"image\":{\"@type\":\"ImageObject\",\"inLanguage\":\"pt-BR\",\"@id\":\"https:\/\/www.suno.com.br\/noticias\/#\/schema\/person\/image\/\",\"url\":\"https:\/\/secure.gravatar.com\/avatar\/3ada9e0bd164c23abd4792a9606d583c?s=96&r=g\",\"contentUrl\":\"https:\/\/secure.gravatar.com\/avatar\/3ada9e0bd164c23abd4792a9606d583c?s=96&r=g\",\"caption\":\"Carlo Cauti\"},\"description\":\"Editor multim\u00eddia do SUNO Not\u00edcias. Italiano, formado em Ci\u00eancias Pol\u00edticas pela universidade LUISS G. Carli de Roma e mestre cum laude em Rela\u00e7\u00f5es Internacionais, Jornalismo Internacional e de Guerra e em Economia Internacional. Concluiu tamb\u00e9m um MBA em Finan\u00e7as na B3. No Brasil, teve passagem por ve\u00edculos como Estad\u00e3o, Globo, Veja e EXAME. e nas ag\u00eancias de not\u00edcias italianas ANSA e NOVA.\",\"url\":\"https:\/\/www.suno.com.br\/noticias\/author\/carlo-cauti\/\"}]}<\/script>\n<!-- \/ Yoast SEO plugin. -->","yoast_head_json":{"title":"D\u00f3lar sobe pela quarta vez seguida e \u00e9 cotado a R$ 3,8902","robots":{"index":"index","follow":"follow","max-snippet":"max-snippet:-1","max-image-preview":"max-image-preview:large","max-video-preview":"max-video-preview:-1"},"canonical":"https:\/\/www.suno.com.br\/noticias\/fechamento-dolar-07122018\/","og_locale":"pt_BR","og_type":"article","og_title":"D\u00f3lar sobe pela quarta vez seguida e \u00e9 cotado a R$ 3,8902","og_description":"O d\u00f3lar comercial teve alta de 0,38% nesta sexta-feira (7). Desta forma, a moeda norte-americana ficou cotada a R$ 3,8902. Na \u00faltima sess\u00e3o, quinta-feira(20), o d\u00f3lar encerrou em alta de 0,429%, negociado a R$ 5,554. \u00c9 o quarto avan\u00e7o seguido da moeda e o maior valor de fechamento desde 26 de novembro (R$ 3,918). Com [&hellip;]","og_url":"https:\/\/www.suno.com.br\/noticias\/fechamento-dolar-07122018\/","og_site_name":"Suno Not\u00edcias","article_publisher":"https:\/\/facebook.com\/sunoresearch","og_image":[{"width":960,"height":540,"url":"https:\/\/files.sunoresearch.com.br\/n\/uploads\/2018\/12\/1ac81764-d\u00f3lar-1.jpg","type":"image\/jpeg"}],"author":"Carlo Cauti","twitter_card":"summary_large_image","twitter_creator":"@sunoresearch","twitter_site":"@sunoresearch","twitter_misc":{"Escrito por":"Carlo Cauti","Est. tempo de leitura":"3 minutos"},"schema":{"@context":"https:\/\/schema.org","@graph":[{"@type":"NewsArticle","@id":"https:\/\/www.suno.com.br\/noticias\/fechamento-dolar-07122018\/#article","isPartOf":{"@id":"https:\/\/www.suno.com.br\/noticias\/fechamento-dolar-07122018\/"},"author":{"name":"Carlo Cauti","@id":"https:\/\/www.suno.com.br\/noticias\/#\/schema\/person\/e6e0f723cc177805027f4566c1d5e0c8"},"headline":"D\u00f3lar sobe pela quarta vez seguida e \u00e9 cotado a R$ 3,8902","datePublished":"2018-12-07T21:06:44+00:00","dateModified":"2018-12-07T21:14:14+00:00","mainEntityOfPage":{"@id":"https:\/\/www.suno.com.br\/noticias\/fechamento-dolar-07122018\/"},"wordCount":537,"publisher":{"@id":"https:\/\/www.suno.com.br\/noticias\/#organization"},"image":{"@id":"https:\/\/www.suno.com.br\/noticias\/fechamento-dolar-07122018\/#primaryimage"},"thumbnailUrl":"https:\/\/files.sunoresearch.com.br\/n\/uploads\/2018\/12\/1ac81764-d\u00f3lar-1-jpg.webp","keywords":["Bolsa de Valores","d\u00f3lar"],"articleSection":["Mercado"],"inLanguage":"pt-BR"},{"@type":"WebPage","@id":"https:\/\/www.suno.com.br\/noticias\/fechamento-dolar-07122018\/","url":"https:\/\/www.suno.com.br\/noticias\/fechamento-dolar-07122018\/","name":"D\u00f3lar sobe pela quarta vez seguida e \u00e9 cotado a R$ 3,8902","isPartOf":{"@id":"https:\/\/www.suno.com.br\/noticias\/#website"},"primaryImageOfPage":{"@id":"https:\/\/www.suno.com.br\/noticias\/fechamento-dolar-07122018\/#primaryimage"},"image":{"@id":"https:\/\/www.suno.com.br\/noticias\/fechamento-dolar-07122018\/#primaryimage"},"thumbnailUrl":"https:\/\/files.sunoresearch.com.br\/n\/uploads\/2018\/12\/1ac81764-d\u00f3lar-1-jpg.webp","datePublished":"2018-12-07T21:06:44+00:00","dateModified":"2018-12-07T21:14:14+00:00","breadcrumb":{"@id":"https:\/\/www.suno.com.br\/noticias\/fechamento-dolar-07122018\/#breadcrumb"},"inLanguage":"pt-BR","potentialAction":[{"@type":"ReadAction","target":["https:\/\/www.suno.com.br\/noticias\/fechamento-dolar-07122018\/"]}]},{"@type":"ImageObject","inLanguage":"pt-BR","@id":"https:\/\/www.suno.com.br\/noticias\/fechamento-dolar-07122018\/#primaryimage","url":"https:\/\/files.sunoresearch.com.br\/n\/uploads\/2018\/12\/1ac81764-d\u00f3lar-1-jpg.webp","contentUrl":"https:\/\/files.sunoresearch.com.br\/n\/uploads\/2018\/12\/1ac81764-d\u00f3lar-1-jpg.webp","width":960,"height":540,"caption":"Na \u00faltima sess\u00e3o, quinta-feira(20), o d\u00f3lar encerrou em alta de 0,429%, negociado a R$ 5,554."},{"@type":"BreadcrumbList","@id":"https:\/\/www.suno.com.br\/noticias\/fechamento-dolar-07122018\/#breadcrumb","itemListElement":[{"@type":"ListItem","position":1,"name":"Not\u00edcias","item":"https:\/\/www.suno.com.br\/noticias\/"},{"@type":"ListItem","position":2,"name":"Mercado","item":"https:\/\/www.suno.com.br\/noticias\/mercado\/"},{"@type":"ListItem","position":3,"name":"D\u00f3lar sobe pela quarta vez seguida e \u00e9 cotado a R$ 3,8902"}]},{"@type":"WebSite","@id":"https:\/\/www.suno.com.br\/noticias\/#website","url":"https:\/\/www.suno.com.br\/noticias\/","name":"Suno Not\u00edcias","description":"Seu portal de informa\u00e7\u00e3o sobre o mundo dos investimentos","publisher":{"@id":"https:\/\/www.suno.com.br\/noticias\/#organization"},"potentialAction":[{"@type":"SearchAction","target":{"@type":"EntryPoint","urlTemplate":"https:\/\/www.suno.com.br\/noticias\/?s={search_term_string}"},"query-input":{"@type":"PropertyValueSpecification","valueRequired":true,"valueName":"search_term_string"}}],"inLanguage":"pt-BR"},{"@type":"Organization","@id":"https:\/\/www.suno.com.br\/noticias\/#organization","name":"Suno Not\u00edcias","url":"https:\/\/www.suno.com.br\/noticias\/","logo":{"@type":"ImageObject","inLanguage":"pt-BR","@id":"https:\/\/www.suno.com.br\/noticias\/#\/schema\/logo\/image\/","url":"https:\/\/files.sunoresearch.com.br\/n\/uploads\/2021\/09\/suno-logo.png","contentUrl":"https:\/\/files.sunoresearch.com.br\/n\/uploads\/2021\/09\/suno-logo.png","width":180,"height":180,"caption":"Suno Not\u00edcias"},"image":{"@id":"https:\/\/www.suno.com.br\/noticias\/#\/schema\/logo\/image\/"},"sameAs":["https:\/\/facebook.com\/sunoresearch","https:\/\/x.com\/sunoresearch","https:\/\/www.instagram.com\/suno","https:\/\/www.linkedin.com\/company\/suno-research\/","https:\/\/www.youtube.com\/c\/sunoresearch"]},{"@type":"Person","@id":"https:\/\/www.suno.com.br\/noticias\/#\/schema\/person\/e6e0f723cc177805027f4566c1d5e0c8","name":"Carlo Cauti","image":{"@type":"ImageObject","inLanguage":"pt-BR","@id":"https:\/\/www.suno.com.br\/noticias\/#\/schema\/person\/image\/","url":"https:\/\/secure.gravatar.com\/avatar\/3ada9e0bd164c23abd4792a9606d583c?s=96&r=g","contentUrl":"https:\/\/secure.gravatar.com\/avatar\/3ada9e0bd164c23abd4792a9606d583c?s=96&r=g","caption":"Carlo Cauti"},"description":"Editor multim\u00eddia do SUNO Not\u00edcias. Italiano, formado em Ci\u00eancias Pol\u00edticas pela universidade LUISS G. Carli de Roma e mestre cum laude em Rela\u00e7\u00f5es Internacionais, Jornalismo Internacional e de Guerra e em Economia Internacional. Concluiu tamb\u00e9m um MBA em Finan\u00e7as na B3. No Brasil, teve passagem por ve\u00edculos como Estad\u00e3o, Globo, Veja e EXAME. e nas ag\u00eancias de not\u00edcias italianas ANSA e NOVA.","url":"https:\/\/www.suno.com.br\/noticias\/author\/carlo-cauti\/"}]}},"default_loop_html":"<div class=\"cardsPage__listCard__boxs\"><div class=\"cardsPage__listCard__boxs__img\"><a href=\"https:\/\/www.suno.com.br\/noticias\/fechamento-dolar-07122018\/\"><img class=\"mask\" src=\"https:\/\/www.suno.com.br\/noticias\/wp-content\/themes\/suno\/resources\/images\/spotlight\/spotlight1img\/bg-mask.png\" alt=\"Image Mask\"\/><img src=\"https:\/\/files.sunoresearch.com.br\/n\/uploads\/2018\/12\/1ac81764-d\u00f3lar-1-400x200.webp\" alt=\"D\u00f3lar sobe pela quarta vez seguida e \u00e9 cotado a R$ 3,8902\"\/><\/a><span class=\"spotlightCategory\"><a href=\"https:\/\/www.suno.com.br\/noticias\/mercado\/\">Mercado<\/a><\/span><\/div><div class=\"cardsPage__listCard__boxs__content\"><a href=\"https:\/\/www.suno.com.br\/noticias\/fechamento-dolar-07122018\/\"><h2 class=\"content__title\">D\u00f3lar sobe pela quarta vez seguida e \u00e9 cotado a R$ 3,8902<\/h2><\/a><div class=\"newsContent__article__meta\"><div class=\"newsContent__article__meta__authorBox\"><a href=\"https:\/\/www.suno.com.br\/noticias\/author\/carlo-cauti\/\" class=\"authorBox__avatar noMobi\"><img src=\"https:\/\/files.sunoresearch.com.br\/n\/uploads\/2020\/08\/e3745f9a-perfil-carlo-cauti-150x150.webp\" alt=\"Carlo Cauti\"><\/a><div class=\"authorBox__name\"><span>por\n\t\t\t<a href=\"https:\/\/www.suno.com.br\/noticias\/author\/carlo-cauti\/\"><span itemprop=\"author\">Carlo Cauti<\/span><\/a><\/span><time datetime=\"2018-12-07T19:06:44-02:00\" itemprop=\"datePublished\">07\/12\/2018 19:06<\/time><\/div><\/div><\/div><\/div><\/div>","single_layout":"posts","amp_enabled":true,"_links":{"self":[{"href":"https:\/\/www.suno.com.br\/noticias\/wp-json\/wp\/v2\/posts\/8115"}],"collection":[{"href":"https:\/\/www.suno.com.br\/noticias\/wp-json\/wp\/v2\/posts"}],"about":[{"href":"https:\/\/www.suno.com.br\/noticias\/wp-json\/wp\/v2\/types\/post"}],"author":[{"embeddable":true,"href":"https:\/\/www.suno.com.br\/noticias\/wp-json\/wp\/v2\/users\/9"}],"replies":[{"embeddable":true,"href":"https:\/\/www.suno.com.br\/noticias\/wp-json\/wp\/v2\/comments?post=8115"}],"version-history":[{"count":0,"href":"https:\/\/www.suno.com.br\/noticias\/wp-json\/wp\/v2\/posts\/8115\/revisions"}],"wp:featuredmedia":[{"embeddable":true,"href":"https:\/\/www.suno.com.br\/noticias\/wp-json\/wp\/v2\/media\/8142"}],"wp:attachment":[{"href":"https:\/\/www.suno.com.br\/noticias\/wp-json\/wp\/v2\/media?parent=8115"}],"wp:term":[{"taxonomy":"category","embeddable":true,"href":"https:\/\/www.suno.com.br\/noticias\/wp-json\/wp\/v2\/categories?post=8115"},{"taxonomy":"post_tag","embeddable":true,"href":"https:\/\/www.suno.com.br\/noticias\/wp-json\/wp\/v2\/tags?post=8115"},{"taxonomy":"suno_strategy","embeddable":true,"href":"https:\/\/www.suno.com.br\/noticias\/wp-json\/wp\/v2\/suno_strategy?post=8115"}],"curies":[{"name":"wp","href":"https:\/\/api.w.org\/{rel}","templated":true}]}}