{"id":81086,"date":"2020-08-27T16:41:34","date_gmt":"2020-08-27T19:41:34","guid":{"rendered":"https:\/\/www.suno.com.br\/noticias\/?p=81086"},"modified":"2020-08-27T16:41:34","modified_gmt":"2020-08-27T19:41:34","slug":"acordo-mercosul-ue-comeca-fazer-agua-mourao","status":"publish","type":"post","link":"https:\/\/www.suno.com.br\/noticias\/acordo-mercosul-ue-comeca-fazer-agua-mourao\/","title":{"rendered":"Acordo Mercosul-UE &#8220;parece que come\u00e7a a fazer \u00e1gua\u201d, diz Mour\u00e3o"},"content":{"rendered":"<p>O vice-presidente da Rep\u00fablica, general Hamilton Mour\u00e3o, declarou nesta quinta-feira (27) que a articula\u00e7\u00e3o para costurar um <a href=\"https:\/\/www.suno.com.br\/artigos\/acordo-comercial\/\">acordo comercial<\/a> entre o <a href=\"https:\/\/www.suno.com.br\/artigos\/mercosul\/\"><strong>Mercosul<\/strong> <\/a>e a <a href=\"https:\/\/www.suno.com.br\/artigos\/uniao-europeia\/\">Uni\u00e3o Europeia (UE)<\/a> \u201cparece que come\u00e7a a fazer \u00e1gua\u201d.<\/p>\t<div class=\"wrapper-featured-image\">\n\t\t<figure class=\"spotlightImg\">\n\n\t\t\t<picture>\n\t\t\t\t<source media=\"(max-width: 768px)\" srcset=\"https:\/\/files.sunoresearch.com.br\/n\/uploads\/2019\/06\/d47d73e2-mercosul-400x200.webp\">\n\t\t\t\t<img loading=\"lazy\" decoding=\"async\" class=\"newsContent__article__imgCapa lazyloadDisabled \" src=\"https:\/\/files.sunoresearch.com.br\/n\/uploads\/2019\/06\/d47d73e2-mercosul-jpg.webp\" width=\"800\" height=\"450\" alt=\"Acordo Mercosul-UE &#8220;parece que come\u00e7a a fazer \u00e1gua\u201d, diz Mour\u00e3o\" fetchpriority=high \/>\n\t\t\t<\/picture>\n\n\t\t\t<figcaption class=\"wp-caption-text wp-caption-text--show\">O Acordo entre o Mercosul e a UE se arrasta desde o ano passado, pendente de aprova\u00e7\u00e3o pelos governos europeus<\/figcaption>\n\t\t<\/figure>\n\t<\/div>\n\n\n<div class=\"hubspot-form-wrapper\">\n\t<div id=\"single-form-target\"><\/div>\n<\/div>\n\n<p>O vice-presidente afirmou, durante live promovida por associa\u00e7\u00f5es comerciais, que os pa\u00edses do Mercosul enfrentam um particularmente complicado neste momento. <strong>Mour\u00e3o\u00a0<\/strong>destacou, nesse sentido, o cen\u00e1rio em que a vizinha Argentina passa, de aumento nos casos do novo coronav\u00edrus e de dificuldade em <a href=\"https:\/\/www.suno.com.br\/artigos\/reestruturacao-de-divida\/\">reestruturar a sua d\u00edvida externa<\/a> com credores estrangeiros.<\/p>\n<p>Al\u00e9m disso, o general da reserva relembrou ainda que a Argentina paralisou a renova\u00e7\u00e3o das licen\u00e7as de importa\u00e7\u00e3o de produtos manufaturados brasileiros. Dessa forma, Brasil possui cerca de US$ 100 milh\u00f5es (equivalente a R$ 557 milh\u00f5es) em valores de ve\u00edculos paradas, \u00e0 espera da autoriza\u00e7\u00e3o.<\/p>\n<p><a href=\"https:\/\/lp.suno.com.br\/suno-one\/\">Suno One: acesse gratuitamente eBooks, Minicursos, Artigos e Video Aulas sobre investimentos com um \u00fanico cadastro. Clique para saber mais!<\/a><\/p>\n<p>\u201cEsses problemas se apresentam neste momento em que o grande esfor\u00e7o que foi feito, no ano passado, na articula\u00e7\u00e3o do acordo entre Mercosul e Uni\u00e3o Europeia parece que come\u00e7a a fazer \u00e1gua. Realmente, temos de ter uma equipe em condi\u00e7\u00f5es de negociar permanentemente n\u00e3o s\u00f3 com nossos parceiros do Mercosul, mas tamb\u00e9m com a Uni\u00e3o Europeia\u201d, afirmou Mour\u00e3o.<\/p>\n<p>Os dois blocos assinaram um acordo preliminar de livre com\u00e9rcio em julho do ano passado, depois de duas d\u00e9cadas de negocia\u00e7\u00f5es. A oficializa\u00e7\u00e3o do tratado est\u00e1 pendente de aprova\u00e7\u00e3o pelos governos europeus e pelo Parlamento Europeu, o que tem se arrastado sem avan\u00e7os at\u00e9 este momento.<\/p>\n<h2>Mour\u00e3o comenta &#8216;d\u00favidas&#8217; de Merkel sobre acordo Mercosul-UE<\/h2>\n<p>O vice-presidente ainda comentou as not\u00edcias sobre &#8220;d\u00favidas&#8221; da chanceler alem\u00e3 Angela Merkel sobre acordo entre os dois blocos, afirmando que seriam devido \u00e0 pol\u00edtica ambiental do Brasil.\u00a0Mour\u00e3o considerou que h\u00e1 ru\u00eddos de comunica\u00e7\u00e3o e a imagem externa do Brasil est\u00e1 abalada por \u201calguns preconceitos\u201d em rela\u00e7\u00e3o ao Pa\u00eds, defendo a necessidade de \u201cdesmistificar\u201d o debate.<\/p>\n\t<div data-element=\"shortcode-read-more\" class=\"knowMore\">\n\t\t\t\t<span class=\"knowMore__title\">Saiba mais<\/span>\n\t\t\t\t<a class=\"knowMore__link\" href=\"https:\/\/www.suno.com.br\/noticias\/merkel-tem-duvidas-sobre-acordo-entre-ue-e-mercosul-diz-porta-voz\/\">\n\t\t\tMerkel tem d\u00favidas sobre acordo entre UE e Mercosul, diz porta-voz\t\t<\/a>\n\t<\/div>\n\n\n<p>\u201cN\u00f3s temos de dialogar com todos os parceiros econ\u00f4micos, independentemente de orienta\u00e7\u00e3o ideol\u00f3gica\u201d, disse. \u201cSem preconceitos. A \u00fanica preocupa\u00e7\u00e3o que devemos ter \u00e9 de n\u00e3o prejudicar nosso pa\u00eds e nossa popula\u00e7\u00e3o\u201d, ressaltou o militar.<\/p>\n<p>As negocia\u00e7\u00f5es para um acordo entre o <strong>Mercosul<\/strong> e a UE tiveram in\u00edcio h\u00e1 quase 20 anos, com diversos governos envolvidos nas conversas. Os di\u00e1logos, contudo, foram intensificados depois da elei\u00e7\u00e3o do presidente dos Estados Unidos, <a href=\"https:\/\/www.suno.com.br\/tudo-sobre\/donald-trump\/\">Donald Trump<\/a>, quando os europeus suspenderam negocia\u00e7\u00f5es com o governo norte-americano e se voltaram para outros aliados comerciais.<\/p>\n\t<p>\n\t\t<a href=\"https:\/\/lp.suno.com.br\/planilha-de-controle-de-investimentos\/\" target=\"_blank\" data-element=\"shortcode-suno-banner\" title=\"Banner SUNO, clique e saiba mais\">\n\t\t\t<picture>\n\t\t\t\t<source media=\"(max-width: 500px)\" srcset=\"https:\/\/files.sunoresearch.com.br\/n\/uploads\/2023\/03\/400x300-Controle-de-Investimentos.png\">\n\t\t\t\t<img class=\"newsContent__article__imgCapa newsContent__article__imgCapa--banner\"\n\t\t\t\t\tsrc=\"https:\/\/files.sunoresearch.com.br\/n\/uploads\/2023\/03\/1420x240-Controle-de-Investimentos.png\"\n\t\t\t\t\tdata-promo-id=\"75934\"\t\t\t\t\t\t\t\t\t\twidth='1420' height='240'\t\t\t\t\talt=\"https:\/\/files.sunoresearch.com.br\/n\/uploads\/2023\/03\/1420x240-Controle-de-Investimentos.png\"\n\t\t\t\t>\n\t\t\t<\/picture>\n\t\t<\/a>\n\t<\/p>\n\n\n","protected":false},"excerpt":{"rendered":"<p>O vice-presidente da Rep\u00fablica, general Hamilton Mour\u00e3o, declarou nesta quinta-feira (27) que a articula\u00e7\u00e3o para costurar um acordo comercial entre o Mercosul e a Uni\u00e3o Europeia (UE) \u201cparece que come\u00e7a a fazer \u00e1gua\u201d. O Acordo entre o Mercosul e a UE se arrasta desde o ano passado, pendente de aprova\u00e7\u00e3o pelos governos europeus O vice-presidente [&hellip;]<\/p>\n","protected":false},"author":35,"featured_media":29507,"comment_status":"closed","ping_status":"closed","sticky":false,"template":"","format":"standard","meta":[],"categories":[63],"tags":[1019,868,731],"suno_strategy":[],"class_list":["post-81086","post","type-post","status-publish","format-standard","has-post-thumbnail","hentry","category-internacional","tag-hamilton-mourao","tag-mercosul","tag-uniao-europeia"],"yoast_head":"<!-- This site is optimized with the Yoast SEO plugin v24.4 - https:\/\/yoast.com\/wordpress\/plugins\/seo\/ -->\n<title>Acordo Mercosul-UE &quot;parece que come\u00e7a a fazer \u00e1gua\u201d, diz Mour\u00e3o<\/title>\n<meta name=\"description\" content=\"O vice-presidente afirmou que a articula\u00e7\u00e3o para acordo entre o Mercosul e a UE \u201cparece que come\u00e7a a fazer \u00e1gua\u201d. Clique para saber mais\" \/>\n<meta name=\"robots\" content=\"index, follow, max-snippet:-1, max-image-preview:large, max-video-preview:-1\" \/>\n<link rel=\"canonical\" href=\"https:\/\/www.suno.com.br\/noticias\/acordo-mercosul-ue-comeca-fazer-agua-mourao\/\" \/>\n<meta property=\"og:locale\" content=\"pt_BR\" \/>\n<meta property=\"og:type\" content=\"article\" \/>\n<meta property=\"og:title\" content=\"Acordo Mercosul-UE &quot;parece que come\u00e7a a fazer \u00e1gua\u201d, diz Mour\u00e3o\" \/>\n<meta property=\"og:description\" content=\"O vice-presidente afirmou que a articula\u00e7\u00e3o para acordo entre o Mercosul e a UE \u201cparece que come\u00e7a a fazer \u00e1gua\u201d. Clique para saber mais\" \/>\n<meta property=\"og:url\" content=\"https:\/\/www.suno.com.br\/noticias\/acordo-mercosul-ue-comeca-fazer-agua-mourao\/\" \/>\n<meta property=\"og:site_name\" content=\"Suno Not\u00edcias\" \/>\n<meta property=\"article:publisher\" content=\"https:\/\/facebook.com\/sunoresearch\" \/>\n<meta property=\"og:image\" content=\"https:\/\/files.sunoresearch.com.br\/n\/uploads\/2019\/06\/d47d73e2-mercosul.jpg\" \/>\n\t<meta property=\"og:image:width\" content=\"780\" \/>\n\t<meta property=\"og:image:height\" content=\"440\" \/>\n\t<meta property=\"og:image:type\" content=\"image\/jpeg\" \/>\n<meta name=\"author\" content=\"Arthur Guimar\u00e3es\" \/>\n<meta name=\"twitter:card\" content=\"summary_large_image\" \/>\n<meta name=\"twitter:creator\" content=\"@sunoresearch\" \/>\n<meta name=\"twitter:site\" content=\"@sunoresearch\" \/>\n<meta name=\"twitter:label1\" content=\"Escrito por\" \/>\n\t<meta name=\"twitter:data1\" content=\"Arthur Guimar\u00e3es\" \/>\n\t<meta name=\"twitter:label2\" content=\"Est. tempo de leitura\" \/>\n\t<meta name=\"twitter:data2\" content=\"2 minutos\" \/>\n<script type=\"application\/ld+json\" class=\"yoast-schema-graph\">{\"@context\":\"https:\/\/schema.org\",\"@graph\":[{\"@type\":\"NewsArticle\",\"@id\":\"https:\/\/www.suno.com.br\/noticias\/acordo-mercosul-ue-comeca-fazer-agua-mourao\/#article\",\"isPartOf\":{\"@id\":\"https:\/\/www.suno.com.br\/noticias\/acordo-mercosul-ue-comeca-fazer-agua-mourao\/\"},\"author\":{\"name\":\"Arthur Guimar\u00e3es\",\"@id\":\"https:\/\/www.suno.com.br\/noticias\/#\/schema\/person\/053a750a709a263919a20f976caae91c\"},\"headline\":\"Acordo Mercosul-UE &#8220;parece que come\u00e7a a fazer \u00e1gua\u201d, diz Mour\u00e3o\",\"datePublished\":\"2020-08-27T19:41:34+00:00\",\"mainEntityOfPage\":{\"@id\":\"https:\/\/www.suno.com.br\/noticias\/acordo-mercosul-ue-comeca-fazer-agua-mourao\/\"},\"wordCount\":491,\"publisher\":{\"@id\":\"https:\/\/www.suno.com.br\/noticias\/#organization\"},\"image\":{\"@id\":\"https:\/\/www.suno.com.br\/noticias\/acordo-mercosul-ue-comeca-fazer-agua-mourao\/#primaryimage\"},\"thumbnailUrl\":\"https:\/\/files.sunoresearch.com.br\/n\/uploads\/2019\/06\/d47d73e2-mercosul-jpg.webp\",\"keywords\":[\"Hamilton Mour\u00e3o\",\"Mercosul\",\"Uni\u00e3o Europeia\"],\"articleSection\":[\"Internacional\"],\"inLanguage\":\"pt-BR\"},{\"@type\":\"WebPage\",\"@id\":\"https:\/\/www.suno.com.br\/noticias\/acordo-mercosul-ue-comeca-fazer-agua-mourao\/\",\"url\":\"https:\/\/www.suno.com.br\/noticias\/acordo-mercosul-ue-comeca-fazer-agua-mourao\/\",\"name\":\"Acordo Mercosul-UE \\\"parece que come\u00e7a a fazer \u00e1gua\u201d, diz Mour\u00e3o\",\"isPartOf\":{\"@id\":\"https:\/\/www.suno.com.br\/noticias\/#website\"},\"primaryImageOfPage\":{\"@id\":\"https:\/\/www.suno.com.br\/noticias\/acordo-mercosul-ue-comeca-fazer-agua-mourao\/#primaryimage\"},\"image\":{\"@id\":\"https:\/\/www.suno.com.br\/noticias\/acordo-mercosul-ue-comeca-fazer-agua-mourao\/#primaryimage\"},\"thumbnailUrl\":\"https:\/\/files.sunoresearch.com.br\/n\/uploads\/2019\/06\/d47d73e2-mercosul-jpg.webp\",\"datePublished\":\"2020-08-27T19:41:34+00:00\",\"description\":\"O vice-presidente afirmou que a articula\u00e7\u00e3o para acordo entre o Mercosul e a UE \u201cparece que come\u00e7a a fazer \u00e1gua\u201d. Clique para saber mais\",\"breadcrumb\":{\"@id\":\"https:\/\/www.suno.com.br\/noticias\/acordo-mercosul-ue-comeca-fazer-agua-mourao\/#breadcrumb\"},\"inLanguage\":\"pt-BR\",\"potentialAction\":[{\"@type\":\"ReadAction\",\"target\":[\"https:\/\/www.suno.com.br\/noticias\/acordo-mercosul-ue-comeca-fazer-agua-mourao\/\"]}]},{\"@type\":\"ImageObject\",\"inLanguage\":\"pt-BR\",\"@id\":\"https:\/\/www.suno.com.br\/noticias\/acordo-mercosul-ue-comeca-fazer-agua-mourao\/#primaryimage\",\"url\":\"https:\/\/files.sunoresearch.com.br\/n\/uploads\/2019\/06\/d47d73e2-mercosul-jpg.webp\",\"contentUrl\":\"https:\/\/files.sunoresearch.com.br\/n\/uploads\/2019\/06\/d47d73e2-mercosul-jpg.webp\",\"width\":780,\"height\":440,\"caption\":\"O Acordo entre o Mercosul e a UE se arrasta desde o ano passado, pendente de aprova\u00e7\u00e3o pelos governos europeus\"},{\"@type\":\"BreadcrumbList\",\"@id\":\"https:\/\/www.suno.com.br\/noticias\/acordo-mercosul-ue-comeca-fazer-agua-mourao\/#breadcrumb\",\"itemListElement\":[{\"@type\":\"ListItem\",\"position\":1,\"name\":\"Not\u00edcias\",\"item\":\"https:\/\/www.suno.com.br\/noticias\/\"},{\"@type\":\"ListItem\",\"position\":2,\"name\":\"Internacional\",\"item\":\"https:\/\/www.suno.com.br\/noticias\/internacional\/\"},{\"@type\":\"ListItem\",\"position\":3,\"name\":\"Acordo Mercosul-UE &#8220;parece que come\u00e7a a fazer \u00e1gua\u201d, diz Mour\u00e3o\"}]},{\"@type\":\"WebSite\",\"@id\":\"https:\/\/www.suno.com.br\/noticias\/#website\",\"url\":\"https:\/\/www.suno.com.br\/noticias\/\",\"name\":\"Suno Not\u00edcias\",\"description\":\"Seu portal de informa\u00e7\u00e3o sobre o mundo dos investimentos\",\"publisher\":{\"@id\":\"https:\/\/www.suno.com.br\/noticias\/#organization\"},\"potentialAction\":[{\"@type\":\"SearchAction\",\"target\":{\"@type\":\"EntryPoint\",\"urlTemplate\":\"https:\/\/www.suno.com.br\/noticias\/?s={search_term_string}\"},\"query-input\":{\"@type\":\"PropertyValueSpecification\",\"valueRequired\":true,\"valueName\":\"search_term_string\"}}],\"inLanguage\":\"pt-BR\"},{\"@type\":\"Organization\",\"@id\":\"https:\/\/www.suno.com.br\/noticias\/#organization\",\"name\":\"Suno Not\u00edcias\",\"url\":\"https:\/\/www.suno.com.br\/noticias\/\",\"logo\":{\"@type\":\"ImageObject\",\"inLanguage\":\"pt-BR\",\"@id\":\"https:\/\/www.suno.com.br\/noticias\/#\/schema\/logo\/image\/\",\"url\":\"https:\/\/files.sunoresearch.com.br\/n\/uploads\/2021\/09\/suno-logo.png\",\"contentUrl\":\"https:\/\/files.sunoresearch.com.br\/n\/uploads\/2021\/09\/suno-logo.png\",\"width\":180,\"height\":180,\"caption\":\"Suno Not\u00edcias\"},\"image\":{\"@id\":\"https:\/\/www.suno.com.br\/noticias\/#\/schema\/logo\/image\/\"},\"sameAs\":[\"https:\/\/facebook.com\/sunoresearch\",\"https:\/\/x.com\/sunoresearch\",\"https:\/\/www.instagram.com\/suno\",\"https:\/\/www.linkedin.com\/company\/suno-research\/\",\"https:\/\/www.youtube.com\/c\/sunoresearch\"]},{\"@type\":\"Person\",\"@id\":\"https:\/\/www.suno.com.br\/noticias\/#\/schema\/person\/053a750a709a263919a20f976caae91c\",\"name\":\"Arthur Guimar\u00e3es\",\"image\":{\"@type\":\"ImageObject\",\"inLanguage\":\"pt-BR\",\"@id\":\"https:\/\/www.suno.com.br\/noticias\/#\/schema\/person\/image\/\",\"url\":\"https:\/\/secure.gravatar.com\/avatar\/1affd86a11209ae09eb6dd3bcad3e96c?s=96&r=g\",\"contentUrl\":\"https:\/\/secure.gravatar.com\/avatar\/1affd86a11209ae09eb6dd3bcad3e96c?s=96&r=g\",\"caption\":\"Arthur Guimar\u00e3es\"},\"description\":\"Arthur Guimar\u00e3es escreve sobre pol\u00edtica, economia e neg\u00f3cios para o portal de not\u00edcias da Suno Research. Atualmente, \u00e9 estudante de jornalismo pela Faculdade C\u00e1sper L\u00edbero.\",\"url\":\"https:\/\/www.suno.com.br\/noticias\/author\/arthur-guimaraes\/\"}]}<\/script>\n<!-- \/ Yoast SEO plugin. -->","yoast_head_json":{"title":"Acordo Mercosul-UE \"parece que come\u00e7a a fazer \u00e1gua\u201d, diz Mour\u00e3o","description":"O vice-presidente afirmou que a articula\u00e7\u00e3o para acordo entre o Mercosul e a UE \u201cparece que come\u00e7a a fazer \u00e1gua\u201d. Clique para saber mais","robots":{"index":"index","follow":"follow","max-snippet":"max-snippet:-1","max-image-preview":"max-image-preview:large","max-video-preview":"max-video-preview:-1"},"canonical":"https:\/\/www.suno.com.br\/noticias\/acordo-mercosul-ue-comeca-fazer-agua-mourao\/","og_locale":"pt_BR","og_type":"article","og_title":"Acordo Mercosul-UE \"parece que come\u00e7a a fazer \u00e1gua\u201d, diz Mour\u00e3o","og_description":"O vice-presidente afirmou que a articula\u00e7\u00e3o para acordo entre o Mercosul e a UE \u201cparece que come\u00e7a a fazer \u00e1gua\u201d. Clique para saber mais","og_url":"https:\/\/www.suno.com.br\/noticias\/acordo-mercosul-ue-comeca-fazer-agua-mourao\/","og_site_name":"Suno Not\u00edcias","article_publisher":"https:\/\/facebook.com\/sunoresearch","og_image":[{"width":780,"height":440,"url":"https:\/\/files.sunoresearch.com.br\/n\/uploads\/2019\/06\/d47d73e2-mercosul.jpg","type":"image\/jpeg"}],"author":"Arthur Guimar\u00e3es","twitter_card":"summary_large_image","twitter_creator":"@sunoresearch","twitter_site":"@sunoresearch","twitter_misc":{"Escrito por":"Arthur Guimar\u00e3es","Est. tempo de leitura":"2 minutos"},"schema":{"@context":"https:\/\/schema.org","@graph":[{"@type":"NewsArticle","@id":"https:\/\/www.suno.com.br\/noticias\/acordo-mercosul-ue-comeca-fazer-agua-mourao\/#article","isPartOf":{"@id":"https:\/\/www.suno.com.br\/noticias\/acordo-mercosul-ue-comeca-fazer-agua-mourao\/"},"author":{"name":"Arthur Guimar\u00e3es","@id":"https:\/\/www.suno.com.br\/noticias\/#\/schema\/person\/053a750a709a263919a20f976caae91c"},"headline":"Acordo Mercosul-UE &#8220;parece que come\u00e7a a fazer \u00e1gua\u201d, diz Mour\u00e3o","datePublished":"2020-08-27T19:41:34+00:00","mainEntityOfPage":{"@id":"https:\/\/www.suno.com.br\/noticias\/acordo-mercosul-ue-comeca-fazer-agua-mourao\/"},"wordCount":491,"publisher":{"@id":"https:\/\/www.suno.com.br\/noticias\/#organization"},"image":{"@id":"https:\/\/www.suno.com.br\/noticias\/acordo-mercosul-ue-comeca-fazer-agua-mourao\/#primaryimage"},"thumbnailUrl":"https:\/\/files.sunoresearch.com.br\/n\/uploads\/2019\/06\/d47d73e2-mercosul-jpg.webp","keywords":["Hamilton Mour\u00e3o","Mercosul","Uni\u00e3o Europeia"],"articleSection":["Internacional"],"inLanguage":"pt-BR"},{"@type":"WebPage","@id":"https:\/\/www.suno.com.br\/noticias\/acordo-mercosul-ue-comeca-fazer-agua-mourao\/","url":"https:\/\/www.suno.com.br\/noticias\/acordo-mercosul-ue-comeca-fazer-agua-mourao\/","name":"Acordo Mercosul-UE \"parece que come\u00e7a a fazer \u00e1gua\u201d, diz Mour\u00e3o","isPartOf":{"@id":"https:\/\/www.suno.com.br\/noticias\/#website"},"primaryImageOfPage":{"@id":"https:\/\/www.suno.com.br\/noticias\/acordo-mercosul-ue-comeca-fazer-agua-mourao\/#primaryimage"},"image":{"@id":"https:\/\/www.suno.com.br\/noticias\/acordo-mercosul-ue-comeca-fazer-agua-mourao\/#primaryimage"},"thumbnailUrl":"https:\/\/files.sunoresearch.com.br\/n\/uploads\/2019\/06\/d47d73e2-mercosul-jpg.webp","datePublished":"2020-08-27T19:41:34+00:00","description":"O vice-presidente afirmou que a articula\u00e7\u00e3o para acordo entre o Mercosul e a UE \u201cparece que come\u00e7a a fazer \u00e1gua\u201d. Clique para saber mais","breadcrumb":{"@id":"https:\/\/www.suno.com.br\/noticias\/acordo-mercosul-ue-comeca-fazer-agua-mourao\/#breadcrumb"},"inLanguage":"pt-BR","potentialAction":[{"@type":"ReadAction","target":["https:\/\/www.suno.com.br\/noticias\/acordo-mercosul-ue-comeca-fazer-agua-mourao\/"]}]},{"@type":"ImageObject","inLanguage":"pt-BR","@id":"https:\/\/www.suno.com.br\/noticias\/acordo-mercosul-ue-comeca-fazer-agua-mourao\/#primaryimage","url":"https:\/\/files.sunoresearch.com.br\/n\/uploads\/2019\/06\/d47d73e2-mercosul-jpg.webp","contentUrl":"https:\/\/files.sunoresearch.com.br\/n\/uploads\/2019\/06\/d47d73e2-mercosul-jpg.webp","width":780,"height":440,"caption":"O Acordo entre o Mercosul e a UE se arrasta desde o ano passado, pendente de aprova\u00e7\u00e3o pelos governos europeus"},{"@type":"BreadcrumbList","@id":"https:\/\/www.suno.com.br\/noticias\/acordo-mercosul-ue-comeca-fazer-agua-mourao\/#breadcrumb","itemListElement":[{"@type":"ListItem","position":1,"name":"Not\u00edcias","item":"https:\/\/www.suno.com.br\/noticias\/"},{"@type":"ListItem","position":2,"name":"Internacional","item":"https:\/\/www.suno.com.br\/noticias\/internacional\/"},{"@type":"ListItem","position":3,"name":"Acordo Mercosul-UE &#8220;parece que come\u00e7a a fazer \u00e1gua\u201d, diz Mour\u00e3o"}]},{"@type":"WebSite","@id":"https:\/\/www.suno.com.br\/noticias\/#website","url":"https:\/\/www.suno.com.br\/noticias\/","name":"Suno Not\u00edcias","description":"Seu portal de informa\u00e7\u00e3o sobre o mundo dos investimentos","publisher":{"@id":"https:\/\/www.suno.com.br\/noticias\/#organization"},"potentialAction":[{"@type":"SearchAction","target":{"@type":"EntryPoint","urlTemplate":"https:\/\/www.suno.com.br\/noticias\/?s={search_term_string}"},"query-input":{"@type":"PropertyValueSpecification","valueRequired":true,"valueName":"search_term_string"}}],"inLanguage":"pt-BR"},{"@type":"Organization","@id":"https:\/\/www.suno.com.br\/noticias\/#organization","name":"Suno Not\u00edcias","url":"https:\/\/www.suno.com.br\/noticias\/","logo":{"@type":"ImageObject","inLanguage":"pt-BR","@id":"https:\/\/www.suno.com.br\/noticias\/#\/schema\/logo\/image\/","url":"https:\/\/files.sunoresearch.com.br\/n\/uploads\/2021\/09\/suno-logo.png","contentUrl":"https:\/\/files.sunoresearch.com.br\/n\/uploads\/2021\/09\/suno-logo.png","width":180,"height":180,"caption":"Suno Not\u00edcias"},"image":{"@id":"https:\/\/www.suno.com.br\/noticias\/#\/schema\/logo\/image\/"},"sameAs":["https:\/\/facebook.com\/sunoresearch","https:\/\/x.com\/sunoresearch","https:\/\/www.instagram.com\/suno","https:\/\/www.linkedin.com\/company\/suno-research\/","https:\/\/www.youtube.com\/c\/sunoresearch"]},{"@type":"Person","@id":"https:\/\/www.suno.com.br\/noticias\/#\/schema\/person\/053a750a709a263919a20f976caae91c","name":"Arthur Guimar\u00e3es","image":{"@type":"ImageObject","inLanguage":"pt-BR","@id":"https:\/\/www.suno.com.br\/noticias\/#\/schema\/person\/image\/","url":"https:\/\/secure.gravatar.com\/avatar\/1affd86a11209ae09eb6dd3bcad3e96c?s=96&r=g","contentUrl":"https:\/\/secure.gravatar.com\/avatar\/1affd86a11209ae09eb6dd3bcad3e96c?s=96&r=g","caption":"Arthur Guimar\u00e3es"},"description":"Arthur Guimar\u00e3es escreve sobre pol\u00edtica, economia e neg\u00f3cios para o portal de not\u00edcias da Suno Research. Atualmente, \u00e9 estudante de jornalismo pela Faculdade C\u00e1sper L\u00edbero.","url":"https:\/\/www.suno.com.br\/noticias\/author\/arthur-guimaraes\/"}]}},"default_loop_html":"<div class=\"cardsPage__listCard__boxs\"><div class=\"cardsPage__listCard__boxs__img\"><a href=\"https:\/\/www.suno.com.br\/noticias\/acordo-mercosul-ue-comeca-fazer-agua-mourao\/\"><img class=\"mask\" src=\"https:\/\/www.suno.com.br\/noticias\/wp-content\/themes\/suno\/resources\/images\/spotlight\/spotlight1img\/bg-mask.png\" alt=\"Image Mask\"\/><img src=\"https:\/\/files.sunoresearch.com.br\/n\/uploads\/2019\/06\/d47d73e2-mercosul-400x200.webp\" alt=\"Acordo Mercosul-UE &#8220;parece que come\u00e7a a fazer \u00e1gua\u201d, diz Mour\u00e3o\"\/><\/a><span class=\"spotlightCategory\"><a href=\"https:\/\/www.suno.com.br\/noticias\/internacional\/\">Internacional<\/a><\/span><\/div><div class=\"cardsPage__listCard__boxs__content\"><a href=\"https:\/\/www.suno.com.br\/noticias\/acordo-mercosul-ue-comeca-fazer-agua-mourao\/\"><h2 class=\"content__title\">Acordo Mercosul-UE &#8220;parece que come\u00e7a a fazer \u00e1gua\u201d, diz Mour\u00e3o<\/h2><\/a><div class=\"newsContent__article__meta\"><div class=\"newsContent__article__meta__authorBox\"><a href=\"https:\/\/www.suno.com.br\/noticias\/author\/arthur-guimaraes\/\" class=\"authorBox__avatar noMobi\"><img src=\"https:\/\/files.sunoresearch.com.br\/n\/uploads\/2020\/02\/dfb40897-eu-150x150.webp\" alt=\"Arthur Guimar\u00e3es\"><\/a><div class=\"authorBox__name\"><span>por\n\t\t\t<a href=\"https:\/\/www.suno.com.br\/noticias\/author\/arthur-guimaraes\/\"><span itemprop=\"author\">Arthur Guimar\u00e3es<\/span><\/a><\/span><time datetime=\"2020-08-27T16:41:34-03:00\" itemprop=\"datePublished\">27\/08\/2020 16:41<\/time><\/div><\/div><\/div><\/div><\/div>","single_layout":"posts","amp_enabled":true,"_links":{"self":[{"href":"https:\/\/www.suno.com.br\/noticias\/wp-json\/wp\/v2\/posts\/81086"}],"collection":[{"href":"https:\/\/www.suno.com.br\/noticias\/wp-json\/wp\/v2\/posts"}],"about":[{"href":"https:\/\/www.suno.com.br\/noticias\/wp-json\/wp\/v2\/types\/post"}],"author":[{"embeddable":true,"href":"https:\/\/www.suno.com.br\/noticias\/wp-json\/wp\/v2\/users\/35"}],"replies":[{"embeddable":true,"href":"https:\/\/www.suno.com.br\/noticias\/wp-json\/wp\/v2\/comments?post=81086"}],"version-history":[{"count":0,"href":"https:\/\/www.suno.com.br\/noticias\/wp-json\/wp\/v2\/posts\/81086\/revisions"}],"wp:featuredmedia":[{"embeddable":true,"href":"https:\/\/www.suno.com.br\/noticias\/wp-json\/wp\/v2\/media\/29507"}],"wp:attachment":[{"href":"https:\/\/www.suno.com.br\/noticias\/wp-json\/wp\/v2\/media?parent=81086"}],"wp:term":[{"taxonomy":"category","embeddable":true,"href":"https:\/\/www.suno.com.br\/noticias\/wp-json\/wp\/v2\/categories?post=81086"},{"taxonomy":"post_tag","embeddable":true,"href":"https:\/\/www.suno.com.br\/noticias\/wp-json\/wp\/v2\/tags?post=81086"},{"taxonomy":"suno_strategy","embeddable":true,"href":"https:\/\/www.suno.com.br\/noticias\/wp-json\/wp\/v2\/suno_strategy?post=81086"}],"curies":[{"name":"wp","href":"https:\/\/api.w.org\/{rel}","templated":true}]}}