{"id":8093,"date":"2018-12-07T12:03:29","date_gmt":"2018-12-07T14:03:29","guid":{"rendered":"https:\/\/www.suno.com.br\/noticias\/?p=8093"},"modified":"2018-12-07T12:07:45","modified_gmt":"2018-12-07T14:07:45","slug":"huawei-canada-china","status":"publish","type":"post","link":"https:\/\/www.suno.com.br\/noticias\/huawei-canada-china\/","title":{"rendered":"Vice-presidente da Huawei ir\u00e1 a tribunal no Canad\u00e1 nesta sexta-feira"},"content":{"rendered":"<p>A vice-presidente financeira da empresa chinesa Huawei Technologies ir\u00e1 a tribunal de Vancouver nesta sexta-feira (07). Men Wanzhou, 46 anos, participar\u00e1 de uma audi\u00eancia de fian\u00e7a, enquanto aguarda poss\u00edvel extradi\u00e7\u00e3o para os EUA.<\/p>\t<div class=\"wrapper-featured-image\">\n\t\t<figure class=\"spotlightImg\">\n\n\t\t\t<picture>\n\t\t\t\t<source media=\"(max-width: 768px)\" srcset=\"https:\/\/files.sunoresearch.com.br\/n\/uploads\/2018\/12\/12cd7401-huawei-400x200.webp\">\n\t\t\t\t<img loading=\"lazy\" decoding=\"async\" class=\"newsContent__article__imgCapa lazyloadDisabled newsContent__article__imgCapa--noCaption\" src=\"https:\/\/files.sunoresearch.com.br\/n\/uploads\/2018\/12\/12cd7401-huawei-jpg.webp\" width=\"800\" height=\"450\" alt=\"Vice-presidente da Huawei ir\u00e1 a tribunal no Canad\u00e1 nesta sexta-feira\" fetchpriority=high \/>\n\t\t\t<\/picture>\n\n\t\t\t<figcaption class=\"wp-caption-text wp-caption-text--hide\">A vice-presidente da Huawei Technologias. (divulga\u00e7\u00e3o)<\/figcaption>\n\t\t<\/figure>\n\t<\/div>\n\n\n<p>Filha do fundador da <strong>Huawei<\/strong>,\u00a0Ren Zhengfei, Wanzhou foi presa em 1\u00ba de dezembro a pedido do governo norte-americano. A pris\u00e3o teria ocorrido como parte de uma investiga\u00e7\u00e3o referente a um suposto sistema banc\u00e1rio global para contornar as san\u00e7\u00f5es de Washington contra o Ir\u00e3.<\/p>\n<p><a href=\"https:\/\/www.suno.com.br\/noticias\/diretora-da-huawei-e-presa-no-canada-e-gera-protestos-da-china\/\">Saiba mais &#8211;\u00a0Diretora da Huawei \u00e9 presa no Canad\u00e1 e gera protestos da China\u00a0<\/a><\/p>\n<p>A empresa chinesa de\u00a0Ren Zhengfei \u00e9 a maior fabricante de equipamentos de telecomunica\u00e7\u00f5es da China. E segunda maior fabricante de smartphones do mundo. Neste ano, ela passou a Apple e perde apenas para a Samsung.<\/p>\n<p>Assim, o mercado financeiro atenta-se \u00e0 pris\u00e3o de Wanzhou e preocupa-se com a possibilidade do epis\u00f3dio agravar a <a href=\"https:\/\/www.suno.com.br\/artigos\/guerra-comercial\/\">guerra comercial<\/a>.<\/p>\n<p><a href=\"https:\/\/www.suno.com.br\/noticias\/meng-wanzhou-mulher-poderosa-tecnologia-chinesa\/\">Saiba mais &#8211;\u00a0Quem \u00e9 Meng Wanzhou, a mulher mais poderosa da tecnologia chin\u00easa\u00a0<\/a><\/p>\n<p>Os presidentes norte-americano e chin\u00eas, Donald Trump e Xi Jinping respectivamente, fizeram acordo de tr\u00e9gua na c\u00fapula do G20, no \u00faltimo s\u00e1bado.\u00a0Por 90 dias, os pa\u00edses concordaram em n\u00e3o ampliar as tarifas de importa\u00e7\u00e3o.<\/p>\n<p>Trump afirmou que n\u00e3o sabia sobre a pris\u00e3o antecipadamente, de acordo com a Reuters.<\/p>\n<p>O porta-voz do Minist\u00e9rio das Rela\u00e7\u00f5es Exteriores chin\u00eas, Geng Shuang, declarou hoje que nem o Canad\u00e1 e nem os EUA forneceram \u00e0 China evid\u00eancias de que Meng violou qualquer lei nesses dois pa\u00edses. Shuang ressaltou a exig\u00eancia de Pequim de que ela seja libertada.<\/p>\n<p>A <strong>Huawei<\/strong> Technologies se manifestou na confirma\u00e7\u00e3o da pris\u00e3o da vice-presidente e afirmou na quarta-feira (05) que\u00a0&#8220;a empresa recebeu poucas informa\u00e7\u00f5es sobre as acusa\u00e7\u00f5es e n\u00e3o tem conhecimento de qualquer irregularidade da Sra. Meng&#8221;.<\/p>\n","protected":false},"excerpt":{"rendered":"<p>A vice-presidente financeira da empresa chinesa Huawei Technologies ir\u00e1 a tribunal de Vancouver nesta sexta-feira (07). Men Wanzhou, 46 anos, participar\u00e1 de uma audi\u00eancia de fian\u00e7a, enquanto aguarda poss\u00edvel extradi\u00e7\u00e3o para os EUA. A vice-presidente da Huawei Technologias. (divulga\u00e7\u00e3o) Filha do fundador da Huawei,\u00a0Ren Zhengfei, Wanzhou foi presa em 1\u00ba de dezembro a pedido do [&hellip;]<\/p>\n","protected":false},"author":12,"featured_media":8097,"comment_status":"closed","ping_status":"closed","sticky":false,"template":"","format":"standard","meta":[],"categories":[63,64],"tags":[711,793],"suno_strategy":[],"class_list":["post-8093","post","type-post","status-publish","format-standard","has-post-thumbnail","hentry","category-internacional","category-negocios","tag-china","tag-estados-unidos-eua"],"yoast_head":"<!-- This site is optimized with the Yoast SEO plugin v24.4 - https:\/\/yoast.com\/wordpress\/plugins\/seo\/ -->\n<title>Vice-presidente da Huawei ir\u00e1 a tribunal no Canad\u00e1 nesta sexta-feira<\/title>\n<meta name=\"description\" content=\"A vice-presidente financeira da Huawei comparecer\u00e1 a tribunal de Vancouver nesta sexta-feira (07). Clique para saber mais.\" \/>\n<meta name=\"robots\" content=\"index, follow, max-snippet:-1, max-image-preview:large, max-video-preview:-1\" \/>\n<link rel=\"canonical\" href=\"https:\/\/www.suno.com.br\/noticias\/huawei-canada-china\/\" \/>\n<meta property=\"og:locale\" content=\"pt_BR\" \/>\n<meta property=\"og:type\" content=\"article\" \/>\n<meta property=\"og:title\" content=\"Vice-presidente da Huawei ir\u00e1 a tribunal no Canad\u00e1 nesta sexta-feira\" \/>\n<meta property=\"og:description\" content=\"A vice-presidente financeira da Huawei comparecer\u00e1 a tribunal de Vancouver nesta sexta-feira (07). Clique para saber mais.\" \/>\n<meta property=\"og:url\" content=\"https:\/\/www.suno.com.br\/noticias\/huawei-canada-china\/\" \/>\n<meta property=\"og:site_name\" content=\"Suno Not\u00edcias\" \/>\n<meta property=\"article:publisher\" content=\"https:\/\/facebook.com\/sunoresearch\" \/>\n<meta property=\"og:image\" content=\"https:\/\/files.sunoresearch.com.br\/n\/uploads\/2018\/12\/12cd7401-huawei.jpg\" \/>\n\t<meta property=\"og:image:width\" content=\"640\" \/>\n\t<meta property=\"og:image:height\" content=\"320\" \/>\n\t<meta property=\"og:image:type\" content=\"image\/jpeg\" \/>\n<meta name=\"author\" content=\"Amanda Gushiken\" \/>\n<meta name=\"twitter:card\" content=\"summary_large_image\" \/>\n<meta name=\"twitter:creator\" content=\"@sunoresearch\" \/>\n<meta name=\"twitter:site\" content=\"@sunoresearch\" \/>\n<meta name=\"twitter:label1\" content=\"Escrito por\" \/>\n\t<meta name=\"twitter:data1\" content=\"Amanda Gushiken\" \/>\n\t<meta name=\"twitter:label2\" content=\"Est. tempo de leitura\" \/>\n\t<meta name=\"twitter:data2\" content=\"2 minutos\" \/>\n<script type=\"application\/ld+json\" class=\"yoast-schema-graph\">{\"@context\":\"https:\/\/schema.org\",\"@graph\":[{\"@type\":\"NewsArticle\",\"@id\":\"https:\/\/www.suno.com.br\/noticias\/huawei-canada-china\/#article\",\"isPartOf\":{\"@id\":\"https:\/\/www.suno.com.br\/noticias\/huawei-canada-china\/\"},\"author\":{\"name\":\"Amanda Gushiken\",\"@id\":\"https:\/\/www.suno.com.br\/noticias\/#\/schema\/person\/a5b06fa4e879d8e8e119c6ed3cd630d1\"},\"headline\":\"Vice-presidente da Huawei ir\u00e1 a tribunal no Canad\u00e1 nesta sexta-feira\",\"datePublished\":\"2018-12-07T14:03:29+00:00\",\"dateModified\":\"2018-12-07T14:07:45+00:00\",\"mainEntityOfPage\":{\"@id\":\"https:\/\/www.suno.com.br\/noticias\/huawei-canada-china\/\"},\"wordCount\":322,\"publisher\":{\"@id\":\"https:\/\/www.suno.com.br\/noticias\/#organization\"},\"image\":{\"@id\":\"https:\/\/www.suno.com.br\/noticias\/huawei-canada-china\/#primaryimage\"},\"thumbnailUrl\":\"https:\/\/files.sunoresearch.com.br\/n\/uploads\/2018\/12\/12cd7401-huawei-jpg.webp\",\"keywords\":[\"China\",\"Estados Unidos (EUA)\"],\"articleSection\":[\"Internacional\",\"Neg\u00f3cios\"],\"inLanguage\":\"pt-BR\"},{\"@type\":\"WebPage\",\"@id\":\"https:\/\/www.suno.com.br\/noticias\/huawei-canada-china\/\",\"url\":\"https:\/\/www.suno.com.br\/noticias\/huawei-canada-china\/\",\"name\":\"Vice-presidente da Huawei ir\u00e1 a tribunal no Canad\u00e1 nesta sexta-feira\",\"isPartOf\":{\"@id\":\"https:\/\/www.suno.com.br\/noticias\/#website\"},\"primaryImageOfPage\":{\"@id\":\"https:\/\/www.suno.com.br\/noticias\/huawei-canada-china\/#primaryimage\"},\"image\":{\"@id\":\"https:\/\/www.suno.com.br\/noticias\/huawei-canada-china\/#primaryimage\"},\"thumbnailUrl\":\"https:\/\/files.sunoresearch.com.br\/n\/uploads\/2018\/12\/12cd7401-huawei-jpg.webp\",\"datePublished\":\"2018-12-07T14:03:29+00:00\",\"dateModified\":\"2018-12-07T14:07:45+00:00\",\"description\":\"A vice-presidente financeira da Huawei comparecer\u00e1 a tribunal de Vancouver nesta sexta-feira (07). Clique para saber mais.\",\"breadcrumb\":{\"@id\":\"https:\/\/www.suno.com.br\/noticias\/huawei-canada-china\/#breadcrumb\"},\"inLanguage\":\"pt-BR\",\"potentialAction\":[{\"@type\":\"ReadAction\",\"target\":[\"https:\/\/www.suno.com.br\/noticias\/huawei-canada-china\/\"]}]},{\"@type\":\"ImageObject\",\"inLanguage\":\"pt-BR\",\"@id\":\"https:\/\/www.suno.com.br\/noticias\/huawei-canada-china\/#primaryimage\",\"url\":\"https:\/\/files.sunoresearch.com.br\/n\/uploads\/2018\/12\/12cd7401-huawei-jpg.webp\",\"contentUrl\":\"https:\/\/files.sunoresearch.com.br\/n\/uploads\/2018\/12\/12cd7401-huawei-jpg.webp\",\"width\":640,\"height\":320,\"caption\":\"A vice-presidente da Huawei Technologias. (divulga\u00e7\u00e3o)\"},{\"@type\":\"BreadcrumbList\",\"@id\":\"https:\/\/www.suno.com.br\/noticias\/huawei-canada-china\/#breadcrumb\",\"itemListElement\":[{\"@type\":\"ListItem\",\"position\":1,\"name\":\"Not\u00edcias\",\"item\":\"https:\/\/www.suno.com.br\/noticias\/\"},{\"@type\":\"ListItem\",\"position\":2,\"name\":\"Internacional\",\"item\":\"https:\/\/www.suno.com.br\/noticias\/internacional\/\"},{\"@type\":\"ListItem\",\"position\":3,\"name\":\"Vice-presidente da Huawei ir\u00e1 a tribunal no Canad\u00e1 nesta sexta-feira\"}]},{\"@type\":\"WebSite\",\"@id\":\"https:\/\/www.suno.com.br\/noticias\/#website\",\"url\":\"https:\/\/www.suno.com.br\/noticias\/\",\"name\":\"Suno Not\u00edcias\",\"description\":\"Seu portal de informa\u00e7\u00e3o sobre o mundo dos investimentos\",\"publisher\":{\"@id\":\"https:\/\/www.suno.com.br\/noticias\/#organization\"},\"potentialAction\":[{\"@type\":\"SearchAction\",\"target\":{\"@type\":\"EntryPoint\",\"urlTemplate\":\"https:\/\/www.suno.com.br\/noticias\/?s={search_term_string}\"},\"query-input\":{\"@type\":\"PropertyValueSpecification\",\"valueRequired\":true,\"valueName\":\"search_term_string\"}}],\"inLanguage\":\"pt-BR\"},{\"@type\":\"Organization\",\"@id\":\"https:\/\/www.suno.com.br\/noticias\/#organization\",\"name\":\"Suno Not\u00edcias\",\"url\":\"https:\/\/www.suno.com.br\/noticias\/\",\"logo\":{\"@type\":\"ImageObject\",\"inLanguage\":\"pt-BR\",\"@id\":\"https:\/\/www.suno.com.br\/noticias\/#\/schema\/logo\/image\/\",\"url\":\"https:\/\/files.sunoresearch.com.br\/n\/uploads\/2021\/09\/suno-logo.png\",\"contentUrl\":\"https:\/\/files.sunoresearch.com.br\/n\/uploads\/2021\/09\/suno-logo.png\",\"width\":180,\"height\":180,\"caption\":\"Suno Not\u00edcias\"},\"image\":{\"@id\":\"https:\/\/www.suno.com.br\/noticias\/#\/schema\/logo\/image\/\"},\"sameAs\":[\"https:\/\/facebook.com\/sunoresearch\",\"https:\/\/x.com\/sunoresearch\",\"https:\/\/www.instagram.com\/suno\",\"https:\/\/www.linkedin.com\/company\/suno-research\/\",\"https:\/\/www.youtube.com\/c\/sunoresearch\"]},{\"@type\":\"Person\",\"@id\":\"https:\/\/www.suno.com.br\/noticias\/#\/schema\/person\/a5b06fa4e879d8e8e119c6ed3cd630d1\",\"name\":\"Amanda Gushiken\",\"image\":{\"@type\":\"ImageObject\",\"inLanguage\":\"pt-BR\",\"@id\":\"https:\/\/www.suno.com.br\/noticias\/#\/schema\/person\/image\/\",\"url\":\"https:\/\/secure.gravatar.com\/avatar\/ecd84705e6b65e3685ae80d725501fbe?s=96&r=g\",\"contentUrl\":\"https:\/\/secure.gravatar.com\/avatar\/ecd84705e6b65e3685ae80d725501fbe?s=96&r=g\",\"caption\":\"Amanda Gushiken\"},\"description\":\"Amanda Sayuri Gushiken escreve sobre finan\u00e7as e neg\u00f3cios para o portal Suno Not\u00edcias. Antes, trabalhou selecionando not\u00edcias da imprensa para clientes do mercado financeiro. Tamb\u00e9m desenvolveu pesquisa acad\u00eamica pela Universidade Anhembi Morumbi na \u00e1rea de Teorias da Comunica\u00e7\u00e3o e \u00e9 fot\u00f3grafa nas horas vagas.\",\"url\":\"https:\/\/www.suno.com.br\/noticias\/author\/amanda\/\"}]}<\/script>\n<!-- \/ Yoast SEO plugin. -->","yoast_head_json":{"title":"Vice-presidente da Huawei ir\u00e1 a tribunal no Canad\u00e1 nesta sexta-feira","description":"A vice-presidente financeira da Huawei comparecer\u00e1 a tribunal de Vancouver nesta sexta-feira (07). Clique para saber mais.","robots":{"index":"index","follow":"follow","max-snippet":"max-snippet:-1","max-image-preview":"max-image-preview:large","max-video-preview":"max-video-preview:-1"},"canonical":"https:\/\/www.suno.com.br\/noticias\/huawei-canada-china\/","og_locale":"pt_BR","og_type":"article","og_title":"Vice-presidente da Huawei ir\u00e1 a tribunal no Canad\u00e1 nesta sexta-feira","og_description":"A vice-presidente financeira da Huawei comparecer\u00e1 a tribunal de Vancouver nesta sexta-feira (07). Clique para saber mais.","og_url":"https:\/\/www.suno.com.br\/noticias\/huawei-canada-china\/","og_site_name":"Suno Not\u00edcias","article_publisher":"https:\/\/facebook.com\/sunoresearch","og_image":[{"width":640,"height":320,"url":"https:\/\/files.sunoresearch.com.br\/n\/uploads\/2018\/12\/12cd7401-huawei.jpg","type":"image\/jpeg"}],"author":"Amanda Gushiken","twitter_card":"summary_large_image","twitter_creator":"@sunoresearch","twitter_site":"@sunoresearch","twitter_misc":{"Escrito por":"Amanda Gushiken","Est. tempo de leitura":"2 minutos"},"schema":{"@context":"https:\/\/schema.org","@graph":[{"@type":"NewsArticle","@id":"https:\/\/www.suno.com.br\/noticias\/huawei-canada-china\/#article","isPartOf":{"@id":"https:\/\/www.suno.com.br\/noticias\/huawei-canada-china\/"},"author":{"name":"Amanda Gushiken","@id":"https:\/\/www.suno.com.br\/noticias\/#\/schema\/person\/a5b06fa4e879d8e8e119c6ed3cd630d1"},"headline":"Vice-presidente da Huawei ir\u00e1 a tribunal no Canad\u00e1 nesta sexta-feira","datePublished":"2018-12-07T14:03:29+00:00","dateModified":"2018-12-07T14:07:45+00:00","mainEntityOfPage":{"@id":"https:\/\/www.suno.com.br\/noticias\/huawei-canada-china\/"},"wordCount":322,"publisher":{"@id":"https:\/\/www.suno.com.br\/noticias\/#organization"},"image":{"@id":"https:\/\/www.suno.com.br\/noticias\/huawei-canada-china\/#primaryimage"},"thumbnailUrl":"https:\/\/files.sunoresearch.com.br\/n\/uploads\/2018\/12\/12cd7401-huawei-jpg.webp","keywords":["China","Estados Unidos (EUA)"],"articleSection":["Internacional","Neg\u00f3cios"],"inLanguage":"pt-BR"},{"@type":"WebPage","@id":"https:\/\/www.suno.com.br\/noticias\/huawei-canada-china\/","url":"https:\/\/www.suno.com.br\/noticias\/huawei-canada-china\/","name":"Vice-presidente da Huawei ir\u00e1 a tribunal no Canad\u00e1 nesta sexta-feira","isPartOf":{"@id":"https:\/\/www.suno.com.br\/noticias\/#website"},"primaryImageOfPage":{"@id":"https:\/\/www.suno.com.br\/noticias\/huawei-canada-china\/#primaryimage"},"image":{"@id":"https:\/\/www.suno.com.br\/noticias\/huawei-canada-china\/#primaryimage"},"thumbnailUrl":"https:\/\/files.sunoresearch.com.br\/n\/uploads\/2018\/12\/12cd7401-huawei-jpg.webp","datePublished":"2018-12-07T14:03:29+00:00","dateModified":"2018-12-07T14:07:45+00:00","description":"A vice-presidente financeira da Huawei comparecer\u00e1 a tribunal de Vancouver nesta sexta-feira (07). Clique para saber mais.","breadcrumb":{"@id":"https:\/\/www.suno.com.br\/noticias\/huawei-canada-china\/#breadcrumb"},"inLanguage":"pt-BR","potentialAction":[{"@type":"ReadAction","target":["https:\/\/www.suno.com.br\/noticias\/huawei-canada-china\/"]}]},{"@type":"ImageObject","inLanguage":"pt-BR","@id":"https:\/\/www.suno.com.br\/noticias\/huawei-canada-china\/#primaryimage","url":"https:\/\/files.sunoresearch.com.br\/n\/uploads\/2018\/12\/12cd7401-huawei-jpg.webp","contentUrl":"https:\/\/files.sunoresearch.com.br\/n\/uploads\/2018\/12\/12cd7401-huawei-jpg.webp","width":640,"height":320,"caption":"A vice-presidente da Huawei Technologias. (divulga\u00e7\u00e3o)"},{"@type":"BreadcrumbList","@id":"https:\/\/www.suno.com.br\/noticias\/huawei-canada-china\/#breadcrumb","itemListElement":[{"@type":"ListItem","position":1,"name":"Not\u00edcias","item":"https:\/\/www.suno.com.br\/noticias\/"},{"@type":"ListItem","position":2,"name":"Internacional","item":"https:\/\/www.suno.com.br\/noticias\/internacional\/"},{"@type":"ListItem","position":3,"name":"Vice-presidente da Huawei ir\u00e1 a tribunal no Canad\u00e1 nesta sexta-feira"}]},{"@type":"WebSite","@id":"https:\/\/www.suno.com.br\/noticias\/#website","url":"https:\/\/www.suno.com.br\/noticias\/","name":"Suno Not\u00edcias","description":"Seu portal de informa\u00e7\u00e3o sobre o mundo dos investimentos","publisher":{"@id":"https:\/\/www.suno.com.br\/noticias\/#organization"},"potentialAction":[{"@type":"SearchAction","target":{"@type":"EntryPoint","urlTemplate":"https:\/\/www.suno.com.br\/noticias\/?s={search_term_string}"},"query-input":{"@type":"PropertyValueSpecification","valueRequired":true,"valueName":"search_term_string"}}],"inLanguage":"pt-BR"},{"@type":"Organization","@id":"https:\/\/www.suno.com.br\/noticias\/#organization","name":"Suno Not\u00edcias","url":"https:\/\/www.suno.com.br\/noticias\/","logo":{"@type":"ImageObject","inLanguage":"pt-BR","@id":"https:\/\/www.suno.com.br\/noticias\/#\/schema\/logo\/image\/","url":"https:\/\/files.sunoresearch.com.br\/n\/uploads\/2021\/09\/suno-logo.png","contentUrl":"https:\/\/files.sunoresearch.com.br\/n\/uploads\/2021\/09\/suno-logo.png","width":180,"height":180,"caption":"Suno Not\u00edcias"},"image":{"@id":"https:\/\/www.suno.com.br\/noticias\/#\/schema\/logo\/image\/"},"sameAs":["https:\/\/facebook.com\/sunoresearch","https:\/\/x.com\/sunoresearch","https:\/\/www.instagram.com\/suno","https:\/\/www.linkedin.com\/company\/suno-research\/","https:\/\/www.youtube.com\/c\/sunoresearch"]},{"@type":"Person","@id":"https:\/\/www.suno.com.br\/noticias\/#\/schema\/person\/a5b06fa4e879d8e8e119c6ed3cd630d1","name":"Amanda Gushiken","image":{"@type":"ImageObject","inLanguage":"pt-BR","@id":"https:\/\/www.suno.com.br\/noticias\/#\/schema\/person\/image\/","url":"https:\/\/secure.gravatar.com\/avatar\/ecd84705e6b65e3685ae80d725501fbe?s=96&r=g","contentUrl":"https:\/\/secure.gravatar.com\/avatar\/ecd84705e6b65e3685ae80d725501fbe?s=96&r=g","caption":"Amanda Gushiken"},"description":"Amanda Sayuri Gushiken escreve sobre finan\u00e7as e neg\u00f3cios para o portal Suno Not\u00edcias. Antes, trabalhou selecionando not\u00edcias da imprensa para clientes do mercado financeiro. Tamb\u00e9m desenvolveu pesquisa acad\u00eamica pela Universidade Anhembi Morumbi na \u00e1rea de Teorias da Comunica\u00e7\u00e3o e \u00e9 fot\u00f3grafa nas horas vagas.","url":"https:\/\/www.suno.com.br\/noticias\/author\/amanda\/"}]}},"default_loop_html":"<div class=\"cardsPage__listCard__boxs\"><div class=\"cardsPage__listCard__boxs__img\"><a href=\"https:\/\/www.suno.com.br\/noticias\/huawei-canada-china\/\"><img class=\"mask\" src=\"https:\/\/www.suno.com.br\/noticias\/wp-content\/themes\/suno\/resources\/images\/spotlight\/spotlight1img\/bg-mask.png\" alt=\"Image Mask\"\/><img src=\"https:\/\/files.sunoresearch.com.br\/n\/uploads\/2018\/12\/12cd7401-huawei-400x200.webp\" alt=\"Vice-presidente da Huawei ir\u00e1 a tribunal no Canad\u00e1 nesta sexta-feira\"\/><\/a><span class=\"spotlightCategory\"><a href=\"https:\/\/www.suno.com.br\/noticias\/internacional\/\">Internacional<\/a><\/span><\/div><div class=\"cardsPage__listCard__boxs__content\"><a href=\"https:\/\/www.suno.com.br\/noticias\/huawei-canada-china\/\"><h2 class=\"content__title\">Vice-presidente da Huawei ir\u00e1 a tribunal no Canad\u00e1 nesta sexta-feira<\/h2><\/a><div class=\"newsContent__article__meta\"><div class=\"newsContent__article__meta__authorBox\"><a href=\"https:\/\/www.suno.com.br\/noticias\/author\/amanda\/\" class=\"authorBox__avatar noMobi\"><img src=\"https:\/\/files.sunoresearch.com.br\/n\/uploads\/2018\/11\/c6ad30be-amanda-150x150.webp\" alt=\"Amanda Gushiken\"><\/a><div class=\"authorBox__name\"><span>por\n\t\t\t<a href=\"https:\/\/www.suno.com.br\/noticias\/author\/amanda\/\"><span itemprop=\"author\">Amanda Gushiken<\/span><\/a><\/span><time datetime=\"2018-12-07T12:03:29-02:00\" itemprop=\"datePublished\">07\/12\/2018 12:03<\/time><\/div><\/div><\/div><\/div><\/div>","single_layout":"posts","amp_enabled":true,"_links":{"self":[{"href":"https:\/\/www.suno.com.br\/noticias\/wp-json\/wp\/v2\/posts\/8093"}],"collection":[{"href":"https:\/\/www.suno.com.br\/noticias\/wp-json\/wp\/v2\/posts"}],"about":[{"href":"https:\/\/www.suno.com.br\/noticias\/wp-json\/wp\/v2\/types\/post"}],"author":[{"embeddable":true,"href":"https:\/\/www.suno.com.br\/noticias\/wp-json\/wp\/v2\/users\/12"}],"replies":[{"embeddable":true,"href":"https:\/\/www.suno.com.br\/noticias\/wp-json\/wp\/v2\/comments?post=8093"}],"version-history":[{"count":0,"href":"https:\/\/www.suno.com.br\/noticias\/wp-json\/wp\/v2\/posts\/8093\/revisions"}],"wp:featuredmedia":[{"embeddable":true,"href":"https:\/\/www.suno.com.br\/noticias\/wp-json\/wp\/v2\/media\/8097"}],"wp:attachment":[{"href":"https:\/\/www.suno.com.br\/noticias\/wp-json\/wp\/v2\/media?parent=8093"}],"wp:term":[{"taxonomy":"category","embeddable":true,"href":"https:\/\/www.suno.com.br\/noticias\/wp-json\/wp\/v2\/categories?post=8093"},{"taxonomy":"post_tag","embeddable":true,"href":"https:\/\/www.suno.com.br\/noticias\/wp-json\/wp\/v2\/tags?post=8093"},{"taxonomy":"suno_strategy","embeddable":true,"href":"https:\/\/www.suno.com.br\/noticias\/wp-json\/wp\/v2\/suno_strategy?post=8093"}],"curies":[{"name":"wp","href":"https:\/\/api.w.org\/{rel}","templated":true}]}}