{"id":80836,"date":"2020-08-26T16:45:47","date_gmt":"2020-08-26T19:45:47","guid":{"rendered":"https:\/\/www.suno.com.br\/noticias\/?p=80836"},"modified":"2020-08-26T16:45:47","modified_gmt":"2020-08-26T19:45:47","slug":"renda-brasil-bolsonaro-proposta-suspensa","status":"publish","type":"post","link":"https:\/\/www.suno.com.br\/noticias\/renda-brasil-bolsonaro-proposta-suspensa\/","title":{"rendered":"Renda Brasil: Bolsonaro diz que a proposta atual est\u00e1 suspensa"},"content":{"rendered":"<p>O presidente da Rep\u00fablica, <a href=\"https:\/\/www.suno.com.br\/noticias\/tags\/bolsonaro\/\">Jair Bolsonaro<\/a> (sem partido) declarou nessa quarta-feira (26) que a atual proposta do<a href=\"https:\/\/www.suno.com.br\/noticias\/renda-brasil-governo-criara-programa-renda-minima\/\"><strong> Renda Brasil<\/strong> <\/a>est\u00e1 suspensa. A declara\u00e7\u00e3o foi feita quando o mandat\u00e1rio participava de um evento na <a href=\"https:\/\/www.suno.com.br\/acoes\/usim3\/\">Usiminas (USIM3<\/a>; <a href=\"https:\/\/www.suno.com.br\/acoes\/usim5\/\">USIM5<\/a>; <a href=\"https:\/\/www.suno.com.br\/acoes\/usim6\/\">USIM6<\/a>) em Minas Gerais.<\/p>\t<div class=\"wrapper-featured-image\">\n\t\t<figure class=\"spotlightImg\">\n\n\t\t\t<picture>\n\t\t\t\t<source media=\"(max-width: 768px)\" srcset=\"https:\/\/files.sunoresearch.com.br\/n\/uploads\/2020\/08\/1c054d17-bolsonaro-2-400x400-1-400x200.webp\">\n\t\t\t\t<img loading=\"lazy\" decoding=\"async\" class=\"newsContent__article__imgCapa lazyloadDisabled \" src=\"https:\/\/files.sunoresearch.com.br\/n\/uploads\/2020\/08\/1c054d17-bolsonaro-2-400x400-1-jpg.webp\" width=\"800\" height=\"450\" alt=\"Renda Brasil: Bolsonaro diz que a proposta atual est\u00e1 suspensa\" fetchpriority=high \/>\n\t\t\t<\/picture>\n\n\t\t\t<figcaption class=\"wp-caption-text wp-caption-text--show\">Bolsonaro falou com apoiadores nessa quarta-feira (4)<\/figcaption>\n\t\t<\/figure>\n\t<\/div>\n\n\n<div class=\"hubspot-form-wrapper\">\n\t<div id=\"single-form-target\"><\/div>\n<\/div>\n\n<p><strong>Bolsonaro<\/strong> explicou que &#8220;ontem discutimos a poss\u00edvel proposta o Renda Brasil, e falei est\u00e1 suspenso. A proposta como apareceu para mim n\u00e3o ser\u00e1 enviada ao parlamento. N\u00e3o posso tirar de pobre para dar a paup\u00e9rrimos&#8221;.<\/p>\n<p>O mandat\u00e1rio n\u00e3o pretende migrar recursos de outros programas sociais para custear o substituto do <strong>Bolsa<\/strong> <strong>Fam\u00edlia<\/strong>. Ele salientou que &#8220;n\u00e3o podemos fazer isso a\u00ed, como por exemplo, a quest\u00e3o do abono para quem ganha at\u00e9 2 sal\u00e1rios m\u00ednimos , que seria um 14\u00ba sal\u00e1rio, n\u00e3o podemos tirar isso de 12 milh\u00f5es de pessoas para dar ao Bolsa Fam\u00edlia, ao Renda Brasil ou como for chamar esse novo programa&#8221;.<\/p>\n<p><a href=\"https:\/\/lp.suno.com.br\/suno-one\/\">Suno One: o primeiro passo para alcan\u00e7ar a sua independ\u00eancia financeira. Acesse agora, \u00e9 gratuito!<\/a><\/p>\n<p>Segundo informou o jornal &#8216;O Globo&#8217;, o pol\u00edtico n\u00e3o estaria disposto a acabar com o <a href=\"https:\/\/www.suno.com.br\/artigos\/abono-salarial\/\">abono salarial.<\/a> Contudo, o benef\u00edcio seria o principal financiador do novo programa, de acordo com a proposta da equipe econ\u00f4mica de<a href=\"https:\/\/www.suno.com.br\/tudo-sobre\/paulo-guedes\/#:~:text=Paulo%20Roberto%20Nunes%20Guedes%2C%20mais,fundos%20de%20investimentos%20e%20empresas.\"> Paulo Guedes.<\/a><\/p>\n<p>Vale destacar que o Renda Brasil estava previsto para ser anunciado na \u00faltima ter\u00e7a-feira (26), com o an\u00fancio do Pr\u00f3-Brasil, mas seu anuncio foi adiado sem data prevista.<\/p>\n<p>Al\u00e9m disso, outro impasse relacionado ao Renda Brasil \u00e9 o valor a ser pago aos benefici\u00e1rios. <strong>Bolsonaro<\/strong> defende um valor maior do que a equipe econ\u00f4mica indicou na proposta, de cerca de R$ 270. Contudo, O ministro da Economia, Paulo Guedes, salientou na \u00faltima ter\u00e7a-feira que o valor s\u00f3 poder\u00e1 ser superior, se forem extintas as dedu\u00e7\u00f5es do <a href=\"https:\/\/www.suno.com.br\/artigos\/imposto-de-renda-guia\/\">Imposto de Renda da Pessoa F\u00edsica.<\/a><\/p>\n<h2>Renda Brasil deve entrar em vigor em janeiro de 2021<\/h2>\n<p>No evento da <strong>Usiminas<\/strong>, Bolsonaro ainda refor\u00e7ou que o aux\u00edlio emergencial de R$ 600, apelidado de <a href=\"https:\/\/www.suno.com.br\/noticias\/coronavoucher-entenda-como-funciona-auxilio-emergencial\/\"><strong>coronavoucher<\/strong><\/a>, ser\u00e1 prorrogado at\u00e9 o fim desse ano, uma vez que o Renda Brasil est\u00e1 previsto para entrar em vigor j\u00e1 em janeiro do ano que vem.<\/p>\n<p>Entretanto, o mandat\u00e1rio salientou que &#8220;ou o <strong>Brasil<\/strong> come\u00e7a a produzir, fazer o plano que interessa a todos n\u00f3s, que \u00e9 o emprego, o melhor plano social que existe, ou estamos fadados ao insucesso&#8221;.<\/p>\n<p>Ele ainda destacou &#8220;n\u00e3o posso fazer milagre e conto com cada um dos brasileiros para que possam fazer o melhor de si para tirar o Brasil da situa\u00e7\u00e3o dif\u00edcil que se encontra, que n\u00e3o \u00e9 de hoje. Precisamos gerar emprego, trabalhar, e que cada um, na medida do poss\u00edvel, busque seu sustento com o suor do pr\u00f3prio rosto&#8221;.<\/p>\n\t<div data-element=\"shortcode-read-more\" class=\"knowMore\">\n\t\t\t\t<span class=\"knowMore__title\">Veja tamb\u00e9m<\/span>\n\t\t\t\t<a class=\"knowMore__link\" href=\"https:\/\/www.suno.com.br\/noticias\/renda-brasil-r-300-cortes-despesas\/\">\n\t\t\tRenda Brasil: valor de R$ 300 exigir\u00e1 mais cortes de despesas\t\t<\/a>\n\t<\/div>\n\n\n<p>A estimativa \u00e9 que cerca de 20 milh\u00f5es a 21 milh\u00f5es de fam\u00edlias brasileiras devem contar com o aux\u00edlio do novo programa. O projeto est\u00e1 sendo preparado pelo Minist\u00e9rio da Economia, e tem o objetivo de substituir o atual Bolsa Fam\u00edlia, e n\u00e3o desamparar os trabalhadores informais que est\u00e3o recebendo o aux\u00edlio emergencial de R$ 600 durante a <a href=\"https:\/\/www.suno.com.br\/noticias\/tags\/pandemia\/\">pandemia<\/a>.<\/p>\n<p>O <strong>Renda<\/strong> <strong>Brasil<\/strong> dever\u00e1 amparar 14 milh\u00f5es de fam\u00edlias que hoje s\u00e3o cadastradas no Bolsa Fam\u00edlia, mais as 7 milh\u00f5es que est\u00e3o recebendo o coronavoucher.<\/p>\n\t<p>\n\t\t<a href=\"https:\/\/lp.suno.com.br\/planilha-de-controle-de-investimentos\/\" target=\"_blank\" data-element=\"shortcode-suno-banner\" title=\"Banner SUNO, clique e saiba mais\">\n\t\t\t<picture>\n\t\t\t\t<source media=\"(max-width: 500px)\" srcset=\"https:\/\/files.sunoresearch.com.br\/n\/uploads\/2023\/03\/400x300-Controle-de-Investimentos.png\">\n\t\t\t\t<img class=\"newsContent__article__imgCapa newsContent__article__imgCapa--banner\"\n\t\t\t\t\tsrc=\"https:\/\/files.sunoresearch.com.br\/n\/uploads\/2023\/03\/1420x240-Controle-de-Investimentos.png\"\n\t\t\t\t\tdata-promo-id=\"75934\"\t\t\t\t\t\t\t\t\t\twidth='1420' height='240'\t\t\t\t\talt=\"https:\/\/files.sunoresearch.com.br\/n\/uploads\/2023\/03\/1420x240-Controle-de-Investimentos.png\"\n\t\t\t\t>\n\t\t\t<\/picture>\n\t\t<\/a>\n\t<\/p>\n\n\n","protected":false},"excerpt":{"rendered":"<p>O presidente da Rep\u00fablica, Jair Bolsonaro (sem partido) declarou nessa quarta-feira (26) que a atual proposta do Renda Brasil est\u00e1 suspensa. A declara\u00e7\u00e3o foi feita quando o mandat\u00e1rio participava de um evento na Usiminas (USIM3; USIM5; USIM6) em Minas Gerais. Bolsonaro falou com apoiadores nessa quarta-feira (4) Bolsonaro explicou que &#8220;ontem discutimos a poss\u00edvel proposta [&hellip;]<\/p>\n","protected":false},"author":39,"featured_media":80843,"comment_status":"closed","ping_status":"closed","sticky":false,"template":"","format":"standard","meta":[],"categories":[62],"tags":[719,94616,675],"suno_strategy":[],"class_list":["post-80836","post","type-post","status-publish","format-standard","has-post-thumbnail","hentry","category-economia","tag-jair-bolsonaro","tag-renda-brasil","tag-usiminas"],"yoast_head":"<!-- This site is optimized with the Yoast SEO plugin v24.4 - https:\/\/yoast.com\/wordpress\/plugins\/seo\/ -->\n<title>Renda Brasil: Bolsonaro diz que a proposta atual est\u00e1 suspensa<\/title>\n<meta name=\"description\" content=\"O presidente Jair Bolsonaro declarou nessa quarta-feira que a atual proposta do Renda Brasil est\u00e1 suspensa. Clique aqui para saber mais.\" \/>\n<meta name=\"robots\" content=\"index, follow, max-snippet:-1, max-image-preview:large, max-video-preview:-1\" \/>\n<link rel=\"canonical\" href=\"https:\/\/www.suno.com.br\/noticias\/renda-brasil-bolsonaro-proposta-suspensa\/\" \/>\n<meta property=\"og:locale\" content=\"pt_BR\" \/>\n<meta property=\"og:type\" content=\"article\" \/>\n<meta property=\"og:title\" content=\"Renda Brasil: Bolsonaro diz que a proposta atual est\u00e1 suspensa\" \/>\n<meta property=\"og:description\" content=\"O presidente Jair Bolsonaro declarou nessa quarta-feira que a atual proposta do Renda Brasil est\u00e1 suspensa. Clique aqui para saber mais.\" \/>\n<meta property=\"og:url\" content=\"https:\/\/www.suno.com.br\/noticias\/renda-brasil-bolsonaro-proposta-suspensa\/\" \/>\n<meta property=\"og:site_name\" content=\"Suno Not\u00edcias\" \/>\n<meta property=\"article:publisher\" content=\"https:\/\/facebook.com\/sunoresearch\" \/>\n<meta property=\"og:image\" content=\"https:\/\/files.sunoresearch.com.br\/n\/uploads\/2020\/08\/1c054d17-bolsonaro-2-400x400-1.jpg\" \/>\n\t<meta property=\"og:image:width\" content=\"400\" \/>\n\t<meta property=\"og:image:height\" content=\"400\" \/>\n\t<meta property=\"og:image:type\" content=\"image\/jpeg\" \/>\n<meta name=\"author\" content=\"Laura Moutinho\" \/>\n<meta name=\"twitter:card\" content=\"summary_large_image\" \/>\n<meta name=\"twitter:creator\" content=\"@sunoresearch\" \/>\n<meta name=\"twitter:site\" content=\"@sunoresearch\" \/>\n<meta name=\"twitter:label1\" content=\"Escrito por\" \/>\n\t<meta name=\"twitter:data1\" content=\"Laura Moutinho\" \/>\n\t<meta name=\"twitter:label2\" content=\"Est. tempo de leitura\" \/>\n\t<meta name=\"twitter:data2\" content=\"3 minutos\" \/>\n<script type=\"application\/ld+json\" class=\"yoast-schema-graph\">{\"@context\":\"https:\/\/schema.org\",\"@graph\":[{\"@type\":\"NewsArticle\",\"@id\":\"https:\/\/www.suno.com.br\/noticias\/renda-brasil-bolsonaro-proposta-suspensa\/#article\",\"isPartOf\":{\"@id\":\"https:\/\/www.suno.com.br\/noticias\/renda-brasil-bolsonaro-proposta-suspensa\/\"},\"author\":{\"name\":\"Laura Moutinho\",\"@id\":\"https:\/\/www.suno.com.br\/noticias\/#\/schema\/person\/3df0d2808748b74496efe5dbeaef2c72\"},\"headline\":\"Renda Brasil: Bolsonaro diz que a proposta atual est\u00e1 suspensa\",\"datePublished\":\"2020-08-26T19:45:47+00:00\",\"mainEntityOfPage\":{\"@id\":\"https:\/\/www.suno.com.br\/noticias\/renda-brasil-bolsonaro-proposta-suspensa\/\"},\"wordCount\":592,\"publisher\":{\"@id\":\"https:\/\/www.suno.com.br\/noticias\/#organization\"},\"image\":{\"@id\":\"https:\/\/www.suno.com.br\/noticias\/renda-brasil-bolsonaro-proposta-suspensa\/#primaryimage\"},\"thumbnailUrl\":\"https:\/\/files.sunoresearch.com.br\/n\/uploads\/2020\/08\/1c054d17-bolsonaro-2-400x400-1-jpg.webp\",\"keywords\":[\"Jair Bolsonaro\",\"Renda Brasil\",\"Usiminas\"],\"articleSection\":[\"Economia\"],\"inLanguage\":\"pt-BR\"},{\"@type\":\"WebPage\",\"@id\":\"https:\/\/www.suno.com.br\/noticias\/renda-brasil-bolsonaro-proposta-suspensa\/\",\"url\":\"https:\/\/www.suno.com.br\/noticias\/renda-brasil-bolsonaro-proposta-suspensa\/\",\"name\":\"Renda Brasil: Bolsonaro diz que a proposta atual est\u00e1 suspensa\",\"isPartOf\":{\"@id\":\"https:\/\/www.suno.com.br\/noticias\/#website\"},\"primaryImageOfPage\":{\"@id\":\"https:\/\/www.suno.com.br\/noticias\/renda-brasil-bolsonaro-proposta-suspensa\/#primaryimage\"},\"image\":{\"@id\":\"https:\/\/www.suno.com.br\/noticias\/renda-brasil-bolsonaro-proposta-suspensa\/#primaryimage\"},\"thumbnailUrl\":\"https:\/\/files.sunoresearch.com.br\/n\/uploads\/2020\/08\/1c054d17-bolsonaro-2-400x400-1-jpg.webp\",\"datePublished\":\"2020-08-26T19:45:47+00:00\",\"description\":\"O presidente Jair Bolsonaro declarou nessa quarta-feira que a atual proposta do Renda Brasil est\u00e1 suspensa. Clique aqui para saber mais.\",\"breadcrumb\":{\"@id\":\"https:\/\/www.suno.com.br\/noticias\/renda-brasil-bolsonaro-proposta-suspensa\/#breadcrumb\"},\"inLanguage\":\"pt-BR\",\"potentialAction\":[{\"@type\":\"ReadAction\",\"target\":[\"https:\/\/www.suno.com.br\/noticias\/renda-brasil-bolsonaro-proposta-suspensa\/\"]}]},{\"@type\":\"ImageObject\",\"inLanguage\":\"pt-BR\",\"@id\":\"https:\/\/www.suno.com.br\/noticias\/renda-brasil-bolsonaro-proposta-suspensa\/#primaryimage\",\"url\":\"https:\/\/files.sunoresearch.com.br\/n\/uploads\/2020\/08\/1c054d17-bolsonaro-2-400x400-1-jpg.webp\",\"contentUrl\":\"https:\/\/files.sunoresearch.com.br\/n\/uploads\/2020\/08\/1c054d17-bolsonaro-2-400x400-1-jpg.webp\",\"width\":400,\"height\":400,\"caption\":\"Bolsonaro falou com apoiadores nessa quarta-feira (4)\"},{\"@type\":\"BreadcrumbList\",\"@id\":\"https:\/\/www.suno.com.br\/noticias\/renda-brasil-bolsonaro-proposta-suspensa\/#breadcrumb\",\"itemListElement\":[{\"@type\":\"ListItem\",\"position\":1,\"name\":\"Not\u00edcias\",\"item\":\"https:\/\/www.suno.com.br\/noticias\/\"},{\"@type\":\"ListItem\",\"position\":2,\"name\":\"Economia\",\"item\":\"https:\/\/www.suno.com.br\/noticias\/economia\/\"},{\"@type\":\"ListItem\",\"position\":3,\"name\":\"Renda Brasil: Bolsonaro diz que a proposta atual est\u00e1 suspensa\"}]},{\"@type\":\"WebSite\",\"@id\":\"https:\/\/www.suno.com.br\/noticias\/#website\",\"url\":\"https:\/\/www.suno.com.br\/noticias\/\",\"name\":\"Suno Not\u00edcias\",\"description\":\"Seu portal de informa\u00e7\u00e3o sobre o mundo dos investimentos\",\"publisher\":{\"@id\":\"https:\/\/www.suno.com.br\/noticias\/#organization\"},\"potentialAction\":[{\"@type\":\"SearchAction\",\"target\":{\"@type\":\"EntryPoint\",\"urlTemplate\":\"https:\/\/www.suno.com.br\/noticias\/?s={search_term_string}\"},\"query-input\":{\"@type\":\"PropertyValueSpecification\",\"valueRequired\":true,\"valueName\":\"search_term_string\"}}],\"inLanguage\":\"pt-BR\"},{\"@type\":\"Organization\",\"@id\":\"https:\/\/www.suno.com.br\/noticias\/#organization\",\"name\":\"Suno Not\u00edcias\",\"url\":\"https:\/\/www.suno.com.br\/noticias\/\",\"logo\":{\"@type\":\"ImageObject\",\"inLanguage\":\"pt-BR\",\"@id\":\"https:\/\/www.suno.com.br\/noticias\/#\/schema\/logo\/image\/\",\"url\":\"https:\/\/files.sunoresearch.com.br\/n\/uploads\/2021\/09\/suno-logo.png\",\"contentUrl\":\"https:\/\/files.sunoresearch.com.br\/n\/uploads\/2021\/09\/suno-logo.png\",\"width\":180,\"height\":180,\"caption\":\"Suno Not\u00edcias\"},\"image\":{\"@id\":\"https:\/\/www.suno.com.br\/noticias\/#\/schema\/logo\/image\/\"},\"sameAs\":[\"https:\/\/facebook.com\/sunoresearch\",\"https:\/\/x.com\/sunoresearch\",\"https:\/\/www.instagram.com\/suno\",\"https:\/\/www.linkedin.com\/company\/suno-research\/\",\"https:\/\/www.youtube.com\/c\/sunoresearch\"]},{\"@type\":\"Person\",\"@id\":\"https:\/\/www.suno.com.br\/noticias\/#\/schema\/person\/3df0d2808748b74496efe5dbeaef2c72\",\"name\":\"Laura Moutinho\",\"image\":{\"@type\":\"ImageObject\",\"inLanguage\":\"pt-BR\",\"@id\":\"https:\/\/www.suno.com.br\/noticias\/#\/schema\/person\/image\/\",\"url\":\"https:\/\/secure.gravatar.com\/avatar\/7571c7c8ca3a6fca5e41384ece5557ff?s=96&r=g\",\"contentUrl\":\"https:\/\/secure.gravatar.com\/avatar\/7571c7c8ca3a6fca5e41384ece5557ff?s=96&r=g\",\"caption\":\"Laura Moutinho\"},\"description\":\"Estagi\u00e1ria na Suno Not\u00edcias, escreve not\u00edcias que afetam o mercado financeiro. Estuda administra\u00e7\u00e3o na Universidade Presbiteriana Mackenzie.\",\"url\":\"https:\/\/www.suno.com.br\/noticias\/author\/laura-moutinho\/\"}]}<\/script>\n<!-- \/ Yoast SEO plugin. -->","yoast_head_json":{"title":"Renda Brasil: Bolsonaro diz que a proposta atual est\u00e1 suspensa","description":"O presidente Jair Bolsonaro declarou nessa quarta-feira que a atual proposta do Renda Brasil est\u00e1 suspensa. Clique aqui para saber mais.","robots":{"index":"index","follow":"follow","max-snippet":"max-snippet:-1","max-image-preview":"max-image-preview:large","max-video-preview":"max-video-preview:-1"},"canonical":"https:\/\/www.suno.com.br\/noticias\/renda-brasil-bolsonaro-proposta-suspensa\/","og_locale":"pt_BR","og_type":"article","og_title":"Renda Brasil: Bolsonaro diz que a proposta atual est\u00e1 suspensa","og_description":"O presidente Jair Bolsonaro declarou nessa quarta-feira que a atual proposta do Renda Brasil est\u00e1 suspensa. Clique aqui para saber mais.","og_url":"https:\/\/www.suno.com.br\/noticias\/renda-brasil-bolsonaro-proposta-suspensa\/","og_site_name":"Suno Not\u00edcias","article_publisher":"https:\/\/facebook.com\/sunoresearch","og_image":[{"width":400,"height":400,"url":"https:\/\/files.sunoresearch.com.br\/n\/uploads\/2020\/08\/1c054d17-bolsonaro-2-400x400-1.jpg","type":"image\/jpeg"}],"author":"Laura Moutinho","twitter_card":"summary_large_image","twitter_creator":"@sunoresearch","twitter_site":"@sunoresearch","twitter_misc":{"Escrito por":"Laura Moutinho","Est. tempo de leitura":"3 minutos"},"schema":{"@context":"https:\/\/schema.org","@graph":[{"@type":"NewsArticle","@id":"https:\/\/www.suno.com.br\/noticias\/renda-brasil-bolsonaro-proposta-suspensa\/#article","isPartOf":{"@id":"https:\/\/www.suno.com.br\/noticias\/renda-brasil-bolsonaro-proposta-suspensa\/"},"author":{"name":"Laura Moutinho","@id":"https:\/\/www.suno.com.br\/noticias\/#\/schema\/person\/3df0d2808748b74496efe5dbeaef2c72"},"headline":"Renda Brasil: Bolsonaro diz que a proposta atual est\u00e1 suspensa","datePublished":"2020-08-26T19:45:47+00:00","mainEntityOfPage":{"@id":"https:\/\/www.suno.com.br\/noticias\/renda-brasil-bolsonaro-proposta-suspensa\/"},"wordCount":592,"publisher":{"@id":"https:\/\/www.suno.com.br\/noticias\/#organization"},"image":{"@id":"https:\/\/www.suno.com.br\/noticias\/renda-brasil-bolsonaro-proposta-suspensa\/#primaryimage"},"thumbnailUrl":"https:\/\/files.sunoresearch.com.br\/n\/uploads\/2020\/08\/1c054d17-bolsonaro-2-400x400-1-jpg.webp","keywords":["Jair Bolsonaro","Renda Brasil","Usiminas"],"articleSection":["Economia"],"inLanguage":"pt-BR"},{"@type":"WebPage","@id":"https:\/\/www.suno.com.br\/noticias\/renda-brasil-bolsonaro-proposta-suspensa\/","url":"https:\/\/www.suno.com.br\/noticias\/renda-brasil-bolsonaro-proposta-suspensa\/","name":"Renda Brasil: Bolsonaro diz que a proposta atual est\u00e1 suspensa","isPartOf":{"@id":"https:\/\/www.suno.com.br\/noticias\/#website"},"primaryImageOfPage":{"@id":"https:\/\/www.suno.com.br\/noticias\/renda-brasil-bolsonaro-proposta-suspensa\/#primaryimage"},"image":{"@id":"https:\/\/www.suno.com.br\/noticias\/renda-brasil-bolsonaro-proposta-suspensa\/#primaryimage"},"thumbnailUrl":"https:\/\/files.sunoresearch.com.br\/n\/uploads\/2020\/08\/1c054d17-bolsonaro-2-400x400-1-jpg.webp","datePublished":"2020-08-26T19:45:47+00:00","description":"O presidente Jair Bolsonaro declarou nessa quarta-feira que a atual proposta do Renda Brasil est\u00e1 suspensa. Clique aqui para saber mais.","breadcrumb":{"@id":"https:\/\/www.suno.com.br\/noticias\/renda-brasil-bolsonaro-proposta-suspensa\/#breadcrumb"},"inLanguage":"pt-BR","potentialAction":[{"@type":"ReadAction","target":["https:\/\/www.suno.com.br\/noticias\/renda-brasil-bolsonaro-proposta-suspensa\/"]}]},{"@type":"ImageObject","inLanguage":"pt-BR","@id":"https:\/\/www.suno.com.br\/noticias\/renda-brasil-bolsonaro-proposta-suspensa\/#primaryimage","url":"https:\/\/files.sunoresearch.com.br\/n\/uploads\/2020\/08\/1c054d17-bolsonaro-2-400x400-1-jpg.webp","contentUrl":"https:\/\/files.sunoresearch.com.br\/n\/uploads\/2020\/08\/1c054d17-bolsonaro-2-400x400-1-jpg.webp","width":400,"height":400,"caption":"Bolsonaro falou com apoiadores nessa quarta-feira (4)"},{"@type":"BreadcrumbList","@id":"https:\/\/www.suno.com.br\/noticias\/renda-brasil-bolsonaro-proposta-suspensa\/#breadcrumb","itemListElement":[{"@type":"ListItem","position":1,"name":"Not\u00edcias","item":"https:\/\/www.suno.com.br\/noticias\/"},{"@type":"ListItem","position":2,"name":"Economia","item":"https:\/\/www.suno.com.br\/noticias\/economia\/"},{"@type":"ListItem","position":3,"name":"Renda Brasil: Bolsonaro diz que a proposta atual est\u00e1 suspensa"}]},{"@type":"WebSite","@id":"https:\/\/www.suno.com.br\/noticias\/#website","url":"https:\/\/www.suno.com.br\/noticias\/","name":"Suno Not\u00edcias","description":"Seu portal de informa\u00e7\u00e3o sobre o mundo dos investimentos","publisher":{"@id":"https:\/\/www.suno.com.br\/noticias\/#organization"},"potentialAction":[{"@type":"SearchAction","target":{"@type":"EntryPoint","urlTemplate":"https:\/\/www.suno.com.br\/noticias\/?s={search_term_string}"},"query-input":{"@type":"PropertyValueSpecification","valueRequired":true,"valueName":"search_term_string"}}],"inLanguage":"pt-BR"},{"@type":"Organization","@id":"https:\/\/www.suno.com.br\/noticias\/#organization","name":"Suno Not\u00edcias","url":"https:\/\/www.suno.com.br\/noticias\/","logo":{"@type":"ImageObject","inLanguage":"pt-BR","@id":"https:\/\/www.suno.com.br\/noticias\/#\/schema\/logo\/image\/","url":"https:\/\/files.sunoresearch.com.br\/n\/uploads\/2021\/09\/suno-logo.png","contentUrl":"https:\/\/files.sunoresearch.com.br\/n\/uploads\/2021\/09\/suno-logo.png","width":180,"height":180,"caption":"Suno Not\u00edcias"},"image":{"@id":"https:\/\/www.suno.com.br\/noticias\/#\/schema\/logo\/image\/"},"sameAs":["https:\/\/facebook.com\/sunoresearch","https:\/\/x.com\/sunoresearch","https:\/\/www.instagram.com\/suno","https:\/\/www.linkedin.com\/company\/suno-research\/","https:\/\/www.youtube.com\/c\/sunoresearch"]},{"@type":"Person","@id":"https:\/\/www.suno.com.br\/noticias\/#\/schema\/person\/3df0d2808748b74496efe5dbeaef2c72","name":"Laura Moutinho","image":{"@type":"ImageObject","inLanguage":"pt-BR","@id":"https:\/\/www.suno.com.br\/noticias\/#\/schema\/person\/image\/","url":"https:\/\/secure.gravatar.com\/avatar\/7571c7c8ca3a6fca5e41384ece5557ff?s=96&r=g","contentUrl":"https:\/\/secure.gravatar.com\/avatar\/7571c7c8ca3a6fca5e41384ece5557ff?s=96&r=g","caption":"Laura Moutinho"},"description":"Estagi\u00e1ria na Suno Not\u00edcias, escreve not\u00edcias que afetam o mercado financeiro. Estuda administra\u00e7\u00e3o na Universidade Presbiteriana Mackenzie.","url":"https:\/\/www.suno.com.br\/noticias\/author\/laura-moutinho\/"}]}},"default_loop_html":"<div class=\"cardsPage__listCard__boxs\"><div class=\"cardsPage__listCard__boxs__img\"><a href=\"https:\/\/www.suno.com.br\/noticias\/renda-brasil-bolsonaro-proposta-suspensa\/\"><img class=\"mask\" src=\"https:\/\/www.suno.com.br\/noticias\/wp-content\/themes\/suno\/resources\/images\/spotlight\/spotlight1img\/bg-mask.png\" alt=\"Image Mask\"\/><img src=\"https:\/\/files.sunoresearch.com.br\/n\/uploads\/2020\/08\/1c054d17-bolsonaro-2-400x400-1-400x200.webp\" alt=\"Renda Brasil: Bolsonaro diz que a proposta atual est\u00e1 suspensa\"\/><\/a><span class=\"spotlightCategory\"><a href=\"https:\/\/www.suno.com.br\/noticias\/economia\/\">Economia<\/a><\/span><\/div><div class=\"cardsPage__listCard__boxs__content\"><a href=\"https:\/\/www.suno.com.br\/noticias\/renda-brasil-bolsonaro-proposta-suspensa\/\"><h2 class=\"content__title\">Renda Brasil: Bolsonaro diz que a proposta atual est\u00e1 suspensa<\/h2><\/a><div class=\"newsContent__article__meta\"><div class=\"newsContent__article__meta__authorBox\"><a href=\"https:\/\/www.suno.com.br\/noticias\/author\/laura-moutinho\/\" class=\"authorBox__avatar noMobi\"><img src=\"https:\/\/files.sunoresearch.com.br\/n\/uploads\/2020\/08\/531ff69d-whatsapp-image-2020-08-03-at-14.54.38-150x150.webp\" alt=\"Laura Moutinho\"><\/a><div class=\"authorBox__name\"><span>por\n\t\t\t<a href=\"https:\/\/www.suno.com.br\/noticias\/author\/laura-moutinho\/\"><span itemprop=\"author\">Laura Moutinho<\/span><\/a><\/span><time datetime=\"2020-08-26T16:45:47-03:00\" itemprop=\"datePublished\">26\/08\/2020 16:45<\/time><\/div><\/div><\/div><\/div><\/div>","single_layout":"posts","amp_enabled":true,"_links":{"self":[{"href":"https:\/\/www.suno.com.br\/noticias\/wp-json\/wp\/v2\/posts\/80836"}],"collection":[{"href":"https:\/\/www.suno.com.br\/noticias\/wp-json\/wp\/v2\/posts"}],"about":[{"href":"https:\/\/www.suno.com.br\/noticias\/wp-json\/wp\/v2\/types\/post"}],"author":[{"embeddable":true,"href":"https:\/\/www.suno.com.br\/noticias\/wp-json\/wp\/v2\/users\/39"}],"replies":[{"embeddable":true,"href":"https:\/\/www.suno.com.br\/noticias\/wp-json\/wp\/v2\/comments?post=80836"}],"version-history":[{"count":0,"href":"https:\/\/www.suno.com.br\/noticias\/wp-json\/wp\/v2\/posts\/80836\/revisions"}],"wp:featuredmedia":[{"embeddable":true,"href":"https:\/\/www.suno.com.br\/noticias\/wp-json\/wp\/v2\/media\/80843"}],"wp:attachment":[{"href":"https:\/\/www.suno.com.br\/noticias\/wp-json\/wp\/v2\/media?parent=80836"}],"wp:term":[{"taxonomy":"category","embeddable":true,"href":"https:\/\/www.suno.com.br\/noticias\/wp-json\/wp\/v2\/categories?post=80836"},{"taxonomy":"post_tag","embeddable":true,"href":"https:\/\/www.suno.com.br\/noticias\/wp-json\/wp\/v2\/tags?post=80836"},{"taxonomy":"suno_strategy","embeddable":true,"href":"https:\/\/www.suno.com.br\/noticias\/wp-json\/wp\/v2\/suno_strategy?post=80836"}],"curies":[{"name":"wp","href":"https:\/\/api.w.org\/{rel}","templated":true}]}}