{"id":80833,"date":"2020-08-26T16:35:42","date_gmt":"2020-08-26T19:35:42","guid":{"rendered":"https:\/\/www.suno.com.br\/noticias\/?p=80833"},"modified":"2020-09-30T17:23:09","modified_gmt":"2020-09-30T20:23:09","slug":"argentina-inicia-formalmente-negociacoes-fmi","status":"publish","type":"post","link":"https:\/\/www.suno.com.br\/noticias\/argentina-inicia-formalmente-negociacoes-fmi\/","title":{"rendered":"Argentina inicia formalmente as negocia\u00e7\u00f5es com o FMI"},"content":{"rendered":"<p>O ministro da Economia da <strong>Argentina<\/strong>, Mart\u00edn Guzm\u00e1n, anunciou nesta quarta-feira (26) o in\u00edcio formal das negocia\u00e7\u00f5es com o <a href=\"https:\/\/www.suno.com.br\/artigos\/fmi\/\">Fundo Monet\u00e1rio Internacional (FMI)<\/a>. O Pa\u00eds visa implementar um novo programa com o \u00f3rg\u00e3o mundial para reestruturar sua <a href=\"https:\/\/www.suno.com.br\/artigos\/divida-publica\/\">d\u00edvida p\u00fablica<\/a>.<\/p>\t<div class=\"wrapper-featured-image\">\n\t\t<figure class=\"spotlightImg\">\n\n\t\t\t<picture>\n\t\t\t\t<source media=\"(max-width: 768px)\" srcset=\"https:\/\/files.sunoresearch.com.br\/n\/uploads\/2020\/08\/0407e6ad-2019-12-11t230934z_1284575298_rc2btd952joz_rtrmadp_3_argentina-economy-400x200.webp\">\n\t\t\t\t<img loading=\"lazy\" decoding=\"async\" class=\"newsContent__article__imgCapa lazyloadDisabled \" src=\"https:\/\/files.sunoresearch.com.br\/n\/uploads\/2020\/08\/0407e6ad-2019-12-11t230934z_1284575298_rc2btd952joz_rtrmadp_3_argentina-economy-800x450.webp\" width=\"800\" height=\"450\" alt=\"Argentina inicia formalmente as negocia\u00e7\u00f5es com o FMI\" fetchpriority=high \/>\n\t\t\t<\/picture>\n\n\t\t\t<figcaption class=\"wp-caption-text wp-caption-text--show\">Argentina quer fechar acordo com o FMI at\u00e9 o come\u00e7o do ano que vem. <\/figcaption>\n\t\t<\/figure>\n\t<\/div>\n\n\n<div class=\"hubspot-form-wrapper\">\n\t<div id=\"single-form-target\"><\/div>\n<\/div>\n\n<p>Em uma carta \u00e0 diretora-geral do <strong>FMI<\/strong>, <strong>Kristalina Georgieva<\/strong>, o ministro da Economia da Argentina e o presidente do banco central solicitaram negocia\u00e7\u00f5es formais, que levariam a um novo programa para suceder o &#8220;acordo stand-by de 2018, que j\u00e1 foi cancelado&#8221;.<\/p>\n<p>O FMI concordou em lan\u00e7ar um programa de financiamento de US$ 57 bilh\u00f5es (cerca de R$ 315,8 bilh\u00f5es) para a Argentina em 2018, sob a administra\u00e7\u00e3o anterior de <strong>Mauricio Macri<\/strong>.<\/p>\n<p><a href=\"https:\/\/lp.suno.com.br\/suno-one\/\">Suno One: acesse gratuitamente eBooks, Minicursos, Artigos e Video Aulas sobre investimentos com um \u00fanico cadastro. Clique para saber mais!<\/a><\/p>\n<p>&#8220;Estamos determinados a reiniciar o processo de busca de um caminho fiscal consistente assim que os efeitos da pandemia desaparecerem&#8221;, dizia a carta.<\/p>\n<p>A carta detalha os objetivos do governo do atual presidente <strong>Alberto Fernandez<\/strong> para evitar uma nova queda na produ\u00e7\u00e3o e no emprego, reduzir a <a href=\"https:\/\/www.suno.com.br\/artigos\/inflacao\/\">infla\u00e7\u00e3o<\/a> e restaurar a sustentabilidade da d\u00edvida.<\/p>\n<p>Em comunicado separado, o governo disse que Fernandez informou a Georgieva por telefone que um novo acordo deveria se concentrar na recupera\u00e7\u00e3o econ\u00f4mica e na solu\u00e7\u00e3o de problemas sociais urgentes.<\/p>\n<h2>Argentina fecha acordo com credores para reestrutura\u00e7\u00e3o de US$ 65 bilh\u00f5es<\/h2>\n<p>O governo argentino fechou um acordo com tr\u00eas grupos de credores para a reestrutura\u00e7\u00e3o da d\u00edvida de US$ 65 bilh\u00f5es (cerca de R$ 348,12 bilh\u00f5es). O acordo firmado\u00a0 no in\u00edcio de agosto far\u00e1 com que o pa\u00eds possa sair da inadimpl\u00eancia, ap\u00f3s ter deixado de pagar os juros da d\u00edvida soberana do primeiro semestre deste ano.<\/p>\n<p>Segundo o Minist\u00e9rio da Economia da Argentina, &#8220;o acordo permitir\u00e1 que membros dos grupos de credores apoiem a proposta de reestrutura\u00e7\u00e3o da d\u00edvida do pa\u00eds e concedam um al\u00edvio significativo da <strong>d\u00edvida<\/strong>&#8220;.<\/p>\n<p>O acerto se refere \u00e0s negocia\u00e7\u00f5es com o Ad Hoc Group of Argentine Bondholders, o Argentina Creditor Committee e o Exchange Bonjolder Group. Al\u00e9m disso, dentre os principais detentores de t\u00edtulos argentinos est\u00e3o Fidelity Management &amp; Research, Monarch Alternative Capital LP, VR Capital Group, Greylock Capital Management e Pharo Management LLC.<\/p>\n\t<div data-element=\"shortcode-read-more\" class=\"knowMore\">\n\t\t\t\t<span class=\"knowMore__title\">Saiba mais<\/span>\n\t\t\t\t<a class=\"knowMore__link\" href=\"https:\/\/www.suno.com.br\/noticias\/argentina-acordo-fmi-no-comeco-de-2021\/\">\n\t\t\tArgentina prev\u00ea acordo com FMI no come\u00e7o de 2021, diz ministro\t\t<\/a>\n\t<\/div>\n\n\n<p>Cinco dos t\u00edtulos pass\u00edveis de troca est\u00e3o inadimplentes, uma vez que a <strong>Argentina<\/strong> n\u00e3o pagou os juros de US$ 500 milh\u00f5es em maio e outros US$ 600 milh\u00f5es na \u00faltima semana de julho, fazendo com que o Pa\u00eds entrasse em <a href=\"https:\/\/www.suno.com.br\/artigos\/default\/\"><em>default<\/em> (<strong>calote<\/strong>)<\/a> no m\u00eas passado.<\/p>\n\t<p>\n\t\t<a href=\"https:\/\/lp.suno.com.br\/planilha-de-controle-de-investimentos\/\" target=\"_blank\" data-element=\"shortcode-suno-banner\" title=\"Banner SUNO, clique e saiba mais\">\n\t\t\t<picture>\n\t\t\t\t<source media=\"(max-width: 500px)\" srcset=\"https:\/\/files.sunoresearch.com.br\/n\/uploads\/2023\/03\/400x300-Controle-de-Investimentos.png\">\n\t\t\t\t<img class=\"newsContent__article__imgCapa newsContent__article__imgCapa--banner\"\n\t\t\t\t\tsrc=\"https:\/\/files.sunoresearch.com.br\/n\/uploads\/2023\/03\/1420x240-Controle-de-Investimentos.png\"\n\t\t\t\t\tdata-promo-id=\"75934\"\t\t\t\t\t\t\t\t\t\twidth='1420' height='240'\t\t\t\t\talt=\"https:\/\/files.sunoresearch.com.br\/n\/uploads\/2023\/03\/1420x240-Controle-de-Investimentos.png\"\n\t\t\t\t>\n\t\t\t<\/picture>\n\t\t<\/a>\n\t<\/p>\n\n\n","protected":false},"excerpt":{"rendered":"<p>O ministro da Economia da Argentina, Mart\u00edn Guzm\u00e1n, anunciou nesta quarta-feira (26) o in\u00edcio formal das negocia\u00e7\u00f5es com o Fundo Monet\u00e1rio Internacional (FMI). O Pa\u00eds visa implementar um novo programa com o \u00f3rg\u00e3o mundial para reestruturar sua d\u00edvida p\u00fablica. Argentina quer fechar acordo com o FMI at\u00e9 o come\u00e7o do ano que vem. Em uma [&hellip;]<\/p>\n","protected":false},"author":44,"featured_media":77628,"comment_status":"closed","ping_status":"closed","sticky":false,"template":"","format":"standard","meta":[],"categories":[63],"tags":[699,806],"suno_strategy":[],"class_list":["post-80833","post","type-post","status-publish","format-standard","has-post-thumbnail","hentry","category-internacional","tag-argentina","tag-fundo-monetario-internacional-fmi"],"yoast_head":"<!-- This site is optimized with the Yoast SEO plugin v24.4 - https:\/\/yoast.com\/wordpress\/plugins\/seo\/ -->\n<title>Argentina inicia formalmente as negocia\u00e7\u00f5es com o FMI<\/title>\n<meta name=\"description\" content=\"A Argentina anunciou o in\u00edcio formal das negocia\u00e7\u00f5es com o FMI para reestruturar sua d\u00edvida. Clique para ver mais.\" \/>\n<meta name=\"robots\" content=\"index, follow, max-snippet:-1, max-image-preview:large, max-video-preview:-1\" \/>\n<link rel=\"canonical\" href=\"https:\/\/www.suno.com.br\/noticias\/argentina-inicia-formalmente-negociacoes-fmi\/\" \/>\n<meta property=\"og:locale\" content=\"pt_BR\" \/>\n<meta property=\"og:type\" content=\"article\" \/>\n<meta property=\"og:title\" content=\"Argentina inicia formalmente as negocia\u00e7\u00f5es com o FMI\" \/>\n<meta property=\"og:description\" content=\"A Argentina anunciou o in\u00edcio formal das negocia\u00e7\u00f5es com o FMI para reestruturar sua d\u00edvida. Clique para ver mais.\" \/>\n<meta property=\"og:url\" content=\"https:\/\/www.suno.com.br\/noticias\/argentina-inicia-formalmente-negociacoes-fmi\/\" \/>\n<meta property=\"og:site_name\" content=\"Suno Not\u00edcias\" \/>\n<meta property=\"article:publisher\" content=\"https:\/\/facebook.com\/sunoresearch\" \/>\n<meta property=\"og:image\" content=\"https:\/\/files.sunoresearch.com.br\/n\/uploads\/2020\/08\/0407e6ad-2019-12-11t230934z_1284575298_rc2btd952joz_rtrmadp_3_argentina-economy.jpg\" \/>\n\t<meta property=\"og:image:width\" content=\"1380\" \/>\n\t<meta property=\"og:image:height\" content=\"920\" \/>\n\t<meta property=\"og:image:type\" content=\"image\/jpeg\" \/>\n<meta name=\"author\" content=\"Daniel Guimar\u00e3es\" \/>\n<meta name=\"twitter:card\" content=\"summary_large_image\" \/>\n<meta name=\"twitter:creator\" content=\"@sunoresearch\" \/>\n<meta name=\"twitter:site\" content=\"@sunoresearch\" \/>\n<meta name=\"twitter:label1\" content=\"Escrito por\" \/>\n\t<meta name=\"twitter:data1\" content=\"Daniel Guimar\u00e3es\" \/>\n\t<meta name=\"twitter:label2\" content=\"Est. tempo de leitura\" \/>\n\t<meta name=\"twitter:data2\" content=\"2 minutos\" \/>\n<script type=\"application\/ld+json\" class=\"yoast-schema-graph\">{\"@context\":\"https:\/\/schema.org\",\"@graph\":[{\"@type\":\"NewsArticle\",\"@id\":\"https:\/\/www.suno.com.br\/noticias\/argentina-inicia-formalmente-negociacoes-fmi\/#article\",\"isPartOf\":{\"@id\":\"https:\/\/www.suno.com.br\/noticias\/argentina-inicia-formalmente-negociacoes-fmi\/\"},\"author\":{\"name\":\"Daniel Guimar\u00e3es\",\"@id\":\"https:\/\/www.suno.com.br\/noticias\/#\/schema\/person\/a7796c19fcf6bafd03b9a2fa1fd9ae20\"},\"headline\":\"Argentina inicia formalmente as negocia\u00e7\u00f5es com o FMI\",\"datePublished\":\"2020-08-26T19:35:42+00:00\",\"dateModified\":\"2020-09-30T20:23:09+00:00\",\"mainEntityOfPage\":{\"@id\":\"https:\/\/www.suno.com.br\/noticias\/argentina-inicia-formalmente-negociacoes-fmi\/\"},\"wordCount\":480,\"publisher\":{\"@id\":\"https:\/\/www.suno.com.br\/noticias\/#organization\"},\"image\":{\"@id\":\"https:\/\/www.suno.com.br\/noticias\/argentina-inicia-formalmente-negociacoes-fmi\/#primaryimage\"},\"thumbnailUrl\":\"https:\/\/files.sunoresearch.com.br\/n\/uploads\/2020\/08\/0407e6ad-2019-12-11t230934z_1284575298_rc2btd952joz_rtrmadp_3_argentina-economy-jpg.webp\",\"keywords\":[\"Argentina\",\"Fundo Monet\u00e1rio Internacional (FMI)\"],\"articleSection\":[\"Internacional\"],\"inLanguage\":\"pt-BR\"},{\"@type\":\"WebPage\",\"@id\":\"https:\/\/www.suno.com.br\/noticias\/argentina-inicia-formalmente-negociacoes-fmi\/\",\"url\":\"https:\/\/www.suno.com.br\/noticias\/argentina-inicia-formalmente-negociacoes-fmi\/\",\"name\":\"Argentina inicia formalmente as negocia\u00e7\u00f5es com o FMI\",\"isPartOf\":{\"@id\":\"https:\/\/www.suno.com.br\/noticias\/#website\"},\"primaryImageOfPage\":{\"@id\":\"https:\/\/www.suno.com.br\/noticias\/argentina-inicia-formalmente-negociacoes-fmi\/#primaryimage\"},\"image\":{\"@id\":\"https:\/\/www.suno.com.br\/noticias\/argentina-inicia-formalmente-negociacoes-fmi\/#primaryimage\"},\"thumbnailUrl\":\"https:\/\/files.sunoresearch.com.br\/n\/uploads\/2020\/08\/0407e6ad-2019-12-11t230934z_1284575298_rc2btd952joz_rtrmadp_3_argentina-economy-jpg.webp\",\"datePublished\":\"2020-08-26T19:35:42+00:00\",\"dateModified\":\"2020-09-30T20:23:09+00:00\",\"description\":\"A Argentina anunciou o in\u00edcio formal das negocia\u00e7\u00f5es com o FMI para reestruturar sua d\u00edvida. Clique para ver mais.\",\"breadcrumb\":{\"@id\":\"https:\/\/www.suno.com.br\/noticias\/argentina-inicia-formalmente-negociacoes-fmi\/#breadcrumb\"},\"inLanguage\":\"pt-BR\",\"potentialAction\":[{\"@type\":\"ReadAction\",\"target\":[\"https:\/\/www.suno.com.br\/noticias\/argentina-inicia-formalmente-negociacoes-fmi\/\"]}]},{\"@type\":\"ImageObject\",\"inLanguage\":\"pt-BR\",\"@id\":\"https:\/\/www.suno.com.br\/noticias\/argentina-inicia-formalmente-negociacoes-fmi\/#primaryimage\",\"url\":\"https:\/\/files.sunoresearch.com.br\/n\/uploads\/2020\/08\/0407e6ad-2019-12-11t230934z_1284575298_rc2btd952joz_rtrmadp_3_argentina-economy-jpg.webp\",\"contentUrl\":\"https:\/\/files.sunoresearch.com.br\/n\/uploads\/2020\/08\/0407e6ad-2019-12-11t230934z_1284575298_rc2btd952joz_rtrmadp_3_argentina-economy-jpg.webp\",\"width\":1380,\"height\":920,\"caption\":\"Argentina quer fechar acordo com o FMI at\u00e9 o come\u00e7o do ano que vem.\"},{\"@type\":\"BreadcrumbList\",\"@id\":\"https:\/\/www.suno.com.br\/noticias\/argentina-inicia-formalmente-negociacoes-fmi\/#breadcrumb\",\"itemListElement\":[{\"@type\":\"ListItem\",\"position\":1,\"name\":\"Not\u00edcias\",\"item\":\"https:\/\/www.suno.com.br\/noticias\/\"},{\"@type\":\"ListItem\",\"position\":2,\"name\":\"Internacional\",\"item\":\"https:\/\/www.suno.com.br\/noticias\/internacional\/\"},{\"@type\":\"ListItem\",\"position\":3,\"name\":\"Argentina inicia formalmente as negocia\u00e7\u00f5es com o FMI\"}]},{\"@type\":\"WebSite\",\"@id\":\"https:\/\/www.suno.com.br\/noticias\/#website\",\"url\":\"https:\/\/www.suno.com.br\/noticias\/\",\"name\":\"Suno Not\u00edcias\",\"description\":\"Seu portal de informa\u00e7\u00e3o sobre o mundo dos investimentos\",\"publisher\":{\"@id\":\"https:\/\/www.suno.com.br\/noticias\/#organization\"},\"potentialAction\":[{\"@type\":\"SearchAction\",\"target\":{\"@type\":\"EntryPoint\",\"urlTemplate\":\"https:\/\/www.suno.com.br\/noticias\/?s={search_term_string}\"},\"query-input\":{\"@type\":\"PropertyValueSpecification\",\"valueRequired\":true,\"valueName\":\"search_term_string\"}}],\"inLanguage\":\"pt-BR\"},{\"@type\":\"Organization\",\"@id\":\"https:\/\/www.suno.com.br\/noticias\/#organization\",\"name\":\"Suno Not\u00edcias\",\"url\":\"https:\/\/www.suno.com.br\/noticias\/\",\"logo\":{\"@type\":\"ImageObject\",\"inLanguage\":\"pt-BR\",\"@id\":\"https:\/\/www.suno.com.br\/noticias\/#\/schema\/logo\/image\/\",\"url\":\"https:\/\/files.sunoresearch.com.br\/n\/uploads\/2021\/09\/suno-logo.png\",\"contentUrl\":\"https:\/\/files.sunoresearch.com.br\/n\/uploads\/2021\/09\/suno-logo.png\",\"width\":180,\"height\":180,\"caption\":\"Suno Not\u00edcias\"},\"image\":{\"@id\":\"https:\/\/www.suno.com.br\/noticias\/#\/schema\/logo\/image\/\"},\"sameAs\":[\"https:\/\/facebook.com\/sunoresearch\",\"https:\/\/x.com\/sunoresearch\",\"https:\/\/www.instagram.com\/suno\",\"https:\/\/www.linkedin.com\/company\/suno-research\/\",\"https:\/\/www.youtube.com\/c\/sunoresearch\"]},{\"@type\":\"Person\",\"@id\":\"https:\/\/www.suno.com.br\/noticias\/#\/schema\/person\/a7796c19fcf6bafd03b9a2fa1fd9ae20\",\"name\":\"Daniel Guimar\u00e3es\",\"image\":{\"@type\":\"ImageObject\",\"inLanguage\":\"pt-BR\",\"@id\":\"https:\/\/www.suno.com.br\/noticias\/#\/schema\/person\/image\/\",\"url\":\"https:\/\/secure.gravatar.com\/avatar\/fb8260757609f58f0c0ac079d1b32eff?s=96&r=g\",\"contentUrl\":\"https:\/\/secure.gravatar.com\/avatar\/fb8260757609f58f0c0ac079d1b32eff?s=96&r=g\",\"caption\":\"Daniel Guimar\u00e3es\"},\"description\":\"Estagi\u00e1rio na Suno Not\u00edcias, Daniel escreve not\u00edcias que afetam o mercado financeiro brasileiro e internacional. Estuda economia na Rutgers University, em New Jersey.\",\"sameAs\":[\"suno.research\"],\"url\":\"https:\/\/www.suno.com.br\/noticias\/author\/daniel\/\"}]}<\/script>\n<!-- \/ Yoast SEO plugin. -->","yoast_head_json":{"title":"Argentina inicia formalmente as negocia\u00e7\u00f5es com o FMI","description":"A Argentina anunciou o in\u00edcio formal das negocia\u00e7\u00f5es com o FMI para reestruturar sua d\u00edvida. Clique para ver mais.","robots":{"index":"index","follow":"follow","max-snippet":"max-snippet:-1","max-image-preview":"max-image-preview:large","max-video-preview":"max-video-preview:-1"},"canonical":"https:\/\/www.suno.com.br\/noticias\/argentina-inicia-formalmente-negociacoes-fmi\/","og_locale":"pt_BR","og_type":"article","og_title":"Argentina inicia formalmente as negocia\u00e7\u00f5es com o FMI","og_description":"A Argentina anunciou o in\u00edcio formal das negocia\u00e7\u00f5es com o FMI para reestruturar sua d\u00edvida. Clique para ver mais.","og_url":"https:\/\/www.suno.com.br\/noticias\/argentina-inicia-formalmente-negociacoes-fmi\/","og_site_name":"Suno Not\u00edcias","article_publisher":"https:\/\/facebook.com\/sunoresearch","og_image":[{"width":1380,"height":920,"url":"https:\/\/files.sunoresearch.com.br\/n\/uploads\/2020\/08\/0407e6ad-2019-12-11t230934z_1284575298_rc2btd952joz_rtrmadp_3_argentina-economy.jpg","type":"image\/jpeg"}],"author":"Daniel Guimar\u00e3es","twitter_card":"summary_large_image","twitter_creator":"@sunoresearch","twitter_site":"@sunoresearch","twitter_misc":{"Escrito por":"Daniel Guimar\u00e3es","Est. tempo de leitura":"2 minutos"},"schema":{"@context":"https:\/\/schema.org","@graph":[{"@type":"NewsArticle","@id":"https:\/\/www.suno.com.br\/noticias\/argentina-inicia-formalmente-negociacoes-fmi\/#article","isPartOf":{"@id":"https:\/\/www.suno.com.br\/noticias\/argentina-inicia-formalmente-negociacoes-fmi\/"},"author":{"name":"Daniel Guimar\u00e3es","@id":"https:\/\/www.suno.com.br\/noticias\/#\/schema\/person\/a7796c19fcf6bafd03b9a2fa1fd9ae20"},"headline":"Argentina inicia formalmente as negocia\u00e7\u00f5es com o FMI","datePublished":"2020-08-26T19:35:42+00:00","dateModified":"2020-09-30T20:23:09+00:00","mainEntityOfPage":{"@id":"https:\/\/www.suno.com.br\/noticias\/argentina-inicia-formalmente-negociacoes-fmi\/"},"wordCount":480,"publisher":{"@id":"https:\/\/www.suno.com.br\/noticias\/#organization"},"image":{"@id":"https:\/\/www.suno.com.br\/noticias\/argentina-inicia-formalmente-negociacoes-fmi\/#primaryimage"},"thumbnailUrl":"https:\/\/files.sunoresearch.com.br\/n\/uploads\/2020\/08\/0407e6ad-2019-12-11t230934z_1284575298_rc2btd952joz_rtrmadp_3_argentina-economy-jpg.webp","keywords":["Argentina","Fundo Monet\u00e1rio Internacional (FMI)"],"articleSection":["Internacional"],"inLanguage":"pt-BR"},{"@type":"WebPage","@id":"https:\/\/www.suno.com.br\/noticias\/argentina-inicia-formalmente-negociacoes-fmi\/","url":"https:\/\/www.suno.com.br\/noticias\/argentina-inicia-formalmente-negociacoes-fmi\/","name":"Argentina inicia formalmente as negocia\u00e7\u00f5es com o FMI","isPartOf":{"@id":"https:\/\/www.suno.com.br\/noticias\/#website"},"primaryImageOfPage":{"@id":"https:\/\/www.suno.com.br\/noticias\/argentina-inicia-formalmente-negociacoes-fmi\/#primaryimage"},"image":{"@id":"https:\/\/www.suno.com.br\/noticias\/argentina-inicia-formalmente-negociacoes-fmi\/#primaryimage"},"thumbnailUrl":"https:\/\/files.sunoresearch.com.br\/n\/uploads\/2020\/08\/0407e6ad-2019-12-11t230934z_1284575298_rc2btd952joz_rtrmadp_3_argentina-economy-jpg.webp","datePublished":"2020-08-26T19:35:42+00:00","dateModified":"2020-09-30T20:23:09+00:00","description":"A Argentina anunciou o in\u00edcio formal das negocia\u00e7\u00f5es com o FMI para reestruturar sua d\u00edvida. Clique para ver mais.","breadcrumb":{"@id":"https:\/\/www.suno.com.br\/noticias\/argentina-inicia-formalmente-negociacoes-fmi\/#breadcrumb"},"inLanguage":"pt-BR","potentialAction":[{"@type":"ReadAction","target":["https:\/\/www.suno.com.br\/noticias\/argentina-inicia-formalmente-negociacoes-fmi\/"]}]},{"@type":"ImageObject","inLanguage":"pt-BR","@id":"https:\/\/www.suno.com.br\/noticias\/argentina-inicia-formalmente-negociacoes-fmi\/#primaryimage","url":"https:\/\/files.sunoresearch.com.br\/n\/uploads\/2020\/08\/0407e6ad-2019-12-11t230934z_1284575298_rc2btd952joz_rtrmadp_3_argentina-economy-jpg.webp","contentUrl":"https:\/\/files.sunoresearch.com.br\/n\/uploads\/2020\/08\/0407e6ad-2019-12-11t230934z_1284575298_rc2btd952joz_rtrmadp_3_argentina-economy-jpg.webp","width":1380,"height":920,"caption":"Argentina quer fechar acordo com o FMI at\u00e9 o come\u00e7o do ano que vem."},{"@type":"BreadcrumbList","@id":"https:\/\/www.suno.com.br\/noticias\/argentina-inicia-formalmente-negociacoes-fmi\/#breadcrumb","itemListElement":[{"@type":"ListItem","position":1,"name":"Not\u00edcias","item":"https:\/\/www.suno.com.br\/noticias\/"},{"@type":"ListItem","position":2,"name":"Internacional","item":"https:\/\/www.suno.com.br\/noticias\/internacional\/"},{"@type":"ListItem","position":3,"name":"Argentina inicia formalmente as negocia\u00e7\u00f5es com o FMI"}]},{"@type":"WebSite","@id":"https:\/\/www.suno.com.br\/noticias\/#website","url":"https:\/\/www.suno.com.br\/noticias\/","name":"Suno Not\u00edcias","description":"Seu portal de informa\u00e7\u00e3o sobre o mundo dos investimentos","publisher":{"@id":"https:\/\/www.suno.com.br\/noticias\/#organization"},"potentialAction":[{"@type":"SearchAction","target":{"@type":"EntryPoint","urlTemplate":"https:\/\/www.suno.com.br\/noticias\/?s={search_term_string}"},"query-input":{"@type":"PropertyValueSpecification","valueRequired":true,"valueName":"search_term_string"}}],"inLanguage":"pt-BR"},{"@type":"Organization","@id":"https:\/\/www.suno.com.br\/noticias\/#organization","name":"Suno Not\u00edcias","url":"https:\/\/www.suno.com.br\/noticias\/","logo":{"@type":"ImageObject","inLanguage":"pt-BR","@id":"https:\/\/www.suno.com.br\/noticias\/#\/schema\/logo\/image\/","url":"https:\/\/files.sunoresearch.com.br\/n\/uploads\/2021\/09\/suno-logo.png","contentUrl":"https:\/\/files.sunoresearch.com.br\/n\/uploads\/2021\/09\/suno-logo.png","width":180,"height":180,"caption":"Suno Not\u00edcias"},"image":{"@id":"https:\/\/www.suno.com.br\/noticias\/#\/schema\/logo\/image\/"},"sameAs":["https:\/\/facebook.com\/sunoresearch","https:\/\/x.com\/sunoresearch","https:\/\/www.instagram.com\/suno","https:\/\/www.linkedin.com\/company\/suno-research\/","https:\/\/www.youtube.com\/c\/sunoresearch"]},{"@type":"Person","@id":"https:\/\/www.suno.com.br\/noticias\/#\/schema\/person\/a7796c19fcf6bafd03b9a2fa1fd9ae20","name":"Daniel Guimar\u00e3es","image":{"@type":"ImageObject","inLanguage":"pt-BR","@id":"https:\/\/www.suno.com.br\/noticias\/#\/schema\/person\/image\/","url":"https:\/\/secure.gravatar.com\/avatar\/fb8260757609f58f0c0ac079d1b32eff?s=96&r=g","contentUrl":"https:\/\/secure.gravatar.com\/avatar\/fb8260757609f58f0c0ac079d1b32eff?s=96&r=g","caption":"Daniel Guimar\u00e3es"},"description":"Estagi\u00e1rio na Suno Not\u00edcias, Daniel escreve not\u00edcias que afetam o mercado financeiro brasileiro e internacional. Estuda economia na Rutgers University, em New Jersey.","sameAs":["suno.research"],"url":"https:\/\/www.suno.com.br\/noticias\/author\/daniel\/"}]}},"default_loop_html":"<div class=\"cardsPage__listCard__boxs\"><div class=\"cardsPage__listCard__boxs__img\"><a href=\"https:\/\/www.suno.com.br\/noticias\/argentina-inicia-formalmente-negociacoes-fmi\/\"><img class=\"mask\" src=\"https:\/\/www.suno.com.br\/noticias\/wp-content\/themes\/suno\/resources\/images\/spotlight\/spotlight1img\/bg-mask.png\" alt=\"Image Mask\"\/><img src=\"https:\/\/files.sunoresearch.com.br\/n\/uploads\/2020\/08\/0407e6ad-2019-12-11t230934z_1284575298_rc2btd952joz_rtrmadp_3_argentina-economy-400x200.webp\" alt=\"Argentina inicia formalmente as negocia\u00e7\u00f5es com o FMI\"\/><\/a><span class=\"spotlightCategory\"><a href=\"https:\/\/www.suno.com.br\/noticias\/internacional\/\">Internacional<\/a><\/span><\/div><div class=\"cardsPage__listCard__boxs__content\"><a href=\"https:\/\/www.suno.com.br\/noticias\/argentina-inicia-formalmente-negociacoes-fmi\/\"><h2 class=\"content__title\">Argentina inicia formalmente as negocia\u00e7\u00f5es com o FMI<\/h2><\/a><div class=\"newsContent__article__meta\"><div class=\"newsContent__article__meta__authorBox\"><a href=\"https:\/\/www.suno.com.br\/noticias\/author\/daniel\/\" class=\"authorBox__avatar noMobi\"><img src=\"https:\/\/files.sunoresearch.com.br\/n\/uploads\/2020\/08\/e51aadd2-whatsapp-image-2020-08-03-at-14.03.48-150x150.webp\" alt=\"Daniel Guimar\u00e3es\"><\/a><div class=\"authorBox__name\"><span>por\n\t\t\t<a href=\"https:\/\/www.suno.com.br\/noticias\/author\/daniel\/\"><span itemprop=\"author\">Daniel Guimar\u00e3es<\/span><\/a><\/span><time datetime=\"2020-08-26T16:35:42-03:00\" itemprop=\"datePublished\">26\/08\/2020 16:35<\/time><\/div><\/div><\/div><\/div><\/div>","single_layout":"posts","amp_enabled":true,"_links":{"self":[{"href":"https:\/\/www.suno.com.br\/noticias\/wp-json\/wp\/v2\/posts\/80833"}],"collection":[{"href":"https:\/\/www.suno.com.br\/noticias\/wp-json\/wp\/v2\/posts"}],"about":[{"href":"https:\/\/www.suno.com.br\/noticias\/wp-json\/wp\/v2\/types\/post"}],"author":[{"embeddable":true,"href":"https:\/\/www.suno.com.br\/noticias\/wp-json\/wp\/v2\/users\/44"}],"replies":[{"embeddable":true,"href":"https:\/\/www.suno.com.br\/noticias\/wp-json\/wp\/v2\/comments?post=80833"}],"version-history":[{"count":0,"href":"https:\/\/www.suno.com.br\/noticias\/wp-json\/wp\/v2\/posts\/80833\/revisions"}],"wp:featuredmedia":[{"embeddable":true,"href":"https:\/\/www.suno.com.br\/noticias\/wp-json\/wp\/v2\/media\/77628"}],"wp:attachment":[{"href":"https:\/\/www.suno.com.br\/noticias\/wp-json\/wp\/v2\/media?parent=80833"}],"wp:term":[{"taxonomy":"category","embeddable":true,"href":"https:\/\/www.suno.com.br\/noticias\/wp-json\/wp\/v2\/categories?post=80833"},{"taxonomy":"post_tag","embeddable":true,"href":"https:\/\/www.suno.com.br\/noticias\/wp-json\/wp\/v2\/tags?post=80833"},{"taxonomy":"suno_strategy","embeddable":true,"href":"https:\/\/www.suno.com.br\/noticias\/wp-json\/wp\/v2\/suno_strategy?post=80833"}],"curies":[{"name":"wp","href":"https:\/\/api.w.org\/{rel}","templated":true}]}}