{"id":80816,"date":"2020-08-26T15:57:43","date_gmt":"2020-08-26T18:57:43","guid":{"rendered":"https:\/\/www.suno.com.br\/noticias\/?p=80816"},"modified":"2020-08-26T15:57:43","modified_gmt":"2020-08-26T18:57:43","slug":"bndes-dedicacao-financas-verdes-meio-ambiente","status":"publish","type":"post","link":"https:\/\/www.suno.com.br\/noticias\/bndes-dedicacao-financas-verdes-meio-ambiente\/","title":{"rendered":"BNDES defende maior dedica\u00e7\u00e3o \u00e0 inova\u00e7\u00e3o em finan\u00e7as verdes"},"content":{"rendered":"<p>O atual presidente do<a href=\"https:\/\/www.suno.com.br\/noticias\/tags\/bndes\/\"> Banco Nacional do Desenvolvimento Econ\u00f4mico e Social (<strong>BNDES<\/strong>),<\/a> <a href=\"https:\/\/www.suno.com.br\/tudo-sobre\/gustavo-montezano\/\">Gustavo Montezano<\/a>, afirmou que o Brasil n\u00e3o est\u00e1 muito atr\u00e1s, em compara\u00e7\u00e3o ao resto do mundo, em rela\u00e7\u00e3o a finan\u00e7as ligadas ao <a href=\"https:\/\/www.suno.com.br\/artigos\/esg\/\">meio ambiente, impacto social e governan\u00e7a corporativa (ASG)<\/a>, apesar de ter condi\u00e7\u00f5es para ser um dos l\u00edderes do processo. a afirma\u00e7\u00e3o aconteceu nessa quarta-feira (26) durante uma videoconfer\u00eancia promovida pelo <a href=\"https:\/\/www.suno.com.br\/noticias\/tags\/citigroup\/\">Citigroup<\/a>.<\/p>\t<div class=\"wrapper-featured-image\">\n\t\t<figure class=\"spotlightImg\">\n\n\t\t\t<picture>\n\t\t\t\t<source media=\"(max-width: 768px)\" srcset=\"https:\/\/files.sunoresearch.com.br\/n\/uploads\/2020\/08\/0c1b287a-montezano-400x400-1-400x200.webp\">\n\t\t\t\t<img loading=\"lazy\" decoding=\"async\" class=\"newsContent__article__imgCapa lazyloadDisabled \" src=\"https:\/\/files.sunoresearch.com.br\/n\/uploads\/2020\/08\/0c1b287a-montezano-400x400-1-jpg.webp\" width=\"800\" height=\"450\" alt=\"BNDES defende maior dedica\u00e7\u00e3o \u00e0 inova\u00e7\u00e3o em finan\u00e7as verdes\" fetchpriority=high \/>\n\t\t\t<\/picture>\n\n\t\t\t<figcaption class=\"wp-caption-text wp-caption-text--show\">O presidente do BNDES participou de uma videoconfer\u00eancia promovida pelo Citigroup.<\/figcaption>\n\t\t<\/figure>\n\t<\/div>\n\n\n<div class=\"hubspot-form-wrapper\">\n\t<div id=\"single-form-target\"><\/div>\n<\/div>\n\n<p>O presidente do BNDES ainda apontou que empresas e <a href=\"https:\/\/www.suno.com.br\/artigos\/dicas-para-investidores-iniciantes-29-05-2019\/\">investidores<\/a> brasileiros poderiam se dedicar mais em inova\u00e7\u00f5es nesse aspecto. Para ele, o Pa\u00eds j\u00e1 conta com condi\u00e7\u00f5es ideais para liderar o processo. Nesse sentido, ele citou:<\/p>\n<ul>\n<li>Um <a href=\"https:\/\/www.suno.com.br\/artigos\/mercado-financeiro\/\">mercado financeiro<\/a> tradicional maduro<\/li>\n<li>Um governo aberto a <a href=\"https:\/\/www.suno.com.br\/artigos\/empreendedores-no-brasil\/\">empreender<\/a><\/li>\n<li>A Amaz\u00f4nia<\/li>\n<li>Uma cadeia avan\u00e7ada para agricultura e gest\u00e3o de florestas<\/li>\n<\/ul>\n<p><a href=\"https:\/\/lp.suno.com.br\/suno-one\/\">No Suno One voc\u00ea aprende a fazer seu dinheiro para trabalhar para voc\u00ea. Cadastre-se gratuitamente agora!<\/a><\/p>\n<p>De acordo com ele, &#8220;s\u00f3 precisamos aproximar mais o setor financeiro dessa turma para pensar produtos voltados para ASG&#8221;.<\/p>\n<p>Al\u00e9m disso, <strong>Montezano<\/strong> destacou que as vias de inova\u00e7\u00e3o e finan\u00e7as verdes precisam levar em conta: <a href=\"https:\/\/www.suno.com.br\/artigos\/analise-risco\/\">an\u00e1lise de riscos<\/a>, carga reputacional \u00a0e a estrat\u00e9gia de gest\u00e3o.<\/p>\n<p>Segundo ele, &#8220;o pilar do risco, cada vez mais o risco social bate \u00e0 nossa porta. Temos o exemplo do <strong>Chile<\/strong> e da <strong>Fran\u00e7a<\/strong>, pa\u00edses super desenvolvidos onde as press\u00f5es sociais aumentaram. E o mesmo vale para o <strong>meio<\/strong> <strong>ambiente<\/strong>&#8220;.<\/p>\n<p>Ele ainda apontou que &#8220;quando voc\u00ea gere uma empresa em fun\u00e7\u00e3o do valor agregado para a sociedade, voc\u00ea consegue comunicar melhor o que a empresa tem que fazer. Isso facilita, inclusive, as orienta\u00e7\u00f5es para a base da pir\u00e2mide dentro da empresa. As que fizerem isso antes naturalmente v\u00e3o criar mais market share e ter melhores resultados&#8221;.<\/p>\n<h2>BNDES pretende apoiar o movimento em dire\u00e7\u00e3o as finan\u00e7as verdes<\/h2>\n<p>Montezano ainda comentou que o BNDES pretende apoiar a esse processo relacionado as <strong>finan\u00e7as<\/strong>\u00a0<b>sustent\u00e1veis <\/b>e que planeja aumentar o volume de linhas para investimentos no Norte do Brasil, principalmente na Amaz\u00f4nia.<\/p>\n<p>Ele explicou que &#8220;quando a gente coloca uma meta de cr\u00e9dito, normalmente a <a href=\"https:\/\/www.suno.com.br\/artigos\/oferta-demanda\/\">demanda<\/a> \u00e9 para atuar no Sudeste. Hoje ningu\u00e9m quer entrar na Amaz\u00f4nia, porque o dinheiro \u00e9 pequeno ou porque pode dar problema reputacional. Mas cada um milh\u00e3o ou cinco milh\u00f5es (de reais) l\u00e1 fazem uma diferen\u00e7a enorme em manejo sustent\u00e1vel, preserva\u00e7\u00e3o&#8221;.<\/p>\n\t<div data-element=\"shortcode-read-more\" class=\"knowMore\">\n\t\t\t\t<span class=\"knowMore__title\">Veja tamb\u00e9m<\/span>\n\t\t\t\t<a class=\"knowMore__link\" href=\"https:\/\/www.suno.com.br\/noticias\/bndes-seleciona-grupo-para-estudar-privatizacao-dos-correios\/\">\n\t\t\tBNDES seleciona grupo para estudar privatiza\u00e7\u00e3o dos Correios\t\t<\/a>\n\t<\/div>\n\n\n<p>Para o presidente do <strong>BNDES<\/strong>, &#8220;o <strong>ASG<\/strong> vai ser todo o mercado financeiro&#8221;, e completou dizendo que &#8220;com o avan\u00e7o da tecnologia logo vai haver um clique, uma disrup\u00e7\u00e3o e vamos ter m\u00e9tricas cada vez mais claras para o dinheiro social e ambiental. Quem correr na frente de desenvolver essas tecnologias vai levar vantagem&#8221;.<\/p>\n\t<p>\n\t\t<a href=\"https:\/\/lp.suno.com.br\/planilha-de-controle-de-investimentos\/\" target=\"_blank\" data-element=\"shortcode-suno-banner\" title=\"Banner SUNO, clique e saiba mais\">\n\t\t\t<picture>\n\t\t\t\t<source media=\"(max-width: 500px)\" srcset=\"https:\/\/files.sunoresearch.com.br\/n\/uploads\/2023\/03\/400x300-Controle-de-Investimentos.png\">\n\t\t\t\t<img class=\"newsContent__article__imgCapa newsContent__article__imgCapa--banner\"\n\t\t\t\t\tsrc=\"https:\/\/files.sunoresearch.com.br\/n\/uploads\/2023\/03\/1420x240-Controle-de-Investimentos.png\"\n\t\t\t\t\tdata-promo-id=\"75934\"\t\t\t\t\t\t\t\t\t\twidth='1420' height='240'\t\t\t\t\talt=\"https:\/\/files.sunoresearch.com.br\/n\/uploads\/2023\/03\/1420x240-Controle-de-Investimentos.png\"\n\t\t\t\t>\n\t\t\t<\/picture>\n\t\t<\/a>\n\t<\/p>\n\n\n","protected":false},"excerpt":{"rendered":"<p>O atual presidente do Banco Nacional do Desenvolvimento Econ\u00f4mico e Social (BNDES), Gustavo Montezano, afirmou que o Brasil n\u00e3o est\u00e1 muito atr\u00e1s, em compara\u00e7\u00e3o ao resto do mundo, em rela\u00e7\u00e3o a finan\u00e7as ligadas ao meio ambiente, impacto social e governan\u00e7a corporativa (ASG), apesar de ter condi\u00e7\u00f5es para ser um dos l\u00edderes do processo. a afirma\u00e7\u00e3o [&hellip;]<\/p>\n","protected":false},"author":39,"featured_media":80830,"comment_status":"closed","ping_status":"closed","sticky":false,"template":"","format":"standard","meta":[],"categories":[62],"tags":[358,757,75364,1457],"suno_strategy":[],"class_list":["post-80816","post","type-post","status-publish","format-standard","has-post-thumbnail","hentry","category-economia","tag-amazonia","tag-bndes","tag-esg","tag-gustavo-montezano"],"yoast_head":"<!-- This site is optimized with the Yoast SEO plugin v24.4 - https:\/\/yoast.com\/wordpress\/plugins\/seo\/ -->\n<title>BNDES defende maior dedica\u00e7\u00e3o \u00e0 inova\u00e7\u00e3o em finan\u00e7as verdes<\/title>\n<meta name=\"description\" content=\"O presidente BNDES afirmou que o Brasil n\u00e3o est\u00e1 muito atr\u00e1s em rela\u00e7\u00e3o \u00e0 finan\u00e7as ligadas ao meio ambiente. Clique aqui para saber mais.\" \/>\n<meta name=\"robots\" content=\"index, follow, max-snippet:-1, max-image-preview:large, max-video-preview:-1\" \/>\n<link rel=\"canonical\" href=\"https:\/\/www.suno.com.br\/noticias\/bndes-dedicacao-financas-verdes-meio-ambiente\/\" \/>\n<meta property=\"og:locale\" content=\"pt_BR\" \/>\n<meta property=\"og:type\" content=\"article\" \/>\n<meta property=\"og:title\" content=\"BNDES defende maior dedica\u00e7\u00e3o \u00e0 inova\u00e7\u00e3o em finan\u00e7as verdes\" \/>\n<meta property=\"og:description\" content=\"O presidente BNDES afirmou que o Brasil n\u00e3o est\u00e1 muito atr\u00e1s em rela\u00e7\u00e3o \u00e0 finan\u00e7as ligadas ao meio ambiente. Clique aqui para saber mais.\" \/>\n<meta property=\"og:url\" content=\"https:\/\/www.suno.com.br\/noticias\/bndes-dedicacao-financas-verdes-meio-ambiente\/\" \/>\n<meta property=\"og:site_name\" content=\"Suno Not\u00edcias\" \/>\n<meta property=\"article:publisher\" content=\"https:\/\/facebook.com\/sunoresearch\" \/>\n<meta property=\"og:image\" content=\"https:\/\/files.sunoresearch.com.br\/n\/uploads\/2020\/08\/0c1b287a-montezano-400x400-1.jpg\" \/>\n\t<meta property=\"og:image:width\" content=\"400\" \/>\n\t<meta property=\"og:image:height\" content=\"400\" \/>\n\t<meta property=\"og:image:type\" content=\"image\/jpeg\" \/>\n<meta name=\"author\" content=\"Laura Moutinho\" \/>\n<meta name=\"twitter:card\" content=\"summary_large_image\" \/>\n<meta name=\"twitter:creator\" content=\"@sunoresearch\" \/>\n<meta name=\"twitter:site\" content=\"@sunoresearch\" \/>\n<meta name=\"twitter:label1\" content=\"Escrito por\" \/>\n\t<meta name=\"twitter:data1\" content=\"Laura Moutinho\" \/>\n\t<meta name=\"twitter:label2\" content=\"Est. tempo de leitura\" \/>\n\t<meta name=\"twitter:data2\" content=\"2 minutos\" \/>\n<script type=\"application\/ld+json\" class=\"yoast-schema-graph\">{\"@context\":\"https:\/\/schema.org\",\"@graph\":[{\"@type\":\"NewsArticle\",\"@id\":\"https:\/\/www.suno.com.br\/noticias\/bndes-dedicacao-financas-verdes-meio-ambiente\/#article\",\"isPartOf\":{\"@id\":\"https:\/\/www.suno.com.br\/noticias\/bndes-dedicacao-financas-verdes-meio-ambiente\/\"},\"author\":{\"name\":\"Laura Moutinho\",\"@id\":\"https:\/\/www.suno.com.br\/noticias\/#\/schema\/person\/3df0d2808748b74496efe5dbeaef2c72\"},\"headline\":\"BNDES defende maior dedica\u00e7\u00e3o \u00e0 inova\u00e7\u00e3o em finan\u00e7as verdes\",\"datePublished\":\"2020-08-26T18:57:43+00:00\",\"mainEntityOfPage\":{\"@id\":\"https:\/\/www.suno.com.br\/noticias\/bndes-dedicacao-financas-verdes-meio-ambiente\/\"},\"wordCount\":506,\"publisher\":{\"@id\":\"https:\/\/www.suno.com.br\/noticias\/#organization\"},\"image\":{\"@id\":\"https:\/\/www.suno.com.br\/noticias\/bndes-dedicacao-financas-verdes-meio-ambiente\/#primaryimage\"},\"thumbnailUrl\":\"https:\/\/files.sunoresearch.com.br\/n\/uploads\/2020\/08\/0c1b287a-montezano-400x400-1-jpg.webp\",\"keywords\":[\"Amazonia\",\"BNDES\",\"ESG\",\"Gustavo Montezano\"],\"articleSection\":[\"Economia\"],\"inLanguage\":\"pt-BR\"},{\"@type\":\"WebPage\",\"@id\":\"https:\/\/www.suno.com.br\/noticias\/bndes-dedicacao-financas-verdes-meio-ambiente\/\",\"url\":\"https:\/\/www.suno.com.br\/noticias\/bndes-dedicacao-financas-verdes-meio-ambiente\/\",\"name\":\"BNDES defende maior dedica\u00e7\u00e3o \u00e0 inova\u00e7\u00e3o em finan\u00e7as verdes\",\"isPartOf\":{\"@id\":\"https:\/\/www.suno.com.br\/noticias\/#website\"},\"primaryImageOfPage\":{\"@id\":\"https:\/\/www.suno.com.br\/noticias\/bndes-dedicacao-financas-verdes-meio-ambiente\/#primaryimage\"},\"image\":{\"@id\":\"https:\/\/www.suno.com.br\/noticias\/bndes-dedicacao-financas-verdes-meio-ambiente\/#primaryimage\"},\"thumbnailUrl\":\"https:\/\/files.sunoresearch.com.br\/n\/uploads\/2020\/08\/0c1b287a-montezano-400x400-1-jpg.webp\",\"datePublished\":\"2020-08-26T18:57:43+00:00\",\"description\":\"O presidente BNDES afirmou que o Brasil n\u00e3o est\u00e1 muito atr\u00e1s em rela\u00e7\u00e3o \u00e0 finan\u00e7as ligadas ao meio ambiente. Clique aqui para saber mais.\",\"breadcrumb\":{\"@id\":\"https:\/\/www.suno.com.br\/noticias\/bndes-dedicacao-financas-verdes-meio-ambiente\/#breadcrumb\"},\"inLanguage\":\"pt-BR\",\"potentialAction\":[{\"@type\":\"ReadAction\",\"target\":[\"https:\/\/www.suno.com.br\/noticias\/bndes-dedicacao-financas-verdes-meio-ambiente\/\"]}]},{\"@type\":\"ImageObject\",\"inLanguage\":\"pt-BR\",\"@id\":\"https:\/\/www.suno.com.br\/noticias\/bndes-dedicacao-financas-verdes-meio-ambiente\/#primaryimage\",\"url\":\"https:\/\/files.sunoresearch.com.br\/n\/uploads\/2020\/08\/0c1b287a-montezano-400x400-1-jpg.webp\",\"contentUrl\":\"https:\/\/files.sunoresearch.com.br\/n\/uploads\/2020\/08\/0c1b287a-montezano-400x400-1-jpg.webp\",\"width\":400,\"height\":400,\"caption\":\"O presidente do BNDES participou de uma videoconfer\u00eancia promovida pelo Citigroup.\"},{\"@type\":\"BreadcrumbList\",\"@id\":\"https:\/\/www.suno.com.br\/noticias\/bndes-dedicacao-financas-verdes-meio-ambiente\/#breadcrumb\",\"itemListElement\":[{\"@type\":\"ListItem\",\"position\":1,\"name\":\"Not\u00edcias\",\"item\":\"https:\/\/www.suno.com.br\/noticias\/\"},{\"@type\":\"ListItem\",\"position\":2,\"name\":\"Economia\",\"item\":\"https:\/\/www.suno.com.br\/noticias\/economia\/\"},{\"@type\":\"ListItem\",\"position\":3,\"name\":\"BNDES defende maior dedica\u00e7\u00e3o \u00e0 inova\u00e7\u00e3o em finan\u00e7as verdes\"}]},{\"@type\":\"WebSite\",\"@id\":\"https:\/\/www.suno.com.br\/noticias\/#website\",\"url\":\"https:\/\/www.suno.com.br\/noticias\/\",\"name\":\"Suno Not\u00edcias\",\"description\":\"Seu portal de informa\u00e7\u00e3o sobre o mundo dos investimentos\",\"publisher\":{\"@id\":\"https:\/\/www.suno.com.br\/noticias\/#organization\"},\"potentialAction\":[{\"@type\":\"SearchAction\",\"target\":{\"@type\":\"EntryPoint\",\"urlTemplate\":\"https:\/\/www.suno.com.br\/noticias\/?s={search_term_string}\"},\"query-input\":{\"@type\":\"PropertyValueSpecification\",\"valueRequired\":true,\"valueName\":\"search_term_string\"}}],\"inLanguage\":\"pt-BR\"},{\"@type\":\"Organization\",\"@id\":\"https:\/\/www.suno.com.br\/noticias\/#organization\",\"name\":\"Suno Not\u00edcias\",\"url\":\"https:\/\/www.suno.com.br\/noticias\/\",\"logo\":{\"@type\":\"ImageObject\",\"inLanguage\":\"pt-BR\",\"@id\":\"https:\/\/www.suno.com.br\/noticias\/#\/schema\/logo\/image\/\",\"url\":\"https:\/\/files.sunoresearch.com.br\/n\/uploads\/2021\/09\/suno-logo.png\",\"contentUrl\":\"https:\/\/files.sunoresearch.com.br\/n\/uploads\/2021\/09\/suno-logo.png\",\"width\":180,\"height\":180,\"caption\":\"Suno Not\u00edcias\"},\"image\":{\"@id\":\"https:\/\/www.suno.com.br\/noticias\/#\/schema\/logo\/image\/\"},\"sameAs\":[\"https:\/\/facebook.com\/sunoresearch\",\"https:\/\/x.com\/sunoresearch\",\"https:\/\/www.instagram.com\/suno\",\"https:\/\/www.linkedin.com\/company\/suno-research\/\",\"https:\/\/www.youtube.com\/c\/sunoresearch\"]},{\"@type\":\"Person\",\"@id\":\"https:\/\/www.suno.com.br\/noticias\/#\/schema\/person\/3df0d2808748b74496efe5dbeaef2c72\",\"name\":\"Laura Moutinho\",\"image\":{\"@type\":\"ImageObject\",\"inLanguage\":\"pt-BR\",\"@id\":\"https:\/\/www.suno.com.br\/noticias\/#\/schema\/person\/image\/\",\"url\":\"https:\/\/secure.gravatar.com\/avatar\/7571c7c8ca3a6fca5e41384ece5557ff?s=96&r=g\",\"contentUrl\":\"https:\/\/secure.gravatar.com\/avatar\/7571c7c8ca3a6fca5e41384ece5557ff?s=96&r=g\",\"caption\":\"Laura Moutinho\"},\"description\":\"Estagi\u00e1ria na Suno Not\u00edcias, escreve not\u00edcias que afetam o mercado financeiro. Estuda administra\u00e7\u00e3o na Universidade Presbiteriana Mackenzie.\",\"url\":\"https:\/\/www.suno.com.br\/noticias\/author\/laura-moutinho\/\"}]}<\/script>\n<!-- \/ Yoast SEO plugin. -->","yoast_head_json":{"title":"BNDES defende maior dedica\u00e7\u00e3o \u00e0 inova\u00e7\u00e3o em finan\u00e7as verdes","description":"O presidente BNDES afirmou que o Brasil n\u00e3o est\u00e1 muito atr\u00e1s em rela\u00e7\u00e3o \u00e0 finan\u00e7as ligadas ao meio ambiente. Clique aqui para saber mais.","robots":{"index":"index","follow":"follow","max-snippet":"max-snippet:-1","max-image-preview":"max-image-preview:large","max-video-preview":"max-video-preview:-1"},"canonical":"https:\/\/www.suno.com.br\/noticias\/bndes-dedicacao-financas-verdes-meio-ambiente\/","og_locale":"pt_BR","og_type":"article","og_title":"BNDES defende maior dedica\u00e7\u00e3o \u00e0 inova\u00e7\u00e3o em finan\u00e7as verdes","og_description":"O presidente BNDES afirmou que o Brasil n\u00e3o est\u00e1 muito atr\u00e1s em rela\u00e7\u00e3o \u00e0 finan\u00e7as ligadas ao meio ambiente. Clique aqui para saber mais.","og_url":"https:\/\/www.suno.com.br\/noticias\/bndes-dedicacao-financas-verdes-meio-ambiente\/","og_site_name":"Suno Not\u00edcias","article_publisher":"https:\/\/facebook.com\/sunoresearch","og_image":[{"width":400,"height":400,"url":"https:\/\/files.sunoresearch.com.br\/n\/uploads\/2020\/08\/0c1b287a-montezano-400x400-1.jpg","type":"image\/jpeg"}],"author":"Laura Moutinho","twitter_card":"summary_large_image","twitter_creator":"@sunoresearch","twitter_site":"@sunoresearch","twitter_misc":{"Escrito por":"Laura Moutinho","Est. tempo de leitura":"2 minutos"},"schema":{"@context":"https:\/\/schema.org","@graph":[{"@type":"NewsArticle","@id":"https:\/\/www.suno.com.br\/noticias\/bndes-dedicacao-financas-verdes-meio-ambiente\/#article","isPartOf":{"@id":"https:\/\/www.suno.com.br\/noticias\/bndes-dedicacao-financas-verdes-meio-ambiente\/"},"author":{"name":"Laura Moutinho","@id":"https:\/\/www.suno.com.br\/noticias\/#\/schema\/person\/3df0d2808748b74496efe5dbeaef2c72"},"headline":"BNDES defende maior dedica\u00e7\u00e3o \u00e0 inova\u00e7\u00e3o em finan\u00e7as verdes","datePublished":"2020-08-26T18:57:43+00:00","mainEntityOfPage":{"@id":"https:\/\/www.suno.com.br\/noticias\/bndes-dedicacao-financas-verdes-meio-ambiente\/"},"wordCount":506,"publisher":{"@id":"https:\/\/www.suno.com.br\/noticias\/#organization"},"image":{"@id":"https:\/\/www.suno.com.br\/noticias\/bndes-dedicacao-financas-verdes-meio-ambiente\/#primaryimage"},"thumbnailUrl":"https:\/\/files.sunoresearch.com.br\/n\/uploads\/2020\/08\/0c1b287a-montezano-400x400-1-jpg.webp","keywords":["Amazonia","BNDES","ESG","Gustavo Montezano"],"articleSection":["Economia"],"inLanguage":"pt-BR"},{"@type":"WebPage","@id":"https:\/\/www.suno.com.br\/noticias\/bndes-dedicacao-financas-verdes-meio-ambiente\/","url":"https:\/\/www.suno.com.br\/noticias\/bndes-dedicacao-financas-verdes-meio-ambiente\/","name":"BNDES defende maior dedica\u00e7\u00e3o \u00e0 inova\u00e7\u00e3o em finan\u00e7as verdes","isPartOf":{"@id":"https:\/\/www.suno.com.br\/noticias\/#website"},"primaryImageOfPage":{"@id":"https:\/\/www.suno.com.br\/noticias\/bndes-dedicacao-financas-verdes-meio-ambiente\/#primaryimage"},"image":{"@id":"https:\/\/www.suno.com.br\/noticias\/bndes-dedicacao-financas-verdes-meio-ambiente\/#primaryimage"},"thumbnailUrl":"https:\/\/files.sunoresearch.com.br\/n\/uploads\/2020\/08\/0c1b287a-montezano-400x400-1-jpg.webp","datePublished":"2020-08-26T18:57:43+00:00","description":"O presidente BNDES afirmou que o Brasil n\u00e3o est\u00e1 muito atr\u00e1s em rela\u00e7\u00e3o \u00e0 finan\u00e7as ligadas ao meio ambiente. Clique aqui para saber mais.","breadcrumb":{"@id":"https:\/\/www.suno.com.br\/noticias\/bndes-dedicacao-financas-verdes-meio-ambiente\/#breadcrumb"},"inLanguage":"pt-BR","potentialAction":[{"@type":"ReadAction","target":["https:\/\/www.suno.com.br\/noticias\/bndes-dedicacao-financas-verdes-meio-ambiente\/"]}]},{"@type":"ImageObject","inLanguage":"pt-BR","@id":"https:\/\/www.suno.com.br\/noticias\/bndes-dedicacao-financas-verdes-meio-ambiente\/#primaryimage","url":"https:\/\/files.sunoresearch.com.br\/n\/uploads\/2020\/08\/0c1b287a-montezano-400x400-1-jpg.webp","contentUrl":"https:\/\/files.sunoresearch.com.br\/n\/uploads\/2020\/08\/0c1b287a-montezano-400x400-1-jpg.webp","width":400,"height":400,"caption":"O presidente do BNDES participou de uma videoconfer\u00eancia promovida pelo Citigroup."},{"@type":"BreadcrumbList","@id":"https:\/\/www.suno.com.br\/noticias\/bndes-dedicacao-financas-verdes-meio-ambiente\/#breadcrumb","itemListElement":[{"@type":"ListItem","position":1,"name":"Not\u00edcias","item":"https:\/\/www.suno.com.br\/noticias\/"},{"@type":"ListItem","position":2,"name":"Economia","item":"https:\/\/www.suno.com.br\/noticias\/economia\/"},{"@type":"ListItem","position":3,"name":"BNDES defende maior dedica\u00e7\u00e3o \u00e0 inova\u00e7\u00e3o em finan\u00e7as verdes"}]},{"@type":"WebSite","@id":"https:\/\/www.suno.com.br\/noticias\/#website","url":"https:\/\/www.suno.com.br\/noticias\/","name":"Suno Not\u00edcias","description":"Seu portal de informa\u00e7\u00e3o sobre o mundo dos investimentos","publisher":{"@id":"https:\/\/www.suno.com.br\/noticias\/#organization"},"potentialAction":[{"@type":"SearchAction","target":{"@type":"EntryPoint","urlTemplate":"https:\/\/www.suno.com.br\/noticias\/?s={search_term_string}"},"query-input":{"@type":"PropertyValueSpecification","valueRequired":true,"valueName":"search_term_string"}}],"inLanguage":"pt-BR"},{"@type":"Organization","@id":"https:\/\/www.suno.com.br\/noticias\/#organization","name":"Suno Not\u00edcias","url":"https:\/\/www.suno.com.br\/noticias\/","logo":{"@type":"ImageObject","inLanguage":"pt-BR","@id":"https:\/\/www.suno.com.br\/noticias\/#\/schema\/logo\/image\/","url":"https:\/\/files.sunoresearch.com.br\/n\/uploads\/2021\/09\/suno-logo.png","contentUrl":"https:\/\/files.sunoresearch.com.br\/n\/uploads\/2021\/09\/suno-logo.png","width":180,"height":180,"caption":"Suno Not\u00edcias"},"image":{"@id":"https:\/\/www.suno.com.br\/noticias\/#\/schema\/logo\/image\/"},"sameAs":["https:\/\/facebook.com\/sunoresearch","https:\/\/x.com\/sunoresearch","https:\/\/www.instagram.com\/suno","https:\/\/www.linkedin.com\/company\/suno-research\/","https:\/\/www.youtube.com\/c\/sunoresearch"]},{"@type":"Person","@id":"https:\/\/www.suno.com.br\/noticias\/#\/schema\/person\/3df0d2808748b74496efe5dbeaef2c72","name":"Laura Moutinho","image":{"@type":"ImageObject","inLanguage":"pt-BR","@id":"https:\/\/www.suno.com.br\/noticias\/#\/schema\/person\/image\/","url":"https:\/\/secure.gravatar.com\/avatar\/7571c7c8ca3a6fca5e41384ece5557ff?s=96&r=g","contentUrl":"https:\/\/secure.gravatar.com\/avatar\/7571c7c8ca3a6fca5e41384ece5557ff?s=96&r=g","caption":"Laura Moutinho"},"description":"Estagi\u00e1ria na Suno Not\u00edcias, escreve not\u00edcias que afetam o mercado financeiro. Estuda administra\u00e7\u00e3o na Universidade Presbiteriana Mackenzie.","url":"https:\/\/www.suno.com.br\/noticias\/author\/laura-moutinho\/"}]}},"default_loop_html":"<div class=\"cardsPage__listCard__boxs\"><div class=\"cardsPage__listCard__boxs__img\"><a href=\"https:\/\/www.suno.com.br\/noticias\/bndes-dedicacao-financas-verdes-meio-ambiente\/\"><img class=\"mask\" src=\"https:\/\/www.suno.com.br\/noticias\/wp-content\/themes\/suno\/resources\/images\/spotlight\/spotlight1img\/bg-mask.png\" alt=\"Image Mask\"\/><img src=\"https:\/\/files.sunoresearch.com.br\/n\/uploads\/2020\/08\/0c1b287a-montezano-400x400-1-400x200.webp\" alt=\"BNDES defende maior dedica\u00e7\u00e3o \u00e0 inova\u00e7\u00e3o em finan\u00e7as verdes\"\/><\/a><span class=\"spotlightCategory\"><a href=\"https:\/\/www.suno.com.br\/noticias\/economia\/\">Economia<\/a><\/span><\/div><div class=\"cardsPage__listCard__boxs__content\"><a href=\"https:\/\/www.suno.com.br\/noticias\/bndes-dedicacao-financas-verdes-meio-ambiente\/\"><h2 class=\"content__title\">BNDES defende maior dedica\u00e7\u00e3o \u00e0 inova\u00e7\u00e3o em finan\u00e7as verdes<\/h2><\/a><div class=\"newsContent__article__meta\"><div class=\"newsContent__article__meta__authorBox\"><a href=\"https:\/\/www.suno.com.br\/noticias\/author\/laura-moutinho\/\" class=\"authorBox__avatar noMobi\"><img src=\"https:\/\/files.sunoresearch.com.br\/n\/uploads\/2020\/08\/531ff69d-whatsapp-image-2020-08-03-at-14.54.38-150x150.webp\" alt=\"Laura Moutinho\"><\/a><div class=\"authorBox__name\"><span>por\n\t\t\t<a href=\"https:\/\/www.suno.com.br\/noticias\/author\/laura-moutinho\/\"><span itemprop=\"author\">Laura Moutinho<\/span><\/a><\/span><time datetime=\"2020-08-26T15:57:43-03:00\" itemprop=\"datePublished\">26\/08\/2020 15:57<\/time><\/div><\/div><\/div><\/div><\/div>","single_layout":"posts","amp_enabled":true,"_links":{"self":[{"href":"https:\/\/www.suno.com.br\/noticias\/wp-json\/wp\/v2\/posts\/80816"}],"collection":[{"href":"https:\/\/www.suno.com.br\/noticias\/wp-json\/wp\/v2\/posts"}],"about":[{"href":"https:\/\/www.suno.com.br\/noticias\/wp-json\/wp\/v2\/types\/post"}],"author":[{"embeddable":true,"href":"https:\/\/www.suno.com.br\/noticias\/wp-json\/wp\/v2\/users\/39"}],"replies":[{"embeddable":true,"href":"https:\/\/www.suno.com.br\/noticias\/wp-json\/wp\/v2\/comments?post=80816"}],"version-history":[{"count":0,"href":"https:\/\/www.suno.com.br\/noticias\/wp-json\/wp\/v2\/posts\/80816\/revisions"}],"wp:featuredmedia":[{"embeddable":true,"href":"https:\/\/www.suno.com.br\/noticias\/wp-json\/wp\/v2\/media\/80830"}],"wp:attachment":[{"href":"https:\/\/www.suno.com.br\/noticias\/wp-json\/wp\/v2\/media?parent=80816"}],"wp:term":[{"taxonomy":"category","embeddable":true,"href":"https:\/\/www.suno.com.br\/noticias\/wp-json\/wp\/v2\/categories?post=80816"},{"taxonomy":"post_tag","embeddable":true,"href":"https:\/\/www.suno.com.br\/noticias\/wp-json\/wp\/v2\/tags?post=80816"},{"taxonomy":"suno_strategy","embeddable":true,"href":"https:\/\/www.suno.com.br\/noticias\/wp-json\/wp\/v2\/suno_strategy?post=80816"}],"curies":[{"name":"wp","href":"https:\/\/api.w.org\/{rel}","templated":true}]}}