{"id":80803,"date":"2020-08-26T17:21:50","date_gmt":"2020-08-26T20:21:50","guid":{"rendered":"https:\/\/www.suno.com.br\/noticias\/?p=80803"},"modified":"2020-08-26T17:21:50","modified_gmt":"2020-08-26T20:21:50","slug":"sindicatos-perdem-milhao-inscritos-ibge","status":"publish","type":"post","link":"https:\/\/www.suno.com.br\/noticias\/sindicatos-perdem-milhao-inscritos-ibge\/","title":{"rendered":"Sindicatos perdem cerca de um milh\u00e3o de inscritos em um ano, mostra IBGE"},"content":{"rendered":"<p>Cerca de um milh\u00e3o de trabalhadores brasileiros deixaram de fazer parte de <strong>sindicatos<\/strong> no ano passado. A pesquisa foi publicada nessa quarta-feira (26) pelo Instituto Brasileiro de Geografia e Estat\u00edstica (IBGE).<\/p>\t<div class=\"wrapper-featured-image\">\n\t\t<figure class=\"spotlightImg\">\n\n\t\t\t<picture>\n\t\t\t\t<source media=\"(max-width: 768px)\" srcset=\"https:\/\/files.sunoresearch.com.br\/n\/uploads\/2020\/08\/9780280b-27002191297_21cd593e80_b-400x200.webp\">\n\t\t\t\t<img loading=\"lazy\" decoding=\"async\" class=\"newsContent__article__imgCapa lazyloadDisabled \" src=\"https:\/\/files.sunoresearch.com.br\/n\/uploads\/2020\/08\/9780280b-27002191297_21cd593e80_b-800x450.webp\" width=\"800\" height=\"450\" alt=\"Sindicatos perdem cerca de um milh\u00e3o de inscritos em um ano, mostra IBGE\" fetchpriority=high \/>\n\t\t\t<\/picture>\n\n\t\t\t<figcaption class=\"wp-caption-text wp-caption-text--show\">Entre 2018 e 2019, o n\u00famero total de trabalhadores sindicalizados no Brasil reduziu para 10,6 milh\u00f5es.<\/figcaption>\n\t\t<\/figure>\n\t<\/div>\n\n\n<div class=\"hubspot-form-wrapper\">\n\t<div id=\"single-form-target\"><\/div>\n<\/div>\n\n<p>Segundo o IBGE, a queda no n\u00famero total de trabalhadores sindicalizados vem ocorrendo desde o ano de 2013. Entretanto, a redu\u00e7\u00e3o se potencializou entre 2018 e 2019, devido a <strong>reforma trabalhista,<\/strong> aprovada no governo do ex-presidente Michel Temer, em 2017. A quantia total de trabalhadores inscritos em sindicatos entre esses anos no Pa\u00eds se reduziu de 11,5 milh\u00f5es de pessoas para 10,6 milh\u00f5es de pessoas.<\/p>\n<p>A reforma trabalhista derrubou a obrigatoriedade de contribui\u00e7\u00e3o sindical anual, trazendo, portanto, liberdade de associa\u00e7\u00e3o sindical e a possibilidade de negociar bancos de horas, jornadas e outros t\u00f3picos de maneira individual, sem a necessidade da participa\u00e7\u00e3o de sindicatos.<\/p>\n<p><a href=\"https:\/\/lp.suno.com.br\/suno-one\/\">Suno One: acesse gratuitamente eBooks, Minicursos, Artigos e V\u00eddeo Aulas sobre investimentos com um \u00fanico cadastro. Clique para saber mais!<\/a><\/p>\n<p>No setor p\u00fablico, a taxa de sindicaliza\u00e7\u00e3o dos empregados caiu de 25,7%\u00a0 em 2018 para 22,5% em 2019. A diminui\u00e7\u00e3o foi de 3,8 milh\u00f5es de pessoas, sendo 1,3 milh\u00e3o a menos no Sudeste.<\/p>\n<h2>Alta nas aposentadorias afeta sindicatos<\/h2>\n<p>O decl\u00ednio no n\u00famero de trabalhadores sindicalizados, entre 2018 e 2019, foi impactado principalmente pela reforma trabalhista aprovada em julho de 2017 mas tamb\u00e9m, pelo aumento dos pedidos de aposentadorias que ocorreu no ano passado, quando servidores p\u00fablicos anteciparam seus pedidos devido \u00e0 <strong>reforma da Previd\u00eancia<\/strong> do governo do presidente Jair Bolsonaro.<\/p>\n<p>De acordo com o IBGE, no primeiro semestre do ano passado, apenas no setor p\u00fablico, o n\u00famero de pedidos de aposentadoria foi maior que o n\u00famero total de pedidos em 2018.<\/p>\n<p><a href=\"https:\/\/www.suno.com.br\/noticias\/processos-trabalhistas-extrajudiciais\/\">Saiba Mais: Processos trabalhistas extrajudiciais aumentam 1.804% ap\u00f3s reforma<\/a><\/p>\n<p>\u201cAs grandes centrais sindicais congregam trabalhadores do setor p\u00fablico e privado, como professores e m\u00e9dicos, por exemplo. Num primeiro momento, as atividades com mais contratos celetistas tiveram maiores quedas em 2018, por\u00e9m a perda nos recursos e capacidade de organiza\u00e7\u00e3o e mobiliza\u00e7\u00e3o das centrais sindicais pode, tamb\u00e9m, ter afetado o setor p\u00fablico\u201d, explicou a analista do IBGE Adriana Beringuy.<\/p>\n<p>Segundo o n\u00edvel de instru\u00e7\u00e3o, a menor taxa de inscri\u00e7\u00e3o em <strong>sindicatos<\/strong> era a dos ocupados com Ensino fundamental completo e m\u00e9dio incompleto (7,1%), e a maior era dos ocupados com Ensino superior completo (17,3%).<\/p>\n\t<p>\n\t\t<a href=\"https:\/\/lp.suno.com.br\/planilha-de-controle-de-investimentos\/\" target=\"_blank\" data-element=\"shortcode-suno-banner\" title=\"Banner SUNO, clique e saiba mais\">\n\t\t\t<picture>\n\t\t\t\t<source media=\"(max-width: 500px)\" srcset=\"https:\/\/files.sunoresearch.com.br\/n\/uploads\/2023\/03\/400x300-Controle-de-Investimentos.png\">\n\t\t\t\t<img class=\"newsContent__article__imgCapa newsContent__article__imgCapa--banner\"\n\t\t\t\t\tsrc=\"https:\/\/files.sunoresearch.com.br\/n\/uploads\/2023\/03\/1420x240-Controle-de-Investimentos.png\"\n\t\t\t\t\tdata-promo-id=\"75934\"\t\t\t\t\t\t\t\t\t\twidth='1420' height='240'\t\t\t\t\talt=\"https:\/\/files.sunoresearch.com.br\/n\/uploads\/2023\/03\/1420x240-Controle-de-Investimentos.png\"\n\t\t\t\t>\n\t\t\t<\/picture>\n\t\t<\/a>\n\t<\/p>\n\n\n","protected":false},"excerpt":{"rendered":"<p>Cerca de um milh\u00e3o de trabalhadores brasileiros deixaram de fazer parte de sindicatos no ano passado. A pesquisa foi publicada nessa quarta-feira (26) pelo Instituto Brasileiro de Geografia e Estat\u00edstica (IBGE). Entre 2018 e 2019, o n\u00famero total de trabalhadores sindicalizados no Brasil reduziu para 10,6 milh\u00f5es. Segundo o IBGE, a queda no n\u00famero total [&hellip;]<\/p>\n","protected":false},"author":56,"featured_media":80831,"comment_status":"closed","ping_status":"closed","sticky":false,"template":"","format":"standard","meta":[],"categories":[62],"tags":[821,1213,1211],"suno_strategy":[],"class_list":["post-80803","post","type-post","status-publish","format-standard","has-post-thumbnail","hentry","category-economia","tag-ibge","tag-reforma-trabalhista","tag-sindicatos"],"yoast_head":"<!-- This site is optimized with the Yoast SEO plugin v24.4 - https:\/\/yoast.com\/wordpress\/plugins\/seo\/ -->\n<title>Sindicatos perdem um milh\u00e3o de inscritos em um ano, mostra IBGE<\/title>\n<meta name=\"description\" content=\"Entre 2018 e 2019, o n\u00famero total de trabalhadores inscritos em sindicatos se reduziu para 10,6 milh\u00f5es. Clique aqui para saber mais.\" \/>\n<meta name=\"robots\" content=\"index, follow, max-snippet:-1, max-image-preview:large, max-video-preview:-1\" \/>\n<link rel=\"canonical\" href=\"https:\/\/www.suno.com.br\/noticias\/sindicatos-perdem-milhao-inscritos-ibge\/\" \/>\n<meta property=\"og:locale\" content=\"pt_BR\" \/>\n<meta property=\"og:type\" content=\"article\" \/>\n<meta property=\"og:title\" content=\"Sindicatos perdem um milh\u00e3o de inscritos em um ano, mostra IBGE\" \/>\n<meta property=\"og:description\" content=\"Entre 2018 e 2019, o n\u00famero total de trabalhadores inscritos em sindicatos se reduziu para 10,6 milh\u00f5es. Clique aqui para saber mais.\" \/>\n<meta property=\"og:url\" content=\"https:\/\/www.suno.com.br\/noticias\/sindicatos-perdem-milhao-inscritos-ibge\/\" \/>\n<meta property=\"og:site_name\" content=\"Suno Not\u00edcias\" \/>\n<meta property=\"article:publisher\" content=\"https:\/\/facebook.com\/sunoresearch\" \/>\n<meta property=\"og:image\" content=\"https:\/\/files.sunoresearch.com.br\/n\/uploads\/2020\/08\/9780280b-27002191297_21cd593e80_b.jpg\" \/>\n\t<meta property=\"og:image:width\" content=\"1024\" \/>\n\t<meta property=\"og:image:height\" content=\"682\" \/>\n\t<meta property=\"og:image:type\" content=\"image\/jpeg\" \/>\n<meta name=\"author\" content=\"Rafaela La Regina\" \/>\n<meta name=\"twitter:card\" content=\"summary_large_image\" \/>\n<meta name=\"twitter:creator\" content=\"@sunoresearch\" \/>\n<meta name=\"twitter:site\" content=\"@sunoresearch\" \/>\n<meta name=\"twitter:label1\" content=\"Escrito por\" \/>\n\t<meta name=\"twitter:data1\" content=\"Rafaela La Regina\" \/>\n\t<meta name=\"twitter:label2\" content=\"Est. tempo de leitura\" \/>\n\t<meta name=\"twitter:data2\" content=\"2 minutos\" \/>\n<script type=\"application\/ld+json\" class=\"yoast-schema-graph\">{\"@context\":\"https:\/\/schema.org\",\"@graph\":[{\"@type\":\"NewsArticle\",\"@id\":\"https:\/\/www.suno.com.br\/noticias\/sindicatos-perdem-milhao-inscritos-ibge\/#article\",\"isPartOf\":{\"@id\":\"https:\/\/www.suno.com.br\/noticias\/sindicatos-perdem-milhao-inscritos-ibge\/\"},\"author\":{\"name\":\"Rafaela La Regina\",\"@id\":\"https:\/\/www.suno.com.br\/noticias\/#\/schema\/person\/e672ca8cea627fe715fa29bca7da95e0\"},\"headline\":\"Sindicatos perdem cerca de um milh\u00e3o de inscritos em um ano, mostra IBGE\",\"datePublished\":\"2020-08-26T20:21:50+00:00\",\"mainEntityOfPage\":{\"@id\":\"https:\/\/www.suno.com.br\/noticias\/sindicatos-perdem-milhao-inscritos-ibge\/\"},\"wordCount\":423,\"publisher\":{\"@id\":\"https:\/\/www.suno.com.br\/noticias\/#organization\"},\"image\":{\"@id\":\"https:\/\/www.suno.com.br\/noticias\/sindicatos-perdem-milhao-inscritos-ibge\/#primaryimage\"},\"thumbnailUrl\":\"https:\/\/files.sunoresearch.com.br\/n\/uploads\/2020\/08\/9780280b-27002191297_21cd593e80_b-jpg.webp\",\"keywords\":[\"IBGE\",\"reforma trabalhista\",\"sindicatos\"],\"articleSection\":[\"Economia\"],\"inLanguage\":\"pt-BR\"},{\"@type\":\"WebPage\",\"@id\":\"https:\/\/www.suno.com.br\/noticias\/sindicatos-perdem-milhao-inscritos-ibge\/\",\"url\":\"https:\/\/www.suno.com.br\/noticias\/sindicatos-perdem-milhao-inscritos-ibge\/\",\"name\":\"Sindicatos perdem um milh\u00e3o de inscritos em um ano, mostra IBGE\",\"isPartOf\":{\"@id\":\"https:\/\/www.suno.com.br\/noticias\/#website\"},\"primaryImageOfPage\":{\"@id\":\"https:\/\/www.suno.com.br\/noticias\/sindicatos-perdem-milhao-inscritos-ibge\/#primaryimage\"},\"image\":{\"@id\":\"https:\/\/www.suno.com.br\/noticias\/sindicatos-perdem-milhao-inscritos-ibge\/#primaryimage\"},\"thumbnailUrl\":\"https:\/\/files.sunoresearch.com.br\/n\/uploads\/2020\/08\/9780280b-27002191297_21cd593e80_b-jpg.webp\",\"datePublished\":\"2020-08-26T20:21:50+00:00\",\"description\":\"Entre 2018 e 2019, o n\u00famero total de trabalhadores inscritos em sindicatos se reduziu para 10,6 milh\u00f5es. Clique aqui para saber mais.\",\"breadcrumb\":{\"@id\":\"https:\/\/www.suno.com.br\/noticias\/sindicatos-perdem-milhao-inscritos-ibge\/#breadcrumb\"},\"inLanguage\":\"pt-BR\",\"potentialAction\":[{\"@type\":\"ReadAction\",\"target\":[\"https:\/\/www.suno.com.br\/noticias\/sindicatos-perdem-milhao-inscritos-ibge\/\"]}]},{\"@type\":\"ImageObject\",\"inLanguage\":\"pt-BR\",\"@id\":\"https:\/\/www.suno.com.br\/noticias\/sindicatos-perdem-milhao-inscritos-ibge\/#primaryimage\",\"url\":\"https:\/\/files.sunoresearch.com.br\/n\/uploads\/2020\/08\/9780280b-27002191297_21cd593e80_b-jpg.webp\",\"contentUrl\":\"https:\/\/files.sunoresearch.com.br\/n\/uploads\/2020\/08\/9780280b-27002191297_21cd593e80_b-jpg.webp\",\"width\":1024,\"height\":682,\"caption\":\"Entre 2018 e 2019, o n\u00famero total de trabalhadores sindicalizados no Brasil reduziu para 10,6 milh\u00f5es.\"},{\"@type\":\"BreadcrumbList\",\"@id\":\"https:\/\/www.suno.com.br\/noticias\/sindicatos-perdem-milhao-inscritos-ibge\/#breadcrumb\",\"itemListElement\":[{\"@type\":\"ListItem\",\"position\":1,\"name\":\"Not\u00edcias\",\"item\":\"https:\/\/www.suno.com.br\/noticias\/\"},{\"@type\":\"ListItem\",\"position\":2,\"name\":\"Economia\",\"item\":\"https:\/\/www.suno.com.br\/noticias\/economia\/\"},{\"@type\":\"ListItem\",\"position\":3,\"name\":\"Sindicatos perdem cerca de um milh\u00e3o de inscritos em um ano, mostra IBGE\"}]},{\"@type\":\"WebSite\",\"@id\":\"https:\/\/www.suno.com.br\/noticias\/#website\",\"url\":\"https:\/\/www.suno.com.br\/noticias\/\",\"name\":\"Suno Not\u00edcias\",\"description\":\"Seu portal de informa\u00e7\u00e3o sobre o mundo dos investimentos\",\"publisher\":{\"@id\":\"https:\/\/www.suno.com.br\/noticias\/#organization\"},\"potentialAction\":[{\"@type\":\"SearchAction\",\"target\":{\"@type\":\"EntryPoint\",\"urlTemplate\":\"https:\/\/www.suno.com.br\/noticias\/?s={search_term_string}\"},\"query-input\":{\"@type\":\"PropertyValueSpecification\",\"valueRequired\":true,\"valueName\":\"search_term_string\"}}],\"inLanguage\":\"pt-BR\"},{\"@type\":\"Organization\",\"@id\":\"https:\/\/www.suno.com.br\/noticias\/#organization\",\"name\":\"Suno Not\u00edcias\",\"url\":\"https:\/\/www.suno.com.br\/noticias\/\",\"logo\":{\"@type\":\"ImageObject\",\"inLanguage\":\"pt-BR\",\"@id\":\"https:\/\/www.suno.com.br\/noticias\/#\/schema\/logo\/image\/\",\"url\":\"https:\/\/files.sunoresearch.com.br\/n\/uploads\/2021\/09\/suno-logo.png\",\"contentUrl\":\"https:\/\/files.sunoresearch.com.br\/n\/uploads\/2021\/09\/suno-logo.png\",\"width\":180,\"height\":180,\"caption\":\"Suno Not\u00edcias\"},\"image\":{\"@id\":\"https:\/\/www.suno.com.br\/noticias\/#\/schema\/logo\/image\/\"},\"sameAs\":[\"https:\/\/facebook.com\/sunoresearch\",\"https:\/\/x.com\/sunoresearch\",\"https:\/\/www.instagram.com\/suno\",\"https:\/\/www.linkedin.com\/company\/suno-research\/\",\"https:\/\/www.youtube.com\/c\/sunoresearch\"]},{\"@type\":\"Person\",\"@id\":\"https:\/\/www.suno.com.br\/noticias\/#\/schema\/person\/e672ca8cea627fe715fa29bca7da95e0\",\"name\":\"Rafaela La Regina\",\"image\":{\"@type\":\"ImageObject\",\"inLanguage\":\"pt-BR\",\"@id\":\"https:\/\/www.suno.com.br\/noticias\/#\/schema\/person\/image\/\",\"url\":\"https:\/\/secure.gravatar.com\/avatar\/d2c75a52d243deb93d0465fdcb21bd37?s=96&r=g\",\"contentUrl\":\"https:\/\/secure.gravatar.com\/avatar\/d2c75a52d243deb93d0465fdcb21bd37?s=96&r=g\",\"caption\":\"Rafaela La Regina\"},\"description\":\"Estagi\u00e1ria no Suno Not\u00edcias. Escreve sobre economia, pol\u00edtica e neg\u00f3cios. Estuda Rela\u00e7\u00f5es Internacionais no IBMEC-SP.\",\"url\":\"https:\/\/www.suno.com.br\/noticias\/author\/rafaela-la-regina\/\"}]}<\/script>\n<!-- \/ Yoast SEO plugin. -->","yoast_head_json":{"title":"Sindicatos perdem um milh\u00e3o de inscritos em um ano, mostra IBGE","description":"Entre 2018 e 2019, o n\u00famero total de trabalhadores inscritos em sindicatos se reduziu para 10,6 milh\u00f5es. Clique aqui para saber mais.","robots":{"index":"index","follow":"follow","max-snippet":"max-snippet:-1","max-image-preview":"max-image-preview:large","max-video-preview":"max-video-preview:-1"},"canonical":"https:\/\/www.suno.com.br\/noticias\/sindicatos-perdem-milhao-inscritos-ibge\/","og_locale":"pt_BR","og_type":"article","og_title":"Sindicatos perdem um milh\u00e3o de inscritos em um ano, mostra IBGE","og_description":"Entre 2018 e 2019, o n\u00famero total de trabalhadores inscritos em sindicatos se reduziu para 10,6 milh\u00f5es. Clique aqui para saber mais.","og_url":"https:\/\/www.suno.com.br\/noticias\/sindicatos-perdem-milhao-inscritos-ibge\/","og_site_name":"Suno Not\u00edcias","article_publisher":"https:\/\/facebook.com\/sunoresearch","og_image":[{"width":1024,"height":682,"url":"https:\/\/files.sunoresearch.com.br\/n\/uploads\/2020\/08\/9780280b-27002191297_21cd593e80_b.jpg","type":"image\/jpeg"}],"author":"Rafaela La Regina","twitter_card":"summary_large_image","twitter_creator":"@sunoresearch","twitter_site":"@sunoresearch","twitter_misc":{"Escrito por":"Rafaela La Regina","Est. tempo de leitura":"2 minutos"},"schema":{"@context":"https:\/\/schema.org","@graph":[{"@type":"NewsArticle","@id":"https:\/\/www.suno.com.br\/noticias\/sindicatos-perdem-milhao-inscritos-ibge\/#article","isPartOf":{"@id":"https:\/\/www.suno.com.br\/noticias\/sindicatos-perdem-milhao-inscritos-ibge\/"},"author":{"name":"Rafaela La Regina","@id":"https:\/\/www.suno.com.br\/noticias\/#\/schema\/person\/e672ca8cea627fe715fa29bca7da95e0"},"headline":"Sindicatos perdem cerca de um milh\u00e3o de inscritos em um ano, mostra IBGE","datePublished":"2020-08-26T20:21:50+00:00","mainEntityOfPage":{"@id":"https:\/\/www.suno.com.br\/noticias\/sindicatos-perdem-milhao-inscritos-ibge\/"},"wordCount":423,"publisher":{"@id":"https:\/\/www.suno.com.br\/noticias\/#organization"},"image":{"@id":"https:\/\/www.suno.com.br\/noticias\/sindicatos-perdem-milhao-inscritos-ibge\/#primaryimage"},"thumbnailUrl":"https:\/\/files.sunoresearch.com.br\/n\/uploads\/2020\/08\/9780280b-27002191297_21cd593e80_b-jpg.webp","keywords":["IBGE","reforma trabalhista","sindicatos"],"articleSection":["Economia"],"inLanguage":"pt-BR"},{"@type":"WebPage","@id":"https:\/\/www.suno.com.br\/noticias\/sindicatos-perdem-milhao-inscritos-ibge\/","url":"https:\/\/www.suno.com.br\/noticias\/sindicatos-perdem-milhao-inscritos-ibge\/","name":"Sindicatos perdem um milh\u00e3o de inscritos em um ano, mostra IBGE","isPartOf":{"@id":"https:\/\/www.suno.com.br\/noticias\/#website"},"primaryImageOfPage":{"@id":"https:\/\/www.suno.com.br\/noticias\/sindicatos-perdem-milhao-inscritos-ibge\/#primaryimage"},"image":{"@id":"https:\/\/www.suno.com.br\/noticias\/sindicatos-perdem-milhao-inscritos-ibge\/#primaryimage"},"thumbnailUrl":"https:\/\/files.sunoresearch.com.br\/n\/uploads\/2020\/08\/9780280b-27002191297_21cd593e80_b-jpg.webp","datePublished":"2020-08-26T20:21:50+00:00","description":"Entre 2018 e 2019, o n\u00famero total de trabalhadores inscritos em sindicatos se reduziu para 10,6 milh\u00f5es. Clique aqui para saber mais.","breadcrumb":{"@id":"https:\/\/www.suno.com.br\/noticias\/sindicatos-perdem-milhao-inscritos-ibge\/#breadcrumb"},"inLanguage":"pt-BR","potentialAction":[{"@type":"ReadAction","target":["https:\/\/www.suno.com.br\/noticias\/sindicatos-perdem-milhao-inscritos-ibge\/"]}]},{"@type":"ImageObject","inLanguage":"pt-BR","@id":"https:\/\/www.suno.com.br\/noticias\/sindicatos-perdem-milhao-inscritos-ibge\/#primaryimage","url":"https:\/\/files.sunoresearch.com.br\/n\/uploads\/2020\/08\/9780280b-27002191297_21cd593e80_b-jpg.webp","contentUrl":"https:\/\/files.sunoresearch.com.br\/n\/uploads\/2020\/08\/9780280b-27002191297_21cd593e80_b-jpg.webp","width":1024,"height":682,"caption":"Entre 2018 e 2019, o n\u00famero total de trabalhadores sindicalizados no Brasil reduziu para 10,6 milh\u00f5es."},{"@type":"BreadcrumbList","@id":"https:\/\/www.suno.com.br\/noticias\/sindicatos-perdem-milhao-inscritos-ibge\/#breadcrumb","itemListElement":[{"@type":"ListItem","position":1,"name":"Not\u00edcias","item":"https:\/\/www.suno.com.br\/noticias\/"},{"@type":"ListItem","position":2,"name":"Economia","item":"https:\/\/www.suno.com.br\/noticias\/economia\/"},{"@type":"ListItem","position":3,"name":"Sindicatos perdem cerca de um milh\u00e3o de inscritos em um ano, mostra IBGE"}]},{"@type":"WebSite","@id":"https:\/\/www.suno.com.br\/noticias\/#website","url":"https:\/\/www.suno.com.br\/noticias\/","name":"Suno Not\u00edcias","description":"Seu portal de informa\u00e7\u00e3o sobre o mundo dos investimentos","publisher":{"@id":"https:\/\/www.suno.com.br\/noticias\/#organization"},"potentialAction":[{"@type":"SearchAction","target":{"@type":"EntryPoint","urlTemplate":"https:\/\/www.suno.com.br\/noticias\/?s={search_term_string}"},"query-input":{"@type":"PropertyValueSpecification","valueRequired":true,"valueName":"search_term_string"}}],"inLanguage":"pt-BR"},{"@type":"Organization","@id":"https:\/\/www.suno.com.br\/noticias\/#organization","name":"Suno Not\u00edcias","url":"https:\/\/www.suno.com.br\/noticias\/","logo":{"@type":"ImageObject","inLanguage":"pt-BR","@id":"https:\/\/www.suno.com.br\/noticias\/#\/schema\/logo\/image\/","url":"https:\/\/files.sunoresearch.com.br\/n\/uploads\/2021\/09\/suno-logo.png","contentUrl":"https:\/\/files.sunoresearch.com.br\/n\/uploads\/2021\/09\/suno-logo.png","width":180,"height":180,"caption":"Suno Not\u00edcias"},"image":{"@id":"https:\/\/www.suno.com.br\/noticias\/#\/schema\/logo\/image\/"},"sameAs":["https:\/\/facebook.com\/sunoresearch","https:\/\/x.com\/sunoresearch","https:\/\/www.instagram.com\/suno","https:\/\/www.linkedin.com\/company\/suno-research\/","https:\/\/www.youtube.com\/c\/sunoresearch"]},{"@type":"Person","@id":"https:\/\/www.suno.com.br\/noticias\/#\/schema\/person\/e672ca8cea627fe715fa29bca7da95e0","name":"Rafaela La Regina","image":{"@type":"ImageObject","inLanguage":"pt-BR","@id":"https:\/\/www.suno.com.br\/noticias\/#\/schema\/person\/image\/","url":"https:\/\/secure.gravatar.com\/avatar\/d2c75a52d243deb93d0465fdcb21bd37?s=96&r=g","contentUrl":"https:\/\/secure.gravatar.com\/avatar\/d2c75a52d243deb93d0465fdcb21bd37?s=96&r=g","caption":"Rafaela La Regina"},"description":"Estagi\u00e1ria no Suno Not\u00edcias. Escreve sobre economia, pol\u00edtica e neg\u00f3cios. Estuda Rela\u00e7\u00f5es Internacionais no IBMEC-SP.","url":"https:\/\/www.suno.com.br\/noticias\/author\/rafaela-la-regina\/"}]}},"default_loop_html":"<div class=\"cardsPage__listCard__boxs\"><div class=\"cardsPage__listCard__boxs__img\"><a href=\"https:\/\/www.suno.com.br\/noticias\/sindicatos-perdem-milhao-inscritos-ibge\/\"><img class=\"mask\" src=\"https:\/\/www.suno.com.br\/noticias\/wp-content\/themes\/suno\/resources\/images\/spotlight\/spotlight1img\/bg-mask.png\" alt=\"Image Mask\"\/><img src=\"https:\/\/files.sunoresearch.com.br\/n\/uploads\/2020\/08\/9780280b-27002191297_21cd593e80_b-400x200.webp\" alt=\"Sindicatos perdem cerca de um milh\u00e3o de inscritos em um ano, mostra IBGE\"\/><\/a><span class=\"spotlightCategory\"><a href=\"https:\/\/www.suno.com.br\/noticias\/economia\/\">Economia<\/a><\/span><\/div><div class=\"cardsPage__listCard__boxs__content\"><a href=\"https:\/\/www.suno.com.br\/noticias\/sindicatos-perdem-milhao-inscritos-ibge\/\"><h2 class=\"content__title\">Sindicatos perdem cerca de um milh\u00e3o de inscritos em um ano, mostra IBGE<\/h2><\/a><div class=\"newsContent__article__meta\"><div class=\"newsContent__article__meta__authorBox\"><a href=\"https:\/\/www.suno.com.br\/noticias\/author\/rafaela-la-regina\/\" class=\"authorBox__avatar noMobi\"><img src=\"https:\/\/secure.gravatar.com\/avatar\/d2c75a52d243deb93d0465fdcb21bd37?s=96&#038;r=g\" alt=\"Rafaela La Regina\"><\/a><div class=\"authorBox__name\"><span>por\n\t\t\t<a href=\"https:\/\/www.suno.com.br\/noticias\/author\/rafaela-la-regina\/\"><span itemprop=\"author\">Rafaela La Regina<\/span><\/a><\/span><time datetime=\"2020-08-26T17:21:50-03:00\" itemprop=\"datePublished\">26\/08\/2020 17:21<\/time><\/div><\/div><\/div><\/div><\/div>","single_layout":"posts","amp_enabled":true,"_links":{"self":[{"href":"https:\/\/www.suno.com.br\/noticias\/wp-json\/wp\/v2\/posts\/80803"}],"collection":[{"href":"https:\/\/www.suno.com.br\/noticias\/wp-json\/wp\/v2\/posts"}],"about":[{"href":"https:\/\/www.suno.com.br\/noticias\/wp-json\/wp\/v2\/types\/post"}],"author":[{"embeddable":true,"href":"https:\/\/www.suno.com.br\/noticias\/wp-json\/wp\/v2\/users\/56"}],"replies":[{"embeddable":true,"href":"https:\/\/www.suno.com.br\/noticias\/wp-json\/wp\/v2\/comments?post=80803"}],"version-history":[{"count":0,"href":"https:\/\/www.suno.com.br\/noticias\/wp-json\/wp\/v2\/posts\/80803\/revisions"}],"wp:featuredmedia":[{"embeddable":true,"href":"https:\/\/www.suno.com.br\/noticias\/wp-json\/wp\/v2\/media\/80831"}],"wp:attachment":[{"href":"https:\/\/www.suno.com.br\/noticias\/wp-json\/wp\/v2\/media?parent=80803"}],"wp:term":[{"taxonomy":"category","embeddable":true,"href":"https:\/\/www.suno.com.br\/noticias\/wp-json\/wp\/v2\/categories?post=80803"},{"taxonomy":"post_tag","embeddable":true,"href":"https:\/\/www.suno.com.br\/noticias\/wp-json\/wp\/v2\/tags?post=80803"},{"taxonomy":"suno_strategy","embeddable":true,"href":"https:\/\/www.suno.com.br\/noticias\/wp-json\/wp\/v2\/suno_strategy?post=80803"}],"curies":[{"name":"wp","href":"https:\/\/api.w.org\/{rel}","templated":true}]}}