{"id":80774,"date":"2020-08-26T12:55:17","date_gmt":"2020-08-26T15:55:17","guid":{"rendered":"https:\/\/www.suno.com.br\/noticias\/?p=80774"},"modified":"2020-08-26T12:55:17","modified_gmt":"2020-08-26T15:55:17","slug":"forum-economico-mundial-verao-2021","status":"publish","type":"post","link":"https:\/\/www.suno.com.br\/noticias\/forum-economico-mundial-verao-2021\/","title":{"rendered":"F\u00f3rum Econ\u00f4mico Mundial de Davos \u00e9 adiado para o ver\u00e3o de 2021"},"content":{"rendered":"<p>O<strong><a href=\"https:\/\/www.suno.com.br\/artigos\/direto-de-davos\/\"> F\u00f3rum Econ\u00f4mico Mundial<\/a> (WEF, no acr\u00f4nimo em ingl\u00eas)<\/strong> anunciou nesta quarta-feira (26) que adiar\u00e1 seu tradicional evento anual em Davos, na Su\u00ed\u00e7a, no ver\u00e3o de 2021. A reuni\u00e3o de chefes de Estado e de governo, l\u00edderes empresariais, diplomatas e personalidades de todo o mundo acontece h\u00e1 50 anos na \u00faltima semana de janeiro. Entretanto, os efeitos da pandemia de coronav\u00edrus (covid-19) motivaram essa escolha.<\/p>\t<div class=\"wrapper-featured-image\">\n\t\t<figure class=\"spotlightImg\">\n\n\t\t\t<picture>\n\t\t\t\t<source media=\"(max-width: 768px)\" srcset=\"https:\/\/files.sunoresearch.com.br\/n\/uploads\/2019\/01\/e6bd7dc4-world-economic-forum-davos-400x200.webp\">\n\t\t\t\t<img loading=\"lazy\" decoding=\"async\" class=\"newsContent__article__imgCapa lazyloadDisabled \" src=\"https:\/\/files.sunoresearch.com.br\/n\/uploads\/2019\/01\/e6bd7dc4-world-economic-forum-davos-jpg.webp\" width=\"800\" height=\"450\" alt=\"F\u00f3rum Econ\u00f4mico Mundial de Davos \u00e9 adiado para o ver\u00e3o de 2021\" fetchpriority=high \/>\n\t\t\t<\/picture>\n\n\t\t\t<figcaption class=\"wp-caption-text wp-caption-text--show\">F\u00f3rum Econ\u00f4mico Mundial est\u00e1 previsto para acontecer entre os dias 18 a 21 de maio de 2021.<\/figcaption>\n\t\t<\/figure>\n\t<\/div>\n\n\n<div class=\"hubspot-form-wrapper\">\n\t<div id=\"single-form-target\"><\/div>\n<\/div>\n\n<p>&#8220;A decis\u00e3o n\u00e3o foi tomada facilmente, uma vez que a necessidade de l\u00edderes globais se unirem para projetar um caminho de recupera\u00e7\u00e3o comum e moldar a \u201cGrande Restaura\u00e7\u00e3o\u201d na era p\u00f3s-COVID-19 \u00e9 urgente. No entanto, o conselho dos especialistas \u00e9 que n\u00e3o podemos fazer isso com seguran\u00e7a em janeiro&#8221;, informou o F\u00f3rum Econ\u00f4mico Mundial em um comunicado.<\/p>\n<p>A data exata e o local onde ser\u00e1 realizado evento ainda n\u00e3o foram divulgados. Todavia, para manter uma liga\u00e7\u00e3o com as tradicionais datas do evento, durante a semana de 25 de janeiro ser\u00e3o realizaremos digitalmente \u201cDi\u00e1logos de Davos\u201d. Encontros de alto n\u00edvel onde os principais l\u00edderes globais compartilhar\u00e3o suas vis\u00f5es sobre o estado do mundo em 2021.<\/p>\n<p><a href=\"https:\/\/lp.suno.com.br\/suno-one\/\">Conhe\u00e7a o Suno One, a central gratuita de informa\u00e7\u00f5es da Suno para quem quer aprender a investir. Acesse clicando aqui.<\/a><\/p>\n<p>&#8220;O F\u00f3rum Econ\u00f4mico Mundial continua a envolver seus parceiros e constituintes em m\u00faltiplas atividades colaborativas para enfrentar os desafios globais, regionais e comerciais&#8221;, salientou a organiza\u00e7\u00e3o, &#8220;Desde fevereiro, quase 1.200 membros de empresas, governo e sociedade civil aderiram \u00e0 Plataforma de A\u00e7\u00e3o COVID do F\u00f3rum ap\u00f3s a eclos\u00e3o da pandemia. Em setembro, nossa C\u00fapula do Impacto do Desenvolvimento Sustent\u00e1vel trar\u00e1 os princ\u00edpios b\u00e1sicos da Grande Reinicializa\u00e7\u00e3o em foco, perguntando a todos n\u00f3s como podemos contribuir para um futuro mais sustent\u00e1vel e inclusivo&#8221;.<\/p>\n<h2>Mudan\u00e7a no <strong>F\u00f3rum Econ\u00f4mico Mundial <\/strong><\/h2>\n<p>No come\u00e7o de junho o F\u00f3rum Econ\u00f4mico Mundial tinha anunciado a realiza\u00e7\u00e3o do evento em Davos nas datas tradicionais. O an\u00fancio tinha sido realizado pelo o fundador do <strong>WEF, Klaus<\/strong>\u00a0<strong>Schwab,<\/strong> durante uma reuni\u00e3o virtual conjunta com o pr\u00edncipe Charles do Reino Unido, do secret\u00e1rio-geral das Na\u00e7\u00f5es Unidas, <strong>Antonio Guterres,<\/strong> e da diretora-geral do <strong><a href=\"https:\/\/www.suno.com.br\/artigos\/fmi\/\">Fundo Monet\u00e1rio Internacional (FMI)<\/a><\/strong>, Kristalina Georgieva.<\/p>\n<p><a href=\"https:\/\/www.suno.com.br\/noticias\/dez-principais-ideias-apresentadas-davos-2020\/\">Saiba mais: Davos: conhe\u00e7a as dez principais ideias apresentadas no F\u00f3rum 2020<\/a><\/p>\n<p>Naquela ocasi\u00e3o, Schwab tinha salientado que a edi\u00e7\u00e3o n\u00famero 51 do WEF teria ocorrido seja de forma presencial que virtual, indicando como a luta contra as mudan\u00e7as clim\u00e1ticas permanecia uma prioridade de discuss\u00e3o do F\u00f3rum.<\/p>\n<div>\n<p data-reactid=\"25\">&#8220;Sabemos que a mudan\u00e7a clim\u00e1tica pode ser a pr\u00f3xima cat\u00e1strofe global que trar\u00e1 consequ\u00eancias ainda mais dram\u00e1ticas para a humanidade&#8221;, salientou na ocasi\u00e3o o presidente do\u00a0<strong>F\u00f3rum Econ\u00f4mico Mundial,<\/strong> explicando como por isso \u00e9 necess\u00e1rio\u00a0&#8220;um novo contrato social que honre a dignidade de cada ser humano&#8221;. Schwab salientou como a crise sanit\u00e1ria mundial revelou que &#8220;nosso sistema anterior em termos de coes\u00e3o social, aus\u00eancia de oportunidades iguais e inclus\u00e3o n\u00e3o \u00e9 sustent\u00e1vel&#8221;.<\/p>\n<p data-reactid=\"25\">\t<p>\n\t\t<a href=\"https:\/\/lp.suno.com.br\/planilha-de-controle-de-investimentos\/\" target=\"_blank\" data-element=\"shortcode-suno-banner\" title=\"Banner SUNO, clique e saiba mais\">\n\t\t\t<picture>\n\t\t\t\t<source media=\"(max-width: 500px)\" srcset=\"https:\/\/files.sunoresearch.com.br\/n\/uploads\/2023\/03\/400x300-Controle-de-Investimentos.png\">\n\t\t\t\t<img class=\"newsContent__article__imgCapa newsContent__article__imgCapa--banner\"\n\t\t\t\t\tsrc=\"https:\/\/files.sunoresearch.com.br\/n\/uploads\/2023\/03\/1420x240-Controle-de-Investimentos.png\"\n\t\t\t\t\tdata-promo-id=\"75934\"\t\t\t\t\t\t\t\t\t\twidth='1420' height='240'\t\t\t\t\talt=\"https:\/\/files.sunoresearch.com.br\/n\/uploads\/2023\/03\/1420x240-Controle-de-Investimentos.png\"\n\t\t\t\t>\n\t\t\t<\/picture>\n\t\t<\/a>\n\t<\/p>\n\n<\/p>\n<\/div>\n","protected":false},"excerpt":{"rendered":"<p>O F\u00f3rum Econ\u00f4mico Mundial (WEF, no acr\u00f4nimo em ingl\u00eas) anunciou nesta quarta-feira (26) que adiar\u00e1 seu tradicional evento anual em Davos, na Su\u00ed\u00e7a, no ver\u00e3o de 2021. A reuni\u00e3o de chefes de Estado e de governo, l\u00edderes empresariais, diplomatas e personalidades de todo o mundo acontece h\u00e1 50 anos na \u00faltima semana de janeiro. Entretanto, [&hellip;]<\/p>\n","protected":false},"author":9,"featured_media":11997,"comment_status":"closed","ping_status":"closed","sticky":false,"template":"","format":"standard","meta":[],"categories":[63],"tags":[972,961],"suno_strategy":[],"class_list":["post-80774","post","type-post","status-publish","format-standard","has-post-thumbnail","hentry","category-internacional","tag-davos","tag-forum-economico-mundial"],"yoast_head":"<!-- This site is optimized with the Yoast SEO plugin v24.4 - https:\/\/yoast.com\/wordpress\/plugins\/seo\/ -->\n<title>F\u00f3rum Econ\u00f4mico Mundial de Davos \u00e9 adiado para o ver\u00e3o de 2021<\/title>\n<meta name=\"description\" content=\"O F\u00f3rum Econ\u00f4mico Mundial anunciou que adiar\u00e1 seu tradicional evento anual em Davos, na Su\u00ed\u00e7a, no ver\u00e3o de 2021. Clique aqui para saber mais.\" \/>\n<meta name=\"robots\" content=\"index, follow, max-snippet:-1, max-image-preview:large, max-video-preview:-1\" \/>\n<link rel=\"canonical\" href=\"https:\/\/www.suno.com.br\/noticias\/forum-economico-mundial-verao-2021\/\" \/>\n<meta property=\"og:locale\" content=\"pt_BR\" \/>\n<meta property=\"og:type\" content=\"article\" \/>\n<meta property=\"og:title\" content=\"F\u00f3rum Econ\u00f4mico Mundial de Davos \u00e9 adiado para o ver\u00e3o de 2021\" \/>\n<meta property=\"og:description\" content=\"O F\u00f3rum Econ\u00f4mico Mundial anunciou que adiar\u00e1 seu tradicional evento anual em Davos, na Su\u00ed\u00e7a, no ver\u00e3o de 2021. Clique aqui para saber mais.\" \/>\n<meta property=\"og:url\" content=\"https:\/\/www.suno.com.br\/noticias\/forum-economico-mundial-verao-2021\/\" \/>\n<meta property=\"og:site_name\" content=\"Suno Not\u00edcias\" \/>\n<meta property=\"article:publisher\" content=\"https:\/\/facebook.com\/sunoresearch\" \/>\n<meta property=\"og:image\" content=\"https:\/\/files.sunoresearch.com.br\/n\/uploads\/2019\/01\/e6bd7dc4-world-economic-forum-davos.jpg\" \/>\n\t<meta property=\"og:image:width\" content=\"1008\" \/>\n\t<meta property=\"og:image:height\" content=\"435\" \/>\n\t<meta property=\"og:image:type\" content=\"image\/jpeg\" \/>\n<meta name=\"author\" content=\"Carlo Cauti\" \/>\n<meta name=\"twitter:card\" content=\"summary_large_image\" \/>\n<meta name=\"twitter:creator\" content=\"@sunoresearch\" \/>\n<meta name=\"twitter:site\" content=\"@sunoresearch\" \/>\n<meta name=\"twitter:label1\" content=\"Escrito por\" \/>\n\t<meta name=\"twitter:data1\" content=\"Carlo Cauti\" \/>\n\t<meta name=\"twitter:label2\" content=\"Est. tempo de leitura\" \/>\n\t<meta name=\"twitter:data2\" content=\"3 minutos\" \/>\n<script type=\"application\/ld+json\" class=\"yoast-schema-graph\">{\"@context\":\"https:\/\/schema.org\",\"@graph\":[{\"@type\":\"NewsArticle\",\"@id\":\"https:\/\/www.suno.com.br\/noticias\/forum-economico-mundial-verao-2021\/#article\",\"isPartOf\":{\"@id\":\"https:\/\/www.suno.com.br\/noticias\/forum-economico-mundial-verao-2021\/\"},\"author\":{\"name\":\"Carlo Cauti\",\"@id\":\"https:\/\/www.suno.com.br\/noticias\/#\/schema\/person\/e6e0f723cc177805027f4566c1d5e0c8\"},\"headline\":\"F\u00f3rum Econ\u00f4mico Mundial de Davos \u00e9 adiado para o ver\u00e3o de 2021\",\"datePublished\":\"2020-08-26T15:55:17+00:00\",\"mainEntityOfPage\":{\"@id\":\"https:\/\/www.suno.com.br\/noticias\/forum-economico-mundial-verao-2021\/\"},\"wordCount\":564,\"publisher\":{\"@id\":\"https:\/\/www.suno.com.br\/noticias\/#organization\"},\"image\":{\"@id\":\"https:\/\/www.suno.com.br\/noticias\/forum-economico-mundial-verao-2021\/#primaryimage\"},\"thumbnailUrl\":\"https:\/\/files.sunoresearch.com.br\/n\/uploads\/2019\/01\/e6bd7dc4-world-economic-forum-davos-jpg.webp\",\"keywords\":[\"Davos\",\"F\u00f3rum Econ\u00f4mico Mundial\"],\"articleSection\":[\"Internacional\"],\"inLanguage\":\"pt-BR\"},{\"@type\":\"WebPage\",\"@id\":\"https:\/\/www.suno.com.br\/noticias\/forum-economico-mundial-verao-2021\/\",\"url\":\"https:\/\/www.suno.com.br\/noticias\/forum-economico-mundial-verao-2021\/\",\"name\":\"F\u00f3rum Econ\u00f4mico Mundial de Davos \u00e9 adiado para o ver\u00e3o de 2021\",\"isPartOf\":{\"@id\":\"https:\/\/www.suno.com.br\/noticias\/#website\"},\"primaryImageOfPage\":{\"@id\":\"https:\/\/www.suno.com.br\/noticias\/forum-economico-mundial-verao-2021\/#primaryimage\"},\"image\":{\"@id\":\"https:\/\/www.suno.com.br\/noticias\/forum-economico-mundial-verao-2021\/#primaryimage\"},\"thumbnailUrl\":\"https:\/\/files.sunoresearch.com.br\/n\/uploads\/2019\/01\/e6bd7dc4-world-economic-forum-davos-jpg.webp\",\"datePublished\":\"2020-08-26T15:55:17+00:00\",\"description\":\"O F\u00f3rum Econ\u00f4mico Mundial anunciou que adiar\u00e1 seu tradicional evento anual em Davos, na Su\u00ed\u00e7a, no ver\u00e3o de 2021. Clique aqui para saber mais.\",\"breadcrumb\":{\"@id\":\"https:\/\/www.suno.com.br\/noticias\/forum-economico-mundial-verao-2021\/#breadcrumb\"},\"inLanguage\":\"pt-BR\",\"potentialAction\":[{\"@type\":\"ReadAction\",\"target\":[\"https:\/\/www.suno.com.br\/noticias\/forum-economico-mundial-verao-2021\/\"]}]},{\"@type\":\"ImageObject\",\"inLanguage\":\"pt-BR\",\"@id\":\"https:\/\/www.suno.com.br\/noticias\/forum-economico-mundial-verao-2021\/#primaryimage\",\"url\":\"https:\/\/files.sunoresearch.com.br\/n\/uploads\/2019\/01\/e6bd7dc4-world-economic-forum-davos-jpg.webp\",\"contentUrl\":\"https:\/\/files.sunoresearch.com.br\/n\/uploads\/2019\/01\/e6bd7dc4-world-economic-forum-davos-jpg.webp\",\"width\":1008,\"height\":435,\"caption\":\"F\u00f3rum Econ\u00f4mico Mundial est\u00e1 previsto para acontecer entre os dias 18 a 21 de maio de 2021.\"},{\"@type\":\"BreadcrumbList\",\"@id\":\"https:\/\/www.suno.com.br\/noticias\/forum-economico-mundial-verao-2021\/#breadcrumb\",\"itemListElement\":[{\"@type\":\"ListItem\",\"position\":1,\"name\":\"Not\u00edcias\",\"item\":\"https:\/\/www.suno.com.br\/noticias\/\"},{\"@type\":\"ListItem\",\"position\":2,\"name\":\"Internacional\",\"item\":\"https:\/\/www.suno.com.br\/noticias\/internacional\/\"},{\"@type\":\"ListItem\",\"position\":3,\"name\":\"F\u00f3rum Econ\u00f4mico Mundial de Davos \u00e9 adiado para o ver\u00e3o de 2021\"}]},{\"@type\":\"WebSite\",\"@id\":\"https:\/\/www.suno.com.br\/noticias\/#website\",\"url\":\"https:\/\/www.suno.com.br\/noticias\/\",\"name\":\"Suno Not\u00edcias\",\"description\":\"Seu portal de informa\u00e7\u00e3o sobre o mundo dos investimentos\",\"publisher\":{\"@id\":\"https:\/\/www.suno.com.br\/noticias\/#organization\"},\"potentialAction\":[{\"@type\":\"SearchAction\",\"target\":{\"@type\":\"EntryPoint\",\"urlTemplate\":\"https:\/\/www.suno.com.br\/noticias\/?s={search_term_string}\"},\"query-input\":{\"@type\":\"PropertyValueSpecification\",\"valueRequired\":true,\"valueName\":\"search_term_string\"}}],\"inLanguage\":\"pt-BR\"},{\"@type\":\"Organization\",\"@id\":\"https:\/\/www.suno.com.br\/noticias\/#organization\",\"name\":\"Suno Not\u00edcias\",\"url\":\"https:\/\/www.suno.com.br\/noticias\/\",\"logo\":{\"@type\":\"ImageObject\",\"inLanguage\":\"pt-BR\",\"@id\":\"https:\/\/www.suno.com.br\/noticias\/#\/schema\/logo\/image\/\",\"url\":\"https:\/\/files.sunoresearch.com.br\/n\/uploads\/2021\/09\/suno-logo.png\",\"contentUrl\":\"https:\/\/files.sunoresearch.com.br\/n\/uploads\/2021\/09\/suno-logo.png\",\"width\":180,\"height\":180,\"caption\":\"Suno Not\u00edcias\"},\"image\":{\"@id\":\"https:\/\/www.suno.com.br\/noticias\/#\/schema\/logo\/image\/\"},\"sameAs\":[\"https:\/\/facebook.com\/sunoresearch\",\"https:\/\/x.com\/sunoresearch\",\"https:\/\/www.instagram.com\/suno\",\"https:\/\/www.linkedin.com\/company\/suno-research\/\",\"https:\/\/www.youtube.com\/c\/sunoresearch\"]},{\"@type\":\"Person\",\"@id\":\"https:\/\/www.suno.com.br\/noticias\/#\/schema\/person\/e6e0f723cc177805027f4566c1d5e0c8\",\"name\":\"Carlo Cauti\",\"image\":{\"@type\":\"ImageObject\",\"inLanguage\":\"pt-BR\",\"@id\":\"https:\/\/www.suno.com.br\/noticias\/#\/schema\/person\/image\/\",\"url\":\"https:\/\/secure.gravatar.com\/avatar\/3ada9e0bd164c23abd4792a9606d583c?s=96&r=g\",\"contentUrl\":\"https:\/\/secure.gravatar.com\/avatar\/3ada9e0bd164c23abd4792a9606d583c?s=96&r=g\",\"caption\":\"Carlo Cauti\"},\"description\":\"Editor multim\u00eddia do SUNO Not\u00edcias. Italiano, formado em Ci\u00eancias Pol\u00edticas pela universidade LUISS G. Carli de Roma e mestre cum laude em Rela\u00e7\u00f5es Internacionais, Jornalismo Internacional e de Guerra e em Economia Internacional. Concluiu tamb\u00e9m um MBA em Finan\u00e7as na B3. No Brasil, teve passagem por ve\u00edculos como Estad\u00e3o, Globo, Veja e EXAME. e nas ag\u00eancias de not\u00edcias italianas ANSA e NOVA.\",\"url\":\"https:\/\/www.suno.com.br\/noticias\/author\/carlo-cauti\/\"}]}<\/script>\n<!-- \/ Yoast SEO plugin. -->","yoast_head_json":{"title":"F\u00f3rum Econ\u00f4mico Mundial de Davos \u00e9 adiado para o ver\u00e3o de 2021","description":"O F\u00f3rum Econ\u00f4mico Mundial anunciou que adiar\u00e1 seu tradicional evento anual em Davos, na Su\u00ed\u00e7a, no ver\u00e3o de 2021. Clique aqui para saber mais.","robots":{"index":"index","follow":"follow","max-snippet":"max-snippet:-1","max-image-preview":"max-image-preview:large","max-video-preview":"max-video-preview:-1"},"canonical":"https:\/\/www.suno.com.br\/noticias\/forum-economico-mundial-verao-2021\/","og_locale":"pt_BR","og_type":"article","og_title":"F\u00f3rum Econ\u00f4mico Mundial de Davos \u00e9 adiado para o ver\u00e3o de 2021","og_description":"O F\u00f3rum Econ\u00f4mico Mundial anunciou que adiar\u00e1 seu tradicional evento anual em Davos, na Su\u00ed\u00e7a, no ver\u00e3o de 2021. Clique aqui para saber mais.","og_url":"https:\/\/www.suno.com.br\/noticias\/forum-economico-mundial-verao-2021\/","og_site_name":"Suno Not\u00edcias","article_publisher":"https:\/\/facebook.com\/sunoresearch","og_image":[{"width":1008,"height":435,"url":"https:\/\/files.sunoresearch.com.br\/n\/uploads\/2019\/01\/e6bd7dc4-world-economic-forum-davos.jpg","type":"image\/jpeg"}],"author":"Carlo Cauti","twitter_card":"summary_large_image","twitter_creator":"@sunoresearch","twitter_site":"@sunoresearch","twitter_misc":{"Escrito por":"Carlo Cauti","Est. tempo de leitura":"3 minutos"},"schema":{"@context":"https:\/\/schema.org","@graph":[{"@type":"NewsArticle","@id":"https:\/\/www.suno.com.br\/noticias\/forum-economico-mundial-verao-2021\/#article","isPartOf":{"@id":"https:\/\/www.suno.com.br\/noticias\/forum-economico-mundial-verao-2021\/"},"author":{"name":"Carlo Cauti","@id":"https:\/\/www.suno.com.br\/noticias\/#\/schema\/person\/e6e0f723cc177805027f4566c1d5e0c8"},"headline":"F\u00f3rum Econ\u00f4mico Mundial de Davos \u00e9 adiado para o ver\u00e3o de 2021","datePublished":"2020-08-26T15:55:17+00:00","mainEntityOfPage":{"@id":"https:\/\/www.suno.com.br\/noticias\/forum-economico-mundial-verao-2021\/"},"wordCount":564,"publisher":{"@id":"https:\/\/www.suno.com.br\/noticias\/#organization"},"image":{"@id":"https:\/\/www.suno.com.br\/noticias\/forum-economico-mundial-verao-2021\/#primaryimage"},"thumbnailUrl":"https:\/\/files.sunoresearch.com.br\/n\/uploads\/2019\/01\/e6bd7dc4-world-economic-forum-davos-jpg.webp","keywords":["Davos","F\u00f3rum Econ\u00f4mico Mundial"],"articleSection":["Internacional"],"inLanguage":"pt-BR"},{"@type":"WebPage","@id":"https:\/\/www.suno.com.br\/noticias\/forum-economico-mundial-verao-2021\/","url":"https:\/\/www.suno.com.br\/noticias\/forum-economico-mundial-verao-2021\/","name":"F\u00f3rum Econ\u00f4mico Mundial de Davos \u00e9 adiado para o ver\u00e3o de 2021","isPartOf":{"@id":"https:\/\/www.suno.com.br\/noticias\/#website"},"primaryImageOfPage":{"@id":"https:\/\/www.suno.com.br\/noticias\/forum-economico-mundial-verao-2021\/#primaryimage"},"image":{"@id":"https:\/\/www.suno.com.br\/noticias\/forum-economico-mundial-verao-2021\/#primaryimage"},"thumbnailUrl":"https:\/\/files.sunoresearch.com.br\/n\/uploads\/2019\/01\/e6bd7dc4-world-economic-forum-davos-jpg.webp","datePublished":"2020-08-26T15:55:17+00:00","description":"O F\u00f3rum Econ\u00f4mico Mundial anunciou que adiar\u00e1 seu tradicional evento anual em Davos, na Su\u00ed\u00e7a, no ver\u00e3o de 2021. Clique aqui para saber mais.","breadcrumb":{"@id":"https:\/\/www.suno.com.br\/noticias\/forum-economico-mundial-verao-2021\/#breadcrumb"},"inLanguage":"pt-BR","potentialAction":[{"@type":"ReadAction","target":["https:\/\/www.suno.com.br\/noticias\/forum-economico-mundial-verao-2021\/"]}]},{"@type":"ImageObject","inLanguage":"pt-BR","@id":"https:\/\/www.suno.com.br\/noticias\/forum-economico-mundial-verao-2021\/#primaryimage","url":"https:\/\/files.sunoresearch.com.br\/n\/uploads\/2019\/01\/e6bd7dc4-world-economic-forum-davos-jpg.webp","contentUrl":"https:\/\/files.sunoresearch.com.br\/n\/uploads\/2019\/01\/e6bd7dc4-world-economic-forum-davos-jpg.webp","width":1008,"height":435,"caption":"F\u00f3rum Econ\u00f4mico Mundial est\u00e1 previsto para acontecer entre os dias 18 a 21 de maio de 2021."},{"@type":"BreadcrumbList","@id":"https:\/\/www.suno.com.br\/noticias\/forum-economico-mundial-verao-2021\/#breadcrumb","itemListElement":[{"@type":"ListItem","position":1,"name":"Not\u00edcias","item":"https:\/\/www.suno.com.br\/noticias\/"},{"@type":"ListItem","position":2,"name":"Internacional","item":"https:\/\/www.suno.com.br\/noticias\/internacional\/"},{"@type":"ListItem","position":3,"name":"F\u00f3rum Econ\u00f4mico Mundial de Davos \u00e9 adiado para o ver\u00e3o de 2021"}]},{"@type":"WebSite","@id":"https:\/\/www.suno.com.br\/noticias\/#website","url":"https:\/\/www.suno.com.br\/noticias\/","name":"Suno Not\u00edcias","description":"Seu portal de informa\u00e7\u00e3o sobre o mundo dos investimentos","publisher":{"@id":"https:\/\/www.suno.com.br\/noticias\/#organization"},"potentialAction":[{"@type":"SearchAction","target":{"@type":"EntryPoint","urlTemplate":"https:\/\/www.suno.com.br\/noticias\/?s={search_term_string}"},"query-input":{"@type":"PropertyValueSpecification","valueRequired":true,"valueName":"search_term_string"}}],"inLanguage":"pt-BR"},{"@type":"Organization","@id":"https:\/\/www.suno.com.br\/noticias\/#organization","name":"Suno Not\u00edcias","url":"https:\/\/www.suno.com.br\/noticias\/","logo":{"@type":"ImageObject","inLanguage":"pt-BR","@id":"https:\/\/www.suno.com.br\/noticias\/#\/schema\/logo\/image\/","url":"https:\/\/files.sunoresearch.com.br\/n\/uploads\/2021\/09\/suno-logo.png","contentUrl":"https:\/\/files.sunoresearch.com.br\/n\/uploads\/2021\/09\/suno-logo.png","width":180,"height":180,"caption":"Suno Not\u00edcias"},"image":{"@id":"https:\/\/www.suno.com.br\/noticias\/#\/schema\/logo\/image\/"},"sameAs":["https:\/\/facebook.com\/sunoresearch","https:\/\/x.com\/sunoresearch","https:\/\/www.instagram.com\/suno","https:\/\/www.linkedin.com\/company\/suno-research\/","https:\/\/www.youtube.com\/c\/sunoresearch"]},{"@type":"Person","@id":"https:\/\/www.suno.com.br\/noticias\/#\/schema\/person\/e6e0f723cc177805027f4566c1d5e0c8","name":"Carlo Cauti","image":{"@type":"ImageObject","inLanguage":"pt-BR","@id":"https:\/\/www.suno.com.br\/noticias\/#\/schema\/person\/image\/","url":"https:\/\/secure.gravatar.com\/avatar\/3ada9e0bd164c23abd4792a9606d583c?s=96&r=g","contentUrl":"https:\/\/secure.gravatar.com\/avatar\/3ada9e0bd164c23abd4792a9606d583c?s=96&r=g","caption":"Carlo Cauti"},"description":"Editor multim\u00eddia do SUNO Not\u00edcias. Italiano, formado em Ci\u00eancias Pol\u00edticas pela universidade LUISS G. Carli de Roma e mestre cum laude em Rela\u00e7\u00f5es Internacionais, Jornalismo Internacional e de Guerra e em Economia Internacional. Concluiu tamb\u00e9m um MBA em Finan\u00e7as na B3. No Brasil, teve passagem por ve\u00edculos como Estad\u00e3o, Globo, Veja e EXAME. e nas ag\u00eancias de not\u00edcias italianas ANSA e NOVA.","url":"https:\/\/www.suno.com.br\/noticias\/author\/carlo-cauti\/"}]}},"default_loop_html":"<div class=\"cardsPage__listCard__boxs\"><div class=\"cardsPage__listCard__boxs__img\"><a href=\"https:\/\/www.suno.com.br\/noticias\/forum-economico-mundial-verao-2021\/\"><img class=\"mask\" src=\"https:\/\/www.suno.com.br\/noticias\/wp-content\/themes\/suno\/resources\/images\/spotlight\/spotlight1img\/bg-mask.png\" alt=\"Image Mask\"\/><img src=\"https:\/\/files.sunoresearch.com.br\/n\/uploads\/2019\/01\/e6bd7dc4-world-economic-forum-davos-400x200.webp\" alt=\"F\u00f3rum Econ\u00f4mico Mundial de Davos \u00e9 adiado para o ver\u00e3o de 2021\"\/><\/a><span class=\"spotlightCategory\"><a href=\"https:\/\/www.suno.com.br\/noticias\/internacional\/\">Internacional<\/a><\/span><\/div><div class=\"cardsPage__listCard__boxs__content\"><a href=\"https:\/\/www.suno.com.br\/noticias\/forum-economico-mundial-verao-2021\/\"><h2 class=\"content__title\">F\u00f3rum Econ\u00f4mico Mundial de Davos \u00e9 adiado para o ver\u00e3o de 2021<\/h2><\/a><div class=\"newsContent__article__meta\"><div class=\"newsContent__article__meta__authorBox\"><a href=\"https:\/\/www.suno.com.br\/noticias\/author\/carlo-cauti\/\" class=\"authorBox__avatar noMobi\"><img src=\"https:\/\/files.sunoresearch.com.br\/n\/uploads\/2020\/08\/e3745f9a-perfil-carlo-cauti-150x150.webp\" alt=\"Carlo Cauti\"><\/a><div class=\"authorBox__name\"><span>por\n\t\t\t<a href=\"https:\/\/www.suno.com.br\/noticias\/author\/carlo-cauti\/\"><span itemprop=\"author\">Carlo Cauti<\/span><\/a><\/span><time datetime=\"2020-08-26T12:55:17-03:00\" itemprop=\"datePublished\">26\/08\/2020 12:55<\/time><\/div><\/div><\/div><\/div><\/div>","single_layout":"posts","amp_enabled":true,"_links":{"self":[{"href":"https:\/\/www.suno.com.br\/noticias\/wp-json\/wp\/v2\/posts\/80774"}],"collection":[{"href":"https:\/\/www.suno.com.br\/noticias\/wp-json\/wp\/v2\/posts"}],"about":[{"href":"https:\/\/www.suno.com.br\/noticias\/wp-json\/wp\/v2\/types\/post"}],"author":[{"embeddable":true,"href":"https:\/\/www.suno.com.br\/noticias\/wp-json\/wp\/v2\/users\/9"}],"replies":[{"embeddable":true,"href":"https:\/\/www.suno.com.br\/noticias\/wp-json\/wp\/v2\/comments?post=80774"}],"version-history":[{"count":0,"href":"https:\/\/www.suno.com.br\/noticias\/wp-json\/wp\/v2\/posts\/80774\/revisions"}],"wp:featuredmedia":[{"embeddable":true,"href":"https:\/\/www.suno.com.br\/noticias\/wp-json\/wp\/v2\/media\/11997"}],"wp:attachment":[{"href":"https:\/\/www.suno.com.br\/noticias\/wp-json\/wp\/v2\/media?parent=80774"}],"wp:term":[{"taxonomy":"category","embeddable":true,"href":"https:\/\/www.suno.com.br\/noticias\/wp-json\/wp\/v2\/categories?post=80774"},{"taxonomy":"post_tag","embeddable":true,"href":"https:\/\/www.suno.com.br\/noticias\/wp-json\/wp\/v2\/tags?post=80774"},{"taxonomy":"suno_strategy","embeddable":true,"href":"https:\/\/www.suno.com.br\/noticias\/wp-json\/wp\/v2\/suno_strategy?post=80774"}],"curies":[{"name":"wp","href":"https:\/\/api.w.org\/{rel}","templated":true}]}}