{"id":80546,"date":"2020-08-25T16:35:31","date_gmt":"2020-08-25T19:35:31","guid":{"rendered":"https:\/\/www.suno.com.br\/noticias\/?p=80546"},"modified":"2020-08-25T16:35:31","modified_gmt":"2020-08-25T19:35:31","slug":"crise-covid-queda-historica-comercio-global","status":"publish","type":"post","link":"https:\/\/www.suno.com.br\/noticias\/crise-covid-queda-historica-comercio-global\/","title":{"rendered":"Crise do Covid-19 leva \u00e0 queda hist\u00f3rica no com\u00e9rcio global"},"content":{"rendered":"<p>O <strong>com\u00e9rcio global<\/strong> entrou em colapso no primeiro semestre de 2020, representado a maior queda em duas d\u00e9cadas, j\u00e1 que o bloqueio causado pelo coronav\u00edrus (covid-19) interrompeu o transporte a\u00e9reo e mar\u00edtimo, afetando a demanda por muitos produtos. As informa\u00e7\u00f5es foram divulgadas pelo jornal &#8220;The Wall Street Journal&#8221; nesta ter\u00e7a-feira (25).<\/p>\t<div class=\"wrapper-featured-image\">\n\t\t<figure class=\"spotlightImg\">\n\n\t\t\t<picture>\n\t\t\t\t<source media=\"(max-width: 768px)\" srcset=\"https:\/\/files.sunoresearch.com.br\/n\/uploads\/2020\/04\/d7a7634c-desglobaliza\u00e7\u00e3o-400x200.webp\">\n\t\t\t\t<img loading=\"lazy\" decoding=\"async\" class=\"newsContent__article__imgCapa lazyloadDisabled \" src=\"https:\/\/files.sunoresearch.com.br\/n\/uploads\/2020\/04\/d7a7634c-desglobaliza\u00e7\u00e3o-800x450.webp\" width=\"800\" height=\"450\" alt=\"Crise do Covid-19 leva \u00e0 queda hist\u00f3rica no com\u00e9rcio global\" fetchpriority=high \/>\n\t\t\t<\/picture>\n\n\t\t\t<figcaption class=\"wp-caption-text wp-caption-text--show\">Crescimento do com\u00e9rcio desacelera em 2022<\/figcaption>\n\t\t<\/figure>\n\t<\/div>\n\n\n<div class=\"hubspot-form-wrapper\">\n\t<div id=\"single-form-target\"><\/div>\n<\/div>\n\n<p>Nas \u00faltimas semanas, surgiram sinais de uma recupera\u00e7\u00e3o na transfer\u00eancia internacional de mercadorias. Por\u00e9m especialistas consultados pelo jornal norte-americano acreditam que as enormes perturba\u00e7\u00f5es econ\u00f4micas e sociais causadas pela <strong>pandemia<\/strong> dever\u00e3o remodelar o com\u00e9rcio global no longo prazo.<\/p>\n<p>O com\u00e9rcio global enfraqueceu antes da crise, principalmente prejudicado por tens\u00f5es comerciais e novas tarifas entre os <strong>EUA<\/strong> e a <strong>China<\/strong>. Somando-se a essas interrup\u00e7\u00f5es, a pandemia levantou novas quest\u00f5es sobre a resili\u00eancia das <strong>cadeias de produ\u00e7\u00e3o<\/strong> que se estendem por todo o mundo e impulsionam um ter\u00e7o do com\u00e9rcio mundial.<\/p>\n<p><a href=\"https:\/\/lp.suno.com.br\/suno-one\/\">Suno One: acesse gratuitamente eBooks, Minicursos, Artigos e Video Aulas sobre investimentos com um \u00fanico cadastro. Clique para saber mais!<\/a><\/p>\n<p>Atualmente, alguns governos, atingidos pela escassez de suprimentos m\u00e9dicos dom\u00e9sticos com a chegada do coronav\u00edrus, est\u00e3o defendendo a constru\u00e7\u00e3o de barreiras comerciais e pressionando para trazer a produ\u00e7\u00e3o para territ\u00f3rios nacionais, no que poderia representar um ajuste permanente do com\u00e9rcio mundial.<\/p>\n<p>O <em>CPB Netherlands Bureau for Economic Policy Analysis<\/em> informou nesta ter\u00e7a-feira que os fluxos de mercadorias cruzando fronteiras foram 12,5% menores nos tr\u00eas meses at\u00e9 junho do que no primeiro trimestre do ano. Essa foi a maior queda desde o in\u00edcio do s\u00e9culo, apagando o aumento registrado ap\u00f3s <a href=\"https:\/\/www.suno.com.br\/artigos\/crise-do-subprime\/\">a crise de 2008<\/a>.<\/p>\n<p>A China foi a primeira grande economia a entrar em bloqueio internacional e a primeira a deix\u00e1-lo. Assim, suas <strong>exporta\u00e7\u00f5es<\/strong> aumentaram no segundo trimestre, 2,4%, ap\u00f3s registrarem queda de 7,7% no primeiro trimestre. Como os EUA e a <a href=\"https:\/\/www.suno.com.br\/artigos\/zona-do-euro\/\"><strong>zona do euro<\/strong><\/a> estiveram paralisados \u200b\u200bdurante grande parte do per\u00edodo de tr\u00eas meses, suas exporta\u00e7\u00f5es ca\u00edram 24,8% e 19,2%, respectivamente.<\/p>\n<p>\u00c0 medida que o segundo trimestre chegava ao fim, alguns fluxos de com\u00e9rcio haviam se recuperado mais rapidamente do que outros. De acordo com a ag\u00eancia de estat\u00edsticas da <strong>Alemanha<\/strong>, as vendas de produtos para a China foram 15,4% maiores em junho do que no ano anterior. Enquanto para os EUA, foram 20,7% menores.<\/p>\n<h2>Sinais indicam demora para o retorno do com\u00e9rcio global<\/h2>\n<p>Um desafio para que o com\u00e9rcio global retorne aos n\u00edveis pr\u00e9-pand\u00eamico \u00e9 sua capacidade. As empresas preferem enviar itens menores e de alto valor por via a\u00e9rea quando est\u00e3o vendendo para clientes em outros pa\u00edses, enquanto as viagens a\u00e9reas tamb\u00e9m s\u00e3o essenciais para compensar a escassez decorrente de atrasos no transporte mar\u00edtimo. Mas muitas aeronaves permanecem sem decolar em resposta \u00e0 queda acentuada na demanda por viagens a\u00e9reas, pois as restri\u00e7\u00f5es ao movimento de pessoas continuam.<\/p>\n<p><a href=\"https:\/\/www.suno.com.br\/noticias\/coronavirus-omc-comercio-global-afetado-novas-restricoes-importacao\/\">Veja tamb\u00e9m: Coronav\u00edrus: OMC diz que com\u00e9rcio global foi afetado por restri\u00e7\u00f5es \u00e0 importa\u00e7\u00e3o<\/a><\/p>\n<p>No entanto, especialistas n\u00e3o descartam uma recupera\u00e7\u00e3o, j\u00e1 que existem alguns sinais de que os fluxos comerciais est\u00e3o se recuperando rapidamente. Na ter\u00e7a-feira, um indicador de tr\u00e1fego de cont\u00eaineres do <strong>Instituto Leibniz de Pesquisa Econ\u00f4mica da Alemanha<\/strong> registrou um aumento acentuado no <strong>com\u00e9rcio global<\/strong> em julho, para um n\u00edvel n\u00e3o muito abaixo do que foi visto um ano antes.<\/p>\n\n","protected":false},"excerpt":{"rendered":"<p>O com\u00e9rcio global entrou em colapso no primeiro semestre de 2020, representado a maior queda em duas d\u00e9cadas, j\u00e1 que o bloqueio causado pelo coronav\u00edrus (covid-19) interrompeu o transporte a\u00e9reo e mar\u00edtimo, afetando a demanda por muitos produtos. As informa\u00e7\u00f5es foram divulgadas pelo jornal &#8220;The Wall Street Journal&#8221; nesta ter\u00e7a-feira (25). Crescimento do com\u00e9rcio desacelera [&hellip;]<\/p>\n","protected":false},"author":44,"featured_media":62621,"comment_status":"closed","ping_status":"closed","sticky":false,"template":"","format":"standard","meta":[],"categories":[62],"tags":[923,2487,5255,2748],"suno_strategy":[],"class_list":["post-80546","post","type-post","status-publish","format-standard","has-post-thumbnail","hentry","category-economia","tag-comercio-exterior","tag-coronavirus","tag-covid-19","tag-pandemia"],"yoast_head":"<!-- This site is optimized with the Yoast SEO plugin v24.4 - https:\/\/yoast.com\/wordpress\/plugins\/seo\/ -->\n<title>Crise do Covid-19 leva \u00e0 queda hist\u00f3rica no com\u00e9rcio global<\/title>\n<meta name=\"description\" content=\"O com\u00e9rcio global entrou em colapso no primeiro semestre de 2020, marcando a maior queda em duas d\u00e9cadas. Clique para ver mais.\" \/>\n<meta name=\"robots\" content=\"index, follow, max-snippet:-1, max-image-preview:large, max-video-preview:-1\" \/>\n<link rel=\"canonical\" href=\"https:\/\/www.suno.com.br\/noticias\/crise-covid-queda-historica-comercio-global\/\" \/>\n<meta property=\"og:locale\" content=\"pt_BR\" \/>\n<meta property=\"og:type\" content=\"article\" \/>\n<meta property=\"og:title\" content=\"Crise do Covid-19 leva \u00e0 queda hist\u00f3rica no com\u00e9rcio global\" \/>\n<meta property=\"og:description\" content=\"O com\u00e9rcio global entrou em colapso no primeiro semestre de 2020, marcando a maior queda em duas d\u00e9cadas. Clique para ver mais.\" \/>\n<meta property=\"og:url\" content=\"https:\/\/www.suno.com.br\/noticias\/crise-covid-queda-historica-comercio-global\/\" \/>\n<meta property=\"og:site_name\" content=\"Suno Not\u00edcias\" \/>\n<meta property=\"article:publisher\" content=\"https:\/\/facebook.com\/sunoresearch\" \/>\n<meta property=\"og:image\" content=\"https:\/\/files.sunoresearch.com.br\/n\/uploads\/2020\/04\/d7a7634c-desglobaliza\u00e7\u00e3o.jpg\" \/>\n\t<meta property=\"og:image:width\" content=\"1600\" \/>\n\t<meta property=\"og:image:height\" content=\"899\" \/>\n\t<meta property=\"og:image:type\" content=\"image\/jpeg\" \/>\n<meta name=\"author\" content=\"Daniel Guimar\u00e3es\" \/>\n<meta name=\"twitter:card\" content=\"summary_large_image\" \/>\n<meta name=\"twitter:creator\" content=\"@sunoresearch\" \/>\n<meta name=\"twitter:site\" content=\"@sunoresearch\" \/>\n<meta name=\"twitter:label1\" content=\"Escrito por\" \/>\n\t<meta name=\"twitter:data1\" content=\"Daniel Guimar\u00e3es\" \/>\n\t<meta name=\"twitter:label2\" content=\"Est. tempo de leitura\" \/>\n\t<meta name=\"twitter:data2\" content=\"3 minutos\" \/>\n<script type=\"application\/ld+json\" class=\"yoast-schema-graph\">{\"@context\":\"https:\/\/schema.org\",\"@graph\":[{\"@type\":\"NewsArticle\",\"@id\":\"https:\/\/www.suno.com.br\/noticias\/crise-covid-queda-historica-comercio-global\/#article\",\"isPartOf\":{\"@id\":\"https:\/\/www.suno.com.br\/noticias\/crise-covid-queda-historica-comercio-global\/\"},\"author\":{\"name\":\"Daniel Guimar\u00e3es\",\"@id\":\"https:\/\/www.suno.com.br\/noticias\/#\/schema\/person\/a7796c19fcf6bafd03b9a2fa1fd9ae20\"},\"headline\":\"Crise do Covid-19 leva \u00e0 queda hist\u00f3rica no com\u00e9rcio global\",\"datePublished\":\"2020-08-25T19:35:31+00:00\",\"mainEntityOfPage\":{\"@id\":\"https:\/\/www.suno.com.br\/noticias\/crise-covid-queda-historica-comercio-global\/\"},\"wordCount\":613,\"publisher\":{\"@id\":\"https:\/\/www.suno.com.br\/noticias\/#organization\"},\"image\":{\"@id\":\"https:\/\/www.suno.com.br\/noticias\/crise-covid-queda-historica-comercio-global\/#primaryimage\"},\"thumbnailUrl\":\"https:\/\/files.sunoresearch.com.br\/n\/uploads\/2020\/04\/d7a7634c-desglobaliza\u00e7\u00e3o-jpg.webp\",\"keywords\":[\"comercio exterior\",\"coronav\u00edrus\",\"covid-19\",\"pandemia\"],\"articleSection\":[\"Economia\"],\"inLanguage\":\"pt-BR\"},{\"@type\":\"WebPage\",\"@id\":\"https:\/\/www.suno.com.br\/noticias\/crise-covid-queda-historica-comercio-global\/\",\"url\":\"https:\/\/www.suno.com.br\/noticias\/crise-covid-queda-historica-comercio-global\/\",\"name\":\"Crise do Covid-19 leva \u00e0 queda hist\u00f3rica no com\u00e9rcio global\",\"isPartOf\":{\"@id\":\"https:\/\/www.suno.com.br\/noticias\/#website\"},\"primaryImageOfPage\":{\"@id\":\"https:\/\/www.suno.com.br\/noticias\/crise-covid-queda-historica-comercio-global\/#primaryimage\"},\"image\":{\"@id\":\"https:\/\/www.suno.com.br\/noticias\/crise-covid-queda-historica-comercio-global\/#primaryimage\"},\"thumbnailUrl\":\"https:\/\/files.sunoresearch.com.br\/n\/uploads\/2020\/04\/d7a7634c-desglobaliza\u00e7\u00e3o-jpg.webp\",\"datePublished\":\"2020-08-25T19:35:31+00:00\",\"description\":\"O com\u00e9rcio global entrou em colapso no primeiro semestre de 2020, marcando a maior queda em duas d\u00e9cadas. Clique para ver mais.\",\"breadcrumb\":{\"@id\":\"https:\/\/www.suno.com.br\/noticias\/crise-covid-queda-historica-comercio-global\/#breadcrumb\"},\"inLanguage\":\"pt-BR\",\"potentialAction\":[{\"@type\":\"ReadAction\",\"target\":[\"https:\/\/www.suno.com.br\/noticias\/crise-covid-queda-historica-comercio-global\/\"]}]},{\"@type\":\"ImageObject\",\"inLanguage\":\"pt-BR\",\"@id\":\"https:\/\/www.suno.com.br\/noticias\/crise-covid-queda-historica-comercio-global\/#primaryimage\",\"url\":\"https:\/\/files.sunoresearch.com.br\/n\/uploads\/2020\/04\/d7a7634c-desglobaliza\u00e7\u00e3o-jpg.webp\",\"contentUrl\":\"https:\/\/files.sunoresearch.com.br\/n\/uploads\/2020\/04\/d7a7634c-desglobaliza\u00e7\u00e3o-jpg.webp\",\"width\":1600,\"height\":899,\"caption\":\"Crescimento do com\u00e9rcio desacelera em 2022\"},{\"@type\":\"BreadcrumbList\",\"@id\":\"https:\/\/www.suno.com.br\/noticias\/crise-covid-queda-historica-comercio-global\/#breadcrumb\",\"itemListElement\":[{\"@type\":\"ListItem\",\"position\":1,\"name\":\"Not\u00edcias\",\"item\":\"https:\/\/www.suno.com.br\/noticias\/\"},{\"@type\":\"ListItem\",\"position\":2,\"name\":\"Economia\",\"item\":\"https:\/\/www.suno.com.br\/noticias\/economia\/\"},{\"@type\":\"ListItem\",\"position\":3,\"name\":\"Crise do Covid-19 leva \u00e0 queda hist\u00f3rica no com\u00e9rcio global\"}]},{\"@type\":\"WebSite\",\"@id\":\"https:\/\/www.suno.com.br\/noticias\/#website\",\"url\":\"https:\/\/www.suno.com.br\/noticias\/\",\"name\":\"Suno Not\u00edcias\",\"description\":\"Seu portal de informa\u00e7\u00e3o sobre o mundo dos investimentos\",\"publisher\":{\"@id\":\"https:\/\/www.suno.com.br\/noticias\/#organization\"},\"potentialAction\":[{\"@type\":\"SearchAction\",\"target\":{\"@type\":\"EntryPoint\",\"urlTemplate\":\"https:\/\/www.suno.com.br\/noticias\/?s={search_term_string}\"},\"query-input\":{\"@type\":\"PropertyValueSpecification\",\"valueRequired\":true,\"valueName\":\"search_term_string\"}}],\"inLanguage\":\"pt-BR\"},{\"@type\":\"Organization\",\"@id\":\"https:\/\/www.suno.com.br\/noticias\/#organization\",\"name\":\"Suno Not\u00edcias\",\"url\":\"https:\/\/www.suno.com.br\/noticias\/\",\"logo\":{\"@type\":\"ImageObject\",\"inLanguage\":\"pt-BR\",\"@id\":\"https:\/\/www.suno.com.br\/noticias\/#\/schema\/logo\/image\/\",\"url\":\"https:\/\/files.sunoresearch.com.br\/n\/uploads\/2021\/09\/suno-logo.png\",\"contentUrl\":\"https:\/\/files.sunoresearch.com.br\/n\/uploads\/2021\/09\/suno-logo.png\",\"width\":180,\"height\":180,\"caption\":\"Suno Not\u00edcias\"},\"image\":{\"@id\":\"https:\/\/www.suno.com.br\/noticias\/#\/schema\/logo\/image\/\"},\"sameAs\":[\"https:\/\/facebook.com\/sunoresearch\",\"https:\/\/x.com\/sunoresearch\",\"https:\/\/www.instagram.com\/suno\",\"https:\/\/www.linkedin.com\/company\/suno-research\/\",\"https:\/\/www.youtube.com\/c\/sunoresearch\"]},{\"@type\":\"Person\",\"@id\":\"https:\/\/www.suno.com.br\/noticias\/#\/schema\/person\/a7796c19fcf6bafd03b9a2fa1fd9ae20\",\"name\":\"Daniel Guimar\u00e3es\",\"image\":{\"@type\":\"ImageObject\",\"inLanguage\":\"pt-BR\",\"@id\":\"https:\/\/www.suno.com.br\/noticias\/#\/schema\/person\/image\/\",\"url\":\"https:\/\/secure.gravatar.com\/avatar\/fb8260757609f58f0c0ac079d1b32eff?s=96&r=g\",\"contentUrl\":\"https:\/\/secure.gravatar.com\/avatar\/fb8260757609f58f0c0ac079d1b32eff?s=96&r=g\",\"caption\":\"Daniel Guimar\u00e3es\"},\"description\":\"Estagi\u00e1rio na Suno Not\u00edcias, Daniel escreve not\u00edcias que afetam o mercado financeiro brasileiro e internacional. Estuda economia na Rutgers University, em New Jersey.\",\"sameAs\":[\"suno.research\"],\"url\":\"https:\/\/www.suno.com.br\/noticias\/author\/daniel\/\"}]}<\/script>\n<!-- \/ Yoast SEO plugin. -->","yoast_head_json":{"title":"Crise do Covid-19 leva \u00e0 queda hist\u00f3rica no com\u00e9rcio global","description":"O com\u00e9rcio global entrou em colapso no primeiro semestre de 2020, marcando a maior queda em duas d\u00e9cadas. Clique para ver mais.","robots":{"index":"index","follow":"follow","max-snippet":"max-snippet:-1","max-image-preview":"max-image-preview:large","max-video-preview":"max-video-preview:-1"},"canonical":"https:\/\/www.suno.com.br\/noticias\/crise-covid-queda-historica-comercio-global\/","og_locale":"pt_BR","og_type":"article","og_title":"Crise do Covid-19 leva \u00e0 queda hist\u00f3rica no com\u00e9rcio global","og_description":"O com\u00e9rcio global entrou em colapso no primeiro semestre de 2020, marcando a maior queda em duas d\u00e9cadas. Clique para ver mais.","og_url":"https:\/\/www.suno.com.br\/noticias\/crise-covid-queda-historica-comercio-global\/","og_site_name":"Suno Not\u00edcias","article_publisher":"https:\/\/facebook.com\/sunoresearch","og_image":[{"width":1600,"height":899,"url":"https:\/\/files.sunoresearch.com.br\/n\/uploads\/2020\/04\/d7a7634c-desglobaliza\u00e7\u00e3o.jpg","type":"image\/jpeg"}],"author":"Daniel Guimar\u00e3es","twitter_card":"summary_large_image","twitter_creator":"@sunoresearch","twitter_site":"@sunoresearch","twitter_misc":{"Escrito por":"Daniel Guimar\u00e3es","Est. tempo de leitura":"3 minutos"},"schema":{"@context":"https:\/\/schema.org","@graph":[{"@type":"NewsArticle","@id":"https:\/\/www.suno.com.br\/noticias\/crise-covid-queda-historica-comercio-global\/#article","isPartOf":{"@id":"https:\/\/www.suno.com.br\/noticias\/crise-covid-queda-historica-comercio-global\/"},"author":{"name":"Daniel Guimar\u00e3es","@id":"https:\/\/www.suno.com.br\/noticias\/#\/schema\/person\/a7796c19fcf6bafd03b9a2fa1fd9ae20"},"headline":"Crise do Covid-19 leva \u00e0 queda hist\u00f3rica no com\u00e9rcio global","datePublished":"2020-08-25T19:35:31+00:00","mainEntityOfPage":{"@id":"https:\/\/www.suno.com.br\/noticias\/crise-covid-queda-historica-comercio-global\/"},"wordCount":613,"publisher":{"@id":"https:\/\/www.suno.com.br\/noticias\/#organization"},"image":{"@id":"https:\/\/www.suno.com.br\/noticias\/crise-covid-queda-historica-comercio-global\/#primaryimage"},"thumbnailUrl":"https:\/\/files.sunoresearch.com.br\/n\/uploads\/2020\/04\/d7a7634c-desglobaliza\u00e7\u00e3o-jpg.webp","keywords":["comercio exterior","coronav\u00edrus","covid-19","pandemia"],"articleSection":["Economia"],"inLanguage":"pt-BR"},{"@type":"WebPage","@id":"https:\/\/www.suno.com.br\/noticias\/crise-covid-queda-historica-comercio-global\/","url":"https:\/\/www.suno.com.br\/noticias\/crise-covid-queda-historica-comercio-global\/","name":"Crise do Covid-19 leva \u00e0 queda hist\u00f3rica no com\u00e9rcio global","isPartOf":{"@id":"https:\/\/www.suno.com.br\/noticias\/#website"},"primaryImageOfPage":{"@id":"https:\/\/www.suno.com.br\/noticias\/crise-covid-queda-historica-comercio-global\/#primaryimage"},"image":{"@id":"https:\/\/www.suno.com.br\/noticias\/crise-covid-queda-historica-comercio-global\/#primaryimage"},"thumbnailUrl":"https:\/\/files.sunoresearch.com.br\/n\/uploads\/2020\/04\/d7a7634c-desglobaliza\u00e7\u00e3o-jpg.webp","datePublished":"2020-08-25T19:35:31+00:00","description":"O com\u00e9rcio global entrou em colapso no primeiro semestre de 2020, marcando a maior queda em duas d\u00e9cadas. Clique para ver mais.","breadcrumb":{"@id":"https:\/\/www.suno.com.br\/noticias\/crise-covid-queda-historica-comercio-global\/#breadcrumb"},"inLanguage":"pt-BR","potentialAction":[{"@type":"ReadAction","target":["https:\/\/www.suno.com.br\/noticias\/crise-covid-queda-historica-comercio-global\/"]}]},{"@type":"ImageObject","inLanguage":"pt-BR","@id":"https:\/\/www.suno.com.br\/noticias\/crise-covid-queda-historica-comercio-global\/#primaryimage","url":"https:\/\/files.sunoresearch.com.br\/n\/uploads\/2020\/04\/d7a7634c-desglobaliza\u00e7\u00e3o-jpg.webp","contentUrl":"https:\/\/files.sunoresearch.com.br\/n\/uploads\/2020\/04\/d7a7634c-desglobaliza\u00e7\u00e3o-jpg.webp","width":1600,"height":899,"caption":"Crescimento do com\u00e9rcio desacelera em 2022"},{"@type":"BreadcrumbList","@id":"https:\/\/www.suno.com.br\/noticias\/crise-covid-queda-historica-comercio-global\/#breadcrumb","itemListElement":[{"@type":"ListItem","position":1,"name":"Not\u00edcias","item":"https:\/\/www.suno.com.br\/noticias\/"},{"@type":"ListItem","position":2,"name":"Economia","item":"https:\/\/www.suno.com.br\/noticias\/economia\/"},{"@type":"ListItem","position":3,"name":"Crise do Covid-19 leva \u00e0 queda hist\u00f3rica no com\u00e9rcio global"}]},{"@type":"WebSite","@id":"https:\/\/www.suno.com.br\/noticias\/#website","url":"https:\/\/www.suno.com.br\/noticias\/","name":"Suno Not\u00edcias","description":"Seu portal de informa\u00e7\u00e3o sobre o mundo dos investimentos","publisher":{"@id":"https:\/\/www.suno.com.br\/noticias\/#organization"},"potentialAction":[{"@type":"SearchAction","target":{"@type":"EntryPoint","urlTemplate":"https:\/\/www.suno.com.br\/noticias\/?s={search_term_string}"},"query-input":{"@type":"PropertyValueSpecification","valueRequired":true,"valueName":"search_term_string"}}],"inLanguage":"pt-BR"},{"@type":"Organization","@id":"https:\/\/www.suno.com.br\/noticias\/#organization","name":"Suno Not\u00edcias","url":"https:\/\/www.suno.com.br\/noticias\/","logo":{"@type":"ImageObject","inLanguage":"pt-BR","@id":"https:\/\/www.suno.com.br\/noticias\/#\/schema\/logo\/image\/","url":"https:\/\/files.sunoresearch.com.br\/n\/uploads\/2021\/09\/suno-logo.png","contentUrl":"https:\/\/files.sunoresearch.com.br\/n\/uploads\/2021\/09\/suno-logo.png","width":180,"height":180,"caption":"Suno Not\u00edcias"},"image":{"@id":"https:\/\/www.suno.com.br\/noticias\/#\/schema\/logo\/image\/"},"sameAs":["https:\/\/facebook.com\/sunoresearch","https:\/\/x.com\/sunoresearch","https:\/\/www.instagram.com\/suno","https:\/\/www.linkedin.com\/company\/suno-research\/","https:\/\/www.youtube.com\/c\/sunoresearch"]},{"@type":"Person","@id":"https:\/\/www.suno.com.br\/noticias\/#\/schema\/person\/a7796c19fcf6bafd03b9a2fa1fd9ae20","name":"Daniel Guimar\u00e3es","image":{"@type":"ImageObject","inLanguage":"pt-BR","@id":"https:\/\/www.suno.com.br\/noticias\/#\/schema\/person\/image\/","url":"https:\/\/secure.gravatar.com\/avatar\/fb8260757609f58f0c0ac079d1b32eff?s=96&r=g","contentUrl":"https:\/\/secure.gravatar.com\/avatar\/fb8260757609f58f0c0ac079d1b32eff?s=96&r=g","caption":"Daniel Guimar\u00e3es"},"description":"Estagi\u00e1rio na Suno Not\u00edcias, Daniel escreve not\u00edcias que afetam o mercado financeiro brasileiro e internacional. Estuda economia na Rutgers University, em New Jersey.","sameAs":["suno.research"],"url":"https:\/\/www.suno.com.br\/noticias\/author\/daniel\/"}]}},"default_loop_html":"<div class=\"cardsPage__listCard__boxs\"><div class=\"cardsPage__listCard__boxs__img\"><a href=\"https:\/\/www.suno.com.br\/noticias\/crise-covid-queda-historica-comercio-global\/\"><img class=\"mask\" src=\"https:\/\/www.suno.com.br\/noticias\/wp-content\/themes\/suno\/resources\/images\/spotlight\/spotlight1img\/bg-mask.png\" alt=\"Image Mask\"\/><img src=\"https:\/\/files.sunoresearch.com.br\/n\/uploads\/2020\/04\/d7a7634c-desglobaliza\u00e7\u00e3o-400x200.webp\" alt=\"Crise do Covid-19 leva \u00e0 queda hist\u00f3rica no com\u00e9rcio global\"\/><\/a><span class=\"spotlightCategory\"><a href=\"https:\/\/www.suno.com.br\/noticias\/economia\/\">Economia<\/a><\/span><\/div><div class=\"cardsPage__listCard__boxs__content\"><a href=\"https:\/\/www.suno.com.br\/noticias\/crise-covid-queda-historica-comercio-global\/\"><h2 class=\"content__title\">Crise do Covid-19 leva \u00e0 queda hist\u00f3rica no com\u00e9rcio global<\/h2><\/a><div class=\"newsContent__article__meta\"><div class=\"newsContent__article__meta__authorBox\"><a href=\"https:\/\/www.suno.com.br\/noticias\/author\/daniel\/\" class=\"authorBox__avatar noMobi\"><img src=\"https:\/\/files.sunoresearch.com.br\/n\/uploads\/2020\/08\/e51aadd2-whatsapp-image-2020-08-03-at-14.03.48-150x150.webp\" alt=\"Daniel Guimar\u00e3es\"><\/a><div class=\"authorBox__name\"><span>por\n\t\t\t<a href=\"https:\/\/www.suno.com.br\/noticias\/author\/daniel\/\"><span itemprop=\"author\">Daniel Guimar\u00e3es<\/span><\/a><\/span><time datetime=\"2020-08-25T16:35:31-03:00\" itemprop=\"datePublished\">25\/08\/2020 16:35<\/time><\/div><\/div><\/div><\/div><\/div>","single_layout":"posts","amp_enabled":true,"_links":{"self":[{"href":"https:\/\/www.suno.com.br\/noticias\/wp-json\/wp\/v2\/posts\/80546"}],"collection":[{"href":"https:\/\/www.suno.com.br\/noticias\/wp-json\/wp\/v2\/posts"}],"about":[{"href":"https:\/\/www.suno.com.br\/noticias\/wp-json\/wp\/v2\/types\/post"}],"author":[{"embeddable":true,"href":"https:\/\/www.suno.com.br\/noticias\/wp-json\/wp\/v2\/users\/44"}],"replies":[{"embeddable":true,"href":"https:\/\/www.suno.com.br\/noticias\/wp-json\/wp\/v2\/comments?post=80546"}],"version-history":[{"count":0,"href":"https:\/\/www.suno.com.br\/noticias\/wp-json\/wp\/v2\/posts\/80546\/revisions"}],"wp:featuredmedia":[{"embeddable":true,"href":"https:\/\/www.suno.com.br\/noticias\/wp-json\/wp\/v2\/media\/62621"}],"wp:attachment":[{"href":"https:\/\/www.suno.com.br\/noticias\/wp-json\/wp\/v2\/media?parent=80546"}],"wp:term":[{"taxonomy":"category","embeddable":true,"href":"https:\/\/www.suno.com.br\/noticias\/wp-json\/wp\/v2\/categories?post=80546"},{"taxonomy":"post_tag","embeddable":true,"href":"https:\/\/www.suno.com.br\/noticias\/wp-json\/wp\/v2\/tags?post=80546"},{"taxonomy":"suno_strategy","embeddable":true,"href":"https:\/\/www.suno.com.br\/noticias\/wp-json\/wp\/v2\/suno_strategy?post=80546"}],"curies":[{"name":"wp","href":"https:\/\/api.w.org\/{rel}","templated":true}]}}