{"id":80466,"date":"2020-08-25T09:40:39","date_gmt":"2020-08-25T12:40:39","guid":{"rendered":"https:\/\/www.suno.com.br\/noticias\/?p=80466"},"modified":"2020-08-25T09:40:39","modified_gmt":"2020-08-25T12:40:39","slug":"vale-vale3-previ-bb-reduz-participacao-empresa","status":"publish","type":"post","link":"https:\/\/www.suno.com.br\/noticias\/vale-vale3-previ-bb-reduz-participacao-empresa\/","title":{"rendered":"Vale (VALE3): Previ, do BB, reduz participa\u00e7\u00e3o acion\u00e1ria na empresa"},"content":{"rendered":"<p>A <a href=\"https:\/\/www.suno.com.br\/acoes\/vale3\/\"><strong>Vale<\/strong> S.A (VALE3)<\/a> informou que recebeu, nesta ter\u00e7a-feira (25), uma declara\u00e7\u00e3o da Caixa de Previd\u00eancia dos Funcion\u00e1rios do Banco do Brasil \u2013 Previ sobre aliena\u00e7\u00e3o de participa\u00e7\u00e3o acion\u00e1ria relevante. A entidade diminuiu a sua participa\u00e7\u00e3o direta em a\u00e7\u00f5es ordin\u00e1rias de 5,03% para 4,98%, alterando a sua posi\u00e7\u00e3o para 263.289.305 a\u00e7\u00f5es ordin\u00e1rias.<\/p>\t<div class=\"wrapper-featured-image\">\n\t\t<figure class=\"spotlightImg\">\n\n\t\t\t<picture>\n\t\t\t\t<source media=\"(max-width: 768px)\" srcset=\"https:\/\/files.sunoresearch.com.br\/n\/uploads\/2019\/11\/649c095d-vale-400x200.webp\">\n\t\t\t\t<img loading=\"lazy\" decoding=\"async\" class=\"newsContent__article__imgCapa lazyloadDisabled \" src=\"https:\/\/files.sunoresearch.com.br\/n\/uploads\/2019\/11\/649c095d-vale-800x450.webp\" width=\"800\" height=\"450\" alt=\"Vale (VALE3): Previ, do BB, reduz participa\u00e7\u00e3o acion\u00e1ria na empresa\" fetchpriority=high \/>\n\t\t\t<\/picture>\n\n\t\t\t<figcaption class=\"wp-caption-text wp-caption-text--show\">Vale. Foto: Divulga\u00e7\u00e3o<\/figcaption>\n\t\t<\/figure>\n\t<\/div>\n\n\n<div class=\"hubspot-form-wrapper\">\n\t<div id=\"single-form-target\"><\/div>\n<\/div>\n\n<p>\u201cRedu\u00e7\u00e3o da Participa\u00e7\u00e3o Acion\u00e1ria em VALE S.A. \u2013 Em cumprimento ao que estabelece o artigo 12, da Instru\u00e7\u00e3o <a href=\"https:\/\/www.suno.com.br\/artigos\/cvm\/\">CVM<\/a> n. 358\/02 (\u201cICVM n. 358\/02), comunicamos para os devidos fins que a<strong> Caixa de Previd\u00eancia dos Funcion\u00e1rios do Banco do Brasil<\/strong> \u2013 PREVI (\u201cEntidade\u201d), entidade fechada de previd\u00eancia complementar inscrita no CNPJ sob n\u00famero 33.754.482\/0001-24, localizada na Praia de Botafogo, 501, 3\u00ba e 4\u00ba andares, Botafogo, Rio de Janeiro \u2013 RJ , reduziu, em 19\/08\/2020, a sua participa\u00e7\u00e3o acion\u00e1ria direta na VALE S.A. (\u201cCompanhia\u201d), em fun\u00e7\u00e3o da aliena\u00e7\u00e3o de A\u00e7\u00f5es Ordin\u00e1rias de sua titularidade em bolsa de valores&#8221;, informou a Previ.<\/p>\n<p>Em comunicado divulgado pela Vale, a <strong>Previ<\/strong> informou que a redu\u00e7\u00e3o da participa\u00e7\u00e3o n\u00e3o est\u00e1 vinculada a nenhum dos objetivos referidos pelo inciso II, do Artigo 12, da IN CVM 358. A mineradora tamb\u00e9m comunicou que a Litel Participa\u00e7\u00f5es e a Litela Participa\u00e7\u00f5es (acionistas da Vale) s\u00e3o signat\u00e1rias de acordo de acionistas da Vale, celebrado em 14 de agosto de 2017.<\/p>\n<p><a href=\"https:\/\/lp.suno.com.br\/suno-one\/\">No Suno One voc\u00ea aprende a fazer seu dinheiro trabalhar para voc\u00ea. Cadastre-se gratuitamente agora!<\/a><\/p>\n<p>A Vale destacou que prosseguir\u00e1 com a atualiza\u00e7\u00e3o de seu formul\u00e1rio de refer\u00eancia, para refletir a referida altera\u00e7\u00e3o, nos termos da Instru\u00e7\u00e3o CVM n\u00ba 480\/09, conforme alterada.<\/p>\n<h2>Vale aumenta limites de zona de autossalvamento da barragem de Doutor<\/h2>\n<p>A <strong>Vale<\/strong> informou, no dia 13 de agosto, que ampliou os limites da Zona de Autossalvamento (ZAS) da barragem de Doutor, da Mina de Timbopeba, no Complexo de Mariana, em Minas Gerais. A decis\u00e3o teve como base estudos mais conservadores, que &#8220;passaram a considerar hip\u00f3tese de 100% do carreamento de rejeitos da barragem Doutor&#8221;.<\/p>\n\t<p>\n\t\t<a href=\"https:\/\/lp.suno.com.br\/planilha-de-controle-de-investimentos\/\" target=\"_blank\" data-element=\"shortcode-suno-banner\" title=\"Banner SUNO, clique e saiba mais\">\n\t\t\t<picture>\n\t\t\t\t<source media=\"(max-width: 500px)\" srcset=\"https:\/\/files.sunoresearch.com.br\/n\/uploads\/2023\/03\/400x300-Controle-de-Investimentos.png\">\n\t\t\t\t<img class=\"newsContent__article__imgCapa newsContent__article__imgCapa--banner\"\n\t\t\t\t\tsrc=\"https:\/\/files.sunoresearch.com.br\/n\/uploads\/2023\/03\/1420x240-Controle-de-Investimentos.png\"\n\t\t\t\t\tdata-promo-id=\"75934\"\t\t\t\t\t\t\t\t\t\twidth='1420' height='240'\t\t\t\t\talt=\"https:\/\/files.sunoresearch.com.br\/n\/uploads\/2023\/03\/1420x240-Controle-de-Investimentos.png\"\n\t\t\t\t>\n\t\t\t<\/picture>\n\t\t<\/a>\n\t<\/p>\n\n\n","protected":false},"excerpt":{"rendered":"<p>A Vale S.A (VALE3) informou que recebeu, nesta ter\u00e7a-feira (25), uma declara\u00e7\u00e3o da Caixa de Previd\u00eancia dos Funcion\u00e1rios do Banco do Brasil \u2013 Previ sobre aliena\u00e7\u00e3o de participa\u00e7\u00e3o acion\u00e1ria relevante. A entidade diminuiu a sua participa\u00e7\u00e3o direta em a\u00e7\u00f5es ordin\u00e1rias de 5,03% para 4,98%, alterando a sua posi\u00e7\u00e3o para 263.289.305 a\u00e7\u00f5es ordin\u00e1rias. Vale. Foto: Divulga\u00e7\u00e3o [&hellip;]<\/p>\n","protected":false},"author":19,"featured_media":44377,"comment_status":"closed","ping_status":"closed","sticky":false,"template":"","format":"standard","meta":[],"categories":[64],"tags":[676],"suno_strategy":[],"class_list":["post-80466","post","type-post","status-publish","format-standard","has-post-thumbnail","hentry","category-negocios","tag-vale-vale3"],"yoast_head":"<!-- This site is optimized with the Yoast SEO plugin v24.4 - https:\/\/yoast.com\/wordpress\/plugins\/seo\/ -->\n<title>Vale (VALE3): Previ, do BB, reduz participa\u00e7\u00e3o acion\u00e1ria na empresa<\/title>\n<meta name=\"description\" content=\"A Vale S.A (VALE3) recebeu, nesta ter\u00e7a-feira (25), uma declara\u00e7\u00e3o da PREVI sobre aliena\u00e7\u00e3o de participa\u00e7\u00e3o acion\u00e1ria. Saiba mais.\" \/>\n<meta name=\"robots\" content=\"index, follow, max-snippet:-1, max-image-preview:large, max-video-preview:-1\" \/>\n<link rel=\"canonical\" href=\"https:\/\/www.suno.com.br\/noticias\/vale-vale3-previ-bb-reduz-participacao-empresa\/\" \/>\n<meta property=\"og:locale\" content=\"pt_BR\" \/>\n<meta property=\"og:type\" content=\"article\" \/>\n<meta property=\"og:title\" content=\"Vale (VALE3): Previ, do BB, reduz participa\u00e7\u00e3o acion\u00e1ria na empresa\" \/>\n<meta property=\"og:description\" content=\"A Vale S.A (VALE3) recebeu, nesta ter\u00e7a-feira (25), uma declara\u00e7\u00e3o da PREVI sobre aliena\u00e7\u00e3o de participa\u00e7\u00e3o acion\u00e1ria. Saiba mais.\" \/>\n<meta property=\"og:url\" content=\"https:\/\/www.suno.com.br\/noticias\/vale-vale3-previ-bb-reduz-participacao-empresa\/\" \/>\n<meta property=\"og:site_name\" content=\"Suno Not\u00edcias\" \/>\n<meta property=\"article:publisher\" content=\"https:\/\/facebook.com\/sunoresearch\" \/>\n<meta property=\"og:image\" content=\"https:\/\/files.sunoresearch.com.br\/n\/uploads\/2019\/11\/649c095d-vale.jpg\" \/>\n\t<meta property=\"og:image:width\" content=\"1500\" \/>\n\t<meta property=\"og:image:height\" content=\"1000\" \/>\n\t<meta property=\"og:image:type\" content=\"image\/jpeg\" \/>\n<meta name=\"author\" content=\"Juliano Passaro\" \/>\n<meta name=\"twitter:card\" content=\"summary_large_image\" \/>\n<meta name=\"twitter:creator\" content=\"@sunoresearch\" \/>\n<meta name=\"twitter:site\" content=\"@sunoresearch\" \/>\n<meta name=\"twitter:label1\" content=\"Escrito por\" \/>\n\t<meta name=\"twitter:data1\" content=\"Juliano Passaro\" \/>\n\t<meta name=\"twitter:label2\" content=\"Est. tempo de leitura\" \/>\n\t<meta name=\"twitter:data2\" content=\"2 minutos\" \/>\n<script type=\"application\/ld+json\" class=\"yoast-schema-graph\">{\"@context\":\"https:\/\/schema.org\",\"@graph\":[{\"@type\":\"NewsArticle\",\"@id\":\"https:\/\/www.suno.com.br\/noticias\/vale-vale3-previ-bb-reduz-participacao-empresa\/#article\",\"isPartOf\":{\"@id\":\"https:\/\/www.suno.com.br\/noticias\/vale-vale3-previ-bb-reduz-participacao-empresa\/\"},\"author\":{\"name\":\"Juliano Passaro\",\"@id\":\"https:\/\/www.suno.com.br\/noticias\/#\/schema\/person\/1db762f78ffd8919a648a63e425953e3\"},\"headline\":\"Vale (VALE3): Previ, do BB, reduz participa\u00e7\u00e3o acion\u00e1ria na empresa\",\"datePublished\":\"2020-08-25T12:40:39+00:00\",\"mainEntityOfPage\":{\"@id\":\"https:\/\/www.suno.com.br\/noticias\/vale-vale3-previ-bb-reduz-participacao-empresa\/\"},\"wordCount\":370,\"publisher\":{\"@id\":\"https:\/\/www.suno.com.br\/noticias\/#organization\"},\"image\":{\"@id\":\"https:\/\/www.suno.com.br\/noticias\/vale-vale3-previ-bb-reduz-participacao-empresa\/#primaryimage\"},\"thumbnailUrl\":\"https:\/\/files.sunoresearch.com.br\/n\/uploads\/2019\/11\/649c095d-vale-jpg.webp\",\"keywords\":[\"Vale (VALE3)\"],\"articleSection\":[\"Neg\u00f3cios\"],\"inLanguage\":\"pt-BR\"},{\"@type\":\"WebPage\",\"@id\":\"https:\/\/www.suno.com.br\/noticias\/vale-vale3-previ-bb-reduz-participacao-empresa\/\",\"url\":\"https:\/\/www.suno.com.br\/noticias\/vale-vale3-previ-bb-reduz-participacao-empresa\/\",\"name\":\"Vale (VALE3): Previ, do BB, reduz participa\u00e7\u00e3o acion\u00e1ria na empresa\",\"isPartOf\":{\"@id\":\"https:\/\/www.suno.com.br\/noticias\/#website\"},\"primaryImageOfPage\":{\"@id\":\"https:\/\/www.suno.com.br\/noticias\/vale-vale3-previ-bb-reduz-participacao-empresa\/#primaryimage\"},\"image\":{\"@id\":\"https:\/\/www.suno.com.br\/noticias\/vale-vale3-previ-bb-reduz-participacao-empresa\/#primaryimage\"},\"thumbnailUrl\":\"https:\/\/files.sunoresearch.com.br\/n\/uploads\/2019\/11\/649c095d-vale-jpg.webp\",\"datePublished\":\"2020-08-25T12:40:39+00:00\",\"description\":\"A Vale S.A (VALE3) recebeu, nesta ter\u00e7a-feira (25), uma declara\u00e7\u00e3o da PREVI sobre aliena\u00e7\u00e3o de participa\u00e7\u00e3o acion\u00e1ria. Saiba mais.\",\"breadcrumb\":{\"@id\":\"https:\/\/www.suno.com.br\/noticias\/vale-vale3-previ-bb-reduz-participacao-empresa\/#breadcrumb\"},\"inLanguage\":\"pt-BR\",\"potentialAction\":[{\"@type\":\"ReadAction\",\"target\":[\"https:\/\/www.suno.com.br\/noticias\/vale-vale3-previ-bb-reduz-participacao-empresa\/\"]}]},{\"@type\":\"ImageObject\",\"inLanguage\":\"pt-BR\",\"@id\":\"https:\/\/www.suno.com.br\/noticias\/vale-vale3-previ-bb-reduz-participacao-empresa\/#primaryimage\",\"url\":\"https:\/\/files.sunoresearch.com.br\/n\/uploads\/2019\/11\/649c095d-vale-jpg.webp\",\"contentUrl\":\"https:\/\/files.sunoresearch.com.br\/n\/uploads\/2019\/11\/649c095d-vale-jpg.webp\",\"width\":1500,\"height\":1000,\"caption\":\"Vale. Foto: Divulga\u00e7\u00e3o\"},{\"@type\":\"BreadcrumbList\",\"@id\":\"https:\/\/www.suno.com.br\/noticias\/vale-vale3-previ-bb-reduz-participacao-empresa\/#breadcrumb\",\"itemListElement\":[{\"@type\":\"ListItem\",\"position\":1,\"name\":\"Not\u00edcias\",\"item\":\"https:\/\/www.suno.com.br\/noticias\/\"},{\"@type\":\"ListItem\",\"position\":2,\"name\":\"Neg\u00f3cios\",\"item\":\"https:\/\/www.suno.com.br\/noticias\/negocios\/\"},{\"@type\":\"ListItem\",\"position\":3,\"name\":\"Vale (VALE3): Previ, do BB, reduz participa\u00e7\u00e3o acion\u00e1ria na empresa\"}]},{\"@type\":\"WebSite\",\"@id\":\"https:\/\/www.suno.com.br\/noticias\/#website\",\"url\":\"https:\/\/www.suno.com.br\/noticias\/\",\"name\":\"Suno Not\u00edcias\",\"description\":\"Seu portal de informa\u00e7\u00e3o sobre o mundo dos investimentos\",\"publisher\":{\"@id\":\"https:\/\/www.suno.com.br\/noticias\/#organization\"},\"potentialAction\":[{\"@type\":\"SearchAction\",\"target\":{\"@type\":\"EntryPoint\",\"urlTemplate\":\"https:\/\/www.suno.com.br\/noticias\/?s={search_term_string}\"},\"query-input\":{\"@type\":\"PropertyValueSpecification\",\"valueRequired\":true,\"valueName\":\"search_term_string\"}}],\"inLanguage\":\"pt-BR\"},{\"@type\":\"Organization\",\"@id\":\"https:\/\/www.suno.com.br\/noticias\/#organization\",\"name\":\"Suno Not\u00edcias\",\"url\":\"https:\/\/www.suno.com.br\/noticias\/\",\"logo\":{\"@type\":\"ImageObject\",\"inLanguage\":\"pt-BR\",\"@id\":\"https:\/\/www.suno.com.br\/noticias\/#\/schema\/logo\/image\/\",\"url\":\"https:\/\/files.sunoresearch.com.br\/n\/uploads\/2021\/09\/suno-logo.png\",\"contentUrl\":\"https:\/\/files.sunoresearch.com.br\/n\/uploads\/2021\/09\/suno-logo.png\",\"width\":180,\"height\":180,\"caption\":\"Suno Not\u00edcias\"},\"image\":{\"@id\":\"https:\/\/www.suno.com.br\/noticias\/#\/schema\/logo\/image\/\"},\"sameAs\":[\"https:\/\/facebook.com\/sunoresearch\",\"https:\/\/x.com\/sunoresearch\",\"https:\/\/www.instagram.com\/suno\",\"https:\/\/www.linkedin.com\/company\/suno-research\/\",\"https:\/\/www.youtube.com\/c\/sunoresearch\"]},{\"@type\":\"Person\",\"@id\":\"https:\/\/www.suno.com.br\/noticias\/#\/schema\/person\/1db762f78ffd8919a648a63e425953e3\",\"name\":\"Juliano Passaro\",\"image\":{\"@type\":\"ImageObject\",\"inLanguage\":\"pt-BR\",\"@id\":\"https:\/\/www.suno.com.br\/noticias\/#\/schema\/person\/image\/\",\"url\":\"https:\/\/secure.gravatar.com\/avatar\/743d4df28eebf6dcc46b4ad03c319e92?s=96&r=g\",\"contentUrl\":\"https:\/\/secure.gravatar.com\/avatar\/743d4df28eebf6dcc46b4ad03c319e92?s=96&r=g\",\"caption\":\"Juliano Passaro\"},\"description\":\"Juliano Passaro escreve sobre pol\u00edtica, economia e neg\u00f3cios para o portal da Suno Research. Antes da Suno, trabalhou no Portal da Band. \u00c9 formado em jornalismo pela Universidade Presbiteriana Mackenzie.\",\"url\":\"https:\/\/www.suno.com.br\/noticias\/author\/juliano\/\"}]}<\/script>\n<!-- \/ Yoast SEO plugin. -->","yoast_head_json":{"title":"Vale (VALE3): Previ, do BB, reduz participa\u00e7\u00e3o acion\u00e1ria na empresa","description":"A Vale S.A (VALE3) recebeu, nesta ter\u00e7a-feira (25), uma declara\u00e7\u00e3o da PREVI sobre aliena\u00e7\u00e3o de participa\u00e7\u00e3o acion\u00e1ria. Saiba mais.","robots":{"index":"index","follow":"follow","max-snippet":"max-snippet:-1","max-image-preview":"max-image-preview:large","max-video-preview":"max-video-preview:-1"},"canonical":"https:\/\/www.suno.com.br\/noticias\/vale-vale3-previ-bb-reduz-participacao-empresa\/","og_locale":"pt_BR","og_type":"article","og_title":"Vale (VALE3): Previ, do BB, reduz participa\u00e7\u00e3o acion\u00e1ria na empresa","og_description":"A Vale S.A (VALE3) recebeu, nesta ter\u00e7a-feira (25), uma declara\u00e7\u00e3o da PREVI sobre aliena\u00e7\u00e3o de participa\u00e7\u00e3o acion\u00e1ria. Saiba mais.","og_url":"https:\/\/www.suno.com.br\/noticias\/vale-vale3-previ-bb-reduz-participacao-empresa\/","og_site_name":"Suno Not\u00edcias","article_publisher":"https:\/\/facebook.com\/sunoresearch","og_image":[{"width":1500,"height":1000,"url":"https:\/\/files.sunoresearch.com.br\/n\/uploads\/2019\/11\/649c095d-vale.jpg","type":"image\/jpeg"}],"author":"Juliano Passaro","twitter_card":"summary_large_image","twitter_creator":"@sunoresearch","twitter_site":"@sunoresearch","twitter_misc":{"Escrito por":"Juliano Passaro","Est. tempo de leitura":"2 minutos"},"schema":{"@context":"https:\/\/schema.org","@graph":[{"@type":"NewsArticle","@id":"https:\/\/www.suno.com.br\/noticias\/vale-vale3-previ-bb-reduz-participacao-empresa\/#article","isPartOf":{"@id":"https:\/\/www.suno.com.br\/noticias\/vale-vale3-previ-bb-reduz-participacao-empresa\/"},"author":{"name":"Juliano Passaro","@id":"https:\/\/www.suno.com.br\/noticias\/#\/schema\/person\/1db762f78ffd8919a648a63e425953e3"},"headline":"Vale (VALE3): Previ, do BB, reduz participa\u00e7\u00e3o acion\u00e1ria na empresa","datePublished":"2020-08-25T12:40:39+00:00","mainEntityOfPage":{"@id":"https:\/\/www.suno.com.br\/noticias\/vale-vale3-previ-bb-reduz-participacao-empresa\/"},"wordCount":370,"publisher":{"@id":"https:\/\/www.suno.com.br\/noticias\/#organization"},"image":{"@id":"https:\/\/www.suno.com.br\/noticias\/vale-vale3-previ-bb-reduz-participacao-empresa\/#primaryimage"},"thumbnailUrl":"https:\/\/files.sunoresearch.com.br\/n\/uploads\/2019\/11\/649c095d-vale-jpg.webp","keywords":["Vale (VALE3)"],"articleSection":["Neg\u00f3cios"],"inLanguage":"pt-BR"},{"@type":"WebPage","@id":"https:\/\/www.suno.com.br\/noticias\/vale-vale3-previ-bb-reduz-participacao-empresa\/","url":"https:\/\/www.suno.com.br\/noticias\/vale-vale3-previ-bb-reduz-participacao-empresa\/","name":"Vale (VALE3): Previ, do BB, reduz participa\u00e7\u00e3o acion\u00e1ria na empresa","isPartOf":{"@id":"https:\/\/www.suno.com.br\/noticias\/#website"},"primaryImageOfPage":{"@id":"https:\/\/www.suno.com.br\/noticias\/vale-vale3-previ-bb-reduz-participacao-empresa\/#primaryimage"},"image":{"@id":"https:\/\/www.suno.com.br\/noticias\/vale-vale3-previ-bb-reduz-participacao-empresa\/#primaryimage"},"thumbnailUrl":"https:\/\/files.sunoresearch.com.br\/n\/uploads\/2019\/11\/649c095d-vale-jpg.webp","datePublished":"2020-08-25T12:40:39+00:00","description":"A Vale S.A (VALE3) recebeu, nesta ter\u00e7a-feira (25), uma declara\u00e7\u00e3o da PREVI sobre aliena\u00e7\u00e3o de participa\u00e7\u00e3o acion\u00e1ria. Saiba mais.","breadcrumb":{"@id":"https:\/\/www.suno.com.br\/noticias\/vale-vale3-previ-bb-reduz-participacao-empresa\/#breadcrumb"},"inLanguage":"pt-BR","potentialAction":[{"@type":"ReadAction","target":["https:\/\/www.suno.com.br\/noticias\/vale-vale3-previ-bb-reduz-participacao-empresa\/"]}]},{"@type":"ImageObject","inLanguage":"pt-BR","@id":"https:\/\/www.suno.com.br\/noticias\/vale-vale3-previ-bb-reduz-participacao-empresa\/#primaryimage","url":"https:\/\/files.sunoresearch.com.br\/n\/uploads\/2019\/11\/649c095d-vale-jpg.webp","contentUrl":"https:\/\/files.sunoresearch.com.br\/n\/uploads\/2019\/11\/649c095d-vale-jpg.webp","width":1500,"height":1000,"caption":"Vale. Foto: Divulga\u00e7\u00e3o"},{"@type":"BreadcrumbList","@id":"https:\/\/www.suno.com.br\/noticias\/vale-vale3-previ-bb-reduz-participacao-empresa\/#breadcrumb","itemListElement":[{"@type":"ListItem","position":1,"name":"Not\u00edcias","item":"https:\/\/www.suno.com.br\/noticias\/"},{"@type":"ListItem","position":2,"name":"Neg\u00f3cios","item":"https:\/\/www.suno.com.br\/noticias\/negocios\/"},{"@type":"ListItem","position":3,"name":"Vale (VALE3): Previ, do BB, reduz participa\u00e7\u00e3o acion\u00e1ria na empresa"}]},{"@type":"WebSite","@id":"https:\/\/www.suno.com.br\/noticias\/#website","url":"https:\/\/www.suno.com.br\/noticias\/","name":"Suno Not\u00edcias","description":"Seu portal de informa\u00e7\u00e3o sobre o mundo dos investimentos","publisher":{"@id":"https:\/\/www.suno.com.br\/noticias\/#organization"},"potentialAction":[{"@type":"SearchAction","target":{"@type":"EntryPoint","urlTemplate":"https:\/\/www.suno.com.br\/noticias\/?s={search_term_string}"},"query-input":{"@type":"PropertyValueSpecification","valueRequired":true,"valueName":"search_term_string"}}],"inLanguage":"pt-BR"},{"@type":"Organization","@id":"https:\/\/www.suno.com.br\/noticias\/#organization","name":"Suno Not\u00edcias","url":"https:\/\/www.suno.com.br\/noticias\/","logo":{"@type":"ImageObject","inLanguage":"pt-BR","@id":"https:\/\/www.suno.com.br\/noticias\/#\/schema\/logo\/image\/","url":"https:\/\/files.sunoresearch.com.br\/n\/uploads\/2021\/09\/suno-logo.png","contentUrl":"https:\/\/files.sunoresearch.com.br\/n\/uploads\/2021\/09\/suno-logo.png","width":180,"height":180,"caption":"Suno Not\u00edcias"},"image":{"@id":"https:\/\/www.suno.com.br\/noticias\/#\/schema\/logo\/image\/"},"sameAs":["https:\/\/facebook.com\/sunoresearch","https:\/\/x.com\/sunoresearch","https:\/\/www.instagram.com\/suno","https:\/\/www.linkedin.com\/company\/suno-research\/","https:\/\/www.youtube.com\/c\/sunoresearch"]},{"@type":"Person","@id":"https:\/\/www.suno.com.br\/noticias\/#\/schema\/person\/1db762f78ffd8919a648a63e425953e3","name":"Juliano Passaro","image":{"@type":"ImageObject","inLanguage":"pt-BR","@id":"https:\/\/www.suno.com.br\/noticias\/#\/schema\/person\/image\/","url":"https:\/\/secure.gravatar.com\/avatar\/743d4df28eebf6dcc46b4ad03c319e92?s=96&r=g","contentUrl":"https:\/\/secure.gravatar.com\/avatar\/743d4df28eebf6dcc46b4ad03c319e92?s=96&r=g","caption":"Juliano Passaro"},"description":"Juliano Passaro escreve sobre pol\u00edtica, economia e neg\u00f3cios para o portal da Suno Research. Antes da Suno, trabalhou no Portal da Band. \u00c9 formado em jornalismo pela Universidade Presbiteriana Mackenzie.","url":"https:\/\/www.suno.com.br\/noticias\/author\/juliano\/"}]}},"default_loop_html":"<div class=\"cardsPage__listCard__boxs\"><div class=\"cardsPage__listCard__boxs__img\"><a href=\"https:\/\/www.suno.com.br\/noticias\/vale-vale3-previ-bb-reduz-participacao-empresa\/\"><img class=\"mask\" src=\"https:\/\/www.suno.com.br\/noticias\/wp-content\/themes\/suno\/resources\/images\/spotlight\/spotlight1img\/bg-mask.png\" alt=\"Image Mask\"\/><img src=\"https:\/\/files.sunoresearch.com.br\/n\/uploads\/2019\/11\/649c095d-vale-400x200.webp\" alt=\"Vale (VALE3): Previ, do BB, reduz participa\u00e7\u00e3o acion\u00e1ria na empresa\"\/><\/a><span class=\"spotlightCategory\"><a href=\"https:\/\/www.suno.com.br\/noticias\/negocios\/\">Neg\u00f3cios<\/a><\/span><\/div><div class=\"cardsPage__listCard__boxs__content\"><a href=\"https:\/\/www.suno.com.br\/noticias\/vale-vale3-previ-bb-reduz-participacao-empresa\/\"><h2 class=\"content__title\">Vale (VALE3): Previ, do BB, reduz participa\u00e7\u00e3o acion\u00e1ria na empresa<\/h2><\/a><div class=\"newsContent__article__meta\"><div class=\"newsContent__article__meta__authorBox\"><a href=\"https:\/\/www.suno.com.br\/noticias\/author\/juliano\/\" class=\"authorBox__avatar noMobi\"><img src=\"https:\/\/files.sunoresearch.com.br\/n\/uploads\/2019\/06\/7cc3efea-whatsapp-image-2019-07-18-at-21.59.33-e1563499821209-150x150.webp\" alt=\"Juliano Passaro\"><\/a><div class=\"authorBox__name\"><span>por\n\t\t\t<a href=\"https:\/\/www.suno.com.br\/noticias\/author\/juliano\/\"><span itemprop=\"author\">Juliano Passaro<\/span><\/a><\/span><time datetime=\"2020-08-25T09:40:39-03:00\" itemprop=\"datePublished\">25\/08\/2020 09:40<\/time><\/div><\/div><\/div><\/div><\/div>","single_layout":"posts","amp_enabled":true,"_links":{"self":[{"href":"https:\/\/www.suno.com.br\/noticias\/wp-json\/wp\/v2\/posts\/80466"}],"collection":[{"href":"https:\/\/www.suno.com.br\/noticias\/wp-json\/wp\/v2\/posts"}],"about":[{"href":"https:\/\/www.suno.com.br\/noticias\/wp-json\/wp\/v2\/types\/post"}],"author":[{"embeddable":true,"href":"https:\/\/www.suno.com.br\/noticias\/wp-json\/wp\/v2\/users\/19"}],"replies":[{"embeddable":true,"href":"https:\/\/www.suno.com.br\/noticias\/wp-json\/wp\/v2\/comments?post=80466"}],"version-history":[{"count":0,"href":"https:\/\/www.suno.com.br\/noticias\/wp-json\/wp\/v2\/posts\/80466\/revisions"}],"wp:featuredmedia":[{"embeddable":true,"href":"https:\/\/www.suno.com.br\/noticias\/wp-json\/wp\/v2\/media\/44377"}],"wp:attachment":[{"href":"https:\/\/www.suno.com.br\/noticias\/wp-json\/wp\/v2\/media?parent=80466"}],"wp:term":[{"taxonomy":"category","embeddable":true,"href":"https:\/\/www.suno.com.br\/noticias\/wp-json\/wp\/v2\/categories?post=80466"},{"taxonomy":"post_tag","embeddable":true,"href":"https:\/\/www.suno.com.br\/noticias\/wp-json\/wp\/v2\/tags?post=80466"},{"taxonomy":"suno_strategy","embeddable":true,"href":"https:\/\/www.suno.com.br\/noticias\/wp-json\/wp\/v2\/suno_strategy?post=80466"}],"curies":[{"name":"wp","href":"https:\/\/api.w.org\/{rel}","templated":true}]}}