{"id":80309,"date":"2020-08-24T15:57:06","date_gmt":"2020-08-24T18:57:06","guid":{"rendered":"https:\/\/www.suno.com.br\/noticias\/?p=80309"},"modified":"2020-08-24T15:57:06","modified_gmt":"2020-08-24T18:57:06","slug":"petroleo-covid-19-padroes-consumo-moodys-volatilidade","status":"publish","type":"post","link":"https:\/\/www.suno.com.br\/noticias\/petroleo-covid-19-padroes-consumo-moodys-volatilidade\/","title":{"rendered":"Petr\u00f3leo: Covid-19 desestabiliza padr\u00f5es de consumo, segundo Moody&#8217;s"},"content":{"rendered":"<p>A <a href=\"https:\/\/www.suno.com.br\/artigos\/agencias-de-rating\/\">ag\u00eancia de classifica\u00e7\u00e3o de riscos<\/a> Moody&#8217;s divulgou um relat\u00f3rio afirmando que a <a href=\"https:\/\/www.suno.com.br\/noticias\/tags\/coronavirus\/\">pandemia do novo coronav\u00edrus (Covid-19)<\/a> desequilibra moldes de consumo de energia de longa data, o que gera um crescimento na <a href=\"https:\/\/www.suno.com.br\/artigos\/volatilidade\/#:~:text=A%20volatilidade%20pode%20ser%20definida,mesmo%20um%20%C3%ADndice%20de%20mercado.&amp;text=Portanto%2C%20se%20volatilidade%20um%20ativo,oscilarem%20muito%20no%20curto%20prazo.\">volatilidade<\/a> dos pre\u00e7os para o <a href=\"https:\/\/www.suno.com.br\/artigos\/cotacao-do-petroleo\/\"><strong>petr\u00f3leo<\/strong> <\/a>e g\u00e1s.<\/p>\t<div class=\"wrapper-featured-image\">\n\t\t<figure class=\"spotlightImg\">\n\n\t\t\t<picture>\n\t\t\t\t<source media=\"(max-width: 768px)\" srcset=\"https:\/\/files.sunoresearch.com.br\/n\/uploads\/2020\/08\/b051e236-petroleo-300x300-1-jpg.webp\">\n\t\t\t\t<img loading=\"lazy\" decoding=\"async\" class=\"newsContent__article__imgCapa lazyloadDisabled \" src=\"https:\/\/files.sunoresearch.com.br\/n\/uploads\/2020\/08\/b051e236-petroleo-300x300-1-jpg.webp\" width=\"800\" height=\"450\" alt=\"Petr\u00f3leo: Covid-19 desestabiliza padr\u00f5es de consumo, segundo Moody&#8217;s\" fetchpriority=high \/>\n\t\t\t<\/picture>\n\n\t\t\t<figcaption class=\"wp-caption-text wp-caption-text--show\">A Moody&#039;a declarou que a pandemia desestabilizou os padr\u00f5es de consumo de energia de longa data, elevando a instabilidade dos pre\u00e7os para petr\u00f3leo<\/figcaption>\n\t\t<\/figure>\n\t<\/div>\n\n\n<div class=\"hubspot-form-wrapper\">\n\t<div id=\"single-form-target\"><\/div>\n<\/div>\n\n<p>Al\u00e9m disso, a <strong>Moody&#8217;s<\/strong> refor\u00e7ou no documento que a <strong>pandemia<\/strong> de <strong>Covid-19<\/strong> levou a um grande recuo nos pre\u00e7os do petr\u00f3leo, o que, por sua vez, levou a uma aumento nas diferen\u00e7as entre as companhias do setor de energia energia &#8220;fortes e fracas&#8221;.<\/p>\n<p>A recupera\u00e7\u00e3o do setor da <a href=\"https:\/\/www.suno.com.br\/artigos\/o-que-commodities\/\">commoditie<\/a>, por sua vez, vai depender de um crescimento na <a href=\"https:\/\/www.suno.com.br\/artigos\/oferta-demanda\/\">demanda<\/a>, de acordo com a rea\u00e7\u00e3o da atividade, principalmente &#8220;no sudeste asi\u00e1tico e nos <strong>Estados<\/strong> <strong>Unidos<\/strong>&#8220;. Mas ainda sim, apontou que &#8220;a recupera\u00e7\u00e3o deve ser desigual&#8221;.<\/p>\n<p><a href=\"https:\/\/lp.suno.com.br\/suno-one\/\">Suno One: acesse gratuitamente eBooks, Minicursos, Artigos e Video Aulas sobre investimentos com um \u00fanico cadastro. Clique para saber mais!<\/a><\/p>\n<p>A desigualdade na recupera\u00e7\u00e3o, deve trazer danos para os moldes de consumo de energia no<a href=\"https:\/\/www.suno.com.br\/artigos\/quanto-tempo-e-longo-prazo\/\"> longo prazo<\/a>, bem como deve acarretar em um crescimento na volatilidade nos <a href=\"https:\/\/www.suno.com.br\/artigos\/preco-valor\/\">pre\u00e7os<\/a>, segundo projeta a Moody&#8217;s.<\/p>\n<p>Apesar disso, os baixos pre\u00e7os de combust\u00edveis n\u00e3o obrigam-se a estimular a demanda por produtos refinados, apontou a ag\u00eancia norte-americana.<\/p>\n\t<div data-element=\"shortcode-read-more\" class=\"knowMore\">\n\t\t\t\t<span class=\"knowMore__title\">Veja tamb\u00e9m<\/span>\n\t\t\t\t<a class=\"knowMore__link\" href=\"https:\/\/www.suno.com.br\/noticias\/mudanca-duradoura-demanda-global-petroleo\/\">\n\t\t\tA mudan\u00e7a duradoura na demanda global pelo petr\u00f3leo\t\t<\/a>\n\t<\/div>\n\n\n<p>&#8220;Os pre\u00e7os baratos de combust\u00edvel n\u00e3o ir\u00e3o fomentar a demanda por produtos refinados, por\u00e9m, com a demanda maior dependendo do crescimento econ\u00f4mico e da for\u00e7a dos mercados para certos produtos refinados&#8221;, destacou o relat\u00f3rio.<\/p>\n<p>Em rela\u00e7\u00e3o a <a href=\"https:\/\/www.suno.com.br\/artigos\/receita-operacional\/\">receita<\/a> das empresas nacionais do setor de petr\u00f3leo, a ag\u00eancia espera que se recuperem em dois ou tr\u00eas anos, conforme a retomada das atividades e de poss\u00edveis a\u00e7\u00f5es pol\u00edticas ap\u00f3s <strong>coronav\u00edrus<\/strong>.<\/p>\n<h2>A mudan\u00e7a duradoura na demanda global pelo petr\u00f3leo<\/h2>\n<p>Depois de se recuperar de um crash hist\u00f3rico no primeiro semestre de 2020, o <strong>petr\u00f3leo<\/strong> est\u00e1 novamente sob press\u00e3o do mercado, j\u00e1 que a oferta voltou a aumentar e a demanda caiu bruscamente.<\/p>\n<p>A desacelera\u00e7\u00e3o do consumo de petr\u00f3leo na <strong>China<\/strong> e o ressurgimento de casos de coronav\u00edrus na Europa est\u00e3o minando a recupera\u00e7\u00e3o da demanda da <a href=\"https:\/\/www.suno.com.br\/artigos\/o-que-commodities\/\">commodity<\/a>. Para aumentar a press\u00e3o, a <a href=\"https:\/\/www.suno.com.br\/artigos\/opep\/\">Organiza\u00e7\u00e3o dos Pa\u00edses Exportadores de Petr\u00f3leo e seus aliados (<strong>OPEP+<\/strong>)<\/a> diminu\u00edram os cortes recordes na produ\u00e7\u00e3o que impuseram no in\u00edcio do ano para provocar uma alta nos pre\u00e7os.<\/p>\n<p>A OPEP e seus aliados destacaram a fragilidade do mercado de <strong>petr\u00f3leo<\/strong> na \u00faltima quarta-feira (19), ao dizer que a pandemia representa uma amea\u00e7a cont\u00ednua para o setor. O cartel disse que os enormes volumes de petr\u00f3leo armazenados em terra e no mar no in\u00edcio deste ano come\u00e7aram a diminuir, mas acrescentou que &#8220;o ritmo de recupera\u00e7\u00e3o parecia ser mais lento do que o previsto&#8221;.<\/p>\n\t<p>\n\t\t<a href=\"https:\/\/lp.suno.com.br\/planilha-de-controle-de-investimentos\/\" target=\"_blank\" data-element=\"shortcode-suno-banner\" title=\"Banner SUNO, clique e saiba mais\">\n\t\t\t<picture>\n\t\t\t\t<source media=\"(max-width: 500px)\" srcset=\"https:\/\/files.sunoresearch.com.br\/n\/uploads\/2023\/03\/400x300-Controle-de-Investimentos.png\">\n\t\t\t\t<img class=\"newsContent__article__imgCapa newsContent__article__imgCapa--banner\"\n\t\t\t\t\tsrc=\"https:\/\/files.sunoresearch.com.br\/n\/uploads\/2023\/03\/1420x240-Controle-de-Investimentos.png\"\n\t\t\t\t\tdata-promo-id=\"75934\"\t\t\t\t\t\t\t\t\t\twidth='1420' height='240'\t\t\t\t\talt=\"https:\/\/files.sunoresearch.com.br\/n\/uploads\/2023\/03\/1420x240-Controle-de-Investimentos.png\"\n\t\t\t\t>\n\t\t\t<\/picture>\n\t\t<\/a>\n\t<\/p>\n\n\n","protected":false},"excerpt":{"rendered":"<p>A ag\u00eancia de classifica\u00e7\u00e3o de riscos Moody&#8217;s divulgou um relat\u00f3rio afirmando que a pandemia do novo coronav\u00edrus (Covid-19) desequilibra moldes de consumo de energia de longa data, o que gera um crescimento na volatilidade dos pre\u00e7os para o petr\u00f3leo e g\u00e1s. A Moody&#039;a declarou que a pandemia desestabilizou os padr\u00f5es de consumo de energia de [&hellip;]<\/p>\n","protected":false},"author":39,"featured_media":80321,"comment_status":"closed","ping_status":"closed","sticky":false,"template":"","format":"standard","meta":[],"categories":[64],"tags":[2487,5255,963,766],"suno_strategy":[],"class_list":["post-80309","post","type-post","status-publish","format-standard","has-post-thumbnail","hentry","category-negocios","tag-coronavirus","tag-covid-19","tag-moodys","tag-petroleo"],"yoast_head":"<!-- This site is optimized with the Yoast SEO plugin v24.4 - https:\/\/yoast.com\/wordpress\/plugins\/seo\/ -->\n<title>Petr\u00f3leo: Covid-19 desestabiliza padr\u00f5es de consumo, segundo Moody&#039;s<\/title>\n<meta name=\"description\" content=\"Para a Moody&#039;s, a pandemia desequilibra moldes de consumo de energia, elevando a volatilidade dos pre\u00e7os para petr\u00f3leo. Clique e saiba mais.\" \/>\n<meta name=\"robots\" content=\"index, follow, max-snippet:-1, max-image-preview:large, max-video-preview:-1\" \/>\n<link rel=\"canonical\" href=\"https:\/\/www.suno.com.br\/noticias\/petroleo-covid-19-padroes-consumo-moodys-volatilidade\/\" \/>\n<meta property=\"og:locale\" content=\"pt_BR\" \/>\n<meta property=\"og:type\" content=\"article\" \/>\n<meta property=\"og:title\" content=\"Petr\u00f3leo: Covid-19 desestabiliza padr\u00f5es de consumo, segundo Moody&#039;s\" \/>\n<meta property=\"og:description\" content=\"Para a Moody&#039;s, a pandemia desequilibra moldes de consumo de energia, elevando a volatilidade dos pre\u00e7os para petr\u00f3leo. Clique e saiba mais.\" \/>\n<meta property=\"og:url\" content=\"https:\/\/www.suno.com.br\/noticias\/petroleo-covid-19-padroes-consumo-moodys-volatilidade\/\" \/>\n<meta property=\"og:site_name\" content=\"Suno Not\u00edcias\" \/>\n<meta property=\"article:publisher\" content=\"https:\/\/facebook.com\/sunoresearch\" \/>\n<meta property=\"og:image\" content=\"https:\/\/files.sunoresearch.com.br\/n\/uploads\/2020\/08\/b051e236-petroleo-300x300-1.jpg\" \/>\n\t<meta property=\"og:image:width\" content=\"300\" \/>\n\t<meta property=\"og:image:height\" content=\"300\" \/>\n\t<meta property=\"og:image:type\" content=\"image\/jpeg\" \/>\n<meta name=\"author\" content=\"Laura Moutinho\" \/>\n<meta name=\"twitter:card\" content=\"summary_large_image\" \/>\n<meta name=\"twitter:creator\" content=\"@sunoresearch\" \/>\n<meta name=\"twitter:site\" content=\"@sunoresearch\" \/>\n<meta name=\"twitter:label1\" content=\"Escrito por\" \/>\n\t<meta name=\"twitter:data1\" content=\"Laura Moutinho\" \/>\n\t<meta name=\"twitter:label2\" content=\"Est. tempo de leitura\" \/>\n\t<meta name=\"twitter:data2\" content=\"3 minutos\" \/>\n<script type=\"application\/ld+json\" class=\"yoast-schema-graph\">{\"@context\":\"https:\/\/schema.org\",\"@graph\":[{\"@type\":\"NewsArticle\",\"@id\":\"https:\/\/www.suno.com.br\/noticias\/petroleo-covid-19-padroes-consumo-moodys-volatilidade\/#article\",\"isPartOf\":{\"@id\":\"https:\/\/www.suno.com.br\/noticias\/petroleo-covid-19-padroes-consumo-moodys-volatilidade\/\"},\"author\":{\"name\":\"Laura Moutinho\",\"@id\":\"https:\/\/www.suno.com.br\/noticias\/#\/schema\/person\/3df0d2808748b74496efe5dbeaef2c72\"},\"headline\":\"Petr\u00f3leo: Covid-19 desestabiliza padr\u00f5es de consumo, segundo Moody&#8217;s\",\"datePublished\":\"2020-08-24T18:57:06+00:00\",\"mainEntityOfPage\":{\"@id\":\"https:\/\/www.suno.com.br\/noticias\/petroleo-covid-19-padroes-consumo-moodys-volatilidade\/\"},\"wordCount\":529,\"publisher\":{\"@id\":\"https:\/\/www.suno.com.br\/noticias\/#organization\"},\"image\":{\"@id\":\"https:\/\/www.suno.com.br\/noticias\/petroleo-covid-19-padroes-consumo-moodys-volatilidade\/#primaryimage\"},\"thumbnailUrl\":\"https:\/\/files.sunoresearch.com.br\/n\/uploads\/2020\/08\/b051e236-petroleo-300x300-1-jpg.webp\",\"keywords\":[\"coronav\u00edrus\",\"covid-19\",\"Moody's\",\"Petr\u00f3leo\"],\"articleSection\":[\"Neg\u00f3cios\"],\"inLanguage\":\"pt-BR\"},{\"@type\":\"WebPage\",\"@id\":\"https:\/\/www.suno.com.br\/noticias\/petroleo-covid-19-padroes-consumo-moodys-volatilidade\/\",\"url\":\"https:\/\/www.suno.com.br\/noticias\/petroleo-covid-19-padroes-consumo-moodys-volatilidade\/\",\"name\":\"Petr\u00f3leo: Covid-19 desestabiliza padr\u00f5es de consumo, segundo Moody's\",\"isPartOf\":{\"@id\":\"https:\/\/www.suno.com.br\/noticias\/#website\"},\"primaryImageOfPage\":{\"@id\":\"https:\/\/www.suno.com.br\/noticias\/petroleo-covid-19-padroes-consumo-moodys-volatilidade\/#primaryimage\"},\"image\":{\"@id\":\"https:\/\/www.suno.com.br\/noticias\/petroleo-covid-19-padroes-consumo-moodys-volatilidade\/#primaryimage\"},\"thumbnailUrl\":\"https:\/\/files.sunoresearch.com.br\/n\/uploads\/2020\/08\/b051e236-petroleo-300x300-1-jpg.webp\",\"datePublished\":\"2020-08-24T18:57:06+00:00\",\"description\":\"Para a Moody's, a pandemia desequilibra moldes de consumo de energia, elevando a volatilidade dos pre\u00e7os para petr\u00f3leo. Clique e saiba mais.\",\"breadcrumb\":{\"@id\":\"https:\/\/www.suno.com.br\/noticias\/petroleo-covid-19-padroes-consumo-moodys-volatilidade\/#breadcrumb\"},\"inLanguage\":\"pt-BR\",\"potentialAction\":[{\"@type\":\"ReadAction\",\"target\":[\"https:\/\/www.suno.com.br\/noticias\/petroleo-covid-19-padroes-consumo-moodys-volatilidade\/\"]}]},{\"@type\":\"ImageObject\",\"inLanguage\":\"pt-BR\",\"@id\":\"https:\/\/www.suno.com.br\/noticias\/petroleo-covid-19-padroes-consumo-moodys-volatilidade\/#primaryimage\",\"url\":\"https:\/\/files.sunoresearch.com.br\/n\/uploads\/2020\/08\/b051e236-petroleo-300x300-1-jpg.webp\",\"contentUrl\":\"https:\/\/files.sunoresearch.com.br\/n\/uploads\/2020\/08\/b051e236-petroleo-300x300-1-jpg.webp\",\"width\":300,\"height\":300,\"caption\":\"A Moody'a declarou que a pandemia desestabilizou os padr\u00f5es de consumo de energia de longa data, elevando a instabilidade dos pre\u00e7os para petr\u00f3leo\"},{\"@type\":\"BreadcrumbList\",\"@id\":\"https:\/\/www.suno.com.br\/noticias\/petroleo-covid-19-padroes-consumo-moodys-volatilidade\/#breadcrumb\",\"itemListElement\":[{\"@type\":\"ListItem\",\"position\":1,\"name\":\"Not\u00edcias\",\"item\":\"https:\/\/www.suno.com.br\/noticias\/\"},{\"@type\":\"ListItem\",\"position\":2,\"name\":\"Neg\u00f3cios\",\"item\":\"https:\/\/www.suno.com.br\/noticias\/negocios\/\"},{\"@type\":\"ListItem\",\"position\":3,\"name\":\"Petr\u00f3leo: Covid-19 desestabiliza padr\u00f5es de consumo, segundo Moody&#8217;s\"}]},{\"@type\":\"WebSite\",\"@id\":\"https:\/\/www.suno.com.br\/noticias\/#website\",\"url\":\"https:\/\/www.suno.com.br\/noticias\/\",\"name\":\"Suno Not\u00edcias\",\"description\":\"Seu portal de informa\u00e7\u00e3o sobre o mundo dos investimentos\",\"publisher\":{\"@id\":\"https:\/\/www.suno.com.br\/noticias\/#organization\"},\"potentialAction\":[{\"@type\":\"SearchAction\",\"target\":{\"@type\":\"EntryPoint\",\"urlTemplate\":\"https:\/\/www.suno.com.br\/noticias\/?s={search_term_string}\"},\"query-input\":{\"@type\":\"PropertyValueSpecification\",\"valueRequired\":true,\"valueName\":\"search_term_string\"}}],\"inLanguage\":\"pt-BR\"},{\"@type\":\"Organization\",\"@id\":\"https:\/\/www.suno.com.br\/noticias\/#organization\",\"name\":\"Suno Not\u00edcias\",\"url\":\"https:\/\/www.suno.com.br\/noticias\/\",\"logo\":{\"@type\":\"ImageObject\",\"inLanguage\":\"pt-BR\",\"@id\":\"https:\/\/www.suno.com.br\/noticias\/#\/schema\/logo\/image\/\",\"url\":\"https:\/\/files.sunoresearch.com.br\/n\/uploads\/2021\/09\/suno-logo.png\",\"contentUrl\":\"https:\/\/files.sunoresearch.com.br\/n\/uploads\/2021\/09\/suno-logo.png\",\"width\":180,\"height\":180,\"caption\":\"Suno Not\u00edcias\"},\"image\":{\"@id\":\"https:\/\/www.suno.com.br\/noticias\/#\/schema\/logo\/image\/\"},\"sameAs\":[\"https:\/\/facebook.com\/sunoresearch\",\"https:\/\/x.com\/sunoresearch\",\"https:\/\/www.instagram.com\/suno\",\"https:\/\/www.linkedin.com\/company\/suno-research\/\",\"https:\/\/www.youtube.com\/c\/sunoresearch\"]},{\"@type\":\"Person\",\"@id\":\"https:\/\/www.suno.com.br\/noticias\/#\/schema\/person\/3df0d2808748b74496efe5dbeaef2c72\",\"name\":\"Laura Moutinho\",\"image\":{\"@type\":\"ImageObject\",\"inLanguage\":\"pt-BR\",\"@id\":\"https:\/\/www.suno.com.br\/noticias\/#\/schema\/person\/image\/\",\"url\":\"https:\/\/secure.gravatar.com\/avatar\/7571c7c8ca3a6fca5e41384ece5557ff?s=96&r=g\",\"contentUrl\":\"https:\/\/secure.gravatar.com\/avatar\/7571c7c8ca3a6fca5e41384ece5557ff?s=96&r=g\",\"caption\":\"Laura Moutinho\"},\"description\":\"Estagi\u00e1ria na Suno Not\u00edcias, escreve not\u00edcias que afetam o mercado financeiro. Estuda administra\u00e7\u00e3o na Universidade Presbiteriana Mackenzie.\",\"url\":\"https:\/\/www.suno.com.br\/noticias\/author\/laura-moutinho\/\"}]}<\/script>\n<!-- \/ Yoast SEO plugin. -->","yoast_head_json":{"title":"Petr\u00f3leo: Covid-19 desestabiliza padr\u00f5es de consumo, segundo Moody's","description":"Para a Moody's, a pandemia desequilibra moldes de consumo de energia, elevando a volatilidade dos pre\u00e7os para petr\u00f3leo. Clique e saiba mais.","robots":{"index":"index","follow":"follow","max-snippet":"max-snippet:-1","max-image-preview":"max-image-preview:large","max-video-preview":"max-video-preview:-1"},"canonical":"https:\/\/www.suno.com.br\/noticias\/petroleo-covid-19-padroes-consumo-moodys-volatilidade\/","og_locale":"pt_BR","og_type":"article","og_title":"Petr\u00f3leo: Covid-19 desestabiliza padr\u00f5es de consumo, segundo Moody's","og_description":"Para a Moody's, a pandemia desequilibra moldes de consumo de energia, elevando a volatilidade dos pre\u00e7os para petr\u00f3leo. Clique e saiba mais.","og_url":"https:\/\/www.suno.com.br\/noticias\/petroleo-covid-19-padroes-consumo-moodys-volatilidade\/","og_site_name":"Suno Not\u00edcias","article_publisher":"https:\/\/facebook.com\/sunoresearch","og_image":[{"width":300,"height":300,"url":"https:\/\/files.sunoresearch.com.br\/n\/uploads\/2020\/08\/b051e236-petroleo-300x300-1.jpg","type":"image\/jpeg"}],"author":"Laura Moutinho","twitter_card":"summary_large_image","twitter_creator":"@sunoresearch","twitter_site":"@sunoresearch","twitter_misc":{"Escrito por":"Laura Moutinho","Est. tempo de leitura":"3 minutos"},"schema":{"@context":"https:\/\/schema.org","@graph":[{"@type":"NewsArticle","@id":"https:\/\/www.suno.com.br\/noticias\/petroleo-covid-19-padroes-consumo-moodys-volatilidade\/#article","isPartOf":{"@id":"https:\/\/www.suno.com.br\/noticias\/petroleo-covid-19-padroes-consumo-moodys-volatilidade\/"},"author":{"name":"Laura Moutinho","@id":"https:\/\/www.suno.com.br\/noticias\/#\/schema\/person\/3df0d2808748b74496efe5dbeaef2c72"},"headline":"Petr\u00f3leo: Covid-19 desestabiliza padr\u00f5es de consumo, segundo Moody&#8217;s","datePublished":"2020-08-24T18:57:06+00:00","mainEntityOfPage":{"@id":"https:\/\/www.suno.com.br\/noticias\/petroleo-covid-19-padroes-consumo-moodys-volatilidade\/"},"wordCount":529,"publisher":{"@id":"https:\/\/www.suno.com.br\/noticias\/#organization"},"image":{"@id":"https:\/\/www.suno.com.br\/noticias\/petroleo-covid-19-padroes-consumo-moodys-volatilidade\/#primaryimage"},"thumbnailUrl":"https:\/\/files.sunoresearch.com.br\/n\/uploads\/2020\/08\/b051e236-petroleo-300x300-1-jpg.webp","keywords":["coronav\u00edrus","covid-19","Moody's","Petr\u00f3leo"],"articleSection":["Neg\u00f3cios"],"inLanguage":"pt-BR"},{"@type":"WebPage","@id":"https:\/\/www.suno.com.br\/noticias\/petroleo-covid-19-padroes-consumo-moodys-volatilidade\/","url":"https:\/\/www.suno.com.br\/noticias\/petroleo-covid-19-padroes-consumo-moodys-volatilidade\/","name":"Petr\u00f3leo: Covid-19 desestabiliza padr\u00f5es de consumo, segundo Moody's","isPartOf":{"@id":"https:\/\/www.suno.com.br\/noticias\/#website"},"primaryImageOfPage":{"@id":"https:\/\/www.suno.com.br\/noticias\/petroleo-covid-19-padroes-consumo-moodys-volatilidade\/#primaryimage"},"image":{"@id":"https:\/\/www.suno.com.br\/noticias\/petroleo-covid-19-padroes-consumo-moodys-volatilidade\/#primaryimage"},"thumbnailUrl":"https:\/\/files.sunoresearch.com.br\/n\/uploads\/2020\/08\/b051e236-petroleo-300x300-1-jpg.webp","datePublished":"2020-08-24T18:57:06+00:00","description":"Para a Moody's, a pandemia desequilibra moldes de consumo de energia, elevando a volatilidade dos pre\u00e7os para petr\u00f3leo. Clique e saiba mais.","breadcrumb":{"@id":"https:\/\/www.suno.com.br\/noticias\/petroleo-covid-19-padroes-consumo-moodys-volatilidade\/#breadcrumb"},"inLanguage":"pt-BR","potentialAction":[{"@type":"ReadAction","target":["https:\/\/www.suno.com.br\/noticias\/petroleo-covid-19-padroes-consumo-moodys-volatilidade\/"]}]},{"@type":"ImageObject","inLanguage":"pt-BR","@id":"https:\/\/www.suno.com.br\/noticias\/petroleo-covid-19-padroes-consumo-moodys-volatilidade\/#primaryimage","url":"https:\/\/files.sunoresearch.com.br\/n\/uploads\/2020\/08\/b051e236-petroleo-300x300-1-jpg.webp","contentUrl":"https:\/\/files.sunoresearch.com.br\/n\/uploads\/2020\/08\/b051e236-petroleo-300x300-1-jpg.webp","width":300,"height":300,"caption":"A Moody'a declarou que a pandemia desestabilizou os padr\u00f5es de consumo de energia de longa data, elevando a instabilidade dos pre\u00e7os para petr\u00f3leo"},{"@type":"BreadcrumbList","@id":"https:\/\/www.suno.com.br\/noticias\/petroleo-covid-19-padroes-consumo-moodys-volatilidade\/#breadcrumb","itemListElement":[{"@type":"ListItem","position":1,"name":"Not\u00edcias","item":"https:\/\/www.suno.com.br\/noticias\/"},{"@type":"ListItem","position":2,"name":"Neg\u00f3cios","item":"https:\/\/www.suno.com.br\/noticias\/negocios\/"},{"@type":"ListItem","position":3,"name":"Petr\u00f3leo: Covid-19 desestabiliza padr\u00f5es de consumo, segundo Moody&#8217;s"}]},{"@type":"WebSite","@id":"https:\/\/www.suno.com.br\/noticias\/#website","url":"https:\/\/www.suno.com.br\/noticias\/","name":"Suno Not\u00edcias","description":"Seu portal de informa\u00e7\u00e3o sobre o mundo dos investimentos","publisher":{"@id":"https:\/\/www.suno.com.br\/noticias\/#organization"},"potentialAction":[{"@type":"SearchAction","target":{"@type":"EntryPoint","urlTemplate":"https:\/\/www.suno.com.br\/noticias\/?s={search_term_string}"},"query-input":{"@type":"PropertyValueSpecification","valueRequired":true,"valueName":"search_term_string"}}],"inLanguage":"pt-BR"},{"@type":"Organization","@id":"https:\/\/www.suno.com.br\/noticias\/#organization","name":"Suno Not\u00edcias","url":"https:\/\/www.suno.com.br\/noticias\/","logo":{"@type":"ImageObject","inLanguage":"pt-BR","@id":"https:\/\/www.suno.com.br\/noticias\/#\/schema\/logo\/image\/","url":"https:\/\/files.sunoresearch.com.br\/n\/uploads\/2021\/09\/suno-logo.png","contentUrl":"https:\/\/files.sunoresearch.com.br\/n\/uploads\/2021\/09\/suno-logo.png","width":180,"height":180,"caption":"Suno Not\u00edcias"},"image":{"@id":"https:\/\/www.suno.com.br\/noticias\/#\/schema\/logo\/image\/"},"sameAs":["https:\/\/facebook.com\/sunoresearch","https:\/\/x.com\/sunoresearch","https:\/\/www.instagram.com\/suno","https:\/\/www.linkedin.com\/company\/suno-research\/","https:\/\/www.youtube.com\/c\/sunoresearch"]},{"@type":"Person","@id":"https:\/\/www.suno.com.br\/noticias\/#\/schema\/person\/3df0d2808748b74496efe5dbeaef2c72","name":"Laura Moutinho","image":{"@type":"ImageObject","inLanguage":"pt-BR","@id":"https:\/\/www.suno.com.br\/noticias\/#\/schema\/person\/image\/","url":"https:\/\/secure.gravatar.com\/avatar\/7571c7c8ca3a6fca5e41384ece5557ff?s=96&r=g","contentUrl":"https:\/\/secure.gravatar.com\/avatar\/7571c7c8ca3a6fca5e41384ece5557ff?s=96&r=g","caption":"Laura Moutinho"},"description":"Estagi\u00e1ria na Suno Not\u00edcias, escreve not\u00edcias que afetam o mercado financeiro. Estuda administra\u00e7\u00e3o na Universidade Presbiteriana Mackenzie.","url":"https:\/\/www.suno.com.br\/noticias\/author\/laura-moutinho\/"}]}},"default_loop_html":"<div class=\"cardsPage__listCard__boxs\"><div class=\"cardsPage__listCard__boxs__img\"><a href=\"https:\/\/www.suno.com.br\/noticias\/petroleo-covid-19-padroes-consumo-moodys-volatilidade\/\"><img class=\"mask\" src=\"https:\/\/www.suno.com.br\/noticias\/wp-content\/themes\/suno\/resources\/images\/spotlight\/spotlight1img\/bg-mask.png\" alt=\"Image Mask\"\/><img src=\"https:\/\/files.sunoresearch.com.br\/n\/uploads\/2020\/08\/b051e236-petroleo-300x300-1-jpg.webp\" alt=\"Petr\u00f3leo: Covid-19 desestabiliza padr\u00f5es de consumo, segundo Moody&#8217;s\"\/><\/a><span class=\"spotlightCategory\"><a href=\"https:\/\/www.suno.com.br\/noticias\/negocios\/\">Neg\u00f3cios<\/a><\/span><\/div><div class=\"cardsPage__listCard__boxs__content\"><a href=\"https:\/\/www.suno.com.br\/noticias\/petroleo-covid-19-padroes-consumo-moodys-volatilidade\/\"><h2 class=\"content__title\">Petr\u00f3leo: Covid-19 desestabiliza padr\u00f5es de consumo, segundo Moody&#8217;s<\/h2><\/a><div class=\"newsContent__article__meta\"><div class=\"newsContent__article__meta__authorBox\"><a href=\"https:\/\/www.suno.com.br\/noticias\/author\/laura-moutinho\/\" class=\"authorBox__avatar noMobi\"><img src=\"https:\/\/files.sunoresearch.com.br\/n\/uploads\/2020\/08\/531ff69d-whatsapp-image-2020-08-03-at-14.54.38-150x150.webp\" alt=\"Laura Moutinho\"><\/a><div class=\"authorBox__name\"><span>por\n\t\t\t<a href=\"https:\/\/www.suno.com.br\/noticias\/author\/laura-moutinho\/\"><span itemprop=\"author\">Laura Moutinho<\/span><\/a><\/span><time datetime=\"2020-08-24T15:57:06-03:00\" itemprop=\"datePublished\">24\/08\/2020 15:57<\/time><\/div><\/div><\/div><\/div><\/div>","single_layout":"posts","amp_enabled":true,"_links":{"self":[{"href":"https:\/\/www.suno.com.br\/noticias\/wp-json\/wp\/v2\/posts\/80309"}],"collection":[{"href":"https:\/\/www.suno.com.br\/noticias\/wp-json\/wp\/v2\/posts"}],"about":[{"href":"https:\/\/www.suno.com.br\/noticias\/wp-json\/wp\/v2\/types\/post"}],"author":[{"embeddable":true,"href":"https:\/\/www.suno.com.br\/noticias\/wp-json\/wp\/v2\/users\/39"}],"replies":[{"embeddable":true,"href":"https:\/\/www.suno.com.br\/noticias\/wp-json\/wp\/v2\/comments?post=80309"}],"version-history":[{"count":0,"href":"https:\/\/www.suno.com.br\/noticias\/wp-json\/wp\/v2\/posts\/80309\/revisions"}],"wp:featuredmedia":[{"embeddable":true,"href":"https:\/\/www.suno.com.br\/noticias\/wp-json\/wp\/v2\/media\/80321"}],"wp:attachment":[{"href":"https:\/\/www.suno.com.br\/noticias\/wp-json\/wp\/v2\/media?parent=80309"}],"wp:term":[{"taxonomy":"category","embeddable":true,"href":"https:\/\/www.suno.com.br\/noticias\/wp-json\/wp\/v2\/categories?post=80309"},{"taxonomy":"post_tag","embeddable":true,"href":"https:\/\/www.suno.com.br\/noticias\/wp-json\/wp\/v2\/tags?post=80309"},{"taxonomy":"suno_strategy","embeddable":true,"href":"https:\/\/www.suno.com.br\/noticias\/wp-json\/wp\/v2\/suno_strategy?post=80309"}],"curies":[{"name":"wp","href":"https:\/\/api.w.org\/{rel}","templated":true}]}}