{"id":80301,"date":"2020-08-24T15:43:15","date_gmt":"2020-08-24T18:43:15","guid":{"rendered":"https:\/\/www.suno.com.br\/noticias\/?p=80301"},"modified":"2020-08-24T15:45:48","modified_gmt":"2020-08-24T18:45:48","slug":"mitre-mtre3-lanca-empreendimento-235-unidades-vgv-r-180-mi","status":"publish","type":"post","link":"https:\/\/www.suno.com.br\/noticias\/mitre-mtre3-lanca-empreendimento-235-unidades-vgv-r-180-mi\/","title":{"rendered":"Mitre (MTRE3) lan\u00e7a empreendimento de 235 unidades com VGV de R$ 180 mi"},"content":{"rendered":"<p>A <a href=\"https:\/\/www.suno.com.br\/acoes\/mtre3\/\"><strong>Mitre<\/strong> Realty Empreendimentos e Participa\u00e7\u00f5es S.A. (MTRE3)<\/a> comunicou ao mercado, nesta segunda-feira (24), o lan\u00e7amento do empreendimento Haus Mitre Perdizes, localizado na Zona Oeste da capital de S\u00e3o Paulo. O empreendimento, que faz parte da linha Haus, que \u00e9 voltada ao p\u00fablico de m\u00e9dia e alta renda, possui 235 unidades. O <a href=\"https:\/\/www.suno.com.br\/artigos\/valor-geral-vendas-vgv\/\">VGV (Valor Geral de Vendas)<\/a> total do empreendimento \u00e9 de R$ 180 milh\u00f5es e at\u00e9 o momento foram vendidas 62% das unidades.<\/p>\t<div class=\"wrapper-featured-image\">\n\t\t<figure class=\"spotlightImg\">\n\n\t\t\t<picture>\n\t\t\t\t<source media=\"(max-width: 768px)\" srcset=\"https:\/\/files.sunoresearch.com.br\/n\/uploads\/2020\/02\/eceedb88-mitre-400x200.webp\">\n\t\t\t\t<img loading=\"lazy\" decoding=\"async\" class=\"newsContent__article__imgCapa lazyloadDisabled newsContent__article__imgCapa--noCaption\" src=\"https:\/\/files.sunoresearch.com.br\/n\/uploads\/2020\/02\/eceedb88-mitre-800x450.webp\" width=\"800\" height=\"450\" alt=\"Mitre (MTRE3) lan\u00e7a empreendimento de 235 unidades com VGV de R$ 180 mi\" fetchpriority=high \/>\n\t\t\t<\/picture>\n\n\t\t\t<figcaption class=\"wp-caption-text wp-caption-text--hide\"><\/figcaption>\n\t\t<\/figure>\n\t<\/div>\n\n\n<div class=\"hubspot-form-wrapper\">\n\t<div id=\"single-form-target\"><\/div>\n<\/div>\n\n<p>O empreendimento conta com apartamentos studios, 2 e 3 dormit\u00f3rios, com metragens entre 26 m\u00b2 e 105 m\u00b2. A previs\u00e3o de entrega \u00e9 31\/08\/2023.<\/p>\n<p>&#8220;Este lan\u00e7amento refor\u00e7a o posicionamento da Companhia de oferecer os melhores produtos de cada bairro, assim como demonstra que, apesar da pandemia do <a href=\"https:\/\/www.suno.com.br\/noticias\/tags\/covid-19\/\">COVID-19<\/a>, a Mitre Realty continua entregando s\u00f3lidos resultados operacionais e financeiros, como tamb\u00e9m mantendo seu plano estrat\u00e9gico de crescimento e expans\u00e3o de suas atividades e retorno para os seus acionistas&#8221;, informou a Mitre em comunicado assinado pelo diretor financeiro e de rela\u00e7\u00f5es com investidores, Rodrigo Coelho Cagali.<\/p>\n<p><a href=\"https:\/\/lp.suno.com.br\/suno-one\/\">Suno One: acesse gratuitamente eBooks, Minicursos, Artigos e Video Aulas sobre investimentos com um \u00fanico cadastro. Clique para saber mais!<\/a><\/p>\n<h2>Sobre a Mitre<\/h2>\n<p>A Mitre \u00e9 uma incorporadora e construtora paulistana com quase 60 anos de hist\u00f3ria. A companhia atua desenvolvendo empreendimentos de m\u00e9dio e alto padr\u00e3o, localizados na Grande S\u00e3o Paulo.<\/p>\n<p>Em seu portf\u00f3lio, a Mitre conta com mais de 20 empreendimentos, sendo que todos foram entregues antecipadamente, de acordo com o site da empresa. A construtora afirma que seu \u00faltimo projeto finalizado teve 94% das unidades aceitas na primeira vistoria, &#8220;o que mostra o comprometimento dos profissionais da empresa em atender as necessidades dos clientes&#8221;. &#8220;Tais fatores aliados a um ambiente meritocr\u00e1tico e colaborativo atrai e ret\u00e9m talentos do mercado, estimulando o progresso interno e aprimoramento cont\u00ednuo&#8221;, informa a empresa em seu site.<\/p>\n<p>A <strong>Mitre<\/strong> informou, no dia 3 de fevereiro, que levantou R$ 1,18 bilh\u00e3o em sua <a href=\"https:\/\/www.suno.com.br\/artigos\/ipo\/\">oferta p\u00fablica inicial (IPO)<\/a> de a\u00e7\u00f5es.<\/p>\n\n","protected":false},"excerpt":{"rendered":"<p>A Mitre Realty Empreendimentos e Participa\u00e7\u00f5es S.A. (MTRE3) comunicou ao mercado, nesta segunda-feira (24), o lan\u00e7amento do empreendimento Haus Mitre Perdizes, localizado na Zona Oeste da capital de S\u00e3o Paulo. O empreendimento, que faz parte da linha Haus, que \u00e9 voltada ao p\u00fablico de m\u00e9dia e alta renda, possui 235 unidades. O VGV (Valor Geral [&hellip;]<\/p>\n","protected":false},"author":19,"featured_media":51811,"comment_status":"closed","ping_status":"closed","sticky":false,"template":"","format":"standard","meta":[],"categories":[64],"tags":[2315],"suno_strategy":[],"class_list":["post-80301","post","type-post","status-publish","format-standard","has-post-thumbnail","hentry","category-negocios","tag-mitre-mtre3"],"yoast_head":"<!-- This site is optimized with the Yoast SEO plugin v24.4 - https:\/\/yoast.com\/wordpress\/plugins\/seo\/ -->\n<title>Mitre (MTRE3) lan\u00e7a empreendimento de 235 unidades em SP<\/title>\n<meta name=\"description\" content=\"A Mitre (MTRE3) comunicou ao mercado o lan\u00e7amento do empreendimento Haus Mitre Perdizes, localizado na capital de S\u00e3o Paulo. Saiba mais.\" \/>\n<meta name=\"robots\" content=\"index, follow, max-snippet:-1, max-image-preview:large, max-video-preview:-1\" \/>\n<link rel=\"canonical\" href=\"https:\/\/www.suno.com.br\/noticias\/mitre-mtre3-lanca-empreendimento-235-unidades-vgv-r-180-mi\/\" \/>\n<meta property=\"og:locale\" content=\"pt_BR\" \/>\n<meta property=\"og:type\" content=\"article\" \/>\n<meta property=\"og:title\" content=\"Mitre (MTRE3) lan\u00e7a empreendimento de 235 unidades em SP\" \/>\n<meta property=\"og:description\" content=\"A Mitre (MTRE3) comunicou ao mercado o lan\u00e7amento do empreendimento Haus Mitre Perdizes, localizado na capital de S\u00e3o Paulo. Saiba mais.\" \/>\n<meta property=\"og:url\" content=\"https:\/\/www.suno.com.br\/noticias\/mitre-mtre3-lanca-empreendimento-235-unidades-vgv-r-180-mi\/\" \/>\n<meta property=\"og:site_name\" content=\"Suno Not\u00edcias\" \/>\n<meta property=\"article:publisher\" content=\"https:\/\/facebook.com\/sunoresearch\" \/>\n<meta property=\"og:image\" content=\"https:\/\/files.sunoresearch.com.br\/n\/uploads\/2020\/02\/eceedb88-mitre.jpg\" \/>\n\t<meta property=\"og:image:width\" content=\"1024\" \/>\n\t<meta property=\"og:image:height\" content=\"1018\" \/>\n\t<meta property=\"og:image:type\" content=\"image\/jpeg\" \/>\n<meta name=\"author\" content=\"Juliano Passaro\" \/>\n<meta name=\"twitter:card\" content=\"summary_large_image\" \/>\n<meta name=\"twitter:creator\" content=\"@sunoresearch\" \/>\n<meta name=\"twitter:site\" content=\"@sunoresearch\" \/>\n<meta name=\"twitter:label1\" content=\"Escrito por\" \/>\n\t<meta name=\"twitter:data1\" content=\"Juliano Passaro\" \/>\n\t<meta name=\"twitter:label2\" content=\"Est. tempo de leitura\" \/>\n\t<meta name=\"twitter:data2\" content=\"2 minutos\" \/>\n<script type=\"application\/ld+json\" class=\"yoast-schema-graph\">{\"@context\":\"https:\/\/schema.org\",\"@graph\":[{\"@type\":\"NewsArticle\",\"@id\":\"https:\/\/www.suno.com.br\/noticias\/mitre-mtre3-lanca-empreendimento-235-unidades-vgv-r-180-mi\/#article\",\"isPartOf\":{\"@id\":\"https:\/\/www.suno.com.br\/noticias\/mitre-mtre3-lanca-empreendimento-235-unidades-vgv-r-180-mi\/\"},\"author\":{\"name\":\"Juliano Passaro\",\"@id\":\"https:\/\/www.suno.com.br\/noticias\/#\/schema\/person\/1db762f78ffd8919a648a63e425953e3\"},\"headline\":\"Mitre (MTRE3) lan\u00e7a empreendimento de 235 unidades com VGV de R$ 180 mi\",\"datePublished\":\"2020-08-24T18:43:15+00:00\",\"dateModified\":\"2020-08-24T18:45:48+00:00\",\"mainEntityOfPage\":{\"@id\":\"https:\/\/www.suno.com.br\/noticias\/mitre-mtre3-lanca-empreendimento-235-unidades-vgv-r-180-mi\/\"},\"wordCount\":364,\"publisher\":{\"@id\":\"https:\/\/www.suno.com.br\/noticias\/#organization\"},\"image\":{\"@id\":\"https:\/\/www.suno.com.br\/noticias\/mitre-mtre3-lanca-empreendimento-235-unidades-vgv-r-180-mi\/#primaryimage\"},\"thumbnailUrl\":\"https:\/\/files.sunoresearch.com.br\/n\/uploads\/2020\/02\/eceedb88-mitre-jpg.webp\",\"keywords\":[\"Mitre (MTRE3)\"],\"articleSection\":[\"Neg\u00f3cios\"],\"inLanguage\":\"pt-BR\"},{\"@type\":\"WebPage\",\"@id\":\"https:\/\/www.suno.com.br\/noticias\/mitre-mtre3-lanca-empreendimento-235-unidades-vgv-r-180-mi\/\",\"url\":\"https:\/\/www.suno.com.br\/noticias\/mitre-mtre3-lanca-empreendimento-235-unidades-vgv-r-180-mi\/\",\"name\":\"Mitre (MTRE3) lan\u00e7a empreendimento de 235 unidades em SP\",\"isPartOf\":{\"@id\":\"https:\/\/www.suno.com.br\/noticias\/#website\"},\"primaryImageOfPage\":{\"@id\":\"https:\/\/www.suno.com.br\/noticias\/mitre-mtre3-lanca-empreendimento-235-unidades-vgv-r-180-mi\/#primaryimage\"},\"image\":{\"@id\":\"https:\/\/www.suno.com.br\/noticias\/mitre-mtre3-lanca-empreendimento-235-unidades-vgv-r-180-mi\/#primaryimage\"},\"thumbnailUrl\":\"https:\/\/files.sunoresearch.com.br\/n\/uploads\/2020\/02\/eceedb88-mitre-jpg.webp\",\"datePublished\":\"2020-08-24T18:43:15+00:00\",\"dateModified\":\"2020-08-24T18:45:48+00:00\",\"description\":\"A Mitre (MTRE3) comunicou ao mercado o lan\u00e7amento do empreendimento Haus Mitre Perdizes, localizado na capital de S\u00e3o Paulo. Saiba mais.\",\"breadcrumb\":{\"@id\":\"https:\/\/www.suno.com.br\/noticias\/mitre-mtre3-lanca-empreendimento-235-unidades-vgv-r-180-mi\/#breadcrumb\"},\"inLanguage\":\"pt-BR\",\"potentialAction\":[{\"@type\":\"ReadAction\",\"target\":[\"https:\/\/www.suno.com.br\/noticias\/mitre-mtre3-lanca-empreendimento-235-unidades-vgv-r-180-mi\/\"]}]},{\"@type\":\"ImageObject\",\"inLanguage\":\"pt-BR\",\"@id\":\"https:\/\/www.suno.com.br\/noticias\/mitre-mtre3-lanca-empreendimento-235-unidades-vgv-r-180-mi\/#primaryimage\",\"url\":\"https:\/\/files.sunoresearch.com.br\/n\/uploads\/2020\/02\/eceedb88-mitre-jpg.webp\",\"contentUrl\":\"https:\/\/files.sunoresearch.com.br\/n\/uploads\/2020\/02\/eceedb88-mitre-jpg.webp\",\"width\":1024,\"height\":1018,\"caption\":\"Mitre\"},{\"@type\":\"BreadcrumbList\",\"@id\":\"https:\/\/www.suno.com.br\/noticias\/mitre-mtre3-lanca-empreendimento-235-unidades-vgv-r-180-mi\/#breadcrumb\",\"itemListElement\":[{\"@type\":\"ListItem\",\"position\":1,\"name\":\"Not\u00edcias\",\"item\":\"https:\/\/www.suno.com.br\/noticias\/\"},{\"@type\":\"ListItem\",\"position\":2,\"name\":\"Neg\u00f3cios\",\"item\":\"https:\/\/www.suno.com.br\/noticias\/negocios\/\"},{\"@type\":\"ListItem\",\"position\":3,\"name\":\"Mitre (MTRE3) lan\u00e7a empreendimento de 235 unidades com VGV de R$ 180 mi\"}]},{\"@type\":\"WebSite\",\"@id\":\"https:\/\/www.suno.com.br\/noticias\/#website\",\"url\":\"https:\/\/www.suno.com.br\/noticias\/\",\"name\":\"Suno Not\u00edcias\",\"description\":\"Seu portal de informa\u00e7\u00e3o sobre o mundo dos investimentos\",\"publisher\":{\"@id\":\"https:\/\/www.suno.com.br\/noticias\/#organization\"},\"potentialAction\":[{\"@type\":\"SearchAction\",\"target\":{\"@type\":\"EntryPoint\",\"urlTemplate\":\"https:\/\/www.suno.com.br\/noticias\/?s={search_term_string}\"},\"query-input\":{\"@type\":\"PropertyValueSpecification\",\"valueRequired\":true,\"valueName\":\"search_term_string\"}}],\"inLanguage\":\"pt-BR\"},{\"@type\":\"Organization\",\"@id\":\"https:\/\/www.suno.com.br\/noticias\/#organization\",\"name\":\"Suno Not\u00edcias\",\"url\":\"https:\/\/www.suno.com.br\/noticias\/\",\"logo\":{\"@type\":\"ImageObject\",\"inLanguage\":\"pt-BR\",\"@id\":\"https:\/\/www.suno.com.br\/noticias\/#\/schema\/logo\/image\/\",\"url\":\"https:\/\/files.sunoresearch.com.br\/n\/uploads\/2021\/09\/suno-logo.png\",\"contentUrl\":\"https:\/\/files.sunoresearch.com.br\/n\/uploads\/2021\/09\/suno-logo.png\",\"width\":180,\"height\":180,\"caption\":\"Suno Not\u00edcias\"},\"image\":{\"@id\":\"https:\/\/www.suno.com.br\/noticias\/#\/schema\/logo\/image\/\"},\"sameAs\":[\"https:\/\/facebook.com\/sunoresearch\",\"https:\/\/x.com\/sunoresearch\",\"https:\/\/www.instagram.com\/suno\",\"https:\/\/www.linkedin.com\/company\/suno-research\/\",\"https:\/\/www.youtube.com\/c\/sunoresearch\"]},{\"@type\":\"Person\",\"@id\":\"https:\/\/www.suno.com.br\/noticias\/#\/schema\/person\/1db762f78ffd8919a648a63e425953e3\",\"name\":\"Juliano Passaro\",\"image\":{\"@type\":\"ImageObject\",\"inLanguage\":\"pt-BR\",\"@id\":\"https:\/\/www.suno.com.br\/noticias\/#\/schema\/person\/image\/\",\"url\":\"https:\/\/secure.gravatar.com\/avatar\/743d4df28eebf6dcc46b4ad03c319e92?s=96&r=g\",\"contentUrl\":\"https:\/\/secure.gravatar.com\/avatar\/743d4df28eebf6dcc46b4ad03c319e92?s=96&r=g\",\"caption\":\"Juliano Passaro\"},\"description\":\"Juliano Passaro escreve sobre pol\u00edtica, economia e neg\u00f3cios para o portal da Suno Research. Antes da Suno, trabalhou no Portal da Band. \u00c9 formado em jornalismo pela Universidade Presbiteriana Mackenzie.\",\"url\":\"https:\/\/www.suno.com.br\/noticias\/author\/juliano\/\"}]}<\/script>\n<!-- \/ Yoast SEO plugin. -->","yoast_head_json":{"title":"Mitre (MTRE3) lan\u00e7a empreendimento de 235 unidades em SP","description":"A Mitre (MTRE3) comunicou ao mercado o lan\u00e7amento do empreendimento Haus Mitre Perdizes, localizado na capital de S\u00e3o Paulo. Saiba mais.","robots":{"index":"index","follow":"follow","max-snippet":"max-snippet:-1","max-image-preview":"max-image-preview:large","max-video-preview":"max-video-preview:-1"},"canonical":"https:\/\/www.suno.com.br\/noticias\/mitre-mtre3-lanca-empreendimento-235-unidades-vgv-r-180-mi\/","og_locale":"pt_BR","og_type":"article","og_title":"Mitre (MTRE3) lan\u00e7a empreendimento de 235 unidades em SP","og_description":"A Mitre (MTRE3) comunicou ao mercado o lan\u00e7amento do empreendimento Haus Mitre Perdizes, localizado na capital de S\u00e3o Paulo. Saiba mais.","og_url":"https:\/\/www.suno.com.br\/noticias\/mitre-mtre3-lanca-empreendimento-235-unidades-vgv-r-180-mi\/","og_site_name":"Suno Not\u00edcias","article_publisher":"https:\/\/facebook.com\/sunoresearch","og_image":[{"width":1024,"height":1018,"url":"https:\/\/files.sunoresearch.com.br\/n\/uploads\/2020\/02\/eceedb88-mitre.jpg","type":"image\/jpeg"}],"author":"Juliano Passaro","twitter_card":"summary_large_image","twitter_creator":"@sunoresearch","twitter_site":"@sunoresearch","twitter_misc":{"Escrito por":"Juliano Passaro","Est. tempo de leitura":"2 minutos"},"schema":{"@context":"https:\/\/schema.org","@graph":[{"@type":"NewsArticle","@id":"https:\/\/www.suno.com.br\/noticias\/mitre-mtre3-lanca-empreendimento-235-unidades-vgv-r-180-mi\/#article","isPartOf":{"@id":"https:\/\/www.suno.com.br\/noticias\/mitre-mtre3-lanca-empreendimento-235-unidades-vgv-r-180-mi\/"},"author":{"name":"Juliano Passaro","@id":"https:\/\/www.suno.com.br\/noticias\/#\/schema\/person\/1db762f78ffd8919a648a63e425953e3"},"headline":"Mitre (MTRE3) lan\u00e7a empreendimento de 235 unidades com VGV de R$ 180 mi","datePublished":"2020-08-24T18:43:15+00:00","dateModified":"2020-08-24T18:45:48+00:00","mainEntityOfPage":{"@id":"https:\/\/www.suno.com.br\/noticias\/mitre-mtre3-lanca-empreendimento-235-unidades-vgv-r-180-mi\/"},"wordCount":364,"publisher":{"@id":"https:\/\/www.suno.com.br\/noticias\/#organization"},"image":{"@id":"https:\/\/www.suno.com.br\/noticias\/mitre-mtre3-lanca-empreendimento-235-unidades-vgv-r-180-mi\/#primaryimage"},"thumbnailUrl":"https:\/\/files.sunoresearch.com.br\/n\/uploads\/2020\/02\/eceedb88-mitre-jpg.webp","keywords":["Mitre (MTRE3)"],"articleSection":["Neg\u00f3cios"],"inLanguage":"pt-BR"},{"@type":"WebPage","@id":"https:\/\/www.suno.com.br\/noticias\/mitre-mtre3-lanca-empreendimento-235-unidades-vgv-r-180-mi\/","url":"https:\/\/www.suno.com.br\/noticias\/mitre-mtre3-lanca-empreendimento-235-unidades-vgv-r-180-mi\/","name":"Mitre (MTRE3) lan\u00e7a empreendimento de 235 unidades em SP","isPartOf":{"@id":"https:\/\/www.suno.com.br\/noticias\/#website"},"primaryImageOfPage":{"@id":"https:\/\/www.suno.com.br\/noticias\/mitre-mtre3-lanca-empreendimento-235-unidades-vgv-r-180-mi\/#primaryimage"},"image":{"@id":"https:\/\/www.suno.com.br\/noticias\/mitre-mtre3-lanca-empreendimento-235-unidades-vgv-r-180-mi\/#primaryimage"},"thumbnailUrl":"https:\/\/files.sunoresearch.com.br\/n\/uploads\/2020\/02\/eceedb88-mitre-jpg.webp","datePublished":"2020-08-24T18:43:15+00:00","dateModified":"2020-08-24T18:45:48+00:00","description":"A Mitre (MTRE3) comunicou ao mercado o lan\u00e7amento do empreendimento Haus Mitre Perdizes, localizado na capital de S\u00e3o Paulo. Saiba mais.","breadcrumb":{"@id":"https:\/\/www.suno.com.br\/noticias\/mitre-mtre3-lanca-empreendimento-235-unidades-vgv-r-180-mi\/#breadcrumb"},"inLanguage":"pt-BR","potentialAction":[{"@type":"ReadAction","target":["https:\/\/www.suno.com.br\/noticias\/mitre-mtre3-lanca-empreendimento-235-unidades-vgv-r-180-mi\/"]}]},{"@type":"ImageObject","inLanguage":"pt-BR","@id":"https:\/\/www.suno.com.br\/noticias\/mitre-mtre3-lanca-empreendimento-235-unidades-vgv-r-180-mi\/#primaryimage","url":"https:\/\/files.sunoresearch.com.br\/n\/uploads\/2020\/02\/eceedb88-mitre-jpg.webp","contentUrl":"https:\/\/files.sunoresearch.com.br\/n\/uploads\/2020\/02\/eceedb88-mitre-jpg.webp","width":1024,"height":1018,"caption":"Mitre"},{"@type":"BreadcrumbList","@id":"https:\/\/www.suno.com.br\/noticias\/mitre-mtre3-lanca-empreendimento-235-unidades-vgv-r-180-mi\/#breadcrumb","itemListElement":[{"@type":"ListItem","position":1,"name":"Not\u00edcias","item":"https:\/\/www.suno.com.br\/noticias\/"},{"@type":"ListItem","position":2,"name":"Neg\u00f3cios","item":"https:\/\/www.suno.com.br\/noticias\/negocios\/"},{"@type":"ListItem","position":3,"name":"Mitre (MTRE3) lan\u00e7a empreendimento de 235 unidades com VGV de R$ 180 mi"}]},{"@type":"WebSite","@id":"https:\/\/www.suno.com.br\/noticias\/#website","url":"https:\/\/www.suno.com.br\/noticias\/","name":"Suno Not\u00edcias","description":"Seu portal de informa\u00e7\u00e3o sobre o mundo dos investimentos","publisher":{"@id":"https:\/\/www.suno.com.br\/noticias\/#organization"},"potentialAction":[{"@type":"SearchAction","target":{"@type":"EntryPoint","urlTemplate":"https:\/\/www.suno.com.br\/noticias\/?s={search_term_string}"},"query-input":{"@type":"PropertyValueSpecification","valueRequired":true,"valueName":"search_term_string"}}],"inLanguage":"pt-BR"},{"@type":"Organization","@id":"https:\/\/www.suno.com.br\/noticias\/#organization","name":"Suno Not\u00edcias","url":"https:\/\/www.suno.com.br\/noticias\/","logo":{"@type":"ImageObject","inLanguage":"pt-BR","@id":"https:\/\/www.suno.com.br\/noticias\/#\/schema\/logo\/image\/","url":"https:\/\/files.sunoresearch.com.br\/n\/uploads\/2021\/09\/suno-logo.png","contentUrl":"https:\/\/files.sunoresearch.com.br\/n\/uploads\/2021\/09\/suno-logo.png","width":180,"height":180,"caption":"Suno Not\u00edcias"},"image":{"@id":"https:\/\/www.suno.com.br\/noticias\/#\/schema\/logo\/image\/"},"sameAs":["https:\/\/facebook.com\/sunoresearch","https:\/\/x.com\/sunoresearch","https:\/\/www.instagram.com\/suno","https:\/\/www.linkedin.com\/company\/suno-research\/","https:\/\/www.youtube.com\/c\/sunoresearch"]},{"@type":"Person","@id":"https:\/\/www.suno.com.br\/noticias\/#\/schema\/person\/1db762f78ffd8919a648a63e425953e3","name":"Juliano Passaro","image":{"@type":"ImageObject","inLanguage":"pt-BR","@id":"https:\/\/www.suno.com.br\/noticias\/#\/schema\/person\/image\/","url":"https:\/\/secure.gravatar.com\/avatar\/743d4df28eebf6dcc46b4ad03c319e92?s=96&r=g","contentUrl":"https:\/\/secure.gravatar.com\/avatar\/743d4df28eebf6dcc46b4ad03c319e92?s=96&r=g","caption":"Juliano Passaro"},"description":"Juliano Passaro escreve sobre pol\u00edtica, economia e neg\u00f3cios para o portal da Suno Research. Antes da Suno, trabalhou no Portal da Band. \u00c9 formado em jornalismo pela Universidade Presbiteriana Mackenzie.","url":"https:\/\/www.suno.com.br\/noticias\/author\/juliano\/"}]}},"default_loop_html":"<div class=\"cardsPage__listCard__boxs\"><div class=\"cardsPage__listCard__boxs__img\"><a href=\"https:\/\/www.suno.com.br\/noticias\/mitre-mtre3-lanca-empreendimento-235-unidades-vgv-r-180-mi\/\"><img class=\"mask\" src=\"https:\/\/www.suno.com.br\/noticias\/wp-content\/themes\/suno\/resources\/images\/spotlight\/spotlight1img\/bg-mask.png\" alt=\"Image Mask\"\/><img src=\"https:\/\/files.sunoresearch.com.br\/n\/uploads\/2020\/02\/eceedb88-mitre-400x200.webp\" alt=\"Mitre (MTRE3) lan\u00e7a empreendimento de 235 unidades com VGV de R$ 180 mi\"\/><\/a><span class=\"spotlightCategory\"><a href=\"https:\/\/www.suno.com.br\/noticias\/negocios\/\">Neg\u00f3cios<\/a><\/span><\/div><div class=\"cardsPage__listCard__boxs__content\"><a href=\"https:\/\/www.suno.com.br\/noticias\/mitre-mtre3-lanca-empreendimento-235-unidades-vgv-r-180-mi\/\"><h2 class=\"content__title\">Mitre (MTRE3) lan\u00e7a empreendimento de 235 unidades com VGV de R$ 180 mi<\/h2><\/a><div class=\"newsContent__article__meta\"><div class=\"newsContent__article__meta__authorBox\"><a href=\"https:\/\/www.suno.com.br\/noticias\/author\/juliano\/\" class=\"authorBox__avatar noMobi\"><img src=\"https:\/\/files.sunoresearch.com.br\/n\/uploads\/2019\/06\/7cc3efea-whatsapp-image-2019-07-18-at-21.59.33-e1563499821209-150x150.webp\" alt=\"Juliano Passaro\"><\/a><div class=\"authorBox__name\"><span>por\n\t\t\t<a href=\"https:\/\/www.suno.com.br\/noticias\/author\/juliano\/\"><span itemprop=\"author\">Juliano Passaro<\/span><\/a><\/span><time datetime=\"2020-08-24T15:43:15-03:00\" itemprop=\"datePublished\">24\/08\/2020 15:43<\/time><\/div><\/div><\/div><\/div><\/div>","single_layout":"posts","amp_enabled":true,"_links":{"self":[{"href":"https:\/\/www.suno.com.br\/noticias\/wp-json\/wp\/v2\/posts\/80301"}],"collection":[{"href":"https:\/\/www.suno.com.br\/noticias\/wp-json\/wp\/v2\/posts"}],"about":[{"href":"https:\/\/www.suno.com.br\/noticias\/wp-json\/wp\/v2\/types\/post"}],"author":[{"embeddable":true,"href":"https:\/\/www.suno.com.br\/noticias\/wp-json\/wp\/v2\/users\/19"}],"replies":[{"embeddable":true,"href":"https:\/\/www.suno.com.br\/noticias\/wp-json\/wp\/v2\/comments?post=80301"}],"version-history":[{"count":0,"href":"https:\/\/www.suno.com.br\/noticias\/wp-json\/wp\/v2\/posts\/80301\/revisions"}],"wp:featuredmedia":[{"embeddable":true,"href":"https:\/\/www.suno.com.br\/noticias\/wp-json\/wp\/v2\/media\/51811"}],"wp:attachment":[{"href":"https:\/\/www.suno.com.br\/noticias\/wp-json\/wp\/v2\/media?parent=80301"}],"wp:term":[{"taxonomy":"category","embeddable":true,"href":"https:\/\/www.suno.com.br\/noticias\/wp-json\/wp\/v2\/categories?post=80301"},{"taxonomy":"post_tag","embeddable":true,"href":"https:\/\/www.suno.com.br\/noticias\/wp-json\/wp\/v2\/tags?post=80301"},{"taxonomy":"suno_strategy","embeddable":true,"href":"https:\/\/www.suno.com.br\/noticias\/wp-json\/wp\/v2\/suno_strategy?post=80301"}],"curies":[{"name":"wp","href":"https:\/\/api.w.org\/{rel}","templated":true}]}}