{"id":80257,"date":"2020-08-24T12:25:11","date_gmt":"2020-08-24T15:25:11","guid":{"rendered":"https:\/\/www.suno.com.br\/noticias\/?p=80257"},"modified":"2020-08-24T14:46:51","modified_gmt":"2020-08-24T17:46:51","slug":"coronavirus-primeiro-caso-de-reinfeccao-e-confirmado-em-hong-kong-covid-19","status":"publish","type":"post","link":"https:\/\/www.suno.com.br\/noticias\/coronavirus-primeiro-caso-de-reinfeccao-e-confirmado-em-hong-kong-covid-19\/","title":{"rendered":"Coronav\u00edrus: Primeiro caso de reinfec\u00e7\u00e3o \u00e9 confirmado em Hong Kong"},"content":{"rendered":"<p>Pesquisadores da Universidade de Hong Kong anunciaram nesta segunda-feira (24) o primeiro caso no mundo de reinfec\u00e7\u00e3o pelo novo <strong>coronav\u00edrus<\/strong> (covid-19).<\/p>\t<div class=\"wrapper-featured-image\">\n\t\t<figure class=\"spotlightImg\">\n\n\t\t\t<picture>\n\t\t\t\t<source media=\"(max-width: 768px)\" srcset=\"https:\/\/files.sunoresearch.com.br\/n\/uploads\/2020\/08\/16a86b5b-coronav\u00edrus-400x200.webp\">\n\t\t\t\t<img loading=\"lazy\" decoding=\"async\" class=\"newsContent__article__imgCapa lazyloadDisabled \" src=\"https:\/\/files.sunoresearch.com.br\/n\/uploads\/2020\/08\/16a86b5b-coronav\u00edrus-jpg.webp\" width=\"800\" height=\"450\" alt=\"Coronav\u00edrus: Primeiro caso de reinfec\u00e7\u00e3o \u00e9 confirmado em Hong Kong\" fetchpriority=high \/>\n\t\t\t<\/picture>\n\n\t\t\t<figcaption class=\"wp-caption-text wp-caption-text--show\">Um homem de Hong Kong, de 33 anos, foi o primeiro caso documentado de reinfe\u00e7\u00e3o do novo coronav\u00edrus.<\/figcaption>\n\t\t<\/figure>\n\t<\/div>\n\n\n<div class=\"hubspot-form-wrapper\">\n\t<div id=\"single-form-target\"><\/div>\n<\/div>\n\n<p>Um homem de Hong Kong, de 33 anos, foi o primeiro caso documentado de reinfec\u00e7\u00e3o do novo coronav\u00edrus. De acordo com os cientistas, ele havia sido infectado em abril e depois foi curado, mas, no in\u00edcio deste m\u00eas, ao retornar da Espanha, o paciente testou positivo. Na primeira vez, o homem apresentou sintomas leves, j\u00e1 na segunda, n\u00e3o teve nenhum sintomas.<\/p>\n<p>&#8220;Um paciente aparentemente saud\u00e1vel e jovem teve um segundo caso de infec\u00e7\u00e3o pela covid-19 diagnosticado 4 meses e meio depois do primeiro epis\u00f3dio&#8221;, declararam os pesquisadores de Hong Kong.<\/p>\n<p><a href=\"https:\/\/lp.suno.com.br\/suno-one\/\">Suno One: acesse gratuitamente eBooks, Minicursos, Artigos e Video Aulas sobre investimentos com um \u00fanico cadastro. Clique para saber mais!<\/a><\/p>\n<p>Segundo o estudo, as sequ\u00eancias gen\u00e9ticas do v\u00edrus encontrados na segunda infec\u00e7\u00e3o eram diferentes da primeira, portanto, o paciente foi contaminado duas vezes.<\/p>\n<p>&#8220;Nossos resultados provam que a segunda infec\u00e7\u00e3o \u00e9 causada por um novo v\u00edrus, que ele adquiriu recentemente, em vez de uma dissemina\u00e7\u00e3o viral prolongada&#8221;, afirmou Kelvin Kai-Wang To, microbiologista da Universidade de Hong Kong.<\/p>\n<p>Segundo os especialistas, a covid-19 &#8220;pode persistir na popula\u00e7\u00e3o humana, como \u00e9 o caso de outros coronav\u00edrus humanos comuns associados a resfriados, embora os pacientes tenham adquirido imunidade por meio de uma infec\u00e7\u00e3o natural&#8221;. Dessa forma, \u00e9 recomendado que os pacientes recuperados permane\u00e7am com m\u00e1scaras e respeitem o distanciamento social.<\/p>\n<h2>Vacina da Pfizer e BioNTech contra coronav\u00edrus pode ser autorizada em outubro<\/h2>\n<p>As farmac\u00eauticas Pfizer e BioNTech, que trabalham juntas para o desenvolvimento do imunizante contra a covid-19, informaram que estimam a aprova\u00e7\u00e3o regulat\u00f3ria da <strong>vacina<\/strong> para outubro.<\/p>\n<p>De acordo com o comunicado das empresas, divulgado na \u00faltima quinta-feira (20), se autoriza\u00e7\u00e3o for concedida pelos \u00f3rg\u00e3os oficiais, ser\u00e3o produzidas 100 milh\u00f5es de vacina contra o coronav\u00edrus at\u00e9 final de 2020. J\u00e1 para o pr\u00f3ximo ano, est\u00e1 previsto a distribui\u00e7\u00e3o de 1,3 bilh\u00e3o de doses.<\/p>\n\t<div data-element=\"shortcode-read-more\" class=\"knowMore\">\n\t\t\t\t<span class=\"knowMore__title\">Veja Tamb\u00e9m<\/span>\n\t\t\t\t<a class=\"knowMore__link\" href=\"https:\/\/www.suno.com.br\/noticias\/coronavirus-23-milhoes-infectados-800-mil-vitimas\/\">\n\t\t\tCoronav\u00edrus: doen\u00e7a atinge 23 milh\u00f5es de infectados, com 800 mil v\u00edtimas\t\t<\/a>\n\t<\/div>\n\n\n<p>No documento est\u00e1 especificado os dados como a seguran\u00e7a e efic\u00e1cia dos estudos de fase 1. Os humanos testados pela BNT162b2, como \u00e9 chamada a vacina, exibiram respostas positivas.<\/p>\n<p>&#8220;Em todas as popula\u00e7\u00f5es, a administra\u00e7\u00e3o da BNT16b2 foi bem tolerada com febre leve e moderada em menos de 20% dos participantes&#8221;, comunicou as farmac\u00eauticas.<\/p>\n<p>&#8220;Esses resultados informaram a sele\u00e7\u00e3o da vacina para o estudo global principal de Fase 2 de 3 at\u00e9 30 mil participantes que j\u00e1 come\u00e7ou em julho de 2020, e que at\u00e9 o momento inscreveu mais de 11 mil participantes, incluindo em \u00e1reas com alta transmissibilidade do <strong>coronav\u00edrus<\/strong>&#8220;.<\/p>\n\n","protected":false},"excerpt":{"rendered":"<p>Pesquisadores da Universidade de Hong Kong anunciaram nesta segunda-feira (24) o primeiro caso no mundo de reinfec\u00e7\u00e3o pelo novo coronav\u00edrus (covid-19). Um homem de Hong Kong, de 33 anos, foi o primeiro caso documentado de reinfe\u00e7\u00e3o do novo coronav\u00edrus. Um homem de Hong Kong, de 33 anos, foi o primeiro caso documentado de reinfec\u00e7\u00e3o do [&hellip;]<\/p>\n","protected":false},"author":15,"featured_media":78619,"comment_status":"closed","ping_status":"closed","sticky":false,"template":"","format":"standard","meta":[],"categories":[64],"tags":[2487,5255,1880],"suno_strategy":[],"class_list":["post-80257","post","type-post","status-publish","format-standard","has-post-thumbnail","hentry","category-negocios","tag-coronavirus","tag-covid-19","tag-hong-kong"],"yoast_head":"<!-- This site is optimized with the Yoast SEO plugin v24.4 - https:\/\/yoast.com\/wordpress\/plugins\/seo\/ -->\n<title>Coronav\u00edrus: Primeiro caso de reinfec\u00e7\u00e3o \u00e9 confirmado em Hong Kong<\/title>\n<meta name=\"description\" content=\"Pesquisadores de Hong Kong anunciaram nesta segunda(24) o primeiro caso no mundo de reinfec\u00e7\u00e3o pelo novo coronav\u00edrus. Clique aqui\" \/>\n<meta name=\"robots\" content=\"index, follow, max-snippet:-1, max-image-preview:large, max-video-preview:-1\" \/>\n<link rel=\"canonical\" href=\"https:\/\/www.suno.com.br\/noticias\/coronavirus-primeiro-caso-de-reinfeccao-e-confirmado-em-hong-kong-covid-19\/\" \/>\n<meta property=\"og:locale\" content=\"pt_BR\" \/>\n<meta property=\"og:type\" content=\"article\" \/>\n<meta property=\"og:title\" content=\"Coronav\u00edrus: Primeiro caso de reinfec\u00e7\u00e3o \u00e9 confirmado em Hong Kong\" \/>\n<meta property=\"og:description\" content=\"Pesquisadores de Hong Kong anunciaram nesta segunda(24) o primeiro caso no mundo de reinfec\u00e7\u00e3o pelo novo coronav\u00edrus. Clique aqui\" \/>\n<meta property=\"og:url\" content=\"https:\/\/www.suno.com.br\/noticias\/coronavirus-primeiro-caso-de-reinfeccao-e-confirmado-em-hong-kong-covid-19\/\" \/>\n<meta property=\"og:site_name\" content=\"Suno Not\u00edcias\" \/>\n<meta property=\"article:publisher\" content=\"https:\/\/facebook.com\/sunoresearch\" \/>\n<meta property=\"og:image\" content=\"https:\/\/files.sunoresearch.com.br\/n\/uploads\/2020\/08\/16a86b5b-coronav\u00edrus.jpg\" \/>\n\t<meta property=\"og:image:width\" content=\"780\" \/>\n\t<meta property=\"og:image:height\" content=\"383\" \/>\n\t<meta property=\"og:image:type\" content=\"image\/jpeg\" \/>\n<meta name=\"author\" content=\"Poliana Santos\" \/>\n<meta name=\"twitter:card\" content=\"summary_large_image\" \/>\n<meta name=\"twitter:creator\" content=\"@sunoresearch\" \/>\n<meta name=\"twitter:site\" content=\"@sunoresearch\" \/>\n<meta name=\"twitter:label1\" content=\"Escrito por\" \/>\n\t<meta name=\"twitter:data1\" content=\"Poliana Santos\" \/>\n\t<meta name=\"twitter:label2\" content=\"Est. tempo de leitura\" \/>\n\t<meta name=\"twitter:data2\" content=\"2 minutos\" \/>\n<script type=\"application\/ld+json\" class=\"yoast-schema-graph\">{\"@context\":\"https:\/\/schema.org\",\"@graph\":[{\"@type\":\"NewsArticle\",\"@id\":\"https:\/\/www.suno.com.br\/noticias\/coronavirus-primeiro-caso-de-reinfeccao-e-confirmado-em-hong-kong-covid-19\/#article\",\"isPartOf\":{\"@id\":\"https:\/\/www.suno.com.br\/noticias\/coronavirus-primeiro-caso-de-reinfeccao-e-confirmado-em-hong-kong-covid-19\/\"},\"author\":{\"name\":\"Poliana Santos\",\"@id\":\"https:\/\/www.suno.com.br\/noticias\/#\/schema\/person\/02ec1f752758247878a2bf4abee1aeda\"},\"headline\":\"Coronav\u00edrus: Primeiro caso de reinfec\u00e7\u00e3o \u00e9 confirmado em Hong Kong\",\"datePublished\":\"2020-08-24T15:25:11+00:00\",\"dateModified\":\"2020-08-24T17:46:51+00:00\",\"mainEntityOfPage\":{\"@id\":\"https:\/\/www.suno.com.br\/noticias\/coronavirus-primeiro-caso-de-reinfeccao-e-confirmado-em-hong-kong-covid-19\/\"},\"wordCount\":487,\"publisher\":{\"@id\":\"https:\/\/www.suno.com.br\/noticias\/#organization\"},\"image\":{\"@id\":\"https:\/\/www.suno.com.br\/noticias\/coronavirus-primeiro-caso-de-reinfeccao-e-confirmado-em-hong-kong-covid-19\/#primaryimage\"},\"thumbnailUrl\":\"https:\/\/files.sunoresearch.com.br\/n\/uploads\/2020\/08\/16a86b5b-coronav\u00edrus-jpg.webp\",\"keywords\":[\"coronav\u00edrus\",\"covid-19\",\"Hong Kong\"],\"articleSection\":[\"Neg\u00f3cios\"],\"inLanguage\":\"pt-BR\"},{\"@type\":\"WebPage\",\"@id\":\"https:\/\/www.suno.com.br\/noticias\/coronavirus-primeiro-caso-de-reinfeccao-e-confirmado-em-hong-kong-covid-19\/\",\"url\":\"https:\/\/www.suno.com.br\/noticias\/coronavirus-primeiro-caso-de-reinfeccao-e-confirmado-em-hong-kong-covid-19\/\",\"name\":\"Coronav\u00edrus: Primeiro caso de reinfec\u00e7\u00e3o \u00e9 confirmado em Hong Kong\",\"isPartOf\":{\"@id\":\"https:\/\/www.suno.com.br\/noticias\/#website\"},\"primaryImageOfPage\":{\"@id\":\"https:\/\/www.suno.com.br\/noticias\/coronavirus-primeiro-caso-de-reinfeccao-e-confirmado-em-hong-kong-covid-19\/#primaryimage\"},\"image\":{\"@id\":\"https:\/\/www.suno.com.br\/noticias\/coronavirus-primeiro-caso-de-reinfeccao-e-confirmado-em-hong-kong-covid-19\/#primaryimage\"},\"thumbnailUrl\":\"https:\/\/files.sunoresearch.com.br\/n\/uploads\/2020\/08\/16a86b5b-coronav\u00edrus-jpg.webp\",\"datePublished\":\"2020-08-24T15:25:11+00:00\",\"dateModified\":\"2020-08-24T17:46:51+00:00\",\"description\":\"Pesquisadores de Hong Kong anunciaram nesta segunda(24) o primeiro caso no mundo de reinfec\u00e7\u00e3o pelo novo coronav\u00edrus. Clique aqui\",\"breadcrumb\":{\"@id\":\"https:\/\/www.suno.com.br\/noticias\/coronavirus-primeiro-caso-de-reinfeccao-e-confirmado-em-hong-kong-covid-19\/#breadcrumb\"},\"inLanguage\":\"pt-BR\",\"potentialAction\":[{\"@type\":\"ReadAction\",\"target\":[\"https:\/\/www.suno.com.br\/noticias\/coronavirus-primeiro-caso-de-reinfeccao-e-confirmado-em-hong-kong-covid-19\/\"]}]},{\"@type\":\"ImageObject\",\"inLanguage\":\"pt-BR\",\"@id\":\"https:\/\/www.suno.com.br\/noticias\/coronavirus-primeiro-caso-de-reinfeccao-e-confirmado-em-hong-kong-covid-19\/#primaryimage\",\"url\":\"https:\/\/files.sunoresearch.com.br\/n\/uploads\/2020\/08\/16a86b5b-coronav\u00edrus-jpg.webp\",\"contentUrl\":\"https:\/\/files.sunoresearch.com.br\/n\/uploads\/2020\/08\/16a86b5b-coronav\u00edrus-jpg.webp\",\"width\":780,\"height\":383,\"caption\":\"Um homem de Hong Kong, de 33 anos, foi o primeiro caso documentado de reinfe\u00e7\u00e3o do novo coronav\u00edrus.\"},{\"@type\":\"BreadcrumbList\",\"@id\":\"https:\/\/www.suno.com.br\/noticias\/coronavirus-primeiro-caso-de-reinfeccao-e-confirmado-em-hong-kong-covid-19\/#breadcrumb\",\"itemListElement\":[{\"@type\":\"ListItem\",\"position\":1,\"name\":\"Not\u00edcias\",\"item\":\"https:\/\/www.suno.com.br\/noticias\/\"},{\"@type\":\"ListItem\",\"position\":2,\"name\":\"Neg\u00f3cios\",\"item\":\"https:\/\/www.suno.com.br\/noticias\/negocios\/\"},{\"@type\":\"ListItem\",\"position\":3,\"name\":\"Coronav\u00edrus: Primeiro caso de reinfec\u00e7\u00e3o \u00e9 confirmado em Hong Kong\"}]},{\"@type\":\"WebSite\",\"@id\":\"https:\/\/www.suno.com.br\/noticias\/#website\",\"url\":\"https:\/\/www.suno.com.br\/noticias\/\",\"name\":\"Suno Not\u00edcias\",\"description\":\"Seu portal de informa\u00e7\u00e3o sobre o mundo dos investimentos\",\"publisher\":{\"@id\":\"https:\/\/www.suno.com.br\/noticias\/#organization\"},\"potentialAction\":[{\"@type\":\"SearchAction\",\"target\":{\"@type\":\"EntryPoint\",\"urlTemplate\":\"https:\/\/www.suno.com.br\/noticias\/?s={search_term_string}\"},\"query-input\":{\"@type\":\"PropertyValueSpecification\",\"valueRequired\":true,\"valueName\":\"search_term_string\"}}],\"inLanguage\":\"pt-BR\"},{\"@type\":\"Organization\",\"@id\":\"https:\/\/www.suno.com.br\/noticias\/#organization\",\"name\":\"Suno Not\u00edcias\",\"url\":\"https:\/\/www.suno.com.br\/noticias\/\",\"logo\":{\"@type\":\"ImageObject\",\"inLanguage\":\"pt-BR\",\"@id\":\"https:\/\/www.suno.com.br\/noticias\/#\/schema\/logo\/image\/\",\"url\":\"https:\/\/files.sunoresearch.com.br\/n\/uploads\/2021\/09\/suno-logo.png\",\"contentUrl\":\"https:\/\/files.sunoresearch.com.br\/n\/uploads\/2021\/09\/suno-logo.png\",\"width\":180,\"height\":180,\"caption\":\"Suno Not\u00edcias\"},\"image\":{\"@id\":\"https:\/\/www.suno.com.br\/noticias\/#\/schema\/logo\/image\/\"},\"sameAs\":[\"https:\/\/facebook.com\/sunoresearch\",\"https:\/\/x.com\/sunoresearch\",\"https:\/\/www.instagram.com\/suno\",\"https:\/\/www.linkedin.com\/company\/suno-research\/\",\"https:\/\/www.youtube.com\/c\/sunoresearch\"]},{\"@type\":\"Person\",\"@id\":\"https:\/\/www.suno.com.br\/noticias\/#\/schema\/person\/02ec1f752758247878a2bf4abee1aeda\",\"name\":\"Poliana Santos\",\"image\":{\"@type\":\"ImageObject\",\"inLanguage\":\"pt-BR\",\"@id\":\"https:\/\/www.suno.com.br\/noticias\/#\/schema\/person\/image\/\",\"url\":\"https:\/\/secure.gravatar.com\/avatar\/0645bd32f23d87b2130f2b2dff1d3f8d?s=96&r=g\",\"contentUrl\":\"https:\/\/secure.gravatar.com\/avatar\/0645bd32f23d87b2130f2b2dff1d3f8d?s=96&r=g\",\"caption\":\"Poliana Santos\"},\"description\":\"Rep\u00f3rter no Suno Not\u00edcias, com cobertura em mercado financeiro, economia, finan\u00e7as pessoais, renda fixa e varejo. Jornalista formada pela Faculdade C\u00e1sper L\u00edbero e possui passagem na R\u00e1dio Gazeta AM com a produ\u00e7\u00e3o de conte\u00fado sobre economia, pol\u00edtica, sa\u00fade, moda e m\u00fasica. Possui certificado de conclus\u00e3o do curso de An\u00e1lise de Balan\u00e7os pela Funda\u00e7\u00e3o Bradesco, Agenda Brasil pela FAAP, Educa\u00e7\u00e3o Pol\u00edtica por Alexandre Garcia e do Tesouro Direto e Mercado de A\u00e7\u00f5es pela B3.\",\"url\":\"https:\/\/www.suno.com.br\/noticias\/author\/poliana-santos\/\"}]}<\/script>\n<!-- \/ Yoast SEO plugin. -->","yoast_head_json":{"title":"Coronav\u00edrus: Primeiro caso de reinfec\u00e7\u00e3o \u00e9 confirmado em Hong Kong","description":"Pesquisadores de Hong Kong anunciaram nesta segunda(24) o primeiro caso no mundo de reinfec\u00e7\u00e3o pelo novo coronav\u00edrus. Clique aqui","robots":{"index":"index","follow":"follow","max-snippet":"max-snippet:-1","max-image-preview":"max-image-preview:large","max-video-preview":"max-video-preview:-1"},"canonical":"https:\/\/www.suno.com.br\/noticias\/coronavirus-primeiro-caso-de-reinfeccao-e-confirmado-em-hong-kong-covid-19\/","og_locale":"pt_BR","og_type":"article","og_title":"Coronav\u00edrus: Primeiro caso de reinfec\u00e7\u00e3o \u00e9 confirmado em Hong Kong","og_description":"Pesquisadores de Hong Kong anunciaram nesta segunda(24) o primeiro caso no mundo de reinfec\u00e7\u00e3o pelo novo coronav\u00edrus. Clique aqui","og_url":"https:\/\/www.suno.com.br\/noticias\/coronavirus-primeiro-caso-de-reinfeccao-e-confirmado-em-hong-kong-covid-19\/","og_site_name":"Suno Not\u00edcias","article_publisher":"https:\/\/facebook.com\/sunoresearch","og_image":[{"width":780,"height":383,"url":"https:\/\/files.sunoresearch.com.br\/n\/uploads\/2020\/08\/16a86b5b-coronav\u00edrus.jpg","type":"image\/jpeg"}],"author":"Poliana Santos","twitter_card":"summary_large_image","twitter_creator":"@sunoresearch","twitter_site":"@sunoresearch","twitter_misc":{"Escrito por":"Poliana Santos","Est. tempo de leitura":"2 minutos"},"schema":{"@context":"https:\/\/schema.org","@graph":[{"@type":"NewsArticle","@id":"https:\/\/www.suno.com.br\/noticias\/coronavirus-primeiro-caso-de-reinfeccao-e-confirmado-em-hong-kong-covid-19\/#article","isPartOf":{"@id":"https:\/\/www.suno.com.br\/noticias\/coronavirus-primeiro-caso-de-reinfeccao-e-confirmado-em-hong-kong-covid-19\/"},"author":{"name":"Poliana Santos","@id":"https:\/\/www.suno.com.br\/noticias\/#\/schema\/person\/02ec1f752758247878a2bf4abee1aeda"},"headline":"Coronav\u00edrus: Primeiro caso de reinfec\u00e7\u00e3o \u00e9 confirmado em Hong Kong","datePublished":"2020-08-24T15:25:11+00:00","dateModified":"2020-08-24T17:46:51+00:00","mainEntityOfPage":{"@id":"https:\/\/www.suno.com.br\/noticias\/coronavirus-primeiro-caso-de-reinfeccao-e-confirmado-em-hong-kong-covid-19\/"},"wordCount":487,"publisher":{"@id":"https:\/\/www.suno.com.br\/noticias\/#organization"},"image":{"@id":"https:\/\/www.suno.com.br\/noticias\/coronavirus-primeiro-caso-de-reinfeccao-e-confirmado-em-hong-kong-covid-19\/#primaryimage"},"thumbnailUrl":"https:\/\/files.sunoresearch.com.br\/n\/uploads\/2020\/08\/16a86b5b-coronav\u00edrus-jpg.webp","keywords":["coronav\u00edrus","covid-19","Hong Kong"],"articleSection":["Neg\u00f3cios"],"inLanguage":"pt-BR"},{"@type":"WebPage","@id":"https:\/\/www.suno.com.br\/noticias\/coronavirus-primeiro-caso-de-reinfeccao-e-confirmado-em-hong-kong-covid-19\/","url":"https:\/\/www.suno.com.br\/noticias\/coronavirus-primeiro-caso-de-reinfeccao-e-confirmado-em-hong-kong-covid-19\/","name":"Coronav\u00edrus: Primeiro caso de reinfec\u00e7\u00e3o \u00e9 confirmado em Hong Kong","isPartOf":{"@id":"https:\/\/www.suno.com.br\/noticias\/#website"},"primaryImageOfPage":{"@id":"https:\/\/www.suno.com.br\/noticias\/coronavirus-primeiro-caso-de-reinfeccao-e-confirmado-em-hong-kong-covid-19\/#primaryimage"},"image":{"@id":"https:\/\/www.suno.com.br\/noticias\/coronavirus-primeiro-caso-de-reinfeccao-e-confirmado-em-hong-kong-covid-19\/#primaryimage"},"thumbnailUrl":"https:\/\/files.sunoresearch.com.br\/n\/uploads\/2020\/08\/16a86b5b-coronav\u00edrus-jpg.webp","datePublished":"2020-08-24T15:25:11+00:00","dateModified":"2020-08-24T17:46:51+00:00","description":"Pesquisadores de Hong Kong anunciaram nesta segunda(24) o primeiro caso no mundo de reinfec\u00e7\u00e3o pelo novo coronav\u00edrus. Clique aqui","breadcrumb":{"@id":"https:\/\/www.suno.com.br\/noticias\/coronavirus-primeiro-caso-de-reinfeccao-e-confirmado-em-hong-kong-covid-19\/#breadcrumb"},"inLanguage":"pt-BR","potentialAction":[{"@type":"ReadAction","target":["https:\/\/www.suno.com.br\/noticias\/coronavirus-primeiro-caso-de-reinfeccao-e-confirmado-em-hong-kong-covid-19\/"]}]},{"@type":"ImageObject","inLanguage":"pt-BR","@id":"https:\/\/www.suno.com.br\/noticias\/coronavirus-primeiro-caso-de-reinfeccao-e-confirmado-em-hong-kong-covid-19\/#primaryimage","url":"https:\/\/files.sunoresearch.com.br\/n\/uploads\/2020\/08\/16a86b5b-coronav\u00edrus-jpg.webp","contentUrl":"https:\/\/files.sunoresearch.com.br\/n\/uploads\/2020\/08\/16a86b5b-coronav\u00edrus-jpg.webp","width":780,"height":383,"caption":"Um homem de Hong Kong, de 33 anos, foi o primeiro caso documentado de reinfe\u00e7\u00e3o do novo coronav\u00edrus."},{"@type":"BreadcrumbList","@id":"https:\/\/www.suno.com.br\/noticias\/coronavirus-primeiro-caso-de-reinfeccao-e-confirmado-em-hong-kong-covid-19\/#breadcrumb","itemListElement":[{"@type":"ListItem","position":1,"name":"Not\u00edcias","item":"https:\/\/www.suno.com.br\/noticias\/"},{"@type":"ListItem","position":2,"name":"Neg\u00f3cios","item":"https:\/\/www.suno.com.br\/noticias\/negocios\/"},{"@type":"ListItem","position":3,"name":"Coronav\u00edrus: Primeiro caso de reinfec\u00e7\u00e3o \u00e9 confirmado em Hong Kong"}]},{"@type":"WebSite","@id":"https:\/\/www.suno.com.br\/noticias\/#website","url":"https:\/\/www.suno.com.br\/noticias\/","name":"Suno Not\u00edcias","description":"Seu portal de informa\u00e7\u00e3o sobre o mundo dos investimentos","publisher":{"@id":"https:\/\/www.suno.com.br\/noticias\/#organization"},"potentialAction":[{"@type":"SearchAction","target":{"@type":"EntryPoint","urlTemplate":"https:\/\/www.suno.com.br\/noticias\/?s={search_term_string}"},"query-input":{"@type":"PropertyValueSpecification","valueRequired":true,"valueName":"search_term_string"}}],"inLanguage":"pt-BR"},{"@type":"Organization","@id":"https:\/\/www.suno.com.br\/noticias\/#organization","name":"Suno Not\u00edcias","url":"https:\/\/www.suno.com.br\/noticias\/","logo":{"@type":"ImageObject","inLanguage":"pt-BR","@id":"https:\/\/www.suno.com.br\/noticias\/#\/schema\/logo\/image\/","url":"https:\/\/files.sunoresearch.com.br\/n\/uploads\/2021\/09\/suno-logo.png","contentUrl":"https:\/\/files.sunoresearch.com.br\/n\/uploads\/2021\/09\/suno-logo.png","width":180,"height":180,"caption":"Suno Not\u00edcias"},"image":{"@id":"https:\/\/www.suno.com.br\/noticias\/#\/schema\/logo\/image\/"},"sameAs":["https:\/\/facebook.com\/sunoresearch","https:\/\/x.com\/sunoresearch","https:\/\/www.instagram.com\/suno","https:\/\/www.linkedin.com\/company\/suno-research\/","https:\/\/www.youtube.com\/c\/sunoresearch"]},{"@type":"Person","@id":"https:\/\/www.suno.com.br\/noticias\/#\/schema\/person\/02ec1f752758247878a2bf4abee1aeda","name":"Poliana Santos","image":{"@type":"ImageObject","inLanguage":"pt-BR","@id":"https:\/\/www.suno.com.br\/noticias\/#\/schema\/person\/image\/","url":"https:\/\/secure.gravatar.com\/avatar\/0645bd32f23d87b2130f2b2dff1d3f8d?s=96&r=g","contentUrl":"https:\/\/secure.gravatar.com\/avatar\/0645bd32f23d87b2130f2b2dff1d3f8d?s=96&r=g","caption":"Poliana Santos"},"description":"Rep\u00f3rter no Suno Not\u00edcias, com cobertura em mercado financeiro, economia, finan\u00e7as pessoais, renda fixa e varejo. Jornalista formada pela Faculdade C\u00e1sper L\u00edbero e possui passagem na R\u00e1dio Gazeta AM com a produ\u00e7\u00e3o de conte\u00fado sobre economia, pol\u00edtica, sa\u00fade, moda e m\u00fasica. Possui certificado de conclus\u00e3o do curso de An\u00e1lise de Balan\u00e7os pela Funda\u00e7\u00e3o Bradesco, Agenda Brasil pela FAAP, Educa\u00e7\u00e3o Pol\u00edtica por Alexandre Garcia e do Tesouro Direto e Mercado de A\u00e7\u00f5es pela B3.","url":"https:\/\/www.suno.com.br\/noticias\/author\/poliana-santos\/"}]}},"default_loop_html":"<div class=\"cardsPage__listCard__boxs\"><div class=\"cardsPage__listCard__boxs__img\"><a href=\"https:\/\/www.suno.com.br\/noticias\/coronavirus-primeiro-caso-de-reinfeccao-e-confirmado-em-hong-kong-covid-19\/\"><img class=\"mask\" src=\"https:\/\/www.suno.com.br\/noticias\/wp-content\/themes\/suno\/resources\/images\/spotlight\/spotlight1img\/bg-mask.png\" alt=\"Image Mask\"\/><img src=\"https:\/\/files.sunoresearch.com.br\/n\/uploads\/2020\/08\/16a86b5b-coronav\u00edrus-400x200.webp\" alt=\"Coronav\u00edrus: Primeiro caso de reinfec\u00e7\u00e3o \u00e9 confirmado em Hong Kong\"\/><\/a><span class=\"spotlightCategory\"><a href=\"https:\/\/www.suno.com.br\/noticias\/negocios\/\">Neg\u00f3cios<\/a><\/span><\/div><div class=\"cardsPage__listCard__boxs__content\"><a href=\"https:\/\/www.suno.com.br\/noticias\/coronavirus-primeiro-caso-de-reinfeccao-e-confirmado-em-hong-kong-covid-19\/\"><h2 class=\"content__title\">Coronav\u00edrus: Primeiro caso de reinfec\u00e7\u00e3o \u00e9 confirmado em Hong Kong<\/h2><\/a><div class=\"newsContent__article__meta\"><div class=\"newsContent__article__meta__authorBox\"><a href=\"https:\/\/www.suno.com.br\/noticias\/author\/poliana-santos\/\" class=\"authorBox__avatar noMobi\"><img src=\"https:\/\/files.sunoresearch.com.br\/n\/uploads\/2020\/08\/7ef34026-whatsapp-image-2020-08-03-at-12.37.57-150x150.webp\" alt=\"Poliana Santos\"><\/a><div class=\"authorBox__name\"><span>por\n\t\t\t<a href=\"https:\/\/www.suno.com.br\/noticias\/author\/poliana-santos\/\"><span itemprop=\"author\">Poliana Santos<\/span><\/a><\/span><time datetime=\"2020-08-24T12:25:11-03:00\" itemprop=\"datePublished\">24\/08\/2020 12:25<\/time><\/div><\/div><\/div><\/div><\/div>","single_layout":"posts","amp_enabled":true,"_links":{"self":[{"href":"https:\/\/www.suno.com.br\/noticias\/wp-json\/wp\/v2\/posts\/80257"}],"collection":[{"href":"https:\/\/www.suno.com.br\/noticias\/wp-json\/wp\/v2\/posts"}],"about":[{"href":"https:\/\/www.suno.com.br\/noticias\/wp-json\/wp\/v2\/types\/post"}],"author":[{"embeddable":true,"href":"https:\/\/www.suno.com.br\/noticias\/wp-json\/wp\/v2\/users\/15"}],"replies":[{"embeddable":true,"href":"https:\/\/www.suno.com.br\/noticias\/wp-json\/wp\/v2\/comments?post=80257"}],"version-history":[{"count":0,"href":"https:\/\/www.suno.com.br\/noticias\/wp-json\/wp\/v2\/posts\/80257\/revisions"}],"wp:featuredmedia":[{"embeddable":true,"href":"https:\/\/www.suno.com.br\/noticias\/wp-json\/wp\/v2\/media\/78619"}],"wp:attachment":[{"href":"https:\/\/www.suno.com.br\/noticias\/wp-json\/wp\/v2\/media?parent=80257"}],"wp:term":[{"taxonomy":"category","embeddable":true,"href":"https:\/\/www.suno.com.br\/noticias\/wp-json\/wp\/v2\/categories?post=80257"},{"taxonomy":"post_tag","embeddable":true,"href":"https:\/\/www.suno.com.br\/noticias\/wp-json\/wp\/v2\/tags?post=80257"},{"taxonomy":"suno_strategy","embeddable":true,"href":"https:\/\/www.suno.com.br\/noticias\/wp-json\/wp\/v2\/suno_strategy?post=80257"}],"curies":[{"name":"wp","href":"https:\/\/api.w.org\/{rel}","templated":true}]}}