{"id":80201,"date":"2020-08-24T09:34:02","date_gmt":"2020-08-24T12:34:02","guid":{"rendered":"https:\/\/www.suno.com.br\/noticias\/?p=80201"},"modified":"2020-09-16T07:39:58","modified_gmt":"2020-09-16T10:39:58","slug":"trump-quer-vacina-antes-eleicoes","status":"publish","type":"post","link":"https:\/\/www.suno.com.br\/noticias\/trump-quer-vacina-antes-eleicoes\/","title":{"rendered":"Trump quer anunciar vacina antes das elei\u00e7\u00f5es, diz jornal"},"content":{"rendered":"<p>O presidente dos Estados Unidos, <a href=\"https:\/\/www.suno.com.br\/tudo-sobre\/donald-trump\/\">Donald Trump<\/a>, quer acelerar os testes com a <strong>vacina<\/strong> que combata o <a href=\"https:\/\/www.suno.com.br\/noticias\/?s=coronavirus\">novo coronav\u00edrus (Covid-19)<\/a>, com o intuito de anunci\u00e1-la antes das elei\u00e7\u00f5es presidenciais de novembro, quando buscar\u00e1 ser reeleito. As informa\u00e7\u00f5es s\u00e3o do jornal brit\u00e2nico &#8220;Financial Times&#8221;.<\/p>\t<div class=\"wrapper-featured-image\">\n\t\t<figure class=\"spotlightImg\">\n\n\t\t\t<picture>\n\t\t\t\t<source media=\"(max-width: 768px)\" srcset=\"https:\/\/files.sunoresearch.com.br\/n\/uploads\/2020\/08\/d183f96c-unnamed-400x200.webp\">\n\t\t\t\t<img loading=\"lazy\" decoding=\"async\" class=\"newsContent__article__imgCapa lazyloadDisabled \" src=\"https:\/\/files.sunoresearch.com.br\/n\/uploads\/2020\/08\/d183f96c-unnamed-jpg.webp\" width=\"800\" height=\"450\" alt=\"Trump quer anunciar vacina antes das elei\u00e7\u00f5es, diz jornal\" fetchpriority=high \/>\n\t\t\t<\/picture>\n\n\t\t\t<figcaption class=\"wp-caption-text wp-caption-text--show\">O presidente Trump quer acelerar os testes com a vacina que combata o coronav\u00edrus para antes das elei\u00e7\u00f5es.<\/figcaption>\n\t\t<\/figure>\n\t<\/div>\n\n\n<div class=\"hubspot-form-wrapper\">\n\t<div id=\"single-form-target\"><\/div>\n<\/div>\n\n<p>A vacina norte-americana, que est\u00e1 sendo desenvolvida no Reino Unido, ainda est\u00e1 em fase de testes, mas, segundo o jornal, a<strong> Casa Branca<\/strong> quer que as autoridades sanit\u00e1rias concedam uma &#8220;autoriza\u00e7\u00e3o de uso de emerg\u00eancia&#8221; at\u00e9 outubro. O medicamento est\u00e1 sob responsabilidade da<strong> Universidade de Oxford<\/strong> e da farmac\u00eautica <strong>AstraZeneca<\/strong>.<\/p>\n<p>O estudo da AstraZeneca tem 10 mil volunt\u00e1rios para sua vacina, todavia, org\u00e3os regulat\u00f3rios entendem que essa \u00e9 uma amostra pequena &#8212; o m\u00ednimo, para que a vacina seja aprovada, deveria ser de 30 mil volunt\u00e1rios. A empresa tamb\u00e9m est\u00e1 conduzindo um estudo maior, com cerca de 30 mil volunt\u00e1rios, embora os resultados vir\u00e3o ap\u00f3s um ensaio menor.<\/p>\n<p><a href=\"https:\/\/lp.suno.com.br\/suno-one\/\">Suno One: acesse gratuitamente eBooks, Minicursos, Artigos e Video Aulas sobre investimentos com um \u00fanico cadastro. Clique para saber mais!<\/a><\/p>\n<p>Trump pode utilizar a chegada da vacina aos <strong>Estados Unidos<\/strong> como um trunfo para as elei\u00e7\u00f5es. O atual mandat\u00e1rio est\u00e1 em segundo lugar nas pesquisas de inten\u00e7\u00e3o de voto, atr\u00e1s do representante do Partido Democrata, <strong>Joe Biden<\/strong>. O oponente de Trump diz que a resposta dos Estados Unidos ao v\u00edrus foi o \u201c pior desempenho de qualquer na\u00e7\u00e3o\u201d.<\/p>\n<h2>Vacina \u00e9 necess\u00e1ria para o pa\u00eds e para Trump<\/h2>\n<p>Os Estados Unidos s\u00e3o o pa\u00eds mais impactado pelo coronav\u00edrus, com mais de 5,7 milh\u00f5es de contaminados e cerca de 176,8 mil mortes. A rela\u00e7\u00e3o de mortes por milh\u00e3o de habitante est\u00e1 em 531 &#8212; somente atr\u00e1s do Brasil. N\u00e3o somente como uma ferramenta eleitoral, Trump procura encontrar uma resposta para estancar o crescimento da pandemia, em meio \u00e0s fortes cr\u00edticas sofridas em territ\u00f3rio norte-americano.<\/p>\n<p>Todavia, segundo o &#8220;Financial Times&#8221;, se o governo Trump se apressar em obter a autoriza\u00e7\u00e3o de emerg\u00eancia antes das elei\u00e7\u00f5es, contornando as diretrizes normais das autoridades competentes, isso pode abalar a j\u00e1 abalada confian\u00e7a do p\u00fablico na seguran\u00e7a das vacinas \u00e0 frente de um dos maiores programas de imuniza\u00e7\u00e3o em massa da hist\u00f3ria do pa\u00eds.<\/p>\n\t<div data-element=\"shortcode-read-more\" class=\"knowMore\">\n\t\t\t\t<span class=\"knowMore__title\">Saiba mais<\/span>\n\t\t\t\t<a class=\"knowMore__link\" href=\"https:\/\/www.suno.com.br\/noticias\/johnson-johnson-inciara-fase-inicial-vacina-covid-19-setembro\/\">\n\t\t\tJohnson &amp; Johnson inciar\u00e1 fase inicial da vacina de covid-19 em setembro\t\t<\/a>\n\t<\/div>\n\n\n<p>Se o <em>U.S. Food and Drug Administration<\/em> (<strong>FDA<\/strong>), ag\u00eancia reguladora estadunidense, conceder aprova\u00e7\u00e3o de emerg\u00eancia para a vacina AstraZeneca com base no estudo Oxford, entretanto, isso poder\u00e1 levar a uma s\u00e9rie de demiss\u00f5es da ag\u00eancia.<\/p>\n<p>No in\u00edcio da \u00faltima semana, Peter Marks, diretor do Centro de Avalia\u00e7\u00e3o e Pesquisa Biol\u00f3gica do FDA &#8212; que \u00e9 respons\u00e1vel por avaliar os medicamento &#8212; disse \u00e0 ag\u00eancia de not\u00edcias &#8220;Reuters&#8221; que renunciaria se a reguladora aprovasse uma <strong>vacina<\/strong> antes que dados definitivos mostrassem sua seguran\u00e7a e efic\u00e1cia.<\/p>\n\t<p>\n\t\t<a href=\"https:\/\/lp.suno.com.br\/planilha-de-controle-de-investimentos\/\" target=\"_blank\" data-element=\"shortcode-suno-banner\" title=\"Banner SUNO, clique e saiba mais\">\n\t\t\t<picture>\n\t\t\t\t<source media=\"(max-width: 500px)\" srcset=\"https:\/\/files.sunoresearch.com.br\/n\/uploads\/2023\/03\/400x300-Controle-de-Investimentos.png\">\n\t\t\t\t<img class=\"newsContent__article__imgCapa newsContent__article__imgCapa--banner\"\n\t\t\t\t\tsrc=\"https:\/\/files.sunoresearch.com.br\/n\/uploads\/2023\/03\/1420x240-Controle-de-Investimentos.png\"\n\t\t\t\t\tdata-promo-id=\"75934\"\t\t\t\t\t\t\t\t\t\twidth='1420' height='240'\t\t\t\t\talt=\"https:\/\/files.sunoresearch.com.br\/n\/uploads\/2023\/03\/1420x240-Controle-de-Investimentos.png\"\n\t\t\t\t>\n\t\t\t<\/picture>\n\t\t<\/a>\n\t<\/p>\n\n\n","protected":false},"excerpt":{"rendered":"<p>O presidente dos Estados Unidos, Donald Trump, quer acelerar os testes com a vacina que combata o novo coronav\u00edrus (Covid-19), com o intuito de anunci\u00e1-la antes das elei\u00e7\u00f5es presidenciais de novembro, quando buscar\u00e1 ser reeleito. As informa\u00e7\u00f5es s\u00e3o do jornal brit\u00e2nico &#8220;Financial Times&#8221;. O presidente Trump quer acelerar os testes com a vacina que combata [&hellip;]<\/p>\n","protected":false},"author":24,"featured_media":80205,"comment_status":"closed","ping_status":"closed","sticky":false,"template":"","format":"standard","meta":[],"categories":[63],"tags":[2487,724,25002],"suno_strategy":[],"class_list":["post-80201","post","type-post","status-publish","format-standard","has-post-thumbnail","hentry","category-internacional","tag-coronavirus","tag-donald-trump","tag-vacina"],"yoast_head":"<!-- This site is optimized with the Yoast SEO plugin v24.4 - https:\/\/yoast.com\/wordpress\/plugins\/seo\/ -->\n<title>Trump quer anunciar vacina antes das elei\u00e7\u00f5es, diz jornal<\/title>\n<meta name=\"description\" content=\"O presidente Trump quer acelerar os testes com a vacina que combata o coronav\u00edrus para antes das elei\u00e7\u00f5es. Clique e saiba mais.\" \/>\n<meta name=\"robots\" content=\"index, follow, max-snippet:-1, max-image-preview:large, max-video-preview:-1\" \/>\n<link rel=\"canonical\" href=\"https:\/\/www.suno.com.br\/noticias\/trump-quer-vacina-antes-eleicoes\/\" \/>\n<meta property=\"og:locale\" content=\"pt_BR\" \/>\n<meta property=\"og:type\" content=\"article\" \/>\n<meta property=\"og:title\" content=\"Trump quer anunciar vacina antes das elei\u00e7\u00f5es, diz jornal\" \/>\n<meta property=\"og:description\" content=\"O presidente Trump quer acelerar os testes com a vacina que combata o coronav\u00edrus para antes das elei\u00e7\u00f5es. Clique e saiba mais.\" \/>\n<meta property=\"og:url\" content=\"https:\/\/www.suno.com.br\/noticias\/trump-quer-vacina-antes-eleicoes\/\" \/>\n<meta property=\"og:site_name\" content=\"Suno Not\u00edcias\" \/>\n<meta property=\"article:publisher\" content=\"https:\/\/facebook.com\/sunoresearch\" \/>\n<meta property=\"og:image\" content=\"https:\/\/files.sunoresearch.com.br\/n\/uploads\/2020\/08\/d183f96c-unnamed.jpg\" \/>\n\t<meta property=\"og:image:width\" content=\"512\" \/>\n\t<meta property=\"og:image:height\" content=\"341\" \/>\n\t<meta property=\"og:image:type\" content=\"image\/jpeg\" \/>\n<meta name=\"author\" content=\"Jader Lazarini\" \/>\n<meta name=\"twitter:card\" content=\"summary_large_image\" \/>\n<meta name=\"twitter:creator\" content=\"@sunoresearch\" \/>\n<meta name=\"twitter:site\" content=\"@sunoresearch\" \/>\n<meta name=\"twitter:label1\" content=\"Escrito por\" \/>\n\t<meta name=\"twitter:data1\" content=\"Jader Lazarini\" \/>\n\t<meta name=\"twitter:label2\" content=\"Est. tempo de leitura\" \/>\n\t<meta name=\"twitter:data2\" content=\"3 minutos\" \/>\n<script type=\"application\/ld+json\" class=\"yoast-schema-graph\">{\"@context\":\"https:\/\/schema.org\",\"@graph\":[{\"@type\":\"NewsArticle\",\"@id\":\"https:\/\/www.suno.com.br\/noticias\/trump-quer-vacina-antes-eleicoes\/#article\",\"isPartOf\":{\"@id\":\"https:\/\/www.suno.com.br\/noticias\/trump-quer-vacina-antes-eleicoes\/\"},\"author\":{\"name\":\"Jader Lazarini\",\"@id\":\"https:\/\/www.suno.com.br\/noticias\/#\/schema\/person\/918d79de1f0281f01599b93f9ea6e23f\"},\"headline\":\"Trump quer anunciar vacina antes das elei\u00e7\u00f5es, diz jornal\",\"datePublished\":\"2020-08-24T12:34:02+00:00\",\"dateModified\":\"2020-09-16T10:39:58+00:00\",\"mainEntityOfPage\":{\"@id\":\"https:\/\/www.suno.com.br\/noticias\/trump-quer-vacina-antes-eleicoes\/\"},\"wordCount\":524,\"publisher\":{\"@id\":\"https:\/\/www.suno.com.br\/noticias\/#organization\"},\"image\":{\"@id\":\"https:\/\/www.suno.com.br\/noticias\/trump-quer-vacina-antes-eleicoes\/#primaryimage\"},\"thumbnailUrl\":\"https:\/\/files.sunoresearch.com.br\/n\/uploads\/2020\/08\/d183f96c-unnamed-jpg.webp\",\"keywords\":[\"coronav\u00edrus\",\"Donald Trump\",\"vacina\"],\"articleSection\":[\"Internacional\"],\"inLanguage\":\"pt-BR\"},{\"@type\":\"WebPage\",\"@id\":\"https:\/\/www.suno.com.br\/noticias\/trump-quer-vacina-antes-eleicoes\/\",\"url\":\"https:\/\/www.suno.com.br\/noticias\/trump-quer-vacina-antes-eleicoes\/\",\"name\":\"Trump quer anunciar vacina antes das elei\u00e7\u00f5es, diz jornal\",\"isPartOf\":{\"@id\":\"https:\/\/www.suno.com.br\/noticias\/#website\"},\"primaryImageOfPage\":{\"@id\":\"https:\/\/www.suno.com.br\/noticias\/trump-quer-vacina-antes-eleicoes\/#primaryimage\"},\"image\":{\"@id\":\"https:\/\/www.suno.com.br\/noticias\/trump-quer-vacina-antes-eleicoes\/#primaryimage\"},\"thumbnailUrl\":\"https:\/\/files.sunoresearch.com.br\/n\/uploads\/2020\/08\/d183f96c-unnamed-jpg.webp\",\"datePublished\":\"2020-08-24T12:34:02+00:00\",\"dateModified\":\"2020-09-16T10:39:58+00:00\",\"description\":\"O presidente Trump quer acelerar os testes com a vacina que combata o coronav\u00edrus para antes das elei\u00e7\u00f5es. Clique e saiba mais.\",\"breadcrumb\":{\"@id\":\"https:\/\/www.suno.com.br\/noticias\/trump-quer-vacina-antes-eleicoes\/#breadcrumb\"},\"inLanguage\":\"pt-BR\",\"potentialAction\":[{\"@type\":\"ReadAction\",\"target\":[\"https:\/\/www.suno.com.br\/noticias\/trump-quer-vacina-antes-eleicoes\/\"]}]},{\"@type\":\"ImageObject\",\"inLanguage\":\"pt-BR\",\"@id\":\"https:\/\/www.suno.com.br\/noticias\/trump-quer-vacina-antes-eleicoes\/#primaryimage\",\"url\":\"https:\/\/files.sunoresearch.com.br\/n\/uploads\/2020\/08\/d183f96c-unnamed-jpg.webp\",\"contentUrl\":\"https:\/\/files.sunoresearch.com.br\/n\/uploads\/2020\/08\/d183f96c-unnamed-jpg.webp\",\"width\":512,\"height\":341,\"caption\":\"O presidente Trump quer acelerar os testes com a vacina que combata o coronav\u00edrus para antes das elei\u00e7\u00f5es.\"},{\"@type\":\"BreadcrumbList\",\"@id\":\"https:\/\/www.suno.com.br\/noticias\/trump-quer-vacina-antes-eleicoes\/#breadcrumb\",\"itemListElement\":[{\"@type\":\"ListItem\",\"position\":1,\"name\":\"Not\u00edcias\",\"item\":\"https:\/\/www.suno.com.br\/noticias\/\"},{\"@type\":\"ListItem\",\"position\":2,\"name\":\"Internacional\",\"item\":\"https:\/\/www.suno.com.br\/noticias\/internacional\/\"},{\"@type\":\"ListItem\",\"position\":3,\"name\":\"Trump quer anunciar vacina antes das elei\u00e7\u00f5es, diz jornal\"}]},{\"@type\":\"WebSite\",\"@id\":\"https:\/\/www.suno.com.br\/noticias\/#website\",\"url\":\"https:\/\/www.suno.com.br\/noticias\/\",\"name\":\"Suno Not\u00edcias\",\"description\":\"Seu portal de informa\u00e7\u00e3o sobre o mundo dos investimentos\",\"publisher\":{\"@id\":\"https:\/\/www.suno.com.br\/noticias\/#organization\"},\"potentialAction\":[{\"@type\":\"SearchAction\",\"target\":{\"@type\":\"EntryPoint\",\"urlTemplate\":\"https:\/\/www.suno.com.br\/noticias\/?s={search_term_string}\"},\"query-input\":{\"@type\":\"PropertyValueSpecification\",\"valueRequired\":true,\"valueName\":\"search_term_string\"}}],\"inLanguage\":\"pt-BR\"},{\"@type\":\"Organization\",\"@id\":\"https:\/\/www.suno.com.br\/noticias\/#organization\",\"name\":\"Suno Not\u00edcias\",\"url\":\"https:\/\/www.suno.com.br\/noticias\/\",\"logo\":{\"@type\":\"ImageObject\",\"inLanguage\":\"pt-BR\",\"@id\":\"https:\/\/www.suno.com.br\/noticias\/#\/schema\/logo\/image\/\",\"url\":\"https:\/\/files.sunoresearch.com.br\/n\/uploads\/2021\/09\/suno-logo.png\",\"contentUrl\":\"https:\/\/files.sunoresearch.com.br\/n\/uploads\/2021\/09\/suno-logo.png\",\"width\":180,\"height\":180,\"caption\":\"Suno Not\u00edcias\"},\"image\":{\"@id\":\"https:\/\/www.suno.com.br\/noticias\/#\/schema\/logo\/image\/\"},\"sameAs\":[\"https:\/\/facebook.com\/sunoresearch\",\"https:\/\/x.com\/sunoresearch\",\"https:\/\/www.instagram.com\/suno\",\"https:\/\/www.linkedin.com\/company\/suno-research\/\",\"https:\/\/www.youtube.com\/c\/sunoresearch\"]},{\"@type\":\"Person\",\"@id\":\"https:\/\/www.suno.com.br\/noticias\/#\/schema\/person\/918d79de1f0281f01599b93f9ea6e23f\",\"name\":\"Jader Lazarini\",\"image\":{\"@type\":\"ImageObject\",\"inLanguage\":\"pt-BR\",\"@id\":\"https:\/\/www.suno.com.br\/noticias\/#\/schema\/person\/image\/\",\"url\":\"https:\/\/secure.gravatar.com\/avatar\/3c1ad8caa51589841baeb923fcddea97?s=96&r=g\",\"contentUrl\":\"https:\/\/secure.gravatar.com\/avatar\/3c1ad8caa51589841baeb923fcddea97?s=96&r=g\",\"caption\":\"Jader Lazarini\"},\"description\":\"Jader Lazarini escreve sobre investimentos, finan\u00e7as, economia e neg\u00f3cios. \u00c9 bacharel em Rela\u00e7\u00f5es Internacionais e analista CNPI (2619).\",\"url\":\"https:\/\/www.suno.com.br\/noticias\/author\/jader-lazarini\/\"}]}<\/script>\n<!-- \/ Yoast SEO plugin. -->","yoast_head_json":{"title":"Trump quer anunciar vacina antes das elei\u00e7\u00f5es, diz jornal","description":"O presidente Trump quer acelerar os testes com a vacina que combata o coronav\u00edrus para antes das elei\u00e7\u00f5es. Clique e saiba mais.","robots":{"index":"index","follow":"follow","max-snippet":"max-snippet:-1","max-image-preview":"max-image-preview:large","max-video-preview":"max-video-preview:-1"},"canonical":"https:\/\/www.suno.com.br\/noticias\/trump-quer-vacina-antes-eleicoes\/","og_locale":"pt_BR","og_type":"article","og_title":"Trump quer anunciar vacina antes das elei\u00e7\u00f5es, diz jornal","og_description":"O presidente Trump quer acelerar os testes com a vacina que combata o coronav\u00edrus para antes das elei\u00e7\u00f5es. Clique e saiba mais.","og_url":"https:\/\/www.suno.com.br\/noticias\/trump-quer-vacina-antes-eleicoes\/","og_site_name":"Suno Not\u00edcias","article_publisher":"https:\/\/facebook.com\/sunoresearch","og_image":[{"width":512,"height":341,"url":"https:\/\/files.sunoresearch.com.br\/n\/uploads\/2020\/08\/d183f96c-unnamed.jpg","type":"image\/jpeg"}],"author":"Jader Lazarini","twitter_card":"summary_large_image","twitter_creator":"@sunoresearch","twitter_site":"@sunoresearch","twitter_misc":{"Escrito por":"Jader Lazarini","Est. tempo de leitura":"3 minutos"},"schema":{"@context":"https:\/\/schema.org","@graph":[{"@type":"NewsArticle","@id":"https:\/\/www.suno.com.br\/noticias\/trump-quer-vacina-antes-eleicoes\/#article","isPartOf":{"@id":"https:\/\/www.suno.com.br\/noticias\/trump-quer-vacina-antes-eleicoes\/"},"author":{"name":"Jader Lazarini","@id":"https:\/\/www.suno.com.br\/noticias\/#\/schema\/person\/918d79de1f0281f01599b93f9ea6e23f"},"headline":"Trump quer anunciar vacina antes das elei\u00e7\u00f5es, diz jornal","datePublished":"2020-08-24T12:34:02+00:00","dateModified":"2020-09-16T10:39:58+00:00","mainEntityOfPage":{"@id":"https:\/\/www.suno.com.br\/noticias\/trump-quer-vacina-antes-eleicoes\/"},"wordCount":524,"publisher":{"@id":"https:\/\/www.suno.com.br\/noticias\/#organization"},"image":{"@id":"https:\/\/www.suno.com.br\/noticias\/trump-quer-vacina-antes-eleicoes\/#primaryimage"},"thumbnailUrl":"https:\/\/files.sunoresearch.com.br\/n\/uploads\/2020\/08\/d183f96c-unnamed-jpg.webp","keywords":["coronav\u00edrus","Donald Trump","vacina"],"articleSection":["Internacional"],"inLanguage":"pt-BR"},{"@type":"WebPage","@id":"https:\/\/www.suno.com.br\/noticias\/trump-quer-vacina-antes-eleicoes\/","url":"https:\/\/www.suno.com.br\/noticias\/trump-quer-vacina-antes-eleicoes\/","name":"Trump quer anunciar vacina antes das elei\u00e7\u00f5es, diz jornal","isPartOf":{"@id":"https:\/\/www.suno.com.br\/noticias\/#website"},"primaryImageOfPage":{"@id":"https:\/\/www.suno.com.br\/noticias\/trump-quer-vacina-antes-eleicoes\/#primaryimage"},"image":{"@id":"https:\/\/www.suno.com.br\/noticias\/trump-quer-vacina-antes-eleicoes\/#primaryimage"},"thumbnailUrl":"https:\/\/files.sunoresearch.com.br\/n\/uploads\/2020\/08\/d183f96c-unnamed-jpg.webp","datePublished":"2020-08-24T12:34:02+00:00","dateModified":"2020-09-16T10:39:58+00:00","description":"O presidente Trump quer acelerar os testes com a vacina que combata o coronav\u00edrus para antes das elei\u00e7\u00f5es. Clique e saiba mais.","breadcrumb":{"@id":"https:\/\/www.suno.com.br\/noticias\/trump-quer-vacina-antes-eleicoes\/#breadcrumb"},"inLanguage":"pt-BR","potentialAction":[{"@type":"ReadAction","target":["https:\/\/www.suno.com.br\/noticias\/trump-quer-vacina-antes-eleicoes\/"]}]},{"@type":"ImageObject","inLanguage":"pt-BR","@id":"https:\/\/www.suno.com.br\/noticias\/trump-quer-vacina-antes-eleicoes\/#primaryimage","url":"https:\/\/files.sunoresearch.com.br\/n\/uploads\/2020\/08\/d183f96c-unnamed-jpg.webp","contentUrl":"https:\/\/files.sunoresearch.com.br\/n\/uploads\/2020\/08\/d183f96c-unnamed-jpg.webp","width":512,"height":341,"caption":"O presidente Trump quer acelerar os testes com a vacina que combata o coronav\u00edrus para antes das elei\u00e7\u00f5es."},{"@type":"BreadcrumbList","@id":"https:\/\/www.suno.com.br\/noticias\/trump-quer-vacina-antes-eleicoes\/#breadcrumb","itemListElement":[{"@type":"ListItem","position":1,"name":"Not\u00edcias","item":"https:\/\/www.suno.com.br\/noticias\/"},{"@type":"ListItem","position":2,"name":"Internacional","item":"https:\/\/www.suno.com.br\/noticias\/internacional\/"},{"@type":"ListItem","position":3,"name":"Trump quer anunciar vacina antes das elei\u00e7\u00f5es, diz jornal"}]},{"@type":"WebSite","@id":"https:\/\/www.suno.com.br\/noticias\/#website","url":"https:\/\/www.suno.com.br\/noticias\/","name":"Suno Not\u00edcias","description":"Seu portal de informa\u00e7\u00e3o sobre o mundo dos investimentos","publisher":{"@id":"https:\/\/www.suno.com.br\/noticias\/#organization"},"potentialAction":[{"@type":"SearchAction","target":{"@type":"EntryPoint","urlTemplate":"https:\/\/www.suno.com.br\/noticias\/?s={search_term_string}"},"query-input":{"@type":"PropertyValueSpecification","valueRequired":true,"valueName":"search_term_string"}}],"inLanguage":"pt-BR"},{"@type":"Organization","@id":"https:\/\/www.suno.com.br\/noticias\/#organization","name":"Suno Not\u00edcias","url":"https:\/\/www.suno.com.br\/noticias\/","logo":{"@type":"ImageObject","inLanguage":"pt-BR","@id":"https:\/\/www.suno.com.br\/noticias\/#\/schema\/logo\/image\/","url":"https:\/\/files.sunoresearch.com.br\/n\/uploads\/2021\/09\/suno-logo.png","contentUrl":"https:\/\/files.sunoresearch.com.br\/n\/uploads\/2021\/09\/suno-logo.png","width":180,"height":180,"caption":"Suno Not\u00edcias"},"image":{"@id":"https:\/\/www.suno.com.br\/noticias\/#\/schema\/logo\/image\/"},"sameAs":["https:\/\/facebook.com\/sunoresearch","https:\/\/x.com\/sunoresearch","https:\/\/www.instagram.com\/suno","https:\/\/www.linkedin.com\/company\/suno-research\/","https:\/\/www.youtube.com\/c\/sunoresearch"]},{"@type":"Person","@id":"https:\/\/www.suno.com.br\/noticias\/#\/schema\/person\/918d79de1f0281f01599b93f9ea6e23f","name":"Jader Lazarini","image":{"@type":"ImageObject","inLanguage":"pt-BR","@id":"https:\/\/www.suno.com.br\/noticias\/#\/schema\/person\/image\/","url":"https:\/\/secure.gravatar.com\/avatar\/3c1ad8caa51589841baeb923fcddea97?s=96&r=g","contentUrl":"https:\/\/secure.gravatar.com\/avatar\/3c1ad8caa51589841baeb923fcddea97?s=96&r=g","caption":"Jader Lazarini"},"description":"Jader Lazarini escreve sobre investimentos, finan\u00e7as, economia e neg\u00f3cios. \u00c9 bacharel em Rela\u00e7\u00f5es Internacionais e analista CNPI (2619).","url":"https:\/\/www.suno.com.br\/noticias\/author\/jader-lazarini\/"}]}},"default_loop_html":"<div class=\"cardsPage__listCard__boxs\"><div class=\"cardsPage__listCard__boxs__img\"><a href=\"https:\/\/www.suno.com.br\/noticias\/trump-quer-vacina-antes-eleicoes\/\"><img class=\"mask\" src=\"https:\/\/www.suno.com.br\/noticias\/wp-content\/themes\/suno\/resources\/images\/spotlight\/spotlight1img\/bg-mask.png\" alt=\"Image Mask\"\/><img src=\"https:\/\/files.sunoresearch.com.br\/n\/uploads\/2020\/08\/d183f96c-unnamed-400x200.webp\" alt=\"Trump quer anunciar vacina antes das elei\u00e7\u00f5es, diz jornal\"\/><\/a><span class=\"spotlightCategory\"><a href=\"https:\/\/www.suno.com.br\/noticias\/internacional\/\">Internacional<\/a><\/span><\/div><div class=\"cardsPage__listCard__boxs__content\"><a href=\"https:\/\/www.suno.com.br\/noticias\/trump-quer-vacina-antes-eleicoes\/\"><h2 class=\"content__title\">Trump quer anunciar vacina antes das elei\u00e7\u00f5es, diz jornal<\/h2><\/a><div class=\"newsContent__article__meta\"><div class=\"newsContent__article__meta__authorBox\"><a href=\"https:\/\/www.suno.com.br\/noticias\/author\/jader-lazarini\/\" class=\"authorBox__avatar noMobi\"><img src=\"https:\/\/files.sunoresearch.com.br\/n\/uploads\/2021\/01\/178e6598-foto-perfil-2-150x150.jpg\" alt=\"Jader Lazarini\"><\/a><div class=\"authorBox__name\"><span>por\n\t\t\t<a href=\"https:\/\/www.suno.com.br\/noticias\/author\/jader-lazarini\/\"><span itemprop=\"author\">Jader Lazarini<\/span><\/a><\/span><time datetime=\"2020-08-24T09:34:02-03:00\" itemprop=\"datePublished\">24\/08\/2020 09:34<\/time><\/div><\/div><\/div><\/div><\/div>","single_layout":"posts","amp_enabled":true,"_links":{"self":[{"href":"https:\/\/www.suno.com.br\/noticias\/wp-json\/wp\/v2\/posts\/80201"}],"collection":[{"href":"https:\/\/www.suno.com.br\/noticias\/wp-json\/wp\/v2\/posts"}],"about":[{"href":"https:\/\/www.suno.com.br\/noticias\/wp-json\/wp\/v2\/types\/post"}],"author":[{"embeddable":true,"href":"https:\/\/www.suno.com.br\/noticias\/wp-json\/wp\/v2\/users\/24"}],"replies":[{"embeddable":true,"href":"https:\/\/www.suno.com.br\/noticias\/wp-json\/wp\/v2\/comments?post=80201"}],"version-history":[{"count":0,"href":"https:\/\/www.suno.com.br\/noticias\/wp-json\/wp\/v2\/posts\/80201\/revisions"}],"wp:featuredmedia":[{"embeddable":true,"href":"https:\/\/www.suno.com.br\/noticias\/wp-json\/wp\/v2\/media\/80205"}],"wp:attachment":[{"href":"https:\/\/www.suno.com.br\/noticias\/wp-json\/wp\/v2\/media?parent=80201"}],"wp:term":[{"taxonomy":"category","embeddable":true,"href":"https:\/\/www.suno.com.br\/noticias\/wp-json\/wp\/v2\/categories?post=80201"},{"taxonomy":"post_tag","embeddable":true,"href":"https:\/\/www.suno.com.br\/noticias\/wp-json\/wp\/v2\/tags?post=80201"},{"taxonomy":"suno_strategy","embeddable":true,"href":"https:\/\/www.suno.com.br\/noticias\/wp-json\/wp\/v2\/suno_strategy?post=80201"}],"curies":[{"name":"wp","href":"https:\/\/api.w.org\/{rel}","templated":true}]}}