{"id":8020,"date":"2018-12-06T16:36:42","date_gmt":"2018-12-06T18:36:42","guid":{"rendered":"https:\/\/www.suno.com.br\/noticias\/?p=8020"},"modified":"2018-12-06T16:36:42","modified_gmt":"2018-12-06T18:36:42","slug":"porto-santos-movimenta-milhoes","status":"publish","type":"post","link":"https:\/\/www.suno.com.br\/noticias\/porto-santos-movimenta-milhoes\/","title":{"rendered":"Porto de Santos movimenta 110 mi de toneladas de carga em 2018"},"content":{"rendered":"<p>O Porto de Santos teve alta de 1,5% na movimenta\u00e7\u00e3o de cargas, alcan\u00e7ando 110,6 milh\u00f5es de toneladas. Os dados s\u00e3o baseados no per\u00edodo de janeiro a outubro de 2018, e foram divulgados pela Companhia Docas do Estado de S\u00e3o Paulo (Codesp).<\/p>\t<div class=\"wrapper-featured-image\">\n\t\t<figure class=\"spotlightImg\">\n\n\t\t\t<picture>\n\t\t\t\t<source media=\"(max-width: 768px)\" srcset=\"https:\/\/files.sunoresearch.com.br\/n\/uploads\/2018\/12\/3cd24d28-porto-de-santos-400x200.webp\">\n\t\t\t\t<img loading=\"lazy\" decoding=\"async\" class=\"newsContent__article__imgCapa lazyloadDisabled newsContent__article__imgCapa--noCaption\" src=\"https:\/\/files.sunoresearch.com.br\/n\/uploads\/2018\/12\/3cd24d28-porto-de-santos-800x450.webp\" width=\"800\" height=\"450\" alt=\"Porto de Santos movimenta 110 mi de toneladas de carga em 2018\" fetchpriority=high \/>\n\t\t\t<\/picture>\n\n\t\t\t<figcaption class=\"wp-caption-text wp-caption-text--hide\">Porto de Santos tem movimenta\u00e7\u00e3o de 110 mi de toneladas de cargas<\/figcaption>\n\t\t<\/figure>\n\t<\/div>\n\n\n<p>De acordo com a companhia, foram 4.026 atraca\u00e7\u00f5es de navios no <strong>Porto de Santos<\/strong>, uma queda de 0,4%. Em contrapartida, o n\u00famero de cont\u00eaineres aumentou 8,8%, chegando a 3,5 milh\u00f5es de TEU (um TEU equivale a um cont\u00eainer de 20 p\u00e9s).<\/p>\n<p>Al\u00e9m disso, o total de embarques foi de 78,98 milh\u00f5es de toneladas, queda de 0,5% em compara\u00e7\u00e3o ao \u00faltimo ano.<\/p>\n<p><a href=\"https:\/\/www.suno.com.br\/noticias\/brasil-exportar-825-mi-toneladas-soja\/\">Saiba mais:\u00a0Brasil deve ter exporta\u00e7\u00e3o recorde de soja, diz Anec<\/a><\/p>\n<h2>Embarques e desembarques<\/h2>\n<p>Os <strong>produtos<\/strong>\u00a0mais embarcados s\u00e3o:<\/p>\n<ol>\n<li>Soja &#8211; 24,98 milh\u00f5es de toneladas;<\/li>\n<li>A\u00e7\u00facar &#8211; 12,89 milh\u00f5es de toneladas;<\/li>\n<li>Milho &#8211; 8,37 milh\u00f5es de toneladas;<\/li>\n<li>Celulose &#8211; 3,76 milh\u00f5es de toneladas;<\/li>\n<li>Sucos c\u00edtricos &#8211; 1,92 milh\u00e3o de toneladas.<\/li>\n<\/ol>\n<p>Os desembarques tiveram alta 6,7% em rela\u00e7\u00e3o a 2017, chegando a 31,67 milh\u00f5es de toneladas, marca recorde no Porto de Santos.<\/p>\n<p>Os produtos com\u00a0<strong>maiores movimenta\u00e7\u00f5es<\/strong> s\u00e3o:<\/p>\n<ol>\n<li>Adubo &#8211; 3,27 milh\u00f5es toneladas;<\/li>\n<li>Enxofre &#8211; 1,74 milh\u00e3o toneladas;<\/li>\n<li>\u00d3leo diesel &#8211; 1,56 milh\u00e3o toneladas;<\/li>\n<li>Trigo &#8211; 1,13 milh\u00e3o toneladas;<\/li>\n<li>Soda c\u00e1ustica &#8211; 815,7 mil toneladas.<\/li>\n<\/ol>\n<h3>Outubro<\/h3>\n<p>De acordo com a Codesp, em outubro, foi registrada uma queda de 9,8% na movimenta\u00e7\u00e3o em compara\u00e7\u00e3o ao mesmo m\u00eas de 2017, equivalente a 10,25 milh\u00f5es de toneladas.<\/p>\n<p>Al\u00e9m disso, houveram 380 atraca\u00e7\u00f5es de navios, valor 6,9% menor que ao mesmo m\u00eas do \u00faltimo ano.<\/p>\n<p>No <strong>Porto de Santos<\/strong>, os <strong>embarques<\/strong> tiveram queda de 14,2%. J\u00e1 os <strong>desembarques<\/strong> apontaram alta de 1,9%.<\/p>\n","protected":false},"excerpt":{"rendered":"<p>O Porto de Santos teve alta de 1,5% na movimenta\u00e7\u00e3o de cargas, alcan\u00e7ando 110,6 milh\u00f5es de toneladas. Os dados s\u00e3o baseados no per\u00edodo de janeiro a outubro de 2018, e foram divulgados pela Companhia Docas do Estado de S\u00e3o Paulo (Codesp). Porto de Santos tem movimenta\u00e7\u00e3o de 110 mi de toneladas de cargas De acordo [&hellip;]<\/p>\n","protected":false},"author":11,"featured_media":8023,"comment_status":"closed","ping_status":"closed","sticky":false,"template":"","format":"standard","meta":[],"categories":[64],"tags":[707,706],"suno_strategy":[],"class_list":["post-8020","post","type-post","status-publish","format-standard","has-post-thumbnail","hentry","category-negocios","tag-exportacoes","tag-importacoes"],"yoast_head":"<!-- This site is optimized with the Yoast SEO plugin v24.4 - https:\/\/yoast.com\/wordpress\/plugins\/seo\/ -->\n<title>Porto de Santos movimenta 110 milh\u00f5es de toneladas de carga em 2018<\/title>\n<meta name=\"description\" content=\"O Porto de Santos teve alta de 1,5%; Os dados foram divulgados pela Companhia Docas do Estado de S\u00e3o Paulo (Codesp). Clique para saber mais.\" \/>\n<meta name=\"robots\" content=\"index, follow, max-snippet:-1, max-image-preview:large, max-video-preview:-1\" \/>\n<link rel=\"canonical\" href=\"https:\/\/www.suno.com.br\/noticias\/porto-santos-movimenta-milhoes\/\" \/>\n<meta property=\"og:locale\" content=\"pt_BR\" \/>\n<meta property=\"og:type\" content=\"article\" \/>\n<meta property=\"og:title\" content=\"Porto de Santos movimenta 110 milh\u00f5es de toneladas de carga em 2018\" \/>\n<meta property=\"og:description\" content=\"O Porto de Santos teve alta de 1,5%; Os dados foram divulgados pela Companhia Docas do Estado de S\u00e3o Paulo (Codesp). Clique para saber mais.\" \/>\n<meta property=\"og:url\" content=\"https:\/\/www.suno.com.br\/noticias\/porto-santos-movimenta-milhoes\/\" \/>\n<meta property=\"og:site_name\" content=\"Suno Not\u00edcias\" \/>\n<meta property=\"article:publisher\" content=\"https:\/\/facebook.com\/sunoresearch\" \/>\n<meta property=\"og:image\" content=\"https:\/\/files.sunoresearch.com.br\/n\/uploads\/2018\/12\/3cd24d28-porto-de-santos.jpg\" \/>\n\t<meta property=\"og:image:width\" content=\"1140\" \/>\n\t<meta property=\"og:image:height\" content=\"760\" \/>\n\t<meta property=\"og:image:type\" content=\"image\/jpeg\" \/>\n<meta name=\"author\" content=\"Renan Bandeira\" \/>\n<meta name=\"twitter:card\" content=\"summary_large_image\" \/>\n<meta name=\"twitter:creator\" content=\"@sunoresearch\" \/>\n<meta name=\"twitter:site\" content=\"@sunoresearch\" \/>\n<meta name=\"twitter:label1\" content=\"Escrito por\" \/>\n\t<meta name=\"twitter:data1\" content=\"Renan Bandeira\" \/>\n\t<meta name=\"twitter:label2\" content=\"Est. tempo de leitura\" \/>\n\t<meta name=\"twitter:data2\" content=\"1 minuto\" \/>\n<script type=\"application\/ld+json\" class=\"yoast-schema-graph\">{\"@context\":\"https:\/\/schema.org\",\"@graph\":[{\"@type\":\"NewsArticle\",\"@id\":\"https:\/\/www.suno.com.br\/noticias\/porto-santos-movimenta-milhoes\/#article\",\"isPartOf\":{\"@id\":\"https:\/\/www.suno.com.br\/noticias\/porto-santos-movimenta-milhoes\/\"},\"author\":{\"name\":\"Renan Bandeira\",\"@id\":\"https:\/\/www.suno.com.br\/noticias\/#\/schema\/person\/fc144a1c6108bd1dcd43784e88a3c138\"},\"headline\":\"Porto de Santos movimenta 110 mi de toneladas de carga em 2018\",\"datePublished\":\"2018-12-06T18:36:42+00:00\",\"mainEntityOfPage\":{\"@id\":\"https:\/\/www.suno.com.br\/noticias\/porto-santos-movimenta-milhoes\/\"},\"wordCount\":289,\"publisher\":{\"@id\":\"https:\/\/www.suno.com.br\/noticias\/#organization\"},\"image\":{\"@id\":\"https:\/\/www.suno.com.br\/noticias\/porto-santos-movimenta-milhoes\/#primaryimage\"},\"thumbnailUrl\":\"https:\/\/files.sunoresearch.com.br\/n\/uploads\/2018\/12\/3cd24d28-porto-de-santos-jpg.webp\",\"keywords\":[\"exporta\u00e7\u00f5es\",\"importa\u00e7\u00f5es\"],\"articleSection\":[\"Neg\u00f3cios\"],\"inLanguage\":\"pt-BR\"},{\"@type\":\"WebPage\",\"@id\":\"https:\/\/www.suno.com.br\/noticias\/porto-santos-movimenta-milhoes\/\",\"url\":\"https:\/\/www.suno.com.br\/noticias\/porto-santos-movimenta-milhoes\/\",\"name\":\"Porto de Santos movimenta 110 milh\u00f5es de toneladas de carga em 2018\",\"isPartOf\":{\"@id\":\"https:\/\/www.suno.com.br\/noticias\/#website\"},\"primaryImageOfPage\":{\"@id\":\"https:\/\/www.suno.com.br\/noticias\/porto-santos-movimenta-milhoes\/#primaryimage\"},\"image\":{\"@id\":\"https:\/\/www.suno.com.br\/noticias\/porto-santos-movimenta-milhoes\/#primaryimage\"},\"thumbnailUrl\":\"https:\/\/files.sunoresearch.com.br\/n\/uploads\/2018\/12\/3cd24d28-porto-de-santos-jpg.webp\",\"datePublished\":\"2018-12-06T18:36:42+00:00\",\"description\":\"O Porto de Santos teve alta de 1,5%; Os dados foram divulgados pela Companhia Docas do Estado de S\u00e3o Paulo (Codesp). Clique para saber mais.\",\"breadcrumb\":{\"@id\":\"https:\/\/www.suno.com.br\/noticias\/porto-santos-movimenta-milhoes\/#breadcrumb\"},\"inLanguage\":\"pt-BR\",\"potentialAction\":[{\"@type\":\"ReadAction\",\"target\":[\"https:\/\/www.suno.com.br\/noticias\/porto-santos-movimenta-milhoes\/\"]}]},{\"@type\":\"ImageObject\",\"inLanguage\":\"pt-BR\",\"@id\":\"https:\/\/www.suno.com.br\/noticias\/porto-santos-movimenta-milhoes\/#primaryimage\",\"url\":\"https:\/\/files.sunoresearch.com.br\/n\/uploads\/2018\/12\/3cd24d28-porto-de-santos-jpg.webp\",\"contentUrl\":\"https:\/\/files.sunoresearch.com.br\/n\/uploads\/2018\/12\/3cd24d28-porto-de-santos-jpg.webp\",\"width\":1140,\"height\":760,\"caption\":\"Porto de Santos tem movimenta\u00e7\u00e3o de 110 mi de toneladas de cargas\"},{\"@type\":\"BreadcrumbList\",\"@id\":\"https:\/\/www.suno.com.br\/noticias\/porto-santos-movimenta-milhoes\/#breadcrumb\",\"itemListElement\":[{\"@type\":\"ListItem\",\"position\":1,\"name\":\"Not\u00edcias\",\"item\":\"https:\/\/www.suno.com.br\/noticias\/\"},{\"@type\":\"ListItem\",\"position\":2,\"name\":\"Neg\u00f3cios\",\"item\":\"https:\/\/www.suno.com.br\/noticias\/negocios\/\"},{\"@type\":\"ListItem\",\"position\":3,\"name\":\"Porto de Santos movimenta 110 mi de toneladas de carga em 2018\"}]},{\"@type\":\"WebSite\",\"@id\":\"https:\/\/www.suno.com.br\/noticias\/#website\",\"url\":\"https:\/\/www.suno.com.br\/noticias\/\",\"name\":\"Suno Not\u00edcias\",\"description\":\"Seu portal de informa\u00e7\u00e3o sobre o mundo dos investimentos\",\"publisher\":{\"@id\":\"https:\/\/www.suno.com.br\/noticias\/#organization\"},\"potentialAction\":[{\"@type\":\"SearchAction\",\"target\":{\"@type\":\"EntryPoint\",\"urlTemplate\":\"https:\/\/www.suno.com.br\/noticias\/?s={search_term_string}\"},\"query-input\":{\"@type\":\"PropertyValueSpecification\",\"valueRequired\":true,\"valueName\":\"search_term_string\"}}],\"inLanguage\":\"pt-BR\"},{\"@type\":\"Organization\",\"@id\":\"https:\/\/www.suno.com.br\/noticias\/#organization\",\"name\":\"Suno Not\u00edcias\",\"url\":\"https:\/\/www.suno.com.br\/noticias\/\",\"logo\":{\"@type\":\"ImageObject\",\"inLanguage\":\"pt-BR\",\"@id\":\"https:\/\/www.suno.com.br\/noticias\/#\/schema\/logo\/image\/\",\"url\":\"https:\/\/files.sunoresearch.com.br\/n\/uploads\/2021\/09\/suno-logo.png\",\"contentUrl\":\"https:\/\/files.sunoresearch.com.br\/n\/uploads\/2021\/09\/suno-logo.png\",\"width\":180,\"height\":180,\"caption\":\"Suno Not\u00edcias\"},\"image\":{\"@id\":\"https:\/\/www.suno.com.br\/noticias\/#\/schema\/logo\/image\/\"},\"sameAs\":[\"https:\/\/facebook.com\/sunoresearch\",\"https:\/\/x.com\/sunoresearch\",\"https:\/\/www.instagram.com\/suno\",\"https:\/\/www.linkedin.com\/company\/suno-research\/\",\"https:\/\/www.youtube.com\/c\/sunoresearch\"]},{\"@type\":\"Person\",\"@id\":\"https:\/\/www.suno.com.br\/noticias\/#\/schema\/person\/fc144a1c6108bd1dcd43784e88a3c138\",\"name\":\"Renan Bandeira\",\"image\":{\"@type\":\"ImageObject\",\"inLanguage\":\"pt-BR\",\"@id\":\"https:\/\/www.suno.com.br\/noticias\/#\/schema\/person\/image\/\",\"url\":\"https:\/\/secure.gravatar.com\/avatar\/68359cdb608f14f11bbefcb78f3fc747?s=96&r=g\",\"contentUrl\":\"https:\/\/secure.gravatar.com\/avatar\/68359cdb608f14f11bbefcb78f3fc747?s=96&r=g\",\"caption\":\"Renan Bandeira\"},\"description\":\"Renan Bandeira escreve sobre pol\u00edtica e economia para o portal da Suno Research. Antes da Suno, trabalhou em uma rede de televis\u00e3o, onde fazia reportagens sobre os mesmos temas. Estuda na Universidade Metodista de S\u00e3o Paulo.\",\"url\":\"https:\/\/www.suno.com.br\/noticias\/author\/renan-bandeira\/\"}]}<\/script>\n<!-- \/ Yoast SEO plugin. -->","yoast_head_json":{"title":"Porto de Santos movimenta 110 milh\u00f5es de toneladas de carga em 2018","description":"O Porto de Santos teve alta de 1,5%; Os dados foram divulgados pela Companhia Docas do Estado de S\u00e3o Paulo (Codesp). Clique para saber mais.","robots":{"index":"index","follow":"follow","max-snippet":"max-snippet:-1","max-image-preview":"max-image-preview:large","max-video-preview":"max-video-preview:-1"},"canonical":"https:\/\/www.suno.com.br\/noticias\/porto-santos-movimenta-milhoes\/","og_locale":"pt_BR","og_type":"article","og_title":"Porto de Santos movimenta 110 milh\u00f5es de toneladas de carga em 2018","og_description":"O Porto de Santos teve alta de 1,5%; Os dados foram divulgados pela Companhia Docas do Estado de S\u00e3o Paulo (Codesp). Clique para saber mais.","og_url":"https:\/\/www.suno.com.br\/noticias\/porto-santos-movimenta-milhoes\/","og_site_name":"Suno Not\u00edcias","article_publisher":"https:\/\/facebook.com\/sunoresearch","og_image":[{"width":1140,"height":760,"url":"https:\/\/files.sunoresearch.com.br\/n\/uploads\/2018\/12\/3cd24d28-porto-de-santos.jpg","type":"image\/jpeg"}],"author":"Renan Bandeira","twitter_card":"summary_large_image","twitter_creator":"@sunoresearch","twitter_site":"@sunoresearch","twitter_misc":{"Escrito por":"Renan Bandeira","Est. tempo de leitura":"1 minuto"},"schema":{"@context":"https:\/\/schema.org","@graph":[{"@type":"NewsArticle","@id":"https:\/\/www.suno.com.br\/noticias\/porto-santos-movimenta-milhoes\/#article","isPartOf":{"@id":"https:\/\/www.suno.com.br\/noticias\/porto-santos-movimenta-milhoes\/"},"author":{"name":"Renan Bandeira","@id":"https:\/\/www.suno.com.br\/noticias\/#\/schema\/person\/fc144a1c6108bd1dcd43784e88a3c138"},"headline":"Porto de Santos movimenta 110 mi de toneladas de carga em 2018","datePublished":"2018-12-06T18:36:42+00:00","mainEntityOfPage":{"@id":"https:\/\/www.suno.com.br\/noticias\/porto-santos-movimenta-milhoes\/"},"wordCount":289,"publisher":{"@id":"https:\/\/www.suno.com.br\/noticias\/#organization"},"image":{"@id":"https:\/\/www.suno.com.br\/noticias\/porto-santos-movimenta-milhoes\/#primaryimage"},"thumbnailUrl":"https:\/\/files.sunoresearch.com.br\/n\/uploads\/2018\/12\/3cd24d28-porto-de-santos-jpg.webp","keywords":["exporta\u00e7\u00f5es","importa\u00e7\u00f5es"],"articleSection":["Neg\u00f3cios"],"inLanguage":"pt-BR"},{"@type":"WebPage","@id":"https:\/\/www.suno.com.br\/noticias\/porto-santos-movimenta-milhoes\/","url":"https:\/\/www.suno.com.br\/noticias\/porto-santos-movimenta-milhoes\/","name":"Porto de Santos movimenta 110 milh\u00f5es de toneladas de carga em 2018","isPartOf":{"@id":"https:\/\/www.suno.com.br\/noticias\/#website"},"primaryImageOfPage":{"@id":"https:\/\/www.suno.com.br\/noticias\/porto-santos-movimenta-milhoes\/#primaryimage"},"image":{"@id":"https:\/\/www.suno.com.br\/noticias\/porto-santos-movimenta-milhoes\/#primaryimage"},"thumbnailUrl":"https:\/\/files.sunoresearch.com.br\/n\/uploads\/2018\/12\/3cd24d28-porto-de-santos-jpg.webp","datePublished":"2018-12-06T18:36:42+00:00","description":"O Porto de Santos teve alta de 1,5%; Os dados foram divulgados pela Companhia Docas do Estado de S\u00e3o Paulo (Codesp). Clique para saber mais.","breadcrumb":{"@id":"https:\/\/www.suno.com.br\/noticias\/porto-santos-movimenta-milhoes\/#breadcrumb"},"inLanguage":"pt-BR","potentialAction":[{"@type":"ReadAction","target":["https:\/\/www.suno.com.br\/noticias\/porto-santos-movimenta-milhoes\/"]}]},{"@type":"ImageObject","inLanguage":"pt-BR","@id":"https:\/\/www.suno.com.br\/noticias\/porto-santos-movimenta-milhoes\/#primaryimage","url":"https:\/\/files.sunoresearch.com.br\/n\/uploads\/2018\/12\/3cd24d28-porto-de-santos-jpg.webp","contentUrl":"https:\/\/files.sunoresearch.com.br\/n\/uploads\/2018\/12\/3cd24d28-porto-de-santos-jpg.webp","width":1140,"height":760,"caption":"Porto de Santos tem movimenta\u00e7\u00e3o de 110 mi de toneladas de cargas"},{"@type":"BreadcrumbList","@id":"https:\/\/www.suno.com.br\/noticias\/porto-santos-movimenta-milhoes\/#breadcrumb","itemListElement":[{"@type":"ListItem","position":1,"name":"Not\u00edcias","item":"https:\/\/www.suno.com.br\/noticias\/"},{"@type":"ListItem","position":2,"name":"Neg\u00f3cios","item":"https:\/\/www.suno.com.br\/noticias\/negocios\/"},{"@type":"ListItem","position":3,"name":"Porto de Santos movimenta 110 mi de toneladas de carga em 2018"}]},{"@type":"WebSite","@id":"https:\/\/www.suno.com.br\/noticias\/#website","url":"https:\/\/www.suno.com.br\/noticias\/","name":"Suno Not\u00edcias","description":"Seu portal de informa\u00e7\u00e3o sobre o mundo dos investimentos","publisher":{"@id":"https:\/\/www.suno.com.br\/noticias\/#organization"},"potentialAction":[{"@type":"SearchAction","target":{"@type":"EntryPoint","urlTemplate":"https:\/\/www.suno.com.br\/noticias\/?s={search_term_string}"},"query-input":{"@type":"PropertyValueSpecification","valueRequired":true,"valueName":"search_term_string"}}],"inLanguage":"pt-BR"},{"@type":"Organization","@id":"https:\/\/www.suno.com.br\/noticias\/#organization","name":"Suno Not\u00edcias","url":"https:\/\/www.suno.com.br\/noticias\/","logo":{"@type":"ImageObject","inLanguage":"pt-BR","@id":"https:\/\/www.suno.com.br\/noticias\/#\/schema\/logo\/image\/","url":"https:\/\/files.sunoresearch.com.br\/n\/uploads\/2021\/09\/suno-logo.png","contentUrl":"https:\/\/files.sunoresearch.com.br\/n\/uploads\/2021\/09\/suno-logo.png","width":180,"height":180,"caption":"Suno Not\u00edcias"},"image":{"@id":"https:\/\/www.suno.com.br\/noticias\/#\/schema\/logo\/image\/"},"sameAs":["https:\/\/facebook.com\/sunoresearch","https:\/\/x.com\/sunoresearch","https:\/\/www.instagram.com\/suno","https:\/\/www.linkedin.com\/company\/suno-research\/","https:\/\/www.youtube.com\/c\/sunoresearch"]},{"@type":"Person","@id":"https:\/\/www.suno.com.br\/noticias\/#\/schema\/person\/fc144a1c6108bd1dcd43784e88a3c138","name":"Renan Bandeira","image":{"@type":"ImageObject","inLanguage":"pt-BR","@id":"https:\/\/www.suno.com.br\/noticias\/#\/schema\/person\/image\/","url":"https:\/\/secure.gravatar.com\/avatar\/68359cdb608f14f11bbefcb78f3fc747?s=96&r=g","contentUrl":"https:\/\/secure.gravatar.com\/avatar\/68359cdb608f14f11bbefcb78f3fc747?s=96&r=g","caption":"Renan Bandeira"},"description":"Renan Bandeira escreve sobre pol\u00edtica e economia para o portal da Suno Research. Antes da Suno, trabalhou em uma rede de televis\u00e3o, onde fazia reportagens sobre os mesmos temas. Estuda na Universidade Metodista de S\u00e3o Paulo.","url":"https:\/\/www.suno.com.br\/noticias\/author\/renan-bandeira\/"}]}},"default_loop_html":"<div class=\"cardsPage__listCard__boxs\"><div class=\"cardsPage__listCard__boxs__img\"><a href=\"https:\/\/www.suno.com.br\/noticias\/porto-santos-movimenta-milhoes\/\"><img class=\"mask\" src=\"https:\/\/www.suno.com.br\/noticias\/wp-content\/themes\/suno\/resources\/images\/spotlight\/spotlight1img\/bg-mask.png\" alt=\"Image Mask\"\/><img src=\"https:\/\/files.sunoresearch.com.br\/n\/uploads\/2018\/12\/3cd24d28-porto-de-santos-400x200.webp\" alt=\"Porto de Santos movimenta 110 mi de toneladas de carga em 2018\"\/><\/a><span class=\"spotlightCategory\"><a href=\"https:\/\/www.suno.com.br\/noticias\/negocios\/\">Neg\u00f3cios<\/a><\/span><\/div><div class=\"cardsPage__listCard__boxs__content\"><a href=\"https:\/\/www.suno.com.br\/noticias\/porto-santos-movimenta-milhoes\/\"><h2 class=\"content__title\">Porto de Santos movimenta 110 mi de toneladas de carga em 2018<\/h2><\/a><div class=\"newsContent__article__meta\"><div class=\"newsContent__article__meta__authorBox\"><a href=\"https:\/\/www.suno.com.br\/noticias\/author\/renan-bandeira\/\" class=\"authorBox__avatar noMobi\"><img src=\"https:\/\/secure.gravatar.com\/avatar\/68359cdb608f14f11bbefcb78f3fc747?s=96&#038;r=g\" alt=\"Renan Bandeira\"><\/a><div class=\"authorBox__name\"><span>por\n\t\t\t<a href=\"https:\/\/www.suno.com.br\/noticias\/author\/renan-bandeira\/\"><span itemprop=\"author\">Renan Bandeira<\/span><\/a><\/span><time datetime=\"2018-12-06T16:36:42-02:00\" itemprop=\"datePublished\">06\/12\/2018 16:36<\/time><\/div><\/div><\/div><\/div><\/div>","single_layout":"posts","amp_enabled":true,"_links":{"self":[{"href":"https:\/\/www.suno.com.br\/noticias\/wp-json\/wp\/v2\/posts\/8020"}],"collection":[{"href":"https:\/\/www.suno.com.br\/noticias\/wp-json\/wp\/v2\/posts"}],"about":[{"href":"https:\/\/www.suno.com.br\/noticias\/wp-json\/wp\/v2\/types\/post"}],"author":[{"embeddable":true,"href":"https:\/\/www.suno.com.br\/noticias\/wp-json\/wp\/v2\/users\/11"}],"replies":[{"embeddable":true,"href":"https:\/\/www.suno.com.br\/noticias\/wp-json\/wp\/v2\/comments?post=8020"}],"version-history":[{"count":0,"href":"https:\/\/www.suno.com.br\/noticias\/wp-json\/wp\/v2\/posts\/8020\/revisions"}],"wp:featuredmedia":[{"embeddable":true,"href":"https:\/\/www.suno.com.br\/noticias\/wp-json\/wp\/v2\/media\/8023"}],"wp:attachment":[{"href":"https:\/\/www.suno.com.br\/noticias\/wp-json\/wp\/v2\/media?parent=8020"}],"wp:term":[{"taxonomy":"category","embeddable":true,"href":"https:\/\/www.suno.com.br\/noticias\/wp-json\/wp\/v2\/categories?post=8020"},{"taxonomy":"post_tag","embeddable":true,"href":"https:\/\/www.suno.com.br\/noticias\/wp-json\/wp\/v2\/tags?post=8020"},{"taxonomy":"suno_strategy","embeddable":true,"href":"https:\/\/www.suno.com.br\/noticias\/wp-json\/wp\/v2\/suno_strategy?post=8020"}],"curies":[{"name":"wp","href":"https:\/\/api.w.org\/{rel}","templated":true}]}}