{"id":80159,"date":"2020-08-23T12:30:02","date_gmt":"2020-08-23T15:30:02","guid":{"rendered":"https:\/\/www.suno.com.br\/noticias\/?p=80159"},"modified":"2020-08-23T12:37:53","modified_gmt":"2020-08-23T15:37:53","slug":"petz-chegar-b3-como-corporation","status":"publish","type":"post","link":"https:\/\/www.suno.com.br\/noticias\/petz-chegar-b3-como-corporation\/","title":{"rendered":"Petz pode chegar \u00e0 B3 como uma &#8216;corporation&#8217;, diz jornal"},"content":{"rendered":"<p>A <strong>Petz<\/strong>, companhia de pet centers, pode chegar \u00e0 Bolsa de Valores de S\u00e3o Paulo (B3) como uma <a href=\"https:\/\/www.suno.com.br\/artigos\/corporacao\/\"><em>corporation<\/em><\/a>, ou seja, com controle pulverizado &#8212; situa\u00e7\u00e3o em que mais de 50% das a\u00e7\u00f5es da empresa ficam em <a href=\"https:\/\/www.suno.com.br\/artigos\/free-float\/\">free float<\/a>. No entanto, segundo o jornal &#8220;O Estado de S.Paulo&#8221;, a empresa ainda manter\u00e1 um &#8220;s\u00f3cio de refer\u00eancia&#8221;.<\/p>\t<div class=\"wrapper-featured-image\">\n\t\t<figure class=\"spotlightImg\">\n\n\t\t\t<picture>\n\t\t\t\t<source media=\"(max-width: 768px)\" srcset=\"https:\/\/files.sunoresearch.com.br\/n\/uploads\/2020\/08\/74b7ba95-petz-ricardo-jafet-fachada2-2-400x200.webp\">\n\t\t\t\t<img loading=\"lazy\" decoding=\"async\" class=\"newsContent__article__imgCapa lazyloadDisabled \" src=\"https:\/\/files.sunoresearch.com.br\/n\/uploads\/2020\/08\/74b7ba95-petz-ricardo-jafet-fachada2-2-800x450.webp\" width=\"800\" height=\"450\" alt=\"Petz pode chegar \u00e0 B3 como uma &#8216;corporation&#8217;, diz jornal\" fetchpriority=high \/>\n\t\t\t<\/picture>\n\n\t\t\t<figcaption class=\"wp-caption-text wp-caption-text--show\">A Petz (PETZ3) apresentou, na manh\u00e3 desta ter\u00e7a-feira (27), seu primeiro balan\u00e7o de resultados ap\u00f3s o IPO. <\/figcaption>\n\t\t<\/figure>\n\t<\/div>\n\n\n<div class=\"hubspot-form-wrapper\">\n\t<div id=\"single-form-target\"><\/div>\n<\/div>\n\n<p>A Warburg Pincus, investidora em <em>private equity<\/em>, atualmente controla a empresa com uma participa\u00e7\u00e3o de 55%, e, ap\u00f3s a <a href=\"https:\/\/www.suno.com.br\/artigos\/ipo\/\">oferta p\u00fablica inicial de a\u00e7\u00f5es (<strong>IPO<\/strong><\/a>, na sigla em ingl\u00eas), prevista para meados de setembro, manter\u00e1 uma fatia de 5%. O fundador da empresa, Sergio Zimermamm, ficar\u00e1 com uma posi\u00e7\u00e3o de 35% na Petz, segundo informa\u00e7\u00f5es do jornal.<\/p>\n<p>Segundo a empresa em seu prospecto de <strong>abertura de capital<\/strong>, o valor levantado com a emiss\u00e3o de a\u00e7\u00f5es prim\u00e1rias &#8212; parte da oferta que ser\u00e1 destinada ao <strong>caixa<\/strong> da empresa &#8212; ser\u00e1 utilizado para a abertura de novas lojas, hospitais veterin\u00e1rios e investimentos em tecnologia. Esse valor deve ficar em torno de R$ 330 milh\u00f5es.<\/p>\n<p><a href=\"https:\/\/lp.suno.com.br\/suno-one\/\">Suno One: acesse gratuitamente eBooks, Minicursos, Artigos e Video Aulas sobre investimentos com um \u00fanico cadastro. Clique para saber mais!<\/a><\/p>\n<h2>Petz define faixa indicativa do pre\u00e7o das a\u00e7\u00f5es<\/h2>\n<p>A <strong>Petz <\/strong>definiu a faixa indicativa de pre\u00e7os de seu IPO na \u00faltima quarta-feira (19). Os pap\u00e9is ser\u00e3o precificadas entre R$ 12,25 e R$ 15,25. Caso ela fique no meio da faixa indicativa, no valor de R$ 13,75, a companhia poder\u00e1 levantar R$ 2,45 bilh\u00f5es com a oferta. A opera\u00e7\u00e3o ser\u00e1 coordenada por:<\/p>\n<ul>\n<li>Ita\u00fa BBA<\/li>\n<li>Bank of America<\/li>\n<li>J.P. Morgan<\/li>\n<li><a href=\"https:\/\/www.suno.com.br\/acoes\/bpac11\/\"> BTG Pactual (BPAC11)<\/a><\/li>\n<\/ul>\n\t<div data-element=\"shortcode-read-more\" class=\"knowMore\">\n\t\t\t\t<span class=\"knowMore__title\">Veja tamb\u00e9m<\/span>\n\t\t\t\t<a class=\"knowMore__link\" href=\"https:\/\/www.suno.com.br\/noticias\/ipos-brasil-morgan-stanley-oferta-publica-inicial\/\">\n\t\t\tOnda de IPOs no Brasil pode indicar fraqueza adiante, diz Morgan Stanley\t\t<\/a>\n\t<\/div>\n\n\n<p>&#8220;Na hip\u00f3tese de o pre\u00e7o por a\u00e7\u00e3o ser fixado acima ou abaixo da faixa indicativa, os pedidos de reserva ser\u00e3o normalmente considerados e processados, observada a condi\u00e7\u00e3o de efic\u00e1cia indicada neste prospecto. O pre\u00e7o por a\u00e7\u00e3o ser\u00e1 fixado ap\u00f3s a apura\u00e7\u00e3o do resultado do procedimento de coleta de inten\u00e7\u00f5es de investimento realizado exclusivamente junto a investidores institucionais, a ser realizado no Brasil&#8221;, disse a <strong>Petz<\/strong>.<\/p>\n\t<p>\n\t\t<a href=\"https:\/\/lp.suno.com.br\/planilha-de-controle-de-investimentos\/\" target=\"_blank\" data-element=\"shortcode-suno-banner\" title=\"Banner SUNO, clique e saiba mais\">\n\t\t\t<picture>\n\t\t\t\t<source media=\"(max-width: 500px)\" srcset=\"https:\/\/files.sunoresearch.com.br\/n\/uploads\/2023\/03\/400x300-Controle-de-Investimentos.png\">\n\t\t\t\t<img class=\"newsContent__article__imgCapa newsContent__article__imgCapa--banner\"\n\t\t\t\t\tsrc=\"https:\/\/files.sunoresearch.com.br\/n\/uploads\/2023\/03\/1420x240-Controle-de-Investimentos.png\"\n\t\t\t\t\tdata-promo-id=\"75934\"\t\t\t\t\t\t\t\t\t\twidth='1420' height='240'\t\t\t\t\talt=\"https:\/\/files.sunoresearch.com.br\/n\/uploads\/2023\/03\/1420x240-Controle-de-Investimentos.png\"\n\t\t\t\t>\n\t\t\t<\/picture>\n\t\t<\/a>\n\t<\/p>\n\n\n","protected":false},"excerpt":{"rendered":"<p>A Petz, companhia de pet centers, pode chegar \u00e0 Bolsa de Valores de S\u00e3o Paulo (B3) como uma corporation, ou seja, com controle pulverizado &#8212; situa\u00e7\u00e3o em que mais de 50% das a\u00e7\u00f5es da empresa ficam em free float. No entanto, segundo o jornal &#8220;O Estado de S.Paulo&#8221;, a empresa ainda manter\u00e1 um &#8220;s\u00f3cio de [&hellip;]<\/p>\n","protected":false},"author":24,"featured_media":80160,"comment_status":"closed","ping_status":"closed","sticky":false,"template":"","format":"standard","meta":[],"categories":[64],"tags":[1937,319,97380],"suno_strategy":[],"class_list":["post-80159","post","type-post","status-publish","format-standard","has-post-thumbnail","hentry","category-negocios","tag-bolsa-de-valores-de-sao-paulo-b3","tag-ipo-oferta-inicial-de-acoes","tag-petz-petz3"],"yoast_head":"<!-- This site is optimized with the Yoast SEO plugin v24.4 - https:\/\/yoast.com\/wordpress\/plugins\/seo\/ -->\n<title>Petz pode chegar \u00e0 B3 como uma &#039;corporation&#039;, diz jornal<\/title>\n<meta name=\"description\" content=\"A Petz, companhia de pet centers, pode chegar \u00e0 B3 como uma corporation, ou seja, com controle pulverizado. Clique e saiba mais.\" \/>\n<meta name=\"robots\" content=\"index, follow, max-snippet:-1, max-image-preview:large, max-video-preview:-1\" \/>\n<link rel=\"canonical\" href=\"https:\/\/www.suno.com.br\/noticias\/petz-chegar-b3-como-corporation\/\" \/>\n<meta property=\"og:locale\" content=\"pt_BR\" \/>\n<meta property=\"og:type\" content=\"article\" \/>\n<meta property=\"og:title\" content=\"Petz pode chegar \u00e0 B3 como uma &#039;corporation&#039;, diz jornal\" \/>\n<meta property=\"og:description\" content=\"A Petz, companhia de pet centers, pode chegar \u00e0 B3 como uma corporation, ou seja, com controle pulverizado. Clique e saiba mais.\" \/>\n<meta property=\"og:url\" content=\"https:\/\/www.suno.com.br\/noticias\/petz-chegar-b3-como-corporation\/\" \/>\n<meta property=\"og:site_name\" content=\"Suno Not\u00edcias\" \/>\n<meta property=\"article:publisher\" content=\"https:\/\/facebook.com\/sunoresearch\" \/>\n<meta property=\"og:image\" content=\"https:\/\/files.sunoresearch.com.br\/n\/uploads\/2020\/08\/74b7ba95-petz-ricardo-jafet-fachada2-2.jpg\" \/>\n\t<meta property=\"og:image:width\" content=\"1350\" \/>\n\t<meta property=\"og:image:height\" content=\"900\" \/>\n\t<meta property=\"og:image:type\" content=\"image\/jpeg\" \/>\n<meta name=\"author\" content=\"Jader Lazarini\" \/>\n<meta name=\"twitter:card\" content=\"summary_large_image\" \/>\n<meta name=\"twitter:creator\" content=\"@sunoresearch\" \/>\n<meta name=\"twitter:site\" content=\"@sunoresearch\" \/>\n<meta name=\"twitter:label1\" content=\"Escrito por\" \/>\n\t<meta name=\"twitter:data1\" content=\"Jader Lazarini\" \/>\n\t<meta name=\"twitter:label2\" content=\"Est. tempo de leitura\" \/>\n\t<meta name=\"twitter:data2\" content=\"2 minutos\" \/>\n<script type=\"application\/ld+json\" class=\"yoast-schema-graph\">{\"@context\":\"https:\/\/schema.org\",\"@graph\":[{\"@type\":\"NewsArticle\",\"@id\":\"https:\/\/www.suno.com.br\/noticias\/petz-chegar-b3-como-corporation\/#article\",\"isPartOf\":{\"@id\":\"https:\/\/www.suno.com.br\/noticias\/petz-chegar-b3-como-corporation\/\"},\"author\":{\"name\":\"Jader Lazarini\",\"@id\":\"https:\/\/www.suno.com.br\/noticias\/#\/schema\/person\/918d79de1f0281f01599b93f9ea6e23f\"},\"headline\":\"Petz pode chegar \u00e0 B3 como uma &#8216;corporation&#8217;, diz jornal\",\"datePublished\":\"2020-08-23T15:30:02+00:00\",\"dateModified\":\"2020-08-23T15:37:53+00:00\",\"mainEntityOfPage\":{\"@id\":\"https:\/\/www.suno.com.br\/noticias\/petz-chegar-b3-como-corporation\/\"},\"wordCount\":383,\"publisher\":{\"@id\":\"https:\/\/www.suno.com.br\/noticias\/#organization\"},\"image\":{\"@id\":\"https:\/\/www.suno.com.br\/noticias\/petz-chegar-b3-como-corporation\/#primaryimage\"},\"thumbnailUrl\":\"https:\/\/files.sunoresearch.com.br\/n\/uploads\/2020\/08\/74b7ba95-petz-ricardo-jafet-fachada2-2.jpg\",\"keywords\":[\"Bolsa de Valores de S\u00e3o Paulo (B3)\",\"IPO (Oferta Inicial de A\u00e7\u00f5es)\",\"Petz (PETZ3)\"],\"articleSection\":[\"Neg\u00f3cios\"],\"inLanguage\":\"pt-BR\"},{\"@type\":\"WebPage\",\"@id\":\"https:\/\/www.suno.com.br\/noticias\/petz-chegar-b3-como-corporation\/\",\"url\":\"https:\/\/www.suno.com.br\/noticias\/petz-chegar-b3-como-corporation\/\",\"name\":\"Petz pode chegar \u00e0 B3 como uma 'corporation', diz jornal\",\"isPartOf\":{\"@id\":\"https:\/\/www.suno.com.br\/noticias\/#website\"},\"primaryImageOfPage\":{\"@id\":\"https:\/\/www.suno.com.br\/noticias\/petz-chegar-b3-como-corporation\/#primaryimage\"},\"image\":{\"@id\":\"https:\/\/www.suno.com.br\/noticias\/petz-chegar-b3-como-corporation\/#primaryimage\"},\"thumbnailUrl\":\"https:\/\/files.sunoresearch.com.br\/n\/uploads\/2020\/08\/74b7ba95-petz-ricardo-jafet-fachada2-2.jpg\",\"datePublished\":\"2020-08-23T15:30:02+00:00\",\"dateModified\":\"2020-08-23T15:37:53+00:00\",\"description\":\"A Petz, companhia de pet centers, pode chegar \u00e0 B3 como uma corporation, ou seja, com controle pulverizado. Clique e saiba mais.\",\"breadcrumb\":{\"@id\":\"https:\/\/www.suno.com.br\/noticias\/petz-chegar-b3-como-corporation\/#breadcrumb\"},\"inLanguage\":\"pt-BR\",\"potentialAction\":[{\"@type\":\"ReadAction\",\"target\":[\"https:\/\/www.suno.com.br\/noticias\/petz-chegar-b3-como-corporation\/\"]}]},{\"@type\":\"ImageObject\",\"inLanguage\":\"pt-BR\",\"@id\":\"https:\/\/www.suno.com.br\/noticias\/petz-chegar-b3-como-corporation\/#primaryimage\",\"url\":\"https:\/\/files.sunoresearch.com.br\/n\/uploads\/2020\/08\/74b7ba95-petz-ricardo-jafet-fachada2-2.jpg\",\"contentUrl\":\"https:\/\/files.sunoresearch.com.br\/n\/uploads\/2020\/08\/74b7ba95-petz-ricardo-jafet-fachada2-2.jpg\",\"width\":1350,\"height\":900,\"caption\":\"A Petz (PETZ3) apresentou, na manh\u00e3 desta ter\u00e7a-feira (27), seu primeiro balan\u00e7o de resultados ap\u00f3s o IPO.\"},{\"@type\":\"BreadcrumbList\",\"@id\":\"https:\/\/www.suno.com.br\/noticias\/petz-chegar-b3-como-corporation\/#breadcrumb\",\"itemListElement\":[{\"@type\":\"ListItem\",\"position\":1,\"name\":\"Not\u00edcias\",\"item\":\"https:\/\/www.suno.com.br\/noticias\/\"},{\"@type\":\"ListItem\",\"position\":2,\"name\":\"Neg\u00f3cios\",\"item\":\"https:\/\/www.suno.com.br\/noticias\/negocios\/\"},{\"@type\":\"ListItem\",\"position\":3,\"name\":\"Petz pode chegar \u00e0 B3 como uma &#8216;corporation&#8217;, diz jornal\"}]},{\"@type\":\"WebSite\",\"@id\":\"https:\/\/www.suno.com.br\/noticias\/#website\",\"url\":\"https:\/\/www.suno.com.br\/noticias\/\",\"name\":\"Suno Not\u00edcias\",\"description\":\"Seu portal de informa\u00e7\u00e3o sobre o mundo dos investimentos\",\"publisher\":{\"@id\":\"https:\/\/www.suno.com.br\/noticias\/#organization\"},\"potentialAction\":[{\"@type\":\"SearchAction\",\"target\":{\"@type\":\"EntryPoint\",\"urlTemplate\":\"https:\/\/www.suno.com.br\/noticias\/?s={search_term_string}\"},\"query-input\":{\"@type\":\"PropertyValueSpecification\",\"valueRequired\":true,\"valueName\":\"search_term_string\"}}],\"inLanguage\":\"pt-BR\"},{\"@type\":\"Organization\",\"@id\":\"https:\/\/www.suno.com.br\/noticias\/#organization\",\"name\":\"Suno Not\u00edcias\",\"url\":\"https:\/\/www.suno.com.br\/noticias\/\",\"logo\":{\"@type\":\"ImageObject\",\"inLanguage\":\"pt-BR\",\"@id\":\"https:\/\/www.suno.com.br\/noticias\/#\/schema\/logo\/image\/\",\"url\":\"https:\/\/files.sunoresearch.com.br\/n\/uploads\/2021\/09\/suno-logo.png\",\"contentUrl\":\"https:\/\/files.sunoresearch.com.br\/n\/uploads\/2021\/09\/suno-logo.png\",\"width\":180,\"height\":180,\"caption\":\"Suno Not\u00edcias\"},\"image\":{\"@id\":\"https:\/\/www.suno.com.br\/noticias\/#\/schema\/logo\/image\/\"},\"sameAs\":[\"https:\/\/facebook.com\/sunoresearch\",\"https:\/\/x.com\/sunoresearch\",\"https:\/\/www.instagram.com\/suno\",\"https:\/\/www.linkedin.com\/company\/suno-research\/\",\"https:\/\/www.youtube.com\/c\/sunoresearch\"]},{\"@type\":\"Person\",\"@id\":\"https:\/\/www.suno.com.br\/noticias\/#\/schema\/person\/918d79de1f0281f01599b93f9ea6e23f\",\"name\":\"Jader Lazarini\",\"image\":{\"@type\":\"ImageObject\",\"inLanguage\":\"pt-BR\",\"@id\":\"https:\/\/www.suno.com.br\/noticias\/#\/schema\/person\/image\/\",\"url\":\"https:\/\/secure.gravatar.com\/avatar\/3c1ad8caa51589841baeb923fcddea97?s=96&r=g\",\"contentUrl\":\"https:\/\/secure.gravatar.com\/avatar\/3c1ad8caa51589841baeb923fcddea97?s=96&r=g\",\"caption\":\"Jader Lazarini\"},\"description\":\"Jader Lazarini escreve sobre investimentos, finan\u00e7as, economia e neg\u00f3cios. \u00c9 bacharel em Rela\u00e7\u00f5es Internacionais e analista CNPI (2619).\",\"url\":\"https:\/\/www.suno.com.br\/noticias\/author\/jader-lazarini\/\"}]}<\/script>\n<!-- \/ Yoast SEO plugin. -->","yoast_head_json":{"title":"Petz pode chegar \u00e0 B3 como uma 'corporation', diz jornal","description":"A Petz, companhia de pet centers, pode chegar \u00e0 B3 como uma corporation, ou seja, com controle pulverizado. Clique e saiba mais.","robots":{"index":"index","follow":"follow","max-snippet":"max-snippet:-1","max-image-preview":"max-image-preview:large","max-video-preview":"max-video-preview:-1"},"canonical":"https:\/\/www.suno.com.br\/noticias\/petz-chegar-b3-como-corporation\/","og_locale":"pt_BR","og_type":"article","og_title":"Petz pode chegar \u00e0 B3 como uma 'corporation', diz jornal","og_description":"A Petz, companhia de pet centers, pode chegar \u00e0 B3 como uma corporation, ou seja, com controle pulverizado. Clique e saiba mais.","og_url":"https:\/\/www.suno.com.br\/noticias\/petz-chegar-b3-como-corporation\/","og_site_name":"Suno Not\u00edcias","article_publisher":"https:\/\/facebook.com\/sunoresearch","og_image":[{"width":1350,"height":900,"url":"https:\/\/files.sunoresearch.com.br\/n\/uploads\/2020\/08\/74b7ba95-petz-ricardo-jafet-fachada2-2.jpg","type":"image\/jpeg"}],"author":"Jader Lazarini","twitter_card":"summary_large_image","twitter_creator":"@sunoresearch","twitter_site":"@sunoresearch","twitter_misc":{"Escrito por":"Jader Lazarini","Est. tempo de leitura":"2 minutos"},"schema":{"@context":"https:\/\/schema.org","@graph":[{"@type":"NewsArticle","@id":"https:\/\/www.suno.com.br\/noticias\/petz-chegar-b3-como-corporation\/#article","isPartOf":{"@id":"https:\/\/www.suno.com.br\/noticias\/petz-chegar-b3-como-corporation\/"},"author":{"name":"Jader Lazarini","@id":"https:\/\/www.suno.com.br\/noticias\/#\/schema\/person\/918d79de1f0281f01599b93f9ea6e23f"},"headline":"Petz pode chegar \u00e0 B3 como uma &#8216;corporation&#8217;, diz jornal","datePublished":"2020-08-23T15:30:02+00:00","dateModified":"2020-08-23T15:37:53+00:00","mainEntityOfPage":{"@id":"https:\/\/www.suno.com.br\/noticias\/petz-chegar-b3-como-corporation\/"},"wordCount":383,"publisher":{"@id":"https:\/\/www.suno.com.br\/noticias\/#organization"},"image":{"@id":"https:\/\/www.suno.com.br\/noticias\/petz-chegar-b3-como-corporation\/#primaryimage"},"thumbnailUrl":"https:\/\/files.sunoresearch.com.br\/n\/uploads\/2020\/08\/74b7ba95-petz-ricardo-jafet-fachada2-2.jpg","keywords":["Bolsa de Valores de S\u00e3o Paulo (B3)","IPO (Oferta Inicial de A\u00e7\u00f5es)","Petz (PETZ3)"],"articleSection":["Neg\u00f3cios"],"inLanguage":"pt-BR"},{"@type":"WebPage","@id":"https:\/\/www.suno.com.br\/noticias\/petz-chegar-b3-como-corporation\/","url":"https:\/\/www.suno.com.br\/noticias\/petz-chegar-b3-como-corporation\/","name":"Petz pode chegar \u00e0 B3 como uma 'corporation', diz jornal","isPartOf":{"@id":"https:\/\/www.suno.com.br\/noticias\/#website"},"primaryImageOfPage":{"@id":"https:\/\/www.suno.com.br\/noticias\/petz-chegar-b3-como-corporation\/#primaryimage"},"image":{"@id":"https:\/\/www.suno.com.br\/noticias\/petz-chegar-b3-como-corporation\/#primaryimage"},"thumbnailUrl":"https:\/\/files.sunoresearch.com.br\/n\/uploads\/2020\/08\/74b7ba95-petz-ricardo-jafet-fachada2-2.jpg","datePublished":"2020-08-23T15:30:02+00:00","dateModified":"2020-08-23T15:37:53+00:00","description":"A Petz, companhia de pet centers, pode chegar \u00e0 B3 como uma corporation, ou seja, com controle pulverizado. Clique e saiba mais.","breadcrumb":{"@id":"https:\/\/www.suno.com.br\/noticias\/petz-chegar-b3-como-corporation\/#breadcrumb"},"inLanguage":"pt-BR","potentialAction":[{"@type":"ReadAction","target":["https:\/\/www.suno.com.br\/noticias\/petz-chegar-b3-como-corporation\/"]}]},{"@type":"ImageObject","inLanguage":"pt-BR","@id":"https:\/\/www.suno.com.br\/noticias\/petz-chegar-b3-como-corporation\/#primaryimage","url":"https:\/\/files.sunoresearch.com.br\/n\/uploads\/2020\/08\/74b7ba95-petz-ricardo-jafet-fachada2-2.jpg","contentUrl":"https:\/\/files.sunoresearch.com.br\/n\/uploads\/2020\/08\/74b7ba95-petz-ricardo-jafet-fachada2-2.jpg","width":1350,"height":900,"caption":"A Petz (PETZ3) apresentou, na manh\u00e3 desta ter\u00e7a-feira (27), seu primeiro balan\u00e7o de resultados ap\u00f3s o IPO."},{"@type":"BreadcrumbList","@id":"https:\/\/www.suno.com.br\/noticias\/petz-chegar-b3-como-corporation\/#breadcrumb","itemListElement":[{"@type":"ListItem","position":1,"name":"Not\u00edcias","item":"https:\/\/www.suno.com.br\/noticias\/"},{"@type":"ListItem","position":2,"name":"Neg\u00f3cios","item":"https:\/\/www.suno.com.br\/noticias\/negocios\/"},{"@type":"ListItem","position":3,"name":"Petz pode chegar \u00e0 B3 como uma &#8216;corporation&#8217;, diz jornal"}]},{"@type":"WebSite","@id":"https:\/\/www.suno.com.br\/noticias\/#website","url":"https:\/\/www.suno.com.br\/noticias\/","name":"Suno Not\u00edcias","description":"Seu portal de informa\u00e7\u00e3o sobre o mundo dos investimentos","publisher":{"@id":"https:\/\/www.suno.com.br\/noticias\/#organization"},"potentialAction":[{"@type":"SearchAction","target":{"@type":"EntryPoint","urlTemplate":"https:\/\/www.suno.com.br\/noticias\/?s={search_term_string}"},"query-input":{"@type":"PropertyValueSpecification","valueRequired":true,"valueName":"search_term_string"}}],"inLanguage":"pt-BR"},{"@type":"Organization","@id":"https:\/\/www.suno.com.br\/noticias\/#organization","name":"Suno Not\u00edcias","url":"https:\/\/www.suno.com.br\/noticias\/","logo":{"@type":"ImageObject","inLanguage":"pt-BR","@id":"https:\/\/www.suno.com.br\/noticias\/#\/schema\/logo\/image\/","url":"https:\/\/files.sunoresearch.com.br\/n\/uploads\/2021\/09\/suno-logo.png","contentUrl":"https:\/\/files.sunoresearch.com.br\/n\/uploads\/2021\/09\/suno-logo.png","width":180,"height":180,"caption":"Suno Not\u00edcias"},"image":{"@id":"https:\/\/www.suno.com.br\/noticias\/#\/schema\/logo\/image\/"},"sameAs":["https:\/\/facebook.com\/sunoresearch","https:\/\/x.com\/sunoresearch","https:\/\/www.instagram.com\/suno","https:\/\/www.linkedin.com\/company\/suno-research\/","https:\/\/www.youtube.com\/c\/sunoresearch"]},{"@type":"Person","@id":"https:\/\/www.suno.com.br\/noticias\/#\/schema\/person\/918d79de1f0281f01599b93f9ea6e23f","name":"Jader Lazarini","image":{"@type":"ImageObject","inLanguage":"pt-BR","@id":"https:\/\/www.suno.com.br\/noticias\/#\/schema\/person\/image\/","url":"https:\/\/secure.gravatar.com\/avatar\/3c1ad8caa51589841baeb923fcddea97?s=96&r=g","contentUrl":"https:\/\/secure.gravatar.com\/avatar\/3c1ad8caa51589841baeb923fcddea97?s=96&r=g","caption":"Jader Lazarini"},"description":"Jader Lazarini escreve sobre investimentos, finan\u00e7as, economia e neg\u00f3cios. \u00c9 bacharel em Rela\u00e7\u00f5es Internacionais e analista CNPI (2619).","url":"https:\/\/www.suno.com.br\/noticias\/author\/jader-lazarini\/"}]}},"default_loop_html":"<div class=\"cardsPage__listCard__boxs\"><div class=\"cardsPage__listCard__boxs__img\"><a href=\"https:\/\/www.suno.com.br\/noticias\/petz-chegar-b3-como-corporation\/\"><img class=\"mask\" src=\"https:\/\/www.suno.com.br\/noticias\/wp-content\/themes\/suno\/resources\/images\/spotlight\/spotlight1img\/bg-mask.png\" alt=\"Image Mask\"\/><img src=\"https:\/\/files.sunoresearch.com.br\/n\/uploads\/2020\/08\/74b7ba95-petz-ricardo-jafet-fachada2-2-400x200.webp\" alt=\"Petz pode chegar \u00e0 B3 como uma &#8216;corporation&#8217;, diz jornal\"\/><\/a><span class=\"spotlightCategory\"><a href=\"https:\/\/www.suno.com.br\/noticias\/negocios\/\">Neg\u00f3cios<\/a><\/span><\/div><div class=\"cardsPage__listCard__boxs__content\"><a href=\"https:\/\/www.suno.com.br\/noticias\/petz-chegar-b3-como-corporation\/\"><h2 class=\"content__title\">Petz pode chegar \u00e0 B3 como uma &#8216;corporation&#8217;, diz jornal<\/h2><\/a><div class=\"newsContent__article__meta\"><div class=\"newsContent__article__meta__authorBox\"><a href=\"https:\/\/www.suno.com.br\/noticias\/author\/jader-lazarini\/\" class=\"authorBox__avatar noMobi\"><img src=\"https:\/\/files.sunoresearch.com.br\/n\/uploads\/2021\/01\/178e6598-foto-perfil-2-150x150.jpg\" alt=\"Jader Lazarini\"><\/a><div class=\"authorBox__name\"><span>por\n\t\t\t<a href=\"https:\/\/www.suno.com.br\/noticias\/author\/jader-lazarini\/\"><span itemprop=\"author\">Jader Lazarini<\/span><\/a><\/span><time datetime=\"2020-08-23T12:30:02-03:00\" itemprop=\"datePublished\">23\/08\/2020 12:30<\/time><\/div><\/div><\/div><\/div><\/div>","single_layout":"posts","amp_enabled":true,"_links":{"self":[{"href":"https:\/\/www.suno.com.br\/noticias\/wp-json\/wp\/v2\/posts\/80159"}],"collection":[{"href":"https:\/\/www.suno.com.br\/noticias\/wp-json\/wp\/v2\/posts"}],"about":[{"href":"https:\/\/www.suno.com.br\/noticias\/wp-json\/wp\/v2\/types\/post"}],"author":[{"embeddable":true,"href":"https:\/\/www.suno.com.br\/noticias\/wp-json\/wp\/v2\/users\/24"}],"replies":[{"embeddable":true,"href":"https:\/\/www.suno.com.br\/noticias\/wp-json\/wp\/v2\/comments?post=80159"}],"version-history":[{"count":0,"href":"https:\/\/www.suno.com.br\/noticias\/wp-json\/wp\/v2\/posts\/80159\/revisions"}],"wp:featuredmedia":[{"embeddable":true,"href":"https:\/\/www.suno.com.br\/noticias\/wp-json\/wp\/v2\/media\/80160"}],"wp:attachment":[{"href":"https:\/\/www.suno.com.br\/noticias\/wp-json\/wp\/v2\/media?parent=80159"}],"wp:term":[{"taxonomy":"category","embeddable":true,"href":"https:\/\/www.suno.com.br\/noticias\/wp-json\/wp\/v2\/categories?post=80159"},{"taxonomy":"post_tag","embeddable":true,"href":"https:\/\/www.suno.com.br\/noticias\/wp-json\/wp\/v2\/tags?post=80159"},{"taxonomy":"suno_strategy","embeddable":true,"href":"https:\/\/www.suno.com.br\/noticias\/wp-json\/wp\/v2\/suno_strategy?post=80159"}],"curies":[{"name":"wp","href":"https:\/\/api.w.org\/{rel}","templated":true}]}}