{"id":80150,"date":"2020-08-23T11:01:21","date_gmt":"2020-08-23T14:01:21","guid":{"rendered":"https:\/\/www.suno.com.br\/noticias\/?p=80150"},"modified":"2020-08-23T11:01:21","modified_gmt":"2020-08-23T14:01:21","slug":"coronavirus-23-milhoes-infectados-800-mil-vitimas","status":"publish","type":"post","link":"https:\/\/www.suno.com.br\/noticias\/coronavirus-23-milhoes-infectados-800-mil-vitimas\/","title":{"rendered":"Coronav\u00edrus: doen\u00e7a atinge 23 milh\u00f5es de infectados, com 800 mil v\u00edtimas"},"content":{"rendered":"<p>O <a href=\"https:\/\/www.suno.com.br\/noticias\/?s=coronavirus\">novo <strong>coronav\u00edrus<\/strong> (Covid-19)<\/a>\u00a0atingiu a marca de 23 milh\u00f5es de infectados em todo o mundo. Al\u00e9m disso, j\u00e1 s\u00e3o contabilizadas 800 mil mortes, de acordo com um relat\u00f3rio divulgado pela Universidade John Hopkins no \u00faltimo s\u00e1bado (22).<\/p>\t<div class=\"wrapper-featured-image\">\n\t\t<figure class=\"spotlightImg\">\n\n\t\t\t<picture>\n\t\t\t\t<source media=\"(max-width: 768px)\" srcset=\"https:\/\/files.sunoresearch.com.br\/n\/uploads\/2020\/05\/0772bffa-coronavirus-400x200.webp\">\n\t\t\t\t<img loading=\"lazy\" decoding=\"async\" class=\"newsContent__article__imgCapa lazyloadDisabled \" src=\"https:\/\/files.sunoresearch.com.br\/n\/uploads\/2020\/05\/0772bffa-coronavirus-800x450.webp\" width=\"800\" height=\"450\" alt=\"Coronav\u00edrus: doen\u00e7a atinge 23 milh\u00f5es de infectados, com 800 mil v\u00edtimas\" fetchpriority=high \/>\n\t\t\t<\/picture>\n\n\t\t\t<figcaption class=\"wp-caption-text wp-caption-text--show\">O novo coronav\u00edrus (Covid-19)\u00a0atingiu a marca de 23 milh\u00f5es de infectados em todo o mundo.<\/figcaption>\n\t\t<\/figure>\n\t<\/div>\n\n\n<div class=\"hubspot-form-wrapper\">\n\t<div id=\"single-form-target\"><\/div>\n<\/div>\n\n<p>Segundo a universidade, mais de 50% das v\u00edtimas foram notificadas em apenas quatro pa\u00edses: Estados Unidos (176.372), Brasil (114.250), M\u00e9xico (60.254) e \u00cdndia (56.706). Esses quatro pa\u00edses somam 12,8 milh\u00f5es de contaminados pelo coronav\u00edrus.<\/p>\n<p>A <strong>China<\/strong>, pa\u00eds que originou a doen\u00e7a, contabiliza 4.710 mortes e aproximadamente 90 mil casos. A pandemia j\u00e1 chegou a 188 pa\u00edses desde que a China notificou a <strong>Organiza\u00e7\u00e3o Mundial da Sa\u00fade (OMS)<\/strong>, em 31 de dezembro de 2019.<\/p>\n<p><a href=\"https:\/\/lp.suno.com.br\/suno-one\/\">Suno One: acesse gratuitamente eBooks, Minicursos, Artigos e Video Aulas sobre investimentos com um \u00fanico cadastro. Clique para saber mais!<\/a><\/p>\n<p>A rela\u00e7\u00e3o de mortes por milh\u00e3o de habitante nos dois pa\u00edses mais afetados pela doen\u00e7a est\u00e1 em 537,3 e 545,3, respectivamente, em <strong>Estados Unidos<\/strong> e <strong>Brasil<\/strong>. A taxa de <strong>letalidade<\/strong> da doen\u00e7a, na mesma base comparativa, est\u00e1 em 3,1% e 3,2% nos dois pa\u00edses.<\/p>\n<p>A OMS estima que, no mundo, a taxa de letalidade do coronav\u00edrus fique em torno de 0,6% &#8212; n\u00famero de que ajustado conforme novos estudos s\u00e3o realizados. A gripe sazonal possui uma taxa de letalidade seis vezes menor.<\/p>\n<p>No \u00faltimo s\u00e1bado, Michael Ryan, diretor de emerg\u00eancias da OMS, afirmou que a desacelera\u00e7\u00e3o da <strong>pandemia<\/strong> se estabilizou no Brasil e que as Unidades de Tratamento Intensivo (UTIs) est\u00e3o sob menor press\u00e3o do que no in\u00edcio. No entanto, Ryan pontuo que isso n\u00e3o significa que o pa\u00eds tenha conseguido controlar a transmiss\u00e3o do v\u00edrus.<\/p>\n<p>&#8220;Podemos ter a impress\u00e3o de que as coisas est\u00e3o melhorando, mas precisamos de medidas efetivas para diminuir a transmiss\u00e3o no Brasil. A pergunta agora \u00e9 se esse padr\u00e3o de decl\u00ednio ser\u00e1 mantido&#8221;, disse o diretor da organiza\u00e7\u00e3o.<\/p>\n<p>A principal preocupa\u00e7\u00e3o da OMS atualmente \u00e9 o ressurgimento de casos da <strong>Covid-19<\/strong> em v\u00e1rios pa\u00edses que, devido \u00e0 queda nos n\u00fameros de infec\u00e7\u00f5es e mortes, reduziram as medidas de controle \u00e0 doen\u00e7a. A It\u00e1lia, primeiro pa\u00eds fortemente impactado pela pandemia no Ocidente, registrou, pela primeira vez desde o fim de maio, mais de mil infec\u00e7\u00f5es no \u00faltimo s\u00e1bado.<\/p>\n<h2>R\u00fassia registra 1\u00aa vacina oficial contra o coronav\u00edrus e inicia produ\u00e7\u00e3o<\/h2>\n<p>O Minist\u00e9rio da Sa\u00fade da <strong>R\u00fassia<\/strong> informou que iniciou a produ\u00e7\u00e3o do <a href=\"https:\/\/www.suno.com.br\/noticias\/russia-registra-primeira-vacina-coronavirus\/\">primeiro lote da vacina<\/a> contra a Covid-19 no dia 15 de agosto. &#8220;A produ\u00e7\u00e3o de uma vacina contra a infec\u00e7\u00e3o por coronav\u00edrus desenvolvida pelo Centro de Pesquisa Gamaleya do <strong>Minist\u00e9rio da Sa\u00fade<\/strong> da R\u00fassia, j\u00e1 come\u00e7ou&#8221;, disse a pasta em comunicado. At\u00e9 janeiro do ano que vem est\u00e1 prevista a produ\u00e7\u00e3o de cinco milh\u00f5es de doses mensais.<\/p>\n\t<div data-element=\"shortcode-read-more\" class=\"knowMore\">\n\t\t\t\t<span class=\"knowMore__title\">Saiba mais<\/span>\n\t\t\t\t<a class=\"knowMore__link\" href=\"https:\/\/www.suno.com.br\/noticias\/coronavirus-cuba-inicia-testes-vacina\/\">\n\t\t\tCoronav\u00edrus: Cuba iniciar\u00e1 testes de vacina em humanos\t\t<\/a>\n\t<\/div>\n\n\n<p>Segundo o governo russo, a imuniza\u00e7\u00e3o foi testada em animais antes de ser aplicada em humanos, e, menos de dois meses depois, os humanos come\u00e7aram a ser testados. No total, foram 38 pessoas e o Instituto Gamaleya n\u00e3o publicou nenhum resultado e nenhum estudo sobre os testes aplicados.<\/p>\n<p>O presidente da R\u00fassia, Vladimir Putin, afirmou h\u00e1 cerca de duas semanas que \u201csei que [a vacina] \u00e9 bastante eficaz, que proporciona imunidade duradoura&#8221;. O an\u00fancio governo russo ocorre logo ap\u00f3s o aviso da OMS acerca das diretrizes estabelecidas para a cria\u00e7\u00e3o segura de um medicamento que combata o <strong>coronav\u00edrus<\/strong>. O temor da organiza\u00e7\u00e3o \u00e9 que, em meio \u00e0 corrida pol\u00edtica pela pioneira descoberta por uma vacina, as etapas necess\u00e1rias sejam negligenciadas.<\/p>\n\t<p>\n\t\t<a href=\"https:\/\/lp.suno.com.br\/planilha-de-controle-de-investimentos\/\" target=\"_blank\" data-element=\"shortcode-suno-banner\" title=\"Banner SUNO, clique e saiba mais\">\n\t\t\t<picture>\n\t\t\t\t<source media=\"(max-width: 500px)\" srcset=\"https:\/\/files.sunoresearch.com.br\/n\/uploads\/2023\/03\/400x300-Controle-de-Investimentos.png\">\n\t\t\t\t<img class=\"newsContent__article__imgCapa newsContent__article__imgCapa--banner\"\n\t\t\t\t\tsrc=\"https:\/\/files.sunoresearch.com.br\/n\/uploads\/2023\/03\/1420x240-Controle-de-Investimentos.png\"\n\t\t\t\t\tdata-promo-id=\"75934\"\t\t\t\t\t\t\t\t\t\twidth='1420' height='240'\t\t\t\t\talt=\"https:\/\/files.sunoresearch.com.br\/n\/uploads\/2023\/03\/1420x240-Controle-de-Investimentos.png\"\n\t\t\t\t>\n\t\t\t<\/picture>\n\t\t<\/a>\n\t<\/p>\n\n\n","protected":false},"excerpt":{"rendered":"<p>O novo coronav\u00edrus (Covid-19)\u00a0atingiu a marca de 23 milh\u00f5es de infectados em todo o mundo. Al\u00e9m disso, j\u00e1 s\u00e3o contabilizadas 800 mil mortes, de acordo com um relat\u00f3rio divulgado pela Universidade John Hopkins no \u00faltimo s\u00e1bado (22). O novo coronav\u00edrus (Covid-19)\u00a0atingiu a marca de 23 milh\u00f5es de infectados em todo o mundo. Segundo a universidade, [&hellip;]<\/p>\n","protected":false},"author":24,"featured_media":64472,"comment_status":"closed","ping_status":"closed","sticky":false,"template":"","format":"standard","meta":[],"categories":[63],"tags":[2487,2748],"suno_strategy":[],"class_list":["post-80150","post","type-post","status-publish","format-standard","has-post-thumbnail","hentry","category-internacional","tag-coronavirus","tag-pandemia"],"yoast_head":"<!-- This site is optimized with the Yoast SEO plugin v24.4 - https:\/\/yoast.com\/wordpress\/plugins\/seo\/ -->\n<title>Coronav\u00edrus: doen\u00e7a atinge 23 milh\u00f5es de infectados, com 800 mil v\u00edtimas<\/title>\n<meta name=\"description\" content=\"O novo coronav\u00edrus\u00a0atingiu a marca de 23 milh\u00f5es de infectados em todo o mundo. J\u00e1 s\u00e3o contabilizadas 800 mil mortes. Saiba mais.\" \/>\n<meta name=\"robots\" content=\"index, follow, max-snippet:-1, max-image-preview:large, max-video-preview:-1\" \/>\n<link rel=\"canonical\" href=\"https:\/\/www.suno.com.br\/noticias\/coronavirus-23-milhoes-infectados-800-mil-vitimas\/\" \/>\n<meta property=\"og:locale\" content=\"pt_BR\" \/>\n<meta property=\"og:type\" content=\"article\" \/>\n<meta property=\"og:title\" content=\"Coronav\u00edrus: doen\u00e7a atinge 23 milh\u00f5es de infectados, com 800 mil v\u00edtimas\" \/>\n<meta property=\"og:description\" content=\"O novo coronav\u00edrus\u00a0atingiu a marca de 23 milh\u00f5es de infectados em todo o mundo. J\u00e1 s\u00e3o contabilizadas 800 mil mortes. Saiba mais.\" \/>\n<meta property=\"og:url\" content=\"https:\/\/www.suno.com.br\/noticias\/coronavirus-23-milhoes-infectados-800-mil-vitimas\/\" \/>\n<meta property=\"og:site_name\" content=\"Suno Not\u00edcias\" \/>\n<meta property=\"article:publisher\" content=\"https:\/\/facebook.com\/sunoresearch\" \/>\n<meta property=\"og:image\" content=\"https:\/\/files.sunoresearch.com.br\/n\/uploads\/2020\/05\/0772bffa-coronavirus.jpg\" \/>\n\t<meta property=\"og:image:width\" content=\"1960\" \/>\n\t<meta property=\"og:image:height\" content=\"1168\" \/>\n\t<meta property=\"og:image:type\" content=\"image\/jpeg\" \/>\n<meta name=\"author\" content=\"Jader Lazarini\" \/>\n<meta name=\"twitter:card\" content=\"summary_large_image\" \/>\n<meta name=\"twitter:creator\" content=\"@sunoresearch\" \/>\n<meta name=\"twitter:site\" content=\"@sunoresearch\" \/>\n<meta name=\"twitter:label1\" content=\"Escrito por\" \/>\n\t<meta name=\"twitter:data1\" content=\"Jader Lazarini\" \/>\n\t<meta name=\"twitter:label2\" content=\"Est. tempo de leitura\" \/>\n\t<meta name=\"twitter:data2\" content=\"3 minutos\" \/>\n<script type=\"application\/ld+json\" class=\"yoast-schema-graph\">{\"@context\":\"https:\/\/schema.org\",\"@graph\":[{\"@type\":\"NewsArticle\",\"@id\":\"https:\/\/www.suno.com.br\/noticias\/coronavirus-23-milhoes-infectados-800-mil-vitimas\/#article\",\"isPartOf\":{\"@id\":\"https:\/\/www.suno.com.br\/noticias\/coronavirus-23-milhoes-infectados-800-mil-vitimas\/\"},\"author\":{\"name\":\"Jader Lazarini\",\"@id\":\"https:\/\/www.suno.com.br\/noticias\/#\/schema\/person\/918d79de1f0281f01599b93f9ea6e23f\"},\"headline\":\"Coronav\u00edrus: doen\u00e7a atinge 23 milh\u00f5es de infectados, com 800 mil v\u00edtimas\",\"datePublished\":\"2020-08-23T14:01:21+00:00\",\"mainEntityOfPage\":{\"@id\":\"https:\/\/www.suno.com.br\/noticias\/coronavirus-23-milhoes-infectados-800-mil-vitimas\/\"},\"wordCount\":649,\"publisher\":{\"@id\":\"https:\/\/www.suno.com.br\/noticias\/#organization\"},\"image\":{\"@id\":\"https:\/\/www.suno.com.br\/noticias\/coronavirus-23-milhoes-infectados-800-mil-vitimas\/#primaryimage\"},\"thumbnailUrl\":\"https:\/\/files.sunoresearch.com.br\/n\/uploads\/2020\/05\/0772bffa-coronavirus-jpg.webp\",\"keywords\":[\"coronav\u00edrus\",\"pandemia\"],\"articleSection\":[\"Internacional\"],\"inLanguage\":\"pt-BR\"},{\"@type\":\"WebPage\",\"@id\":\"https:\/\/www.suno.com.br\/noticias\/coronavirus-23-milhoes-infectados-800-mil-vitimas\/\",\"url\":\"https:\/\/www.suno.com.br\/noticias\/coronavirus-23-milhoes-infectados-800-mil-vitimas\/\",\"name\":\"Coronav\u00edrus: doen\u00e7a atinge 23 milh\u00f5es de infectados, com 800 mil v\u00edtimas\",\"isPartOf\":{\"@id\":\"https:\/\/www.suno.com.br\/noticias\/#website\"},\"primaryImageOfPage\":{\"@id\":\"https:\/\/www.suno.com.br\/noticias\/coronavirus-23-milhoes-infectados-800-mil-vitimas\/#primaryimage\"},\"image\":{\"@id\":\"https:\/\/www.suno.com.br\/noticias\/coronavirus-23-milhoes-infectados-800-mil-vitimas\/#primaryimage\"},\"thumbnailUrl\":\"https:\/\/files.sunoresearch.com.br\/n\/uploads\/2020\/05\/0772bffa-coronavirus-jpg.webp\",\"datePublished\":\"2020-08-23T14:01:21+00:00\",\"description\":\"O novo coronav\u00edrus\u00a0atingiu a marca de 23 milh\u00f5es de infectados em todo o mundo. J\u00e1 s\u00e3o contabilizadas 800 mil mortes. Saiba mais.\",\"breadcrumb\":{\"@id\":\"https:\/\/www.suno.com.br\/noticias\/coronavirus-23-milhoes-infectados-800-mil-vitimas\/#breadcrumb\"},\"inLanguage\":\"pt-BR\",\"potentialAction\":[{\"@type\":\"ReadAction\",\"target\":[\"https:\/\/www.suno.com.br\/noticias\/coronavirus-23-milhoes-infectados-800-mil-vitimas\/\"]}]},{\"@type\":\"ImageObject\",\"inLanguage\":\"pt-BR\",\"@id\":\"https:\/\/www.suno.com.br\/noticias\/coronavirus-23-milhoes-infectados-800-mil-vitimas\/#primaryimage\",\"url\":\"https:\/\/files.sunoresearch.com.br\/n\/uploads\/2020\/05\/0772bffa-coronavirus-jpg.webp\",\"contentUrl\":\"https:\/\/files.sunoresearch.com.br\/n\/uploads\/2020\/05\/0772bffa-coronavirus-jpg.webp\",\"width\":1960,\"height\":1168,\"caption\":\"O novo coronav\u00edrus (Covid-19)\u00a0atingiu a marca de 23 milh\u00f5es de infectados em todo o mundo.\"},{\"@type\":\"BreadcrumbList\",\"@id\":\"https:\/\/www.suno.com.br\/noticias\/coronavirus-23-milhoes-infectados-800-mil-vitimas\/#breadcrumb\",\"itemListElement\":[{\"@type\":\"ListItem\",\"position\":1,\"name\":\"Not\u00edcias\",\"item\":\"https:\/\/www.suno.com.br\/noticias\/\"},{\"@type\":\"ListItem\",\"position\":2,\"name\":\"Internacional\",\"item\":\"https:\/\/www.suno.com.br\/noticias\/internacional\/\"},{\"@type\":\"ListItem\",\"position\":3,\"name\":\"Coronav\u00edrus: doen\u00e7a atinge 23 milh\u00f5es de infectados, com 800 mil v\u00edtimas\"}]},{\"@type\":\"WebSite\",\"@id\":\"https:\/\/www.suno.com.br\/noticias\/#website\",\"url\":\"https:\/\/www.suno.com.br\/noticias\/\",\"name\":\"Suno Not\u00edcias\",\"description\":\"Seu portal de informa\u00e7\u00e3o sobre o mundo dos investimentos\",\"publisher\":{\"@id\":\"https:\/\/www.suno.com.br\/noticias\/#organization\"},\"potentialAction\":[{\"@type\":\"SearchAction\",\"target\":{\"@type\":\"EntryPoint\",\"urlTemplate\":\"https:\/\/www.suno.com.br\/noticias\/?s={search_term_string}\"},\"query-input\":{\"@type\":\"PropertyValueSpecification\",\"valueRequired\":true,\"valueName\":\"search_term_string\"}}],\"inLanguage\":\"pt-BR\"},{\"@type\":\"Organization\",\"@id\":\"https:\/\/www.suno.com.br\/noticias\/#organization\",\"name\":\"Suno Not\u00edcias\",\"url\":\"https:\/\/www.suno.com.br\/noticias\/\",\"logo\":{\"@type\":\"ImageObject\",\"inLanguage\":\"pt-BR\",\"@id\":\"https:\/\/www.suno.com.br\/noticias\/#\/schema\/logo\/image\/\",\"url\":\"https:\/\/files.sunoresearch.com.br\/n\/uploads\/2021\/09\/suno-logo.png\",\"contentUrl\":\"https:\/\/files.sunoresearch.com.br\/n\/uploads\/2021\/09\/suno-logo.png\",\"width\":180,\"height\":180,\"caption\":\"Suno Not\u00edcias\"},\"image\":{\"@id\":\"https:\/\/www.suno.com.br\/noticias\/#\/schema\/logo\/image\/\"},\"sameAs\":[\"https:\/\/facebook.com\/sunoresearch\",\"https:\/\/x.com\/sunoresearch\",\"https:\/\/www.instagram.com\/suno\",\"https:\/\/www.linkedin.com\/company\/suno-research\/\",\"https:\/\/www.youtube.com\/c\/sunoresearch\"]},{\"@type\":\"Person\",\"@id\":\"https:\/\/www.suno.com.br\/noticias\/#\/schema\/person\/918d79de1f0281f01599b93f9ea6e23f\",\"name\":\"Jader Lazarini\",\"image\":{\"@type\":\"ImageObject\",\"inLanguage\":\"pt-BR\",\"@id\":\"https:\/\/www.suno.com.br\/noticias\/#\/schema\/person\/image\/\",\"url\":\"https:\/\/secure.gravatar.com\/avatar\/3c1ad8caa51589841baeb923fcddea97?s=96&r=g\",\"contentUrl\":\"https:\/\/secure.gravatar.com\/avatar\/3c1ad8caa51589841baeb923fcddea97?s=96&r=g\",\"caption\":\"Jader Lazarini\"},\"description\":\"Jader Lazarini escreve sobre investimentos, finan\u00e7as, economia e neg\u00f3cios. \u00c9 bacharel em Rela\u00e7\u00f5es Internacionais e analista CNPI (2619).\",\"url\":\"https:\/\/www.suno.com.br\/noticias\/author\/jader-lazarini\/\"}]}<\/script>\n<!-- \/ Yoast SEO plugin. -->","yoast_head_json":{"title":"Coronav\u00edrus: doen\u00e7a atinge 23 milh\u00f5es de infectados, com 800 mil v\u00edtimas","description":"O novo coronav\u00edrus\u00a0atingiu a marca de 23 milh\u00f5es de infectados em todo o mundo. J\u00e1 s\u00e3o contabilizadas 800 mil mortes. Saiba mais.","robots":{"index":"index","follow":"follow","max-snippet":"max-snippet:-1","max-image-preview":"max-image-preview:large","max-video-preview":"max-video-preview:-1"},"canonical":"https:\/\/www.suno.com.br\/noticias\/coronavirus-23-milhoes-infectados-800-mil-vitimas\/","og_locale":"pt_BR","og_type":"article","og_title":"Coronav\u00edrus: doen\u00e7a atinge 23 milh\u00f5es de infectados, com 800 mil v\u00edtimas","og_description":"O novo coronav\u00edrus\u00a0atingiu a marca de 23 milh\u00f5es de infectados em todo o mundo. J\u00e1 s\u00e3o contabilizadas 800 mil mortes. Saiba mais.","og_url":"https:\/\/www.suno.com.br\/noticias\/coronavirus-23-milhoes-infectados-800-mil-vitimas\/","og_site_name":"Suno Not\u00edcias","article_publisher":"https:\/\/facebook.com\/sunoresearch","og_image":[{"width":1960,"height":1168,"url":"https:\/\/files.sunoresearch.com.br\/n\/uploads\/2020\/05\/0772bffa-coronavirus.jpg","type":"image\/jpeg"}],"author":"Jader Lazarini","twitter_card":"summary_large_image","twitter_creator":"@sunoresearch","twitter_site":"@sunoresearch","twitter_misc":{"Escrito por":"Jader Lazarini","Est. tempo de leitura":"3 minutos"},"schema":{"@context":"https:\/\/schema.org","@graph":[{"@type":"NewsArticle","@id":"https:\/\/www.suno.com.br\/noticias\/coronavirus-23-milhoes-infectados-800-mil-vitimas\/#article","isPartOf":{"@id":"https:\/\/www.suno.com.br\/noticias\/coronavirus-23-milhoes-infectados-800-mil-vitimas\/"},"author":{"name":"Jader Lazarini","@id":"https:\/\/www.suno.com.br\/noticias\/#\/schema\/person\/918d79de1f0281f01599b93f9ea6e23f"},"headline":"Coronav\u00edrus: doen\u00e7a atinge 23 milh\u00f5es de infectados, com 800 mil v\u00edtimas","datePublished":"2020-08-23T14:01:21+00:00","mainEntityOfPage":{"@id":"https:\/\/www.suno.com.br\/noticias\/coronavirus-23-milhoes-infectados-800-mil-vitimas\/"},"wordCount":649,"publisher":{"@id":"https:\/\/www.suno.com.br\/noticias\/#organization"},"image":{"@id":"https:\/\/www.suno.com.br\/noticias\/coronavirus-23-milhoes-infectados-800-mil-vitimas\/#primaryimage"},"thumbnailUrl":"https:\/\/files.sunoresearch.com.br\/n\/uploads\/2020\/05\/0772bffa-coronavirus-jpg.webp","keywords":["coronav\u00edrus","pandemia"],"articleSection":["Internacional"],"inLanguage":"pt-BR"},{"@type":"WebPage","@id":"https:\/\/www.suno.com.br\/noticias\/coronavirus-23-milhoes-infectados-800-mil-vitimas\/","url":"https:\/\/www.suno.com.br\/noticias\/coronavirus-23-milhoes-infectados-800-mil-vitimas\/","name":"Coronav\u00edrus: doen\u00e7a atinge 23 milh\u00f5es de infectados, com 800 mil v\u00edtimas","isPartOf":{"@id":"https:\/\/www.suno.com.br\/noticias\/#website"},"primaryImageOfPage":{"@id":"https:\/\/www.suno.com.br\/noticias\/coronavirus-23-milhoes-infectados-800-mil-vitimas\/#primaryimage"},"image":{"@id":"https:\/\/www.suno.com.br\/noticias\/coronavirus-23-milhoes-infectados-800-mil-vitimas\/#primaryimage"},"thumbnailUrl":"https:\/\/files.sunoresearch.com.br\/n\/uploads\/2020\/05\/0772bffa-coronavirus-jpg.webp","datePublished":"2020-08-23T14:01:21+00:00","description":"O novo coronav\u00edrus\u00a0atingiu a marca de 23 milh\u00f5es de infectados em todo o mundo. J\u00e1 s\u00e3o contabilizadas 800 mil mortes. Saiba mais.","breadcrumb":{"@id":"https:\/\/www.suno.com.br\/noticias\/coronavirus-23-milhoes-infectados-800-mil-vitimas\/#breadcrumb"},"inLanguage":"pt-BR","potentialAction":[{"@type":"ReadAction","target":["https:\/\/www.suno.com.br\/noticias\/coronavirus-23-milhoes-infectados-800-mil-vitimas\/"]}]},{"@type":"ImageObject","inLanguage":"pt-BR","@id":"https:\/\/www.suno.com.br\/noticias\/coronavirus-23-milhoes-infectados-800-mil-vitimas\/#primaryimage","url":"https:\/\/files.sunoresearch.com.br\/n\/uploads\/2020\/05\/0772bffa-coronavirus-jpg.webp","contentUrl":"https:\/\/files.sunoresearch.com.br\/n\/uploads\/2020\/05\/0772bffa-coronavirus-jpg.webp","width":1960,"height":1168,"caption":"O novo coronav\u00edrus (Covid-19)\u00a0atingiu a marca de 23 milh\u00f5es de infectados em todo o mundo."},{"@type":"BreadcrumbList","@id":"https:\/\/www.suno.com.br\/noticias\/coronavirus-23-milhoes-infectados-800-mil-vitimas\/#breadcrumb","itemListElement":[{"@type":"ListItem","position":1,"name":"Not\u00edcias","item":"https:\/\/www.suno.com.br\/noticias\/"},{"@type":"ListItem","position":2,"name":"Internacional","item":"https:\/\/www.suno.com.br\/noticias\/internacional\/"},{"@type":"ListItem","position":3,"name":"Coronav\u00edrus: doen\u00e7a atinge 23 milh\u00f5es de infectados, com 800 mil v\u00edtimas"}]},{"@type":"WebSite","@id":"https:\/\/www.suno.com.br\/noticias\/#website","url":"https:\/\/www.suno.com.br\/noticias\/","name":"Suno Not\u00edcias","description":"Seu portal de informa\u00e7\u00e3o sobre o mundo dos investimentos","publisher":{"@id":"https:\/\/www.suno.com.br\/noticias\/#organization"},"potentialAction":[{"@type":"SearchAction","target":{"@type":"EntryPoint","urlTemplate":"https:\/\/www.suno.com.br\/noticias\/?s={search_term_string}"},"query-input":{"@type":"PropertyValueSpecification","valueRequired":true,"valueName":"search_term_string"}}],"inLanguage":"pt-BR"},{"@type":"Organization","@id":"https:\/\/www.suno.com.br\/noticias\/#organization","name":"Suno Not\u00edcias","url":"https:\/\/www.suno.com.br\/noticias\/","logo":{"@type":"ImageObject","inLanguage":"pt-BR","@id":"https:\/\/www.suno.com.br\/noticias\/#\/schema\/logo\/image\/","url":"https:\/\/files.sunoresearch.com.br\/n\/uploads\/2021\/09\/suno-logo.png","contentUrl":"https:\/\/files.sunoresearch.com.br\/n\/uploads\/2021\/09\/suno-logo.png","width":180,"height":180,"caption":"Suno Not\u00edcias"},"image":{"@id":"https:\/\/www.suno.com.br\/noticias\/#\/schema\/logo\/image\/"},"sameAs":["https:\/\/facebook.com\/sunoresearch","https:\/\/x.com\/sunoresearch","https:\/\/www.instagram.com\/suno","https:\/\/www.linkedin.com\/company\/suno-research\/","https:\/\/www.youtube.com\/c\/sunoresearch"]},{"@type":"Person","@id":"https:\/\/www.suno.com.br\/noticias\/#\/schema\/person\/918d79de1f0281f01599b93f9ea6e23f","name":"Jader Lazarini","image":{"@type":"ImageObject","inLanguage":"pt-BR","@id":"https:\/\/www.suno.com.br\/noticias\/#\/schema\/person\/image\/","url":"https:\/\/secure.gravatar.com\/avatar\/3c1ad8caa51589841baeb923fcddea97?s=96&r=g","contentUrl":"https:\/\/secure.gravatar.com\/avatar\/3c1ad8caa51589841baeb923fcddea97?s=96&r=g","caption":"Jader Lazarini"},"description":"Jader Lazarini escreve sobre investimentos, finan\u00e7as, economia e neg\u00f3cios. \u00c9 bacharel em Rela\u00e7\u00f5es Internacionais e analista CNPI (2619).","url":"https:\/\/www.suno.com.br\/noticias\/author\/jader-lazarini\/"}]}},"default_loop_html":"<div class=\"cardsPage__listCard__boxs\"><div class=\"cardsPage__listCard__boxs__img\"><a href=\"https:\/\/www.suno.com.br\/noticias\/coronavirus-23-milhoes-infectados-800-mil-vitimas\/\"><img class=\"mask\" src=\"https:\/\/www.suno.com.br\/noticias\/wp-content\/themes\/suno\/resources\/images\/spotlight\/spotlight1img\/bg-mask.png\" alt=\"Image Mask\"\/><img src=\"https:\/\/files.sunoresearch.com.br\/n\/uploads\/2020\/05\/0772bffa-coronavirus-400x200.webp\" alt=\"Coronav\u00edrus: doen\u00e7a atinge 23 milh\u00f5es de infectados, com 800 mil v\u00edtimas\"\/><\/a><span class=\"spotlightCategory\"><a href=\"https:\/\/www.suno.com.br\/noticias\/internacional\/\">Internacional<\/a><\/span><\/div><div class=\"cardsPage__listCard__boxs__content\"><a href=\"https:\/\/www.suno.com.br\/noticias\/coronavirus-23-milhoes-infectados-800-mil-vitimas\/\"><h2 class=\"content__title\">Coronav\u00edrus: doen\u00e7a atinge 23 milh\u00f5es de infectados, com 800 mil v\u00edtimas<\/h2><\/a><div class=\"newsContent__article__meta\"><div class=\"newsContent__article__meta__authorBox\"><a href=\"https:\/\/www.suno.com.br\/noticias\/author\/jader-lazarini\/\" class=\"authorBox__avatar noMobi\"><img src=\"https:\/\/files.sunoresearch.com.br\/n\/uploads\/2021\/01\/178e6598-foto-perfil-2-150x150.jpg\" alt=\"Jader Lazarini\"><\/a><div class=\"authorBox__name\"><span>por\n\t\t\t<a href=\"https:\/\/www.suno.com.br\/noticias\/author\/jader-lazarini\/\"><span itemprop=\"author\">Jader Lazarini<\/span><\/a><\/span><time datetime=\"2020-08-23T11:01:21-03:00\" itemprop=\"datePublished\">23\/08\/2020 11:01<\/time><\/div><\/div><\/div><\/div><\/div>","single_layout":"posts","amp_enabled":true,"_links":{"self":[{"href":"https:\/\/www.suno.com.br\/noticias\/wp-json\/wp\/v2\/posts\/80150"}],"collection":[{"href":"https:\/\/www.suno.com.br\/noticias\/wp-json\/wp\/v2\/posts"}],"about":[{"href":"https:\/\/www.suno.com.br\/noticias\/wp-json\/wp\/v2\/types\/post"}],"author":[{"embeddable":true,"href":"https:\/\/www.suno.com.br\/noticias\/wp-json\/wp\/v2\/users\/24"}],"replies":[{"embeddable":true,"href":"https:\/\/www.suno.com.br\/noticias\/wp-json\/wp\/v2\/comments?post=80150"}],"version-history":[{"count":0,"href":"https:\/\/www.suno.com.br\/noticias\/wp-json\/wp\/v2\/posts\/80150\/revisions"}],"wp:featuredmedia":[{"embeddable":true,"href":"https:\/\/www.suno.com.br\/noticias\/wp-json\/wp\/v2\/media\/64472"}],"wp:attachment":[{"href":"https:\/\/www.suno.com.br\/noticias\/wp-json\/wp\/v2\/media?parent=80150"}],"wp:term":[{"taxonomy":"category","embeddable":true,"href":"https:\/\/www.suno.com.br\/noticias\/wp-json\/wp\/v2\/categories?post=80150"},{"taxonomy":"post_tag","embeddable":true,"href":"https:\/\/www.suno.com.br\/noticias\/wp-json\/wp\/v2\/tags?post=80150"},{"taxonomy":"suno_strategy","embeddable":true,"href":"https:\/\/www.suno.com.br\/noticias\/wp-json\/wp\/v2\/suno_strategy?post=80150"}],"curies":[{"name":"wp","href":"https:\/\/api.w.org\/{rel}","templated":true}]}}