{"id":80105,"date":"2020-08-22T13:04:56","date_gmt":"2020-08-22T16:04:56","guid":{"rendered":"https:\/\/www.suno.com.br\/noticias\/?p=80105"},"modified":"2020-08-22T13:04:56","modified_gmt":"2020-08-22T16:04:56","slug":"bndes-seleciona-grupo-para-estudar-privatizacao-dos-correios","status":"publish","type":"post","link":"https:\/\/www.suno.com.br\/noticias\/bndes-seleciona-grupo-para-estudar-privatizacao-dos-correios\/","title":{"rendered":"BNDES seleciona grupo para estudar privatiza\u00e7\u00e3o dos Correios"},"content":{"rendered":"<p>O <a href=\"https:\/\/www.suno.com.br\/artigos\/bndes\/\">Banco Nacional de Desenvolvimento Econ\u00f4mico e Social (<strong>BNDES<\/strong>)<\/a> estabeleceu o cons\u00f3rcio Postar como vencedor do processo de sele\u00e7\u00e3o para estudar a <strong><a href=\"https:\/\/www.suno.com.br\/artigos\/privatizacao\/\">privatiza\u00e7\u00e3o<\/a> <\/strong>dos <strong>Correios<\/strong>.<\/p>\t<div class=\"wrapper-featured-image\">\n\t\t<figure class=\"spotlightImg\">\n\n\t\t\t<picture>\n\t\t\t\t<source media=\"(max-width: 768px)\" srcset=\"https:\/\/files.sunoresearch.com.br\/n\/uploads\/2019\/10\/2a2e673a-correios-400x200.webp\">\n\t\t\t\t<img loading=\"lazy\" decoding=\"async\" class=\"newsContent__article__imgCapa lazyloadDisabled \" src=\"https:\/\/files.sunoresearch.com.br\/n\/uploads\/2019\/10\/2a2e673a-correios-800x450.webp\" width=\"800\" height=\"450\" alt=\"BNDES seleciona grupo para estudar privatiza\u00e7\u00e3o dos Correios\" fetchpriority=high \/>\n\t\t\t<\/picture>\n\n\t\t\t<figcaption class=\"wp-caption-text wp-caption-text--show\">Correios (foto: divulga\u00e7\u00e3o)<\/figcaption>\n\t\t<\/figure>\n\t<\/div>\n\n\n<div class=\"hubspot-form-wrapper\">\n\t<div id=\"single-form-target\"><\/div>\n<\/div>\n\n<p>O grupo, composto por Accenture do Brasil e pelo escrit\u00f3rio de advocacia Machado Meyer, far\u00e1 os estudos que indicar\u00e3o as alternativas de desestatiza\u00e7\u00e3o para o setor postal e embasar\u00e3o a decis\u00e3o do governo. Atualmente, o servi\u00e7o \u00e9 prestado pela Empresa Brasileira de Correios e Tel\u00e9grafos (ECT).<\/p>\n<p>Ao todo, foram nove cons\u00f3rcios que participaram da sele\u00e7\u00e3o que se iniciou em maio. Os tr\u00eas melhores colocados tiveram de analisar a qualidade t\u00e9cnica dos participantes e do pre\u00e7o ofertado por cada um. O Postar apresentou o menor pre\u00e7o de R$ 7,8 milh\u00f5es.<\/p>\n<p><a href=\"https:\/\/lp.suno.com.br\/suno-one\/\">Suno One: o primeiro passo para alcan\u00e7ar a sua independ\u00eancia financeira. Acesse agora, \u00e9 gratuito!<\/a><\/p>\n<p>De acordo com o BNDES, os estudos do cons\u00f3rcio ser\u00e3o supervisionados pela institui\u00e7\u00e3o e pelo Comit\u00ea Interministerial formado com integrantes do Minist\u00e9rio da Economia, Comunica\u00e7\u00f5es e da ECT.<\/p>\n<h2>Greve dos Correios tem 70% de ades\u00e3o dos funcion\u00e1rios da empresa, aponta federa\u00e7\u00e3o<\/h2>\n<p>A greve dos Correios<strong>,<\/strong> anunciada na \u00faltima ter\u00e7a-feira (18), contou com a ades\u00e3o de 70% dos colaboradores da empresa no primeiro dia, de acordo com dados da Federa\u00e7\u00e3o Nacional dos Trabalhadores em Empresas dos Correios e Similares (Fentect).<\/p>\n\t<div data-element=\"shortcode-read-more\" class=\"knowMore\">\n\t\t\t\t<span class=\"knowMore__title\">Veja Tamv\u00e9m<\/span>\n\t\t\t\t<a class=\"knowMore__link\" href=\"https:\/\/www.suno.com.br\/noticias\/correios-monopolio-pacotes\/\">\n\t\t\tCorreios: quebra de monop\u00f3lio n\u00e3o abrange &quot;fil\u00e9 mignon&quot; dos pacotes\t\t<\/a>\n\t<\/div>\n\n\n<p>A assessoria dos Correios, no entanto, comunicou que a paralisa\u00e7\u00e3o foi acatada por 15% dos empregados da empresa (at\u00e9 a tarde da \u00faltima ter\u00e7a). At\u00e9 o momento, n\u00e3o h\u00e1 negocia\u00e7\u00e3o em curso entre os funcion\u00e1rios e a empresa. A pr\u00f3xima assembleia est\u00e1 marcada para o s\u00e1bado (22).<\/p>\n<p>O movimento dos trabalhadores dos <strong>Correios<\/strong> visa discutir alguns benef\u00edcios dos funcion\u00e1rios, como o aux\u00edlio-alimenta\u00e7\u00e3o e o desconto que \u00e9 feito em rela\u00e7\u00e3o a este pagamento. A companhia estatal quer realizar altera\u00e7\u00f5es que poderiam diminuir, no total, R$ 4.800 na conta de cada trabalhador ao fim de um ano, de acordo com o sindicato.<\/p>\n\t<p>\n\t\t<a href=\"https:\/\/lp.suno.com.br\/planilha-de-controle-de-investimentos\/\" target=\"_blank\" data-element=\"shortcode-suno-banner\" title=\"Banner SUNO, clique e saiba mais\">\n\t\t\t<picture>\n\t\t\t\t<source media=\"(max-width: 500px)\" srcset=\"https:\/\/files.sunoresearch.com.br\/n\/uploads\/2023\/03\/400x300-Controle-de-Investimentos.png\">\n\t\t\t\t<img class=\"newsContent__article__imgCapa newsContent__article__imgCapa--banner\"\n\t\t\t\t\tsrc=\"https:\/\/files.sunoresearch.com.br\/n\/uploads\/2023\/03\/1420x240-Controle-de-Investimentos.png\"\n\t\t\t\t\tdata-promo-id=\"75934\"\t\t\t\t\t\t\t\t\t\twidth='1420' height='240'\t\t\t\t\talt=\"https:\/\/files.sunoresearch.com.br\/n\/uploads\/2023\/03\/1420x240-Controle-de-Investimentos.png\"\n\t\t\t\t>\n\t\t\t<\/picture>\n\t\t<\/a>\n\t<\/p>\n\n\n","protected":false},"excerpt":{"rendered":"<p>O Banco Nacional de Desenvolvimento Econ\u00f4mico e Social (BNDES) estabeleceu o cons\u00f3rcio Postar como vencedor do processo de sele\u00e7\u00e3o para estudar a privatiza\u00e7\u00e3o dos Correios. Correios (foto: divulga\u00e7\u00e3o) O grupo, composto por Accenture do Brasil e pelo escrit\u00f3rio de advocacia Machado Meyer, far\u00e1 os estudos que indicar\u00e3o as alternativas de desestatiza\u00e7\u00e3o para o setor postal [&hellip;]<\/p>\n","protected":false},"author":15,"featured_media":40404,"comment_status":"closed","ping_status":"closed","sticky":false,"template":"","format":"standard","meta":[],"categories":[64],"tags":[757,700,945],"suno_strategy":[],"class_list":["post-80105","post","type-post","status-publish","format-standard","has-post-thumbnail","hentry","category-negocios","tag-bndes","tag-correios","tag-privatizacoes"],"yoast_head":"<!-- This site is optimized with the Yoast SEO plugin v24.4 - https:\/\/yoast.com\/wordpress\/plugins\/seo\/ -->\n<title>BNDES seleciona grupo para estudar privatiza\u00e7\u00e3o dos Correios<\/title>\n<meta name=\"description\" content=\"O BNDES estabeleceu o cons\u00f3rcio Postar como vencedor do processo de sele\u00e7\u00e3o para estudar a privatiza\u00e7\u00e3o dos Correios. Clique aqui\" \/>\n<meta name=\"robots\" content=\"index, follow, max-snippet:-1, max-image-preview:large, max-video-preview:-1\" \/>\n<link rel=\"canonical\" href=\"https:\/\/www.suno.com.br\/noticias\/bndes-seleciona-grupo-para-estudar-privatizacao-dos-correios\/\" \/>\n<meta property=\"og:locale\" content=\"pt_BR\" \/>\n<meta property=\"og:type\" content=\"article\" \/>\n<meta property=\"og:title\" content=\"BNDES seleciona grupo para estudar privatiza\u00e7\u00e3o dos Correios\" \/>\n<meta property=\"og:description\" content=\"O BNDES estabeleceu o cons\u00f3rcio Postar como vencedor do processo de sele\u00e7\u00e3o para estudar a privatiza\u00e7\u00e3o dos Correios. Clique aqui\" \/>\n<meta property=\"og:url\" content=\"https:\/\/www.suno.com.br\/noticias\/bndes-seleciona-grupo-para-estudar-privatizacao-dos-correios\/\" \/>\n<meta property=\"og:site_name\" content=\"Suno Not\u00edcias\" \/>\n<meta property=\"article:publisher\" content=\"https:\/\/facebook.com\/sunoresearch\" \/>\n<meta property=\"og:image\" content=\"https:\/\/files.sunoresearch.com.br\/n\/uploads\/2019\/10\/2a2e673a-correios.jpg\" \/>\n\t<meta property=\"og:image:width\" content=\"1500\" \/>\n\t<meta property=\"og:image:height\" content=\"1055\" \/>\n\t<meta property=\"og:image:type\" content=\"image\/jpeg\" \/>\n<meta name=\"author\" content=\"Poliana Santos\" \/>\n<meta name=\"twitter:card\" content=\"summary_large_image\" \/>\n<meta name=\"twitter:creator\" content=\"@sunoresearch\" \/>\n<meta name=\"twitter:site\" content=\"@sunoresearch\" \/>\n<meta name=\"twitter:label1\" content=\"Escrito por\" \/>\n\t<meta name=\"twitter:data1\" content=\"Poliana Santos\" \/>\n\t<meta name=\"twitter:label2\" content=\"Est. tempo de leitura\" \/>\n\t<meta name=\"twitter:data2\" content=\"2 minutos\" \/>\n<script type=\"application\/ld+json\" class=\"yoast-schema-graph\">{\"@context\":\"https:\/\/schema.org\",\"@graph\":[{\"@type\":\"NewsArticle\",\"@id\":\"https:\/\/www.suno.com.br\/noticias\/bndes-seleciona-grupo-para-estudar-privatizacao-dos-correios\/#article\",\"isPartOf\":{\"@id\":\"https:\/\/www.suno.com.br\/noticias\/bndes-seleciona-grupo-para-estudar-privatizacao-dos-correios\/\"},\"author\":{\"name\":\"Poliana Santos\",\"@id\":\"https:\/\/www.suno.com.br\/noticias\/#\/schema\/person\/02ec1f752758247878a2bf4abee1aeda\"},\"headline\":\"BNDES seleciona grupo para estudar privatiza\u00e7\u00e3o dos Correios\",\"datePublished\":\"2020-08-22T16:04:56+00:00\",\"mainEntityOfPage\":{\"@id\":\"https:\/\/www.suno.com.br\/noticias\/bndes-seleciona-grupo-para-estudar-privatizacao-dos-correios\/\"},\"wordCount\":376,\"publisher\":{\"@id\":\"https:\/\/www.suno.com.br\/noticias\/#organization\"},\"image\":{\"@id\":\"https:\/\/www.suno.com.br\/noticias\/bndes-seleciona-grupo-para-estudar-privatizacao-dos-correios\/#primaryimage\"},\"thumbnailUrl\":\"https:\/\/files.sunoresearch.com.br\/n\/uploads\/2019\/10\/2a2e673a-correios-jpg.webp\",\"keywords\":[\"BNDES\",\"Correios\",\"privatiza\u00e7\u00f5es\"],\"articleSection\":[\"Neg\u00f3cios\"],\"inLanguage\":\"pt-BR\"},{\"@type\":\"WebPage\",\"@id\":\"https:\/\/www.suno.com.br\/noticias\/bndes-seleciona-grupo-para-estudar-privatizacao-dos-correios\/\",\"url\":\"https:\/\/www.suno.com.br\/noticias\/bndes-seleciona-grupo-para-estudar-privatizacao-dos-correios\/\",\"name\":\"BNDES seleciona grupo para estudar privatiza\u00e7\u00e3o dos Correios\",\"isPartOf\":{\"@id\":\"https:\/\/www.suno.com.br\/noticias\/#website\"},\"primaryImageOfPage\":{\"@id\":\"https:\/\/www.suno.com.br\/noticias\/bndes-seleciona-grupo-para-estudar-privatizacao-dos-correios\/#primaryimage\"},\"image\":{\"@id\":\"https:\/\/www.suno.com.br\/noticias\/bndes-seleciona-grupo-para-estudar-privatizacao-dos-correios\/#primaryimage\"},\"thumbnailUrl\":\"https:\/\/files.sunoresearch.com.br\/n\/uploads\/2019\/10\/2a2e673a-correios-jpg.webp\",\"datePublished\":\"2020-08-22T16:04:56+00:00\",\"description\":\"O BNDES estabeleceu o cons\u00f3rcio Postar como vencedor do processo de sele\u00e7\u00e3o para estudar a privatiza\u00e7\u00e3o dos Correios. Clique aqui\",\"breadcrumb\":{\"@id\":\"https:\/\/www.suno.com.br\/noticias\/bndes-seleciona-grupo-para-estudar-privatizacao-dos-correios\/#breadcrumb\"},\"inLanguage\":\"pt-BR\",\"potentialAction\":[{\"@type\":\"ReadAction\",\"target\":[\"https:\/\/www.suno.com.br\/noticias\/bndes-seleciona-grupo-para-estudar-privatizacao-dos-correios\/\"]}]},{\"@type\":\"ImageObject\",\"inLanguage\":\"pt-BR\",\"@id\":\"https:\/\/www.suno.com.br\/noticias\/bndes-seleciona-grupo-para-estudar-privatizacao-dos-correios\/#primaryimage\",\"url\":\"https:\/\/files.sunoresearch.com.br\/n\/uploads\/2019\/10\/2a2e673a-correios-jpg.webp\",\"contentUrl\":\"https:\/\/files.sunoresearch.com.br\/n\/uploads\/2019\/10\/2a2e673a-correios-jpg.webp\",\"width\":1500,\"height\":1055,\"caption\":\"Correios (foto: divulga\u00e7\u00e3o)\"},{\"@type\":\"BreadcrumbList\",\"@id\":\"https:\/\/www.suno.com.br\/noticias\/bndes-seleciona-grupo-para-estudar-privatizacao-dos-correios\/#breadcrumb\",\"itemListElement\":[{\"@type\":\"ListItem\",\"position\":1,\"name\":\"Not\u00edcias\",\"item\":\"https:\/\/www.suno.com.br\/noticias\/\"},{\"@type\":\"ListItem\",\"position\":2,\"name\":\"Neg\u00f3cios\",\"item\":\"https:\/\/www.suno.com.br\/noticias\/negocios\/\"},{\"@type\":\"ListItem\",\"position\":3,\"name\":\"BNDES seleciona grupo para estudar privatiza\u00e7\u00e3o dos Correios\"}]},{\"@type\":\"WebSite\",\"@id\":\"https:\/\/www.suno.com.br\/noticias\/#website\",\"url\":\"https:\/\/www.suno.com.br\/noticias\/\",\"name\":\"Suno Not\u00edcias\",\"description\":\"Seu portal de informa\u00e7\u00e3o sobre o mundo dos investimentos\",\"publisher\":{\"@id\":\"https:\/\/www.suno.com.br\/noticias\/#organization\"},\"potentialAction\":[{\"@type\":\"SearchAction\",\"target\":{\"@type\":\"EntryPoint\",\"urlTemplate\":\"https:\/\/www.suno.com.br\/noticias\/?s={search_term_string}\"},\"query-input\":{\"@type\":\"PropertyValueSpecification\",\"valueRequired\":true,\"valueName\":\"search_term_string\"}}],\"inLanguage\":\"pt-BR\"},{\"@type\":\"Organization\",\"@id\":\"https:\/\/www.suno.com.br\/noticias\/#organization\",\"name\":\"Suno Not\u00edcias\",\"url\":\"https:\/\/www.suno.com.br\/noticias\/\",\"logo\":{\"@type\":\"ImageObject\",\"inLanguage\":\"pt-BR\",\"@id\":\"https:\/\/www.suno.com.br\/noticias\/#\/schema\/logo\/image\/\",\"url\":\"https:\/\/files.sunoresearch.com.br\/n\/uploads\/2021\/09\/suno-logo.png\",\"contentUrl\":\"https:\/\/files.sunoresearch.com.br\/n\/uploads\/2021\/09\/suno-logo.png\",\"width\":180,\"height\":180,\"caption\":\"Suno Not\u00edcias\"},\"image\":{\"@id\":\"https:\/\/www.suno.com.br\/noticias\/#\/schema\/logo\/image\/\"},\"sameAs\":[\"https:\/\/facebook.com\/sunoresearch\",\"https:\/\/x.com\/sunoresearch\",\"https:\/\/www.instagram.com\/suno\",\"https:\/\/www.linkedin.com\/company\/suno-research\/\",\"https:\/\/www.youtube.com\/c\/sunoresearch\"]},{\"@type\":\"Person\",\"@id\":\"https:\/\/www.suno.com.br\/noticias\/#\/schema\/person\/02ec1f752758247878a2bf4abee1aeda\",\"name\":\"Poliana Santos\",\"image\":{\"@type\":\"ImageObject\",\"inLanguage\":\"pt-BR\",\"@id\":\"https:\/\/www.suno.com.br\/noticias\/#\/schema\/person\/image\/\",\"url\":\"https:\/\/secure.gravatar.com\/avatar\/0645bd32f23d87b2130f2b2dff1d3f8d?s=96&r=g\",\"contentUrl\":\"https:\/\/secure.gravatar.com\/avatar\/0645bd32f23d87b2130f2b2dff1d3f8d?s=96&r=g\",\"caption\":\"Poliana Santos\"},\"description\":\"Rep\u00f3rter no Suno Not\u00edcias, com cobertura em mercado financeiro, economia, finan\u00e7as pessoais, renda fixa e varejo. Jornalista formada pela Faculdade C\u00e1sper L\u00edbero e possui passagem na R\u00e1dio Gazeta AM com a produ\u00e7\u00e3o de conte\u00fado sobre economia, pol\u00edtica, sa\u00fade, moda e m\u00fasica. Possui certificado de conclus\u00e3o do curso de An\u00e1lise de Balan\u00e7os pela Funda\u00e7\u00e3o Bradesco, Agenda Brasil pela FAAP, Educa\u00e7\u00e3o Pol\u00edtica por Alexandre Garcia e do Tesouro Direto e Mercado de A\u00e7\u00f5es pela B3.\",\"url\":\"https:\/\/www.suno.com.br\/noticias\/author\/poliana-santos\/\"}]}<\/script>\n<!-- \/ Yoast SEO plugin. -->","yoast_head_json":{"title":"BNDES seleciona grupo para estudar privatiza\u00e7\u00e3o dos Correios","description":"O BNDES estabeleceu o cons\u00f3rcio Postar como vencedor do processo de sele\u00e7\u00e3o para estudar a privatiza\u00e7\u00e3o dos Correios. Clique aqui","robots":{"index":"index","follow":"follow","max-snippet":"max-snippet:-1","max-image-preview":"max-image-preview:large","max-video-preview":"max-video-preview:-1"},"canonical":"https:\/\/www.suno.com.br\/noticias\/bndes-seleciona-grupo-para-estudar-privatizacao-dos-correios\/","og_locale":"pt_BR","og_type":"article","og_title":"BNDES seleciona grupo para estudar privatiza\u00e7\u00e3o dos Correios","og_description":"O BNDES estabeleceu o cons\u00f3rcio Postar como vencedor do processo de sele\u00e7\u00e3o para estudar a privatiza\u00e7\u00e3o dos Correios. Clique aqui","og_url":"https:\/\/www.suno.com.br\/noticias\/bndes-seleciona-grupo-para-estudar-privatizacao-dos-correios\/","og_site_name":"Suno Not\u00edcias","article_publisher":"https:\/\/facebook.com\/sunoresearch","og_image":[{"width":1500,"height":1055,"url":"https:\/\/files.sunoresearch.com.br\/n\/uploads\/2019\/10\/2a2e673a-correios.jpg","type":"image\/jpeg"}],"author":"Poliana Santos","twitter_card":"summary_large_image","twitter_creator":"@sunoresearch","twitter_site":"@sunoresearch","twitter_misc":{"Escrito por":"Poliana Santos","Est. tempo de leitura":"2 minutos"},"schema":{"@context":"https:\/\/schema.org","@graph":[{"@type":"NewsArticle","@id":"https:\/\/www.suno.com.br\/noticias\/bndes-seleciona-grupo-para-estudar-privatizacao-dos-correios\/#article","isPartOf":{"@id":"https:\/\/www.suno.com.br\/noticias\/bndes-seleciona-grupo-para-estudar-privatizacao-dos-correios\/"},"author":{"name":"Poliana Santos","@id":"https:\/\/www.suno.com.br\/noticias\/#\/schema\/person\/02ec1f752758247878a2bf4abee1aeda"},"headline":"BNDES seleciona grupo para estudar privatiza\u00e7\u00e3o dos Correios","datePublished":"2020-08-22T16:04:56+00:00","mainEntityOfPage":{"@id":"https:\/\/www.suno.com.br\/noticias\/bndes-seleciona-grupo-para-estudar-privatizacao-dos-correios\/"},"wordCount":376,"publisher":{"@id":"https:\/\/www.suno.com.br\/noticias\/#organization"},"image":{"@id":"https:\/\/www.suno.com.br\/noticias\/bndes-seleciona-grupo-para-estudar-privatizacao-dos-correios\/#primaryimage"},"thumbnailUrl":"https:\/\/files.sunoresearch.com.br\/n\/uploads\/2019\/10\/2a2e673a-correios-jpg.webp","keywords":["BNDES","Correios","privatiza\u00e7\u00f5es"],"articleSection":["Neg\u00f3cios"],"inLanguage":"pt-BR"},{"@type":"WebPage","@id":"https:\/\/www.suno.com.br\/noticias\/bndes-seleciona-grupo-para-estudar-privatizacao-dos-correios\/","url":"https:\/\/www.suno.com.br\/noticias\/bndes-seleciona-grupo-para-estudar-privatizacao-dos-correios\/","name":"BNDES seleciona grupo para estudar privatiza\u00e7\u00e3o dos Correios","isPartOf":{"@id":"https:\/\/www.suno.com.br\/noticias\/#website"},"primaryImageOfPage":{"@id":"https:\/\/www.suno.com.br\/noticias\/bndes-seleciona-grupo-para-estudar-privatizacao-dos-correios\/#primaryimage"},"image":{"@id":"https:\/\/www.suno.com.br\/noticias\/bndes-seleciona-grupo-para-estudar-privatizacao-dos-correios\/#primaryimage"},"thumbnailUrl":"https:\/\/files.sunoresearch.com.br\/n\/uploads\/2019\/10\/2a2e673a-correios-jpg.webp","datePublished":"2020-08-22T16:04:56+00:00","description":"O BNDES estabeleceu o cons\u00f3rcio Postar como vencedor do processo de sele\u00e7\u00e3o para estudar a privatiza\u00e7\u00e3o dos Correios. Clique aqui","breadcrumb":{"@id":"https:\/\/www.suno.com.br\/noticias\/bndes-seleciona-grupo-para-estudar-privatizacao-dos-correios\/#breadcrumb"},"inLanguage":"pt-BR","potentialAction":[{"@type":"ReadAction","target":["https:\/\/www.suno.com.br\/noticias\/bndes-seleciona-grupo-para-estudar-privatizacao-dos-correios\/"]}]},{"@type":"ImageObject","inLanguage":"pt-BR","@id":"https:\/\/www.suno.com.br\/noticias\/bndes-seleciona-grupo-para-estudar-privatizacao-dos-correios\/#primaryimage","url":"https:\/\/files.sunoresearch.com.br\/n\/uploads\/2019\/10\/2a2e673a-correios-jpg.webp","contentUrl":"https:\/\/files.sunoresearch.com.br\/n\/uploads\/2019\/10\/2a2e673a-correios-jpg.webp","width":1500,"height":1055,"caption":"Correios (foto: divulga\u00e7\u00e3o)"},{"@type":"BreadcrumbList","@id":"https:\/\/www.suno.com.br\/noticias\/bndes-seleciona-grupo-para-estudar-privatizacao-dos-correios\/#breadcrumb","itemListElement":[{"@type":"ListItem","position":1,"name":"Not\u00edcias","item":"https:\/\/www.suno.com.br\/noticias\/"},{"@type":"ListItem","position":2,"name":"Neg\u00f3cios","item":"https:\/\/www.suno.com.br\/noticias\/negocios\/"},{"@type":"ListItem","position":3,"name":"BNDES seleciona grupo para estudar privatiza\u00e7\u00e3o dos Correios"}]},{"@type":"WebSite","@id":"https:\/\/www.suno.com.br\/noticias\/#website","url":"https:\/\/www.suno.com.br\/noticias\/","name":"Suno Not\u00edcias","description":"Seu portal de informa\u00e7\u00e3o sobre o mundo dos investimentos","publisher":{"@id":"https:\/\/www.suno.com.br\/noticias\/#organization"},"potentialAction":[{"@type":"SearchAction","target":{"@type":"EntryPoint","urlTemplate":"https:\/\/www.suno.com.br\/noticias\/?s={search_term_string}"},"query-input":{"@type":"PropertyValueSpecification","valueRequired":true,"valueName":"search_term_string"}}],"inLanguage":"pt-BR"},{"@type":"Organization","@id":"https:\/\/www.suno.com.br\/noticias\/#organization","name":"Suno Not\u00edcias","url":"https:\/\/www.suno.com.br\/noticias\/","logo":{"@type":"ImageObject","inLanguage":"pt-BR","@id":"https:\/\/www.suno.com.br\/noticias\/#\/schema\/logo\/image\/","url":"https:\/\/files.sunoresearch.com.br\/n\/uploads\/2021\/09\/suno-logo.png","contentUrl":"https:\/\/files.sunoresearch.com.br\/n\/uploads\/2021\/09\/suno-logo.png","width":180,"height":180,"caption":"Suno Not\u00edcias"},"image":{"@id":"https:\/\/www.suno.com.br\/noticias\/#\/schema\/logo\/image\/"},"sameAs":["https:\/\/facebook.com\/sunoresearch","https:\/\/x.com\/sunoresearch","https:\/\/www.instagram.com\/suno","https:\/\/www.linkedin.com\/company\/suno-research\/","https:\/\/www.youtube.com\/c\/sunoresearch"]},{"@type":"Person","@id":"https:\/\/www.suno.com.br\/noticias\/#\/schema\/person\/02ec1f752758247878a2bf4abee1aeda","name":"Poliana Santos","image":{"@type":"ImageObject","inLanguage":"pt-BR","@id":"https:\/\/www.suno.com.br\/noticias\/#\/schema\/person\/image\/","url":"https:\/\/secure.gravatar.com\/avatar\/0645bd32f23d87b2130f2b2dff1d3f8d?s=96&r=g","contentUrl":"https:\/\/secure.gravatar.com\/avatar\/0645bd32f23d87b2130f2b2dff1d3f8d?s=96&r=g","caption":"Poliana Santos"},"description":"Rep\u00f3rter no Suno Not\u00edcias, com cobertura em mercado financeiro, economia, finan\u00e7as pessoais, renda fixa e varejo. Jornalista formada pela Faculdade C\u00e1sper L\u00edbero e possui passagem na R\u00e1dio Gazeta AM com a produ\u00e7\u00e3o de conte\u00fado sobre economia, pol\u00edtica, sa\u00fade, moda e m\u00fasica. Possui certificado de conclus\u00e3o do curso de An\u00e1lise de Balan\u00e7os pela Funda\u00e7\u00e3o Bradesco, Agenda Brasil pela FAAP, Educa\u00e7\u00e3o Pol\u00edtica por Alexandre Garcia e do Tesouro Direto e Mercado de A\u00e7\u00f5es pela B3.","url":"https:\/\/www.suno.com.br\/noticias\/author\/poliana-santos\/"}]}},"default_loop_html":"<div class=\"cardsPage__listCard__boxs\"><div class=\"cardsPage__listCard__boxs__img\"><a href=\"https:\/\/www.suno.com.br\/noticias\/bndes-seleciona-grupo-para-estudar-privatizacao-dos-correios\/\"><img class=\"mask\" src=\"https:\/\/www.suno.com.br\/noticias\/wp-content\/themes\/suno\/resources\/images\/spotlight\/spotlight1img\/bg-mask.png\" alt=\"Image Mask\"\/><img src=\"https:\/\/files.sunoresearch.com.br\/n\/uploads\/2019\/10\/2a2e673a-correios-400x200.webp\" alt=\"BNDES seleciona grupo para estudar privatiza\u00e7\u00e3o dos Correios\"\/><\/a><span class=\"spotlightCategory\"><a href=\"https:\/\/www.suno.com.br\/noticias\/negocios\/\">Neg\u00f3cios<\/a><\/span><\/div><div class=\"cardsPage__listCard__boxs__content\"><a href=\"https:\/\/www.suno.com.br\/noticias\/bndes-seleciona-grupo-para-estudar-privatizacao-dos-correios\/\"><h2 class=\"content__title\">BNDES seleciona grupo para estudar privatiza\u00e7\u00e3o dos Correios<\/h2><\/a><div class=\"newsContent__article__meta\"><div class=\"newsContent__article__meta__authorBox\"><a href=\"https:\/\/www.suno.com.br\/noticias\/author\/poliana-santos\/\" class=\"authorBox__avatar noMobi\"><img src=\"https:\/\/files.sunoresearch.com.br\/n\/uploads\/2020\/08\/7ef34026-whatsapp-image-2020-08-03-at-12.37.57-150x150.webp\" alt=\"Poliana Santos\"><\/a><div class=\"authorBox__name\"><span>por\n\t\t\t<a href=\"https:\/\/www.suno.com.br\/noticias\/author\/poliana-santos\/\"><span itemprop=\"author\">Poliana Santos<\/span><\/a><\/span><time datetime=\"2020-08-22T13:04:56-03:00\" itemprop=\"datePublished\">22\/08\/2020 13:04<\/time><\/div><\/div><\/div><\/div><\/div>","single_layout":"posts","amp_enabled":true,"_links":{"self":[{"href":"https:\/\/www.suno.com.br\/noticias\/wp-json\/wp\/v2\/posts\/80105"}],"collection":[{"href":"https:\/\/www.suno.com.br\/noticias\/wp-json\/wp\/v2\/posts"}],"about":[{"href":"https:\/\/www.suno.com.br\/noticias\/wp-json\/wp\/v2\/types\/post"}],"author":[{"embeddable":true,"href":"https:\/\/www.suno.com.br\/noticias\/wp-json\/wp\/v2\/users\/15"}],"replies":[{"embeddable":true,"href":"https:\/\/www.suno.com.br\/noticias\/wp-json\/wp\/v2\/comments?post=80105"}],"version-history":[{"count":0,"href":"https:\/\/www.suno.com.br\/noticias\/wp-json\/wp\/v2\/posts\/80105\/revisions"}],"wp:featuredmedia":[{"embeddable":true,"href":"https:\/\/www.suno.com.br\/noticias\/wp-json\/wp\/v2\/media\/40404"}],"wp:attachment":[{"href":"https:\/\/www.suno.com.br\/noticias\/wp-json\/wp\/v2\/media?parent=80105"}],"wp:term":[{"taxonomy":"category","embeddable":true,"href":"https:\/\/www.suno.com.br\/noticias\/wp-json\/wp\/v2\/categories?post=80105"},{"taxonomy":"post_tag","embeddable":true,"href":"https:\/\/www.suno.com.br\/noticias\/wp-json\/wp\/v2\/tags?post=80105"},{"taxonomy":"suno_strategy","embeddable":true,"href":"https:\/\/www.suno.com.br\/noticias\/wp-json\/wp\/v2\/suno_strategy?post=80105"}],"curies":[{"name":"wp","href":"https:\/\/api.w.org\/{rel}","templated":true}]}}