{"id":79997,"date":"2020-08-21T17:41:27","date_gmt":"2020-08-21T20:41:27","guid":{"rendered":"https:\/\/www.suno.com.br\/noticias\/?p=79997"},"modified":"2021-05-29T20:32:20","modified_gmt":"2021-05-29T23:32:20","slug":"ibovespa-fecha-em-alta-de-005-a-101-52129-pontos-21082020","status":"publish","type":"post","link":"https:\/\/www.suno.com.br\/noticias\/ibovespa-fecha-em-alta-de-005-a-101-52129-pontos-21082020\/","title":{"rendered":"Ibovespa fecha em alta de 0,05%, a 101.521,29 pontos"},"content":{"rendered":"<p>O\u00a0<span style=\"font-weight: 700 !important;\"><a href=\"https:\/\/www.suno.com.br\/artigos\/ibovespa\/\">Ibovespa<\/a>\u00a0<\/span>encerrou o preg\u00e3o desta sexta-feira (20) em alta de 0,05%, a 101.521,29 pontos.<\/p>\t<div class=\"wrapper-featured-image\">\n\t\t<figure class=\"spotlightImg\">\n\n\t\t\t<picture>\n\t\t\t\t<source media=\"(max-width: 768px)\" srcset=\"https:\/\/files.sunoresearch.com.br\/n\/uploads\/2020\/04\/df2ea791-ibovespa-3-400x200.gif\">\n\t\t\t\t<img loading=\"lazy\" decoding=\"async\" class=\"newsContent__article__imgCapa lazyloadDisabled \" src=\"https:\/\/files.sunoresearch.com.br\/n\/uploads\/2020\/04\/df2ea791-ibovespa-3-800x450.gif\" width=\"800\" height=\"450\" alt=\"Ibovespa fecha em alta de 0,05%, a 101.521,29 pontos\" fetchpriority=high \/>\n\t\t\t<\/picture>\n\n\t\t\t<figcaption class=\"wp-caption-text wp-caption-text--show\">Contrariando o \u00edndice futuro, o Ibovespa abriu em alta nesta sexta-feira (8), rompendo a marca de 123 mil pontos.<\/figcaption>\n\t\t<\/figure>\n\t<\/div>\n\n\n<div class=\"hubspot-form-wrapper\">\n\t<div id=\"single-form-target\"><\/div>\n<\/div>\n\n<p>O <strong>Ibovespa hoje<\/strong> abriu em leve queda, ao passo que no acumulado da semana, o \u00edndice anota uma queda de 0,16%.<\/p>\n<p>Al\u00e9m disso, durante o dia, os investidores ficaram atentos aos resultados da Cogna, que registrou preju\u00edzo de R$ 454,735 milh\u00f5es no segundo trimestre desse ano.<\/p>\n<p><a href=\"https:\/\/lp.suno.com.br\/suno-one\/\">Suno One: acesse gratuitamente eBooks, Minicursos, Artigos e Video Aulas sobre investimentos com um \u00fanico cadastro. Clique para saber mais!<\/a><\/p>\n<p>Confira as principais not\u00edcias que movimentaram o mercado nessa sexta-feira:<\/p>\n<ul>\n<li><strong>Cogna<\/strong> registra preju\u00edzo de R$ 454,735 milh\u00f5es no 2T20<\/li>\n<li><strong>Ita\u00fa<\/strong> (ITUB4) eleva participa\u00e7\u00e3o acion\u00e1ria na <strong>Aliansce<\/strong> <strong>Sonae<\/strong> (ALSO3)<\/li>\n<li><strong>Banco Pan<\/strong> (BPAN4) anuncia oferta de a\u00e7\u00f5es de titularidade da Caixa<\/li>\n<li><strong>Gafisa<\/strong> pode realizar oferta p\u00fablica de aquisi\u00e7\u00e3o de a\u00e7\u00f5es para comprar <strong>Tecnisa<\/strong>, diz jornal<\/li>\n<li><strong>Qualicorp<\/strong> (QUAL3) firma parceria com <strong>Notre<\/strong> <strong>Dame<\/strong> <strong>Interm\u00e9dica<\/strong> (GNDI3)<\/li>\n<li>Bolsas no exterior<\/li>\n<li>\u00daltima <strong>cota\u00e7\u00e3o<\/strong> <strong>do<\/strong> <strong>Ibovespa<\/strong><\/li>\n<\/ul>\n<h2>Cogna (COGN3)<\/h2>\n<p>A <a href=\"https:\/\/www.suno.com.br\/acoes\/cogn3\/\"><strong>Cogna Educa\u00e7\u00e3o<\/strong> (COGN3)<\/a> registrou um <a href=\"https:\/\/www.suno.com.br\/artigos\/prejuizos-acumulados\/\">preju\u00edzo<\/a> de R$ 454,735 milh\u00f5es no segundo trimestre de 2020. Um resultado em queda de 425,8% em rela\u00e7\u00e3o ao mesmo per\u00edodo do ano passado, quando a gigante educacional tinha registrado um lucro l\u00edquido de R$ 139,581\u00a0milh\u00f5es. E tamb\u00e9m uma queda de 1062,4% em rela\u00e7\u00e3o ao primeiro trimestre do ano, quando o resultado tamb\u00e9m tinha sido de preju\u00edzo, de R$ 39,122 milh\u00f5es. As demonstra\u00e7\u00f5es financeiras da companhia foram enviadas nesta quinta-feira (20) \u00e0 <a href=\"https:\/\/www.suno.com.br\/artigos\/cvm\/\">Comiss\u00e3o de Valores Mobili\u00e1rios (CVM)<\/a>.<\/p>\n<p>Os resultados complicados que a Cogna registrou nesse trimestre motivaram a escolha do t\u00edtulo da apresenta\u00e7\u00e3o de resultados: &#8220;Enfrentando a Tempestade&#8221;.<\/p>\n\t<div data-element=\"shortcode-read-more\" class=\"knowMore\">\n\t\t\t\t<span class=\"knowMore__title\">Saiba mais<\/span>\n\t\t\t\t<a class=\"knowMore__link\" href=\"https:\/\/www.suno.com.br\/noticias\/cogna-registra-prejuizo-2t20\/\">\n\t\t\tCogna (COGN3) registra preju\u00edzo de R$ 454,735 milh\u00f5es no 2T20\t\t<\/a>\n\t<\/div>\n\n\n<p>A <a href=\"https:\/\/www.suno.com.br\/artigos\/o-que-receita-liquida\/\">receita l\u00edquida<\/a> da empresa teve queda de 21,3% no segundo trimestre deste ano em compara\u00e7\u00e3o com o mesmo per\u00edodo do ano passado, passando de R$ 1,744 bilh\u00e3o para R$ 1,372 bilh\u00e3o.<\/p>\n<h2>Ita\u00fa (ITUB4) e\u00a0 Aliansce Sonae (ALSO3)<\/h2>\n<p>A <a href=\"https:\/\/www.suno.com.br\/acoes\/also3\/\">Aliansce Sonae (ALSO3)<\/a> informou, na noite da \u00faltima quinta-feira, que o <a href=\"https:\/\/www.suno.com.br\/acoes\/itub4\/\"><strong>Ita\u00fa<\/strong> Unibanco (ITUB4)<\/a> elevou sua participa\u00e7\u00e3o acion\u00e1ria na empresa. De acordo com o comunicado ao mercado, a institui\u00e7\u00e3o financeira passou a deter uma fatia de 5,03% na empresa.<\/p>\n<p>A administradora de shopping centers disse que a participa\u00e7\u00e3o do Ita\u00fa foi atingida por meio da participa\u00e7\u00e3o de <strong>fundos de investimento<\/strong> sob sua gest\u00e3o. A participa\u00e7\u00e3o representa 13.370.980 <a href=\"https:\/\/www.suno.com.br\/artigos\/o-que-sao-acoes-ordinarias-preferenciais-e-units\/\">a\u00e7\u00f5es ordin\u00e1rias<\/a>, que, atualmente, s\u00e3o cotadas a R$ 28,01. Dessa forma, a fatia dos fundos do banco equivale a R$ 374,52 milh\u00f5es.<\/p>\n\t<div data-element=\"shortcode-read-more\" class=\"knowMore\">\n\t\t\t\t<span class=\"knowMore__title\">Saiba mais<\/span>\n\t\t\t\t<a class=\"knowMore__link\" href=\"https:\/\/www.suno.com.br\/noticias\/itau-itub4-eleva-participacao-aliansce-sonae-also3\/\">\n\t\t\tIta\u00fa (ITUB4) eleva participa\u00e7\u00e3o acion\u00e1ria na Aliansce Sonae (ALSO3)\t\t<\/a>\n\t<\/div>\n\n\n<p>De acordo com o comunicado publicado, o aumento na participa\u00e7\u00e3o foi registrada na \u00faltima quarta-feira (19), e &#8220;a participa\u00e7\u00e3o dos fundos geridos pelo Ita\u00fa na companhia n\u00e3o tem por objetivo alterar a composi\u00e7\u00e3o do controle ou da estrutura administrativa da companhia&#8221;.<\/p>\n<h2>Banco Pan (BPAN4)<\/h2>\n<p>O <a href=\"https:\/\/www.suno.com.br\/acoes\/bpan4\/\"><strong>Banco Pan<\/strong> (BPAN4)<\/a> confirmou, na manh\u00e3 desta sexta-feira (21), que far\u00e1 uma oferta de a\u00e7\u00f5es secund\u00e1rias de titularidade da Caixa Econ\u00f4mica Federal. O fato relevante publicado confirma a <a href=\"https:\/\/www.suno.com.br\/noticias\/caixa-estuda-vender-suas-acoes-preferenciais-do-banco-pan-bpan4\/\">inten\u00e7\u00e3o da institui\u00e7\u00e3o estatal em alienar parte de sua fatia no banco<\/a>.<\/p>\n<p>Segundo o Banco Pan, a oferta ser\u00e1 realizada com esfor\u00e7os restritos para a coloca\u00e7\u00e3o de 89.599.665 a\u00e7\u00f5es preferenciais no mercado. Com base no pre\u00e7o de fechamento dos pap\u00e9is no preg\u00e3o da \u00faltima quinta-feira, o volume das a\u00e7\u00f5es \u00e9 equivalente a R$ 783,10 milh\u00f5es &#8212; cerca de 7,4% do <a href=\"https:\/\/www.suno.com.br\/artigos\/valor-de-mercado\/#:~:text=O%20Valor%20de%20Mercado%20%C3%A9,o%20patrim%C3%B4nio%20l%C3%ADquido%20da%20empresa.\">valor de mercado<\/a> do banco.<\/p>\n\t<div data-element=\"shortcode-read-more\" class=\"knowMore\">\n\t\t\t\t<span class=\"knowMore__title\">Veja tamb\u00e9m<\/span>\n\t\t\t\t<a class=\"knowMore__link\" href=\"https:\/\/www.suno.com.br\/noticias\/banco-pan-bpan4-oferta-de-acoes-caixa\/\">\n\t\t\tBanco Pan (BPAN4) anuncia oferta de a\u00e7\u00f5es de titularidade da Caixa\t\t<\/a>\n\t<\/div>\n\n\n<p>A oferta ser\u00e1 realizada no Brasil, em mercado de balc\u00e3o n\u00e3o organizado para investidores profissionais, e nos Estados Unidos para investidores qualificados, com base no regulamento da <a href=\"https:\/\/www.suno.com.br\/artigos\/sec\/\"><em>U.S. Securities and Exchange Commission<\/em> (SEC)<\/a>.<\/p>\n<h2>Gafisa e Tecnisa<\/h2>\n<p>A <strong>Gafisa<\/strong> pode realizar uma <a href=\"https:\/\/www.suno.com.br\/artigos\/oferta-publica-aquisicao\/#:~:text=Oferta%20p%C3%BAblica%20de%20aquisi%C3%A7%C3%A3o%20(OPA)%20%C3%A9%20a%20opera%C3%A7%C3%A3o%20em%20que,listada%20na%20bolsa%20de%20valores.\">oferta p\u00fablica de aquisi\u00e7\u00e3o de a\u00e7\u00f5es (OPA)<\/a> para adquirir a Tecnisa, at\u00e9 sem a aprova\u00e7\u00e3o do controlador da concorrente, de acordo com informa\u00e7\u00f5es publicadas na manh\u00e3 desta sexta-feira pelo jornal &#8220;O Estado de S. Paulo&#8221;.<\/p>\n<p>As duas companhias informaram ao mercado, na \u00faltima quinta-feira, que havia a possibilidade de uma fus\u00e3o das duas empresa, com uma combina\u00e7\u00e3o de neg\u00f3cios que foi proposta pela Gafisa. A interessada na aquisi\u00e7\u00e3o da Tecnisa, entretanto, pode realizar uma anexa\u00e7\u00e3o da <strong>Tecnisa<\/strong> mesmo que a vontade do controlador da companhia n\u00e3o seja essa. As duas empresas possuem, juntas, um valor de mercado avaliado em R$ 1,4 bilh\u00e3o.<\/p>\n\t<div data-element=\"shortcode-read-more\" class=\"knowMore\">\n\t\t\t\t<span class=\"knowMore__title\">Saiba mais<\/span>\n\t\t\t\t<a class=\"knowMore__link\" href=\"https:\/\/www.suno.com.br\/noticias\/gafisa-oferta-publica-aquisicao-acoes-comprar-tecnisa-diz-jornal\/\">\n\t\t\tGafisa pode realizar oferta p\u00fablica de aquisi\u00e7\u00e3o de a\u00e7\u00f5es para comprar Tecnisa, diz jornal\t\t<\/a>\n\t<\/div>\n\n\n<p>A Tecnisa salientou na \u00faltima quinta que o &#8220;<a href=\"https:\/\/www.suno.com.br\/artigos\/conselho-administracao\/\">Conselho de Administra\u00e7\u00e3o<\/a> da companhia ir\u00e1 se reunir, em car\u00e1ter extraordin\u00e1rio, para avaliar, de forma detalhada, a Proposta N\u00e3o Solicitada e o Pedido de Convoca\u00e7\u00e3o&#8221;.<\/p>\n<h2>Qualicorp (QUAL3) e\u00a0 Notre Dame Interm\u00e9dica (GNDI3)<\/h2>\n<p>A <a href=\"https:\/\/www.suno.com.br\/acoes\/qual3\/\"><strong>Qualicorp<\/strong> Consultoria e Corretora de Seguros S.A (QUAL3)<\/a> informou ao mercado, nesta sexta-feira, que firmou uma parceria comercial com a <a href=\"https:\/\/www.suno.com.br\/acoes\/gndi3\/\">NotreDame Interm\u00e9dica Participa\u00e7\u00f5es S.A (GNDI3)<\/a>. O objetivo da combina\u00e7\u00e3o \u00e9 poder comercializar os produtos da NotreDame nos canais de venda pr\u00f3prios da Qualicorp. Ou seja, ser\u00e1 poss\u00edvel adquirir planos das duas companhia atrav\u00e9s da Qualicorp.<\/p>\n<p>&#8220;Antes restrito aos segmentos PME e Empresarial, a nova parceria permitir\u00e1 a entrada e oferta de planos GNDI no mix de produtos Qualicorp no segmento coletivo por ades\u00e3o&#8221;, informou a Qualicorp em seu comunicado ao mercado, assinado por Frederico Oldani, diretor financeiro e de rela\u00e7\u00f5es com investidores.<\/p>\n\t<div data-element=\"shortcode-read-more\" class=\"knowMore\">\n\t\t\t\t<span class=\"knowMore__title\">Veja tamb\u00e9m<\/span>\n\t\t\t\t<a class=\"knowMore__link\" href=\"https:\/\/www.suno.com.br\/noticias\/qualicorp-qual3-firma-parceria-notre-dame-intermedica-gndi3\/\">\n\t\t\tQualicorp (QUAL3) firma parceria com Notre Dame Interm\u00e9dica (GNDI3)\t\t<\/a>\n\t<\/div>\n\n\n<p>A empresa tamb\u00e9m destacou que a parceria est\u00e1 alinhada com a nova estrat\u00e9gia comercial da Qualicorp de refor\u00e7ar, ampliar e regionalizar o seu portf\u00f3lio de produtos. Al\u00e9m disso, a companhia informou que tamb\u00e9m ser\u00e1 uma importante ferramenta para a &#8220;expans\u00e3o do atual rol de alternativas e estrat\u00e9gias da Qualicorp para fideliza\u00e7\u00e3o e reten\u00e7\u00e3o de seus clientes&#8221;.<\/p>\n<h2>Al\u00e9m do Ibovespa; Bolsas no exterior<\/h2>\n<p>Al\u00e9m da <strong>cota\u00e7\u00e3o<\/strong> <strong>do<\/strong> <strong>Ibovespa<\/strong>, confira o desempenho dos principais \u00edndices acion\u00e1rios no exterior:<\/p>\n<ul>\n<li>Londres (<a href=\"https:\/\/www.suno.com.br\/artigos\/ftse-100\/\">FTSE 100<\/a>): &#8211; 0,19%<\/li>\n<li>Frankfurt (<a href=\"https:\/\/www.suno.com.br\/artigos\/dax-30\/\">DAX 30)<\/a>: &#8211; 0,51%<\/li>\n<li>Paris (<a href=\"https:\/\/www.suno.com.br\/artigos\/cac-40\/\">CAC 40<\/a>): &#8211; 0,30%<\/li>\n<li>Mil\u00e3o (FTSE\/MIB): &#8211; 0,36%<\/li>\n<li>Nova York (<a href=\"https:\/\/www.suno.com.br\/artigos\/sp-500\/\">S&amp;P 500<\/a>):\u00a0 + 0,34%<\/li>\n<\/ul>\n<h2>\u00daltima cota\u00e7\u00e3o do Ibovespa<\/h2>\n<p>O <strong>Ibovespa\u00a0<\/strong> encerrou as negocia\u00e7\u00f5es na \u00faltima quinta-feira com uma alta de 0,61%, a 101.467,87 pontos.<\/p>\n\t<p>\n\t\t<a href=\"https:\/\/lp.suno.com.br\/planilha-de-controle-de-investimentos\/\" target=\"_blank\" data-element=\"shortcode-suno-banner\" title=\"Banner SUNO, clique e saiba mais\">\n\t\t\t<picture>\n\t\t\t\t<source media=\"(max-width: 500px)\" srcset=\"https:\/\/files.sunoresearch.com.br\/n\/uploads\/2023\/03\/400x300-Controle-de-Investimentos.png\">\n\t\t\t\t<img class=\"newsContent__article__imgCapa newsContent__article__imgCapa--banner\"\n\t\t\t\t\tsrc=\"https:\/\/files.sunoresearch.com.br\/n\/uploads\/2023\/03\/1420x240-Controle-de-Investimentos.png\"\n\t\t\t\t\tdata-promo-id=\"75934\"\t\t\t\t\t\t\t\t\t\twidth='1420' height='240'\t\t\t\t\talt=\"https:\/\/files.sunoresearch.com.br\/n\/uploads\/2023\/03\/1420x240-Controle-de-Investimentos.png\"\n\t\t\t\t>\n\t\t\t<\/picture>\n\t\t<\/a>\n\t<\/p>\n\n\n","protected":false},"excerpt":{"rendered":"<p>O\u00a0Ibovespa\u00a0encerrou o preg\u00e3o desta sexta-feira (20) em alta de 0,05%, a 101.521,29 pontos. Contrariando o \u00edndice futuro, o Ibovespa abriu em alta nesta sexta-feira (8), rompendo a marca de 123 mil pontos. O Ibovespa hoje abriu em leve queda, ao passo que no acumulado da semana, o \u00edndice anota uma queda de 0,16%. Al\u00e9m disso, [&hellip;]<\/p>\n","protected":false},"author":39,"featured_media":63054,"comment_status":"closed","ping_status":"closed","sticky":false,"template":"","format":"standard","meta":[],"categories":[60],"tags":[38091,370,2257,484,721,519,512,611,652],"suno_strategy":[],"class_list":["post-79997","post","type-post","status-publish","format-standard","has-post-thumbnail","hentry","category-mercado","tag-aliansce-sonae-also3","tag-banco-pan-bpan4","tag-cogna-cogn3","tag-gafisa-gfsa3","tag-ibovespa","tag-itau-unibanco-itub3-itub4","tag-notredame-intermedica-gndi3","tag-qualicorp-qual3","tag-tecnisa-tcsa3"],"yoast_head":"<!-- This site is optimized with the Yoast SEO plugin v24.4 - https:\/\/yoast.com\/wordpress\/plugins\/seo\/ -->\n<title>Ibovespa fecha em alta de 0,05%, a 101.521,29 pontos<\/title>\n<meta name=\"description\" content=\"Ap\u00f3s abrir em queda, o Ibovespa\u00a0encerrou o preg\u00e3o desta sexta-feira (20) em alta de 0,05%, a 101.521,29 pontos. Clique aqui para saber mais.\" \/>\n<meta name=\"robots\" content=\"index, follow, max-snippet:-1, max-image-preview:large, max-video-preview:-1\" \/>\n<link rel=\"canonical\" href=\"https:\/\/www.suno.com.br\/noticias\/ibovespa-fecha-em-alta-de-005-a-101-52129-pontos-21082020\/\" \/>\n<meta property=\"og:locale\" content=\"pt_BR\" \/>\n<meta property=\"og:type\" content=\"article\" \/>\n<meta property=\"og:title\" content=\"Ibovespa fecha em alta de 0,05%, a 101.521,29 pontos\" \/>\n<meta property=\"og:description\" content=\"Ap\u00f3s abrir em queda, o Ibovespa\u00a0encerrou o preg\u00e3o desta sexta-feira (20) em alta de 0,05%, a 101.521,29 pontos. Clique aqui para saber mais.\" \/>\n<meta property=\"og:url\" content=\"https:\/\/www.suno.com.br\/noticias\/ibovespa-fecha-em-alta-de-005-a-101-52129-pontos-21082020\/\" \/>\n<meta property=\"og:site_name\" content=\"Suno Not\u00edcias\" \/>\n<meta property=\"article:publisher\" content=\"https:\/\/facebook.com\/sunoresearch\" \/>\n<meta property=\"og:image\" content=\"https:\/\/files.sunoresearch.com.br\/n\/uploads\/2020\/04\/df2ea791-ibovespa-3.gif\" \/>\n\t<meta property=\"og:image:width\" content=\"1380\" \/>\n\t<meta property=\"og:image:height\" content=\"920\" \/>\n\t<meta property=\"og:image:type\" content=\"image\/gif\" \/>\n<meta name=\"author\" content=\"Laura Moutinho\" \/>\n<meta name=\"twitter:card\" content=\"summary_large_image\" \/>\n<meta name=\"twitter:creator\" content=\"@sunoresearch\" \/>\n<meta name=\"twitter:site\" content=\"@sunoresearch\" \/>\n<meta name=\"twitter:label1\" content=\"Escrito por\" \/>\n\t<meta name=\"twitter:data1\" content=\"Laura Moutinho\" \/>\n\t<meta name=\"twitter:label2\" content=\"Est. tempo de leitura\" \/>\n\t<meta name=\"twitter:data2\" content=\"5 minutos\" \/>\n<script type=\"application\/ld+json\" class=\"yoast-schema-graph\">{\"@context\":\"https:\/\/schema.org\",\"@graph\":[{\"@type\":\"NewsArticle\",\"@id\":\"https:\/\/www.suno.com.br\/noticias\/ibovespa-fecha-em-alta-de-005-a-101-52129-pontos-21082020\/#article\",\"isPartOf\":{\"@id\":\"https:\/\/www.suno.com.br\/noticias\/ibovespa-fecha-em-alta-de-005-a-101-52129-pontos-21082020\/\"},\"author\":{\"name\":\"Laura Moutinho\",\"@id\":\"https:\/\/www.suno.com.br\/noticias\/#\/schema\/person\/3df0d2808748b74496efe5dbeaef2c72\"},\"headline\":\"Ibovespa fecha em alta de 0,05%, a 101.521,29 pontos\",\"datePublished\":\"2020-08-21T20:41:27+00:00\",\"dateModified\":\"2021-05-29T23:32:20+00:00\",\"mainEntityOfPage\":{\"@id\":\"https:\/\/www.suno.com.br\/noticias\/ibovespa-fecha-em-alta-de-005-a-101-52129-pontos-21082020\/\"},\"wordCount\":1065,\"publisher\":{\"@id\":\"https:\/\/www.suno.com.br\/noticias\/#organization\"},\"image\":{\"@id\":\"https:\/\/www.suno.com.br\/noticias\/ibovespa-fecha-em-alta-de-005-a-101-52129-pontos-21082020\/#primaryimage\"},\"thumbnailUrl\":\"https:\/\/files.sunoresearch.com.br\/n\/uploads\/2020\/04\/df2ea791-ibovespa-3.gif\",\"keywords\":[\"Aliansce Sonae (ALSO3)\",\"Banco Pan (BPAN4)\",\"Cogna (COGN3)\",\"Gafisa (GFSA3)\",\"Ibovespa\",\"Ita\u00fa Unibanco (ITUB3\/ITUB4)\",\"NotreDame Intermedica (GNDI3)\",\"Qualicorp (QUAL3)\",\"Tecnisa (TCSA3)\"],\"articleSection\":[\"Mercado\"],\"inLanguage\":\"pt-BR\"},{\"@type\":\"WebPage\",\"@id\":\"https:\/\/www.suno.com.br\/noticias\/ibovespa-fecha-em-alta-de-005-a-101-52129-pontos-21082020\/\",\"url\":\"https:\/\/www.suno.com.br\/noticias\/ibovespa-fecha-em-alta-de-005-a-101-52129-pontos-21082020\/\",\"name\":\"Ibovespa fecha em alta de 0,05%, a 101.521,29 pontos\",\"isPartOf\":{\"@id\":\"https:\/\/www.suno.com.br\/noticias\/#website\"},\"primaryImageOfPage\":{\"@id\":\"https:\/\/www.suno.com.br\/noticias\/ibovespa-fecha-em-alta-de-005-a-101-52129-pontos-21082020\/#primaryimage\"},\"image\":{\"@id\":\"https:\/\/www.suno.com.br\/noticias\/ibovespa-fecha-em-alta-de-005-a-101-52129-pontos-21082020\/#primaryimage\"},\"thumbnailUrl\":\"https:\/\/files.sunoresearch.com.br\/n\/uploads\/2020\/04\/df2ea791-ibovespa-3.gif\",\"datePublished\":\"2020-08-21T20:41:27+00:00\",\"dateModified\":\"2021-05-29T23:32:20+00:00\",\"description\":\"Ap\u00f3s abrir em queda, o Ibovespa\u00a0encerrou o preg\u00e3o desta sexta-feira (20) em alta de 0,05%, a 101.521,29 pontos. Clique aqui para saber mais.\",\"breadcrumb\":{\"@id\":\"https:\/\/www.suno.com.br\/noticias\/ibovespa-fecha-em-alta-de-005-a-101-52129-pontos-21082020\/#breadcrumb\"},\"inLanguage\":\"pt-BR\",\"potentialAction\":[{\"@type\":\"ReadAction\",\"target\":[\"https:\/\/www.suno.com.br\/noticias\/ibovespa-fecha-em-alta-de-005-a-101-52129-pontos-21082020\/\"]}]},{\"@type\":\"ImageObject\",\"inLanguage\":\"pt-BR\",\"@id\":\"https:\/\/www.suno.com.br\/noticias\/ibovespa-fecha-em-alta-de-005-a-101-52129-pontos-21082020\/#primaryimage\",\"url\":\"https:\/\/files.sunoresearch.com.br\/n\/uploads\/2020\/04\/df2ea791-ibovespa-3.gif\",\"contentUrl\":\"https:\/\/files.sunoresearch.com.br\/n\/uploads\/2020\/04\/df2ea791-ibovespa-3.gif\",\"width\":1380,\"height\":920,\"caption\":\"Contrariando o \u00edndice futuro, o Ibovespa abriu em alta nesta sexta-feira (8), rompendo a marca de 123 mil pontos.\"},{\"@type\":\"BreadcrumbList\",\"@id\":\"https:\/\/www.suno.com.br\/noticias\/ibovespa-fecha-em-alta-de-005-a-101-52129-pontos-21082020\/#breadcrumb\",\"itemListElement\":[{\"@type\":\"ListItem\",\"position\":1,\"name\":\"Not\u00edcias\",\"item\":\"https:\/\/www.suno.com.br\/noticias\/\"},{\"@type\":\"ListItem\",\"position\":2,\"name\":\"Mercado\",\"item\":\"https:\/\/www.suno.com.br\/noticias\/mercado\/\"},{\"@type\":\"ListItem\",\"position\":3,\"name\":\"Ibovespa fecha em alta de 0,05%, a 101.521,29 pontos\"}]},{\"@type\":\"WebSite\",\"@id\":\"https:\/\/www.suno.com.br\/noticias\/#website\",\"url\":\"https:\/\/www.suno.com.br\/noticias\/\",\"name\":\"Suno Not\u00edcias\",\"description\":\"Seu portal de informa\u00e7\u00e3o sobre o mundo dos investimentos\",\"publisher\":{\"@id\":\"https:\/\/www.suno.com.br\/noticias\/#organization\"},\"potentialAction\":[{\"@type\":\"SearchAction\",\"target\":{\"@type\":\"EntryPoint\",\"urlTemplate\":\"https:\/\/www.suno.com.br\/noticias\/?s={search_term_string}\"},\"query-input\":{\"@type\":\"PropertyValueSpecification\",\"valueRequired\":true,\"valueName\":\"search_term_string\"}}],\"inLanguage\":\"pt-BR\"},{\"@type\":\"Organization\",\"@id\":\"https:\/\/www.suno.com.br\/noticias\/#organization\",\"name\":\"Suno Not\u00edcias\",\"url\":\"https:\/\/www.suno.com.br\/noticias\/\",\"logo\":{\"@type\":\"ImageObject\",\"inLanguage\":\"pt-BR\",\"@id\":\"https:\/\/www.suno.com.br\/noticias\/#\/schema\/logo\/image\/\",\"url\":\"https:\/\/files.sunoresearch.com.br\/n\/uploads\/2021\/09\/suno-logo.png\",\"contentUrl\":\"https:\/\/files.sunoresearch.com.br\/n\/uploads\/2021\/09\/suno-logo.png\",\"width\":180,\"height\":180,\"caption\":\"Suno Not\u00edcias\"},\"image\":{\"@id\":\"https:\/\/www.suno.com.br\/noticias\/#\/schema\/logo\/image\/\"},\"sameAs\":[\"https:\/\/facebook.com\/sunoresearch\",\"https:\/\/x.com\/sunoresearch\",\"https:\/\/www.instagram.com\/suno\",\"https:\/\/www.linkedin.com\/company\/suno-research\/\",\"https:\/\/www.youtube.com\/c\/sunoresearch\"]},{\"@type\":\"Person\",\"@id\":\"https:\/\/www.suno.com.br\/noticias\/#\/schema\/person\/3df0d2808748b74496efe5dbeaef2c72\",\"name\":\"Laura Moutinho\",\"image\":{\"@type\":\"ImageObject\",\"inLanguage\":\"pt-BR\",\"@id\":\"https:\/\/www.suno.com.br\/noticias\/#\/schema\/person\/image\/\",\"url\":\"https:\/\/secure.gravatar.com\/avatar\/7571c7c8ca3a6fca5e41384ece5557ff?s=96&r=g\",\"contentUrl\":\"https:\/\/secure.gravatar.com\/avatar\/7571c7c8ca3a6fca5e41384ece5557ff?s=96&r=g\",\"caption\":\"Laura Moutinho\"},\"description\":\"Estagi\u00e1ria na Suno Not\u00edcias, escreve not\u00edcias que afetam o mercado financeiro. Estuda administra\u00e7\u00e3o na Universidade Presbiteriana Mackenzie.\",\"url\":\"https:\/\/www.suno.com.br\/noticias\/author\/laura-moutinho\/\"}]}<\/script>\n<!-- \/ Yoast SEO plugin. -->","yoast_head_json":{"title":"Ibovespa fecha em alta de 0,05%, a 101.521,29 pontos","description":"Ap\u00f3s abrir em queda, o Ibovespa\u00a0encerrou o preg\u00e3o desta sexta-feira (20) em alta de 0,05%, a 101.521,29 pontos. Clique aqui para saber mais.","robots":{"index":"index","follow":"follow","max-snippet":"max-snippet:-1","max-image-preview":"max-image-preview:large","max-video-preview":"max-video-preview:-1"},"canonical":"https:\/\/www.suno.com.br\/noticias\/ibovespa-fecha-em-alta-de-005-a-101-52129-pontos-21082020\/","og_locale":"pt_BR","og_type":"article","og_title":"Ibovespa fecha em alta de 0,05%, a 101.521,29 pontos","og_description":"Ap\u00f3s abrir em queda, o Ibovespa\u00a0encerrou o preg\u00e3o desta sexta-feira (20) em alta de 0,05%, a 101.521,29 pontos. Clique aqui para saber mais.","og_url":"https:\/\/www.suno.com.br\/noticias\/ibovespa-fecha-em-alta-de-005-a-101-52129-pontos-21082020\/","og_site_name":"Suno Not\u00edcias","article_publisher":"https:\/\/facebook.com\/sunoresearch","og_image":[{"width":1380,"height":920,"url":"https:\/\/files.sunoresearch.com.br\/n\/uploads\/2020\/04\/df2ea791-ibovespa-3.gif","type":"image\/gif"}],"author":"Laura Moutinho","twitter_card":"summary_large_image","twitter_creator":"@sunoresearch","twitter_site":"@sunoresearch","twitter_misc":{"Escrito por":"Laura Moutinho","Est. tempo de leitura":"5 minutos"},"schema":{"@context":"https:\/\/schema.org","@graph":[{"@type":"NewsArticle","@id":"https:\/\/www.suno.com.br\/noticias\/ibovespa-fecha-em-alta-de-005-a-101-52129-pontos-21082020\/#article","isPartOf":{"@id":"https:\/\/www.suno.com.br\/noticias\/ibovespa-fecha-em-alta-de-005-a-101-52129-pontos-21082020\/"},"author":{"name":"Laura Moutinho","@id":"https:\/\/www.suno.com.br\/noticias\/#\/schema\/person\/3df0d2808748b74496efe5dbeaef2c72"},"headline":"Ibovespa fecha em alta de 0,05%, a 101.521,29 pontos","datePublished":"2020-08-21T20:41:27+00:00","dateModified":"2021-05-29T23:32:20+00:00","mainEntityOfPage":{"@id":"https:\/\/www.suno.com.br\/noticias\/ibovespa-fecha-em-alta-de-005-a-101-52129-pontos-21082020\/"},"wordCount":1065,"publisher":{"@id":"https:\/\/www.suno.com.br\/noticias\/#organization"},"image":{"@id":"https:\/\/www.suno.com.br\/noticias\/ibovespa-fecha-em-alta-de-005-a-101-52129-pontos-21082020\/#primaryimage"},"thumbnailUrl":"https:\/\/files.sunoresearch.com.br\/n\/uploads\/2020\/04\/df2ea791-ibovespa-3.gif","keywords":["Aliansce Sonae (ALSO3)","Banco Pan (BPAN4)","Cogna (COGN3)","Gafisa (GFSA3)","Ibovespa","Ita\u00fa Unibanco (ITUB3\/ITUB4)","NotreDame Intermedica (GNDI3)","Qualicorp (QUAL3)","Tecnisa (TCSA3)"],"articleSection":["Mercado"],"inLanguage":"pt-BR"},{"@type":"WebPage","@id":"https:\/\/www.suno.com.br\/noticias\/ibovespa-fecha-em-alta-de-005-a-101-52129-pontos-21082020\/","url":"https:\/\/www.suno.com.br\/noticias\/ibovespa-fecha-em-alta-de-005-a-101-52129-pontos-21082020\/","name":"Ibovespa fecha em alta de 0,05%, a 101.521,29 pontos","isPartOf":{"@id":"https:\/\/www.suno.com.br\/noticias\/#website"},"primaryImageOfPage":{"@id":"https:\/\/www.suno.com.br\/noticias\/ibovespa-fecha-em-alta-de-005-a-101-52129-pontos-21082020\/#primaryimage"},"image":{"@id":"https:\/\/www.suno.com.br\/noticias\/ibovespa-fecha-em-alta-de-005-a-101-52129-pontos-21082020\/#primaryimage"},"thumbnailUrl":"https:\/\/files.sunoresearch.com.br\/n\/uploads\/2020\/04\/df2ea791-ibovespa-3.gif","datePublished":"2020-08-21T20:41:27+00:00","dateModified":"2021-05-29T23:32:20+00:00","description":"Ap\u00f3s abrir em queda, o Ibovespa\u00a0encerrou o preg\u00e3o desta sexta-feira (20) em alta de 0,05%, a 101.521,29 pontos. Clique aqui para saber mais.","breadcrumb":{"@id":"https:\/\/www.suno.com.br\/noticias\/ibovespa-fecha-em-alta-de-005-a-101-52129-pontos-21082020\/#breadcrumb"},"inLanguage":"pt-BR","potentialAction":[{"@type":"ReadAction","target":["https:\/\/www.suno.com.br\/noticias\/ibovespa-fecha-em-alta-de-005-a-101-52129-pontos-21082020\/"]}]},{"@type":"ImageObject","inLanguage":"pt-BR","@id":"https:\/\/www.suno.com.br\/noticias\/ibovespa-fecha-em-alta-de-005-a-101-52129-pontos-21082020\/#primaryimage","url":"https:\/\/files.sunoresearch.com.br\/n\/uploads\/2020\/04\/df2ea791-ibovespa-3.gif","contentUrl":"https:\/\/files.sunoresearch.com.br\/n\/uploads\/2020\/04\/df2ea791-ibovespa-3.gif","width":1380,"height":920,"caption":"Contrariando o \u00edndice futuro, o Ibovespa abriu em alta nesta sexta-feira (8), rompendo a marca de 123 mil pontos."},{"@type":"BreadcrumbList","@id":"https:\/\/www.suno.com.br\/noticias\/ibovespa-fecha-em-alta-de-005-a-101-52129-pontos-21082020\/#breadcrumb","itemListElement":[{"@type":"ListItem","position":1,"name":"Not\u00edcias","item":"https:\/\/www.suno.com.br\/noticias\/"},{"@type":"ListItem","position":2,"name":"Mercado","item":"https:\/\/www.suno.com.br\/noticias\/mercado\/"},{"@type":"ListItem","position":3,"name":"Ibovespa fecha em alta de 0,05%, a 101.521,29 pontos"}]},{"@type":"WebSite","@id":"https:\/\/www.suno.com.br\/noticias\/#website","url":"https:\/\/www.suno.com.br\/noticias\/","name":"Suno Not\u00edcias","description":"Seu portal de informa\u00e7\u00e3o sobre o mundo dos investimentos","publisher":{"@id":"https:\/\/www.suno.com.br\/noticias\/#organization"},"potentialAction":[{"@type":"SearchAction","target":{"@type":"EntryPoint","urlTemplate":"https:\/\/www.suno.com.br\/noticias\/?s={search_term_string}"},"query-input":{"@type":"PropertyValueSpecification","valueRequired":true,"valueName":"search_term_string"}}],"inLanguage":"pt-BR"},{"@type":"Organization","@id":"https:\/\/www.suno.com.br\/noticias\/#organization","name":"Suno Not\u00edcias","url":"https:\/\/www.suno.com.br\/noticias\/","logo":{"@type":"ImageObject","inLanguage":"pt-BR","@id":"https:\/\/www.suno.com.br\/noticias\/#\/schema\/logo\/image\/","url":"https:\/\/files.sunoresearch.com.br\/n\/uploads\/2021\/09\/suno-logo.png","contentUrl":"https:\/\/files.sunoresearch.com.br\/n\/uploads\/2021\/09\/suno-logo.png","width":180,"height":180,"caption":"Suno Not\u00edcias"},"image":{"@id":"https:\/\/www.suno.com.br\/noticias\/#\/schema\/logo\/image\/"},"sameAs":["https:\/\/facebook.com\/sunoresearch","https:\/\/x.com\/sunoresearch","https:\/\/www.instagram.com\/suno","https:\/\/www.linkedin.com\/company\/suno-research\/","https:\/\/www.youtube.com\/c\/sunoresearch"]},{"@type":"Person","@id":"https:\/\/www.suno.com.br\/noticias\/#\/schema\/person\/3df0d2808748b74496efe5dbeaef2c72","name":"Laura Moutinho","image":{"@type":"ImageObject","inLanguage":"pt-BR","@id":"https:\/\/www.suno.com.br\/noticias\/#\/schema\/person\/image\/","url":"https:\/\/secure.gravatar.com\/avatar\/7571c7c8ca3a6fca5e41384ece5557ff?s=96&r=g","contentUrl":"https:\/\/secure.gravatar.com\/avatar\/7571c7c8ca3a6fca5e41384ece5557ff?s=96&r=g","caption":"Laura Moutinho"},"description":"Estagi\u00e1ria na Suno Not\u00edcias, escreve not\u00edcias que afetam o mercado financeiro. Estuda administra\u00e7\u00e3o na Universidade Presbiteriana Mackenzie.","url":"https:\/\/www.suno.com.br\/noticias\/author\/laura-moutinho\/"}]}},"default_loop_html":"<div class=\"cardsPage__listCard__boxs\"><div class=\"cardsPage__listCard__boxs__img\"><a href=\"https:\/\/www.suno.com.br\/noticias\/ibovespa-fecha-em-alta-de-005-a-101-52129-pontos-21082020\/\"><img class=\"mask\" src=\"https:\/\/www.suno.com.br\/noticias\/wp-content\/themes\/suno\/resources\/images\/spotlight\/spotlight1img\/bg-mask.png\" alt=\"Image Mask\"\/><img src=\"https:\/\/files.sunoresearch.com.br\/n\/uploads\/2020\/04\/df2ea791-ibovespa-3-400x200.gif\" alt=\"Ibovespa fecha em alta de 0,05%, a 101.521,29 pontos\"\/><\/a><span class=\"spotlightCategory\"><a href=\"https:\/\/www.suno.com.br\/noticias\/mercado\/\">Mercado<\/a><\/span><\/div><div class=\"cardsPage__listCard__boxs__content\"><a href=\"https:\/\/www.suno.com.br\/noticias\/ibovespa-fecha-em-alta-de-005-a-101-52129-pontos-21082020\/\"><h2 class=\"content__title\">Ibovespa fecha em alta de 0,05%, a 101.521,29 pontos<\/h2><\/a><div class=\"newsContent__article__meta\"><div class=\"newsContent__article__meta__authorBox\"><a href=\"https:\/\/www.suno.com.br\/noticias\/author\/laura-moutinho\/\" class=\"authorBox__avatar noMobi\"><img src=\"https:\/\/files.sunoresearch.com.br\/n\/uploads\/2020\/08\/531ff69d-whatsapp-image-2020-08-03-at-14.54.38-150x150.webp\" alt=\"Laura Moutinho\"><\/a><div class=\"authorBox__name\"><span>por\n\t\t\t<a href=\"https:\/\/www.suno.com.br\/noticias\/author\/laura-moutinho\/\"><span itemprop=\"author\">Laura Moutinho<\/span><\/a><\/span><time datetime=\"2020-08-21T17:41:27-03:00\" itemprop=\"datePublished\">21\/08\/2020 17:41<\/time><\/div><\/div><\/div><\/div><\/div>","single_layout":"posts","amp_enabled":true,"_links":{"self":[{"href":"https:\/\/www.suno.com.br\/noticias\/wp-json\/wp\/v2\/posts\/79997"}],"collection":[{"href":"https:\/\/www.suno.com.br\/noticias\/wp-json\/wp\/v2\/posts"}],"about":[{"href":"https:\/\/www.suno.com.br\/noticias\/wp-json\/wp\/v2\/types\/post"}],"author":[{"embeddable":true,"href":"https:\/\/www.suno.com.br\/noticias\/wp-json\/wp\/v2\/users\/39"}],"replies":[{"embeddable":true,"href":"https:\/\/www.suno.com.br\/noticias\/wp-json\/wp\/v2\/comments?post=79997"}],"version-history":[{"count":1,"href":"https:\/\/www.suno.com.br\/noticias\/wp-json\/wp\/v2\/posts\/79997\/revisions"}],"predecessor-version":[{"id":152010,"href":"https:\/\/www.suno.com.br\/noticias\/wp-json\/wp\/v2\/posts\/79997\/revisions\/152010"}],"wp:featuredmedia":[{"embeddable":true,"href":"https:\/\/www.suno.com.br\/noticias\/wp-json\/wp\/v2\/media\/63054"}],"wp:attachment":[{"href":"https:\/\/www.suno.com.br\/noticias\/wp-json\/wp\/v2\/media?parent=79997"}],"wp:term":[{"taxonomy":"category","embeddable":true,"href":"https:\/\/www.suno.com.br\/noticias\/wp-json\/wp\/v2\/categories?post=79997"},{"taxonomy":"post_tag","embeddable":true,"href":"https:\/\/www.suno.com.br\/noticias\/wp-json\/wp\/v2\/tags?post=79997"},{"taxonomy":"suno_strategy","embeddable":true,"href":"https:\/\/www.suno.com.br\/noticias\/wp-json\/wp\/v2\/suno_strategy?post=79997"}],"curies":[{"name":"wp","href":"https:\/\/api.w.org\/{rel}","templated":true}]}}