{"id":79993,"date":"2020-08-21T17:32:48","date_gmt":"2020-08-21T20:32:48","guid":{"rendered":"https:\/\/www.suno.com.br\/noticias\/?p=79993"},"modified":"2021-06-13T23:34:57","modified_gmt":"2021-06-14T02:34:57","slug":"dolar-fecha-alta-dados-economicas-21082020","status":"publish","type":"post","link":"https:\/\/www.suno.com.br\/noticias\/dolar-fecha-alta-dados-economicas-21082020\/","title":{"rendered":"D\u00f3lar sobe 0,951%, acima dos R$ 5,60, com dados econ\u00f4micos"},"content":{"rendered":"<p>A moeda norte-americana subiu 0,951% na sess\u00e3o desta sexta-feira (21) em alta e a <a href=\"https:\/\/www.suno.com.br\/artigos\/dolar\/\">cota\u00e7\u00e3o do <strong>d\u00f3lar<\/strong><\/a> hoje fechou na casa dos R$ 5,6068, com preocupa\u00e7\u00f5es sobre o ritmo de recupera\u00e7\u00e3o da economia mundial.<\/p>\t<div class=\"wrapper-featured-image\">\n\t\t<figure class=\"spotlightImg\">\n\n\t\t\t<picture>\n\t\t\t\t<source media=\"(max-width: 768px)\" srcset=\"https:\/\/files.sunoresearch.com.br\/n\/uploads\/2018\/08\/9be94646-money-series-12-1238046-1919x1284-400x200.webp\">\n\t\t\t\t<img loading=\"lazy\" decoding=\"async\" class=\"newsContent__article__imgCapa lazyloadDisabled \" src=\"https:\/\/files.sunoresearch.com.br\/n\/uploads\/2018\/08\/9be94646-money-series-12-1238046-1919x1284-800x450.webp\" width=\"800\" height=\"450\" alt=\"D\u00f3lar sobe 0,951%, acima dos R$ 5,60, com dados econ\u00f4micos\" fetchpriority=high \/>\n\t\t\t<\/picture>\n\n\t\t\t<figcaption class=\"wp-caption-text wp-caption-text--show\">O d\u00f3lar hoje fechou em forte queda \u00e0 espera de uma defini\u00e7\u00e3o nos Estados Unidos<\/figcaption>\n\t\t<\/figure>\n\t<\/div>\n\n\n<div class=\"hubspot-form-wrapper\">\n\t<div id=\"single-form-target\"><\/div>\n<\/div>\n\n<p>Mesmo com a decis\u00e3o da C\u00e2mara dos Deputados, na \u00faltima quinta-feira (20), de reverter a vota\u00e7\u00e3o do Senado Federal e manter o veto presidencial, que impede a concess\u00e3o de reajustes salariais a servidores p\u00fablicos, o d\u00f3lar fechou em seu maior em tr\u00eas meses, na quarta alta consecutiva.<\/p>\n<p>O mercado mostrou cautela com a renovada preocupa\u00e7\u00e3o do ritmo de recupera\u00e7\u00e3o da economia mundial, enquanto, no Brasil, vem sendo afetado pelo receio com a ordem fiscal. Os investidores avaliam que, com a <a href=\"https:\/\/www.suno.com.br\/artigos\/taxa-de-juros-\/\">taxa de juros<\/a> em m\u00ednimas hist\u00f3ricas de 2,00% ao ano, n\u00e3o vale o risco do Brasil.<\/p>\n<p><a href=\"https:\/\/lp.suno.com.br\/suno-one\/\">No Suno One voc\u00ea aprende a fazer seu dinheiro trabalhar para voc\u00ea. Cadastre-se gratuitamente agora!<\/a><\/p>\n<p>Dessa forma, a moeda norte-americana acumulou nesta semana uma alta de 3,29%. No m\u00eas, o avan\u00e7o \u00e9 7,49%, ao passo que no acumulado anual o d\u00f3lar registra um crescimento de 39,85%.<\/p>\n<p>Al\u00e9m disso, o <a href=\"https:\/\/www.suno.com.br\/artigos\/bacen\/\">Banco Central (BC)<\/a> realizou leil\u00e3o de <a href=\"https:\/\/www.suno.com.br\/artigos\/swap\/\">swap tradicional<\/a> para rolagem de at\u00e9 12 mil contratos neste preg\u00e3o. Os pap\u00e9is possuem data de vencimento para mar\u00e7o e julho do pr\u00f3ximo ano.<\/p>\n<p>Com isso, veja as not\u00edcias que mexeram com o mercado de c\u00e2mbio nesta sexta-feira:<\/p>\n<ul>\n<li>Produ\u00e7\u00e3o industrial nos EUA cresce em agosto<\/li>\n<li>Caged: Brasil cria 131 mil vagas de trabalho em julho<\/li>\n<li>Recupera\u00e7\u00e3o econ\u00f4mica da zona do euro perde for\u00e7a<\/li>\n<\/ul>\n<h2>Produ\u00e7\u00e3o industrial nos EUA aumenta<\/h2>\n<p>O instituto IHS Markit registrou um aumento na <b>produ\u00e7\u00e3o industrial<\/b> da Europa, dos Estados Unidos e da Asia no m\u00eas de agosto. A economia norte-americana ganhou impulso, conforme empresas se livraram dos efeitos da crise induzida pela pandemia.<\/p>\n\t<div data-element=\"shortcode-read-more\" class=\"knowMore\">\n\t\t\t\t<span class=\"knowMore__title\">Saiba mais<\/span>\n\t\t\t\t<a class=\"knowMore__link\" href=\"https:\/\/www.suno.com.br\/noticias\/producao-industrial-aumenta-eua-apesar-recuar-outros-paises\/\">\n\t\t\tProdu\u00e7\u00e3o industrial aumenta nos EUA, apesar de recuar em outros pa\u00edses\t\t<\/a>\n\t<\/div>\n\n\n<p>Os dados indicam que as empresas estadunidenses est\u00e3o vendo a demanda retornar \u00e0 medida que o governo retira parte dos bloqueios na economia. O <strong>IHS Markit<\/strong> tamb\u00e9m indicou que a economia dos <strong>EUA<\/strong> tem sido capaz de resistir ao ressurgimento de casos de coronav\u00edrus, registrado em julho.<\/p>\n<h2>Brasil cria 131 mil vagas de trabalho em julho<\/h2>\n<p>O Minist\u00e9rio do Economia divulgou os n\u00fameros do <a href=\"https:\/\/www.suno.com.br\/artigos\/caged\/\">Cadastro Geral de Empregados e Desempregados <\/a><strong><a href=\"https:\/\/www.suno.com.br\/artigos\/caged\/\">(Caged)<\/a>,<\/strong> revelando que o Brasil criou 131 mil vagas de trabalho formais em julho.<\/p>\n\t<div data-element=\"shortcode-read-more\" class=\"knowMore\">\n\t\t\t\t<span class=\"knowMore__title\">Veja mais<\/span>\n\t\t\t\t<a class=\"knowMore__link\" href=\"https:\/\/www.suno.com.br\/noticias\/brasil-cria-131-empregos-caged-julho\/\">\n\t\t\tBrasil cria 131 mil vagas de trabalho em julho, mostra Caged\t\t<\/a>\n\t<\/div>\n\n\n<p>O saldo l\u00edquido de <strong>emprego<\/strong> formal em 2020 ficou negativo de 1,092 milh\u00e3o de vagas, enquanto o mesmo intervalo do ano anterior apresentou a abertura de 461.411 postos de trabalho. A evolu\u00e7\u00e3o do emprego formal no Pa\u00eds ocorre ap\u00f3s quatro meses de queda no n\u00fameros do indicador.<\/p>\n<h2>Recupera\u00e7\u00e3o econ\u00f4mica da zona do euro perde for\u00e7a<\/h2>\n<p>A recupera\u00e7\u00e3o econ\u00f4mica da <a href=\"https:\/\/www.suno.com.br\/artigos\/zona-do-euro\/\"><strong>zona do euro<\/strong><\/a> durante a pandemia estaria perdendo for\u00e7a ap\u00f3s v\u00e1rios meses de melhora, segundo pesquisa realizada pela consultoria IHS Markit. Segundo relat\u00f3rio, o \u00cdndice de Gerentes de Compras (PMI na s\u00edgla ingl\u00eas) da regi\u00e3o caiu para 51,6 em agosto, ante 54,9 em julho.<\/p>\n\t<div data-element=\"shortcode-read-more\" class=\"knowMore\">\n\t\t\t\t<span class=\"knowMore__title\">Acompanhe<\/span>\n\t\t\t\t<a class=\"knowMore__link\" href=\"https:\/\/www.suno.com.br\/noticias\/zona-do-euro-recuperacao-economica-perde-forca\/\">\n\t\t\tZona do Euro: recupera\u00e7\u00e3o econ\u00f4mica perde for\u00e7a, sugerem pesquisas\t\t<\/a>\n\t<\/div>\n\n\n<p>Embora uma leitura acima da marca de 50 indique que a maioria das empresas tiveram expans\u00e3o na atividade, ainda foi abaixo das expectativas de economistas. Ap\u00f3s uma contra\u00e7\u00e3o hist\u00f3rica de mais de 15% nos primeiros dois trimestres desse ano, os especialistas esperavam at\u00e9 que a economia da zona do euro se recuperasse fortemente no terceiro trimestre, apontou a pesquisa.<\/p>\n<h2>\u00daltima cota\u00e7\u00e3o do d\u00f3lar<\/h2>\n<p>Na \u00faltima sess\u00e3o, quinta-feira(20), a cota\u00e7\u00e3o do <strong>d\u00f3lar<\/strong> encerrou em alta de 0,429%, negociado a R$ 5,554.<\/p>\n\t<p>\n\t\t<a href=\"https:\/\/lp.suno.com.br\/planilha-de-controle-de-investimentos\/\" target=\"_blank\" data-element=\"shortcode-suno-banner\" title=\"Banner SUNO, clique e saiba mais\">\n\t\t\t<picture>\n\t\t\t\t<source media=\"(max-width: 500px)\" srcset=\"https:\/\/files.sunoresearch.com.br\/n\/uploads\/2023\/03\/400x300-Controle-de-Investimentos.png\">\n\t\t\t\t<img class=\"newsContent__article__imgCapa newsContent__article__imgCapa--banner\"\n\t\t\t\t\tsrc=\"https:\/\/files.sunoresearch.com.br\/n\/uploads\/2023\/03\/1420x240-Controle-de-Investimentos.png\"\n\t\t\t\t\tdata-promo-id=\"75934\"\t\t\t\t\t\t\t\t\t\twidth='1420' height='240'\t\t\t\t\talt=\"https:\/\/files.sunoresearch.com.br\/n\/uploads\/2023\/03\/1420x240-Controle-de-Investimentos.png\"\n\t\t\t\t>\n\t\t\t<\/picture>\n\t\t<\/a>\n\t<\/p>\n\n\n","protected":false},"excerpt":{"rendered":"<p>A moeda norte-americana subiu 0,951% na sess\u00e3o desta sexta-feira (21) em alta e a cota\u00e7\u00e3o do d\u00f3lar hoje fechou na casa dos R$ 5,6068, com preocupa\u00e7\u00f5es sobre o ritmo de recupera\u00e7\u00e3o da economia mundial. O d\u00f3lar hoje fechou em forte queda \u00e0 espera de uma defini\u00e7\u00e3o nos Estados Unidos Mesmo com a decis\u00e3o da C\u00e2mara [&hellip;]<\/p>\n","protected":false},"author":35,"featured_media":3046,"comment_status":"closed","ping_status":"closed","sticky":false,"template":"","format":"standard","meta":[],"categories":[60],"tags":[1261,793,820,991],"suno_strategy":[],"class_list":["post-79993","post","type-post","status-publish","format-standard","has-post-thumbnail","hentry","category-mercado","tag-caged","tag-estados-unidos-eua","tag-producao-industrial","tag-zona-do-euro"],"yoast_head":"<!-- This site is optimized with the Yoast SEO plugin v24.4 - https:\/\/yoast.com\/wordpress\/plugins\/seo\/ -->\n<title>D\u00f3lar sobe 0,951%, acima dos R$ 5,60, com dados econ\u00f4micos<\/title>\n<meta name=\"description\" content=\"A cota\u00e7\u00e3o do d\u00f3lar hoje fechou na casa dos R$ 5,6068, em uma alta de 0,951%, com preocupa\u00e7\u00f5es sobre economia mundial. Clique para saber mais\" \/>\n<meta name=\"robots\" content=\"index, follow, max-snippet:-1, max-image-preview:large, max-video-preview:-1\" \/>\n<link rel=\"canonical\" href=\"https:\/\/www.suno.com.br\/noticias\/dolar-fecha-alta-dados-economicas-21082020\/\" \/>\n<meta property=\"og:locale\" content=\"pt_BR\" \/>\n<meta property=\"og:type\" content=\"article\" \/>\n<meta property=\"og:title\" content=\"D\u00f3lar sobe 0,951%, acima dos R$ 5,60, com dados econ\u00f4micos\" \/>\n<meta property=\"og:description\" content=\"A cota\u00e7\u00e3o do d\u00f3lar hoje fechou na casa dos R$ 5,6068, em uma alta de 0,951%, com preocupa\u00e7\u00f5es sobre economia mundial. Clique para saber mais\" \/>\n<meta property=\"og:url\" content=\"https:\/\/www.suno.com.br\/noticias\/dolar-fecha-alta-dados-economicas-21082020\/\" \/>\n<meta property=\"og:site_name\" content=\"Suno Not\u00edcias\" \/>\n<meta property=\"article:publisher\" content=\"https:\/\/facebook.com\/sunoresearch\" \/>\n<meta property=\"og:image\" content=\"https:\/\/files.sunoresearch.com.br\/n\/uploads\/2018\/08\/9be94646-money-series-12-1238046-1919x1284.jpg\" \/>\n\t<meta property=\"og:image:width\" content=\"1919\" \/>\n\t<meta property=\"og:image:height\" content=\"1285\" \/>\n\t<meta property=\"og:image:type\" content=\"image\/jpeg\" \/>\n<meta name=\"author\" content=\"Arthur Guimar\u00e3es\" \/>\n<meta name=\"twitter:card\" content=\"summary_large_image\" \/>\n<meta name=\"twitter:creator\" content=\"@sunoresearch\" \/>\n<meta name=\"twitter:site\" content=\"@sunoresearch\" \/>\n<meta name=\"twitter:label1\" content=\"Escrito por\" \/>\n\t<meta name=\"twitter:data1\" content=\"Arthur Guimar\u00e3es\" \/>\n\t<meta name=\"twitter:label2\" content=\"Est. tempo de leitura\" \/>\n\t<meta name=\"twitter:data2\" content=\"3 minutos\" \/>\n<script type=\"application\/ld+json\" class=\"yoast-schema-graph\">{\"@context\":\"https:\/\/schema.org\",\"@graph\":[{\"@type\":\"NewsArticle\",\"@id\":\"https:\/\/www.suno.com.br\/noticias\/dolar-fecha-alta-dados-economicas-21082020\/#article\",\"isPartOf\":{\"@id\":\"https:\/\/www.suno.com.br\/noticias\/dolar-fecha-alta-dados-economicas-21082020\/\"},\"author\":{\"name\":\"Arthur Guimar\u00e3es\",\"@id\":\"https:\/\/www.suno.com.br\/noticias\/#\/schema\/person\/053a750a709a263919a20f976caae91c\"},\"headline\":\"D\u00f3lar sobe 0,951%, acima dos R$ 5,60, com dados econ\u00f4micos\",\"datePublished\":\"2020-08-21T20:32:48+00:00\",\"dateModified\":\"2021-06-14T02:34:57+00:00\",\"mainEntityOfPage\":{\"@id\":\"https:\/\/www.suno.com.br\/noticias\/dolar-fecha-alta-dados-economicas-21082020\/\"},\"wordCount\":648,\"publisher\":{\"@id\":\"https:\/\/www.suno.com.br\/noticias\/#organization\"},\"image\":{\"@id\":\"https:\/\/www.suno.com.br\/noticias\/dolar-fecha-alta-dados-economicas-21082020\/#primaryimage\"},\"thumbnailUrl\":\"https:\/\/files.sunoresearch.com.br\/n\/uploads\/2018\/08\/9be94646-money-series-12-1238046-1919x1284-jpg.webp\",\"keywords\":[\"Caged\",\"Estados Unidos (EUA)\",\"produ\u00e7\u00e3o industrial\",\"zona do euro\"],\"articleSection\":[\"Mercado\"],\"inLanguage\":\"pt-BR\"},{\"@type\":\"WebPage\",\"@id\":\"https:\/\/www.suno.com.br\/noticias\/dolar-fecha-alta-dados-economicas-21082020\/\",\"url\":\"https:\/\/www.suno.com.br\/noticias\/dolar-fecha-alta-dados-economicas-21082020\/\",\"name\":\"D\u00f3lar sobe 0,951%, acima dos R$ 5,60, com dados econ\u00f4micos\",\"isPartOf\":{\"@id\":\"https:\/\/www.suno.com.br\/noticias\/#website\"},\"primaryImageOfPage\":{\"@id\":\"https:\/\/www.suno.com.br\/noticias\/dolar-fecha-alta-dados-economicas-21082020\/#primaryimage\"},\"image\":{\"@id\":\"https:\/\/www.suno.com.br\/noticias\/dolar-fecha-alta-dados-economicas-21082020\/#primaryimage\"},\"thumbnailUrl\":\"https:\/\/files.sunoresearch.com.br\/n\/uploads\/2018\/08\/9be94646-money-series-12-1238046-1919x1284-jpg.webp\",\"datePublished\":\"2020-08-21T20:32:48+00:00\",\"dateModified\":\"2021-06-14T02:34:57+00:00\",\"description\":\"A cota\u00e7\u00e3o do d\u00f3lar hoje fechou na casa dos R$ 5,6068, em uma alta de 0,951%, com preocupa\u00e7\u00f5es sobre economia mundial. Clique para saber mais\",\"breadcrumb\":{\"@id\":\"https:\/\/www.suno.com.br\/noticias\/dolar-fecha-alta-dados-economicas-21082020\/#breadcrumb\"},\"inLanguage\":\"pt-BR\",\"potentialAction\":[{\"@type\":\"ReadAction\",\"target\":[\"https:\/\/www.suno.com.br\/noticias\/dolar-fecha-alta-dados-economicas-21082020\/\"]}]},{\"@type\":\"ImageObject\",\"inLanguage\":\"pt-BR\",\"@id\":\"https:\/\/www.suno.com.br\/noticias\/dolar-fecha-alta-dados-economicas-21082020\/#primaryimage\",\"url\":\"https:\/\/files.sunoresearch.com.br\/n\/uploads\/2018\/08\/9be94646-money-series-12-1238046-1919x1284-jpg.webp\",\"contentUrl\":\"https:\/\/files.sunoresearch.com.br\/n\/uploads\/2018\/08\/9be94646-money-series-12-1238046-1919x1284-jpg.webp\",\"width\":1919,\"height\":1285,\"caption\":\"O d\u00f3lar hoje fechou em forte queda \u00e0 espera de uma defini\u00e7\u00e3o nos Estados Unidos\"},{\"@type\":\"BreadcrumbList\",\"@id\":\"https:\/\/www.suno.com.br\/noticias\/dolar-fecha-alta-dados-economicas-21082020\/#breadcrumb\",\"itemListElement\":[{\"@type\":\"ListItem\",\"position\":1,\"name\":\"Not\u00edcias\",\"item\":\"https:\/\/www.suno.com.br\/noticias\/\"},{\"@type\":\"ListItem\",\"position\":2,\"name\":\"Mercado\",\"item\":\"https:\/\/www.suno.com.br\/noticias\/mercado\/\"},{\"@type\":\"ListItem\",\"position\":3,\"name\":\"D\u00f3lar sobe 0,951%, acima dos R$ 5,60, com dados econ\u00f4micos\"}]},{\"@type\":\"WebSite\",\"@id\":\"https:\/\/www.suno.com.br\/noticias\/#website\",\"url\":\"https:\/\/www.suno.com.br\/noticias\/\",\"name\":\"Suno Not\u00edcias\",\"description\":\"Seu portal de informa\u00e7\u00e3o sobre o mundo dos investimentos\",\"publisher\":{\"@id\":\"https:\/\/www.suno.com.br\/noticias\/#organization\"},\"potentialAction\":[{\"@type\":\"SearchAction\",\"target\":{\"@type\":\"EntryPoint\",\"urlTemplate\":\"https:\/\/www.suno.com.br\/noticias\/?s={search_term_string}\"},\"query-input\":{\"@type\":\"PropertyValueSpecification\",\"valueRequired\":true,\"valueName\":\"search_term_string\"}}],\"inLanguage\":\"pt-BR\"},{\"@type\":\"Organization\",\"@id\":\"https:\/\/www.suno.com.br\/noticias\/#organization\",\"name\":\"Suno Not\u00edcias\",\"url\":\"https:\/\/www.suno.com.br\/noticias\/\",\"logo\":{\"@type\":\"ImageObject\",\"inLanguage\":\"pt-BR\",\"@id\":\"https:\/\/www.suno.com.br\/noticias\/#\/schema\/logo\/image\/\",\"url\":\"https:\/\/files.sunoresearch.com.br\/n\/uploads\/2021\/09\/suno-logo.png\",\"contentUrl\":\"https:\/\/files.sunoresearch.com.br\/n\/uploads\/2021\/09\/suno-logo.png\",\"width\":180,\"height\":180,\"caption\":\"Suno Not\u00edcias\"},\"image\":{\"@id\":\"https:\/\/www.suno.com.br\/noticias\/#\/schema\/logo\/image\/\"},\"sameAs\":[\"https:\/\/facebook.com\/sunoresearch\",\"https:\/\/x.com\/sunoresearch\",\"https:\/\/www.instagram.com\/suno\",\"https:\/\/www.linkedin.com\/company\/suno-research\/\",\"https:\/\/www.youtube.com\/c\/sunoresearch\"]},{\"@type\":\"Person\",\"@id\":\"https:\/\/www.suno.com.br\/noticias\/#\/schema\/person\/053a750a709a263919a20f976caae91c\",\"name\":\"Arthur Guimar\u00e3es\",\"image\":{\"@type\":\"ImageObject\",\"inLanguage\":\"pt-BR\",\"@id\":\"https:\/\/www.suno.com.br\/noticias\/#\/schema\/person\/image\/\",\"url\":\"https:\/\/secure.gravatar.com\/avatar\/1affd86a11209ae09eb6dd3bcad3e96c?s=96&r=g\",\"contentUrl\":\"https:\/\/secure.gravatar.com\/avatar\/1affd86a11209ae09eb6dd3bcad3e96c?s=96&r=g\",\"caption\":\"Arthur Guimar\u00e3es\"},\"description\":\"Arthur Guimar\u00e3es escreve sobre pol\u00edtica, economia e neg\u00f3cios para o portal de not\u00edcias da Suno Research. Atualmente, \u00e9 estudante de jornalismo pela Faculdade C\u00e1sper L\u00edbero.\",\"url\":\"https:\/\/www.suno.com.br\/noticias\/author\/arthur-guimaraes\/\"}]}<\/script>\n<!-- \/ Yoast SEO plugin. -->","yoast_head_json":{"title":"D\u00f3lar sobe 0,951%, acima dos R$ 5,60, com dados econ\u00f4micos","description":"A cota\u00e7\u00e3o do d\u00f3lar hoje fechou na casa dos R$ 5,6068, em uma alta de 0,951%, com preocupa\u00e7\u00f5es sobre economia mundial. Clique para saber mais","robots":{"index":"index","follow":"follow","max-snippet":"max-snippet:-1","max-image-preview":"max-image-preview:large","max-video-preview":"max-video-preview:-1"},"canonical":"https:\/\/www.suno.com.br\/noticias\/dolar-fecha-alta-dados-economicas-21082020\/","og_locale":"pt_BR","og_type":"article","og_title":"D\u00f3lar sobe 0,951%, acima dos R$ 5,60, com dados econ\u00f4micos","og_description":"A cota\u00e7\u00e3o do d\u00f3lar hoje fechou na casa dos R$ 5,6068, em uma alta de 0,951%, com preocupa\u00e7\u00f5es sobre economia mundial. Clique para saber mais","og_url":"https:\/\/www.suno.com.br\/noticias\/dolar-fecha-alta-dados-economicas-21082020\/","og_site_name":"Suno Not\u00edcias","article_publisher":"https:\/\/facebook.com\/sunoresearch","og_image":[{"width":1919,"height":1285,"url":"https:\/\/files.sunoresearch.com.br\/n\/uploads\/2018\/08\/9be94646-money-series-12-1238046-1919x1284.jpg","type":"image\/jpeg"}],"author":"Arthur Guimar\u00e3es","twitter_card":"summary_large_image","twitter_creator":"@sunoresearch","twitter_site":"@sunoresearch","twitter_misc":{"Escrito por":"Arthur Guimar\u00e3es","Est. tempo de leitura":"3 minutos"},"schema":{"@context":"https:\/\/schema.org","@graph":[{"@type":"NewsArticle","@id":"https:\/\/www.suno.com.br\/noticias\/dolar-fecha-alta-dados-economicas-21082020\/#article","isPartOf":{"@id":"https:\/\/www.suno.com.br\/noticias\/dolar-fecha-alta-dados-economicas-21082020\/"},"author":{"name":"Arthur Guimar\u00e3es","@id":"https:\/\/www.suno.com.br\/noticias\/#\/schema\/person\/053a750a709a263919a20f976caae91c"},"headline":"D\u00f3lar sobe 0,951%, acima dos R$ 5,60, com dados econ\u00f4micos","datePublished":"2020-08-21T20:32:48+00:00","dateModified":"2021-06-14T02:34:57+00:00","mainEntityOfPage":{"@id":"https:\/\/www.suno.com.br\/noticias\/dolar-fecha-alta-dados-economicas-21082020\/"},"wordCount":648,"publisher":{"@id":"https:\/\/www.suno.com.br\/noticias\/#organization"},"image":{"@id":"https:\/\/www.suno.com.br\/noticias\/dolar-fecha-alta-dados-economicas-21082020\/#primaryimage"},"thumbnailUrl":"https:\/\/files.sunoresearch.com.br\/n\/uploads\/2018\/08\/9be94646-money-series-12-1238046-1919x1284-jpg.webp","keywords":["Caged","Estados Unidos (EUA)","produ\u00e7\u00e3o industrial","zona do euro"],"articleSection":["Mercado"],"inLanguage":"pt-BR"},{"@type":"WebPage","@id":"https:\/\/www.suno.com.br\/noticias\/dolar-fecha-alta-dados-economicas-21082020\/","url":"https:\/\/www.suno.com.br\/noticias\/dolar-fecha-alta-dados-economicas-21082020\/","name":"D\u00f3lar sobe 0,951%, acima dos R$ 5,60, com dados econ\u00f4micos","isPartOf":{"@id":"https:\/\/www.suno.com.br\/noticias\/#website"},"primaryImageOfPage":{"@id":"https:\/\/www.suno.com.br\/noticias\/dolar-fecha-alta-dados-economicas-21082020\/#primaryimage"},"image":{"@id":"https:\/\/www.suno.com.br\/noticias\/dolar-fecha-alta-dados-economicas-21082020\/#primaryimage"},"thumbnailUrl":"https:\/\/files.sunoresearch.com.br\/n\/uploads\/2018\/08\/9be94646-money-series-12-1238046-1919x1284-jpg.webp","datePublished":"2020-08-21T20:32:48+00:00","dateModified":"2021-06-14T02:34:57+00:00","description":"A cota\u00e7\u00e3o do d\u00f3lar hoje fechou na casa dos R$ 5,6068, em uma alta de 0,951%, com preocupa\u00e7\u00f5es sobre economia mundial. Clique para saber mais","breadcrumb":{"@id":"https:\/\/www.suno.com.br\/noticias\/dolar-fecha-alta-dados-economicas-21082020\/#breadcrumb"},"inLanguage":"pt-BR","potentialAction":[{"@type":"ReadAction","target":["https:\/\/www.suno.com.br\/noticias\/dolar-fecha-alta-dados-economicas-21082020\/"]}]},{"@type":"ImageObject","inLanguage":"pt-BR","@id":"https:\/\/www.suno.com.br\/noticias\/dolar-fecha-alta-dados-economicas-21082020\/#primaryimage","url":"https:\/\/files.sunoresearch.com.br\/n\/uploads\/2018\/08\/9be94646-money-series-12-1238046-1919x1284-jpg.webp","contentUrl":"https:\/\/files.sunoresearch.com.br\/n\/uploads\/2018\/08\/9be94646-money-series-12-1238046-1919x1284-jpg.webp","width":1919,"height":1285,"caption":"O d\u00f3lar hoje fechou em forte queda \u00e0 espera de uma defini\u00e7\u00e3o nos Estados Unidos"},{"@type":"BreadcrumbList","@id":"https:\/\/www.suno.com.br\/noticias\/dolar-fecha-alta-dados-economicas-21082020\/#breadcrumb","itemListElement":[{"@type":"ListItem","position":1,"name":"Not\u00edcias","item":"https:\/\/www.suno.com.br\/noticias\/"},{"@type":"ListItem","position":2,"name":"Mercado","item":"https:\/\/www.suno.com.br\/noticias\/mercado\/"},{"@type":"ListItem","position":3,"name":"D\u00f3lar sobe 0,951%, acima dos R$ 5,60, com dados econ\u00f4micos"}]},{"@type":"WebSite","@id":"https:\/\/www.suno.com.br\/noticias\/#website","url":"https:\/\/www.suno.com.br\/noticias\/","name":"Suno Not\u00edcias","description":"Seu portal de informa\u00e7\u00e3o sobre o mundo dos investimentos","publisher":{"@id":"https:\/\/www.suno.com.br\/noticias\/#organization"},"potentialAction":[{"@type":"SearchAction","target":{"@type":"EntryPoint","urlTemplate":"https:\/\/www.suno.com.br\/noticias\/?s={search_term_string}"},"query-input":{"@type":"PropertyValueSpecification","valueRequired":true,"valueName":"search_term_string"}}],"inLanguage":"pt-BR"},{"@type":"Organization","@id":"https:\/\/www.suno.com.br\/noticias\/#organization","name":"Suno Not\u00edcias","url":"https:\/\/www.suno.com.br\/noticias\/","logo":{"@type":"ImageObject","inLanguage":"pt-BR","@id":"https:\/\/www.suno.com.br\/noticias\/#\/schema\/logo\/image\/","url":"https:\/\/files.sunoresearch.com.br\/n\/uploads\/2021\/09\/suno-logo.png","contentUrl":"https:\/\/files.sunoresearch.com.br\/n\/uploads\/2021\/09\/suno-logo.png","width":180,"height":180,"caption":"Suno Not\u00edcias"},"image":{"@id":"https:\/\/www.suno.com.br\/noticias\/#\/schema\/logo\/image\/"},"sameAs":["https:\/\/facebook.com\/sunoresearch","https:\/\/x.com\/sunoresearch","https:\/\/www.instagram.com\/suno","https:\/\/www.linkedin.com\/company\/suno-research\/","https:\/\/www.youtube.com\/c\/sunoresearch"]},{"@type":"Person","@id":"https:\/\/www.suno.com.br\/noticias\/#\/schema\/person\/053a750a709a263919a20f976caae91c","name":"Arthur Guimar\u00e3es","image":{"@type":"ImageObject","inLanguage":"pt-BR","@id":"https:\/\/www.suno.com.br\/noticias\/#\/schema\/person\/image\/","url":"https:\/\/secure.gravatar.com\/avatar\/1affd86a11209ae09eb6dd3bcad3e96c?s=96&r=g","contentUrl":"https:\/\/secure.gravatar.com\/avatar\/1affd86a11209ae09eb6dd3bcad3e96c?s=96&r=g","caption":"Arthur Guimar\u00e3es"},"description":"Arthur Guimar\u00e3es escreve sobre pol\u00edtica, economia e neg\u00f3cios para o portal de not\u00edcias da Suno Research. Atualmente, \u00e9 estudante de jornalismo pela Faculdade C\u00e1sper L\u00edbero.","url":"https:\/\/www.suno.com.br\/noticias\/author\/arthur-guimaraes\/"}]}},"default_loop_html":"<div class=\"cardsPage__listCard__boxs\"><div class=\"cardsPage__listCard__boxs__img\"><a href=\"https:\/\/www.suno.com.br\/noticias\/dolar-fecha-alta-dados-economicas-21082020\/\"><img class=\"mask\" src=\"https:\/\/www.suno.com.br\/noticias\/wp-content\/themes\/suno\/resources\/images\/spotlight\/spotlight1img\/bg-mask.png\" alt=\"Image Mask\"\/><img src=\"https:\/\/files.sunoresearch.com.br\/n\/uploads\/2018\/08\/9be94646-money-series-12-1238046-1919x1284-400x200.webp\" alt=\"D\u00f3lar sobe 0,951%, acima dos R$ 5,60, com dados econ\u00f4micos\"\/><\/a><span class=\"spotlightCategory\"><a href=\"https:\/\/www.suno.com.br\/noticias\/mercado\/\">Mercado<\/a><\/span><\/div><div class=\"cardsPage__listCard__boxs__content\"><a href=\"https:\/\/www.suno.com.br\/noticias\/dolar-fecha-alta-dados-economicas-21082020\/\"><h2 class=\"content__title\">D\u00f3lar sobe 0,951%, acima dos R$ 5,60, com dados econ\u00f4micos<\/h2><\/a><div class=\"newsContent__article__meta\"><div class=\"newsContent__article__meta__authorBox\"><a href=\"https:\/\/www.suno.com.br\/noticias\/author\/arthur-guimaraes\/\" class=\"authorBox__avatar noMobi\"><img src=\"https:\/\/files.sunoresearch.com.br\/n\/uploads\/2020\/02\/dfb40897-eu-150x150.webp\" alt=\"Arthur Guimar\u00e3es\"><\/a><div class=\"authorBox__name\"><span>por\n\t\t\t<a href=\"https:\/\/www.suno.com.br\/noticias\/author\/arthur-guimaraes\/\"><span itemprop=\"author\">Arthur Guimar\u00e3es<\/span><\/a><\/span><time datetime=\"2020-08-21T17:32:48-03:00\" itemprop=\"datePublished\">21\/08\/2020 17:32<\/time><\/div><\/div><\/div><\/div><\/div>","single_layout":"posts","amp_enabled":true,"_links":{"self":[{"href":"https:\/\/www.suno.com.br\/noticias\/wp-json\/wp\/v2\/posts\/79993"}],"collection":[{"href":"https:\/\/www.suno.com.br\/noticias\/wp-json\/wp\/v2\/posts"}],"about":[{"href":"https:\/\/www.suno.com.br\/noticias\/wp-json\/wp\/v2\/types\/post"}],"author":[{"embeddable":true,"href":"https:\/\/www.suno.com.br\/noticias\/wp-json\/wp\/v2\/users\/35"}],"replies":[{"embeddable":true,"href":"https:\/\/www.suno.com.br\/noticias\/wp-json\/wp\/v2\/comments?post=79993"}],"version-history":[{"count":1,"href":"https:\/\/www.suno.com.br\/noticias\/wp-json\/wp\/v2\/posts\/79993\/revisions"}],"predecessor-version":[{"id":156947,"href":"https:\/\/www.suno.com.br\/noticias\/wp-json\/wp\/v2\/posts\/79993\/revisions\/156947"}],"wp:featuredmedia":[{"embeddable":true,"href":"https:\/\/www.suno.com.br\/noticias\/wp-json\/wp\/v2\/media\/3046"}],"wp:attachment":[{"href":"https:\/\/www.suno.com.br\/noticias\/wp-json\/wp\/v2\/media?parent=79993"}],"wp:term":[{"taxonomy":"category","embeddable":true,"href":"https:\/\/www.suno.com.br\/noticias\/wp-json\/wp\/v2\/categories?post=79993"},{"taxonomy":"post_tag","embeddable":true,"href":"https:\/\/www.suno.com.br\/noticias\/wp-json\/wp\/v2\/tags?post=79993"},{"taxonomy":"suno_strategy","embeddable":true,"href":"https:\/\/www.suno.com.br\/noticias\/wp-json\/wp\/v2\/suno_strategy?post=79993"}],"curies":[{"name":"wp","href":"https:\/\/api.w.org\/{rel}","templated":true}]}}