{"id":79929,"date":"2020-08-21T15:44:04","date_gmt":"2020-08-21T18:44:04","guid":{"rendered":"https:\/\/www.suno.com.br\/noticias\/?p=79929"},"modified":"2020-08-21T15:44:04","modified_gmt":"2020-08-21T18:44:04","slug":"producao-industrial-aumenta-eua-apesar-recuar-outros-paises","status":"publish","type":"post","link":"https:\/\/www.suno.com.br\/noticias\/producao-industrial-aumenta-eua-apesar-recuar-outros-paises\/","title":{"rendered":"Produ\u00e7\u00e3o industrial aumenta nos EUA, apesar de recuar em outros pa\u00edses"},"content":{"rendered":"<p>O instituto IHS Markit divulgou nesta sexta-feira (21) um aumento na <b>produ\u00e7\u00e3o industrial<\/b> da Europa, EUA e Asia durante o m\u00eas de agosto. A economia norte-americana ganhou impulso este m\u00eas, \u00e0 medida que as empresas se livraram dos efeitos da crise induzida pela pandemia do coronav\u00edrus (covi-19), embora a recupera\u00e7\u00e3o em outras partes do mundo tenha desacelerado.<\/p>\t<div class=\"wrapper-featured-image\">\n\t\t<figure class=\"spotlightImg\">\n\n\t\t\t<picture>\n\t\t\t\t<source media=\"(max-width: 768px)\" srcset=\"https:\/\/files.sunoresearch.com.br\/n\/uploads\/2020\/08\/7d330f6d-produ\u00e7\u00e3o-industrial-foi-um-dos-primeiros-setores-da-economia-a-sentir-os-efeitos-da-pandemia-400x200.webp\">\n\t\t\t\t<img loading=\"lazy\" decoding=\"async\" class=\"newsContent__article__imgCapa lazyloadDisabled \" src=\"https:\/\/files.sunoresearch.com.br\/n\/uploads\/2020\/08\/7d330f6d-produ\u00e7\u00e3o-industrial-foi-um-dos-primeiros-setores-da-economia-a-sentir-os-efeitos-da-pandemia-800x450.webp\" width=\"800\" height=\"450\" alt=\"Produ\u00e7\u00e3o industrial aumenta nos EUA, apesar de recuar em outros pa\u00edses\" fetchpriority=high \/>\n\t\t\t<\/picture>\n\n\t\t\t<figcaption class=\"wp-caption-text wp-caption-text--show\">Produ\u00e7\u00e3o industrial foi um dos primeiros setores da economia a sentir os efeitos da pandemia<\/figcaption>\n\t\t<\/figure>\n\t<\/div>\n\n\n<div class=\"hubspot-form-wrapper\">\n\t<div id=\"single-form-target\"><\/div>\n<\/div>\n\n<p>Os dados divulgados na sexta-feira sugerem que as empresas americanas est\u00e3o vendo a demanda retornar \u00e0 medida que o governo retira parte dos bloqueios na economia. O <strong>IHS Markit<\/strong> tamb\u00e9m indicou que a economia dos <strong>EUA<\/strong> tem sido capaz de resistir ao ressurgimento de casos de coronav\u00edrus, registrado em julho.<\/p>\n<p>Nos <strong>EUA<\/strong>, duas pesquisas com empresas mostraram melhora na produ\u00e7\u00e3o industrial. O \u00edndice de fabrica\u00e7\u00e3o da IHS Markit, que mede a atividade nas f\u00e1bricas, aumentou para 54,7 pontos neste m\u00eas, comparado com 50,3 em julho. Outra pesquisa realizada pelo <strong>Institute for Supply Management<\/strong> disse separadamente que seu \u00edndice de fabrica\u00e7\u00e3o em agosto subiu para 53,6, ante 50,9 pontos no m\u00eas anterior. Vale lembrar que um n\u00edvel abaixo de 50 indica contra\u00e7\u00e3o, enquanto um n\u00edvel acima de 50 sinaliza expans\u00e3o.<\/p>\n<p><a href=\"https:\/\/lp.suno.com.br\/suno-one\/\">No Suno One voc\u00ea aprende a fazer seu dinheiro trabalhar para voc\u00ea. Cadastre-se gratuitamente agora!<\/a><\/p>\n<p>\u201c\u00c9 s\u00f3lido\u201d, disse<strong> Michael Pearce<\/strong>, economista s\u00eanior da <strong>Capital Economics<\/strong>, ao jornal &#8220;The Wall Street Journal&#8221;. \u201cTivemos alguns motivos para nos preocupar com a possibilidade da recupera\u00e7\u00e3o ter perdido sua for\u00e7a, mas isso parece n\u00e3o ter se materializado. A economia parece estar em alta\u201d.<\/p>\n<h2>Nem todos os indicadores apontam para uma recupera\u00e7\u00e3o da produ\u00e7\u00e3o industrial<\/h2>\n<p>Agora, economistas alertam que o ambiente econ\u00f4mico incomum, marcado por uma contra\u00e7\u00e3o aguda e profunda no primeiro semestre, torna mais dif\u00edcil o trabalho de interpretar os indicadores recentes. Um exemplo \u00e9 o fato do <a href=\"https:\/\/www.suno.com.br\/artigos\/pib-produto-interno-bruto\/\">Produto Interno Bruto (<strong>PIB<\/strong>)<\/a> dos EUA cair a uma taxa anualizada de 32,9% no segundo trimestre, a pior contra\u00e7\u00e3o j\u00e1 registrada, disse o Departamento de Com\u00e9rcio.<\/p>\n<p>Outros indicadores tamb\u00e9m sugerem que a economia dos EUA continua vulner\u00e1vel. O n\u00famero de solicita\u00e7\u00f5es do<a href=\"https:\/\/www.suno.com.br\/noticias\/eua-retornam-a-registrar-mais-de-1-milhao-de-pedidos-de-seguro-desemprego-20082020\/\"> seguro-desemprego nos EUA foi de 1,106 milh\u00e3o<\/a> na semana encerrada em 15 de agosto. Em compara\u00e7\u00e3o com a semana passada houve aumento de 135 mil pedidos.<\/p>\n<p>O <a href=\"https:\/\/www.suno.com.br\/artigos\/fed\/\">Federal Reserve (<strong>Fed<\/strong>)<\/a> disse na semana passada que a produ\u00e7\u00e3o industrial ainda estava 8,2% abaixo do n\u00edvel registrado em 2019. As reservas de restaurantes est\u00e3o cerca de 50% menores do que estavam h\u00e1 um ano, de acordo com o aplicativo <strong>OpenTable<\/strong>, uma melhoria em rela\u00e7\u00e3o a abril e maio, quando eram quase totalmente inexistentes.<\/p>\n<p><a href=\"https:\/\/www.suno.com.br\/noticias\/producao-industrial-dos-estados-unidos-avanca-3-em-julho\/\">Veja tamb\u00e9m: Produ\u00e7\u00e3o industrial dos Estados Unidos avan\u00e7a 3% em julho<\/a><\/p>\n<p>Um aumento na demanda impulsionou a expans\u00e3o de agosto, disse a IHS Markit, gra\u00e7as ao retorno de clientes, novas campanhas de marketing e \u00e0 redu\u00e7\u00e3o de bloqueios no exterior, o que ajudou a impulsionar as exporta\u00e7\u00f5es. Sua pesquisa com l\u00edderes de neg\u00f3cios para obter uma vis\u00e3o geral das condi\u00e7\u00f5es operacionais no setor industrial, indicou que permaneceram otimistas em rela\u00e7\u00e3o aos pr\u00f3ximos 12 meses, embora expressassem preocupa\u00e7\u00e3o com a pandemia.<\/p>\n\n","protected":false},"excerpt":{"rendered":"<p>O instituto IHS Markit divulgou nesta sexta-feira (21) um aumento na produ\u00e7\u00e3o industrial da Europa, EUA e Asia durante o m\u00eas de agosto. A economia norte-americana ganhou impulso este m\u00eas, \u00e0 medida que as empresas se livraram dos efeitos da crise induzida pela pandemia do coronav\u00edrus (covi-19), embora a recupera\u00e7\u00e3o em outras partes do mundo [&hellip;]<\/p>\n","protected":false},"author":44,"featured_media":79951,"comment_status":"closed","ping_status":"closed","sticky":false,"template":"","format":"standard","meta":[],"categories":[62,63],"tags":[45096,2487,793,2748,820,807],"suno_strategy":[],"class_list":["post-79929","post","type-post","status-publish","format-standard","has-post-thumbnail","hentry","category-economia","category-internacional","tag-atividade-economica","tag-coronavirus","tag-estados-unidos-eua","tag-pandemia","tag-producao-industrial","tag-produto-interno-bruto-pib"],"yoast_head":"<!-- This site is optimized with the Yoast SEO plugin v24.4 - https:\/\/yoast.com\/wordpress\/plugins\/seo\/ -->\n<title>Produ\u00e7\u00e3o industrial aumenta nos EUA, apesar de recuar em outros pa\u00edses<\/title>\n<meta name=\"description\" content=\"O instituto IHS Markit divulgou um aumento na produ\u00e7\u00e3o industrial da Europa, EUA e Asia durante o m\u00eas de agosto. Clique para ver mais.\" \/>\n<meta name=\"robots\" content=\"index, follow, max-snippet:-1, max-image-preview:large, max-video-preview:-1\" \/>\n<link rel=\"canonical\" href=\"https:\/\/www.suno.com.br\/noticias\/producao-industrial-aumenta-eua-apesar-recuar-outros-paises\/\" \/>\n<meta property=\"og:locale\" content=\"pt_BR\" \/>\n<meta property=\"og:type\" content=\"article\" \/>\n<meta property=\"og:title\" content=\"Produ\u00e7\u00e3o industrial aumenta nos EUA, apesar de recuar em outros pa\u00edses\" \/>\n<meta property=\"og:description\" content=\"O instituto IHS Markit divulgou um aumento na produ\u00e7\u00e3o industrial da Europa, EUA e Asia durante o m\u00eas de agosto. Clique para ver mais.\" \/>\n<meta property=\"og:url\" content=\"https:\/\/www.suno.com.br\/noticias\/producao-industrial-aumenta-eua-apesar-recuar-outros-paises\/\" \/>\n<meta property=\"og:site_name\" content=\"Suno Not\u00edcias\" \/>\n<meta property=\"article:publisher\" content=\"https:\/\/facebook.com\/sunoresearch\" \/>\n<meta property=\"og:image\" content=\"https:\/\/files.sunoresearch.com.br\/n\/uploads\/2020\/08\/7d330f6d-produ\u00e7\u00e3o-industrial-foi-um-dos-primeiros-setores-da-economia-a-sentir-os-efeitos-da-pandemia.jpg\" \/>\n\t<meta property=\"og:image:width\" content=\"1024\" \/>\n\t<meta property=\"og:image:height\" content=\"683\" \/>\n\t<meta property=\"og:image:type\" content=\"image\/jpeg\" \/>\n<meta name=\"author\" content=\"Daniel Guimar\u00e3es\" \/>\n<meta name=\"twitter:card\" content=\"summary_large_image\" \/>\n<meta name=\"twitter:creator\" content=\"@sunoresearch\" \/>\n<meta name=\"twitter:site\" content=\"@sunoresearch\" \/>\n<meta name=\"twitter:label1\" content=\"Escrito por\" \/>\n\t<meta name=\"twitter:data1\" content=\"Daniel Guimar\u00e3es\" \/>\n\t<meta name=\"twitter:label2\" content=\"Est. tempo de leitura\" \/>\n\t<meta name=\"twitter:data2\" content=\"3 minutos\" \/>\n<script type=\"application\/ld+json\" class=\"yoast-schema-graph\">{\"@context\":\"https:\/\/schema.org\",\"@graph\":[{\"@type\":\"NewsArticle\",\"@id\":\"https:\/\/www.suno.com.br\/noticias\/producao-industrial-aumenta-eua-apesar-recuar-outros-paises\/#article\",\"isPartOf\":{\"@id\":\"https:\/\/www.suno.com.br\/noticias\/producao-industrial-aumenta-eua-apesar-recuar-outros-paises\/\"},\"author\":{\"name\":\"Daniel Guimar\u00e3es\",\"@id\":\"https:\/\/www.suno.com.br\/noticias\/#\/schema\/person\/a7796c19fcf6bafd03b9a2fa1fd9ae20\"},\"headline\":\"Produ\u00e7\u00e3o industrial aumenta nos EUA, apesar de recuar em outros pa\u00edses\",\"datePublished\":\"2020-08-21T18:44:04+00:00\",\"mainEntityOfPage\":{\"@id\":\"https:\/\/www.suno.com.br\/noticias\/producao-industrial-aumenta-eua-apesar-recuar-outros-paises\/\"},\"wordCount\":558,\"publisher\":{\"@id\":\"https:\/\/www.suno.com.br\/noticias\/#organization\"},\"image\":{\"@id\":\"https:\/\/www.suno.com.br\/noticias\/producao-industrial-aumenta-eua-apesar-recuar-outros-paises\/#primaryimage\"},\"thumbnailUrl\":\"https:\/\/files.sunoresearch.com.br\/n\/uploads\/2020\/08\/7d330f6d-produ\u00e7\u00e3o-industrial-foi-um-dos-primeiros-setores-da-economia-a-sentir-os-efeitos-da-pandemia-jpg.webp\",\"keywords\":[\"atividade econ\u00f4mica\",\"coronav\u00edrus\",\"Estados Unidos (EUA)\",\"pandemia\",\"produ\u00e7\u00e3o industrial\",\"Produto Interno Bruto (PIB)\"],\"articleSection\":[\"Economia\",\"Internacional\"],\"inLanguage\":\"pt-BR\"},{\"@type\":\"WebPage\",\"@id\":\"https:\/\/www.suno.com.br\/noticias\/producao-industrial-aumenta-eua-apesar-recuar-outros-paises\/\",\"url\":\"https:\/\/www.suno.com.br\/noticias\/producao-industrial-aumenta-eua-apesar-recuar-outros-paises\/\",\"name\":\"Produ\u00e7\u00e3o industrial aumenta nos EUA, apesar de recuar em outros pa\u00edses\",\"isPartOf\":{\"@id\":\"https:\/\/www.suno.com.br\/noticias\/#website\"},\"primaryImageOfPage\":{\"@id\":\"https:\/\/www.suno.com.br\/noticias\/producao-industrial-aumenta-eua-apesar-recuar-outros-paises\/#primaryimage\"},\"image\":{\"@id\":\"https:\/\/www.suno.com.br\/noticias\/producao-industrial-aumenta-eua-apesar-recuar-outros-paises\/#primaryimage\"},\"thumbnailUrl\":\"https:\/\/files.sunoresearch.com.br\/n\/uploads\/2020\/08\/7d330f6d-produ\u00e7\u00e3o-industrial-foi-um-dos-primeiros-setores-da-economia-a-sentir-os-efeitos-da-pandemia-jpg.webp\",\"datePublished\":\"2020-08-21T18:44:04+00:00\",\"description\":\"O instituto IHS Markit divulgou um aumento na produ\u00e7\u00e3o industrial da Europa, EUA e Asia durante o m\u00eas de agosto. Clique para ver mais.\",\"breadcrumb\":{\"@id\":\"https:\/\/www.suno.com.br\/noticias\/producao-industrial-aumenta-eua-apesar-recuar-outros-paises\/#breadcrumb\"},\"inLanguage\":\"pt-BR\",\"potentialAction\":[{\"@type\":\"ReadAction\",\"target\":[\"https:\/\/www.suno.com.br\/noticias\/producao-industrial-aumenta-eua-apesar-recuar-outros-paises\/\"]}]},{\"@type\":\"ImageObject\",\"inLanguage\":\"pt-BR\",\"@id\":\"https:\/\/www.suno.com.br\/noticias\/producao-industrial-aumenta-eua-apesar-recuar-outros-paises\/#primaryimage\",\"url\":\"https:\/\/files.sunoresearch.com.br\/n\/uploads\/2020\/08\/7d330f6d-produ\u00e7\u00e3o-industrial-foi-um-dos-primeiros-setores-da-economia-a-sentir-os-efeitos-da-pandemia-jpg.webp\",\"contentUrl\":\"https:\/\/files.sunoresearch.com.br\/n\/uploads\/2020\/08\/7d330f6d-produ\u00e7\u00e3o-industrial-foi-um-dos-primeiros-setores-da-economia-a-sentir-os-efeitos-da-pandemia-jpg.webp\",\"width\":1024,\"height\":683,\"caption\":\"Produ\u00e7\u00e3o industrial foi um dos primeiros setores da economia a sentir os efeitos da pandemia\"},{\"@type\":\"BreadcrumbList\",\"@id\":\"https:\/\/www.suno.com.br\/noticias\/producao-industrial-aumenta-eua-apesar-recuar-outros-paises\/#breadcrumb\",\"itemListElement\":[{\"@type\":\"ListItem\",\"position\":1,\"name\":\"Not\u00edcias\",\"item\":\"https:\/\/www.suno.com.br\/noticias\/\"},{\"@type\":\"ListItem\",\"position\":2,\"name\":\"Economia\",\"item\":\"https:\/\/www.suno.com.br\/noticias\/economia\/\"},{\"@type\":\"ListItem\",\"position\":3,\"name\":\"Produ\u00e7\u00e3o industrial aumenta nos EUA, apesar de recuar em outros pa\u00edses\"}]},{\"@type\":\"WebSite\",\"@id\":\"https:\/\/www.suno.com.br\/noticias\/#website\",\"url\":\"https:\/\/www.suno.com.br\/noticias\/\",\"name\":\"Suno Not\u00edcias\",\"description\":\"Seu portal de informa\u00e7\u00e3o sobre o mundo dos investimentos\",\"publisher\":{\"@id\":\"https:\/\/www.suno.com.br\/noticias\/#organization\"},\"potentialAction\":[{\"@type\":\"SearchAction\",\"target\":{\"@type\":\"EntryPoint\",\"urlTemplate\":\"https:\/\/www.suno.com.br\/noticias\/?s={search_term_string}\"},\"query-input\":{\"@type\":\"PropertyValueSpecification\",\"valueRequired\":true,\"valueName\":\"search_term_string\"}}],\"inLanguage\":\"pt-BR\"},{\"@type\":\"Organization\",\"@id\":\"https:\/\/www.suno.com.br\/noticias\/#organization\",\"name\":\"Suno Not\u00edcias\",\"url\":\"https:\/\/www.suno.com.br\/noticias\/\",\"logo\":{\"@type\":\"ImageObject\",\"inLanguage\":\"pt-BR\",\"@id\":\"https:\/\/www.suno.com.br\/noticias\/#\/schema\/logo\/image\/\",\"url\":\"https:\/\/files.sunoresearch.com.br\/n\/uploads\/2021\/09\/suno-logo.png\",\"contentUrl\":\"https:\/\/files.sunoresearch.com.br\/n\/uploads\/2021\/09\/suno-logo.png\",\"width\":180,\"height\":180,\"caption\":\"Suno Not\u00edcias\"},\"image\":{\"@id\":\"https:\/\/www.suno.com.br\/noticias\/#\/schema\/logo\/image\/\"},\"sameAs\":[\"https:\/\/facebook.com\/sunoresearch\",\"https:\/\/x.com\/sunoresearch\",\"https:\/\/www.instagram.com\/suno\",\"https:\/\/www.linkedin.com\/company\/suno-research\/\",\"https:\/\/www.youtube.com\/c\/sunoresearch\"]},{\"@type\":\"Person\",\"@id\":\"https:\/\/www.suno.com.br\/noticias\/#\/schema\/person\/a7796c19fcf6bafd03b9a2fa1fd9ae20\",\"name\":\"Daniel Guimar\u00e3es\",\"image\":{\"@type\":\"ImageObject\",\"inLanguage\":\"pt-BR\",\"@id\":\"https:\/\/www.suno.com.br\/noticias\/#\/schema\/person\/image\/\",\"url\":\"https:\/\/secure.gravatar.com\/avatar\/fb8260757609f58f0c0ac079d1b32eff?s=96&r=g\",\"contentUrl\":\"https:\/\/secure.gravatar.com\/avatar\/fb8260757609f58f0c0ac079d1b32eff?s=96&r=g\",\"caption\":\"Daniel Guimar\u00e3es\"},\"description\":\"Estagi\u00e1rio na Suno Not\u00edcias, Daniel escreve not\u00edcias que afetam o mercado financeiro brasileiro e internacional. Estuda economia na Rutgers University, em New Jersey.\",\"sameAs\":[\"suno.research\"],\"url\":\"https:\/\/www.suno.com.br\/noticias\/author\/daniel\/\"}]}<\/script>\n<!-- \/ Yoast SEO plugin. -->","yoast_head_json":{"title":"Produ\u00e7\u00e3o industrial aumenta nos EUA, apesar de recuar em outros pa\u00edses","description":"O instituto IHS Markit divulgou um aumento na produ\u00e7\u00e3o industrial da Europa, EUA e Asia durante o m\u00eas de agosto. Clique para ver mais.","robots":{"index":"index","follow":"follow","max-snippet":"max-snippet:-1","max-image-preview":"max-image-preview:large","max-video-preview":"max-video-preview:-1"},"canonical":"https:\/\/www.suno.com.br\/noticias\/producao-industrial-aumenta-eua-apesar-recuar-outros-paises\/","og_locale":"pt_BR","og_type":"article","og_title":"Produ\u00e7\u00e3o industrial aumenta nos EUA, apesar de recuar em outros pa\u00edses","og_description":"O instituto IHS Markit divulgou um aumento na produ\u00e7\u00e3o industrial da Europa, EUA e Asia durante o m\u00eas de agosto. Clique para ver mais.","og_url":"https:\/\/www.suno.com.br\/noticias\/producao-industrial-aumenta-eua-apesar-recuar-outros-paises\/","og_site_name":"Suno Not\u00edcias","article_publisher":"https:\/\/facebook.com\/sunoresearch","og_image":[{"width":1024,"height":683,"url":"https:\/\/files.sunoresearch.com.br\/n\/uploads\/2020\/08\/7d330f6d-produ\u00e7\u00e3o-industrial-foi-um-dos-primeiros-setores-da-economia-a-sentir-os-efeitos-da-pandemia.jpg","type":"image\/jpeg"}],"author":"Daniel Guimar\u00e3es","twitter_card":"summary_large_image","twitter_creator":"@sunoresearch","twitter_site":"@sunoresearch","twitter_misc":{"Escrito por":"Daniel Guimar\u00e3es","Est. tempo de leitura":"3 minutos"},"schema":{"@context":"https:\/\/schema.org","@graph":[{"@type":"NewsArticle","@id":"https:\/\/www.suno.com.br\/noticias\/producao-industrial-aumenta-eua-apesar-recuar-outros-paises\/#article","isPartOf":{"@id":"https:\/\/www.suno.com.br\/noticias\/producao-industrial-aumenta-eua-apesar-recuar-outros-paises\/"},"author":{"name":"Daniel Guimar\u00e3es","@id":"https:\/\/www.suno.com.br\/noticias\/#\/schema\/person\/a7796c19fcf6bafd03b9a2fa1fd9ae20"},"headline":"Produ\u00e7\u00e3o industrial aumenta nos EUA, apesar de recuar em outros pa\u00edses","datePublished":"2020-08-21T18:44:04+00:00","mainEntityOfPage":{"@id":"https:\/\/www.suno.com.br\/noticias\/producao-industrial-aumenta-eua-apesar-recuar-outros-paises\/"},"wordCount":558,"publisher":{"@id":"https:\/\/www.suno.com.br\/noticias\/#organization"},"image":{"@id":"https:\/\/www.suno.com.br\/noticias\/producao-industrial-aumenta-eua-apesar-recuar-outros-paises\/#primaryimage"},"thumbnailUrl":"https:\/\/files.sunoresearch.com.br\/n\/uploads\/2020\/08\/7d330f6d-produ\u00e7\u00e3o-industrial-foi-um-dos-primeiros-setores-da-economia-a-sentir-os-efeitos-da-pandemia-jpg.webp","keywords":["atividade econ\u00f4mica","coronav\u00edrus","Estados Unidos (EUA)","pandemia","produ\u00e7\u00e3o industrial","Produto Interno Bruto (PIB)"],"articleSection":["Economia","Internacional"],"inLanguage":"pt-BR"},{"@type":"WebPage","@id":"https:\/\/www.suno.com.br\/noticias\/producao-industrial-aumenta-eua-apesar-recuar-outros-paises\/","url":"https:\/\/www.suno.com.br\/noticias\/producao-industrial-aumenta-eua-apesar-recuar-outros-paises\/","name":"Produ\u00e7\u00e3o industrial aumenta nos EUA, apesar de recuar em outros pa\u00edses","isPartOf":{"@id":"https:\/\/www.suno.com.br\/noticias\/#website"},"primaryImageOfPage":{"@id":"https:\/\/www.suno.com.br\/noticias\/producao-industrial-aumenta-eua-apesar-recuar-outros-paises\/#primaryimage"},"image":{"@id":"https:\/\/www.suno.com.br\/noticias\/producao-industrial-aumenta-eua-apesar-recuar-outros-paises\/#primaryimage"},"thumbnailUrl":"https:\/\/files.sunoresearch.com.br\/n\/uploads\/2020\/08\/7d330f6d-produ\u00e7\u00e3o-industrial-foi-um-dos-primeiros-setores-da-economia-a-sentir-os-efeitos-da-pandemia-jpg.webp","datePublished":"2020-08-21T18:44:04+00:00","description":"O instituto IHS Markit divulgou um aumento na produ\u00e7\u00e3o industrial da Europa, EUA e Asia durante o m\u00eas de agosto. Clique para ver mais.","breadcrumb":{"@id":"https:\/\/www.suno.com.br\/noticias\/producao-industrial-aumenta-eua-apesar-recuar-outros-paises\/#breadcrumb"},"inLanguage":"pt-BR","potentialAction":[{"@type":"ReadAction","target":["https:\/\/www.suno.com.br\/noticias\/producao-industrial-aumenta-eua-apesar-recuar-outros-paises\/"]}]},{"@type":"ImageObject","inLanguage":"pt-BR","@id":"https:\/\/www.suno.com.br\/noticias\/producao-industrial-aumenta-eua-apesar-recuar-outros-paises\/#primaryimage","url":"https:\/\/files.sunoresearch.com.br\/n\/uploads\/2020\/08\/7d330f6d-produ\u00e7\u00e3o-industrial-foi-um-dos-primeiros-setores-da-economia-a-sentir-os-efeitos-da-pandemia-jpg.webp","contentUrl":"https:\/\/files.sunoresearch.com.br\/n\/uploads\/2020\/08\/7d330f6d-produ\u00e7\u00e3o-industrial-foi-um-dos-primeiros-setores-da-economia-a-sentir-os-efeitos-da-pandemia-jpg.webp","width":1024,"height":683,"caption":"Produ\u00e7\u00e3o industrial foi um dos primeiros setores da economia a sentir os efeitos da pandemia"},{"@type":"BreadcrumbList","@id":"https:\/\/www.suno.com.br\/noticias\/producao-industrial-aumenta-eua-apesar-recuar-outros-paises\/#breadcrumb","itemListElement":[{"@type":"ListItem","position":1,"name":"Not\u00edcias","item":"https:\/\/www.suno.com.br\/noticias\/"},{"@type":"ListItem","position":2,"name":"Economia","item":"https:\/\/www.suno.com.br\/noticias\/economia\/"},{"@type":"ListItem","position":3,"name":"Produ\u00e7\u00e3o industrial aumenta nos EUA, apesar de recuar em outros pa\u00edses"}]},{"@type":"WebSite","@id":"https:\/\/www.suno.com.br\/noticias\/#website","url":"https:\/\/www.suno.com.br\/noticias\/","name":"Suno Not\u00edcias","description":"Seu portal de informa\u00e7\u00e3o sobre o mundo dos investimentos","publisher":{"@id":"https:\/\/www.suno.com.br\/noticias\/#organization"},"potentialAction":[{"@type":"SearchAction","target":{"@type":"EntryPoint","urlTemplate":"https:\/\/www.suno.com.br\/noticias\/?s={search_term_string}"},"query-input":{"@type":"PropertyValueSpecification","valueRequired":true,"valueName":"search_term_string"}}],"inLanguage":"pt-BR"},{"@type":"Organization","@id":"https:\/\/www.suno.com.br\/noticias\/#organization","name":"Suno Not\u00edcias","url":"https:\/\/www.suno.com.br\/noticias\/","logo":{"@type":"ImageObject","inLanguage":"pt-BR","@id":"https:\/\/www.suno.com.br\/noticias\/#\/schema\/logo\/image\/","url":"https:\/\/files.sunoresearch.com.br\/n\/uploads\/2021\/09\/suno-logo.png","contentUrl":"https:\/\/files.sunoresearch.com.br\/n\/uploads\/2021\/09\/suno-logo.png","width":180,"height":180,"caption":"Suno Not\u00edcias"},"image":{"@id":"https:\/\/www.suno.com.br\/noticias\/#\/schema\/logo\/image\/"},"sameAs":["https:\/\/facebook.com\/sunoresearch","https:\/\/x.com\/sunoresearch","https:\/\/www.instagram.com\/suno","https:\/\/www.linkedin.com\/company\/suno-research\/","https:\/\/www.youtube.com\/c\/sunoresearch"]},{"@type":"Person","@id":"https:\/\/www.suno.com.br\/noticias\/#\/schema\/person\/a7796c19fcf6bafd03b9a2fa1fd9ae20","name":"Daniel Guimar\u00e3es","image":{"@type":"ImageObject","inLanguage":"pt-BR","@id":"https:\/\/www.suno.com.br\/noticias\/#\/schema\/person\/image\/","url":"https:\/\/secure.gravatar.com\/avatar\/fb8260757609f58f0c0ac079d1b32eff?s=96&r=g","contentUrl":"https:\/\/secure.gravatar.com\/avatar\/fb8260757609f58f0c0ac079d1b32eff?s=96&r=g","caption":"Daniel Guimar\u00e3es"},"description":"Estagi\u00e1rio na Suno Not\u00edcias, Daniel escreve not\u00edcias que afetam o mercado financeiro brasileiro e internacional. Estuda economia na Rutgers University, em New Jersey.","sameAs":["suno.research"],"url":"https:\/\/www.suno.com.br\/noticias\/author\/daniel\/"}]}},"default_loop_html":"<div class=\"cardsPage__listCard__boxs\"><div class=\"cardsPage__listCard__boxs__img\"><a href=\"https:\/\/www.suno.com.br\/noticias\/producao-industrial-aumenta-eua-apesar-recuar-outros-paises\/\"><img class=\"mask\" src=\"https:\/\/www.suno.com.br\/noticias\/wp-content\/themes\/suno\/resources\/images\/spotlight\/spotlight1img\/bg-mask.png\" alt=\"Image Mask\"\/><img src=\"https:\/\/files.sunoresearch.com.br\/n\/uploads\/2020\/08\/7d330f6d-produ\u00e7\u00e3o-industrial-foi-um-dos-primeiros-setores-da-economia-a-sentir-os-efeitos-da-pandemia-400x200.webp\" alt=\"Produ\u00e7\u00e3o industrial aumenta nos EUA, apesar de recuar em outros pa\u00edses\"\/><\/a><span class=\"spotlightCategory\"><a href=\"https:\/\/www.suno.com.br\/noticias\/economia\/\">Economia<\/a><\/span><\/div><div class=\"cardsPage__listCard__boxs__content\"><a href=\"https:\/\/www.suno.com.br\/noticias\/producao-industrial-aumenta-eua-apesar-recuar-outros-paises\/\"><h2 class=\"content__title\">Produ\u00e7\u00e3o industrial aumenta nos EUA, apesar de recuar em outros pa\u00edses<\/h2><\/a><div class=\"newsContent__article__meta\"><div class=\"newsContent__article__meta__authorBox\"><a href=\"https:\/\/www.suno.com.br\/noticias\/author\/daniel\/\" class=\"authorBox__avatar noMobi\"><img src=\"https:\/\/files.sunoresearch.com.br\/n\/uploads\/2020\/08\/e51aadd2-whatsapp-image-2020-08-03-at-14.03.48-150x150.webp\" alt=\"Daniel Guimar\u00e3es\"><\/a><div class=\"authorBox__name\"><span>por\n\t\t\t<a href=\"https:\/\/www.suno.com.br\/noticias\/author\/daniel\/\"><span itemprop=\"author\">Daniel Guimar\u00e3es<\/span><\/a><\/span><time datetime=\"2020-08-21T15:44:04-03:00\" itemprop=\"datePublished\">21\/08\/2020 15:44<\/time><\/div><\/div><\/div><\/div><\/div>","single_layout":"posts","amp_enabled":true,"_links":{"self":[{"href":"https:\/\/www.suno.com.br\/noticias\/wp-json\/wp\/v2\/posts\/79929"}],"collection":[{"href":"https:\/\/www.suno.com.br\/noticias\/wp-json\/wp\/v2\/posts"}],"about":[{"href":"https:\/\/www.suno.com.br\/noticias\/wp-json\/wp\/v2\/types\/post"}],"author":[{"embeddable":true,"href":"https:\/\/www.suno.com.br\/noticias\/wp-json\/wp\/v2\/users\/44"}],"replies":[{"embeddable":true,"href":"https:\/\/www.suno.com.br\/noticias\/wp-json\/wp\/v2\/comments?post=79929"}],"version-history":[{"count":0,"href":"https:\/\/www.suno.com.br\/noticias\/wp-json\/wp\/v2\/posts\/79929\/revisions"}],"wp:featuredmedia":[{"embeddable":true,"href":"https:\/\/www.suno.com.br\/noticias\/wp-json\/wp\/v2\/media\/79951"}],"wp:attachment":[{"href":"https:\/\/www.suno.com.br\/noticias\/wp-json\/wp\/v2\/media?parent=79929"}],"wp:term":[{"taxonomy":"category","embeddable":true,"href":"https:\/\/www.suno.com.br\/noticias\/wp-json\/wp\/v2\/categories?post=79929"},{"taxonomy":"post_tag","embeddable":true,"href":"https:\/\/www.suno.com.br\/noticias\/wp-json\/wp\/v2\/tags?post=79929"},{"taxonomy":"suno_strategy","embeddable":true,"href":"https:\/\/www.suno.com.br\/noticias\/wp-json\/wp\/v2\/suno_strategy?post=79929"}],"curies":[{"name":"wp","href":"https:\/\/api.w.org\/{rel}","templated":true}]}}