{"id":79927,"date":"2020-08-21T14:55:48","date_gmt":"2020-08-21T17:55:48","guid":{"rendered":"https:\/\/www.suno.com.br\/noticias\/?p=79927"},"modified":"2020-08-21T15:40:58","modified_gmt":"2020-08-21T18:40:58","slug":"brasil-cria-131-empregos-caged-julho","status":"publish","type":"post","link":"https:\/\/www.suno.com.br\/noticias\/brasil-cria-131-empregos-caged-julho\/","title":{"rendered":"Brasil cria 131 mil vagas de trabalho em julho, mostra Caged"},"content":{"rendered":"<p>O Minist\u00e9rio do Economia divulgou nesta sexta-feira (21) os n\u00fameros do <a href=\"https:\/\/www.suno.com.br\/artigos\/caged\/\">Cadastro Geral de Empregados e Desempregados <\/a><strong><a href=\"https:\/\/www.suno.com.br\/artigos\/caged\/\">(Caged)<\/a>,<\/strong> mostrando que o Brasil criou 131 mil vagas de trabalho formais em julho.<\/p>\t<div class=\"wrapper-featured-image\">\n\t\t<figure class=\"spotlightImg\">\n\n\t\t\t<picture>\n\t\t\t\t<source media=\"(max-width: 768px)\" srcset=\"https:\/\/files.sunoresearch.com.br\/n\/uploads\/2019\/08\/7258062f-carteira-de-trabalhooo-400x200.webp\">\n\t\t\t\t<img loading=\"lazy\" decoding=\"async\" class=\"newsContent__article__imgCapa lazyloadDisabled \" src=\"https:\/\/files.sunoresearch.com.br\/n\/uploads\/2019\/08\/7258062f-carteira-de-trabalhooo-jpg.webp\" width=\"800\" height=\"450\" alt=\"Brasil cria 131 mil vagas de trabalho em julho, mostra Caged\" fetchpriority=high \/>\n\t\t\t<\/picture>\n\n\t\t\t<figcaption class=\"wp-caption-text wp-caption-text--show\">Brasil cria 131 mil vagas de trabalho em julho, mostra Caged<\/figcaption>\n\t\t<\/figure>\n\t<\/div>\n\n\n<div class=\"hubspot-form-wrapper\">\n\t<div id=\"single-form-target\"><\/div>\n<\/div>\n\n<p>O resultado do Caged foi superior ao mesmo per\u00edodo de 2019, quando o pa\u00eds registrou a cria\u00e7\u00e3o de 43.820 vagas formais. Entretanto, mesmo com esse resultado positivo, o saldo l\u00edquido de <strong>emprego<\/strong> formal em 2020 ficou negativo de 1,092 milh\u00e3o de vagas, enquanto o mesmo intervalo do ano anterior apresentou a abertura de 461.411 postos de trabalho.<\/p>\n<p>No \u00faltimo m\u00eas, foram registradas 1.043.650 contrata\u00e7\u00f5es formais e outras 912.640 demiss\u00f5es. Dessa forma, o estoque de empregos formais no Brasil atingiu 37.717.045. A evolu\u00e7\u00e3o do emprego formal no Pa\u00eds ocorre ap\u00f3s quatro meses de queda no n\u00fameros do indicador.<\/p>\n<p><a href=\"https:\/\/lp.suno.com.br\/suno-one\/\">Suno One: acesse gratuitamente eBooks, Minicursos, Artigos e Video Aulas sobre investimentos com um \u00fanico cadastro. Clique para saber mais!<\/a><\/p>\n<p>O resultado surpreendeu positivamente os analistas, que esperavam o encerramento de mais de 150 mil vagas por causa da crise econ\u00f4mica provocada pelo novo coronav\u00edrus (covid-19), ap\u00f3s uma s\u00e9rie de n\u00fameros negativos revelando o impacto da crise.<\/p>\n<h2>Todas as regi\u00f5es mostram resultado positivo, aponta Caged<\/h2>\n<p>De acordo com o levantamento, todas as cinco regi\u00f5es do Pa\u00eds obtiveram resultado positivo em julho. O Sudeste brasileiro ostenta o melhor saldo, com a cria\u00e7\u00e3o de 34.157 vagas, uma alta 0,18%; enquanto a maior varia\u00e7\u00e3o relativa ficou com a regi\u00e3o Norte, que reportou um crescimento de 0,76%, depois de gerar 13.297 postos de trabalho.<\/p>\n<p>O Nordeste apresentou um saldo positivo em 22.664 postos, um aumento de 0,37%; ao passo que o Sul registrou uma alta de 0,29%, com 20.128 vagas e o Centro-Oeste obteve mais 14.084 postos, varia\u00e7\u00e3o positiva de 0,44%.<\/p>\n\t<div data-element=\"shortcode-read-more\" class=\"knowMore\">\n\t\t\t\t<span class=\"knowMore__title\">Veja tamb\u00e9m<\/span>\n\t\t\t\t<a class=\"knowMore__link\" href=\"https:\/\/www.suno.com.br\/noticias\/caged-brasil-tem-10-984-vagas-de-trabalho-fechadas-em-junho\/\">\n\t\t\tCaged: Brasil tem 10.984 vagas de trabalho fechadas em junho\t\t<\/a>\n\t<\/div>\n\n\n<p>Na compara\u00e7\u00e3o por setor, o segmento da Ind\u00fastria liderou a gera\u00e7\u00e3o de empregos formais, com saldo positivo de 53.590 vagas no m\u00eas de julho, estimulado pela Ind\u00fastria de Transforma\u00e7\u00e3o.<\/p>\n<p>Seguem-se, depois, os setores de Constru\u00e7\u00e3o (+41.986); de Com\u00e9rcio (+28.383); Agropecu\u00e1ria (+23.027); e o \u00fanico segmento que registrou um saldo negativo \u2014 o de Servi\u00e7os (-15.948).<\/p>\n<p>A programa\u00e7\u00e3o inicial do governo federal era publicar os resultados do <strong>Caged<\/strong> somente na pr\u00f3xima quinta-feira, no entanto a divulga\u00e7\u00e3o dos n\u00fameros foi antecipada pela \u00e1rea econ\u00f4mica.<\/p>\n\t<p>\n\t\t<a href=\"https:\/\/lp.suno.com.br\/planilha-de-controle-de-investimentos\/\" target=\"_blank\" data-element=\"shortcode-suno-banner\" title=\"Banner SUNO, clique e saiba mais\">\n\t\t\t<picture>\n\t\t\t\t<source media=\"(max-width: 500px)\" srcset=\"https:\/\/files.sunoresearch.com.br\/n\/uploads\/2023\/03\/400x300-Controle-de-Investimentos.png\">\n\t\t\t\t<img class=\"newsContent__article__imgCapa newsContent__article__imgCapa--banner\"\n\t\t\t\t\tsrc=\"https:\/\/files.sunoresearch.com.br\/n\/uploads\/2023\/03\/1420x240-Controle-de-Investimentos.png\"\n\t\t\t\t\tdata-promo-id=\"75934\"\t\t\t\t\t\t\t\t\t\twidth='1420' height='240'\t\t\t\t\talt=\"https:\/\/files.sunoresearch.com.br\/n\/uploads\/2023\/03\/1420x240-Controle-de-Investimentos.png\"\n\t\t\t\t>\n\t\t\t<\/picture>\n\t\t<\/a>\n\t<\/p>\n\n\n","protected":false},"excerpt":{"rendered":"<p>O Minist\u00e9rio do Economia divulgou nesta sexta-feira (21) os n\u00fameros do Cadastro Geral de Empregados e Desempregados (Caged), mostrando que o Brasil criou 131 mil vagas de trabalho formais em julho. Brasil cria 131 mil vagas de trabalho em julho, mostra Caged O resultado do Caged foi superior ao mesmo per\u00edodo de 2019, quando o [&hellip;]<\/p>\n","protected":false},"author":9,"featured_media":35981,"comment_status":"closed","ping_status":"closed","sticky":false,"template":"","format":"standard","meta":[],"categories":[62],"tags":[1261],"suno_strategy":[],"class_list":["post-79927","post","type-post","status-publish","format-standard","has-post-thumbnail","hentry","category-economia","tag-caged"],"yoast_head":"<!-- This site is optimized with the Yoast SEO plugin v24.4 - https:\/\/yoast.com\/wordpress\/plugins\/seo\/ -->\n<title>Brasil cria 131 mil vagas de trabalho em julho, mostra Caged<\/title>\n<meta name=\"description\" content=\"O Minist\u00e9rio do Trabalho divulgou os dados do Caged que mostram a cria\u00e7\u00e3o de 131 mil vagas formais em julho. Clique aqui para saber mais.\" \/>\n<meta name=\"robots\" content=\"index, follow, max-snippet:-1, max-image-preview:large, max-video-preview:-1\" \/>\n<link rel=\"canonical\" href=\"https:\/\/www.suno.com.br\/noticias\/brasil-cria-131-empregos-caged-julho\/\" \/>\n<meta property=\"og:locale\" content=\"pt_BR\" \/>\n<meta property=\"og:type\" content=\"article\" \/>\n<meta property=\"og:title\" content=\"Brasil cria 131 mil vagas de trabalho em julho, mostra Caged\" \/>\n<meta property=\"og:description\" content=\"O Minist\u00e9rio do Trabalho divulgou os dados do Caged que mostram a cria\u00e7\u00e3o de 131 mil vagas formais em julho. Clique aqui para saber mais.\" \/>\n<meta property=\"og:url\" content=\"https:\/\/www.suno.com.br\/noticias\/brasil-cria-131-empregos-caged-julho\/\" \/>\n<meta property=\"og:site_name\" content=\"Suno Not\u00edcias\" \/>\n<meta property=\"article:publisher\" content=\"https:\/\/facebook.com\/sunoresearch\" \/>\n<meta property=\"og:image\" content=\"https:\/\/files.sunoresearch.com.br\/n\/uploads\/2019\/08\/7258062f-carteira-de-trabalhooo.jpg\" \/>\n\t<meta property=\"og:image:width\" content=\"750\" \/>\n\t<meta property=\"og:image:height\" content=\"507\" \/>\n\t<meta property=\"og:image:type\" content=\"image\/jpeg\" \/>\n<meta name=\"author\" content=\"Carlo Cauti\" \/>\n<meta name=\"twitter:card\" content=\"summary_large_image\" \/>\n<meta name=\"twitter:creator\" content=\"@sunoresearch\" \/>\n<meta name=\"twitter:site\" content=\"@sunoresearch\" \/>\n<meta name=\"twitter:label1\" content=\"Escrito por\" \/>\n\t<meta name=\"twitter:data1\" content=\"Carlo Cauti\" \/>\n\t<meta name=\"twitter:label2\" content=\"Est. tempo de leitura\" \/>\n\t<meta name=\"twitter:data2\" content=\"2 minutos\" \/>\n<script type=\"application\/ld+json\" class=\"yoast-schema-graph\">{\"@context\":\"https:\/\/schema.org\",\"@graph\":[{\"@type\":\"NewsArticle\",\"@id\":\"https:\/\/www.suno.com.br\/noticias\/brasil-cria-131-empregos-caged-julho\/#article\",\"isPartOf\":{\"@id\":\"https:\/\/www.suno.com.br\/noticias\/brasil-cria-131-empregos-caged-julho\/\"},\"author\":{\"name\":\"Carlo Cauti\",\"@id\":\"https:\/\/www.suno.com.br\/noticias\/#\/schema\/person\/e6e0f723cc177805027f4566c1d5e0c8\"},\"headline\":\"Brasil cria 131 mil vagas de trabalho em julho, mostra Caged\",\"datePublished\":\"2020-08-21T17:55:48+00:00\",\"dateModified\":\"2020-08-21T18:40:58+00:00\",\"mainEntityOfPage\":{\"@id\":\"https:\/\/www.suno.com.br\/noticias\/brasil-cria-131-empregos-caged-julho\/\"},\"wordCount\":416,\"publisher\":{\"@id\":\"https:\/\/www.suno.com.br\/noticias\/#organization\"},\"image\":{\"@id\":\"https:\/\/www.suno.com.br\/noticias\/brasil-cria-131-empregos-caged-julho\/#primaryimage\"},\"thumbnailUrl\":\"https:\/\/files.sunoresearch.com.br\/n\/uploads\/2019\/08\/7258062f-carteira-de-trabalhooo-jpg.webp\",\"keywords\":[\"Caged\"],\"articleSection\":[\"Economia\"],\"inLanguage\":\"pt-BR\"},{\"@type\":\"WebPage\",\"@id\":\"https:\/\/www.suno.com.br\/noticias\/brasil-cria-131-empregos-caged-julho\/\",\"url\":\"https:\/\/www.suno.com.br\/noticias\/brasil-cria-131-empregos-caged-julho\/\",\"name\":\"Brasil cria 131 mil vagas de trabalho em julho, mostra Caged\",\"isPartOf\":{\"@id\":\"https:\/\/www.suno.com.br\/noticias\/#website\"},\"primaryImageOfPage\":{\"@id\":\"https:\/\/www.suno.com.br\/noticias\/brasil-cria-131-empregos-caged-julho\/#primaryimage\"},\"image\":{\"@id\":\"https:\/\/www.suno.com.br\/noticias\/brasil-cria-131-empregos-caged-julho\/#primaryimage\"},\"thumbnailUrl\":\"https:\/\/files.sunoresearch.com.br\/n\/uploads\/2019\/08\/7258062f-carteira-de-trabalhooo-jpg.webp\",\"datePublished\":\"2020-08-21T17:55:48+00:00\",\"dateModified\":\"2020-08-21T18:40:58+00:00\",\"description\":\"O Minist\u00e9rio do Trabalho divulgou os dados do Caged que mostram a cria\u00e7\u00e3o de 131 mil vagas formais em julho. Clique aqui para saber mais.\",\"breadcrumb\":{\"@id\":\"https:\/\/www.suno.com.br\/noticias\/brasil-cria-131-empregos-caged-julho\/#breadcrumb\"},\"inLanguage\":\"pt-BR\",\"potentialAction\":[{\"@type\":\"ReadAction\",\"target\":[\"https:\/\/www.suno.com.br\/noticias\/brasil-cria-131-empregos-caged-julho\/\"]}]},{\"@type\":\"ImageObject\",\"inLanguage\":\"pt-BR\",\"@id\":\"https:\/\/www.suno.com.br\/noticias\/brasil-cria-131-empregos-caged-julho\/#primaryimage\",\"url\":\"https:\/\/files.sunoresearch.com.br\/n\/uploads\/2019\/08\/7258062f-carteira-de-trabalhooo-jpg.webp\",\"contentUrl\":\"https:\/\/files.sunoresearch.com.br\/n\/uploads\/2019\/08\/7258062f-carteira-de-trabalhooo-jpg.webp\",\"width\":750,\"height\":507,\"caption\":\"Brasil cria 131 mil vagas de trabalho em julho, mostra Caged\"},{\"@type\":\"BreadcrumbList\",\"@id\":\"https:\/\/www.suno.com.br\/noticias\/brasil-cria-131-empregos-caged-julho\/#breadcrumb\",\"itemListElement\":[{\"@type\":\"ListItem\",\"position\":1,\"name\":\"Not\u00edcias\",\"item\":\"https:\/\/www.suno.com.br\/noticias\/\"},{\"@type\":\"ListItem\",\"position\":2,\"name\":\"Economia\",\"item\":\"https:\/\/www.suno.com.br\/noticias\/economia\/\"},{\"@type\":\"ListItem\",\"position\":3,\"name\":\"Brasil cria 131 mil vagas de trabalho em julho, mostra Caged\"}]},{\"@type\":\"WebSite\",\"@id\":\"https:\/\/www.suno.com.br\/noticias\/#website\",\"url\":\"https:\/\/www.suno.com.br\/noticias\/\",\"name\":\"Suno Not\u00edcias\",\"description\":\"Seu portal de informa\u00e7\u00e3o sobre o mundo dos investimentos\",\"publisher\":{\"@id\":\"https:\/\/www.suno.com.br\/noticias\/#organization\"},\"potentialAction\":[{\"@type\":\"SearchAction\",\"target\":{\"@type\":\"EntryPoint\",\"urlTemplate\":\"https:\/\/www.suno.com.br\/noticias\/?s={search_term_string}\"},\"query-input\":{\"@type\":\"PropertyValueSpecification\",\"valueRequired\":true,\"valueName\":\"search_term_string\"}}],\"inLanguage\":\"pt-BR\"},{\"@type\":\"Organization\",\"@id\":\"https:\/\/www.suno.com.br\/noticias\/#organization\",\"name\":\"Suno Not\u00edcias\",\"url\":\"https:\/\/www.suno.com.br\/noticias\/\",\"logo\":{\"@type\":\"ImageObject\",\"inLanguage\":\"pt-BR\",\"@id\":\"https:\/\/www.suno.com.br\/noticias\/#\/schema\/logo\/image\/\",\"url\":\"https:\/\/files.sunoresearch.com.br\/n\/uploads\/2021\/09\/suno-logo.png\",\"contentUrl\":\"https:\/\/files.sunoresearch.com.br\/n\/uploads\/2021\/09\/suno-logo.png\",\"width\":180,\"height\":180,\"caption\":\"Suno Not\u00edcias\"},\"image\":{\"@id\":\"https:\/\/www.suno.com.br\/noticias\/#\/schema\/logo\/image\/\"},\"sameAs\":[\"https:\/\/facebook.com\/sunoresearch\",\"https:\/\/x.com\/sunoresearch\",\"https:\/\/www.instagram.com\/suno\",\"https:\/\/www.linkedin.com\/company\/suno-research\/\",\"https:\/\/www.youtube.com\/c\/sunoresearch\"]},{\"@type\":\"Person\",\"@id\":\"https:\/\/www.suno.com.br\/noticias\/#\/schema\/person\/e6e0f723cc177805027f4566c1d5e0c8\",\"name\":\"Carlo Cauti\",\"image\":{\"@type\":\"ImageObject\",\"inLanguage\":\"pt-BR\",\"@id\":\"https:\/\/www.suno.com.br\/noticias\/#\/schema\/person\/image\/\",\"url\":\"https:\/\/secure.gravatar.com\/avatar\/3ada9e0bd164c23abd4792a9606d583c?s=96&r=g\",\"contentUrl\":\"https:\/\/secure.gravatar.com\/avatar\/3ada9e0bd164c23abd4792a9606d583c?s=96&r=g\",\"caption\":\"Carlo Cauti\"},\"description\":\"Editor multim\u00eddia do SUNO Not\u00edcias. Italiano, formado em Ci\u00eancias Pol\u00edticas pela universidade LUISS G. Carli de Roma e mestre cum laude em Rela\u00e7\u00f5es Internacionais, Jornalismo Internacional e de Guerra e em Economia Internacional. Concluiu tamb\u00e9m um MBA em Finan\u00e7as na B3. No Brasil, teve passagem por ve\u00edculos como Estad\u00e3o, Globo, Veja e EXAME. e nas ag\u00eancias de not\u00edcias italianas ANSA e NOVA.\",\"url\":\"https:\/\/www.suno.com.br\/noticias\/author\/carlo-cauti\/\"}]}<\/script>\n<!-- \/ Yoast SEO plugin. -->","yoast_head_json":{"title":"Brasil cria 131 mil vagas de trabalho em julho, mostra Caged","description":"O Minist\u00e9rio do Trabalho divulgou os dados do Caged que mostram a cria\u00e7\u00e3o de 131 mil vagas formais em julho. Clique aqui para saber mais.","robots":{"index":"index","follow":"follow","max-snippet":"max-snippet:-1","max-image-preview":"max-image-preview:large","max-video-preview":"max-video-preview:-1"},"canonical":"https:\/\/www.suno.com.br\/noticias\/brasil-cria-131-empregos-caged-julho\/","og_locale":"pt_BR","og_type":"article","og_title":"Brasil cria 131 mil vagas de trabalho em julho, mostra Caged","og_description":"O Minist\u00e9rio do Trabalho divulgou os dados do Caged que mostram a cria\u00e7\u00e3o de 131 mil vagas formais em julho. Clique aqui para saber mais.","og_url":"https:\/\/www.suno.com.br\/noticias\/brasil-cria-131-empregos-caged-julho\/","og_site_name":"Suno Not\u00edcias","article_publisher":"https:\/\/facebook.com\/sunoresearch","og_image":[{"width":750,"height":507,"url":"https:\/\/files.sunoresearch.com.br\/n\/uploads\/2019\/08\/7258062f-carteira-de-trabalhooo.jpg","type":"image\/jpeg"}],"author":"Carlo Cauti","twitter_card":"summary_large_image","twitter_creator":"@sunoresearch","twitter_site":"@sunoresearch","twitter_misc":{"Escrito por":"Carlo Cauti","Est. tempo de leitura":"2 minutos"},"schema":{"@context":"https:\/\/schema.org","@graph":[{"@type":"NewsArticle","@id":"https:\/\/www.suno.com.br\/noticias\/brasil-cria-131-empregos-caged-julho\/#article","isPartOf":{"@id":"https:\/\/www.suno.com.br\/noticias\/brasil-cria-131-empregos-caged-julho\/"},"author":{"name":"Carlo Cauti","@id":"https:\/\/www.suno.com.br\/noticias\/#\/schema\/person\/e6e0f723cc177805027f4566c1d5e0c8"},"headline":"Brasil cria 131 mil vagas de trabalho em julho, mostra Caged","datePublished":"2020-08-21T17:55:48+00:00","dateModified":"2020-08-21T18:40:58+00:00","mainEntityOfPage":{"@id":"https:\/\/www.suno.com.br\/noticias\/brasil-cria-131-empregos-caged-julho\/"},"wordCount":416,"publisher":{"@id":"https:\/\/www.suno.com.br\/noticias\/#organization"},"image":{"@id":"https:\/\/www.suno.com.br\/noticias\/brasil-cria-131-empregos-caged-julho\/#primaryimage"},"thumbnailUrl":"https:\/\/files.sunoresearch.com.br\/n\/uploads\/2019\/08\/7258062f-carteira-de-trabalhooo-jpg.webp","keywords":["Caged"],"articleSection":["Economia"],"inLanguage":"pt-BR"},{"@type":"WebPage","@id":"https:\/\/www.suno.com.br\/noticias\/brasil-cria-131-empregos-caged-julho\/","url":"https:\/\/www.suno.com.br\/noticias\/brasil-cria-131-empregos-caged-julho\/","name":"Brasil cria 131 mil vagas de trabalho em julho, mostra Caged","isPartOf":{"@id":"https:\/\/www.suno.com.br\/noticias\/#website"},"primaryImageOfPage":{"@id":"https:\/\/www.suno.com.br\/noticias\/brasil-cria-131-empregos-caged-julho\/#primaryimage"},"image":{"@id":"https:\/\/www.suno.com.br\/noticias\/brasil-cria-131-empregos-caged-julho\/#primaryimage"},"thumbnailUrl":"https:\/\/files.sunoresearch.com.br\/n\/uploads\/2019\/08\/7258062f-carteira-de-trabalhooo-jpg.webp","datePublished":"2020-08-21T17:55:48+00:00","dateModified":"2020-08-21T18:40:58+00:00","description":"O Minist\u00e9rio do Trabalho divulgou os dados do Caged que mostram a cria\u00e7\u00e3o de 131 mil vagas formais em julho. Clique aqui para saber mais.","breadcrumb":{"@id":"https:\/\/www.suno.com.br\/noticias\/brasil-cria-131-empregos-caged-julho\/#breadcrumb"},"inLanguage":"pt-BR","potentialAction":[{"@type":"ReadAction","target":["https:\/\/www.suno.com.br\/noticias\/brasil-cria-131-empregos-caged-julho\/"]}]},{"@type":"ImageObject","inLanguage":"pt-BR","@id":"https:\/\/www.suno.com.br\/noticias\/brasil-cria-131-empregos-caged-julho\/#primaryimage","url":"https:\/\/files.sunoresearch.com.br\/n\/uploads\/2019\/08\/7258062f-carteira-de-trabalhooo-jpg.webp","contentUrl":"https:\/\/files.sunoresearch.com.br\/n\/uploads\/2019\/08\/7258062f-carteira-de-trabalhooo-jpg.webp","width":750,"height":507,"caption":"Brasil cria 131 mil vagas de trabalho em julho, mostra Caged"},{"@type":"BreadcrumbList","@id":"https:\/\/www.suno.com.br\/noticias\/brasil-cria-131-empregos-caged-julho\/#breadcrumb","itemListElement":[{"@type":"ListItem","position":1,"name":"Not\u00edcias","item":"https:\/\/www.suno.com.br\/noticias\/"},{"@type":"ListItem","position":2,"name":"Economia","item":"https:\/\/www.suno.com.br\/noticias\/economia\/"},{"@type":"ListItem","position":3,"name":"Brasil cria 131 mil vagas de trabalho em julho, mostra Caged"}]},{"@type":"WebSite","@id":"https:\/\/www.suno.com.br\/noticias\/#website","url":"https:\/\/www.suno.com.br\/noticias\/","name":"Suno Not\u00edcias","description":"Seu portal de informa\u00e7\u00e3o sobre o mundo dos investimentos","publisher":{"@id":"https:\/\/www.suno.com.br\/noticias\/#organization"},"potentialAction":[{"@type":"SearchAction","target":{"@type":"EntryPoint","urlTemplate":"https:\/\/www.suno.com.br\/noticias\/?s={search_term_string}"},"query-input":{"@type":"PropertyValueSpecification","valueRequired":true,"valueName":"search_term_string"}}],"inLanguage":"pt-BR"},{"@type":"Organization","@id":"https:\/\/www.suno.com.br\/noticias\/#organization","name":"Suno Not\u00edcias","url":"https:\/\/www.suno.com.br\/noticias\/","logo":{"@type":"ImageObject","inLanguage":"pt-BR","@id":"https:\/\/www.suno.com.br\/noticias\/#\/schema\/logo\/image\/","url":"https:\/\/files.sunoresearch.com.br\/n\/uploads\/2021\/09\/suno-logo.png","contentUrl":"https:\/\/files.sunoresearch.com.br\/n\/uploads\/2021\/09\/suno-logo.png","width":180,"height":180,"caption":"Suno Not\u00edcias"},"image":{"@id":"https:\/\/www.suno.com.br\/noticias\/#\/schema\/logo\/image\/"},"sameAs":["https:\/\/facebook.com\/sunoresearch","https:\/\/x.com\/sunoresearch","https:\/\/www.instagram.com\/suno","https:\/\/www.linkedin.com\/company\/suno-research\/","https:\/\/www.youtube.com\/c\/sunoresearch"]},{"@type":"Person","@id":"https:\/\/www.suno.com.br\/noticias\/#\/schema\/person\/e6e0f723cc177805027f4566c1d5e0c8","name":"Carlo Cauti","image":{"@type":"ImageObject","inLanguage":"pt-BR","@id":"https:\/\/www.suno.com.br\/noticias\/#\/schema\/person\/image\/","url":"https:\/\/secure.gravatar.com\/avatar\/3ada9e0bd164c23abd4792a9606d583c?s=96&r=g","contentUrl":"https:\/\/secure.gravatar.com\/avatar\/3ada9e0bd164c23abd4792a9606d583c?s=96&r=g","caption":"Carlo Cauti"},"description":"Editor multim\u00eddia do SUNO Not\u00edcias. Italiano, formado em Ci\u00eancias Pol\u00edticas pela universidade LUISS G. Carli de Roma e mestre cum laude em Rela\u00e7\u00f5es Internacionais, Jornalismo Internacional e de Guerra e em Economia Internacional. Concluiu tamb\u00e9m um MBA em Finan\u00e7as na B3. No Brasil, teve passagem por ve\u00edculos como Estad\u00e3o, Globo, Veja e EXAME. e nas ag\u00eancias de not\u00edcias italianas ANSA e NOVA.","url":"https:\/\/www.suno.com.br\/noticias\/author\/carlo-cauti\/"}]}},"default_loop_html":"<div class=\"cardsPage__listCard__boxs\"><div class=\"cardsPage__listCard__boxs__img\"><a href=\"https:\/\/www.suno.com.br\/noticias\/brasil-cria-131-empregos-caged-julho\/\"><img class=\"mask\" src=\"https:\/\/www.suno.com.br\/noticias\/wp-content\/themes\/suno\/resources\/images\/spotlight\/spotlight1img\/bg-mask.png\" alt=\"Image Mask\"\/><img src=\"https:\/\/files.sunoresearch.com.br\/n\/uploads\/2019\/08\/7258062f-carteira-de-trabalhooo-400x200.webp\" alt=\"Brasil cria 131 mil vagas de trabalho em julho, mostra Caged\"\/><\/a><span class=\"spotlightCategory\"><a href=\"https:\/\/www.suno.com.br\/noticias\/economia\/\">Economia<\/a><\/span><\/div><div class=\"cardsPage__listCard__boxs__content\"><a href=\"https:\/\/www.suno.com.br\/noticias\/brasil-cria-131-empregos-caged-julho\/\"><h2 class=\"content__title\">Brasil cria 131 mil vagas de trabalho em julho, mostra Caged<\/h2><\/a><div class=\"newsContent__article__meta\"><div class=\"newsContent__article__meta__authorBox\"><a href=\"https:\/\/www.suno.com.br\/noticias\/author\/carlo-cauti\/\" class=\"authorBox__avatar noMobi\"><img src=\"https:\/\/files.sunoresearch.com.br\/n\/uploads\/2020\/08\/e3745f9a-perfil-carlo-cauti-150x150.webp\" alt=\"Carlo Cauti\"><\/a><div class=\"authorBox__name\"><span>por\n\t\t\t<a href=\"https:\/\/www.suno.com.br\/noticias\/author\/carlo-cauti\/\"><span itemprop=\"author\">Carlo Cauti<\/span><\/a><\/span><time datetime=\"2020-08-21T14:55:48-03:00\" itemprop=\"datePublished\">21\/08\/2020 14:55<\/time><\/div><\/div><\/div><\/div><\/div>","single_layout":"posts","amp_enabled":true,"_links":{"self":[{"href":"https:\/\/www.suno.com.br\/noticias\/wp-json\/wp\/v2\/posts\/79927"}],"collection":[{"href":"https:\/\/www.suno.com.br\/noticias\/wp-json\/wp\/v2\/posts"}],"about":[{"href":"https:\/\/www.suno.com.br\/noticias\/wp-json\/wp\/v2\/types\/post"}],"author":[{"embeddable":true,"href":"https:\/\/www.suno.com.br\/noticias\/wp-json\/wp\/v2\/users\/9"}],"replies":[{"embeddable":true,"href":"https:\/\/www.suno.com.br\/noticias\/wp-json\/wp\/v2\/comments?post=79927"}],"version-history":[{"count":0,"href":"https:\/\/www.suno.com.br\/noticias\/wp-json\/wp\/v2\/posts\/79927\/revisions"}],"wp:featuredmedia":[{"embeddable":true,"href":"https:\/\/www.suno.com.br\/noticias\/wp-json\/wp\/v2\/media\/35981"}],"wp:attachment":[{"href":"https:\/\/www.suno.com.br\/noticias\/wp-json\/wp\/v2\/media?parent=79927"}],"wp:term":[{"taxonomy":"category","embeddable":true,"href":"https:\/\/www.suno.com.br\/noticias\/wp-json\/wp\/v2\/categories?post=79927"},{"taxonomy":"post_tag","embeddable":true,"href":"https:\/\/www.suno.com.br\/noticias\/wp-json\/wp\/v2\/tags?post=79927"},{"taxonomy":"suno_strategy","embeddable":true,"href":"https:\/\/www.suno.com.br\/noticias\/wp-json\/wp\/v2\/suno_strategy?post=79927"}],"curies":[{"name":"wp","href":"https:\/\/api.w.org\/{rel}","templated":true}]}}