{"id":79917,"date":"2020-08-21T16:56:12","date_gmt":"2020-08-21T19:56:12","guid":{"rendered":"https:\/\/www.suno.com.br\/noticias\/?p=79917"},"modified":"2020-08-21T16:56:12","modified_gmt":"2020-08-21T19:56:12","slug":"zona-do-euro-recuperacao-economica-perde-forca","status":"publish","type":"post","link":"https:\/\/www.suno.com.br\/noticias\/zona-do-euro-recuperacao-economica-perde-forca\/","title":{"rendered":"Zona do Euro: recupera\u00e7\u00e3o econ\u00f4mica perde for\u00e7a, sugerem pesquisas"},"content":{"rendered":"<p>A recupera\u00e7\u00e3o econ\u00f4mica da <a href=\"https:\/\/www.suno.com.br\/artigos\/zona-do-euro\/\"><strong>zona do euro<\/strong><\/a> durante a pandemia do coronav\u00edrus (covid-19) estaria perdendo for\u00e7a ap\u00f3s v\u00e1rios meses de melhora, informou uma pesquisa realizada pela consultoria IHS Markit e divulgada nessa sexta-feira (21).<\/p>\t<div class=\"wrapper-featured-image\">\n\t\t<figure class=\"spotlightImg\">\n\n\t\t\t<picture>\n\t\t\t\t<source media=\"(max-width: 768px)\" srcset=\"https:\/\/files.sunoresearch.com.br\/n\/uploads\/2020\/08\/070f4a82-blue-and-yellow-euro-symbol-billboard-near-white-high-rise-building-low-angle-photography-thumbnail.jpg\">\n\t\t\t\t<img loading=\"lazy\" decoding=\"async\" class=\"newsContent__article__imgCapa lazyloadDisabled \" src=\"https:\/\/files.sunoresearch.com.br\/n\/uploads\/2020\/08\/070f4a82-blue-and-yellow-euro-symbol-billboard-near-white-high-rise-building-low-angle-photography-thumbnail.jpg\" width=\"800\" height=\"450\" alt=\"Zona do Euro: recupera\u00e7\u00e3o econ\u00f4mica perde for\u00e7a, sugerem pesquisas\" fetchpriority=high \/>\n\t\t\t<\/picture>\n\n\t\t\t<figcaption class=\"wp-caption-text wp-caption-text--show\">Zona do euro: desacelera\u00e7\u00e3o na economia surpreende economistas<\/figcaption>\n\t\t<\/figure>\n\t<\/div>\n\n\n<div class=\"hubspot-form-wrapper\">\n\t<div id=\"single-form-target\"><\/div>\n<\/div>\n\n<p>Segundo a pesquisa, o \u00cdndice de Gerentes de Compras (PMI na s\u00edgla ingl\u00eas) da zona do euro caiu para 51,6 em agosto, ante 54,9 em julho.<\/p>\n<p>Embora uma leitura acima da marca de 50 indique que a maioria das empresas tiveram expans\u00e3o na atividade, ainda foi abaixo das expectativas de economistas.<\/p>\n<p><a href=\"https:\/\/lp.suno.com.br\/suno-one\/\">Suno One: acesse gratuitamente eBooks, Minicursos, Artigos e Video Aulas sobre investimentos com um \u00fanico cadastro. Clique para saber mais!<\/a><\/p>\n<p>O PMI demonstrou que o setor de servi\u00e7os foi o mais afetado nesse m\u00eas, ainda que outros setores tamb\u00e9m tenham sofrido contra\u00e7\u00f5es.<\/p>\n<p>Ap\u00f3s uma contra\u00e7\u00e3o hist\u00f3rica de mais de 15% nos primeiros dois trimestres desse ano, os economistas esperavam at\u00e9 recentemente que a economia da zona do euro se recuperasse fortemente no terceiro trimestre, apontou a pesquisa.<\/p>\n<p>No entanto, o recente ressurgimento de cont\u00e1gios por coronav\u00edrus em muitos pa\u00edses europeus a n\u00edveis n\u00e3o vistos desde maio desencadeou novos requisitos de quarentena e bloqueios localizados, levantando d\u00favidas sobre o avan\u00e7o da recupera\u00e7\u00e3o.<\/p>\n<p>&#8220;A recupera\u00e7\u00e3o da zona do euro perdeu for\u00e7a em agosto, destacando a fraqueza inerente da demanda provocada pela pandemia de Covid-19&#8221;, afirmou Andrew Harker, diretor do IHS Markit. &#8220;A recupera\u00e7\u00e3o foi prejudicada por sinais de aumento nos casos de coronav\u00edrus em v\u00e1rias partes da zona do euro&#8221;.<\/p>\n<p>O diretor reiterou que os pedidos das empresas continuaram a aumentar em agosto, mas o ritmo de crescimento desacelerou, enquanto \u201cas empresas na zona do euro continuaram a reduzir seus n\u00edveis de funcion\u00e1rios&#8221; para refletir a fraca demanda em alguns setores da economia.<\/p>\n<p>Ele disse que os pedidos das empresas continuaram a aumentar em agosto, mas o ritmo de crescimento desacelerou, enquanto \u201cas empresas na zona do euro continuaram a reduzir seus n\u00edveis de pessoal\u201d para refletir a fraca demanda subjacente e a confian\u00e7a empresarial.<\/p>\n<h2>Atividade econ\u00f4mica da zona do euro<\/h2>\n<p>O PMI da Fran\u00e7a caiu de 57,3 em julho para 51,7 em agosto, quando a atividade empresarial foi atingida por uma contra\u00e7\u00e3o inesperada no setor manufatureiro franc\u00eas.<\/p>\n<p>Enquanto isso, na Alemanha, foi o setor de servi\u00e7os que sofreu desacelera\u00e7\u00e3o, compensando uma recupera\u00e7\u00e3o cont\u00ednua na ind\u00fastria e puxando o \u00edndice alem\u00e3o de 55,3 em julho para 53,7 em agosto.<\/p>\n<p>\u201cNa Fran\u00e7a, estamos particularmente preocupados com o ritmo de corte de empregos tendo aumentado novamente em agosto\u201d, disse Moritz Degler, economista da Oxford Economics. \u201cNa Alemanha, enquanto a taxa de cortes de empregos diminuiu, os empregos nos servi\u00e7os e na ind\u00fastria continuaram caindo.\u201d<\/p>\n<p>O c\u00e2mbio do euro caiu cerca de 0,4% em rela\u00e7\u00e3o ao d\u00f3lar depois que a not\u00edcia foi divulgada. Os mercados de a\u00e7\u00f5es, no entanto, ignoraram as m\u00e1s not\u00edcias e o \u00edndice europeu <a href=\"https:\/\/www.suno.com.br\/artigos\/euro-stoxx-50\/\"><strong>Stoxx 600<\/strong> <\/a>subiu 0,5 % no dia.<\/p>\n<p>Christoph Weil, economista do Commerzbank, disse que os dados \u201cconfirmaram nossa avalia\u00e7\u00e3o de que n\u00e3o haver\u00e1 recupera\u00e7\u00e3o em forma de V na \u00e1rea do euro\u201d.<\/p>\n<p>\u201cRestri\u00e7\u00f5es recentes em resposta ao aumento das taxas de infec\u00e7\u00e3o est\u00e3o atrasando ainda mais a recupera\u00e7\u00e3o. N\u00e3o esperamos que o <a href=\"https:\/\/www.suno.com.br\/artigos\/pib-produto-interno-bruto\/\"><strong>Produto Interno Bruto (PIB)<\/strong><\/a> real volte aos n\u00edveis anteriores \u00e0 crise at\u00e9 2022 \u201d, disse ele.<\/p>\n<p>Muitas das novas infec\u00e7\u00f5es ocorreram entre jovens e, at\u00e9 agora, n\u00e3o houve um grande aumento de hospitaliza\u00e7\u00f5es ou mortes. Os l\u00edderes europeus dizem estar determinados a evitar novos bloqueios nacionais que congelaram grandes partes da economia no in\u00edcio deste ano.<\/p>\n<p>A chanceler alem\u00e3, <strong>Angela Merkel,<\/strong> disse nessa quinta-feira (20): \u201cQueremos evitar fechar as fronteiras novamente a qualquer custo, mas isso pressup\u00f5e que atuemos em coordena\u00e7\u00e3o\u201d.<\/p>\n<p>O presidente franc\u00eas Emmanuel Macron disse em uma entrevista ao Paris Match: \u201cN\u00e3o podemos fechar o pa\u00eds, porque os danos colaterais do confinamento s\u00e3o consider\u00e1veis\u201d.<\/p>\n<p>No setor manufatureiro franc\u00eas, uma propor\u00e7\u00e3o decrescente de empresas disse que a atividade melhorou em compara\u00e7\u00e3o com o m\u00eas anterior, apresentando uma leitura de PMI de 49, representando um valor abaixo dos 52,4 em julho.<\/p>\n<p>O \u00edndice PMI dos servi\u00e7os franceses caiu 5,4 pontos para 51,9, enquanto na Alemanha o PMI dos servi\u00e7os caiu 4,8 pontos para 50,8.<\/p>\n<p>\u201cNo geral, os dados de hoje sugerem que a recupera\u00e7\u00e3o j\u00e1 est\u00e1 come\u00e7ando a desaparecer, pelo menos fora do setor manufatureiro alem\u00e3o\u201d, disse Jessica Hinds, economista da Capital Economics. \u201cSem nenhum sinal de que o ressurgimento dos casos de v\u00edrus foi eliminado, h\u00e1 um risco claro de que ele pare ou at\u00e9 mesmo d\u00ea marcha \u00e0 r\u00e9.\u201d<\/p>\n<p>Em contraste, a economia do Reino Unido se recuperou de forma extremamente forte em agosto, de acordo com o \u00faltimo \u00edndice de gerentes de compras, com o crescimento da atividade empresarial atingindo seu n\u00edvel mais forte em quase sete anos. O PMI aumentou de 57 em julho para 60,3 em agosto.<\/p>\n<p><a href=\"https:\/\/www.suno.com.br\/noticias\/bce-indica-zona-euro-pode-receber-mais-estimulos-2020\/\">Saiba Mais: BCE indica que zona do euro pode receber mais est\u00edmulos em 2020<\/a><\/p>\n<p>As pesquisas mensais IHS Markit n\u00e3o s\u00e3o uma medida da extens\u00e3o em que a atividade econ\u00f4mica se recuperou em rela\u00e7\u00e3o aos n\u00edveis pr\u00e9-coronav\u00edrus e, embora sinalizem o qu\u00e3o ampla \u00e9 a recupera\u00e7\u00e3o, eles n\u00e3o podem medir seu ritmo.<\/p>\n<p>A pesquisa da <strong>zona do euro<\/strong> com cerca de 5.000 empresas foi realizada entre 12 e 20 de agosto desse ano. As estimativas do PMI s\u00e3o publicadas uma semana antes dos resultados finais e s\u00e3o baseadas em cerca de 85% das respostas t\u00edpicas.<\/p>\n\n","protected":false},"excerpt":{"rendered":"<p>A recupera\u00e7\u00e3o econ\u00f4mica da zona do euro durante a pandemia do coronav\u00edrus (covid-19) estaria perdendo for\u00e7a ap\u00f3s v\u00e1rios meses de melhora, informou uma pesquisa realizada pela consultoria IHS Markit e divulgada nessa sexta-feira (21). Zona do euro: desacelera\u00e7\u00e3o na economia surpreende economistas Segundo a pesquisa, o \u00cdndice de Gerentes de Compras (PMI na s\u00edgla ingl\u00eas) [&hellip;]<\/p>\n","protected":false},"author":56,"featured_media":79988,"comment_status":"closed","ping_status":"closed","sticky":false,"template":"","format":"standard","meta":[],"categories":[63],"tags":[740,710,991],"suno_strategy":[],"class_list":["post-79917","post","type-post","status-publish","format-standard","has-post-thumbnail","hentry","category-internacional","tag-economia","tag-europa","tag-zona-do-euro"],"yoast_head":"<!-- This site is optimized with the Yoast SEO plugin v24.4 - https:\/\/yoast.com\/wordpress\/plugins\/seo\/ -->\n<title>Zona do Euro: recupera\u00e7\u00e3o econ\u00f4mica perde for\u00e7a, indicam pesquisas<\/title>\n<meta name=\"description\" content=\"Ritmo de expans\u00e3o na zona do euro come\u00e7a a desacelerar ap\u00f3s v\u00e1rios meses de melhora, apontam pesquisas. Clique aqui para saber mais.\" \/>\n<meta name=\"robots\" content=\"index, follow, max-snippet:-1, max-image-preview:large, max-video-preview:-1\" \/>\n<link rel=\"canonical\" href=\"https:\/\/www.suno.com.br\/noticias\/zona-do-euro-recuperacao-economica-perde-forca\/\" \/>\n<meta property=\"og:locale\" content=\"pt_BR\" \/>\n<meta property=\"og:type\" content=\"article\" \/>\n<meta property=\"og:title\" content=\"Zona do Euro: recupera\u00e7\u00e3o econ\u00f4mica perde for\u00e7a, indicam pesquisas\" \/>\n<meta property=\"og:description\" content=\"Ritmo de expans\u00e3o na zona do euro come\u00e7a a desacelerar ap\u00f3s v\u00e1rios meses de melhora, apontam pesquisas. Clique aqui para saber mais.\" \/>\n<meta property=\"og:url\" content=\"https:\/\/www.suno.com.br\/noticias\/zona-do-euro-recuperacao-economica-perde-forca\/\" \/>\n<meta property=\"og:site_name\" content=\"Suno Not\u00edcias\" \/>\n<meta property=\"article:publisher\" content=\"https:\/\/facebook.com\/sunoresearch\" \/>\n<meta property=\"og:image\" content=\"https:\/\/files.sunoresearch.com.br\/n\/uploads\/2020\/08\/070f4a82-blue-and-yellow-euro-symbol-billboard-near-white-high-rise-building-low-angle-photography-thumbnail.jpg\" \/>\n\t<meta property=\"og:image:width\" content=\"338\" \/>\n\t<meta property=\"og:image:height\" content=\"254\" \/>\n\t<meta property=\"og:image:type\" content=\"image\/jpeg\" \/>\n<meta name=\"author\" content=\"Rafaela La Regina\" \/>\n<meta name=\"twitter:card\" content=\"summary_large_image\" \/>\n<meta name=\"twitter:creator\" content=\"@sunoresearch\" \/>\n<meta name=\"twitter:site\" content=\"@sunoresearch\" \/>\n<meta name=\"twitter:label1\" content=\"Escrito por\" \/>\n\t<meta name=\"twitter:data1\" content=\"Rafaela La Regina\" \/>\n\t<meta name=\"twitter:label2\" content=\"Est. tempo de leitura\" \/>\n\t<meta name=\"twitter:data2\" content=\"5 minutos\" \/>\n<script type=\"application\/ld+json\" class=\"yoast-schema-graph\">{\"@context\":\"https:\/\/schema.org\",\"@graph\":[{\"@type\":\"NewsArticle\",\"@id\":\"https:\/\/www.suno.com.br\/noticias\/zona-do-euro-recuperacao-economica-perde-forca\/#article\",\"isPartOf\":{\"@id\":\"https:\/\/www.suno.com.br\/noticias\/zona-do-euro-recuperacao-economica-perde-forca\/\"},\"author\":{\"name\":\"Rafaela La Regina\",\"@id\":\"https:\/\/www.suno.com.br\/noticias\/#\/schema\/person\/e672ca8cea627fe715fa29bca7da95e0\"},\"headline\":\"Zona do Euro: recupera\u00e7\u00e3o econ\u00f4mica perde for\u00e7a, sugerem pesquisas\",\"datePublished\":\"2020-08-21T19:56:12+00:00\",\"mainEntityOfPage\":{\"@id\":\"https:\/\/www.suno.com.br\/noticias\/zona-do-euro-recuperacao-economica-perde-forca\/\"},\"wordCount\":985,\"publisher\":{\"@id\":\"https:\/\/www.suno.com.br\/noticias\/#organization\"},\"image\":{\"@id\":\"https:\/\/www.suno.com.br\/noticias\/zona-do-euro-recuperacao-economica-perde-forca\/#primaryimage\"},\"thumbnailUrl\":\"https:\/\/files.sunoresearch.com.br\/n\/uploads\/2020\/08\/070f4a82-blue-and-yellow-euro-symbol-billboard-near-white-high-rise-building-low-angle-photography-thumbnail.jpg\",\"keywords\":[\"Economia\",\"Europa\",\"zona do euro\"],\"articleSection\":[\"Internacional\"],\"inLanguage\":\"pt-BR\"},{\"@type\":\"WebPage\",\"@id\":\"https:\/\/www.suno.com.br\/noticias\/zona-do-euro-recuperacao-economica-perde-forca\/\",\"url\":\"https:\/\/www.suno.com.br\/noticias\/zona-do-euro-recuperacao-economica-perde-forca\/\",\"name\":\"Zona do Euro: recupera\u00e7\u00e3o econ\u00f4mica perde for\u00e7a, indicam pesquisas\",\"isPartOf\":{\"@id\":\"https:\/\/www.suno.com.br\/noticias\/#website\"},\"primaryImageOfPage\":{\"@id\":\"https:\/\/www.suno.com.br\/noticias\/zona-do-euro-recuperacao-economica-perde-forca\/#primaryimage\"},\"image\":{\"@id\":\"https:\/\/www.suno.com.br\/noticias\/zona-do-euro-recuperacao-economica-perde-forca\/#primaryimage\"},\"thumbnailUrl\":\"https:\/\/files.sunoresearch.com.br\/n\/uploads\/2020\/08\/070f4a82-blue-and-yellow-euro-symbol-billboard-near-white-high-rise-building-low-angle-photography-thumbnail.jpg\",\"datePublished\":\"2020-08-21T19:56:12+00:00\",\"description\":\"Ritmo de expans\u00e3o na zona do euro come\u00e7a a desacelerar ap\u00f3s v\u00e1rios meses de melhora, apontam pesquisas. Clique aqui para saber mais.\",\"breadcrumb\":{\"@id\":\"https:\/\/www.suno.com.br\/noticias\/zona-do-euro-recuperacao-economica-perde-forca\/#breadcrumb\"},\"inLanguage\":\"pt-BR\",\"potentialAction\":[{\"@type\":\"ReadAction\",\"target\":[\"https:\/\/www.suno.com.br\/noticias\/zona-do-euro-recuperacao-economica-perde-forca\/\"]}]},{\"@type\":\"ImageObject\",\"inLanguage\":\"pt-BR\",\"@id\":\"https:\/\/www.suno.com.br\/noticias\/zona-do-euro-recuperacao-economica-perde-forca\/#primaryimage\",\"url\":\"https:\/\/files.sunoresearch.com.br\/n\/uploads\/2020\/08\/070f4a82-blue-and-yellow-euro-symbol-billboard-near-white-high-rise-building-low-angle-photography-thumbnail.jpg\",\"contentUrl\":\"https:\/\/files.sunoresearch.com.br\/n\/uploads\/2020\/08\/070f4a82-blue-and-yellow-euro-symbol-billboard-near-white-high-rise-building-low-angle-photography-thumbnail.jpg\",\"width\":338,\"height\":254,\"caption\":\"Zona do euro: desacelera\u00e7\u00e3o na economia surpreende economistas\"},{\"@type\":\"BreadcrumbList\",\"@id\":\"https:\/\/www.suno.com.br\/noticias\/zona-do-euro-recuperacao-economica-perde-forca\/#breadcrumb\",\"itemListElement\":[{\"@type\":\"ListItem\",\"position\":1,\"name\":\"Not\u00edcias\",\"item\":\"https:\/\/www.suno.com.br\/noticias\/\"},{\"@type\":\"ListItem\",\"position\":2,\"name\":\"Internacional\",\"item\":\"https:\/\/www.suno.com.br\/noticias\/internacional\/\"},{\"@type\":\"ListItem\",\"position\":3,\"name\":\"Zona do Euro: recupera\u00e7\u00e3o econ\u00f4mica perde for\u00e7a, sugerem pesquisas\"}]},{\"@type\":\"WebSite\",\"@id\":\"https:\/\/www.suno.com.br\/noticias\/#website\",\"url\":\"https:\/\/www.suno.com.br\/noticias\/\",\"name\":\"Suno Not\u00edcias\",\"description\":\"Seu portal de informa\u00e7\u00e3o sobre o mundo dos investimentos\",\"publisher\":{\"@id\":\"https:\/\/www.suno.com.br\/noticias\/#organization\"},\"potentialAction\":[{\"@type\":\"SearchAction\",\"target\":{\"@type\":\"EntryPoint\",\"urlTemplate\":\"https:\/\/www.suno.com.br\/noticias\/?s={search_term_string}\"},\"query-input\":{\"@type\":\"PropertyValueSpecification\",\"valueRequired\":true,\"valueName\":\"search_term_string\"}}],\"inLanguage\":\"pt-BR\"},{\"@type\":\"Organization\",\"@id\":\"https:\/\/www.suno.com.br\/noticias\/#organization\",\"name\":\"Suno Not\u00edcias\",\"url\":\"https:\/\/www.suno.com.br\/noticias\/\",\"logo\":{\"@type\":\"ImageObject\",\"inLanguage\":\"pt-BR\",\"@id\":\"https:\/\/www.suno.com.br\/noticias\/#\/schema\/logo\/image\/\",\"url\":\"https:\/\/files.sunoresearch.com.br\/n\/uploads\/2021\/09\/suno-logo.png\",\"contentUrl\":\"https:\/\/files.sunoresearch.com.br\/n\/uploads\/2021\/09\/suno-logo.png\",\"width\":180,\"height\":180,\"caption\":\"Suno Not\u00edcias\"},\"image\":{\"@id\":\"https:\/\/www.suno.com.br\/noticias\/#\/schema\/logo\/image\/\"},\"sameAs\":[\"https:\/\/facebook.com\/sunoresearch\",\"https:\/\/x.com\/sunoresearch\",\"https:\/\/www.instagram.com\/suno\",\"https:\/\/www.linkedin.com\/company\/suno-research\/\",\"https:\/\/www.youtube.com\/c\/sunoresearch\"]},{\"@type\":\"Person\",\"@id\":\"https:\/\/www.suno.com.br\/noticias\/#\/schema\/person\/e672ca8cea627fe715fa29bca7da95e0\",\"name\":\"Rafaela La Regina\",\"image\":{\"@type\":\"ImageObject\",\"inLanguage\":\"pt-BR\",\"@id\":\"https:\/\/www.suno.com.br\/noticias\/#\/schema\/person\/image\/\",\"url\":\"https:\/\/secure.gravatar.com\/avatar\/d2c75a52d243deb93d0465fdcb21bd37?s=96&r=g\",\"contentUrl\":\"https:\/\/secure.gravatar.com\/avatar\/d2c75a52d243deb93d0465fdcb21bd37?s=96&r=g\",\"caption\":\"Rafaela La Regina\"},\"description\":\"Estagi\u00e1ria no Suno Not\u00edcias. Escreve sobre economia, pol\u00edtica e neg\u00f3cios. Estuda Rela\u00e7\u00f5es Internacionais no IBMEC-SP.\",\"url\":\"https:\/\/www.suno.com.br\/noticias\/author\/rafaela-la-regina\/\"}]}<\/script>\n<!-- \/ Yoast SEO plugin. -->","yoast_head_json":{"title":"Zona do Euro: recupera\u00e7\u00e3o econ\u00f4mica perde for\u00e7a, indicam pesquisas","description":"Ritmo de expans\u00e3o na zona do euro come\u00e7a a desacelerar ap\u00f3s v\u00e1rios meses de melhora, apontam pesquisas. Clique aqui para saber mais.","robots":{"index":"index","follow":"follow","max-snippet":"max-snippet:-1","max-image-preview":"max-image-preview:large","max-video-preview":"max-video-preview:-1"},"canonical":"https:\/\/www.suno.com.br\/noticias\/zona-do-euro-recuperacao-economica-perde-forca\/","og_locale":"pt_BR","og_type":"article","og_title":"Zona do Euro: recupera\u00e7\u00e3o econ\u00f4mica perde for\u00e7a, indicam pesquisas","og_description":"Ritmo de expans\u00e3o na zona do euro come\u00e7a a desacelerar ap\u00f3s v\u00e1rios meses de melhora, apontam pesquisas. Clique aqui para saber mais.","og_url":"https:\/\/www.suno.com.br\/noticias\/zona-do-euro-recuperacao-economica-perde-forca\/","og_site_name":"Suno Not\u00edcias","article_publisher":"https:\/\/facebook.com\/sunoresearch","og_image":[{"width":338,"height":254,"url":"https:\/\/files.sunoresearch.com.br\/n\/uploads\/2020\/08\/070f4a82-blue-and-yellow-euro-symbol-billboard-near-white-high-rise-building-low-angle-photography-thumbnail.jpg","type":"image\/jpeg"}],"author":"Rafaela La Regina","twitter_card":"summary_large_image","twitter_creator":"@sunoresearch","twitter_site":"@sunoresearch","twitter_misc":{"Escrito por":"Rafaela La Regina","Est. tempo de leitura":"5 minutos"},"schema":{"@context":"https:\/\/schema.org","@graph":[{"@type":"NewsArticle","@id":"https:\/\/www.suno.com.br\/noticias\/zona-do-euro-recuperacao-economica-perde-forca\/#article","isPartOf":{"@id":"https:\/\/www.suno.com.br\/noticias\/zona-do-euro-recuperacao-economica-perde-forca\/"},"author":{"name":"Rafaela La Regina","@id":"https:\/\/www.suno.com.br\/noticias\/#\/schema\/person\/e672ca8cea627fe715fa29bca7da95e0"},"headline":"Zona do Euro: recupera\u00e7\u00e3o econ\u00f4mica perde for\u00e7a, sugerem pesquisas","datePublished":"2020-08-21T19:56:12+00:00","mainEntityOfPage":{"@id":"https:\/\/www.suno.com.br\/noticias\/zona-do-euro-recuperacao-economica-perde-forca\/"},"wordCount":985,"publisher":{"@id":"https:\/\/www.suno.com.br\/noticias\/#organization"},"image":{"@id":"https:\/\/www.suno.com.br\/noticias\/zona-do-euro-recuperacao-economica-perde-forca\/#primaryimage"},"thumbnailUrl":"https:\/\/files.sunoresearch.com.br\/n\/uploads\/2020\/08\/070f4a82-blue-and-yellow-euro-symbol-billboard-near-white-high-rise-building-low-angle-photography-thumbnail.jpg","keywords":["Economia","Europa","zona do euro"],"articleSection":["Internacional"],"inLanguage":"pt-BR"},{"@type":"WebPage","@id":"https:\/\/www.suno.com.br\/noticias\/zona-do-euro-recuperacao-economica-perde-forca\/","url":"https:\/\/www.suno.com.br\/noticias\/zona-do-euro-recuperacao-economica-perde-forca\/","name":"Zona do Euro: recupera\u00e7\u00e3o econ\u00f4mica perde for\u00e7a, indicam pesquisas","isPartOf":{"@id":"https:\/\/www.suno.com.br\/noticias\/#website"},"primaryImageOfPage":{"@id":"https:\/\/www.suno.com.br\/noticias\/zona-do-euro-recuperacao-economica-perde-forca\/#primaryimage"},"image":{"@id":"https:\/\/www.suno.com.br\/noticias\/zona-do-euro-recuperacao-economica-perde-forca\/#primaryimage"},"thumbnailUrl":"https:\/\/files.sunoresearch.com.br\/n\/uploads\/2020\/08\/070f4a82-blue-and-yellow-euro-symbol-billboard-near-white-high-rise-building-low-angle-photography-thumbnail.jpg","datePublished":"2020-08-21T19:56:12+00:00","description":"Ritmo de expans\u00e3o na zona do euro come\u00e7a a desacelerar ap\u00f3s v\u00e1rios meses de melhora, apontam pesquisas. Clique aqui para saber mais.","breadcrumb":{"@id":"https:\/\/www.suno.com.br\/noticias\/zona-do-euro-recuperacao-economica-perde-forca\/#breadcrumb"},"inLanguage":"pt-BR","potentialAction":[{"@type":"ReadAction","target":["https:\/\/www.suno.com.br\/noticias\/zona-do-euro-recuperacao-economica-perde-forca\/"]}]},{"@type":"ImageObject","inLanguage":"pt-BR","@id":"https:\/\/www.suno.com.br\/noticias\/zona-do-euro-recuperacao-economica-perde-forca\/#primaryimage","url":"https:\/\/files.sunoresearch.com.br\/n\/uploads\/2020\/08\/070f4a82-blue-and-yellow-euro-symbol-billboard-near-white-high-rise-building-low-angle-photography-thumbnail.jpg","contentUrl":"https:\/\/files.sunoresearch.com.br\/n\/uploads\/2020\/08\/070f4a82-blue-and-yellow-euro-symbol-billboard-near-white-high-rise-building-low-angle-photography-thumbnail.jpg","width":338,"height":254,"caption":"Zona do euro: desacelera\u00e7\u00e3o na economia surpreende economistas"},{"@type":"BreadcrumbList","@id":"https:\/\/www.suno.com.br\/noticias\/zona-do-euro-recuperacao-economica-perde-forca\/#breadcrumb","itemListElement":[{"@type":"ListItem","position":1,"name":"Not\u00edcias","item":"https:\/\/www.suno.com.br\/noticias\/"},{"@type":"ListItem","position":2,"name":"Internacional","item":"https:\/\/www.suno.com.br\/noticias\/internacional\/"},{"@type":"ListItem","position":3,"name":"Zona do Euro: recupera\u00e7\u00e3o econ\u00f4mica perde for\u00e7a, sugerem pesquisas"}]},{"@type":"WebSite","@id":"https:\/\/www.suno.com.br\/noticias\/#website","url":"https:\/\/www.suno.com.br\/noticias\/","name":"Suno Not\u00edcias","description":"Seu portal de informa\u00e7\u00e3o sobre o mundo dos investimentos","publisher":{"@id":"https:\/\/www.suno.com.br\/noticias\/#organization"},"potentialAction":[{"@type":"SearchAction","target":{"@type":"EntryPoint","urlTemplate":"https:\/\/www.suno.com.br\/noticias\/?s={search_term_string}"},"query-input":{"@type":"PropertyValueSpecification","valueRequired":true,"valueName":"search_term_string"}}],"inLanguage":"pt-BR"},{"@type":"Organization","@id":"https:\/\/www.suno.com.br\/noticias\/#organization","name":"Suno Not\u00edcias","url":"https:\/\/www.suno.com.br\/noticias\/","logo":{"@type":"ImageObject","inLanguage":"pt-BR","@id":"https:\/\/www.suno.com.br\/noticias\/#\/schema\/logo\/image\/","url":"https:\/\/files.sunoresearch.com.br\/n\/uploads\/2021\/09\/suno-logo.png","contentUrl":"https:\/\/files.sunoresearch.com.br\/n\/uploads\/2021\/09\/suno-logo.png","width":180,"height":180,"caption":"Suno Not\u00edcias"},"image":{"@id":"https:\/\/www.suno.com.br\/noticias\/#\/schema\/logo\/image\/"},"sameAs":["https:\/\/facebook.com\/sunoresearch","https:\/\/x.com\/sunoresearch","https:\/\/www.instagram.com\/suno","https:\/\/www.linkedin.com\/company\/suno-research\/","https:\/\/www.youtube.com\/c\/sunoresearch"]},{"@type":"Person","@id":"https:\/\/www.suno.com.br\/noticias\/#\/schema\/person\/e672ca8cea627fe715fa29bca7da95e0","name":"Rafaela La Regina","image":{"@type":"ImageObject","inLanguage":"pt-BR","@id":"https:\/\/www.suno.com.br\/noticias\/#\/schema\/person\/image\/","url":"https:\/\/secure.gravatar.com\/avatar\/d2c75a52d243deb93d0465fdcb21bd37?s=96&r=g","contentUrl":"https:\/\/secure.gravatar.com\/avatar\/d2c75a52d243deb93d0465fdcb21bd37?s=96&r=g","caption":"Rafaela La Regina"},"description":"Estagi\u00e1ria no Suno Not\u00edcias. Escreve sobre economia, pol\u00edtica e neg\u00f3cios. Estuda Rela\u00e7\u00f5es Internacionais no IBMEC-SP.","url":"https:\/\/www.suno.com.br\/noticias\/author\/rafaela-la-regina\/"}]}},"default_loop_html":"<div class=\"cardsPage__listCard__boxs\"><div class=\"cardsPage__listCard__boxs__img\"><a href=\"https:\/\/www.suno.com.br\/noticias\/zona-do-euro-recuperacao-economica-perde-forca\/\"><img class=\"mask\" src=\"https:\/\/www.suno.com.br\/noticias\/wp-content\/themes\/suno\/resources\/images\/spotlight\/spotlight1img\/bg-mask.png\" alt=\"Image Mask\"\/><img src=\"https:\/\/files.sunoresearch.com.br\/n\/uploads\/2020\/08\/070f4a82-blue-and-yellow-euro-symbol-billboard-near-white-high-rise-building-low-angle-photography-thumbnail.jpg\" alt=\"Zona do Euro: recupera\u00e7\u00e3o econ\u00f4mica perde for\u00e7a, sugerem pesquisas\"\/><\/a><span class=\"spotlightCategory\"><a href=\"https:\/\/www.suno.com.br\/noticias\/internacional\/\">Internacional<\/a><\/span><\/div><div class=\"cardsPage__listCard__boxs__content\"><a href=\"https:\/\/www.suno.com.br\/noticias\/zona-do-euro-recuperacao-economica-perde-forca\/\"><h2 class=\"content__title\">Zona do Euro: recupera\u00e7\u00e3o econ\u00f4mica perde for\u00e7a, sugerem pesquisas<\/h2><\/a><div class=\"newsContent__article__meta\"><div class=\"newsContent__article__meta__authorBox\"><a href=\"https:\/\/www.suno.com.br\/noticias\/author\/rafaela-la-regina\/\" class=\"authorBox__avatar noMobi\"><img src=\"https:\/\/secure.gravatar.com\/avatar\/d2c75a52d243deb93d0465fdcb21bd37?s=96&#038;r=g\" alt=\"Rafaela La Regina\"><\/a><div class=\"authorBox__name\"><span>por\n\t\t\t<a href=\"https:\/\/www.suno.com.br\/noticias\/author\/rafaela-la-regina\/\"><span itemprop=\"author\">Rafaela La Regina<\/span><\/a><\/span><time datetime=\"2020-08-21T16:56:12-03:00\" itemprop=\"datePublished\">21\/08\/2020 16:56<\/time><\/div><\/div><\/div><\/div><\/div>","single_layout":"posts","amp_enabled":true,"_links":{"self":[{"href":"https:\/\/www.suno.com.br\/noticias\/wp-json\/wp\/v2\/posts\/79917"}],"collection":[{"href":"https:\/\/www.suno.com.br\/noticias\/wp-json\/wp\/v2\/posts"}],"about":[{"href":"https:\/\/www.suno.com.br\/noticias\/wp-json\/wp\/v2\/types\/post"}],"author":[{"embeddable":true,"href":"https:\/\/www.suno.com.br\/noticias\/wp-json\/wp\/v2\/users\/56"}],"replies":[{"embeddable":true,"href":"https:\/\/www.suno.com.br\/noticias\/wp-json\/wp\/v2\/comments?post=79917"}],"version-history":[{"count":0,"href":"https:\/\/www.suno.com.br\/noticias\/wp-json\/wp\/v2\/posts\/79917\/revisions"}],"wp:featuredmedia":[{"embeddable":true,"href":"https:\/\/www.suno.com.br\/noticias\/wp-json\/wp\/v2\/media\/79988"}],"wp:attachment":[{"href":"https:\/\/www.suno.com.br\/noticias\/wp-json\/wp\/v2\/media?parent=79917"}],"wp:term":[{"taxonomy":"category","embeddable":true,"href":"https:\/\/www.suno.com.br\/noticias\/wp-json\/wp\/v2\/categories?post=79917"},{"taxonomy":"post_tag","embeddable":true,"href":"https:\/\/www.suno.com.br\/noticias\/wp-json\/wp\/v2\/tags?post=79917"},{"taxonomy":"suno_strategy","embeddable":true,"href":"https:\/\/www.suno.com.br\/noticias\/wp-json\/wp\/v2\/suno_strategy?post=79917"}],"curies":[{"name":"wp","href":"https:\/\/api.w.org\/{rel}","templated":true}]}}