{"id":79820,"date":"2020-08-21T09:40:54","date_gmt":"2020-08-21T12:40:54","guid":{"rendered":"https:\/\/www.suno.com.br\/noticias\/?p=79820"},"modified":"2021-06-14T00:27:43","modified_gmt":"2021-06-14T03:27:43","slug":"agenda-do-dia-cogna-alliar-banco-pan-gafisa-aliansce-sonae","status":"publish","type":"post","link":"https:\/\/www.suno.com.br\/noticias\/agenda-do-dia-cogna-alliar-banco-pan-gafisa-aliansce-sonae\/","title":{"rendered":"Agenda do Dia: Cogna; Alliar; Banco Pan; Gafisa; Aliansce Sonae"},"content":{"rendered":"<p>Os assuntos da <strong>Agenda<\/strong> <strong>do<\/strong> <strong>Dia<\/strong> desta sexta-feira (21) prometem agitar o mercado.<\/p>\t<div class=\"wrapper-featured-image\">\n\t\t<figure class=\"spotlightImg\">\n\n\t\t\t<picture>\n\t\t\t\t<source media=\"(max-width: 768px)\" srcset=\"https:\/\/files.sunoresearch.com.br\/n\/uploads\/2019\/11\/3f99f22e-cogna-400x200.webp\">\n\t\t\t\t<img loading=\"lazy\" decoding=\"async\" class=\"newsContent__article__imgCapa lazyloadDisabled \" src=\"https:\/\/files.sunoresearch.com.br\/n\/uploads\/2019\/11\/3f99f22e-cogna-800x450.webp\" width=\"800\" height=\"450\" alt=\"Agenda do Dia: Cogna; Alliar; Banco Pan; Gafisa; Aliansce Sonae\" fetchpriority=high \/>\n\t\t\t<\/picture>\n\n\t\t\t<figcaption class=\"wp-caption-text wp-caption-text--show\">Cogna (COGN3). Foto: divulga\u00e7\u00e3o<\/figcaption>\n\t\t<\/figure>\n\t<\/div>\n\n\n<div class=\"hubspot-form-wrapper\">\n\t<div id=\"single-form-target\"><\/div>\n<\/div>\n\n<p>A Agenda do Dia come\u00e7a com a not\u00edcia sobre a <strong>Cogna,<\/strong> que divulgou seus resultados referentes ao segundo trimestre deste ano e apresentou um preju\u00edzo de R$ 454,735 milh\u00f5es. Al\u00e9m disso, h\u00e1 tamb\u00e9m novas informa\u00e7\u00f5es sobre a <b>Alliar, <\/b>que tamb\u00e9m viu seu lucro ser revertido para preju\u00edzo.<\/p>\n<p>Ademais, a Agenda do Dia tamb\u00e9m conta com mais informa\u00e7\u00f5es sobre a <b>fus\u00e3o\u00a0<\/b>entre <strong>Tecnisa<\/strong> e <strong>Gafisa, <\/strong>que segue no radar dos investidores e continua tendo novos cap\u00edtulos.<\/p>\n<p><a href=\"https:\/\/lp.suno.com.br\/suno-one\/\">Suno One: acesse gratuitamente eBooks, Minicursos, Artigos e Video Aulas sobre investimentos com um \u00fanico cadastro. Clique para saber mais!<\/a><\/p>\n<h2>Resultados trimestrais na Agenda do Dia:<\/h2>\n<h2>Preju\u00edzo da Cogna no 2T20<\/h2>\n<p>A <a href=\"https:\/\/www.suno.com.br\/acoes\/cogn3\/\"><strong>Cogna Educa\u00e7\u00e3o<\/strong> (COGN3)<\/a> teve um <a href=\"https:\/\/www.suno.com.br\/artigos\/prejuizos-acumulados\/\">preju\u00edzo<\/a> de R$ 454,735 milh\u00f5es no segundo trimestre deste ano. A queda foi de 425,8% frente ao mesmo per\u00edodo de 2019, quando a companhia do meio educacional registrou um lucro l\u00edquido de R$ 139,581 milh\u00f5es. Em rela\u00e7\u00e3o ao primeiro trimestre do ano, quando o resultado tamb\u00e9m tinha sido de preju\u00edzo, de R$ 39,122 milh\u00f5es, a queda foi de 1062,4%. As demonstra\u00e7\u00f5es financeiras da companhia foram enviadas na \u00faltima quinta-feira (20) \u00e0 <a href=\"https:\/\/www.suno.com.br\/artigos\/cvm\/\">Comiss\u00e3o de Valores Mobili\u00e1rios (CVM)<\/a>.<\/p>\n\t<div data-element=\"shortcode-read-more\" class=\"knowMore\">\n\t\t\t\t<span class=\"knowMore__title\">Saiba mais<\/span>\n\t\t\t\t<a class=\"knowMore__link\" href=\"https:\/\/www.suno.com.br\/noticias\/cogna-registra-prejuizo-2t20\/\">\n\t\t\tCogna (COGN3) registra preju\u00edzo de R$ 454,735 milh\u00f5es no 2T20\t\t<\/a>\n\t<\/div>\n\n\n<h2>Alliar reverte lucro e tem preju\u00edzo de R$ 84 mi<\/h2>\n<p>A <a href=\"https:\/\/www.suno.com.br\/acoes\/aalr3\/\"><strong>Alliar<\/strong> (AALR3)<\/a> teve um preju\u00edzo l\u00edquido de R$ 84,6 milh\u00f5es no trimestre encerrado em junho. Com isso, a empresa reverteu o lucro de R$ 9,6 milh\u00f5es apresentado no mesmo per\u00edodo do ano passado. A receita l\u00edquida teve queda de 48,5%, para R$ 140,3 milh\u00f5es.<\/p>\n<p>O <a href=\"https:\/\/www.suno.com.br\/artigos\/ebitda\/\">lucro antes de juros, impostos, deprecia\u00e7\u00e3o e amortiza\u00e7\u00e3o (Ebitda)<\/a> ajustado ficou em R$ 26,5 milh\u00f5es negativos, uma queda em rela\u00e7\u00e3o aos R$ 73,1 milh\u00f5es positivos apresentados no mesmo intervalo do ano passado.<\/p>\n<h2>Confira o que movimenta o mercado na Agenda do Dia:<\/h2>\n<h2>Oferta de a\u00e7\u00f5es do Banco Pan<\/h2>\n<p>O <a href=\"https:\/\/www.suno.com.br\/acoes\/bpan4\/\"><strong>Banco Pan<\/strong> (BPAN4)<\/a> anunciou, na manh\u00e3 desta sexta-feira (21), que far\u00e1 uma oferta de a\u00e7\u00f5es secund\u00e1rias de titularidade da Caixa Econ\u00f4mica Federal. O fato relevante publicado confirma a <a href=\"https:\/\/www.suno.com.br\/noticias\/caixa-estuda-vender-suas-acoes-preferenciais-do-banco-pan-bpan4\/\">inten\u00e7\u00e3o da institui\u00e7\u00e3o estatal em alienar parte de sua fatia no banco<\/a>.<\/p>\n\t<div data-element=\"shortcode-read-more\" class=\"knowMore\">\n\t\t\t\t<span class=\"knowMore__title\">Saiba mais<\/span>\n\t\t\t\t<a class=\"knowMore__link\" href=\"https:\/\/www.suno.com.br\/noticias\/banco-pan-bpan4-oferta-de-acoes-caixa\/\">\n\t\t\tBanco Pan (BPAN4) anuncia oferta de a\u00e7\u00f5es de titularidade da Caixa\t\t<\/a>\n\t<\/div>\n\n\n<h2>Fus\u00e3o entre Gafisa e Tecnisa<\/h2>\n<p>Segundo informa\u00e7\u00f5es do jornal &#8220;O Estado de S. Paulo&#8221;, a <strong>Gafisa<\/strong> pode realizar uma <a href=\"https:\/\/www.suno.com.br\/artigos\/oferta-publica-aquisicao\/#:~:text=Oferta%20p%C3%BAblica%20de%20aquisi%C3%A7%C3%A3o%20(OPA)%20%C3%A9%20a%20opera%C3%A7%C3%A3o%20em%20que,listada%20na%20bolsa%20de%20valores.\">oferta p\u00fablica de aquisi\u00e7\u00e3o de a\u00e7\u00f5es (OPA)<\/a> para adquirir a Tecnisa, mesmo sem a aprova\u00e7\u00e3o do controlador da concorrente. As informa\u00e7\u00f5es foram publicadas na manh\u00e3 desta sexta-feira (21).<\/p>\n\t<div data-element=\"shortcode-read-more\" class=\"knowMore\">\n\t\t\t\t<span class=\"knowMore__title\">Saiba mais<\/span>\n\t\t\t\t<a class=\"knowMore__link\" href=\"https:\/\/www.suno.com.br\/noticias\/gafisa-oferta-publica-aquisicao-acoes-comprar-tecnisa-diz-jornal\/\">\n\t\t\tGafisa pode realizar oferta p\u00fablica de aquisi\u00e7\u00e3o de a\u00e7\u00f5es para comprar Tecnisa, diz jornal\t\t<\/a>\n\t<\/div>\n\n\n<h2>Aliansce Sonae e aumento de participa\u00e7\u00e3o do Ita\u00fa<\/h2>\n<p>A <a href=\"https:\/\/www.suno.com.br\/acoes\/also3\/\">Aliansce Sonae (ALSO3)<\/a> comunicou ao mercado, na noite da \u00faltima quinta-feira (20), que o <a href=\"https:\/\/www.suno.com.br\/acoes\/itub4\/\"><strong>Ita\u00fa<\/strong> Unibanco (ITUB4)<\/a> elevou sua participa\u00e7\u00e3o acion\u00e1ria na companhia. De acordo com o comunicado, a institui\u00e7\u00e3o financeira passou a deter uma fatia de 5,03% na empresa.<\/p>\n<p>De acordo com o comunicado publicado, o aumento na participa\u00e7\u00e3o foi registrada na \u00faltima quarta-feira (19), e &#8220;a participa\u00e7\u00e3o dos fundos geridos pelo Ita\u00fa na companhia n\u00e3o tem por objetivo alterar a composi\u00e7\u00e3o do controle ou da estrutura administrativa da companhia&#8221;.<\/p>\n<p>A <strong>Agenda<\/strong> <strong style=\"font-size: 1.21429rem;\">do<\/strong> <strong style=\"font-size: 1.21429rem;\">Dia<\/strong> do <a href=\"https:\/\/www.youtube.com\/channel\/UCWDeEIDAIi_oYKDiqwfGyRg\">Suno Not\u00edcias<\/a> mostra os principais acontecimentos que prometem movimentar o mercado durante o dia.<\/p>\n\t<p>\n\t\t<a href=\"https:\/\/lp.suno.com.br\/planilha-de-controle-de-investimentos\/\" target=\"_blank\" data-element=\"shortcode-suno-banner\" title=\"Banner SUNO, clique e saiba mais\">\n\t\t\t<picture>\n\t\t\t\t<source media=\"(max-width: 500px)\" srcset=\"https:\/\/files.sunoresearch.com.br\/n\/uploads\/2023\/03\/400x300-Controle-de-Investimentos.png\">\n\t\t\t\t<img class=\"newsContent__article__imgCapa newsContent__article__imgCapa--banner\"\n\t\t\t\t\tsrc=\"https:\/\/files.sunoresearch.com.br\/n\/uploads\/2023\/03\/1420x240-Controle-de-Investimentos.png\"\n\t\t\t\t\tdata-promo-id=\"75934\"\t\t\t\t\t\t\t\t\t\twidth='1420' height='240'\t\t\t\t\talt=\"https:\/\/files.sunoresearch.com.br\/n\/uploads\/2023\/03\/1420x240-Controle-de-Investimentos.png\"\n\t\t\t\t>\n\t\t\t<\/picture>\n\t\t<\/a>\n\t<\/p>\n\n\n","protected":false},"excerpt":{"rendered":"<p>Os assuntos da Agenda do Dia desta sexta-feira (21) prometem agitar o mercado. Cogna (COGN3). Foto: divulga\u00e7\u00e3o A Agenda do Dia come\u00e7a com a not\u00edcia sobre a Cogna, que divulgou seus resultados referentes ao segundo trimestre deste ano e apresentou um preju\u00edzo de R$ 454,735 milh\u00f5es. Al\u00e9m disso, h\u00e1 tamb\u00e9m novas informa\u00e7\u00f5es sobre a Alliar, [&hellip;]<\/p>\n","protected":false},"author":19,"featured_media":45451,"comment_status":"closed","ping_status":"closed","sticky":false,"template":"","format":"standard","meta":[],"categories":[64],"tags":[1980,370,2257,484],"suno_strategy":[],"class_list":["post-79820","post","type-post","status-publish","format-standard","has-post-thumbnail","hentry","category-negocios","tag-agenda-do-dia","tag-banco-pan-bpan4","tag-cogna-cogn3","tag-gafisa-gfsa3"],"yoast_head":"<!-- This site is optimized with the Yoast SEO plugin v24.4 - https:\/\/yoast.com\/wordpress\/plugins\/seo\/ -->\n<title>Agenda do Dia: Cogna; Alliar; Banco Pan; Gafisa; Aliansce Sonae<\/title>\n<meta name=\"description\" content=\"Agenda do Dia: preju\u00edzo da Cogna e da Alliar; Banco Pan; Gafisa e Tecnisa; Aliansce Sonae. Clique aqui para saber mais informa\u00e7\u00f5es.\" \/>\n<meta name=\"robots\" content=\"index, follow, max-snippet:-1, max-image-preview:large, max-video-preview:-1\" \/>\n<link rel=\"canonical\" href=\"https:\/\/www.suno.com.br\/noticias\/agenda-do-dia-cogna-alliar-banco-pan-gafisa-aliansce-sonae\/\" \/>\n<meta property=\"og:locale\" content=\"pt_BR\" \/>\n<meta property=\"og:type\" content=\"article\" \/>\n<meta property=\"og:title\" content=\"Agenda do Dia: Cogna; Alliar; Banco Pan; Gafisa; Aliansce Sonae\" \/>\n<meta property=\"og:description\" content=\"Agenda do Dia: preju\u00edzo da Cogna e da Alliar; Banco Pan; Gafisa e Tecnisa; Aliansce Sonae. Clique aqui para saber mais informa\u00e7\u00f5es.\" \/>\n<meta property=\"og:url\" content=\"https:\/\/www.suno.com.br\/noticias\/agenda-do-dia-cogna-alliar-banco-pan-gafisa-aliansce-sonae\/\" \/>\n<meta property=\"og:site_name\" content=\"Suno Not\u00edcias\" \/>\n<meta property=\"article:publisher\" content=\"https:\/\/facebook.com\/sunoresearch\" \/>\n<meta property=\"og:image\" content=\"https:\/\/files.sunoresearch.com.br\/n\/uploads\/2019\/11\/3f99f22e-cogna.jpg\" \/>\n\t<meta property=\"og:image:width\" content=\"4032\" \/>\n\t<meta property=\"og:image:height\" content=\"3024\" \/>\n\t<meta property=\"og:image:type\" content=\"image\/jpeg\" \/>\n<meta name=\"author\" content=\"Juliano Passaro\" \/>\n<meta name=\"twitter:card\" content=\"summary_large_image\" \/>\n<meta name=\"twitter:creator\" content=\"@sunoresearch\" \/>\n<meta name=\"twitter:site\" content=\"@sunoresearch\" \/>\n<meta name=\"twitter:label1\" content=\"Escrito por\" \/>\n\t<meta name=\"twitter:data1\" content=\"Juliano Passaro\" \/>\n\t<meta name=\"twitter:label2\" content=\"Est. tempo de leitura\" \/>\n\t<meta name=\"twitter:data2\" content=\"3 minutos\" \/>\n<script type=\"application\/ld+json\" class=\"yoast-schema-graph\">{\"@context\":\"https:\/\/schema.org\",\"@graph\":[{\"@type\":\"NewsArticle\",\"@id\":\"https:\/\/www.suno.com.br\/noticias\/agenda-do-dia-cogna-alliar-banco-pan-gafisa-aliansce-sonae\/#article\",\"isPartOf\":{\"@id\":\"https:\/\/www.suno.com.br\/noticias\/agenda-do-dia-cogna-alliar-banco-pan-gafisa-aliansce-sonae\/\"},\"author\":{\"name\":\"Juliano Passaro\",\"@id\":\"https:\/\/www.suno.com.br\/noticias\/#\/schema\/person\/1db762f78ffd8919a648a63e425953e3\"},\"headline\":\"Agenda do Dia: Cogna; Alliar; Banco Pan; Gafisa; Aliansce Sonae\",\"datePublished\":\"2020-08-21T12:40:54+00:00\",\"dateModified\":\"2021-06-14T03:27:43+00:00\",\"mainEntityOfPage\":{\"@id\":\"https:\/\/www.suno.com.br\/noticias\/agenda-do-dia-cogna-alliar-banco-pan-gafisa-aliansce-sonae\/\"},\"wordCount\":589,\"publisher\":{\"@id\":\"https:\/\/www.suno.com.br\/noticias\/#organization\"},\"image\":{\"@id\":\"https:\/\/www.suno.com.br\/noticias\/agenda-do-dia-cogna-alliar-banco-pan-gafisa-aliansce-sonae\/#primaryimage\"},\"thumbnailUrl\":\"https:\/\/files.sunoresearch.com.br\/n\/uploads\/2019\/11\/3f99f22e-cogna-scaled.webp\",\"keywords\":[\"agenda do dia\",\"Banco Pan (BPAN4)\",\"Cogna (COGN3)\",\"Gafisa (GFSA3)\"],\"articleSection\":[\"Neg\u00f3cios\"],\"inLanguage\":\"pt-BR\"},{\"@type\":\"WebPage\",\"@id\":\"https:\/\/www.suno.com.br\/noticias\/agenda-do-dia-cogna-alliar-banco-pan-gafisa-aliansce-sonae\/\",\"url\":\"https:\/\/www.suno.com.br\/noticias\/agenda-do-dia-cogna-alliar-banco-pan-gafisa-aliansce-sonae\/\",\"name\":\"Agenda do Dia: Cogna; Alliar; Banco Pan; Gafisa; Aliansce Sonae\",\"isPartOf\":{\"@id\":\"https:\/\/www.suno.com.br\/noticias\/#website\"},\"primaryImageOfPage\":{\"@id\":\"https:\/\/www.suno.com.br\/noticias\/agenda-do-dia-cogna-alliar-banco-pan-gafisa-aliansce-sonae\/#primaryimage\"},\"image\":{\"@id\":\"https:\/\/www.suno.com.br\/noticias\/agenda-do-dia-cogna-alliar-banco-pan-gafisa-aliansce-sonae\/#primaryimage\"},\"thumbnailUrl\":\"https:\/\/files.sunoresearch.com.br\/n\/uploads\/2019\/11\/3f99f22e-cogna-scaled.webp\",\"datePublished\":\"2020-08-21T12:40:54+00:00\",\"dateModified\":\"2021-06-14T03:27:43+00:00\",\"description\":\"Agenda do Dia: preju\u00edzo da Cogna e da Alliar; Banco Pan; Gafisa e Tecnisa; Aliansce Sonae. Clique aqui para saber mais informa\u00e7\u00f5es.\",\"breadcrumb\":{\"@id\":\"https:\/\/www.suno.com.br\/noticias\/agenda-do-dia-cogna-alliar-banco-pan-gafisa-aliansce-sonae\/#breadcrumb\"},\"inLanguage\":\"pt-BR\",\"potentialAction\":[{\"@type\":\"ReadAction\",\"target\":[\"https:\/\/www.suno.com.br\/noticias\/agenda-do-dia-cogna-alliar-banco-pan-gafisa-aliansce-sonae\/\"]}]},{\"@type\":\"ImageObject\",\"inLanguage\":\"pt-BR\",\"@id\":\"https:\/\/www.suno.com.br\/noticias\/agenda-do-dia-cogna-alliar-banco-pan-gafisa-aliansce-sonae\/#primaryimage\",\"url\":\"https:\/\/files.sunoresearch.com.br\/n\/uploads\/2019\/11\/3f99f22e-cogna-scaled.webp\",\"contentUrl\":\"https:\/\/files.sunoresearch.com.br\/n\/uploads\/2019\/11\/3f99f22e-cogna-scaled.webp\",\"width\":2560,\"height\":1920,\"caption\":\"Cogna (COGN3). Foto: divulga\u00e7\u00e3o\"},{\"@type\":\"BreadcrumbList\",\"@id\":\"https:\/\/www.suno.com.br\/noticias\/agenda-do-dia-cogna-alliar-banco-pan-gafisa-aliansce-sonae\/#breadcrumb\",\"itemListElement\":[{\"@type\":\"ListItem\",\"position\":1,\"name\":\"Not\u00edcias\",\"item\":\"https:\/\/www.suno.com.br\/noticias\/\"},{\"@type\":\"ListItem\",\"position\":2,\"name\":\"Neg\u00f3cios\",\"item\":\"https:\/\/www.suno.com.br\/noticias\/negocios\/\"},{\"@type\":\"ListItem\",\"position\":3,\"name\":\"Agenda do Dia: Cogna; Alliar; Banco Pan; Gafisa; Aliansce Sonae\"}]},{\"@type\":\"WebSite\",\"@id\":\"https:\/\/www.suno.com.br\/noticias\/#website\",\"url\":\"https:\/\/www.suno.com.br\/noticias\/\",\"name\":\"Suno Not\u00edcias\",\"description\":\"Seu portal de informa\u00e7\u00e3o sobre o mundo dos investimentos\",\"publisher\":{\"@id\":\"https:\/\/www.suno.com.br\/noticias\/#organization\"},\"potentialAction\":[{\"@type\":\"SearchAction\",\"target\":{\"@type\":\"EntryPoint\",\"urlTemplate\":\"https:\/\/www.suno.com.br\/noticias\/?s={search_term_string}\"},\"query-input\":{\"@type\":\"PropertyValueSpecification\",\"valueRequired\":true,\"valueName\":\"search_term_string\"}}],\"inLanguage\":\"pt-BR\"},{\"@type\":\"Organization\",\"@id\":\"https:\/\/www.suno.com.br\/noticias\/#organization\",\"name\":\"Suno Not\u00edcias\",\"url\":\"https:\/\/www.suno.com.br\/noticias\/\",\"logo\":{\"@type\":\"ImageObject\",\"inLanguage\":\"pt-BR\",\"@id\":\"https:\/\/www.suno.com.br\/noticias\/#\/schema\/logo\/image\/\",\"url\":\"https:\/\/files.sunoresearch.com.br\/n\/uploads\/2021\/09\/suno-logo.png\",\"contentUrl\":\"https:\/\/files.sunoresearch.com.br\/n\/uploads\/2021\/09\/suno-logo.png\",\"width\":180,\"height\":180,\"caption\":\"Suno Not\u00edcias\"},\"image\":{\"@id\":\"https:\/\/www.suno.com.br\/noticias\/#\/schema\/logo\/image\/\"},\"sameAs\":[\"https:\/\/facebook.com\/sunoresearch\",\"https:\/\/x.com\/sunoresearch\",\"https:\/\/www.instagram.com\/suno\",\"https:\/\/www.linkedin.com\/company\/suno-research\/\",\"https:\/\/www.youtube.com\/c\/sunoresearch\"]},{\"@type\":\"Person\",\"@id\":\"https:\/\/www.suno.com.br\/noticias\/#\/schema\/person\/1db762f78ffd8919a648a63e425953e3\",\"name\":\"Juliano Passaro\",\"image\":{\"@type\":\"ImageObject\",\"inLanguage\":\"pt-BR\",\"@id\":\"https:\/\/www.suno.com.br\/noticias\/#\/schema\/person\/image\/\",\"url\":\"https:\/\/secure.gravatar.com\/avatar\/743d4df28eebf6dcc46b4ad03c319e92?s=96&r=g\",\"contentUrl\":\"https:\/\/secure.gravatar.com\/avatar\/743d4df28eebf6dcc46b4ad03c319e92?s=96&r=g\",\"caption\":\"Juliano Passaro\"},\"description\":\"Juliano Passaro escreve sobre pol\u00edtica, economia e neg\u00f3cios para o portal da Suno Research. Antes da Suno, trabalhou no Portal da Band. \u00c9 formado em jornalismo pela Universidade Presbiteriana Mackenzie.\",\"url\":\"https:\/\/www.suno.com.br\/noticias\/author\/juliano\/\"}]}<\/script>\n<!-- \/ Yoast SEO plugin. -->","yoast_head_json":{"title":"Agenda do Dia: Cogna; Alliar; Banco Pan; Gafisa; Aliansce Sonae","description":"Agenda do Dia: preju\u00edzo da Cogna e da Alliar; Banco Pan; Gafisa e Tecnisa; Aliansce Sonae. Clique aqui para saber mais informa\u00e7\u00f5es.","robots":{"index":"index","follow":"follow","max-snippet":"max-snippet:-1","max-image-preview":"max-image-preview:large","max-video-preview":"max-video-preview:-1"},"canonical":"https:\/\/www.suno.com.br\/noticias\/agenda-do-dia-cogna-alliar-banco-pan-gafisa-aliansce-sonae\/","og_locale":"pt_BR","og_type":"article","og_title":"Agenda do Dia: Cogna; Alliar; Banco Pan; Gafisa; Aliansce Sonae","og_description":"Agenda do Dia: preju\u00edzo da Cogna e da Alliar; Banco Pan; Gafisa e Tecnisa; Aliansce Sonae. Clique aqui para saber mais informa\u00e7\u00f5es.","og_url":"https:\/\/www.suno.com.br\/noticias\/agenda-do-dia-cogna-alliar-banco-pan-gafisa-aliansce-sonae\/","og_site_name":"Suno Not\u00edcias","article_publisher":"https:\/\/facebook.com\/sunoresearch","og_image":[{"width":4032,"height":3024,"url":"https:\/\/files.sunoresearch.com.br\/n\/uploads\/2019\/11\/3f99f22e-cogna.jpg","type":"image\/jpeg"}],"author":"Juliano Passaro","twitter_card":"summary_large_image","twitter_creator":"@sunoresearch","twitter_site":"@sunoresearch","twitter_misc":{"Escrito por":"Juliano Passaro","Est. tempo de leitura":"3 minutos"},"schema":{"@context":"https:\/\/schema.org","@graph":[{"@type":"NewsArticle","@id":"https:\/\/www.suno.com.br\/noticias\/agenda-do-dia-cogna-alliar-banco-pan-gafisa-aliansce-sonae\/#article","isPartOf":{"@id":"https:\/\/www.suno.com.br\/noticias\/agenda-do-dia-cogna-alliar-banco-pan-gafisa-aliansce-sonae\/"},"author":{"name":"Juliano Passaro","@id":"https:\/\/www.suno.com.br\/noticias\/#\/schema\/person\/1db762f78ffd8919a648a63e425953e3"},"headline":"Agenda do Dia: Cogna; Alliar; Banco Pan; Gafisa; Aliansce Sonae","datePublished":"2020-08-21T12:40:54+00:00","dateModified":"2021-06-14T03:27:43+00:00","mainEntityOfPage":{"@id":"https:\/\/www.suno.com.br\/noticias\/agenda-do-dia-cogna-alliar-banco-pan-gafisa-aliansce-sonae\/"},"wordCount":589,"publisher":{"@id":"https:\/\/www.suno.com.br\/noticias\/#organization"},"image":{"@id":"https:\/\/www.suno.com.br\/noticias\/agenda-do-dia-cogna-alliar-banco-pan-gafisa-aliansce-sonae\/#primaryimage"},"thumbnailUrl":"https:\/\/files.sunoresearch.com.br\/n\/uploads\/2019\/11\/3f99f22e-cogna-scaled.webp","keywords":["agenda do dia","Banco Pan (BPAN4)","Cogna (COGN3)","Gafisa (GFSA3)"],"articleSection":["Neg\u00f3cios"],"inLanguage":"pt-BR"},{"@type":"WebPage","@id":"https:\/\/www.suno.com.br\/noticias\/agenda-do-dia-cogna-alliar-banco-pan-gafisa-aliansce-sonae\/","url":"https:\/\/www.suno.com.br\/noticias\/agenda-do-dia-cogna-alliar-banco-pan-gafisa-aliansce-sonae\/","name":"Agenda do Dia: Cogna; Alliar; Banco Pan; Gafisa; Aliansce Sonae","isPartOf":{"@id":"https:\/\/www.suno.com.br\/noticias\/#website"},"primaryImageOfPage":{"@id":"https:\/\/www.suno.com.br\/noticias\/agenda-do-dia-cogna-alliar-banco-pan-gafisa-aliansce-sonae\/#primaryimage"},"image":{"@id":"https:\/\/www.suno.com.br\/noticias\/agenda-do-dia-cogna-alliar-banco-pan-gafisa-aliansce-sonae\/#primaryimage"},"thumbnailUrl":"https:\/\/files.sunoresearch.com.br\/n\/uploads\/2019\/11\/3f99f22e-cogna-scaled.webp","datePublished":"2020-08-21T12:40:54+00:00","dateModified":"2021-06-14T03:27:43+00:00","description":"Agenda do Dia: preju\u00edzo da Cogna e da Alliar; Banco Pan; Gafisa e Tecnisa; Aliansce Sonae. Clique aqui para saber mais informa\u00e7\u00f5es.","breadcrumb":{"@id":"https:\/\/www.suno.com.br\/noticias\/agenda-do-dia-cogna-alliar-banco-pan-gafisa-aliansce-sonae\/#breadcrumb"},"inLanguage":"pt-BR","potentialAction":[{"@type":"ReadAction","target":["https:\/\/www.suno.com.br\/noticias\/agenda-do-dia-cogna-alliar-banco-pan-gafisa-aliansce-sonae\/"]}]},{"@type":"ImageObject","inLanguage":"pt-BR","@id":"https:\/\/www.suno.com.br\/noticias\/agenda-do-dia-cogna-alliar-banco-pan-gafisa-aliansce-sonae\/#primaryimage","url":"https:\/\/files.sunoresearch.com.br\/n\/uploads\/2019\/11\/3f99f22e-cogna-scaled.webp","contentUrl":"https:\/\/files.sunoresearch.com.br\/n\/uploads\/2019\/11\/3f99f22e-cogna-scaled.webp","width":2560,"height":1920,"caption":"Cogna (COGN3). Foto: divulga\u00e7\u00e3o"},{"@type":"BreadcrumbList","@id":"https:\/\/www.suno.com.br\/noticias\/agenda-do-dia-cogna-alliar-banco-pan-gafisa-aliansce-sonae\/#breadcrumb","itemListElement":[{"@type":"ListItem","position":1,"name":"Not\u00edcias","item":"https:\/\/www.suno.com.br\/noticias\/"},{"@type":"ListItem","position":2,"name":"Neg\u00f3cios","item":"https:\/\/www.suno.com.br\/noticias\/negocios\/"},{"@type":"ListItem","position":3,"name":"Agenda do Dia: Cogna; Alliar; Banco Pan; Gafisa; Aliansce Sonae"}]},{"@type":"WebSite","@id":"https:\/\/www.suno.com.br\/noticias\/#website","url":"https:\/\/www.suno.com.br\/noticias\/","name":"Suno Not\u00edcias","description":"Seu portal de informa\u00e7\u00e3o sobre o mundo dos investimentos","publisher":{"@id":"https:\/\/www.suno.com.br\/noticias\/#organization"},"potentialAction":[{"@type":"SearchAction","target":{"@type":"EntryPoint","urlTemplate":"https:\/\/www.suno.com.br\/noticias\/?s={search_term_string}"},"query-input":{"@type":"PropertyValueSpecification","valueRequired":true,"valueName":"search_term_string"}}],"inLanguage":"pt-BR"},{"@type":"Organization","@id":"https:\/\/www.suno.com.br\/noticias\/#organization","name":"Suno Not\u00edcias","url":"https:\/\/www.suno.com.br\/noticias\/","logo":{"@type":"ImageObject","inLanguage":"pt-BR","@id":"https:\/\/www.suno.com.br\/noticias\/#\/schema\/logo\/image\/","url":"https:\/\/files.sunoresearch.com.br\/n\/uploads\/2021\/09\/suno-logo.png","contentUrl":"https:\/\/files.sunoresearch.com.br\/n\/uploads\/2021\/09\/suno-logo.png","width":180,"height":180,"caption":"Suno Not\u00edcias"},"image":{"@id":"https:\/\/www.suno.com.br\/noticias\/#\/schema\/logo\/image\/"},"sameAs":["https:\/\/facebook.com\/sunoresearch","https:\/\/x.com\/sunoresearch","https:\/\/www.instagram.com\/suno","https:\/\/www.linkedin.com\/company\/suno-research\/","https:\/\/www.youtube.com\/c\/sunoresearch"]},{"@type":"Person","@id":"https:\/\/www.suno.com.br\/noticias\/#\/schema\/person\/1db762f78ffd8919a648a63e425953e3","name":"Juliano Passaro","image":{"@type":"ImageObject","inLanguage":"pt-BR","@id":"https:\/\/www.suno.com.br\/noticias\/#\/schema\/person\/image\/","url":"https:\/\/secure.gravatar.com\/avatar\/743d4df28eebf6dcc46b4ad03c319e92?s=96&r=g","contentUrl":"https:\/\/secure.gravatar.com\/avatar\/743d4df28eebf6dcc46b4ad03c319e92?s=96&r=g","caption":"Juliano Passaro"},"description":"Juliano Passaro escreve sobre pol\u00edtica, economia e neg\u00f3cios para o portal da Suno Research. Antes da Suno, trabalhou no Portal da Band. \u00c9 formado em jornalismo pela Universidade Presbiteriana Mackenzie.","url":"https:\/\/www.suno.com.br\/noticias\/author\/juliano\/"}]}},"default_loop_html":"<div class=\"cardsPage__listCard__boxs\"><div class=\"cardsPage__listCard__boxs__img\"><a href=\"https:\/\/www.suno.com.br\/noticias\/agenda-do-dia-cogna-alliar-banco-pan-gafisa-aliansce-sonae\/\"><img class=\"mask\" src=\"https:\/\/www.suno.com.br\/noticias\/wp-content\/themes\/suno\/resources\/images\/spotlight\/spotlight1img\/bg-mask.png\" alt=\"Image Mask\"\/><img src=\"https:\/\/files.sunoresearch.com.br\/n\/uploads\/2019\/11\/3f99f22e-cogna-400x200.webp\" alt=\"Agenda do Dia: Cogna; Alliar; Banco Pan; Gafisa; Aliansce Sonae\"\/><\/a><span class=\"spotlightCategory\"><a href=\"https:\/\/www.suno.com.br\/noticias\/negocios\/\">Neg\u00f3cios<\/a><\/span><\/div><div class=\"cardsPage__listCard__boxs__content\"><a href=\"https:\/\/www.suno.com.br\/noticias\/agenda-do-dia-cogna-alliar-banco-pan-gafisa-aliansce-sonae\/\"><h2 class=\"content__title\">Agenda do Dia: Cogna; Alliar; Banco Pan; Gafisa; Aliansce Sonae<\/h2><\/a><div class=\"newsContent__article__meta\"><div class=\"newsContent__article__meta__authorBox\"><a href=\"https:\/\/www.suno.com.br\/noticias\/author\/juliano\/\" class=\"authorBox__avatar noMobi\"><img src=\"https:\/\/files.sunoresearch.com.br\/n\/uploads\/2019\/06\/7cc3efea-whatsapp-image-2019-07-18-at-21.59.33-e1563499821209-150x150.webp\" alt=\"Juliano Passaro\"><\/a><div class=\"authorBox__name\"><span>por\n\t\t\t<a href=\"https:\/\/www.suno.com.br\/noticias\/author\/juliano\/\"><span itemprop=\"author\">Juliano Passaro<\/span><\/a><\/span><time datetime=\"2020-08-21T09:40:54-03:00\" itemprop=\"datePublished\">21\/08\/2020 09:40<\/time><\/div><\/div><\/div><\/div><\/div>","single_layout":"posts","amp_enabled":true,"_links":{"self":[{"href":"https:\/\/www.suno.com.br\/noticias\/wp-json\/wp\/v2\/posts\/79820"}],"collection":[{"href":"https:\/\/www.suno.com.br\/noticias\/wp-json\/wp\/v2\/posts"}],"about":[{"href":"https:\/\/www.suno.com.br\/noticias\/wp-json\/wp\/v2\/types\/post"}],"author":[{"embeddable":true,"href":"https:\/\/www.suno.com.br\/noticias\/wp-json\/wp\/v2\/users\/19"}],"replies":[{"embeddable":true,"href":"https:\/\/www.suno.com.br\/noticias\/wp-json\/wp\/v2\/comments?post=79820"}],"version-history":[{"count":1,"href":"https:\/\/www.suno.com.br\/noticias\/wp-json\/wp\/v2\/posts\/79820\/revisions"}],"predecessor-version":[{"id":157535,"href":"https:\/\/www.suno.com.br\/noticias\/wp-json\/wp\/v2\/posts\/79820\/revisions\/157535"}],"wp:featuredmedia":[{"embeddable":true,"href":"https:\/\/www.suno.com.br\/noticias\/wp-json\/wp\/v2\/media\/45451"}],"wp:attachment":[{"href":"https:\/\/www.suno.com.br\/noticias\/wp-json\/wp\/v2\/media?parent=79820"}],"wp:term":[{"taxonomy":"category","embeddable":true,"href":"https:\/\/www.suno.com.br\/noticias\/wp-json\/wp\/v2\/categories?post=79820"},{"taxonomy":"post_tag","embeddable":true,"href":"https:\/\/www.suno.com.br\/noticias\/wp-json\/wp\/v2\/tags?post=79820"},{"taxonomy":"suno_strategy","embeddable":true,"href":"https:\/\/www.suno.com.br\/noticias\/wp-json\/wp\/v2\/suno_strategy?post=79820"}],"curies":[{"name":"wp","href":"https:\/\/api.w.org\/{rel}","templated":true}]}}