{"id":79804,"date":"2020-08-21T08:42:37","date_gmt":"2020-08-21T11:42:37","guid":{"rendered":"https:\/\/www.suno.com.br\/noticias\/?p=79804"},"modified":"2020-08-21T08:42:37","modified_gmt":"2020-08-21T11:42:37","slug":"banco-pan-bpan4-oferta-de-acoes-caixa","status":"publish","type":"post","link":"https:\/\/www.suno.com.br\/noticias\/banco-pan-bpan4-oferta-de-acoes-caixa\/","title":{"rendered":"Banco Pan (BPAN4) anuncia oferta de a\u00e7\u00f5es de titularidade da Caixa"},"content":{"rendered":"<p>O <a href=\"https:\/\/www.suno.com.br\/acoes\/bpan4\/\"><strong>Banco Pan<\/strong> (BPAN4)<\/a> confirmou, na manh\u00e3 desta sexta-feira (21), que far\u00e1 uma oferta de a\u00e7\u00f5es secund\u00e1rias de titularidade da Caixa Econ\u00f4mica Federal. O fato relevante publicado confirma a <a href=\"https:\/\/www.suno.com.br\/noticias\/caixa-estuda-vender-suas-acoes-preferenciais-do-banco-pan-bpan4\/\">inten\u00e7\u00e3o da institui\u00e7\u00e3o estatal em alienar parte de sua fatia no banco<\/a>.<\/p>\t<div class=\"wrapper-featured-image\">\n\t\t<figure class=\"spotlightImg\">\n\n\t\t\t<picture>\n\t\t\t\t<source media=\"(max-width: 768px)\" srcset=\"https:\/\/files.sunoresearch.com.br\/n\/uploads\/2020\/08\/0cb5586b-pan-400x200.webp\">\n\t\t\t\t<img loading=\"lazy\" decoding=\"async\" class=\"newsContent__article__imgCapa lazyloadDisabled \" src=\"https:\/\/files.sunoresearch.com.br\/n\/uploads\/2020\/08\/0cb5586b-pan-800x450.webp\" width=\"800\" height=\"450\" alt=\"Banco Pan (BPAN4) anuncia oferta de a\u00e7\u00f5es de titularidade da Caixa\" fetchpriority=high \/>\n\t\t\t<\/picture>\n\n\t\t\t<figcaption class=\"wp-caption-text wp-caption-text--show\">Banco Pan (Foto: Reprodu\u00e7\u00e3o)<\/figcaption>\n\t\t<\/figure>\n\t<\/div>\n\n\n<div class=\"hubspot-form-wrapper\">\n\t<div id=\"single-form-target\"><\/div>\n<\/div>\n\n<p>Segundo o Banco Pan, a oferta ser\u00e1 realizada com esfor\u00e7os restritos para a coloca\u00e7\u00e3o de 89.599.665 a\u00e7\u00f5es preferenciais no mercado. Com base no pre\u00e7o de fechamento dos pap\u00e9is no preg\u00e3o da \u00faltima quinta-feira (20), o volume das a\u00e7\u00f5es \u00e9 equivalente a R$ 783,10 milh\u00f5es &#8212; cerca de 7,4% do <a href=\"https:\/\/www.suno.com.br\/artigos\/valor-de-mercado\/#:~:text=O%20Valor%20de%20Mercado%20%C3%A9,o%20patrim%C3%B4nio%20l%C3%ADquido%20da%20empresa.\">valor de mercado<\/a> do banco.<\/p>\n<p>A oferta ser\u00e1 realizada no Brasil, em mercado de balc\u00e3o n\u00e3o organizado para investidores profissionais, e nos Estados Unidos para investidores qualificados, com base no regulamento da <a href=\"https:\/\/www.suno.com.br\/artigos\/sec\/\"><em>U.S. Securities and Exchange Commission<\/em> (SEC)<\/a>. Os bancos participantes da opera\u00e7\u00e3o ser\u00e3o:<\/p>\n<p><a href=\"https:\/\/lp.suno.com.br\/suno-one\/\">Suno One: acesse gratuitamente eBooks, Minicursos, Artigos e Video Aulas sobre investimentos com um \u00fanico cadastro. Clique para saber mais!<\/a><\/p>\n<ul>\n<li><a href=\"https:\/\/www.suno.com.br\/acoes\/bpac11\/\">BTG Pactual (BPAC11)<\/a><\/li>\n<li>Credit Suisse<\/li>\n<li>Ita\u00fa BBA<\/li>\n<li>Caixa Econ\u00f4mica Federal<\/li>\n<\/ul>\n<p>O Pan pontuou que &#8220;n\u00e3o haver\u00e1 procedimento de estabiliza\u00e7\u00e3o do pre\u00e7o das a\u00e7\u00f5es no \u00e2mbito da oferta e, consequentemente, o pre\u00e7o dos pap\u00e9is no mercado secund\u00e1rio da <a href=\"https:\/\/www.suno.com.br\/artigos\/b3\/\">Bolsa de Valores de S\u00e3o Paulo (B3)<\/a> poder\u00e1 flutuar significativamente ap\u00f3s a opera\u00e7\u00e3o&#8221;. O pre\u00e7o por a\u00e7\u00e3o ser\u00e1 determinado ap\u00f3s a conclus\u00e3o do processo de coleta de inten\u00e7\u00f5es de investimento.<\/p>\n<p>O documento tamb\u00e9m ressalta que n\u00e3o haver\u00e1 a possibilidade de aumento da quantidade de a\u00e7\u00f5es objeto da oferta para atender eventual excesso de demanda. Al\u00e9m disso, caso n\u00e3o exista demanda para a aquisi\u00e7\u00e3o total das a\u00e7\u00f5es, a oferta ser\u00e1 cancelada; assim, inexiste a possibilidade de ser realizada uma oferta de distribui\u00e7\u00e3o apenas parcial. A opera\u00e7\u00e3o tem dois objetivos:<\/p>\n<ul>\n<li>Diminuir a participa\u00e7\u00e3o da Caixa Econ\u00f4mica Federal na empresa<\/li>\n<li>Aumentar o <strong><a href=\"https:\/\/www.suno.com.br\/artigos\/free-float\/\">free float<\/a> <\/strong>do banco<\/li>\n<\/ul>\n<p>Por se tratar de uma oferta secund\u00e1ria, o Pan n\u00e3o receber\u00e1 nenhum recurso oriundo da oferta. O capital levantado com a opera\u00e7\u00e3o ser\u00e1 destinado em sua totalidade para a <strong>Caixa<\/strong>, atual titular dos pap\u00e9is.<\/p>\n<h2>Banco Pan registra alta de 22% no lucro do 2T20<\/h2>\n<p>O Pan apresentou no segundo trimestre deste ano <a href=\"https:\/\/www.suno.com.br\/artigos\/lucro-liquido\/\">lucro l\u00edquido<\/a> de R$ 144 milh\u00f5es. Em rela\u00e7\u00e3o ao mesmo per\u00edodo em 2019, esse valor representa alta de 22%, quando havia registrado R$ 117,7 milh\u00f5es. J\u00e1 em compara\u00e7\u00e3o com o primeiro trimestre deste ano, o montante representa queda de 16%, frente ao lucro de R$ 170,6 milh\u00f5es.<\/p>\n<p>Por sua vez, o primeiro semestre apresentou crescimento de 47%, totalizando lucro l\u00edquido de R$ 314 milh\u00f5es, frente ao registrado no primeiro semestre de 2019, R$ 213,8 milh\u00f5es.<\/p>\n\t<div data-element=\"shortcode-read-more\" class=\"knowMore\">\n\t\t\t\t<span class=\"knowMore__title\">Veja tamb\u00e9m<\/span>\n\t\t\t\t<a class=\"knowMore__link\" href=\"https:\/\/www.suno.com.br\/noticias\/btg-pactual-bpac11-banco-pan-bpan4\/\">\n\t\t\tBTG Pactual (BPAC11) quer adquirir totalidade do Banco Pan (BPAN4), diz jornal\t\t<\/a>\n\t<\/div>\n\n\n<p>O <a href=\"https:\/\/www.suno.com.br\/artigos\/patrimonio-liquido\/\">patrim\u00f4nio l\u00edquido<\/a> encerrou o trimestre em R$ 5,1 bilh\u00f5es e <a href=\"https:\/\/www.suno.com.br\/artigos\/indice-de-basileia\/\">\u00cdndice de Basileia<\/a> (indicador que mede o grau de alavancagem financeiro de uma institui\u00e7\u00e3o financeira) em 15,9%.<\/p>\n<p>A m\u00e9dia mensal de varejo do <strong>Banco Pan<\/strong> atingiu R$ 2 bilh\u00f5es, volume de 11% maior do que o trimestre anterior e 23% superior ao segundo trimestre de 2019, com a expans\u00e3o do canal digital. A institui\u00e7\u00e3o financeira totalizou em despesas com provis\u00f5es para cr\u00e9ditos R$ 414 milh\u00f5es, frente aos R$ 322 milh\u00f5es no primeiro trimestre deste ano e aos R$ 341 no mesmo per\u00edodo no ano passado.<\/p>\n\t<p>\n\t\t<a href=\"https:\/\/lp.suno.com.br\/planilha-de-controle-de-investimentos\/\" target=\"_blank\" data-element=\"shortcode-suno-banner\" title=\"Banner SUNO, clique e saiba mais\">\n\t\t\t<picture>\n\t\t\t\t<source media=\"(max-width: 500px)\" srcset=\"https:\/\/files.sunoresearch.com.br\/n\/uploads\/2023\/03\/400x300-Controle-de-Investimentos.png\">\n\t\t\t\t<img class=\"newsContent__article__imgCapa newsContent__article__imgCapa--banner\"\n\t\t\t\t\tsrc=\"https:\/\/files.sunoresearch.com.br\/n\/uploads\/2023\/03\/1420x240-Controle-de-Investimentos.png\"\n\t\t\t\t\tdata-promo-id=\"75934\"\t\t\t\t\t\t\t\t\t\twidth='1420' height='240'\t\t\t\t\talt=\"https:\/\/files.sunoresearch.com.br\/n\/uploads\/2023\/03\/1420x240-Controle-de-Investimentos.png\"\n\t\t\t\t>\n\t\t\t<\/picture>\n\t\t<\/a>\n\t<\/p>\n\n\n","protected":false},"excerpt":{"rendered":"<p>O Banco Pan (BPAN4) confirmou, na manh\u00e3 desta sexta-feira (21), que far\u00e1 uma oferta de a\u00e7\u00f5es secund\u00e1rias de titularidade da Caixa Econ\u00f4mica Federal. O fato relevante publicado confirma a inten\u00e7\u00e3o da institui\u00e7\u00e3o estatal em alienar parte de sua fatia no banco. Banco Pan (Foto: Reprodu\u00e7\u00e3o) Segundo o Banco Pan, a oferta ser\u00e1 realizada com esfor\u00e7os [&hellip;]<\/p>\n","protected":false},"author":24,"featured_media":79806,"comment_status":"closed","ping_status":"closed","sticky":false,"template":"","format":"standard","meta":[],"categories":[64],"tags":[370,1199],"suno_strategy":[],"class_list":["post-79804","post","type-post","status-publish","format-standard","has-post-thumbnail","hentry","category-negocios","tag-banco-pan-bpan4","tag-caixa-economica-federal-cef"],"yoast_head":"<!-- This site is optimized with the Yoast SEO plugin v24.4 - https:\/\/yoast.com\/wordpress\/plugins\/seo\/ -->\n<title>Banco Pan (BPAN4) anuncia oferta de a\u00e7\u00f5es de titularidade da Caixa<\/title>\n<meta name=\"description\" content=\"O Banco Pan (BPAN4) confirmou, na manh\u00e3 desta sexta-feira, que far\u00e1 uma oferta de a\u00e7\u00f5es secund\u00e1rias de titularidade da Caixa. Saiba mais.\" \/>\n<meta name=\"robots\" content=\"index, follow, max-snippet:-1, max-image-preview:large, max-video-preview:-1\" \/>\n<link rel=\"canonical\" href=\"https:\/\/www.suno.com.br\/noticias\/banco-pan-bpan4-oferta-de-acoes-caixa\/\" \/>\n<meta property=\"og:locale\" content=\"pt_BR\" \/>\n<meta property=\"og:type\" content=\"article\" \/>\n<meta property=\"og:title\" content=\"Banco Pan (BPAN4) anuncia oferta de a\u00e7\u00f5es de titularidade da Caixa\" \/>\n<meta property=\"og:description\" content=\"O Banco Pan (BPAN4) confirmou, na manh\u00e3 desta sexta-feira, que far\u00e1 uma oferta de a\u00e7\u00f5es secund\u00e1rias de titularidade da Caixa. Saiba mais.\" \/>\n<meta property=\"og:url\" content=\"https:\/\/www.suno.com.br\/noticias\/banco-pan-bpan4-oferta-de-acoes-caixa\/\" \/>\n<meta property=\"og:site_name\" content=\"Suno Not\u00edcias\" \/>\n<meta property=\"article:publisher\" content=\"https:\/\/facebook.com\/sunoresearch\" \/>\n<meta property=\"og:image\" content=\"https:\/\/files.sunoresearch.com.br\/n\/uploads\/2020\/08\/0cb5586b-pan.jpg\" \/>\n\t<meta property=\"og:image:width\" content=\"1024\" \/>\n\t<meta property=\"og:image:height\" content=\"768\" \/>\n\t<meta property=\"og:image:type\" content=\"image\/jpeg\" \/>\n<meta name=\"author\" content=\"Jader Lazarini\" \/>\n<meta name=\"twitter:card\" content=\"summary_large_image\" \/>\n<meta name=\"twitter:creator\" content=\"@sunoresearch\" \/>\n<meta name=\"twitter:site\" content=\"@sunoresearch\" \/>\n<meta name=\"twitter:label1\" content=\"Escrito por\" \/>\n\t<meta name=\"twitter:data1\" content=\"Jader Lazarini\" \/>\n\t<meta name=\"twitter:label2\" content=\"Est. tempo de leitura\" \/>\n\t<meta name=\"twitter:data2\" content=\"3 minutos\" \/>\n<script type=\"application\/ld+json\" class=\"yoast-schema-graph\">{\"@context\":\"https:\/\/schema.org\",\"@graph\":[{\"@type\":\"NewsArticle\",\"@id\":\"https:\/\/www.suno.com.br\/noticias\/banco-pan-bpan4-oferta-de-acoes-caixa\/#article\",\"isPartOf\":{\"@id\":\"https:\/\/www.suno.com.br\/noticias\/banco-pan-bpan4-oferta-de-acoes-caixa\/\"},\"author\":{\"name\":\"Jader Lazarini\",\"@id\":\"https:\/\/www.suno.com.br\/noticias\/#\/schema\/person\/918d79de1f0281f01599b93f9ea6e23f\"},\"headline\":\"Banco Pan (BPAN4) anuncia oferta de a\u00e7\u00f5es de titularidade da Caixa\",\"datePublished\":\"2020-08-21T11:42:37+00:00\",\"mainEntityOfPage\":{\"@id\":\"https:\/\/www.suno.com.br\/noticias\/banco-pan-bpan4-oferta-de-acoes-caixa\/\"},\"wordCount\":599,\"publisher\":{\"@id\":\"https:\/\/www.suno.com.br\/noticias\/#organization\"},\"image\":{\"@id\":\"https:\/\/www.suno.com.br\/noticias\/banco-pan-bpan4-oferta-de-acoes-caixa\/#primaryimage\"},\"thumbnailUrl\":\"https:\/\/files.sunoresearch.com.br\/n\/uploads\/2020\/08\/0cb5586b-pan-jpg.webp\",\"keywords\":[\"Banco Pan (BPAN4)\",\"Caixa Econ\u00f4mica Federal (CEF)\"],\"articleSection\":[\"Neg\u00f3cios\"],\"inLanguage\":\"pt-BR\"},{\"@type\":\"WebPage\",\"@id\":\"https:\/\/www.suno.com.br\/noticias\/banco-pan-bpan4-oferta-de-acoes-caixa\/\",\"url\":\"https:\/\/www.suno.com.br\/noticias\/banco-pan-bpan4-oferta-de-acoes-caixa\/\",\"name\":\"Banco Pan (BPAN4) anuncia oferta de a\u00e7\u00f5es de titularidade da Caixa\",\"isPartOf\":{\"@id\":\"https:\/\/www.suno.com.br\/noticias\/#website\"},\"primaryImageOfPage\":{\"@id\":\"https:\/\/www.suno.com.br\/noticias\/banco-pan-bpan4-oferta-de-acoes-caixa\/#primaryimage\"},\"image\":{\"@id\":\"https:\/\/www.suno.com.br\/noticias\/banco-pan-bpan4-oferta-de-acoes-caixa\/#primaryimage\"},\"thumbnailUrl\":\"https:\/\/files.sunoresearch.com.br\/n\/uploads\/2020\/08\/0cb5586b-pan-jpg.webp\",\"datePublished\":\"2020-08-21T11:42:37+00:00\",\"description\":\"O Banco Pan (BPAN4) confirmou, na manh\u00e3 desta sexta-feira, que far\u00e1 uma oferta de a\u00e7\u00f5es secund\u00e1rias de titularidade da Caixa. Saiba mais.\",\"breadcrumb\":{\"@id\":\"https:\/\/www.suno.com.br\/noticias\/banco-pan-bpan4-oferta-de-acoes-caixa\/#breadcrumb\"},\"inLanguage\":\"pt-BR\",\"potentialAction\":[{\"@type\":\"ReadAction\",\"target\":[\"https:\/\/www.suno.com.br\/noticias\/banco-pan-bpan4-oferta-de-acoes-caixa\/\"]}]},{\"@type\":\"ImageObject\",\"inLanguage\":\"pt-BR\",\"@id\":\"https:\/\/www.suno.com.br\/noticias\/banco-pan-bpan4-oferta-de-acoes-caixa\/#primaryimage\",\"url\":\"https:\/\/files.sunoresearch.com.br\/n\/uploads\/2020\/08\/0cb5586b-pan-jpg.webp\",\"contentUrl\":\"https:\/\/files.sunoresearch.com.br\/n\/uploads\/2020\/08\/0cb5586b-pan-jpg.webp\",\"width\":1024,\"height\":768,\"caption\":\"Banco Pan (Foto: Reprodu\u00e7\u00e3o)\"},{\"@type\":\"BreadcrumbList\",\"@id\":\"https:\/\/www.suno.com.br\/noticias\/banco-pan-bpan4-oferta-de-acoes-caixa\/#breadcrumb\",\"itemListElement\":[{\"@type\":\"ListItem\",\"position\":1,\"name\":\"Not\u00edcias\",\"item\":\"https:\/\/www.suno.com.br\/noticias\/\"},{\"@type\":\"ListItem\",\"position\":2,\"name\":\"Neg\u00f3cios\",\"item\":\"https:\/\/www.suno.com.br\/noticias\/negocios\/\"},{\"@type\":\"ListItem\",\"position\":3,\"name\":\"Banco Pan (BPAN4) anuncia oferta de a\u00e7\u00f5es de titularidade da Caixa\"}]},{\"@type\":\"WebSite\",\"@id\":\"https:\/\/www.suno.com.br\/noticias\/#website\",\"url\":\"https:\/\/www.suno.com.br\/noticias\/\",\"name\":\"Suno Not\u00edcias\",\"description\":\"Seu portal de informa\u00e7\u00e3o sobre o mundo dos investimentos\",\"publisher\":{\"@id\":\"https:\/\/www.suno.com.br\/noticias\/#organization\"},\"potentialAction\":[{\"@type\":\"SearchAction\",\"target\":{\"@type\":\"EntryPoint\",\"urlTemplate\":\"https:\/\/www.suno.com.br\/noticias\/?s={search_term_string}\"},\"query-input\":{\"@type\":\"PropertyValueSpecification\",\"valueRequired\":true,\"valueName\":\"search_term_string\"}}],\"inLanguage\":\"pt-BR\"},{\"@type\":\"Organization\",\"@id\":\"https:\/\/www.suno.com.br\/noticias\/#organization\",\"name\":\"Suno Not\u00edcias\",\"url\":\"https:\/\/www.suno.com.br\/noticias\/\",\"logo\":{\"@type\":\"ImageObject\",\"inLanguage\":\"pt-BR\",\"@id\":\"https:\/\/www.suno.com.br\/noticias\/#\/schema\/logo\/image\/\",\"url\":\"https:\/\/files.sunoresearch.com.br\/n\/uploads\/2021\/09\/suno-logo.png\",\"contentUrl\":\"https:\/\/files.sunoresearch.com.br\/n\/uploads\/2021\/09\/suno-logo.png\",\"width\":180,\"height\":180,\"caption\":\"Suno Not\u00edcias\"},\"image\":{\"@id\":\"https:\/\/www.suno.com.br\/noticias\/#\/schema\/logo\/image\/\"},\"sameAs\":[\"https:\/\/facebook.com\/sunoresearch\",\"https:\/\/x.com\/sunoresearch\",\"https:\/\/www.instagram.com\/suno\",\"https:\/\/www.linkedin.com\/company\/suno-research\/\",\"https:\/\/www.youtube.com\/c\/sunoresearch\"]},{\"@type\":\"Person\",\"@id\":\"https:\/\/www.suno.com.br\/noticias\/#\/schema\/person\/918d79de1f0281f01599b93f9ea6e23f\",\"name\":\"Jader Lazarini\",\"image\":{\"@type\":\"ImageObject\",\"inLanguage\":\"pt-BR\",\"@id\":\"https:\/\/www.suno.com.br\/noticias\/#\/schema\/person\/image\/\",\"url\":\"https:\/\/secure.gravatar.com\/avatar\/3c1ad8caa51589841baeb923fcddea97?s=96&r=g\",\"contentUrl\":\"https:\/\/secure.gravatar.com\/avatar\/3c1ad8caa51589841baeb923fcddea97?s=96&r=g\",\"caption\":\"Jader Lazarini\"},\"description\":\"Jader Lazarini escreve sobre investimentos, finan\u00e7as, economia e neg\u00f3cios. \u00c9 bacharel em Rela\u00e7\u00f5es Internacionais e analista CNPI (2619).\",\"url\":\"https:\/\/www.suno.com.br\/noticias\/author\/jader-lazarini\/\"}]}<\/script>\n<!-- \/ Yoast SEO plugin. -->","yoast_head_json":{"title":"Banco Pan (BPAN4) anuncia oferta de a\u00e7\u00f5es de titularidade da Caixa","description":"O Banco Pan (BPAN4) confirmou, na manh\u00e3 desta sexta-feira, que far\u00e1 uma oferta de a\u00e7\u00f5es secund\u00e1rias de titularidade da Caixa. Saiba mais.","robots":{"index":"index","follow":"follow","max-snippet":"max-snippet:-1","max-image-preview":"max-image-preview:large","max-video-preview":"max-video-preview:-1"},"canonical":"https:\/\/www.suno.com.br\/noticias\/banco-pan-bpan4-oferta-de-acoes-caixa\/","og_locale":"pt_BR","og_type":"article","og_title":"Banco Pan (BPAN4) anuncia oferta de a\u00e7\u00f5es de titularidade da Caixa","og_description":"O Banco Pan (BPAN4) confirmou, na manh\u00e3 desta sexta-feira, que far\u00e1 uma oferta de a\u00e7\u00f5es secund\u00e1rias de titularidade da Caixa. Saiba mais.","og_url":"https:\/\/www.suno.com.br\/noticias\/banco-pan-bpan4-oferta-de-acoes-caixa\/","og_site_name":"Suno Not\u00edcias","article_publisher":"https:\/\/facebook.com\/sunoresearch","og_image":[{"width":1024,"height":768,"url":"https:\/\/files.sunoresearch.com.br\/n\/uploads\/2020\/08\/0cb5586b-pan.jpg","type":"image\/jpeg"}],"author":"Jader Lazarini","twitter_card":"summary_large_image","twitter_creator":"@sunoresearch","twitter_site":"@sunoresearch","twitter_misc":{"Escrito por":"Jader Lazarini","Est. tempo de leitura":"3 minutos"},"schema":{"@context":"https:\/\/schema.org","@graph":[{"@type":"NewsArticle","@id":"https:\/\/www.suno.com.br\/noticias\/banco-pan-bpan4-oferta-de-acoes-caixa\/#article","isPartOf":{"@id":"https:\/\/www.suno.com.br\/noticias\/banco-pan-bpan4-oferta-de-acoes-caixa\/"},"author":{"name":"Jader Lazarini","@id":"https:\/\/www.suno.com.br\/noticias\/#\/schema\/person\/918d79de1f0281f01599b93f9ea6e23f"},"headline":"Banco Pan (BPAN4) anuncia oferta de a\u00e7\u00f5es de titularidade da Caixa","datePublished":"2020-08-21T11:42:37+00:00","mainEntityOfPage":{"@id":"https:\/\/www.suno.com.br\/noticias\/banco-pan-bpan4-oferta-de-acoes-caixa\/"},"wordCount":599,"publisher":{"@id":"https:\/\/www.suno.com.br\/noticias\/#organization"},"image":{"@id":"https:\/\/www.suno.com.br\/noticias\/banco-pan-bpan4-oferta-de-acoes-caixa\/#primaryimage"},"thumbnailUrl":"https:\/\/files.sunoresearch.com.br\/n\/uploads\/2020\/08\/0cb5586b-pan-jpg.webp","keywords":["Banco Pan (BPAN4)","Caixa Econ\u00f4mica Federal (CEF)"],"articleSection":["Neg\u00f3cios"],"inLanguage":"pt-BR"},{"@type":"WebPage","@id":"https:\/\/www.suno.com.br\/noticias\/banco-pan-bpan4-oferta-de-acoes-caixa\/","url":"https:\/\/www.suno.com.br\/noticias\/banco-pan-bpan4-oferta-de-acoes-caixa\/","name":"Banco Pan (BPAN4) anuncia oferta de a\u00e7\u00f5es de titularidade da Caixa","isPartOf":{"@id":"https:\/\/www.suno.com.br\/noticias\/#website"},"primaryImageOfPage":{"@id":"https:\/\/www.suno.com.br\/noticias\/banco-pan-bpan4-oferta-de-acoes-caixa\/#primaryimage"},"image":{"@id":"https:\/\/www.suno.com.br\/noticias\/banco-pan-bpan4-oferta-de-acoes-caixa\/#primaryimage"},"thumbnailUrl":"https:\/\/files.sunoresearch.com.br\/n\/uploads\/2020\/08\/0cb5586b-pan-jpg.webp","datePublished":"2020-08-21T11:42:37+00:00","description":"O Banco Pan (BPAN4) confirmou, na manh\u00e3 desta sexta-feira, que far\u00e1 uma oferta de a\u00e7\u00f5es secund\u00e1rias de titularidade da Caixa. Saiba mais.","breadcrumb":{"@id":"https:\/\/www.suno.com.br\/noticias\/banco-pan-bpan4-oferta-de-acoes-caixa\/#breadcrumb"},"inLanguage":"pt-BR","potentialAction":[{"@type":"ReadAction","target":["https:\/\/www.suno.com.br\/noticias\/banco-pan-bpan4-oferta-de-acoes-caixa\/"]}]},{"@type":"ImageObject","inLanguage":"pt-BR","@id":"https:\/\/www.suno.com.br\/noticias\/banco-pan-bpan4-oferta-de-acoes-caixa\/#primaryimage","url":"https:\/\/files.sunoresearch.com.br\/n\/uploads\/2020\/08\/0cb5586b-pan-jpg.webp","contentUrl":"https:\/\/files.sunoresearch.com.br\/n\/uploads\/2020\/08\/0cb5586b-pan-jpg.webp","width":1024,"height":768,"caption":"Banco Pan (Foto: Reprodu\u00e7\u00e3o)"},{"@type":"BreadcrumbList","@id":"https:\/\/www.suno.com.br\/noticias\/banco-pan-bpan4-oferta-de-acoes-caixa\/#breadcrumb","itemListElement":[{"@type":"ListItem","position":1,"name":"Not\u00edcias","item":"https:\/\/www.suno.com.br\/noticias\/"},{"@type":"ListItem","position":2,"name":"Neg\u00f3cios","item":"https:\/\/www.suno.com.br\/noticias\/negocios\/"},{"@type":"ListItem","position":3,"name":"Banco Pan (BPAN4) anuncia oferta de a\u00e7\u00f5es de titularidade da Caixa"}]},{"@type":"WebSite","@id":"https:\/\/www.suno.com.br\/noticias\/#website","url":"https:\/\/www.suno.com.br\/noticias\/","name":"Suno Not\u00edcias","description":"Seu portal de informa\u00e7\u00e3o sobre o mundo dos investimentos","publisher":{"@id":"https:\/\/www.suno.com.br\/noticias\/#organization"},"potentialAction":[{"@type":"SearchAction","target":{"@type":"EntryPoint","urlTemplate":"https:\/\/www.suno.com.br\/noticias\/?s={search_term_string}"},"query-input":{"@type":"PropertyValueSpecification","valueRequired":true,"valueName":"search_term_string"}}],"inLanguage":"pt-BR"},{"@type":"Organization","@id":"https:\/\/www.suno.com.br\/noticias\/#organization","name":"Suno Not\u00edcias","url":"https:\/\/www.suno.com.br\/noticias\/","logo":{"@type":"ImageObject","inLanguage":"pt-BR","@id":"https:\/\/www.suno.com.br\/noticias\/#\/schema\/logo\/image\/","url":"https:\/\/files.sunoresearch.com.br\/n\/uploads\/2021\/09\/suno-logo.png","contentUrl":"https:\/\/files.sunoresearch.com.br\/n\/uploads\/2021\/09\/suno-logo.png","width":180,"height":180,"caption":"Suno Not\u00edcias"},"image":{"@id":"https:\/\/www.suno.com.br\/noticias\/#\/schema\/logo\/image\/"},"sameAs":["https:\/\/facebook.com\/sunoresearch","https:\/\/x.com\/sunoresearch","https:\/\/www.instagram.com\/suno","https:\/\/www.linkedin.com\/company\/suno-research\/","https:\/\/www.youtube.com\/c\/sunoresearch"]},{"@type":"Person","@id":"https:\/\/www.suno.com.br\/noticias\/#\/schema\/person\/918d79de1f0281f01599b93f9ea6e23f","name":"Jader Lazarini","image":{"@type":"ImageObject","inLanguage":"pt-BR","@id":"https:\/\/www.suno.com.br\/noticias\/#\/schema\/person\/image\/","url":"https:\/\/secure.gravatar.com\/avatar\/3c1ad8caa51589841baeb923fcddea97?s=96&r=g","contentUrl":"https:\/\/secure.gravatar.com\/avatar\/3c1ad8caa51589841baeb923fcddea97?s=96&r=g","caption":"Jader Lazarini"},"description":"Jader Lazarini escreve sobre investimentos, finan\u00e7as, economia e neg\u00f3cios. \u00c9 bacharel em Rela\u00e7\u00f5es Internacionais e analista CNPI (2619).","url":"https:\/\/www.suno.com.br\/noticias\/author\/jader-lazarini\/"}]}},"default_loop_html":"<div class=\"cardsPage__listCard__boxs\"><div class=\"cardsPage__listCard__boxs__img\"><a href=\"https:\/\/www.suno.com.br\/noticias\/banco-pan-bpan4-oferta-de-acoes-caixa\/\"><img class=\"mask\" src=\"https:\/\/www.suno.com.br\/noticias\/wp-content\/themes\/suno\/resources\/images\/spotlight\/spotlight1img\/bg-mask.png\" alt=\"Image Mask\"\/><img src=\"https:\/\/files.sunoresearch.com.br\/n\/uploads\/2020\/08\/0cb5586b-pan-400x200.webp\" alt=\"Banco Pan (BPAN4) anuncia oferta de a\u00e7\u00f5es de titularidade da Caixa\"\/><\/a><span class=\"spotlightCategory\"><a href=\"https:\/\/www.suno.com.br\/noticias\/negocios\/\">Neg\u00f3cios<\/a><\/span><\/div><div class=\"cardsPage__listCard__boxs__content\"><a href=\"https:\/\/www.suno.com.br\/noticias\/banco-pan-bpan4-oferta-de-acoes-caixa\/\"><h2 class=\"content__title\">Banco Pan (BPAN4) anuncia oferta de a\u00e7\u00f5es de titularidade da Caixa<\/h2><\/a><div class=\"newsContent__article__meta\"><div class=\"newsContent__article__meta__authorBox\"><a href=\"https:\/\/www.suno.com.br\/noticias\/author\/jader-lazarini\/\" class=\"authorBox__avatar noMobi\"><img src=\"https:\/\/files.sunoresearch.com.br\/n\/uploads\/2021\/01\/178e6598-foto-perfil-2-150x150.jpg\" alt=\"Jader Lazarini\"><\/a><div class=\"authorBox__name\"><span>por\n\t\t\t<a href=\"https:\/\/www.suno.com.br\/noticias\/author\/jader-lazarini\/\"><span itemprop=\"author\">Jader Lazarini<\/span><\/a><\/span><time datetime=\"2020-08-21T08:42:37-03:00\" itemprop=\"datePublished\">21\/08\/2020 08:42<\/time><\/div><\/div><\/div><\/div><\/div>","single_layout":"posts","amp_enabled":true,"_links":{"self":[{"href":"https:\/\/www.suno.com.br\/noticias\/wp-json\/wp\/v2\/posts\/79804"}],"collection":[{"href":"https:\/\/www.suno.com.br\/noticias\/wp-json\/wp\/v2\/posts"}],"about":[{"href":"https:\/\/www.suno.com.br\/noticias\/wp-json\/wp\/v2\/types\/post"}],"author":[{"embeddable":true,"href":"https:\/\/www.suno.com.br\/noticias\/wp-json\/wp\/v2\/users\/24"}],"replies":[{"embeddable":true,"href":"https:\/\/www.suno.com.br\/noticias\/wp-json\/wp\/v2\/comments?post=79804"}],"version-history":[{"count":0,"href":"https:\/\/www.suno.com.br\/noticias\/wp-json\/wp\/v2\/posts\/79804\/revisions"}],"wp:featuredmedia":[{"embeddable":true,"href":"https:\/\/www.suno.com.br\/noticias\/wp-json\/wp\/v2\/media\/79806"}],"wp:attachment":[{"href":"https:\/\/www.suno.com.br\/noticias\/wp-json\/wp\/v2\/media?parent=79804"}],"wp:term":[{"taxonomy":"category","embeddable":true,"href":"https:\/\/www.suno.com.br\/noticias\/wp-json\/wp\/v2\/categories?post=79804"},{"taxonomy":"post_tag","embeddable":true,"href":"https:\/\/www.suno.com.br\/noticias\/wp-json\/wp\/v2\/tags?post=79804"},{"taxonomy":"suno_strategy","embeddable":true,"href":"https:\/\/www.suno.com.br\/noticias\/wp-json\/wp\/v2\/suno_strategy?post=79804"}],"curies":[{"name":"wp","href":"https:\/\/api.w.org\/{rel}","templated":true}]}}