{"id":79797,"date":"2020-08-21T08:11:26","date_gmt":"2020-08-21T11:11:26","guid":{"rendered":"https:\/\/www.suno.com.br\/noticias\/?p=79797"},"modified":"2020-08-21T08:11:26","modified_gmt":"2020-08-21T11:11:26","slug":"mark-zuckerberg-questionado-investigacao-antitruste","status":"publish","type":"post","link":"https:\/\/www.suno.com.br\/noticias\/mark-zuckerberg-questionado-investigacao-antitruste\/","title":{"rendered":"Mark Zuckerberg \u00e9 questionado em investiga\u00e7\u00e3o antitruste dos EUA"},"content":{"rendered":"<p>O fundador do\u00a0Facebook (<a href=\"https:\/\/www.suno.com.br\/artigos\/nasdaq\/\">NASDAQ<\/a>: FB), <strong><a href=\"https:\/\/www.suno.com.br\/tudo-sobre\/mark-zuckerberg\/\">Mark Zuckerberg<\/a><\/strong>, foi questionado nesta semana em uma opera\u00e7\u00e3o antitruste da <em>Federal Trade Comission<\/em> (FTC) dos Estados Unidos. De acordo com o jornal &#8220;The Wall Street Journal&#8221;, a investiga\u00e7\u00e3o ocorre em fun\u00e7\u00e3o da suspeita da viola\u00e7\u00e3o das leis antitruste norte-americanas por parte da empresa.<\/p>\t<div class=\"wrapper-featured-image\">\n\t\t<figure class=\"spotlightImg\">\n\n\t\t\t<picture>\n\t\t\t\t<source media=\"(max-width: 768px)\" srcset=\"https:\/\/files.sunoresearch.com.br\/n\/uploads\/2020\/08\/34d418bd-mark-zuckerberg-400x200.webp\">\n\t\t\t\t<img loading=\"lazy\" decoding=\"async\" class=\"newsContent__article__imgCapa lazyloadDisabled \" src=\"https:\/\/files.sunoresearch.com.br\/n\/uploads\/2020\/08\/34d418bd-mark-zuckerberg-800x450.webp\" width=\"800\" height=\"450\" alt=\"Mark Zuckerberg \u00e9 questionado em investiga\u00e7\u00e3o antitruste dos EUA\" fetchpriority=high \/>\n\t\t\t<\/picture>\n\n\t\t\t<figcaption class=\"wp-caption-text wp-caption-text--show\">Ap\u00f3s o Google, antitruste dos EUA estaria prestes a processar o Facebook<\/figcaption>\n\t\t<\/figure>\n\t<\/div>\n\n\n<div class=\"hubspot-form-wrapper\">\n\t<div id=\"single-form-target\"><\/div>\n<\/div>\n\n<p>O jornal pontua que a decis\u00e3o do FTC demonstra que a autoridade estadunidense est\u00e1 avan\u00e7ando em sua investiga\u00e7\u00e3o <strong>antitruste<\/strong>. Grande parte dos esfor\u00e7os do FTC est\u00e3o voltados para a investiga\u00e7\u00e3o da companhia de Mark Zuckerberg, que teria praticado a compra de concorrentes de menor porte com o intuito de evitar uma futura competi\u00e7\u00e3o no setor.<\/p>\n<p>\u201cEstamos empenhados em cooperar com a investiga\u00e7\u00e3o da Comiss\u00e3o Federal de Com\u00e9rcio dos Estados Unidos e responder \u00e0s d\u00favidas que a ag\u00eancia possa ter\u201d, afirmou um porta-voz do <strong>Facebook<\/strong>, por sua vez.<\/p>\n<p><a href=\"https:\/\/lp.suno.com.br\/suno-one\/\">No Suno One voc\u00ea aprende a fazer seu dinheiro trabalhar para voc\u00ea. Cadastre-se gratuitamente agora!<\/a><\/p>\n<p>Em uma primeira investiga\u00e7\u00e3o do <strong>FTC<\/strong> sobre o Facebook, em 2019, quando a gigante das redes sociais aceitou um acordo de US$ 5 bilh\u00f5es (cerca de R$ 27,79 bilh\u00f5es) ap\u00f3s ter sido acusada de viola\u00e7\u00e3o da privacidade de consumidores, o CEO n\u00e3o foi deposto. Agora, no entanto, o FTC demonstra querer ir mais \u00e0 fundo.<\/p>\n<p>Os questionamentos a Zuckerberg ocorrem em meio \u00e0s cr\u00edticas do Congresso dos Estados Unidos \u00e0 ag\u00eancia, que levantam d\u00favidas acerca do vigor da FTC em trabalhar em assuntos de alta prioridade para o pa\u00eds.<\/p>\n<h2>Mark Zuckerberg ultrapassa patrim\u00f4nio de US$ 100 bilh\u00f5es<\/h2>\n<p>A fortuna do fundador e <a href=\"https:\/\/www.suno.com.br\/artigos\/ceo\/\">CEO<\/a> do Facebook ultrapassou, no in\u00edcio deste m\u00eas, os US$ 100 bilh\u00f5es (cerca de R$ 540 bilh\u00f5es) pela primeira vez. O executivo foi capaz de atingir essa marca ap\u00f3s um dia de otimismo para as a\u00e7\u00f5es de sua empresa.<\/p>\n\t<div data-element=\"shortcode-read-more\" class=\"knowMore\">\n\t\t\t\t<span class=\"knowMore__title\">Veja tamb\u00e9m<\/span>\n\t\t\t\t<a class=\"knowMore__link\" href=\"https:\/\/www.suno.com.br\/noticias\/george-soros-diz-que-mark-zuckerberg-deve-deixar-facebook\/\">\n\t\t\tGeorge Soros diz que Mark Zuckerberg deve deixar o Facebook\t\t<\/a>\n\t<\/div>\n\n\n<p>O homem de 36 anos se junta aos bilion\u00e1rios da tecnologia, <a href=\"https:\/\/www.suno.com.br\/tudo-sobre\/jeff-bezos\/\"><strong>Jeff Bezos<\/strong><\/a> e <a href=\"https:\/\/www.suno.com.br\/tudo-sobre\/bill-gates\/\"><strong>Bill Gates<\/strong><\/a> como as \u00fanicas pessoas no mundo que t\u00eam status de &#8220;centibilion\u00e1rio&#8221;, segundo uma avalia\u00e7\u00e3o da &#8220;Bloomberg&#8221;. A fortuna de Zuckerberg \u00e9 formada em grande parte pela sua participa\u00e7\u00e3o de 13% no Facebook. A empresa atualmente \u00e9 avaliada em US$ 766 bilh\u00f5es.<\/p>\n<p>Os fundadores das maiores empresas de tecnologia norte-americanas desfrutaram de um ac\u00famulo de riqueza nunca visto antes durante o ano de 2020, \u00e0 medida que a pandemia do <a href=\"https:\/\/www.suno.com.br\/noticias\/?s=coronav%C3%ADrus\">novo coronav\u00edrus (covid-19)<\/a> leva mais pessoas ao mundo digital. Apesar da economia dos Estados Unidos estar se contraindo em seu ritmo mais r\u00e1pido j\u00e1 registrado, <strong>Mark Zuckerberg<\/strong> ganhou cerca de US$ 22 bilh\u00f5es este ano, enquanto Bezos, o mais rico do planeta, acumulou mais de US$ 75 bilh\u00f5es.<\/p>\n\t<p>\n\t\t<a href=\"https:\/\/lp.suno.com.br\/planilha-de-controle-de-investimentos\/\" target=\"_blank\" data-element=\"shortcode-suno-banner\" title=\"Banner SUNO, clique e saiba mais\">\n\t\t\t<picture>\n\t\t\t\t<source media=\"(max-width: 500px)\" srcset=\"https:\/\/files.sunoresearch.com.br\/n\/uploads\/2023\/03\/400x300-Controle-de-Investimentos.png\">\n\t\t\t\t<img class=\"newsContent__article__imgCapa newsContent__article__imgCapa--banner\"\n\t\t\t\t\tsrc=\"https:\/\/files.sunoresearch.com.br\/n\/uploads\/2023\/03\/1420x240-Controle-de-Investimentos.png\"\n\t\t\t\t\tdata-promo-id=\"75934\"\t\t\t\t\t\t\t\t\t\twidth='1420' height='240'\t\t\t\t\talt=\"https:\/\/files.sunoresearch.com.br\/n\/uploads\/2023\/03\/1420x240-Controle-de-Investimentos.png\"\n\t\t\t\t>\n\t\t\t<\/picture>\n\t\t<\/a>\n\t<\/p>\n\n\n","protected":false},"excerpt":{"rendered":"<p>O fundador do\u00a0Facebook (NASDAQ: FB), Mark Zuckerberg, foi questionado nesta semana em uma opera\u00e7\u00e3o antitruste da Federal Trade Comission (FTC) dos Estados Unidos. De acordo com o jornal &#8220;The Wall Street Journal&#8221;, a investiga\u00e7\u00e3o ocorre em fun\u00e7\u00e3o da suspeita da viola\u00e7\u00e3o das leis antitruste norte-americanas por parte da empresa. Ap\u00f3s o Google, antitruste dos EUA [&hellip;]<\/p>\n","protected":false},"author":24,"featured_media":79799,"comment_status":"closed","ping_status":"closed","sticky":false,"template":"","format":"standard","meta":[],"categories":[63],"tags":[1334,733,1239],"suno_strategy":[],"class_list":["post-79797","post","type-post","status-publish","format-standard","has-post-thumbnail","hentry","category-internacional","tag-antitruste","tag-facebook-fbok34","tag-mark-zuckerberg"],"yoast_head":"<!-- This site is optimized with the Yoast SEO plugin v24.4 - https:\/\/yoast.com\/wordpress\/plugins\/seo\/ -->\n<title>Mark Zuckerberg \u00e9 questionado em investiga\u00e7\u00e3o antitruste dos EUA<\/title>\n<meta name=\"description\" content=\"O fundador do\u00a0Facebook, Mark Zuckerberg, foi questionado nesta semana em uma opera\u00e7\u00e3o antitruste nos EUA. Clique e saiba mais.\" \/>\n<meta name=\"robots\" content=\"index, follow, max-snippet:-1, max-image-preview:large, max-video-preview:-1\" \/>\n<link rel=\"canonical\" href=\"https:\/\/www.suno.com.br\/noticias\/mark-zuckerberg-questionado-investigacao-antitruste\/\" \/>\n<meta property=\"og:locale\" content=\"pt_BR\" \/>\n<meta property=\"og:type\" content=\"article\" \/>\n<meta property=\"og:title\" content=\"Mark Zuckerberg \u00e9 questionado em investiga\u00e7\u00e3o antitruste dos EUA\" \/>\n<meta property=\"og:description\" content=\"O fundador do\u00a0Facebook, Mark Zuckerberg, foi questionado nesta semana em uma opera\u00e7\u00e3o antitruste nos EUA. Clique e saiba mais.\" \/>\n<meta property=\"og:url\" content=\"https:\/\/www.suno.com.br\/noticias\/mark-zuckerberg-questionado-investigacao-antitruste\/\" \/>\n<meta property=\"og:site_name\" content=\"Suno Not\u00edcias\" \/>\n<meta property=\"article:publisher\" content=\"https:\/\/facebook.com\/sunoresearch\" \/>\n<meta property=\"og:image\" content=\"https:\/\/files.sunoresearch.com.br\/n\/uploads\/2020\/08\/34d418bd-mark-zuckerberg.jpg\" \/>\n\t<meta property=\"og:image:width\" content=\"1280\" \/>\n\t<meta property=\"og:image:height\" content=\"720\" \/>\n\t<meta property=\"og:image:type\" content=\"image\/jpeg\" \/>\n<meta name=\"author\" content=\"Jader Lazarini\" \/>\n<meta name=\"twitter:card\" content=\"summary_large_image\" \/>\n<meta name=\"twitter:creator\" content=\"@sunoresearch\" \/>\n<meta name=\"twitter:site\" content=\"@sunoresearch\" \/>\n<meta name=\"twitter:label1\" content=\"Escrito por\" \/>\n\t<meta name=\"twitter:data1\" content=\"Jader Lazarini\" \/>\n\t<meta name=\"twitter:label2\" content=\"Est. tempo de leitura\" \/>\n\t<meta name=\"twitter:data2\" content=\"2 minutos\" \/>\n<script type=\"application\/ld+json\" class=\"yoast-schema-graph\">{\"@context\":\"https:\/\/schema.org\",\"@graph\":[{\"@type\":\"NewsArticle\",\"@id\":\"https:\/\/www.suno.com.br\/noticias\/mark-zuckerberg-questionado-investigacao-antitruste\/#article\",\"isPartOf\":{\"@id\":\"https:\/\/www.suno.com.br\/noticias\/mark-zuckerberg-questionado-investigacao-antitruste\/\"},\"author\":{\"name\":\"Jader Lazarini\",\"@id\":\"https:\/\/www.suno.com.br\/noticias\/#\/schema\/person\/918d79de1f0281f01599b93f9ea6e23f\"},\"headline\":\"Mark Zuckerberg \u00e9 questionado em investiga\u00e7\u00e3o antitruste dos EUA\",\"datePublished\":\"2020-08-21T11:11:26+00:00\",\"mainEntityOfPage\":{\"@id\":\"https:\/\/www.suno.com.br\/noticias\/mark-zuckerberg-questionado-investigacao-antitruste\/\"},\"wordCount\":487,\"publisher\":{\"@id\":\"https:\/\/www.suno.com.br\/noticias\/#organization\"},\"image\":{\"@id\":\"https:\/\/www.suno.com.br\/noticias\/mark-zuckerberg-questionado-investigacao-antitruste\/#primaryimage\"},\"thumbnailUrl\":\"https:\/\/files.sunoresearch.com.br\/n\/uploads\/2020\/08\/34d418bd-mark-zuckerberg-jpg.webp\",\"keywords\":[\"Antitruste\",\"Facebook (FBOK34)\",\"Mark Zuckerberg\"],\"articleSection\":[\"Internacional\"],\"inLanguage\":\"pt-BR\"},{\"@type\":\"WebPage\",\"@id\":\"https:\/\/www.suno.com.br\/noticias\/mark-zuckerberg-questionado-investigacao-antitruste\/\",\"url\":\"https:\/\/www.suno.com.br\/noticias\/mark-zuckerberg-questionado-investigacao-antitruste\/\",\"name\":\"Mark Zuckerberg \u00e9 questionado em investiga\u00e7\u00e3o antitruste dos EUA\",\"isPartOf\":{\"@id\":\"https:\/\/www.suno.com.br\/noticias\/#website\"},\"primaryImageOfPage\":{\"@id\":\"https:\/\/www.suno.com.br\/noticias\/mark-zuckerberg-questionado-investigacao-antitruste\/#primaryimage\"},\"image\":{\"@id\":\"https:\/\/www.suno.com.br\/noticias\/mark-zuckerberg-questionado-investigacao-antitruste\/#primaryimage\"},\"thumbnailUrl\":\"https:\/\/files.sunoresearch.com.br\/n\/uploads\/2020\/08\/34d418bd-mark-zuckerberg-jpg.webp\",\"datePublished\":\"2020-08-21T11:11:26+00:00\",\"description\":\"O fundador do\u00a0Facebook, Mark Zuckerberg, foi questionado nesta semana em uma opera\u00e7\u00e3o antitruste nos EUA. Clique e saiba mais.\",\"breadcrumb\":{\"@id\":\"https:\/\/www.suno.com.br\/noticias\/mark-zuckerberg-questionado-investigacao-antitruste\/#breadcrumb\"},\"inLanguage\":\"pt-BR\",\"potentialAction\":[{\"@type\":\"ReadAction\",\"target\":[\"https:\/\/www.suno.com.br\/noticias\/mark-zuckerberg-questionado-investigacao-antitruste\/\"]}]},{\"@type\":\"ImageObject\",\"inLanguage\":\"pt-BR\",\"@id\":\"https:\/\/www.suno.com.br\/noticias\/mark-zuckerberg-questionado-investigacao-antitruste\/#primaryimage\",\"url\":\"https:\/\/files.sunoresearch.com.br\/n\/uploads\/2020\/08\/34d418bd-mark-zuckerberg-jpg.webp\",\"contentUrl\":\"https:\/\/files.sunoresearch.com.br\/n\/uploads\/2020\/08\/34d418bd-mark-zuckerberg-jpg.webp\",\"width\":1280,\"height\":720,\"caption\":\"Ap\u00f3s o Google, antitruste dos EUA estaria prestes a processar o Facebook\"},{\"@type\":\"BreadcrumbList\",\"@id\":\"https:\/\/www.suno.com.br\/noticias\/mark-zuckerberg-questionado-investigacao-antitruste\/#breadcrumb\",\"itemListElement\":[{\"@type\":\"ListItem\",\"position\":1,\"name\":\"Not\u00edcias\",\"item\":\"https:\/\/www.suno.com.br\/noticias\/\"},{\"@type\":\"ListItem\",\"position\":2,\"name\":\"Internacional\",\"item\":\"https:\/\/www.suno.com.br\/noticias\/internacional\/\"},{\"@type\":\"ListItem\",\"position\":3,\"name\":\"Mark Zuckerberg \u00e9 questionado em investiga\u00e7\u00e3o antitruste dos EUA\"}]},{\"@type\":\"WebSite\",\"@id\":\"https:\/\/www.suno.com.br\/noticias\/#website\",\"url\":\"https:\/\/www.suno.com.br\/noticias\/\",\"name\":\"Suno Not\u00edcias\",\"description\":\"Seu portal de informa\u00e7\u00e3o sobre o mundo dos investimentos\",\"publisher\":{\"@id\":\"https:\/\/www.suno.com.br\/noticias\/#organization\"},\"potentialAction\":[{\"@type\":\"SearchAction\",\"target\":{\"@type\":\"EntryPoint\",\"urlTemplate\":\"https:\/\/www.suno.com.br\/noticias\/?s={search_term_string}\"},\"query-input\":{\"@type\":\"PropertyValueSpecification\",\"valueRequired\":true,\"valueName\":\"search_term_string\"}}],\"inLanguage\":\"pt-BR\"},{\"@type\":\"Organization\",\"@id\":\"https:\/\/www.suno.com.br\/noticias\/#organization\",\"name\":\"Suno Not\u00edcias\",\"url\":\"https:\/\/www.suno.com.br\/noticias\/\",\"logo\":{\"@type\":\"ImageObject\",\"inLanguage\":\"pt-BR\",\"@id\":\"https:\/\/www.suno.com.br\/noticias\/#\/schema\/logo\/image\/\",\"url\":\"https:\/\/files.sunoresearch.com.br\/n\/uploads\/2021\/09\/suno-logo.png\",\"contentUrl\":\"https:\/\/files.sunoresearch.com.br\/n\/uploads\/2021\/09\/suno-logo.png\",\"width\":180,\"height\":180,\"caption\":\"Suno Not\u00edcias\"},\"image\":{\"@id\":\"https:\/\/www.suno.com.br\/noticias\/#\/schema\/logo\/image\/\"},\"sameAs\":[\"https:\/\/facebook.com\/sunoresearch\",\"https:\/\/x.com\/sunoresearch\",\"https:\/\/www.instagram.com\/suno\",\"https:\/\/www.linkedin.com\/company\/suno-research\/\",\"https:\/\/www.youtube.com\/c\/sunoresearch\"]},{\"@type\":\"Person\",\"@id\":\"https:\/\/www.suno.com.br\/noticias\/#\/schema\/person\/918d79de1f0281f01599b93f9ea6e23f\",\"name\":\"Jader Lazarini\",\"image\":{\"@type\":\"ImageObject\",\"inLanguage\":\"pt-BR\",\"@id\":\"https:\/\/www.suno.com.br\/noticias\/#\/schema\/person\/image\/\",\"url\":\"https:\/\/secure.gravatar.com\/avatar\/3c1ad8caa51589841baeb923fcddea97?s=96&r=g\",\"contentUrl\":\"https:\/\/secure.gravatar.com\/avatar\/3c1ad8caa51589841baeb923fcddea97?s=96&r=g\",\"caption\":\"Jader Lazarini\"},\"description\":\"Jader Lazarini escreve sobre investimentos, finan\u00e7as, economia e neg\u00f3cios. \u00c9 bacharel em Rela\u00e7\u00f5es Internacionais e analista CNPI (2619).\",\"url\":\"https:\/\/www.suno.com.br\/noticias\/author\/jader-lazarini\/\"}]}<\/script>\n<!-- \/ Yoast SEO plugin. -->","yoast_head_json":{"title":"Mark Zuckerberg \u00e9 questionado em investiga\u00e7\u00e3o antitruste dos EUA","description":"O fundador do\u00a0Facebook, Mark Zuckerberg, foi questionado nesta semana em uma opera\u00e7\u00e3o antitruste nos EUA. Clique e saiba mais.","robots":{"index":"index","follow":"follow","max-snippet":"max-snippet:-1","max-image-preview":"max-image-preview:large","max-video-preview":"max-video-preview:-1"},"canonical":"https:\/\/www.suno.com.br\/noticias\/mark-zuckerberg-questionado-investigacao-antitruste\/","og_locale":"pt_BR","og_type":"article","og_title":"Mark Zuckerberg \u00e9 questionado em investiga\u00e7\u00e3o antitruste dos EUA","og_description":"O fundador do\u00a0Facebook, Mark Zuckerberg, foi questionado nesta semana em uma opera\u00e7\u00e3o antitruste nos EUA. Clique e saiba mais.","og_url":"https:\/\/www.suno.com.br\/noticias\/mark-zuckerberg-questionado-investigacao-antitruste\/","og_site_name":"Suno Not\u00edcias","article_publisher":"https:\/\/facebook.com\/sunoresearch","og_image":[{"width":1280,"height":720,"url":"https:\/\/files.sunoresearch.com.br\/n\/uploads\/2020\/08\/34d418bd-mark-zuckerberg.jpg","type":"image\/jpeg"}],"author":"Jader Lazarini","twitter_card":"summary_large_image","twitter_creator":"@sunoresearch","twitter_site":"@sunoresearch","twitter_misc":{"Escrito por":"Jader Lazarini","Est. tempo de leitura":"2 minutos"},"schema":{"@context":"https:\/\/schema.org","@graph":[{"@type":"NewsArticle","@id":"https:\/\/www.suno.com.br\/noticias\/mark-zuckerberg-questionado-investigacao-antitruste\/#article","isPartOf":{"@id":"https:\/\/www.suno.com.br\/noticias\/mark-zuckerberg-questionado-investigacao-antitruste\/"},"author":{"name":"Jader Lazarini","@id":"https:\/\/www.suno.com.br\/noticias\/#\/schema\/person\/918d79de1f0281f01599b93f9ea6e23f"},"headline":"Mark Zuckerberg \u00e9 questionado em investiga\u00e7\u00e3o antitruste dos EUA","datePublished":"2020-08-21T11:11:26+00:00","mainEntityOfPage":{"@id":"https:\/\/www.suno.com.br\/noticias\/mark-zuckerberg-questionado-investigacao-antitruste\/"},"wordCount":487,"publisher":{"@id":"https:\/\/www.suno.com.br\/noticias\/#organization"},"image":{"@id":"https:\/\/www.suno.com.br\/noticias\/mark-zuckerberg-questionado-investigacao-antitruste\/#primaryimage"},"thumbnailUrl":"https:\/\/files.sunoresearch.com.br\/n\/uploads\/2020\/08\/34d418bd-mark-zuckerberg-jpg.webp","keywords":["Antitruste","Facebook (FBOK34)","Mark Zuckerberg"],"articleSection":["Internacional"],"inLanguage":"pt-BR"},{"@type":"WebPage","@id":"https:\/\/www.suno.com.br\/noticias\/mark-zuckerberg-questionado-investigacao-antitruste\/","url":"https:\/\/www.suno.com.br\/noticias\/mark-zuckerberg-questionado-investigacao-antitruste\/","name":"Mark Zuckerberg \u00e9 questionado em investiga\u00e7\u00e3o antitruste dos EUA","isPartOf":{"@id":"https:\/\/www.suno.com.br\/noticias\/#website"},"primaryImageOfPage":{"@id":"https:\/\/www.suno.com.br\/noticias\/mark-zuckerberg-questionado-investigacao-antitruste\/#primaryimage"},"image":{"@id":"https:\/\/www.suno.com.br\/noticias\/mark-zuckerberg-questionado-investigacao-antitruste\/#primaryimage"},"thumbnailUrl":"https:\/\/files.sunoresearch.com.br\/n\/uploads\/2020\/08\/34d418bd-mark-zuckerberg-jpg.webp","datePublished":"2020-08-21T11:11:26+00:00","description":"O fundador do\u00a0Facebook, Mark Zuckerberg, foi questionado nesta semana em uma opera\u00e7\u00e3o antitruste nos EUA. Clique e saiba mais.","breadcrumb":{"@id":"https:\/\/www.suno.com.br\/noticias\/mark-zuckerberg-questionado-investigacao-antitruste\/#breadcrumb"},"inLanguage":"pt-BR","potentialAction":[{"@type":"ReadAction","target":["https:\/\/www.suno.com.br\/noticias\/mark-zuckerberg-questionado-investigacao-antitruste\/"]}]},{"@type":"ImageObject","inLanguage":"pt-BR","@id":"https:\/\/www.suno.com.br\/noticias\/mark-zuckerberg-questionado-investigacao-antitruste\/#primaryimage","url":"https:\/\/files.sunoresearch.com.br\/n\/uploads\/2020\/08\/34d418bd-mark-zuckerberg-jpg.webp","contentUrl":"https:\/\/files.sunoresearch.com.br\/n\/uploads\/2020\/08\/34d418bd-mark-zuckerberg-jpg.webp","width":1280,"height":720,"caption":"Ap\u00f3s o Google, antitruste dos EUA estaria prestes a processar o Facebook"},{"@type":"BreadcrumbList","@id":"https:\/\/www.suno.com.br\/noticias\/mark-zuckerberg-questionado-investigacao-antitruste\/#breadcrumb","itemListElement":[{"@type":"ListItem","position":1,"name":"Not\u00edcias","item":"https:\/\/www.suno.com.br\/noticias\/"},{"@type":"ListItem","position":2,"name":"Internacional","item":"https:\/\/www.suno.com.br\/noticias\/internacional\/"},{"@type":"ListItem","position":3,"name":"Mark Zuckerberg \u00e9 questionado em investiga\u00e7\u00e3o antitruste dos EUA"}]},{"@type":"WebSite","@id":"https:\/\/www.suno.com.br\/noticias\/#website","url":"https:\/\/www.suno.com.br\/noticias\/","name":"Suno Not\u00edcias","description":"Seu portal de informa\u00e7\u00e3o sobre o mundo dos investimentos","publisher":{"@id":"https:\/\/www.suno.com.br\/noticias\/#organization"},"potentialAction":[{"@type":"SearchAction","target":{"@type":"EntryPoint","urlTemplate":"https:\/\/www.suno.com.br\/noticias\/?s={search_term_string}"},"query-input":{"@type":"PropertyValueSpecification","valueRequired":true,"valueName":"search_term_string"}}],"inLanguage":"pt-BR"},{"@type":"Organization","@id":"https:\/\/www.suno.com.br\/noticias\/#organization","name":"Suno Not\u00edcias","url":"https:\/\/www.suno.com.br\/noticias\/","logo":{"@type":"ImageObject","inLanguage":"pt-BR","@id":"https:\/\/www.suno.com.br\/noticias\/#\/schema\/logo\/image\/","url":"https:\/\/files.sunoresearch.com.br\/n\/uploads\/2021\/09\/suno-logo.png","contentUrl":"https:\/\/files.sunoresearch.com.br\/n\/uploads\/2021\/09\/suno-logo.png","width":180,"height":180,"caption":"Suno Not\u00edcias"},"image":{"@id":"https:\/\/www.suno.com.br\/noticias\/#\/schema\/logo\/image\/"},"sameAs":["https:\/\/facebook.com\/sunoresearch","https:\/\/x.com\/sunoresearch","https:\/\/www.instagram.com\/suno","https:\/\/www.linkedin.com\/company\/suno-research\/","https:\/\/www.youtube.com\/c\/sunoresearch"]},{"@type":"Person","@id":"https:\/\/www.suno.com.br\/noticias\/#\/schema\/person\/918d79de1f0281f01599b93f9ea6e23f","name":"Jader Lazarini","image":{"@type":"ImageObject","inLanguage":"pt-BR","@id":"https:\/\/www.suno.com.br\/noticias\/#\/schema\/person\/image\/","url":"https:\/\/secure.gravatar.com\/avatar\/3c1ad8caa51589841baeb923fcddea97?s=96&r=g","contentUrl":"https:\/\/secure.gravatar.com\/avatar\/3c1ad8caa51589841baeb923fcddea97?s=96&r=g","caption":"Jader Lazarini"},"description":"Jader Lazarini escreve sobre investimentos, finan\u00e7as, economia e neg\u00f3cios. \u00c9 bacharel em Rela\u00e7\u00f5es Internacionais e analista CNPI (2619).","url":"https:\/\/www.suno.com.br\/noticias\/author\/jader-lazarini\/"}]}},"default_loop_html":"<div class=\"cardsPage__listCard__boxs\"><div class=\"cardsPage__listCard__boxs__img\"><a href=\"https:\/\/www.suno.com.br\/noticias\/mark-zuckerberg-questionado-investigacao-antitruste\/\"><img class=\"mask\" src=\"https:\/\/www.suno.com.br\/noticias\/wp-content\/themes\/suno\/resources\/images\/spotlight\/spotlight1img\/bg-mask.png\" alt=\"Image Mask\"\/><img src=\"https:\/\/files.sunoresearch.com.br\/n\/uploads\/2020\/08\/34d418bd-mark-zuckerberg-400x200.webp\" alt=\"Mark Zuckerberg \u00e9 questionado em investiga\u00e7\u00e3o antitruste dos EUA\"\/><\/a><span class=\"spotlightCategory\"><a href=\"https:\/\/www.suno.com.br\/noticias\/internacional\/\">Internacional<\/a><\/span><\/div><div class=\"cardsPage__listCard__boxs__content\"><a href=\"https:\/\/www.suno.com.br\/noticias\/mark-zuckerberg-questionado-investigacao-antitruste\/\"><h2 class=\"content__title\">Mark Zuckerberg \u00e9 questionado em investiga\u00e7\u00e3o antitruste dos EUA<\/h2><\/a><div class=\"newsContent__article__meta\"><div class=\"newsContent__article__meta__authorBox\"><a href=\"https:\/\/www.suno.com.br\/noticias\/author\/jader-lazarini\/\" class=\"authorBox__avatar noMobi\"><img src=\"https:\/\/files.sunoresearch.com.br\/n\/uploads\/2021\/01\/178e6598-foto-perfil-2-150x150.jpg\" alt=\"Jader Lazarini\"><\/a><div class=\"authorBox__name\"><span>por\n\t\t\t<a href=\"https:\/\/www.suno.com.br\/noticias\/author\/jader-lazarini\/\"><span itemprop=\"author\">Jader Lazarini<\/span><\/a><\/span><time datetime=\"2020-08-21T08:11:26-03:00\" itemprop=\"datePublished\">21\/08\/2020 08:11<\/time><\/div><\/div><\/div><\/div><\/div>","single_layout":"posts","amp_enabled":true,"_links":{"self":[{"href":"https:\/\/www.suno.com.br\/noticias\/wp-json\/wp\/v2\/posts\/79797"}],"collection":[{"href":"https:\/\/www.suno.com.br\/noticias\/wp-json\/wp\/v2\/posts"}],"about":[{"href":"https:\/\/www.suno.com.br\/noticias\/wp-json\/wp\/v2\/types\/post"}],"author":[{"embeddable":true,"href":"https:\/\/www.suno.com.br\/noticias\/wp-json\/wp\/v2\/users\/24"}],"replies":[{"embeddable":true,"href":"https:\/\/www.suno.com.br\/noticias\/wp-json\/wp\/v2\/comments?post=79797"}],"version-history":[{"count":0,"href":"https:\/\/www.suno.com.br\/noticias\/wp-json\/wp\/v2\/posts\/79797\/revisions"}],"wp:featuredmedia":[{"embeddable":true,"href":"https:\/\/www.suno.com.br\/noticias\/wp-json\/wp\/v2\/media\/79799"}],"wp:attachment":[{"href":"https:\/\/www.suno.com.br\/noticias\/wp-json\/wp\/v2\/media?parent=79797"}],"wp:term":[{"taxonomy":"category","embeddable":true,"href":"https:\/\/www.suno.com.br\/noticias\/wp-json\/wp\/v2\/categories?post=79797"},{"taxonomy":"post_tag","embeddable":true,"href":"https:\/\/www.suno.com.br\/noticias\/wp-json\/wp\/v2\/tags?post=79797"},{"taxonomy":"suno_strategy","embeddable":true,"href":"https:\/\/www.suno.com.br\/noticias\/wp-json\/wp\/v2\/suno_strategy?post=79797"}],"curies":[{"name":"wp","href":"https:\/\/api.w.org\/{rel}","templated":true}]}}