{"id":7979,"date":"2018-12-06T11:02:13","date_gmt":"2018-12-06T13:02:13","guid":{"rendered":"https:\/\/www.suno.com.br\/noticias\/?p=7979"},"modified":"2019-02-06T08:48:34","modified_gmt":"2019-02-06T10:48:34","slug":"diretora-da-huawei-e-presa-no-canada-e-gera-protestos-da-china","status":"publish","type":"post","link":"https:\/\/www.suno.com.br\/noticias\/diretora-da-huawei-e-presa-no-canada-e-gera-protestos-da-china\/","title":{"rendered":"Diretora da Huawei \u00e9 presa no Canad\u00e1 e gera protestos da China"},"content":{"rendered":"<p>A diretora financeira da fabricante de tecnologia chinesa Huawei, Wanzhou Meng, foi presa em Vancouver, no Canad\u00e1.<\/p>\t<div class=\"wrapper-featured-image\">\n\t\t<figure class=\"spotlightImg\">\n\n\t\t\t<picture>\n\t\t\t\t<source media=\"(max-width: 768px)\" srcset=\"https:\/\/files.sunoresearch.com.br\/n\/uploads\/2018\/12\/a0f5838c-meng-huawei-400x200.webp\">\n\t\t\t\t<img loading=\"lazy\" decoding=\"async\" class=\"newsContent__article__imgCapa lazyloadDisabled newsContent__article__imgCapa--noCaption\" src=\"https:\/\/files.sunoresearch.com.br\/n\/uploads\/2018\/12\/a0f5838c-meng-huawei-jpg.webp\" width=\"800\" height=\"450\" alt=\"Diretora da Huawei \u00e9 presa no Canad\u00e1 e gera protestos da China\" fetchpriority=high \/>\n\t\t\t<\/picture>\n\n\t\t\t<figcaption class=\"wp-caption-text wp-caption-text--hide\">Wanzhou Meng<\/figcaption>\n\t\t<\/figure>\n\t<\/div>\n\n\n<p>A diretora da <strong>Huawei<\/strong> foi detida pelas autoridades canadenses a pedido da <strong>Justi\u00e7a<\/strong> dos <strong>Estados Unidos.<\/strong>\u00a0Ela \u00e9 acusada de ter violado <strong>san\u00e7\u00f5es<\/strong> impostas pelo <strong>governo<\/strong> dos Estados Unidos contra o <strong>Ir\u00e3.<\/strong><\/p>\n<p><strong>Meng<\/strong> \u00e9 filha do do fundador da gigante chinesa de tecnologia,\u00a0<strong>Ren Zhengfei,<\/strong> e \u00e9 vice-presidente do conselho consultivo da empresa.<\/p>\n<p>A <strong>Huawei<\/strong> \u00e9 a maior fabricante de equipamentos de telecomunica\u00e7\u00f5es da <strong>China<\/strong> e a segunda maior fabricante de <strong>smartphones<\/strong> do mundo.<\/p>\n<p>A empresa chinesa ultrapassou a <strong>Apple<\/strong> este ano.<\/p>\n<p>A pris\u00e3o teria sido realizada no \u00faltimo s\u00e1bado (1\u00ba) mas veio \u00e0 tona somente na noite desta quarta-feira (5).<\/p>\n<p>O <strong>Departamento de Justi\u00e7a<\/strong> do <strong>Canad\u00e1<\/strong> afirmou que os <strong>EUA<\/strong> solicitaram a <strong>extradi\u00e7\u00e3o<\/strong> de <strong>Meng<\/strong> e que uma audi\u00eancia para fian\u00e7a foi marcada para esta sexta-feira (7).<\/p>\n<p>Em nota, a <strong>Huawei<\/strong> confirmou a pris\u00e3o de <strong>Meng<\/strong> e negou qualquer &#8220;comportamento ilegal cometido por Meng&#8221;. &#8220;A empresa acredita que os sistemas legais de <strong>Canad\u00e1<\/strong> e <strong>EUA<\/strong> ir\u00e3o chegar a uma conclus\u00e3o justa&#8221;, informou a Huawei.<\/p>\n<h2>EUA vs. Huawei<\/h2>\n<p>As tens\u00f5es entre <strong>EUA<\/strong> e <strong>Huawei<\/strong> est\u00e3o em n\u00edveis muito altos desde 2016, e foram agravadas pela <strong>guerra comercial<\/strong> entre <strong>norteamericanos<\/strong> e <strong>chineses.<\/strong><\/p>\n<p>Em agosto, o presidente <strong>Donald Trump<\/strong> assinou uma lei que pro\u00edbe ag\u00eancias do governo de usar produtos e servi\u00e7os da <strong>Huawei<\/strong> e de sua concorrente chinesa <strong>ZTE<\/strong>. <strong>Trump<\/strong> alegou preocupa\u00e7\u00f5es com a seguran\u00e7a nacional.<\/p>\n<p>Em junho, legisladores dos <strong>EUA<\/strong> fizeram apelo ao <strong>Google<\/strong> para que empresa deixasse de fazer neg\u00f3cios com a fabricante chinesa. Tamb\u00e9m nesse caso alegaram preocupa\u00e7\u00f5es com a seguran\u00e7a nacional.<\/p>\n<p>Em novembro, o governo dos <strong>EUA<\/strong> pediu para os aliados europeus\u00a0para n\u00e3o usarem equipamentos <strong>Huawei,<\/strong> alegando risco de espionagem por parte da <strong>China.<\/strong><\/p>\n<h2>Protestos de Pequim<\/h2>\n<p>O governo da <strong>China<\/strong> reagiu e protestou contra a deten\u00e7\u00e3o de <strong>Meng. Pequim<\/strong> pediu explica\u00e7\u00f5es a <strong>Washington<\/strong> e <strong>Ottawa<\/strong> pela deten\u00e7\u00e3o da executiva.<\/p>\n<p>&#8220;Exigimos \u00e0s duas partes que nos esclare\u00e7am o mais r\u00e1pido poss\u00edvel o motivo da deten\u00e7\u00e3o&#8221;, afirmou Geng Shuang, porta-voz do <strong>Minist\u00e9rio chin\u00eas das Rela\u00e7\u00f5es Exteriores.<\/strong> O <strong>governo<\/strong> chin\u00eas pediu a liberta\u00e7\u00e3o &#8220;imediata&#8221; de <strong>Meng.<\/strong><\/p>\n<p>As <strong>bolsas<\/strong> chinesas fecharam em queda nesta quinta, em meio \u00e0 preocupa\u00e7\u00f5es de que a pris\u00e3o possa criar uma barreira entre a <strong>China<\/strong> e os <strong>EUA.<\/strong> O incidente com a diretora da <strong>Huawei<\/strong> ocorre dias depois de os presidentes <strong>Donald Trump<\/strong> e <strong>Xi Jinping<\/strong> terem negociado uma tr\u00e9gua tempor\u00e1ria de 90 dias na <strong>guerra comercial.<\/strong> A decis\u00e3o foi tomada para que os dois lados tenham mais tempo para negociar.<\/p>\n","protected":false},"excerpt":{"rendered":"<p>A diretora financeira da fabricante de tecnologia chinesa Huawei, Wanzhou Meng, foi presa em Vancouver, no Canad\u00e1. Wanzhou Meng A diretora da Huawei foi detida pelas autoridades canadenses a pedido da Justi\u00e7a dos Estados Unidos.\u00a0Ela \u00e9 acusada de ter violado san\u00e7\u00f5es impostas pelo governo dos Estados Unidos contra o Ir\u00e3. Meng \u00e9 filha do do [&hellip;]<\/p>\n","protected":false},"author":9,"featured_media":7983,"comment_status":"closed","ping_status":"closed","sticky":false,"template":"","format":"standard","meta":[],"categories":[63],"tags":[728,711,793,826],"suno_strategy":[],"class_list":["post-7979","post","type-post","status-publish","format-standard","has-post-thumbnail","hentry","category-internacional","tag-canada","tag-china","tag-estados-unidos-eua","tag-huawei"],"yoast_head":"<!-- This site is optimized with the Yoast SEO plugin v24.4 - https:\/\/yoast.com\/wordpress\/plugins\/seo\/ -->\n<title>Diretora da Huawei \u00e9 presa no Canad\u00e1, China protesta - Suno Not\u00edcias<\/title>\n<meta name=\"description\" content=\"A diretora da Huawei foi detida a pedido dos EUA sob a acusal\u00e7ao de ter violado san\u00e7\u00f5es contra o Ir\u00e3. Clique aqui para saber mais.\" \/>\n<meta name=\"robots\" content=\"index, follow, max-snippet:-1, max-image-preview:large, max-video-preview:-1\" \/>\n<link rel=\"canonical\" href=\"https:\/\/www.suno.com.br\/noticias\/diretora-da-huawei-e-presa-no-canada-e-gera-protestos-da-china\/\" \/>\n<meta property=\"og:locale\" content=\"pt_BR\" \/>\n<meta property=\"og:type\" content=\"article\" \/>\n<meta property=\"og:title\" content=\"Diretora da Huawei \u00e9 presa no Canad\u00e1, China protesta - Suno Not\u00edcias\" \/>\n<meta property=\"og:description\" content=\"A diretora da Huawei foi detida a pedido dos EUA sob a acusal\u00e7ao de ter violado san\u00e7\u00f5es contra o Ir\u00e3. Clique aqui para saber mais.\" \/>\n<meta property=\"og:url\" content=\"https:\/\/www.suno.com.br\/noticias\/diretora-da-huawei-e-presa-no-canada-e-gera-protestos-da-china\/\" \/>\n<meta property=\"og:site_name\" content=\"Suno Not\u00edcias\" \/>\n<meta property=\"article:publisher\" content=\"https:\/\/facebook.com\/sunoresearch\" \/>\n<meta property=\"og:image\" content=\"https:\/\/files.sunoresearch.com.br\/n\/uploads\/2018\/12\/a0f5838c-meng-huawei.jpg\" \/>\n\t<meta property=\"og:image:width\" content=\"660\" \/>\n\t<meta property=\"og:image:height\" content=\"371\" \/>\n\t<meta property=\"og:image:type\" content=\"image\/jpeg\" \/>\n<meta name=\"author\" content=\"Carlo Cauti\" \/>\n<meta name=\"twitter:card\" content=\"summary_large_image\" \/>\n<meta name=\"twitter:creator\" content=\"@sunoresearch\" \/>\n<meta name=\"twitter:site\" content=\"@sunoresearch\" \/>\n<meta name=\"twitter:label1\" content=\"Escrito por\" \/>\n\t<meta name=\"twitter:data1\" content=\"Carlo Cauti\" \/>\n\t<meta name=\"twitter:label2\" content=\"Est. tempo de leitura\" \/>\n\t<meta name=\"twitter:data2\" content=\"2 minutos\" \/>\n<script type=\"application\/ld+json\" class=\"yoast-schema-graph\">{\"@context\":\"https:\/\/schema.org\",\"@graph\":[{\"@type\":\"NewsArticle\",\"@id\":\"https:\/\/www.suno.com.br\/noticias\/diretora-da-huawei-e-presa-no-canada-e-gera-protestos-da-china\/#article\",\"isPartOf\":{\"@id\":\"https:\/\/www.suno.com.br\/noticias\/diretora-da-huawei-e-presa-no-canada-e-gera-protestos-da-china\/\"},\"author\":{\"name\":\"Carlo Cauti\",\"@id\":\"https:\/\/www.suno.com.br\/noticias\/#\/schema\/person\/e6e0f723cc177805027f4566c1d5e0c8\"},\"headline\":\"Diretora da Huawei \u00e9 presa no Canad\u00e1 e gera protestos da China\",\"datePublished\":\"2018-12-06T13:02:13+00:00\",\"dateModified\":\"2019-02-06T10:48:34+00:00\",\"mainEntityOfPage\":{\"@id\":\"https:\/\/www.suno.com.br\/noticias\/diretora-da-huawei-e-presa-no-canada-e-gera-protestos-da-china\/\"},\"wordCount\":466,\"publisher\":{\"@id\":\"https:\/\/www.suno.com.br\/noticias\/#organization\"},\"image\":{\"@id\":\"https:\/\/www.suno.com.br\/noticias\/diretora-da-huawei-e-presa-no-canada-e-gera-protestos-da-china\/#primaryimage\"},\"thumbnailUrl\":\"https:\/\/files.sunoresearch.com.br\/n\/uploads\/2018\/12\/a0f5838c-meng-huawei-jpg.webp\",\"keywords\":[\"Canad\u00e1\",\"China\",\"Estados Unidos (EUA)\",\"Huawei\"],\"articleSection\":[\"Internacional\"],\"inLanguage\":\"pt-BR\"},{\"@type\":\"WebPage\",\"@id\":\"https:\/\/www.suno.com.br\/noticias\/diretora-da-huawei-e-presa-no-canada-e-gera-protestos-da-china\/\",\"url\":\"https:\/\/www.suno.com.br\/noticias\/diretora-da-huawei-e-presa-no-canada-e-gera-protestos-da-china\/\",\"name\":\"Diretora da Huawei \u00e9 presa no Canad\u00e1, China protesta - Suno Not\u00edcias\",\"isPartOf\":{\"@id\":\"https:\/\/www.suno.com.br\/noticias\/#website\"},\"primaryImageOfPage\":{\"@id\":\"https:\/\/www.suno.com.br\/noticias\/diretora-da-huawei-e-presa-no-canada-e-gera-protestos-da-china\/#primaryimage\"},\"image\":{\"@id\":\"https:\/\/www.suno.com.br\/noticias\/diretora-da-huawei-e-presa-no-canada-e-gera-protestos-da-china\/#primaryimage\"},\"thumbnailUrl\":\"https:\/\/files.sunoresearch.com.br\/n\/uploads\/2018\/12\/a0f5838c-meng-huawei-jpg.webp\",\"datePublished\":\"2018-12-06T13:02:13+00:00\",\"dateModified\":\"2019-02-06T10:48:34+00:00\",\"description\":\"A diretora da Huawei foi detida a pedido dos EUA sob a acusal\u00e7ao de ter violado san\u00e7\u00f5es contra o Ir\u00e3. Clique aqui para saber mais.\",\"breadcrumb\":{\"@id\":\"https:\/\/www.suno.com.br\/noticias\/diretora-da-huawei-e-presa-no-canada-e-gera-protestos-da-china\/#breadcrumb\"},\"inLanguage\":\"pt-BR\",\"potentialAction\":[{\"@type\":\"ReadAction\",\"target\":[\"https:\/\/www.suno.com.br\/noticias\/diretora-da-huawei-e-presa-no-canada-e-gera-protestos-da-china\/\"]}]},{\"@type\":\"ImageObject\",\"inLanguage\":\"pt-BR\",\"@id\":\"https:\/\/www.suno.com.br\/noticias\/diretora-da-huawei-e-presa-no-canada-e-gera-protestos-da-china\/#primaryimage\",\"url\":\"https:\/\/files.sunoresearch.com.br\/n\/uploads\/2018\/12\/a0f5838c-meng-huawei-jpg.webp\",\"contentUrl\":\"https:\/\/files.sunoresearch.com.br\/n\/uploads\/2018\/12\/a0f5838c-meng-huawei-jpg.webp\",\"width\":660,\"height\":371,\"caption\":\"Wanzhou Meng\"},{\"@type\":\"BreadcrumbList\",\"@id\":\"https:\/\/www.suno.com.br\/noticias\/diretora-da-huawei-e-presa-no-canada-e-gera-protestos-da-china\/#breadcrumb\",\"itemListElement\":[{\"@type\":\"ListItem\",\"position\":1,\"name\":\"Not\u00edcias\",\"item\":\"https:\/\/www.suno.com.br\/noticias\/\"},{\"@type\":\"ListItem\",\"position\":2,\"name\":\"Internacional\",\"item\":\"https:\/\/www.suno.com.br\/noticias\/internacional\/\"},{\"@type\":\"ListItem\",\"position\":3,\"name\":\"Diretora da Huawei \u00e9 presa no Canad\u00e1 e gera protestos da China\"}]},{\"@type\":\"WebSite\",\"@id\":\"https:\/\/www.suno.com.br\/noticias\/#website\",\"url\":\"https:\/\/www.suno.com.br\/noticias\/\",\"name\":\"Suno Not\u00edcias\",\"description\":\"Seu portal de informa\u00e7\u00e3o sobre o mundo dos investimentos\",\"publisher\":{\"@id\":\"https:\/\/www.suno.com.br\/noticias\/#organization\"},\"potentialAction\":[{\"@type\":\"SearchAction\",\"target\":{\"@type\":\"EntryPoint\",\"urlTemplate\":\"https:\/\/www.suno.com.br\/noticias\/?s={search_term_string}\"},\"query-input\":{\"@type\":\"PropertyValueSpecification\",\"valueRequired\":true,\"valueName\":\"search_term_string\"}}],\"inLanguage\":\"pt-BR\"},{\"@type\":\"Organization\",\"@id\":\"https:\/\/www.suno.com.br\/noticias\/#organization\",\"name\":\"Suno Not\u00edcias\",\"url\":\"https:\/\/www.suno.com.br\/noticias\/\",\"logo\":{\"@type\":\"ImageObject\",\"inLanguage\":\"pt-BR\",\"@id\":\"https:\/\/www.suno.com.br\/noticias\/#\/schema\/logo\/image\/\",\"url\":\"https:\/\/files.sunoresearch.com.br\/n\/uploads\/2021\/09\/suno-logo.png\",\"contentUrl\":\"https:\/\/files.sunoresearch.com.br\/n\/uploads\/2021\/09\/suno-logo.png\",\"width\":180,\"height\":180,\"caption\":\"Suno Not\u00edcias\"},\"image\":{\"@id\":\"https:\/\/www.suno.com.br\/noticias\/#\/schema\/logo\/image\/\"},\"sameAs\":[\"https:\/\/facebook.com\/sunoresearch\",\"https:\/\/x.com\/sunoresearch\",\"https:\/\/www.instagram.com\/suno\",\"https:\/\/www.linkedin.com\/company\/suno-research\/\",\"https:\/\/www.youtube.com\/c\/sunoresearch\"]},{\"@type\":\"Person\",\"@id\":\"https:\/\/www.suno.com.br\/noticias\/#\/schema\/person\/e6e0f723cc177805027f4566c1d5e0c8\",\"name\":\"Carlo Cauti\",\"image\":{\"@type\":\"ImageObject\",\"inLanguage\":\"pt-BR\",\"@id\":\"https:\/\/www.suno.com.br\/noticias\/#\/schema\/person\/image\/\",\"url\":\"https:\/\/secure.gravatar.com\/avatar\/3ada9e0bd164c23abd4792a9606d583c?s=96&r=g\",\"contentUrl\":\"https:\/\/secure.gravatar.com\/avatar\/3ada9e0bd164c23abd4792a9606d583c?s=96&r=g\",\"caption\":\"Carlo Cauti\"},\"description\":\"Editor multim\u00eddia do SUNO Not\u00edcias. Italiano, formado em Ci\u00eancias Pol\u00edticas pela universidade LUISS G. Carli de Roma e mestre cum laude em Rela\u00e7\u00f5es Internacionais, Jornalismo Internacional e de Guerra e em Economia Internacional. Concluiu tamb\u00e9m um MBA em Finan\u00e7as na B3. No Brasil, teve passagem por ve\u00edculos como Estad\u00e3o, Globo, Veja e EXAME. e nas ag\u00eancias de not\u00edcias italianas ANSA e NOVA.\",\"url\":\"https:\/\/www.suno.com.br\/noticias\/author\/carlo-cauti\/\"}]}<\/script>\n<!-- \/ Yoast SEO plugin. -->","yoast_head_json":{"title":"Diretora da Huawei \u00e9 presa no Canad\u00e1, China protesta - Suno Not\u00edcias","description":"A diretora da Huawei foi detida a pedido dos EUA sob a acusal\u00e7ao de ter violado san\u00e7\u00f5es contra o Ir\u00e3. Clique aqui para saber mais.","robots":{"index":"index","follow":"follow","max-snippet":"max-snippet:-1","max-image-preview":"max-image-preview:large","max-video-preview":"max-video-preview:-1"},"canonical":"https:\/\/www.suno.com.br\/noticias\/diretora-da-huawei-e-presa-no-canada-e-gera-protestos-da-china\/","og_locale":"pt_BR","og_type":"article","og_title":"Diretora da Huawei \u00e9 presa no Canad\u00e1, China protesta - Suno Not\u00edcias","og_description":"A diretora da Huawei foi detida a pedido dos EUA sob a acusal\u00e7ao de ter violado san\u00e7\u00f5es contra o Ir\u00e3. Clique aqui para saber mais.","og_url":"https:\/\/www.suno.com.br\/noticias\/diretora-da-huawei-e-presa-no-canada-e-gera-protestos-da-china\/","og_site_name":"Suno Not\u00edcias","article_publisher":"https:\/\/facebook.com\/sunoresearch","og_image":[{"width":660,"height":371,"url":"https:\/\/files.sunoresearch.com.br\/n\/uploads\/2018\/12\/a0f5838c-meng-huawei.jpg","type":"image\/jpeg"}],"author":"Carlo Cauti","twitter_card":"summary_large_image","twitter_creator":"@sunoresearch","twitter_site":"@sunoresearch","twitter_misc":{"Escrito por":"Carlo Cauti","Est. tempo de leitura":"2 minutos"},"schema":{"@context":"https:\/\/schema.org","@graph":[{"@type":"NewsArticle","@id":"https:\/\/www.suno.com.br\/noticias\/diretora-da-huawei-e-presa-no-canada-e-gera-protestos-da-china\/#article","isPartOf":{"@id":"https:\/\/www.suno.com.br\/noticias\/diretora-da-huawei-e-presa-no-canada-e-gera-protestos-da-china\/"},"author":{"name":"Carlo Cauti","@id":"https:\/\/www.suno.com.br\/noticias\/#\/schema\/person\/e6e0f723cc177805027f4566c1d5e0c8"},"headline":"Diretora da Huawei \u00e9 presa no Canad\u00e1 e gera protestos da China","datePublished":"2018-12-06T13:02:13+00:00","dateModified":"2019-02-06T10:48:34+00:00","mainEntityOfPage":{"@id":"https:\/\/www.suno.com.br\/noticias\/diretora-da-huawei-e-presa-no-canada-e-gera-protestos-da-china\/"},"wordCount":466,"publisher":{"@id":"https:\/\/www.suno.com.br\/noticias\/#organization"},"image":{"@id":"https:\/\/www.suno.com.br\/noticias\/diretora-da-huawei-e-presa-no-canada-e-gera-protestos-da-china\/#primaryimage"},"thumbnailUrl":"https:\/\/files.sunoresearch.com.br\/n\/uploads\/2018\/12\/a0f5838c-meng-huawei-jpg.webp","keywords":["Canad\u00e1","China","Estados Unidos (EUA)","Huawei"],"articleSection":["Internacional"],"inLanguage":"pt-BR"},{"@type":"WebPage","@id":"https:\/\/www.suno.com.br\/noticias\/diretora-da-huawei-e-presa-no-canada-e-gera-protestos-da-china\/","url":"https:\/\/www.suno.com.br\/noticias\/diretora-da-huawei-e-presa-no-canada-e-gera-protestos-da-china\/","name":"Diretora da Huawei \u00e9 presa no Canad\u00e1, China protesta - Suno Not\u00edcias","isPartOf":{"@id":"https:\/\/www.suno.com.br\/noticias\/#website"},"primaryImageOfPage":{"@id":"https:\/\/www.suno.com.br\/noticias\/diretora-da-huawei-e-presa-no-canada-e-gera-protestos-da-china\/#primaryimage"},"image":{"@id":"https:\/\/www.suno.com.br\/noticias\/diretora-da-huawei-e-presa-no-canada-e-gera-protestos-da-china\/#primaryimage"},"thumbnailUrl":"https:\/\/files.sunoresearch.com.br\/n\/uploads\/2018\/12\/a0f5838c-meng-huawei-jpg.webp","datePublished":"2018-12-06T13:02:13+00:00","dateModified":"2019-02-06T10:48:34+00:00","description":"A diretora da Huawei foi detida a pedido dos EUA sob a acusal\u00e7ao de ter violado san\u00e7\u00f5es contra o Ir\u00e3. Clique aqui para saber mais.","breadcrumb":{"@id":"https:\/\/www.suno.com.br\/noticias\/diretora-da-huawei-e-presa-no-canada-e-gera-protestos-da-china\/#breadcrumb"},"inLanguage":"pt-BR","potentialAction":[{"@type":"ReadAction","target":["https:\/\/www.suno.com.br\/noticias\/diretora-da-huawei-e-presa-no-canada-e-gera-protestos-da-china\/"]}]},{"@type":"ImageObject","inLanguage":"pt-BR","@id":"https:\/\/www.suno.com.br\/noticias\/diretora-da-huawei-e-presa-no-canada-e-gera-protestos-da-china\/#primaryimage","url":"https:\/\/files.sunoresearch.com.br\/n\/uploads\/2018\/12\/a0f5838c-meng-huawei-jpg.webp","contentUrl":"https:\/\/files.sunoresearch.com.br\/n\/uploads\/2018\/12\/a0f5838c-meng-huawei-jpg.webp","width":660,"height":371,"caption":"Wanzhou Meng"},{"@type":"BreadcrumbList","@id":"https:\/\/www.suno.com.br\/noticias\/diretora-da-huawei-e-presa-no-canada-e-gera-protestos-da-china\/#breadcrumb","itemListElement":[{"@type":"ListItem","position":1,"name":"Not\u00edcias","item":"https:\/\/www.suno.com.br\/noticias\/"},{"@type":"ListItem","position":2,"name":"Internacional","item":"https:\/\/www.suno.com.br\/noticias\/internacional\/"},{"@type":"ListItem","position":3,"name":"Diretora da Huawei \u00e9 presa no Canad\u00e1 e gera protestos da China"}]},{"@type":"WebSite","@id":"https:\/\/www.suno.com.br\/noticias\/#website","url":"https:\/\/www.suno.com.br\/noticias\/","name":"Suno Not\u00edcias","description":"Seu portal de informa\u00e7\u00e3o sobre o mundo dos investimentos","publisher":{"@id":"https:\/\/www.suno.com.br\/noticias\/#organization"},"potentialAction":[{"@type":"SearchAction","target":{"@type":"EntryPoint","urlTemplate":"https:\/\/www.suno.com.br\/noticias\/?s={search_term_string}"},"query-input":{"@type":"PropertyValueSpecification","valueRequired":true,"valueName":"search_term_string"}}],"inLanguage":"pt-BR"},{"@type":"Organization","@id":"https:\/\/www.suno.com.br\/noticias\/#organization","name":"Suno Not\u00edcias","url":"https:\/\/www.suno.com.br\/noticias\/","logo":{"@type":"ImageObject","inLanguage":"pt-BR","@id":"https:\/\/www.suno.com.br\/noticias\/#\/schema\/logo\/image\/","url":"https:\/\/files.sunoresearch.com.br\/n\/uploads\/2021\/09\/suno-logo.png","contentUrl":"https:\/\/files.sunoresearch.com.br\/n\/uploads\/2021\/09\/suno-logo.png","width":180,"height":180,"caption":"Suno Not\u00edcias"},"image":{"@id":"https:\/\/www.suno.com.br\/noticias\/#\/schema\/logo\/image\/"},"sameAs":["https:\/\/facebook.com\/sunoresearch","https:\/\/x.com\/sunoresearch","https:\/\/www.instagram.com\/suno","https:\/\/www.linkedin.com\/company\/suno-research\/","https:\/\/www.youtube.com\/c\/sunoresearch"]},{"@type":"Person","@id":"https:\/\/www.suno.com.br\/noticias\/#\/schema\/person\/e6e0f723cc177805027f4566c1d5e0c8","name":"Carlo Cauti","image":{"@type":"ImageObject","inLanguage":"pt-BR","@id":"https:\/\/www.suno.com.br\/noticias\/#\/schema\/person\/image\/","url":"https:\/\/secure.gravatar.com\/avatar\/3ada9e0bd164c23abd4792a9606d583c?s=96&r=g","contentUrl":"https:\/\/secure.gravatar.com\/avatar\/3ada9e0bd164c23abd4792a9606d583c?s=96&r=g","caption":"Carlo Cauti"},"description":"Editor multim\u00eddia do SUNO Not\u00edcias. Italiano, formado em Ci\u00eancias Pol\u00edticas pela universidade LUISS G. Carli de Roma e mestre cum laude em Rela\u00e7\u00f5es Internacionais, Jornalismo Internacional e de Guerra e em Economia Internacional. Concluiu tamb\u00e9m um MBA em Finan\u00e7as na B3. No Brasil, teve passagem por ve\u00edculos como Estad\u00e3o, Globo, Veja e EXAME. e nas ag\u00eancias de not\u00edcias italianas ANSA e NOVA.","url":"https:\/\/www.suno.com.br\/noticias\/author\/carlo-cauti\/"}]}},"default_loop_html":"<div class=\"cardsPage__listCard__boxs\"><div class=\"cardsPage__listCard__boxs__img\"><a href=\"https:\/\/www.suno.com.br\/noticias\/diretora-da-huawei-e-presa-no-canada-e-gera-protestos-da-china\/\"><img class=\"mask\" src=\"https:\/\/www.suno.com.br\/noticias\/wp-content\/themes\/suno\/resources\/images\/spotlight\/spotlight1img\/bg-mask.png\" alt=\"Image Mask\"\/><img src=\"https:\/\/files.sunoresearch.com.br\/n\/uploads\/2018\/12\/a0f5838c-meng-huawei-400x200.webp\" alt=\"Diretora da Huawei \u00e9 presa no Canad\u00e1 e gera protestos da China\"\/><\/a><span class=\"spotlightCategory\"><a href=\"https:\/\/www.suno.com.br\/noticias\/internacional\/\">Internacional<\/a><\/span><\/div><div class=\"cardsPage__listCard__boxs__content\"><a href=\"https:\/\/www.suno.com.br\/noticias\/diretora-da-huawei-e-presa-no-canada-e-gera-protestos-da-china\/\"><h2 class=\"content__title\">Diretora da Huawei \u00e9 presa no Canad\u00e1 e gera protestos da China<\/h2><\/a><div class=\"newsContent__article__meta\"><div class=\"newsContent__article__meta__authorBox\"><a href=\"https:\/\/www.suno.com.br\/noticias\/author\/carlo-cauti\/\" class=\"authorBox__avatar noMobi\"><img src=\"https:\/\/files.sunoresearch.com.br\/n\/uploads\/2020\/08\/e3745f9a-perfil-carlo-cauti-150x150.webp\" alt=\"Carlo Cauti\"><\/a><div class=\"authorBox__name\"><span>por\n\t\t\t<a href=\"https:\/\/www.suno.com.br\/noticias\/author\/carlo-cauti\/\"><span itemprop=\"author\">Carlo Cauti<\/span><\/a><\/span><time datetime=\"2018-12-06T11:02:13-02:00\" itemprop=\"datePublished\">06\/12\/2018 11:02<\/time><\/div><\/div><\/div><\/div><\/div>","single_layout":"posts","amp_enabled":true,"_links":{"self":[{"href":"https:\/\/www.suno.com.br\/noticias\/wp-json\/wp\/v2\/posts\/7979"}],"collection":[{"href":"https:\/\/www.suno.com.br\/noticias\/wp-json\/wp\/v2\/posts"}],"about":[{"href":"https:\/\/www.suno.com.br\/noticias\/wp-json\/wp\/v2\/types\/post"}],"author":[{"embeddable":true,"href":"https:\/\/www.suno.com.br\/noticias\/wp-json\/wp\/v2\/users\/9"}],"replies":[{"embeddable":true,"href":"https:\/\/www.suno.com.br\/noticias\/wp-json\/wp\/v2\/comments?post=7979"}],"version-history":[{"count":0,"href":"https:\/\/www.suno.com.br\/noticias\/wp-json\/wp\/v2\/posts\/7979\/revisions"}],"wp:featuredmedia":[{"embeddable":true,"href":"https:\/\/www.suno.com.br\/noticias\/wp-json\/wp\/v2\/media\/7983"}],"wp:attachment":[{"href":"https:\/\/www.suno.com.br\/noticias\/wp-json\/wp\/v2\/media?parent=7979"}],"wp:term":[{"taxonomy":"category","embeddable":true,"href":"https:\/\/www.suno.com.br\/noticias\/wp-json\/wp\/v2\/categories?post=7979"},{"taxonomy":"post_tag","embeddable":true,"href":"https:\/\/www.suno.com.br\/noticias\/wp-json\/wp\/v2\/tags?post=7979"},{"taxonomy":"suno_strategy","embeddable":true,"href":"https:\/\/www.suno.com.br\/noticias\/wp-json\/wp\/v2\/suno_strategy?post=7979"}],"curies":[{"name":"wp","href":"https:\/\/api.w.org\/{rel}","templated":true}]}}