{"id":79785,"date":"2020-08-21T06:06:30","date_gmt":"2020-08-21T09:06:30","guid":{"rendered":"https:\/\/www.suno.com.br\/noticias\/?p=79785"},"modified":"2020-08-21T18:07:36","modified_gmt":"2020-08-21T21:07:36","slug":"cogna-registra-prejuizo-2t20","status":"publish","type":"post","link":"https:\/\/www.suno.com.br\/noticias\/cogna-registra-prejuizo-2t20\/","title":{"rendered":"Cogna (COGN3) registra preju\u00edzo de R$ 454,735 milh\u00f5es no 2T20"},"content":{"rendered":"<p>A <a href=\"https:\/\/www.suno.com.br\/acoes\/cogn3\/\"><strong>Cogna Educa\u00e7\u00e3o<\/strong> (COGN3)<\/a> registrou um <a href=\"https:\/\/www.suno.com.br\/artigos\/prejuizos-acumulados\/\">preju\u00edzo<\/a> de R$ 454,735 milh\u00f5es no segundo trimestre de 2020. Um resultado em queda de 425,8% em rela\u00e7\u00e3o ao mesmo per\u00edodo do ano passado, quando a gigante educacional tinha registrado um lucro l\u00edquido de R$ 139,581\u00a0milh\u00f5es. E tamb\u00e9m uma queda de 1062,4% em rela\u00e7\u00e3o ao primeiro trimestre do ano, quando o resultado tamb\u00e9m tinha sido de preju\u00edzo, de R$ 39,122 milh\u00f5es. As demonstra\u00e7\u00f5es financeiras da companhia foram enviadas nesta quinta-feira (20) \u00e0 <a href=\"https:\/\/www.suno.com.br\/artigos\/cvm\/\">Comiss\u00e3o de Valores Mobili\u00e1rios (CVM)<\/a>.<\/p>\t<div class=\"wrapper-featured-image\">\n\t\t<figure class=\"spotlightImg\">\n\n\t\t\t<picture>\n\t\t\t\t<source media=\"(max-width: 768px)\" srcset=\"https:\/\/files.sunoresearch.com.br\/n\/uploads\/2019\/11\/3f99f22e-cogna-400x200.webp\">\n\t\t\t\t<img loading=\"lazy\" decoding=\"async\" class=\"newsContent__article__imgCapa lazyloadDisabled \" src=\"https:\/\/files.sunoresearch.com.br\/n\/uploads\/2019\/11\/3f99f22e-cogna-800x450.webp\" width=\"800\" height=\"450\" alt=\"Cogna (COGN3) registra preju\u00edzo de R$ 454,735 milh\u00f5es no 2T20\" fetchpriority=high \/>\n\t\t\t<\/picture>\n\n\t\t\t<figcaption class=\"wp-caption-text wp-caption-text--show\">Cogna (COGN3). Foto: divulga\u00e7\u00e3o<\/figcaption>\n\t\t<\/figure>\n\t<\/div>\n\n\n<div class=\"hubspot-form-wrapper\">\n\t<div id=\"single-form-target\"><\/div>\n<\/div>\n\n<p>Os resultados complicados que a Cogna registrou nesse trimestre motivaram a escolha do t\u00edtulo da apresenta\u00e7\u00e3o de resultados: &#8220;Enfrentando a Tempestade&#8221;.<\/p>\n<p>A <a href=\"https:\/\/www.suno.com.br\/artigos\/o-que-receita-liquida\/\">receita l\u00edquida<\/a> da empresa teve queda de 21,3% no segundo trimestre deste ano em compara\u00e7\u00e3o com o mesmo per\u00edodo do ano passado, passando de R$ 1,744 bilh\u00e3o para R$ 1,372 bilh\u00e3o.<\/p>\n<p><a href=\"https:\/\/lp.suno.com.br\/suno-one\/\">Suno One: acesse gratuitamente eBooks, Minicursos, Artigos e Video Aulas sobre investimentos com um \u00fanico cadastro. Clique para saber mais!<\/a><\/p>\n<p>&#8220;A receita l\u00edquida caiu 21% no 2T20, em fun\u00e7\u00e3o da redu\u00e7\u00e3o na base de alunos e do ticket m\u00e9dio do ensino presencial, parcialmente compensada pelo crescimento da base de alunos do ensino digital&#8221;, explicou a Cogna em sua demonstra\u00e7\u00e3o de resultados.<\/p>\n<p>O <a href=\"https:\/\/www.suno.com.br\/artigos\/ebitda-ajustado\/\">lucro antes de juros, impostos, deprecia\u00e7\u00e3o e amortiza\u00e7\u00e3o (Ebitda)<\/a> caiu 122,3% de abril at\u00e9 junho deste ano, alcan\u00e7ando o valor negativo de R$ 139,4 milh\u00f5es. No mesmo per\u00edodo do ano passado tinha sido de R$ 624,7 milh\u00f5es.<\/p>\n<p>A empresa salientou como o Ebitda ficou negativo por causa do &#8220;preju\u00edzo com a venda da conta escrow vinculada \u00e0 aquisi\u00e7\u00e3o da Somos&#8221; e tamb\u00e9m pela &#8220;maior provis\u00e3o para cr\u00e9ditos de liquida\u00e7\u00e3o duvidosa (PCLD) no ensino superior pagante e nos produtos de parcelamento (PEP\/PMT)&#8221;.<\/p>\n<p>No espec\u00edfico, a Kroton registrou uma queda expressiva de receita e Ebitda, especialmente concentrada no ensino de gradua\u00e7\u00e3o presencial, no \u00faltimo ano com grande impacto de formaturas de alunos FIES. As outras 3 empresas do grupo (Vasta, Saber e Platos), no entanto, obtiveram crescimento de Ebitda, mesmo considerando os impactos da pandemia.<\/p>\n<h2>Cogna aumenta PCLD<\/h2>\n<p>A <a href=\"https:\/\/www.suno.com.br\/artigos\/provisao-para-devedores-duvidosos\/#:~:text=PDD%20%C3%A9%20a%20sigla%20para,foco%20em%20casos%20de%20inadimpl%C3%AAncia.&amp;text=Este%20%C3%A9%20o%20nome%20utilizado,valores%20utilizados%20para%20cobrir%20perdas.\"><strong>Provis\u00e3o para Cr\u00e9ditos de Liquida\u00e7\u00e3o Duvidosa (PCLD)<\/strong> <\/a>passou de R$ 187,276 milh\u00f5es no segundo trimestre de 2019 para R$ 500,5 milh\u00f5es no segundo trimestre de 2020. Esse aumento mostra como a Cogna est\u00e1 aguardando um aumento da inadimpl\u00eancia entre as mensalidades escolares.<\/p>\n<p>O resultado operacional passou de R$ 725,9 milh\u00f5es no segundo trimestre de 2019 para R$ 174,0 milh\u00f5es no segundo trimestre de 2020, registrando uma queda de 76,0%. No primeiro trimestre esse valor tinha sido de F$ 520.5 milh\u00f5es.<\/p>\n<p>Por sua vez, a empresa salientou como a <strong><a href=\"https:\/\/www.suno.com.br\/artigos\/geracao-de-caixa\/\">gera\u00e7\u00e3o de caixa<\/a><\/strong> ficou positiva em R$ 145 milh\u00f5es, &#8220;em fun\u00e7\u00e3o da estabiliza\u00e7\u00e3o do prazo m\u00e9dio de recebimento, da redu\u00e7\u00e3o do capex e do recebimento da \u00faltima parcela do PNLD 2020&#8221;.<\/p>\n\t<div data-element=\"shortcode-read-more\" class=\"knowMore\">\n\t\t\t\t<span class=\"knowMore__title\">Saiba mais<\/span>\n\t\t\t\t<a class=\"knowMore__link\" href=\"https:\/\/www.suno.com.br\/noticias\/cogna-cogn3-prejuizo-r-39-1-milhoes-1t20\/\">\n\t\t\tCogna (COGN3) apresenta preju\u00edzo de R$ 39,1 milh\u00f5es no 1T20\t\t<\/a>\n\t<\/div>\n\n\n<p>&#8220;Observamos, no entanto, que tivemos gera\u00e7\u00e3o de caixa positiva no trimestre, mantendo uma s\u00f3lida posi\u00e7\u00e3o de caixa e um perfil de d\u00edvida bastante alongado, atributos que nos dar\u00e3o sustenta\u00e7\u00e3o nos pr\u00f3ximos trimestres para continuar atravessando um ambiente de neg\u00f3cios altamente desafiador, enquanto avan\u00e7amos na digitaliza\u00e7\u00e3o do ensino superior&#8221;, explicou a <strong>Cogna.<\/strong><\/p>\n\t<p>\n\t\t<a href=\"https:\/\/lp.suno.com.br\/planilha-de-controle-de-investimentos\/\" target=\"_blank\" data-element=\"shortcode-suno-banner\" title=\"Banner SUNO, clique e saiba mais\">\n\t\t\t<picture>\n\t\t\t\t<source media=\"(max-width: 500px)\" srcset=\"https:\/\/files.sunoresearch.com.br\/n\/uploads\/2023\/03\/400x300-Controle-de-Investimentos.png\">\n\t\t\t\t<img class=\"newsContent__article__imgCapa newsContent__article__imgCapa--banner\"\n\t\t\t\t\tsrc=\"https:\/\/files.sunoresearch.com.br\/n\/uploads\/2023\/03\/1420x240-Controle-de-Investimentos.png\"\n\t\t\t\t\tdata-promo-id=\"75934\"\t\t\t\t\t\t\t\t\t\twidth='1420' height='240'\t\t\t\t\talt=\"https:\/\/files.sunoresearch.com.br\/n\/uploads\/2023\/03\/1420x240-Controle-de-Investimentos.png\"\n\t\t\t\t>\n\t\t\t<\/picture>\n\t\t<\/a>\n\t<\/p>\n\n\n","protected":false},"excerpt":{"rendered":"<p>A Cogna Educa\u00e7\u00e3o (COGN3) registrou um preju\u00edzo de R$ 454,735 milh\u00f5es no segundo trimestre de 2020. Um resultado em queda de 425,8% em rela\u00e7\u00e3o ao mesmo per\u00edodo do ano passado, quando a gigante educacional tinha registrado um lucro l\u00edquido de R$ 139,581\u00a0milh\u00f5es. E tamb\u00e9m uma queda de 1062,4% em rela\u00e7\u00e3o ao primeiro trimestre do ano, [&hellip;]<\/p>\n","protected":false},"author":9,"featured_media":45451,"comment_status":"closed","ping_status":"closed","sticky":false,"template":"","format":"standard","meta":[],"categories":[64],"tags":[2257],"suno_strategy":[],"class_list":["post-79785","post","type-post","status-publish","format-standard","has-post-thumbnail","hentry","category-negocios","tag-cogna-cogn3"],"yoast_head":"<!-- This site is optimized with the Yoast SEO plugin v24.4 - https:\/\/yoast.com\/wordpress\/plugins\/seo\/ -->\n<title>Cogna (COGN3) registra preju\u00edzo de R$ 454,735 milh\u00f5es no 2T20<\/title>\n<meta name=\"description\" content=\"A Cogna Educa\u00e7\u00e3o (COGN3) registrou um preju\u00edzo de R$ 454,735 milh\u00f5es no segundo trimestre de 2020. Clique aqui para saber mais.\" \/>\n<meta name=\"robots\" content=\"index, follow, max-snippet:-1, max-image-preview:large, max-video-preview:-1\" \/>\n<link rel=\"canonical\" href=\"https:\/\/www.suno.com.br\/noticias\/cogna-registra-prejuizo-2t20\/\" \/>\n<meta property=\"og:locale\" content=\"pt_BR\" \/>\n<meta property=\"og:type\" content=\"article\" \/>\n<meta property=\"og:title\" content=\"Cogna (COGN3) registra preju\u00edzo de R$ 454,735 milh\u00f5es no 2T20\" \/>\n<meta property=\"og:description\" content=\"A Cogna Educa\u00e7\u00e3o (COGN3) registrou um preju\u00edzo de R$ 454,735 milh\u00f5es no segundo trimestre de 2020. Clique aqui para saber mais.\" \/>\n<meta property=\"og:url\" content=\"https:\/\/www.suno.com.br\/noticias\/cogna-registra-prejuizo-2t20\/\" \/>\n<meta property=\"og:site_name\" content=\"Suno Not\u00edcias\" \/>\n<meta property=\"article:publisher\" content=\"https:\/\/facebook.com\/sunoresearch\" \/>\n<meta property=\"og:image\" content=\"https:\/\/files.sunoresearch.com.br\/n\/uploads\/2019\/11\/3f99f22e-cogna.jpg\" \/>\n\t<meta property=\"og:image:width\" content=\"4032\" \/>\n\t<meta property=\"og:image:height\" content=\"3024\" \/>\n\t<meta property=\"og:image:type\" content=\"image\/jpeg\" \/>\n<meta name=\"author\" content=\"Carlo Cauti\" \/>\n<meta name=\"twitter:card\" content=\"summary_large_image\" \/>\n<meta name=\"twitter:creator\" content=\"@sunoresearch\" \/>\n<meta name=\"twitter:site\" content=\"@sunoresearch\" \/>\n<meta name=\"twitter:label1\" content=\"Escrito por\" \/>\n\t<meta name=\"twitter:data1\" content=\"Carlo Cauti\" \/>\n\t<meta name=\"twitter:label2\" content=\"Est. tempo de leitura\" \/>\n\t<meta name=\"twitter:data2\" content=\"3 minutos\" \/>\n<script type=\"application\/ld+json\" class=\"yoast-schema-graph\">{\"@context\":\"https:\/\/schema.org\",\"@graph\":[{\"@type\":\"NewsArticle\",\"@id\":\"https:\/\/www.suno.com.br\/noticias\/cogna-registra-prejuizo-2t20\/#article\",\"isPartOf\":{\"@id\":\"https:\/\/www.suno.com.br\/noticias\/cogna-registra-prejuizo-2t20\/\"},\"author\":{\"name\":\"Carlo Cauti\",\"@id\":\"https:\/\/www.suno.com.br\/noticias\/#\/schema\/person\/e6e0f723cc177805027f4566c1d5e0c8\"},\"headline\":\"Cogna (COGN3) registra preju\u00edzo de R$ 454,735 milh\u00f5es no 2T20\",\"datePublished\":\"2020-08-21T09:06:30+00:00\",\"dateModified\":\"2020-08-21T21:07:36+00:00\",\"mainEntityOfPage\":{\"@id\":\"https:\/\/www.suno.com.br\/noticias\/cogna-registra-prejuizo-2t20\/\"},\"wordCount\":578,\"publisher\":{\"@id\":\"https:\/\/www.suno.com.br\/noticias\/#organization\"},\"image\":{\"@id\":\"https:\/\/www.suno.com.br\/noticias\/cogna-registra-prejuizo-2t20\/#primaryimage\"},\"thumbnailUrl\":\"https:\/\/files.sunoresearch.com.br\/n\/uploads\/2019\/11\/3f99f22e-cogna-scaled.webp\",\"keywords\":[\"Cogna (COGN3)\"],\"articleSection\":[\"Neg\u00f3cios\"],\"inLanguage\":\"pt-BR\"},{\"@type\":\"WebPage\",\"@id\":\"https:\/\/www.suno.com.br\/noticias\/cogna-registra-prejuizo-2t20\/\",\"url\":\"https:\/\/www.suno.com.br\/noticias\/cogna-registra-prejuizo-2t20\/\",\"name\":\"Cogna (COGN3) registra preju\u00edzo de R$ 454,735 milh\u00f5es no 2T20\",\"isPartOf\":{\"@id\":\"https:\/\/www.suno.com.br\/noticias\/#website\"},\"primaryImageOfPage\":{\"@id\":\"https:\/\/www.suno.com.br\/noticias\/cogna-registra-prejuizo-2t20\/#primaryimage\"},\"image\":{\"@id\":\"https:\/\/www.suno.com.br\/noticias\/cogna-registra-prejuizo-2t20\/#primaryimage\"},\"thumbnailUrl\":\"https:\/\/files.sunoresearch.com.br\/n\/uploads\/2019\/11\/3f99f22e-cogna-scaled.webp\",\"datePublished\":\"2020-08-21T09:06:30+00:00\",\"dateModified\":\"2020-08-21T21:07:36+00:00\",\"description\":\"A Cogna Educa\u00e7\u00e3o (COGN3) registrou um preju\u00edzo de R$ 454,735 milh\u00f5es no segundo trimestre de 2020. Clique aqui para saber mais.\",\"breadcrumb\":{\"@id\":\"https:\/\/www.suno.com.br\/noticias\/cogna-registra-prejuizo-2t20\/#breadcrumb\"},\"inLanguage\":\"pt-BR\",\"potentialAction\":[{\"@type\":\"ReadAction\",\"target\":[\"https:\/\/www.suno.com.br\/noticias\/cogna-registra-prejuizo-2t20\/\"]}]},{\"@type\":\"ImageObject\",\"inLanguage\":\"pt-BR\",\"@id\":\"https:\/\/www.suno.com.br\/noticias\/cogna-registra-prejuizo-2t20\/#primaryimage\",\"url\":\"https:\/\/files.sunoresearch.com.br\/n\/uploads\/2019\/11\/3f99f22e-cogna-scaled.webp\",\"contentUrl\":\"https:\/\/files.sunoresearch.com.br\/n\/uploads\/2019\/11\/3f99f22e-cogna-scaled.webp\",\"width\":2560,\"height\":1920,\"caption\":\"Cogna (COGN3). Foto: divulga\u00e7\u00e3o\"},{\"@type\":\"BreadcrumbList\",\"@id\":\"https:\/\/www.suno.com.br\/noticias\/cogna-registra-prejuizo-2t20\/#breadcrumb\",\"itemListElement\":[{\"@type\":\"ListItem\",\"position\":1,\"name\":\"Not\u00edcias\",\"item\":\"https:\/\/www.suno.com.br\/noticias\/\"},{\"@type\":\"ListItem\",\"position\":2,\"name\":\"Neg\u00f3cios\",\"item\":\"https:\/\/www.suno.com.br\/noticias\/negocios\/\"},{\"@type\":\"ListItem\",\"position\":3,\"name\":\"Cogna (COGN3) registra preju\u00edzo de R$ 454,735 milh\u00f5es no 2T20\"}]},{\"@type\":\"WebSite\",\"@id\":\"https:\/\/www.suno.com.br\/noticias\/#website\",\"url\":\"https:\/\/www.suno.com.br\/noticias\/\",\"name\":\"Suno Not\u00edcias\",\"description\":\"Seu portal de informa\u00e7\u00e3o sobre o mundo dos investimentos\",\"publisher\":{\"@id\":\"https:\/\/www.suno.com.br\/noticias\/#organization\"},\"potentialAction\":[{\"@type\":\"SearchAction\",\"target\":{\"@type\":\"EntryPoint\",\"urlTemplate\":\"https:\/\/www.suno.com.br\/noticias\/?s={search_term_string}\"},\"query-input\":{\"@type\":\"PropertyValueSpecification\",\"valueRequired\":true,\"valueName\":\"search_term_string\"}}],\"inLanguage\":\"pt-BR\"},{\"@type\":\"Organization\",\"@id\":\"https:\/\/www.suno.com.br\/noticias\/#organization\",\"name\":\"Suno Not\u00edcias\",\"url\":\"https:\/\/www.suno.com.br\/noticias\/\",\"logo\":{\"@type\":\"ImageObject\",\"inLanguage\":\"pt-BR\",\"@id\":\"https:\/\/www.suno.com.br\/noticias\/#\/schema\/logo\/image\/\",\"url\":\"https:\/\/files.sunoresearch.com.br\/n\/uploads\/2021\/09\/suno-logo.png\",\"contentUrl\":\"https:\/\/files.sunoresearch.com.br\/n\/uploads\/2021\/09\/suno-logo.png\",\"width\":180,\"height\":180,\"caption\":\"Suno Not\u00edcias\"},\"image\":{\"@id\":\"https:\/\/www.suno.com.br\/noticias\/#\/schema\/logo\/image\/\"},\"sameAs\":[\"https:\/\/facebook.com\/sunoresearch\",\"https:\/\/x.com\/sunoresearch\",\"https:\/\/www.instagram.com\/suno\",\"https:\/\/www.linkedin.com\/company\/suno-research\/\",\"https:\/\/www.youtube.com\/c\/sunoresearch\"]},{\"@type\":\"Person\",\"@id\":\"https:\/\/www.suno.com.br\/noticias\/#\/schema\/person\/e6e0f723cc177805027f4566c1d5e0c8\",\"name\":\"Carlo Cauti\",\"image\":{\"@type\":\"ImageObject\",\"inLanguage\":\"pt-BR\",\"@id\":\"https:\/\/www.suno.com.br\/noticias\/#\/schema\/person\/image\/\",\"url\":\"https:\/\/secure.gravatar.com\/avatar\/3ada9e0bd164c23abd4792a9606d583c?s=96&r=g\",\"contentUrl\":\"https:\/\/secure.gravatar.com\/avatar\/3ada9e0bd164c23abd4792a9606d583c?s=96&r=g\",\"caption\":\"Carlo Cauti\"},\"description\":\"Editor multim\u00eddia do SUNO Not\u00edcias. Italiano, formado em Ci\u00eancias Pol\u00edticas pela universidade LUISS G. Carli de Roma e mestre cum laude em Rela\u00e7\u00f5es Internacionais, Jornalismo Internacional e de Guerra e em Economia Internacional. Concluiu tamb\u00e9m um MBA em Finan\u00e7as na B3. No Brasil, teve passagem por ve\u00edculos como Estad\u00e3o, Globo, Veja e EXAME. e nas ag\u00eancias de not\u00edcias italianas ANSA e NOVA.\",\"url\":\"https:\/\/www.suno.com.br\/noticias\/author\/carlo-cauti\/\"}]}<\/script>\n<!-- \/ Yoast SEO plugin. -->","yoast_head_json":{"title":"Cogna (COGN3) registra preju\u00edzo de R$ 454,735 milh\u00f5es no 2T20","description":"A Cogna Educa\u00e7\u00e3o (COGN3) registrou um preju\u00edzo de R$ 454,735 milh\u00f5es no segundo trimestre de 2020. Clique aqui para saber mais.","robots":{"index":"index","follow":"follow","max-snippet":"max-snippet:-1","max-image-preview":"max-image-preview:large","max-video-preview":"max-video-preview:-1"},"canonical":"https:\/\/www.suno.com.br\/noticias\/cogna-registra-prejuizo-2t20\/","og_locale":"pt_BR","og_type":"article","og_title":"Cogna (COGN3) registra preju\u00edzo de R$ 454,735 milh\u00f5es no 2T20","og_description":"A Cogna Educa\u00e7\u00e3o (COGN3) registrou um preju\u00edzo de R$ 454,735 milh\u00f5es no segundo trimestre de 2020. Clique aqui para saber mais.","og_url":"https:\/\/www.suno.com.br\/noticias\/cogna-registra-prejuizo-2t20\/","og_site_name":"Suno Not\u00edcias","article_publisher":"https:\/\/facebook.com\/sunoresearch","og_image":[{"width":4032,"height":3024,"url":"https:\/\/files.sunoresearch.com.br\/n\/uploads\/2019\/11\/3f99f22e-cogna.jpg","type":"image\/jpeg"}],"author":"Carlo Cauti","twitter_card":"summary_large_image","twitter_creator":"@sunoresearch","twitter_site":"@sunoresearch","twitter_misc":{"Escrito por":"Carlo Cauti","Est. tempo de leitura":"3 minutos"},"schema":{"@context":"https:\/\/schema.org","@graph":[{"@type":"NewsArticle","@id":"https:\/\/www.suno.com.br\/noticias\/cogna-registra-prejuizo-2t20\/#article","isPartOf":{"@id":"https:\/\/www.suno.com.br\/noticias\/cogna-registra-prejuizo-2t20\/"},"author":{"name":"Carlo Cauti","@id":"https:\/\/www.suno.com.br\/noticias\/#\/schema\/person\/e6e0f723cc177805027f4566c1d5e0c8"},"headline":"Cogna (COGN3) registra preju\u00edzo de R$ 454,735 milh\u00f5es no 2T20","datePublished":"2020-08-21T09:06:30+00:00","dateModified":"2020-08-21T21:07:36+00:00","mainEntityOfPage":{"@id":"https:\/\/www.suno.com.br\/noticias\/cogna-registra-prejuizo-2t20\/"},"wordCount":578,"publisher":{"@id":"https:\/\/www.suno.com.br\/noticias\/#organization"},"image":{"@id":"https:\/\/www.suno.com.br\/noticias\/cogna-registra-prejuizo-2t20\/#primaryimage"},"thumbnailUrl":"https:\/\/files.sunoresearch.com.br\/n\/uploads\/2019\/11\/3f99f22e-cogna-scaled.webp","keywords":["Cogna (COGN3)"],"articleSection":["Neg\u00f3cios"],"inLanguage":"pt-BR"},{"@type":"WebPage","@id":"https:\/\/www.suno.com.br\/noticias\/cogna-registra-prejuizo-2t20\/","url":"https:\/\/www.suno.com.br\/noticias\/cogna-registra-prejuizo-2t20\/","name":"Cogna (COGN3) registra preju\u00edzo de R$ 454,735 milh\u00f5es no 2T20","isPartOf":{"@id":"https:\/\/www.suno.com.br\/noticias\/#website"},"primaryImageOfPage":{"@id":"https:\/\/www.suno.com.br\/noticias\/cogna-registra-prejuizo-2t20\/#primaryimage"},"image":{"@id":"https:\/\/www.suno.com.br\/noticias\/cogna-registra-prejuizo-2t20\/#primaryimage"},"thumbnailUrl":"https:\/\/files.sunoresearch.com.br\/n\/uploads\/2019\/11\/3f99f22e-cogna-scaled.webp","datePublished":"2020-08-21T09:06:30+00:00","dateModified":"2020-08-21T21:07:36+00:00","description":"A Cogna Educa\u00e7\u00e3o (COGN3) registrou um preju\u00edzo de R$ 454,735 milh\u00f5es no segundo trimestre de 2020. Clique aqui para saber mais.","breadcrumb":{"@id":"https:\/\/www.suno.com.br\/noticias\/cogna-registra-prejuizo-2t20\/#breadcrumb"},"inLanguage":"pt-BR","potentialAction":[{"@type":"ReadAction","target":["https:\/\/www.suno.com.br\/noticias\/cogna-registra-prejuizo-2t20\/"]}]},{"@type":"ImageObject","inLanguage":"pt-BR","@id":"https:\/\/www.suno.com.br\/noticias\/cogna-registra-prejuizo-2t20\/#primaryimage","url":"https:\/\/files.sunoresearch.com.br\/n\/uploads\/2019\/11\/3f99f22e-cogna-scaled.webp","contentUrl":"https:\/\/files.sunoresearch.com.br\/n\/uploads\/2019\/11\/3f99f22e-cogna-scaled.webp","width":2560,"height":1920,"caption":"Cogna (COGN3). Foto: divulga\u00e7\u00e3o"},{"@type":"BreadcrumbList","@id":"https:\/\/www.suno.com.br\/noticias\/cogna-registra-prejuizo-2t20\/#breadcrumb","itemListElement":[{"@type":"ListItem","position":1,"name":"Not\u00edcias","item":"https:\/\/www.suno.com.br\/noticias\/"},{"@type":"ListItem","position":2,"name":"Neg\u00f3cios","item":"https:\/\/www.suno.com.br\/noticias\/negocios\/"},{"@type":"ListItem","position":3,"name":"Cogna (COGN3) registra preju\u00edzo de R$ 454,735 milh\u00f5es no 2T20"}]},{"@type":"WebSite","@id":"https:\/\/www.suno.com.br\/noticias\/#website","url":"https:\/\/www.suno.com.br\/noticias\/","name":"Suno Not\u00edcias","description":"Seu portal de informa\u00e7\u00e3o sobre o mundo dos investimentos","publisher":{"@id":"https:\/\/www.suno.com.br\/noticias\/#organization"},"potentialAction":[{"@type":"SearchAction","target":{"@type":"EntryPoint","urlTemplate":"https:\/\/www.suno.com.br\/noticias\/?s={search_term_string}"},"query-input":{"@type":"PropertyValueSpecification","valueRequired":true,"valueName":"search_term_string"}}],"inLanguage":"pt-BR"},{"@type":"Organization","@id":"https:\/\/www.suno.com.br\/noticias\/#organization","name":"Suno Not\u00edcias","url":"https:\/\/www.suno.com.br\/noticias\/","logo":{"@type":"ImageObject","inLanguage":"pt-BR","@id":"https:\/\/www.suno.com.br\/noticias\/#\/schema\/logo\/image\/","url":"https:\/\/files.sunoresearch.com.br\/n\/uploads\/2021\/09\/suno-logo.png","contentUrl":"https:\/\/files.sunoresearch.com.br\/n\/uploads\/2021\/09\/suno-logo.png","width":180,"height":180,"caption":"Suno Not\u00edcias"},"image":{"@id":"https:\/\/www.suno.com.br\/noticias\/#\/schema\/logo\/image\/"},"sameAs":["https:\/\/facebook.com\/sunoresearch","https:\/\/x.com\/sunoresearch","https:\/\/www.instagram.com\/suno","https:\/\/www.linkedin.com\/company\/suno-research\/","https:\/\/www.youtube.com\/c\/sunoresearch"]},{"@type":"Person","@id":"https:\/\/www.suno.com.br\/noticias\/#\/schema\/person\/e6e0f723cc177805027f4566c1d5e0c8","name":"Carlo Cauti","image":{"@type":"ImageObject","inLanguage":"pt-BR","@id":"https:\/\/www.suno.com.br\/noticias\/#\/schema\/person\/image\/","url":"https:\/\/secure.gravatar.com\/avatar\/3ada9e0bd164c23abd4792a9606d583c?s=96&r=g","contentUrl":"https:\/\/secure.gravatar.com\/avatar\/3ada9e0bd164c23abd4792a9606d583c?s=96&r=g","caption":"Carlo Cauti"},"description":"Editor multim\u00eddia do SUNO Not\u00edcias. Italiano, formado em Ci\u00eancias Pol\u00edticas pela universidade LUISS G. Carli de Roma e mestre cum laude em Rela\u00e7\u00f5es Internacionais, Jornalismo Internacional e de Guerra e em Economia Internacional. Concluiu tamb\u00e9m um MBA em Finan\u00e7as na B3. No Brasil, teve passagem por ve\u00edculos como Estad\u00e3o, Globo, Veja e EXAME. e nas ag\u00eancias de not\u00edcias italianas ANSA e NOVA.","url":"https:\/\/www.suno.com.br\/noticias\/author\/carlo-cauti\/"}]}},"default_loop_html":"<div class=\"cardsPage__listCard__boxs\"><div class=\"cardsPage__listCard__boxs__img\"><a href=\"https:\/\/www.suno.com.br\/noticias\/cogna-registra-prejuizo-2t20\/\"><img class=\"mask\" src=\"https:\/\/www.suno.com.br\/noticias\/wp-content\/themes\/suno\/resources\/images\/spotlight\/spotlight1img\/bg-mask.png\" alt=\"Image Mask\"\/><img src=\"https:\/\/files.sunoresearch.com.br\/n\/uploads\/2019\/11\/3f99f22e-cogna-400x200.webp\" alt=\"Cogna (COGN3) registra preju\u00edzo de R$ 454,735 milh\u00f5es no 2T20\"\/><\/a><span class=\"spotlightCategory\"><a href=\"https:\/\/www.suno.com.br\/noticias\/negocios\/\">Neg\u00f3cios<\/a><\/span><\/div><div class=\"cardsPage__listCard__boxs__content\"><a href=\"https:\/\/www.suno.com.br\/noticias\/cogna-registra-prejuizo-2t20\/\"><h2 class=\"content__title\">Cogna (COGN3) registra preju\u00edzo de R$ 454,735 milh\u00f5es no 2T20<\/h2><\/a><div class=\"newsContent__article__meta\"><div class=\"newsContent__article__meta__authorBox\"><a href=\"https:\/\/www.suno.com.br\/noticias\/author\/carlo-cauti\/\" class=\"authorBox__avatar noMobi\"><img src=\"https:\/\/files.sunoresearch.com.br\/n\/uploads\/2020\/08\/e3745f9a-perfil-carlo-cauti-150x150.webp\" alt=\"Carlo Cauti\"><\/a><div class=\"authorBox__name\"><span>por\n\t\t\t<a href=\"https:\/\/www.suno.com.br\/noticias\/author\/carlo-cauti\/\"><span itemprop=\"author\">Carlo Cauti<\/span><\/a><\/span><time datetime=\"2020-08-21T06:06:30-03:00\" itemprop=\"datePublished\">21\/08\/2020 06:06<\/time><\/div><\/div><\/div><\/div><\/div>","single_layout":"posts","amp_enabled":true,"_links":{"self":[{"href":"https:\/\/www.suno.com.br\/noticias\/wp-json\/wp\/v2\/posts\/79785"}],"collection":[{"href":"https:\/\/www.suno.com.br\/noticias\/wp-json\/wp\/v2\/posts"}],"about":[{"href":"https:\/\/www.suno.com.br\/noticias\/wp-json\/wp\/v2\/types\/post"}],"author":[{"embeddable":true,"href":"https:\/\/www.suno.com.br\/noticias\/wp-json\/wp\/v2\/users\/9"}],"replies":[{"embeddable":true,"href":"https:\/\/www.suno.com.br\/noticias\/wp-json\/wp\/v2\/comments?post=79785"}],"version-history":[{"count":0,"href":"https:\/\/www.suno.com.br\/noticias\/wp-json\/wp\/v2\/posts\/79785\/revisions"}],"wp:featuredmedia":[{"embeddable":true,"href":"https:\/\/www.suno.com.br\/noticias\/wp-json\/wp\/v2\/media\/45451"}],"wp:attachment":[{"href":"https:\/\/www.suno.com.br\/noticias\/wp-json\/wp\/v2\/media?parent=79785"}],"wp:term":[{"taxonomy":"category","embeddable":true,"href":"https:\/\/www.suno.com.br\/noticias\/wp-json\/wp\/v2\/categories?post=79785"},{"taxonomy":"post_tag","embeddable":true,"href":"https:\/\/www.suno.com.br\/noticias\/wp-json\/wp\/v2\/tags?post=79785"},{"taxonomy":"suno_strategy","embeddable":true,"href":"https:\/\/www.suno.com.br\/noticias\/wp-json\/wp\/v2\/suno_strategy?post=79785"}],"curies":[{"name":"wp","href":"https:\/\/api.w.org\/{rel}","templated":true}]}}