{"id":79725,"date":"2020-08-20T20:15:39","date_gmt":"2020-08-20T23:15:39","guid":{"rendered":"https:\/\/www.suno.com.br\/noticias\/?p=79725"},"modified":"2020-08-20T20:28:55","modified_gmt":"2020-08-20T23:28:55","slug":"uber-lyft-reclassificacao-motoristas","status":"publish","type":"post","link":"https:\/\/www.suno.com.br\/noticias\/uber-lyft-reclassificacao-motoristas\/","title":{"rendered":"Uber e Lyft seguir\u00e3o operando na Calif\u00f3rnia"},"content":{"rendered":"<p>O Tribunal de apela\u00e7\u00f5es da Calif\u00f3rnia concedeu, nessa quinta-feira (20), uma suspens\u00e3o de emerg\u00eancia para os aplicativos de transporte urbano,<strong> Uber <\/strong>(<a href=\"https:\/\/www.suno.com.br\/artigos\/nyse\/\">NYSE<\/a>: UBER) e Lyft (<a href=\"https:\/\/www.suno.com.br\/artigos\/nasdaq\/\">NASDAQ<\/a>: LYFT), interrompendo uma decis\u00e3o judicial de primeira inst\u00e2ncia que exigia que as empresas reclassificassem seus motoristas como funcion\u00e1rios at\u00e9 sexta-feira.<\/p>\t<div class=\"wrapper-featured-image\">\n\t\t<figure class=\"spotlightImg\">\n\n\t\t\t<picture>\n\t\t\t\t<source media=\"(max-width: 768px)\" srcset=\"https:\/\/files.sunoresearch.com.br\/n\/uploads\/2020\/08\/a032bab9-40834804294_275a5890d3_b-400x200.webp\">\n\t\t\t\t<img loading=\"lazy\" decoding=\"async\" class=\"newsContent__article__imgCapa lazyloadDisabled \" src=\"https:\/\/files.sunoresearch.com.br\/n\/uploads\/2020\/08\/a032bab9-40834804294_275a5890d3_b-800x450.webp\" width=\"800\" height=\"450\" alt=\"Uber e Lyft seguir\u00e3o operando na Calif\u00f3rnia\" fetchpriority=high \/>\n\t\t\t<\/picture>\n\n\t\t\t<figcaption class=\"wp-caption-text wp-caption-text--show\">Uber e Lyft continuar\u00e3o suas opera\u00e7\u00f5es na Calif\u00f3rnia<\/figcaption>\n\t\t<\/figure>\n\t<\/div>\n\n\n<div class=\"hubspot-form-wrapper\">\n\t<div id=\"single-form-target\"><\/div>\n<\/div>\n\n<p>A prorroga\u00e7\u00e3o veio depois que a <strong>Lyft<\/strong>\u00a0anunciou a suspens\u00e3o de suas opera\u00e7\u00f5es na <strong>Calif\u00f3rnia<\/strong>, a partir da meia-noite de hoje, em fun\u00e7\u00e3o das novas regulamenta\u00e7\u00f5es, afirmando que n\u00e3o teria tempo para realizar a reclassifica\u00e7\u00e3o ordenada pelo Estado.<\/p>\n<p>A lei visava restringir o direito das empresas de considerar os colaboradores como terceirados, ou seja trabalhadores independentes, ou seja, conceder <a href=\"https:\/\/www.suno.com.br\/artigos\/encargos-sociais\/\">direitos trabalhistas<\/a> aos motoristas dos aplicativos, como licen\u00e7a m\u00e9dica e outros benef\u00edcios.<\/p>\n<p><a href=\"https:\/\/lp.suno.com.br\/suno-one\/\">Suno One: acesse gratuitamente eBooks, Minicursos, Artigos e Video Aulas sobre investimentos com um \u00fanico cadastro. Clique para saber mais!<\/a><\/p>\n<p>A suspens\u00e3o da regulamenta\u00e7\u00e3o permite que ambos aplicativos continuem operando no estado enquanto seu recurso \u00e9 considerado.\u00a0 A Uber e Lyft declararam que seriam for\u00e7adas a suspender as opera\u00e7\u00f5es na Calif\u00f3rnia caso a prorroga\u00e7\u00e3o n\u00e3o fosse concedida.<\/p>\n<p>A <strong>Lyft<\/strong>\u00a0confirmou que n\u00e3o planeja mais interromper seus servi\u00e7os no Estado enquanto houver a suspens\u00e3o da regulamenta\u00e7\u00e3o.<\/p>\n<h2>Lyft amea\u00e7a suspender atividades na Calif\u00f3rnia<\/h2>\n<p>O aplicativo americano de transporte urbano, <strong>Lyft,<\/strong> tinha anunciado mais cedo nessa quinta-feira (20) que iria suspender suas opera\u00e7\u00f5es na Calif\u00f3rnia a partir da meia-noite.<\/p>\n<p>A Lyft tinha alegado que interromper\u00e1 suas atividades em fun\u00e7\u00e3o da lei estadual que exige que os motoristas tornem-se funcion\u00e1rios dos aplicativos at\u00e9 sexta-feira.<\/p>\n<p>A nova regulamenta\u00e7\u00e3o restringe o direito das empresas de classificar os trabalhadores como contratantes independentes, ou seja, concede <a href=\"https:\/\/www.suno.com.br\/artigos\/encargos-sociais\/\">direitos trabalhistas<\/a> aos motoristas dos aplicativos, como licen\u00e7a m\u00e9dica e outros benef\u00edcios que tornaram-se essenciais durante o per\u00edodo de pandemia causada pelo coronav\u00edrus (Covid-19).<\/p>\n<p>O Estado da Calif\u00f3rnia processou a <strong>Uber<\/strong>\u00a0e\u00a0 <strong>Lyft <\/strong>em maio desse ano sob a acusa\u00e7\u00e3o de violar a lei por parte das empresas por n\u00e3o tratarem seus trabalhadores como empregados formais.<\/p>\n<p>Os aplicativos de transporte urbano declararam que s\u00e3o plataformas que t\u00eam o objetivo de conectar os motoristas com os passageiros e n\u00e3o s\u00e3o empresas de transporte. Portanto, segundo a defesa de ambas, os motoristas n\u00e3o fazem parte do neg\u00f3cio da empresa.<\/p>\n<p><a href=\"https:\/\/www.suno.com.br\/noticias\/lyft-suspende-atividades-california\/\">Saiba Mais: Lyft suspende atividades na Calif\u00f3rnia<\/a><\/p>\n<p>\u201cEm vez disso, o que os pol\u00edticos de Sacramento [capital da Calif\u00f3rnia] est\u00e3o promovendo \u00e9 um modelo de emprego que quatro em cada cinco condutores n\u00e3o apoiam. Essa mudan\u00e7a tamb\u00e9m exigiria uma revis\u00e3o de todo o modelo de neg\u00f3cios, e n\u00e3o \u00e9 um interruptor que pode ser acionado durante a noite\u201d, completou a Lyft.<\/p>\n<p>No total, as a\u00e7\u00f5es da<strong> Uber<\/strong>\u00a0e <strong>Lyft<\/strong>\u00a0ca\u00edram 3,5%\u00a0 e 39,3%, respectivamente em 2020. Enquanto \u00edndice S&amp;P 500 subiu 4,6% desde o come\u00e7o do ano.<\/p>\n\n","protected":false},"excerpt":{"rendered":"<p>O Tribunal de apela\u00e7\u00f5es da Calif\u00f3rnia concedeu, nessa quinta-feira (20), uma suspens\u00e3o de emerg\u00eancia para os aplicativos de transporte urbano, Uber (NYSE: UBER) e Lyft (NASDAQ: LYFT), interrompendo uma decis\u00e3o judicial de primeira inst\u00e2ncia que exigia que as empresas reclassificassem seus motoristas como funcion\u00e1rios at\u00e9 sexta-feira. Uber e Lyft continuar\u00e3o suas opera\u00e7\u00f5es na Calif\u00f3rnia A [&hellip;]<\/p>\n","protected":false},"author":56,"featured_media":79727,"comment_status":"closed","ping_status":"closed","sticky":false,"template":"","format":"standard","meta":[],"categories":[63],"tags":[1209,954],"suno_strategy":[],"class_list":["post-79725","post","type-post","status-publish","format-standard","has-post-thumbnail","hentry","category-internacional","tag-lyft","tag-uber-u1be34"],"yoast_head":"<!-- This site is optimized with the Yoast SEO plugin v24.4 - https:\/\/yoast.com\/wordpress\/plugins\/seo\/ -->\n<title>Uber e Lyft seguir\u00e3o sem reclassifica\u00e7\u00e3o de motoristas<\/title>\n<meta name=\"description\" content=\"Aplicativos Uber e Lyft declararam que continuar\u00e3o suas opera\u00e7\u00f5es na Calif\u00f3rnia ap\u00f3s prorroga\u00e7\u00e3o de lei. Clique aqui para saber mais.\" \/>\n<meta name=\"robots\" content=\"index, follow, max-snippet:-1, max-image-preview:large, max-video-preview:-1\" \/>\n<link rel=\"canonical\" href=\"https:\/\/www.suno.com.br\/noticias\/uber-lyft-reclassificacao-motoristas\/\" \/>\n<meta property=\"og:locale\" content=\"pt_BR\" \/>\n<meta property=\"og:type\" content=\"article\" \/>\n<meta property=\"og:title\" content=\"Uber e Lyft seguir\u00e3o sem reclassifica\u00e7\u00e3o de motoristas\" \/>\n<meta property=\"og:description\" content=\"Aplicativos Uber e Lyft declararam que continuar\u00e3o suas opera\u00e7\u00f5es na Calif\u00f3rnia ap\u00f3s prorroga\u00e7\u00e3o de lei. Clique aqui para saber mais.\" \/>\n<meta property=\"og:url\" content=\"https:\/\/www.suno.com.br\/noticias\/uber-lyft-reclassificacao-motoristas\/\" \/>\n<meta property=\"og:site_name\" content=\"Suno Not\u00edcias\" \/>\n<meta property=\"article:publisher\" content=\"https:\/\/facebook.com\/sunoresearch\" \/>\n<meta property=\"og:image\" content=\"https:\/\/files.sunoresearch.com.br\/n\/uploads\/2020\/08\/a032bab9-40834804294_275a5890d3_b.jpg\" \/>\n\t<meta property=\"og:image:width\" content=\"1024\" \/>\n\t<meta property=\"og:image:height\" content=\"683\" \/>\n\t<meta property=\"og:image:type\" content=\"image\/jpeg\" \/>\n<meta name=\"author\" content=\"Rafaela La Regina\" \/>\n<meta name=\"twitter:card\" content=\"summary_large_image\" \/>\n<meta name=\"twitter:creator\" content=\"@sunoresearch\" \/>\n<meta name=\"twitter:site\" content=\"@sunoresearch\" \/>\n<meta name=\"twitter:label1\" content=\"Escrito por\" \/>\n\t<meta name=\"twitter:data1\" content=\"Rafaela La Regina\" \/>\n\t<meta name=\"twitter:label2\" content=\"Est. tempo de leitura\" \/>\n\t<meta name=\"twitter:data2\" content=\"3 minutos\" \/>\n<script type=\"application\/ld+json\" class=\"yoast-schema-graph\">{\"@context\":\"https:\/\/schema.org\",\"@graph\":[{\"@type\":\"NewsArticle\",\"@id\":\"https:\/\/www.suno.com.br\/noticias\/uber-lyft-reclassificacao-motoristas\/#article\",\"isPartOf\":{\"@id\":\"https:\/\/www.suno.com.br\/noticias\/uber-lyft-reclassificacao-motoristas\/\"},\"author\":{\"name\":\"Rafaela La Regina\",\"@id\":\"https:\/\/www.suno.com.br\/noticias\/#\/schema\/person\/e672ca8cea627fe715fa29bca7da95e0\"},\"headline\":\"Uber e Lyft seguir\u00e3o operando na Calif\u00f3rnia\",\"datePublished\":\"2020-08-20T23:15:39+00:00\",\"dateModified\":\"2020-08-20T23:28:55+00:00\",\"mainEntityOfPage\":{\"@id\":\"https:\/\/www.suno.com.br\/noticias\/uber-lyft-reclassificacao-motoristas\/\"},\"wordCount\":532,\"publisher\":{\"@id\":\"https:\/\/www.suno.com.br\/noticias\/#organization\"},\"image\":{\"@id\":\"https:\/\/www.suno.com.br\/noticias\/uber-lyft-reclassificacao-motoristas\/#primaryimage\"},\"thumbnailUrl\":\"https:\/\/files.sunoresearch.com.br\/n\/uploads\/2020\/08\/a032bab9-40834804294_275a5890d3_b-jpg.webp\",\"keywords\":[\"Lyft\",\"Uber (U1BE34)\"],\"articleSection\":[\"Internacional\"],\"inLanguage\":\"pt-BR\"},{\"@type\":\"WebPage\",\"@id\":\"https:\/\/www.suno.com.br\/noticias\/uber-lyft-reclassificacao-motoristas\/\",\"url\":\"https:\/\/www.suno.com.br\/noticias\/uber-lyft-reclassificacao-motoristas\/\",\"name\":\"Uber e Lyft seguir\u00e3o sem reclassifica\u00e7\u00e3o de motoristas\",\"isPartOf\":{\"@id\":\"https:\/\/www.suno.com.br\/noticias\/#website\"},\"primaryImageOfPage\":{\"@id\":\"https:\/\/www.suno.com.br\/noticias\/uber-lyft-reclassificacao-motoristas\/#primaryimage\"},\"image\":{\"@id\":\"https:\/\/www.suno.com.br\/noticias\/uber-lyft-reclassificacao-motoristas\/#primaryimage\"},\"thumbnailUrl\":\"https:\/\/files.sunoresearch.com.br\/n\/uploads\/2020\/08\/a032bab9-40834804294_275a5890d3_b-jpg.webp\",\"datePublished\":\"2020-08-20T23:15:39+00:00\",\"dateModified\":\"2020-08-20T23:28:55+00:00\",\"description\":\"Aplicativos Uber e Lyft declararam que continuar\u00e3o suas opera\u00e7\u00f5es na Calif\u00f3rnia ap\u00f3s prorroga\u00e7\u00e3o de lei. Clique aqui para saber mais.\",\"breadcrumb\":{\"@id\":\"https:\/\/www.suno.com.br\/noticias\/uber-lyft-reclassificacao-motoristas\/#breadcrumb\"},\"inLanguage\":\"pt-BR\",\"potentialAction\":[{\"@type\":\"ReadAction\",\"target\":[\"https:\/\/www.suno.com.br\/noticias\/uber-lyft-reclassificacao-motoristas\/\"]}]},{\"@type\":\"ImageObject\",\"inLanguage\":\"pt-BR\",\"@id\":\"https:\/\/www.suno.com.br\/noticias\/uber-lyft-reclassificacao-motoristas\/#primaryimage\",\"url\":\"https:\/\/files.sunoresearch.com.br\/n\/uploads\/2020\/08\/a032bab9-40834804294_275a5890d3_b-jpg.webp\",\"contentUrl\":\"https:\/\/files.sunoresearch.com.br\/n\/uploads\/2020\/08\/a032bab9-40834804294_275a5890d3_b-jpg.webp\",\"width\":1024,\"height\":683,\"caption\":\"Uber e Lyft continuar\u00e3o suas opera\u00e7\u00f5es na Calif\u00f3rnia\"},{\"@type\":\"BreadcrumbList\",\"@id\":\"https:\/\/www.suno.com.br\/noticias\/uber-lyft-reclassificacao-motoristas\/#breadcrumb\",\"itemListElement\":[{\"@type\":\"ListItem\",\"position\":1,\"name\":\"Not\u00edcias\",\"item\":\"https:\/\/www.suno.com.br\/noticias\/\"},{\"@type\":\"ListItem\",\"position\":2,\"name\":\"Internacional\",\"item\":\"https:\/\/www.suno.com.br\/noticias\/internacional\/\"},{\"@type\":\"ListItem\",\"position\":3,\"name\":\"Uber e Lyft seguir\u00e3o operando na Calif\u00f3rnia\"}]},{\"@type\":\"WebSite\",\"@id\":\"https:\/\/www.suno.com.br\/noticias\/#website\",\"url\":\"https:\/\/www.suno.com.br\/noticias\/\",\"name\":\"Suno Not\u00edcias\",\"description\":\"Seu portal de informa\u00e7\u00e3o sobre o mundo dos investimentos\",\"publisher\":{\"@id\":\"https:\/\/www.suno.com.br\/noticias\/#organization\"},\"potentialAction\":[{\"@type\":\"SearchAction\",\"target\":{\"@type\":\"EntryPoint\",\"urlTemplate\":\"https:\/\/www.suno.com.br\/noticias\/?s={search_term_string}\"},\"query-input\":{\"@type\":\"PropertyValueSpecification\",\"valueRequired\":true,\"valueName\":\"search_term_string\"}}],\"inLanguage\":\"pt-BR\"},{\"@type\":\"Organization\",\"@id\":\"https:\/\/www.suno.com.br\/noticias\/#organization\",\"name\":\"Suno Not\u00edcias\",\"url\":\"https:\/\/www.suno.com.br\/noticias\/\",\"logo\":{\"@type\":\"ImageObject\",\"inLanguage\":\"pt-BR\",\"@id\":\"https:\/\/www.suno.com.br\/noticias\/#\/schema\/logo\/image\/\",\"url\":\"https:\/\/files.sunoresearch.com.br\/n\/uploads\/2021\/09\/suno-logo.png\",\"contentUrl\":\"https:\/\/files.sunoresearch.com.br\/n\/uploads\/2021\/09\/suno-logo.png\",\"width\":180,\"height\":180,\"caption\":\"Suno Not\u00edcias\"},\"image\":{\"@id\":\"https:\/\/www.suno.com.br\/noticias\/#\/schema\/logo\/image\/\"},\"sameAs\":[\"https:\/\/facebook.com\/sunoresearch\",\"https:\/\/x.com\/sunoresearch\",\"https:\/\/www.instagram.com\/suno\",\"https:\/\/www.linkedin.com\/company\/suno-research\/\",\"https:\/\/www.youtube.com\/c\/sunoresearch\"]},{\"@type\":\"Person\",\"@id\":\"https:\/\/www.suno.com.br\/noticias\/#\/schema\/person\/e672ca8cea627fe715fa29bca7da95e0\",\"name\":\"Rafaela La Regina\",\"image\":{\"@type\":\"ImageObject\",\"inLanguage\":\"pt-BR\",\"@id\":\"https:\/\/www.suno.com.br\/noticias\/#\/schema\/person\/image\/\",\"url\":\"https:\/\/secure.gravatar.com\/avatar\/d2c75a52d243deb93d0465fdcb21bd37?s=96&r=g\",\"contentUrl\":\"https:\/\/secure.gravatar.com\/avatar\/d2c75a52d243deb93d0465fdcb21bd37?s=96&r=g\",\"caption\":\"Rafaela La Regina\"},\"description\":\"Estagi\u00e1ria no Suno Not\u00edcias. Escreve sobre economia, pol\u00edtica e neg\u00f3cios. Estuda Rela\u00e7\u00f5es Internacionais no IBMEC-SP.\",\"url\":\"https:\/\/www.suno.com.br\/noticias\/author\/rafaela-la-regina\/\"}]}<\/script>\n<!-- \/ Yoast SEO plugin. -->","yoast_head_json":{"title":"Uber e Lyft seguir\u00e3o sem reclassifica\u00e7\u00e3o de motoristas","description":"Aplicativos Uber e Lyft declararam que continuar\u00e3o suas opera\u00e7\u00f5es na Calif\u00f3rnia ap\u00f3s prorroga\u00e7\u00e3o de lei. Clique aqui para saber mais.","robots":{"index":"index","follow":"follow","max-snippet":"max-snippet:-1","max-image-preview":"max-image-preview:large","max-video-preview":"max-video-preview:-1"},"canonical":"https:\/\/www.suno.com.br\/noticias\/uber-lyft-reclassificacao-motoristas\/","og_locale":"pt_BR","og_type":"article","og_title":"Uber e Lyft seguir\u00e3o sem reclassifica\u00e7\u00e3o de motoristas","og_description":"Aplicativos Uber e Lyft declararam que continuar\u00e3o suas opera\u00e7\u00f5es na Calif\u00f3rnia ap\u00f3s prorroga\u00e7\u00e3o de lei. Clique aqui para saber mais.","og_url":"https:\/\/www.suno.com.br\/noticias\/uber-lyft-reclassificacao-motoristas\/","og_site_name":"Suno Not\u00edcias","article_publisher":"https:\/\/facebook.com\/sunoresearch","og_image":[{"width":1024,"height":683,"url":"https:\/\/files.sunoresearch.com.br\/n\/uploads\/2020\/08\/a032bab9-40834804294_275a5890d3_b.jpg","type":"image\/jpeg"}],"author":"Rafaela La Regina","twitter_card":"summary_large_image","twitter_creator":"@sunoresearch","twitter_site":"@sunoresearch","twitter_misc":{"Escrito por":"Rafaela La Regina","Est. tempo de leitura":"3 minutos"},"schema":{"@context":"https:\/\/schema.org","@graph":[{"@type":"NewsArticle","@id":"https:\/\/www.suno.com.br\/noticias\/uber-lyft-reclassificacao-motoristas\/#article","isPartOf":{"@id":"https:\/\/www.suno.com.br\/noticias\/uber-lyft-reclassificacao-motoristas\/"},"author":{"name":"Rafaela La Regina","@id":"https:\/\/www.suno.com.br\/noticias\/#\/schema\/person\/e672ca8cea627fe715fa29bca7da95e0"},"headline":"Uber e Lyft seguir\u00e3o operando na Calif\u00f3rnia","datePublished":"2020-08-20T23:15:39+00:00","dateModified":"2020-08-20T23:28:55+00:00","mainEntityOfPage":{"@id":"https:\/\/www.suno.com.br\/noticias\/uber-lyft-reclassificacao-motoristas\/"},"wordCount":532,"publisher":{"@id":"https:\/\/www.suno.com.br\/noticias\/#organization"},"image":{"@id":"https:\/\/www.suno.com.br\/noticias\/uber-lyft-reclassificacao-motoristas\/#primaryimage"},"thumbnailUrl":"https:\/\/files.sunoresearch.com.br\/n\/uploads\/2020\/08\/a032bab9-40834804294_275a5890d3_b-jpg.webp","keywords":["Lyft","Uber (U1BE34)"],"articleSection":["Internacional"],"inLanguage":"pt-BR"},{"@type":"WebPage","@id":"https:\/\/www.suno.com.br\/noticias\/uber-lyft-reclassificacao-motoristas\/","url":"https:\/\/www.suno.com.br\/noticias\/uber-lyft-reclassificacao-motoristas\/","name":"Uber e Lyft seguir\u00e3o sem reclassifica\u00e7\u00e3o de motoristas","isPartOf":{"@id":"https:\/\/www.suno.com.br\/noticias\/#website"},"primaryImageOfPage":{"@id":"https:\/\/www.suno.com.br\/noticias\/uber-lyft-reclassificacao-motoristas\/#primaryimage"},"image":{"@id":"https:\/\/www.suno.com.br\/noticias\/uber-lyft-reclassificacao-motoristas\/#primaryimage"},"thumbnailUrl":"https:\/\/files.sunoresearch.com.br\/n\/uploads\/2020\/08\/a032bab9-40834804294_275a5890d3_b-jpg.webp","datePublished":"2020-08-20T23:15:39+00:00","dateModified":"2020-08-20T23:28:55+00:00","description":"Aplicativos Uber e Lyft declararam que continuar\u00e3o suas opera\u00e7\u00f5es na Calif\u00f3rnia ap\u00f3s prorroga\u00e7\u00e3o de lei. Clique aqui para saber mais.","breadcrumb":{"@id":"https:\/\/www.suno.com.br\/noticias\/uber-lyft-reclassificacao-motoristas\/#breadcrumb"},"inLanguage":"pt-BR","potentialAction":[{"@type":"ReadAction","target":["https:\/\/www.suno.com.br\/noticias\/uber-lyft-reclassificacao-motoristas\/"]}]},{"@type":"ImageObject","inLanguage":"pt-BR","@id":"https:\/\/www.suno.com.br\/noticias\/uber-lyft-reclassificacao-motoristas\/#primaryimage","url":"https:\/\/files.sunoresearch.com.br\/n\/uploads\/2020\/08\/a032bab9-40834804294_275a5890d3_b-jpg.webp","contentUrl":"https:\/\/files.sunoresearch.com.br\/n\/uploads\/2020\/08\/a032bab9-40834804294_275a5890d3_b-jpg.webp","width":1024,"height":683,"caption":"Uber e Lyft continuar\u00e3o suas opera\u00e7\u00f5es na Calif\u00f3rnia"},{"@type":"BreadcrumbList","@id":"https:\/\/www.suno.com.br\/noticias\/uber-lyft-reclassificacao-motoristas\/#breadcrumb","itemListElement":[{"@type":"ListItem","position":1,"name":"Not\u00edcias","item":"https:\/\/www.suno.com.br\/noticias\/"},{"@type":"ListItem","position":2,"name":"Internacional","item":"https:\/\/www.suno.com.br\/noticias\/internacional\/"},{"@type":"ListItem","position":3,"name":"Uber e Lyft seguir\u00e3o operando na Calif\u00f3rnia"}]},{"@type":"WebSite","@id":"https:\/\/www.suno.com.br\/noticias\/#website","url":"https:\/\/www.suno.com.br\/noticias\/","name":"Suno Not\u00edcias","description":"Seu portal de informa\u00e7\u00e3o sobre o mundo dos investimentos","publisher":{"@id":"https:\/\/www.suno.com.br\/noticias\/#organization"},"potentialAction":[{"@type":"SearchAction","target":{"@type":"EntryPoint","urlTemplate":"https:\/\/www.suno.com.br\/noticias\/?s={search_term_string}"},"query-input":{"@type":"PropertyValueSpecification","valueRequired":true,"valueName":"search_term_string"}}],"inLanguage":"pt-BR"},{"@type":"Organization","@id":"https:\/\/www.suno.com.br\/noticias\/#organization","name":"Suno Not\u00edcias","url":"https:\/\/www.suno.com.br\/noticias\/","logo":{"@type":"ImageObject","inLanguage":"pt-BR","@id":"https:\/\/www.suno.com.br\/noticias\/#\/schema\/logo\/image\/","url":"https:\/\/files.sunoresearch.com.br\/n\/uploads\/2021\/09\/suno-logo.png","contentUrl":"https:\/\/files.sunoresearch.com.br\/n\/uploads\/2021\/09\/suno-logo.png","width":180,"height":180,"caption":"Suno Not\u00edcias"},"image":{"@id":"https:\/\/www.suno.com.br\/noticias\/#\/schema\/logo\/image\/"},"sameAs":["https:\/\/facebook.com\/sunoresearch","https:\/\/x.com\/sunoresearch","https:\/\/www.instagram.com\/suno","https:\/\/www.linkedin.com\/company\/suno-research\/","https:\/\/www.youtube.com\/c\/sunoresearch"]},{"@type":"Person","@id":"https:\/\/www.suno.com.br\/noticias\/#\/schema\/person\/e672ca8cea627fe715fa29bca7da95e0","name":"Rafaela La Regina","image":{"@type":"ImageObject","inLanguage":"pt-BR","@id":"https:\/\/www.suno.com.br\/noticias\/#\/schema\/person\/image\/","url":"https:\/\/secure.gravatar.com\/avatar\/d2c75a52d243deb93d0465fdcb21bd37?s=96&r=g","contentUrl":"https:\/\/secure.gravatar.com\/avatar\/d2c75a52d243deb93d0465fdcb21bd37?s=96&r=g","caption":"Rafaela La Regina"},"description":"Estagi\u00e1ria no Suno Not\u00edcias. Escreve sobre economia, pol\u00edtica e neg\u00f3cios. Estuda Rela\u00e7\u00f5es Internacionais no IBMEC-SP.","url":"https:\/\/www.suno.com.br\/noticias\/author\/rafaela-la-regina\/"}]}},"default_loop_html":"<div class=\"cardsPage__listCard__boxs\"><div class=\"cardsPage__listCard__boxs__img\"><a href=\"https:\/\/www.suno.com.br\/noticias\/uber-lyft-reclassificacao-motoristas\/\"><img class=\"mask\" src=\"https:\/\/www.suno.com.br\/noticias\/wp-content\/themes\/suno\/resources\/images\/spotlight\/spotlight1img\/bg-mask.png\" alt=\"Image Mask\"\/><img src=\"https:\/\/files.sunoresearch.com.br\/n\/uploads\/2020\/08\/a032bab9-40834804294_275a5890d3_b-400x200.webp\" alt=\"Uber e Lyft seguir\u00e3o operando na Calif\u00f3rnia\"\/><\/a><span class=\"spotlightCategory\"><a href=\"https:\/\/www.suno.com.br\/noticias\/internacional\/\">Internacional<\/a><\/span><\/div><div class=\"cardsPage__listCard__boxs__content\"><a href=\"https:\/\/www.suno.com.br\/noticias\/uber-lyft-reclassificacao-motoristas\/\"><h2 class=\"content__title\">Uber e Lyft seguir\u00e3o operando na Calif\u00f3rnia<\/h2><\/a><div class=\"newsContent__article__meta\"><div class=\"newsContent__article__meta__authorBox\"><a href=\"https:\/\/www.suno.com.br\/noticias\/author\/rafaela-la-regina\/\" class=\"authorBox__avatar noMobi\"><img src=\"https:\/\/secure.gravatar.com\/avatar\/d2c75a52d243deb93d0465fdcb21bd37?s=96&#038;r=g\" alt=\"Rafaela La Regina\"><\/a><div class=\"authorBox__name\"><span>por\n\t\t\t<a href=\"https:\/\/www.suno.com.br\/noticias\/author\/rafaela-la-regina\/\"><span itemprop=\"author\">Rafaela La Regina<\/span><\/a><\/span><time datetime=\"2020-08-20T20:15:39-03:00\" itemprop=\"datePublished\">20\/08\/2020 20:15<\/time><\/div><\/div><\/div><\/div><\/div>","single_layout":"posts","amp_enabled":true,"_links":{"self":[{"href":"https:\/\/www.suno.com.br\/noticias\/wp-json\/wp\/v2\/posts\/79725"}],"collection":[{"href":"https:\/\/www.suno.com.br\/noticias\/wp-json\/wp\/v2\/posts"}],"about":[{"href":"https:\/\/www.suno.com.br\/noticias\/wp-json\/wp\/v2\/types\/post"}],"author":[{"embeddable":true,"href":"https:\/\/www.suno.com.br\/noticias\/wp-json\/wp\/v2\/users\/56"}],"replies":[{"embeddable":true,"href":"https:\/\/www.suno.com.br\/noticias\/wp-json\/wp\/v2\/comments?post=79725"}],"version-history":[{"count":0,"href":"https:\/\/www.suno.com.br\/noticias\/wp-json\/wp\/v2\/posts\/79725\/revisions"}],"wp:featuredmedia":[{"embeddable":true,"href":"https:\/\/www.suno.com.br\/noticias\/wp-json\/wp\/v2\/media\/79727"}],"wp:attachment":[{"href":"https:\/\/www.suno.com.br\/noticias\/wp-json\/wp\/v2\/media?parent=79725"}],"wp:term":[{"taxonomy":"category","embeddable":true,"href":"https:\/\/www.suno.com.br\/noticias\/wp-json\/wp\/v2\/categories?post=79725"},{"taxonomy":"post_tag","embeddable":true,"href":"https:\/\/www.suno.com.br\/noticias\/wp-json\/wp\/v2\/tags?post=79725"},{"taxonomy":"suno_strategy","embeddable":true,"href":"https:\/\/www.suno.com.br\/noticias\/wp-json\/wp\/v2\/suno_strategy?post=79725"}],"curies":[{"name":"wp","href":"https:\/\/api.w.org\/{rel}","templated":true}]}}