{"id":79694,"date":"2020-08-20T17:29:46","date_gmt":"2020-08-20T20:29:46","guid":{"rendered":"https:\/\/www.suno.com.br\/noticias\/?p=79694"},"modified":"2021-05-29T20:32:21","modified_gmt":"2021-05-29T23:32:21","slug":"ibovespa-recupera-encerra-pregao-alta-20082020","status":"publish","type":"post","link":"https:\/\/www.suno.com.br\/noticias\/ibovespa-recupera-encerra-pregao-alta-20082020\/","title":{"rendered":"Ibovespa se recupera e encerra o preg\u00e3o em alta de 0,61%"},"content":{"rendered":"<p>O\u00a0<span style=\"font-weight: 700 !important;\"><a href=\"https:\/\/www.suno.com.br\/artigos\/ibovespa\/\">Ibovespa<\/a>\u00a0<\/span>encerrou o preg\u00e3o desta quinta-feira (20) em alta de 0,61%, a 101.467,87 pontos, o mercado continua atento ao andamento da pandemia do <a href=\"https:\/\/www.suno.com.br\/noticias\/?s=coronav%C3%ADrus\">coronav\u00edrus (covid-19)<\/a> no mundo.<\/p>\t<div class=\"wrapper-featured-image\">\n\t\t<figure class=\"spotlightImg\">\n\n\t\t\t<picture>\n\t\t\t\t<source media=\"(max-width: 768px)\" srcset=\"https:\/\/files.sunoresearch.com.br\/n\/uploads\/2020\/08\/2b971df5-ibovespa-400x200.webp\">\n\t\t\t\t<img loading=\"lazy\" decoding=\"async\" class=\"newsContent__article__imgCapa lazyloadDisabled \" src=\"https:\/\/files.sunoresearch.com.br\/n\/uploads\/2020\/08\/2b971df5-ibovespa-800x450.webp\" width=\"800\" height=\"450\" alt=\"Ibovespa se recupera e encerra o preg\u00e3o em alta de 0,61%\" fetchpriority=high \/>\n\t\t\t<\/picture>\n\n\t\t\t<figcaption class=\"wp-caption-text wp-caption-text--show\">O Ibovespa\u00a0encerrou as negocia\u00e7\u00f5es na \u00faltima quinta-feira com uma alta de 2,95%, a 100.750,859 pontos.<\/figcaption>\n\t\t<\/figure>\n\t<\/div>\n\n\n\n<p>O Ibovespa hoje variava negativamente 0,9% pela manh\u00e3, a 99.995,680 pontos. O maior \u00edndice acion\u00e1rio da\u00a0<a href=\"https:\/\/www.suno.com.br\/artigos\/b3\/\">Bolsa de Valores de S\u00e3o Paulo (B3)<\/a> n\u00e3o operava abaixo de tal marca desde 13 de julho. Enquanto o mercado seguia as bolsas internacionais, que tamb\u00e9m operavam no vermelho; investidores mostram-se preocupados com a situa\u00e7\u00e3o fiscal do pa\u00eds.<\/p>\n<p>Al\u00e9m disso, investidores no Brasil mostram-se receosos com a situa\u00e7\u00e3o da economia global, acentuada pelas perspectivas do <a href=\"https:\/\/www.suno.com.br\/artigos\/fed\/\">Federal Reserve (Fed)<\/a>, Banco Central dos Estados Unidos, apresentadas na \u00faltima quarta-feira (19). A autoridade monet\u00e1ria norte-americana afirmou que a economia ainda necessitar\u00e1 de um maior suporte, em raz\u00e3o dos impactos do novo coronav\u00edrus.<\/p>\n<p><a href=\"https:\/\/lp.suno.com.br\/suno-one\/\">Conhe\u00e7a o Suno One, a central gratuita de informa\u00e7\u00f5es da Suno para quem quer aprender a investir. Acesse clicando aqui.<\/a><\/p>\n<p>No exterior, o mercado foi misto nesta quinta-feira. O <a href=\"https:\/\/www.suno.com.br\/artigos\/sp-500\/\"><strong>S&amp;P 500<\/strong><\/a> subiu cerca de 0,32%, enquanto o <strong><a href=\"https:\/\/www.suno.com.br\/artigos\/nasdaq-composite\/\">Nasdaq Composite<\/a> <\/strong>registrou uma queda de 1,06%. As a\u00e7\u00f5es tiveram um dia vol\u00e1til em <a href=\"https:\/\/www.suno.com.br\/artigos\/wall-street\/\">Wall Street<\/a>, ap\u00f3s iniciar o preg\u00e3o em forte queda. O mercado se assustou com a divulga\u00e7\u00e3o do <a href=\"https:\/\/www.suno.com.br\/noticias\/eua-retornam-a-registrar-mais-de-1-milhao-de-pedidos-de-seguro-desemprego-20082020\/\">n\u00famero de pedidos de <strong>seguro-desemprego<\/strong> nos <strong>EUA<\/strong><\/a>, por\u00e9m se recuperou ao longo do dia.<\/p>\n<p>Confira as principais not\u00edcias que movimentaram o mercado nessa quinta-feira:<\/p>\n<ul>\n<li><strong>IRB Brasil<\/strong> (IRBR3) indica novo vice-presidente de riscos;<\/li>\n<li><strong>Localiza<\/strong> (RENT3) anuncia rescis\u00e3o com a marca <strong>Hertz<\/strong>;<\/li>\n<li><strong>Dimed<\/strong> (PNVL3), dona da <strong>Panvel<\/strong>, anuncia recompra de a\u00e7\u00f5es;<\/li>\n<li><strong>BNDES<\/strong> aprova cr\u00e9dito de R$ 360 milh\u00f5es para grupo <strong>JSL<\/strong> (JSLG3);<\/li>\n<\/ul>\n<h2 class=\"entry-title typescale-5\">IRB Brasil (IRBR3) indica novo vice-presidente de riscos<\/h2>\n<p>O\u00a0<a href=\"https:\/\/www.suno.com.br\/acoes\/irbr3\/\"><strong>IRB Brasil<\/strong>\u00a0Resseguros (IRBR3)<\/a>\u00a0comunicou ao mercado a indica\u00e7\u00e3o do novo vice-presidente executivo de riscos e conformidade, Carlos Guerra.<\/p>\n<div class=\"wrapper leadCapture\">\n<div class=\"leadCapture__img\">\n<p>De acordo com o documento, o novo executivo do IRB Brasil acumula quase 30 anos de experi\u00eancia nas \u00e1reas jur\u00eddica, comercial, de controles internos, financeira, administrativa e previdenci\u00e1ria.<\/p>\n<\/div>\n<\/div>\n<p><a href=\"https:\/\/www.suno.com.br\/noticias\/irb-brasil-irbr3-indica-guerra-como-novo-vice-presidente-de-riscos\/\">Saiba mais: IRB Brasil (IRBR3) indica novo vice-presidente de riscos<\/a><\/p>\n<p>\u201cA vice-presid\u00eancia liderada por Guerra ser\u00e1 composta pela vice-presid\u00eancia n\u00e3o estatut\u00e1ria de Rela\u00e7\u00f5es Institucionais, pelas ger\u00eancias de riscos corporativos, de compliance e de suporte aos \u00f3rg\u00e3os de governan\u00e7a, bem como passar\u00e1 a ser respons\u00e1vel, inclusive, pela diretoria jur\u00eddica da companhia\u201d, informou a IRB.<\/p>\n<h2 class=\"entry-title typescale-5\">Not\u00edcias relacionadas \u00e0 Localiza movimentaram o Ibovespa hoje<\/h2>\n<p>A\u00a0<a href=\"https:\/\/www.suno.com.br\/acoes\/rent3\/\"><strong>Localiza<\/strong>\u00a0Rent a Car (RENT3)<\/a> anunciou ao mercado e aos seus acionistas que a Localiza e sua controlada, Car Rental Systems S.A., assinaram, na \u00faltima quarta-feira (19), com The Hertz Corporation e Hertz Systems, Inc., o instrumento de rescis\u00e3o dos contratos de coopera\u00e7\u00e3o de marcas (Brand Cooperation Agreement) e de encaminhamento de clientes (Referral Agreements).<\/p>\n<p><a href=\"https:\/\/www.suno.com.br\/noticias\/localiza-rent3-recisao-marca-hertz\/\">Saiba mais: Localiza (RENT3) anuncia rescis\u00e3o com a marca Hertz<\/a><\/p>\n<p>A rescis\u00e3o prev\u00ea um plano de transi\u00e7\u00e3o de pelo menos seis meses e a implementa\u00e7\u00e3o da rescis\u00e3o depende da aprova\u00e7\u00e3o da corte norte-americana respons\u00e1vel pelo processo de recupera\u00e7\u00e3o judicial da Hertz. A Localiza informou que todas as reservas ser\u00e3o preservadas, assim como o atendimento aos clientes.<\/p>\n<h2>Dimed (PNVL3), dona da Panvel, anuncia recompra de a\u00e7\u00f5es<\/h2>\n<p>A\u00a0<a href=\"https:\/\/www.suno.com.br\/acoes\/pnvl3\/\"><strong>Dimed<\/strong>\u00a0(PNVL3)<\/a>, controladora da rede de farm\u00e1cias Panvel, anunciou, na \u00faltima quarta-feira (19), um programa de\u00a0<a href=\"https:\/\/www.suno.com.br\/artigos\/recompra-de-acoes\/#:~:text=A%20recompra%20de%20a%C3%A7%C3%B5es%20%C3%A9,irracional%20de%20queda%20nos%20mercados.\">recompra de at\u00e9 dois milh\u00f5es de a\u00e7\u00f5es ordin\u00e1rias<\/a> de sua emiss\u00e3o. A informa\u00e7\u00e3o foi divulgada por meio de um fato relevante.<\/p>\n<p>Segundo a companhia, a opera\u00e7\u00e3o ainda contempla a possibilidade de\u00a0<strong>recompra<\/strong>\u00a0de 240 mil pap\u00e9is preferenciais. A Dimed informou que o prazo para a recompra ser\u00e1 iniciado no dia 28 de agosto, e ser\u00e1 encerrado em 27 de agosto de 2021.<\/p>\n<p><a href=\"https:\/\/www.suno.com.br\/noticias\/dimed-pnvl3-anuncia-recompra-acoes\/\">Saiba mais: Dimed (PNVL3), dona da Panvel, anuncia recompra de a\u00e7\u00f5es<\/a><\/p>\n<p>A empresa disse que o objetivo da recompra \u00e9 \u201cmaximizar a\u00a0<strong>gera\u00e7\u00e3o de valor<\/strong>\u00a0para os acionistas, a partir de uma estrutura de capital adequada combinada com o crescimento dos resultados e proventos por a\u00e7\u00f5es\u201d. Al\u00e9m disso, est\u00e1 na pauta a \u201cviabiliza\u00e7\u00e3o da implementa\u00e7\u00e3o de eventuais planos de incentivo de longo prazo a serem deliberados pelos acionistas no \u00e2mbito da companhia por meio dos quais executivos venham a receber a\u00e7\u00f5es de emiss\u00e3o da companhia\u201d.<\/p>\n<h2>BNDES aprova cr\u00e9dito de R$ 360 milh\u00f5es para grupo JSL (JSLG3)<\/h2>\n<p>O<a href=\"https:\/\/www.suno.com.br\/artigos\/bndes\/\">\u00a0Banco Nacional de Desenvolvimento Econ\u00f4mico e Social (<strong>BNDES<\/strong>)<\/a>\u00a0aprovou nesta quinta-feira (20) R$ 360 milh\u00f5es em linhas de cr\u00e9ditos para o grupo\u00a0<a href=\"https:\/\/www.suno.com.br\/acoes\/jslg3\/\"><strong>JSL<\/strong>\u00a0(JSLG3)<\/a>.<\/p>\n<p>Ao todo, s\u00e3o tr\u00eas empresas pertencentes do grupo que fazem parte da opera\u00e7\u00e3o. A pr\u00f3pria JSL vai receber R$ 200 milh\u00f5es, a controlada de loca\u00e7\u00e3o de ve\u00edculos Vamos receber\u00e1 R$ 130 milh\u00f5es e a CS Brasil os outros R$ 30 milh\u00f5es<\/p>\n<p><a href=\"https:\/\/www.suno.com.br\/noticias\/bndes-aprova-credito-de-r-360-milhoes-para-grupo-jsl-jslg3\/\">Saiba mais: BNDES aprova cr\u00e9dito de R$ 360 milh\u00f5es para grupo JSL (JSLG3)<\/a><\/p>\n<p>O an\u00fancio sobre o empr\u00e9stimo foi feito ap\u00f3s a Vamos anunciar a compra de 1.350 caminh\u00f5es, o maior pedido j\u00e1 feito por um \u00fanico cliente.<\/p>\n<h2>Confira as bolsas globais<\/h2>\n<p>EUA: <a href=\"https:\/\/www.suno.com.br\/artigos\/indice-dow-jones-djia\/\"><strong>DJIA <\/strong><\/a>+1,06%<br \/>\nReino Unido: <a href=\"https:\/\/www.google.com\/url?sa=t&amp;rct=j&amp;q=&amp;esrc=s&amp;source=web&amp;cd=&amp;cad=rja&amp;uact=8&amp;ved=2ahUKEwieio_Doe7qAhWdmHIEHVBZCY0QFjAAegQIBRAB&amp;url=https%3A%2F%2Fwww.suno.com.br%2Fartigos%2Fftse-100%2F&amp;usg=AOvVaw2hfgg97JaVyFOuHz81HKh9\"><strong>FTSE 100<\/strong><\/a> -1,61%<br \/>\nJap\u00e3o: <a href=\"https:\/\/www.google.com\/url?sa=t&amp;rct=j&amp;q=&amp;esrc=s&amp;source=web&amp;cd=&amp;cad=rja&amp;uact=8&amp;ved=2ahUKEwjs1vzKoe7qAhXXhHIEHbKZB-AQFjAAegQIAxAB&amp;url=https%3A%2F%2Fwww.suno.com.br%2Fartigos%2Fnikkei-225%2F&amp;usg=AOvVaw1USPHHLqtyIZ-4vqtjspaH\"><strong>Nikkei<\/strong><\/a> -1,00%<br \/>\nFran\u00e7a: <a href=\"https:\/\/www.google.com\/url?sa=t&amp;rct=j&amp;q=&amp;esrc=s&amp;source=web&amp;cd=&amp;cad=rja&amp;uact=8&amp;ved=2ahUKEwiH4aDboe7qAhVKl3IEHbArBSIQFjAAegQIBRAB&amp;url=https%3A%2F%2Fwww.suno.com.br%2Fartigos%2Fcac-40%2F&amp;usg=AOvVaw19nL3u7wgVxunJrJXe5Lr-\"><strong>CAC 40<\/strong><\/a> -1,33%<\/p>\n<h2>\u00daltima cota\u00e7\u00e3o do Ibovespa<\/h2>\n<p>Na \u00faltima sess\u00e3o, quarta-feira (19), o <strong>Ibovespa<\/strong> encerrou em queda de 1,19%, a 100.853,72 pontos.<\/p>\n\n","protected":false},"excerpt":{"rendered":"<p>O\u00a0Ibovespa\u00a0encerrou o preg\u00e3o desta quinta-feira (20) em alta de 0,61%, a 101.467,87 pontos, o mercado continua atento ao andamento da pandemia do coronav\u00edrus (covid-19) no mundo. O Ibovespa\u00a0encerrou as negocia\u00e7\u00f5es na \u00faltima quinta-feira com uma alta de 2,95%, a 100.750,859 pontos. O Ibovespa hoje variava negativamente 0,9% pela manh\u00e3, a 99.995,680 pontos. O maior \u00edndice [&hellip;]<\/p>\n","protected":false},"author":44,"featured_media":77615,"comment_status":"closed","ping_status":"closed","sticky":false,"template":"","format":"standard","meta":[],"categories":[60],"tags":[757,445,721,1813,526,4065],"suno_strategy":[],"class_list":["post-79694","post","type-post","status-publish","format-standard","has-post-thumbnail","hentry","category-mercado","tag-bndes","tag-dimed-pnvl3-pnvl4","tag-ibovespa","tag-irb-brasil-irbr3","tag-jsl-jslg11-jslg3","tag-localiza-rent3"],"yoast_head":"<!-- This site is optimized with the Yoast SEO plugin v24.4 - https:\/\/yoast.com\/wordpress\/plugins\/seo\/ -->\n<title>Ibovespa se recupera e encerra o preg\u00e3o em alta de 0,61%<\/title>\n<meta name=\"description\" content=\"O\u00a0Ibovespa\u00a0encerrou o preg\u00e3o em alta de 0,61%, o mercado continua atento ao andamento da pandemia do coronav\u00edrus. Clique para ver mais.\" \/>\n<meta name=\"robots\" content=\"index, follow, max-snippet:-1, max-image-preview:large, max-video-preview:-1\" \/>\n<link rel=\"canonical\" href=\"https:\/\/www.suno.com.br\/noticias\/ibovespa-recupera-encerra-pregao-alta-20082020\/\" \/>\n<meta property=\"og:locale\" content=\"pt_BR\" \/>\n<meta property=\"og:type\" content=\"article\" \/>\n<meta property=\"og:title\" content=\"Ibovespa se recupera e encerra o preg\u00e3o em alta de 0,61%\" \/>\n<meta property=\"og:description\" content=\"O\u00a0Ibovespa\u00a0encerrou o preg\u00e3o em alta de 0,61%, o mercado continua atento ao andamento da pandemia do coronav\u00edrus. Clique para ver mais.\" \/>\n<meta property=\"og:url\" content=\"https:\/\/www.suno.com.br\/noticias\/ibovespa-recupera-encerra-pregao-alta-20082020\/\" \/>\n<meta property=\"og:site_name\" content=\"Suno Not\u00edcias\" \/>\n<meta property=\"article:publisher\" content=\"https:\/\/facebook.com\/sunoresearch\" \/>\n<meta property=\"og:image\" content=\"https:\/\/files.sunoresearch.com.br\/n\/uploads\/2020\/08\/2b971df5-ibovespa.jpg\" \/>\n\t<meta property=\"og:image:width\" content=\"2000\" \/>\n\t<meta property=\"og:image:height\" content=\"1333\" \/>\n\t<meta property=\"og:image:type\" content=\"image\/jpeg\" \/>\n<meta name=\"author\" content=\"Daniel Guimar\u00e3es\" \/>\n<meta name=\"twitter:card\" content=\"summary_large_image\" \/>\n<meta name=\"twitter:creator\" content=\"@sunoresearch\" \/>\n<meta name=\"twitter:site\" content=\"@sunoresearch\" \/>\n<meta name=\"twitter:label1\" content=\"Escrito por\" \/>\n\t<meta name=\"twitter:data1\" content=\"Daniel Guimar\u00e3es\" \/>\n\t<meta name=\"twitter:label2\" content=\"Est. tempo de leitura\" \/>\n\t<meta name=\"twitter:data2\" content=\"4 minutos\" \/>\n<script type=\"application\/ld+json\" class=\"yoast-schema-graph\">{\"@context\":\"https:\/\/schema.org\",\"@graph\":[{\"@type\":\"NewsArticle\",\"@id\":\"https:\/\/www.suno.com.br\/noticias\/ibovespa-recupera-encerra-pregao-alta-20082020\/#article\",\"isPartOf\":{\"@id\":\"https:\/\/www.suno.com.br\/noticias\/ibovespa-recupera-encerra-pregao-alta-20082020\/\"},\"author\":{\"name\":\"Daniel Guimar\u00e3es\",\"@id\":\"https:\/\/www.suno.com.br\/noticias\/#\/schema\/person\/a7796c19fcf6bafd03b9a2fa1fd9ae20\"},\"headline\":\"Ibovespa se recupera e encerra o preg\u00e3o em alta de 0,61%\",\"datePublished\":\"2020-08-20T20:29:46+00:00\",\"dateModified\":\"2021-05-29T23:32:21+00:00\",\"mainEntityOfPage\":{\"@id\":\"https:\/\/www.suno.com.br\/noticias\/ibovespa-recupera-encerra-pregao-alta-20082020\/\"},\"wordCount\":898,\"publisher\":{\"@id\":\"https:\/\/www.suno.com.br\/noticias\/#organization\"},\"image\":{\"@id\":\"https:\/\/www.suno.com.br\/noticias\/ibovespa-recupera-encerra-pregao-alta-20082020\/#primaryimage\"},\"thumbnailUrl\":\"https:\/\/files.sunoresearch.com.br\/n\/uploads\/2020\/08\/2b971df5-ibovespa-jpg.webp\",\"keywords\":[\"BNDES\",\"DIMED (PNVL3\/PNVL4)\",\"Ibovespa\",\"IRB Brasil (IRBR3)\",\"JSL (JSL11\/JSLG3)\",\"Localiza (RENT3)\"],\"articleSection\":[\"Mercado\"],\"inLanguage\":\"pt-BR\"},{\"@type\":\"WebPage\",\"@id\":\"https:\/\/www.suno.com.br\/noticias\/ibovespa-recupera-encerra-pregao-alta-20082020\/\",\"url\":\"https:\/\/www.suno.com.br\/noticias\/ibovespa-recupera-encerra-pregao-alta-20082020\/\",\"name\":\"Ibovespa se recupera e encerra o preg\u00e3o em alta de 0,61%\",\"isPartOf\":{\"@id\":\"https:\/\/www.suno.com.br\/noticias\/#website\"},\"primaryImageOfPage\":{\"@id\":\"https:\/\/www.suno.com.br\/noticias\/ibovespa-recupera-encerra-pregao-alta-20082020\/#primaryimage\"},\"image\":{\"@id\":\"https:\/\/www.suno.com.br\/noticias\/ibovespa-recupera-encerra-pregao-alta-20082020\/#primaryimage\"},\"thumbnailUrl\":\"https:\/\/files.sunoresearch.com.br\/n\/uploads\/2020\/08\/2b971df5-ibovespa-jpg.webp\",\"datePublished\":\"2020-08-20T20:29:46+00:00\",\"dateModified\":\"2021-05-29T23:32:21+00:00\",\"description\":\"O\u00a0Ibovespa\u00a0encerrou o preg\u00e3o em alta de 0,61%, o mercado continua atento ao andamento da pandemia do coronav\u00edrus. Clique para ver mais.\",\"breadcrumb\":{\"@id\":\"https:\/\/www.suno.com.br\/noticias\/ibovespa-recupera-encerra-pregao-alta-20082020\/#breadcrumb\"},\"inLanguage\":\"pt-BR\",\"potentialAction\":[{\"@type\":\"ReadAction\",\"target\":[\"https:\/\/www.suno.com.br\/noticias\/ibovespa-recupera-encerra-pregao-alta-20082020\/\"]}]},{\"@type\":\"ImageObject\",\"inLanguage\":\"pt-BR\",\"@id\":\"https:\/\/www.suno.com.br\/noticias\/ibovespa-recupera-encerra-pregao-alta-20082020\/#primaryimage\",\"url\":\"https:\/\/files.sunoresearch.com.br\/n\/uploads\/2020\/08\/2b971df5-ibovespa-jpg.webp\",\"contentUrl\":\"https:\/\/files.sunoresearch.com.br\/n\/uploads\/2020\/08\/2b971df5-ibovespa-jpg.webp\",\"width\":2000,\"height\":1333,\"caption\":\"O Ibovespa\u00a0encerrou as negocia\u00e7\u00f5es na \u00faltima quinta-feira com uma alta de 2,95%, a 100.750,859 pontos.\"},{\"@type\":\"BreadcrumbList\",\"@id\":\"https:\/\/www.suno.com.br\/noticias\/ibovespa-recupera-encerra-pregao-alta-20082020\/#breadcrumb\",\"itemListElement\":[{\"@type\":\"ListItem\",\"position\":1,\"name\":\"Not\u00edcias\",\"item\":\"https:\/\/www.suno.com.br\/noticias\/\"},{\"@type\":\"ListItem\",\"position\":2,\"name\":\"Mercado\",\"item\":\"https:\/\/www.suno.com.br\/noticias\/mercado\/\"},{\"@type\":\"ListItem\",\"position\":3,\"name\":\"Ibovespa se recupera e encerra o preg\u00e3o em alta de 0,61%\"}]},{\"@type\":\"WebSite\",\"@id\":\"https:\/\/www.suno.com.br\/noticias\/#website\",\"url\":\"https:\/\/www.suno.com.br\/noticias\/\",\"name\":\"Suno Not\u00edcias\",\"description\":\"Seu portal de informa\u00e7\u00e3o sobre o mundo dos investimentos\",\"publisher\":{\"@id\":\"https:\/\/www.suno.com.br\/noticias\/#organization\"},\"potentialAction\":[{\"@type\":\"SearchAction\",\"target\":{\"@type\":\"EntryPoint\",\"urlTemplate\":\"https:\/\/www.suno.com.br\/noticias\/?s={search_term_string}\"},\"query-input\":{\"@type\":\"PropertyValueSpecification\",\"valueRequired\":true,\"valueName\":\"search_term_string\"}}],\"inLanguage\":\"pt-BR\"},{\"@type\":\"Organization\",\"@id\":\"https:\/\/www.suno.com.br\/noticias\/#organization\",\"name\":\"Suno Not\u00edcias\",\"url\":\"https:\/\/www.suno.com.br\/noticias\/\",\"logo\":{\"@type\":\"ImageObject\",\"inLanguage\":\"pt-BR\",\"@id\":\"https:\/\/www.suno.com.br\/noticias\/#\/schema\/logo\/image\/\",\"url\":\"https:\/\/files.sunoresearch.com.br\/n\/uploads\/2021\/09\/suno-logo.png\",\"contentUrl\":\"https:\/\/files.sunoresearch.com.br\/n\/uploads\/2021\/09\/suno-logo.png\",\"width\":180,\"height\":180,\"caption\":\"Suno Not\u00edcias\"},\"image\":{\"@id\":\"https:\/\/www.suno.com.br\/noticias\/#\/schema\/logo\/image\/\"},\"sameAs\":[\"https:\/\/facebook.com\/sunoresearch\",\"https:\/\/x.com\/sunoresearch\",\"https:\/\/www.instagram.com\/suno\",\"https:\/\/www.linkedin.com\/company\/suno-research\/\",\"https:\/\/www.youtube.com\/c\/sunoresearch\"]},{\"@type\":\"Person\",\"@id\":\"https:\/\/www.suno.com.br\/noticias\/#\/schema\/person\/a7796c19fcf6bafd03b9a2fa1fd9ae20\",\"name\":\"Daniel Guimar\u00e3es\",\"image\":{\"@type\":\"ImageObject\",\"inLanguage\":\"pt-BR\",\"@id\":\"https:\/\/www.suno.com.br\/noticias\/#\/schema\/person\/image\/\",\"url\":\"https:\/\/secure.gravatar.com\/avatar\/fb8260757609f58f0c0ac079d1b32eff?s=96&r=g\",\"contentUrl\":\"https:\/\/secure.gravatar.com\/avatar\/fb8260757609f58f0c0ac079d1b32eff?s=96&r=g\",\"caption\":\"Daniel Guimar\u00e3es\"},\"description\":\"Estagi\u00e1rio na Suno Not\u00edcias, Daniel escreve not\u00edcias que afetam o mercado financeiro brasileiro e internacional. Estuda economia na Rutgers University, em New Jersey.\",\"sameAs\":[\"suno.research\"],\"url\":\"https:\/\/www.suno.com.br\/noticias\/author\/daniel\/\"}]}<\/script>\n<!-- \/ Yoast SEO plugin. -->","yoast_head_json":{"title":"Ibovespa se recupera e encerra o preg\u00e3o em alta de 0,61%","description":"O\u00a0Ibovespa\u00a0encerrou o preg\u00e3o em alta de 0,61%, o mercado continua atento ao andamento da pandemia do coronav\u00edrus. Clique para ver mais.","robots":{"index":"index","follow":"follow","max-snippet":"max-snippet:-1","max-image-preview":"max-image-preview:large","max-video-preview":"max-video-preview:-1"},"canonical":"https:\/\/www.suno.com.br\/noticias\/ibovespa-recupera-encerra-pregao-alta-20082020\/","og_locale":"pt_BR","og_type":"article","og_title":"Ibovespa se recupera e encerra o preg\u00e3o em alta de 0,61%","og_description":"O\u00a0Ibovespa\u00a0encerrou o preg\u00e3o em alta de 0,61%, o mercado continua atento ao andamento da pandemia do coronav\u00edrus. Clique para ver mais.","og_url":"https:\/\/www.suno.com.br\/noticias\/ibovespa-recupera-encerra-pregao-alta-20082020\/","og_site_name":"Suno Not\u00edcias","article_publisher":"https:\/\/facebook.com\/sunoresearch","og_image":[{"width":2000,"height":1333,"url":"https:\/\/files.sunoresearch.com.br\/n\/uploads\/2020\/08\/2b971df5-ibovespa.jpg","type":"image\/jpeg"}],"author":"Daniel Guimar\u00e3es","twitter_card":"summary_large_image","twitter_creator":"@sunoresearch","twitter_site":"@sunoresearch","twitter_misc":{"Escrito por":"Daniel Guimar\u00e3es","Est. tempo de leitura":"4 minutos"},"schema":{"@context":"https:\/\/schema.org","@graph":[{"@type":"NewsArticle","@id":"https:\/\/www.suno.com.br\/noticias\/ibovespa-recupera-encerra-pregao-alta-20082020\/#article","isPartOf":{"@id":"https:\/\/www.suno.com.br\/noticias\/ibovespa-recupera-encerra-pregao-alta-20082020\/"},"author":{"name":"Daniel Guimar\u00e3es","@id":"https:\/\/www.suno.com.br\/noticias\/#\/schema\/person\/a7796c19fcf6bafd03b9a2fa1fd9ae20"},"headline":"Ibovespa se recupera e encerra o preg\u00e3o em alta de 0,61%","datePublished":"2020-08-20T20:29:46+00:00","dateModified":"2021-05-29T23:32:21+00:00","mainEntityOfPage":{"@id":"https:\/\/www.suno.com.br\/noticias\/ibovespa-recupera-encerra-pregao-alta-20082020\/"},"wordCount":898,"publisher":{"@id":"https:\/\/www.suno.com.br\/noticias\/#organization"},"image":{"@id":"https:\/\/www.suno.com.br\/noticias\/ibovespa-recupera-encerra-pregao-alta-20082020\/#primaryimage"},"thumbnailUrl":"https:\/\/files.sunoresearch.com.br\/n\/uploads\/2020\/08\/2b971df5-ibovespa-jpg.webp","keywords":["BNDES","DIMED (PNVL3\/PNVL4)","Ibovespa","IRB Brasil (IRBR3)","JSL (JSL11\/JSLG3)","Localiza (RENT3)"],"articleSection":["Mercado"],"inLanguage":"pt-BR"},{"@type":"WebPage","@id":"https:\/\/www.suno.com.br\/noticias\/ibovespa-recupera-encerra-pregao-alta-20082020\/","url":"https:\/\/www.suno.com.br\/noticias\/ibovespa-recupera-encerra-pregao-alta-20082020\/","name":"Ibovespa se recupera e encerra o preg\u00e3o em alta de 0,61%","isPartOf":{"@id":"https:\/\/www.suno.com.br\/noticias\/#website"},"primaryImageOfPage":{"@id":"https:\/\/www.suno.com.br\/noticias\/ibovespa-recupera-encerra-pregao-alta-20082020\/#primaryimage"},"image":{"@id":"https:\/\/www.suno.com.br\/noticias\/ibovespa-recupera-encerra-pregao-alta-20082020\/#primaryimage"},"thumbnailUrl":"https:\/\/files.sunoresearch.com.br\/n\/uploads\/2020\/08\/2b971df5-ibovespa-jpg.webp","datePublished":"2020-08-20T20:29:46+00:00","dateModified":"2021-05-29T23:32:21+00:00","description":"O\u00a0Ibovespa\u00a0encerrou o preg\u00e3o em alta de 0,61%, o mercado continua atento ao andamento da pandemia do coronav\u00edrus. Clique para ver mais.","breadcrumb":{"@id":"https:\/\/www.suno.com.br\/noticias\/ibovespa-recupera-encerra-pregao-alta-20082020\/#breadcrumb"},"inLanguage":"pt-BR","potentialAction":[{"@type":"ReadAction","target":["https:\/\/www.suno.com.br\/noticias\/ibovespa-recupera-encerra-pregao-alta-20082020\/"]}]},{"@type":"ImageObject","inLanguage":"pt-BR","@id":"https:\/\/www.suno.com.br\/noticias\/ibovespa-recupera-encerra-pregao-alta-20082020\/#primaryimage","url":"https:\/\/files.sunoresearch.com.br\/n\/uploads\/2020\/08\/2b971df5-ibovespa-jpg.webp","contentUrl":"https:\/\/files.sunoresearch.com.br\/n\/uploads\/2020\/08\/2b971df5-ibovespa-jpg.webp","width":2000,"height":1333,"caption":"O Ibovespa\u00a0encerrou as negocia\u00e7\u00f5es na \u00faltima quinta-feira com uma alta de 2,95%, a 100.750,859 pontos."},{"@type":"BreadcrumbList","@id":"https:\/\/www.suno.com.br\/noticias\/ibovespa-recupera-encerra-pregao-alta-20082020\/#breadcrumb","itemListElement":[{"@type":"ListItem","position":1,"name":"Not\u00edcias","item":"https:\/\/www.suno.com.br\/noticias\/"},{"@type":"ListItem","position":2,"name":"Mercado","item":"https:\/\/www.suno.com.br\/noticias\/mercado\/"},{"@type":"ListItem","position":3,"name":"Ibovespa se recupera e encerra o preg\u00e3o em alta de 0,61%"}]},{"@type":"WebSite","@id":"https:\/\/www.suno.com.br\/noticias\/#website","url":"https:\/\/www.suno.com.br\/noticias\/","name":"Suno Not\u00edcias","description":"Seu portal de informa\u00e7\u00e3o sobre o mundo dos investimentos","publisher":{"@id":"https:\/\/www.suno.com.br\/noticias\/#organization"},"potentialAction":[{"@type":"SearchAction","target":{"@type":"EntryPoint","urlTemplate":"https:\/\/www.suno.com.br\/noticias\/?s={search_term_string}"},"query-input":{"@type":"PropertyValueSpecification","valueRequired":true,"valueName":"search_term_string"}}],"inLanguage":"pt-BR"},{"@type":"Organization","@id":"https:\/\/www.suno.com.br\/noticias\/#organization","name":"Suno Not\u00edcias","url":"https:\/\/www.suno.com.br\/noticias\/","logo":{"@type":"ImageObject","inLanguage":"pt-BR","@id":"https:\/\/www.suno.com.br\/noticias\/#\/schema\/logo\/image\/","url":"https:\/\/files.sunoresearch.com.br\/n\/uploads\/2021\/09\/suno-logo.png","contentUrl":"https:\/\/files.sunoresearch.com.br\/n\/uploads\/2021\/09\/suno-logo.png","width":180,"height":180,"caption":"Suno Not\u00edcias"},"image":{"@id":"https:\/\/www.suno.com.br\/noticias\/#\/schema\/logo\/image\/"},"sameAs":["https:\/\/facebook.com\/sunoresearch","https:\/\/x.com\/sunoresearch","https:\/\/www.instagram.com\/suno","https:\/\/www.linkedin.com\/company\/suno-research\/","https:\/\/www.youtube.com\/c\/sunoresearch"]},{"@type":"Person","@id":"https:\/\/www.suno.com.br\/noticias\/#\/schema\/person\/a7796c19fcf6bafd03b9a2fa1fd9ae20","name":"Daniel Guimar\u00e3es","image":{"@type":"ImageObject","inLanguage":"pt-BR","@id":"https:\/\/www.suno.com.br\/noticias\/#\/schema\/person\/image\/","url":"https:\/\/secure.gravatar.com\/avatar\/fb8260757609f58f0c0ac079d1b32eff?s=96&r=g","contentUrl":"https:\/\/secure.gravatar.com\/avatar\/fb8260757609f58f0c0ac079d1b32eff?s=96&r=g","caption":"Daniel Guimar\u00e3es"},"description":"Estagi\u00e1rio na Suno Not\u00edcias, Daniel escreve not\u00edcias que afetam o mercado financeiro brasileiro e internacional. Estuda economia na Rutgers University, em New Jersey.","sameAs":["suno.research"],"url":"https:\/\/www.suno.com.br\/noticias\/author\/daniel\/"}]}},"default_loop_html":"<div class=\"cardsPage__listCard__boxs\"><div class=\"cardsPage__listCard__boxs__img\"><a href=\"https:\/\/www.suno.com.br\/noticias\/ibovespa-recupera-encerra-pregao-alta-20082020\/\"><img class=\"mask\" src=\"https:\/\/www.suno.com.br\/noticias\/wp-content\/themes\/suno\/resources\/images\/spotlight\/spotlight1img\/bg-mask.png\" alt=\"Image Mask\"\/><img src=\"https:\/\/files.sunoresearch.com.br\/n\/uploads\/2020\/08\/2b971df5-ibovespa-400x200.webp\" alt=\"Ibovespa se recupera e encerra o preg\u00e3o em alta de 0,61%\"\/><\/a><span class=\"spotlightCategory\"><a href=\"https:\/\/www.suno.com.br\/noticias\/mercado\/\">Mercado<\/a><\/span><\/div><div class=\"cardsPage__listCard__boxs__content\"><a href=\"https:\/\/www.suno.com.br\/noticias\/ibovespa-recupera-encerra-pregao-alta-20082020\/\"><h2 class=\"content__title\">Ibovespa se recupera e encerra o preg\u00e3o em alta de 0,61%<\/h2><\/a><div class=\"newsContent__article__meta\"><div class=\"newsContent__article__meta__authorBox\"><a href=\"https:\/\/www.suno.com.br\/noticias\/author\/daniel\/\" class=\"authorBox__avatar noMobi\"><img src=\"https:\/\/files.sunoresearch.com.br\/n\/uploads\/2020\/08\/e51aadd2-whatsapp-image-2020-08-03-at-14.03.48-150x150.webp\" alt=\"Daniel Guimar\u00e3es\"><\/a><div class=\"authorBox__name\"><span>por\n\t\t\t<a href=\"https:\/\/www.suno.com.br\/noticias\/author\/daniel\/\"><span itemprop=\"author\">Daniel Guimar\u00e3es<\/span><\/a><\/span><time datetime=\"2020-08-20T17:29:46-03:00\" itemprop=\"datePublished\">20\/08\/2020 17:29<\/time><\/div><\/div><\/div><\/div><\/div>","single_layout":"posts","amp_enabled":true,"_links":{"self":[{"href":"https:\/\/www.suno.com.br\/noticias\/wp-json\/wp\/v2\/posts\/79694"}],"collection":[{"href":"https:\/\/www.suno.com.br\/noticias\/wp-json\/wp\/v2\/posts"}],"about":[{"href":"https:\/\/www.suno.com.br\/noticias\/wp-json\/wp\/v2\/types\/post"}],"author":[{"embeddable":true,"href":"https:\/\/www.suno.com.br\/noticias\/wp-json\/wp\/v2\/users\/44"}],"replies":[{"embeddable":true,"href":"https:\/\/www.suno.com.br\/noticias\/wp-json\/wp\/v2\/comments?post=79694"}],"version-history":[{"count":1,"href":"https:\/\/www.suno.com.br\/noticias\/wp-json\/wp\/v2\/posts\/79694\/revisions"}],"predecessor-version":[{"id":152055,"href":"https:\/\/www.suno.com.br\/noticias\/wp-json\/wp\/v2\/posts\/79694\/revisions\/152055"}],"wp:featuredmedia":[{"embeddable":true,"href":"https:\/\/www.suno.com.br\/noticias\/wp-json\/wp\/v2\/media\/77615"}],"wp:attachment":[{"href":"https:\/\/www.suno.com.br\/noticias\/wp-json\/wp\/v2\/media?parent=79694"}],"wp:term":[{"taxonomy":"category","embeddable":true,"href":"https:\/\/www.suno.com.br\/noticias\/wp-json\/wp\/v2\/categories?post=79694"},{"taxonomy":"post_tag","embeddable":true,"href":"https:\/\/www.suno.com.br\/noticias\/wp-json\/wp\/v2\/tags?post=79694"},{"taxonomy":"suno_strategy","embeddable":true,"href":"https:\/\/www.suno.com.br\/noticias\/wp-json\/wp\/v2\/suno_strategy?post=79694"}],"curies":[{"name":"wp","href":"https:\/\/api.w.org\/{rel}","templated":true}]}}