{"id":79683,"date":"2020-08-20T18:02:46","date_gmt":"2020-08-20T21:02:46","guid":{"rendered":"https:\/\/www.suno.com.br\/noticias\/?p=79683"},"modified":"2021-02-17T22:43:22","modified_gmt":"2021-02-18T01:43:22","slug":"bce-indica-zona-euro-pode-receber-mais-estimulos-2020","status":"publish","type":"post","link":"https:\/\/www.suno.com.br\/noticias\/bce-indica-zona-euro-pode-receber-mais-estimulos-2020\/","title":{"rendered":"BCE indica que zona do euro pode receber mais est\u00edmulos em 2020"},"content":{"rendered":"<p>O <strong><a href=\"https:\/\/www.suno.com.br\/artigos\/bce\/\">Banco Central Europeu<\/a> (BCE) <\/strong>divulgou nesta quinta-feira (20) o v\u00eddeo da reuni\u00e3o realizada pelos diretores em julho. A autoridade monet\u00e1ria europeia indicou que poderia implementar mais\u00a0<a href=\"https:\/\/www.suno.com.br\/artigos\/politica-monetaria-expansionista\/\">medidas expansionistas <\/a>para ativar uma economia que sofre com desemprego e poss\u00edveis fal\u00eancias.<\/p>\t<div class=\"wrapper-featured-image\">\n\t\t<figure class=\"spotlightImg\">\n\n\t\t\t<picture>\n\t\t\t\t<source media=\"(max-width: 768px)\" srcset=\"https:\/\/files.sunoresearch.com.br\/n\/uploads\/2019\/09\/22a9a642-bce-400x200.webp\">\n\t\t\t\t<img loading=\"lazy\" decoding=\"async\" class=\"newsContent__article__imgCapa lazyloadDisabled \" src=\"https:\/\/files.sunoresearch.com.br\/n\/uploads\/2019\/09\/22a9a642-bce-800x450.webp\" width=\"800\" height=\"450\" alt=\"BCE indica que zona do euro pode receber mais est\u00edmulos em 2020\" fetchpriority=high \/>\n\t\t\t<\/picture>\n\n\t\t\t<figcaption class=\"wp-caption-text wp-caption-text--show\">BCE <\/figcaption>\n\t\t<\/figure>\n\t<\/div>\n\n\n<div class=\"hubspot-form-wrapper\">\n\t<div id=\"single-form-target\"><\/div>\n<\/div>\n\n<p>A ata da reuni\u00e3o do BCE tamb\u00e9m mostrou certo al\u00edvio por parte dos diretores pelo fato da <strong>zona do euro<\/strong> ter sido capaz de evitar uma desacelera\u00e7\u00e3o ainda mais profunda. Entretanto, os diretores alertaram sobre uma poss\u00edvel turbul\u00eancia econ\u00f4mica, \u00e0 medida que os governos comecem a reduzir as pol\u00edticas destinadas a apoiar empresas e trabalhadores durante a pandemia do <strong>coronav\u00edrus (covid-19)<\/strong>.<\/p>\n<p>Atualmente, as infec\u00e7\u00f5es est\u00e3o surgindo novamente em grande parte da Europa, e os governos est\u00e3o correndo para evitar uma segunda onda de pandemia.<\/p>\n<p><a href=\"https:\/\/lp.suno.com.br\/suno-one\/\">Suno One: acesse gratuitamente eBooks, Minicursos, Artigos e Video Aulas sobre investimentos com um \u00fanico cadastro. Clique para saber mais!<\/a><\/p>\n<p>As autoridades se reunir\u00e3o para determinar a pol\u00edtica econ\u00f4mica do BCE nos dias 9 e 10 de setembro, quando ter\u00e3o novas previs\u00f5es para o crescimento da zona do euro e a infla\u00e7\u00e3o que podem ajudar a orientar suas decis\u00f5es pol\u00edticas. Analistas disseram que \u00e9 improv\u00e1vel que o BCE revele um novo est\u00edmulo monet\u00e1rio em setembro, mas pode faz\u00ea-lo ainda este ano se a economia n\u00e3o se recuperar.<\/p>\n<p>Vale ressaltar que o mercado tem altas expectativas em rela\u00e7\u00e3o ao Programa de Compra de Emerg\u00eancia Pand\u00eamica (<strong>PEPP<\/strong>), de 1,35 trilh\u00e3o, implementada pelo BCE.<\/p>\n<p>O economista-chefe do BCE, <strong>Philip Lane<\/strong>, afirmou, no in\u00edcio do m\u00eas, que a institui\u00e7\u00e3o financeira est\u00e1 comprometida em sustentar a economia da zona do euro por causa da pandemia do novo coronav\u00edrus, que atingiu todos os pa\u00edses do bloco. Lane disse que o BCE utilizar\u00e1 as compras de t\u00edtulos para conseguir recursos.<\/p>\n<p><a href=\"https:\/\/www.suno.com.br\/noticias\/bce-estimulos-compromete-sustentar-economia-zona-euro\/\">Veja tamb\u00e9m: BCE se compromete a dar est\u00edmulos para sustentar economia da zona do euro<\/a><\/p>\n<p>A ata indicou que os funcion\u00e1rios do <strong>BCE<\/strong> concordaram em aumentar o tamanho do programa e ajustar outras ferramentas da pol\u00edtica econ\u00f4mica, se for necess\u00e1rio. Eles alertaram para o risco de um aumento duradouro na <a href=\"https:\/\/www.suno.com.br\/artigos\/indice-de-desemprego\/\">taxa de desemprego<\/a> na Europa e de fal\u00eancias corporativas, \u00e0 medida que os pacotes de aux\u00edlio do governo forem retirados.<\/p>\n\n","protected":false},"excerpt":{"rendered":"<p>O Banco Central Europeu (BCE) divulgou nesta quinta-feira (20) o v\u00eddeo da reuni\u00e3o realizada pelos diretores em julho. A autoridade monet\u00e1ria europeia indicou que poderia implementar mais\u00a0medidas expansionistas para ativar uma economia que sofre com desemprego e poss\u00edveis fal\u00eancias. BCE A ata da reuni\u00e3o do BCE tamb\u00e9m mostrou certo al\u00edvio por parte dos diretores pelo [&hellip;]<\/p>\n","protected":false},"author":44,"featured_media":37310,"comment_status":"closed","ping_status":"closed","sticky":false,"template":"","format":"standard","meta":[],"categories":[63],"tags":[863,105707,991],"suno_strategy":[],"class_list":["post-79683","post","type-post","status-publish","format-standard","has-post-thumbnail","hentry","category-internacional","tag-banco-central-europeu-bce","tag-pacote-de-estimulos","tag-zona-do-euro"],"yoast_head":"<!-- This site is optimized with the Yoast SEO plugin v24.4 - https:\/\/yoast.com\/wordpress\/plugins\/seo\/ -->\n<title>BCE indica que zona do euro pode receber mais est\u00edmulos em 2020<\/title>\n<meta name=\"description\" content=\"O Banco Central Europeu (BCE) divulgou nesta quinta-feira (20) o v\u00eddeo da reuni\u00e3o realizada pelos diretores em julho. Clique para ver mais.\" \/>\n<meta name=\"robots\" content=\"index, follow, max-snippet:-1, max-image-preview:large, max-video-preview:-1\" \/>\n<link rel=\"canonical\" href=\"https:\/\/www.suno.com.br\/noticias\/bce-indica-zona-euro-pode-receber-mais-estimulos-2020\/\" \/>\n<meta property=\"og:locale\" content=\"pt_BR\" \/>\n<meta property=\"og:type\" content=\"article\" \/>\n<meta property=\"og:title\" content=\"BCE indica que zona do euro pode receber mais est\u00edmulos em 2020\" \/>\n<meta property=\"og:description\" content=\"O Banco Central Europeu (BCE) divulgou nesta quinta-feira (20) o v\u00eddeo da reuni\u00e3o realizada pelos diretores em julho. Clique para ver mais.\" \/>\n<meta property=\"og:url\" content=\"https:\/\/www.suno.com.br\/noticias\/bce-indica-zona-euro-pode-receber-mais-estimulos-2020\/\" \/>\n<meta property=\"og:site_name\" content=\"Suno Not\u00edcias\" \/>\n<meta property=\"article:publisher\" content=\"https:\/\/facebook.com\/sunoresearch\" \/>\n<meta property=\"og:image\" content=\"https:\/\/files.sunoresearch.com.br\/n\/uploads\/2019\/09\/22a9a642-bce-1024x614.jpg\" \/>\n\t<meta property=\"og:image:width\" content=\"1024\" \/>\n\t<meta property=\"og:image:height\" content=\"614\" \/>\n\t<meta property=\"og:image:type\" content=\"image\/jpeg\" \/>\n<meta name=\"author\" content=\"Daniel Guimar\u00e3es\" \/>\n<meta name=\"twitter:card\" content=\"summary_large_image\" \/>\n<meta name=\"twitter:creator\" content=\"@sunoresearch\" \/>\n<meta name=\"twitter:site\" content=\"@sunoresearch\" \/>\n<meta name=\"twitter:label1\" content=\"Escrito por\" \/>\n\t<meta name=\"twitter:data1\" content=\"Daniel Guimar\u00e3es\" \/>\n\t<meta name=\"twitter:label2\" content=\"Est. tempo de leitura\" \/>\n\t<meta name=\"twitter:data2\" content=\"2 minutos\" \/>\n<script type=\"application\/ld+json\" class=\"yoast-schema-graph\">{\"@context\":\"https:\/\/schema.org\",\"@graph\":[{\"@type\":\"NewsArticle\",\"@id\":\"https:\/\/www.suno.com.br\/noticias\/bce-indica-zona-euro-pode-receber-mais-estimulos-2020\/#article\",\"isPartOf\":{\"@id\":\"https:\/\/www.suno.com.br\/noticias\/bce-indica-zona-euro-pode-receber-mais-estimulos-2020\/\"},\"author\":{\"name\":\"Daniel Guimar\u00e3es\",\"@id\":\"https:\/\/www.suno.com.br\/noticias\/#\/schema\/person\/a7796c19fcf6bafd03b9a2fa1fd9ae20\"},\"headline\":\"BCE indica que zona do euro pode receber mais est\u00edmulos em 2020\",\"datePublished\":\"2020-08-20T21:02:46+00:00\",\"dateModified\":\"2021-02-18T01:43:22+00:00\",\"mainEntityOfPage\":{\"@id\":\"https:\/\/www.suno.com.br\/noticias\/bce-indica-zona-euro-pode-receber-mais-estimulos-2020\/\"},\"wordCount\":429,\"publisher\":{\"@id\":\"https:\/\/www.suno.com.br\/noticias\/#organization\"},\"image\":{\"@id\":\"https:\/\/www.suno.com.br\/noticias\/bce-indica-zona-euro-pode-receber-mais-estimulos-2020\/#primaryimage\"},\"thumbnailUrl\":\"https:\/\/files.sunoresearch.com.br\/n\/uploads\/2019\/09\/22a9a642-bce-jpg.webp\",\"keywords\":[\"Banco Central Europeu (BCE)\",\"pacote de est\u00edmulos\",\"zona do euro\"],\"articleSection\":[\"Internacional\"],\"inLanguage\":\"pt-BR\"},{\"@type\":\"WebPage\",\"@id\":\"https:\/\/www.suno.com.br\/noticias\/bce-indica-zona-euro-pode-receber-mais-estimulos-2020\/\",\"url\":\"https:\/\/www.suno.com.br\/noticias\/bce-indica-zona-euro-pode-receber-mais-estimulos-2020\/\",\"name\":\"BCE indica que zona do euro pode receber mais est\u00edmulos em 2020\",\"isPartOf\":{\"@id\":\"https:\/\/www.suno.com.br\/noticias\/#website\"},\"primaryImageOfPage\":{\"@id\":\"https:\/\/www.suno.com.br\/noticias\/bce-indica-zona-euro-pode-receber-mais-estimulos-2020\/#primaryimage\"},\"image\":{\"@id\":\"https:\/\/www.suno.com.br\/noticias\/bce-indica-zona-euro-pode-receber-mais-estimulos-2020\/#primaryimage\"},\"thumbnailUrl\":\"https:\/\/files.sunoresearch.com.br\/n\/uploads\/2019\/09\/22a9a642-bce-jpg.webp\",\"datePublished\":\"2020-08-20T21:02:46+00:00\",\"dateModified\":\"2021-02-18T01:43:22+00:00\",\"description\":\"O Banco Central Europeu (BCE) divulgou nesta quinta-feira (20) o v\u00eddeo da reuni\u00e3o realizada pelos diretores em julho. Clique para ver mais.\",\"breadcrumb\":{\"@id\":\"https:\/\/www.suno.com.br\/noticias\/bce-indica-zona-euro-pode-receber-mais-estimulos-2020\/#breadcrumb\"},\"inLanguage\":\"pt-BR\",\"potentialAction\":[{\"@type\":\"ReadAction\",\"target\":[\"https:\/\/www.suno.com.br\/noticias\/bce-indica-zona-euro-pode-receber-mais-estimulos-2020\/\"]}]},{\"@type\":\"ImageObject\",\"inLanguage\":\"pt-BR\",\"@id\":\"https:\/\/www.suno.com.br\/noticias\/bce-indica-zona-euro-pode-receber-mais-estimulos-2020\/#primaryimage\",\"url\":\"https:\/\/files.sunoresearch.com.br\/n\/uploads\/2019\/09\/22a9a642-bce-jpg.webp\",\"contentUrl\":\"https:\/\/files.sunoresearch.com.br\/n\/uploads\/2019\/09\/22a9a642-bce-jpg.webp\",\"width\":2560,\"height\":1536,\"caption\":\"BCE\"},{\"@type\":\"BreadcrumbList\",\"@id\":\"https:\/\/www.suno.com.br\/noticias\/bce-indica-zona-euro-pode-receber-mais-estimulos-2020\/#breadcrumb\",\"itemListElement\":[{\"@type\":\"ListItem\",\"position\":1,\"name\":\"Not\u00edcias\",\"item\":\"https:\/\/www.suno.com.br\/noticias\/\"},{\"@type\":\"ListItem\",\"position\":2,\"name\":\"Internacional\",\"item\":\"https:\/\/www.suno.com.br\/noticias\/internacional\/\"},{\"@type\":\"ListItem\",\"position\":3,\"name\":\"BCE indica que zona do euro pode receber mais est\u00edmulos em 2020\"}]},{\"@type\":\"WebSite\",\"@id\":\"https:\/\/www.suno.com.br\/noticias\/#website\",\"url\":\"https:\/\/www.suno.com.br\/noticias\/\",\"name\":\"Suno Not\u00edcias\",\"description\":\"Seu portal de informa\u00e7\u00e3o sobre o mundo dos investimentos\",\"publisher\":{\"@id\":\"https:\/\/www.suno.com.br\/noticias\/#organization\"},\"potentialAction\":[{\"@type\":\"SearchAction\",\"target\":{\"@type\":\"EntryPoint\",\"urlTemplate\":\"https:\/\/www.suno.com.br\/noticias\/?s={search_term_string}\"},\"query-input\":{\"@type\":\"PropertyValueSpecification\",\"valueRequired\":true,\"valueName\":\"search_term_string\"}}],\"inLanguage\":\"pt-BR\"},{\"@type\":\"Organization\",\"@id\":\"https:\/\/www.suno.com.br\/noticias\/#organization\",\"name\":\"Suno Not\u00edcias\",\"url\":\"https:\/\/www.suno.com.br\/noticias\/\",\"logo\":{\"@type\":\"ImageObject\",\"inLanguage\":\"pt-BR\",\"@id\":\"https:\/\/www.suno.com.br\/noticias\/#\/schema\/logo\/image\/\",\"url\":\"https:\/\/files.sunoresearch.com.br\/n\/uploads\/2021\/09\/suno-logo.png\",\"contentUrl\":\"https:\/\/files.sunoresearch.com.br\/n\/uploads\/2021\/09\/suno-logo.png\",\"width\":180,\"height\":180,\"caption\":\"Suno Not\u00edcias\"},\"image\":{\"@id\":\"https:\/\/www.suno.com.br\/noticias\/#\/schema\/logo\/image\/\"},\"sameAs\":[\"https:\/\/facebook.com\/sunoresearch\",\"https:\/\/x.com\/sunoresearch\",\"https:\/\/www.instagram.com\/suno\",\"https:\/\/www.linkedin.com\/company\/suno-research\/\",\"https:\/\/www.youtube.com\/c\/sunoresearch\"]},{\"@type\":\"Person\",\"@id\":\"https:\/\/www.suno.com.br\/noticias\/#\/schema\/person\/a7796c19fcf6bafd03b9a2fa1fd9ae20\",\"name\":\"Daniel Guimar\u00e3es\",\"image\":{\"@type\":\"ImageObject\",\"inLanguage\":\"pt-BR\",\"@id\":\"https:\/\/www.suno.com.br\/noticias\/#\/schema\/person\/image\/\",\"url\":\"https:\/\/secure.gravatar.com\/avatar\/fb8260757609f58f0c0ac079d1b32eff?s=96&r=g\",\"contentUrl\":\"https:\/\/secure.gravatar.com\/avatar\/fb8260757609f58f0c0ac079d1b32eff?s=96&r=g\",\"caption\":\"Daniel Guimar\u00e3es\"},\"description\":\"Estagi\u00e1rio na Suno Not\u00edcias, Daniel escreve not\u00edcias que afetam o mercado financeiro brasileiro e internacional. Estuda economia na Rutgers University, em New Jersey.\",\"sameAs\":[\"suno.research\"],\"url\":\"https:\/\/www.suno.com.br\/noticias\/author\/daniel\/\"}]}<\/script>\n<!-- \/ Yoast SEO plugin. -->","yoast_head_json":{"title":"BCE indica que zona do euro pode receber mais est\u00edmulos em 2020","description":"O Banco Central Europeu (BCE) divulgou nesta quinta-feira (20) o v\u00eddeo da reuni\u00e3o realizada pelos diretores em julho. Clique para ver mais.","robots":{"index":"index","follow":"follow","max-snippet":"max-snippet:-1","max-image-preview":"max-image-preview:large","max-video-preview":"max-video-preview:-1"},"canonical":"https:\/\/www.suno.com.br\/noticias\/bce-indica-zona-euro-pode-receber-mais-estimulos-2020\/","og_locale":"pt_BR","og_type":"article","og_title":"BCE indica que zona do euro pode receber mais est\u00edmulos em 2020","og_description":"O Banco Central Europeu (BCE) divulgou nesta quinta-feira (20) o v\u00eddeo da reuni\u00e3o realizada pelos diretores em julho. Clique para ver mais.","og_url":"https:\/\/www.suno.com.br\/noticias\/bce-indica-zona-euro-pode-receber-mais-estimulos-2020\/","og_site_name":"Suno Not\u00edcias","article_publisher":"https:\/\/facebook.com\/sunoresearch","og_image":[{"width":1024,"height":614,"url":"https:\/\/files.sunoresearch.com.br\/n\/uploads\/2019\/09\/22a9a642-bce-1024x614.jpg","type":"image\/jpeg"}],"author":"Daniel Guimar\u00e3es","twitter_card":"summary_large_image","twitter_creator":"@sunoresearch","twitter_site":"@sunoresearch","twitter_misc":{"Escrito por":"Daniel Guimar\u00e3es","Est. tempo de leitura":"2 minutos"},"schema":{"@context":"https:\/\/schema.org","@graph":[{"@type":"NewsArticle","@id":"https:\/\/www.suno.com.br\/noticias\/bce-indica-zona-euro-pode-receber-mais-estimulos-2020\/#article","isPartOf":{"@id":"https:\/\/www.suno.com.br\/noticias\/bce-indica-zona-euro-pode-receber-mais-estimulos-2020\/"},"author":{"name":"Daniel Guimar\u00e3es","@id":"https:\/\/www.suno.com.br\/noticias\/#\/schema\/person\/a7796c19fcf6bafd03b9a2fa1fd9ae20"},"headline":"BCE indica que zona do euro pode receber mais est\u00edmulos em 2020","datePublished":"2020-08-20T21:02:46+00:00","dateModified":"2021-02-18T01:43:22+00:00","mainEntityOfPage":{"@id":"https:\/\/www.suno.com.br\/noticias\/bce-indica-zona-euro-pode-receber-mais-estimulos-2020\/"},"wordCount":429,"publisher":{"@id":"https:\/\/www.suno.com.br\/noticias\/#organization"},"image":{"@id":"https:\/\/www.suno.com.br\/noticias\/bce-indica-zona-euro-pode-receber-mais-estimulos-2020\/#primaryimage"},"thumbnailUrl":"https:\/\/files.sunoresearch.com.br\/n\/uploads\/2019\/09\/22a9a642-bce-jpg.webp","keywords":["Banco Central Europeu (BCE)","pacote de est\u00edmulos","zona do euro"],"articleSection":["Internacional"],"inLanguage":"pt-BR"},{"@type":"WebPage","@id":"https:\/\/www.suno.com.br\/noticias\/bce-indica-zona-euro-pode-receber-mais-estimulos-2020\/","url":"https:\/\/www.suno.com.br\/noticias\/bce-indica-zona-euro-pode-receber-mais-estimulos-2020\/","name":"BCE indica que zona do euro pode receber mais est\u00edmulos em 2020","isPartOf":{"@id":"https:\/\/www.suno.com.br\/noticias\/#website"},"primaryImageOfPage":{"@id":"https:\/\/www.suno.com.br\/noticias\/bce-indica-zona-euro-pode-receber-mais-estimulos-2020\/#primaryimage"},"image":{"@id":"https:\/\/www.suno.com.br\/noticias\/bce-indica-zona-euro-pode-receber-mais-estimulos-2020\/#primaryimage"},"thumbnailUrl":"https:\/\/files.sunoresearch.com.br\/n\/uploads\/2019\/09\/22a9a642-bce-jpg.webp","datePublished":"2020-08-20T21:02:46+00:00","dateModified":"2021-02-18T01:43:22+00:00","description":"O Banco Central Europeu (BCE) divulgou nesta quinta-feira (20) o v\u00eddeo da reuni\u00e3o realizada pelos diretores em julho. Clique para ver mais.","breadcrumb":{"@id":"https:\/\/www.suno.com.br\/noticias\/bce-indica-zona-euro-pode-receber-mais-estimulos-2020\/#breadcrumb"},"inLanguage":"pt-BR","potentialAction":[{"@type":"ReadAction","target":["https:\/\/www.suno.com.br\/noticias\/bce-indica-zona-euro-pode-receber-mais-estimulos-2020\/"]}]},{"@type":"ImageObject","inLanguage":"pt-BR","@id":"https:\/\/www.suno.com.br\/noticias\/bce-indica-zona-euro-pode-receber-mais-estimulos-2020\/#primaryimage","url":"https:\/\/files.sunoresearch.com.br\/n\/uploads\/2019\/09\/22a9a642-bce-jpg.webp","contentUrl":"https:\/\/files.sunoresearch.com.br\/n\/uploads\/2019\/09\/22a9a642-bce-jpg.webp","width":2560,"height":1536,"caption":"BCE"},{"@type":"BreadcrumbList","@id":"https:\/\/www.suno.com.br\/noticias\/bce-indica-zona-euro-pode-receber-mais-estimulos-2020\/#breadcrumb","itemListElement":[{"@type":"ListItem","position":1,"name":"Not\u00edcias","item":"https:\/\/www.suno.com.br\/noticias\/"},{"@type":"ListItem","position":2,"name":"Internacional","item":"https:\/\/www.suno.com.br\/noticias\/internacional\/"},{"@type":"ListItem","position":3,"name":"BCE indica que zona do euro pode receber mais est\u00edmulos em 2020"}]},{"@type":"WebSite","@id":"https:\/\/www.suno.com.br\/noticias\/#website","url":"https:\/\/www.suno.com.br\/noticias\/","name":"Suno Not\u00edcias","description":"Seu portal de informa\u00e7\u00e3o sobre o mundo dos investimentos","publisher":{"@id":"https:\/\/www.suno.com.br\/noticias\/#organization"},"potentialAction":[{"@type":"SearchAction","target":{"@type":"EntryPoint","urlTemplate":"https:\/\/www.suno.com.br\/noticias\/?s={search_term_string}"},"query-input":{"@type":"PropertyValueSpecification","valueRequired":true,"valueName":"search_term_string"}}],"inLanguage":"pt-BR"},{"@type":"Organization","@id":"https:\/\/www.suno.com.br\/noticias\/#organization","name":"Suno Not\u00edcias","url":"https:\/\/www.suno.com.br\/noticias\/","logo":{"@type":"ImageObject","inLanguage":"pt-BR","@id":"https:\/\/www.suno.com.br\/noticias\/#\/schema\/logo\/image\/","url":"https:\/\/files.sunoresearch.com.br\/n\/uploads\/2021\/09\/suno-logo.png","contentUrl":"https:\/\/files.sunoresearch.com.br\/n\/uploads\/2021\/09\/suno-logo.png","width":180,"height":180,"caption":"Suno Not\u00edcias"},"image":{"@id":"https:\/\/www.suno.com.br\/noticias\/#\/schema\/logo\/image\/"},"sameAs":["https:\/\/facebook.com\/sunoresearch","https:\/\/x.com\/sunoresearch","https:\/\/www.instagram.com\/suno","https:\/\/www.linkedin.com\/company\/suno-research\/","https:\/\/www.youtube.com\/c\/sunoresearch"]},{"@type":"Person","@id":"https:\/\/www.suno.com.br\/noticias\/#\/schema\/person\/a7796c19fcf6bafd03b9a2fa1fd9ae20","name":"Daniel Guimar\u00e3es","image":{"@type":"ImageObject","inLanguage":"pt-BR","@id":"https:\/\/www.suno.com.br\/noticias\/#\/schema\/person\/image\/","url":"https:\/\/secure.gravatar.com\/avatar\/fb8260757609f58f0c0ac079d1b32eff?s=96&r=g","contentUrl":"https:\/\/secure.gravatar.com\/avatar\/fb8260757609f58f0c0ac079d1b32eff?s=96&r=g","caption":"Daniel Guimar\u00e3es"},"description":"Estagi\u00e1rio na Suno Not\u00edcias, Daniel escreve not\u00edcias que afetam o mercado financeiro brasileiro e internacional. Estuda economia na Rutgers University, em New Jersey.","sameAs":["suno.research"],"url":"https:\/\/www.suno.com.br\/noticias\/author\/daniel\/"}]}},"default_loop_html":"<div class=\"cardsPage__listCard__boxs\"><div class=\"cardsPage__listCard__boxs__img\"><a href=\"https:\/\/www.suno.com.br\/noticias\/bce-indica-zona-euro-pode-receber-mais-estimulos-2020\/\"><img class=\"mask\" src=\"https:\/\/www.suno.com.br\/noticias\/wp-content\/themes\/suno\/resources\/images\/spotlight\/spotlight1img\/bg-mask.png\" alt=\"Image Mask\"\/><img src=\"https:\/\/files.sunoresearch.com.br\/n\/uploads\/2019\/09\/22a9a642-bce-400x200.webp\" alt=\"BCE indica que zona do euro pode receber mais est\u00edmulos em 2020\"\/><\/a><span class=\"spotlightCategory\"><a href=\"https:\/\/www.suno.com.br\/noticias\/internacional\/\">Internacional<\/a><\/span><\/div><div class=\"cardsPage__listCard__boxs__content\"><a href=\"https:\/\/www.suno.com.br\/noticias\/bce-indica-zona-euro-pode-receber-mais-estimulos-2020\/\"><h2 class=\"content__title\">BCE indica que zona do euro pode receber mais est\u00edmulos em 2020<\/h2><\/a><div class=\"newsContent__article__meta\"><div class=\"newsContent__article__meta__authorBox\"><a href=\"https:\/\/www.suno.com.br\/noticias\/author\/daniel\/\" class=\"authorBox__avatar noMobi\"><img src=\"https:\/\/files.sunoresearch.com.br\/n\/uploads\/2020\/08\/e51aadd2-whatsapp-image-2020-08-03-at-14.03.48-150x150.webp\" alt=\"Daniel Guimar\u00e3es\"><\/a><div class=\"authorBox__name\"><span>por\n\t\t\t<a href=\"https:\/\/www.suno.com.br\/noticias\/author\/daniel\/\"><span itemprop=\"author\">Daniel Guimar\u00e3es<\/span><\/a><\/span><time datetime=\"2020-08-20T18:02:46-03:00\" itemprop=\"datePublished\">20\/08\/2020 18:02<\/time><\/div><\/div><\/div><\/div><\/div>","single_layout":"posts","amp_enabled":true,"_links":{"self":[{"href":"https:\/\/www.suno.com.br\/noticias\/wp-json\/wp\/v2\/posts\/79683"}],"collection":[{"href":"https:\/\/www.suno.com.br\/noticias\/wp-json\/wp\/v2\/posts"}],"about":[{"href":"https:\/\/www.suno.com.br\/noticias\/wp-json\/wp\/v2\/types\/post"}],"author":[{"embeddable":true,"href":"https:\/\/www.suno.com.br\/noticias\/wp-json\/wp\/v2\/users\/44"}],"replies":[{"embeddable":true,"href":"https:\/\/www.suno.com.br\/noticias\/wp-json\/wp\/v2\/comments?post=79683"}],"version-history":[{"count":0,"href":"https:\/\/www.suno.com.br\/noticias\/wp-json\/wp\/v2\/posts\/79683\/revisions"}],"wp:featuredmedia":[{"embeddable":true,"href":"https:\/\/www.suno.com.br\/noticias\/wp-json\/wp\/v2\/media\/37310"}],"wp:attachment":[{"href":"https:\/\/www.suno.com.br\/noticias\/wp-json\/wp\/v2\/media?parent=79683"}],"wp:term":[{"taxonomy":"category","embeddable":true,"href":"https:\/\/www.suno.com.br\/noticias\/wp-json\/wp\/v2\/categories?post=79683"},{"taxonomy":"post_tag","embeddable":true,"href":"https:\/\/www.suno.com.br\/noticias\/wp-json\/wp\/v2\/tags?post=79683"},{"taxonomy":"suno_strategy","embeddable":true,"href":"https:\/\/www.suno.com.br\/noticias\/wp-json\/wp\/v2\/suno_strategy?post=79683"}],"curies":[{"name":"wp","href":"https:\/\/api.w.org\/{rel}","templated":true}]}}