{"id":79658,"date":"2020-08-20T16:34:27","date_gmt":"2020-08-20T19:34:27","guid":{"rendered":"https:\/\/www.suno.com.br\/noticias\/?p=79658"},"modified":"2020-08-20T16:34:27","modified_gmt":"2020-08-20T19:34:27","slug":"johnson-johnson-inciara-fase-inicial-vacina-covid-19-setembro","status":"publish","type":"post","link":"https:\/\/www.suno.com.br\/noticias\/johnson-johnson-inciara-fase-inicial-vacina-covid-19-setembro\/","title":{"rendered":"Johnson &#038; Johnson inciar\u00e1 fase inicial da vacina de covid-19 em setembro"},"content":{"rendered":"<p>A Johnson &amp; Johnson (<a href=\"https:\/\/www.suno.com.br\/artigos\/nyse\/\">NYSE<\/a>: JNJ), anunciou nesta quinta-feira (20) que iniciar\u00e1 a fase final de sua <strong>vacina<\/strong> experimental contra o coronav\u00edrus (covid-19) em setembro. O teste da gigante do setor de sa\u00fade e beleza dos EUA tamb\u00e9m informou que se prepara para disponibilizar a vacina a partir do in\u00edcio do pr\u00f3ximo ano.<\/p>\t<div class=\"wrapper-featured-image\">\n\t\t<figure class=\"spotlightImg\">\n\n\t\t\t<picture>\n\t\t\t\t<source media=\"(max-width: 768px)\" srcset=\"https:\/\/files.sunoresearch.com.br\/n\/uploads\/2019\/05\/2dd3d7ed-19916066779_6929328cf0_k-400x200.webp\">\n\t\t\t\t<img loading=\"lazy\" decoding=\"async\" class=\"newsContent__article__imgCapa lazyloadDisabled \" src=\"https:\/\/files.sunoresearch.com.br\/n\/uploads\/2019\/05\/2dd3d7ed-19916066779_6929328cf0_k-800x450.webp\" width=\"800\" height=\"450\" alt=\"Johnson &#038; Johnson inciar\u00e1 fase inicial da vacina de covid-19 em setembro\" fetchpriority=high \/>\n\t\t\t<\/picture>\n\n\t\t\t<figcaption class=\"wp-caption-text wp-caption-text--show\">Johnson &amp; Johnson amplia lucro<\/figcaption>\n\t\t<\/figure>\n\t<\/div>\n\n\n<div class=\"hubspot-form-wrapper\">\n\t<div id=\"single-form-target\"><\/div>\n<\/div>\n\n<p>O estudo final da empresa ser\u00e1 realizado em at\u00e9 60.000 adultos saud\u00e1veis, fazendo dele o maior teste at\u00e9 o momento. Segundo o diretor cient\u00edfico da<strong> Johnson &amp; Johnson<\/strong>, <strong>Paul Stoffels<\/strong>, os pesquisadores avaliar\u00e3o a seguran\u00e7a e a capacidade da vacina de induzir uma resposta imune.<\/p>\n<p>A Johnson &amp; Johnson pode obter os resultados sobre a capacidade de preven\u00e7\u00e3o segura contra o coronav\u00edrus da vacina at\u00e9 o final do ano, disse Stoffels. Se for bem sucedida, a empresa espera que o tratamento seja disponibilizado no in\u00edcio de 2021, e a J&amp;J planeja fabricar at\u00e9 um bilh\u00e3o de doses at\u00e9 o final do pr\u00f3ximo ano.<\/p>\n<p><a href=\"https:\/\/lp.suno.com.br\/suno-one\/\">Suno One: acesse gratuitamente eBooks, Minicursos, Artigos e Video Aulas sobre investimentos com um \u00fanico cadastro. Clique para saber mais!<\/a><\/p>\n<h2>A empresa fechou um acordo com o governo para desenvolver a vacina<\/h2>\n<p>A Johnson &amp; Johnson fechou um acordo de US$ 1 bilh\u00e3o (cerca de de R$ 5,6 bilh\u00f5es) no in\u00edcio de agosto com o governo dos EUA para garantir a entrega de cem milh\u00f5es de dose da sua <strong>vacina<\/strong> experimental contra o coronav\u00edrus. A not\u00edcia vem \u00e0 tona em meio a uma corrida global para a produ\u00e7\u00e3o e distribui\u00e7\u00e3o de um medicamento capaz de combater o novo v\u00edrus.<\/p>\n<p>De acordo com o contrato, a Johnson &amp; Johnson fabricar\u00e1 e entregar\u00e1 sua vacina experimental <strong>SARS-CoV-2<\/strong> nos EUA<strong>. <\/strong>Em um comunicado realizado na quarta-feira, a gigante da sa\u00fade norte-americana informou que espera que a vacina experimental entre em est\u00e1gio avan\u00e7ado em setembro.<\/p>\n<p><a href=\"https:\/\/www.suno.com.br\/noticias\/coronavirus-cuba-inicia-testes-vacina\/\">Veja tamb\u00e9m: Coronav\u00edrus: Cuba iniciar\u00e1 testes de vacina em humanos<\/a><\/p>\n<p>O governo dos EUA firmou recentemente uma s\u00e9rie de acordos com empresas como <strong>Pfizer<\/strong>\u00a0e <strong>Moderna<\/strong> para garantir o acesso \u00e0 vacina. O acordo com a J&amp;J ocorre ap\u00f3s o lan\u00e7amento de um estudo mostrando que a vacina candidata da empresa gerou uma forte resposta de anticorpos em primatas e forneceu prote\u00e7\u00e3o utilizando uma \u00fanica dose.<\/p>\n\n","protected":false},"excerpt":{"rendered":"<p>A Johnson &amp; Johnson (NYSE: JNJ), anunciou nesta quinta-feira (20) que iniciar\u00e1 a fase final de sua vacina experimental contra o coronav\u00edrus (covid-19) em setembro. O teste da gigante do setor de sa\u00fade e beleza dos EUA tamb\u00e9m informou que se prepara para disponibilizar a vacina a partir do in\u00edcio do pr\u00f3ximo ano. Johnson &amp; [&hellip;]<\/p>\n","protected":false},"author":44,"featured_media":24857,"comment_status":"closed","ping_status":"closed","sticky":false,"template":"","format":"standard","meta":[],"categories":[64],"tags":[2487,869,25002],"suno_strategy":[],"class_list":["post-79658","post","type-post","status-publish","format-standard","has-post-thumbnail","hentry","category-negocios","tag-coronavirus","tag-johnson-johnson-jnjb34","tag-vacina"],"yoast_head":"<!-- This site is optimized with the Yoast SEO plugin v24.4 - https:\/\/yoast.com\/wordpress\/plugins\/seo\/ -->\n<title>Johnson &amp; Johnson inciar\u00e1 fase inicial da vacina de covid-19 em setembro<\/title>\n<meta name=\"description\" content=\"A Johnson &amp; Johnson iniciar\u00e1 a fase inicial de sua vacina experimental contra o coronav\u00edrus (covid-19) em setembro. Clique para ver mais.\" \/>\n<meta name=\"robots\" content=\"index, follow, max-snippet:-1, max-image-preview:large, max-video-preview:-1\" \/>\n<link rel=\"canonical\" href=\"https:\/\/www.suno.com.br\/noticias\/johnson-johnson-inciara-fase-inicial-vacina-covid-19-setembro\/\" \/>\n<meta property=\"og:locale\" content=\"pt_BR\" \/>\n<meta property=\"og:type\" content=\"article\" \/>\n<meta property=\"og:title\" content=\"Johnson &amp; Johnson inciar\u00e1 fase inicial da vacina de covid-19 em setembro\" \/>\n<meta property=\"og:description\" content=\"A Johnson &amp; Johnson iniciar\u00e1 a fase inicial de sua vacina experimental contra o coronav\u00edrus (covid-19) em setembro. Clique para ver mais.\" \/>\n<meta property=\"og:url\" content=\"https:\/\/www.suno.com.br\/noticias\/johnson-johnson-inciara-fase-inicial-vacina-covid-19-setembro\/\" \/>\n<meta property=\"og:site_name\" content=\"Suno Not\u00edcias\" \/>\n<meta property=\"article:publisher\" content=\"https:\/\/facebook.com\/sunoresearch\" \/>\n<meta property=\"og:image\" content=\"https:\/\/files.sunoresearch.com.br\/n\/uploads\/2019\/05\/2dd3d7ed-19916066779_6929328cf0_k.jpg\" \/>\n\t<meta property=\"og:image:width\" content=\"2047\" \/>\n\t<meta property=\"og:image:height\" content=\"1356\" \/>\n\t<meta property=\"og:image:type\" content=\"image\/jpeg\" \/>\n<meta name=\"author\" content=\"Daniel Guimar\u00e3es\" \/>\n<meta name=\"twitter:card\" content=\"summary_large_image\" \/>\n<meta name=\"twitter:creator\" content=\"@sunoresearch\" \/>\n<meta name=\"twitter:site\" content=\"@sunoresearch\" \/>\n<meta name=\"twitter:label1\" content=\"Escrito por\" \/>\n\t<meta name=\"twitter:data1\" content=\"Daniel Guimar\u00e3es\" \/>\n\t<meta name=\"twitter:label2\" content=\"Est. tempo de leitura\" \/>\n\t<meta name=\"twitter:data2\" content=\"2 minutos\" \/>\n<script type=\"application\/ld+json\" class=\"yoast-schema-graph\">{\"@context\":\"https:\/\/schema.org\",\"@graph\":[{\"@type\":\"NewsArticle\",\"@id\":\"https:\/\/www.suno.com.br\/noticias\/johnson-johnson-inciara-fase-inicial-vacina-covid-19-setembro\/#article\",\"isPartOf\":{\"@id\":\"https:\/\/www.suno.com.br\/noticias\/johnson-johnson-inciara-fase-inicial-vacina-covid-19-setembro\/\"},\"author\":{\"name\":\"Daniel Guimar\u00e3es\",\"@id\":\"https:\/\/www.suno.com.br\/noticias\/#\/schema\/person\/a7796c19fcf6bafd03b9a2fa1fd9ae20\"},\"headline\":\"Johnson &#038; Johnson inciar\u00e1 fase inicial da vacina de covid-19 em setembro\",\"datePublished\":\"2020-08-20T19:34:27+00:00\",\"mainEntityOfPage\":{\"@id\":\"https:\/\/www.suno.com.br\/noticias\/johnson-johnson-inciara-fase-inicial-vacina-covid-19-setembro\/\"},\"wordCount\":422,\"publisher\":{\"@id\":\"https:\/\/www.suno.com.br\/noticias\/#organization\"},\"image\":{\"@id\":\"https:\/\/www.suno.com.br\/noticias\/johnson-johnson-inciara-fase-inicial-vacina-covid-19-setembro\/#primaryimage\"},\"thumbnailUrl\":\"https:\/\/files.sunoresearch.com.br\/n\/uploads\/2019\/05\/2dd3d7ed-19916066779_6929328cf0_k-jpg.webp\",\"keywords\":[\"coronav\u00edrus\",\"Johnson &amp; Johnson (JNJB34)\",\"vacina\"],\"articleSection\":[\"Neg\u00f3cios\"],\"inLanguage\":\"pt-BR\"},{\"@type\":\"WebPage\",\"@id\":\"https:\/\/www.suno.com.br\/noticias\/johnson-johnson-inciara-fase-inicial-vacina-covid-19-setembro\/\",\"url\":\"https:\/\/www.suno.com.br\/noticias\/johnson-johnson-inciara-fase-inicial-vacina-covid-19-setembro\/\",\"name\":\"Johnson & Johnson inciar\u00e1 fase inicial da vacina de covid-19 em setembro\",\"isPartOf\":{\"@id\":\"https:\/\/www.suno.com.br\/noticias\/#website\"},\"primaryImageOfPage\":{\"@id\":\"https:\/\/www.suno.com.br\/noticias\/johnson-johnson-inciara-fase-inicial-vacina-covid-19-setembro\/#primaryimage\"},\"image\":{\"@id\":\"https:\/\/www.suno.com.br\/noticias\/johnson-johnson-inciara-fase-inicial-vacina-covid-19-setembro\/#primaryimage\"},\"thumbnailUrl\":\"https:\/\/files.sunoresearch.com.br\/n\/uploads\/2019\/05\/2dd3d7ed-19916066779_6929328cf0_k-jpg.webp\",\"datePublished\":\"2020-08-20T19:34:27+00:00\",\"description\":\"A Johnson & Johnson iniciar\u00e1 a fase inicial de sua vacina experimental contra o coronav\u00edrus (covid-19) em setembro. Clique para ver mais.\",\"breadcrumb\":{\"@id\":\"https:\/\/www.suno.com.br\/noticias\/johnson-johnson-inciara-fase-inicial-vacina-covid-19-setembro\/#breadcrumb\"},\"inLanguage\":\"pt-BR\",\"potentialAction\":[{\"@type\":\"ReadAction\",\"target\":[\"https:\/\/www.suno.com.br\/noticias\/johnson-johnson-inciara-fase-inicial-vacina-covid-19-setembro\/\"]}]},{\"@type\":\"ImageObject\",\"inLanguage\":\"pt-BR\",\"@id\":\"https:\/\/www.suno.com.br\/noticias\/johnson-johnson-inciara-fase-inicial-vacina-covid-19-setembro\/#primaryimage\",\"url\":\"https:\/\/files.sunoresearch.com.br\/n\/uploads\/2019\/05\/2dd3d7ed-19916066779_6929328cf0_k-jpg.webp\",\"contentUrl\":\"https:\/\/files.sunoresearch.com.br\/n\/uploads\/2019\/05\/2dd3d7ed-19916066779_6929328cf0_k-jpg.webp\",\"width\":2047,\"height\":1356,\"caption\":\"Johnson & Johnson amplia lucro\"},{\"@type\":\"BreadcrumbList\",\"@id\":\"https:\/\/www.suno.com.br\/noticias\/johnson-johnson-inciara-fase-inicial-vacina-covid-19-setembro\/#breadcrumb\",\"itemListElement\":[{\"@type\":\"ListItem\",\"position\":1,\"name\":\"Not\u00edcias\",\"item\":\"https:\/\/www.suno.com.br\/noticias\/\"},{\"@type\":\"ListItem\",\"position\":2,\"name\":\"Neg\u00f3cios\",\"item\":\"https:\/\/www.suno.com.br\/noticias\/negocios\/\"},{\"@type\":\"ListItem\",\"position\":3,\"name\":\"Johnson &#038; Johnson inciar\u00e1 fase inicial da vacina de covid-19 em setembro\"}]},{\"@type\":\"WebSite\",\"@id\":\"https:\/\/www.suno.com.br\/noticias\/#website\",\"url\":\"https:\/\/www.suno.com.br\/noticias\/\",\"name\":\"Suno Not\u00edcias\",\"description\":\"Seu portal de informa\u00e7\u00e3o sobre o mundo dos investimentos\",\"publisher\":{\"@id\":\"https:\/\/www.suno.com.br\/noticias\/#organization\"},\"potentialAction\":[{\"@type\":\"SearchAction\",\"target\":{\"@type\":\"EntryPoint\",\"urlTemplate\":\"https:\/\/www.suno.com.br\/noticias\/?s={search_term_string}\"},\"query-input\":{\"@type\":\"PropertyValueSpecification\",\"valueRequired\":true,\"valueName\":\"search_term_string\"}}],\"inLanguage\":\"pt-BR\"},{\"@type\":\"Organization\",\"@id\":\"https:\/\/www.suno.com.br\/noticias\/#organization\",\"name\":\"Suno Not\u00edcias\",\"url\":\"https:\/\/www.suno.com.br\/noticias\/\",\"logo\":{\"@type\":\"ImageObject\",\"inLanguage\":\"pt-BR\",\"@id\":\"https:\/\/www.suno.com.br\/noticias\/#\/schema\/logo\/image\/\",\"url\":\"https:\/\/files.sunoresearch.com.br\/n\/uploads\/2021\/09\/suno-logo.png\",\"contentUrl\":\"https:\/\/files.sunoresearch.com.br\/n\/uploads\/2021\/09\/suno-logo.png\",\"width\":180,\"height\":180,\"caption\":\"Suno Not\u00edcias\"},\"image\":{\"@id\":\"https:\/\/www.suno.com.br\/noticias\/#\/schema\/logo\/image\/\"},\"sameAs\":[\"https:\/\/facebook.com\/sunoresearch\",\"https:\/\/x.com\/sunoresearch\",\"https:\/\/www.instagram.com\/suno\",\"https:\/\/www.linkedin.com\/company\/suno-research\/\",\"https:\/\/www.youtube.com\/c\/sunoresearch\"]},{\"@type\":\"Person\",\"@id\":\"https:\/\/www.suno.com.br\/noticias\/#\/schema\/person\/a7796c19fcf6bafd03b9a2fa1fd9ae20\",\"name\":\"Daniel Guimar\u00e3es\",\"image\":{\"@type\":\"ImageObject\",\"inLanguage\":\"pt-BR\",\"@id\":\"https:\/\/www.suno.com.br\/noticias\/#\/schema\/person\/image\/\",\"url\":\"https:\/\/secure.gravatar.com\/avatar\/fb8260757609f58f0c0ac079d1b32eff?s=96&r=g\",\"contentUrl\":\"https:\/\/secure.gravatar.com\/avatar\/fb8260757609f58f0c0ac079d1b32eff?s=96&r=g\",\"caption\":\"Daniel Guimar\u00e3es\"},\"description\":\"Estagi\u00e1rio na Suno Not\u00edcias, Daniel escreve not\u00edcias que afetam o mercado financeiro brasileiro e internacional. Estuda economia na Rutgers University, em New Jersey.\",\"sameAs\":[\"suno.research\"],\"url\":\"https:\/\/www.suno.com.br\/noticias\/author\/daniel\/\"}]}<\/script>\n<!-- \/ Yoast SEO plugin. -->","yoast_head_json":{"title":"Johnson & Johnson inciar\u00e1 fase inicial da vacina de covid-19 em setembro","description":"A Johnson & Johnson iniciar\u00e1 a fase inicial de sua vacina experimental contra o coronav\u00edrus (covid-19) em setembro. Clique para ver mais.","robots":{"index":"index","follow":"follow","max-snippet":"max-snippet:-1","max-image-preview":"max-image-preview:large","max-video-preview":"max-video-preview:-1"},"canonical":"https:\/\/www.suno.com.br\/noticias\/johnson-johnson-inciara-fase-inicial-vacina-covid-19-setembro\/","og_locale":"pt_BR","og_type":"article","og_title":"Johnson & Johnson inciar\u00e1 fase inicial da vacina de covid-19 em setembro","og_description":"A Johnson & Johnson iniciar\u00e1 a fase inicial de sua vacina experimental contra o coronav\u00edrus (covid-19) em setembro. Clique para ver mais.","og_url":"https:\/\/www.suno.com.br\/noticias\/johnson-johnson-inciara-fase-inicial-vacina-covid-19-setembro\/","og_site_name":"Suno Not\u00edcias","article_publisher":"https:\/\/facebook.com\/sunoresearch","og_image":[{"width":2047,"height":1356,"url":"https:\/\/files.sunoresearch.com.br\/n\/uploads\/2019\/05\/2dd3d7ed-19916066779_6929328cf0_k.jpg","type":"image\/jpeg"}],"author":"Daniel Guimar\u00e3es","twitter_card":"summary_large_image","twitter_creator":"@sunoresearch","twitter_site":"@sunoresearch","twitter_misc":{"Escrito por":"Daniel Guimar\u00e3es","Est. tempo de leitura":"2 minutos"},"schema":{"@context":"https:\/\/schema.org","@graph":[{"@type":"NewsArticle","@id":"https:\/\/www.suno.com.br\/noticias\/johnson-johnson-inciara-fase-inicial-vacina-covid-19-setembro\/#article","isPartOf":{"@id":"https:\/\/www.suno.com.br\/noticias\/johnson-johnson-inciara-fase-inicial-vacina-covid-19-setembro\/"},"author":{"name":"Daniel Guimar\u00e3es","@id":"https:\/\/www.suno.com.br\/noticias\/#\/schema\/person\/a7796c19fcf6bafd03b9a2fa1fd9ae20"},"headline":"Johnson &#038; Johnson inciar\u00e1 fase inicial da vacina de covid-19 em setembro","datePublished":"2020-08-20T19:34:27+00:00","mainEntityOfPage":{"@id":"https:\/\/www.suno.com.br\/noticias\/johnson-johnson-inciara-fase-inicial-vacina-covid-19-setembro\/"},"wordCount":422,"publisher":{"@id":"https:\/\/www.suno.com.br\/noticias\/#organization"},"image":{"@id":"https:\/\/www.suno.com.br\/noticias\/johnson-johnson-inciara-fase-inicial-vacina-covid-19-setembro\/#primaryimage"},"thumbnailUrl":"https:\/\/files.sunoresearch.com.br\/n\/uploads\/2019\/05\/2dd3d7ed-19916066779_6929328cf0_k-jpg.webp","keywords":["coronav\u00edrus","Johnson &amp; Johnson (JNJB34)","vacina"],"articleSection":["Neg\u00f3cios"],"inLanguage":"pt-BR"},{"@type":"WebPage","@id":"https:\/\/www.suno.com.br\/noticias\/johnson-johnson-inciara-fase-inicial-vacina-covid-19-setembro\/","url":"https:\/\/www.suno.com.br\/noticias\/johnson-johnson-inciara-fase-inicial-vacina-covid-19-setembro\/","name":"Johnson & Johnson inciar\u00e1 fase inicial da vacina de covid-19 em setembro","isPartOf":{"@id":"https:\/\/www.suno.com.br\/noticias\/#website"},"primaryImageOfPage":{"@id":"https:\/\/www.suno.com.br\/noticias\/johnson-johnson-inciara-fase-inicial-vacina-covid-19-setembro\/#primaryimage"},"image":{"@id":"https:\/\/www.suno.com.br\/noticias\/johnson-johnson-inciara-fase-inicial-vacina-covid-19-setembro\/#primaryimage"},"thumbnailUrl":"https:\/\/files.sunoresearch.com.br\/n\/uploads\/2019\/05\/2dd3d7ed-19916066779_6929328cf0_k-jpg.webp","datePublished":"2020-08-20T19:34:27+00:00","description":"A Johnson & Johnson iniciar\u00e1 a fase inicial de sua vacina experimental contra o coronav\u00edrus (covid-19) em setembro. Clique para ver mais.","breadcrumb":{"@id":"https:\/\/www.suno.com.br\/noticias\/johnson-johnson-inciara-fase-inicial-vacina-covid-19-setembro\/#breadcrumb"},"inLanguage":"pt-BR","potentialAction":[{"@type":"ReadAction","target":["https:\/\/www.suno.com.br\/noticias\/johnson-johnson-inciara-fase-inicial-vacina-covid-19-setembro\/"]}]},{"@type":"ImageObject","inLanguage":"pt-BR","@id":"https:\/\/www.suno.com.br\/noticias\/johnson-johnson-inciara-fase-inicial-vacina-covid-19-setembro\/#primaryimage","url":"https:\/\/files.sunoresearch.com.br\/n\/uploads\/2019\/05\/2dd3d7ed-19916066779_6929328cf0_k-jpg.webp","contentUrl":"https:\/\/files.sunoresearch.com.br\/n\/uploads\/2019\/05\/2dd3d7ed-19916066779_6929328cf0_k-jpg.webp","width":2047,"height":1356,"caption":"Johnson & Johnson amplia lucro"},{"@type":"BreadcrumbList","@id":"https:\/\/www.suno.com.br\/noticias\/johnson-johnson-inciara-fase-inicial-vacina-covid-19-setembro\/#breadcrumb","itemListElement":[{"@type":"ListItem","position":1,"name":"Not\u00edcias","item":"https:\/\/www.suno.com.br\/noticias\/"},{"@type":"ListItem","position":2,"name":"Neg\u00f3cios","item":"https:\/\/www.suno.com.br\/noticias\/negocios\/"},{"@type":"ListItem","position":3,"name":"Johnson &#038; Johnson inciar\u00e1 fase inicial da vacina de covid-19 em setembro"}]},{"@type":"WebSite","@id":"https:\/\/www.suno.com.br\/noticias\/#website","url":"https:\/\/www.suno.com.br\/noticias\/","name":"Suno Not\u00edcias","description":"Seu portal de informa\u00e7\u00e3o sobre o mundo dos investimentos","publisher":{"@id":"https:\/\/www.suno.com.br\/noticias\/#organization"},"potentialAction":[{"@type":"SearchAction","target":{"@type":"EntryPoint","urlTemplate":"https:\/\/www.suno.com.br\/noticias\/?s={search_term_string}"},"query-input":{"@type":"PropertyValueSpecification","valueRequired":true,"valueName":"search_term_string"}}],"inLanguage":"pt-BR"},{"@type":"Organization","@id":"https:\/\/www.suno.com.br\/noticias\/#organization","name":"Suno Not\u00edcias","url":"https:\/\/www.suno.com.br\/noticias\/","logo":{"@type":"ImageObject","inLanguage":"pt-BR","@id":"https:\/\/www.suno.com.br\/noticias\/#\/schema\/logo\/image\/","url":"https:\/\/files.sunoresearch.com.br\/n\/uploads\/2021\/09\/suno-logo.png","contentUrl":"https:\/\/files.sunoresearch.com.br\/n\/uploads\/2021\/09\/suno-logo.png","width":180,"height":180,"caption":"Suno Not\u00edcias"},"image":{"@id":"https:\/\/www.suno.com.br\/noticias\/#\/schema\/logo\/image\/"},"sameAs":["https:\/\/facebook.com\/sunoresearch","https:\/\/x.com\/sunoresearch","https:\/\/www.instagram.com\/suno","https:\/\/www.linkedin.com\/company\/suno-research\/","https:\/\/www.youtube.com\/c\/sunoresearch"]},{"@type":"Person","@id":"https:\/\/www.suno.com.br\/noticias\/#\/schema\/person\/a7796c19fcf6bafd03b9a2fa1fd9ae20","name":"Daniel Guimar\u00e3es","image":{"@type":"ImageObject","inLanguage":"pt-BR","@id":"https:\/\/www.suno.com.br\/noticias\/#\/schema\/person\/image\/","url":"https:\/\/secure.gravatar.com\/avatar\/fb8260757609f58f0c0ac079d1b32eff?s=96&r=g","contentUrl":"https:\/\/secure.gravatar.com\/avatar\/fb8260757609f58f0c0ac079d1b32eff?s=96&r=g","caption":"Daniel Guimar\u00e3es"},"description":"Estagi\u00e1rio na Suno Not\u00edcias, Daniel escreve not\u00edcias que afetam o mercado financeiro brasileiro e internacional. Estuda economia na Rutgers University, em New Jersey.","sameAs":["suno.research"],"url":"https:\/\/www.suno.com.br\/noticias\/author\/daniel\/"}]}},"default_loop_html":"<div class=\"cardsPage__listCard__boxs\"><div class=\"cardsPage__listCard__boxs__img\"><a href=\"https:\/\/www.suno.com.br\/noticias\/johnson-johnson-inciara-fase-inicial-vacina-covid-19-setembro\/\"><img class=\"mask\" src=\"https:\/\/www.suno.com.br\/noticias\/wp-content\/themes\/suno\/resources\/images\/spotlight\/spotlight1img\/bg-mask.png\" alt=\"Image Mask\"\/><img src=\"https:\/\/files.sunoresearch.com.br\/n\/uploads\/2019\/05\/2dd3d7ed-19916066779_6929328cf0_k-400x200.webp\" alt=\"Johnson &#038; Johnson inciar\u00e1 fase inicial da vacina de covid-19 em setembro\"\/><\/a><span class=\"spotlightCategory\"><a href=\"https:\/\/www.suno.com.br\/noticias\/negocios\/\">Neg\u00f3cios<\/a><\/span><\/div><div class=\"cardsPage__listCard__boxs__content\"><a href=\"https:\/\/www.suno.com.br\/noticias\/johnson-johnson-inciara-fase-inicial-vacina-covid-19-setembro\/\"><h2 class=\"content__title\">Johnson &#038; Johnson inciar\u00e1 fase inicial da vacina de covid-19 em setembro<\/h2><\/a><div class=\"newsContent__article__meta\"><div class=\"newsContent__article__meta__authorBox\"><a href=\"https:\/\/www.suno.com.br\/noticias\/author\/daniel\/\" class=\"authorBox__avatar noMobi\"><img src=\"https:\/\/files.sunoresearch.com.br\/n\/uploads\/2020\/08\/e51aadd2-whatsapp-image-2020-08-03-at-14.03.48-150x150.webp\" alt=\"Daniel Guimar\u00e3es\"><\/a><div class=\"authorBox__name\"><span>por\n\t\t\t<a href=\"https:\/\/www.suno.com.br\/noticias\/author\/daniel\/\"><span itemprop=\"author\">Daniel Guimar\u00e3es<\/span><\/a><\/span><time datetime=\"2020-08-20T16:34:27-03:00\" itemprop=\"datePublished\">20\/08\/2020 16:34<\/time><\/div><\/div><\/div><\/div><\/div>","single_layout":"posts","amp_enabled":true,"_links":{"self":[{"href":"https:\/\/www.suno.com.br\/noticias\/wp-json\/wp\/v2\/posts\/79658"}],"collection":[{"href":"https:\/\/www.suno.com.br\/noticias\/wp-json\/wp\/v2\/posts"}],"about":[{"href":"https:\/\/www.suno.com.br\/noticias\/wp-json\/wp\/v2\/types\/post"}],"author":[{"embeddable":true,"href":"https:\/\/www.suno.com.br\/noticias\/wp-json\/wp\/v2\/users\/44"}],"replies":[{"embeddable":true,"href":"https:\/\/www.suno.com.br\/noticias\/wp-json\/wp\/v2\/comments?post=79658"}],"version-history":[{"count":0,"href":"https:\/\/www.suno.com.br\/noticias\/wp-json\/wp\/v2\/posts\/79658\/revisions"}],"wp:featuredmedia":[{"embeddable":true,"href":"https:\/\/www.suno.com.br\/noticias\/wp-json\/wp\/v2\/media\/24857"}],"wp:attachment":[{"href":"https:\/\/www.suno.com.br\/noticias\/wp-json\/wp\/v2\/media?parent=79658"}],"wp:term":[{"taxonomy":"category","embeddable":true,"href":"https:\/\/www.suno.com.br\/noticias\/wp-json\/wp\/v2\/categories?post=79658"},{"taxonomy":"post_tag","embeddable":true,"href":"https:\/\/www.suno.com.br\/noticias\/wp-json\/wp\/v2\/tags?post=79658"},{"taxonomy":"suno_strategy","embeddable":true,"href":"https:\/\/www.suno.com.br\/noticias\/wp-json\/wp\/v2\/suno_strategy?post=79658"}],"curies":[{"name":"wp","href":"https:\/\/api.w.org\/{rel}","templated":true}]}}