{"id":79619,"date":"2020-08-20T16:33:11","date_gmt":"2020-08-20T19:33:11","guid":{"rendered":"https:\/\/www.suno.com.br\/noticias\/?p=79619"},"modified":"2020-08-20T20:46:46","modified_gmt":"2020-08-20T23:46:46","slug":"lyft-suspende-atividades-california","status":"publish","type":"post","link":"https:\/\/www.suno.com.br\/noticias\/lyft-suspende-atividades-california\/","title":{"rendered":"Lyft suspende atividades na Calif\u00f3rnia"},"content":{"rendered":"<p>O aplicativo americano de transporte urbano, <strong>Lyft <\/strong>(<a href=\"https:\/\/www.suno.com.br\/artigos\/nasdaq\/\">NASDAQ<\/a>: LYFT),\u00a0 anunciou nessa quinta-feira (20) que vai suspender suas opera\u00e7\u00f5es na Calif\u00f3rnia a partir da meia-noite<\/p>\t<div class=\"wrapper-featured-image\">\n\t\t<figure class=\"spotlightImg\">\n\n\t\t\t<picture>\n\t\t\t\t<source media=\"(max-width: 768px)\" srcset=\"https:\/\/files.sunoresearch.com.br\/n\/uploads\/2020\/08\/de8fc735-phone-app-arm-hand-400x200.webp\">\n\t\t\t\t<img loading=\"lazy\" decoding=\"async\" class=\"newsContent__article__imgCapa lazyloadDisabled \" src=\"https:\/\/files.sunoresearch.com.br\/n\/uploads\/2020\/08\/de8fc735-phone-app-arm-hand-800x450.webp\" width=\"800\" height=\"450\" alt=\"Lyft suspende atividades na Calif\u00f3rnia\" fetchpriority=high \/>\n\t\t\t<\/picture>\n\n\t\t\t<figcaption class=\"wp-caption-text wp-caption-text--show\">Lyft suspende opera\u00e7\u00f5es<\/figcaption>\n\t\t<\/figure>\n\t<\/div>\n\n\n<div class=\"hubspot-form-wrapper\">\n\t<div id=\"single-form-target\"><\/div>\n<\/div>\n\n<p>A Lyft alegou que interromper\u00e1 suas atividades em fun\u00e7\u00e3o da lei estadual que exige que os motoristas tornem-se funcion\u00e1rios dos aplicativos at\u00e9 sexta-feira.<\/p>\n<p>A nova regulamenta\u00e7\u00e3o restringe o direito das empresas de classificar os trabalhadores como contratantes independentes, ou seja, concede <a href=\"https:\/\/www.suno.com.br\/artigos\/encargos-sociais\/\">direitos trabalhistas<\/a> aos motoristas dos aplicativos, como licen\u00e7a m\u00e9dica e outros benef\u00edcios que tornaram-se essenciais durante o per\u00edodo de pandemia causada pelo coronav\u00edrus (Covid-19).<\/p>\n<p><a href=\"https:\/\/lp.suno.com.br\/suno-one\/\">Suno One: acesse gratuitamente eBooks, Minicursos, Artigos e V\u00eddeo Aulas sobre investimentos com um \u00fanico cadastro. Clique para saber mais!<\/a><\/p>\n<p>O Estado da Calif\u00f3rnia processou a <strong>Uber<\/strong> e Lyft em maio desse ano sob a acusa\u00e7\u00e3o de violar a lei por parte das empresas por n\u00e3o tratarem seus trabalhadores como empregados formais.<\/p>\n<p>Os aplicativos de transporte urbano declararam que s\u00e3o plataformas que t\u00eam o objetivo de conectar os motoristas com os passageiros e n\u00e3o s\u00e3o empresas de transporte. Portanto, segundo a defesa de ambas, os motoristas n\u00e3o fazem parte do neg\u00f3cio da empresa.<\/p>\n<p><iframe loading=\"lazy\" src=\"https:\/\/www.youtube.com\/embed\/u42qG9Y4zJU\" width=\"560\" height=\"315\" frameborder=\"0\" allowfullscreen=\"allowfullscreen\"><\/iframe><br \/>\n\u201cEm vez disso, o que os pol\u00edticos de Sacramento [capital da Calif\u00f3rnia] est\u00e3o promovendo \u00e9 um modelo de emprego que quatro em cada cinco condutores n\u00e3o apoiam. Essa mudan\u00e7a tamb\u00e9m exigiria uma revis\u00e3o de todo o modelo de neg\u00f3cios, e n\u00e3o \u00e9 um interruptor que pode ser acionado durante a noite\u201d, completou a Lyft.<\/p>\n<p>No total, as a\u00e7\u00f5es da Uber e Lyft\u00a0 ca\u00edram 3,5%\u00a0 e 39,3%, respectivamente em 2020. Enquanto \u00edndice S&amp;P 500 subiu 4,6% desde o come\u00e7o do ano.<\/p>\n<h2>Uber enfrenta mesmo problema da Lyft<\/h2>\n<p>O <strong>Uber<\/strong> (<a href=\"https:\/\/www.suno.com.br\/artigos\/nyse\/\">NYSE<\/a>: UBER) tamb\u00e9m informou no dia 11 de agosto que poder\u00e1 ser obrigado a encerrar suas atividades na Calif\u00f3rnia caso a decis\u00e3o judicial que ordena que a companhia rival Lyft reclassifique seus motoristas como funcion\u00e1rios, entre em vigor.<\/p>\n<p><a href=\"https:\/\/www.suno.com.br\/noticias\/lyft-frota-carros-eletricos-2023\/\">Saiba mais: Lyft espera ter toda sua frota composta de carros el\u00e9tricos at\u00e9 2023<\/a><\/p>\n<p>A multinacional que atua na \u00e1rea de transporte privado urbano, por sua vez, alegou em seu processo judicial que a paralisa\u00e7\u00e3o das opera\u00e7\u00f5es seria irreparavelmente desfavor\u00e1vel, tanto para a companhia, bem como para seus colaboradores.<\/p>\n<p>O presidente-executivo da companhia, <strong>Dara<\/strong> <strong>Khosrowshahi<\/strong>, afirmou \u00e0 CNBC nessa quarta-feira (12) que &#8220;se o tribunal n\u00e3o reconsiderar, ent\u00e3o na Calif\u00f3rnia, \u00e9 dif\u00edcil acreditar que seremos capazes de mudar nosso modelo para ter contratados em tempo integral rapidamente&#8221;.<\/p>\n<p>Segundo a empresa, a decis\u00e3o representaria o maior golpe para o modelo de neg\u00f3cios dos aplicativos de transporte urbano.<\/p>\n<p>A medida \u00e9 vista como uma vit\u00f3ria para o procurador-geral da <strong>Calif\u00f3rnia<\/strong>, cujo processo, apoiado por procuradores-gerais de <strong>S\u00e3o Francisco<\/strong>, <strong>San Diego<\/strong> e <strong>Los Angeles<\/strong>, argumentou que os motoristas da Uber e <strong>Lyft<\/strong> enfrentam danos imediatos por n\u00e3o receber o mesmo tratamento, direitos e benef\u00edcios que um funcion\u00e1rio formal.<\/p>\n<p>O juiz do Tribunal Superior estadunidense, <strong>Ethan Schulman,<\/strong> concedeu uma liminar com prazo de 10 dias ordenando a reclassifica\u00e7\u00e3o, que aplicaria imediatamente uma lei promulgada no ano passado. Segundo as duas empresas, tal medida tornaria seus neg\u00f3cios invi\u00e1veis no estado da Calif\u00f3rnia.<\/p>\n<p>Os eleitores da Calif\u00f3rnia ir\u00e3o decidir em novembro sobre uma medida para isentar os trabalhadores de aplicativos, da lei citada no caso atual. Uber, Lyft e outras empresas do setor que cresce cada vez mais no mundo, dedicaram mais de US$ 100 milh\u00f5es para fazer campanha pela isen\u00e7\u00e3o dessa lei.<\/p>\n<p>O <strong>Uber<\/strong> disse que a \u201cgrande maioria\u201d de seus motoristas queria trabalhar de forma independente e \u201cj\u00e1 fizemos mudan\u00e7as significativas em nosso aplicativo para garantir que esse continue sendo o caso sob a lei da Calif\u00f3rnia\u201d.<\/p>\n<p><a href=\"https:\/\/www.suno.com.br\/noticias\/uber-encerrar-operacoes-california\/\">Saiba mais: Uber pode ter que encerrar opera\u00e7\u00f5es na Calif\u00f3rnia<\/a><\/p>\n<p>Uma porta-voz da <strong>Lyft<\/strong> disse: \u201cOs motoristas n\u00e3o querem ser funcion\u00e1rios, ponto final. Vamos apelar imediatamente desta decis\u00e3o e continuar lutando por sua independ\u00eancia. Em \u00faltima an\u00e1lise, acreditamos que essa quest\u00e3o ser\u00e1 decidida pelos eleitores da Calif\u00f3rnia e que eles ficar\u00e3o do lado dos motoristas \u201d.<\/p>\n\n","protected":false},"excerpt":{"rendered":"<p>O aplicativo americano de transporte urbano, Lyft (NASDAQ: LYFT),\u00a0 anunciou nessa quinta-feira (20) que vai suspender suas opera\u00e7\u00f5es na Calif\u00f3rnia a partir da meia-noite Lyft suspende opera\u00e7\u00f5es A Lyft alegou que interromper\u00e1 suas atividades em fun\u00e7\u00e3o da lei estadual que exige que os motoristas tornem-se funcion\u00e1rios dos aplicativos at\u00e9 sexta-feira. A nova regulamenta\u00e7\u00e3o restringe o [&hellip;]<\/p>\n","protected":false},"author":56,"featured_media":79650,"comment_status":"closed","ping_status":"closed","sticky":false,"template":"","format":"standard","meta":[],"categories":[63],"tags":[1209,954],"suno_strategy":[],"class_list":["post-79619","post","type-post","status-publish","format-standard","has-post-thumbnail","hentry","category-internacional","tag-lyft","tag-uber-u1be34"],"yoast_head":"<!-- This site is optimized with the Yoast SEO plugin v24.4 - https:\/\/yoast.com\/wordpress\/plugins\/seo\/ -->\n<title>Lyft anuncia suspens\u00e3o de todas suas atividades na Calif\u00f3rnia<\/title>\n<meta name=\"description\" content=\"A empresa norte-americana interrompe suas opera\u00e7\u00f5es na Calif\u00f3rnia devido a lei estadual em vigor esse ano. Clique aqui para saber mais.\" \/>\n<meta name=\"robots\" content=\"index, follow, max-snippet:-1, max-image-preview:large, max-video-preview:-1\" \/>\n<link rel=\"canonical\" href=\"https:\/\/www.suno.com.br\/noticias\/lyft-suspende-atividades-california\/\" \/>\n<meta property=\"og:locale\" content=\"pt_BR\" \/>\n<meta property=\"og:type\" content=\"article\" \/>\n<meta property=\"og:title\" content=\"Lyft anuncia suspens\u00e3o de todas suas atividades na Calif\u00f3rnia\" \/>\n<meta property=\"og:description\" content=\"A empresa norte-americana interrompe suas opera\u00e7\u00f5es na Calif\u00f3rnia devido a lei estadual em vigor esse ano. Clique aqui para saber mais.\" \/>\n<meta property=\"og:url\" content=\"https:\/\/www.suno.com.br\/noticias\/lyft-suspende-atividades-california\/\" \/>\n<meta property=\"og:site_name\" content=\"Suno Not\u00edcias\" \/>\n<meta property=\"article:publisher\" content=\"https:\/\/facebook.com\/sunoresearch\" \/>\n<meta property=\"og:image\" content=\"https:\/\/files.sunoresearch.com.br\/n\/uploads\/2020\/08\/de8fc735-phone-app-arm-hand.jpg\" \/>\n\t<meta property=\"og:image:width\" content=\"910\" \/>\n\t<meta property=\"og:image:height\" content=\"607\" \/>\n\t<meta property=\"og:image:type\" content=\"image\/jpeg\" \/>\n<meta name=\"author\" content=\"Rafaela La Regina\" \/>\n<meta name=\"twitter:card\" content=\"summary_large_image\" \/>\n<meta name=\"twitter:creator\" content=\"@sunoresearch\" \/>\n<meta name=\"twitter:site\" content=\"@sunoresearch\" \/>\n<meta name=\"twitter:label1\" content=\"Escrito por\" \/>\n\t<meta name=\"twitter:data1\" content=\"Rafaela La Regina\" \/>\n\t<meta name=\"twitter:label2\" content=\"Est. tempo de leitura\" \/>\n\t<meta name=\"twitter:data2\" content=\"4 minutos\" \/>\n<script type=\"application\/ld+json\" class=\"yoast-schema-graph\">{\"@context\":\"https:\/\/schema.org\",\"@graph\":[{\"@type\":\"NewsArticle\",\"@id\":\"https:\/\/www.suno.com.br\/noticias\/lyft-suspende-atividades-california\/#article\",\"isPartOf\":{\"@id\":\"https:\/\/www.suno.com.br\/noticias\/lyft-suspende-atividades-california\/\"},\"author\":{\"name\":\"Rafaela La Regina\",\"@id\":\"https:\/\/www.suno.com.br\/noticias\/#\/schema\/person\/e672ca8cea627fe715fa29bca7da95e0\"},\"headline\":\"Lyft suspende atividades na Calif\u00f3rnia\",\"datePublished\":\"2020-08-20T19:33:11+00:00\",\"dateModified\":\"2020-08-20T23:46:46+00:00\",\"mainEntityOfPage\":{\"@id\":\"https:\/\/www.suno.com.br\/noticias\/lyft-suspende-atividades-california\/\"},\"wordCount\":729,\"publisher\":{\"@id\":\"https:\/\/www.suno.com.br\/noticias\/#organization\"},\"image\":{\"@id\":\"https:\/\/www.suno.com.br\/noticias\/lyft-suspende-atividades-california\/#primaryimage\"},\"thumbnailUrl\":\"https:\/\/files.sunoresearch.com.br\/n\/uploads\/2020\/08\/de8fc735-phone-app-arm-hand-jpg.webp\",\"keywords\":[\"Lyft\",\"Uber (U1BE34)\"],\"articleSection\":[\"Internacional\"],\"inLanguage\":\"pt-BR\"},{\"@type\":\"WebPage\",\"@id\":\"https:\/\/www.suno.com.br\/noticias\/lyft-suspende-atividades-california\/\",\"url\":\"https:\/\/www.suno.com.br\/noticias\/lyft-suspende-atividades-california\/\",\"name\":\"Lyft anuncia suspens\u00e3o de todas suas atividades na Calif\u00f3rnia\",\"isPartOf\":{\"@id\":\"https:\/\/www.suno.com.br\/noticias\/#website\"},\"primaryImageOfPage\":{\"@id\":\"https:\/\/www.suno.com.br\/noticias\/lyft-suspende-atividades-california\/#primaryimage\"},\"image\":{\"@id\":\"https:\/\/www.suno.com.br\/noticias\/lyft-suspende-atividades-california\/#primaryimage\"},\"thumbnailUrl\":\"https:\/\/files.sunoresearch.com.br\/n\/uploads\/2020\/08\/de8fc735-phone-app-arm-hand-jpg.webp\",\"datePublished\":\"2020-08-20T19:33:11+00:00\",\"dateModified\":\"2020-08-20T23:46:46+00:00\",\"description\":\"A empresa norte-americana interrompe suas opera\u00e7\u00f5es na Calif\u00f3rnia devido a lei estadual em vigor esse ano. Clique aqui para saber mais.\",\"breadcrumb\":{\"@id\":\"https:\/\/www.suno.com.br\/noticias\/lyft-suspende-atividades-california\/#breadcrumb\"},\"inLanguage\":\"pt-BR\",\"potentialAction\":[{\"@type\":\"ReadAction\",\"target\":[\"https:\/\/www.suno.com.br\/noticias\/lyft-suspende-atividades-california\/\"]}]},{\"@type\":\"ImageObject\",\"inLanguage\":\"pt-BR\",\"@id\":\"https:\/\/www.suno.com.br\/noticias\/lyft-suspende-atividades-california\/#primaryimage\",\"url\":\"https:\/\/files.sunoresearch.com.br\/n\/uploads\/2020\/08\/de8fc735-phone-app-arm-hand-jpg.webp\",\"contentUrl\":\"https:\/\/files.sunoresearch.com.br\/n\/uploads\/2020\/08\/de8fc735-phone-app-arm-hand-jpg.webp\",\"width\":910,\"height\":607,\"caption\":\"Lyft suspende opera\u00e7\u00f5es\"},{\"@type\":\"BreadcrumbList\",\"@id\":\"https:\/\/www.suno.com.br\/noticias\/lyft-suspende-atividades-california\/#breadcrumb\",\"itemListElement\":[{\"@type\":\"ListItem\",\"position\":1,\"name\":\"Not\u00edcias\",\"item\":\"https:\/\/www.suno.com.br\/noticias\/\"},{\"@type\":\"ListItem\",\"position\":2,\"name\":\"Internacional\",\"item\":\"https:\/\/www.suno.com.br\/noticias\/internacional\/\"},{\"@type\":\"ListItem\",\"position\":3,\"name\":\"Lyft suspende atividades na Calif\u00f3rnia\"}]},{\"@type\":\"WebSite\",\"@id\":\"https:\/\/www.suno.com.br\/noticias\/#website\",\"url\":\"https:\/\/www.suno.com.br\/noticias\/\",\"name\":\"Suno Not\u00edcias\",\"description\":\"Seu portal de informa\u00e7\u00e3o sobre o mundo dos investimentos\",\"publisher\":{\"@id\":\"https:\/\/www.suno.com.br\/noticias\/#organization\"},\"potentialAction\":[{\"@type\":\"SearchAction\",\"target\":{\"@type\":\"EntryPoint\",\"urlTemplate\":\"https:\/\/www.suno.com.br\/noticias\/?s={search_term_string}\"},\"query-input\":{\"@type\":\"PropertyValueSpecification\",\"valueRequired\":true,\"valueName\":\"search_term_string\"}}],\"inLanguage\":\"pt-BR\"},{\"@type\":\"Organization\",\"@id\":\"https:\/\/www.suno.com.br\/noticias\/#organization\",\"name\":\"Suno Not\u00edcias\",\"url\":\"https:\/\/www.suno.com.br\/noticias\/\",\"logo\":{\"@type\":\"ImageObject\",\"inLanguage\":\"pt-BR\",\"@id\":\"https:\/\/www.suno.com.br\/noticias\/#\/schema\/logo\/image\/\",\"url\":\"https:\/\/files.sunoresearch.com.br\/n\/uploads\/2021\/09\/suno-logo.png\",\"contentUrl\":\"https:\/\/files.sunoresearch.com.br\/n\/uploads\/2021\/09\/suno-logo.png\",\"width\":180,\"height\":180,\"caption\":\"Suno Not\u00edcias\"},\"image\":{\"@id\":\"https:\/\/www.suno.com.br\/noticias\/#\/schema\/logo\/image\/\"},\"sameAs\":[\"https:\/\/facebook.com\/sunoresearch\",\"https:\/\/x.com\/sunoresearch\",\"https:\/\/www.instagram.com\/suno\",\"https:\/\/www.linkedin.com\/company\/suno-research\/\",\"https:\/\/www.youtube.com\/c\/sunoresearch\"]},{\"@type\":\"Person\",\"@id\":\"https:\/\/www.suno.com.br\/noticias\/#\/schema\/person\/e672ca8cea627fe715fa29bca7da95e0\",\"name\":\"Rafaela La Regina\",\"image\":{\"@type\":\"ImageObject\",\"inLanguage\":\"pt-BR\",\"@id\":\"https:\/\/www.suno.com.br\/noticias\/#\/schema\/person\/image\/\",\"url\":\"https:\/\/secure.gravatar.com\/avatar\/d2c75a52d243deb93d0465fdcb21bd37?s=96&r=g\",\"contentUrl\":\"https:\/\/secure.gravatar.com\/avatar\/d2c75a52d243deb93d0465fdcb21bd37?s=96&r=g\",\"caption\":\"Rafaela La Regina\"},\"description\":\"Estagi\u00e1ria no Suno Not\u00edcias. Escreve sobre economia, pol\u00edtica e neg\u00f3cios. Estuda Rela\u00e7\u00f5es Internacionais no IBMEC-SP.\",\"url\":\"https:\/\/www.suno.com.br\/noticias\/author\/rafaela-la-regina\/\"}]}<\/script>\n<!-- \/ Yoast SEO plugin. -->","yoast_head_json":{"title":"Lyft anuncia suspens\u00e3o de todas suas atividades na Calif\u00f3rnia","description":"A empresa norte-americana interrompe suas opera\u00e7\u00f5es na Calif\u00f3rnia devido a lei estadual em vigor esse ano. Clique aqui para saber mais.","robots":{"index":"index","follow":"follow","max-snippet":"max-snippet:-1","max-image-preview":"max-image-preview:large","max-video-preview":"max-video-preview:-1"},"canonical":"https:\/\/www.suno.com.br\/noticias\/lyft-suspende-atividades-california\/","og_locale":"pt_BR","og_type":"article","og_title":"Lyft anuncia suspens\u00e3o de todas suas atividades na Calif\u00f3rnia","og_description":"A empresa norte-americana interrompe suas opera\u00e7\u00f5es na Calif\u00f3rnia devido a lei estadual em vigor esse ano. Clique aqui para saber mais.","og_url":"https:\/\/www.suno.com.br\/noticias\/lyft-suspende-atividades-california\/","og_site_name":"Suno Not\u00edcias","article_publisher":"https:\/\/facebook.com\/sunoresearch","og_image":[{"width":910,"height":607,"url":"https:\/\/files.sunoresearch.com.br\/n\/uploads\/2020\/08\/de8fc735-phone-app-arm-hand.jpg","type":"image\/jpeg"}],"author":"Rafaela La Regina","twitter_card":"summary_large_image","twitter_creator":"@sunoresearch","twitter_site":"@sunoresearch","twitter_misc":{"Escrito por":"Rafaela La Regina","Est. tempo de leitura":"4 minutos"},"schema":{"@context":"https:\/\/schema.org","@graph":[{"@type":"NewsArticle","@id":"https:\/\/www.suno.com.br\/noticias\/lyft-suspende-atividades-california\/#article","isPartOf":{"@id":"https:\/\/www.suno.com.br\/noticias\/lyft-suspende-atividades-california\/"},"author":{"name":"Rafaela La Regina","@id":"https:\/\/www.suno.com.br\/noticias\/#\/schema\/person\/e672ca8cea627fe715fa29bca7da95e0"},"headline":"Lyft suspende atividades na Calif\u00f3rnia","datePublished":"2020-08-20T19:33:11+00:00","dateModified":"2020-08-20T23:46:46+00:00","mainEntityOfPage":{"@id":"https:\/\/www.suno.com.br\/noticias\/lyft-suspende-atividades-california\/"},"wordCount":729,"publisher":{"@id":"https:\/\/www.suno.com.br\/noticias\/#organization"},"image":{"@id":"https:\/\/www.suno.com.br\/noticias\/lyft-suspende-atividades-california\/#primaryimage"},"thumbnailUrl":"https:\/\/files.sunoresearch.com.br\/n\/uploads\/2020\/08\/de8fc735-phone-app-arm-hand-jpg.webp","keywords":["Lyft","Uber (U1BE34)"],"articleSection":["Internacional"],"inLanguage":"pt-BR"},{"@type":"WebPage","@id":"https:\/\/www.suno.com.br\/noticias\/lyft-suspende-atividades-california\/","url":"https:\/\/www.suno.com.br\/noticias\/lyft-suspende-atividades-california\/","name":"Lyft anuncia suspens\u00e3o de todas suas atividades na Calif\u00f3rnia","isPartOf":{"@id":"https:\/\/www.suno.com.br\/noticias\/#website"},"primaryImageOfPage":{"@id":"https:\/\/www.suno.com.br\/noticias\/lyft-suspende-atividades-california\/#primaryimage"},"image":{"@id":"https:\/\/www.suno.com.br\/noticias\/lyft-suspende-atividades-california\/#primaryimage"},"thumbnailUrl":"https:\/\/files.sunoresearch.com.br\/n\/uploads\/2020\/08\/de8fc735-phone-app-arm-hand-jpg.webp","datePublished":"2020-08-20T19:33:11+00:00","dateModified":"2020-08-20T23:46:46+00:00","description":"A empresa norte-americana interrompe suas opera\u00e7\u00f5es na Calif\u00f3rnia devido a lei estadual em vigor esse ano. Clique aqui para saber mais.","breadcrumb":{"@id":"https:\/\/www.suno.com.br\/noticias\/lyft-suspende-atividades-california\/#breadcrumb"},"inLanguage":"pt-BR","potentialAction":[{"@type":"ReadAction","target":["https:\/\/www.suno.com.br\/noticias\/lyft-suspende-atividades-california\/"]}]},{"@type":"ImageObject","inLanguage":"pt-BR","@id":"https:\/\/www.suno.com.br\/noticias\/lyft-suspende-atividades-california\/#primaryimage","url":"https:\/\/files.sunoresearch.com.br\/n\/uploads\/2020\/08\/de8fc735-phone-app-arm-hand-jpg.webp","contentUrl":"https:\/\/files.sunoresearch.com.br\/n\/uploads\/2020\/08\/de8fc735-phone-app-arm-hand-jpg.webp","width":910,"height":607,"caption":"Lyft suspende opera\u00e7\u00f5es"},{"@type":"BreadcrumbList","@id":"https:\/\/www.suno.com.br\/noticias\/lyft-suspende-atividades-california\/#breadcrumb","itemListElement":[{"@type":"ListItem","position":1,"name":"Not\u00edcias","item":"https:\/\/www.suno.com.br\/noticias\/"},{"@type":"ListItem","position":2,"name":"Internacional","item":"https:\/\/www.suno.com.br\/noticias\/internacional\/"},{"@type":"ListItem","position":3,"name":"Lyft suspende atividades na Calif\u00f3rnia"}]},{"@type":"WebSite","@id":"https:\/\/www.suno.com.br\/noticias\/#website","url":"https:\/\/www.suno.com.br\/noticias\/","name":"Suno Not\u00edcias","description":"Seu portal de informa\u00e7\u00e3o sobre o mundo dos investimentos","publisher":{"@id":"https:\/\/www.suno.com.br\/noticias\/#organization"},"potentialAction":[{"@type":"SearchAction","target":{"@type":"EntryPoint","urlTemplate":"https:\/\/www.suno.com.br\/noticias\/?s={search_term_string}"},"query-input":{"@type":"PropertyValueSpecification","valueRequired":true,"valueName":"search_term_string"}}],"inLanguage":"pt-BR"},{"@type":"Organization","@id":"https:\/\/www.suno.com.br\/noticias\/#organization","name":"Suno Not\u00edcias","url":"https:\/\/www.suno.com.br\/noticias\/","logo":{"@type":"ImageObject","inLanguage":"pt-BR","@id":"https:\/\/www.suno.com.br\/noticias\/#\/schema\/logo\/image\/","url":"https:\/\/files.sunoresearch.com.br\/n\/uploads\/2021\/09\/suno-logo.png","contentUrl":"https:\/\/files.sunoresearch.com.br\/n\/uploads\/2021\/09\/suno-logo.png","width":180,"height":180,"caption":"Suno Not\u00edcias"},"image":{"@id":"https:\/\/www.suno.com.br\/noticias\/#\/schema\/logo\/image\/"},"sameAs":["https:\/\/facebook.com\/sunoresearch","https:\/\/x.com\/sunoresearch","https:\/\/www.instagram.com\/suno","https:\/\/www.linkedin.com\/company\/suno-research\/","https:\/\/www.youtube.com\/c\/sunoresearch"]},{"@type":"Person","@id":"https:\/\/www.suno.com.br\/noticias\/#\/schema\/person\/e672ca8cea627fe715fa29bca7da95e0","name":"Rafaela La Regina","image":{"@type":"ImageObject","inLanguage":"pt-BR","@id":"https:\/\/www.suno.com.br\/noticias\/#\/schema\/person\/image\/","url":"https:\/\/secure.gravatar.com\/avatar\/d2c75a52d243deb93d0465fdcb21bd37?s=96&r=g","contentUrl":"https:\/\/secure.gravatar.com\/avatar\/d2c75a52d243deb93d0465fdcb21bd37?s=96&r=g","caption":"Rafaela La Regina"},"description":"Estagi\u00e1ria no Suno Not\u00edcias. Escreve sobre economia, pol\u00edtica e neg\u00f3cios. Estuda Rela\u00e7\u00f5es Internacionais no IBMEC-SP.","url":"https:\/\/www.suno.com.br\/noticias\/author\/rafaela-la-regina\/"}]}},"default_loop_html":"<div class=\"cardsPage__listCard__boxs\"><div class=\"cardsPage__listCard__boxs__img\"><a href=\"https:\/\/www.suno.com.br\/noticias\/lyft-suspende-atividades-california\/\"><img class=\"mask\" src=\"https:\/\/www.suno.com.br\/noticias\/wp-content\/themes\/suno\/resources\/images\/spotlight\/spotlight1img\/bg-mask.png\" alt=\"Image Mask\"\/><img src=\"https:\/\/files.sunoresearch.com.br\/n\/uploads\/2020\/08\/de8fc735-phone-app-arm-hand-400x200.webp\" alt=\"Lyft suspende atividades na Calif\u00f3rnia\"\/><\/a><span class=\"spotlightCategory\"><a href=\"https:\/\/www.suno.com.br\/noticias\/internacional\/\">Internacional<\/a><\/span><\/div><div class=\"cardsPage__listCard__boxs__content\"><a href=\"https:\/\/www.suno.com.br\/noticias\/lyft-suspende-atividades-california\/\"><h2 class=\"content__title\">Lyft suspende atividades na Calif\u00f3rnia<\/h2><\/a><div class=\"newsContent__article__meta\"><div class=\"newsContent__article__meta__authorBox\"><a href=\"https:\/\/www.suno.com.br\/noticias\/author\/rafaela-la-regina\/\" class=\"authorBox__avatar noMobi\"><img src=\"https:\/\/secure.gravatar.com\/avatar\/d2c75a52d243deb93d0465fdcb21bd37?s=96&#038;r=g\" alt=\"Rafaela La Regina\"><\/a><div class=\"authorBox__name\"><span>por\n\t\t\t<a href=\"https:\/\/www.suno.com.br\/noticias\/author\/rafaela-la-regina\/\"><span itemprop=\"author\">Rafaela La Regina<\/span><\/a><\/span><time datetime=\"2020-08-20T16:33:11-03:00\" itemprop=\"datePublished\">20\/08\/2020 16:33<\/time><\/div><\/div><\/div><\/div><\/div>","single_layout":"posts","amp_enabled":true,"_links":{"self":[{"href":"https:\/\/www.suno.com.br\/noticias\/wp-json\/wp\/v2\/posts\/79619"}],"collection":[{"href":"https:\/\/www.suno.com.br\/noticias\/wp-json\/wp\/v2\/posts"}],"about":[{"href":"https:\/\/www.suno.com.br\/noticias\/wp-json\/wp\/v2\/types\/post"}],"author":[{"embeddable":true,"href":"https:\/\/www.suno.com.br\/noticias\/wp-json\/wp\/v2\/users\/56"}],"replies":[{"embeddable":true,"href":"https:\/\/www.suno.com.br\/noticias\/wp-json\/wp\/v2\/comments?post=79619"}],"version-history":[{"count":0,"href":"https:\/\/www.suno.com.br\/noticias\/wp-json\/wp\/v2\/posts\/79619\/revisions"}],"wp:featuredmedia":[{"embeddable":true,"href":"https:\/\/www.suno.com.br\/noticias\/wp-json\/wp\/v2\/media\/79650"}],"wp:attachment":[{"href":"https:\/\/www.suno.com.br\/noticias\/wp-json\/wp\/v2\/media?parent=79619"}],"wp:term":[{"taxonomy":"category","embeddable":true,"href":"https:\/\/www.suno.com.br\/noticias\/wp-json\/wp\/v2\/categories?post=79619"},{"taxonomy":"post_tag","embeddable":true,"href":"https:\/\/www.suno.com.br\/noticias\/wp-json\/wp\/v2\/tags?post=79619"},{"taxonomy":"suno_strategy","embeddable":true,"href":"https:\/\/www.suno.com.br\/noticias\/wp-json\/wp\/v2\/suno_strategy?post=79619"}],"curies":[{"name":"wp","href":"https:\/\/api.w.org\/{rel}","templated":true}]}}