{"id":79601,"date":"2020-08-20T12:59:33","date_gmt":"2020-08-20T15:59:33","guid":{"rendered":"https:\/\/www.suno.com.br\/noticias\/?p=79601"},"modified":"2021-02-18T15:22:57","modified_gmt":"2021-02-18T18:22:57","slug":"oi-oibr3-credores-querem-suspensao-de-assembleia","status":"publish","type":"post","link":"https:\/\/www.suno.com.br\/noticias\/oi-oibr3-credores-querem-suspensao-de-assembleia\/","title":{"rendered":"Oi (OIBR3) diz que credores querem a suspens\u00e3o de assembleia"},"content":{"rendered":"<p>A <a href=\"https:\/\/www.suno.com.br\/acoes\/oibr3\/\"><strong>Oi<\/strong> (OIBR3)<\/a> informou, nesta quinta-feira (20), que enxergou &#8220;com surpresa&#8221; a solicita\u00e7\u00e3o de suspens\u00e3o da assembleia geral marcada para o dia 8 de setembro. O pedido foi apresentado por <a href=\"https:\/\/www.suno.com.br\/acoes\/bbas3\/\">Banco do Brasil (BBAS3)<\/a> e <a href=\"https:\/\/www.suno.com.br\/acoes\/itub4\/\">Ita\u00fa Unibanco (ITUB4)<\/a>.<\/p>\t<div class=\"wrapper-featured-image\">\n\t\t<figure class=\"spotlightImg\">\n\n\t\t\t<picture>\n\t\t\t\t<source media=\"(max-width: 768px)\" srcset=\"https:\/\/files.sunoresearch.com.br\/n\/uploads\/2020\/08\/048f29d7-oi-oibr3-400x200.webp\">\n\t\t\t\t<img loading=\"lazy\" decoding=\"async\" class=\"newsContent__article__imgCapa lazyloadDisabled \" src=\"https:\/\/files.sunoresearch.com.br\/n\/uploads\/2020\/08\/048f29d7-oi-oibr3-800x450.webp\" width=\"800\" height=\"450\" alt=\"Oi (OIBR3) diz que credores querem a suspens\u00e3o de assembleia\" fetchpriority=high \/>\n\t\t\t<\/picture>\n\n\t\t\t<figcaption class=\"wp-caption-text wp-caption-text--show\">A S&amp;P elevou o rating da Oi de default para CCC+, com perspectiva est\u00e1vel<\/figcaption>\n\t\t<\/figure>\n\t<\/div>\n\n\n<div class=\"hubspot-form-wrapper\">\n\t<div id=\"single-form-target\"><\/div>\n<\/div>\n\n<p>A raz\u00e3o pela suspens\u00e3o apresentada pelas institui\u00e7\u00f5es \u00e9 o risco de contamina\u00e7\u00e3o por <a href=\"https:\/\/www.suno.com.br\/noticias\/?s=coronav%C3%ADrus\"><strong>coronav\u00edrus<\/strong> (Covid-19)<\/a> e em respeito \u00e0s medidas de distanciamento social. A assembleia estava marcada para a discuss\u00e3o do adiamento do plano de <a href=\"https:\/\/www.suno.com.br\/artigos\/recuperacao-judicial\/\"><strong>recupera\u00e7\u00e3o judicial<\/strong><\/a> da Oi, que est\u00e1 em curso desde 2016.<\/p>\n<p>Em resposta, a tele fisse que adotou uma s\u00e9rie de medidas para que o evento presencial fosse realizado. De acordo com a companhia, est\u00e3o sendo utilizadas diretrizes determinadas pela Organiza\u00e7\u00e3o Mundial da Sa\u00fade (<strong>OMS<\/strong>) e pelas autoridades do Rio de Janeiro, com o intuito de oferecer a maior seguran\u00e7a poss\u00edvel aos participantes.<\/p>\n<p><a href=\"https:\/\/lp.suno.com.br\/suno-one\/\">No Suno One voc\u00ea aprende a fazer seu dinheiro trabalhar para voc\u00ea. Cadastre-se gratuitamente agora!<\/a><\/p>\n<p>Al\u00e9m disso, a Oi disse que contratou um consultor m\u00e9dico infectologista para analistas e validar os protocolos de sa\u00fade que ser\u00e3o instaurados na assembleia, caso ela venha a acontecer.<\/p>\n<p>A companhia pontua que recebeu a licen\u00e7a da Vigil\u00e2ncia Sanit\u00e1ria municipal, e seguir\u00e1 os procedimentos sanit\u00e1rios necess\u00e1rios para eventos em lugares fechados. O Centro de Conven\u00e7\u00f5es SulAm\u00e9rica tem capacidade para 5.600 pessoas, mas a empresa trabalha com a possibilidade de participa\u00e7\u00e3o de 1\/5 da capacidade total, cerca de 1.000 pessoas, para respeitas as normas de distanciamento.<\/p>\n<p>A Oi, entretanto, espera que menos pessoas compare\u00e7am \u00e0 assembleia. Para isso, a empresa utiliza como base uma <strong>assembleia de credores<\/strong> marcada para 2017, quando foram registrados aproximadamente 25 mil votos, mas apenas 300 pessoas estiveram de forma presencial no local.<\/p>\n<p>A companhia ressaltou, em nota, a relev\u00e2ncia da assembleia para a continuidade das opera\u00e7\u00f5es da companhia, que visa vender seus ativos e estabelecer novos termos para pagamento de d\u00edvidas.<\/p>\n<h2>Oi pode se tornar insustent\u00e1vel, diz CEO<\/h2>\n<p>Segundo o CEO da Oi, <a href=\"https:\/\/www.suno.com.br\/tudo-sobre\/rodrigo-abreu\/\">Rodrigo Modesto de Abreu<\/a>, a tele brasileira pode perder a capacidade de investimento e se tornar insustent\u00e1vel no longo prazo &#8220;se nada mudar&#8221;. A companhia espera que a assembleia aconte\u00e7a para que o plano de recupera\u00e7\u00e3o judicial seja adiado. As informa\u00e7\u00f5es foram reveladas em entrevista ao jornal &#8220;O Estado de S.Paulo&#8221;, publicada na \u00faltima segunda-feira (17).<\/p>\n\t<div data-element=\"shortcode-read-more\" class=\"knowMore\">\n\t\t\t\t<span class=\"knowMore__title\">Veja tamb\u00e9m<\/span>\n\t\t\t\t<a class=\"knowMore__link\" href=\"https:\/\/www.suno.com.br\/noticias\/oi-oibr3-pode-perder-capacidade-investimento\/\">\n\t\t\tOi (OIBR3): tele pode se tornar insustent\u00e1vel &quot;se nada mudar&quot;, diz CEO\t\t<\/a>\n\t<\/div>\n\n\n<p>Caso os credores da operadora aprovem o adiamento, a Oi poder\u00e1 amortizar <strong>d\u00edvidas<\/strong> e garantir os investimentos futuros, essenciais para a continuidade da empresa. Segundo Abreu, h\u00e1 a expectativa de que o plano seja aprovado e que atenda aos credores. &#8220;Existe confian\u00e7a da nossa parte na possibilidade da aprova\u00e7\u00e3o. Fizemos v\u00e1rias modifica\u00e7\u00f5es para dar seguran\u00e7a a todos. Mas uma empresa s\u00f3 \u00e9 capaz de dar seguran\u00e7a aos credores se se recuperar de fato.&#8221;<\/p>\n<p>O executivo salientou que a <strong>Oi<\/strong> est\u00e1 &#8220;indo bem&#8221; do lado operacional, controlando custos, mas que o lado financeiro \u00e9 o que falta para o &#8220;neg\u00f3cio se tornar sustent\u00e1vel&#8221;. &#8220;Sem a aprova\u00e7\u00e3o, voltamos para casa e fazemos nova modifica\u00e7\u00e3o no plano para buscarmos um voto favor\u00e1vel numa assembleia futura. Esperamos que isso n\u00e3o aconte\u00e7a.&#8221;<\/p>\n\t<p>\n\t\t<a href=\"https:\/\/lp.suno.com.br\/planilha-de-controle-de-investimentos\/\" target=\"_blank\" data-element=\"shortcode-suno-banner\" title=\"Banner SUNO, clique e saiba mais\">\n\t\t\t<picture>\n\t\t\t\t<source media=\"(max-width: 500px)\" srcset=\"https:\/\/files.sunoresearch.com.br\/n\/uploads\/2023\/03\/400x300-Controle-de-Investimentos.png\">\n\t\t\t\t<img class=\"newsContent__article__imgCapa newsContent__article__imgCapa--banner\"\n\t\t\t\t\tsrc=\"https:\/\/files.sunoresearch.com.br\/n\/uploads\/2023\/03\/1420x240-Controle-de-Investimentos.png\"\n\t\t\t\t\tdata-promo-id=\"75934\"\t\t\t\t\t\t\t\t\t\twidth='1420' height='240'\t\t\t\t\talt=\"https:\/\/files.sunoresearch.com.br\/n\/uploads\/2023\/03\/1420x240-Controle-de-Investimentos.png\"\n\t\t\t\t>\n\t\t\t<\/picture>\n\t\t<\/a>\n\t<\/p>\n\n\n","protected":false},"excerpt":{"rendered":"<p>A Oi (OIBR3) informou, nesta quinta-feira (20), que enxergou &#8220;com surpresa&#8221; a solicita\u00e7\u00e3o de suspens\u00e3o da assembleia geral marcada para o dia 8 de setembro. O pedido foi apresentado por Banco do Brasil (BBAS3) e Ita\u00fa Unibanco (ITUB4). A S&amp;P elevou o rating da Oi de default para CCC+, com perspectiva est\u00e1vel A raz\u00e3o pela [&hellip;]<\/p>\n","protected":false},"author":24,"featured_media":78392,"comment_status":"closed","ping_status":"closed","sticky":false,"template":"","format":"standard","meta":[],"categories":[64],"tags":[17221,732,519,584],"suno_strategy":[],"class_list":["post-79601","post","type-post","status-publish","format-standard","has-post-thumbnail","hentry","category-negocios","tag-assembleia-geral","tag-banco-do-brasil-bbas3","tag-itau-unibanco-itub3-itub4","tag-oi-oibr3-oibr4"],"yoast_head":"<!-- This site is optimized with the Yoast SEO plugin v24.4 - https:\/\/yoast.com\/wordpress\/plugins\/seo\/ -->\n<title>Oi (OIBR3) diz que credores querem a suspens\u00e3o de assembleia<\/title>\n<meta name=\"description\" content=\"A Oi (OIBR3)\u00a0informou, nesta quinta-feira (20), que enxergou &quot;com surpresa&quot; a solicita\u00e7\u00e3o de suspens\u00e3o da assembleia geral. Saiba mais.\" \/>\n<meta name=\"robots\" content=\"index, follow, max-snippet:-1, max-image-preview:large, max-video-preview:-1\" \/>\n<link rel=\"canonical\" href=\"https:\/\/www.suno.com.br\/noticias\/oi-oibr3-credores-querem-suspensao-de-assembleia\/\" \/>\n<meta property=\"og:locale\" content=\"pt_BR\" \/>\n<meta property=\"og:type\" content=\"article\" \/>\n<meta property=\"og:title\" content=\"Oi (OIBR3) diz que credores querem a suspens\u00e3o de assembleia\" \/>\n<meta property=\"og:description\" content=\"A Oi (OIBR3)\u00a0informou, nesta quinta-feira (20), que enxergou &quot;com surpresa&quot; a solicita\u00e7\u00e3o de suspens\u00e3o da assembleia geral. Saiba mais.\" \/>\n<meta property=\"og:url\" content=\"https:\/\/www.suno.com.br\/noticias\/oi-oibr3-credores-querem-suspensao-de-assembleia\/\" \/>\n<meta property=\"og:site_name\" content=\"Suno Not\u00edcias\" \/>\n<meta property=\"article:publisher\" content=\"https:\/\/facebook.com\/sunoresearch\" \/>\n<meta property=\"og:image\" content=\"https:\/\/files.sunoresearch.com.br\/n\/uploads\/2020\/08\/048f29d7-oi-oibr3.jpg\" \/>\n\t<meta property=\"og:image:width\" content=\"960\" \/>\n\t<meta property=\"og:image:height\" content=\"587\" \/>\n\t<meta property=\"og:image:type\" content=\"image\/jpeg\" \/>\n<meta name=\"author\" content=\"Jader Lazarini\" \/>\n<meta name=\"twitter:card\" content=\"summary_large_image\" \/>\n<meta name=\"twitter:creator\" content=\"@sunoresearch\" \/>\n<meta name=\"twitter:site\" content=\"@sunoresearch\" \/>\n<meta name=\"twitter:label1\" content=\"Escrito por\" \/>\n\t<meta name=\"twitter:data1\" content=\"Jader Lazarini\" \/>\n\t<meta name=\"twitter:label2\" content=\"Est. tempo de leitura\" \/>\n\t<meta name=\"twitter:data2\" content=\"3 minutos\" \/>\n<script type=\"application\/ld+json\" class=\"yoast-schema-graph\">{\"@context\":\"https:\/\/schema.org\",\"@graph\":[{\"@type\":\"NewsArticle\",\"@id\":\"https:\/\/www.suno.com.br\/noticias\/oi-oibr3-credores-querem-suspensao-de-assembleia\/#article\",\"isPartOf\":{\"@id\":\"https:\/\/www.suno.com.br\/noticias\/oi-oibr3-credores-querem-suspensao-de-assembleia\/\"},\"author\":{\"name\":\"Jader Lazarini\",\"@id\":\"https:\/\/www.suno.com.br\/noticias\/#\/schema\/person\/918d79de1f0281f01599b93f9ea6e23f\"},\"headline\":\"Oi (OIBR3) diz que credores querem a suspens\u00e3o de assembleia\",\"datePublished\":\"2020-08-20T15:59:33+00:00\",\"dateModified\":\"2021-02-18T18:22:57+00:00\",\"mainEntityOfPage\":{\"@id\":\"https:\/\/www.suno.com.br\/noticias\/oi-oibr3-credores-querem-suspensao-de-assembleia\/\"},\"wordCount\":572,\"publisher\":{\"@id\":\"https:\/\/www.suno.com.br\/noticias\/#organization\"},\"image\":{\"@id\":\"https:\/\/www.suno.com.br\/noticias\/oi-oibr3-credores-querem-suspensao-de-assembleia\/#primaryimage\"},\"thumbnailUrl\":\"https:\/\/files.sunoresearch.com.br\/n\/uploads\/2020\/08\/048f29d7-oi-oibr3-jpg.webp\",\"keywords\":[\"Assembleia Geral\",\"Banco do Brasil (BBAS3)\",\"Ita\u00fa Unibanco (ITUB3\/ITUB4)\",\"Oi (OIBR3\/OIBR4)\"],\"articleSection\":[\"Neg\u00f3cios\"],\"inLanguage\":\"pt-BR\"},{\"@type\":\"WebPage\",\"@id\":\"https:\/\/www.suno.com.br\/noticias\/oi-oibr3-credores-querem-suspensao-de-assembleia\/\",\"url\":\"https:\/\/www.suno.com.br\/noticias\/oi-oibr3-credores-querem-suspensao-de-assembleia\/\",\"name\":\"Oi (OIBR3) diz que credores querem a suspens\u00e3o de assembleia\",\"isPartOf\":{\"@id\":\"https:\/\/www.suno.com.br\/noticias\/#website\"},\"primaryImageOfPage\":{\"@id\":\"https:\/\/www.suno.com.br\/noticias\/oi-oibr3-credores-querem-suspensao-de-assembleia\/#primaryimage\"},\"image\":{\"@id\":\"https:\/\/www.suno.com.br\/noticias\/oi-oibr3-credores-querem-suspensao-de-assembleia\/#primaryimage\"},\"thumbnailUrl\":\"https:\/\/files.sunoresearch.com.br\/n\/uploads\/2020\/08\/048f29d7-oi-oibr3-jpg.webp\",\"datePublished\":\"2020-08-20T15:59:33+00:00\",\"dateModified\":\"2021-02-18T18:22:57+00:00\",\"description\":\"A Oi (OIBR3)\u00a0informou, nesta quinta-feira (20), que enxergou \\\"com surpresa\\\" a solicita\u00e7\u00e3o de suspens\u00e3o da assembleia geral. Saiba mais.\",\"breadcrumb\":{\"@id\":\"https:\/\/www.suno.com.br\/noticias\/oi-oibr3-credores-querem-suspensao-de-assembleia\/#breadcrumb\"},\"inLanguage\":\"pt-BR\",\"potentialAction\":[{\"@type\":\"ReadAction\",\"target\":[\"https:\/\/www.suno.com.br\/noticias\/oi-oibr3-credores-querem-suspensao-de-assembleia\/\"]}]},{\"@type\":\"ImageObject\",\"inLanguage\":\"pt-BR\",\"@id\":\"https:\/\/www.suno.com.br\/noticias\/oi-oibr3-credores-querem-suspensao-de-assembleia\/#primaryimage\",\"url\":\"https:\/\/files.sunoresearch.com.br\/n\/uploads\/2020\/08\/048f29d7-oi-oibr3-jpg.webp\",\"contentUrl\":\"https:\/\/files.sunoresearch.com.br\/n\/uploads\/2020\/08\/048f29d7-oi-oibr3-jpg.webp\",\"width\":960,\"height\":587,\"caption\":\"A S&P elevou o rating da Oi de default para CCC+, com perspectiva est\u00e1vel\"},{\"@type\":\"BreadcrumbList\",\"@id\":\"https:\/\/www.suno.com.br\/noticias\/oi-oibr3-credores-querem-suspensao-de-assembleia\/#breadcrumb\",\"itemListElement\":[{\"@type\":\"ListItem\",\"position\":1,\"name\":\"Not\u00edcias\",\"item\":\"https:\/\/www.suno.com.br\/noticias\/\"},{\"@type\":\"ListItem\",\"position\":2,\"name\":\"Neg\u00f3cios\",\"item\":\"https:\/\/www.suno.com.br\/noticias\/negocios\/\"},{\"@type\":\"ListItem\",\"position\":3,\"name\":\"Oi (OIBR3) diz que credores querem a suspens\u00e3o de assembleia\"}]},{\"@type\":\"WebSite\",\"@id\":\"https:\/\/www.suno.com.br\/noticias\/#website\",\"url\":\"https:\/\/www.suno.com.br\/noticias\/\",\"name\":\"Suno Not\u00edcias\",\"description\":\"Seu portal de informa\u00e7\u00e3o sobre o mundo dos investimentos\",\"publisher\":{\"@id\":\"https:\/\/www.suno.com.br\/noticias\/#organization\"},\"potentialAction\":[{\"@type\":\"SearchAction\",\"target\":{\"@type\":\"EntryPoint\",\"urlTemplate\":\"https:\/\/www.suno.com.br\/noticias\/?s={search_term_string}\"},\"query-input\":{\"@type\":\"PropertyValueSpecification\",\"valueRequired\":true,\"valueName\":\"search_term_string\"}}],\"inLanguage\":\"pt-BR\"},{\"@type\":\"Organization\",\"@id\":\"https:\/\/www.suno.com.br\/noticias\/#organization\",\"name\":\"Suno Not\u00edcias\",\"url\":\"https:\/\/www.suno.com.br\/noticias\/\",\"logo\":{\"@type\":\"ImageObject\",\"inLanguage\":\"pt-BR\",\"@id\":\"https:\/\/www.suno.com.br\/noticias\/#\/schema\/logo\/image\/\",\"url\":\"https:\/\/files.sunoresearch.com.br\/n\/uploads\/2021\/09\/suno-logo.png\",\"contentUrl\":\"https:\/\/files.sunoresearch.com.br\/n\/uploads\/2021\/09\/suno-logo.png\",\"width\":180,\"height\":180,\"caption\":\"Suno Not\u00edcias\"},\"image\":{\"@id\":\"https:\/\/www.suno.com.br\/noticias\/#\/schema\/logo\/image\/\"},\"sameAs\":[\"https:\/\/facebook.com\/sunoresearch\",\"https:\/\/x.com\/sunoresearch\",\"https:\/\/www.instagram.com\/suno\",\"https:\/\/www.linkedin.com\/company\/suno-research\/\",\"https:\/\/www.youtube.com\/c\/sunoresearch\"]},{\"@type\":\"Person\",\"@id\":\"https:\/\/www.suno.com.br\/noticias\/#\/schema\/person\/918d79de1f0281f01599b93f9ea6e23f\",\"name\":\"Jader Lazarini\",\"image\":{\"@type\":\"ImageObject\",\"inLanguage\":\"pt-BR\",\"@id\":\"https:\/\/www.suno.com.br\/noticias\/#\/schema\/person\/image\/\",\"url\":\"https:\/\/secure.gravatar.com\/avatar\/3c1ad8caa51589841baeb923fcddea97?s=96&r=g\",\"contentUrl\":\"https:\/\/secure.gravatar.com\/avatar\/3c1ad8caa51589841baeb923fcddea97?s=96&r=g\",\"caption\":\"Jader Lazarini\"},\"description\":\"Jader Lazarini escreve sobre investimentos, finan\u00e7as, economia e neg\u00f3cios. \u00c9 bacharel em Rela\u00e7\u00f5es Internacionais e analista CNPI (2619).\",\"url\":\"https:\/\/www.suno.com.br\/noticias\/author\/jader-lazarini\/\"}]}<\/script>\n<!-- \/ Yoast SEO plugin. -->","yoast_head_json":{"title":"Oi (OIBR3) diz que credores querem a suspens\u00e3o de assembleia","description":"A Oi (OIBR3)\u00a0informou, nesta quinta-feira (20), que enxergou \"com surpresa\" a solicita\u00e7\u00e3o de suspens\u00e3o da assembleia geral. Saiba mais.","robots":{"index":"index","follow":"follow","max-snippet":"max-snippet:-1","max-image-preview":"max-image-preview:large","max-video-preview":"max-video-preview:-1"},"canonical":"https:\/\/www.suno.com.br\/noticias\/oi-oibr3-credores-querem-suspensao-de-assembleia\/","og_locale":"pt_BR","og_type":"article","og_title":"Oi (OIBR3) diz que credores querem a suspens\u00e3o de assembleia","og_description":"A Oi (OIBR3)\u00a0informou, nesta quinta-feira (20), que enxergou \"com surpresa\" a solicita\u00e7\u00e3o de suspens\u00e3o da assembleia geral. Saiba mais.","og_url":"https:\/\/www.suno.com.br\/noticias\/oi-oibr3-credores-querem-suspensao-de-assembleia\/","og_site_name":"Suno Not\u00edcias","article_publisher":"https:\/\/facebook.com\/sunoresearch","og_image":[{"width":960,"height":587,"url":"https:\/\/files.sunoresearch.com.br\/n\/uploads\/2020\/08\/048f29d7-oi-oibr3.jpg","type":"image\/jpeg"}],"author":"Jader Lazarini","twitter_card":"summary_large_image","twitter_creator":"@sunoresearch","twitter_site":"@sunoresearch","twitter_misc":{"Escrito por":"Jader Lazarini","Est. tempo de leitura":"3 minutos"},"schema":{"@context":"https:\/\/schema.org","@graph":[{"@type":"NewsArticle","@id":"https:\/\/www.suno.com.br\/noticias\/oi-oibr3-credores-querem-suspensao-de-assembleia\/#article","isPartOf":{"@id":"https:\/\/www.suno.com.br\/noticias\/oi-oibr3-credores-querem-suspensao-de-assembleia\/"},"author":{"name":"Jader Lazarini","@id":"https:\/\/www.suno.com.br\/noticias\/#\/schema\/person\/918d79de1f0281f01599b93f9ea6e23f"},"headline":"Oi (OIBR3) diz que credores querem a suspens\u00e3o de assembleia","datePublished":"2020-08-20T15:59:33+00:00","dateModified":"2021-02-18T18:22:57+00:00","mainEntityOfPage":{"@id":"https:\/\/www.suno.com.br\/noticias\/oi-oibr3-credores-querem-suspensao-de-assembleia\/"},"wordCount":572,"publisher":{"@id":"https:\/\/www.suno.com.br\/noticias\/#organization"},"image":{"@id":"https:\/\/www.suno.com.br\/noticias\/oi-oibr3-credores-querem-suspensao-de-assembleia\/#primaryimage"},"thumbnailUrl":"https:\/\/files.sunoresearch.com.br\/n\/uploads\/2020\/08\/048f29d7-oi-oibr3-jpg.webp","keywords":["Assembleia Geral","Banco do Brasil (BBAS3)","Ita\u00fa Unibanco (ITUB3\/ITUB4)","Oi (OIBR3\/OIBR4)"],"articleSection":["Neg\u00f3cios"],"inLanguage":"pt-BR"},{"@type":"WebPage","@id":"https:\/\/www.suno.com.br\/noticias\/oi-oibr3-credores-querem-suspensao-de-assembleia\/","url":"https:\/\/www.suno.com.br\/noticias\/oi-oibr3-credores-querem-suspensao-de-assembleia\/","name":"Oi (OIBR3) diz que credores querem a suspens\u00e3o de assembleia","isPartOf":{"@id":"https:\/\/www.suno.com.br\/noticias\/#website"},"primaryImageOfPage":{"@id":"https:\/\/www.suno.com.br\/noticias\/oi-oibr3-credores-querem-suspensao-de-assembleia\/#primaryimage"},"image":{"@id":"https:\/\/www.suno.com.br\/noticias\/oi-oibr3-credores-querem-suspensao-de-assembleia\/#primaryimage"},"thumbnailUrl":"https:\/\/files.sunoresearch.com.br\/n\/uploads\/2020\/08\/048f29d7-oi-oibr3-jpg.webp","datePublished":"2020-08-20T15:59:33+00:00","dateModified":"2021-02-18T18:22:57+00:00","description":"A Oi (OIBR3)\u00a0informou, nesta quinta-feira (20), que enxergou \"com surpresa\" a solicita\u00e7\u00e3o de suspens\u00e3o da assembleia geral. Saiba mais.","breadcrumb":{"@id":"https:\/\/www.suno.com.br\/noticias\/oi-oibr3-credores-querem-suspensao-de-assembleia\/#breadcrumb"},"inLanguage":"pt-BR","potentialAction":[{"@type":"ReadAction","target":["https:\/\/www.suno.com.br\/noticias\/oi-oibr3-credores-querem-suspensao-de-assembleia\/"]}]},{"@type":"ImageObject","inLanguage":"pt-BR","@id":"https:\/\/www.suno.com.br\/noticias\/oi-oibr3-credores-querem-suspensao-de-assembleia\/#primaryimage","url":"https:\/\/files.sunoresearch.com.br\/n\/uploads\/2020\/08\/048f29d7-oi-oibr3-jpg.webp","contentUrl":"https:\/\/files.sunoresearch.com.br\/n\/uploads\/2020\/08\/048f29d7-oi-oibr3-jpg.webp","width":960,"height":587,"caption":"A S&P elevou o rating da Oi de default para CCC+, com perspectiva est\u00e1vel"},{"@type":"BreadcrumbList","@id":"https:\/\/www.suno.com.br\/noticias\/oi-oibr3-credores-querem-suspensao-de-assembleia\/#breadcrumb","itemListElement":[{"@type":"ListItem","position":1,"name":"Not\u00edcias","item":"https:\/\/www.suno.com.br\/noticias\/"},{"@type":"ListItem","position":2,"name":"Neg\u00f3cios","item":"https:\/\/www.suno.com.br\/noticias\/negocios\/"},{"@type":"ListItem","position":3,"name":"Oi (OIBR3) diz que credores querem a suspens\u00e3o de assembleia"}]},{"@type":"WebSite","@id":"https:\/\/www.suno.com.br\/noticias\/#website","url":"https:\/\/www.suno.com.br\/noticias\/","name":"Suno Not\u00edcias","description":"Seu portal de informa\u00e7\u00e3o sobre o mundo dos investimentos","publisher":{"@id":"https:\/\/www.suno.com.br\/noticias\/#organization"},"potentialAction":[{"@type":"SearchAction","target":{"@type":"EntryPoint","urlTemplate":"https:\/\/www.suno.com.br\/noticias\/?s={search_term_string}"},"query-input":{"@type":"PropertyValueSpecification","valueRequired":true,"valueName":"search_term_string"}}],"inLanguage":"pt-BR"},{"@type":"Organization","@id":"https:\/\/www.suno.com.br\/noticias\/#organization","name":"Suno Not\u00edcias","url":"https:\/\/www.suno.com.br\/noticias\/","logo":{"@type":"ImageObject","inLanguage":"pt-BR","@id":"https:\/\/www.suno.com.br\/noticias\/#\/schema\/logo\/image\/","url":"https:\/\/files.sunoresearch.com.br\/n\/uploads\/2021\/09\/suno-logo.png","contentUrl":"https:\/\/files.sunoresearch.com.br\/n\/uploads\/2021\/09\/suno-logo.png","width":180,"height":180,"caption":"Suno Not\u00edcias"},"image":{"@id":"https:\/\/www.suno.com.br\/noticias\/#\/schema\/logo\/image\/"},"sameAs":["https:\/\/facebook.com\/sunoresearch","https:\/\/x.com\/sunoresearch","https:\/\/www.instagram.com\/suno","https:\/\/www.linkedin.com\/company\/suno-research\/","https:\/\/www.youtube.com\/c\/sunoresearch"]},{"@type":"Person","@id":"https:\/\/www.suno.com.br\/noticias\/#\/schema\/person\/918d79de1f0281f01599b93f9ea6e23f","name":"Jader Lazarini","image":{"@type":"ImageObject","inLanguage":"pt-BR","@id":"https:\/\/www.suno.com.br\/noticias\/#\/schema\/person\/image\/","url":"https:\/\/secure.gravatar.com\/avatar\/3c1ad8caa51589841baeb923fcddea97?s=96&r=g","contentUrl":"https:\/\/secure.gravatar.com\/avatar\/3c1ad8caa51589841baeb923fcddea97?s=96&r=g","caption":"Jader Lazarini"},"description":"Jader Lazarini escreve sobre investimentos, finan\u00e7as, economia e neg\u00f3cios. \u00c9 bacharel em Rela\u00e7\u00f5es Internacionais e analista CNPI (2619).","url":"https:\/\/www.suno.com.br\/noticias\/author\/jader-lazarini\/"}]}},"default_loop_html":"<div class=\"cardsPage__listCard__boxs\"><div class=\"cardsPage__listCard__boxs__img\"><a href=\"https:\/\/www.suno.com.br\/noticias\/oi-oibr3-credores-querem-suspensao-de-assembleia\/\"><img class=\"mask\" src=\"https:\/\/www.suno.com.br\/noticias\/wp-content\/themes\/suno\/resources\/images\/spotlight\/spotlight1img\/bg-mask.png\" alt=\"Image Mask\"\/><img src=\"https:\/\/files.sunoresearch.com.br\/n\/uploads\/2020\/08\/048f29d7-oi-oibr3-400x200.webp\" alt=\"Oi (OIBR3) diz que credores querem a suspens\u00e3o de assembleia\"\/><\/a><span class=\"spotlightCategory\"><a href=\"https:\/\/www.suno.com.br\/noticias\/negocios\/\">Neg\u00f3cios<\/a><\/span><\/div><div class=\"cardsPage__listCard__boxs__content\"><a href=\"https:\/\/www.suno.com.br\/noticias\/oi-oibr3-credores-querem-suspensao-de-assembleia\/\"><h2 class=\"content__title\">Oi (OIBR3) diz que credores querem a suspens\u00e3o de assembleia<\/h2><\/a><div class=\"newsContent__article__meta\"><div class=\"newsContent__article__meta__authorBox\"><a href=\"https:\/\/www.suno.com.br\/noticias\/author\/jader-lazarini\/\" class=\"authorBox__avatar noMobi\"><img src=\"https:\/\/files.sunoresearch.com.br\/n\/uploads\/2021\/01\/178e6598-foto-perfil-2-150x150.jpg\" alt=\"Jader Lazarini\"><\/a><div class=\"authorBox__name\"><span>por\n\t\t\t<a href=\"https:\/\/www.suno.com.br\/noticias\/author\/jader-lazarini\/\"><span itemprop=\"author\">Jader Lazarini<\/span><\/a><\/span><time datetime=\"2020-08-20T12:59:33-03:00\" itemprop=\"datePublished\">20\/08\/2020 12:59<\/time><\/div><\/div><\/div><\/div><\/div>","single_layout":"posts","amp_enabled":true,"_links":{"self":[{"href":"https:\/\/www.suno.com.br\/noticias\/wp-json\/wp\/v2\/posts\/79601"}],"collection":[{"href":"https:\/\/www.suno.com.br\/noticias\/wp-json\/wp\/v2\/posts"}],"about":[{"href":"https:\/\/www.suno.com.br\/noticias\/wp-json\/wp\/v2\/types\/post"}],"author":[{"embeddable":true,"href":"https:\/\/www.suno.com.br\/noticias\/wp-json\/wp\/v2\/users\/24"}],"replies":[{"embeddable":true,"href":"https:\/\/www.suno.com.br\/noticias\/wp-json\/wp\/v2\/comments?post=79601"}],"version-history":[{"count":0,"href":"https:\/\/www.suno.com.br\/noticias\/wp-json\/wp\/v2\/posts\/79601\/revisions"}],"wp:featuredmedia":[{"embeddable":true,"href":"https:\/\/www.suno.com.br\/noticias\/wp-json\/wp\/v2\/media\/78392"}],"wp:attachment":[{"href":"https:\/\/www.suno.com.br\/noticias\/wp-json\/wp\/v2\/media?parent=79601"}],"wp:term":[{"taxonomy":"category","embeddable":true,"href":"https:\/\/www.suno.com.br\/noticias\/wp-json\/wp\/v2\/categories?post=79601"},{"taxonomy":"post_tag","embeddable":true,"href":"https:\/\/www.suno.com.br\/noticias\/wp-json\/wp\/v2\/tags?post=79601"},{"taxonomy":"suno_strategy","embeddable":true,"href":"https:\/\/www.suno.com.br\/noticias\/wp-json\/wp\/v2\/suno_strategy?post=79601"}],"curies":[{"name":"wp","href":"https:\/\/api.w.org\/{rel}","templated":true}]}}