{"id":79596,"date":"2020-08-20T12:52:34","date_gmt":"2020-08-20T15:52:34","guid":{"rendered":"https:\/\/www.suno.com.br\/noticias\/?p=79596"},"modified":"2020-08-20T12:52:34","modified_gmt":"2020-08-20T15:52:34","slug":"bndes-aprova-credito-de-r-360-milhoes-para-grupo-jsl-jslg3","status":"publish","type":"post","link":"https:\/\/www.suno.com.br\/noticias\/bndes-aprova-credito-de-r-360-milhoes-para-grupo-jsl-jslg3\/","title":{"rendered":"BNDES aprova cr\u00e9dito de R$ 360 milh\u00f5es para grupo JSL (JSLG3)"},"content":{"rendered":"<p>O<a href=\"https:\/\/www.suno.com.br\/artigos\/bndes\/\"> Banco Nacional de Desenvolvimento Econ\u00f4mico e Social (<strong>BNDES<\/strong>)<\/a> aprovou nesta quinta-feira (20) R$ 360 milh\u00f5es em linhas de cr\u00e9ditos para o grupo <a href=\"https:\/\/www.suno.com.br\/acoes\/jslg3\/\"><strong>JSL<\/strong> (JSLG3)<\/a>.<\/p>\t<div class=\"wrapper-featured-image\">\n\t\t<figure class=\"spotlightImg\">\n\n\t\t\t<picture>\n\t\t\t\t<source media=\"(max-width: 768px)\" srcset=\"https:\/\/files.sunoresearch.com.br\/n\/uploads\/2020\/01\/d9c0460d-jsl-400x200.webp\">\n\t\t\t\t<img loading=\"lazy\" decoding=\"async\" class=\"newsContent__article__imgCapa lazyloadDisabled \" src=\"https:\/\/files.sunoresearch.com.br\/n\/uploads\/2020\/01\/d9c0460d-jsl-800x450.webp\" width=\"800\" height=\"450\" alt=\"BNDES aprova cr\u00e9dito de R$ 360 milh\u00f5es para grupo JSL (JSLG3)\" fetchpriority=high \/>\n\t\t\t<\/picture>\n\n\t\t\t<figcaption class=\"wp-caption-text wp-caption-text--show\">Caminh\u00f5es da JSL. (foto: divulga\u00e7\u00e3o)<\/figcaption>\n\t\t<\/figure>\n\t<\/div>\n\n\n<div class=\"hubspot-form-wrapper\">\n\t<div id=\"single-form-target\"><\/div>\n<\/div>\n\n<p>Ao todo, s\u00e3o tr\u00eas empresas pertencentes do grupo que fazem parte da opera\u00e7\u00e3o. A pr\u00f3pria JSL vai receber R$ 200 milh\u00f5es, a controlada de loca\u00e7\u00e3o de ve\u00edculos Vamos receber\u00e1 R$ 130 milh\u00f5es e a CS Brasil os outros R$ 30 milh\u00f5es<\/p>\n<p>O an\u00fancio sobre o empr\u00e9stimo foi feito ap\u00f3s a Vamos anunciar a compra de 1.350 caminh\u00f5es, o maior pedido j\u00e1 feito por um \u00fanico cliente.<\/p>\n<p><a href=\"https:\/\/lp.suno.com.br\/suno-one\/\">No Suno One voc\u00ea aprende a fazer seu dinheiro trabalhar para voc\u00ea. Cadastre-se gratuitamente agora!<\/a><\/p>\n<h2>Vamos, subsidi\u00e1ria da JSL, faz o maior pedido da hist\u00f3ria da Volkswagen Caminh\u00f5es<\/h2>\n<p>A Vamos Loca\u00e7\u00e3o, subsidi\u00e1ria integral da <strong>JSL<\/strong> , realizou o maior pedido da hist\u00f3ria da Volkswagen Caminh\u00f5es e \u00d4nibus (VWCO). O pedido de 1.350 caminh\u00f5es da montadora alem\u00e3 \u00e9 o maior j\u00e1 feito por um \u00fanico cliente, conforme reportou a revista &#8220;Exame&#8221;.<\/p>\n<p>O neg\u00f3cio contempla 20 diferentes modelos de ve\u00edculos que ser\u00e3o entregues mensalmente at\u00e9 dezembro. O contrato junto \u00e0 Vamos far\u00e1 com que a Volkswagen reative o segundo turno da f\u00e1brica de Resende, no Rio de Janeiro, paralisado pela pandemia e em raz\u00e3o da menor demanda pelo setor.<\/p>\n<p>\u201cO Grupo Vamos, com a JSL, \u00e9 um parceiro de d\u00e9cadas e temos alegria de fechar mais esse neg\u00f3cio. Estamos em 30 pa\u00edses e \u00e9 uma raridade ver uma compra grande como essa, que fomenta mais o setor e estimula o aluguel de ve\u00edculos pesados\u201d, diz Roberto Cortes, presidente da VWOC, em entrevista \u00e0 &#8220;Exame&#8221;.<\/p>\n\t<div data-element=\"shortcode-read-more\" class=\"knowMore\">\n\t\t\t\t<span class=\"knowMore__title\">Veja tamb\u00e9m<\/span>\n\t\t\t\t<a class=\"knowMore__link\" href=\"https:\/\/www.suno.com.br\/noticias\/jsl-jslg3-lucro-liquido-2t20\/\">\n\t\t\tJSL (JSLG3) lucra R$ 156,6 milh\u00f5es no 2T20, alta de 120%\t\t<\/a>\n\t<\/div>\n\n\n<p>Em meio \u00e0 crise gerada pela pandemia do <a href=\"https:\/\/www.suno.com.br\/noticias\/?s=coronav%C3%ADrus\">novo coronav\u00edrus (Covid-19)<\/a>, a Vamos se destaca como uma das op\u00e7\u00f5es para quem precisa trabalhar. \u201cAo aumentar a frota geramos ainda mais alternativa aos clientes que querem expandir os neg\u00f3cios ao mesmo tempo em que reduzem custos. A pandemia obriga as empresas a fazer uma gest\u00e3o ainda mais inteligente dos seus recursos\u201d, afirmou o presidente da subsidi\u00e1ria da <strong>JSL<\/strong>, Gustavo Couto, \u00e0 revista. No segundo trimestre deste ano, a Vamos apresentou um <a href=\"https:\/\/www.suno.com.br\/artigos\/lucro-liquido\/\"><strong>lucro l\u00edquido<\/strong><\/a> recorde de R$ 39,3 milh\u00f5es.<\/p>\n\t<p>\n\t\t<a href=\"https:\/\/lp.suno.com.br\/planilha-de-controle-de-investimentos\/\" target=\"_blank\" data-element=\"shortcode-suno-banner\" title=\"Banner SUNO, clique e saiba mais\">\n\t\t\t<picture>\n\t\t\t\t<source media=\"(max-width: 500px)\" srcset=\"https:\/\/files.sunoresearch.com.br\/n\/uploads\/2023\/03\/400x300-Controle-de-Investimentos.png\">\n\t\t\t\t<img class=\"newsContent__article__imgCapa newsContent__article__imgCapa--banner\"\n\t\t\t\t\tsrc=\"https:\/\/files.sunoresearch.com.br\/n\/uploads\/2023\/03\/1420x240-Controle-de-Investimentos.png\"\n\t\t\t\t\tdata-promo-id=\"75934\"\t\t\t\t\t\t\t\t\t\twidth='1420' height='240'\t\t\t\t\talt=\"https:\/\/files.sunoresearch.com.br\/n\/uploads\/2023\/03\/1420x240-Controle-de-Investimentos.png\"\n\t\t\t\t>\n\t\t\t<\/picture>\n\t\t<\/a>\n\t<\/p>\n\n\n","protected":false},"excerpt":{"rendered":"<p>O Banco Nacional de Desenvolvimento Econ\u00f4mico e Social (BNDES) aprovou nesta quinta-feira (20) R$ 360 milh\u00f5es em linhas de cr\u00e9ditos para o grupo JSL (JSLG3). Caminh\u00f5es da JSL. (foto: divulga\u00e7\u00e3o) Ao todo, s\u00e3o tr\u00eas empresas pertencentes do grupo que fazem parte da opera\u00e7\u00e3o. A pr\u00f3pria JSL vai receber R$ 200 milh\u00f5es, a controlada de loca\u00e7\u00e3o [&hellip;]<\/p>\n","protected":false},"author":15,"featured_media":51631,"comment_status":"closed","ping_status":"closed","sticky":false,"template":"","format":"standard","meta":[],"categories":[64],"tags":[757,526],"suno_strategy":[],"class_list":["post-79596","post","type-post","status-publish","format-standard","has-post-thumbnail","hentry","category-negocios","tag-bndes","tag-jsl-jslg11-jslg3"],"yoast_head":"<!-- This site is optimized with the Yoast SEO plugin v24.4 - https:\/\/yoast.com\/wordpress\/plugins\/seo\/ -->\n<title>BNDES aprova cr\u00e9dito de R$ 360 milh\u00f5es para grupo JSL (JSLG3)<\/title>\n<meta name=\"description\" content=\"O BNDES aprovou nesta quinta (20) R$ 360 milh\u00f5es de reais em linhas de cr\u00e9ditos para o grupo JSL (JSLG3). Clique aqui e saiba mais\" \/>\n<meta name=\"robots\" content=\"index, follow, max-snippet:-1, max-image-preview:large, max-video-preview:-1\" \/>\n<link rel=\"canonical\" href=\"https:\/\/www.suno.com.br\/noticias\/bndes-aprova-credito-de-r-360-milhoes-para-grupo-jsl-jslg3\/\" \/>\n<meta property=\"og:locale\" content=\"pt_BR\" \/>\n<meta property=\"og:type\" content=\"article\" \/>\n<meta property=\"og:title\" content=\"BNDES aprova cr\u00e9dito de R$ 360 milh\u00f5es para grupo JSL (JSLG3)\" \/>\n<meta property=\"og:description\" content=\"O BNDES aprovou nesta quinta (20) R$ 360 milh\u00f5es de reais em linhas de cr\u00e9ditos para o grupo JSL (JSLG3). Clique aqui e saiba mais\" \/>\n<meta property=\"og:url\" content=\"https:\/\/www.suno.com.br\/noticias\/bndes-aprova-credito-de-r-360-milhoes-para-grupo-jsl-jslg3\/\" \/>\n<meta property=\"og:site_name\" content=\"Suno Not\u00edcias\" \/>\n<meta property=\"article:publisher\" content=\"https:\/\/facebook.com\/sunoresearch\" \/>\n<meta property=\"og:image\" content=\"https:\/\/files.sunoresearch.com.br\/n\/uploads\/2020\/01\/d9c0460d-jsl.jpg\" \/>\n\t<meta property=\"og:image:width\" content=\"1140\" \/>\n\t<meta property=\"og:image:height\" content=\"700\" \/>\n\t<meta property=\"og:image:type\" content=\"image\/jpeg\" \/>\n<meta name=\"author\" content=\"Poliana Santos\" \/>\n<meta name=\"twitter:card\" content=\"summary_large_image\" \/>\n<meta name=\"twitter:creator\" content=\"@sunoresearch\" \/>\n<meta name=\"twitter:site\" content=\"@sunoresearch\" \/>\n<meta name=\"twitter:label1\" content=\"Escrito por\" \/>\n\t<meta name=\"twitter:data1\" content=\"Poliana Santos\" \/>\n\t<meta name=\"twitter:label2\" content=\"Est. tempo de leitura\" \/>\n\t<meta name=\"twitter:data2\" content=\"2 minutos\" \/>\n<script type=\"application\/ld+json\" class=\"yoast-schema-graph\">{\"@context\":\"https:\/\/schema.org\",\"@graph\":[{\"@type\":\"NewsArticle\",\"@id\":\"https:\/\/www.suno.com.br\/noticias\/bndes-aprova-credito-de-r-360-milhoes-para-grupo-jsl-jslg3\/#article\",\"isPartOf\":{\"@id\":\"https:\/\/www.suno.com.br\/noticias\/bndes-aprova-credito-de-r-360-milhoes-para-grupo-jsl-jslg3\/\"},\"author\":{\"name\":\"Poliana Santos\",\"@id\":\"https:\/\/www.suno.com.br\/noticias\/#\/schema\/person\/02ec1f752758247878a2bf4abee1aeda\"},\"headline\":\"BNDES aprova cr\u00e9dito de R$ 360 milh\u00f5es para grupo JSL (JSLG3)\",\"datePublished\":\"2020-08-20T15:52:34+00:00\",\"mainEntityOfPage\":{\"@id\":\"https:\/\/www.suno.com.br\/noticias\/bndes-aprova-credito-de-r-360-milhoes-para-grupo-jsl-jslg3\/\"},\"wordCount\":408,\"publisher\":{\"@id\":\"https:\/\/www.suno.com.br\/noticias\/#organization\"},\"image\":{\"@id\":\"https:\/\/www.suno.com.br\/noticias\/bndes-aprova-credito-de-r-360-milhoes-para-grupo-jsl-jslg3\/#primaryimage\"},\"thumbnailUrl\":\"https:\/\/files.sunoresearch.com.br\/n\/uploads\/2020\/01\/d9c0460d-jsl-jpg.webp\",\"keywords\":[\"BNDES\",\"JSL (JSL11\/JSLG3)\"],\"articleSection\":[\"Neg\u00f3cios\"],\"inLanguage\":\"pt-BR\"},{\"@type\":\"WebPage\",\"@id\":\"https:\/\/www.suno.com.br\/noticias\/bndes-aprova-credito-de-r-360-milhoes-para-grupo-jsl-jslg3\/\",\"url\":\"https:\/\/www.suno.com.br\/noticias\/bndes-aprova-credito-de-r-360-milhoes-para-grupo-jsl-jslg3\/\",\"name\":\"BNDES aprova cr\u00e9dito de R$ 360 milh\u00f5es para grupo JSL (JSLG3)\",\"isPartOf\":{\"@id\":\"https:\/\/www.suno.com.br\/noticias\/#website\"},\"primaryImageOfPage\":{\"@id\":\"https:\/\/www.suno.com.br\/noticias\/bndes-aprova-credito-de-r-360-milhoes-para-grupo-jsl-jslg3\/#primaryimage\"},\"image\":{\"@id\":\"https:\/\/www.suno.com.br\/noticias\/bndes-aprova-credito-de-r-360-milhoes-para-grupo-jsl-jslg3\/#primaryimage\"},\"thumbnailUrl\":\"https:\/\/files.sunoresearch.com.br\/n\/uploads\/2020\/01\/d9c0460d-jsl-jpg.webp\",\"datePublished\":\"2020-08-20T15:52:34+00:00\",\"description\":\"O BNDES aprovou nesta quinta (20) R$ 360 milh\u00f5es de reais em linhas de cr\u00e9ditos para o grupo JSL (JSLG3). Clique aqui e saiba mais\",\"breadcrumb\":{\"@id\":\"https:\/\/www.suno.com.br\/noticias\/bndes-aprova-credito-de-r-360-milhoes-para-grupo-jsl-jslg3\/#breadcrumb\"},\"inLanguage\":\"pt-BR\",\"potentialAction\":[{\"@type\":\"ReadAction\",\"target\":[\"https:\/\/www.suno.com.br\/noticias\/bndes-aprova-credito-de-r-360-milhoes-para-grupo-jsl-jslg3\/\"]}]},{\"@type\":\"ImageObject\",\"inLanguage\":\"pt-BR\",\"@id\":\"https:\/\/www.suno.com.br\/noticias\/bndes-aprova-credito-de-r-360-milhoes-para-grupo-jsl-jslg3\/#primaryimage\",\"url\":\"https:\/\/files.sunoresearch.com.br\/n\/uploads\/2020\/01\/d9c0460d-jsl-jpg.webp\",\"contentUrl\":\"https:\/\/files.sunoresearch.com.br\/n\/uploads\/2020\/01\/d9c0460d-jsl-jpg.webp\",\"width\":1140,\"height\":700,\"caption\":\"Caminh\u00f5es da JSL. (foto: divulga\u00e7\u00e3o)\"},{\"@type\":\"BreadcrumbList\",\"@id\":\"https:\/\/www.suno.com.br\/noticias\/bndes-aprova-credito-de-r-360-milhoes-para-grupo-jsl-jslg3\/#breadcrumb\",\"itemListElement\":[{\"@type\":\"ListItem\",\"position\":1,\"name\":\"Not\u00edcias\",\"item\":\"https:\/\/www.suno.com.br\/noticias\/\"},{\"@type\":\"ListItem\",\"position\":2,\"name\":\"Neg\u00f3cios\",\"item\":\"https:\/\/www.suno.com.br\/noticias\/negocios\/\"},{\"@type\":\"ListItem\",\"position\":3,\"name\":\"BNDES aprova cr\u00e9dito de R$ 360 milh\u00f5es para grupo JSL (JSLG3)\"}]},{\"@type\":\"WebSite\",\"@id\":\"https:\/\/www.suno.com.br\/noticias\/#website\",\"url\":\"https:\/\/www.suno.com.br\/noticias\/\",\"name\":\"Suno Not\u00edcias\",\"description\":\"Seu portal de informa\u00e7\u00e3o sobre o mundo dos investimentos\",\"publisher\":{\"@id\":\"https:\/\/www.suno.com.br\/noticias\/#organization\"},\"potentialAction\":[{\"@type\":\"SearchAction\",\"target\":{\"@type\":\"EntryPoint\",\"urlTemplate\":\"https:\/\/www.suno.com.br\/noticias\/?s={search_term_string}\"},\"query-input\":{\"@type\":\"PropertyValueSpecification\",\"valueRequired\":true,\"valueName\":\"search_term_string\"}}],\"inLanguage\":\"pt-BR\"},{\"@type\":\"Organization\",\"@id\":\"https:\/\/www.suno.com.br\/noticias\/#organization\",\"name\":\"Suno Not\u00edcias\",\"url\":\"https:\/\/www.suno.com.br\/noticias\/\",\"logo\":{\"@type\":\"ImageObject\",\"inLanguage\":\"pt-BR\",\"@id\":\"https:\/\/www.suno.com.br\/noticias\/#\/schema\/logo\/image\/\",\"url\":\"https:\/\/files.sunoresearch.com.br\/n\/uploads\/2021\/09\/suno-logo.png\",\"contentUrl\":\"https:\/\/files.sunoresearch.com.br\/n\/uploads\/2021\/09\/suno-logo.png\",\"width\":180,\"height\":180,\"caption\":\"Suno Not\u00edcias\"},\"image\":{\"@id\":\"https:\/\/www.suno.com.br\/noticias\/#\/schema\/logo\/image\/\"},\"sameAs\":[\"https:\/\/facebook.com\/sunoresearch\",\"https:\/\/x.com\/sunoresearch\",\"https:\/\/www.instagram.com\/suno\",\"https:\/\/www.linkedin.com\/company\/suno-research\/\",\"https:\/\/www.youtube.com\/c\/sunoresearch\"]},{\"@type\":\"Person\",\"@id\":\"https:\/\/www.suno.com.br\/noticias\/#\/schema\/person\/02ec1f752758247878a2bf4abee1aeda\",\"name\":\"Poliana Santos\",\"image\":{\"@type\":\"ImageObject\",\"inLanguage\":\"pt-BR\",\"@id\":\"https:\/\/www.suno.com.br\/noticias\/#\/schema\/person\/image\/\",\"url\":\"https:\/\/secure.gravatar.com\/avatar\/0645bd32f23d87b2130f2b2dff1d3f8d?s=96&r=g\",\"contentUrl\":\"https:\/\/secure.gravatar.com\/avatar\/0645bd32f23d87b2130f2b2dff1d3f8d?s=96&r=g\",\"caption\":\"Poliana Santos\"},\"description\":\"Rep\u00f3rter no Suno Not\u00edcias, com cobertura em mercado financeiro, economia, finan\u00e7as pessoais, renda fixa e varejo. Jornalista formada pela Faculdade C\u00e1sper L\u00edbero e possui passagem na R\u00e1dio Gazeta AM com a produ\u00e7\u00e3o de conte\u00fado sobre economia, pol\u00edtica, sa\u00fade, moda e m\u00fasica. Possui certificado de conclus\u00e3o do curso de An\u00e1lise de Balan\u00e7os pela Funda\u00e7\u00e3o Bradesco, Agenda Brasil pela FAAP, Educa\u00e7\u00e3o Pol\u00edtica por Alexandre Garcia e do Tesouro Direto e Mercado de A\u00e7\u00f5es pela B3.\",\"url\":\"https:\/\/www.suno.com.br\/noticias\/author\/poliana-santos\/\"}]}<\/script>\n<!-- \/ Yoast SEO plugin. -->","yoast_head_json":{"title":"BNDES aprova cr\u00e9dito de R$ 360 milh\u00f5es para grupo JSL (JSLG3)","description":"O BNDES aprovou nesta quinta (20) R$ 360 milh\u00f5es de reais em linhas de cr\u00e9ditos para o grupo JSL (JSLG3). Clique aqui e saiba mais","robots":{"index":"index","follow":"follow","max-snippet":"max-snippet:-1","max-image-preview":"max-image-preview:large","max-video-preview":"max-video-preview:-1"},"canonical":"https:\/\/www.suno.com.br\/noticias\/bndes-aprova-credito-de-r-360-milhoes-para-grupo-jsl-jslg3\/","og_locale":"pt_BR","og_type":"article","og_title":"BNDES aprova cr\u00e9dito de R$ 360 milh\u00f5es para grupo JSL (JSLG3)","og_description":"O BNDES aprovou nesta quinta (20) R$ 360 milh\u00f5es de reais em linhas de cr\u00e9ditos para o grupo JSL (JSLG3). Clique aqui e saiba mais","og_url":"https:\/\/www.suno.com.br\/noticias\/bndes-aprova-credito-de-r-360-milhoes-para-grupo-jsl-jslg3\/","og_site_name":"Suno Not\u00edcias","article_publisher":"https:\/\/facebook.com\/sunoresearch","og_image":[{"width":1140,"height":700,"url":"https:\/\/files.sunoresearch.com.br\/n\/uploads\/2020\/01\/d9c0460d-jsl.jpg","type":"image\/jpeg"}],"author":"Poliana Santos","twitter_card":"summary_large_image","twitter_creator":"@sunoresearch","twitter_site":"@sunoresearch","twitter_misc":{"Escrito por":"Poliana Santos","Est. tempo de leitura":"2 minutos"},"schema":{"@context":"https:\/\/schema.org","@graph":[{"@type":"NewsArticle","@id":"https:\/\/www.suno.com.br\/noticias\/bndes-aprova-credito-de-r-360-milhoes-para-grupo-jsl-jslg3\/#article","isPartOf":{"@id":"https:\/\/www.suno.com.br\/noticias\/bndes-aprova-credito-de-r-360-milhoes-para-grupo-jsl-jslg3\/"},"author":{"name":"Poliana Santos","@id":"https:\/\/www.suno.com.br\/noticias\/#\/schema\/person\/02ec1f752758247878a2bf4abee1aeda"},"headline":"BNDES aprova cr\u00e9dito de R$ 360 milh\u00f5es para grupo JSL (JSLG3)","datePublished":"2020-08-20T15:52:34+00:00","mainEntityOfPage":{"@id":"https:\/\/www.suno.com.br\/noticias\/bndes-aprova-credito-de-r-360-milhoes-para-grupo-jsl-jslg3\/"},"wordCount":408,"publisher":{"@id":"https:\/\/www.suno.com.br\/noticias\/#organization"},"image":{"@id":"https:\/\/www.suno.com.br\/noticias\/bndes-aprova-credito-de-r-360-milhoes-para-grupo-jsl-jslg3\/#primaryimage"},"thumbnailUrl":"https:\/\/files.sunoresearch.com.br\/n\/uploads\/2020\/01\/d9c0460d-jsl-jpg.webp","keywords":["BNDES","JSL (JSL11\/JSLG3)"],"articleSection":["Neg\u00f3cios"],"inLanguage":"pt-BR"},{"@type":"WebPage","@id":"https:\/\/www.suno.com.br\/noticias\/bndes-aprova-credito-de-r-360-milhoes-para-grupo-jsl-jslg3\/","url":"https:\/\/www.suno.com.br\/noticias\/bndes-aprova-credito-de-r-360-milhoes-para-grupo-jsl-jslg3\/","name":"BNDES aprova cr\u00e9dito de R$ 360 milh\u00f5es para grupo JSL (JSLG3)","isPartOf":{"@id":"https:\/\/www.suno.com.br\/noticias\/#website"},"primaryImageOfPage":{"@id":"https:\/\/www.suno.com.br\/noticias\/bndes-aprova-credito-de-r-360-milhoes-para-grupo-jsl-jslg3\/#primaryimage"},"image":{"@id":"https:\/\/www.suno.com.br\/noticias\/bndes-aprova-credito-de-r-360-milhoes-para-grupo-jsl-jslg3\/#primaryimage"},"thumbnailUrl":"https:\/\/files.sunoresearch.com.br\/n\/uploads\/2020\/01\/d9c0460d-jsl-jpg.webp","datePublished":"2020-08-20T15:52:34+00:00","description":"O BNDES aprovou nesta quinta (20) R$ 360 milh\u00f5es de reais em linhas de cr\u00e9ditos para o grupo JSL (JSLG3). Clique aqui e saiba mais","breadcrumb":{"@id":"https:\/\/www.suno.com.br\/noticias\/bndes-aprova-credito-de-r-360-milhoes-para-grupo-jsl-jslg3\/#breadcrumb"},"inLanguage":"pt-BR","potentialAction":[{"@type":"ReadAction","target":["https:\/\/www.suno.com.br\/noticias\/bndes-aprova-credito-de-r-360-milhoes-para-grupo-jsl-jslg3\/"]}]},{"@type":"ImageObject","inLanguage":"pt-BR","@id":"https:\/\/www.suno.com.br\/noticias\/bndes-aprova-credito-de-r-360-milhoes-para-grupo-jsl-jslg3\/#primaryimage","url":"https:\/\/files.sunoresearch.com.br\/n\/uploads\/2020\/01\/d9c0460d-jsl-jpg.webp","contentUrl":"https:\/\/files.sunoresearch.com.br\/n\/uploads\/2020\/01\/d9c0460d-jsl-jpg.webp","width":1140,"height":700,"caption":"Caminh\u00f5es da JSL. (foto: divulga\u00e7\u00e3o)"},{"@type":"BreadcrumbList","@id":"https:\/\/www.suno.com.br\/noticias\/bndes-aprova-credito-de-r-360-milhoes-para-grupo-jsl-jslg3\/#breadcrumb","itemListElement":[{"@type":"ListItem","position":1,"name":"Not\u00edcias","item":"https:\/\/www.suno.com.br\/noticias\/"},{"@type":"ListItem","position":2,"name":"Neg\u00f3cios","item":"https:\/\/www.suno.com.br\/noticias\/negocios\/"},{"@type":"ListItem","position":3,"name":"BNDES aprova cr\u00e9dito de R$ 360 milh\u00f5es para grupo JSL (JSLG3)"}]},{"@type":"WebSite","@id":"https:\/\/www.suno.com.br\/noticias\/#website","url":"https:\/\/www.suno.com.br\/noticias\/","name":"Suno Not\u00edcias","description":"Seu portal de informa\u00e7\u00e3o sobre o mundo dos investimentos","publisher":{"@id":"https:\/\/www.suno.com.br\/noticias\/#organization"},"potentialAction":[{"@type":"SearchAction","target":{"@type":"EntryPoint","urlTemplate":"https:\/\/www.suno.com.br\/noticias\/?s={search_term_string}"},"query-input":{"@type":"PropertyValueSpecification","valueRequired":true,"valueName":"search_term_string"}}],"inLanguage":"pt-BR"},{"@type":"Organization","@id":"https:\/\/www.suno.com.br\/noticias\/#organization","name":"Suno Not\u00edcias","url":"https:\/\/www.suno.com.br\/noticias\/","logo":{"@type":"ImageObject","inLanguage":"pt-BR","@id":"https:\/\/www.suno.com.br\/noticias\/#\/schema\/logo\/image\/","url":"https:\/\/files.sunoresearch.com.br\/n\/uploads\/2021\/09\/suno-logo.png","contentUrl":"https:\/\/files.sunoresearch.com.br\/n\/uploads\/2021\/09\/suno-logo.png","width":180,"height":180,"caption":"Suno Not\u00edcias"},"image":{"@id":"https:\/\/www.suno.com.br\/noticias\/#\/schema\/logo\/image\/"},"sameAs":["https:\/\/facebook.com\/sunoresearch","https:\/\/x.com\/sunoresearch","https:\/\/www.instagram.com\/suno","https:\/\/www.linkedin.com\/company\/suno-research\/","https:\/\/www.youtube.com\/c\/sunoresearch"]},{"@type":"Person","@id":"https:\/\/www.suno.com.br\/noticias\/#\/schema\/person\/02ec1f752758247878a2bf4abee1aeda","name":"Poliana Santos","image":{"@type":"ImageObject","inLanguage":"pt-BR","@id":"https:\/\/www.suno.com.br\/noticias\/#\/schema\/person\/image\/","url":"https:\/\/secure.gravatar.com\/avatar\/0645bd32f23d87b2130f2b2dff1d3f8d?s=96&r=g","contentUrl":"https:\/\/secure.gravatar.com\/avatar\/0645bd32f23d87b2130f2b2dff1d3f8d?s=96&r=g","caption":"Poliana Santos"},"description":"Rep\u00f3rter no Suno Not\u00edcias, com cobertura em mercado financeiro, economia, finan\u00e7as pessoais, renda fixa e varejo. Jornalista formada pela Faculdade C\u00e1sper L\u00edbero e possui passagem na R\u00e1dio Gazeta AM com a produ\u00e7\u00e3o de conte\u00fado sobre economia, pol\u00edtica, sa\u00fade, moda e m\u00fasica. Possui certificado de conclus\u00e3o do curso de An\u00e1lise de Balan\u00e7os pela Funda\u00e7\u00e3o Bradesco, Agenda Brasil pela FAAP, Educa\u00e7\u00e3o Pol\u00edtica por Alexandre Garcia e do Tesouro Direto e Mercado de A\u00e7\u00f5es pela B3.","url":"https:\/\/www.suno.com.br\/noticias\/author\/poliana-santos\/"}]}},"default_loop_html":"<div class=\"cardsPage__listCard__boxs\"><div class=\"cardsPage__listCard__boxs__img\"><a href=\"https:\/\/www.suno.com.br\/noticias\/bndes-aprova-credito-de-r-360-milhoes-para-grupo-jsl-jslg3\/\"><img class=\"mask\" src=\"https:\/\/www.suno.com.br\/noticias\/wp-content\/themes\/suno\/resources\/images\/spotlight\/spotlight1img\/bg-mask.png\" alt=\"Image Mask\"\/><img src=\"https:\/\/files.sunoresearch.com.br\/n\/uploads\/2020\/01\/d9c0460d-jsl-400x200.webp\" alt=\"BNDES aprova cr\u00e9dito de R$ 360 milh\u00f5es para grupo JSL (JSLG3)\"\/><\/a><span class=\"spotlightCategory\"><a href=\"https:\/\/www.suno.com.br\/noticias\/negocios\/\">Neg\u00f3cios<\/a><\/span><\/div><div class=\"cardsPage__listCard__boxs__content\"><a href=\"https:\/\/www.suno.com.br\/noticias\/bndes-aprova-credito-de-r-360-milhoes-para-grupo-jsl-jslg3\/\"><h2 class=\"content__title\">BNDES aprova cr\u00e9dito de R$ 360 milh\u00f5es para grupo JSL (JSLG3)<\/h2><\/a><div class=\"newsContent__article__meta\"><div class=\"newsContent__article__meta__authorBox\"><a href=\"https:\/\/www.suno.com.br\/noticias\/author\/poliana-santos\/\" class=\"authorBox__avatar noMobi\"><img src=\"https:\/\/files.sunoresearch.com.br\/n\/uploads\/2020\/08\/7ef34026-whatsapp-image-2020-08-03-at-12.37.57-150x150.webp\" alt=\"Poliana Santos\"><\/a><div class=\"authorBox__name\"><span>por\n\t\t\t<a href=\"https:\/\/www.suno.com.br\/noticias\/author\/poliana-santos\/\"><span itemprop=\"author\">Poliana Santos<\/span><\/a><\/span><time datetime=\"2020-08-20T12:52:34-03:00\" itemprop=\"datePublished\">20\/08\/2020 12:52<\/time><\/div><\/div><\/div><\/div><\/div>","single_layout":"posts","amp_enabled":true,"_links":{"self":[{"href":"https:\/\/www.suno.com.br\/noticias\/wp-json\/wp\/v2\/posts\/79596"}],"collection":[{"href":"https:\/\/www.suno.com.br\/noticias\/wp-json\/wp\/v2\/posts"}],"about":[{"href":"https:\/\/www.suno.com.br\/noticias\/wp-json\/wp\/v2\/types\/post"}],"author":[{"embeddable":true,"href":"https:\/\/www.suno.com.br\/noticias\/wp-json\/wp\/v2\/users\/15"}],"replies":[{"embeddable":true,"href":"https:\/\/www.suno.com.br\/noticias\/wp-json\/wp\/v2\/comments?post=79596"}],"version-history":[{"count":0,"href":"https:\/\/www.suno.com.br\/noticias\/wp-json\/wp\/v2\/posts\/79596\/revisions"}],"wp:featuredmedia":[{"embeddable":true,"href":"https:\/\/www.suno.com.br\/noticias\/wp-json\/wp\/v2\/media\/51631"}],"wp:attachment":[{"href":"https:\/\/www.suno.com.br\/noticias\/wp-json\/wp\/v2\/media?parent=79596"}],"wp:term":[{"taxonomy":"category","embeddable":true,"href":"https:\/\/www.suno.com.br\/noticias\/wp-json\/wp\/v2\/categories?post=79596"},{"taxonomy":"post_tag","embeddable":true,"href":"https:\/\/www.suno.com.br\/noticias\/wp-json\/wp\/v2\/tags?post=79596"},{"taxonomy":"suno_strategy","embeddable":true,"href":"https:\/\/www.suno.com.br\/noticias\/wp-json\/wp\/v2\/suno_strategy?post=79596"}],"curies":[{"name":"wp","href":"https:\/\/api.w.org\/{rel}","templated":true}]}}