{"id":79581,"date":"2020-08-20T13:08:24","date_gmt":"2020-08-20T16:08:24","guid":{"rendered":"https:\/\/www.suno.com.br\/noticias\/?p=79581"},"modified":"2020-08-20T13:09:12","modified_gmt":"2020-08-20T16:09:12","slug":"grupo-odebrecht-oec-protocola-pedido-recuperacao-extrajudicial","status":"publish","type":"post","link":"https:\/\/www.suno.com.br\/noticias\/grupo-odebrecht-oec-protocola-pedido-recuperacao-extrajudicial\/","title":{"rendered":"Grupo Odebrecht: OEC protocola pedido de recupera\u00e7\u00e3o extrajudicial"},"content":{"rendered":"<p>A <strong>Odebrecht<\/strong> Engenharia e Constru\u00e7\u00e3o (OEC), companhia que pertence ao Grupo Odebrecht, protocolou um pedido de recupera\u00e7\u00e3o extrajudicial na Justi\u00e7a de S\u00e3o Paulo, nesta quinta-feira (20). O documento deve formalizar o acordo que a construtora conseguiu exercer com seus credores.<\/p>\t<div class=\"wrapper-featured-image\">\n\t\t<figure class=\"spotlightImg\">\n\n\t\t\t<picture>\n\t\t\t\t<source media=\"(max-width: 768px)\" srcset=\"https:\/\/files.sunoresearch.com.br\/n\/uploads\/2019\/06\/33fa5a37-odebrecht-1-400x200.webp\">\n\t\t\t\t<img loading=\"lazy\" decoding=\"async\" class=\"newsContent__article__imgCapa lazyloadDisabled \" src=\"https:\/\/files.sunoresearch.com.br\/n\/uploads\/2019\/06\/33fa5a37-odebrecht-1-jpg.webp\" width=\"800\" height=\"450\" alt=\"Grupo Odebrecht: OEC protocola pedido de recupera\u00e7\u00e3o extrajudicial\" fetchpriority=high \/>\n\t\t\t<\/picture>\n\n\t\t\t<figcaption class=\"wp-caption-text wp-caption-text--show\">Fachada de pr\u00e9dio da Odebrecht (foto: divulga\u00e7\u00e3o)<\/figcaption>\n\t\t<\/figure>\n\t<\/div>\n\n\n<div class=\"hubspot-form-wrapper\">\n\t<div id=\"single-form-target\"><\/div>\n<\/div>\n\n<p>A empresa dever\u00e1 concluir, dessa forma, a reestrutura\u00e7\u00e3o de sua d\u00edvida de US$ 3,3 bilh\u00f5es, que est\u00e1 ligada aos b\u00f4nus emitidos no mercado internacional pelo <strong>Grupo Odebrecht<\/strong> e que tinham garantia da construtora. O valor ser\u00e1 cortado em 55%, e a empresa ter\u00e1 direito a um per\u00edodo de 4,5 anos sem pagamento do principal da d\u00edvida.<\/p>\n<p>A companhia que pertence ao Grupo Odebrecht firmou um acordo preliminar para rolar a d\u00edvida no ano passado. Mesmo assim, ela precisava contar com esta aceita\u00e7\u00e3o, obtida atualmente, de pelo menos 60% dos <strong>credores<\/strong>. O acordo, no final das contas, foi aprovado por 73% dos detentores dos b\u00f4nus.<\/p>\n<p><a href=\"https:\/\/lp.suno.com.br\/suno-one\/\">Suno One: acesse gratuitamente eBooks, Minicursos, Artigos e Video Aulas sobre investimentos com um \u00fanico cadastro. Clique para saber mais!<\/a><\/p>\n<p>A partir deste momento, a OEC espera que o processo leve um tempo de at\u00e9 quatro meses para ser finalizado. O per\u00edodo ficar\u00e1 dividido em dois meses para a homologa\u00e7\u00e3o da Justi\u00e7a e mais dois para a instrumentaliza\u00e7\u00e3o do acordo.<\/p>\n<h2>Odebrecht contrata Morgan Stanley para venda da Braskem<\/h2>\n<p>A Odebrecht contratou a institui\u00e7\u00e3o financeira <strong>Morgan Stanley<\/strong> para coordenar a retomada do processo de venda da <a href=\"https:\/\/www.suno.com.br\/acoes\/brkm5\/\">Braskem (BRKM5)<\/a>. A empresa, que teve seu processo de recupera\u00e7\u00e3o judicial homologado h\u00e1 aproximadamente 10 dias, comunicou sobre a medida na noite do dia 7 de agosto.<\/p>\n\t<div data-element=\"shortcode-read-more\" class=\"knowMore\">\n\t\t\t\t<span class=\"knowMore__title\">Veja tamb\u00e9m<\/span>\n\t\t\t\t<a class=\"knowMore__link\" href=\"https:\/\/www.suno.com.br\/noticias\/petrobras-petr4-acordo-odebrecht-braskem\/\">\n\t\t\tPetrobras (PETR4) v\u00ea acordo com Odebrecht sobre Braskem em 6 meses\t\t<\/a>\n\t<\/div>\n\n\n<p>A segunda empresa que mais det\u00e9m participa\u00e7\u00e3o na Braskem, depois da <strong>Odebrecht<\/strong>, a Petrobras (<a href=\"https:\/\/www.suno.com.br\/acoes\/petr3\/\">PETR3<\/a>;<a href=\"https:\/\/www.suno.com.br\/acoes\/petr4\/\">PETR4<\/a>), tamb\u00e9m tem como intuito vender suas a\u00e7\u00f5es na companhia. Este movimento, entretanto, dever\u00e1 ocorrer no <a href=\"https:\/\/www.suno.com.br\/artigos\/novo-mercado\/\">Novo Mercado da B3<\/a>. Com a venda das a\u00e7\u00f5es por parte das duas maiores acionistas da petroqu\u00edmica, ela poder\u00e1 se transformar em uma empresa &#8220;pura&#8221;.<\/p>\n\t<p>\n\t\t<a href=\"https:\/\/lp.suno.com.br\/planilha-de-controle-de-investimentos\/\" target=\"_blank\" data-element=\"shortcode-suno-banner\" title=\"Banner SUNO, clique e saiba mais\">\n\t\t\t<picture>\n\t\t\t\t<source media=\"(max-width: 500px)\" srcset=\"https:\/\/files.sunoresearch.com.br\/n\/uploads\/2023\/03\/400x300-Controle-de-Investimentos.png\">\n\t\t\t\t<img class=\"newsContent__article__imgCapa newsContent__article__imgCapa--banner\"\n\t\t\t\t\tsrc=\"https:\/\/files.sunoresearch.com.br\/n\/uploads\/2023\/03\/1420x240-Controle-de-Investimentos.png\"\n\t\t\t\t\tdata-promo-id=\"75934\"\t\t\t\t\t\t\t\t\t\twidth='1420' height='240'\t\t\t\t\talt=\"https:\/\/files.sunoresearch.com.br\/n\/uploads\/2023\/03\/1420x240-Controle-de-Investimentos.png\"\n\t\t\t\t>\n\t\t\t<\/picture>\n\t\t<\/a>\n\t<\/p>\n\n\n","protected":false},"excerpt":{"rendered":"<p>A Odebrecht Engenharia e Constru\u00e7\u00e3o (OEC), companhia que pertence ao Grupo Odebrecht, protocolou um pedido de recupera\u00e7\u00e3o extrajudicial na Justi\u00e7a de S\u00e3o Paulo, nesta quinta-feira (20). O documento deve formalizar o acordo que a construtora conseguiu exercer com seus credores. Fachada de pr\u00e9dio da Odebrecht (foto: divulga\u00e7\u00e3o) A empresa dever\u00e1 concluir, dessa forma, a reestrutura\u00e7\u00e3o [&hellip;]<\/p>\n","protected":false},"author":19,"featured_media":28089,"comment_status":"closed","ping_status":"closed","sticky":false,"template":"","format":"standard","meta":[],"categories":[64],"tags":[783],"suno_strategy":[],"class_list":["post-79581","post","type-post","status-publish","format-standard","has-post-thumbnail","hentry","category-negocios","tag-odebrecht"],"yoast_head":"<!-- This site is optimized with the Yoast SEO plugin v24.4 - https:\/\/yoast.com\/wordpress\/plugins\/seo\/ -->\n<title>Grupo Odebrecht: OEC protocola pedido de recupera\u00e7\u00e3o extrajudicial<\/title>\n<meta name=\"description\" content=\"A Odebrecht Engenharia e Constru\u00e7\u00e3o (OEC) protocolou um pedido de recupera\u00e7\u00e3o extrajudicial na Justi\u00e7a de S\u00e3o Paulo. Clique e saiba mais.\" \/>\n<meta name=\"robots\" content=\"index, follow, max-snippet:-1, max-image-preview:large, max-video-preview:-1\" \/>\n<link rel=\"canonical\" href=\"https:\/\/www.suno.com.br\/noticias\/grupo-odebrecht-oec-protocola-pedido-recuperacao-extrajudicial\/\" \/>\n<meta property=\"og:locale\" content=\"pt_BR\" \/>\n<meta property=\"og:type\" content=\"article\" \/>\n<meta property=\"og:title\" content=\"Grupo Odebrecht: OEC protocola pedido de recupera\u00e7\u00e3o extrajudicial\" \/>\n<meta property=\"og:description\" content=\"A Odebrecht Engenharia e Constru\u00e7\u00e3o (OEC) protocolou um pedido de recupera\u00e7\u00e3o extrajudicial na Justi\u00e7a de S\u00e3o Paulo. Clique e saiba mais.\" \/>\n<meta property=\"og:url\" content=\"https:\/\/www.suno.com.br\/noticias\/grupo-odebrecht-oec-protocola-pedido-recuperacao-extrajudicial\/\" \/>\n<meta property=\"og:site_name\" content=\"Suno Not\u00edcias\" \/>\n<meta property=\"article:publisher\" content=\"https:\/\/facebook.com\/sunoresearch\" \/>\n<meta property=\"og:image\" content=\"https:\/\/files.sunoresearch.com.br\/n\/uploads\/2019\/06\/33fa5a37-odebrecht-1.jpg\" \/>\n\t<meta property=\"og:image:width\" content=\"699\" \/>\n\t<meta property=\"og:image:height\" content=\"420\" \/>\n\t<meta property=\"og:image:type\" content=\"image\/jpeg\" \/>\n<meta name=\"author\" content=\"Juliano Passaro\" \/>\n<meta name=\"twitter:card\" content=\"summary_large_image\" \/>\n<meta name=\"twitter:creator\" content=\"@sunoresearch\" \/>\n<meta name=\"twitter:site\" content=\"@sunoresearch\" \/>\n<meta name=\"twitter:label1\" content=\"Escrito por\" \/>\n\t<meta name=\"twitter:data1\" content=\"Juliano Passaro\" \/>\n\t<meta name=\"twitter:label2\" content=\"Est. tempo de leitura\" \/>\n\t<meta name=\"twitter:data2\" content=\"2 minutos\" \/>\n<script type=\"application\/ld+json\" class=\"yoast-schema-graph\">{\"@context\":\"https:\/\/schema.org\",\"@graph\":[{\"@type\":\"NewsArticle\",\"@id\":\"https:\/\/www.suno.com.br\/noticias\/grupo-odebrecht-oec-protocola-pedido-recuperacao-extrajudicial\/#article\",\"isPartOf\":{\"@id\":\"https:\/\/www.suno.com.br\/noticias\/grupo-odebrecht-oec-protocola-pedido-recuperacao-extrajudicial\/\"},\"author\":{\"name\":\"Juliano Passaro\",\"@id\":\"https:\/\/www.suno.com.br\/noticias\/#\/schema\/person\/1db762f78ffd8919a648a63e425953e3\"},\"headline\":\"Grupo Odebrecht: OEC protocola pedido de recupera\u00e7\u00e3o extrajudicial\",\"datePublished\":\"2020-08-20T16:08:24+00:00\",\"dateModified\":\"2020-08-20T16:09:12+00:00\",\"mainEntityOfPage\":{\"@id\":\"https:\/\/www.suno.com.br\/noticias\/grupo-odebrecht-oec-protocola-pedido-recuperacao-extrajudicial\/\"},\"wordCount\":362,\"publisher\":{\"@id\":\"https:\/\/www.suno.com.br\/noticias\/#organization\"},\"image\":{\"@id\":\"https:\/\/www.suno.com.br\/noticias\/grupo-odebrecht-oec-protocola-pedido-recuperacao-extrajudicial\/#primaryimage\"},\"thumbnailUrl\":\"https:\/\/files.sunoresearch.com.br\/n\/uploads\/2019\/06\/33fa5a37-odebrecht-1-jpg.webp\",\"keywords\":[\"Odebrecht\"],\"articleSection\":[\"Neg\u00f3cios\"],\"inLanguage\":\"pt-BR\"},{\"@type\":\"WebPage\",\"@id\":\"https:\/\/www.suno.com.br\/noticias\/grupo-odebrecht-oec-protocola-pedido-recuperacao-extrajudicial\/\",\"url\":\"https:\/\/www.suno.com.br\/noticias\/grupo-odebrecht-oec-protocola-pedido-recuperacao-extrajudicial\/\",\"name\":\"Grupo Odebrecht: OEC protocola pedido de recupera\u00e7\u00e3o extrajudicial\",\"isPartOf\":{\"@id\":\"https:\/\/www.suno.com.br\/noticias\/#website\"},\"primaryImageOfPage\":{\"@id\":\"https:\/\/www.suno.com.br\/noticias\/grupo-odebrecht-oec-protocola-pedido-recuperacao-extrajudicial\/#primaryimage\"},\"image\":{\"@id\":\"https:\/\/www.suno.com.br\/noticias\/grupo-odebrecht-oec-protocola-pedido-recuperacao-extrajudicial\/#primaryimage\"},\"thumbnailUrl\":\"https:\/\/files.sunoresearch.com.br\/n\/uploads\/2019\/06\/33fa5a37-odebrecht-1-jpg.webp\",\"datePublished\":\"2020-08-20T16:08:24+00:00\",\"dateModified\":\"2020-08-20T16:09:12+00:00\",\"description\":\"A Odebrecht Engenharia e Constru\u00e7\u00e3o (OEC) protocolou um pedido de recupera\u00e7\u00e3o extrajudicial na Justi\u00e7a de S\u00e3o Paulo. Clique e saiba mais.\",\"breadcrumb\":{\"@id\":\"https:\/\/www.suno.com.br\/noticias\/grupo-odebrecht-oec-protocola-pedido-recuperacao-extrajudicial\/#breadcrumb\"},\"inLanguage\":\"pt-BR\",\"potentialAction\":[{\"@type\":\"ReadAction\",\"target\":[\"https:\/\/www.suno.com.br\/noticias\/grupo-odebrecht-oec-protocola-pedido-recuperacao-extrajudicial\/\"]}]},{\"@type\":\"ImageObject\",\"inLanguage\":\"pt-BR\",\"@id\":\"https:\/\/www.suno.com.br\/noticias\/grupo-odebrecht-oec-protocola-pedido-recuperacao-extrajudicial\/#primaryimage\",\"url\":\"https:\/\/files.sunoresearch.com.br\/n\/uploads\/2019\/06\/33fa5a37-odebrecht-1-jpg.webp\",\"contentUrl\":\"https:\/\/files.sunoresearch.com.br\/n\/uploads\/2019\/06\/33fa5a37-odebrecht-1-jpg.webp\",\"width\":699,\"height\":420,\"caption\":\"Fachada de pr\u00e9dio da Odebrecht (foto: divulga\u00e7\u00e3o)\"},{\"@type\":\"BreadcrumbList\",\"@id\":\"https:\/\/www.suno.com.br\/noticias\/grupo-odebrecht-oec-protocola-pedido-recuperacao-extrajudicial\/#breadcrumb\",\"itemListElement\":[{\"@type\":\"ListItem\",\"position\":1,\"name\":\"Not\u00edcias\",\"item\":\"https:\/\/www.suno.com.br\/noticias\/\"},{\"@type\":\"ListItem\",\"position\":2,\"name\":\"Neg\u00f3cios\",\"item\":\"https:\/\/www.suno.com.br\/noticias\/negocios\/\"},{\"@type\":\"ListItem\",\"position\":3,\"name\":\"Grupo Odebrecht: OEC protocola pedido de recupera\u00e7\u00e3o extrajudicial\"}]},{\"@type\":\"WebSite\",\"@id\":\"https:\/\/www.suno.com.br\/noticias\/#website\",\"url\":\"https:\/\/www.suno.com.br\/noticias\/\",\"name\":\"Suno Not\u00edcias\",\"description\":\"Seu portal de informa\u00e7\u00e3o sobre o mundo dos investimentos\",\"publisher\":{\"@id\":\"https:\/\/www.suno.com.br\/noticias\/#organization\"},\"potentialAction\":[{\"@type\":\"SearchAction\",\"target\":{\"@type\":\"EntryPoint\",\"urlTemplate\":\"https:\/\/www.suno.com.br\/noticias\/?s={search_term_string}\"},\"query-input\":{\"@type\":\"PropertyValueSpecification\",\"valueRequired\":true,\"valueName\":\"search_term_string\"}}],\"inLanguage\":\"pt-BR\"},{\"@type\":\"Organization\",\"@id\":\"https:\/\/www.suno.com.br\/noticias\/#organization\",\"name\":\"Suno Not\u00edcias\",\"url\":\"https:\/\/www.suno.com.br\/noticias\/\",\"logo\":{\"@type\":\"ImageObject\",\"inLanguage\":\"pt-BR\",\"@id\":\"https:\/\/www.suno.com.br\/noticias\/#\/schema\/logo\/image\/\",\"url\":\"https:\/\/files.sunoresearch.com.br\/n\/uploads\/2021\/09\/suno-logo.png\",\"contentUrl\":\"https:\/\/files.sunoresearch.com.br\/n\/uploads\/2021\/09\/suno-logo.png\",\"width\":180,\"height\":180,\"caption\":\"Suno Not\u00edcias\"},\"image\":{\"@id\":\"https:\/\/www.suno.com.br\/noticias\/#\/schema\/logo\/image\/\"},\"sameAs\":[\"https:\/\/facebook.com\/sunoresearch\",\"https:\/\/x.com\/sunoresearch\",\"https:\/\/www.instagram.com\/suno\",\"https:\/\/www.linkedin.com\/company\/suno-research\/\",\"https:\/\/www.youtube.com\/c\/sunoresearch\"]},{\"@type\":\"Person\",\"@id\":\"https:\/\/www.suno.com.br\/noticias\/#\/schema\/person\/1db762f78ffd8919a648a63e425953e3\",\"name\":\"Juliano Passaro\",\"image\":{\"@type\":\"ImageObject\",\"inLanguage\":\"pt-BR\",\"@id\":\"https:\/\/www.suno.com.br\/noticias\/#\/schema\/person\/image\/\",\"url\":\"https:\/\/secure.gravatar.com\/avatar\/743d4df28eebf6dcc46b4ad03c319e92?s=96&r=g\",\"contentUrl\":\"https:\/\/secure.gravatar.com\/avatar\/743d4df28eebf6dcc46b4ad03c319e92?s=96&r=g\",\"caption\":\"Juliano Passaro\"},\"description\":\"Juliano Passaro escreve sobre pol\u00edtica, economia e neg\u00f3cios para o portal da Suno Research. Antes da Suno, trabalhou no Portal da Band. \u00c9 formado em jornalismo pela Universidade Presbiteriana Mackenzie.\",\"url\":\"https:\/\/www.suno.com.br\/noticias\/author\/juliano\/\"}]}<\/script>\n<!-- \/ Yoast SEO plugin. -->","yoast_head_json":{"title":"Grupo Odebrecht: OEC protocola pedido de recupera\u00e7\u00e3o extrajudicial","description":"A Odebrecht Engenharia e Constru\u00e7\u00e3o (OEC) protocolou um pedido de recupera\u00e7\u00e3o extrajudicial na Justi\u00e7a de S\u00e3o Paulo. Clique e saiba mais.","robots":{"index":"index","follow":"follow","max-snippet":"max-snippet:-1","max-image-preview":"max-image-preview:large","max-video-preview":"max-video-preview:-1"},"canonical":"https:\/\/www.suno.com.br\/noticias\/grupo-odebrecht-oec-protocola-pedido-recuperacao-extrajudicial\/","og_locale":"pt_BR","og_type":"article","og_title":"Grupo Odebrecht: OEC protocola pedido de recupera\u00e7\u00e3o extrajudicial","og_description":"A Odebrecht Engenharia e Constru\u00e7\u00e3o (OEC) protocolou um pedido de recupera\u00e7\u00e3o extrajudicial na Justi\u00e7a de S\u00e3o Paulo. Clique e saiba mais.","og_url":"https:\/\/www.suno.com.br\/noticias\/grupo-odebrecht-oec-protocola-pedido-recuperacao-extrajudicial\/","og_site_name":"Suno Not\u00edcias","article_publisher":"https:\/\/facebook.com\/sunoresearch","og_image":[{"width":699,"height":420,"url":"https:\/\/files.sunoresearch.com.br\/n\/uploads\/2019\/06\/33fa5a37-odebrecht-1.jpg","type":"image\/jpeg"}],"author":"Juliano Passaro","twitter_card":"summary_large_image","twitter_creator":"@sunoresearch","twitter_site":"@sunoresearch","twitter_misc":{"Escrito por":"Juliano Passaro","Est. tempo de leitura":"2 minutos"},"schema":{"@context":"https:\/\/schema.org","@graph":[{"@type":"NewsArticle","@id":"https:\/\/www.suno.com.br\/noticias\/grupo-odebrecht-oec-protocola-pedido-recuperacao-extrajudicial\/#article","isPartOf":{"@id":"https:\/\/www.suno.com.br\/noticias\/grupo-odebrecht-oec-protocola-pedido-recuperacao-extrajudicial\/"},"author":{"name":"Juliano Passaro","@id":"https:\/\/www.suno.com.br\/noticias\/#\/schema\/person\/1db762f78ffd8919a648a63e425953e3"},"headline":"Grupo Odebrecht: OEC protocola pedido de recupera\u00e7\u00e3o extrajudicial","datePublished":"2020-08-20T16:08:24+00:00","dateModified":"2020-08-20T16:09:12+00:00","mainEntityOfPage":{"@id":"https:\/\/www.suno.com.br\/noticias\/grupo-odebrecht-oec-protocola-pedido-recuperacao-extrajudicial\/"},"wordCount":362,"publisher":{"@id":"https:\/\/www.suno.com.br\/noticias\/#organization"},"image":{"@id":"https:\/\/www.suno.com.br\/noticias\/grupo-odebrecht-oec-protocola-pedido-recuperacao-extrajudicial\/#primaryimage"},"thumbnailUrl":"https:\/\/files.sunoresearch.com.br\/n\/uploads\/2019\/06\/33fa5a37-odebrecht-1-jpg.webp","keywords":["Odebrecht"],"articleSection":["Neg\u00f3cios"],"inLanguage":"pt-BR"},{"@type":"WebPage","@id":"https:\/\/www.suno.com.br\/noticias\/grupo-odebrecht-oec-protocola-pedido-recuperacao-extrajudicial\/","url":"https:\/\/www.suno.com.br\/noticias\/grupo-odebrecht-oec-protocola-pedido-recuperacao-extrajudicial\/","name":"Grupo Odebrecht: OEC protocola pedido de recupera\u00e7\u00e3o extrajudicial","isPartOf":{"@id":"https:\/\/www.suno.com.br\/noticias\/#website"},"primaryImageOfPage":{"@id":"https:\/\/www.suno.com.br\/noticias\/grupo-odebrecht-oec-protocola-pedido-recuperacao-extrajudicial\/#primaryimage"},"image":{"@id":"https:\/\/www.suno.com.br\/noticias\/grupo-odebrecht-oec-protocola-pedido-recuperacao-extrajudicial\/#primaryimage"},"thumbnailUrl":"https:\/\/files.sunoresearch.com.br\/n\/uploads\/2019\/06\/33fa5a37-odebrecht-1-jpg.webp","datePublished":"2020-08-20T16:08:24+00:00","dateModified":"2020-08-20T16:09:12+00:00","description":"A Odebrecht Engenharia e Constru\u00e7\u00e3o (OEC) protocolou um pedido de recupera\u00e7\u00e3o extrajudicial na Justi\u00e7a de S\u00e3o Paulo. Clique e saiba mais.","breadcrumb":{"@id":"https:\/\/www.suno.com.br\/noticias\/grupo-odebrecht-oec-protocola-pedido-recuperacao-extrajudicial\/#breadcrumb"},"inLanguage":"pt-BR","potentialAction":[{"@type":"ReadAction","target":["https:\/\/www.suno.com.br\/noticias\/grupo-odebrecht-oec-protocola-pedido-recuperacao-extrajudicial\/"]}]},{"@type":"ImageObject","inLanguage":"pt-BR","@id":"https:\/\/www.suno.com.br\/noticias\/grupo-odebrecht-oec-protocola-pedido-recuperacao-extrajudicial\/#primaryimage","url":"https:\/\/files.sunoresearch.com.br\/n\/uploads\/2019\/06\/33fa5a37-odebrecht-1-jpg.webp","contentUrl":"https:\/\/files.sunoresearch.com.br\/n\/uploads\/2019\/06\/33fa5a37-odebrecht-1-jpg.webp","width":699,"height":420,"caption":"Fachada de pr\u00e9dio da Odebrecht (foto: divulga\u00e7\u00e3o)"},{"@type":"BreadcrumbList","@id":"https:\/\/www.suno.com.br\/noticias\/grupo-odebrecht-oec-protocola-pedido-recuperacao-extrajudicial\/#breadcrumb","itemListElement":[{"@type":"ListItem","position":1,"name":"Not\u00edcias","item":"https:\/\/www.suno.com.br\/noticias\/"},{"@type":"ListItem","position":2,"name":"Neg\u00f3cios","item":"https:\/\/www.suno.com.br\/noticias\/negocios\/"},{"@type":"ListItem","position":3,"name":"Grupo Odebrecht: OEC protocola pedido de recupera\u00e7\u00e3o extrajudicial"}]},{"@type":"WebSite","@id":"https:\/\/www.suno.com.br\/noticias\/#website","url":"https:\/\/www.suno.com.br\/noticias\/","name":"Suno Not\u00edcias","description":"Seu portal de informa\u00e7\u00e3o sobre o mundo dos investimentos","publisher":{"@id":"https:\/\/www.suno.com.br\/noticias\/#organization"},"potentialAction":[{"@type":"SearchAction","target":{"@type":"EntryPoint","urlTemplate":"https:\/\/www.suno.com.br\/noticias\/?s={search_term_string}"},"query-input":{"@type":"PropertyValueSpecification","valueRequired":true,"valueName":"search_term_string"}}],"inLanguage":"pt-BR"},{"@type":"Organization","@id":"https:\/\/www.suno.com.br\/noticias\/#organization","name":"Suno Not\u00edcias","url":"https:\/\/www.suno.com.br\/noticias\/","logo":{"@type":"ImageObject","inLanguage":"pt-BR","@id":"https:\/\/www.suno.com.br\/noticias\/#\/schema\/logo\/image\/","url":"https:\/\/files.sunoresearch.com.br\/n\/uploads\/2021\/09\/suno-logo.png","contentUrl":"https:\/\/files.sunoresearch.com.br\/n\/uploads\/2021\/09\/suno-logo.png","width":180,"height":180,"caption":"Suno Not\u00edcias"},"image":{"@id":"https:\/\/www.suno.com.br\/noticias\/#\/schema\/logo\/image\/"},"sameAs":["https:\/\/facebook.com\/sunoresearch","https:\/\/x.com\/sunoresearch","https:\/\/www.instagram.com\/suno","https:\/\/www.linkedin.com\/company\/suno-research\/","https:\/\/www.youtube.com\/c\/sunoresearch"]},{"@type":"Person","@id":"https:\/\/www.suno.com.br\/noticias\/#\/schema\/person\/1db762f78ffd8919a648a63e425953e3","name":"Juliano Passaro","image":{"@type":"ImageObject","inLanguage":"pt-BR","@id":"https:\/\/www.suno.com.br\/noticias\/#\/schema\/person\/image\/","url":"https:\/\/secure.gravatar.com\/avatar\/743d4df28eebf6dcc46b4ad03c319e92?s=96&r=g","contentUrl":"https:\/\/secure.gravatar.com\/avatar\/743d4df28eebf6dcc46b4ad03c319e92?s=96&r=g","caption":"Juliano Passaro"},"description":"Juliano Passaro escreve sobre pol\u00edtica, economia e neg\u00f3cios para o portal da Suno Research. Antes da Suno, trabalhou no Portal da Band. \u00c9 formado em jornalismo pela Universidade Presbiteriana Mackenzie.","url":"https:\/\/www.suno.com.br\/noticias\/author\/juliano\/"}]}},"default_loop_html":"<div class=\"cardsPage__listCard__boxs\"><div class=\"cardsPage__listCard__boxs__img\"><a href=\"https:\/\/www.suno.com.br\/noticias\/grupo-odebrecht-oec-protocola-pedido-recuperacao-extrajudicial\/\"><img class=\"mask\" src=\"https:\/\/www.suno.com.br\/noticias\/wp-content\/themes\/suno\/resources\/images\/spotlight\/spotlight1img\/bg-mask.png\" alt=\"Image Mask\"\/><img src=\"https:\/\/files.sunoresearch.com.br\/n\/uploads\/2019\/06\/33fa5a37-odebrecht-1-400x200.webp\" alt=\"Grupo Odebrecht: OEC protocola pedido de recupera\u00e7\u00e3o extrajudicial\"\/><\/a><span class=\"spotlightCategory\"><a href=\"https:\/\/www.suno.com.br\/noticias\/negocios\/\">Neg\u00f3cios<\/a><\/span><\/div><div class=\"cardsPage__listCard__boxs__content\"><a href=\"https:\/\/www.suno.com.br\/noticias\/grupo-odebrecht-oec-protocola-pedido-recuperacao-extrajudicial\/\"><h2 class=\"content__title\">Grupo Odebrecht: OEC protocola pedido de recupera\u00e7\u00e3o extrajudicial<\/h2><\/a><div class=\"newsContent__article__meta\"><div class=\"newsContent__article__meta__authorBox\"><a href=\"https:\/\/www.suno.com.br\/noticias\/author\/juliano\/\" class=\"authorBox__avatar noMobi\"><img src=\"https:\/\/files.sunoresearch.com.br\/n\/uploads\/2019\/06\/7cc3efea-whatsapp-image-2019-07-18-at-21.59.33-e1563499821209-150x150.webp\" alt=\"Juliano Passaro\"><\/a><div class=\"authorBox__name\"><span>por\n\t\t\t<a href=\"https:\/\/www.suno.com.br\/noticias\/author\/juliano\/\"><span itemprop=\"author\">Juliano Passaro<\/span><\/a><\/span><time datetime=\"2020-08-20T13:08:24-03:00\" itemprop=\"datePublished\">20\/08\/2020 13:08<\/time><\/div><\/div><\/div><\/div><\/div>","single_layout":"posts","amp_enabled":true,"_links":{"self":[{"href":"https:\/\/www.suno.com.br\/noticias\/wp-json\/wp\/v2\/posts\/79581"}],"collection":[{"href":"https:\/\/www.suno.com.br\/noticias\/wp-json\/wp\/v2\/posts"}],"about":[{"href":"https:\/\/www.suno.com.br\/noticias\/wp-json\/wp\/v2\/types\/post"}],"author":[{"embeddable":true,"href":"https:\/\/www.suno.com.br\/noticias\/wp-json\/wp\/v2\/users\/19"}],"replies":[{"embeddable":true,"href":"https:\/\/www.suno.com.br\/noticias\/wp-json\/wp\/v2\/comments?post=79581"}],"version-history":[{"count":0,"href":"https:\/\/www.suno.com.br\/noticias\/wp-json\/wp\/v2\/posts\/79581\/revisions"}],"wp:featuredmedia":[{"embeddable":true,"href":"https:\/\/www.suno.com.br\/noticias\/wp-json\/wp\/v2\/media\/28089"}],"wp:attachment":[{"href":"https:\/\/www.suno.com.br\/noticias\/wp-json\/wp\/v2\/media?parent=79581"}],"wp:term":[{"taxonomy":"category","embeddable":true,"href":"https:\/\/www.suno.com.br\/noticias\/wp-json\/wp\/v2\/categories?post=79581"},{"taxonomy":"post_tag","embeddable":true,"href":"https:\/\/www.suno.com.br\/noticias\/wp-json\/wp\/v2\/tags?post=79581"},{"taxonomy":"suno_strategy","embeddable":true,"href":"https:\/\/www.suno.com.br\/noticias\/wp-json\/wp\/v2\/suno_strategy?post=79581"}],"curies":[{"name":"wp","href":"https:\/\/api.w.org\/{rel}","templated":true}]}}