{"id":7958,"date":"2018-12-06T09:47:37","date_gmt":"2018-12-06T11:47:37","guid":{"rendered":"https:\/\/www.suno.com.br\/noticias\/?p=7958"},"modified":"2018-12-06T09:56:50","modified_gmt":"2018-12-06T11:56:50","slug":"cvm-oi-fusao","status":"publish","type":"post","link":"https:\/\/www.suno.com.br\/noticias\/cvm-oi-fusao\/","title":{"rendered":"Fus\u00e3o da Oi com a Portugal Telecom \u00e9 investigada pela CVM"},"content":{"rendered":"<p>A <a href=\"https:\/\/www.suno.com.br\/artigos\/cvm\/\">Comiss\u00e3o de Valores Imobili\u00e1rios<\/a> (<strong>CVM<\/strong>) investiga a fus\u00e3o das empresas Oi e Portugal Telecom, que ocorreu em 2013. A autarquia identificou aumento de capital da companhia, segundo apura\u00e7\u00e3o da Folha.<\/p>\t<div class=\"wrapper-featured-image\">\n\t\t<figure class=\"spotlightImg\">\n\n\t\t\t<picture>\n\t\t\t\t<source media=\"(max-width: 768px)\" srcset=\"https:\/\/files.sunoresearch.com.br\/n\/uploads\/2018\/12\/oi-400x200.webp\">\n\t\t\t\t<img loading=\"lazy\" decoding=\"async\" class=\"newsContent__article__imgCapa lazyloadDisabled newsContent__article__imgCapa--noCaption\" src=\"https:\/\/files.sunoresearch.com.br\/n\/uploads\/2018\/12\/oi-800x450.webp\" width=\"800\" height=\"450\" alt=\"Fus\u00e3o da Oi com a Portugal Telecom \u00e9 investigada pela CVM\" fetchpriority=high \/>\n\t\t\t<\/picture>\n\n\t\t\t<figcaption class=\"wp-caption-text wp-caption-text--hide\">Orelh\u00e3o da Oi. (divulga\u00e7\u00e3o)<\/figcaption>\n\t\t<\/figure>\n\t<\/div>\n\n\n<p>No entanto, a fus\u00e3o das empresas \u00e9 justificada pela pretens\u00e3o de criar uma supertele transnacional, com atua\u00e7\u00e3o no Brasil, Portugal e \u00c1frica, de acordo com a <strong>Oi<\/strong> e a Portugal Telecom.<\/p>\n<p>A fus\u00e3o \u00e9 vista por <a href=\"https:\/\/www.suno.com.br\/artigos\/minoritario\/\">minorit\u00e1rios<\/a> como um empurr\u00e3o para o pedido de recupera\u00e7\u00e3o judicial da Oi, que ocorreu em 2016, quando a companhia tinha uma d\u00edvida de R$ 65 bilh\u00f5es.<\/p>\n<p><a href=\"https:\/\/www.suno.com.br\/noticias\/recuperacao-judicial-saraiva-aceita\/\">Saiba mais &#8211;\u00a0Recupera\u00e7\u00e3o judicial da Saraiva \u00e9 aceita pelo Tribunal de S\u00e3o Paulo\u00a0<\/a><\/p>\n<h2>As acusa\u00e7\u00f5es<\/h2>\n<p>Dentre os supostos envolvidos e acusados pela <strong>CVM<\/strong>, est\u00e3o:<\/p>\n<ul>\n<li>Eurico Teles (presidente e diretor jur\u00eddico da Oi)<\/li>\n<li>8 s\u00f3cios e 28 executivos e conselheiros da Oi, que estiveram na empresa durante os processos<\/li>\n<li>Pharol (novo nome da Portugal Telecom)<\/li>\n<li>BNDESPar (bra\u00e7o de participa\u00e7\u00f5es do BNDES)<\/li>\n<li>fundos de pens\u00e3o dos empregados do BB (Previ)<\/li>\n<li>fundos de pens\u00e3o dos empregados da Petrobras (Petros)<\/li>\n<li>fundos de pens\u00e3o dos empregados da Caixa (funcef)<\/li>\n<li>Andrade Gutierrez (multinacional brasileira de neg\u00f3cios variados)<\/li>\n<\/ul>\n<p>Teles liderou a negocia\u00e7\u00e3o com credores.<\/p>\n<p>A CVM acusa a Oi e seus s\u00f3cios de viola\u00e7\u00e3o de deveres fiduci\u00e1rios, a tomada de decis\u00f5es que n\u00e3o representam os melhores interesses dos acionistas na fus\u00e3o.<\/p>\n<p>Como a fus\u00e3o envolveu a transfer\u00eancia de ativos das duas empresas para uma nova companhia, as irregularidades no processo de aumento de capital realizado em 2014, justifica os executivos e conselheiros investigados.<\/p>\n<p>Minorit\u00e1rios acusam os portugueses de aportar ativos superavaliados, como concess\u00f5es na \u00c1frica, e passivos com vencimento no curto prazo.<\/p>\n<p>Parte destes ativos eram de t\u00edtulos de empresas do pr\u00f3prio grupo que geria a Portugal Telecom, o grupo Esp\u00edrito Santo. O valor do aporte da empresa portuguesa na opera\u00e7\u00e3o foi reduzido ap\u00f3s o grupo Esp\u00edrito Santo pedir fal\u00eancia.<\/p>\n<p>Ent\u00e3o, a Portugal Telecom foi vendida \u00e0 companhia francesa Altice, e seus controladores permaneceram na Oi por meio do ve\u00edculo de investimentos Pharol.<\/p>\n<p><a href=\"https:\/\/www.suno.com.br\/noticias\/balanco-da-oi-trimestre\/\">Saiba mais &#8211;\u00a0Balan\u00e7o da Oi aponta preju\u00edzo de R$ 1,34 bilh\u00e3o no terceiro trimestre\u00a0<\/a><\/p>\n<p>Os inqu\u00e9ritos foram iniciados por pedido dos minorit\u00e1rios, que tamb\u00e9m requisitaram investiga\u00e7\u00e3o para o Minist\u00e9rio P\u00fablico Federal (MPF) e \u00e0 Pol\u00edcia Federal (PF).<\/p>\n<p>&#8220;Em \u00faltima an\u00e1lise, foi a fus\u00e3o que levou a Oi \u00e0 recupera\u00e7\u00e3o judicial&#8221;, constatou Aur\u00e9lio Valporto, da Associa\u00e7\u00e3o dos Investidores Minorit\u00e1rios.<\/p>\n<p>A <strong>Oi<\/strong> obteve danos de R$ 1,3 bilh\u00e3o no 3\u00ba trimestre de 2018, em meio ao processo de <a href=\"https:\/\/www.suno.com.br\/artigos\/recuperacao-judicial\/\">recupera\u00e7\u00e3o judicial<\/a>. No acumulado, a d\u00edvida total era de R$ 10,976 bilh\u00f5es.<\/p>\n","protected":false},"excerpt":{"rendered":"<p>A Comiss\u00e3o de Valores Imobili\u00e1rios (CVM) investiga a fus\u00e3o das empresas Oi e Portugal Telecom, que ocorreu em 2013. A autarquia identificou aumento de capital da companhia, segundo apura\u00e7\u00e3o da Folha. Orelh\u00e3o da Oi. (divulga\u00e7\u00e3o) No entanto, a fus\u00e3o das empresas \u00e9 justificada pela pretens\u00e3o de criar uma supertele transnacional, com atua\u00e7\u00e3o no Brasil, Portugal [&hellip;]<\/p>\n","protected":false},"author":12,"featured_media":7959,"comment_status":"closed","ping_status":"closed","sticky":false,"template":"","format":"standard","meta":[],"categories":[64],"tags":[314],"suno_strategy":[],"class_list":["post-7958","post","type-post","status-publish","format-standard","has-post-thumbnail","hentry","category-negocios","tag-recuperacao-judicial"],"yoast_head":"<!-- This site is optimized with the Yoast SEO plugin v24.4 - https:\/\/yoast.com\/wordpress\/plugins\/seo\/ -->\n<title>Fus\u00e3o da Oi com a Portugal Telecom \u00e9 investigada pela CVM<\/title>\n<meta name=\"description\" content=\"A CVM investiga a fus\u00e3o, que ocorreu em 2013, das companhias Oi e Portugal Telecom por irregularidades. Clique para saber mais.\" \/>\n<meta name=\"robots\" content=\"index, follow, max-snippet:-1, max-image-preview:large, max-video-preview:-1\" \/>\n<link rel=\"canonical\" href=\"https:\/\/www.suno.com.br\/noticias\/cvm-oi-fusao\/\" \/>\n<meta property=\"og:locale\" content=\"pt_BR\" \/>\n<meta property=\"og:type\" content=\"article\" \/>\n<meta property=\"og:title\" content=\"Fus\u00e3o da Oi com a Portugal Telecom \u00e9 investigada pela CVM\" \/>\n<meta property=\"og:description\" content=\"A CVM investiga a fus\u00e3o, que ocorreu em 2013, das companhias Oi e Portugal Telecom por irregularidades. Clique para saber mais.\" \/>\n<meta property=\"og:url\" content=\"https:\/\/www.suno.com.br\/noticias\/cvm-oi-fusao\/\" \/>\n<meta property=\"og:site_name\" content=\"Suno Not\u00edcias\" \/>\n<meta property=\"article:publisher\" content=\"https:\/\/facebook.com\/sunoresearch\" \/>\n<meta property=\"og:image\" content=\"https:\/\/files.sunoresearch.com.br\/n\/uploads\/2018\/12\/oi.jpg\" \/>\n\t<meta property=\"og:image:width\" content=\"2560\" \/>\n\t<meta property=\"og:image:height\" content=\"1920\" \/>\n\t<meta property=\"og:image:type\" content=\"image\/jpeg\" \/>\n<meta name=\"author\" content=\"Amanda Gushiken\" \/>\n<meta name=\"twitter:card\" content=\"summary_large_image\" \/>\n<meta name=\"twitter:creator\" content=\"@sunoresearch\" \/>\n<meta name=\"twitter:site\" content=\"@sunoresearch\" \/>\n<meta name=\"twitter:label1\" content=\"Escrito por\" \/>\n\t<meta name=\"twitter:data1\" content=\"Amanda Gushiken\" \/>\n\t<meta name=\"twitter:label2\" content=\"Est. tempo de leitura\" \/>\n\t<meta name=\"twitter:data2\" content=\"2 minutos\" \/>\n<script type=\"application\/ld+json\" class=\"yoast-schema-graph\">{\"@context\":\"https:\/\/schema.org\",\"@graph\":[{\"@type\":\"NewsArticle\",\"@id\":\"https:\/\/www.suno.com.br\/noticias\/cvm-oi-fusao\/#article\",\"isPartOf\":{\"@id\":\"https:\/\/www.suno.com.br\/noticias\/cvm-oi-fusao\/\"},\"author\":{\"name\":\"Amanda Gushiken\",\"@id\":\"https:\/\/www.suno.com.br\/noticias\/#\/schema\/person\/a5b06fa4e879d8e8e119c6ed3cd630d1\"},\"headline\":\"Fus\u00e3o da Oi com a Portugal Telecom \u00e9 investigada pela CVM\",\"datePublished\":\"2018-12-06T11:47:37+00:00\",\"dateModified\":\"2018-12-06T11:56:50+00:00\",\"mainEntityOfPage\":{\"@id\":\"https:\/\/www.suno.com.br\/noticias\/cvm-oi-fusao\/\"},\"wordCount\":478,\"publisher\":{\"@id\":\"https:\/\/www.suno.com.br\/noticias\/#organization\"},\"image\":{\"@id\":\"https:\/\/www.suno.com.br\/noticias\/cvm-oi-fusao\/#primaryimage\"},\"thumbnailUrl\":\"https:\/\/files.sunoresearch.com.br\/n\/uploads\/2018\/12\/oi-jpg.webp\",\"keywords\":[\"recupera\u00e7\u00e3o judicial\"],\"articleSection\":[\"Neg\u00f3cios\"],\"inLanguage\":\"pt-BR\"},{\"@type\":\"WebPage\",\"@id\":\"https:\/\/www.suno.com.br\/noticias\/cvm-oi-fusao\/\",\"url\":\"https:\/\/www.suno.com.br\/noticias\/cvm-oi-fusao\/\",\"name\":\"Fus\u00e3o da Oi com a Portugal Telecom \u00e9 investigada pela CVM\",\"isPartOf\":{\"@id\":\"https:\/\/www.suno.com.br\/noticias\/#website\"},\"primaryImageOfPage\":{\"@id\":\"https:\/\/www.suno.com.br\/noticias\/cvm-oi-fusao\/#primaryimage\"},\"image\":{\"@id\":\"https:\/\/www.suno.com.br\/noticias\/cvm-oi-fusao\/#primaryimage\"},\"thumbnailUrl\":\"https:\/\/files.sunoresearch.com.br\/n\/uploads\/2018\/12\/oi-jpg.webp\",\"datePublished\":\"2018-12-06T11:47:37+00:00\",\"dateModified\":\"2018-12-06T11:56:50+00:00\",\"description\":\"A CVM investiga a fus\u00e3o, que ocorreu em 2013, das companhias Oi e Portugal Telecom por irregularidades. Clique para saber mais.\",\"breadcrumb\":{\"@id\":\"https:\/\/www.suno.com.br\/noticias\/cvm-oi-fusao\/#breadcrumb\"},\"inLanguage\":\"pt-BR\",\"potentialAction\":[{\"@type\":\"ReadAction\",\"target\":[\"https:\/\/www.suno.com.br\/noticias\/cvm-oi-fusao\/\"]}]},{\"@type\":\"ImageObject\",\"inLanguage\":\"pt-BR\",\"@id\":\"https:\/\/www.suno.com.br\/noticias\/cvm-oi-fusao\/#primaryimage\",\"url\":\"https:\/\/files.sunoresearch.com.br\/n\/uploads\/2018\/12\/oi-jpg.webp\",\"contentUrl\":\"https:\/\/files.sunoresearch.com.br\/n\/uploads\/2018\/12\/oi-jpg.webp\",\"width\":2560,\"height\":1920,\"caption\":\"Orelh\u00e3o da Oi. (divulga\u00e7\u00e3o)\"},{\"@type\":\"BreadcrumbList\",\"@id\":\"https:\/\/www.suno.com.br\/noticias\/cvm-oi-fusao\/#breadcrumb\",\"itemListElement\":[{\"@type\":\"ListItem\",\"position\":1,\"name\":\"Not\u00edcias\",\"item\":\"https:\/\/www.suno.com.br\/noticias\/\"},{\"@type\":\"ListItem\",\"position\":2,\"name\":\"Neg\u00f3cios\",\"item\":\"https:\/\/www.suno.com.br\/noticias\/negocios\/\"},{\"@type\":\"ListItem\",\"position\":3,\"name\":\"Fus\u00e3o da Oi com a Portugal Telecom \u00e9 investigada pela CVM\"}]},{\"@type\":\"WebSite\",\"@id\":\"https:\/\/www.suno.com.br\/noticias\/#website\",\"url\":\"https:\/\/www.suno.com.br\/noticias\/\",\"name\":\"Suno Not\u00edcias\",\"description\":\"Seu portal de informa\u00e7\u00e3o sobre o mundo dos investimentos\",\"publisher\":{\"@id\":\"https:\/\/www.suno.com.br\/noticias\/#organization\"},\"potentialAction\":[{\"@type\":\"SearchAction\",\"target\":{\"@type\":\"EntryPoint\",\"urlTemplate\":\"https:\/\/www.suno.com.br\/noticias\/?s={search_term_string}\"},\"query-input\":{\"@type\":\"PropertyValueSpecification\",\"valueRequired\":true,\"valueName\":\"search_term_string\"}}],\"inLanguage\":\"pt-BR\"},{\"@type\":\"Organization\",\"@id\":\"https:\/\/www.suno.com.br\/noticias\/#organization\",\"name\":\"Suno Not\u00edcias\",\"url\":\"https:\/\/www.suno.com.br\/noticias\/\",\"logo\":{\"@type\":\"ImageObject\",\"inLanguage\":\"pt-BR\",\"@id\":\"https:\/\/www.suno.com.br\/noticias\/#\/schema\/logo\/image\/\",\"url\":\"https:\/\/files.sunoresearch.com.br\/n\/uploads\/2021\/09\/suno-logo.png\",\"contentUrl\":\"https:\/\/files.sunoresearch.com.br\/n\/uploads\/2021\/09\/suno-logo.png\",\"width\":180,\"height\":180,\"caption\":\"Suno Not\u00edcias\"},\"image\":{\"@id\":\"https:\/\/www.suno.com.br\/noticias\/#\/schema\/logo\/image\/\"},\"sameAs\":[\"https:\/\/facebook.com\/sunoresearch\",\"https:\/\/x.com\/sunoresearch\",\"https:\/\/www.instagram.com\/suno\",\"https:\/\/www.linkedin.com\/company\/suno-research\/\",\"https:\/\/www.youtube.com\/c\/sunoresearch\"]},{\"@type\":\"Person\",\"@id\":\"https:\/\/www.suno.com.br\/noticias\/#\/schema\/person\/a5b06fa4e879d8e8e119c6ed3cd630d1\",\"name\":\"Amanda Gushiken\",\"image\":{\"@type\":\"ImageObject\",\"inLanguage\":\"pt-BR\",\"@id\":\"https:\/\/www.suno.com.br\/noticias\/#\/schema\/person\/image\/\",\"url\":\"https:\/\/secure.gravatar.com\/avatar\/ecd84705e6b65e3685ae80d725501fbe?s=96&r=g\",\"contentUrl\":\"https:\/\/secure.gravatar.com\/avatar\/ecd84705e6b65e3685ae80d725501fbe?s=96&r=g\",\"caption\":\"Amanda Gushiken\"},\"description\":\"Amanda Sayuri Gushiken escreve sobre finan\u00e7as e neg\u00f3cios para o portal Suno Not\u00edcias. Antes, trabalhou selecionando not\u00edcias da imprensa para clientes do mercado financeiro. Tamb\u00e9m desenvolveu pesquisa acad\u00eamica pela Universidade Anhembi Morumbi na \u00e1rea de Teorias da Comunica\u00e7\u00e3o e \u00e9 fot\u00f3grafa nas horas vagas.\",\"url\":\"https:\/\/www.suno.com.br\/noticias\/author\/amanda\/\"}]}<\/script>\n<!-- \/ Yoast SEO plugin. -->","yoast_head_json":{"title":"Fus\u00e3o da Oi com a Portugal Telecom \u00e9 investigada pela CVM","description":"A CVM investiga a fus\u00e3o, que ocorreu em 2013, das companhias Oi e Portugal Telecom por irregularidades. Clique para saber mais.","robots":{"index":"index","follow":"follow","max-snippet":"max-snippet:-1","max-image-preview":"max-image-preview:large","max-video-preview":"max-video-preview:-1"},"canonical":"https:\/\/www.suno.com.br\/noticias\/cvm-oi-fusao\/","og_locale":"pt_BR","og_type":"article","og_title":"Fus\u00e3o da Oi com a Portugal Telecom \u00e9 investigada pela CVM","og_description":"A CVM investiga a fus\u00e3o, que ocorreu em 2013, das companhias Oi e Portugal Telecom por irregularidades. Clique para saber mais.","og_url":"https:\/\/www.suno.com.br\/noticias\/cvm-oi-fusao\/","og_site_name":"Suno Not\u00edcias","article_publisher":"https:\/\/facebook.com\/sunoresearch","og_image":[{"width":2560,"height":1920,"url":"https:\/\/files.sunoresearch.com.br\/n\/uploads\/2018\/12\/oi.jpg","type":"image\/jpeg"}],"author":"Amanda Gushiken","twitter_card":"summary_large_image","twitter_creator":"@sunoresearch","twitter_site":"@sunoresearch","twitter_misc":{"Escrito por":"Amanda Gushiken","Est. tempo de leitura":"2 minutos"},"schema":{"@context":"https:\/\/schema.org","@graph":[{"@type":"NewsArticle","@id":"https:\/\/www.suno.com.br\/noticias\/cvm-oi-fusao\/#article","isPartOf":{"@id":"https:\/\/www.suno.com.br\/noticias\/cvm-oi-fusao\/"},"author":{"name":"Amanda Gushiken","@id":"https:\/\/www.suno.com.br\/noticias\/#\/schema\/person\/a5b06fa4e879d8e8e119c6ed3cd630d1"},"headline":"Fus\u00e3o da Oi com a Portugal Telecom \u00e9 investigada pela CVM","datePublished":"2018-12-06T11:47:37+00:00","dateModified":"2018-12-06T11:56:50+00:00","mainEntityOfPage":{"@id":"https:\/\/www.suno.com.br\/noticias\/cvm-oi-fusao\/"},"wordCount":478,"publisher":{"@id":"https:\/\/www.suno.com.br\/noticias\/#organization"},"image":{"@id":"https:\/\/www.suno.com.br\/noticias\/cvm-oi-fusao\/#primaryimage"},"thumbnailUrl":"https:\/\/files.sunoresearch.com.br\/n\/uploads\/2018\/12\/oi-jpg.webp","keywords":["recupera\u00e7\u00e3o judicial"],"articleSection":["Neg\u00f3cios"],"inLanguage":"pt-BR"},{"@type":"WebPage","@id":"https:\/\/www.suno.com.br\/noticias\/cvm-oi-fusao\/","url":"https:\/\/www.suno.com.br\/noticias\/cvm-oi-fusao\/","name":"Fus\u00e3o da Oi com a Portugal Telecom \u00e9 investigada pela CVM","isPartOf":{"@id":"https:\/\/www.suno.com.br\/noticias\/#website"},"primaryImageOfPage":{"@id":"https:\/\/www.suno.com.br\/noticias\/cvm-oi-fusao\/#primaryimage"},"image":{"@id":"https:\/\/www.suno.com.br\/noticias\/cvm-oi-fusao\/#primaryimage"},"thumbnailUrl":"https:\/\/files.sunoresearch.com.br\/n\/uploads\/2018\/12\/oi-jpg.webp","datePublished":"2018-12-06T11:47:37+00:00","dateModified":"2018-12-06T11:56:50+00:00","description":"A CVM investiga a fus\u00e3o, que ocorreu em 2013, das companhias Oi e Portugal Telecom por irregularidades. Clique para saber mais.","breadcrumb":{"@id":"https:\/\/www.suno.com.br\/noticias\/cvm-oi-fusao\/#breadcrumb"},"inLanguage":"pt-BR","potentialAction":[{"@type":"ReadAction","target":["https:\/\/www.suno.com.br\/noticias\/cvm-oi-fusao\/"]}]},{"@type":"ImageObject","inLanguage":"pt-BR","@id":"https:\/\/www.suno.com.br\/noticias\/cvm-oi-fusao\/#primaryimage","url":"https:\/\/files.sunoresearch.com.br\/n\/uploads\/2018\/12\/oi-jpg.webp","contentUrl":"https:\/\/files.sunoresearch.com.br\/n\/uploads\/2018\/12\/oi-jpg.webp","width":2560,"height":1920,"caption":"Orelh\u00e3o da Oi. (divulga\u00e7\u00e3o)"},{"@type":"BreadcrumbList","@id":"https:\/\/www.suno.com.br\/noticias\/cvm-oi-fusao\/#breadcrumb","itemListElement":[{"@type":"ListItem","position":1,"name":"Not\u00edcias","item":"https:\/\/www.suno.com.br\/noticias\/"},{"@type":"ListItem","position":2,"name":"Neg\u00f3cios","item":"https:\/\/www.suno.com.br\/noticias\/negocios\/"},{"@type":"ListItem","position":3,"name":"Fus\u00e3o da Oi com a Portugal Telecom \u00e9 investigada pela CVM"}]},{"@type":"WebSite","@id":"https:\/\/www.suno.com.br\/noticias\/#website","url":"https:\/\/www.suno.com.br\/noticias\/","name":"Suno Not\u00edcias","description":"Seu portal de informa\u00e7\u00e3o sobre o mundo dos investimentos","publisher":{"@id":"https:\/\/www.suno.com.br\/noticias\/#organization"},"potentialAction":[{"@type":"SearchAction","target":{"@type":"EntryPoint","urlTemplate":"https:\/\/www.suno.com.br\/noticias\/?s={search_term_string}"},"query-input":{"@type":"PropertyValueSpecification","valueRequired":true,"valueName":"search_term_string"}}],"inLanguage":"pt-BR"},{"@type":"Organization","@id":"https:\/\/www.suno.com.br\/noticias\/#organization","name":"Suno Not\u00edcias","url":"https:\/\/www.suno.com.br\/noticias\/","logo":{"@type":"ImageObject","inLanguage":"pt-BR","@id":"https:\/\/www.suno.com.br\/noticias\/#\/schema\/logo\/image\/","url":"https:\/\/files.sunoresearch.com.br\/n\/uploads\/2021\/09\/suno-logo.png","contentUrl":"https:\/\/files.sunoresearch.com.br\/n\/uploads\/2021\/09\/suno-logo.png","width":180,"height":180,"caption":"Suno Not\u00edcias"},"image":{"@id":"https:\/\/www.suno.com.br\/noticias\/#\/schema\/logo\/image\/"},"sameAs":["https:\/\/facebook.com\/sunoresearch","https:\/\/x.com\/sunoresearch","https:\/\/www.instagram.com\/suno","https:\/\/www.linkedin.com\/company\/suno-research\/","https:\/\/www.youtube.com\/c\/sunoresearch"]},{"@type":"Person","@id":"https:\/\/www.suno.com.br\/noticias\/#\/schema\/person\/a5b06fa4e879d8e8e119c6ed3cd630d1","name":"Amanda Gushiken","image":{"@type":"ImageObject","inLanguage":"pt-BR","@id":"https:\/\/www.suno.com.br\/noticias\/#\/schema\/person\/image\/","url":"https:\/\/secure.gravatar.com\/avatar\/ecd84705e6b65e3685ae80d725501fbe?s=96&r=g","contentUrl":"https:\/\/secure.gravatar.com\/avatar\/ecd84705e6b65e3685ae80d725501fbe?s=96&r=g","caption":"Amanda Gushiken"},"description":"Amanda Sayuri Gushiken escreve sobre finan\u00e7as e neg\u00f3cios para o portal Suno Not\u00edcias. Antes, trabalhou selecionando not\u00edcias da imprensa para clientes do mercado financeiro. Tamb\u00e9m desenvolveu pesquisa acad\u00eamica pela Universidade Anhembi Morumbi na \u00e1rea de Teorias da Comunica\u00e7\u00e3o e \u00e9 fot\u00f3grafa nas horas vagas.","url":"https:\/\/www.suno.com.br\/noticias\/author\/amanda\/"}]}},"default_loop_html":"<div class=\"cardsPage__listCard__boxs\"><div class=\"cardsPage__listCard__boxs__img\"><a href=\"https:\/\/www.suno.com.br\/noticias\/cvm-oi-fusao\/\"><img class=\"mask\" src=\"https:\/\/www.suno.com.br\/noticias\/wp-content\/themes\/suno\/resources\/images\/spotlight\/spotlight1img\/bg-mask.png\" alt=\"Image Mask\"\/><img src=\"https:\/\/files.sunoresearch.com.br\/n\/uploads\/2018\/12\/oi-400x200.webp\" alt=\"Fus\u00e3o da Oi com a Portugal Telecom \u00e9 investigada pela CVM\"\/><\/a><span class=\"spotlightCategory\"><a href=\"https:\/\/www.suno.com.br\/noticias\/negocios\/\">Neg\u00f3cios<\/a><\/span><\/div><div class=\"cardsPage__listCard__boxs__content\"><a href=\"https:\/\/www.suno.com.br\/noticias\/cvm-oi-fusao\/\"><h2 class=\"content__title\">Fus\u00e3o da Oi com a Portugal Telecom \u00e9 investigada pela CVM<\/h2><\/a><div class=\"newsContent__article__meta\"><div class=\"newsContent__article__meta__authorBox\"><a href=\"https:\/\/www.suno.com.br\/noticias\/author\/amanda\/\" class=\"authorBox__avatar noMobi\"><img src=\"https:\/\/files.sunoresearch.com.br\/n\/uploads\/2018\/11\/c6ad30be-amanda-150x150.webp\" alt=\"Amanda Gushiken\"><\/a><div class=\"authorBox__name\"><span>por\n\t\t\t<a href=\"https:\/\/www.suno.com.br\/noticias\/author\/amanda\/\"><span itemprop=\"author\">Amanda Gushiken<\/span><\/a><\/span><time datetime=\"2018-12-06T09:47:37-02:00\" itemprop=\"datePublished\">06\/12\/2018 09:47<\/time><\/div><\/div><\/div><\/div><\/div>","single_layout":"posts","amp_enabled":true,"_links":{"self":[{"href":"https:\/\/www.suno.com.br\/noticias\/wp-json\/wp\/v2\/posts\/7958"}],"collection":[{"href":"https:\/\/www.suno.com.br\/noticias\/wp-json\/wp\/v2\/posts"}],"about":[{"href":"https:\/\/www.suno.com.br\/noticias\/wp-json\/wp\/v2\/types\/post"}],"author":[{"embeddable":true,"href":"https:\/\/www.suno.com.br\/noticias\/wp-json\/wp\/v2\/users\/12"}],"replies":[{"embeddable":true,"href":"https:\/\/www.suno.com.br\/noticias\/wp-json\/wp\/v2\/comments?post=7958"}],"version-history":[{"count":0,"href":"https:\/\/www.suno.com.br\/noticias\/wp-json\/wp\/v2\/posts\/7958\/revisions"}],"wp:featuredmedia":[{"embeddable":true,"href":"https:\/\/www.suno.com.br\/noticias\/wp-json\/wp\/v2\/media\/7959"}],"wp:attachment":[{"href":"https:\/\/www.suno.com.br\/noticias\/wp-json\/wp\/v2\/media?parent=7958"}],"wp:term":[{"taxonomy":"category","embeddable":true,"href":"https:\/\/www.suno.com.br\/noticias\/wp-json\/wp\/v2\/categories?post=7958"},{"taxonomy":"post_tag","embeddable":true,"href":"https:\/\/www.suno.com.br\/noticias\/wp-json\/wp\/v2\/tags?post=7958"},{"taxonomy":"suno_strategy","embeddable":true,"href":"https:\/\/www.suno.com.br\/noticias\/wp-json\/wp\/v2\/suno_strategy?post=7958"}],"curies":[{"name":"wp","href":"https:\/\/api.w.org\/{rel}","templated":true}]}}