{"id":79488,"date":"2020-08-20T07:42:43","date_gmt":"2020-08-20T10:42:43","guid":{"rendered":"https:\/\/www.suno.com.br\/noticias\/?p=79488"},"modified":"2020-08-20T20:47:26","modified_gmt":"2020-08-20T23:47:26","slug":"localiza-rent3-recisao-marca-hertz","status":"publish","type":"post","link":"https:\/\/www.suno.com.br\/noticias\/localiza-rent3-recisao-marca-hertz\/","title":{"rendered":"Localiza (RENT3) anuncia rescis\u00e3o com a marca Hertz"},"content":{"rendered":"<p>A <a href=\"https:\/\/www.suno.com.br\/acoes\/rent3\/\"><strong>Localiza<\/strong> Rent a Car (RENT3)<\/a> anunciou ao mercado e aos seus acionistas que a Localiza e sua controlada, Car Rental Systems S.A., assinaram, na \u00faltima quarta-feira (19), com The Hertz Corporation e Hertz Systems, Inc., o instrumento de rescis\u00e3o dos contratos de coopera\u00e7\u00e3o de marcas (Brand Cooperation Agreement) e de encaminhamento de clientes (Referral Agreements).<\/p>\t<div class=\"wrapper-featured-image\">\n\t\t<figure class=\"spotlightImg\">\n\n\t\t\t<picture>\n\t\t\t\t<source media=\"(max-width: 768px)\" srcset=\"https:\/\/files.sunoresearch.com.br\/n\/uploads\/2019\/11\/bb48a580-localiza-400x200.webp\">\n\t\t\t\t<img loading=\"lazy\" decoding=\"async\" class=\"newsContent__article__imgCapa lazyloadDisabled \" src=\"https:\/\/files.sunoresearch.com.br\/n\/uploads\/2019\/11\/bb48a580-localiza-800x450.webp\" width=\"800\" height=\"450\" alt=\"Localiza (RENT3) anuncia rescis\u00e3o com a marca Hertz\" fetchpriority=high \/>\n\t\t\t<\/picture>\n\n\t\t\t<figcaption class=\"wp-caption-text wp-caption-text--show\">Localiza (foto: divulga\u00e7\u00e3o)<\/figcaption>\n\t\t<\/figure>\n\t<\/div>\n\n\n<div class=\"hubspot-form-wrapper\">\n\t<div id=\"single-form-target\"><\/div>\n<\/div>\n\n<p>A rescis\u00e3o prev\u00ea um plano de transi\u00e7\u00e3o de pelo menos seis meses e a implementa\u00e7\u00e3o da rescis\u00e3o depende da aprova\u00e7\u00e3o da corte norte-americana respons\u00e1vel pelo processo de recupera\u00e7\u00e3o judicial da Hertz. A Localiza informou que todas as reservas ser\u00e3o preservadas, assim como o atendimento aos clientes.<\/p>\n<p>&#8220;Quaisquer novas informa\u00e7\u00f5es relevantes relacionadas aos fatos acima mencionados ser\u00e3o comunicadas oportunamente ao mercado&#8221;, comunicou a Localiza em seu fato relevante.<\/p>\n<p><a href=\"https:\/\/lp.suno.com.br\/suno-one\/\">Garanta acesso gratuito \u00e0 eBooks, Minicursos, Artigos e Video Aulas com um \u00fanico cadastro. Clique para saber mais.<\/a><\/p>\n<p>A Localiza anunciou a compra da Hertz Brasil por cerca de R$ 337 milh\u00f5es, em dezembro de 2016. A Hertz, que est\u00e1 em <a href=\"https:\/\/www.suno.com.br\/artigos\/recuperacao-judicial\/\">recupera\u00e7\u00e3o judicial<\/a> desde maio deste ano, estava em busca de um empr\u00e9stimo de at\u00e9 US$ 1 bilh\u00e3o, em meados de junho, para financiar suas opera\u00e7\u00f5es, ap\u00f3s ter desistido de realizar uma oferta de a\u00e7\u00f5es.<\/p>\n<p><iframe loading=\"lazy\" src=\"https:\/\/www.youtube.com\/embed\/u42qG9Y4zJU\" width=\"560\" height=\"315\" frameborder=\"0\" allowfullscreen=\"allowfullscreen\"><\/iframe><\/p>\n<h2>Lucro da Localiza no 2T20<\/h2>\n<p>A Localiza teve um <a href=\"https:\/\/www.suno.com.br\/artigos\/lucro-liquido\/\">lucro l\u00edquido<\/a> de R$ 89,9 milh\u00f5es no trimestre encerrado em junho deste ano. O valor \u00e9 52,7% menor do que o apresentado no mesmo per\u00edodo de 2019. A companhia apresentou seu balan\u00e7o financeiro referente ao segundo trimestre no dia 29 de julho.<\/p>\n<p>A receita l\u00edquida consolidada da <strong>Localiza<\/strong> foi de R$ 1,570 bilh\u00e3o no 2T20. O valor \u00e9 31,7% inferior ao do mesmo intervalo do ano passado. A divis\u00e3o de aluguel de carros apresentou queda de 8% no volume de neg\u00f3cios em decorr\u00eancia dos efeitos da pandemia do coronav\u00edrus \u00e0 economia. O <a href=\"https:\/\/www.suno.com.br\/artigos\/ebitda\/\">lucro antes de juros, impostos, deprecia\u00e7\u00e3o e amortiza\u00e7\u00e3o (Ebitda)<\/a> da companhia apresentou queda de 13% entre abril e junho, totalizando o valor de R$ 434 milh\u00f5es.<\/p>\n\n","protected":false},"excerpt":{"rendered":"<p>A Localiza Rent a Car (RENT3) anunciou ao mercado e aos seus acionistas que a Localiza e sua controlada, Car Rental Systems S.A., assinaram, na \u00faltima quarta-feira (19), com The Hertz Corporation e Hertz Systems, Inc., o instrumento de rescis\u00e3o dos contratos de coopera\u00e7\u00e3o de marcas (Brand Cooperation Agreement) e de encaminhamento de clientes (Referral [&hellip;]<\/p>\n","protected":false},"author":19,"featured_media":45232,"comment_status":"closed","ping_status":"closed","sticky":false,"template":"","format":"standard","meta":[],"categories":[64],"tags":[],"suno_strategy":[],"class_list":["post-79488","post","type-post","status-publish","format-standard","has-post-thumbnail","hentry","category-negocios"],"yoast_head":"<!-- This site is optimized with the Yoast SEO plugin v24.4 - https:\/\/yoast.com\/wordpress\/plugins\/seo\/ -->\n<title>Localiza (RENT3) anuncia rescis\u00e3o com a marca Hertz<\/title>\n<meta name=\"description\" content=\"A Localiza Rent a Car (RENT3) anunciou que assinou com a Hertz o instrumento de rescis\u00e3o dos contratos de coopera\u00e7\u00e3o de marcas.\" \/>\n<meta name=\"robots\" content=\"index, follow, max-snippet:-1, max-image-preview:large, max-video-preview:-1\" \/>\n<link rel=\"canonical\" href=\"https:\/\/www.suno.com.br\/noticias\/localiza-rent3-recisao-marca-hertz\/\" \/>\n<meta property=\"og:locale\" content=\"pt_BR\" \/>\n<meta property=\"og:type\" content=\"article\" \/>\n<meta property=\"og:title\" content=\"Localiza (RENT3) anuncia rescis\u00e3o com a marca Hertz\" \/>\n<meta property=\"og:description\" content=\"A Localiza Rent a Car (RENT3) anunciou que assinou com a Hertz o instrumento de rescis\u00e3o dos contratos de coopera\u00e7\u00e3o de marcas.\" \/>\n<meta property=\"og:url\" content=\"https:\/\/www.suno.com.br\/noticias\/localiza-rent3-recisao-marca-hertz\/\" \/>\n<meta property=\"og:site_name\" content=\"Suno Not\u00edcias\" \/>\n<meta property=\"article:publisher\" content=\"https:\/\/facebook.com\/sunoresearch\" \/>\n<meta property=\"og:image\" content=\"https:\/\/files.sunoresearch.com.br\/n\/uploads\/2019\/11\/bb48a580-localiza.png\" \/>\n\t<meta property=\"og:image:width\" content=\"1020\" \/>\n\t<meta property=\"og:image:height\" content=\"681\" \/>\n\t<meta property=\"og:image:type\" content=\"image\/png\" \/>\n<meta name=\"author\" content=\"Juliano Passaro\" \/>\n<meta name=\"twitter:card\" content=\"summary_large_image\" \/>\n<meta name=\"twitter:creator\" content=\"@sunoresearch\" \/>\n<meta name=\"twitter:site\" content=\"@sunoresearch\" \/>\n<meta name=\"twitter:label1\" content=\"Escrito por\" \/>\n\t<meta name=\"twitter:data1\" content=\"Juliano Passaro\" \/>\n\t<meta name=\"twitter:label2\" content=\"Est. tempo de leitura\" \/>\n\t<meta name=\"twitter:data2\" content=\"2 minutos\" \/>\n<script type=\"application\/ld+json\" class=\"yoast-schema-graph\">{\"@context\":\"https:\/\/schema.org\",\"@graph\":[{\"@type\":\"NewsArticle\",\"@id\":\"https:\/\/www.suno.com.br\/noticias\/localiza-rent3-recisao-marca-hertz\/#article\",\"isPartOf\":{\"@id\":\"https:\/\/www.suno.com.br\/noticias\/localiza-rent3-recisao-marca-hertz\/\"},\"author\":{\"name\":\"Juliano Passaro\",\"@id\":\"https:\/\/www.suno.com.br\/noticias\/#\/schema\/person\/1db762f78ffd8919a648a63e425953e3\"},\"headline\":\"Localiza (RENT3) anuncia rescis\u00e3o com a marca Hertz\",\"datePublished\":\"2020-08-20T10:42:43+00:00\",\"dateModified\":\"2020-08-20T23:47:26+00:00\",\"mainEntityOfPage\":{\"@id\":\"https:\/\/www.suno.com.br\/noticias\/localiza-rent3-recisao-marca-hertz\/\"},\"wordCount\":369,\"publisher\":{\"@id\":\"https:\/\/www.suno.com.br\/noticias\/#organization\"},\"image\":{\"@id\":\"https:\/\/www.suno.com.br\/noticias\/localiza-rent3-recisao-marca-hertz\/#primaryimage\"},\"thumbnailUrl\":\"https:\/\/files.sunoresearch.com.br\/n\/uploads\/2019\/11\/bb48a580-localiza-png.webp\",\"articleSection\":[\"Neg\u00f3cios\"],\"inLanguage\":\"pt-BR\"},{\"@type\":\"WebPage\",\"@id\":\"https:\/\/www.suno.com.br\/noticias\/localiza-rent3-recisao-marca-hertz\/\",\"url\":\"https:\/\/www.suno.com.br\/noticias\/localiza-rent3-recisao-marca-hertz\/\",\"name\":\"Localiza (RENT3) anuncia rescis\u00e3o com a marca Hertz\",\"isPartOf\":{\"@id\":\"https:\/\/www.suno.com.br\/noticias\/#website\"},\"primaryImageOfPage\":{\"@id\":\"https:\/\/www.suno.com.br\/noticias\/localiza-rent3-recisao-marca-hertz\/#primaryimage\"},\"image\":{\"@id\":\"https:\/\/www.suno.com.br\/noticias\/localiza-rent3-recisao-marca-hertz\/#primaryimage\"},\"thumbnailUrl\":\"https:\/\/files.sunoresearch.com.br\/n\/uploads\/2019\/11\/bb48a580-localiza-png.webp\",\"datePublished\":\"2020-08-20T10:42:43+00:00\",\"dateModified\":\"2020-08-20T23:47:26+00:00\",\"description\":\"A Localiza Rent a Car (RENT3) anunciou que assinou com a Hertz o instrumento de rescis\u00e3o dos contratos de coopera\u00e7\u00e3o de marcas.\",\"breadcrumb\":{\"@id\":\"https:\/\/www.suno.com.br\/noticias\/localiza-rent3-recisao-marca-hertz\/#breadcrumb\"},\"inLanguage\":\"pt-BR\",\"potentialAction\":[{\"@type\":\"ReadAction\",\"target\":[\"https:\/\/www.suno.com.br\/noticias\/localiza-rent3-recisao-marca-hertz\/\"]}]},{\"@type\":\"ImageObject\",\"inLanguage\":\"pt-BR\",\"@id\":\"https:\/\/www.suno.com.br\/noticias\/localiza-rent3-recisao-marca-hertz\/#primaryimage\",\"url\":\"https:\/\/files.sunoresearch.com.br\/n\/uploads\/2019\/11\/bb48a580-localiza-png.webp\",\"contentUrl\":\"https:\/\/files.sunoresearch.com.br\/n\/uploads\/2019\/11\/bb48a580-localiza-png.webp\",\"width\":1020,\"height\":681,\"caption\":\"Localiza (foto: divulga\u00e7\u00e3o)\"},{\"@type\":\"BreadcrumbList\",\"@id\":\"https:\/\/www.suno.com.br\/noticias\/localiza-rent3-recisao-marca-hertz\/#breadcrumb\",\"itemListElement\":[{\"@type\":\"ListItem\",\"position\":1,\"name\":\"Not\u00edcias\",\"item\":\"https:\/\/www.suno.com.br\/noticias\/\"},{\"@type\":\"ListItem\",\"position\":2,\"name\":\"Neg\u00f3cios\",\"item\":\"https:\/\/www.suno.com.br\/noticias\/negocios\/\"},{\"@type\":\"ListItem\",\"position\":3,\"name\":\"Localiza (RENT3) anuncia rescis\u00e3o com a marca Hertz\"}]},{\"@type\":\"WebSite\",\"@id\":\"https:\/\/www.suno.com.br\/noticias\/#website\",\"url\":\"https:\/\/www.suno.com.br\/noticias\/\",\"name\":\"Suno Not\u00edcias\",\"description\":\"Seu portal de informa\u00e7\u00e3o sobre o mundo dos investimentos\",\"publisher\":{\"@id\":\"https:\/\/www.suno.com.br\/noticias\/#organization\"},\"potentialAction\":[{\"@type\":\"SearchAction\",\"target\":{\"@type\":\"EntryPoint\",\"urlTemplate\":\"https:\/\/www.suno.com.br\/noticias\/?s={search_term_string}\"},\"query-input\":{\"@type\":\"PropertyValueSpecification\",\"valueRequired\":true,\"valueName\":\"search_term_string\"}}],\"inLanguage\":\"pt-BR\"},{\"@type\":\"Organization\",\"@id\":\"https:\/\/www.suno.com.br\/noticias\/#organization\",\"name\":\"Suno Not\u00edcias\",\"url\":\"https:\/\/www.suno.com.br\/noticias\/\",\"logo\":{\"@type\":\"ImageObject\",\"inLanguage\":\"pt-BR\",\"@id\":\"https:\/\/www.suno.com.br\/noticias\/#\/schema\/logo\/image\/\",\"url\":\"https:\/\/files.sunoresearch.com.br\/n\/uploads\/2021\/09\/suno-logo.png\",\"contentUrl\":\"https:\/\/files.sunoresearch.com.br\/n\/uploads\/2021\/09\/suno-logo.png\",\"width\":180,\"height\":180,\"caption\":\"Suno Not\u00edcias\"},\"image\":{\"@id\":\"https:\/\/www.suno.com.br\/noticias\/#\/schema\/logo\/image\/\"},\"sameAs\":[\"https:\/\/facebook.com\/sunoresearch\",\"https:\/\/x.com\/sunoresearch\",\"https:\/\/www.instagram.com\/suno\",\"https:\/\/www.linkedin.com\/company\/suno-research\/\",\"https:\/\/www.youtube.com\/c\/sunoresearch\"]},{\"@type\":\"Person\",\"@id\":\"https:\/\/www.suno.com.br\/noticias\/#\/schema\/person\/1db762f78ffd8919a648a63e425953e3\",\"name\":\"Juliano Passaro\",\"image\":{\"@type\":\"ImageObject\",\"inLanguage\":\"pt-BR\",\"@id\":\"https:\/\/www.suno.com.br\/noticias\/#\/schema\/person\/image\/\",\"url\":\"https:\/\/secure.gravatar.com\/avatar\/743d4df28eebf6dcc46b4ad03c319e92?s=96&r=g\",\"contentUrl\":\"https:\/\/secure.gravatar.com\/avatar\/743d4df28eebf6dcc46b4ad03c319e92?s=96&r=g\",\"caption\":\"Juliano Passaro\"},\"description\":\"Juliano Passaro escreve sobre pol\u00edtica, economia e neg\u00f3cios para o portal da Suno Research. Antes da Suno, trabalhou no Portal da Band. \u00c9 formado em jornalismo pela Universidade Presbiteriana Mackenzie.\",\"url\":\"https:\/\/www.suno.com.br\/noticias\/author\/juliano\/\"}]}<\/script>\n<!-- \/ Yoast SEO plugin. -->","yoast_head_json":{"title":"Localiza (RENT3) anuncia rescis\u00e3o com a marca Hertz","description":"A Localiza Rent a Car (RENT3) anunciou que assinou com a Hertz o instrumento de rescis\u00e3o dos contratos de coopera\u00e7\u00e3o de marcas.","robots":{"index":"index","follow":"follow","max-snippet":"max-snippet:-1","max-image-preview":"max-image-preview:large","max-video-preview":"max-video-preview:-1"},"canonical":"https:\/\/www.suno.com.br\/noticias\/localiza-rent3-recisao-marca-hertz\/","og_locale":"pt_BR","og_type":"article","og_title":"Localiza (RENT3) anuncia rescis\u00e3o com a marca Hertz","og_description":"A Localiza Rent a Car (RENT3) anunciou que assinou com a Hertz o instrumento de rescis\u00e3o dos contratos de coopera\u00e7\u00e3o de marcas.","og_url":"https:\/\/www.suno.com.br\/noticias\/localiza-rent3-recisao-marca-hertz\/","og_site_name":"Suno Not\u00edcias","article_publisher":"https:\/\/facebook.com\/sunoresearch","og_image":[{"width":1020,"height":681,"url":"https:\/\/files.sunoresearch.com.br\/n\/uploads\/2019\/11\/bb48a580-localiza.png","type":"image\/png"}],"author":"Juliano Passaro","twitter_card":"summary_large_image","twitter_creator":"@sunoresearch","twitter_site":"@sunoresearch","twitter_misc":{"Escrito por":"Juliano Passaro","Est. tempo de leitura":"2 minutos"},"schema":{"@context":"https:\/\/schema.org","@graph":[{"@type":"NewsArticle","@id":"https:\/\/www.suno.com.br\/noticias\/localiza-rent3-recisao-marca-hertz\/#article","isPartOf":{"@id":"https:\/\/www.suno.com.br\/noticias\/localiza-rent3-recisao-marca-hertz\/"},"author":{"name":"Juliano Passaro","@id":"https:\/\/www.suno.com.br\/noticias\/#\/schema\/person\/1db762f78ffd8919a648a63e425953e3"},"headline":"Localiza (RENT3) anuncia rescis\u00e3o com a marca Hertz","datePublished":"2020-08-20T10:42:43+00:00","dateModified":"2020-08-20T23:47:26+00:00","mainEntityOfPage":{"@id":"https:\/\/www.suno.com.br\/noticias\/localiza-rent3-recisao-marca-hertz\/"},"wordCount":369,"publisher":{"@id":"https:\/\/www.suno.com.br\/noticias\/#organization"},"image":{"@id":"https:\/\/www.suno.com.br\/noticias\/localiza-rent3-recisao-marca-hertz\/#primaryimage"},"thumbnailUrl":"https:\/\/files.sunoresearch.com.br\/n\/uploads\/2019\/11\/bb48a580-localiza-png.webp","articleSection":["Neg\u00f3cios"],"inLanguage":"pt-BR"},{"@type":"WebPage","@id":"https:\/\/www.suno.com.br\/noticias\/localiza-rent3-recisao-marca-hertz\/","url":"https:\/\/www.suno.com.br\/noticias\/localiza-rent3-recisao-marca-hertz\/","name":"Localiza (RENT3) anuncia rescis\u00e3o com a marca Hertz","isPartOf":{"@id":"https:\/\/www.suno.com.br\/noticias\/#website"},"primaryImageOfPage":{"@id":"https:\/\/www.suno.com.br\/noticias\/localiza-rent3-recisao-marca-hertz\/#primaryimage"},"image":{"@id":"https:\/\/www.suno.com.br\/noticias\/localiza-rent3-recisao-marca-hertz\/#primaryimage"},"thumbnailUrl":"https:\/\/files.sunoresearch.com.br\/n\/uploads\/2019\/11\/bb48a580-localiza-png.webp","datePublished":"2020-08-20T10:42:43+00:00","dateModified":"2020-08-20T23:47:26+00:00","description":"A Localiza Rent a Car (RENT3) anunciou que assinou com a Hertz o instrumento de rescis\u00e3o dos contratos de coopera\u00e7\u00e3o de marcas.","breadcrumb":{"@id":"https:\/\/www.suno.com.br\/noticias\/localiza-rent3-recisao-marca-hertz\/#breadcrumb"},"inLanguage":"pt-BR","potentialAction":[{"@type":"ReadAction","target":["https:\/\/www.suno.com.br\/noticias\/localiza-rent3-recisao-marca-hertz\/"]}]},{"@type":"ImageObject","inLanguage":"pt-BR","@id":"https:\/\/www.suno.com.br\/noticias\/localiza-rent3-recisao-marca-hertz\/#primaryimage","url":"https:\/\/files.sunoresearch.com.br\/n\/uploads\/2019\/11\/bb48a580-localiza-png.webp","contentUrl":"https:\/\/files.sunoresearch.com.br\/n\/uploads\/2019\/11\/bb48a580-localiza-png.webp","width":1020,"height":681,"caption":"Localiza (foto: divulga\u00e7\u00e3o)"},{"@type":"BreadcrumbList","@id":"https:\/\/www.suno.com.br\/noticias\/localiza-rent3-recisao-marca-hertz\/#breadcrumb","itemListElement":[{"@type":"ListItem","position":1,"name":"Not\u00edcias","item":"https:\/\/www.suno.com.br\/noticias\/"},{"@type":"ListItem","position":2,"name":"Neg\u00f3cios","item":"https:\/\/www.suno.com.br\/noticias\/negocios\/"},{"@type":"ListItem","position":3,"name":"Localiza (RENT3) anuncia rescis\u00e3o com a marca Hertz"}]},{"@type":"WebSite","@id":"https:\/\/www.suno.com.br\/noticias\/#website","url":"https:\/\/www.suno.com.br\/noticias\/","name":"Suno Not\u00edcias","description":"Seu portal de informa\u00e7\u00e3o sobre o mundo dos investimentos","publisher":{"@id":"https:\/\/www.suno.com.br\/noticias\/#organization"},"potentialAction":[{"@type":"SearchAction","target":{"@type":"EntryPoint","urlTemplate":"https:\/\/www.suno.com.br\/noticias\/?s={search_term_string}"},"query-input":{"@type":"PropertyValueSpecification","valueRequired":true,"valueName":"search_term_string"}}],"inLanguage":"pt-BR"},{"@type":"Organization","@id":"https:\/\/www.suno.com.br\/noticias\/#organization","name":"Suno Not\u00edcias","url":"https:\/\/www.suno.com.br\/noticias\/","logo":{"@type":"ImageObject","inLanguage":"pt-BR","@id":"https:\/\/www.suno.com.br\/noticias\/#\/schema\/logo\/image\/","url":"https:\/\/files.sunoresearch.com.br\/n\/uploads\/2021\/09\/suno-logo.png","contentUrl":"https:\/\/files.sunoresearch.com.br\/n\/uploads\/2021\/09\/suno-logo.png","width":180,"height":180,"caption":"Suno Not\u00edcias"},"image":{"@id":"https:\/\/www.suno.com.br\/noticias\/#\/schema\/logo\/image\/"},"sameAs":["https:\/\/facebook.com\/sunoresearch","https:\/\/x.com\/sunoresearch","https:\/\/www.instagram.com\/suno","https:\/\/www.linkedin.com\/company\/suno-research\/","https:\/\/www.youtube.com\/c\/sunoresearch"]},{"@type":"Person","@id":"https:\/\/www.suno.com.br\/noticias\/#\/schema\/person\/1db762f78ffd8919a648a63e425953e3","name":"Juliano Passaro","image":{"@type":"ImageObject","inLanguage":"pt-BR","@id":"https:\/\/www.suno.com.br\/noticias\/#\/schema\/person\/image\/","url":"https:\/\/secure.gravatar.com\/avatar\/743d4df28eebf6dcc46b4ad03c319e92?s=96&r=g","contentUrl":"https:\/\/secure.gravatar.com\/avatar\/743d4df28eebf6dcc46b4ad03c319e92?s=96&r=g","caption":"Juliano Passaro"},"description":"Juliano Passaro escreve sobre pol\u00edtica, economia e neg\u00f3cios para o portal da Suno Research. Antes da Suno, trabalhou no Portal da Band. \u00c9 formado em jornalismo pela Universidade Presbiteriana Mackenzie.","url":"https:\/\/www.suno.com.br\/noticias\/author\/juliano\/"}]}},"default_loop_html":"<div class=\"cardsPage__listCard__boxs\"><div class=\"cardsPage__listCard__boxs__img\"><a href=\"https:\/\/www.suno.com.br\/noticias\/localiza-rent3-recisao-marca-hertz\/\"><img class=\"mask\" src=\"https:\/\/www.suno.com.br\/noticias\/wp-content\/themes\/suno\/resources\/images\/spotlight\/spotlight1img\/bg-mask.png\" alt=\"Image Mask\"\/><img src=\"https:\/\/files.sunoresearch.com.br\/n\/uploads\/2019\/11\/bb48a580-localiza-400x200.webp\" alt=\"Localiza (RENT3) anuncia rescis\u00e3o com a marca Hertz\"\/><\/a><span class=\"spotlightCategory\"><a href=\"https:\/\/www.suno.com.br\/noticias\/negocios\/\">Neg\u00f3cios<\/a><\/span><\/div><div class=\"cardsPage__listCard__boxs__content\"><a href=\"https:\/\/www.suno.com.br\/noticias\/localiza-rent3-recisao-marca-hertz\/\"><h2 class=\"content__title\">Localiza (RENT3) anuncia rescis\u00e3o com a marca Hertz<\/h2><\/a><div class=\"newsContent__article__meta\"><div class=\"newsContent__article__meta__authorBox\"><a href=\"https:\/\/www.suno.com.br\/noticias\/author\/juliano\/\" class=\"authorBox__avatar noMobi\"><img src=\"https:\/\/files.sunoresearch.com.br\/n\/uploads\/2019\/06\/7cc3efea-whatsapp-image-2019-07-18-at-21.59.33-e1563499821209-150x150.webp\" alt=\"Juliano Passaro\"><\/a><div class=\"authorBox__name\"><span>por\n\t\t\t<a href=\"https:\/\/www.suno.com.br\/noticias\/author\/juliano\/\"><span itemprop=\"author\">Juliano Passaro<\/span><\/a><\/span><time datetime=\"2020-08-20T07:42:43-03:00\" itemprop=\"datePublished\">20\/08\/2020 07:42<\/time><\/div><\/div><\/div><\/div><\/div>","single_layout":"posts","amp_enabled":true,"_links":{"self":[{"href":"https:\/\/www.suno.com.br\/noticias\/wp-json\/wp\/v2\/posts\/79488"}],"collection":[{"href":"https:\/\/www.suno.com.br\/noticias\/wp-json\/wp\/v2\/posts"}],"about":[{"href":"https:\/\/www.suno.com.br\/noticias\/wp-json\/wp\/v2\/types\/post"}],"author":[{"embeddable":true,"href":"https:\/\/www.suno.com.br\/noticias\/wp-json\/wp\/v2\/users\/19"}],"replies":[{"embeddable":true,"href":"https:\/\/www.suno.com.br\/noticias\/wp-json\/wp\/v2\/comments?post=79488"}],"version-history":[{"count":0,"href":"https:\/\/www.suno.com.br\/noticias\/wp-json\/wp\/v2\/posts\/79488\/revisions"}],"wp:featuredmedia":[{"embeddable":true,"href":"https:\/\/www.suno.com.br\/noticias\/wp-json\/wp\/v2\/media\/45232"}],"wp:attachment":[{"href":"https:\/\/www.suno.com.br\/noticias\/wp-json\/wp\/v2\/media?parent=79488"}],"wp:term":[{"taxonomy":"category","embeddable":true,"href":"https:\/\/www.suno.com.br\/noticias\/wp-json\/wp\/v2\/categories?post=79488"},{"taxonomy":"post_tag","embeddable":true,"href":"https:\/\/www.suno.com.br\/noticias\/wp-json\/wp\/v2\/tags?post=79488"},{"taxonomy":"suno_strategy","embeddable":true,"href":"https:\/\/www.suno.com.br\/noticias\/wp-json\/wp\/v2\/suno_strategy?post=79488"}],"curies":[{"name":"wp","href":"https:\/\/api.w.org\/{rel}","templated":true}]}}